{"id":4076,"date":"2021-09-11T16:10:05","date_gmt":"2021-09-11T14:10:05","guid":{"rendered":"https:\/\/regions-snetap-fsu.fr\/pdl\/?p=4076"},"modified":"2021-09-11T16:10:56","modified_gmt":"2021-09-11T14:10:56","slug":"lintersyndicale-snetap-cgt-sud-rencontre-le-draaf-des-pays-de-la-loire","status":"publish","type":"post","link":"https:\/\/regions-snetap-fsu.fr\/pdl\/2021\/09\/11\/lintersyndicale-snetap-cgt-sud-rencontre-le-draaf-des-pays-de-la-loire\/","title":{"rendered":"L&rsquo;Intersyndicale SNETAP-CGT-SUD rencontre le DRAAF des Pays de la Loire"},"content":{"rendered":"<p style=\"text-align: justify;\"><span style=\"font-family: arial, helvetica, sans-serif;\">A l&rsquo;occasion de la venue de C.MORANCAIS au lyc\u00e9e agricole du Fresne pour distribuer les premiers ordinateurs aux \u00e9l\u00e8ves de 2nd GT, 2nd PRO et CAPA1, une d\u00e9l\u00e9gation de l&rsquo;intersyndicale de l&rsquo;enseignement agricole public des Pays de la Loire a rencontr\u00e9 M.SANSEAU (DRAAF), M.JACQUEMIN (DRAAF adjoint) et M.NENON (chef du SRFD). La d\u00e9l\u00e9gation de l&rsquo;Intersyndicale \u00e9tait compos\u00e9e de S.MONCELET (Section SNETAP du Fresne), D.BLIVET (SUD RURAL), E.LORY et Y.VIGNER (bureau r\u00e9gional du SNETAP).<\/span><\/p>\n<p style=\"text-align: justify;\"><span style=\"font-family: arial, helvetica, sans-serif;\">Si nous avons pu aborder quelques sujets locaux (direction du CFPPA au Fresne et moyens de d\u00e9doublement en 1\u00e8re STAV), l&rsquo;\u00e9change a surtout port\u00e9 sur les conditions de la rentr\u00e9e&#8230;.et la notion de m\u00e9pris. Nous avons donc interpell\u00e9 l&rsquo;autorit\u00e9 acad\u00e9mique sur le manque de moyens \u00e0 cette rentr\u00e9e et sur les r\u00e9formes qui s&rsquo;enchainent. Il s&rsquo;\u00e9tait engag\u00e9 \u00e0 mettre en valeur la fili\u00e8re g\u00e9n\u00e9rale et technologique \u00e0 la rentr\u00e9e, il le fera \u00e0 l&rsquo;occasion de la venue du camion l&rsquo;Aventure du Vivant en d\u00e9cembre&#8230;<\/span><\/p>\n<p style=\"text-align: justify;\"><span style=\"font-size: large; font-family: arial, helvetica, sans-serif;\"><b>Enseignement agricole public des Pays de la Loire\u00a0: une fois encore, une rentr\u00e9e qui se fait sous le signe du m\u00e9pris<\/b><\/span><\/p>\n<p style=\"text-align: justify;\" align=\"justify\"><span style=\"font-size: 12pt; font-family: arial, helvetica, sans-serif;\">Cette ann\u00e9e encore, les personnels, les \u00e9l\u00e8ves-apprentis et \u00e9tudiants des \u00e9tablissements agricoles lig\u00e9riens connaissent une rentr\u00e9e sous le signe du m\u00e9pris. Ce ne sont pas que des mots mais malheureusement bien des faits, des faits r\u00e9p\u00e9t\u00e9s qui chaque ann\u00e9e se cumulent.\u00a0<\/span><span style=\"font-size: 12pt; font-family: arial, helvetica, sans-serif;\">Un m\u00e9pris des \u00e9quipes p\u00e9dagogiques et des \u00e9l\u00e8ves quant, 2 jours avant la rent\u00e9e, le Minist\u00e8re de l\u2019agriculture d\u00e9cide de modifier les modalit\u00e9s d\u2019\u00e9valuation du bac technologique STAV ! M\u00e9pris de ces m\u00eames \u00e9quipes quant il d\u00e9cide, \u00e0 marche forc\u00e9e, de r\u00e9\u00e9crire le programme du BAC PRO.\u00a0<\/span><span style=\"font-size: 12pt; font-family: arial, helvetica, sans-serif;\">Un m\u00e9pris aussi quant il laisse, une fois encore, les \u00e9tablissements se d\u00e9brouiller avec un protocole sanitaire impr\u00e9cis, incomplet et qui peut aboutir \u00e0 discriminer pour certaines activit\u00e9s p\u00e9dagogiques des jeunes non vaccin\u00e9s.\u00a0<\/span><span style=\"font-size: 12pt; font-family: arial, helvetica, sans-serif;\">Un m\u00e9pris pour l\u2019enseignement agricole public des Pays de la Loire quant pour la 3<sup>e<\/sup> ann\u00e9e cons\u00e9cutive, le Minist\u00e8re d\u00e9cide d\u2019ouvrir 6 nouvelles classes dans l\u2019enseignement agricole priv\u00e9e (et pour certaines directement concurrentes avec des formations dispens\u00e9es dans le Public!) sans en ouvrir aucune dans le PUBLIC !\u00a0<\/span><span style=\"font-size: 12pt; font-family: arial, helvetica, sans-serif;\">Un m\u00e9pris pour les \u00e9tablissements publics lig\u00e9riens qui ne re\u00e7oivent m\u00eame pas les moyens minimums pour fonctionner p\u00e9dagogiquement (tant du point de vue de la dotation globale horaire que du financement des options facultatives).<\/span><\/p>\n<p style=\"text-align: justify;\" align=\"justify\"><span style=\"color: #000000; font-size: 12pt; font-family: arial, helvetica, sans-serif;\"><b>TANT DE MEPRIS \u00e7a suffit ! L&rsquo;Intersyndicale appelle les personnels des lyc\u00e9es agricoles publics lig\u00e9riens \u00e0 se mobiliser le 23 septembre prochain pour un plan d\u2019urgence dans l\u2019\u00e9ducation, pour les postes, les salaires, l\u2019am\u00e9lioration des conditions de travail<\/b><\/span><\/p>\n<p align=\"right\">\n","protected":false},"excerpt":{"rendered":"<p>A l&rsquo;occasion de la venue de C.MORANCAIS au lyc\u00e9e agricole du Fresne pour distribuer les premiers ordinateurs aux \u00e9l\u00e8ves de 2nd GT, 2nd PRO et CAPA1, une d\u00e9l\u00e9gation de l&rsquo;intersyndicale de l&rsquo;enseignement agricole public des Pays de la Loire a rencontr\u00e9 M.SANSEAU (DRAAF), M.JACQUEMIN (DRAAF adjoint) et M.NENON (chef du SRFD). La d\u00e9l\u00e9gation de l&rsquo;Intersyndicale [&hellip;]<\/p>\n","protected":false},"author":2,"featured_media":4077,"comment_status":"closed","ping_status":"closed","sticky":false,"template":"","format":"standard","meta":{"ocean_post_layout":"","ocean_both_sidebars_style":"","ocean_both_sidebars_content_width":0,"ocean_both_sidebars_sidebars_width":0,"ocean_sidebar":"0","ocean_second_sidebar":"0","ocean_disable_margins":"enable","ocean_add_body_class":"","ocean_shortcode_before_top_bar":"","ocean_shortcode_after_top_bar":"","ocean_shortcode_before_header":"","ocean_shortcode_after_header":"","ocean_has_shortcode":"","ocean_shortcode_after_title":"","ocean_shortcode_before_footer_widgets":"","ocean_shortcode_after_footer_widgets":"","ocean_shortcode_before_footer_bottom":"","ocean_shortcode_after_footer_bottom":"","ocean_display_top_bar":"default","ocean_display_header":"default","ocean_header_style":"","ocean_center_header_left_menu":"0","ocean_custom_header_template":"0","ocean_custom_logo":0,"ocean_custom_retina_logo":0,"ocean_custom_logo_max_width":0,"ocean_custom_logo_tablet_max_width":0,"ocean_custom_logo_mobile_max_width":0,"ocean_custom_logo_max_height":0,"ocean_custom_logo_tablet_max_height":0,"ocean_custom_logo_mobile_max_height":0,"ocean_header_custom_menu":"0","ocean_menu_typo_font_family":"0","ocean_menu_typo_font_subset":"","ocean_menu_typo_font_size":0,"ocean_menu_typo_font_size_tablet":0,"ocean_menu_typo_font_size_mobile":0,"ocean_menu_typo_font_size_unit":"px","ocean_menu_typo_font_weight":"","ocean_menu_typo_font_weight_tablet":"","ocean_menu_typo_font_weight_mobile":"","ocean_menu_typo_transform":"","ocean_menu_typo_transform_tablet":"","ocean_menu_typo_transform_mobile":"","ocean_menu_typo_line_height":0,"ocean_menu_typo_line_height_tablet":0,"ocean_menu_typo_line_height_mobile":0,"ocean_menu_typo_line_height_unit":"","ocean_menu_typo_spacing":0,"ocean_menu_typo_spacing_tablet":0,"ocean_menu_typo_spacing_mobile":0,"ocean_menu_typo_spacing_unit":"","ocean_menu_link_color":"","ocean_menu_link_color_hover":"","ocean_menu_link_color_active":"","ocean_menu_link_background":"","ocean_menu_link_hover_background":"","ocean_menu_link_active_background":"","ocean_menu_social_links_bg":"","ocean_menu_social_hover_links_bg":"","ocean_menu_social_links_color":"","ocean_menu_social_hover_links_color":"","ocean_disable_title":"default","ocean_disable_heading":"default","ocean_post_title":"","ocean_post_subheading":"","ocean_post_title_style":"","ocean_post_title_background_color":"","ocean_post_title_background":0,"ocean_post_title_bg_image_position":"","ocean_post_title_bg_image_attachment":"","ocean_post_title_bg_image_repeat":"","ocean_post_title_bg_image_size":"","ocean_post_title_height":0,"ocean_post_title_bg_overlay":0.5,"ocean_post_title_bg_overlay_color":"","ocean_disable_breadcrumbs":"default","ocean_breadcrumbs_color":"","ocean_breadcrumbs_separator_color":"","ocean_breadcrumbs_links_color":"","ocean_breadcrumbs_links_hover_color":"","ocean_display_footer_widgets":"default","ocean_display_footer_bottom":"default","ocean_custom_footer_template":"0","ocean_post_oembed":"","ocean_post_self_hosted_media":"","ocean_post_video_embed":"","ocean_link_format":"","ocean_link_format_target":"self","ocean_quote_format":"","ocean_quote_format_link":"post","ocean_gallery_link_images":"off","ocean_gallery_id":[],"footnotes":""},"categories":[28,21,9],"tags":[],"post_folder":[],"class_list":["post-4076","post","type-post","status-publish","format-standard","has-post-thumbnail","hentry","category-actions-regionales","category-angers","category-actions-et-communiques","entry","has-media"],"yoast_head":"<!-- This site is optimized with the Yoast SEO plugin v27.4 - https:\/\/yoast.com\/product\/yoast-seo-wordpress\/ -->\n<title>L&#039;Intersyndicale SNETAP-CGT-SUD rencontre le DRAAF des Pays de la Loire - PAYS DE LA LOIRE<\/title>\n<meta name=\"robots\" content=\"index, follow, max-snippet:-1, max-image-preview:large, max-video-preview:-1\" \/>\n<link rel=\"canonical\" href=\"https:\/\/regions-snetap-fsu.fr\/pdl\/2021\/09\/11\/lintersyndicale-snetap-cgt-sud-rencontre-le-draaf-des-pays-de-la-loire\/\" \/>\n<meta property=\"og:locale\" content=\"fr_FR\" \/>\n<meta property=\"og:type\" content=\"article\" \/>\n<meta property=\"og:title\" content=\"L&#039;Intersyndicale SNETAP-CGT-SUD rencontre le DRAAF des Pays de la Loire - PAYS DE LA LOIRE\" \/>\n<meta property=\"og:description\" content=\"A l&rsquo;occasion de la venue de C.MORANCAIS au lyc\u00e9e agricole du Fresne pour distribuer les premiers ordinateurs aux \u00e9l\u00e8ves de 2nd GT, 2nd PRO et CAPA1, une d\u00e9l\u00e9gation de l&rsquo;intersyndicale de l&rsquo;enseignement agricole public des Pays de la Loire a rencontr\u00e9 M.SANSEAU (DRAAF), M.JACQUEMIN (DRAAF adjoint) et M.NENON (chef du SRFD). La d\u00e9l\u00e9gation de l&rsquo;Intersyndicale [&hellip;]\" \/>\n<meta property=\"og:url\" content=\"https:\/\/regions-snetap-fsu.fr\/pdl\/2021\/09\/11\/lintersyndicale-snetap-cgt-sud-rencontre-le-draaf-des-pays-de-la-loire\/\" \/>\n<meta property=\"og:site_name\" content=\"PAYS DE LA LOIRE\" \/>\n<meta property=\"article:published_time\" content=\"2021-09-11T14:10:05+00:00\" \/>\n<meta property=\"article:modified_time\" content=\"2021-09-11T14:10:56+00:00\" \/>\n<meta property=\"og:image\" content=\"https:\/\/regions-snetap-fsu.fr\/pdl\/wp-content\/uploads\/sites\/4\/2021\/09\/20210909_113247-1-scaled.jpg\" \/>\n\t<meta property=\"og:image:width\" content=\"2560\" \/>\n\t<meta property=\"og:image:height\" content=\"1211\" \/>\n\t<meta property=\"og:image:type\" content=\"image\/jpeg\" \/>\n<meta name=\"author\" content=\"yvigner\" \/>\n<meta name=\"twitter:card\" content=\"summary_large_image\" \/>\n<meta name=\"twitter:label1\" content=\"\u00c9crit par\" \/>\n\t<meta name=\"twitter:data1\" content=\"yvigner\" \/>\n\t<meta name=\"twitter:label2\" content=\"Dur\u00e9e de lecture estim\u00e9e\" \/>\n\t<meta name=\"twitter:data2\" content=\"2 minutes\" \/>\n<script type=\"application\/ld+json\" class=\"yoast-schema-graph\">{\"@context\":\"https:\\\/\\\/schema.org\",\"@graph\":[{\"@type\":\"Article\",\"@id\":\"https:\\\/\\\/regions-snetap-fsu.fr\\\/pdl\\\/2021\\\/09\\\/11\\\/lintersyndicale-snetap-cgt-sud-rencontre-le-draaf-des-pays-de-la-loire\\\/#article\",\"isPartOf\":{\"@id\":\"https:\\\/\\\/regions-snetap-fsu.fr\\\/pdl\\\/2021\\\/09\\\/11\\\/lintersyndicale-snetap-cgt-sud-rencontre-le-draaf-des-pays-de-la-loire\\\/\"},\"author\":{\"name\":\"yvigner\",\"@id\":\"https:\\\/\\\/regions-snetap-fsu.fr\\\/pdl\\\/#\\\/schema\\\/person\\\/d4530af043f9e8d27bdd71c468ec93b1\"},\"headline\":\"L&rsquo;Intersyndicale SNETAP-CGT-SUD rencontre le DRAAF des Pays de la Loire\",\"datePublished\":\"2021-09-11T14:10:05+00:00\",\"dateModified\":\"2021-09-11T14:10:56+00:00\",\"mainEntityOfPage\":{\"@id\":\"https:\\\/\\\/regions-snetap-fsu.fr\\\/pdl\\\/2021\\\/09\\\/11\\\/lintersyndicale-snetap-cgt-sud-rencontre-le-draaf-des-pays-de-la-loire\\\/\"},\"wordCount\":508,\"publisher\":{\"@id\":\"https:\\\/\\\/regions-snetap-fsu.fr\\\/pdl\\\/#organization\"},\"image\":{\"@id\":\"https:\\\/\\\/regions-snetap-fsu.fr\\\/pdl\\\/2021\\\/09\\\/11\\\/lintersyndicale-snetap-cgt-sud-rencontre-le-draaf-des-pays-de-la-loire\\\/#primaryimage\"},\"thumbnailUrl\":\"https:\\\/\\\/regions-snetap-fsu.fr\\\/pdl\\\/wp-content\\\/uploads\\\/sites\\\/4\\\/2021\\\/09\\\/20210909_113247-1-scaled.jpg\",\"articleSection\":[\"Actions r\u00e9gionales\",\"Angers\",\"Communiqu\u00e9s\"],\"inLanguage\":\"fr-FR\"},{\"@type\":\"WebPage\",\"@id\":\"https:\\\/\\\/regions-snetap-fsu.fr\\\/pdl\\\/2021\\\/09\\\/11\\\/lintersyndicale-snetap-cgt-sud-rencontre-le-draaf-des-pays-de-la-loire\\\/\",\"url\":\"https:\\\/\\\/regions-snetap-fsu.fr\\\/pdl\\\/2021\\\/09\\\/11\\\/lintersyndicale-snetap-cgt-sud-rencontre-le-draaf-des-pays-de-la-loire\\\/\",\"name\":\"L'Intersyndicale SNETAP-CGT-SUD rencontre le DRAAF des Pays de la Loire - PAYS DE LA LOIRE\",\"isPartOf\":{\"@id\":\"https:\\\/\\\/regions-snetap-fsu.fr\\\/pdl\\\/#website\"},\"primaryImageOfPage\":{\"@id\":\"https:\\\/\\\/regions-snetap-fsu.fr\\\/pdl\\\/2021\\\/09\\\/11\\\/lintersyndicale-snetap-cgt-sud-rencontre-le-draaf-des-pays-de-la-loire\\\/#primaryimage\"},\"image\":{\"@id\":\"https:\\\/\\\/regions-snetap-fsu.fr\\\/pdl\\\/2021\\\/09\\\/11\\\/lintersyndicale-snetap-cgt-sud-rencontre-le-draaf-des-pays-de-la-loire\\\/#primaryimage\"},\"thumbnailUrl\":\"https:\\\/\\\/regions-snetap-fsu.fr\\\/pdl\\\/wp-content\\\/uploads\\\/sites\\\/4\\\/2021\\\/09\\\/20210909_113247-1-scaled.jpg\",\"datePublished\":\"2021-09-11T14:10:05+00:00\",\"dateModified\":\"2021-09-11T14:10:56+00:00\",\"breadcrumb\":{\"@id\":\"https:\\\/\\\/regions-snetap-fsu.fr\\\/pdl\\\/2021\\\/09\\\/11\\\/lintersyndicale-snetap-cgt-sud-rencontre-le-draaf-des-pays-de-la-loire\\\/#breadcrumb\"},\"inLanguage\":\"fr-FR\",\"potentialAction\":[{\"@type\":\"ReadAction\",\"target\":[\"https:\\\/\\\/regions-snetap-fsu.fr\\\/pdl\\\/2021\\\/09\\\/11\\\/lintersyndicale-snetap-cgt-sud-rencontre-le-draaf-des-pays-de-la-loire\\\/\"]}]},{\"@type\":\"ImageObject\",\"inLanguage\":\"fr-FR\",\"@id\":\"https:\\\/\\\/regions-snetap-fsu.fr\\\/pdl\\\/2021\\\/09\\\/11\\\/lintersyndicale-snetap-cgt-sud-rencontre-le-draaf-des-pays-de-la-loire\\\/#primaryimage\",\"url\":\"https:\\\/\\\/regions-snetap-fsu.fr\\\/pdl\\\/wp-content\\\/uploads\\\/sites\\\/4\\\/2021\\\/09\\\/20210909_113247-1-scaled.jpg\",\"contentUrl\":\"https:\\\/\\\/regions-snetap-fsu.fr\\\/pdl\\\/wp-content\\\/uploads\\\/sites\\\/4\\\/2021\\\/09\\\/20210909_113247-1-scaled.jpg\",\"width\":2560,\"height\":1211},{\"@type\":\"BreadcrumbList\",\"@id\":\"https:\\\/\\\/regions-snetap-fsu.fr\\\/pdl\\\/2021\\\/09\\\/11\\\/lintersyndicale-snetap-cgt-sud-rencontre-le-draaf-des-pays-de-la-loire\\\/#breadcrumb\",\"itemListElement\":[{\"@type\":\"ListItem\",\"position\":1,\"name\":\"Accueil\",\"item\":\"https:\\\/\\\/regions-snetap-fsu.fr\\\/pdl\\\/\"},{\"@type\":\"ListItem\",\"position\":2,\"name\":\"L&rsquo;Intersyndicale SNETAP-CGT-SUD rencontre le DRAAF des Pays de la Loire\"}]},{\"@type\":\"WebSite\",\"@id\":\"https:\\\/\\\/regions-snetap-fsu.fr\\\/pdl\\\/#website\",\"url\":\"https:\\\/\\\/regions-snetap-fsu.fr\\\/pdl\\\/\",\"name\":\"SNETAP-FSU PAYS DE LA LOIRE\",\"description\":\"SECTION REGIONALE\",\"publisher\":{\"@id\":\"https:\\\/\\\/regions-snetap-fsu.fr\\\/pdl\\\/#organization\"},\"potentialAction\":[{\"@type\":\"SearchAction\",\"target\":{\"@type\":\"EntryPoint\",\"urlTemplate\":\"https:\\\/\\\/regions-snetap-fsu.fr\\\/pdl\\\/?s={search_term_string}\"},\"query-input\":{\"@type\":\"PropertyValueSpecification\",\"valueRequired\":true,\"valueName\":\"search_term_string\"}}],\"inLanguage\":\"fr-FR\"},{\"@type\":\"Organization\",\"@id\":\"https:\\\/\\\/regions-snetap-fsu.fr\\\/pdl\\\/#organization\",\"name\":\"SNETAP-FSU Pays de Loire\",\"url\":\"https:\\\/\\\/regions-snetap-fsu.fr\\\/pdl\\\/\",\"logo\":{\"@type\":\"ImageObject\",\"inLanguage\":\"fr-FR\",\"@id\":\"https:\\\/\\\/regions-snetap-fsu.fr\\\/pdl\\\/#\\\/schema\\\/logo\\\/image\\\/\",\"url\":\"https:\\\/\\\/regions-snetap-fsu.fr\\\/pdl\\\/wp-content\\\/uploads\\\/sites\\\/4\\\/2020\\\/12\\\/SNETAP-Logo.jpg\",\"contentUrl\":\"https:\\\/\\\/regions-snetap-fsu.fr\\\/pdl\\\/wp-content\\\/uploads\\\/sites\\\/4\\\/2020\\\/12\\\/SNETAP-Logo.jpg\",\"width\":464,\"height\":334,\"caption\":\"SNETAP-FSU Pays de Loire\"},\"image\":{\"@id\":\"https:\\\/\\\/regions-snetap-fsu.fr\\\/pdl\\\/#\\\/schema\\\/logo\\\/image\\\/\"}},{\"@type\":\"Person\",\"@id\":\"https:\\\/\\\/regions-snetap-fsu.fr\\\/pdl\\\/#\\\/schema\\\/person\\\/d4530af043f9e8d27bdd71c468ec93b1\",\"name\":\"yvigner\",\"image\":{\"@type\":\"ImageObject\",\"inLanguage\":\"fr-FR\",\"@id\":\"https:\\\/\\\/secure.gravatar.com\\\/avatar\\\/bc72baa6f2406549aecf77a837bc4f03dbe88472c1762138f868571430a23820?s=96&d=mm&r=g\",\"url\":\"https:\\\/\\\/secure.gravatar.com\\\/avatar\\\/bc72baa6f2406549aecf77a837bc4f03dbe88472c1762138f868571430a23820?s=96&d=mm&r=g\",\"contentUrl\":\"https:\\\/\\\/secure.gravatar.com\\\/avatar\\\/bc72baa6f2406549aecf77a837bc4f03dbe88472c1762138f868571430a23820?s=96&d=mm&r=g\",\"caption\":\"yvigner\"},\"url\":\"https:\\\/\\\/regions-snetap-fsu.fr\\\/pdl\\\/author\\\/yvigner\\\/\"}]}<\/script>\n<!-- \/ Yoast SEO plugin. -->","yoast_head_json":{"title":"L'Intersyndicale SNETAP-CGT-SUD rencontre le DRAAF des Pays de la Loire - PAYS DE LA LOIRE","robots":{"index":"index","follow":"follow","max-snippet":"max-snippet:-1","max-image-preview":"max-image-preview:large","max-video-preview":"max-video-preview:-1"},"canonical":"https:\/\/regions-snetap-fsu.fr\/pdl\/2021\/09\/11\/lintersyndicale-snetap-cgt-sud-rencontre-le-draaf-des-pays-de-la-loire\/","og_locale":"fr_FR","og_type":"article","og_title":"L'Intersyndicale SNETAP-CGT-SUD rencontre le DRAAF des Pays de la Loire - PAYS DE LA LOIRE","og_description":"A l&rsquo;occasion de la venue de C.MORANCAIS au lyc\u00e9e agricole du Fresne pour distribuer les premiers ordinateurs aux \u00e9l\u00e8ves de 2nd GT, 2nd PRO et CAPA1, une d\u00e9l\u00e9gation de l&rsquo;intersyndicale de l&rsquo;enseignement agricole public des Pays de la Loire a rencontr\u00e9 M.SANSEAU (DRAAF), M.JACQUEMIN (DRAAF adjoint) et M.NENON (chef du SRFD). La d\u00e9l\u00e9gation de l&rsquo;Intersyndicale [&hellip;]","og_url":"https:\/\/regions-snetap-fsu.fr\/pdl\/2021\/09\/11\/lintersyndicale-snetap-cgt-sud-rencontre-le-draaf-des-pays-de-la-loire\/","og_site_name":"PAYS DE LA LOIRE","article_published_time":"2021-09-11T14:10:05+00:00","article_modified_time":"2021-09-11T14:10:56+00:00","og_image":[{"width":2560,"height":1211,"url":"https:\/\/regions-snetap-fsu.fr\/pdl\/wp-content\/uploads\/sites\/4\/2021\/09\/20210909_113247-1-scaled.jpg","type":"image\/jpeg"}],"author":"yvigner","twitter_card":"summary_large_image","twitter_misc":{"\u00c9crit par":"yvigner","Dur\u00e9e de lecture estim\u00e9e":"2 minutes"},"schema":{"@context":"https:\/\/schema.org","@graph":[{"@type":"Article","@id":"https:\/\/regions-snetap-fsu.fr\/pdl\/2021\/09\/11\/lintersyndicale-snetap-cgt-sud-rencontre-le-draaf-des-pays-de-la-loire\/#article","isPartOf":{"@id":"https:\/\/regions-snetap-fsu.fr\/pdl\/2021\/09\/11\/lintersyndicale-snetap-cgt-sud-rencontre-le-draaf-des-pays-de-la-loire\/"},"author":{"name":"yvigner","@id":"https:\/\/regions-snetap-fsu.fr\/pdl\/#\/schema\/person\/d4530af043f9e8d27bdd71c468ec93b1"},"headline":"L&rsquo;Intersyndicale SNETAP-CGT-SUD rencontre le DRAAF des Pays de la Loire","datePublished":"2021-09-11T14:10:05+00:00","dateModified":"2021-09-11T14:10:56+00:00","mainEntityOfPage":{"@id":"https:\/\/regions-snetap-fsu.fr\/pdl\/2021\/09\/11\/lintersyndicale-snetap-cgt-sud-rencontre-le-draaf-des-pays-de-la-loire\/"},"wordCount":508,"publisher":{"@id":"https:\/\/regions-snetap-fsu.fr\/pdl\/#organization"},"image":{"@id":"https:\/\/regions-snetap-fsu.fr\/pdl\/2021\/09\/11\/lintersyndicale-snetap-cgt-sud-rencontre-le-draaf-des-pays-de-la-loire\/#primaryimage"},"thumbnailUrl":"https:\/\/regions-snetap-fsu.fr\/pdl\/wp-content\/uploads\/sites\/4\/2021\/09\/20210909_113247-1-scaled.jpg","articleSection":["Actions r\u00e9gionales","Angers","Communiqu\u00e9s"],"inLanguage":"fr-FR"},{"@type":"WebPage","@id":"https:\/\/regions-snetap-fsu.fr\/pdl\/2021\/09\/11\/lintersyndicale-snetap-cgt-sud-rencontre-le-draaf-des-pays-de-la-loire\/","url":"https:\/\/regions-snetap-fsu.fr\/pdl\/2021\/09\/11\/lintersyndicale-snetap-cgt-sud-rencontre-le-draaf-des-pays-de-la-loire\/","name":"L'Intersyndicale SNETAP-CGT-SUD rencontre le DRAAF des Pays de la Loire - PAYS DE LA LOIRE","isPartOf":{"@id":"https:\/\/regions-snetap-fsu.fr\/pdl\/#website"},"primaryImageOfPage":{"@id":"https:\/\/regions-snetap-fsu.fr\/pdl\/2021\/09\/11\/lintersyndicale-snetap-cgt-sud-rencontre-le-draaf-des-pays-de-la-loire\/#primaryimage"},"image":{"@id":"https:\/\/regions-snetap-fsu.fr\/pdl\/2021\/09\/11\/lintersyndicale-snetap-cgt-sud-rencontre-le-draaf-des-pays-de-la-loire\/#primaryimage"},"thumbnailUrl":"https:\/\/regions-snetap-fsu.fr\/pdl\/wp-content\/uploads\/sites\/4\/2021\/09\/20210909_113247-1-scaled.jpg","datePublished":"2021-09-11T14:10:05+00:00","dateModified":"2021-09-11T14:10:56+00:00","breadcrumb":{"@id":"https:\/\/regions-snetap-fsu.fr\/pdl\/2021\/09\/11\/lintersyndicale-snetap-cgt-sud-rencontre-le-draaf-des-pays-de-la-loire\/#breadcrumb"},"inLanguage":"fr-FR","potentialAction":[{"@type":"ReadAction","target":["https:\/\/regions-snetap-fsu.fr\/pdl\/2021\/09\/11\/lintersyndicale-snetap-cgt-sud-rencontre-le-draaf-des-pays-de-la-loire\/"]}]},{"@type":"ImageObject","inLanguage":"fr-FR","@id":"https:\/\/regions-snetap-fsu.fr\/pdl\/2021\/09\/11\/lintersyndicale-snetap-cgt-sud-rencontre-le-draaf-des-pays-de-la-loire\/#primaryimage","url":"https:\/\/regions-snetap-fsu.fr\/pdl\/wp-content\/uploads\/sites\/4\/2021\/09\/20210909_113247-1-scaled.jpg","contentUrl":"https:\/\/regions-snetap-fsu.fr\/pdl\/wp-content\/uploads\/sites\/4\/2021\/09\/20210909_113247-1-scaled.jpg","width":2560,"height":1211},{"@type":"BreadcrumbList","@id":"https:\/\/regions-snetap-fsu.fr\/pdl\/2021\/09\/11\/lintersyndicale-snetap-cgt-sud-rencontre-le-draaf-des-pays-de-la-loire\/#breadcrumb","itemListElement":[{"@type":"ListItem","position":1,"name":"Accueil","item":"https:\/\/regions-snetap-fsu.fr\/pdl\/"},{"@type":"ListItem","position":2,"name":"L&rsquo;Intersyndicale SNETAP-CGT-SUD rencontre le DRAAF des Pays de la Loire"}]},{"@type":"WebSite","@id":"https:\/\/regions-snetap-fsu.fr\/pdl\/#website","url":"https:\/\/regions-snetap-fsu.fr\/pdl\/","name":"SNETAP-FSU PAYS DE LA LOIRE","description":"SECTION REGIONALE","publisher":{"@id":"https:\/\/regions-snetap-fsu.fr\/pdl\/#organization"},"potentialAction":[{"@type":"SearchAction","target":{"@type":"EntryPoint","urlTemplate":"https:\/\/regions-snetap-fsu.fr\/pdl\/?s={search_term_string}"},"query-input":{"@type":"PropertyValueSpecification","valueRequired":true,"valueName":"search_term_string"}}],"inLanguage":"fr-FR"},{"@type":"Organization","@id":"https:\/\/regions-snetap-fsu.fr\/pdl\/#organization","name":"SNETAP-FSU Pays de Loire","url":"https:\/\/regions-snetap-fsu.fr\/pdl\/","logo":{"@type":"ImageObject","inLanguage":"fr-FR","@id":"https:\/\/regions-snetap-fsu.fr\/pdl\/#\/schema\/logo\/image\/","url":"https:\/\/regions-snetap-fsu.fr\/pdl\/wp-content\/uploads\/sites\/4\/2020\/12\/SNETAP-Logo.jpg","contentUrl":"https:\/\/regions-snetap-fsu.fr\/pdl\/wp-content\/uploads\/sites\/4\/2020\/12\/SNETAP-Logo.jpg","width":464,"height":334,"caption":"SNETAP-FSU Pays de Loire"},"image":{"@id":"https:\/\/regions-snetap-fsu.fr\/pdl\/#\/schema\/logo\/image\/"}},{"@type":"Person","@id":"https:\/\/regions-snetap-fsu.fr\/pdl\/#\/schema\/person\/d4530af043f9e8d27bdd71c468ec93b1","name":"yvigner","image":{"@type":"ImageObject","inLanguage":"fr-FR","@id":"https:\/\/secure.gravatar.com\/avatar\/bc72baa6f2406549aecf77a837bc4f03dbe88472c1762138f868571430a23820?s=96&d=mm&r=g","url":"https:\/\/secure.gravatar.com\/avatar\/bc72baa6f2406549aecf77a837bc4f03dbe88472c1762138f868571430a23820?s=96&d=mm&r=g","contentUrl":"https:\/\/secure.gravatar.com\/avatar\/bc72baa6f2406549aecf77a837bc4f03dbe88472c1762138f868571430a23820?s=96&d=mm&r=g","caption":"yvigner"},"url":"https:\/\/regions-snetap-fsu.fr\/pdl\/author\/yvigner\/"}]}},"_links":{"self":[{"href":"https:\/\/regions-snetap-fsu.fr\/pdl\/wp-json\/wp\/v2\/posts\/4076","targetHints":{"allow":["GET"]}}],"collection":[{"href":"https:\/\/regions-snetap-fsu.fr\/pdl\/wp-json\/wp\/v2\/posts"}],"about":[{"href":"https:\/\/regions-snetap-fsu.fr\/pdl\/wp-json\/wp\/v2\/types\/post"}],"author":[{"embeddable":true,"href":"https:\/\/regions-snetap-fsu.fr\/pdl\/wp-json\/wp\/v2\/users\/2"}],"replies":[{"embeddable":true,"href":"https:\/\/regions-snetap-fsu.fr\/pdl\/wp-json\/wp\/v2\/comments?post=4076"}],"version-history":[{"count":2,"href":"https:\/\/regions-snetap-fsu.fr\/pdl\/wp-json\/wp\/v2\/posts\/4076\/revisions"}],"predecessor-version":[{"id":4079,"href":"https:\/\/regions-snetap-fsu.fr\/pdl\/wp-json\/wp\/v2\/posts\/4076\/revisions\/4079"}],"wp:featuredmedia":[{"embeddable":true,"href":"https:\/\/regions-snetap-fsu.fr\/pdl\/wp-json\/wp\/v2\/media\/4077"}],"wp:attachment":[{"href":"https:\/\/regions-snetap-fsu.fr\/pdl\/wp-json\/wp\/v2\/media?parent=4076"}],"wp:term":[{"taxonomy":"category","embeddable":true,"href":"https:\/\/regions-snetap-fsu.fr\/pdl\/wp-json\/wp\/v2\/categories?post=4076"},{"taxonomy":"post_tag","embeddable":true,"href":"https:\/\/regions-snetap-fsu.fr\/pdl\/wp-json\/wp\/v2\/tags?post=4076"},{"taxonomy":"post_folder","embeddable":true,"href":"https:\/\/regions-snetap-fsu.fr\/pdl\/wp-json\/wp\/v2\/post_folder?post=4076"}],"curies":[{"name":"wp","href":"https:\/\/api.w.org\/{rel}","templated":true}]}}