{"id":401,"date":"2017-04-10T20:54:45","date_gmt":"2017-04-10T18:54:45","guid":{"rendered":"http:\/\/snetap-fsu.fr\/comp\/pdl\/?p=401"},"modified":"2018-09-19T21:57:35","modified_gmt":"2018-09-19T19:57:35","slug":"38-eleves-en-1ere-professionnelle-au-legta-nature-de-la-roche-sur-yon-mais-essayez-linnovation-pedagogique","status":"publish","type":"post","link":"https:\/\/regions-snetap-fsu.fr\/pdl\/2017\/04\/10\/38-eleves-en-1ere-professionnelle-au-legta-nature-de-la-roche-sur-yon-mais-essayez-linnovation-pedagogique\/","title":{"rendered":"38 \u00e9l\u00e8ves en 1\u00e8re Professionnelle  au LEGTA Nature de la Roche sur Yon ???  &#8230;Essayez l&rsquo;innovation p\u00e9dagogique !!"},"content":{"rendered":"<p style=\"text-align: justify\" align=\"center\"><span style=\"text-decoration: underline\"><strong>COMMUNIQUE<\/strong><\/span><\/p>\n<p align=\"center\"><span style=\"font-size: large\"><b>38 \u00e9l\u00e8ves en 1\u00e8re Professionnelle<\/b><\/span><\/p>\n<p align=\"center\"><span style=\"font-size: large\"><b>\u00a0<\/b><\/span><span style=\"font-size: large\"><b>au LEGTA Nature de la Roche sur Yon\u00a0???<\/b><\/span><\/p>\n<p align=\"center\"><span style=\"font-size: large\"><b>&#8230;Essayez l&rsquo;innovation p\u00e9dagogique\u00a0!!<\/b><\/span><\/p>\n<p align=\"justify\"><span style=\"font-family: Arial, sans-serif\"><span style=\"font-size: small\">Le vendredi 7 avril, une d\u00e9l\u00e9gation de personnels du LEGTA Nature de la Roche sur Yon ont rencontr\u00e9 \u00e0 Nantes les repr\u00e9sentants de l&rsquo;administration (Mme LEBON-DRAAF et Mme MAROT du SRFD). <\/span><\/span><\/p>\n<p align=\"justify\"><span style=\"font-family: Arial, sans-serif\"><span style=\"font-size: small\">Les coll\u00e8gues souhaitaient obtenir des pr\u00e9cisions quant \u00e0 un projet de l&rsquo;autorit\u00e9 acad\u00e9mique pour la rentr\u00e9e prochaine\u00a0: regrouper dans une seule et m\u00eame classe les 1\u00e8res GMNF (pour l&rsquo;instant 23 en seconde pro) et les 1\u00e8res CVPA (pour l&rsquo;instant 15 en seconde) <u><b>SOIT 38 ELEVES\u00a0<\/b><\/u>! . Cette \u00e9ventualit\u00e9 a \u00e9t\u00e9 \u00e9voqu\u00e9e notamment lors du dernier conseil d&rsquo;administration et a provoqu\u00e9 l&rsquo;incompr\u00e9hension des \u00e9quipes p\u00e9dagogiques. <\/span><\/span><\/p>\n<p align=\"justify\"><span style=\"font-family: Arial, sans-serif\"><span style=\"font-size: small\"><u><b>Incompr\u00e9hension <\/b><\/u>Car comment, un seul instant, pouvoir envisager que l&rsquo;on peut enseigner correctement, aider les \u00e9l\u00e8ves, les faire r\u00e9ussir dans une classe de 38 premi\u00e8res BAC PRO\u00a0;<\/span><\/span><\/p>\n<p align=\"justify\"><span style=\"font-family: Arial, sans-serif\"><span style=\"font-size: small\"><u><b>Incompr\u00e9hension<\/b><\/u><b> <\/b>car le Chef du SRFD, M.NENON a toujours affirm\u00e9 que les \u00e9l\u00e8ves rentr\u00e9s dans les lyc\u00e9es agricoles en seconde auraient une place en premi\u00e8re l&rsquo;ann\u00e9e suivante\u00a0;<\/span><\/span><\/p>\n<p align=\"justify\"><span style=\"font-family: Arial, sans-serif\"><span style=\"font-size: small\"><u><b>Incompr\u00e9hension<\/b><\/u> quand l&rsquo;administration n&rsquo;a qu&rsquo;un seul souhait (\u00ab\u00a0espoir\u00a0\u00bb?)\u00a0: que des \u00e9l\u00e8ves de seconde d\u00e9cident de quitter l&rsquo;\u00e9tablissement cet \u00e9t\u00e9\u00a0; <\/span><\/span><\/p>\n<p align=\"justify\"><span style=\"font-family: Arial, sans-serif\"><span style=\"font-size: small\"><u><b>Incompr\u00e9hension<\/b><\/u> car ce projet n&rsquo;avait jamais \u00e9t\u00e9 \u00e9voqu\u00e9 dans les instances\u00a0; <\/span><\/span><\/p>\n<p align=\"justify\"><span style=\"font-family: Arial, sans-serif\"><span style=\"font-size: small\"><u><b>Incompr\u00e9hension<\/b><\/u> car comment mener de front une classe avec deux options, deux options si diff\u00e9rentes\u00a0;<\/span><\/span><\/p>\n<p align=\"justify\"><span style=\"font-family: Arial, sans-serif\"><span style=\"font-size: small\"><u><b>Incompr\u00e9hension<\/b><\/u> car l&rsquo;existence de deux classes de premi\u00e8res ne n\u00e9cessite que 360 heures de DGH suppl\u00e9mentaire (\u00e0 comparer \u00e0 la DGH de l&rsquo;\u00e9tablissement qui est de 24 000h ou encore aux 280 000h de la r\u00e9gion)\u00a0;<\/span><\/span><\/p>\n<p align=\"justify\"><span style=\"font-family: Arial, sans-serif\"><span style=\"font-size: small\"><u><b>Incompr\u00e9hension<\/b><\/u><b> <\/b>quand Mme Lebon, Directrice r\u00e9gionale \u00e9voque, que faute de moyens cette ann\u00e9e&#8230;l&rsquo;ouverture, l&rsquo;an pass\u00e9, de la classe seconde pro CVPA n&rsquo;\u00e9tait peut-\u00eatre pas une bonne d\u00e9cision&#8230;ou encore qu&rsquo;\u00e0 38 \u00e9l\u00e8ves en BAC PRO&#8230;il faudra innover p\u00e9dagogiquement\u00a0!<\/span><\/span><\/p>\n<p align=\"justify\"><span style=\"font-family: Arial, sans-serif\"><span style=\"font-size: small\"><u><b>Incompr\u00e9hension <\/b><\/u>quand notre autorit\u00e9 acad\u00e9mique \u00ab\u00a0oublie\u00a0\u00bb la forte augmentation de la d\u00e9mographie dans la r\u00e9gion, et en particulier en Vend\u00e9e. Les moyens doivent donc \u00e9voluer en cons\u00e9quence. De plus, il est illusoire de croire que des \u00e9l\u00e8ves de 2nd Pro CVPA pourraient aller dans un bac pro commerce de l&rsquo;EN, ils sont complets (le taux de pression dans ces formations est sup\u00e9rieur \u00e0 4 dans les lyc\u00e9es pro de la Roche sur Yon)\u00a0;<\/span><\/span><\/p>\n<p align=\"justify\"><span style=\"font-family: Arial, sans-serif\"><span style=\"font-size: small\">Cette incompr\u00e9hension est donc totale et se transforme en mobilisation. <\/span><\/span><\/p>\n<p align=\"justify\"><span style=\"font-family: Arial, sans-serif\"><span style=\"font-size: small\"><u><b>Mobilisation<\/b><\/u> pour informer les parents, les administrateurs et les \u00e9lus.<\/span><\/span><\/p>\n<p align=\"justify\"><span style=\"font-family: Arial, sans-serif\"><span style=\"font-size: small\"><u><b>Mobilisation<\/b><\/u> pour demander \u00e0 la DRAFF d&rsquo;int\u00e9grer la demande deux classes de 1\u00e8re Pro distinctes dans les remont\u00e9es \u00e0 la DGER.<\/span><\/span><\/p>\n<p align=\"justify\"><span style=\"font-family: Arial, sans-serif\"><span style=\"font-size: small\"><u><b>Mobilisation<\/b><\/u> pour r\u00e9clamer la cr\u00e9ation de postes d&rsquo;enseignants (\u00e0 l&rsquo;occasion du mouvement des personnels contractuels) pour permettre de faire face aux besoins d&rsquo;enseignement. <\/span><\/span><\/p>\n<p align=\"right\"><span style=\"font-family: Arial, sans-serif\"><span style=\"font-size: small\">La Roche sur Yon, le 8 avril 2017<\/span><\/span><\/p>\n<p style=\"text-align: justify\" align=\"right\">Contacts : P.SORLUT (snetap85lyceenature@gmail.com ; \u00a0<span dir=\"ltr\"><a href=\"https:\/\/hangouts.google.com\/?action=chat&amp;pn=+33787078444&amp;hl=fr&amp;authuser=0\" target=\"_blank\" rel=\"noopener\">0787078444<\/a>) \u00a0ou Yoann VIGNER (paysdelaloire@snetap-fsu.fr ; 0672096422)<\/span><\/p>\n<p style=\"text-align: justify\" align=\"right\">\n\t\t<div class=\"wppdfemb-frame-container-1\" style=\"-webkit-overflow-scrolling:auto;\">\n\t\t\t<iframe class=\"pdfembed-iframe nonfullscreen wppdf-emb-iframe-1\"\n\t\t\t\tsrc=\"https:\/\/regions-snetap-fsu.fr\/pdl\/?pdfemb-data=eyJ1cmwiOiJodHRwczpcL1wvcmVnaW9ucy1zbmV0YXAtZnN1LmZyXC9wZGxcL3dwLWNvbnRlbnRcL3VwbG9hZHNcL3NpdGVzXC80XC8yMDE3XC8wNFwvQ29tbXVuaXF1XHUwMGU5LU5BVFVSRS04LTQtMTcucGRmIiwidGl0bGUiOiJDb21tdW5pcXVcdTAwZTkgTkFUVVJFIDggNCAxNyIsImluZGV4IjoxLCJwZGZJRCI6NDA2fQ\"\n\t\t\t\ttitle=\"Communiqu\u00e9 NATURE 8 4 17\"\t\t\t\tdata-pdf-id=\"406\"\n\t\t\t\tdata-pdf-index=\"1\"\n\t\t\t\tstyle=\"border:none;width:100%;max-width:100%;height:100vh;\"\n\t\t\t\tscrolling=\"yes\">\n\t\t\t<\/iframe>\n\t\t<\/div>\n\n\t\t<\/p>\n","protected":false},"excerpt":{"rendered":"<p>COMMUNIQUE 38 \u00e9l\u00e8ves en 1\u00e8re Professionnelle \u00a0au LEGTA Nature de la Roche sur Yon\u00a0??? &#8230;Essayez l&rsquo;innovation p\u00e9dagogique\u00a0!! Le vendredi 7 avril, une d\u00e9l\u00e9gation de personnels du LEGTA Nature de la Roche sur Yon ont rencontr\u00e9 \u00e0 Nantes les repr\u00e9sentants de l&rsquo;administration (Mme LEBON-DRAAF et Mme MAROT du SRFD). Les coll\u00e8gues souhaitaient obtenir des pr\u00e9cisions quant [&hellip;]<\/p>\n","protected":false},"author":2,"featured_media":0,"comment_status":"closed","ping_status":"closed","sticky":false,"template":"","format":"standard","meta":{"ocean_post_layout":"","ocean_both_sidebars_style":"","ocean_both_sidebars_content_width":0,"ocean_both_sidebars_sidebars_width":0,"ocean_sidebar":"","ocean_second_sidebar":"","ocean_disable_margins":"enable","ocean_add_body_class":"","ocean_shortcode_before_top_bar":"","ocean_shortcode_after_top_bar":"","ocean_shortcode_before_header":"","ocean_shortcode_after_header":"","ocean_has_shortcode":"","ocean_shortcode_after_title":"","ocean_shortcode_before_footer_widgets":"","ocean_shortcode_after_footer_widgets":"","ocean_shortcode_before_footer_bottom":"","ocean_shortcode_after_footer_bottom":"","ocean_display_top_bar":"default","ocean_display_header":"default","ocean_header_style":"","ocean_center_header_left_menu":"","ocean_custom_header_template":"","ocean_custom_logo":0,"ocean_custom_retina_logo":0,"ocean_custom_logo_max_width":0,"ocean_custom_logo_tablet_max_width":0,"ocean_custom_logo_mobile_max_width":0,"ocean_custom_logo_max_height":0,"ocean_custom_logo_tablet_max_height":0,"ocean_custom_logo_mobile_max_height":0,"ocean_header_custom_menu":"","ocean_menu_typo_font_family":"","ocean_menu_typo_font_subset":"","ocean_menu_typo_font_size":0,"ocean_menu_typo_font_size_tablet":0,"ocean_menu_typo_font_size_mobile":0,"ocean_menu_typo_font_size_unit":"px","ocean_menu_typo_font_weight":"","ocean_menu_typo_font_weight_tablet":"","ocean_menu_typo_font_weight_mobile":"","ocean_menu_typo_transform":"","ocean_menu_typo_transform_tablet":"","ocean_menu_typo_transform_mobile":"","ocean_menu_typo_line_height":0,"ocean_menu_typo_line_height_tablet":0,"ocean_menu_typo_line_height_mobile":0,"ocean_menu_typo_line_height_unit":"","ocean_menu_typo_spacing":0,"ocean_menu_typo_spacing_tablet":0,"ocean_menu_typo_spacing_mobile":0,"ocean_menu_typo_spacing_unit":"","ocean_menu_link_color":"","ocean_menu_link_color_hover":"","ocean_menu_link_color_active":"","ocean_menu_link_background":"","ocean_menu_link_hover_background":"","ocean_menu_link_active_background":"","ocean_menu_social_links_bg":"","ocean_menu_social_hover_links_bg":"","ocean_menu_social_links_color":"","ocean_menu_social_hover_links_color":"","ocean_disable_title":"default","ocean_disable_heading":"default","ocean_post_title":"","ocean_post_subheading":"","ocean_post_title_style":"","ocean_post_title_background_color":"","ocean_post_title_background":0,"ocean_post_title_bg_image_position":"","ocean_post_title_bg_image_attachment":"","ocean_post_title_bg_image_repeat":"","ocean_post_title_bg_image_size":"","ocean_post_title_height":0,"ocean_post_title_bg_overlay":0.5,"ocean_post_title_bg_overlay_color":"","ocean_disable_breadcrumbs":"default","ocean_breadcrumbs_color":"","ocean_breadcrumbs_separator_color":"","ocean_breadcrumbs_links_color":"","ocean_breadcrumbs_links_hover_color":"","ocean_display_footer_widgets":"default","ocean_display_footer_bottom":"default","ocean_custom_footer_template":"","ocean_post_oembed":"","ocean_post_self_hosted_media":"","ocean_post_video_embed":"","ocean_link_format":"","ocean_link_format_target":"self","ocean_quote_format":"","ocean_quote_format_link":"post","ocean_gallery_link_images":"on","ocean_gallery_id":[],"footnotes":""},"categories":[9,27],"tags":[],"post_folder":[],"class_list":["post-401","post","type-post","status-publish","format-standard","hentry","category-actions-et-communiques","category-la-roche-sur-yon","entry"],"yoast_head":"<!-- This site is optimized with the Yoast SEO plugin v27.4 - https:\/\/yoast.com\/product\/yoast-seo-wordpress\/ -->\n<title>38 \u00e9l\u00e8ves en 1\u00e8re Professionnelle au LEGTA Nature de la Roche sur Yon ??? ...Essayez l&#039;innovation p\u00e9dagogique !! - PAYS DE LA LOIRE<\/title>\n<meta name=\"robots\" content=\"index, follow, max-snippet:-1, max-image-preview:large, max-video-preview:-1\" \/>\n<link rel=\"canonical\" href=\"https:\/\/regions-snetap-fsu.fr\/pdl\/2017\/04\/10\/38-eleves-en-1ere-professionnelle-au-legta-nature-de-la-roche-sur-yon-mais-essayez-linnovation-pedagogique\/\" \/>\n<meta property=\"og:locale\" content=\"fr_FR\" \/>\n<meta property=\"og:type\" content=\"article\" \/>\n<meta property=\"og:title\" content=\"38 \u00e9l\u00e8ves en 1\u00e8re Professionnelle au LEGTA Nature de la Roche sur Yon ??? ...Essayez l&#039;innovation p\u00e9dagogique !! - PAYS DE LA LOIRE\" \/>\n<meta property=\"og:description\" content=\"COMMUNIQUE 38 \u00e9l\u00e8ves en 1\u00e8re Professionnelle \u00a0au LEGTA Nature de la Roche sur Yon\u00a0??? &#8230;Essayez l&rsquo;innovation p\u00e9dagogique\u00a0!! Le vendredi 7 avril, une d\u00e9l\u00e9gation de personnels du LEGTA Nature de la Roche sur Yon ont rencontr\u00e9 \u00e0 Nantes les repr\u00e9sentants de l&rsquo;administration (Mme LEBON-DRAAF et Mme MAROT du SRFD). Les coll\u00e8gues souhaitaient obtenir des pr\u00e9cisions quant [&hellip;]\" \/>\n<meta property=\"og:url\" content=\"https:\/\/regions-snetap-fsu.fr\/pdl\/2017\/04\/10\/38-eleves-en-1ere-professionnelle-au-legta-nature-de-la-roche-sur-yon-mais-essayez-linnovation-pedagogique\/\" \/>\n<meta property=\"og:site_name\" content=\"PAYS DE LA LOIRE\" \/>\n<meta property=\"article:published_time\" content=\"2017-04-10T18:54:45+00:00\" \/>\n<meta property=\"article:modified_time\" content=\"2018-09-19T19:57:35+00:00\" \/>\n<meta name=\"author\" content=\"yvigner\" \/>\n<meta name=\"twitter:card\" content=\"summary_large_image\" \/>\n<meta name=\"twitter:label1\" content=\"\u00c9crit par\" \/>\n\t<meta name=\"twitter:data1\" content=\"yvigner\" \/>\n\t<meta name=\"twitter:label2\" content=\"Dur\u00e9e de lecture estim\u00e9e\" \/>\n\t<meta name=\"twitter:data2\" content=\"2 minutes\" \/>\n<script type=\"application\/ld+json\" class=\"yoast-schema-graph\">{\"@context\":\"https:\\\/\\\/schema.org\",\"@graph\":[{\"@type\":\"Article\",\"@id\":\"https:\\\/\\\/regions-snetap-fsu.fr\\\/pdl\\\/2017\\\/04\\\/10\\\/38-eleves-en-1ere-professionnelle-au-legta-nature-de-la-roche-sur-yon-mais-essayez-linnovation-pedagogique\\\/#article\",\"isPartOf\":{\"@id\":\"https:\\\/\\\/regions-snetap-fsu.fr\\\/pdl\\\/2017\\\/04\\\/10\\\/38-eleves-en-1ere-professionnelle-au-legta-nature-de-la-roche-sur-yon-mais-essayez-linnovation-pedagogique\\\/\"},\"author\":{\"name\":\"yvigner\",\"@id\":\"https:\\\/\\\/regions-snetap-fsu.fr\\\/pdl\\\/#\\\/schema\\\/person\\\/d4530af043f9e8d27bdd71c468ec93b1\"},\"headline\":\"38 \u00e9l\u00e8ves en 1\u00e8re Professionnelle au LEGTA Nature de la Roche sur Yon ??? &#8230;Essayez l&rsquo;innovation p\u00e9dagogique !!\",\"datePublished\":\"2017-04-10T18:54:45+00:00\",\"dateModified\":\"2018-09-19T19:57:35+00:00\",\"mainEntityOfPage\":{\"@id\":\"https:\\\/\\\/regions-snetap-fsu.fr\\\/pdl\\\/2017\\\/04\\\/10\\\/38-eleves-en-1ere-professionnelle-au-legta-nature-de-la-roche-sur-yon-mais-essayez-linnovation-pedagogique\\\/\"},\"wordCount\":538,\"publisher\":{\"@id\":\"https:\\\/\\\/regions-snetap-fsu.fr\\\/pdl\\\/#organization\"},\"articleSection\":[\"Communiqu\u00e9s\",\"La Roche sur Yon\"],\"inLanguage\":\"fr-FR\"},{\"@type\":\"WebPage\",\"@id\":\"https:\\\/\\\/regions-snetap-fsu.fr\\\/pdl\\\/2017\\\/04\\\/10\\\/38-eleves-en-1ere-professionnelle-au-legta-nature-de-la-roche-sur-yon-mais-essayez-linnovation-pedagogique\\\/\",\"url\":\"https:\\\/\\\/regions-snetap-fsu.fr\\\/pdl\\\/2017\\\/04\\\/10\\\/38-eleves-en-1ere-professionnelle-au-legta-nature-de-la-roche-sur-yon-mais-essayez-linnovation-pedagogique\\\/\",\"name\":\"38 \u00e9l\u00e8ves en 1\u00e8re Professionnelle au LEGTA Nature de la Roche sur Yon ??? ...Essayez l'innovation p\u00e9dagogique !! - PAYS DE LA LOIRE\",\"isPartOf\":{\"@id\":\"https:\\\/\\\/regions-snetap-fsu.fr\\\/pdl\\\/#website\"},\"datePublished\":\"2017-04-10T18:54:45+00:00\",\"dateModified\":\"2018-09-19T19:57:35+00:00\",\"breadcrumb\":{\"@id\":\"https:\\\/\\\/regions-snetap-fsu.fr\\\/pdl\\\/2017\\\/04\\\/10\\\/38-eleves-en-1ere-professionnelle-au-legta-nature-de-la-roche-sur-yon-mais-essayez-linnovation-pedagogique\\\/#breadcrumb\"},\"inLanguage\":\"fr-FR\",\"potentialAction\":[{\"@type\":\"ReadAction\",\"target\":[\"https:\\\/\\\/regions-snetap-fsu.fr\\\/pdl\\\/2017\\\/04\\\/10\\\/38-eleves-en-1ere-professionnelle-au-legta-nature-de-la-roche-sur-yon-mais-essayez-linnovation-pedagogique\\\/\"]}]},{\"@type\":\"BreadcrumbList\",\"@id\":\"https:\\\/\\\/regions-snetap-fsu.fr\\\/pdl\\\/2017\\\/04\\\/10\\\/38-eleves-en-1ere-professionnelle-au-legta-nature-de-la-roche-sur-yon-mais-essayez-linnovation-pedagogique\\\/#breadcrumb\",\"itemListElement\":[{\"@type\":\"ListItem\",\"position\":1,\"name\":\"Accueil\",\"item\":\"https:\\\/\\\/regions-snetap-fsu.fr\\\/pdl\\\/\"},{\"@type\":\"ListItem\",\"position\":2,\"name\":\"38 \u00e9l\u00e8ves en 1\u00e8re Professionnelle au LEGTA Nature de la Roche sur Yon ??? &#8230;Essayez l&rsquo;innovation p\u00e9dagogique !!\"}]},{\"@type\":\"WebSite\",\"@id\":\"https:\\\/\\\/regions-snetap-fsu.fr\\\/pdl\\\/#website\",\"url\":\"https:\\\/\\\/regions-snetap-fsu.fr\\\/pdl\\\/\",\"name\":\"SNETAP-FSU PAYS DE LA LOIRE\",\"description\":\"SECTION REGIONALE\",\"publisher\":{\"@id\":\"https:\\\/\\\/regions-snetap-fsu.fr\\\/pdl\\\/#organization\"},\"potentialAction\":[{\"@type\":\"SearchAction\",\"target\":{\"@type\":\"EntryPoint\",\"urlTemplate\":\"https:\\\/\\\/regions-snetap-fsu.fr\\\/pdl\\\/?s={search_term_string}\"},\"query-input\":{\"@type\":\"PropertyValueSpecification\",\"valueRequired\":true,\"valueName\":\"search_term_string\"}}],\"inLanguage\":\"fr-FR\"},{\"@type\":\"Organization\",\"@id\":\"https:\\\/\\\/regions-snetap-fsu.fr\\\/pdl\\\/#organization\",\"name\":\"SNETAP-FSU Pays de Loire\",\"url\":\"https:\\\/\\\/regions-snetap-fsu.fr\\\/pdl\\\/\",\"logo\":{\"@type\":\"ImageObject\",\"inLanguage\":\"fr-FR\",\"@id\":\"https:\\\/\\\/regions-snetap-fsu.fr\\\/pdl\\\/#\\\/schema\\\/logo\\\/image\\\/\",\"url\":\"https:\\\/\\\/regions-snetap-fsu.fr\\\/pdl\\\/wp-content\\\/uploads\\\/sites\\\/4\\\/2020\\\/12\\\/SNETAP-Logo.jpg\",\"contentUrl\":\"https:\\\/\\\/regions-snetap-fsu.fr\\\/pdl\\\/wp-content\\\/uploads\\\/sites\\\/4\\\/2020\\\/12\\\/SNETAP-Logo.jpg\",\"width\":464,\"height\":334,\"caption\":\"SNETAP-FSU Pays de Loire\"},\"image\":{\"@id\":\"https:\\\/\\\/regions-snetap-fsu.fr\\\/pdl\\\/#\\\/schema\\\/logo\\\/image\\\/\"}},{\"@type\":\"Person\",\"@id\":\"https:\\\/\\\/regions-snetap-fsu.fr\\\/pdl\\\/#\\\/schema\\\/person\\\/d4530af043f9e8d27bdd71c468ec93b1\",\"name\":\"yvigner\",\"image\":{\"@type\":\"ImageObject\",\"inLanguage\":\"fr-FR\",\"@id\":\"https:\\\/\\\/secure.gravatar.com\\\/avatar\\\/bc72baa6f2406549aecf77a837bc4f03dbe88472c1762138f868571430a23820?s=96&d=mm&r=g\",\"url\":\"https:\\\/\\\/secure.gravatar.com\\\/avatar\\\/bc72baa6f2406549aecf77a837bc4f03dbe88472c1762138f868571430a23820?s=96&d=mm&r=g\",\"contentUrl\":\"https:\\\/\\\/secure.gravatar.com\\\/avatar\\\/bc72baa6f2406549aecf77a837bc4f03dbe88472c1762138f868571430a23820?s=96&d=mm&r=g\",\"caption\":\"yvigner\"},\"url\":\"https:\\\/\\\/regions-snetap-fsu.fr\\\/pdl\\\/author\\\/yvigner\\\/\"}]}<\/script>\n<!-- \/ Yoast SEO plugin. -->","yoast_head_json":{"title":"38 \u00e9l\u00e8ves en 1\u00e8re Professionnelle au LEGTA Nature de la Roche sur Yon ??? ...Essayez l'innovation p\u00e9dagogique !! - PAYS DE LA LOIRE","robots":{"index":"index","follow":"follow","max-snippet":"max-snippet:-1","max-image-preview":"max-image-preview:large","max-video-preview":"max-video-preview:-1"},"canonical":"https:\/\/regions-snetap-fsu.fr\/pdl\/2017\/04\/10\/38-eleves-en-1ere-professionnelle-au-legta-nature-de-la-roche-sur-yon-mais-essayez-linnovation-pedagogique\/","og_locale":"fr_FR","og_type":"article","og_title":"38 \u00e9l\u00e8ves en 1\u00e8re Professionnelle au LEGTA Nature de la Roche sur Yon ??? ...Essayez l'innovation p\u00e9dagogique !! - PAYS DE LA LOIRE","og_description":"COMMUNIQUE 38 \u00e9l\u00e8ves en 1\u00e8re Professionnelle \u00a0au LEGTA Nature de la Roche sur Yon\u00a0??? &#8230;Essayez l&rsquo;innovation p\u00e9dagogique\u00a0!! Le vendredi 7 avril, une d\u00e9l\u00e9gation de personnels du LEGTA Nature de la Roche sur Yon ont rencontr\u00e9 \u00e0 Nantes les repr\u00e9sentants de l&rsquo;administration (Mme LEBON-DRAAF et Mme MAROT du SRFD). Les coll\u00e8gues souhaitaient obtenir des pr\u00e9cisions quant [&hellip;]","og_url":"https:\/\/regions-snetap-fsu.fr\/pdl\/2017\/04\/10\/38-eleves-en-1ere-professionnelle-au-legta-nature-de-la-roche-sur-yon-mais-essayez-linnovation-pedagogique\/","og_site_name":"PAYS DE LA LOIRE","article_published_time":"2017-04-10T18:54:45+00:00","article_modified_time":"2018-09-19T19:57:35+00:00","author":"yvigner","twitter_card":"summary_large_image","twitter_misc":{"\u00c9crit par":"yvigner","Dur\u00e9e de lecture estim\u00e9e":"2 minutes"},"schema":{"@context":"https:\/\/schema.org","@graph":[{"@type":"Article","@id":"https:\/\/regions-snetap-fsu.fr\/pdl\/2017\/04\/10\/38-eleves-en-1ere-professionnelle-au-legta-nature-de-la-roche-sur-yon-mais-essayez-linnovation-pedagogique\/#article","isPartOf":{"@id":"https:\/\/regions-snetap-fsu.fr\/pdl\/2017\/04\/10\/38-eleves-en-1ere-professionnelle-au-legta-nature-de-la-roche-sur-yon-mais-essayez-linnovation-pedagogique\/"},"author":{"name":"yvigner","@id":"https:\/\/regions-snetap-fsu.fr\/pdl\/#\/schema\/person\/d4530af043f9e8d27bdd71c468ec93b1"},"headline":"38 \u00e9l\u00e8ves en 1\u00e8re Professionnelle au LEGTA Nature de la Roche sur Yon ??? &#8230;Essayez l&rsquo;innovation p\u00e9dagogique !!","datePublished":"2017-04-10T18:54:45+00:00","dateModified":"2018-09-19T19:57:35+00:00","mainEntityOfPage":{"@id":"https:\/\/regions-snetap-fsu.fr\/pdl\/2017\/04\/10\/38-eleves-en-1ere-professionnelle-au-legta-nature-de-la-roche-sur-yon-mais-essayez-linnovation-pedagogique\/"},"wordCount":538,"publisher":{"@id":"https:\/\/regions-snetap-fsu.fr\/pdl\/#organization"},"articleSection":["Communiqu\u00e9s","La Roche sur Yon"],"inLanguage":"fr-FR"},{"@type":"WebPage","@id":"https:\/\/regions-snetap-fsu.fr\/pdl\/2017\/04\/10\/38-eleves-en-1ere-professionnelle-au-legta-nature-de-la-roche-sur-yon-mais-essayez-linnovation-pedagogique\/","url":"https:\/\/regions-snetap-fsu.fr\/pdl\/2017\/04\/10\/38-eleves-en-1ere-professionnelle-au-legta-nature-de-la-roche-sur-yon-mais-essayez-linnovation-pedagogique\/","name":"38 \u00e9l\u00e8ves en 1\u00e8re Professionnelle au LEGTA Nature de la Roche sur Yon ??? ...Essayez l'innovation p\u00e9dagogique !! - PAYS DE LA LOIRE","isPartOf":{"@id":"https:\/\/regions-snetap-fsu.fr\/pdl\/#website"},"datePublished":"2017-04-10T18:54:45+00:00","dateModified":"2018-09-19T19:57:35+00:00","breadcrumb":{"@id":"https:\/\/regions-snetap-fsu.fr\/pdl\/2017\/04\/10\/38-eleves-en-1ere-professionnelle-au-legta-nature-de-la-roche-sur-yon-mais-essayez-linnovation-pedagogique\/#breadcrumb"},"inLanguage":"fr-FR","potentialAction":[{"@type":"ReadAction","target":["https:\/\/regions-snetap-fsu.fr\/pdl\/2017\/04\/10\/38-eleves-en-1ere-professionnelle-au-legta-nature-de-la-roche-sur-yon-mais-essayez-linnovation-pedagogique\/"]}]},{"@type":"BreadcrumbList","@id":"https:\/\/regions-snetap-fsu.fr\/pdl\/2017\/04\/10\/38-eleves-en-1ere-professionnelle-au-legta-nature-de-la-roche-sur-yon-mais-essayez-linnovation-pedagogique\/#breadcrumb","itemListElement":[{"@type":"ListItem","position":1,"name":"Accueil","item":"https:\/\/regions-snetap-fsu.fr\/pdl\/"},{"@type":"ListItem","position":2,"name":"38 \u00e9l\u00e8ves en 1\u00e8re Professionnelle au LEGTA Nature de la Roche sur Yon ??? &#8230;Essayez l&rsquo;innovation p\u00e9dagogique !!"}]},{"@type":"WebSite","@id":"https:\/\/regions-snetap-fsu.fr\/pdl\/#website","url":"https:\/\/regions-snetap-fsu.fr\/pdl\/","name":"SNETAP-FSU PAYS DE LA LOIRE","description":"SECTION REGIONALE","publisher":{"@id":"https:\/\/regions-snetap-fsu.fr\/pdl\/#organization"},"potentialAction":[{"@type":"SearchAction","target":{"@type":"EntryPoint","urlTemplate":"https:\/\/regions-snetap-fsu.fr\/pdl\/?s={search_term_string}"},"query-input":{"@type":"PropertyValueSpecification","valueRequired":true,"valueName":"search_term_string"}}],"inLanguage":"fr-FR"},{"@type":"Organization","@id":"https:\/\/regions-snetap-fsu.fr\/pdl\/#organization","name":"SNETAP-FSU Pays de Loire","url":"https:\/\/regions-snetap-fsu.fr\/pdl\/","logo":{"@type":"ImageObject","inLanguage":"fr-FR","@id":"https:\/\/regions-snetap-fsu.fr\/pdl\/#\/schema\/logo\/image\/","url":"https:\/\/regions-snetap-fsu.fr\/pdl\/wp-content\/uploads\/sites\/4\/2020\/12\/SNETAP-Logo.jpg","contentUrl":"https:\/\/regions-snetap-fsu.fr\/pdl\/wp-content\/uploads\/sites\/4\/2020\/12\/SNETAP-Logo.jpg","width":464,"height":334,"caption":"SNETAP-FSU Pays de Loire"},"image":{"@id":"https:\/\/regions-snetap-fsu.fr\/pdl\/#\/schema\/logo\/image\/"}},{"@type":"Person","@id":"https:\/\/regions-snetap-fsu.fr\/pdl\/#\/schema\/person\/d4530af043f9e8d27bdd71c468ec93b1","name":"yvigner","image":{"@type":"ImageObject","inLanguage":"fr-FR","@id":"https:\/\/secure.gravatar.com\/avatar\/bc72baa6f2406549aecf77a837bc4f03dbe88472c1762138f868571430a23820?s=96&d=mm&r=g","url":"https:\/\/secure.gravatar.com\/avatar\/bc72baa6f2406549aecf77a837bc4f03dbe88472c1762138f868571430a23820?s=96&d=mm&r=g","contentUrl":"https:\/\/secure.gravatar.com\/avatar\/bc72baa6f2406549aecf77a837bc4f03dbe88472c1762138f868571430a23820?s=96&d=mm&r=g","caption":"yvigner"},"url":"https:\/\/regions-snetap-fsu.fr\/pdl\/author\/yvigner\/"}]}},"_links":{"self":[{"href":"https:\/\/regions-snetap-fsu.fr\/pdl\/wp-json\/wp\/v2\/posts\/401","targetHints":{"allow":["GET"]}}],"collection":[{"href":"https:\/\/regions-snetap-fsu.fr\/pdl\/wp-json\/wp\/v2\/posts"}],"about":[{"href":"https:\/\/regions-snetap-fsu.fr\/pdl\/wp-json\/wp\/v2\/types\/post"}],"author":[{"embeddable":true,"href":"https:\/\/regions-snetap-fsu.fr\/pdl\/wp-json\/wp\/v2\/users\/2"}],"replies":[{"embeddable":true,"href":"https:\/\/regions-snetap-fsu.fr\/pdl\/wp-json\/wp\/v2\/comments?post=401"}],"version-history":[{"count":1,"href":"https:\/\/regions-snetap-fsu.fr\/pdl\/wp-json\/wp\/v2\/posts\/401\/revisions"}],"predecessor-version":[{"id":2757,"href":"https:\/\/regions-snetap-fsu.fr\/pdl\/wp-json\/wp\/v2\/posts\/401\/revisions\/2757"}],"wp:attachment":[{"href":"https:\/\/regions-snetap-fsu.fr\/pdl\/wp-json\/wp\/v2\/media?parent=401"}],"wp:term":[{"taxonomy":"category","embeddable":true,"href":"https:\/\/regions-snetap-fsu.fr\/pdl\/wp-json\/wp\/v2\/categories?post=401"},{"taxonomy":"post_tag","embeddable":true,"href":"https:\/\/regions-snetap-fsu.fr\/pdl\/wp-json\/wp\/v2\/tags?post=401"},{"taxonomy":"post_folder","embeddable":true,"href":"https:\/\/regions-snetap-fsu.fr\/pdl\/wp-json\/wp\/v2\/post_folder?post=401"}],"curies":[{"name":"wp","href":"https:\/\/api.w.org\/{rel}","templated":true}]}}