{"id":3959,"date":"2021-05-11T15:16:19","date_gmt":"2021-05-11T13:16:19","guid":{"rendered":"https:\/\/regions-snetap-fsu.fr\/pdl\/?p=3959"},"modified":"2021-05-11T16:26:16","modified_gmt":"2021-05-11T14:26:16","slug":"audience-au-tribunal-administratif-de-nantes-le-rapporteur-public-suit-la-demande-des-personnels-et-propose-de-condamner-la-draaf","status":"publish","type":"post","link":"https:\/\/regions-snetap-fsu.fr\/pdl\/2021\/05\/11\/audience-au-tribunal-administratif-de-nantes-le-rapporteur-public-suit-la-demande-des-personnels-et-propose-de-condamner-la-draaf\/","title":{"rendered":"M\u00c9DECINE DU TRAVAIL. Audience au tribunal administratif de Nantes : le rapporteur public suit la demande des personnels et propose de condamner la DRAAF !"},"content":{"rendered":"<p style=\"text-align: justify;\"><span style=\"font-family: arial, helvetica, sans-serif;\">Ce matin (11 mai 2021) 7 des 19 plaignants qui r\u00e9clament, depuis 2017, \u00e0 la DRAAF, au Minist\u00e8re, une visite m\u00e9dicale, une m\u00e9decine de pr\u00e9vention \u00e9taient pr\u00e9sents au tribunal administratif (TA) de Nantes&#8230;MAIS PAS LA DRAAF. Une vingtaine de coll\u00e8gues d&rsquo;autres lyc\u00e9es agricoles ou enseignants \u00e0 l&rsquo;Education nationale \u00e9taient venus soutenir les agents des lyc\u00e9es agricoles mayennais et sarthois.\u00a0<\/span><\/p>\n<p><span style=\"font-family: arial, helvetica, sans-serif;\"><a href=\"https:\/\/regions-snetap-fsu.fr\/pdl\/wp-content\/uploads\/sites\/4\/2021\/05\/Tract-medecine-de-prevention-110521.pdf\">TRACT distribu\u00e9 ce matin\u00a0<\/a><\/span><\/p>\n<p style=\"text-align: justify;\"><span style=\"font-family: arial, helvetica, sans-serif;\"><strong>Lors de l&rsquo;audience (9h30-10h), le rapporteur public (magistrat du TA) a globalement suivi nos demandes et propose au Pr\u00e9sident du tribunal d&rsquo;obliger la DRAAF d&rsquo;organiser des visites m\u00e9dicales pour les 19 agents, dans les 4 mois, sous peine d&rsquo;astreinte (1000 euros par jour) et de condamner l&rsquo;Etat \u00e0 verser 1900\u20ac aux plaignants (100 \u20ac chacun)&#8230;.verdict dans 1 mois&#8230;\u00a0<\/strong><\/span><\/p>\n<p><span style=\"font-family: arial, helvetica, sans-serif;\">NE LACHONS PAS !\u00a0 CONTINUONS DE RECLAMER UNE VERITABLE MEDECINE DU TRAVAIL !<\/span><\/p>\n<p><img decoding=\"async\" class=\"alignnone size-medium wp-image-3965\" src=\"https:\/\/regions-snetap-fsu.fr\/pdl\/wp-content\/uploads\/sites\/4\/2021\/05\/20210511_083939-142x300.jpg\" alt=\"\" width=\"142\" height=\"300\" srcset=\"https:\/\/regions-snetap-fsu.fr\/pdl\/wp-content\/uploads\/sites\/4\/2021\/05\/20210511_083939-142x300.jpg 142w, https:\/\/regions-snetap-fsu.fr\/pdl\/wp-content\/uploads\/sites\/4\/2021\/05\/20210511_083939-485x1024.jpg 485w, https:\/\/regions-snetap-fsu.fr\/pdl\/wp-content\/uploads\/sites\/4\/2021\/05\/20210511_083939-768x1623.jpg 768w, https:\/\/regions-snetap-fsu.fr\/pdl\/wp-content\/uploads\/sites\/4\/2021\/05\/20210511_083939-727x1536.jpg 727w, https:\/\/regions-snetap-fsu.fr\/pdl\/wp-content\/uploads\/sites\/4\/2021\/05\/20210511_083939-969x2048.jpg 969w, https:\/\/regions-snetap-fsu.fr\/pdl\/wp-content\/uploads\/sites\/4\/2021\/05\/20210511_083939-scaled.jpg 1211w\" sizes=\"(max-width: 142px) 100vw, 142px\" \/> <img decoding=\"async\" class=\"size-medium wp-image-3964 alignleft\" src=\"https:\/\/regions-snetap-fsu.fr\/pdl\/wp-content\/uploads\/sites\/4\/2021\/05\/20210511_084323-300x142.jpg\" alt=\"\" width=\"300\" height=\"142\" srcset=\"https:\/\/regions-snetap-fsu.fr\/pdl\/wp-content\/uploads\/sites\/4\/2021\/05\/20210511_084323-300x142.jpg 300w, https:\/\/regions-snetap-fsu.fr\/pdl\/wp-content\/uploads\/sites\/4\/2021\/05\/20210511_084323-1024x485.jpg 1024w, https:\/\/regions-snetap-fsu.fr\/pdl\/wp-content\/uploads\/sites\/4\/2021\/05\/20210511_084323-768x363.jpg 768w, https:\/\/regions-snetap-fsu.fr\/pdl\/wp-content\/uploads\/sites\/4\/2021\/05\/20210511_084323-1536x727.jpg 1536w, https:\/\/regions-snetap-fsu.fr\/pdl\/wp-content\/uploads\/sites\/4\/2021\/05\/20210511_084323-2048x969.jpg 2048w\" sizes=\"(max-width: 300px) 100vw, 300px\" \/> <img decoding=\"async\" class=\"alignnone size-medium wp-image-3962\" src=\"https:\/\/regions-snetap-fsu.fr\/pdl\/wp-content\/uploads\/sites\/4\/2021\/05\/20210511_084350-300x142.jpg\" alt=\"\" width=\"300\" height=\"142\" srcset=\"https:\/\/regions-snetap-fsu.fr\/pdl\/wp-content\/uploads\/sites\/4\/2021\/05\/20210511_084350-300x142.jpg 300w, https:\/\/regions-snetap-fsu.fr\/pdl\/wp-content\/uploads\/sites\/4\/2021\/05\/20210511_084350-1024x485.jpg 1024w, https:\/\/regions-snetap-fsu.fr\/pdl\/wp-content\/uploads\/sites\/4\/2021\/05\/20210511_084350-768x363.jpg 768w, https:\/\/regions-snetap-fsu.fr\/pdl\/wp-content\/uploads\/sites\/4\/2021\/05\/20210511_084350-1536x727.jpg 1536w, https:\/\/regions-snetap-fsu.fr\/pdl\/wp-content\/uploads\/sites\/4\/2021\/05\/20210511_084350-2048x969.jpg 2048w\" sizes=\"(max-width: 300px) 100vw, 300px\" \/> <img loading=\"lazy\" decoding=\"async\" class=\"alignnone size-medium wp-image-3970\" src=\"https:\/\/regions-snetap-fsu.fr\/pdl\/wp-content\/uploads\/sites\/4\/2021\/05\/20210511_081537-142x300.jpg\" alt=\"\" width=\"142\" height=\"300\" srcset=\"https:\/\/regions-snetap-fsu.fr\/pdl\/wp-content\/uploads\/sites\/4\/2021\/05\/20210511_081537-142x300.jpg 142w, https:\/\/regions-snetap-fsu.fr\/pdl\/wp-content\/uploads\/sites\/4\/2021\/05\/20210511_081537-485x1024.jpg 485w, https:\/\/regions-snetap-fsu.fr\/pdl\/wp-content\/uploads\/sites\/4\/2021\/05\/20210511_081537-768x1623.jpg 768w, https:\/\/regions-snetap-fsu.fr\/pdl\/wp-content\/uploads\/sites\/4\/2021\/05\/20210511_081537-727x1536.jpg 727w, https:\/\/regions-snetap-fsu.fr\/pdl\/wp-content\/uploads\/sites\/4\/2021\/05\/20210511_081537-969x2048.jpg 969w, https:\/\/regions-snetap-fsu.fr\/pdl\/wp-content\/uploads\/sites\/4\/2021\/05\/20210511_081537-scaled.jpg 1211w\" sizes=\"(max-width: 142px) 100vw, 142px\" \/> <img loading=\"lazy\" decoding=\"async\" class=\"size-medium wp-image-3960 alignright\" src=\"https:\/\/regions-snetap-fsu.fr\/pdl\/wp-content\/uploads\/sites\/4\/2021\/05\/20210511_084540-300x142.jpg\" alt=\"\" width=\"300\" height=\"142\" srcset=\"https:\/\/regions-snetap-fsu.fr\/pdl\/wp-content\/uploads\/sites\/4\/2021\/05\/20210511_084540-300x142.jpg 300w, https:\/\/regions-snetap-fsu.fr\/pdl\/wp-content\/uploads\/sites\/4\/2021\/05\/20210511_084540-1024x485.jpg 1024w, https:\/\/regions-snetap-fsu.fr\/pdl\/wp-content\/uploads\/sites\/4\/2021\/05\/20210511_084540-768x363.jpg 768w, https:\/\/regions-snetap-fsu.fr\/pdl\/wp-content\/uploads\/sites\/4\/2021\/05\/20210511_084540-1536x727.jpg 1536w, https:\/\/regions-snetap-fsu.fr\/pdl\/wp-content\/uploads\/sites\/4\/2021\/05\/20210511_084540-2048x969.jpg 2048w\" sizes=\"(max-width: 300px) 100vw, 300px\" \/><\/p>\n<div style=\"text-align: center;\"><span style=\"color: #0000ff;\"><strong><span style=\"font-family: arial, helvetica, sans-serif;\"><a style=\"color: #0000ff;\" href=\"https:\/\/www.facebook.com\/plugins\/video.php?height=314&amp;href=https%3A%2F%2Fwww.facebook.com%2Fsnetap%2Fvideos%2F483112206076447%2F&amp;show_text=false&amp;width=560\">VIDEO ICI \u00e0 la sortie de l&rsquo;audience<\/a><\/span><\/strong><\/span><\/div>\n<div style=\"text-align: center;\"><\/div>\n<div style=\"text-align: center;\"><span style=\"color: #0000ff;\"><strong><span style=\"font-family: arial, helvetica, sans-serif;\"><a style=\"color: #0000ff;\" href=\"https:\/\/www.facebook.com\/plugins\/video.php?height=314&amp;href=https%3A%2F%2Fwww.facebook.com%2Fsnetap%2Fvideos%2F180942653900409%2F&amp;show_text=false&amp;width=560\">L&rsquo;analyse du secr\u00e9tariat g\u00e9n\u00e9ral du SNETAP-FSU<\/a><\/span><\/strong><\/span><\/div>\n","protected":false},"excerpt":{"rendered":"<p>Ce matin (11 mai 2021) 7 des 19 plaignants qui r\u00e9clament, depuis 2017, \u00e0 la DRAAF, au Minist\u00e8re, une visite m\u00e9dicale, une m\u00e9decine de pr\u00e9vention \u00e9taient pr\u00e9sents au tribunal administratif (TA) de Nantes&#8230;MAIS PAS LA DRAAF. Une vingtaine de coll\u00e8gues d&rsquo;autres lyc\u00e9es agricoles ou enseignants \u00e0 l&rsquo;Education nationale \u00e9taient venus soutenir les agents des lyc\u00e9es [&hellip;]<\/p>\n","protected":false},"author":2,"featured_media":3972,"comment_status":"closed","ping_status":"closed","sticky":false,"template":"","format":"standard","meta":{"ocean_post_layout":"","ocean_both_sidebars_style":"","ocean_both_sidebars_content_width":0,"ocean_both_sidebars_sidebars_width":0,"ocean_sidebar":"0","ocean_second_sidebar":"0","ocean_disable_margins":"enable","ocean_add_body_class":"","ocean_shortcode_before_top_bar":"","ocean_shortcode_after_top_bar":"","ocean_shortcode_before_header":"","ocean_shortcode_after_header":"","ocean_has_shortcode":"","ocean_shortcode_after_title":"","ocean_shortcode_before_footer_widgets":"","ocean_shortcode_after_footer_widgets":"","ocean_shortcode_before_footer_bottom":"","ocean_shortcode_after_footer_bottom":"","ocean_display_top_bar":"default","ocean_display_header":"default","ocean_header_style":"","ocean_center_header_left_menu":"0","ocean_custom_header_template":"0","ocean_custom_logo":0,"ocean_custom_retina_logo":0,"ocean_custom_logo_max_width":0,"ocean_custom_logo_tablet_max_width":0,"ocean_custom_logo_mobile_max_width":0,"ocean_custom_logo_max_height":0,"ocean_custom_logo_tablet_max_height":0,"ocean_custom_logo_mobile_max_height":0,"ocean_header_custom_menu":"0","ocean_menu_typo_font_family":"0","ocean_menu_typo_font_subset":"","ocean_menu_typo_font_size":0,"ocean_menu_typo_font_size_tablet":0,"ocean_menu_typo_font_size_mobile":0,"ocean_menu_typo_font_size_unit":"px","ocean_menu_typo_font_weight":"","ocean_menu_typo_font_weight_tablet":"","ocean_menu_typo_font_weight_mobile":"","ocean_menu_typo_transform":"","ocean_menu_typo_transform_tablet":"","ocean_menu_typo_transform_mobile":"","ocean_menu_typo_line_height":0,"ocean_menu_typo_line_height_tablet":0,"ocean_menu_typo_line_height_mobile":0,"ocean_menu_typo_line_height_unit":"","ocean_menu_typo_spacing":0,"ocean_menu_typo_spacing_tablet":0,"ocean_menu_typo_spacing_mobile":0,"ocean_menu_typo_spacing_unit":"","ocean_menu_link_color":"","ocean_menu_link_color_hover":"","ocean_menu_link_color_active":"","ocean_menu_link_background":"","ocean_menu_link_hover_background":"","ocean_menu_link_active_background":"","ocean_menu_social_links_bg":"","ocean_menu_social_hover_links_bg":"","ocean_menu_social_links_color":"","ocean_menu_social_hover_links_color":"","ocean_disable_title":"default","ocean_disable_heading":"default","ocean_post_title":"","ocean_post_subheading":"","ocean_post_title_style":"","ocean_post_title_background_color":"","ocean_post_title_background":0,"ocean_post_title_bg_image_position":"","ocean_post_title_bg_image_attachment":"","ocean_post_title_bg_image_repeat":"","ocean_post_title_bg_image_size":"","ocean_post_title_height":0,"ocean_post_title_bg_overlay":0.5,"ocean_post_title_bg_overlay_color":"","ocean_disable_breadcrumbs":"default","ocean_breadcrumbs_color":"","ocean_breadcrumbs_separator_color":"","ocean_breadcrumbs_links_color":"","ocean_breadcrumbs_links_hover_color":"","ocean_display_footer_widgets":"default","ocean_display_footer_bottom":"default","ocean_custom_footer_template":"0","ocean_post_oembed":"","ocean_post_self_hosted_media":"","ocean_post_video_embed":"","ocean_link_format":"","ocean_link_format_target":"self","ocean_quote_format":"","ocean_quote_format_link":"post","ocean_gallery_link_images":"off","ocean_gallery_id":[],"footnotes":""},"categories":[28,19,11,18,20,23,24],"tags":[],"post_folder":[],"class_list":["post-3959","post","type-post","status-publish","format-standard","has-post-thumbnail","hentry","category-actions-regionales","category-chateau-gontier","category-chsctrea","category-laval","category-le-mans","category-montreuil-bellay","category-nantes-terre-atlantique","entry","has-media"],"yoast_head":"<!-- This site is optimized with the Yoast SEO plugin v27.4 - https:\/\/yoast.com\/product\/yoast-seo-wordpress\/ -->\n<title>M\u00c9DECINE DU TRAVAIL. Audience au tribunal administratif de Nantes : le rapporteur public suit la demande des personnels et propose de condamner la DRAAF ! - PAYS DE LA LOIRE<\/title>\n<meta name=\"robots\" content=\"index, follow, max-snippet:-1, max-image-preview:large, max-video-preview:-1\" \/>\n<link rel=\"canonical\" href=\"https:\/\/regions-snetap-fsu.fr\/pdl\/2021\/05\/11\/audience-au-tribunal-administratif-de-nantes-le-rapporteur-public-suit-la-demande-des-personnels-et-propose-de-condamner-la-draaf\/\" \/>\n<meta property=\"og:locale\" content=\"fr_FR\" \/>\n<meta property=\"og:type\" content=\"article\" \/>\n<meta property=\"og:title\" content=\"M\u00c9DECINE DU TRAVAIL. Audience au tribunal administratif de Nantes : le rapporteur public suit la demande des personnels et propose de condamner la DRAAF ! - PAYS DE LA LOIRE\" \/>\n<meta property=\"og:description\" content=\"Ce matin (11 mai 2021) 7 des 19 plaignants qui r\u00e9clament, depuis 2017, \u00e0 la DRAAF, au Minist\u00e8re, une visite m\u00e9dicale, une m\u00e9decine de pr\u00e9vention \u00e9taient pr\u00e9sents au tribunal administratif (TA) de Nantes&#8230;MAIS PAS LA DRAAF. Une vingtaine de coll\u00e8gues d&rsquo;autres lyc\u00e9es agricoles ou enseignants \u00e0 l&rsquo;Education nationale \u00e9taient venus soutenir les agents des lyc\u00e9es [&hellip;]\" \/>\n<meta property=\"og:url\" content=\"https:\/\/regions-snetap-fsu.fr\/pdl\/2021\/05\/11\/audience-au-tribunal-administratif-de-nantes-le-rapporteur-public-suit-la-demande-des-personnels-et-propose-de-condamner-la-draaf\/\" \/>\n<meta property=\"og:site_name\" content=\"PAYS DE LA LOIRE\" \/>\n<meta property=\"article:published_time\" content=\"2021-05-11T13:16:19+00:00\" \/>\n<meta property=\"article:modified_time\" content=\"2021-05-11T14:26:16+00:00\" \/>\n<meta property=\"og:image\" content=\"https:\/\/regions-snetap-fsu.fr\/pdl\/wp-content\/uploads\/sites\/4\/2021\/05\/E1F3lxrWUAAEhXx.jpg\" \/>\n\t<meta property=\"og:image:width\" content=\"2048\" \/>\n\t<meta property=\"og:image:height\" content=\"1152\" \/>\n\t<meta property=\"og:image:type\" content=\"image\/jpeg\" \/>\n<meta name=\"author\" content=\"yvigner\" \/>\n<meta name=\"twitter:card\" content=\"summary_large_image\" \/>\n<meta name=\"twitter:label1\" content=\"\u00c9crit par\" \/>\n\t<meta name=\"twitter:data1\" content=\"yvigner\" \/>\n\t<meta name=\"twitter:label2\" content=\"Dur\u00e9e de lecture estim\u00e9e\" \/>\n\t<meta name=\"twitter:data2\" content=\"1 minute\" \/>\n<script type=\"application\/ld+json\" class=\"yoast-schema-graph\">{\"@context\":\"https:\\\/\\\/schema.org\",\"@graph\":[{\"@type\":\"Article\",\"@id\":\"https:\\\/\\\/regions-snetap-fsu.fr\\\/pdl\\\/2021\\\/05\\\/11\\\/audience-au-tribunal-administratif-de-nantes-le-rapporteur-public-suit-la-demande-des-personnels-et-propose-de-condamner-la-draaf\\\/#article\",\"isPartOf\":{\"@id\":\"https:\\\/\\\/regions-snetap-fsu.fr\\\/pdl\\\/2021\\\/05\\\/11\\\/audience-au-tribunal-administratif-de-nantes-le-rapporteur-public-suit-la-demande-des-personnels-et-propose-de-condamner-la-draaf\\\/\"},\"author\":{\"name\":\"yvigner\",\"@id\":\"https:\\\/\\\/regions-snetap-fsu.fr\\\/pdl\\\/#\\\/schema\\\/person\\\/d4530af043f9e8d27bdd71c468ec93b1\"},\"headline\":\"M\u00c9DECINE DU TRAVAIL. Audience au tribunal administratif de Nantes : le rapporteur public suit la demande des personnels et propose de condamner la DRAAF !\",\"datePublished\":\"2021-05-11T13:16:19+00:00\",\"dateModified\":\"2021-05-11T14:26:16+00:00\",\"mainEntityOfPage\":{\"@id\":\"https:\\\/\\\/regions-snetap-fsu.fr\\\/pdl\\\/2021\\\/05\\\/11\\\/audience-au-tribunal-administratif-de-nantes-le-rapporteur-public-suit-la-demande-des-personnels-et-propose-de-condamner-la-draaf\\\/\"},\"wordCount\":180,\"publisher\":{\"@id\":\"https:\\\/\\\/regions-snetap-fsu.fr\\\/pdl\\\/#organization\"},\"image\":{\"@id\":\"https:\\\/\\\/regions-snetap-fsu.fr\\\/pdl\\\/2021\\\/05\\\/11\\\/audience-au-tribunal-administratif-de-nantes-le-rapporteur-public-suit-la-demande-des-personnels-et-propose-de-condamner-la-draaf\\\/#primaryimage\"},\"thumbnailUrl\":\"https:\\\/\\\/regions-snetap-fsu.fr\\\/pdl\\\/wp-content\\\/uploads\\\/sites\\\/4\\\/2021\\\/05\\\/E1F3lxrWUAAEhXx.jpg\",\"articleSection\":[\"Actions r\u00e9gionales\",\"Chateau Gontier\",\"Formation sp\u00e9cialis\u00e9e Sant\u00e9 et S\u00e9curit\u00e9 au travail (ex-CHSCTREA)\",\"Laval\",\"Le Mans\",\"Montreuil Bellay\",\"Nantes Terre Atlantique\"],\"inLanguage\":\"fr-FR\"},{\"@type\":\"WebPage\",\"@id\":\"https:\\\/\\\/regions-snetap-fsu.fr\\\/pdl\\\/2021\\\/05\\\/11\\\/audience-au-tribunal-administratif-de-nantes-le-rapporteur-public-suit-la-demande-des-personnels-et-propose-de-condamner-la-draaf\\\/\",\"url\":\"https:\\\/\\\/regions-snetap-fsu.fr\\\/pdl\\\/2021\\\/05\\\/11\\\/audience-au-tribunal-administratif-de-nantes-le-rapporteur-public-suit-la-demande-des-personnels-et-propose-de-condamner-la-draaf\\\/\",\"name\":\"M\u00c9DECINE DU TRAVAIL. Audience au tribunal administratif de Nantes : le rapporteur public suit la demande des personnels et propose de condamner la DRAAF ! - PAYS DE LA LOIRE\",\"isPartOf\":{\"@id\":\"https:\\\/\\\/regions-snetap-fsu.fr\\\/pdl\\\/#website\"},\"primaryImageOfPage\":{\"@id\":\"https:\\\/\\\/regions-snetap-fsu.fr\\\/pdl\\\/2021\\\/05\\\/11\\\/audience-au-tribunal-administratif-de-nantes-le-rapporteur-public-suit-la-demande-des-personnels-et-propose-de-condamner-la-draaf\\\/#primaryimage\"},\"image\":{\"@id\":\"https:\\\/\\\/regions-snetap-fsu.fr\\\/pdl\\\/2021\\\/05\\\/11\\\/audience-au-tribunal-administratif-de-nantes-le-rapporteur-public-suit-la-demande-des-personnels-et-propose-de-condamner-la-draaf\\\/#primaryimage\"},\"thumbnailUrl\":\"https:\\\/\\\/regions-snetap-fsu.fr\\\/pdl\\\/wp-content\\\/uploads\\\/sites\\\/4\\\/2021\\\/05\\\/E1F3lxrWUAAEhXx.jpg\",\"datePublished\":\"2021-05-11T13:16:19+00:00\",\"dateModified\":\"2021-05-11T14:26:16+00:00\",\"breadcrumb\":{\"@id\":\"https:\\\/\\\/regions-snetap-fsu.fr\\\/pdl\\\/2021\\\/05\\\/11\\\/audience-au-tribunal-administratif-de-nantes-le-rapporteur-public-suit-la-demande-des-personnels-et-propose-de-condamner-la-draaf\\\/#breadcrumb\"},\"inLanguage\":\"fr-FR\",\"potentialAction\":[{\"@type\":\"ReadAction\",\"target\":[\"https:\\\/\\\/regions-snetap-fsu.fr\\\/pdl\\\/2021\\\/05\\\/11\\\/audience-au-tribunal-administratif-de-nantes-le-rapporteur-public-suit-la-demande-des-personnels-et-propose-de-condamner-la-draaf\\\/\"]}]},{\"@type\":\"ImageObject\",\"inLanguage\":\"fr-FR\",\"@id\":\"https:\\\/\\\/regions-snetap-fsu.fr\\\/pdl\\\/2021\\\/05\\\/11\\\/audience-au-tribunal-administratif-de-nantes-le-rapporteur-public-suit-la-demande-des-personnels-et-propose-de-condamner-la-draaf\\\/#primaryimage\",\"url\":\"https:\\\/\\\/regions-snetap-fsu.fr\\\/pdl\\\/wp-content\\\/uploads\\\/sites\\\/4\\\/2021\\\/05\\\/E1F3lxrWUAAEhXx.jpg\",\"contentUrl\":\"https:\\\/\\\/regions-snetap-fsu.fr\\\/pdl\\\/wp-content\\\/uploads\\\/sites\\\/4\\\/2021\\\/05\\\/E1F3lxrWUAAEhXx.jpg\",\"width\":2048,\"height\":1152},{\"@type\":\"BreadcrumbList\",\"@id\":\"https:\\\/\\\/regions-snetap-fsu.fr\\\/pdl\\\/2021\\\/05\\\/11\\\/audience-au-tribunal-administratif-de-nantes-le-rapporteur-public-suit-la-demande-des-personnels-et-propose-de-condamner-la-draaf\\\/#breadcrumb\",\"itemListElement\":[{\"@type\":\"ListItem\",\"position\":1,\"name\":\"Accueil\",\"item\":\"https:\\\/\\\/regions-snetap-fsu.fr\\\/pdl\\\/\"},{\"@type\":\"ListItem\",\"position\":2,\"name\":\"M\u00c9DECINE DU TRAVAIL. Audience au tribunal administratif de Nantes : le rapporteur public suit la demande des personnels et propose de condamner la DRAAF !\"}]},{\"@type\":\"WebSite\",\"@id\":\"https:\\\/\\\/regions-snetap-fsu.fr\\\/pdl\\\/#website\",\"url\":\"https:\\\/\\\/regions-snetap-fsu.fr\\\/pdl\\\/\",\"name\":\"SNETAP-FSU PAYS DE LA LOIRE\",\"description\":\"SECTION REGIONALE\",\"publisher\":{\"@id\":\"https:\\\/\\\/regions-snetap-fsu.fr\\\/pdl\\\/#organization\"},\"potentialAction\":[{\"@type\":\"SearchAction\",\"target\":{\"@type\":\"EntryPoint\",\"urlTemplate\":\"https:\\\/\\\/regions-snetap-fsu.fr\\\/pdl\\\/?s={search_term_string}\"},\"query-input\":{\"@type\":\"PropertyValueSpecification\",\"valueRequired\":true,\"valueName\":\"search_term_string\"}}],\"inLanguage\":\"fr-FR\"},{\"@type\":\"Organization\",\"@id\":\"https:\\\/\\\/regions-snetap-fsu.fr\\\/pdl\\\/#organization\",\"name\":\"SNETAP-FSU Pays de Loire\",\"url\":\"https:\\\/\\\/regions-snetap-fsu.fr\\\/pdl\\\/\",\"logo\":{\"@type\":\"ImageObject\",\"inLanguage\":\"fr-FR\",\"@id\":\"https:\\\/\\\/regions-snetap-fsu.fr\\\/pdl\\\/#\\\/schema\\\/logo\\\/image\\\/\",\"url\":\"https:\\\/\\\/regions-snetap-fsu.fr\\\/pdl\\\/wp-content\\\/uploads\\\/sites\\\/4\\\/2020\\\/12\\\/SNETAP-Logo.jpg\",\"contentUrl\":\"https:\\\/\\\/regions-snetap-fsu.fr\\\/pdl\\\/wp-content\\\/uploads\\\/sites\\\/4\\\/2020\\\/12\\\/SNETAP-Logo.jpg\",\"width\":464,\"height\":334,\"caption\":\"SNETAP-FSU Pays de Loire\"},\"image\":{\"@id\":\"https:\\\/\\\/regions-snetap-fsu.fr\\\/pdl\\\/#\\\/schema\\\/logo\\\/image\\\/\"}},{\"@type\":\"Person\",\"@id\":\"https:\\\/\\\/regions-snetap-fsu.fr\\\/pdl\\\/#\\\/schema\\\/person\\\/d4530af043f9e8d27bdd71c468ec93b1\",\"name\":\"yvigner\",\"image\":{\"@type\":\"ImageObject\",\"inLanguage\":\"fr-FR\",\"@id\":\"https:\\\/\\\/secure.gravatar.com\\\/avatar\\\/bc72baa6f2406549aecf77a837bc4f03dbe88472c1762138f868571430a23820?s=96&d=mm&r=g\",\"url\":\"https:\\\/\\\/secure.gravatar.com\\\/avatar\\\/bc72baa6f2406549aecf77a837bc4f03dbe88472c1762138f868571430a23820?s=96&d=mm&r=g\",\"contentUrl\":\"https:\\\/\\\/secure.gravatar.com\\\/avatar\\\/bc72baa6f2406549aecf77a837bc4f03dbe88472c1762138f868571430a23820?s=96&d=mm&r=g\",\"caption\":\"yvigner\"},\"url\":\"https:\\\/\\\/regions-snetap-fsu.fr\\\/pdl\\\/author\\\/yvigner\\\/\"}]}<\/script>\n<!-- \/ Yoast SEO plugin. -->","yoast_head_json":{"title":"M\u00c9DECINE DU TRAVAIL. Audience au tribunal administratif de Nantes : le rapporteur public suit la demande des personnels et propose de condamner la DRAAF ! - PAYS DE LA LOIRE","robots":{"index":"index","follow":"follow","max-snippet":"max-snippet:-1","max-image-preview":"max-image-preview:large","max-video-preview":"max-video-preview:-1"},"canonical":"https:\/\/regions-snetap-fsu.fr\/pdl\/2021\/05\/11\/audience-au-tribunal-administratif-de-nantes-le-rapporteur-public-suit-la-demande-des-personnels-et-propose-de-condamner-la-draaf\/","og_locale":"fr_FR","og_type":"article","og_title":"M\u00c9DECINE DU TRAVAIL. Audience au tribunal administratif de Nantes : le rapporteur public suit la demande des personnels et propose de condamner la DRAAF ! - PAYS DE LA LOIRE","og_description":"Ce matin (11 mai 2021) 7 des 19 plaignants qui r\u00e9clament, depuis 2017, \u00e0 la DRAAF, au Minist\u00e8re, une visite m\u00e9dicale, une m\u00e9decine de pr\u00e9vention \u00e9taient pr\u00e9sents au tribunal administratif (TA) de Nantes&#8230;MAIS PAS LA DRAAF. Une vingtaine de coll\u00e8gues d&rsquo;autres lyc\u00e9es agricoles ou enseignants \u00e0 l&rsquo;Education nationale \u00e9taient venus soutenir les agents des lyc\u00e9es [&hellip;]","og_url":"https:\/\/regions-snetap-fsu.fr\/pdl\/2021\/05\/11\/audience-au-tribunal-administratif-de-nantes-le-rapporteur-public-suit-la-demande-des-personnels-et-propose-de-condamner-la-draaf\/","og_site_name":"PAYS DE LA LOIRE","article_published_time":"2021-05-11T13:16:19+00:00","article_modified_time":"2021-05-11T14:26:16+00:00","og_image":[{"width":2048,"height":1152,"url":"https:\/\/regions-snetap-fsu.fr\/pdl\/wp-content\/uploads\/sites\/4\/2021\/05\/E1F3lxrWUAAEhXx.jpg","type":"image\/jpeg"}],"author":"yvigner","twitter_card":"summary_large_image","twitter_misc":{"\u00c9crit par":"yvigner","Dur\u00e9e de lecture estim\u00e9e":"1 minute"},"schema":{"@context":"https:\/\/schema.org","@graph":[{"@type":"Article","@id":"https:\/\/regions-snetap-fsu.fr\/pdl\/2021\/05\/11\/audience-au-tribunal-administratif-de-nantes-le-rapporteur-public-suit-la-demande-des-personnels-et-propose-de-condamner-la-draaf\/#article","isPartOf":{"@id":"https:\/\/regions-snetap-fsu.fr\/pdl\/2021\/05\/11\/audience-au-tribunal-administratif-de-nantes-le-rapporteur-public-suit-la-demande-des-personnels-et-propose-de-condamner-la-draaf\/"},"author":{"name":"yvigner","@id":"https:\/\/regions-snetap-fsu.fr\/pdl\/#\/schema\/person\/d4530af043f9e8d27bdd71c468ec93b1"},"headline":"M\u00c9DECINE DU TRAVAIL. Audience au tribunal administratif de Nantes : le rapporteur public suit la demande des personnels et propose de condamner la DRAAF !","datePublished":"2021-05-11T13:16:19+00:00","dateModified":"2021-05-11T14:26:16+00:00","mainEntityOfPage":{"@id":"https:\/\/regions-snetap-fsu.fr\/pdl\/2021\/05\/11\/audience-au-tribunal-administratif-de-nantes-le-rapporteur-public-suit-la-demande-des-personnels-et-propose-de-condamner-la-draaf\/"},"wordCount":180,"publisher":{"@id":"https:\/\/regions-snetap-fsu.fr\/pdl\/#organization"},"image":{"@id":"https:\/\/regions-snetap-fsu.fr\/pdl\/2021\/05\/11\/audience-au-tribunal-administratif-de-nantes-le-rapporteur-public-suit-la-demande-des-personnels-et-propose-de-condamner-la-draaf\/#primaryimage"},"thumbnailUrl":"https:\/\/regions-snetap-fsu.fr\/pdl\/wp-content\/uploads\/sites\/4\/2021\/05\/E1F3lxrWUAAEhXx.jpg","articleSection":["Actions r\u00e9gionales","Chateau Gontier","Formation sp\u00e9cialis\u00e9e Sant\u00e9 et S\u00e9curit\u00e9 au travail (ex-CHSCTREA)","Laval","Le Mans","Montreuil Bellay","Nantes Terre Atlantique"],"inLanguage":"fr-FR"},{"@type":"WebPage","@id":"https:\/\/regions-snetap-fsu.fr\/pdl\/2021\/05\/11\/audience-au-tribunal-administratif-de-nantes-le-rapporteur-public-suit-la-demande-des-personnels-et-propose-de-condamner-la-draaf\/","url":"https:\/\/regions-snetap-fsu.fr\/pdl\/2021\/05\/11\/audience-au-tribunal-administratif-de-nantes-le-rapporteur-public-suit-la-demande-des-personnels-et-propose-de-condamner-la-draaf\/","name":"M\u00c9DECINE DU TRAVAIL. Audience au tribunal administratif de Nantes : le rapporteur public suit la demande des personnels et propose de condamner la DRAAF ! - PAYS DE LA LOIRE","isPartOf":{"@id":"https:\/\/regions-snetap-fsu.fr\/pdl\/#website"},"primaryImageOfPage":{"@id":"https:\/\/regions-snetap-fsu.fr\/pdl\/2021\/05\/11\/audience-au-tribunal-administratif-de-nantes-le-rapporteur-public-suit-la-demande-des-personnels-et-propose-de-condamner-la-draaf\/#primaryimage"},"image":{"@id":"https:\/\/regions-snetap-fsu.fr\/pdl\/2021\/05\/11\/audience-au-tribunal-administratif-de-nantes-le-rapporteur-public-suit-la-demande-des-personnels-et-propose-de-condamner-la-draaf\/#primaryimage"},"thumbnailUrl":"https:\/\/regions-snetap-fsu.fr\/pdl\/wp-content\/uploads\/sites\/4\/2021\/05\/E1F3lxrWUAAEhXx.jpg","datePublished":"2021-05-11T13:16:19+00:00","dateModified":"2021-05-11T14:26:16+00:00","breadcrumb":{"@id":"https:\/\/regions-snetap-fsu.fr\/pdl\/2021\/05\/11\/audience-au-tribunal-administratif-de-nantes-le-rapporteur-public-suit-la-demande-des-personnels-et-propose-de-condamner-la-draaf\/#breadcrumb"},"inLanguage":"fr-FR","potentialAction":[{"@type":"ReadAction","target":["https:\/\/regions-snetap-fsu.fr\/pdl\/2021\/05\/11\/audience-au-tribunal-administratif-de-nantes-le-rapporteur-public-suit-la-demande-des-personnels-et-propose-de-condamner-la-draaf\/"]}]},{"@type":"ImageObject","inLanguage":"fr-FR","@id":"https:\/\/regions-snetap-fsu.fr\/pdl\/2021\/05\/11\/audience-au-tribunal-administratif-de-nantes-le-rapporteur-public-suit-la-demande-des-personnels-et-propose-de-condamner-la-draaf\/#primaryimage","url":"https:\/\/regions-snetap-fsu.fr\/pdl\/wp-content\/uploads\/sites\/4\/2021\/05\/E1F3lxrWUAAEhXx.jpg","contentUrl":"https:\/\/regions-snetap-fsu.fr\/pdl\/wp-content\/uploads\/sites\/4\/2021\/05\/E1F3lxrWUAAEhXx.jpg","width":2048,"height":1152},{"@type":"BreadcrumbList","@id":"https:\/\/regions-snetap-fsu.fr\/pdl\/2021\/05\/11\/audience-au-tribunal-administratif-de-nantes-le-rapporteur-public-suit-la-demande-des-personnels-et-propose-de-condamner-la-draaf\/#breadcrumb","itemListElement":[{"@type":"ListItem","position":1,"name":"Accueil","item":"https:\/\/regions-snetap-fsu.fr\/pdl\/"},{"@type":"ListItem","position":2,"name":"M\u00c9DECINE DU TRAVAIL. Audience au tribunal administratif de Nantes : le rapporteur public suit la demande des personnels et propose de condamner la DRAAF !"}]},{"@type":"WebSite","@id":"https:\/\/regions-snetap-fsu.fr\/pdl\/#website","url":"https:\/\/regions-snetap-fsu.fr\/pdl\/","name":"SNETAP-FSU PAYS DE LA LOIRE","description":"SECTION REGIONALE","publisher":{"@id":"https:\/\/regions-snetap-fsu.fr\/pdl\/#organization"},"potentialAction":[{"@type":"SearchAction","target":{"@type":"EntryPoint","urlTemplate":"https:\/\/regions-snetap-fsu.fr\/pdl\/?s={search_term_string}"},"query-input":{"@type":"PropertyValueSpecification","valueRequired":true,"valueName":"search_term_string"}}],"inLanguage":"fr-FR"},{"@type":"Organization","@id":"https:\/\/regions-snetap-fsu.fr\/pdl\/#organization","name":"SNETAP-FSU Pays de Loire","url":"https:\/\/regions-snetap-fsu.fr\/pdl\/","logo":{"@type":"ImageObject","inLanguage":"fr-FR","@id":"https:\/\/regions-snetap-fsu.fr\/pdl\/#\/schema\/logo\/image\/","url":"https:\/\/regions-snetap-fsu.fr\/pdl\/wp-content\/uploads\/sites\/4\/2020\/12\/SNETAP-Logo.jpg","contentUrl":"https:\/\/regions-snetap-fsu.fr\/pdl\/wp-content\/uploads\/sites\/4\/2020\/12\/SNETAP-Logo.jpg","width":464,"height":334,"caption":"SNETAP-FSU Pays de Loire"},"image":{"@id":"https:\/\/regions-snetap-fsu.fr\/pdl\/#\/schema\/logo\/image\/"}},{"@type":"Person","@id":"https:\/\/regions-snetap-fsu.fr\/pdl\/#\/schema\/person\/d4530af043f9e8d27bdd71c468ec93b1","name":"yvigner","image":{"@type":"ImageObject","inLanguage":"fr-FR","@id":"https:\/\/secure.gravatar.com\/avatar\/bc72baa6f2406549aecf77a837bc4f03dbe88472c1762138f868571430a23820?s=96&d=mm&r=g","url":"https:\/\/secure.gravatar.com\/avatar\/bc72baa6f2406549aecf77a837bc4f03dbe88472c1762138f868571430a23820?s=96&d=mm&r=g","contentUrl":"https:\/\/secure.gravatar.com\/avatar\/bc72baa6f2406549aecf77a837bc4f03dbe88472c1762138f868571430a23820?s=96&d=mm&r=g","caption":"yvigner"},"url":"https:\/\/regions-snetap-fsu.fr\/pdl\/author\/yvigner\/"}]}},"_links":{"self":[{"href":"https:\/\/regions-snetap-fsu.fr\/pdl\/wp-json\/wp\/v2\/posts\/3959","targetHints":{"allow":["GET"]}}],"collection":[{"href":"https:\/\/regions-snetap-fsu.fr\/pdl\/wp-json\/wp\/v2\/posts"}],"about":[{"href":"https:\/\/regions-snetap-fsu.fr\/pdl\/wp-json\/wp\/v2\/types\/post"}],"author":[{"embeddable":true,"href":"https:\/\/regions-snetap-fsu.fr\/pdl\/wp-json\/wp\/v2\/users\/2"}],"replies":[{"embeddable":true,"href":"https:\/\/regions-snetap-fsu.fr\/pdl\/wp-json\/wp\/v2\/comments?post=3959"}],"version-history":[{"count":8,"href":"https:\/\/regions-snetap-fsu.fr\/pdl\/wp-json\/wp\/v2\/posts\/3959\/revisions"}],"predecessor-version":[{"id":3981,"href":"https:\/\/regions-snetap-fsu.fr\/pdl\/wp-json\/wp\/v2\/posts\/3959\/revisions\/3981"}],"wp:featuredmedia":[{"embeddable":true,"href":"https:\/\/regions-snetap-fsu.fr\/pdl\/wp-json\/wp\/v2\/media\/3972"}],"wp:attachment":[{"href":"https:\/\/regions-snetap-fsu.fr\/pdl\/wp-json\/wp\/v2\/media?parent=3959"}],"wp:term":[{"taxonomy":"category","embeddable":true,"href":"https:\/\/regions-snetap-fsu.fr\/pdl\/wp-json\/wp\/v2\/categories?post=3959"},{"taxonomy":"post_tag","embeddable":true,"href":"https:\/\/regions-snetap-fsu.fr\/pdl\/wp-json\/wp\/v2\/tags?post=3959"},{"taxonomy":"post_folder","embeddable":true,"href":"https:\/\/regions-snetap-fsu.fr\/pdl\/wp-json\/wp\/v2\/post_folder?post=3959"}],"curies":[{"name":"wp","href":"https:\/\/api.w.org\/{rel}","templated":true}]}}