{"id":3953,"date":"2021-05-07T21:49:51","date_gmt":"2021-05-07T19:49:51","guid":{"rendered":"https:\/\/regions-snetap-fsu.fr\/pdl\/?p=3953"},"modified":"2021-05-07T22:20:17","modified_gmt":"2021-05-07T20:20:17","slug":"pour-une-medecine-du-travail-dans-lenseignement-agricole-public-ligerien-rassemblement-au-tribunal-administratif-de-nantes","status":"publish","type":"post","link":"https:\/\/regions-snetap-fsu.fr\/pdl\/2021\/05\/07\/pour-une-medecine-du-travail-dans-lenseignement-agricole-public-ligerien-rassemblement-au-tribunal-administratif-de-nantes\/","title":{"rendered":"Pour une m\u00e9decine du travail dans l&rsquo;enseignement agricole public lig\u00e9rien. Rassemblement au Tribunal administratif de Nantes."},"content":{"rendered":"<p style=\"text-align: justify;\"><span style=\"font-family: arial, helvetica, sans-serif;\"><strong>Mardi 11 mai \u00e0 partir de 8h30, le SNETAP-FSU (1er syndicat des personnels de l&rsquo;enseignement agricole public) appelle les personnels des lyc\u00e9es agricoles publics lig\u00e9riens \u00e0 venir soutenir leurs 20 coll\u00e8gues qui assisteront \u00e0 l&rsquo;audience du tribunal administratif de Nantes.<\/strong> <\/span><\/p>\n<p style=\"text-align: justify;\"><span style=\"font-family: arial, helvetica, sans-serif;\">Ces coll\u00e8gues ont lanc\u00e9, il y a plus de 3 ans, une proc\u00e9dure judiciaire pour demander le respect de leur droit \u00e0 la sant\u00e9 au travail et avoir acc\u00e8s \u00e0 la m\u00e9decine du travail. En effet, les personnels des lyc\u00e9es agricoles de la Sarthe, de la Mayenne et depuis 2 ans ceux de Loire Atlantique et de Vend\u00e9e n&rsquo;ont PAS ACCES \u00e0 la m\u00e9decine du travail. UN SCANDALE INACCEPTABLE auquel il doit \u00eatre mis fin.\u00a0<\/span><\/p>\n<p><span style=\"font-family: arial, helvetica, sans-serif;\"><span style=\"text-decoration: underline;\"><strong>Contacts :<\/strong><\/span>\u00a0 <\/span><span style=\"font-family: arial, helvetica, sans-serif;\">Yoann VIGNER\u00a0 \u00a006 72 09 64 22\u00a0 \u00a0 \u00a0Laurence BRAULT\u00a0 \u00a0<span dir=\"ltr\">06 20 80 63 58<\/span>\u00a0<\/span><\/p>\n","protected":false},"excerpt":{"rendered":"<p>Mardi 11 mai \u00e0 partir de 8h30, le SNETAP-FSU (1er syndicat des personnels de l&rsquo;enseignement agricole public) appelle les personnels des lyc\u00e9es agricoles publics lig\u00e9riens \u00e0 venir soutenir leurs 20 coll\u00e8gues qui assisteront \u00e0 l&rsquo;audience du tribunal administratif de Nantes. Ces coll\u00e8gues ont lanc\u00e9, il y a plus de 3 ans, une proc\u00e9dure judiciaire pour [&hellip;]<\/p>\n","protected":false},"author":2,"featured_media":3866,"comment_status":"closed","ping_status":"closed","sticky":false,"template":"","format":"standard","meta":{"ocean_post_layout":"","ocean_both_sidebars_style":"","ocean_both_sidebars_content_width":0,"ocean_both_sidebars_sidebars_width":0,"ocean_sidebar":"0","ocean_second_sidebar":"0","ocean_disable_margins":"enable","ocean_add_body_class":"","ocean_shortcode_before_top_bar":"","ocean_shortcode_after_top_bar":"","ocean_shortcode_before_header":"","ocean_shortcode_after_header":"","ocean_has_shortcode":"","ocean_shortcode_after_title":"","ocean_shortcode_before_footer_widgets":"","ocean_shortcode_after_footer_widgets":"","ocean_shortcode_before_footer_bottom":"","ocean_shortcode_after_footer_bottom":"","ocean_display_top_bar":"default","ocean_display_header":"default","ocean_header_style":"","ocean_center_header_left_menu":"0","ocean_custom_header_template":"0","ocean_custom_logo":0,"ocean_custom_retina_logo":0,"ocean_custom_logo_max_width":0,"ocean_custom_logo_tablet_max_width":0,"ocean_custom_logo_mobile_max_width":0,"ocean_custom_logo_max_height":0,"ocean_custom_logo_tablet_max_height":0,"ocean_custom_logo_mobile_max_height":0,"ocean_header_custom_menu":"0","ocean_menu_typo_font_family":"0","ocean_menu_typo_font_subset":"","ocean_menu_typo_font_size":0,"ocean_menu_typo_font_size_tablet":0,"ocean_menu_typo_font_size_mobile":0,"ocean_menu_typo_font_size_unit":"px","ocean_menu_typo_font_weight":"","ocean_menu_typo_font_weight_tablet":"","ocean_menu_typo_font_weight_mobile":"","ocean_menu_typo_transform":"","ocean_menu_typo_transform_tablet":"","ocean_menu_typo_transform_mobile":"","ocean_menu_typo_line_height":0,"ocean_menu_typo_line_height_tablet":0,"ocean_menu_typo_line_height_mobile":0,"ocean_menu_typo_line_height_unit":"","ocean_menu_typo_spacing":0,"ocean_menu_typo_spacing_tablet":0,"ocean_menu_typo_spacing_mobile":0,"ocean_menu_typo_spacing_unit":"","ocean_menu_link_color":"","ocean_menu_link_color_hover":"","ocean_menu_link_color_active":"","ocean_menu_link_background":"","ocean_menu_link_hover_background":"","ocean_menu_link_active_background":"","ocean_menu_social_links_bg":"","ocean_menu_social_hover_links_bg":"","ocean_menu_social_links_color":"","ocean_menu_social_hover_links_color":"","ocean_disable_title":"default","ocean_disable_heading":"default","ocean_post_title":"","ocean_post_subheading":"","ocean_post_title_style":"","ocean_post_title_background_color":"","ocean_post_title_background":0,"ocean_post_title_bg_image_position":"","ocean_post_title_bg_image_attachment":"","ocean_post_title_bg_image_repeat":"","ocean_post_title_bg_image_size":"","ocean_post_title_height":0,"ocean_post_title_bg_overlay":0.5,"ocean_post_title_bg_overlay_color":"","ocean_disable_breadcrumbs":"default","ocean_breadcrumbs_color":"","ocean_breadcrumbs_separator_color":"","ocean_breadcrumbs_links_color":"","ocean_breadcrumbs_links_hover_color":"","ocean_display_footer_widgets":"default","ocean_display_footer_bottom":"default","ocean_custom_footer_template":"0","ocean_post_oembed":"","ocean_post_self_hosted_media":"","ocean_post_video_embed":"","ocean_link_format":"","ocean_link_format_target":"self","ocean_quote_format":"","ocean_quote_format_link":"post","ocean_gallery_link_images":"off","ocean_gallery_id":[],"footnotes":""},"categories":[9,11],"tags":[],"post_folder":[],"class_list":["post-3953","post","type-post","status-publish","format-standard","has-post-thumbnail","hentry","category-actions-et-communiques","category-chsctrea","entry","has-media"],"yoast_head":"<!-- This site is optimized with the Yoast SEO plugin v27.4 - https:\/\/yoast.com\/product\/yoast-seo-wordpress\/ -->\n<title>Pour une m\u00e9decine du travail dans l&#039;enseignement agricole public lig\u00e9rien. Rassemblement au Tribunal administratif de Nantes. - PAYS DE LA LOIRE<\/title>\n<meta name=\"robots\" content=\"index, follow, max-snippet:-1, max-image-preview:large, max-video-preview:-1\" \/>\n<link rel=\"canonical\" href=\"https:\/\/regions-snetap-fsu.fr\/pdl\/2021\/05\/07\/pour-une-medecine-du-travail-dans-lenseignement-agricole-public-ligerien-rassemblement-au-tribunal-administratif-de-nantes\/\" \/>\n<meta property=\"og:locale\" content=\"fr_FR\" \/>\n<meta property=\"og:type\" content=\"article\" \/>\n<meta property=\"og:title\" content=\"Pour une m\u00e9decine du travail dans l&#039;enseignement agricole public lig\u00e9rien. Rassemblement au Tribunal administratif de Nantes. - PAYS DE LA LOIRE\" \/>\n<meta property=\"og:description\" content=\"Mardi 11 mai \u00e0 partir de 8h30, le SNETAP-FSU (1er syndicat des personnels de l&rsquo;enseignement agricole public) appelle les personnels des lyc\u00e9es agricoles publics lig\u00e9riens \u00e0 venir soutenir leurs 20 coll\u00e8gues qui assisteront \u00e0 l&rsquo;audience du tribunal administratif de Nantes. Ces coll\u00e8gues ont lanc\u00e9, il y a plus de 3 ans, une proc\u00e9dure judiciaire pour [&hellip;]\" \/>\n<meta property=\"og:url\" content=\"https:\/\/regions-snetap-fsu.fr\/pdl\/2021\/05\/07\/pour-une-medecine-du-travail-dans-lenseignement-agricole-public-ligerien-rassemblement-au-tribunal-administratif-de-nantes\/\" \/>\n<meta property=\"og:site_name\" content=\"PAYS DE LA LOIRE\" \/>\n<meta property=\"article:published_time\" content=\"2021-05-07T19:49:51+00:00\" \/>\n<meta property=\"article:modified_time\" content=\"2021-05-07T20:20:17+00:00\" \/>\n<meta property=\"og:image\" content=\"https:\/\/regions-snetap-fsu.fr\/pdl\/wp-content\/uploads\/sites\/4\/2021\/02\/IMG-20201218-WA0003.jpg\" \/>\n\t<meta property=\"og:image:width\" content=\"1600\" \/>\n\t<meta property=\"og:image:height\" content=\"900\" \/>\n\t<meta property=\"og:image:type\" content=\"image\/jpeg\" \/>\n<meta name=\"author\" content=\"yvigner\" \/>\n<meta name=\"twitter:card\" content=\"summary_large_image\" \/>\n<meta name=\"twitter:label1\" content=\"\u00c9crit par\" \/>\n\t<meta name=\"twitter:data1\" content=\"yvigner\" \/>\n\t<meta name=\"twitter:label2\" content=\"Dur\u00e9e de lecture estim\u00e9e\" \/>\n\t<meta name=\"twitter:data2\" content=\"1 minute\" \/>\n<script type=\"application\/ld+json\" class=\"yoast-schema-graph\">{\"@context\":\"https:\\\/\\\/schema.org\",\"@graph\":[{\"@type\":\"Article\",\"@id\":\"https:\\\/\\\/regions-snetap-fsu.fr\\\/pdl\\\/2021\\\/05\\\/07\\\/pour-une-medecine-du-travail-dans-lenseignement-agricole-public-ligerien-rassemblement-au-tribunal-administratif-de-nantes\\\/#article\",\"isPartOf\":{\"@id\":\"https:\\\/\\\/regions-snetap-fsu.fr\\\/pdl\\\/2021\\\/05\\\/07\\\/pour-une-medecine-du-travail-dans-lenseignement-agricole-public-ligerien-rassemblement-au-tribunal-administratif-de-nantes\\\/\"},\"author\":{\"name\":\"yvigner\",\"@id\":\"https:\\\/\\\/regions-snetap-fsu.fr\\\/pdl\\\/#\\\/schema\\\/person\\\/d4530af043f9e8d27bdd71c468ec93b1\"},\"headline\":\"Pour une m\u00e9decine du travail dans l&rsquo;enseignement agricole public lig\u00e9rien. Rassemblement au Tribunal administratif de Nantes.\",\"datePublished\":\"2021-05-07T19:49:51+00:00\",\"dateModified\":\"2021-05-07T20:20:17+00:00\",\"mainEntityOfPage\":{\"@id\":\"https:\\\/\\\/regions-snetap-fsu.fr\\\/pdl\\\/2021\\\/05\\\/07\\\/pour-une-medecine-du-travail-dans-lenseignement-agricole-public-ligerien-rassemblement-au-tribunal-administratif-de-nantes\\\/\"},\"wordCount\":142,\"publisher\":{\"@id\":\"https:\\\/\\\/regions-snetap-fsu.fr\\\/pdl\\\/#organization\"},\"image\":{\"@id\":\"https:\\\/\\\/regions-snetap-fsu.fr\\\/pdl\\\/2021\\\/05\\\/07\\\/pour-une-medecine-du-travail-dans-lenseignement-agricole-public-ligerien-rassemblement-au-tribunal-administratif-de-nantes\\\/#primaryimage\"},\"thumbnailUrl\":\"https:\\\/\\\/regions-snetap-fsu.fr\\\/pdl\\\/wp-content\\\/uploads\\\/sites\\\/4\\\/2021\\\/02\\\/IMG-20201218-WA0003.jpg\",\"articleSection\":[\"Communiqu\u00e9s\",\"Formation sp\u00e9cialis\u00e9e Sant\u00e9 et S\u00e9curit\u00e9 au travail (ex-CHSCTREA)\"],\"inLanguage\":\"fr-FR\"},{\"@type\":\"WebPage\",\"@id\":\"https:\\\/\\\/regions-snetap-fsu.fr\\\/pdl\\\/2021\\\/05\\\/07\\\/pour-une-medecine-du-travail-dans-lenseignement-agricole-public-ligerien-rassemblement-au-tribunal-administratif-de-nantes\\\/\",\"url\":\"https:\\\/\\\/regions-snetap-fsu.fr\\\/pdl\\\/2021\\\/05\\\/07\\\/pour-une-medecine-du-travail-dans-lenseignement-agricole-public-ligerien-rassemblement-au-tribunal-administratif-de-nantes\\\/\",\"name\":\"Pour une m\u00e9decine du travail dans l'enseignement agricole public lig\u00e9rien. Rassemblement au Tribunal administratif de Nantes. - PAYS DE LA LOIRE\",\"isPartOf\":{\"@id\":\"https:\\\/\\\/regions-snetap-fsu.fr\\\/pdl\\\/#website\"},\"primaryImageOfPage\":{\"@id\":\"https:\\\/\\\/regions-snetap-fsu.fr\\\/pdl\\\/2021\\\/05\\\/07\\\/pour-une-medecine-du-travail-dans-lenseignement-agricole-public-ligerien-rassemblement-au-tribunal-administratif-de-nantes\\\/#primaryimage\"},\"image\":{\"@id\":\"https:\\\/\\\/regions-snetap-fsu.fr\\\/pdl\\\/2021\\\/05\\\/07\\\/pour-une-medecine-du-travail-dans-lenseignement-agricole-public-ligerien-rassemblement-au-tribunal-administratif-de-nantes\\\/#primaryimage\"},\"thumbnailUrl\":\"https:\\\/\\\/regions-snetap-fsu.fr\\\/pdl\\\/wp-content\\\/uploads\\\/sites\\\/4\\\/2021\\\/02\\\/IMG-20201218-WA0003.jpg\",\"datePublished\":\"2021-05-07T19:49:51+00:00\",\"dateModified\":\"2021-05-07T20:20:17+00:00\",\"breadcrumb\":{\"@id\":\"https:\\\/\\\/regions-snetap-fsu.fr\\\/pdl\\\/2021\\\/05\\\/07\\\/pour-une-medecine-du-travail-dans-lenseignement-agricole-public-ligerien-rassemblement-au-tribunal-administratif-de-nantes\\\/#breadcrumb\"},\"inLanguage\":\"fr-FR\",\"potentialAction\":[{\"@type\":\"ReadAction\",\"target\":[\"https:\\\/\\\/regions-snetap-fsu.fr\\\/pdl\\\/2021\\\/05\\\/07\\\/pour-une-medecine-du-travail-dans-lenseignement-agricole-public-ligerien-rassemblement-au-tribunal-administratif-de-nantes\\\/\"]}]},{\"@type\":\"ImageObject\",\"inLanguage\":\"fr-FR\",\"@id\":\"https:\\\/\\\/regions-snetap-fsu.fr\\\/pdl\\\/2021\\\/05\\\/07\\\/pour-une-medecine-du-travail-dans-lenseignement-agricole-public-ligerien-rassemblement-au-tribunal-administratif-de-nantes\\\/#primaryimage\",\"url\":\"https:\\\/\\\/regions-snetap-fsu.fr\\\/pdl\\\/wp-content\\\/uploads\\\/sites\\\/4\\\/2021\\\/02\\\/IMG-20201218-WA0003.jpg\",\"contentUrl\":\"https:\\\/\\\/regions-snetap-fsu.fr\\\/pdl\\\/wp-content\\\/uploads\\\/sites\\\/4\\\/2021\\\/02\\\/IMG-20201218-WA0003.jpg\",\"width\":1600,\"height\":900},{\"@type\":\"BreadcrumbList\",\"@id\":\"https:\\\/\\\/regions-snetap-fsu.fr\\\/pdl\\\/2021\\\/05\\\/07\\\/pour-une-medecine-du-travail-dans-lenseignement-agricole-public-ligerien-rassemblement-au-tribunal-administratif-de-nantes\\\/#breadcrumb\",\"itemListElement\":[{\"@type\":\"ListItem\",\"position\":1,\"name\":\"Accueil\",\"item\":\"https:\\\/\\\/regions-snetap-fsu.fr\\\/pdl\\\/\"},{\"@type\":\"ListItem\",\"position\":2,\"name\":\"Pour une m\u00e9decine du travail dans l&rsquo;enseignement agricole public lig\u00e9rien. Rassemblement au Tribunal administratif de Nantes.\"}]},{\"@type\":\"WebSite\",\"@id\":\"https:\\\/\\\/regions-snetap-fsu.fr\\\/pdl\\\/#website\",\"url\":\"https:\\\/\\\/regions-snetap-fsu.fr\\\/pdl\\\/\",\"name\":\"SNETAP-FSU PAYS DE LA LOIRE\",\"description\":\"SECTION REGIONALE\",\"publisher\":{\"@id\":\"https:\\\/\\\/regions-snetap-fsu.fr\\\/pdl\\\/#organization\"},\"potentialAction\":[{\"@type\":\"SearchAction\",\"target\":{\"@type\":\"EntryPoint\",\"urlTemplate\":\"https:\\\/\\\/regions-snetap-fsu.fr\\\/pdl\\\/?s={search_term_string}\"},\"query-input\":{\"@type\":\"PropertyValueSpecification\",\"valueRequired\":true,\"valueName\":\"search_term_string\"}}],\"inLanguage\":\"fr-FR\"},{\"@type\":\"Organization\",\"@id\":\"https:\\\/\\\/regions-snetap-fsu.fr\\\/pdl\\\/#organization\",\"name\":\"SNETAP-FSU Pays de Loire\",\"url\":\"https:\\\/\\\/regions-snetap-fsu.fr\\\/pdl\\\/\",\"logo\":{\"@type\":\"ImageObject\",\"inLanguage\":\"fr-FR\",\"@id\":\"https:\\\/\\\/regions-snetap-fsu.fr\\\/pdl\\\/#\\\/schema\\\/logo\\\/image\\\/\",\"url\":\"https:\\\/\\\/regions-snetap-fsu.fr\\\/pdl\\\/wp-content\\\/uploads\\\/sites\\\/4\\\/2020\\\/12\\\/SNETAP-Logo.jpg\",\"contentUrl\":\"https:\\\/\\\/regions-snetap-fsu.fr\\\/pdl\\\/wp-content\\\/uploads\\\/sites\\\/4\\\/2020\\\/12\\\/SNETAP-Logo.jpg\",\"width\":464,\"height\":334,\"caption\":\"SNETAP-FSU Pays de Loire\"},\"image\":{\"@id\":\"https:\\\/\\\/regions-snetap-fsu.fr\\\/pdl\\\/#\\\/schema\\\/logo\\\/image\\\/\"}},{\"@type\":\"Person\",\"@id\":\"https:\\\/\\\/regions-snetap-fsu.fr\\\/pdl\\\/#\\\/schema\\\/person\\\/d4530af043f9e8d27bdd71c468ec93b1\",\"name\":\"yvigner\",\"image\":{\"@type\":\"ImageObject\",\"inLanguage\":\"fr-FR\",\"@id\":\"https:\\\/\\\/secure.gravatar.com\\\/avatar\\\/bc72baa6f2406549aecf77a837bc4f03dbe88472c1762138f868571430a23820?s=96&d=mm&r=g\",\"url\":\"https:\\\/\\\/secure.gravatar.com\\\/avatar\\\/bc72baa6f2406549aecf77a837bc4f03dbe88472c1762138f868571430a23820?s=96&d=mm&r=g\",\"contentUrl\":\"https:\\\/\\\/secure.gravatar.com\\\/avatar\\\/bc72baa6f2406549aecf77a837bc4f03dbe88472c1762138f868571430a23820?s=96&d=mm&r=g\",\"caption\":\"yvigner\"},\"url\":\"https:\\\/\\\/regions-snetap-fsu.fr\\\/pdl\\\/author\\\/yvigner\\\/\"}]}<\/script>\n<!-- \/ Yoast SEO plugin. -->","yoast_head_json":{"title":"Pour une m\u00e9decine du travail dans l'enseignement agricole public lig\u00e9rien. Rassemblement au Tribunal administratif de Nantes. - PAYS DE LA LOIRE","robots":{"index":"index","follow":"follow","max-snippet":"max-snippet:-1","max-image-preview":"max-image-preview:large","max-video-preview":"max-video-preview:-1"},"canonical":"https:\/\/regions-snetap-fsu.fr\/pdl\/2021\/05\/07\/pour-une-medecine-du-travail-dans-lenseignement-agricole-public-ligerien-rassemblement-au-tribunal-administratif-de-nantes\/","og_locale":"fr_FR","og_type":"article","og_title":"Pour une m\u00e9decine du travail dans l'enseignement agricole public lig\u00e9rien. Rassemblement au Tribunal administratif de Nantes. - PAYS DE LA LOIRE","og_description":"Mardi 11 mai \u00e0 partir de 8h30, le SNETAP-FSU (1er syndicat des personnels de l&rsquo;enseignement agricole public) appelle les personnels des lyc\u00e9es agricoles publics lig\u00e9riens \u00e0 venir soutenir leurs 20 coll\u00e8gues qui assisteront \u00e0 l&rsquo;audience du tribunal administratif de Nantes. Ces coll\u00e8gues ont lanc\u00e9, il y a plus de 3 ans, une proc\u00e9dure judiciaire pour [&hellip;]","og_url":"https:\/\/regions-snetap-fsu.fr\/pdl\/2021\/05\/07\/pour-une-medecine-du-travail-dans-lenseignement-agricole-public-ligerien-rassemblement-au-tribunal-administratif-de-nantes\/","og_site_name":"PAYS DE LA LOIRE","article_published_time":"2021-05-07T19:49:51+00:00","article_modified_time":"2021-05-07T20:20:17+00:00","og_image":[{"width":1600,"height":900,"url":"https:\/\/regions-snetap-fsu.fr\/pdl\/wp-content\/uploads\/sites\/4\/2021\/02\/IMG-20201218-WA0003.jpg","type":"image\/jpeg"}],"author":"yvigner","twitter_card":"summary_large_image","twitter_misc":{"\u00c9crit par":"yvigner","Dur\u00e9e de lecture estim\u00e9e":"1 minute"},"schema":{"@context":"https:\/\/schema.org","@graph":[{"@type":"Article","@id":"https:\/\/regions-snetap-fsu.fr\/pdl\/2021\/05\/07\/pour-une-medecine-du-travail-dans-lenseignement-agricole-public-ligerien-rassemblement-au-tribunal-administratif-de-nantes\/#article","isPartOf":{"@id":"https:\/\/regions-snetap-fsu.fr\/pdl\/2021\/05\/07\/pour-une-medecine-du-travail-dans-lenseignement-agricole-public-ligerien-rassemblement-au-tribunal-administratif-de-nantes\/"},"author":{"name":"yvigner","@id":"https:\/\/regions-snetap-fsu.fr\/pdl\/#\/schema\/person\/d4530af043f9e8d27bdd71c468ec93b1"},"headline":"Pour une m\u00e9decine du travail dans l&rsquo;enseignement agricole public lig\u00e9rien. Rassemblement au Tribunal administratif de Nantes.","datePublished":"2021-05-07T19:49:51+00:00","dateModified":"2021-05-07T20:20:17+00:00","mainEntityOfPage":{"@id":"https:\/\/regions-snetap-fsu.fr\/pdl\/2021\/05\/07\/pour-une-medecine-du-travail-dans-lenseignement-agricole-public-ligerien-rassemblement-au-tribunal-administratif-de-nantes\/"},"wordCount":142,"publisher":{"@id":"https:\/\/regions-snetap-fsu.fr\/pdl\/#organization"},"image":{"@id":"https:\/\/regions-snetap-fsu.fr\/pdl\/2021\/05\/07\/pour-une-medecine-du-travail-dans-lenseignement-agricole-public-ligerien-rassemblement-au-tribunal-administratif-de-nantes\/#primaryimage"},"thumbnailUrl":"https:\/\/regions-snetap-fsu.fr\/pdl\/wp-content\/uploads\/sites\/4\/2021\/02\/IMG-20201218-WA0003.jpg","articleSection":["Communiqu\u00e9s","Formation sp\u00e9cialis\u00e9e Sant\u00e9 et S\u00e9curit\u00e9 au travail (ex-CHSCTREA)"],"inLanguage":"fr-FR"},{"@type":"WebPage","@id":"https:\/\/regions-snetap-fsu.fr\/pdl\/2021\/05\/07\/pour-une-medecine-du-travail-dans-lenseignement-agricole-public-ligerien-rassemblement-au-tribunal-administratif-de-nantes\/","url":"https:\/\/regions-snetap-fsu.fr\/pdl\/2021\/05\/07\/pour-une-medecine-du-travail-dans-lenseignement-agricole-public-ligerien-rassemblement-au-tribunal-administratif-de-nantes\/","name":"Pour une m\u00e9decine du travail dans l'enseignement agricole public lig\u00e9rien. Rassemblement au Tribunal administratif de Nantes. - PAYS DE LA LOIRE","isPartOf":{"@id":"https:\/\/regions-snetap-fsu.fr\/pdl\/#website"},"primaryImageOfPage":{"@id":"https:\/\/regions-snetap-fsu.fr\/pdl\/2021\/05\/07\/pour-une-medecine-du-travail-dans-lenseignement-agricole-public-ligerien-rassemblement-au-tribunal-administratif-de-nantes\/#primaryimage"},"image":{"@id":"https:\/\/regions-snetap-fsu.fr\/pdl\/2021\/05\/07\/pour-une-medecine-du-travail-dans-lenseignement-agricole-public-ligerien-rassemblement-au-tribunal-administratif-de-nantes\/#primaryimage"},"thumbnailUrl":"https:\/\/regions-snetap-fsu.fr\/pdl\/wp-content\/uploads\/sites\/4\/2021\/02\/IMG-20201218-WA0003.jpg","datePublished":"2021-05-07T19:49:51+00:00","dateModified":"2021-05-07T20:20:17+00:00","breadcrumb":{"@id":"https:\/\/regions-snetap-fsu.fr\/pdl\/2021\/05\/07\/pour-une-medecine-du-travail-dans-lenseignement-agricole-public-ligerien-rassemblement-au-tribunal-administratif-de-nantes\/#breadcrumb"},"inLanguage":"fr-FR","potentialAction":[{"@type":"ReadAction","target":["https:\/\/regions-snetap-fsu.fr\/pdl\/2021\/05\/07\/pour-une-medecine-du-travail-dans-lenseignement-agricole-public-ligerien-rassemblement-au-tribunal-administratif-de-nantes\/"]}]},{"@type":"ImageObject","inLanguage":"fr-FR","@id":"https:\/\/regions-snetap-fsu.fr\/pdl\/2021\/05\/07\/pour-une-medecine-du-travail-dans-lenseignement-agricole-public-ligerien-rassemblement-au-tribunal-administratif-de-nantes\/#primaryimage","url":"https:\/\/regions-snetap-fsu.fr\/pdl\/wp-content\/uploads\/sites\/4\/2021\/02\/IMG-20201218-WA0003.jpg","contentUrl":"https:\/\/regions-snetap-fsu.fr\/pdl\/wp-content\/uploads\/sites\/4\/2021\/02\/IMG-20201218-WA0003.jpg","width":1600,"height":900},{"@type":"BreadcrumbList","@id":"https:\/\/regions-snetap-fsu.fr\/pdl\/2021\/05\/07\/pour-une-medecine-du-travail-dans-lenseignement-agricole-public-ligerien-rassemblement-au-tribunal-administratif-de-nantes\/#breadcrumb","itemListElement":[{"@type":"ListItem","position":1,"name":"Accueil","item":"https:\/\/regions-snetap-fsu.fr\/pdl\/"},{"@type":"ListItem","position":2,"name":"Pour une m\u00e9decine du travail dans l&rsquo;enseignement agricole public lig\u00e9rien. Rassemblement au Tribunal administratif de Nantes."}]},{"@type":"WebSite","@id":"https:\/\/regions-snetap-fsu.fr\/pdl\/#website","url":"https:\/\/regions-snetap-fsu.fr\/pdl\/","name":"SNETAP-FSU PAYS DE LA LOIRE","description":"SECTION REGIONALE","publisher":{"@id":"https:\/\/regions-snetap-fsu.fr\/pdl\/#organization"},"potentialAction":[{"@type":"SearchAction","target":{"@type":"EntryPoint","urlTemplate":"https:\/\/regions-snetap-fsu.fr\/pdl\/?s={search_term_string}"},"query-input":{"@type":"PropertyValueSpecification","valueRequired":true,"valueName":"search_term_string"}}],"inLanguage":"fr-FR"},{"@type":"Organization","@id":"https:\/\/regions-snetap-fsu.fr\/pdl\/#organization","name":"SNETAP-FSU Pays de Loire","url":"https:\/\/regions-snetap-fsu.fr\/pdl\/","logo":{"@type":"ImageObject","inLanguage":"fr-FR","@id":"https:\/\/regions-snetap-fsu.fr\/pdl\/#\/schema\/logo\/image\/","url":"https:\/\/regions-snetap-fsu.fr\/pdl\/wp-content\/uploads\/sites\/4\/2020\/12\/SNETAP-Logo.jpg","contentUrl":"https:\/\/regions-snetap-fsu.fr\/pdl\/wp-content\/uploads\/sites\/4\/2020\/12\/SNETAP-Logo.jpg","width":464,"height":334,"caption":"SNETAP-FSU Pays de Loire"},"image":{"@id":"https:\/\/regions-snetap-fsu.fr\/pdl\/#\/schema\/logo\/image\/"}},{"@type":"Person","@id":"https:\/\/regions-snetap-fsu.fr\/pdl\/#\/schema\/person\/d4530af043f9e8d27bdd71c468ec93b1","name":"yvigner","image":{"@type":"ImageObject","inLanguage":"fr-FR","@id":"https:\/\/secure.gravatar.com\/avatar\/bc72baa6f2406549aecf77a837bc4f03dbe88472c1762138f868571430a23820?s=96&d=mm&r=g","url":"https:\/\/secure.gravatar.com\/avatar\/bc72baa6f2406549aecf77a837bc4f03dbe88472c1762138f868571430a23820?s=96&d=mm&r=g","contentUrl":"https:\/\/secure.gravatar.com\/avatar\/bc72baa6f2406549aecf77a837bc4f03dbe88472c1762138f868571430a23820?s=96&d=mm&r=g","caption":"yvigner"},"url":"https:\/\/regions-snetap-fsu.fr\/pdl\/author\/yvigner\/"}]}},"_links":{"self":[{"href":"https:\/\/regions-snetap-fsu.fr\/pdl\/wp-json\/wp\/v2\/posts\/3953","targetHints":{"allow":["GET"]}}],"collection":[{"href":"https:\/\/regions-snetap-fsu.fr\/pdl\/wp-json\/wp\/v2\/posts"}],"about":[{"href":"https:\/\/regions-snetap-fsu.fr\/pdl\/wp-json\/wp\/v2\/types\/post"}],"author":[{"embeddable":true,"href":"https:\/\/regions-snetap-fsu.fr\/pdl\/wp-json\/wp\/v2\/users\/2"}],"replies":[{"embeddable":true,"href":"https:\/\/regions-snetap-fsu.fr\/pdl\/wp-json\/wp\/v2\/comments?post=3953"}],"version-history":[{"count":5,"href":"https:\/\/regions-snetap-fsu.fr\/pdl\/wp-json\/wp\/v2\/posts\/3953\/revisions"}],"predecessor-version":[{"id":3958,"href":"https:\/\/regions-snetap-fsu.fr\/pdl\/wp-json\/wp\/v2\/posts\/3953\/revisions\/3958"}],"wp:featuredmedia":[{"embeddable":true,"href":"https:\/\/regions-snetap-fsu.fr\/pdl\/wp-json\/wp\/v2\/media\/3866"}],"wp:attachment":[{"href":"https:\/\/regions-snetap-fsu.fr\/pdl\/wp-json\/wp\/v2\/media?parent=3953"}],"wp:term":[{"taxonomy":"category","embeddable":true,"href":"https:\/\/regions-snetap-fsu.fr\/pdl\/wp-json\/wp\/v2\/categories?post=3953"},{"taxonomy":"post_tag","embeddable":true,"href":"https:\/\/regions-snetap-fsu.fr\/pdl\/wp-json\/wp\/v2\/tags?post=3953"},{"taxonomy":"post_folder","embeddable":true,"href":"https:\/\/regions-snetap-fsu.fr\/pdl\/wp-json\/wp\/v2\/post_folder?post=3953"}],"curies":[{"name":"wp","href":"https:\/\/api.w.org\/{rel}","templated":true}]}}