{"id":3911,"date":"2021-04-05T17:44:50","date_gmt":"2021-04-05T15:44:50","guid":{"rendered":"https:\/\/regions-snetap-fsu.fr\/pdl\/?p=3911"},"modified":"2021-04-05T17:51:40","modified_gmt":"2021-04-05T15:51:40","slug":"examens-2021-une-decision-nationale-vite","status":"publish","type":"post","link":"https:\/\/regions-snetap-fsu.fr\/pdl\/2021\/04\/05\/examens-2021-une-decision-nationale-vite\/","title":{"rendered":"P\u00e9tition : Examens 2021, une d\u00e9cision nationale, VITE !"},"content":{"rendered":"<p class=\"western\" align=\"justify\"><span style=\"font-size: 12pt;\">Monsieur le Ministre,\u00a0Madame la Directrice G\u00e9n\u00e9rale,<\/span><\/p>\n<p class=\"western\" align=\"justify\"><span style=\"font-size: 12pt;\">Apr\u00e8s plus d\u2019un an de cette crise sanitaire qui a profond\u00e9ment boulevers\u00e9 nos vies professionnelles, nous tenons \u00e0 vous dire que nous sommes fatigu\u00e9.es et inquiet.es.\u00a0En effet, d\u00e8s mars 2020, l\u2019institution nous a demand\u00e9, au pied lev\u00e9, de nous adapter au travail \u00e0 distance depuis notre domicile, avec les moyens du bord et avec tous les dommages collat\u00e9raux qui s\u2019imposaient \u00e0 nous\u00a0: diffusion d&rsquo;informations contradictoires, injonctions \u00e0 s&rsquo;adapter dans l&rsquo;urgence, outils de classe num\u00e9rique inop\u00e9rants ou satur\u00e9s, manque de moyens informatiques induisant stress, intrusion du travail dans nos vies personnelles, etc\u2026\u00a0Nous l\u2019avons fait\u00a0!<\/span><\/p>\n<p class=\"western\" align=\"justify\"><span style=\"font-size: 12pt;\">Depuis, pour lutter contre l\u2019\u00e9volution de l\u2019\u00e9pid\u00e9mie, nous nous sommes toujours et encore adapt\u00e9.es quand cela a \u00e9t\u00e9 n\u00e9cessaire\u00a0: mode d\u2019enseignement hybride, durcissement des r\u00e8gles sanitaires, etc\u2026. Tout en d\u00e9ployant une \u00e9nergie incroyable pour (re)motiver des \u00e9l\u00e8ves, apprenti.e.s, adultes perdu.e.s dans ce contexte si difficile\u00a0! Mais nous l\u2019avons fait\u00a0!<\/span><\/p>\n<p class=\"western\" align=\"justify\"><span style=\"font-size: 12pt;\"><b>Aujourd\u2019hui, \u00e0 3 mois \u00e0 peine des examens terminaux, nous vous le redisons, nous sommes fatigu\u00e9.es et inquiet.es, et pour tout dire ulc\u00e9r\u00e9.es :<\/b><\/span><\/p>\n<p class=\"western\" align=\"justify\"><span style=\"font-size: 12pt;\">&#8211;<b> fatigu\u00e9.es<\/b> par cette instabilit\u00e9 permanente provoqu\u00e9e par le manque de lisibilit\u00e9 de votre politique scolaire\u00a0\u00e0 moyen et long terme\u00a0: trop peu d\u2019am\u00e9nagements des programmes ou d\u2019anticipation ou si peu quant aux \u00e9preuves, une \u00ab\u00a0prime Covid informatique\u00a0\u00bb <span style=\"color: #000000;\"><span lang=\"fr-FR\">tr\u00e8s<\/span><\/span> en de-\u00e7\u00e0 du co\u00fbt r\u00e9el d\u2019\u00e9quipement bureautique et toujours non vers\u00e9e contrairement \u00e0 \u00e0 l\u2019\u00c9ducation Nationale, et une fois de plus pas de lisibilit\u00e9 ni d\u2019anticipation sur les HSE Covid\u00a0(leur nombre, leur utilisation&#8230;) et bien entendu aucun bilan sur leur mise en \u0153uvre et l\u2019efficacit\u00e9 de ces dispositifs \u00ab\u00a0faute de mieux\u00a0\u00bb\u2026Fatigu\u00e9.es aussi de ne toujours pas \u00eatre pay\u00e9.es des E3C que nous avons pass\u00e9 en janvier 2020 ou des corrections de rapports (mai 2020) &#8230;fatigu\u00e9.es aussi d\u2019attendre de nos inspections respectives un conseil, un appui, une directive\u2026<\/span><\/p>\n<p class=\"western\" align=\"justify\"><span style=\"font-size: 12pt;\"><b>&#8211; inquiet.es\u00a0<\/b>car, en laissant le choix aux \u00e9tablissements d\u2019un fonctionnement hybride ou non, et n\u2019anticipant pas le mode d\u2019\u00e9valuation finale, vous avez de fait provoqu\u00e9 de grandes in\u00e9galit\u00e9s de traitement entre \u00e9tablissements et entre \u00e9l\u00e8ves et apprenti.es. Vous avez cr\u00e9\u00e9 un climat tendu et stressant dans les \u00e9quipes p\u00e9dagogiques qui attendent des informations rapides et pr\u00e9cises de la part de vos services sur la tenue des examens afin de pr\u00e9parer les \u00e9l\u00e8ves, apprenti.e.s , adultes et de les rassurer comme il se doit\u00a0! Inquiet.es de ne pas finir un programme, inquiet.es de ne pas pouvoir r\u00e9aliser tous ces CCF, inquiet.es d\u2019avoir oubli\u00e9 une nouvelle directive, une nouvelle info sur la FAQ, un nouveau changement de r\u00e8gles\u2026<\/span><\/p>\n<p class=\"western\" align=\"justify\"><span style=\"font-size: 12pt;\"><span style=\"color: #000000;\"><span lang=\"fr-FR\"><b>&#8211; ulc\u00e9r\u00e9.es<\/b><\/span><\/span><span style=\"color: #000000;\"> de l&rsquo;instrumentalisation de la crise sanitaire pour d\u00e9construire l&rsquo;existant et avancer dans une vision manag\u00e9riale de nos m\u00e9tiers et de nos missions<\/span><\/span><\/p>\n<p class=\"western\" align=\"justify\"><span style=\"font-size: 12pt;\">Nous vous demandons donc l\u00e9gitimement et rapidement, dans le contexte sanitaire que l\u2019on sait, un plan d\u2019organisation partag\u00e9 et assum\u00e9 des examens de fin d\u2019ann\u00e9e scolaire : maintien ou non des CCF pour la voie pro et le sup\u00e9rieur, am\u00e9nagement ou suppression de tout ou partie des \u00e9preuves terminales ponctuelles elles-m\u00eames\u2026\u00a0Si vous ne r\u00e9pondez pas \u00e0 nos demandes pressantes de clarification de la situation aujourd\u2019hui et si vous persistez \u00e0 vouloir nous faire subir anxi\u00e9t\u00e9s, \u2019inqui\u00e9tude, voire lassitude , alors pour nous pr\u00e9server, nous poserons nos stylos\u00a0! Vous en assumerez les cons\u00e9quences\u00a0!<\/span><\/p>\n<p align=\"justify\"><br \/>\n<\/p>\n","protected":false},"excerpt":{"rendered":"<p>Monsieur le Ministre,\u00a0Madame la Directrice G\u00e9n\u00e9rale, Apr\u00e8s plus d\u2019un an de cette crise sanitaire qui a profond\u00e9ment boulevers\u00e9 nos vies professionnelles, nous tenons \u00e0 vous dire que nous sommes fatigu\u00e9.es et inquiet.es.\u00a0En effet, d\u00e8s mars 2020, l\u2019institution nous a demand\u00e9, au pied lev\u00e9, de nous adapter au travail \u00e0 distance depuis notre domicile, avec les [&hellip;]<\/p>\n","protected":false},"author":2,"featured_media":0,"comment_status":"closed","ping_status":"closed","sticky":false,"template":"","format":"standard","meta":{"ocean_post_layout":"","ocean_both_sidebars_style":"","ocean_both_sidebars_content_width":0,"ocean_both_sidebars_sidebars_width":0,"ocean_sidebar":"0","ocean_second_sidebar":"0","ocean_disable_margins":"enable","ocean_add_body_class":"","ocean_shortcode_before_top_bar":"","ocean_shortcode_after_top_bar":"","ocean_shortcode_before_header":"","ocean_shortcode_after_header":"","ocean_has_shortcode":"","ocean_shortcode_after_title":"","ocean_shortcode_before_footer_widgets":"","ocean_shortcode_after_footer_widgets":"","ocean_shortcode_before_footer_bottom":"","ocean_shortcode_after_footer_bottom":"","ocean_display_top_bar":"default","ocean_display_header":"default","ocean_header_style":"","ocean_center_header_left_menu":"0","ocean_custom_header_template":"0","ocean_custom_logo":0,"ocean_custom_retina_logo":0,"ocean_custom_logo_max_width":0,"ocean_custom_logo_tablet_max_width":0,"ocean_custom_logo_mobile_max_width":0,"ocean_custom_logo_max_height":0,"ocean_custom_logo_tablet_max_height":0,"ocean_custom_logo_mobile_max_height":0,"ocean_header_custom_menu":"0","ocean_menu_typo_font_family":"0","ocean_menu_typo_font_subset":"","ocean_menu_typo_font_size":0,"ocean_menu_typo_font_size_tablet":0,"ocean_menu_typo_font_size_mobile":0,"ocean_menu_typo_font_size_unit":"px","ocean_menu_typo_font_weight":"","ocean_menu_typo_font_weight_tablet":"","ocean_menu_typo_font_weight_mobile":"","ocean_menu_typo_transform":"","ocean_menu_typo_transform_tablet":"","ocean_menu_typo_transform_mobile":"","ocean_menu_typo_line_height":0,"ocean_menu_typo_line_height_tablet":0,"ocean_menu_typo_line_height_mobile":0,"ocean_menu_typo_line_height_unit":"","ocean_menu_typo_spacing":0,"ocean_menu_typo_spacing_tablet":0,"ocean_menu_typo_spacing_mobile":0,"ocean_menu_typo_spacing_unit":"","ocean_menu_link_color":"","ocean_menu_link_color_hover":"","ocean_menu_link_color_active":"","ocean_menu_link_background":"","ocean_menu_link_hover_background":"","ocean_menu_link_active_background":"","ocean_menu_social_links_bg":"","ocean_menu_social_hover_links_bg":"","ocean_menu_social_links_color":"","ocean_menu_social_hover_links_color":"","ocean_disable_title":"default","ocean_disable_heading":"default","ocean_post_title":"","ocean_post_subheading":"","ocean_post_title_style":"","ocean_post_title_background_color":"","ocean_post_title_background":0,"ocean_post_title_bg_image_position":"","ocean_post_title_bg_image_attachment":"","ocean_post_title_bg_image_repeat":"","ocean_post_title_bg_image_size":"","ocean_post_title_height":0,"ocean_post_title_bg_overlay":0.5,"ocean_post_title_bg_overlay_color":"","ocean_disable_breadcrumbs":"default","ocean_breadcrumbs_color":"","ocean_breadcrumbs_separator_color":"","ocean_breadcrumbs_links_color":"","ocean_breadcrumbs_links_hover_color":"","ocean_display_footer_widgets":"default","ocean_display_footer_bottom":"default","ocean_custom_footer_template":"0","ocean_post_oembed":"","ocean_post_self_hosted_media":"","ocean_post_video_embed":"","ocean_link_format":"","ocean_link_format_target":"self","ocean_quote_format":"","ocean_quote_format_link":"post","ocean_gallery_link_images":"off","ocean_gallery_id":[],"footnotes":""},"categories":[18],"tags":[],"post_folder":[],"class_list":["post-3911","post","type-post","status-publish","format-standard","hentry","category-laval","entry"],"yoast_head":"<!-- This site is optimized with the Yoast SEO plugin v27.4 - https:\/\/yoast.com\/product\/yoast-seo-wordpress\/ -->\n<title>P\u00e9tition : Examens 2021, une d\u00e9cision nationale, VITE ! - PAYS DE LA LOIRE<\/title>\n<meta name=\"robots\" content=\"index, follow, max-snippet:-1, max-image-preview:large, max-video-preview:-1\" \/>\n<link rel=\"canonical\" href=\"https:\/\/regions-snetap-fsu.fr\/pdl\/2021\/04\/05\/examens-2021-une-decision-nationale-vite\/\" \/>\n<meta property=\"og:locale\" content=\"fr_FR\" \/>\n<meta property=\"og:type\" content=\"article\" \/>\n<meta property=\"og:title\" content=\"P\u00e9tition : Examens 2021, une d\u00e9cision nationale, VITE ! - PAYS DE LA LOIRE\" \/>\n<meta property=\"og:description\" content=\"Monsieur le Ministre,\u00a0Madame la Directrice G\u00e9n\u00e9rale, Apr\u00e8s plus d\u2019un an de cette crise sanitaire qui a profond\u00e9ment boulevers\u00e9 nos vies professionnelles, nous tenons \u00e0 vous dire que nous sommes fatigu\u00e9.es et inquiet.es.\u00a0En effet, d\u00e8s mars 2020, l\u2019institution nous a demand\u00e9, au pied lev\u00e9, de nous adapter au travail \u00e0 distance depuis notre domicile, avec les [&hellip;]\" \/>\n<meta property=\"og:url\" content=\"https:\/\/regions-snetap-fsu.fr\/pdl\/2021\/04\/05\/examens-2021-une-decision-nationale-vite\/\" \/>\n<meta property=\"og:site_name\" content=\"PAYS DE LA LOIRE\" \/>\n<meta property=\"article:published_time\" content=\"2021-04-05T15:44:50+00:00\" \/>\n<meta property=\"article:modified_time\" content=\"2021-04-05T15:51:40+00:00\" \/>\n<meta name=\"author\" content=\"yvigner\" \/>\n<meta name=\"twitter:card\" content=\"summary_large_image\" \/>\n<meta name=\"twitter:label1\" content=\"\u00c9crit par\" \/>\n\t<meta name=\"twitter:data1\" content=\"yvigner\" \/>\n\t<meta name=\"twitter:label2\" content=\"Dur\u00e9e de lecture estim\u00e9e\" \/>\n\t<meta name=\"twitter:data2\" content=\"3 minutes\" \/>\n<script type=\"application\/ld+json\" class=\"yoast-schema-graph\">{\"@context\":\"https:\\\/\\\/schema.org\",\"@graph\":[{\"@type\":\"Article\",\"@id\":\"https:\\\/\\\/regions-snetap-fsu.fr\\\/pdl\\\/2021\\\/04\\\/05\\\/examens-2021-une-decision-nationale-vite\\\/#article\",\"isPartOf\":{\"@id\":\"https:\\\/\\\/regions-snetap-fsu.fr\\\/pdl\\\/2021\\\/04\\\/05\\\/examens-2021-une-decision-nationale-vite\\\/\"},\"author\":{\"name\":\"yvigner\",\"@id\":\"https:\\\/\\\/regions-snetap-fsu.fr\\\/pdl\\\/#\\\/schema\\\/person\\\/d4530af043f9e8d27bdd71c468ec93b1\"},\"headline\":\"P\u00e9tition : Examens 2021, une d\u00e9cision nationale, VITE !\",\"datePublished\":\"2021-04-05T15:44:50+00:00\",\"dateModified\":\"2021-04-05T15:51:40+00:00\",\"mainEntityOfPage\":{\"@id\":\"https:\\\/\\\/regions-snetap-fsu.fr\\\/pdl\\\/2021\\\/04\\\/05\\\/examens-2021-une-decision-nationale-vite\\\/\"},\"wordCount\":628,\"publisher\":{\"@id\":\"https:\\\/\\\/regions-snetap-fsu.fr\\\/pdl\\\/#organization\"},\"articleSection\":[\"Laval\"],\"inLanguage\":\"fr-FR\"},{\"@type\":\"WebPage\",\"@id\":\"https:\\\/\\\/regions-snetap-fsu.fr\\\/pdl\\\/2021\\\/04\\\/05\\\/examens-2021-une-decision-nationale-vite\\\/\",\"url\":\"https:\\\/\\\/regions-snetap-fsu.fr\\\/pdl\\\/2021\\\/04\\\/05\\\/examens-2021-une-decision-nationale-vite\\\/\",\"name\":\"P\u00e9tition : Examens 2021, une d\u00e9cision nationale, VITE ! - PAYS DE LA LOIRE\",\"isPartOf\":{\"@id\":\"https:\\\/\\\/regions-snetap-fsu.fr\\\/pdl\\\/#website\"},\"datePublished\":\"2021-04-05T15:44:50+00:00\",\"dateModified\":\"2021-04-05T15:51:40+00:00\",\"breadcrumb\":{\"@id\":\"https:\\\/\\\/regions-snetap-fsu.fr\\\/pdl\\\/2021\\\/04\\\/05\\\/examens-2021-une-decision-nationale-vite\\\/#breadcrumb\"},\"inLanguage\":\"fr-FR\",\"potentialAction\":[{\"@type\":\"ReadAction\",\"target\":[\"https:\\\/\\\/regions-snetap-fsu.fr\\\/pdl\\\/2021\\\/04\\\/05\\\/examens-2021-une-decision-nationale-vite\\\/\"]}]},{\"@type\":\"BreadcrumbList\",\"@id\":\"https:\\\/\\\/regions-snetap-fsu.fr\\\/pdl\\\/2021\\\/04\\\/05\\\/examens-2021-une-decision-nationale-vite\\\/#breadcrumb\",\"itemListElement\":[{\"@type\":\"ListItem\",\"position\":1,\"name\":\"Accueil\",\"item\":\"https:\\\/\\\/regions-snetap-fsu.fr\\\/pdl\\\/\"},{\"@type\":\"ListItem\",\"position\":2,\"name\":\"P\u00e9tition : Examens 2021, une d\u00e9cision nationale, VITE !\"}]},{\"@type\":\"WebSite\",\"@id\":\"https:\\\/\\\/regions-snetap-fsu.fr\\\/pdl\\\/#website\",\"url\":\"https:\\\/\\\/regions-snetap-fsu.fr\\\/pdl\\\/\",\"name\":\"SNETAP-FSU PAYS DE LA LOIRE\",\"description\":\"SECTION REGIONALE\",\"publisher\":{\"@id\":\"https:\\\/\\\/regions-snetap-fsu.fr\\\/pdl\\\/#organization\"},\"potentialAction\":[{\"@type\":\"SearchAction\",\"target\":{\"@type\":\"EntryPoint\",\"urlTemplate\":\"https:\\\/\\\/regions-snetap-fsu.fr\\\/pdl\\\/?s={search_term_string}\"},\"query-input\":{\"@type\":\"PropertyValueSpecification\",\"valueRequired\":true,\"valueName\":\"search_term_string\"}}],\"inLanguage\":\"fr-FR\"},{\"@type\":\"Organization\",\"@id\":\"https:\\\/\\\/regions-snetap-fsu.fr\\\/pdl\\\/#organization\",\"name\":\"SNETAP-FSU Pays de Loire\",\"url\":\"https:\\\/\\\/regions-snetap-fsu.fr\\\/pdl\\\/\",\"logo\":{\"@type\":\"ImageObject\",\"inLanguage\":\"fr-FR\",\"@id\":\"https:\\\/\\\/regions-snetap-fsu.fr\\\/pdl\\\/#\\\/schema\\\/logo\\\/image\\\/\",\"url\":\"https:\\\/\\\/regions-snetap-fsu.fr\\\/pdl\\\/wp-content\\\/uploads\\\/sites\\\/4\\\/2020\\\/12\\\/SNETAP-Logo.jpg\",\"contentUrl\":\"https:\\\/\\\/regions-snetap-fsu.fr\\\/pdl\\\/wp-content\\\/uploads\\\/sites\\\/4\\\/2020\\\/12\\\/SNETAP-Logo.jpg\",\"width\":464,\"height\":334,\"caption\":\"SNETAP-FSU Pays de Loire\"},\"image\":{\"@id\":\"https:\\\/\\\/regions-snetap-fsu.fr\\\/pdl\\\/#\\\/schema\\\/logo\\\/image\\\/\"}},{\"@type\":\"Person\",\"@id\":\"https:\\\/\\\/regions-snetap-fsu.fr\\\/pdl\\\/#\\\/schema\\\/person\\\/d4530af043f9e8d27bdd71c468ec93b1\",\"name\":\"yvigner\",\"image\":{\"@type\":\"ImageObject\",\"inLanguage\":\"fr-FR\",\"@id\":\"https:\\\/\\\/secure.gravatar.com\\\/avatar\\\/bc72baa6f2406549aecf77a837bc4f03dbe88472c1762138f868571430a23820?s=96&d=mm&r=g\",\"url\":\"https:\\\/\\\/secure.gravatar.com\\\/avatar\\\/bc72baa6f2406549aecf77a837bc4f03dbe88472c1762138f868571430a23820?s=96&d=mm&r=g\",\"contentUrl\":\"https:\\\/\\\/secure.gravatar.com\\\/avatar\\\/bc72baa6f2406549aecf77a837bc4f03dbe88472c1762138f868571430a23820?s=96&d=mm&r=g\",\"caption\":\"yvigner\"},\"url\":\"https:\\\/\\\/regions-snetap-fsu.fr\\\/pdl\\\/author\\\/yvigner\\\/\"}]}<\/script>\n<!-- \/ Yoast SEO plugin. -->","yoast_head_json":{"title":"P\u00e9tition : Examens 2021, une d\u00e9cision nationale, VITE ! - PAYS DE LA LOIRE","robots":{"index":"index","follow":"follow","max-snippet":"max-snippet:-1","max-image-preview":"max-image-preview:large","max-video-preview":"max-video-preview:-1"},"canonical":"https:\/\/regions-snetap-fsu.fr\/pdl\/2021\/04\/05\/examens-2021-une-decision-nationale-vite\/","og_locale":"fr_FR","og_type":"article","og_title":"P\u00e9tition : Examens 2021, une d\u00e9cision nationale, VITE ! - PAYS DE LA LOIRE","og_description":"Monsieur le Ministre,\u00a0Madame la Directrice G\u00e9n\u00e9rale, Apr\u00e8s plus d\u2019un an de cette crise sanitaire qui a profond\u00e9ment boulevers\u00e9 nos vies professionnelles, nous tenons \u00e0 vous dire que nous sommes fatigu\u00e9.es et inquiet.es.\u00a0En effet, d\u00e8s mars 2020, l\u2019institution nous a demand\u00e9, au pied lev\u00e9, de nous adapter au travail \u00e0 distance depuis notre domicile, avec les [&hellip;]","og_url":"https:\/\/regions-snetap-fsu.fr\/pdl\/2021\/04\/05\/examens-2021-une-decision-nationale-vite\/","og_site_name":"PAYS DE LA LOIRE","article_published_time":"2021-04-05T15:44:50+00:00","article_modified_time":"2021-04-05T15:51:40+00:00","author":"yvigner","twitter_card":"summary_large_image","twitter_misc":{"\u00c9crit par":"yvigner","Dur\u00e9e de lecture estim\u00e9e":"3 minutes"},"schema":{"@context":"https:\/\/schema.org","@graph":[{"@type":"Article","@id":"https:\/\/regions-snetap-fsu.fr\/pdl\/2021\/04\/05\/examens-2021-une-decision-nationale-vite\/#article","isPartOf":{"@id":"https:\/\/regions-snetap-fsu.fr\/pdl\/2021\/04\/05\/examens-2021-une-decision-nationale-vite\/"},"author":{"name":"yvigner","@id":"https:\/\/regions-snetap-fsu.fr\/pdl\/#\/schema\/person\/d4530af043f9e8d27bdd71c468ec93b1"},"headline":"P\u00e9tition : Examens 2021, une d\u00e9cision nationale, VITE !","datePublished":"2021-04-05T15:44:50+00:00","dateModified":"2021-04-05T15:51:40+00:00","mainEntityOfPage":{"@id":"https:\/\/regions-snetap-fsu.fr\/pdl\/2021\/04\/05\/examens-2021-une-decision-nationale-vite\/"},"wordCount":628,"publisher":{"@id":"https:\/\/regions-snetap-fsu.fr\/pdl\/#organization"},"articleSection":["Laval"],"inLanguage":"fr-FR"},{"@type":"WebPage","@id":"https:\/\/regions-snetap-fsu.fr\/pdl\/2021\/04\/05\/examens-2021-une-decision-nationale-vite\/","url":"https:\/\/regions-snetap-fsu.fr\/pdl\/2021\/04\/05\/examens-2021-une-decision-nationale-vite\/","name":"P\u00e9tition : Examens 2021, une d\u00e9cision nationale, VITE ! - PAYS DE LA LOIRE","isPartOf":{"@id":"https:\/\/regions-snetap-fsu.fr\/pdl\/#website"},"datePublished":"2021-04-05T15:44:50+00:00","dateModified":"2021-04-05T15:51:40+00:00","breadcrumb":{"@id":"https:\/\/regions-snetap-fsu.fr\/pdl\/2021\/04\/05\/examens-2021-une-decision-nationale-vite\/#breadcrumb"},"inLanguage":"fr-FR","potentialAction":[{"@type":"ReadAction","target":["https:\/\/regions-snetap-fsu.fr\/pdl\/2021\/04\/05\/examens-2021-une-decision-nationale-vite\/"]}]},{"@type":"BreadcrumbList","@id":"https:\/\/regions-snetap-fsu.fr\/pdl\/2021\/04\/05\/examens-2021-une-decision-nationale-vite\/#breadcrumb","itemListElement":[{"@type":"ListItem","position":1,"name":"Accueil","item":"https:\/\/regions-snetap-fsu.fr\/pdl\/"},{"@type":"ListItem","position":2,"name":"P\u00e9tition : Examens 2021, une d\u00e9cision nationale, VITE !"}]},{"@type":"WebSite","@id":"https:\/\/regions-snetap-fsu.fr\/pdl\/#website","url":"https:\/\/regions-snetap-fsu.fr\/pdl\/","name":"SNETAP-FSU PAYS DE LA LOIRE","description":"SECTION REGIONALE","publisher":{"@id":"https:\/\/regions-snetap-fsu.fr\/pdl\/#organization"},"potentialAction":[{"@type":"SearchAction","target":{"@type":"EntryPoint","urlTemplate":"https:\/\/regions-snetap-fsu.fr\/pdl\/?s={search_term_string}"},"query-input":{"@type":"PropertyValueSpecification","valueRequired":true,"valueName":"search_term_string"}}],"inLanguage":"fr-FR"},{"@type":"Organization","@id":"https:\/\/regions-snetap-fsu.fr\/pdl\/#organization","name":"SNETAP-FSU Pays de Loire","url":"https:\/\/regions-snetap-fsu.fr\/pdl\/","logo":{"@type":"ImageObject","inLanguage":"fr-FR","@id":"https:\/\/regions-snetap-fsu.fr\/pdl\/#\/schema\/logo\/image\/","url":"https:\/\/regions-snetap-fsu.fr\/pdl\/wp-content\/uploads\/sites\/4\/2020\/12\/SNETAP-Logo.jpg","contentUrl":"https:\/\/regions-snetap-fsu.fr\/pdl\/wp-content\/uploads\/sites\/4\/2020\/12\/SNETAP-Logo.jpg","width":464,"height":334,"caption":"SNETAP-FSU Pays de Loire"},"image":{"@id":"https:\/\/regions-snetap-fsu.fr\/pdl\/#\/schema\/logo\/image\/"}},{"@type":"Person","@id":"https:\/\/regions-snetap-fsu.fr\/pdl\/#\/schema\/person\/d4530af043f9e8d27bdd71c468ec93b1","name":"yvigner","image":{"@type":"ImageObject","inLanguage":"fr-FR","@id":"https:\/\/secure.gravatar.com\/avatar\/bc72baa6f2406549aecf77a837bc4f03dbe88472c1762138f868571430a23820?s=96&d=mm&r=g","url":"https:\/\/secure.gravatar.com\/avatar\/bc72baa6f2406549aecf77a837bc4f03dbe88472c1762138f868571430a23820?s=96&d=mm&r=g","contentUrl":"https:\/\/secure.gravatar.com\/avatar\/bc72baa6f2406549aecf77a837bc4f03dbe88472c1762138f868571430a23820?s=96&d=mm&r=g","caption":"yvigner"},"url":"https:\/\/regions-snetap-fsu.fr\/pdl\/author\/yvigner\/"}]}},"_links":{"self":[{"href":"https:\/\/regions-snetap-fsu.fr\/pdl\/wp-json\/wp\/v2\/posts\/3911","targetHints":{"allow":["GET"]}}],"collection":[{"href":"https:\/\/regions-snetap-fsu.fr\/pdl\/wp-json\/wp\/v2\/posts"}],"about":[{"href":"https:\/\/regions-snetap-fsu.fr\/pdl\/wp-json\/wp\/v2\/types\/post"}],"author":[{"embeddable":true,"href":"https:\/\/regions-snetap-fsu.fr\/pdl\/wp-json\/wp\/v2\/users\/2"}],"replies":[{"embeddable":true,"href":"https:\/\/regions-snetap-fsu.fr\/pdl\/wp-json\/wp\/v2\/comments?post=3911"}],"version-history":[{"count":4,"href":"https:\/\/regions-snetap-fsu.fr\/pdl\/wp-json\/wp\/v2\/posts\/3911\/revisions"}],"predecessor-version":[{"id":3913,"href":"https:\/\/regions-snetap-fsu.fr\/pdl\/wp-json\/wp\/v2\/posts\/3911\/revisions\/3913"}],"wp:attachment":[{"href":"https:\/\/regions-snetap-fsu.fr\/pdl\/wp-json\/wp\/v2\/media?parent=3911"}],"wp:term":[{"taxonomy":"category","embeddable":true,"href":"https:\/\/regions-snetap-fsu.fr\/pdl\/wp-json\/wp\/v2\/categories?post=3911"},{"taxonomy":"post_tag","embeddable":true,"href":"https:\/\/regions-snetap-fsu.fr\/pdl\/wp-json\/wp\/v2\/tags?post=3911"},{"taxonomy":"post_folder","embeddable":true,"href":"https:\/\/regions-snetap-fsu.fr\/pdl\/wp-json\/wp\/v2\/post_folder?post=3911"}],"curies":[{"name":"wp","href":"https:\/\/api.w.org\/{rel}","templated":true}]}}