{"id":3886,"date":"2021-03-09T22:15:33","date_gmt":"2021-03-09T21:15:33","guid":{"rendered":"https:\/\/regions-snetap-fsu.fr\/pdl\/?p=3886"},"modified":"2021-03-09T22:15:33","modified_gmt":"2021-03-09T21:15:33","slug":"fermeture-erea-des-sables-dolonne-une-confirmation-inacceptable","status":"publish","type":"post","link":"https:\/\/regions-snetap-fsu.fr\/pdl\/2021\/03\/09\/fermeture-erea-des-sables-dolonne-une-confirmation-inacceptable\/","title":{"rendered":"FERMETURE EREA des SABLES d\u2019OLONNE : Une confirmation INACCEPTABLE !"},"content":{"rendered":"<p><span style=\"font-size: medium;\">Communiqu\u00e9 de presse FSU des Pays de la Loire\u00a0<\/span><\/p>\n<p><span style=\"font-size: medium;\"><b>FERMETURE EREA des SABLES d\u2019OLONNE : Une confirmation INACCEPTABLE !<\/b><\/span><\/p>\n<p style=\"text-align: justify;\"><span style=\"color: #000000;\"><span style=\"font-size: medium;\">Sous la co Pr\u00e9sidence du Rectorat et du Conseil R\u00e9gional, un Conseil Acad\u00e9mique de l\u2019\u00c9ducation Nationale (CAEN) s\u2019est tenu aujourd\u2019hui avec comme seul point \u00e0 l\u2019ordre du jour la d\u00e9cision de fermeture de l&rsquo;\u00c9tablissement R\u00e9gional de l&rsquo;Enseignement Adapt\u00e9 des Sables d&rsquo;Olonne.<\/span><\/span><\/p>\n<p style=\"text-align: justify;\"><span style=\"color: #000000;\"><span style=\"font-size: medium;\">En d\u00e9veloppant un argumentaire totalement \u00e0 charge contre l\u2019\u00e9tablissement et ses personnels, en imaginant une fermeture d&rsquo;\u00e9tablissement public comme seule solution \u00e0 des probl\u00e8mes s\u00e9rieux depuis plus de 10 ans, en ayant d\u00e9cid\u00e9 avant m\u00eame toute consultation, en se montrant incapable d\u2019indiquer concr\u00e8tement ce que pourraient \u00eatre les perspectives d\u2019avenir pour les \u00e9l\u00e8ves et la structure m\u00eame d\u2019un EREA public pourtant indispensable \u00e0 l\u2019accueil d\u2019\u00e9l\u00e8ves au profil particulier en Vend\u00e9e, le Rectorat n\u2019a montr\u00e9 aucune volont\u00e9 de dialogue et n\u2019a ouvert aucune autre perspective que celle de la fermeture de l\u2019\u00e9tablissement.<\/span><\/span><\/p>\n<p style=\"text-align: justify;\"><span style=\"color: #000000;\"><span style=\"font-size: medium;\">Pire, le Rectorat entend ne pas tenir compte du vote du CAEN, qui s\u2019est prononc\u00e9 par 20 voix contre la d\u00e9cision de fermeture (9 pour et 7 abstentions), montrant ainsi combien le dialogue social au sein de l\u2019Education nationale rel\u00e8ve d\u2019une bien pi\u00e8tre mascarade \u2026 <\/span><\/span><\/p>\n<p style=\"text-align: justify;\"><span style=\"color: #000000;\"><span style=\"font-size: medium;\">Confort\u00e9e par le vote du CAEN, La FSU ne renonce pas \u00e0 sa demande de surseoir \u00e0 cette d\u00e9cision inacceptable pour les \u00e9l\u00e8ves et leurs familles, pour les personnels et pour le service public d\u2019\u00e9ducation en Vend\u00e9e. La FSU continuera de peser en toutes circonstances pour exiger un moratoire permettant d\u2019envisager, comme avanc\u00e9 par le Conseil R\u00e9gional, l\u2019ouverture d\u2019un nouvel EREA en Vend\u00e9e.<\/span><\/span><\/p>\n<p><span style=\"color: #000000;\"><span style=\"font-size: medium;\">Nantes, le 9 Mars 2021<\/span><\/span><\/p>\n","protected":false},"excerpt":{"rendered":"<p>Communiqu\u00e9 de presse FSU des Pays de la Loire\u00a0 FERMETURE EREA des SABLES d\u2019OLONNE : Une confirmation INACCEPTABLE ! Sous la co Pr\u00e9sidence du Rectorat et du Conseil R\u00e9gional, un Conseil Acad\u00e9mique de l\u2019\u00c9ducation Nationale (CAEN) s\u2019est tenu aujourd\u2019hui avec comme seul point \u00e0 l\u2019ordre du jour la d\u00e9cision de fermeture de l&rsquo;\u00c9tablissement R\u00e9gional de [&hellip;]<\/p>\n","protected":false},"author":2,"featured_media":3887,"comment_status":"closed","ping_status":"closed","sticky":false,"template":"","format":"standard","meta":{"ocean_post_layout":"","ocean_both_sidebars_style":"","ocean_both_sidebars_content_width":0,"ocean_both_sidebars_sidebars_width":0,"ocean_sidebar":"0","ocean_second_sidebar":"0","ocean_disable_margins":"enable","ocean_add_body_class":"","ocean_shortcode_before_top_bar":"","ocean_shortcode_after_top_bar":"","ocean_shortcode_before_header":"","ocean_shortcode_after_header":"","ocean_has_shortcode":"","ocean_shortcode_after_title":"","ocean_shortcode_before_footer_widgets":"","ocean_shortcode_after_footer_widgets":"","ocean_shortcode_before_footer_bottom":"","ocean_shortcode_after_footer_bottom":"","ocean_display_top_bar":"default","ocean_display_header":"default","ocean_header_style":"","ocean_center_header_left_menu":"0","ocean_custom_header_template":"0","ocean_custom_logo":0,"ocean_custom_retina_logo":0,"ocean_custom_logo_max_width":0,"ocean_custom_logo_tablet_max_width":0,"ocean_custom_logo_mobile_max_width":0,"ocean_custom_logo_max_height":0,"ocean_custom_logo_tablet_max_height":0,"ocean_custom_logo_mobile_max_height":0,"ocean_header_custom_menu":"0","ocean_menu_typo_font_family":"0","ocean_menu_typo_font_subset":"","ocean_menu_typo_font_size":0,"ocean_menu_typo_font_size_tablet":0,"ocean_menu_typo_font_size_mobile":0,"ocean_menu_typo_font_size_unit":"px","ocean_menu_typo_font_weight":"","ocean_menu_typo_font_weight_tablet":"","ocean_menu_typo_font_weight_mobile":"","ocean_menu_typo_transform":"","ocean_menu_typo_transform_tablet":"","ocean_menu_typo_transform_mobile":"","ocean_menu_typo_line_height":0,"ocean_menu_typo_line_height_tablet":0,"ocean_menu_typo_line_height_mobile":0,"ocean_menu_typo_line_height_unit":"","ocean_menu_typo_spacing":0,"ocean_menu_typo_spacing_tablet":0,"ocean_menu_typo_spacing_mobile":0,"ocean_menu_typo_spacing_unit":"","ocean_menu_link_color":"","ocean_menu_link_color_hover":"","ocean_menu_link_color_active":"","ocean_menu_link_background":"","ocean_menu_link_hover_background":"","ocean_menu_link_active_background":"","ocean_menu_social_links_bg":"","ocean_menu_social_hover_links_bg":"","ocean_menu_social_links_color":"","ocean_menu_social_hover_links_color":"","ocean_disable_title":"default","ocean_disable_heading":"default","ocean_post_title":"","ocean_post_subheading":"","ocean_post_title_style":"","ocean_post_title_background_color":"","ocean_post_title_background":0,"ocean_post_title_bg_image_position":"","ocean_post_title_bg_image_attachment":"","ocean_post_title_bg_image_repeat":"","ocean_post_title_bg_image_size":"","ocean_post_title_height":0,"ocean_post_title_bg_overlay":0.5,"ocean_post_title_bg_overlay_color":"","ocean_disable_breadcrumbs":"default","ocean_breadcrumbs_color":"","ocean_breadcrumbs_separator_color":"","ocean_breadcrumbs_links_color":"","ocean_breadcrumbs_links_hover_color":"","ocean_display_footer_widgets":"default","ocean_display_footer_bottom":"default","ocean_custom_footer_template":"0","ocean_post_oembed":"","ocean_post_self_hosted_media":"","ocean_post_video_embed":"","ocean_link_format":"","ocean_link_format_target":"self","ocean_quote_format":"","ocean_quote_format_link":"post","ocean_gallery_link_images":"off","ocean_gallery_id":[],"footnotes":""},"categories":[9,7],"tags":[],"post_folder":[],"class_list":["post-3886","post","type-post","status-publish","format-standard","has-post-thumbnail","hentry","category-actions-et-communiques","category-conseil-regional","entry","has-media"],"yoast_head":"<!-- This site is optimized with the Yoast SEO plugin v27.4 - https:\/\/yoast.com\/product\/yoast-seo-wordpress\/ -->\n<title>FERMETURE EREA des SABLES d\u2019OLONNE : Une confirmation INACCEPTABLE ! - PAYS DE LA LOIRE<\/title>\n<meta name=\"robots\" content=\"index, follow, max-snippet:-1, max-image-preview:large, max-video-preview:-1\" \/>\n<link rel=\"canonical\" href=\"https:\/\/regions-snetap-fsu.fr\/pdl\/2021\/03\/09\/fermeture-erea-des-sables-dolonne-une-confirmation-inacceptable\/\" \/>\n<meta property=\"og:locale\" content=\"fr_FR\" \/>\n<meta property=\"og:type\" content=\"article\" \/>\n<meta property=\"og:title\" content=\"FERMETURE EREA des SABLES d\u2019OLONNE : Une confirmation INACCEPTABLE ! - PAYS DE LA LOIRE\" \/>\n<meta property=\"og:description\" content=\"Communiqu\u00e9 de presse FSU des Pays de la Loire\u00a0 FERMETURE EREA des SABLES d\u2019OLONNE : Une confirmation INACCEPTABLE ! Sous la co Pr\u00e9sidence du Rectorat et du Conseil R\u00e9gional, un Conseil Acad\u00e9mique de l\u2019\u00c9ducation Nationale (CAEN) s\u2019est tenu aujourd\u2019hui avec comme seul point \u00e0 l\u2019ordre du jour la d\u00e9cision de fermeture de l&rsquo;\u00c9tablissement R\u00e9gional de [&hellip;]\" \/>\n<meta property=\"og:url\" content=\"https:\/\/regions-snetap-fsu.fr\/pdl\/2021\/03\/09\/fermeture-erea-des-sables-dolonne-une-confirmation-inacceptable\/\" \/>\n<meta property=\"og:site_name\" content=\"PAYS DE LA LOIRE\" \/>\n<meta property=\"article:published_time\" content=\"2021-03-09T21:15:33+00:00\" \/>\n<meta property=\"og:image\" content=\"https:\/\/regions-snetap-fsu.fr\/pdl\/wp-content\/uploads\/sites\/4\/2021\/03\/fsu-sign-horiz-rouge.png\" \/>\n\t<meta property=\"og:image:width\" content=\"921\" \/>\n\t<meta property=\"og:image:height\" content=\"420\" \/>\n\t<meta property=\"og:image:type\" content=\"image\/png\" \/>\n<meta name=\"author\" content=\"yvigner\" \/>\n<meta name=\"twitter:card\" content=\"summary_large_image\" \/>\n<meta name=\"twitter:label1\" content=\"\u00c9crit par\" \/>\n\t<meta name=\"twitter:data1\" content=\"yvigner\" \/>\n\t<meta name=\"twitter:label2\" content=\"Dur\u00e9e de lecture estim\u00e9e\" \/>\n\t<meta name=\"twitter:data2\" content=\"1 minute\" \/>\n<script type=\"application\/ld+json\" class=\"yoast-schema-graph\">{\"@context\":\"https:\\\/\\\/schema.org\",\"@graph\":[{\"@type\":\"Article\",\"@id\":\"https:\\\/\\\/regions-snetap-fsu.fr\\\/pdl\\\/2021\\\/03\\\/09\\\/fermeture-erea-des-sables-dolonne-une-confirmation-inacceptable\\\/#article\",\"isPartOf\":{\"@id\":\"https:\\\/\\\/regions-snetap-fsu.fr\\\/pdl\\\/2021\\\/03\\\/09\\\/fermeture-erea-des-sables-dolonne-une-confirmation-inacceptable\\\/\"},\"author\":{\"name\":\"yvigner\",\"@id\":\"https:\\\/\\\/regions-snetap-fsu.fr\\\/pdl\\\/#\\\/schema\\\/person\\\/d4530af043f9e8d27bdd71c468ec93b1\"},\"headline\":\"FERMETURE EREA des SABLES d\u2019OLONNE : Une confirmation INACCEPTABLE !\",\"datePublished\":\"2021-03-09T21:15:33+00:00\",\"mainEntityOfPage\":{\"@id\":\"https:\\\/\\\/regions-snetap-fsu.fr\\\/pdl\\\/2021\\\/03\\\/09\\\/fermeture-erea-des-sables-dolonne-une-confirmation-inacceptable\\\/\"},\"wordCount\":307,\"publisher\":{\"@id\":\"https:\\\/\\\/regions-snetap-fsu.fr\\\/pdl\\\/#organization\"},\"image\":{\"@id\":\"https:\\\/\\\/regions-snetap-fsu.fr\\\/pdl\\\/2021\\\/03\\\/09\\\/fermeture-erea-des-sables-dolonne-une-confirmation-inacceptable\\\/#primaryimage\"},\"thumbnailUrl\":\"https:\\\/\\\/regions-snetap-fsu.fr\\\/pdl\\\/wp-content\\\/uploads\\\/sites\\\/4\\\/2021\\\/03\\\/fsu-sign-horiz-rouge.png\",\"articleSection\":[\"Communiqu\u00e9s\",\"Conseil r\u00e9gional\"],\"inLanguage\":\"fr-FR\"},{\"@type\":\"WebPage\",\"@id\":\"https:\\\/\\\/regions-snetap-fsu.fr\\\/pdl\\\/2021\\\/03\\\/09\\\/fermeture-erea-des-sables-dolonne-une-confirmation-inacceptable\\\/\",\"url\":\"https:\\\/\\\/regions-snetap-fsu.fr\\\/pdl\\\/2021\\\/03\\\/09\\\/fermeture-erea-des-sables-dolonne-une-confirmation-inacceptable\\\/\",\"name\":\"FERMETURE EREA des SABLES d\u2019OLONNE : Une confirmation INACCEPTABLE ! - PAYS DE LA LOIRE\",\"isPartOf\":{\"@id\":\"https:\\\/\\\/regions-snetap-fsu.fr\\\/pdl\\\/#website\"},\"primaryImageOfPage\":{\"@id\":\"https:\\\/\\\/regions-snetap-fsu.fr\\\/pdl\\\/2021\\\/03\\\/09\\\/fermeture-erea-des-sables-dolonne-une-confirmation-inacceptable\\\/#primaryimage\"},\"image\":{\"@id\":\"https:\\\/\\\/regions-snetap-fsu.fr\\\/pdl\\\/2021\\\/03\\\/09\\\/fermeture-erea-des-sables-dolonne-une-confirmation-inacceptable\\\/#primaryimage\"},\"thumbnailUrl\":\"https:\\\/\\\/regions-snetap-fsu.fr\\\/pdl\\\/wp-content\\\/uploads\\\/sites\\\/4\\\/2021\\\/03\\\/fsu-sign-horiz-rouge.png\",\"datePublished\":\"2021-03-09T21:15:33+00:00\",\"breadcrumb\":{\"@id\":\"https:\\\/\\\/regions-snetap-fsu.fr\\\/pdl\\\/2021\\\/03\\\/09\\\/fermeture-erea-des-sables-dolonne-une-confirmation-inacceptable\\\/#breadcrumb\"},\"inLanguage\":\"fr-FR\",\"potentialAction\":[{\"@type\":\"ReadAction\",\"target\":[\"https:\\\/\\\/regions-snetap-fsu.fr\\\/pdl\\\/2021\\\/03\\\/09\\\/fermeture-erea-des-sables-dolonne-une-confirmation-inacceptable\\\/\"]}]},{\"@type\":\"ImageObject\",\"inLanguage\":\"fr-FR\",\"@id\":\"https:\\\/\\\/regions-snetap-fsu.fr\\\/pdl\\\/2021\\\/03\\\/09\\\/fermeture-erea-des-sables-dolonne-une-confirmation-inacceptable\\\/#primaryimage\",\"url\":\"https:\\\/\\\/regions-snetap-fsu.fr\\\/pdl\\\/wp-content\\\/uploads\\\/sites\\\/4\\\/2021\\\/03\\\/fsu-sign-horiz-rouge.png\",\"contentUrl\":\"https:\\\/\\\/regions-snetap-fsu.fr\\\/pdl\\\/wp-content\\\/uploads\\\/sites\\\/4\\\/2021\\\/03\\\/fsu-sign-horiz-rouge.png\",\"width\":921,\"height\":420},{\"@type\":\"BreadcrumbList\",\"@id\":\"https:\\\/\\\/regions-snetap-fsu.fr\\\/pdl\\\/2021\\\/03\\\/09\\\/fermeture-erea-des-sables-dolonne-une-confirmation-inacceptable\\\/#breadcrumb\",\"itemListElement\":[{\"@type\":\"ListItem\",\"position\":1,\"name\":\"Accueil\",\"item\":\"https:\\\/\\\/regions-snetap-fsu.fr\\\/pdl\\\/\"},{\"@type\":\"ListItem\",\"position\":2,\"name\":\"FERMETURE EREA des SABLES d\u2019OLONNE : Une confirmation INACCEPTABLE !\"}]},{\"@type\":\"WebSite\",\"@id\":\"https:\\\/\\\/regions-snetap-fsu.fr\\\/pdl\\\/#website\",\"url\":\"https:\\\/\\\/regions-snetap-fsu.fr\\\/pdl\\\/\",\"name\":\"SNETAP-FSU PAYS DE LA LOIRE\",\"description\":\"SECTION REGIONALE\",\"publisher\":{\"@id\":\"https:\\\/\\\/regions-snetap-fsu.fr\\\/pdl\\\/#organization\"},\"potentialAction\":[{\"@type\":\"SearchAction\",\"target\":{\"@type\":\"EntryPoint\",\"urlTemplate\":\"https:\\\/\\\/regions-snetap-fsu.fr\\\/pdl\\\/?s={search_term_string}\"},\"query-input\":{\"@type\":\"PropertyValueSpecification\",\"valueRequired\":true,\"valueName\":\"search_term_string\"}}],\"inLanguage\":\"fr-FR\"},{\"@type\":\"Organization\",\"@id\":\"https:\\\/\\\/regions-snetap-fsu.fr\\\/pdl\\\/#organization\",\"name\":\"SNETAP-FSU Pays de Loire\",\"url\":\"https:\\\/\\\/regions-snetap-fsu.fr\\\/pdl\\\/\",\"logo\":{\"@type\":\"ImageObject\",\"inLanguage\":\"fr-FR\",\"@id\":\"https:\\\/\\\/regions-snetap-fsu.fr\\\/pdl\\\/#\\\/schema\\\/logo\\\/image\\\/\",\"url\":\"https:\\\/\\\/regions-snetap-fsu.fr\\\/pdl\\\/wp-content\\\/uploads\\\/sites\\\/4\\\/2020\\\/12\\\/SNETAP-Logo.jpg\",\"contentUrl\":\"https:\\\/\\\/regions-snetap-fsu.fr\\\/pdl\\\/wp-content\\\/uploads\\\/sites\\\/4\\\/2020\\\/12\\\/SNETAP-Logo.jpg\",\"width\":464,\"height\":334,\"caption\":\"SNETAP-FSU Pays de Loire\"},\"image\":{\"@id\":\"https:\\\/\\\/regions-snetap-fsu.fr\\\/pdl\\\/#\\\/schema\\\/logo\\\/image\\\/\"}},{\"@type\":\"Person\",\"@id\":\"https:\\\/\\\/regions-snetap-fsu.fr\\\/pdl\\\/#\\\/schema\\\/person\\\/d4530af043f9e8d27bdd71c468ec93b1\",\"name\":\"yvigner\",\"image\":{\"@type\":\"ImageObject\",\"inLanguage\":\"fr-FR\",\"@id\":\"https:\\\/\\\/secure.gravatar.com\\\/avatar\\\/bc72baa6f2406549aecf77a837bc4f03dbe88472c1762138f868571430a23820?s=96&d=mm&r=g\",\"url\":\"https:\\\/\\\/secure.gravatar.com\\\/avatar\\\/bc72baa6f2406549aecf77a837bc4f03dbe88472c1762138f868571430a23820?s=96&d=mm&r=g\",\"contentUrl\":\"https:\\\/\\\/secure.gravatar.com\\\/avatar\\\/bc72baa6f2406549aecf77a837bc4f03dbe88472c1762138f868571430a23820?s=96&d=mm&r=g\",\"caption\":\"yvigner\"},\"url\":\"https:\\\/\\\/regions-snetap-fsu.fr\\\/pdl\\\/author\\\/yvigner\\\/\"}]}<\/script>\n<!-- \/ Yoast SEO plugin. -->","yoast_head_json":{"title":"FERMETURE EREA des SABLES d\u2019OLONNE : Une confirmation INACCEPTABLE ! - PAYS DE LA LOIRE","robots":{"index":"index","follow":"follow","max-snippet":"max-snippet:-1","max-image-preview":"max-image-preview:large","max-video-preview":"max-video-preview:-1"},"canonical":"https:\/\/regions-snetap-fsu.fr\/pdl\/2021\/03\/09\/fermeture-erea-des-sables-dolonne-une-confirmation-inacceptable\/","og_locale":"fr_FR","og_type":"article","og_title":"FERMETURE EREA des SABLES d\u2019OLONNE : Une confirmation INACCEPTABLE ! - PAYS DE LA LOIRE","og_description":"Communiqu\u00e9 de presse FSU des Pays de la Loire\u00a0 FERMETURE EREA des SABLES d\u2019OLONNE : Une confirmation INACCEPTABLE ! Sous la co Pr\u00e9sidence du Rectorat et du Conseil R\u00e9gional, un Conseil Acad\u00e9mique de l\u2019\u00c9ducation Nationale (CAEN) s\u2019est tenu aujourd\u2019hui avec comme seul point \u00e0 l\u2019ordre du jour la d\u00e9cision de fermeture de l&rsquo;\u00c9tablissement R\u00e9gional de [&hellip;]","og_url":"https:\/\/regions-snetap-fsu.fr\/pdl\/2021\/03\/09\/fermeture-erea-des-sables-dolonne-une-confirmation-inacceptable\/","og_site_name":"PAYS DE LA LOIRE","article_published_time":"2021-03-09T21:15:33+00:00","og_image":[{"width":921,"height":420,"url":"https:\/\/regions-snetap-fsu.fr\/pdl\/wp-content\/uploads\/sites\/4\/2021\/03\/fsu-sign-horiz-rouge.png","type":"image\/png"}],"author":"yvigner","twitter_card":"summary_large_image","twitter_misc":{"\u00c9crit par":"yvigner","Dur\u00e9e de lecture estim\u00e9e":"1 minute"},"schema":{"@context":"https:\/\/schema.org","@graph":[{"@type":"Article","@id":"https:\/\/regions-snetap-fsu.fr\/pdl\/2021\/03\/09\/fermeture-erea-des-sables-dolonne-une-confirmation-inacceptable\/#article","isPartOf":{"@id":"https:\/\/regions-snetap-fsu.fr\/pdl\/2021\/03\/09\/fermeture-erea-des-sables-dolonne-une-confirmation-inacceptable\/"},"author":{"name":"yvigner","@id":"https:\/\/regions-snetap-fsu.fr\/pdl\/#\/schema\/person\/d4530af043f9e8d27bdd71c468ec93b1"},"headline":"FERMETURE EREA des SABLES d\u2019OLONNE : Une confirmation INACCEPTABLE !","datePublished":"2021-03-09T21:15:33+00:00","mainEntityOfPage":{"@id":"https:\/\/regions-snetap-fsu.fr\/pdl\/2021\/03\/09\/fermeture-erea-des-sables-dolonne-une-confirmation-inacceptable\/"},"wordCount":307,"publisher":{"@id":"https:\/\/regions-snetap-fsu.fr\/pdl\/#organization"},"image":{"@id":"https:\/\/regions-snetap-fsu.fr\/pdl\/2021\/03\/09\/fermeture-erea-des-sables-dolonne-une-confirmation-inacceptable\/#primaryimage"},"thumbnailUrl":"https:\/\/regions-snetap-fsu.fr\/pdl\/wp-content\/uploads\/sites\/4\/2021\/03\/fsu-sign-horiz-rouge.png","articleSection":["Communiqu\u00e9s","Conseil r\u00e9gional"],"inLanguage":"fr-FR"},{"@type":"WebPage","@id":"https:\/\/regions-snetap-fsu.fr\/pdl\/2021\/03\/09\/fermeture-erea-des-sables-dolonne-une-confirmation-inacceptable\/","url":"https:\/\/regions-snetap-fsu.fr\/pdl\/2021\/03\/09\/fermeture-erea-des-sables-dolonne-une-confirmation-inacceptable\/","name":"FERMETURE EREA des SABLES d\u2019OLONNE : Une confirmation INACCEPTABLE ! - PAYS DE LA LOIRE","isPartOf":{"@id":"https:\/\/regions-snetap-fsu.fr\/pdl\/#website"},"primaryImageOfPage":{"@id":"https:\/\/regions-snetap-fsu.fr\/pdl\/2021\/03\/09\/fermeture-erea-des-sables-dolonne-une-confirmation-inacceptable\/#primaryimage"},"image":{"@id":"https:\/\/regions-snetap-fsu.fr\/pdl\/2021\/03\/09\/fermeture-erea-des-sables-dolonne-une-confirmation-inacceptable\/#primaryimage"},"thumbnailUrl":"https:\/\/regions-snetap-fsu.fr\/pdl\/wp-content\/uploads\/sites\/4\/2021\/03\/fsu-sign-horiz-rouge.png","datePublished":"2021-03-09T21:15:33+00:00","breadcrumb":{"@id":"https:\/\/regions-snetap-fsu.fr\/pdl\/2021\/03\/09\/fermeture-erea-des-sables-dolonne-une-confirmation-inacceptable\/#breadcrumb"},"inLanguage":"fr-FR","potentialAction":[{"@type":"ReadAction","target":["https:\/\/regions-snetap-fsu.fr\/pdl\/2021\/03\/09\/fermeture-erea-des-sables-dolonne-une-confirmation-inacceptable\/"]}]},{"@type":"ImageObject","inLanguage":"fr-FR","@id":"https:\/\/regions-snetap-fsu.fr\/pdl\/2021\/03\/09\/fermeture-erea-des-sables-dolonne-une-confirmation-inacceptable\/#primaryimage","url":"https:\/\/regions-snetap-fsu.fr\/pdl\/wp-content\/uploads\/sites\/4\/2021\/03\/fsu-sign-horiz-rouge.png","contentUrl":"https:\/\/regions-snetap-fsu.fr\/pdl\/wp-content\/uploads\/sites\/4\/2021\/03\/fsu-sign-horiz-rouge.png","width":921,"height":420},{"@type":"BreadcrumbList","@id":"https:\/\/regions-snetap-fsu.fr\/pdl\/2021\/03\/09\/fermeture-erea-des-sables-dolonne-une-confirmation-inacceptable\/#breadcrumb","itemListElement":[{"@type":"ListItem","position":1,"name":"Accueil","item":"https:\/\/regions-snetap-fsu.fr\/pdl\/"},{"@type":"ListItem","position":2,"name":"FERMETURE EREA des SABLES d\u2019OLONNE : Une confirmation INACCEPTABLE !"}]},{"@type":"WebSite","@id":"https:\/\/regions-snetap-fsu.fr\/pdl\/#website","url":"https:\/\/regions-snetap-fsu.fr\/pdl\/","name":"SNETAP-FSU PAYS DE LA LOIRE","description":"SECTION REGIONALE","publisher":{"@id":"https:\/\/regions-snetap-fsu.fr\/pdl\/#organization"},"potentialAction":[{"@type":"SearchAction","target":{"@type":"EntryPoint","urlTemplate":"https:\/\/regions-snetap-fsu.fr\/pdl\/?s={search_term_string}"},"query-input":{"@type":"PropertyValueSpecification","valueRequired":true,"valueName":"search_term_string"}}],"inLanguage":"fr-FR"},{"@type":"Organization","@id":"https:\/\/regions-snetap-fsu.fr\/pdl\/#organization","name":"SNETAP-FSU Pays de Loire","url":"https:\/\/regions-snetap-fsu.fr\/pdl\/","logo":{"@type":"ImageObject","inLanguage":"fr-FR","@id":"https:\/\/regions-snetap-fsu.fr\/pdl\/#\/schema\/logo\/image\/","url":"https:\/\/regions-snetap-fsu.fr\/pdl\/wp-content\/uploads\/sites\/4\/2020\/12\/SNETAP-Logo.jpg","contentUrl":"https:\/\/regions-snetap-fsu.fr\/pdl\/wp-content\/uploads\/sites\/4\/2020\/12\/SNETAP-Logo.jpg","width":464,"height":334,"caption":"SNETAP-FSU Pays de Loire"},"image":{"@id":"https:\/\/regions-snetap-fsu.fr\/pdl\/#\/schema\/logo\/image\/"}},{"@type":"Person","@id":"https:\/\/regions-snetap-fsu.fr\/pdl\/#\/schema\/person\/d4530af043f9e8d27bdd71c468ec93b1","name":"yvigner","image":{"@type":"ImageObject","inLanguage":"fr-FR","@id":"https:\/\/secure.gravatar.com\/avatar\/bc72baa6f2406549aecf77a837bc4f03dbe88472c1762138f868571430a23820?s=96&d=mm&r=g","url":"https:\/\/secure.gravatar.com\/avatar\/bc72baa6f2406549aecf77a837bc4f03dbe88472c1762138f868571430a23820?s=96&d=mm&r=g","contentUrl":"https:\/\/secure.gravatar.com\/avatar\/bc72baa6f2406549aecf77a837bc4f03dbe88472c1762138f868571430a23820?s=96&d=mm&r=g","caption":"yvigner"},"url":"https:\/\/regions-snetap-fsu.fr\/pdl\/author\/yvigner\/"}]}},"_links":{"self":[{"href":"https:\/\/regions-snetap-fsu.fr\/pdl\/wp-json\/wp\/v2\/posts\/3886","targetHints":{"allow":["GET"]}}],"collection":[{"href":"https:\/\/regions-snetap-fsu.fr\/pdl\/wp-json\/wp\/v2\/posts"}],"about":[{"href":"https:\/\/regions-snetap-fsu.fr\/pdl\/wp-json\/wp\/v2\/types\/post"}],"author":[{"embeddable":true,"href":"https:\/\/regions-snetap-fsu.fr\/pdl\/wp-json\/wp\/v2\/users\/2"}],"replies":[{"embeddable":true,"href":"https:\/\/regions-snetap-fsu.fr\/pdl\/wp-json\/wp\/v2\/comments?post=3886"}],"version-history":[{"count":1,"href":"https:\/\/regions-snetap-fsu.fr\/pdl\/wp-json\/wp\/v2\/posts\/3886\/revisions"}],"predecessor-version":[{"id":3888,"href":"https:\/\/regions-snetap-fsu.fr\/pdl\/wp-json\/wp\/v2\/posts\/3886\/revisions\/3888"}],"wp:featuredmedia":[{"embeddable":true,"href":"https:\/\/regions-snetap-fsu.fr\/pdl\/wp-json\/wp\/v2\/media\/3887"}],"wp:attachment":[{"href":"https:\/\/regions-snetap-fsu.fr\/pdl\/wp-json\/wp\/v2\/media?parent=3886"}],"wp:term":[{"taxonomy":"category","embeddable":true,"href":"https:\/\/regions-snetap-fsu.fr\/pdl\/wp-json\/wp\/v2\/categories?post=3886"},{"taxonomy":"post_tag","embeddable":true,"href":"https:\/\/regions-snetap-fsu.fr\/pdl\/wp-json\/wp\/v2\/tags?post=3886"},{"taxonomy":"post_folder","embeddable":true,"href":"https:\/\/regions-snetap-fsu.fr\/pdl\/wp-json\/wp\/v2\/post_folder?post=3886"}],"curies":[{"name":"wp","href":"https:\/\/api.w.org\/{rel}","templated":true}]}}