{"id":3878,"date":"2021-02-22T15:07:00","date_gmt":"2021-02-22T14:07:00","guid":{"rendered":"https:\/\/regions-snetap-fsu.fr\/pdl\/?p=3878"},"modified":"2021-02-22T15:47:50","modified_gmt":"2021-02-22T14:47:50","slug":"aesh-en-pays-de-la-loire-premiers-echanges-premieres-avancees-salariales","status":"publish","type":"post","link":"https:\/\/regions-snetap-fsu.fr\/pdl\/2021\/02\/22\/aesh-en-pays-de-la-loire-premiers-echanges-premieres-avancees-salariales\/","title":{"rendered":"AESH en Pays de la Loire, premiers \u00e9changes&#8230;premi\u00e8res avanc\u00e9es salariales ?"},"content":{"rendered":"<p style=\"text-align: justify;\">Suite \u00e0 notre action lors des conseils d&rsquo;administration de l&rsquo;automne 2020 et au CTREA extraordinaire du 20 janvier 2021, <strong>le premier groupe de travail sur les conditions de travail et de r\u00e9mun\u00e9ration des AESH des Pays de la Loire s&rsquo;est r\u00e9uni le mercredi 17 f\u00e9vrier dernier<\/strong>. Suite \u00e0 nos propositions (<a href=\"https:\/\/regions-snetap-fsu.fr\/pdl\/2021\/01\/20\/remuneration-des-aesh-il-faut-avancer-les-propositions-faites-lors-du-ctrea-des-pays-de-la-loire\/\">https:\/\/regions-snetap-fsu.fr\/pdl\/2021\/01\/20\/remuneration-des-aesh-il-faut-avancer-les-propositions-faites-lors-du-ctrea-des-pays-de-la-loire\/<\/a>) l&rsquo;administration va proposer un VADEMECUM et accord cadre (juste apr\u00e8s les vacances) pour avancer sur ces deux sujets. Les premi\u00e8res r\u00e9flexions sont positives et devraient permettre dans les prochaines semaines (\u00e0 l&rsquo;occasion des CA de mars peut \u00eatre) d&rsquo;am\u00e9liorer (depuis le 1er janvier 2021, de fa\u00e7on r\u00e9troactive) la r\u00e9mun\u00e9ration de tous les coll\u00e8gues AESH en progressant par rapport au SMIC et en prenant en compte non seulement l&rsquo;anciennet\u00e9 mais aussi le niveau de formation au moment de la signature du contrat. La mise en place d&rsquo;un entretien professionnel tous les 3 ans devrait \u00e9galement am\u00e9liorer, un peu, le salaire de nos coll\u00e8gues.<\/p>\n<p>Le SNETAP-FSU ne l\u00e2chera pas sur ces sujets majeurs et vous tiendra rapidement au courant de la signature de l&rsquo;accord. Un accord que nous porterons ensuite dans toutes les r\u00e9gions pour toutes et tous. La m\u00eame action sera men\u00e9e pour les coll\u00e8gues en CDI qui d\u00e9pendent du Minist\u00e8re pour leurs contrats.<\/p>\n","protected":false},"excerpt":{"rendered":"<p>Suite \u00e0 notre action lors des conseils d&rsquo;administration de l&rsquo;automne 2020 et au CTREA extraordinaire du 20 janvier 2021, le premier groupe de travail sur les conditions de travail et de r\u00e9mun\u00e9ration des AESH des Pays de la Loire s&rsquo;est r\u00e9uni le mercredi 17 f\u00e9vrier dernier. Suite \u00e0 nos propositions (https:\/\/regions-snetap-fsu.fr\/pdl\/2021\/01\/20\/remuneration-des-aesh-il-faut-avancer-les-propositions-faites-lors-du-ctrea-des-pays-de-la-loire\/) l&rsquo;administration va proposer un [&hellip;]<\/p>\n","protected":false},"author":2,"featured_media":3879,"comment_status":"closed","ping_status":"closed","sticky":false,"template":"","format":"standard","meta":{"ocean_post_layout":"","ocean_both_sidebars_style":"","ocean_both_sidebars_content_width":0,"ocean_both_sidebars_sidebars_width":0,"ocean_sidebar":"0","ocean_second_sidebar":"0","ocean_disable_margins":"enable","ocean_add_body_class":"","ocean_shortcode_before_top_bar":"","ocean_shortcode_after_top_bar":"","ocean_shortcode_before_header":"","ocean_shortcode_after_header":"","ocean_has_shortcode":"","ocean_shortcode_after_title":"","ocean_shortcode_before_footer_widgets":"","ocean_shortcode_after_footer_widgets":"","ocean_shortcode_before_footer_bottom":"","ocean_shortcode_after_footer_bottom":"","ocean_display_top_bar":"default","ocean_display_header":"default","ocean_header_style":"","ocean_center_header_left_menu":"0","ocean_custom_header_template":"0","ocean_custom_logo":0,"ocean_custom_retina_logo":0,"ocean_custom_logo_max_width":0,"ocean_custom_logo_tablet_max_width":0,"ocean_custom_logo_mobile_max_width":0,"ocean_custom_logo_max_height":0,"ocean_custom_logo_tablet_max_height":0,"ocean_custom_logo_mobile_max_height":0,"ocean_header_custom_menu":"0","ocean_menu_typo_font_family":"0","ocean_menu_typo_font_subset":"","ocean_menu_typo_font_size":0,"ocean_menu_typo_font_size_tablet":0,"ocean_menu_typo_font_size_mobile":0,"ocean_menu_typo_font_size_unit":"px","ocean_menu_typo_font_weight":"","ocean_menu_typo_font_weight_tablet":"","ocean_menu_typo_font_weight_mobile":"","ocean_menu_typo_transform":"","ocean_menu_typo_transform_tablet":"","ocean_menu_typo_transform_mobile":"","ocean_menu_typo_line_height":0,"ocean_menu_typo_line_height_tablet":0,"ocean_menu_typo_line_height_mobile":0,"ocean_menu_typo_line_height_unit":"","ocean_menu_typo_spacing":0,"ocean_menu_typo_spacing_tablet":0,"ocean_menu_typo_spacing_mobile":0,"ocean_menu_typo_spacing_unit":"","ocean_menu_link_color":"","ocean_menu_link_color_hover":"","ocean_menu_link_color_active":"","ocean_menu_link_background":"","ocean_menu_link_hover_background":"","ocean_menu_link_active_background":"","ocean_menu_social_links_bg":"","ocean_menu_social_hover_links_bg":"","ocean_menu_social_links_color":"","ocean_menu_social_hover_links_color":"","ocean_disable_title":"default","ocean_disable_heading":"default","ocean_post_title":"","ocean_post_subheading":"","ocean_post_title_style":"","ocean_post_title_background_color":"","ocean_post_title_background":0,"ocean_post_title_bg_image_position":"","ocean_post_title_bg_image_attachment":"","ocean_post_title_bg_image_repeat":"","ocean_post_title_bg_image_size":"","ocean_post_title_height":0,"ocean_post_title_bg_overlay":0.5,"ocean_post_title_bg_overlay_color":"","ocean_disable_breadcrumbs":"default","ocean_breadcrumbs_color":"","ocean_breadcrumbs_separator_color":"","ocean_breadcrumbs_links_color":"","ocean_breadcrumbs_links_hover_color":"","ocean_display_footer_widgets":"default","ocean_display_footer_bottom":"default","ocean_custom_footer_template":"0","ocean_post_oembed":"","ocean_post_self_hosted_media":"","ocean_post_video_embed":"","ocean_link_format":"","ocean_link_format_target":"self","ocean_quote_format":"","ocean_quote_format_link":"post","ocean_gallery_link_images":"off","ocean_gallery_id":[],"footnotes":""},"categories":[28,37,12],"tags":[],"post_folder":[],"class_list":["post-3878","post","type-post","status-publish","format-standard","has-post-thumbnail","hentry","category-actions-regionales","category-aesh","category-csarea","entry","has-media"],"yoast_head":"<!-- This site is optimized with the Yoast SEO plugin v27.4 - https:\/\/yoast.com\/product\/yoast-seo-wordpress\/ -->\n<title>AESH en Pays de la Loire, premiers \u00e9changes...premi\u00e8res avanc\u00e9es salariales ? - PAYS DE LA LOIRE<\/title>\n<meta name=\"robots\" content=\"index, follow, max-snippet:-1, max-image-preview:large, max-video-preview:-1\" \/>\n<link rel=\"canonical\" href=\"https:\/\/regions-snetap-fsu.fr\/pdl\/2021\/02\/22\/aesh-en-pays-de-la-loire-premiers-echanges-premieres-avancees-salariales\/\" \/>\n<meta property=\"og:locale\" content=\"fr_FR\" \/>\n<meta property=\"og:type\" content=\"article\" \/>\n<meta property=\"og:title\" content=\"AESH en Pays de la Loire, premiers \u00e9changes...premi\u00e8res avanc\u00e9es salariales ? - PAYS DE LA LOIRE\" \/>\n<meta property=\"og:description\" content=\"Suite \u00e0 notre action lors des conseils d&rsquo;administration de l&rsquo;automne 2020 et au CTREA extraordinaire du 20 janvier 2021, le premier groupe de travail sur les conditions de travail et de r\u00e9mun\u00e9ration des AESH des Pays de la Loire s&rsquo;est r\u00e9uni le mercredi 17 f\u00e9vrier dernier. Suite \u00e0 nos propositions (https:\/\/regions-snetap-fsu.fr\/pdl\/2021\/01\/20\/remuneration-des-aesh-il-faut-avancer-les-propositions-faites-lors-du-ctrea-des-pays-de-la-loire\/) l&rsquo;administration va proposer un [&hellip;]\" \/>\n<meta property=\"og:url\" content=\"https:\/\/regions-snetap-fsu.fr\/pdl\/2021\/02\/22\/aesh-en-pays-de-la-loire-premiers-echanges-premieres-avancees-salariales\/\" \/>\n<meta property=\"og:site_name\" content=\"PAYS DE LA LOIRE\" \/>\n<meta property=\"article:published_time\" content=\"2021-02-22T14:07:00+00:00\" \/>\n<meta property=\"article:modified_time\" content=\"2021-02-22T14:47:50+00:00\" \/>\n<meta property=\"og:image\" content=\"https:\/\/regions-snetap-fsu.fr\/pdl\/wp-content\/uploads\/sites\/4\/2021\/02\/GT-AESH.jpg\" \/>\n\t<meta property=\"og:image:width\" content=\"1039\" \/>\n\t<meta property=\"og:image:height\" content=\"706\" \/>\n\t<meta property=\"og:image:type\" content=\"image\/jpeg\" \/>\n<meta name=\"author\" content=\"yvigner\" \/>\n<meta name=\"twitter:card\" content=\"summary_large_image\" \/>\n<meta name=\"twitter:label1\" content=\"\u00c9crit par\" \/>\n\t<meta name=\"twitter:data1\" content=\"yvigner\" \/>\n\t<meta name=\"twitter:label2\" content=\"Dur\u00e9e de lecture estim\u00e9e\" \/>\n\t<meta name=\"twitter:data2\" content=\"1 minute\" \/>\n<script type=\"application\/ld+json\" class=\"yoast-schema-graph\">{\"@context\":\"https:\\\/\\\/schema.org\",\"@graph\":[{\"@type\":\"Article\",\"@id\":\"https:\\\/\\\/regions-snetap-fsu.fr\\\/pdl\\\/2021\\\/02\\\/22\\\/aesh-en-pays-de-la-loire-premiers-echanges-premieres-avancees-salariales\\\/#article\",\"isPartOf\":{\"@id\":\"https:\\\/\\\/regions-snetap-fsu.fr\\\/pdl\\\/2021\\\/02\\\/22\\\/aesh-en-pays-de-la-loire-premiers-echanges-premieres-avancees-salariales\\\/\"},\"author\":{\"name\":\"yvigner\",\"@id\":\"https:\\\/\\\/regions-snetap-fsu.fr\\\/pdl\\\/#\\\/schema\\\/person\\\/d4530af043f9e8d27bdd71c468ec93b1\"},\"headline\":\"AESH en Pays de la Loire, premiers \u00e9changes&#8230;premi\u00e8res avanc\u00e9es salariales ?\",\"datePublished\":\"2021-02-22T14:07:00+00:00\",\"dateModified\":\"2021-02-22T14:47:50+00:00\",\"mainEntityOfPage\":{\"@id\":\"https:\\\/\\\/regions-snetap-fsu.fr\\\/pdl\\\/2021\\\/02\\\/22\\\/aesh-en-pays-de-la-loire-premiers-echanges-premieres-avancees-salariales\\\/\"},\"wordCount\":243,\"publisher\":{\"@id\":\"https:\\\/\\\/regions-snetap-fsu.fr\\\/pdl\\\/#organization\"},\"image\":{\"@id\":\"https:\\\/\\\/regions-snetap-fsu.fr\\\/pdl\\\/2021\\\/02\\\/22\\\/aesh-en-pays-de-la-loire-premiers-echanges-premieres-avancees-salariales\\\/#primaryimage\"},\"thumbnailUrl\":\"https:\\\/\\\/regions-snetap-fsu.fr\\\/pdl\\\/wp-content\\\/uploads\\\/sites\\\/4\\\/2021\\\/02\\\/GT-AESH.jpg\",\"articleSection\":[\"Actions r\u00e9gionales\",\"AESH\",\"CSA-REA (ex CTREA)\"],\"inLanguage\":\"fr-FR\"},{\"@type\":\"WebPage\",\"@id\":\"https:\\\/\\\/regions-snetap-fsu.fr\\\/pdl\\\/2021\\\/02\\\/22\\\/aesh-en-pays-de-la-loire-premiers-echanges-premieres-avancees-salariales\\\/\",\"url\":\"https:\\\/\\\/regions-snetap-fsu.fr\\\/pdl\\\/2021\\\/02\\\/22\\\/aesh-en-pays-de-la-loire-premiers-echanges-premieres-avancees-salariales\\\/\",\"name\":\"AESH en Pays de la Loire, premiers \u00e9changes...premi\u00e8res avanc\u00e9es salariales ? - PAYS DE LA LOIRE\",\"isPartOf\":{\"@id\":\"https:\\\/\\\/regions-snetap-fsu.fr\\\/pdl\\\/#website\"},\"primaryImageOfPage\":{\"@id\":\"https:\\\/\\\/regions-snetap-fsu.fr\\\/pdl\\\/2021\\\/02\\\/22\\\/aesh-en-pays-de-la-loire-premiers-echanges-premieres-avancees-salariales\\\/#primaryimage\"},\"image\":{\"@id\":\"https:\\\/\\\/regions-snetap-fsu.fr\\\/pdl\\\/2021\\\/02\\\/22\\\/aesh-en-pays-de-la-loire-premiers-echanges-premieres-avancees-salariales\\\/#primaryimage\"},\"thumbnailUrl\":\"https:\\\/\\\/regions-snetap-fsu.fr\\\/pdl\\\/wp-content\\\/uploads\\\/sites\\\/4\\\/2021\\\/02\\\/GT-AESH.jpg\",\"datePublished\":\"2021-02-22T14:07:00+00:00\",\"dateModified\":\"2021-02-22T14:47:50+00:00\",\"breadcrumb\":{\"@id\":\"https:\\\/\\\/regions-snetap-fsu.fr\\\/pdl\\\/2021\\\/02\\\/22\\\/aesh-en-pays-de-la-loire-premiers-echanges-premieres-avancees-salariales\\\/#breadcrumb\"},\"inLanguage\":\"fr-FR\",\"potentialAction\":[{\"@type\":\"ReadAction\",\"target\":[\"https:\\\/\\\/regions-snetap-fsu.fr\\\/pdl\\\/2021\\\/02\\\/22\\\/aesh-en-pays-de-la-loire-premiers-echanges-premieres-avancees-salariales\\\/\"]}]},{\"@type\":\"ImageObject\",\"inLanguage\":\"fr-FR\",\"@id\":\"https:\\\/\\\/regions-snetap-fsu.fr\\\/pdl\\\/2021\\\/02\\\/22\\\/aesh-en-pays-de-la-loire-premiers-echanges-premieres-avancees-salariales\\\/#primaryimage\",\"url\":\"https:\\\/\\\/regions-snetap-fsu.fr\\\/pdl\\\/wp-content\\\/uploads\\\/sites\\\/4\\\/2021\\\/02\\\/GT-AESH.jpg\",\"contentUrl\":\"https:\\\/\\\/regions-snetap-fsu.fr\\\/pdl\\\/wp-content\\\/uploads\\\/sites\\\/4\\\/2021\\\/02\\\/GT-AESH.jpg\",\"width\":1039,\"height\":706},{\"@type\":\"BreadcrumbList\",\"@id\":\"https:\\\/\\\/regions-snetap-fsu.fr\\\/pdl\\\/2021\\\/02\\\/22\\\/aesh-en-pays-de-la-loire-premiers-echanges-premieres-avancees-salariales\\\/#breadcrumb\",\"itemListElement\":[{\"@type\":\"ListItem\",\"position\":1,\"name\":\"Accueil\",\"item\":\"https:\\\/\\\/regions-snetap-fsu.fr\\\/pdl\\\/\"},{\"@type\":\"ListItem\",\"position\":2,\"name\":\"AESH en Pays de la Loire, premiers \u00e9changes&#8230;premi\u00e8res avanc\u00e9es salariales ?\"}]},{\"@type\":\"WebSite\",\"@id\":\"https:\\\/\\\/regions-snetap-fsu.fr\\\/pdl\\\/#website\",\"url\":\"https:\\\/\\\/regions-snetap-fsu.fr\\\/pdl\\\/\",\"name\":\"SNETAP-FSU PAYS DE LA LOIRE\",\"description\":\"SECTION REGIONALE\",\"publisher\":{\"@id\":\"https:\\\/\\\/regions-snetap-fsu.fr\\\/pdl\\\/#organization\"},\"potentialAction\":[{\"@type\":\"SearchAction\",\"target\":{\"@type\":\"EntryPoint\",\"urlTemplate\":\"https:\\\/\\\/regions-snetap-fsu.fr\\\/pdl\\\/?s={search_term_string}\"},\"query-input\":{\"@type\":\"PropertyValueSpecification\",\"valueRequired\":true,\"valueName\":\"search_term_string\"}}],\"inLanguage\":\"fr-FR\"},{\"@type\":\"Organization\",\"@id\":\"https:\\\/\\\/regions-snetap-fsu.fr\\\/pdl\\\/#organization\",\"name\":\"SNETAP-FSU Pays de Loire\",\"url\":\"https:\\\/\\\/regions-snetap-fsu.fr\\\/pdl\\\/\",\"logo\":{\"@type\":\"ImageObject\",\"inLanguage\":\"fr-FR\",\"@id\":\"https:\\\/\\\/regions-snetap-fsu.fr\\\/pdl\\\/#\\\/schema\\\/logo\\\/image\\\/\",\"url\":\"https:\\\/\\\/regions-snetap-fsu.fr\\\/pdl\\\/wp-content\\\/uploads\\\/sites\\\/4\\\/2020\\\/12\\\/SNETAP-Logo.jpg\",\"contentUrl\":\"https:\\\/\\\/regions-snetap-fsu.fr\\\/pdl\\\/wp-content\\\/uploads\\\/sites\\\/4\\\/2020\\\/12\\\/SNETAP-Logo.jpg\",\"width\":464,\"height\":334,\"caption\":\"SNETAP-FSU Pays de Loire\"},\"image\":{\"@id\":\"https:\\\/\\\/regions-snetap-fsu.fr\\\/pdl\\\/#\\\/schema\\\/logo\\\/image\\\/\"}},{\"@type\":\"Person\",\"@id\":\"https:\\\/\\\/regions-snetap-fsu.fr\\\/pdl\\\/#\\\/schema\\\/person\\\/d4530af043f9e8d27bdd71c468ec93b1\",\"name\":\"yvigner\",\"image\":{\"@type\":\"ImageObject\",\"inLanguage\":\"fr-FR\",\"@id\":\"https:\\\/\\\/secure.gravatar.com\\\/avatar\\\/bc72baa6f2406549aecf77a837bc4f03dbe88472c1762138f868571430a23820?s=96&d=mm&r=g\",\"url\":\"https:\\\/\\\/secure.gravatar.com\\\/avatar\\\/bc72baa6f2406549aecf77a837bc4f03dbe88472c1762138f868571430a23820?s=96&d=mm&r=g\",\"contentUrl\":\"https:\\\/\\\/secure.gravatar.com\\\/avatar\\\/bc72baa6f2406549aecf77a837bc4f03dbe88472c1762138f868571430a23820?s=96&d=mm&r=g\",\"caption\":\"yvigner\"},\"url\":\"https:\\\/\\\/regions-snetap-fsu.fr\\\/pdl\\\/author\\\/yvigner\\\/\"}]}<\/script>\n<!-- \/ Yoast SEO plugin. -->","yoast_head_json":{"title":"AESH en Pays de la Loire, premiers \u00e9changes...premi\u00e8res avanc\u00e9es salariales ? - PAYS DE LA LOIRE","robots":{"index":"index","follow":"follow","max-snippet":"max-snippet:-1","max-image-preview":"max-image-preview:large","max-video-preview":"max-video-preview:-1"},"canonical":"https:\/\/regions-snetap-fsu.fr\/pdl\/2021\/02\/22\/aesh-en-pays-de-la-loire-premiers-echanges-premieres-avancees-salariales\/","og_locale":"fr_FR","og_type":"article","og_title":"AESH en Pays de la Loire, premiers \u00e9changes...premi\u00e8res avanc\u00e9es salariales ? - PAYS DE LA LOIRE","og_description":"Suite \u00e0 notre action lors des conseils d&rsquo;administration de l&rsquo;automne 2020 et au CTREA extraordinaire du 20 janvier 2021, le premier groupe de travail sur les conditions de travail et de r\u00e9mun\u00e9ration des AESH des Pays de la Loire s&rsquo;est r\u00e9uni le mercredi 17 f\u00e9vrier dernier. Suite \u00e0 nos propositions (https:\/\/regions-snetap-fsu.fr\/pdl\/2021\/01\/20\/remuneration-des-aesh-il-faut-avancer-les-propositions-faites-lors-du-ctrea-des-pays-de-la-loire\/) l&rsquo;administration va proposer un [&hellip;]","og_url":"https:\/\/regions-snetap-fsu.fr\/pdl\/2021\/02\/22\/aesh-en-pays-de-la-loire-premiers-echanges-premieres-avancees-salariales\/","og_site_name":"PAYS DE LA LOIRE","article_published_time":"2021-02-22T14:07:00+00:00","article_modified_time":"2021-02-22T14:47:50+00:00","og_image":[{"width":1039,"height":706,"url":"https:\/\/regions-snetap-fsu.fr\/pdl\/wp-content\/uploads\/sites\/4\/2021\/02\/GT-AESH.jpg","type":"image\/jpeg"}],"author":"yvigner","twitter_card":"summary_large_image","twitter_misc":{"\u00c9crit par":"yvigner","Dur\u00e9e de lecture estim\u00e9e":"1 minute"},"schema":{"@context":"https:\/\/schema.org","@graph":[{"@type":"Article","@id":"https:\/\/regions-snetap-fsu.fr\/pdl\/2021\/02\/22\/aesh-en-pays-de-la-loire-premiers-echanges-premieres-avancees-salariales\/#article","isPartOf":{"@id":"https:\/\/regions-snetap-fsu.fr\/pdl\/2021\/02\/22\/aesh-en-pays-de-la-loire-premiers-echanges-premieres-avancees-salariales\/"},"author":{"name":"yvigner","@id":"https:\/\/regions-snetap-fsu.fr\/pdl\/#\/schema\/person\/d4530af043f9e8d27bdd71c468ec93b1"},"headline":"AESH en Pays de la Loire, premiers \u00e9changes&#8230;premi\u00e8res avanc\u00e9es salariales ?","datePublished":"2021-02-22T14:07:00+00:00","dateModified":"2021-02-22T14:47:50+00:00","mainEntityOfPage":{"@id":"https:\/\/regions-snetap-fsu.fr\/pdl\/2021\/02\/22\/aesh-en-pays-de-la-loire-premiers-echanges-premieres-avancees-salariales\/"},"wordCount":243,"publisher":{"@id":"https:\/\/regions-snetap-fsu.fr\/pdl\/#organization"},"image":{"@id":"https:\/\/regions-snetap-fsu.fr\/pdl\/2021\/02\/22\/aesh-en-pays-de-la-loire-premiers-echanges-premieres-avancees-salariales\/#primaryimage"},"thumbnailUrl":"https:\/\/regions-snetap-fsu.fr\/pdl\/wp-content\/uploads\/sites\/4\/2021\/02\/GT-AESH.jpg","articleSection":["Actions r\u00e9gionales","AESH","CSA-REA (ex CTREA)"],"inLanguage":"fr-FR"},{"@type":"WebPage","@id":"https:\/\/regions-snetap-fsu.fr\/pdl\/2021\/02\/22\/aesh-en-pays-de-la-loire-premiers-echanges-premieres-avancees-salariales\/","url":"https:\/\/regions-snetap-fsu.fr\/pdl\/2021\/02\/22\/aesh-en-pays-de-la-loire-premiers-echanges-premieres-avancees-salariales\/","name":"AESH en Pays de la Loire, premiers \u00e9changes...premi\u00e8res avanc\u00e9es salariales ? - PAYS DE LA LOIRE","isPartOf":{"@id":"https:\/\/regions-snetap-fsu.fr\/pdl\/#website"},"primaryImageOfPage":{"@id":"https:\/\/regions-snetap-fsu.fr\/pdl\/2021\/02\/22\/aesh-en-pays-de-la-loire-premiers-echanges-premieres-avancees-salariales\/#primaryimage"},"image":{"@id":"https:\/\/regions-snetap-fsu.fr\/pdl\/2021\/02\/22\/aesh-en-pays-de-la-loire-premiers-echanges-premieres-avancees-salariales\/#primaryimage"},"thumbnailUrl":"https:\/\/regions-snetap-fsu.fr\/pdl\/wp-content\/uploads\/sites\/4\/2021\/02\/GT-AESH.jpg","datePublished":"2021-02-22T14:07:00+00:00","dateModified":"2021-02-22T14:47:50+00:00","breadcrumb":{"@id":"https:\/\/regions-snetap-fsu.fr\/pdl\/2021\/02\/22\/aesh-en-pays-de-la-loire-premiers-echanges-premieres-avancees-salariales\/#breadcrumb"},"inLanguage":"fr-FR","potentialAction":[{"@type":"ReadAction","target":["https:\/\/regions-snetap-fsu.fr\/pdl\/2021\/02\/22\/aesh-en-pays-de-la-loire-premiers-echanges-premieres-avancees-salariales\/"]}]},{"@type":"ImageObject","inLanguage":"fr-FR","@id":"https:\/\/regions-snetap-fsu.fr\/pdl\/2021\/02\/22\/aesh-en-pays-de-la-loire-premiers-echanges-premieres-avancees-salariales\/#primaryimage","url":"https:\/\/regions-snetap-fsu.fr\/pdl\/wp-content\/uploads\/sites\/4\/2021\/02\/GT-AESH.jpg","contentUrl":"https:\/\/regions-snetap-fsu.fr\/pdl\/wp-content\/uploads\/sites\/4\/2021\/02\/GT-AESH.jpg","width":1039,"height":706},{"@type":"BreadcrumbList","@id":"https:\/\/regions-snetap-fsu.fr\/pdl\/2021\/02\/22\/aesh-en-pays-de-la-loire-premiers-echanges-premieres-avancees-salariales\/#breadcrumb","itemListElement":[{"@type":"ListItem","position":1,"name":"Accueil","item":"https:\/\/regions-snetap-fsu.fr\/pdl\/"},{"@type":"ListItem","position":2,"name":"AESH en Pays de la Loire, premiers \u00e9changes&#8230;premi\u00e8res avanc\u00e9es salariales ?"}]},{"@type":"WebSite","@id":"https:\/\/regions-snetap-fsu.fr\/pdl\/#website","url":"https:\/\/regions-snetap-fsu.fr\/pdl\/","name":"SNETAP-FSU PAYS DE LA LOIRE","description":"SECTION REGIONALE","publisher":{"@id":"https:\/\/regions-snetap-fsu.fr\/pdl\/#organization"},"potentialAction":[{"@type":"SearchAction","target":{"@type":"EntryPoint","urlTemplate":"https:\/\/regions-snetap-fsu.fr\/pdl\/?s={search_term_string}"},"query-input":{"@type":"PropertyValueSpecification","valueRequired":true,"valueName":"search_term_string"}}],"inLanguage":"fr-FR"},{"@type":"Organization","@id":"https:\/\/regions-snetap-fsu.fr\/pdl\/#organization","name":"SNETAP-FSU Pays de Loire","url":"https:\/\/regions-snetap-fsu.fr\/pdl\/","logo":{"@type":"ImageObject","inLanguage":"fr-FR","@id":"https:\/\/regions-snetap-fsu.fr\/pdl\/#\/schema\/logo\/image\/","url":"https:\/\/regions-snetap-fsu.fr\/pdl\/wp-content\/uploads\/sites\/4\/2020\/12\/SNETAP-Logo.jpg","contentUrl":"https:\/\/regions-snetap-fsu.fr\/pdl\/wp-content\/uploads\/sites\/4\/2020\/12\/SNETAP-Logo.jpg","width":464,"height":334,"caption":"SNETAP-FSU Pays de Loire"},"image":{"@id":"https:\/\/regions-snetap-fsu.fr\/pdl\/#\/schema\/logo\/image\/"}},{"@type":"Person","@id":"https:\/\/regions-snetap-fsu.fr\/pdl\/#\/schema\/person\/d4530af043f9e8d27bdd71c468ec93b1","name":"yvigner","image":{"@type":"ImageObject","inLanguage":"fr-FR","@id":"https:\/\/secure.gravatar.com\/avatar\/bc72baa6f2406549aecf77a837bc4f03dbe88472c1762138f868571430a23820?s=96&d=mm&r=g","url":"https:\/\/secure.gravatar.com\/avatar\/bc72baa6f2406549aecf77a837bc4f03dbe88472c1762138f868571430a23820?s=96&d=mm&r=g","contentUrl":"https:\/\/secure.gravatar.com\/avatar\/bc72baa6f2406549aecf77a837bc4f03dbe88472c1762138f868571430a23820?s=96&d=mm&r=g","caption":"yvigner"},"url":"https:\/\/regions-snetap-fsu.fr\/pdl\/author\/yvigner\/"}]}},"_links":{"self":[{"href":"https:\/\/regions-snetap-fsu.fr\/pdl\/wp-json\/wp\/v2\/posts\/3878","targetHints":{"allow":["GET"]}}],"collection":[{"href":"https:\/\/regions-snetap-fsu.fr\/pdl\/wp-json\/wp\/v2\/posts"}],"about":[{"href":"https:\/\/regions-snetap-fsu.fr\/pdl\/wp-json\/wp\/v2\/types\/post"}],"author":[{"embeddable":true,"href":"https:\/\/regions-snetap-fsu.fr\/pdl\/wp-json\/wp\/v2\/users\/2"}],"replies":[{"embeddable":true,"href":"https:\/\/regions-snetap-fsu.fr\/pdl\/wp-json\/wp\/v2\/comments?post=3878"}],"version-history":[{"count":3,"href":"https:\/\/regions-snetap-fsu.fr\/pdl\/wp-json\/wp\/v2\/posts\/3878\/revisions"}],"predecessor-version":[{"id":3882,"href":"https:\/\/regions-snetap-fsu.fr\/pdl\/wp-json\/wp\/v2\/posts\/3878\/revisions\/3882"}],"wp:featuredmedia":[{"embeddable":true,"href":"https:\/\/regions-snetap-fsu.fr\/pdl\/wp-json\/wp\/v2\/media\/3879"}],"wp:attachment":[{"href":"https:\/\/regions-snetap-fsu.fr\/pdl\/wp-json\/wp\/v2\/media?parent=3878"}],"wp:term":[{"taxonomy":"category","embeddable":true,"href":"https:\/\/regions-snetap-fsu.fr\/pdl\/wp-json\/wp\/v2\/categories?post=3878"},{"taxonomy":"post_tag","embeddable":true,"href":"https:\/\/regions-snetap-fsu.fr\/pdl\/wp-json\/wp\/v2\/tags?post=3878"},{"taxonomy":"post_folder","embeddable":true,"href":"https:\/\/regions-snetap-fsu.fr\/pdl\/wp-json\/wp\/v2\/post_folder?post=3878"}],"curies":[{"name":"wp","href":"https:\/\/api.w.org\/{rel}","templated":true}]}}