{"id":3875,"date":"2021-02-22T10:31:27","date_gmt":"2021-02-22T09:31:27","guid":{"rendered":"https:\/\/regions-snetap-fsu.fr\/pdl\/?p=3875"},"modified":"2021-02-22T10:31:27","modified_gmt":"2021-02-22T09:31:27","slug":"notre-collegue-infirmiere-ne-merite-pas-cela-petition-pour-denoncer-les-conditions-de-depart-de-madame-bertier-infirmiere-au-lycee-nature","status":"publish","type":"post","link":"https:\/\/regions-snetap-fsu.fr\/pdl\/2021\/02\/22\/notre-collegue-infirmiere-ne-merite-pas-cela-petition-pour-denoncer-les-conditions-de-depart-de-madame-bertier-infirmiere-au-lycee-nature\/","title":{"rendered":"Notre coll\u00e8gue infirmi\u00e8re ne m\u00e9rite pas cela ! P\u00e9tition pour d\u00e9noncer les conditions de d\u00e9part de Madame BERTIER, infirmi\u00e8re au Lyc\u00e9e Nature"},"content":{"rendered":"<p>Monsieur le Ministre,<\/p>\n<p>Notre coll\u00e8gue infirmi\u00e8re ne m\u00e9rite pas \u00e7a\u00a0!<\/p>\n<p style=\"text-align: justify;\">L\u2019ensemble des personnels du lyc\u00e9e Nature de La Roche sur Yon est atterr\u00e9 par les conditions de d\u00e9part de l\u2019infirmi\u00e8re du lyc\u00e9e.<br \/>\nEn effet, Madame BERTIER, contractuelle dans l\u2019\u00e9tablissement depuis 3 ans, a appris la perte de son poste et de son logement de fonction avec effet dans le mois suivant.<br \/>\nComment l\u2019Administration a-t-elle pu infliger un tel d\u00e9lai \u00e0 madame BERTIER pour pr\u00e9parer toute la logistique li\u00e9e \u00e0 cette perte d\u2019emploi et de logement ?<br \/>\nQuel remerciement au vu de son investissement depuis ces 3 ans et notamment pendant cette crise sanitaire de la COVID o\u00f9 elle a \u00e9t\u00e9 en premi\u00e8re ligne et en a m\u00eame pay\u00e9 de sa personne en contractant ce virus\u00a0!!!<br \/>\nNous ne remettons absolument pas en cause la venue d\u2019une nouvelle infirmi\u00e8re mais nous sommes afflig\u00e9s par les conditions mises en place pour son d\u00e9part qui vont \u00e0 l\u2019encontre de la tr\u00eave hivernale du logement, prolong\u00e9e jusqu\u2019au 1er juin\u00a0!<br \/>\nTous agents de cette administration, nous sommes plus que g\u00ean\u00e9s par ce fonctionnement inhumain\u00a0!<br \/>\nIl est de notre devoir de r\u00e9agir face \u00e0 une telle situation en montrant notre indignation\u00a0!!!<\/p>\n<table style=\"border-collapse: collapse; width: 100%;\">\n<tbody>\n<tr>\n<td style=\"width: 100%; text-align: center;\"><\/td>\n<\/tr>\n<tr>\n<td style=\"width: 100%; text-align: center;\"><\/td>\n<\/tr>\n<\/tbody>\n<\/table>\n","protected":false},"excerpt":{"rendered":"<p>Monsieur le Ministre, Notre coll\u00e8gue infirmi\u00e8re ne m\u00e9rite pas \u00e7a\u00a0! L\u2019ensemble des personnels du lyc\u00e9e Nature de La Roche sur Yon est atterr\u00e9 par les conditions de d\u00e9part de l\u2019infirmi\u00e8re du lyc\u00e9e. En effet, Madame BERTIER, contractuelle dans l\u2019\u00e9tablissement depuis 3 ans, a appris la perte de son poste et de son logement de fonction [&hellip;]<\/p>\n","protected":false},"author":2,"featured_media":0,"comment_status":"closed","ping_status":"closed","sticky":false,"template":"","format":"standard","meta":{"ocean_post_layout":"","ocean_both_sidebars_style":"","ocean_both_sidebars_content_width":0,"ocean_both_sidebars_sidebars_width":0,"ocean_sidebar":"0","ocean_second_sidebar":"0","ocean_disable_margins":"enable","ocean_add_body_class":"","ocean_shortcode_before_top_bar":"","ocean_shortcode_after_top_bar":"","ocean_shortcode_before_header":"","ocean_shortcode_after_header":"","ocean_has_shortcode":"","ocean_shortcode_after_title":"","ocean_shortcode_before_footer_widgets":"","ocean_shortcode_after_footer_widgets":"","ocean_shortcode_before_footer_bottom":"","ocean_shortcode_after_footer_bottom":"","ocean_display_top_bar":"default","ocean_display_header":"default","ocean_header_style":"","ocean_center_header_left_menu":"0","ocean_custom_header_template":"0","ocean_custom_logo":0,"ocean_custom_retina_logo":0,"ocean_custom_logo_max_width":0,"ocean_custom_logo_tablet_max_width":0,"ocean_custom_logo_mobile_max_width":0,"ocean_custom_logo_max_height":0,"ocean_custom_logo_tablet_max_height":0,"ocean_custom_logo_mobile_max_height":0,"ocean_header_custom_menu":"0","ocean_menu_typo_font_family":"0","ocean_menu_typo_font_subset":"","ocean_menu_typo_font_size":0,"ocean_menu_typo_font_size_tablet":0,"ocean_menu_typo_font_size_mobile":0,"ocean_menu_typo_font_size_unit":"px","ocean_menu_typo_font_weight":"","ocean_menu_typo_font_weight_tablet":"","ocean_menu_typo_font_weight_mobile":"","ocean_menu_typo_transform":"","ocean_menu_typo_transform_tablet":"","ocean_menu_typo_transform_mobile":"","ocean_menu_typo_line_height":0,"ocean_menu_typo_line_height_tablet":0,"ocean_menu_typo_line_height_mobile":0,"ocean_menu_typo_line_height_unit":"","ocean_menu_typo_spacing":0,"ocean_menu_typo_spacing_tablet":0,"ocean_menu_typo_spacing_mobile":0,"ocean_menu_typo_spacing_unit":"","ocean_menu_link_color":"","ocean_menu_link_color_hover":"","ocean_menu_link_color_active":"","ocean_menu_link_background":"","ocean_menu_link_hover_background":"","ocean_menu_link_active_background":"","ocean_menu_social_links_bg":"","ocean_menu_social_hover_links_bg":"","ocean_menu_social_links_color":"","ocean_menu_social_hover_links_color":"","ocean_disable_title":"default","ocean_disable_heading":"default","ocean_post_title":"","ocean_post_subheading":"","ocean_post_title_style":"","ocean_post_title_background_color":"","ocean_post_title_background":0,"ocean_post_title_bg_image_position":"","ocean_post_title_bg_image_attachment":"","ocean_post_title_bg_image_repeat":"","ocean_post_title_bg_image_size":"","ocean_post_title_height":0,"ocean_post_title_bg_overlay":0.5,"ocean_post_title_bg_overlay_color":"","ocean_disable_breadcrumbs":"default","ocean_breadcrumbs_color":"","ocean_breadcrumbs_separator_color":"","ocean_breadcrumbs_links_color":"","ocean_breadcrumbs_links_hover_color":"","ocean_display_footer_widgets":"default","ocean_display_footer_bottom":"default","ocean_custom_footer_template":"0","ocean_post_oembed":"","ocean_post_self_hosted_media":"","ocean_post_video_embed":"","ocean_link_format":"","ocean_link_format_target":"self","ocean_quote_format":"","ocean_quote_format_link":"post","ocean_gallery_link_images":"off","ocean_gallery_id":[],"footnotes":""},"categories":[28,27],"tags":[],"post_folder":[],"class_list":["post-3875","post","type-post","status-publish","format-standard","hentry","category-actions-regionales","category-la-roche-sur-yon","entry"],"yoast_head":"<!-- This site is optimized with the Yoast SEO plugin v27.4 - https:\/\/yoast.com\/product\/yoast-seo-wordpress\/ -->\n<title>Notre coll\u00e8gue infirmi\u00e8re ne m\u00e9rite pas cela ! P\u00e9tition pour d\u00e9noncer les conditions de d\u00e9part de Madame BERTIER, infirmi\u00e8re au Lyc\u00e9e Nature - PAYS DE LA LOIRE<\/title>\n<meta name=\"robots\" content=\"index, follow, max-snippet:-1, max-image-preview:large, max-video-preview:-1\" \/>\n<link rel=\"canonical\" href=\"https:\/\/regions-snetap-fsu.fr\/pdl\/2021\/02\/22\/notre-collegue-infirmiere-ne-merite-pas-cela-petition-pour-denoncer-les-conditions-de-depart-de-madame-bertier-infirmiere-au-lycee-nature\/\" \/>\n<meta property=\"og:locale\" content=\"fr_FR\" \/>\n<meta property=\"og:type\" content=\"article\" \/>\n<meta property=\"og:title\" content=\"Notre coll\u00e8gue infirmi\u00e8re ne m\u00e9rite pas cela ! P\u00e9tition pour d\u00e9noncer les conditions de d\u00e9part de Madame BERTIER, infirmi\u00e8re au Lyc\u00e9e Nature - PAYS DE LA LOIRE\" \/>\n<meta property=\"og:description\" content=\"Monsieur le Ministre, Notre coll\u00e8gue infirmi\u00e8re ne m\u00e9rite pas \u00e7a\u00a0! L\u2019ensemble des personnels du lyc\u00e9e Nature de La Roche sur Yon est atterr\u00e9 par les conditions de d\u00e9part de l\u2019infirmi\u00e8re du lyc\u00e9e. En effet, Madame BERTIER, contractuelle dans l\u2019\u00e9tablissement depuis 3 ans, a appris la perte de son poste et de son logement de fonction [&hellip;]\" \/>\n<meta property=\"og:url\" content=\"https:\/\/regions-snetap-fsu.fr\/pdl\/2021\/02\/22\/notre-collegue-infirmiere-ne-merite-pas-cela-petition-pour-denoncer-les-conditions-de-depart-de-madame-bertier-infirmiere-au-lycee-nature\/\" \/>\n<meta property=\"og:site_name\" content=\"PAYS DE LA LOIRE\" \/>\n<meta property=\"article:published_time\" content=\"2021-02-22T09:31:27+00:00\" \/>\n<meta name=\"author\" content=\"yvigner\" \/>\n<meta name=\"twitter:card\" content=\"summary_large_image\" \/>\n<meta name=\"twitter:label1\" content=\"\u00c9crit par\" \/>\n\t<meta name=\"twitter:data1\" content=\"yvigner\" \/>\n\t<meta name=\"twitter:label2\" content=\"Dur\u00e9e de lecture estim\u00e9e\" \/>\n\t<meta name=\"twitter:data2\" content=\"1 minute\" \/>\n<script type=\"application\/ld+json\" class=\"yoast-schema-graph\">{\"@context\":\"https:\\\/\\\/schema.org\",\"@graph\":[{\"@type\":\"Article\",\"@id\":\"https:\\\/\\\/regions-snetap-fsu.fr\\\/pdl\\\/2021\\\/02\\\/22\\\/notre-collegue-infirmiere-ne-merite-pas-cela-petition-pour-denoncer-les-conditions-de-depart-de-madame-bertier-infirmiere-au-lycee-nature\\\/#article\",\"isPartOf\":{\"@id\":\"https:\\\/\\\/regions-snetap-fsu.fr\\\/pdl\\\/2021\\\/02\\\/22\\\/notre-collegue-infirmiere-ne-merite-pas-cela-petition-pour-denoncer-les-conditions-de-depart-de-madame-bertier-infirmiere-au-lycee-nature\\\/\"},\"author\":{\"name\":\"yvigner\",\"@id\":\"https:\\\/\\\/regions-snetap-fsu.fr\\\/pdl\\\/#\\\/schema\\\/person\\\/d4530af043f9e8d27bdd71c468ec93b1\"},\"headline\":\"Notre coll\u00e8gue infirmi\u00e8re ne m\u00e9rite pas cela ! P\u00e9tition pour d\u00e9noncer les conditions de d\u00e9part de Madame BERTIER, infirmi\u00e8re au Lyc\u00e9e Nature\",\"datePublished\":\"2021-02-22T09:31:27+00:00\",\"mainEntityOfPage\":{\"@id\":\"https:\\\/\\\/regions-snetap-fsu.fr\\\/pdl\\\/2021\\\/02\\\/22\\\/notre-collegue-infirmiere-ne-merite-pas-cela-petition-pour-denoncer-les-conditions-de-depart-de-madame-bertier-infirmiere-au-lycee-nature\\\/\"},\"wordCount\":248,\"publisher\":{\"@id\":\"https:\\\/\\\/regions-snetap-fsu.fr\\\/pdl\\\/#organization\"},\"articleSection\":[\"Actions r\u00e9gionales\",\"La Roche sur Yon\"],\"inLanguage\":\"fr-FR\"},{\"@type\":\"WebPage\",\"@id\":\"https:\\\/\\\/regions-snetap-fsu.fr\\\/pdl\\\/2021\\\/02\\\/22\\\/notre-collegue-infirmiere-ne-merite-pas-cela-petition-pour-denoncer-les-conditions-de-depart-de-madame-bertier-infirmiere-au-lycee-nature\\\/\",\"url\":\"https:\\\/\\\/regions-snetap-fsu.fr\\\/pdl\\\/2021\\\/02\\\/22\\\/notre-collegue-infirmiere-ne-merite-pas-cela-petition-pour-denoncer-les-conditions-de-depart-de-madame-bertier-infirmiere-au-lycee-nature\\\/\",\"name\":\"Notre coll\u00e8gue infirmi\u00e8re ne m\u00e9rite pas cela ! P\u00e9tition pour d\u00e9noncer les conditions de d\u00e9part de Madame BERTIER, infirmi\u00e8re au Lyc\u00e9e Nature - PAYS DE LA LOIRE\",\"isPartOf\":{\"@id\":\"https:\\\/\\\/regions-snetap-fsu.fr\\\/pdl\\\/#website\"},\"datePublished\":\"2021-02-22T09:31:27+00:00\",\"breadcrumb\":{\"@id\":\"https:\\\/\\\/regions-snetap-fsu.fr\\\/pdl\\\/2021\\\/02\\\/22\\\/notre-collegue-infirmiere-ne-merite-pas-cela-petition-pour-denoncer-les-conditions-de-depart-de-madame-bertier-infirmiere-au-lycee-nature\\\/#breadcrumb\"},\"inLanguage\":\"fr-FR\",\"potentialAction\":[{\"@type\":\"ReadAction\",\"target\":[\"https:\\\/\\\/regions-snetap-fsu.fr\\\/pdl\\\/2021\\\/02\\\/22\\\/notre-collegue-infirmiere-ne-merite-pas-cela-petition-pour-denoncer-les-conditions-de-depart-de-madame-bertier-infirmiere-au-lycee-nature\\\/\"]}]},{\"@type\":\"BreadcrumbList\",\"@id\":\"https:\\\/\\\/regions-snetap-fsu.fr\\\/pdl\\\/2021\\\/02\\\/22\\\/notre-collegue-infirmiere-ne-merite-pas-cela-petition-pour-denoncer-les-conditions-de-depart-de-madame-bertier-infirmiere-au-lycee-nature\\\/#breadcrumb\",\"itemListElement\":[{\"@type\":\"ListItem\",\"position\":1,\"name\":\"Accueil\",\"item\":\"https:\\\/\\\/regions-snetap-fsu.fr\\\/pdl\\\/\"},{\"@type\":\"ListItem\",\"position\":2,\"name\":\"Notre coll\u00e8gue infirmi\u00e8re ne m\u00e9rite pas cela ! P\u00e9tition pour d\u00e9noncer les conditions de d\u00e9part de Madame BERTIER, infirmi\u00e8re au Lyc\u00e9e Nature\"}]},{\"@type\":\"WebSite\",\"@id\":\"https:\\\/\\\/regions-snetap-fsu.fr\\\/pdl\\\/#website\",\"url\":\"https:\\\/\\\/regions-snetap-fsu.fr\\\/pdl\\\/\",\"name\":\"SNETAP-FSU PAYS DE LA LOIRE\",\"description\":\"SECTION REGIONALE\",\"publisher\":{\"@id\":\"https:\\\/\\\/regions-snetap-fsu.fr\\\/pdl\\\/#organization\"},\"potentialAction\":[{\"@type\":\"SearchAction\",\"target\":{\"@type\":\"EntryPoint\",\"urlTemplate\":\"https:\\\/\\\/regions-snetap-fsu.fr\\\/pdl\\\/?s={search_term_string}\"},\"query-input\":{\"@type\":\"PropertyValueSpecification\",\"valueRequired\":true,\"valueName\":\"search_term_string\"}}],\"inLanguage\":\"fr-FR\"},{\"@type\":\"Organization\",\"@id\":\"https:\\\/\\\/regions-snetap-fsu.fr\\\/pdl\\\/#organization\",\"name\":\"SNETAP-FSU Pays de Loire\",\"url\":\"https:\\\/\\\/regions-snetap-fsu.fr\\\/pdl\\\/\",\"logo\":{\"@type\":\"ImageObject\",\"inLanguage\":\"fr-FR\",\"@id\":\"https:\\\/\\\/regions-snetap-fsu.fr\\\/pdl\\\/#\\\/schema\\\/logo\\\/image\\\/\",\"url\":\"https:\\\/\\\/regions-snetap-fsu.fr\\\/pdl\\\/wp-content\\\/uploads\\\/sites\\\/4\\\/2020\\\/12\\\/SNETAP-Logo.jpg\",\"contentUrl\":\"https:\\\/\\\/regions-snetap-fsu.fr\\\/pdl\\\/wp-content\\\/uploads\\\/sites\\\/4\\\/2020\\\/12\\\/SNETAP-Logo.jpg\",\"width\":464,\"height\":334,\"caption\":\"SNETAP-FSU Pays de Loire\"},\"image\":{\"@id\":\"https:\\\/\\\/regions-snetap-fsu.fr\\\/pdl\\\/#\\\/schema\\\/logo\\\/image\\\/\"}},{\"@type\":\"Person\",\"@id\":\"https:\\\/\\\/regions-snetap-fsu.fr\\\/pdl\\\/#\\\/schema\\\/person\\\/d4530af043f9e8d27bdd71c468ec93b1\",\"name\":\"yvigner\",\"image\":{\"@type\":\"ImageObject\",\"inLanguage\":\"fr-FR\",\"@id\":\"https:\\\/\\\/secure.gravatar.com\\\/avatar\\\/bc72baa6f2406549aecf77a837bc4f03dbe88472c1762138f868571430a23820?s=96&d=mm&r=g\",\"url\":\"https:\\\/\\\/secure.gravatar.com\\\/avatar\\\/bc72baa6f2406549aecf77a837bc4f03dbe88472c1762138f868571430a23820?s=96&d=mm&r=g\",\"contentUrl\":\"https:\\\/\\\/secure.gravatar.com\\\/avatar\\\/bc72baa6f2406549aecf77a837bc4f03dbe88472c1762138f868571430a23820?s=96&d=mm&r=g\",\"caption\":\"yvigner\"},\"url\":\"https:\\\/\\\/regions-snetap-fsu.fr\\\/pdl\\\/author\\\/yvigner\\\/\"}]}<\/script>\n<!-- \/ Yoast SEO plugin. -->","yoast_head_json":{"title":"Notre coll\u00e8gue infirmi\u00e8re ne m\u00e9rite pas cela ! P\u00e9tition pour d\u00e9noncer les conditions de d\u00e9part de Madame BERTIER, infirmi\u00e8re au Lyc\u00e9e Nature - PAYS DE LA LOIRE","robots":{"index":"index","follow":"follow","max-snippet":"max-snippet:-1","max-image-preview":"max-image-preview:large","max-video-preview":"max-video-preview:-1"},"canonical":"https:\/\/regions-snetap-fsu.fr\/pdl\/2021\/02\/22\/notre-collegue-infirmiere-ne-merite-pas-cela-petition-pour-denoncer-les-conditions-de-depart-de-madame-bertier-infirmiere-au-lycee-nature\/","og_locale":"fr_FR","og_type":"article","og_title":"Notre coll\u00e8gue infirmi\u00e8re ne m\u00e9rite pas cela ! P\u00e9tition pour d\u00e9noncer les conditions de d\u00e9part de Madame BERTIER, infirmi\u00e8re au Lyc\u00e9e Nature - PAYS DE LA LOIRE","og_description":"Monsieur le Ministre, Notre coll\u00e8gue infirmi\u00e8re ne m\u00e9rite pas \u00e7a\u00a0! L\u2019ensemble des personnels du lyc\u00e9e Nature de La Roche sur Yon est atterr\u00e9 par les conditions de d\u00e9part de l\u2019infirmi\u00e8re du lyc\u00e9e. En effet, Madame BERTIER, contractuelle dans l\u2019\u00e9tablissement depuis 3 ans, a appris la perte de son poste et de son logement de fonction [&hellip;]","og_url":"https:\/\/regions-snetap-fsu.fr\/pdl\/2021\/02\/22\/notre-collegue-infirmiere-ne-merite-pas-cela-petition-pour-denoncer-les-conditions-de-depart-de-madame-bertier-infirmiere-au-lycee-nature\/","og_site_name":"PAYS DE LA LOIRE","article_published_time":"2021-02-22T09:31:27+00:00","author":"yvigner","twitter_card":"summary_large_image","twitter_misc":{"\u00c9crit par":"yvigner","Dur\u00e9e de lecture estim\u00e9e":"1 minute"},"schema":{"@context":"https:\/\/schema.org","@graph":[{"@type":"Article","@id":"https:\/\/regions-snetap-fsu.fr\/pdl\/2021\/02\/22\/notre-collegue-infirmiere-ne-merite-pas-cela-petition-pour-denoncer-les-conditions-de-depart-de-madame-bertier-infirmiere-au-lycee-nature\/#article","isPartOf":{"@id":"https:\/\/regions-snetap-fsu.fr\/pdl\/2021\/02\/22\/notre-collegue-infirmiere-ne-merite-pas-cela-petition-pour-denoncer-les-conditions-de-depart-de-madame-bertier-infirmiere-au-lycee-nature\/"},"author":{"name":"yvigner","@id":"https:\/\/regions-snetap-fsu.fr\/pdl\/#\/schema\/person\/d4530af043f9e8d27bdd71c468ec93b1"},"headline":"Notre coll\u00e8gue infirmi\u00e8re ne m\u00e9rite pas cela ! P\u00e9tition pour d\u00e9noncer les conditions de d\u00e9part de Madame BERTIER, infirmi\u00e8re au Lyc\u00e9e Nature","datePublished":"2021-02-22T09:31:27+00:00","mainEntityOfPage":{"@id":"https:\/\/regions-snetap-fsu.fr\/pdl\/2021\/02\/22\/notre-collegue-infirmiere-ne-merite-pas-cela-petition-pour-denoncer-les-conditions-de-depart-de-madame-bertier-infirmiere-au-lycee-nature\/"},"wordCount":248,"publisher":{"@id":"https:\/\/regions-snetap-fsu.fr\/pdl\/#organization"},"articleSection":["Actions r\u00e9gionales","La Roche sur Yon"],"inLanguage":"fr-FR"},{"@type":"WebPage","@id":"https:\/\/regions-snetap-fsu.fr\/pdl\/2021\/02\/22\/notre-collegue-infirmiere-ne-merite-pas-cela-petition-pour-denoncer-les-conditions-de-depart-de-madame-bertier-infirmiere-au-lycee-nature\/","url":"https:\/\/regions-snetap-fsu.fr\/pdl\/2021\/02\/22\/notre-collegue-infirmiere-ne-merite-pas-cela-petition-pour-denoncer-les-conditions-de-depart-de-madame-bertier-infirmiere-au-lycee-nature\/","name":"Notre coll\u00e8gue infirmi\u00e8re ne m\u00e9rite pas cela ! P\u00e9tition pour d\u00e9noncer les conditions de d\u00e9part de Madame BERTIER, infirmi\u00e8re au Lyc\u00e9e Nature - PAYS DE LA LOIRE","isPartOf":{"@id":"https:\/\/regions-snetap-fsu.fr\/pdl\/#website"},"datePublished":"2021-02-22T09:31:27+00:00","breadcrumb":{"@id":"https:\/\/regions-snetap-fsu.fr\/pdl\/2021\/02\/22\/notre-collegue-infirmiere-ne-merite-pas-cela-petition-pour-denoncer-les-conditions-de-depart-de-madame-bertier-infirmiere-au-lycee-nature\/#breadcrumb"},"inLanguage":"fr-FR","potentialAction":[{"@type":"ReadAction","target":["https:\/\/regions-snetap-fsu.fr\/pdl\/2021\/02\/22\/notre-collegue-infirmiere-ne-merite-pas-cela-petition-pour-denoncer-les-conditions-de-depart-de-madame-bertier-infirmiere-au-lycee-nature\/"]}]},{"@type":"BreadcrumbList","@id":"https:\/\/regions-snetap-fsu.fr\/pdl\/2021\/02\/22\/notre-collegue-infirmiere-ne-merite-pas-cela-petition-pour-denoncer-les-conditions-de-depart-de-madame-bertier-infirmiere-au-lycee-nature\/#breadcrumb","itemListElement":[{"@type":"ListItem","position":1,"name":"Accueil","item":"https:\/\/regions-snetap-fsu.fr\/pdl\/"},{"@type":"ListItem","position":2,"name":"Notre coll\u00e8gue infirmi\u00e8re ne m\u00e9rite pas cela ! P\u00e9tition pour d\u00e9noncer les conditions de d\u00e9part de Madame BERTIER, infirmi\u00e8re au Lyc\u00e9e Nature"}]},{"@type":"WebSite","@id":"https:\/\/regions-snetap-fsu.fr\/pdl\/#website","url":"https:\/\/regions-snetap-fsu.fr\/pdl\/","name":"SNETAP-FSU PAYS DE LA LOIRE","description":"SECTION REGIONALE","publisher":{"@id":"https:\/\/regions-snetap-fsu.fr\/pdl\/#organization"},"potentialAction":[{"@type":"SearchAction","target":{"@type":"EntryPoint","urlTemplate":"https:\/\/regions-snetap-fsu.fr\/pdl\/?s={search_term_string}"},"query-input":{"@type":"PropertyValueSpecification","valueRequired":true,"valueName":"search_term_string"}}],"inLanguage":"fr-FR"},{"@type":"Organization","@id":"https:\/\/regions-snetap-fsu.fr\/pdl\/#organization","name":"SNETAP-FSU Pays de Loire","url":"https:\/\/regions-snetap-fsu.fr\/pdl\/","logo":{"@type":"ImageObject","inLanguage":"fr-FR","@id":"https:\/\/regions-snetap-fsu.fr\/pdl\/#\/schema\/logo\/image\/","url":"https:\/\/regions-snetap-fsu.fr\/pdl\/wp-content\/uploads\/sites\/4\/2020\/12\/SNETAP-Logo.jpg","contentUrl":"https:\/\/regions-snetap-fsu.fr\/pdl\/wp-content\/uploads\/sites\/4\/2020\/12\/SNETAP-Logo.jpg","width":464,"height":334,"caption":"SNETAP-FSU Pays de Loire"},"image":{"@id":"https:\/\/regions-snetap-fsu.fr\/pdl\/#\/schema\/logo\/image\/"}},{"@type":"Person","@id":"https:\/\/regions-snetap-fsu.fr\/pdl\/#\/schema\/person\/d4530af043f9e8d27bdd71c468ec93b1","name":"yvigner","image":{"@type":"ImageObject","inLanguage":"fr-FR","@id":"https:\/\/secure.gravatar.com\/avatar\/bc72baa6f2406549aecf77a837bc4f03dbe88472c1762138f868571430a23820?s=96&d=mm&r=g","url":"https:\/\/secure.gravatar.com\/avatar\/bc72baa6f2406549aecf77a837bc4f03dbe88472c1762138f868571430a23820?s=96&d=mm&r=g","contentUrl":"https:\/\/secure.gravatar.com\/avatar\/bc72baa6f2406549aecf77a837bc4f03dbe88472c1762138f868571430a23820?s=96&d=mm&r=g","caption":"yvigner"},"url":"https:\/\/regions-snetap-fsu.fr\/pdl\/author\/yvigner\/"}]}},"_links":{"self":[{"href":"https:\/\/regions-snetap-fsu.fr\/pdl\/wp-json\/wp\/v2\/posts\/3875","targetHints":{"allow":["GET"]}}],"collection":[{"href":"https:\/\/regions-snetap-fsu.fr\/pdl\/wp-json\/wp\/v2\/posts"}],"about":[{"href":"https:\/\/regions-snetap-fsu.fr\/pdl\/wp-json\/wp\/v2\/types\/post"}],"author":[{"embeddable":true,"href":"https:\/\/regions-snetap-fsu.fr\/pdl\/wp-json\/wp\/v2\/users\/2"}],"replies":[{"embeddable":true,"href":"https:\/\/regions-snetap-fsu.fr\/pdl\/wp-json\/wp\/v2\/comments?post=3875"}],"version-history":[{"count":2,"href":"https:\/\/regions-snetap-fsu.fr\/pdl\/wp-json\/wp\/v2\/posts\/3875\/revisions"}],"predecessor-version":[{"id":3877,"href":"https:\/\/regions-snetap-fsu.fr\/pdl\/wp-json\/wp\/v2\/posts\/3875\/revisions\/3877"}],"wp:attachment":[{"href":"https:\/\/regions-snetap-fsu.fr\/pdl\/wp-json\/wp\/v2\/media?parent=3875"}],"wp:term":[{"taxonomy":"category","embeddable":true,"href":"https:\/\/regions-snetap-fsu.fr\/pdl\/wp-json\/wp\/v2\/categories?post=3875"},{"taxonomy":"post_tag","embeddable":true,"href":"https:\/\/regions-snetap-fsu.fr\/pdl\/wp-json\/wp\/v2\/tags?post=3875"},{"taxonomy":"post_folder","embeddable":true,"href":"https:\/\/regions-snetap-fsu.fr\/pdl\/wp-json\/wp\/v2\/post_folder?post=3875"}],"curies":[{"name":"wp","href":"https:\/\/api.w.org\/{rel}","templated":true}]}}