{"id":3842,"date":"2021-02-11T21:34:05","date_gmt":"2021-02-11T20:34:05","guid":{"rendered":"https:\/\/regions-snetap-fsu.fr\/pdl\/?p=3842"},"modified":"2021-02-22T15:49:12","modified_gmt":"2021-02-22T14:49:12","slug":"pour-les-aesh-le-snetap-fsu-sest-mobilise-et-a-porte-la-voix-des-collegues","status":"publish","type":"post","link":"https:\/\/regions-snetap-fsu.fr\/pdl\/2021\/02\/11\/pour-les-aesh-le-snetap-fsu-sest-mobilise-et-a-porte-la-voix-des-collegues\/","title":{"rendered":"Pour les AESH, le SNETAP-FSU s&rsquo;est mobilis\u00e9 et a port\u00e9 la voix des coll\u00e8gues !"},"content":{"rendered":"<div id=\":xf\" class=\"pG\" role=\"img\" data-tooltip-contained=\"true\" data-tooltip-align=\"b,l\" data-tooltip-delay=\"1500\" aria-label=\"Importance faible\"><a href=\"https:\/\/www.snetap-fsu.fr\/AESH-dans-l-Enseignement-Agricole-et-Maritime-Public-11-fevrier-journee-de.html\" target=\"_blank\" rel=\"noopener\" data-saferedirecturl=\"https:\/\/www.google.com\/url?q=https:\/\/www.snetap-fsu.fr\/AESH-dans-l-Enseignement-Agricole-et-Maritime-Public-11-fevrier-journee-de.html&amp;source=gmail&amp;ust=1613161235764000&amp;usg=AFQjCNGSwSwzQtdzJgeP0gCb8xvoSYP4NA\">https:\/\/www.snetap-fsu.fr\/<wbr \/>AESH-dans-l-Enseignement-<wbr \/>Agricole-et-Maritime-Public-<wbr \/>11-fevrier-journee-de.html<\/a><\/p>\n<div><\/div>\n<div style=\"text-align: justify;\">A l&rsquo;occasion de cette journ\u00e9e de mobilisation sur l&rsquo;\u00e9cole inclusive, le SNETAP-FSU et ses militants avaient d\u00e9cid\u00e9 de porter la voix des AESH aupr\u00e8s de la presse et des parlementaires. Ainsi, nous avons rencontr\u00e9 S.JUMEL (d\u00e9put\u00e9 de Seine maritime), E.DOINEAU (s\u00e9natrice de la Mayenne), S.TOLMONT (d\u00e9put\u00e9e de la Sarthe), C.BRULIN (s\u00e9natrice de Seine maritime)&#8230;nous sommes en attente d&rsquo;un \u00e9change avec G.BANNIER (d\u00e9put\u00e9e de la Mayenne). Nous avons \u00e9galement particip\u00e9 \u00e0 une Intersyndicale-conf\u00e9rence de presse \u00e0 Laval.<\/div>\n<div style=\"text-align: justify;\">La d\u00e9l\u00e9gation du SNETAP-FSU \u00e9tait compos\u00e9e de nos camarades AESH (M\u00e9lanie GIRARD, Kat PALEGA, Baptiste CHAUVIN) et de membres des sections locales, r\u00e9gionales et du BN (G\u00e9rard PIGOIS, Manu LORY, Fabrice CARDON, Yoann VIGNER). Quelques images de cette\u00a0journ\u00e9e marathon&#8230;<\/div>\n<div style=\"text-align: justify;\">\u00c9videmment il s&rsquo;agissait de d\u00e9noncer le m\u00e9pris qui est fait au quotidien \u00e0 nos coll\u00e8gues tant du point de vue des contrats, de la r\u00e9mun\u00e9ration, des droits \u00e0 formation&#8230;Redire que nos coll\u00e8gues sont encore plus mal trait\u00e9s que ceux de l&rsquo;EN ! Redire que dans nombre de r\u00e9gions, d&rsquo;\u00e9tablissement les textes r\u00e9glementaires, m\u00eame insuffisants, ne sont pas respect\u00e9s. Redire que<\/div>\n<div style=\"text-align: justify;\"><\/div>\n<div style=\"text-align: justify;\">Les pistes d&rsquo;actions pour continuer nos luttes pour faire avancer nos propositions \u00e0 court et moyen terme :<\/div>\n<div>\n<ul>\n<li style=\"text-align: justify;\">les parlementaires vont \u00e9crire au MInistre, l&rsquo;interpeller publiquement en s\u00e9ance, int\u00e9grer le sujet des AESH dans les d\u00e9bats de la mission s\u00e9natoriale\u00a0\u00a0<a href=\"http:\/\/www.senat.fr\/presse\/cp20210210.html\" target=\"_blank\" rel=\"noopener\" data-saferedirecturl=\"https:\/\/www.google.com\/url?q=http:\/\/www.senat.fr\/presse\/cp20210210.html&amp;source=gmail&amp;ust=1613161235764000&amp;usg=AFQjCNEYk3N1uETFoqM36RRXQPIDnM6ztw\">http:\/\/www.senat.fr\/presse\/<wbr \/>cp20210210.html<\/a><\/li>\n<li style=\"text-align: justify;\">une id\u00e9e d&rsquo;une TRIBUNE-Lettre ouverte au gouvernement de la part des AESH (EN, AGRI, Maritime) pour r\u00e9clamer un vrai statut seul \u00e0 m\u00eame de mettre fin \u00e0 la pr\u00e9carit\u00e9 et de faire vivre une v\u00e9ritable \u00e9cole inclusive.<\/li>\n<li style=\"text-align: justify;\">une action forte en direction de la DGER-SRH du Minist\u00e8re lors d&rsquo;un groupe de travail qui a \u00e9t\u00e9 act\u00e9<\/li>\n<li style=\"text-align: justify;\">des actions en r\u00e9gion en r\u00e9clamant des CTREA\u00a0extraordinaires concernant la question des grilles de r\u00e9mun\u00e9ration des AESH<\/li>\n<\/ul>\n<div><\/div>\n<div>Syndicalement<\/div>\n<\/div>\n<div><img decoding=\"async\" class=\"alignnone size-medium wp-image-3843\" src=\"https:\/\/regions-snetap-fsu.fr\/pdl\/wp-content\/uploads\/sites\/4\/2021\/02\/149331898_3493082274153814_5554473600250837973_o-300x142.jpg\" alt=\"\" width=\"300\" height=\"142\" srcset=\"https:\/\/regions-snetap-fsu.fr\/pdl\/wp-content\/uploads\/sites\/4\/2021\/02\/149331898_3493082274153814_5554473600250837973_o-300x142.jpg 300w, https:\/\/regions-snetap-fsu.fr\/pdl\/wp-content\/uploads\/sites\/4\/2021\/02\/149331898_3493082274153814_5554473600250837973_o.jpg 592w\" sizes=\"(max-width: 300px) 100vw, 300px\" \/> <img decoding=\"async\" class=\"alignnone size-medium wp-image-3844\" src=\"https:\/\/regions-snetap-fsu.fr\/pdl\/wp-content\/uploads\/sites\/4\/2021\/02\/149153896_3493082410820467_2157913638256922672_o-300x142.jpg\" alt=\"\" width=\"300\" height=\"142\" srcset=\"https:\/\/regions-snetap-fsu.fr\/pdl\/wp-content\/uploads\/sites\/4\/2021\/02\/149153896_3493082410820467_2157913638256922672_o-300x142.jpg 300w, https:\/\/regions-snetap-fsu.fr\/pdl\/wp-content\/uploads\/sites\/4\/2021\/02\/149153896_3493082410820467_2157913638256922672_o.jpg 592w\" sizes=\"(max-width: 300px) 100vw, 300px\" \/> <img fetchpriority=\"high\" decoding=\"async\" class=\"alignnone size-medium wp-image-3845\" src=\"https:\/\/regions-snetap-fsu.fr\/pdl\/wp-content\/uploads\/sites\/4\/2021\/02\/149538474_3493077217487653_878091869987741916_o-183x300.jpg\" alt=\"\" width=\"183\" height=\"300\" srcset=\"https:\/\/regions-snetap-fsu.fr\/pdl\/wp-content\/uploads\/sites\/4\/2021\/02\/149538474_3493077217487653_878091869987741916_o-183x300.jpg 183w, https:\/\/regions-snetap-fsu.fr\/pdl\/wp-content\/uploads\/sites\/4\/2021\/02\/149538474_3493077217487653_878091869987741916_o.jpg 526w\" sizes=\"(max-width: 183px) 100vw, 183px\" \/> <img loading=\"lazy\" decoding=\"async\" class=\"alignnone size-medium wp-image-3846\" src=\"https:\/\/regions-snetap-fsu.fr\/pdl\/wp-content\/uploads\/sites\/4\/2021\/02\/149374076_3036492783246215_352493423999889212_o-300x160.jpg\" alt=\"\" width=\"300\" height=\"160\" srcset=\"https:\/\/regions-snetap-fsu.fr\/pdl\/wp-content\/uploads\/sites\/4\/2021\/02\/149374076_3036492783246215_352493423999889212_o-300x160.jpg 300w, https:\/\/regions-snetap-fsu.fr\/pdl\/wp-content\/uploads\/sites\/4\/2021\/02\/149374076_3036492783246215_352493423999889212_o-1024x546.jpg 1024w, https:\/\/regions-snetap-fsu.fr\/pdl\/wp-content\/uploads\/sites\/4\/2021\/02\/149374076_3036492783246215_352493423999889212_o-768x409.jpg 768w, https:\/\/regions-snetap-fsu.fr\/pdl\/wp-content\/uploads\/sites\/4\/2021\/02\/149374076_3036492783246215_352493423999889212_o.jpg 1366w\" sizes=\"(max-width: 300px) 100vw, 300px\" \/> <img loading=\"lazy\" decoding=\"async\" class=\"alignnone size-medium wp-image-3847\" src=\"https:\/\/regions-snetap-fsu.fr\/pdl\/wp-content\/uploads\/sites\/4\/2021\/02\/149121453_3036233426605484_4451080482865835267_o-300x144.png\" alt=\"\" width=\"300\" height=\"144\" srcset=\"https:\/\/regions-snetap-fsu.fr\/pdl\/wp-content\/uploads\/sites\/4\/2021\/02\/149121453_3036233426605484_4451080482865835267_o-300x144.png 300w, https:\/\/regions-snetap-fsu.fr\/pdl\/wp-content\/uploads\/sites\/4\/2021\/02\/149121453_3036233426605484_4451080482865835267_o-1024x493.png 1024w, https:\/\/regions-snetap-fsu.fr\/pdl\/wp-content\/uploads\/sites\/4\/2021\/02\/149121453_3036233426605484_4451080482865835267_o-768x370.png 768w, https:\/\/regions-snetap-fsu.fr\/pdl\/wp-content\/uploads\/sites\/4\/2021\/02\/149121453_3036233426605484_4451080482865835267_o.png 1355w\" sizes=\"(max-width: 300px) 100vw, 300px\" \/> <img loading=\"lazy\" decoding=\"async\" class=\"alignnone size-medium wp-image-3848\" src=\"https:\/\/regions-snetap-fsu.fr\/pdl\/wp-content\/uploads\/sites\/4\/2021\/02\/149492118_3036434859918674_5652055413345184066_o-300x160.jpg\" alt=\"\" width=\"300\" height=\"160\" srcset=\"https:\/\/regions-snetap-fsu.fr\/pdl\/wp-content\/uploads\/sites\/4\/2021\/02\/149492118_3036434859918674_5652055413345184066_o-300x160.jpg 300w, https:\/\/regions-snetap-fsu.fr\/pdl\/wp-content\/uploads\/sites\/4\/2021\/02\/149492118_3036434859918674_5652055413345184066_o-1024x546.jpg 1024w, https:\/\/regions-snetap-fsu.fr\/pdl\/wp-content\/uploads\/sites\/4\/2021\/02\/149492118_3036434859918674_5652055413345184066_o-768x409.jpg 768w, https:\/\/regions-snetap-fsu.fr\/pdl\/wp-content\/uploads\/sites\/4\/2021\/02\/149492118_3036434859918674_5652055413345184066_o.jpg 1366w\" sizes=\"(max-width: 300px) 100vw, 300px\" \/><\/div>\n<\/div>\n","protected":false},"excerpt":{"rendered":"<p>https:\/\/www.snetap-fsu.fr\/AESH-dans-l-Enseignement-Agricole-et-Maritime-Public-11-fevrier-journee-de.html A l&rsquo;occasion de cette journ\u00e9e de mobilisation sur l&rsquo;\u00e9cole inclusive, le SNETAP-FSU et ses militants avaient d\u00e9cid\u00e9 de porter la voix des AESH aupr\u00e8s de la presse et des parlementaires. Ainsi, nous avons rencontr\u00e9 S.JUMEL (d\u00e9put\u00e9 de Seine maritime), E.DOINEAU (s\u00e9natrice de la Mayenne), S.TOLMONT (d\u00e9put\u00e9e de la Sarthe), C.BRULIN (s\u00e9natrice de Seine maritime)&#8230;nous [&hellip;]<\/p>\n","protected":false},"author":2,"featured_media":3846,"comment_status":"closed","ping_status":"closed","sticky":false,"template":"","format":"standard","meta":{"ocean_post_layout":"","ocean_both_sidebars_style":"","ocean_both_sidebars_content_width":0,"ocean_both_sidebars_sidebars_width":0,"ocean_sidebar":"0","ocean_second_sidebar":"0","ocean_disable_margins":"enable","ocean_add_body_class":"","ocean_shortcode_before_top_bar":"","ocean_shortcode_after_top_bar":"","ocean_shortcode_before_header":"","ocean_shortcode_after_header":"","ocean_has_shortcode":"","ocean_shortcode_after_title":"","ocean_shortcode_before_footer_widgets":"","ocean_shortcode_after_footer_widgets":"","ocean_shortcode_before_footer_bottom":"","ocean_shortcode_after_footer_bottom":"","ocean_display_top_bar":"default","ocean_display_header":"default","ocean_header_style":"","ocean_center_header_left_menu":"0","ocean_custom_header_template":"0","ocean_custom_logo":0,"ocean_custom_retina_logo":0,"ocean_custom_logo_max_width":0,"ocean_custom_logo_tablet_max_width":0,"ocean_custom_logo_mobile_max_width":0,"ocean_custom_logo_max_height":0,"ocean_custom_logo_tablet_max_height":0,"ocean_custom_logo_mobile_max_height":0,"ocean_header_custom_menu":"0","ocean_menu_typo_font_family":"0","ocean_menu_typo_font_subset":"","ocean_menu_typo_font_size":0,"ocean_menu_typo_font_size_tablet":0,"ocean_menu_typo_font_size_mobile":0,"ocean_menu_typo_font_size_unit":"px","ocean_menu_typo_font_weight":"","ocean_menu_typo_font_weight_tablet":"","ocean_menu_typo_font_weight_mobile":"","ocean_menu_typo_transform":"","ocean_menu_typo_transform_tablet":"","ocean_menu_typo_transform_mobile":"","ocean_menu_typo_line_height":0,"ocean_menu_typo_line_height_tablet":0,"ocean_menu_typo_line_height_mobile":0,"ocean_menu_typo_line_height_unit":"","ocean_menu_typo_spacing":0,"ocean_menu_typo_spacing_tablet":0,"ocean_menu_typo_spacing_mobile":0,"ocean_menu_typo_spacing_unit":"","ocean_menu_link_color":"","ocean_menu_link_color_hover":"","ocean_menu_link_color_active":"","ocean_menu_link_background":"","ocean_menu_link_hover_background":"","ocean_menu_link_active_background":"","ocean_menu_social_links_bg":"","ocean_menu_social_hover_links_bg":"","ocean_menu_social_links_color":"","ocean_menu_social_hover_links_color":"","ocean_disable_title":"default","ocean_disable_heading":"default","ocean_post_title":"","ocean_post_subheading":"","ocean_post_title_style":"","ocean_post_title_background_color":"","ocean_post_title_background":0,"ocean_post_title_bg_image_position":"","ocean_post_title_bg_image_attachment":"","ocean_post_title_bg_image_repeat":"","ocean_post_title_bg_image_size":"","ocean_post_title_height":0,"ocean_post_title_bg_overlay":0.5,"ocean_post_title_bg_overlay_color":"","ocean_disable_breadcrumbs":"default","ocean_breadcrumbs_color":"","ocean_breadcrumbs_separator_color":"","ocean_breadcrumbs_links_color":"","ocean_breadcrumbs_links_hover_color":"","ocean_display_footer_widgets":"default","ocean_display_footer_bottom":"default","ocean_custom_footer_template":"0","ocean_post_oembed":"","ocean_post_self_hosted_media":"","ocean_post_video_embed":"","ocean_link_format":"","ocean_link_format_target":"self","ocean_quote_format":"","ocean_quote_format_link":"post","ocean_gallery_link_images":"off","ocean_gallery_id":[],"footnotes":""},"categories":[28,37],"tags":[],"post_folder":[],"class_list":["post-3842","post","type-post","status-publish","format-standard","has-post-thumbnail","hentry","category-actions-regionales","category-aesh","entry","has-media"],"yoast_head":"<!-- This site is optimized with the Yoast SEO plugin v27.4 - https:\/\/yoast.com\/product\/yoast-seo-wordpress\/ -->\n<title>Pour les AESH, le SNETAP-FSU s&#039;est mobilis\u00e9 et a port\u00e9 la voix des coll\u00e8gues ! - PAYS DE LA LOIRE<\/title>\n<meta name=\"robots\" content=\"index, follow, max-snippet:-1, max-image-preview:large, max-video-preview:-1\" \/>\n<link rel=\"canonical\" href=\"https:\/\/regions-snetap-fsu.fr\/pdl\/2021\/02\/11\/pour-les-aesh-le-snetap-fsu-sest-mobilise-et-a-porte-la-voix-des-collegues\/\" \/>\n<meta property=\"og:locale\" content=\"fr_FR\" \/>\n<meta property=\"og:type\" content=\"article\" \/>\n<meta property=\"og:title\" content=\"Pour les AESH, le SNETAP-FSU s&#039;est mobilis\u00e9 et a port\u00e9 la voix des coll\u00e8gues ! - PAYS DE LA LOIRE\" \/>\n<meta property=\"og:description\" content=\"https:\/\/www.snetap-fsu.fr\/AESH-dans-l-Enseignement-Agricole-et-Maritime-Public-11-fevrier-journee-de.html A l&rsquo;occasion de cette journ\u00e9e de mobilisation sur l&rsquo;\u00e9cole inclusive, le SNETAP-FSU et ses militants avaient d\u00e9cid\u00e9 de porter la voix des AESH aupr\u00e8s de la presse et des parlementaires. Ainsi, nous avons rencontr\u00e9 S.JUMEL (d\u00e9put\u00e9 de Seine maritime), E.DOINEAU (s\u00e9natrice de la Mayenne), S.TOLMONT (d\u00e9put\u00e9e de la Sarthe), C.BRULIN (s\u00e9natrice de Seine maritime)&#8230;nous [&hellip;]\" \/>\n<meta property=\"og:url\" content=\"https:\/\/regions-snetap-fsu.fr\/pdl\/2021\/02\/11\/pour-les-aesh-le-snetap-fsu-sest-mobilise-et-a-porte-la-voix-des-collegues\/\" \/>\n<meta property=\"og:site_name\" content=\"PAYS DE LA LOIRE\" \/>\n<meta property=\"article:published_time\" content=\"2021-02-11T20:34:05+00:00\" \/>\n<meta property=\"article:modified_time\" content=\"2021-02-22T14:49:12+00:00\" \/>\n<meta property=\"og:image\" content=\"https:\/\/regions-snetap-fsu.fr\/pdl\/wp-content\/uploads\/sites\/4\/2021\/02\/149374076_3036492783246215_352493423999889212_o.jpg\" \/>\n\t<meta property=\"og:image:width\" content=\"1366\" \/>\n\t<meta property=\"og:image:height\" content=\"728\" \/>\n\t<meta property=\"og:image:type\" content=\"image\/jpeg\" \/>\n<meta name=\"author\" content=\"yvigner\" \/>\n<meta name=\"twitter:card\" content=\"summary_large_image\" \/>\n<meta name=\"twitter:label1\" content=\"\u00c9crit par\" \/>\n\t<meta name=\"twitter:data1\" content=\"yvigner\" \/>\n\t<meta name=\"twitter:label2\" content=\"Dur\u00e9e de lecture estim\u00e9e\" \/>\n\t<meta name=\"twitter:data2\" content=\"2 minutes\" \/>\n<script type=\"application\/ld+json\" class=\"yoast-schema-graph\">{\"@context\":\"https:\\\/\\\/schema.org\",\"@graph\":[{\"@type\":\"Article\",\"@id\":\"https:\\\/\\\/regions-snetap-fsu.fr\\\/pdl\\\/2021\\\/02\\\/11\\\/pour-les-aesh-le-snetap-fsu-sest-mobilise-et-a-porte-la-voix-des-collegues\\\/#article\",\"isPartOf\":{\"@id\":\"https:\\\/\\\/regions-snetap-fsu.fr\\\/pdl\\\/2021\\\/02\\\/11\\\/pour-les-aesh-le-snetap-fsu-sest-mobilise-et-a-porte-la-voix-des-collegues\\\/\"},\"author\":{\"name\":\"yvigner\",\"@id\":\"https:\\\/\\\/regions-snetap-fsu.fr\\\/pdl\\\/#\\\/schema\\\/person\\\/d4530af043f9e8d27bdd71c468ec93b1\"},\"headline\":\"Pour les AESH, le SNETAP-FSU s&rsquo;est mobilis\u00e9 et a port\u00e9 la voix des coll\u00e8gues !\",\"datePublished\":\"2021-02-11T20:34:05+00:00\",\"dateModified\":\"2021-02-22T14:49:12+00:00\",\"mainEntityOfPage\":{\"@id\":\"https:\\\/\\\/regions-snetap-fsu.fr\\\/pdl\\\/2021\\\/02\\\/11\\\/pour-les-aesh-le-snetap-fsu-sest-mobilise-et-a-porte-la-voix-des-collegues\\\/\"},\"wordCount\":372,\"publisher\":{\"@id\":\"https:\\\/\\\/regions-snetap-fsu.fr\\\/pdl\\\/#organization\"},\"image\":{\"@id\":\"https:\\\/\\\/regions-snetap-fsu.fr\\\/pdl\\\/2021\\\/02\\\/11\\\/pour-les-aesh-le-snetap-fsu-sest-mobilise-et-a-porte-la-voix-des-collegues\\\/#primaryimage\"},\"thumbnailUrl\":\"https:\\\/\\\/regions-snetap-fsu.fr\\\/pdl\\\/wp-content\\\/uploads\\\/sites\\\/4\\\/2021\\\/02\\\/149374076_3036492783246215_352493423999889212_o.jpg\",\"articleSection\":[\"Actions r\u00e9gionales\",\"AESH\"],\"inLanguage\":\"fr-FR\"},{\"@type\":\"WebPage\",\"@id\":\"https:\\\/\\\/regions-snetap-fsu.fr\\\/pdl\\\/2021\\\/02\\\/11\\\/pour-les-aesh-le-snetap-fsu-sest-mobilise-et-a-porte-la-voix-des-collegues\\\/\",\"url\":\"https:\\\/\\\/regions-snetap-fsu.fr\\\/pdl\\\/2021\\\/02\\\/11\\\/pour-les-aesh-le-snetap-fsu-sest-mobilise-et-a-porte-la-voix-des-collegues\\\/\",\"name\":\"Pour les AESH, le SNETAP-FSU s'est mobilis\u00e9 et a port\u00e9 la voix des coll\u00e8gues ! - PAYS DE LA LOIRE\",\"isPartOf\":{\"@id\":\"https:\\\/\\\/regions-snetap-fsu.fr\\\/pdl\\\/#website\"},\"primaryImageOfPage\":{\"@id\":\"https:\\\/\\\/regions-snetap-fsu.fr\\\/pdl\\\/2021\\\/02\\\/11\\\/pour-les-aesh-le-snetap-fsu-sest-mobilise-et-a-porte-la-voix-des-collegues\\\/#primaryimage\"},\"image\":{\"@id\":\"https:\\\/\\\/regions-snetap-fsu.fr\\\/pdl\\\/2021\\\/02\\\/11\\\/pour-les-aesh-le-snetap-fsu-sest-mobilise-et-a-porte-la-voix-des-collegues\\\/#primaryimage\"},\"thumbnailUrl\":\"https:\\\/\\\/regions-snetap-fsu.fr\\\/pdl\\\/wp-content\\\/uploads\\\/sites\\\/4\\\/2021\\\/02\\\/149374076_3036492783246215_352493423999889212_o.jpg\",\"datePublished\":\"2021-02-11T20:34:05+00:00\",\"dateModified\":\"2021-02-22T14:49:12+00:00\",\"breadcrumb\":{\"@id\":\"https:\\\/\\\/regions-snetap-fsu.fr\\\/pdl\\\/2021\\\/02\\\/11\\\/pour-les-aesh-le-snetap-fsu-sest-mobilise-et-a-porte-la-voix-des-collegues\\\/#breadcrumb\"},\"inLanguage\":\"fr-FR\",\"potentialAction\":[{\"@type\":\"ReadAction\",\"target\":[\"https:\\\/\\\/regions-snetap-fsu.fr\\\/pdl\\\/2021\\\/02\\\/11\\\/pour-les-aesh-le-snetap-fsu-sest-mobilise-et-a-porte-la-voix-des-collegues\\\/\"]}]},{\"@type\":\"ImageObject\",\"inLanguage\":\"fr-FR\",\"@id\":\"https:\\\/\\\/regions-snetap-fsu.fr\\\/pdl\\\/2021\\\/02\\\/11\\\/pour-les-aesh-le-snetap-fsu-sest-mobilise-et-a-porte-la-voix-des-collegues\\\/#primaryimage\",\"url\":\"https:\\\/\\\/regions-snetap-fsu.fr\\\/pdl\\\/wp-content\\\/uploads\\\/sites\\\/4\\\/2021\\\/02\\\/149374076_3036492783246215_352493423999889212_o.jpg\",\"contentUrl\":\"https:\\\/\\\/regions-snetap-fsu.fr\\\/pdl\\\/wp-content\\\/uploads\\\/sites\\\/4\\\/2021\\\/02\\\/149374076_3036492783246215_352493423999889212_o.jpg\",\"width\":1366,\"height\":728},{\"@type\":\"BreadcrumbList\",\"@id\":\"https:\\\/\\\/regions-snetap-fsu.fr\\\/pdl\\\/2021\\\/02\\\/11\\\/pour-les-aesh-le-snetap-fsu-sest-mobilise-et-a-porte-la-voix-des-collegues\\\/#breadcrumb\",\"itemListElement\":[{\"@type\":\"ListItem\",\"position\":1,\"name\":\"Accueil\",\"item\":\"https:\\\/\\\/regions-snetap-fsu.fr\\\/pdl\\\/\"},{\"@type\":\"ListItem\",\"position\":2,\"name\":\"Pour les AESH, le SNETAP-FSU s&rsquo;est mobilis\u00e9 et a port\u00e9 la voix des coll\u00e8gues !\"}]},{\"@type\":\"WebSite\",\"@id\":\"https:\\\/\\\/regions-snetap-fsu.fr\\\/pdl\\\/#website\",\"url\":\"https:\\\/\\\/regions-snetap-fsu.fr\\\/pdl\\\/\",\"name\":\"SNETAP-FSU PAYS DE LA LOIRE\",\"description\":\"SECTION REGIONALE\",\"publisher\":{\"@id\":\"https:\\\/\\\/regions-snetap-fsu.fr\\\/pdl\\\/#organization\"},\"potentialAction\":[{\"@type\":\"SearchAction\",\"target\":{\"@type\":\"EntryPoint\",\"urlTemplate\":\"https:\\\/\\\/regions-snetap-fsu.fr\\\/pdl\\\/?s={search_term_string}\"},\"query-input\":{\"@type\":\"PropertyValueSpecification\",\"valueRequired\":true,\"valueName\":\"search_term_string\"}}],\"inLanguage\":\"fr-FR\"},{\"@type\":\"Organization\",\"@id\":\"https:\\\/\\\/regions-snetap-fsu.fr\\\/pdl\\\/#organization\",\"name\":\"SNETAP-FSU Pays de Loire\",\"url\":\"https:\\\/\\\/regions-snetap-fsu.fr\\\/pdl\\\/\",\"logo\":{\"@type\":\"ImageObject\",\"inLanguage\":\"fr-FR\",\"@id\":\"https:\\\/\\\/regions-snetap-fsu.fr\\\/pdl\\\/#\\\/schema\\\/logo\\\/image\\\/\",\"url\":\"https:\\\/\\\/regions-snetap-fsu.fr\\\/pdl\\\/wp-content\\\/uploads\\\/sites\\\/4\\\/2020\\\/12\\\/SNETAP-Logo.jpg\",\"contentUrl\":\"https:\\\/\\\/regions-snetap-fsu.fr\\\/pdl\\\/wp-content\\\/uploads\\\/sites\\\/4\\\/2020\\\/12\\\/SNETAP-Logo.jpg\",\"width\":464,\"height\":334,\"caption\":\"SNETAP-FSU Pays de Loire\"},\"image\":{\"@id\":\"https:\\\/\\\/regions-snetap-fsu.fr\\\/pdl\\\/#\\\/schema\\\/logo\\\/image\\\/\"}},{\"@type\":\"Person\",\"@id\":\"https:\\\/\\\/regions-snetap-fsu.fr\\\/pdl\\\/#\\\/schema\\\/person\\\/d4530af043f9e8d27bdd71c468ec93b1\",\"name\":\"yvigner\",\"image\":{\"@type\":\"ImageObject\",\"inLanguage\":\"fr-FR\",\"@id\":\"https:\\\/\\\/secure.gravatar.com\\\/avatar\\\/bc72baa6f2406549aecf77a837bc4f03dbe88472c1762138f868571430a23820?s=96&d=mm&r=g\",\"url\":\"https:\\\/\\\/secure.gravatar.com\\\/avatar\\\/bc72baa6f2406549aecf77a837bc4f03dbe88472c1762138f868571430a23820?s=96&d=mm&r=g\",\"contentUrl\":\"https:\\\/\\\/secure.gravatar.com\\\/avatar\\\/bc72baa6f2406549aecf77a837bc4f03dbe88472c1762138f868571430a23820?s=96&d=mm&r=g\",\"caption\":\"yvigner\"},\"url\":\"https:\\\/\\\/regions-snetap-fsu.fr\\\/pdl\\\/author\\\/yvigner\\\/\"}]}<\/script>\n<!-- \/ Yoast SEO plugin. -->","yoast_head_json":{"title":"Pour les AESH, le SNETAP-FSU s'est mobilis\u00e9 et a port\u00e9 la voix des coll\u00e8gues ! - PAYS DE LA LOIRE","robots":{"index":"index","follow":"follow","max-snippet":"max-snippet:-1","max-image-preview":"max-image-preview:large","max-video-preview":"max-video-preview:-1"},"canonical":"https:\/\/regions-snetap-fsu.fr\/pdl\/2021\/02\/11\/pour-les-aesh-le-snetap-fsu-sest-mobilise-et-a-porte-la-voix-des-collegues\/","og_locale":"fr_FR","og_type":"article","og_title":"Pour les AESH, le SNETAP-FSU s'est mobilis\u00e9 et a port\u00e9 la voix des coll\u00e8gues ! - PAYS DE LA LOIRE","og_description":"https:\/\/www.snetap-fsu.fr\/AESH-dans-l-Enseignement-Agricole-et-Maritime-Public-11-fevrier-journee-de.html A l&rsquo;occasion de cette journ\u00e9e de mobilisation sur l&rsquo;\u00e9cole inclusive, le SNETAP-FSU et ses militants avaient d\u00e9cid\u00e9 de porter la voix des AESH aupr\u00e8s de la presse et des parlementaires. Ainsi, nous avons rencontr\u00e9 S.JUMEL (d\u00e9put\u00e9 de Seine maritime), E.DOINEAU (s\u00e9natrice de la Mayenne), S.TOLMONT (d\u00e9put\u00e9e de la Sarthe), C.BRULIN (s\u00e9natrice de Seine maritime)&#8230;nous [&hellip;]","og_url":"https:\/\/regions-snetap-fsu.fr\/pdl\/2021\/02\/11\/pour-les-aesh-le-snetap-fsu-sest-mobilise-et-a-porte-la-voix-des-collegues\/","og_site_name":"PAYS DE LA LOIRE","article_published_time":"2021-02-11T20:34:05+00:00","article_modified_time":"2021-02-22T14:49:12+00:00","og_image":[{"width":1366,"height":728,"url":"https:\/\/regions-snetap-fsu.fr\/pdl\/wp-content\/uploads\/sites\/4\/2021\/02\/149374076_3036492783246215_352493423999889212_o.jpg","type":"image\/jpeg"}],"author":"yvigner","twitter_card":"summary_large_image","twitter_misc":{"\u00c9crit par":"yvigner","Dur\u00e9e de lecture estim\u00e9e":"2 minutes"},"schema":{"@context":"https:\/\/schema.org","@graph":[{"@type":"Article","@id":"https:\/\/regions-snetap-fsu.fr\/pdl\/2021\/02\/11\/pour-les-aesh-le-snetap-fsu-sest-mobilise-et-a-porte-la-voix-des-collegues\/#article","isPartOf":{"@id":"https:\/\/regions-snetap-fsu.fr\/pdl\/2021\/02\/11\/pour-les-aesh-le-snetap-fsu-sest-mobilise-et-a-porte-la-voix-des-collegues\/"},"author":{"name":"yvigner","@id":"https:\/\/regions-snetap-fsu.fr\/pdl\/#\/schema\/person\/d4530af043f9e8d27bdd71c468ec93b1"},"headline":"Pour les AESH, le SNETAP-FSU s&rsquo;est mobilis\u00e9 et a port\u00e9 la voix des coll\u00e8gues !","datePublished":"2021-02-11T20:34:05+00:00","dateModified":"2021-02-22T14:49:12+00:00","mainEntityOfPage":{"@id":"https:\/\/regions-snetap-fsu.fr\/pdl\/2021\/02\/11\/pour-les-aesh-le-snetap-fsu-sest-mobilise-et-a-porte-la-voix-des-collegues\/"},"wordCount":372,"publisher":{"@id":"https:\/\/regions-snetap-fsu.fr\/pdl\/#organization"},"image":{"@id":"https:\/\/regions-snetap-fsu.fr\/pdl\/2021\/02\/11\/pour-les-aesh-le-snetap-fsu-sest-mobilise-et-a-porte-la-voix-des-collegues\/#primaryimage"},"thumbnailUrl":"https:\/\/regions-snetap-fsu.fr\/pdl\/wp-content\/uploads\/sites\/4\/2021\/02\/149374076_3036492783246215_352493423999889212_o.jpg","articleSection":["Actions r\u00e9gionales","AESH"],"inLanguage":"fr-FR"},{"@type":"WebPage","@id":"https:\/\/regions-snetap-fsu.fr\/pdl\/2021\/02\/11\/pour-les-aesh-le-snetap-fsu-sest-mobilise-et-a-porte-la-voix-des-collegues\/","url":"https:\/\/regions-snetap-fsu.fr\/pdl\/2021\/02\/11\/pour-les-aesh-le-snetap-fsu-sest-mobilise-et-a-porte-la-voix-des-collegues\/","name":"Pour les AESH, le SNETAP-FSU s'est mobilis\u00e9 et a port\u00e9 la voix des coll\u00e8gues ! - PAYS DE LA LOIRE","isPartOf":{"@id":"https:\/\/regions-snetap-fsu.fr\/pdl\/#website"},"primaryImageOfPage":{"@id":"https:\/\/regions-snetap-fsu.fr\/pdl\/2021\/02\/11\/pour-les-aesh-le-snetap-fsu-sest-mobilise-et-a-porte-la-voix-des-collegues\/#primaryimage"},"image":{"@id":"https:\/\/regions-snetap-fsu.fr\/pdl\/2021\/02\/11\/pour-les-aesh-le-snetap-fsu-sest-mobilise-et-a-porte-la-voix-des-collegues\/#primaryimage"},"thumbnailUrl":"https:\/\/regions-snetap-fsu.fr\/pdl\/wp-content\/uploads\/sites\/4\/2021\/02\/149374076_3036492783246215_352493423999889212_o.jpg","datePublished":"2021-02-11T20:34:05+00:00","dateModified":"2021-02-22T14:49:12+00:00","breadcrumb":{"@id":"https:\/\/regions-snetap-fsu.fr\/pdl\/2021\/02\/11\/pour-les-aesh-le-snetap-fsu-sest-mobilise-et-a-porte-la-voix-des-collegues\/#breadcrumb"},"inLanguage":"fr-FR","potentialAction":[{"@type":"ReadAction","target":["https:\/\/regions-snetap-fsu.fr\/pdl\/2021\/02\/11\/pour-les-aesh-le-snetap-fsu-sest-mobilise-et-a-porte-la-voix-des-collegues\/"]}]},{"@type":"ImageObject","inLanguage":"fr-FR","@id":"https:\/\/regions-snetap-fsu.fr\/pdl\/2021\/02\/11\/pour-les-aesh-le-snetap-fsu-sest-mobilise-et-a-porte-la-voix-des-collegues\/#primaryimage","url":"https:\/\/regions-snetap-fsu.fr\/pdl\/wp-content\/uploads\/sites\/4\/2021\/02\/149374076_3036492783246215_352493423999889212_o.jpg","contentUrl":"https:\/\/regions-snetap-fsu.fr\/pdl\/wp-content\/uploads\/sites\/4\/2021\/02\/149374076_3036492783246215_352493423999889212_o.jpg","width":1366,"height":728},{"@type":"BreadcrumbList","@id":"https:\/\/regions-snetap-fsu.fr\/pdl\/2021\/02\/11\/pour-les-aesh-le-snetap-fsu-sest-mobilise-et-a-porte-la-voix-des-collegues\/#breadcrumb","itemListElement":[{"@type":"ListItem","position":1,"name":"Accueil","item":"https:\/\/regions-snetap-fsu.fr\/pdl\/"},{"@type":"ListItem","position":2,"name":"Pour les AESH, le SNETAP-FSU s&rsquo;est mobilis\u00e9 et a port\u00e9 la voix des coll\u00e8gues !"}]},{"@type":"WebSite","@id":"https:\/\/regions-snetap-fsu.fr\/pdl\/#website","url":"https:\/\/regions-snetap-fsu.fr\/pdl\/","name":"SNETAP-FSU PAYS DE LA LOIRE","description":"SECTION REGIONALE","publisher":{"@id":"https:\/\/regions-snetap-fsu.fr\/pdl\/#organization"},"potentialAction":[{"@type":"SearchAction","target":{"@type":"EntryPoint","urlTemplate":"https:\/\/regions-snetap-fsu.fr\/pdl\/?s={search_term_string}"},"query-input":{"@type":"PropertyValueSpecification","valueRequired":true,"valueName":"search_term_string"}}],"inLanguage":"fr-FR"},{"@type":"Organization","@id":"https:\/\/regions-snetap-fsu.fr\/pdl\/#organization","name":"SNETAP-FSU Pays de Loire","url":"https:\/\/regions-snetap-fsu.fr\/pdl\/","logo":{"@type":"ImageObject","inLanguage":"fr-FR","@id":"https:\/\/regions-snetap-fsu.fr\/pdl\/#\/schema\/logo\/image\/","url":"https:\/\/regions-snetap-fsu.fr\/pdl\/wp-content\/uploads\/sites\/4\/2020\/12\/SNETAP-Logo.jpg","contentUrl":"https:\/\/regions-snetap-fsu.fr\/pdl\/wp-content\/uploads\/sites\/4\/2020\/12\/SNETAP-Logo.jpg","width":464,"height":334,"caption":"SNETAP-FSU Pays de Loire"},"image":{"@id":"https:\/\/regions-snetap-fsu.fr\/pdl\/#\/schema\/logo\/image\/"}},{"@type":"Person","@id":"https:\/\/regions-snetap-fsu.fr\/pdl\/#\/schema\/person\/d4530af043f9e8d27bdd71c468ec93b1","name":"yvigner","image":{"@type":"ImageObject","inLanguage":"fr-FR","@id":"https:\/\/secure.gravatar.com\/avatar\/bc72baa6f2406549aecf77a837bc4f03dbe88472c1762138f868571430a23820?s=96&d=mm&r=g","url":"https:\/\/secure.gravatar.com\/avatar\/bc72baa6f2406549aecf77a837bc4f03dbe88472c1762138f868571430a23820?s=96&d=mm&r=g","contentUrl":"https:\/\/secure.gravatar.com\/avatar\/bc72baa6f2406549aecf77a837bc4f03dbe88472c1762138f868571430a23820?s=96&d=mm&r=g","caption":"yvigner"},"url":"https:\/\/regions-snetap-fsu.fr\/pdl\/author\/yvigner\/"}]}},"_links":{"self":[{"href":"https:\/\/regions-snetap-fsu.fr\/pdl\/wp-json\/wp\/v2\/posts\/3842","targetHints":{"allow":["GET"]}}],"collection":[{"href":"https:\/\/regions-snetap-fsu.fr\/pdl\/wp-json\/wp\/v2\/posts"}],"about":[{"href":"https:\/\/regions-snetap-fsu.fr\/pdl\/wp-json\/wp\/v2\/types\/post"}],"author":[{"embeddable":true,"href":"https:\/\/regions-snetap-fsu.fr\/pdl\/wp-json\/wp\/v2\/users\/2"}],"replies":[{"embeddable":true,"href":"https:\/\/regions-snetap-fsu.fr\/pdl\/wp-json\/wp\/v2\/comments?post=3842"}],"version-history":[{"count":1,"href":"https:\/\/regions-snetap-fsu.fr\/pdl\/wp-json\/wp\/v2\/posts\/3842\/revisions"}],"predecessor-version":[{"id":3849,"href":"https:\/\/regions-snetap-fsu.fr\/pdl\/wp-json\/wp\/v2\/posts\/3842\/revisions\/3849"}],"wp:featuredmedia":[{"embeddable":true,"href":"https:\/\/regions-snetap-fsu.fr\/pdl\/wp-json\/wp\/v2\/media\/3846"}],"wp:attachment":[{"href":"https:\/\/regions-snetap-fsu.fr\/pdl\/wp-json\/wp\/v2\/media?parent=3842"}],"wp:term":[{"taxonomy":"category","embeddable":true,"href":"https:\/\/regions-snetap-fsu.fr\/pdl\/wp-json\/wp\/v2\/categories?post=3842"},{"taxonomy":"post_tag","embeddable":true,"href":"https:\/\/regions-snetap-fsu.fr\/pdl\/wp-json\/wp\/v2\/tags?post=3842"},{"taxonomy":"post_folder","embeddable":true,"href":"https:\/\/regions-snetap-fsu.fr\/pdl\/wp-json\/wp\/v2\/post_folder?post=3842"}],"curies":[{"name":"wp","href":"https:\/\/api.w.org\/{rel}","templated":true}]}}