{"id":3834,"date":"2021-01-25T22:10:08","date_gmt":"2021-01-25T21:10:08","guid":{"rendered":"https:\/\/regions-snetap-fsu.fr\/pdl\/?p=3834"},"modified":"2021-01-25T22:11:20","modified_gmt":"2021-01-25T21:11:20","slug":"covid-19-variant-anglais-la-situation-epidemique-se-deteriore-et-ladministration-ne-reagit-pas","status":"publish","type":"post","link":"https:\/\/regions-snetap-fsu.fr\/pdl\/2021\/01\/25\/covid-19-variant-anglais-la-situation-epidemique-se-deteriore-et-ladministration-ne-reagit-pas\/","title":{"rendered":"COVID 19\/VARIANT ANGLAIS : La situation \u00e9pid\u00e9mique se d\u00e9t\u00e9riore \u2026et l\u2019administration ne r\u00e9agit pas\u00a0 !!"},"content":{"rendered":"<p><span style=\"font-family: Arial, sans-serif; font-size: 18pt;\">COMPTE RENDU DU CHSCTREA DU 14 JANVIER 2021<\/span><\/p>\n<p align=\"justify\"><span style=\"font-family: Arial, sans-serif;\">A la demande du Snetap-Fsu, afin de faire un point sur la situation \u00e9pid\u00e9mique dans les \u00e9tablissements lig\u00e9riens, un CHSCTREA s\u2019est tenu le 14 janvier 2021. L\u2019occasion \u00e9tait aussi de montrer les nombreux dysfonctionnements r\u00e9currents dans la gestion de la crise sanitaire <\/span><\/p>\n<p><span style=\"font-size: 14pt;\"><b style=\"font-family: Arial, sans-serif;\">Sur le contexte de la rentr\u00e9e\u2026.Tout va bien Madame la marquise ?<\/b><\/span><\/p>\n<p align=\"justify\"><span style=\"font-family: Arial, sans-serif;\">Le SRFD, M. N\u00e9non a rappel\u00e9 en pr\u00e9ambule le contexte de la rentr\u00e9e de janvier 2021.Selon lui, les protocoles ont bien \u00e9t\u00e9 mis en place dans tous les \u00e9tablissements. Il a rappel\u00e9 les chiffres de contaminations dans les \u00e9tablissements d\u2019enseignement soit 8 cas av\u00e9r\u00e9s la 1<sup>\u00e8re<\/sup> semaine (public priv\u00e9 confondus) et 14 cas la semaine suivante. Pas d\u2019\u00e9l\u00e9ments particuliers \u00e0 annoncer selon lui\u2026 \u00ab la situation est stable avec un niveau plus important que celui souhait\u00e9 \u00bb.\u00a0<\/span><span style=\"font-family: Arial, sans-serif;\">Le Snetap-Fsu \u00e9met des doutes sur les chiffres annonc\u00e9s. Les donn\u00e9es semblent erron\u00e9es. La Roche sur Yon a ferm\u00e9 une classe cette semaine suite \u00e0 8 cas av\u00e9r\u00e9s tandis que Laval avait aussi une classe dans cette situation la semaine d\u2019avant (apr\u00e8s une fermeture de l&rsquo;\u00e9tablissement en d\u00e9cembre). Cette situation montre que les chiffres peinent \u00e0 \u00eatre remont\u00e9s et que la communication est tr\u00e8s insuffisante voire inexistante ! Des exemples de cas o\u00f9 l\u2019agent.e potentiellement cas contact n\u2019est pas averti et reste sur son lieu de travail ont \u00e9t\u00e9 donn\u00e9s\u2026<\/span><span style=\"font-family: Arial, sans-serif;\">Ceci n\u2019est pas acceptable\u00a0! Cela repr\u00e9sente non seulement un risque important en termes de propagation du virus mais une source d\u2019inqui\u00e9tude et d\u2019incompr\u00e9hension suppl\u00e9mentaire pour les agent.e.s. Nous avons demand\u00e9 un v\u00e9ritable plan de communication \u00e0 ce sujet. <b>( avis n\u00b04) <\/b><\/span><span style=\"font-family: Arial, sans-serif;\">Le DRAAF a reconnu un probl\u00e8me de communication et s\u2019est engag\u00e9 \u00e0 adresser un message aux \u00e9tablissements et ainsi rappeler les principes et les enjeux de cette communication.<\/span><\/p>\n<p><span style=\"font-size: 14pt;\"><b style=\"font-family: Arial, sans-serif;\">Sur le protocole dit renforc\u00e9, trop peu de respect des pr\u00e9conisations<\/b><\/span><\/p>\n<p align=\"justify\"><span style=\"font-family: Arial, sans-serif;\">Le Snetap-fsu a tenu \u00e0 rappeler qu\u2019il existait un protocole national renforc\u00e9 qui pr\u00e9conise, m\u00eame si on peut condamner son caract\u00e8re trop peu injonctif, la mise en place d\u2019une demie jauge afin de limiter les brassages. Force est de constater que trop peu d\u2019\u00e9tablissements ont mis en place cette mesure\u00a0! En effet, une enqu\u00eate r\u00e9alis\u00e9e en d\u00e9cembre, montre qu\u2019il existe des \u00e9tablissements o\u00f9 tr\u00e8s peu voire aucune mesures pr\u00e9ventives ne sont mises en places\u00a0: peu de gels hydro alcoolique, pas de limitation de la jauge d\u2019\u00e9l\u00e8ve, pas de distanciation au self\u2026<\/span><span style=\"font-family: Arial, sans-serif;\">Ceci est non seulement inadmissible mais surtout dangereux\u00a0 comme d\u2019ailleurs la r\u00e9ponse du DRAAF qui consid\u00e8re que la jauge doit \u00eatre \u00e9tudi\u00e9e dans chaque \u00e9tablissement et qu\u2019il faut attendre les consignes du minist\u00e8re qui risquent d\u2019\u00e9voluer !Hubert Renault, ISST, a propos\u00e9 son aide pour la mise en place de ce protocole.\u00a0<\/span><span style=\"font-family: Arial, sans-serif;\">Apr\u00e8s avoir rappel\u00e9 qu\u2019en d\u00e9cembre, un \u00e9tablissement a ferm\u00e9 pour de nombreux cas, le snetap-fsu a aussi condamn\u00e9 cette mani\u00e8re insuffisante de pr\u00e9venir les risques sanitaires et psychosociaux. En effet, de nombreux coll\u00e8gues ne sentent pas en s\u00e9curit\u00e9. De plus, l\u2019organisation des examens a \u00e9t\u00e9 avanc\u00e9e\u00a0.En effet, comment vont \u2013 ils \u00eatre organis\u00e9s dans ce contexte o\u00f9 certaines classes n\u2019auront eu que la moiti\u00e9 de leur temps de formation et d\u2019autres la totalit\u00e9\u00a0? Ceci ne peut pas perdurer, les agen,t.e.s sont sous tension et cela repr\u00e9sente un facteur de risques psychosociaux important <b>(avis n\u00b03)\u00a0<\/b><\/span><span style=\"font-family: Arial, sans-serif;\">Dans ce contexte de menace \u00e9pid\u00e9mique nouvelle avec le notamment le variant anglais, nous avons r\u00e9it\u00e9r\u00e9 notre demande d\u2019un renforcement obligatoire du protocole <b>(avis n\u00b0 1)<\/b><\/span><\/p>\n<p><span style=\"font-size: 14pt;\"><b style=\"font-family: Arial, sans-serif;\">Sur les tests et la vaccination, pas de strat\u00e9gie de pr\u00e9vention \u00e0 l\u2019horizon\u2026<\/b><\/span><\/p>\n<p align=\"justify\"><span style=\"font-family: Arial, sans-serif;\">Le Snetap-Fsu a questionn\u00e9 sur la strat\u00e9gie de l\u2019administration sur les tests. En effet, suite aux annonces du gouvernement sur le d\u00e9ploiement de tests antig\u00e9niques dans les \u00e9tablissements scolaires, nous avons demand\u00e9 ce qu\u2019il en est pour ceux de l\u2019Enseignement agricole public. Monsieur N\u00e9non a annonc\u00e9 que l\u2019administration r\u00e9gionale ne disposait que de 2000 tests, que se posait le probl\u00e8me du manque de personnels charg\u00e9s de tester et qu\u2019\u00e0 ce titre, ceux-ci ne pouvaient \u00eatre utilis\u00e9s que pour d\u00e9tecter un \u00e9ventuel foyer de contamination. Ceci ne peut \u00eatre acceptable car ne repr\u00e9sentant pas une mesure de pr\u00e9vention efficace. Le principe de ces tests \u00e9tant de trouver de nombreux cas (souvent asymptomatiques) et d\u2019isoler le plus rapidement possible, force est de constater que l\u2019enseignement agricole n\u2019est pas dans ce dispositif !\u00a0<\/span><span style=\"font-family: Arial, sans-serif;\">Seul l\u2019\u00e9tablissement de Laval, compte tenu du foyer d\u00e9tect\u00e9 en d\u00e9cembre et de cas r\u00e9cents, va se voir proposer une journ\u00e9e de tests antig\u00e9niques.\u00a0<\/span><span style=\"font-family: Arial, sans-serif;\">Concernant la vaccination, v\u00e9ritable moyen de lutte contre l\u2019\u00e9pid\u00e9mie, le Snetap-Fsu a demand\u00e9 le calendrier pour l\u2019enseignement agricole. A ce jour, aucune information n\u2019a \u00e9t\u00e9 donn\u00e9e\u00a0: Aucune visibilit\u00e9\u00a0! <b>( avis n\u00b02)<\/b><\/span><\/p>\n<p><span style=\"font-size: 14pt;\"><b style=\"font-family: Arial, sans-serif;\">Sur le t\u00e9l\u00e9travail, pas de mont\u00e9e en puissance\u2026<\/b><\/span><\/p>\n<p align=\"justify\"><span style=\"font-family: Arial, sans-serif;\">Le Snetap-Fsu a demand\u00e9 un \u00e9tat des lieux sur le nombre d\u2019agent.e.s en t\u00e9l\u00e9travail. Il n\u2019y a pas eu de remontr\u00e9es de chiffres\u2026.<\/span><span style=\"font-family: Arial, sans-serif;\">Cette forme de travail, moyen de lutte contre la pand\u00e9mie, n\u2019est absolument pas g\u00e9n\u00e9ralis\u00e9e contrairement aux recommandations gouvernementales.\u00a0<\/span><span style=\"font-family: Arial, sans-serif;\">L\u2019administration r\u00e9gionale s\u2019est engag\u00e9e \u00e0 interroger les chefs d\u2019\u00e9tablissements. Surprenant quand on sait que l\u2019administration centrale dit en CHCST-M avoir des donn\u00e9es sur le sujet\u2026<\/span><span style=\"font-family: Arial, sans-serif;\">Enfin, sur la situation de travail d&rsquo;une coll\u00e8gue infirmi\u00e8re apr\u00e8s l\u2019alerte pour danger grave et imminent et l\u2019enqu\u00eate d\u00e9di\u00e9e, nous avons demand\u00e9 un \u00e9tat des lieux sur le respect des pr\u00e9conisations permettant de supprimer ce danger .Certaines mesures ont \u00e9t\u00e9 mises en place mais la situation ne s\u2019est pas grandement am\u00e9lior\u00e9e. Nous avons demand\u00e9 notamment le respect de la note de service sur la dotation des personnels ATLS dont font partie les infirmi\u00e8res. Il n\u2019y a pas eu de r\u00e9ponse de l\u2019administration\u2026Nous avons demand\u00e9 que le pr\u00e9sident du CHSCTREA reprenne contact avec le chef d\u2019\u00e9tablissement et l&rsquo;agent concern\u00e9 afin de faire appliquer les pr\u00e9conisations. Il en va de sant\u00e9 de notre coll\u00e8gue.<\/span><\/p>\n<p align=\"right\"><span style=\"font-family: Arial, sans-serif;\"><span style=\"font-size: medium;\"><b>Pour les \u00e9lus CHSCTREA <\/b><\/span><\/span><\/p>\n<p align=\"right\"><span style=\"font-family: Arial, sans-serif;\"><span style=\"font-size: medium;\"><b>Laurence BRAULT<\/b><\/span><\/span><\/p>\n","protected":false},"excerpt":{"rendered":"<p>COMPTE RENDU DU CHSCTREA DU 14 JANVIER 2021 A la demande du Snetap-Fsu, afin de faire un point sur la situation \u00e9pid\u00e9mique dans les \u00e9tablissements lig\u00e9riens, un CHSCTREA s\u2019est tenu le 14 janvier 2021. L\u2019occasion \u00e9tait aussi de montrer les nombreux dysfonctionnements r\u00e9currents dans la gestion de la crise sanitaire Sur le contexte de la [&hellip;]<\/p>\n","protected":false},"author":2,"featured_media":3647,"comment_status":"closed","ping_status":"closed","sticky":false,"template":"","format":"standard","meta":{"ocean_post_layout":"","ocean_both_sidebars_style":"","ocean_both_sidebars_content_width":0,"ocean_both_sidebars_sidebars_width":0,"ocean_sidebar":"0","ocean_second_sidebar":"0","ocean_disable_margins":"enable","ocean_add_body_class":"","ocean_shortcode_before_top_bar":"","ocean_shortcode_after_top_bar":"","ocean_shortcode_before_header":"","ocean_shortcode_after_header":"","ocean_has_shortcode":"","ocean_shortcode_after_title":"","ocean_shortcode_before_footer_widgets":"","ocean_shortcode_after_footer_widgets":"","ocean_shortcode_before_footer_bottom":"","ocean_shortcode_after_footer_bottom":"","ocean_display_top_bar":"default","ocean_display_header":"default","ocean_header_style":"","ocean_center_header_left_menu":"0","ocean_custom_header_template":"0","ocean_custom_logo":0,"ocean_custom_retina_logo":0,"ocean_custom_logo_max_width":0,"ocean_custom_logo_tablet_max_width":0,"ocean_custom_logo_mobile_max_width":0,"ocean_custom_logo_max_height":0,"ocean_custom_logo_tablet_max_height":0,"ocean_custom_logo_mobile_max_height":0,"ocean_header_custom_menu":"0","ocean_menu_typo_font_family":"0","ocean_menu_typo_font_subset":"","ocean_menu_typo_font_size":0,"ocean_menu_typo_font_size_tablet":0,"ocean_menu_typo_font_size_mobile":0,"ocean_menu_typo_font_size_unit":"px","ocean_menu_typo_font_weight":"","ocean_menu_typo_font_weight_tablet":"","ocean_menu_typo_font_weight_mobile":"","ocean_menu_typo_transform":"","ocean_menu_typo_transform_tablet":"","ocean_menu_typo_transform_mobile":"","ocean_menu_typo_line_height":0,"ocean_menu_typo_line_height_tablet":0,"ocean_menu_typo_line_height_mobile":0,"ocean_menu_typo_line_height_unit":"","ocean_menu_typo_spacing":0,"ocean_menu_typo_spacing_tablet":0,"ocean_menu_typo_spacing_mobile":0,"ocean_menu_typo_spacing_unit":"","ocean_menu_link_color":"","ocean_menu_link_color_hover":"","ocean_menu_link_color_active":"","ocean_menu_link_background":"","ocean_menu_link_hover_background":"","ocean_menu_link_active_background":"","ocean_menu_social_links_bg":"","ocean_menu_social_hover_links_bg":"","ocean_menu_social_links_color":"","ocean_menu_social_hover_links_color":"","ocean_disable_title":"default","ocean_disable_heading":"default","ocean_post_title":"","ocean_post_subheading":"","ocean_post_title_style":"","ocean_post_title_background_color":"","ocean_post_title_background":0,"ocean_post_title_bg_image_position":"","ocean_post_title_bg_image_attachment":"","ocean_post_title_bg_image_repeat":"","ocean_post_title_bg_image_size":"","ocean_post_title_height":0,"ocean_post_title_bg_overlay":0.5,"ocean_post_title_bg_overlay_color":"","ocean_disable_breadcrumbs":"default","ocean_breadcrumbs_color":"","ocean_breadcrumbs_separator_color":"","ocean_breadcrumbs_links_color":"","ocean_breadcrumbs_links_hover_color":"","ocean_display_footer_widgets":"default","ocean_display_footer_bottom":"default","ocean_custom_footer_template":"0","ocean_post_oembed":"","ocean_post_self_hosted_media":"","ocean_post_video_embed":"","ocean_link_format":"","ocean_link_format_target":"self","ocean_quote_format":"","ocean_quote_format_link":"post","ocean_gallery_link_images":"off","ocean_gallery_id":[],"footnotes":""},"categories":[11],"tags":[],"post_folder":[],"class_list":["post-3834","post","type-post","status-publish","format-standard","has-post-thumbnail","hentry","category-chsctrea","entry","has-media"],"yoast_head":"<!-- This site is optimized with the Yoast SEO plugin v27.4 - https:\/\/yoast.com\/product\/yoast-seo-wordpress\/ -->\n<title>COVID 19\/VARIANT ANGLAIS : La situation \u00e9pid\u00e9mique se d\u00e9t\u00e9riore \u2026et l\u2019administration ne r\u00e9agit pas\u00a0 !! - PAYS DE LA LOIRE<\/title>\n<meta name=\"robots\" content=\"index, follow, max-snippet:-1, max-image-preview:large, max-video-preview:-1\" \/>\n<link rel=\"canonical\" href=\"https:\/\/regions-snetap-fsu.fr\/pdl\/2021\/01\/25\/covid-19-variant-anglais-la-situation-epidemique-se-deteriore-et-ladministration-ne-reagit-pas\/\" \/>\n<meta property=\"og:locale\" content=\"fr_FR\" \/>\n<meta property=\"og:type\" content=\"article\" \/>\n<meta property=\"og:title\" content=\"COVID 19\/VARIANT ANGLAIS : La situation \u00e9pid\u00e9mique se d\u00e9t\u00e9riore \u2026et l\u2019administration ne r\u00e9agit pas\u00a0 !! - PAYS DE LA LOIRE\" \/>\n<meta property=\"og:description\" content=\"COMPTE RENDU DU CHSCTREA DU 14 JANVIER 2021 A la demande du Snetap-Fsu, afin de faire un point sur la situation \u00e9pid\u00e9mique dans les \u00e9tablissements lig\u00e9riens, un CHSCTREA s\u2019est tenu le 14 janvier 2021. L\u2019occasion \u00e9tait aussi de montrer les nombreux dysfonctionnements r\u00e9currents dans la gestion de la crise sanitaire Sur le contexte de la [&hellip;]\" \/>\n<meta property=\"og:url\" content=\"https:\/\/regions-snetap-fsu.fr\/pdl\/2021\/01\/25\/covid-19-variant-anglais-la-situation-epidemique-se-deteriore-et-ladministration-ne-reagit-pas\/\" \/>\n<meta property=\"og:site_name\" content=\"PAYS DE LA LOIRE\" \/>\n<meta property=\"article:published_time\" content=\"2021-01-25T21:10:08+00:00\" \/>\n<meta property=\"article:modified_time\" content=\"2021-01-25T21:11:20+00:00\" \/>\n<meta property=\"og:image\" content=\"https:\/\/regions-snetap-fsu.fr\/pdl\/wp-content\/uploads\/sites\/4\/2020\/09\/chsct_une_responsabilite_a_double_sens.jpg\" \/>\n\t<meta property=\"og:image:width\" content=\"1600\" \/>\n\t<meta property=\"og:image:height\" content=\"550\" \/>\n\t<meta property=\"og:image:type\" content=\"image\/jpeg\" \/>\n<meta name=\"author\" content=\"yvigner\" \/>\n<meta name=\"twitter:card\" content=\"summary_large_image\" \/>\n<meta name=\"twitter:label1\" content=\"\u00c9crit par\" \/>\n\t<meta name=\"twitter:data1\" content=\"yvigner\" \/>\n\t<meta name=\"twitter:label2\" content=\"Dur\u00e9e de lecture estim\u00e9e\" \/>\n\t<meta name=\"twitter:data2\" content=\"5 minutes\" \/>\n<script type=\"application\/ld+json\" class=\"yoast-schema-graph\">{\"@context\":\"https:\\\/\\\/schema.org\",\"@graph\":[{\"@type\":\"Article\",\"@id\":\"https:\\\/\\\/regions-snetap-fsu.fr\\\/pdl\\\/2021\\\/01\\\/25\\\/covid-19-variant-anglais-la-situation-epidemique-se-deteriore-et-ladministration-ne-reagit-pas\\\/#article\",\"isPartOf\":{\"@id\":\"https:\\\/\\\/regions-snetap-fsu.fr\\\/pdl\\\/2021\\\/01\\\/25\\\/covid-19-variant-anglais-la-situation-epidemique-se-deteriore-et-ladministration-ne-reagit-pas\\\/\"},\"author\":{\"name\":\"yvigner\",\"@id\":\"https:\\\/\\\/regions-snetap-fsu.fr\\\/pdl\\\/#\\\/schema\\\/person\\\/d4530af043f9e8d27bdd71c468ec93b1\"},\"headline\":\"COVID 19\\\/VARIANT ANGLAIS : La situation \u00e9pid\u00e9mique se d\u00e9t\u00e9riore \u2026et l\u2019administration ne r\u00e9agit pas\u00a0 !!\",\"datePublished\":\"2021-01-25T21:10:08+00:00\",\"dateModified\":\"2021-01-25T21:11:20+00:00\",\"mainEntityOfPage\":{\"@id\":\"https:\\\/\\\/regions-snetap-fsu.fr\\\/pdl\\\/2021\\\/01\\\/25\\\/covid-19-variant-anglais-la-situation-epidemique-se-deteriore-et-ladministration-ne-reagit-pas\\\/\"},\"wordCount\":1118,\"publisher\":{\"@id\":\"https:\\\/\\\/regions-snetap-fsu.fr\\\/pdl\\\/#organization\"},\"image\":{\"@id\":\"https:\\\/\\\/regions-snetap-fsu.fr\\\/pdl\\\/2021\\\/01\\\/25\\\/covid-19-variant-anglais-la-situation-epidemique-se-deteriore-et-ladministration-ne-reagit-pas\\\/#primaryimage\"},\"thumbnailUrl\":\"https:\\\/\\\/regions-snetap-fsu.fr\\\/pdl\\\/wp-content\\\/uploads\\\/sites\\\/4\\\/2020\\\/09\\\/chsct_une_responsabilite_a_double_sens.jpg\",\"articleSection\":[\"Formation sp\u00e9cialis\u00e9e Sant\u00e9 et S\u00e9curit\u00e9 au travail (ex-CHSCTREA)\"],\"inLanguage\":\"fr-FR\"},{\"@type\":\"WebPage\",\"@id\":\"https:\\\/\\\/regions-snetap-fsu.fr\\\/pdl\\\/2021\\\/01\\\/25\\\/covid-19-variant-anglais-la-situation-epidemique-se-deteriore-et-ladministration-ne-reagit-pas\\\/\",\"url\":\"https:\\\/\\\/regions-snetap-fsu.fr\\\/pdl\\\/2021\\\/01\\\/25\\\/covid-19-variant-anglais-la-situation-epidemique-se-deteriore-et-ladministration-ne-reagit-pas\\\/\",\"name\":\"COVID 19\\\/VARIANT ANGLAIS : La situation \u00e9pid\u00e9mique se d\u00e9t\u00e9riore \u2026et l\u2019administration ne r\u00e9agit pas\u00a0 !! - PAYS DE LA LOIRE\",\"isPartOf\":{\"@id\":\"https:\\\/\\\/regions-snetap-fsu.fr\\\/pdl\\\/#website\"},\"primaryImageOfPage\":{\"@id\":\"https:\\\/\\\/regions-snetap-fsu.fr\\\/pdl\\\/2021\\\/01\\\/25\\\/covid-19-variant-anglais-la-situation-epidemique-se-deteriore-et-ladministration-ne-reagit-pas\\\/#primaryimage\"},\"image\":{\"@id\":\"https:\\\/\\\/regions-snetap-fsu.fr\\\/pdl\\\/2021\\\/01\\\/25\\\/covid-19-variant-anglais-la-situation-epidemique-se-deteriore-et-ladministration-ne-reagit-pas\\\/#primaryimage\"},\"thumbnailUrl\":\"https:\\\/\\\/regions-snetap-fsu.fr\\\/pdl\\\/wp-content\\\/uploads\\\/sites\\\/4\\\/2020\\\/09\\\/chsct_une_responsabilite_a_double_sens.jpg\",\"datePublished\":\"2021-01-25T21:10:08+00:00\",\"dateModified\":\"2021-01-25T21:11:20+00:00\",\"breadcrumb\":{\"@id\":\"https:\\\/\\\/regions-snetap-fsu.fr\\\/pdl\\\/2021\\\/01\\\/25\\\/covid-19-variant-anglais-la-situation-epidemique-se-deteriore-et-ladministration-ne-reagit-pas\\\/#breadcrumb\"},\"inLanguage\":\"fr-FR\",\"potentialAction\":[{\"@type\":\"ReadAction\",\"target\":[\"https:\\\/\\\/regions-snetap-fsu.fr\\\/pdl\\\/2021\\\/01\\\/25\\\/covid-19-variant-anglais-la-situation-epidemique-se-deteriore-et-ladministration-ne-reagit-pas\\\/\"]}]},{\"@type\":\"ImageObject\",\"inLanguage\":\"fr-FR\",\"@id\":\"https:\\\/\\\/regions-snetap-fsu.fr\\\/pdl\\\/2021\\\/01\\\/25\\\/covid-19-variant-anglais-la-situation-epidemique-se-deteriore-et-ladministration-ne-reagit-pas\\\/#primaryimage\",\"url\":\"https:\\\/\\\/regions-snetap-fsu.fr\\\/pdl\\\/wp-content\\\/uploads\\\/sites\\\/4\\\/2020\\\/09\\\/chsct_une_responsabilite_a_double_sens.jpg\",\"contentUrl\":\"https:\\\/\\\/regions-snetap-fsu.fr\\\/pdl\\\/wp-content\\\/uploads\\\/sites\\\/4\\\/2020\\\/09\\\/chsct_une_responsabilite_a_double_sens.jpg\",\"width\":1600,\"height\":550},{\"@type\":\"BreadcrumbList\",\"@id\":\"https:\\\/\\\/regions-snetap-fsu.fr\\\/pdl\\\/2021\\\/01\\\/25\\\/covid-19-variant-anglais-la-situation-epidemique-se-deteriore-et-ladministration-ne-reagit-pas\\\/#breadcrumb\",\"itemListElement\":[{\"@type\":\"ListItem\",\"position\":1,\"name\":\"Accueil\",\"item\":\"https:\\\/\\\/regions-snetap-fsu.fr\\\/pdl\\\/\"},{\"@type\":\"ListItem\",\"position\":2,\"name\":\"COVID 19\\\/VARIANT ANGLAIS : La situation \u00e9pid\u00e9mique se d\u00e9t\u00e9riore \u2026et l\u2019administration ne r\u00e9agit pas\u00a0 !!\"}]},{\"@type\":\"WebSite\",\"@id\":\"https:\\\/\\\/regions-snetap-fsu.fr\\\/pdl\\\/#website\",\"url\":\"https:\\\/\\\/regions-snetap-fsu.fr\\\/pdl\\\/\",\"name\":\"SNETAP-FSU PAYS DE LA LOIRE\",\"description\":\"SECTION REGIONALE\",\"publisher\":{\"@id\":\"https:\\\/\\\/regions-snetap-fsu.fr\\\/pdl\\\/#organization\"},\"potentialAction\":[{\"@type\":\"SearchAction\",\"target\":{\"@type\":\"EntryPoint\",\"urlTemplate\":\"https:\\\/\\\/regions-snetap-fsu.fr\\\/pdl\\\/?s={search_term_string}\"},\"query-input\":{\"@type\":\"PropertyValueSpecification\",\"valueRequired\":true,\"valueName\":\"search_term_string\"}}],\"inLanguage\":\"fr-FR\"},{\"@type\":\"Organization\",\"@id\":\"https:\\\/\\\/regions-snetap-fsu.fr\\\/pdl\\\/#organization\",\"name\":\"SNETAP-FSU Pays de Loire\",\"url\":\"https:\\\/\\\/regions-snetap-fsu.fr\\\/pdl\\\/\",\"logo\":{\"@type\":\"ImageObject\",\"inLanguage\":\"fr-FR\",\"@id\":\"https:\\\/\\\/regions-snetap-fsu.fr\\\/pdl\\\/#\\\/schema\\\/logo\\\/image\\\/\",\"url\":\"https:\\\/\\\/regions-snetap-fsu.fr\\\/pdl\\\/wp-content\\\/uploads\\\/sites\\\/4\\\/2020\\\/12\\\/SNETAP-Logo.jpg\",\"contentUrl\":\"https:\\\/\\\/regions-snetap-fsu.fr\\\/pdl\\\/wp-content\\\/uploads\\\/sites\\\/4\\\/2020\\\/12\\\/SNETAP-Logo.jpg\",\"width\":464,\"height\":334,\"caption\":\"SNETAP-FSU Pays de Loire\"},\"image\":{\"@id\":\"https:\\\/\\\/regions-snetap-fsu.fr\\\/pdl\\\/#\\\/schema\\\/logo\\\/image\\\/\"}},{\"@type\":\"Person\",\"@id\":\"https:\\\/\\\/regions-snetap-fsu.fr\\\/pdl\\\/#\\\/schema\\\/person\\\/d4530af043f9e8d27bdd71c468ec93b1\",\"name\":\"yvigner\",\"image\":{\"@type\":\"ImageObject\",\"inLanguage\":\"fr-FR\",\"@id\":\"https:\\\/\\\/secure.gravatar.com\\\/avatar\\\/bc72baa6f2406549aecf77a837bc4f03dbe88472c1762138f868571430a23820?s=96&d=mm&r=g\",\"url\":\"https:\\\/\\\/secure.gravatar.com\\\/avatar\\\/bc72baa6f2406549aecf77a837bc4f03dbe88472c1762138f868571430a23820?s=96&d=mm&r=g\",\"contentUrl\":\"https:\\\/\\\/secure.gravatar.com\\\/avatar\\\/bc72baa6f2406549aecf77a837bc4f03dbe88472c1762138f868571430a23820?s=96&d=mm&r=g\",\"caption\":\"yvigner\"},\"url\":\"https:\\\/\\\/regions-snetap-fsu.fr\\\/pdl\\\/author\\\/yvigner\\\/\"}]}<\/script>\n<!-- \/ Yoast SEO plugin. -->","yoast_head_json":{"title":"COVID 19\/VARIANT ANGLAIS : La situation \u00e9pid\u00e9mique se d\u00e9t\u00e9riore \u2026et l\u2019administration ne r\u00e9agit pas\u00a0 !! - PAYS DE LA LOIRE","robots":{"index":"index","follow":"follow","max-snippet":"max-snippet:-1","max-image-preview":"max-image-preview:large","max-video-preview":"max-video-preview:-1"},"canonical":"https:\/\/regions-snetap-fsu.fr\/pdl\/2021\/01\/25\/covid-19-variant-anglais-la-situation-epidemique-se-deteriore-et-ladministration-ne-reagit-pas\/","og_locale":"fr_FR","og_type":"article","og_title":"COVID 19\/VARIANT ANGLAIS : La situation \u00e9pid\u00e9mique se d\u00e9t\u00e9riore \u2026et l\u2019administration ne r\u00e9agit pas\u00a0 !! - PAYS DE LA LOIRE","og_description":"COMPTE RENDU DU CHSCTREA DU 14 JANVIER 2021 A la demande du Snetap-Fsu, afin de faire un point sur la situation \u00e9pid\u00e9mique dans les \u00e9tablissements lig\u00e9riens, un CHSCTREA s\u2019est tenu le 14 janvier 2021. L\u2019occasion \u00e9tait aussi de montrer les nombreux dysfonctionnements r\u00e9currents dans la gestion de la crise sanitaire Sur le contexte de la [&hellip;]","og_url":"https:\/\/regions-snetap-fsu.fr\/pdl\/2021\/01\/25\/covid-19-variant-anglais-la-situation-epidemique-se-deteriore-et-ladministration-ne-reagit-pas\/","og_site_name":"PAYS DE LA LOIRE","article_published_time":"2021-01-25T21:10:08+00:00","article_modified_time":"2021-01-25T21:11:20+00:00","og_image":[{"width":1600,"height":550,"url":"https:\/\/regions-snetap-fsu.fr\/pdl\/wp-content\/uploads\/sites\/4\/2020\/09\/chsct_une_responsabilite_a_double_sens.jpg","type":"image\/jpeg"}],"author":"yvigner","twitter_card":"summary_large_image","twitter_misc":{"\u00c9crit par":"yvigner","Dur\u00e9e de lecture estim\u00e9e":"5 minutes"},"schema":{"@context":"https:\/\/schema.org","@graph":[{"@type":"Article","@id":"https:\/\/regions-snetap-fsu.fr\/pdl\/2021\/01\/25\/covid-19-variant-anglais-la-situation-epidemique-se-deteriore-et-ladministration-ne-reagit-pas\/#article","isPartOf":{"@id":"https:\/\/regions-snetap-fsu.fr\/pdl\/2021\/01\/25\/covid-19-variant-anglais-la-situation-epidemique-se-deteriore-et-ladministration-ne-reagit-pas\/"},"author":{"name":"yvigner","@id":"https:\/\/regions-snetap-fsu.fr\/pdl\/#\/schema\/person\/d4530af043f9e8d27bdd71c468ec93b1"},"headline":"COVID 19\/VARIANT ANGLAIS : La situation \u00e9pid\u00e9mique se d\u00e9t\u00e9riore \u2026et l\u2019administration ne r\u00e9agit pas\u00a0 !!","datePublished":"2021-01-25T21:10:08+00:00","dateModified":"2021-01-25T21:11:20+00:00","mainEntityOfPage":{"@id":"https:\/\/regions-snetap-fsu.fr\/pdl\/2021\/01\/25\/covid-19-variant-anglais-la-situation-epidemique-se-deteriore-et-ladministration-ne-reagit-pas\/"},"wordCount":1118,"publisher":{"@id":"https:\/\/regions-snetap-fsu.fr\/pdl\/#organization"},"image":{"@id":"https:\/\/regions-snetap-fsu.fr\/pdl\/2021\/01\/25\/covid-19-variant-anglais-la-situation-epidemique-se-deteriore-et-ladministration-ne-reagit-pas\/#primaryimage"},"thumbnailUrl":"https:\/\/regions-snetap-fsu.fr\/pdl\/wp-content\/uploads\/sites\/4\/2020\/09\/chsct_une_responsabilite_a_double_sens.jpg","articleSection":["Formation sp\u00e9cialis\u00e9e Sant\u00e9 et S\u00e9curit\u00e9 au travail (ex-CHSCTREA)"],"inLanguage":"fr-FR"},{"@type":"WebPage","@id":"https:\/\/regions-snetap-fsu.fr\/pdl\/2021\/01\/25\/covid-19-variant-anglais-la-situation-epidemique-se-deteriore-et-ladministration-ne-reagit-pas\/","url":"https:\/\/regions-snetap-fsu.fr\/pdl\/2021\/01\/25\/covid-19-variant-anglais-la-situation-epidemique-se-deteriore-et-ladministration-ne-reagit-pas\/","name":"COVID 19\/VARIANT ANGLAIS : La situation \u00e9pid\u00e9mique se d\u00e9t\u00e9riore \u2026et l\u2019administration ne r\u00e9agit pas\u00a0 !! - PAYS DE LA LOIRE","isPartOf":{"@id":"https:\/\/regions-snetap-fsu.fr\/pdl\/#website"},"primaryImageOfPage":{"@id":"https:\/\/regions-snetap-fsu.fr\/pdl\/2021\/01\/25\/covid-19-variant-anglais-la-situation-epidemique-se-deteriore-et-ladministration-ne-reagit-pas\/#primaryimage"},"image":{"@id":"https:\/\/regions-snetap-fsu.fr\/pdl\/2021\/01\/25\/covid-19-variant-anglais-la-situation-epidemique-se-deteriore-et-ladministration-ne-reagit-pas\/#primaryimage"},"thumbnailUrl":"https:\/\/regions-snetap-fsu.fr\/pdl\/wp-content\/uploads\/sites\/4\/2020\/09\/chsct_une_responsabilite_a_double_sens.jpg","datePublished":"2021-01-25T21:10:08+00:00","dateModified":"2021-01-25T21:11:20+00:00","breadcrumb":{"@id":"https:\/\/regions-snetap-fsu.fr\/pdl\/2021\/01\/25\/covid-19-variant-anglais-la-situation-epidemique-se-deteriore-et-ladministration-ne-reagit-pas\/#breadcrumb"},"inLanguage":"fr-FR","potentialAction":[{"@type":"ReadAction","target":["https:\/\/regions-snetap-fsu.fr\/pdl\/2021\/01\/25\/covid-19-variant-anglais-la-situation-epidemique-se-deteriore-et-ladministration-ne-reagit-pas\/"]}]},{"@type":"ImageObject","inLanguage":"fr-FR","@id":"https:\/\/regions-snetap-fsu.fr\/pdl\/2021\/01\/25\/covid-19-variant-anglais-la-situation-epidemique-se-deteriore-et-ladministration-ne-reagit-pas\/#primaryimage","url":"https:\/\/regions-snetap-fsu.fr\/pdl\/wp-content\/uploads\/sites\/4\/2020\/09\/chsct_une_responsabilite_a_double_sens.jpg","contentUrl":"https:\/\/regions-snetap-fsu.fr\/pdl\/wp-content\/uploads\/sites\/4\/2020\/09\/chsct_une_responsabilite_a_double_sens.jpg","width":1600,"height":550},{"@type":"BreadcrumbList","@id":"https:\/\/regions-snetap-fsu.fr\/pdl\/2021\/01\/25\/covid-19-variant-anglais-la-situation-epidemique-se-deteriore-et-ladministration-ne-reagit-pas\/#breadcrumb","itemListElement":[{"@type":"ListItem","position":1,"name":"Accueil","item":"https:\/\/regions-snetap-fsu.fr\/pdl\/"},{"@type":"ListItem","position":2,"name":"COVID 19\/VARIANT ANGLAIS : La situation \u00e9pid\u00e9mique se d\u00e9t\u00e9riore \u2026et l\u2019administration ne r\u00e9agit pas\u00a0 !!"}]},{"@type":"WebSite","@id":"https:\/\/regions-snetap-fsu.fr\/pdl\/#website","url":"https:\/\/regions-snetap-fsu.fr\/pdl\/","name":"SNETAP-FSU PAYS DE LA LOIRE","description":"SECTION REGIONALE","publisher":{"@id":"https:\/\/regions-snetap-fsu.fr\/pdl\/#organization"},"potentialAction":[{"@type":"SearchAction","target":{"@type":"EntryPoint","urlTemplate":"https:\/\/regions-snetap-fsu.fr\/pdl\/?s={search_term_string}"},"query-input":{"@type":"PropertyValueSpecification","valueRequired":true,"valueName":"search_term_string"}}],"inLanguage":"fr-FR"},{"@type":"Organization","@id":"https:\/\/regions-snetap-fsu.fr\/pdl\/#organization","name":"SNETAP-FSU Pays de Loire","url":"https:\/\/regions-snetap-fsu.fr\/pdl\/","logo":{"@type":"ImageObject","inLanguage":"fr-FR","@id":"https:\/\/regions-snetap-fsu.fr\/pdl\/#\/schema\/logo\/image\/","url":"https:\/\/regions-snetap-fsu.fr\/pdl\/wp-content\/uploads\/sites\/4\/2020\/12\/SNETAP-Logo.jpg","contentUrl":"https:\/\/regions-snetap-fsu.fr\/pdl\/wp-content\/uploads\/sites\/4\/2020\/12\/SNETAP-Logo.jpg","width":464,"height":334,"caption":"SNETAP-FSU Pays de Loire"},"image":{"@id":"https:\/\/regions-snetap-fsu.fr\/pdl\/#\/schema\/logo\/image\/"}},{"@type":"Person","@id":"https:\/\/regions-snetap-fsu.fr\/pdl\/#\/schema\/person\/d4530af043f9e8d27bdd71c468ec93b1","name":"yvigner","image":{"@type":"ImageObject","inLanguage":"fr-FR","@id":"https:\/\/secure.gravatar.com\/avatar\/bc72baa6f2406549aecf77a837bc4f03dbe88472c1762138f868571430a23820?s=96&d=mm&r=g","url":"https:\/\/secure.gravatar.com\/avatar\/bc72baa6f2406549aecf77a837bc4f03dbe88472c1762138f868571430a23820?s=96&d=mm&r=g","contentUrl":"https:\/\/secure.gravatar.com\/avatar\/bc72baa6f2406549aecf77a837bc4f03dbe88472c1762138f868571430a23820?s=96&d=mm&r=g","caption":"yvigner"},"url":"https:\/\/regions-snetap-fsu.fr\/pdl\/author\/yvigner\/"}]}},"_links":{"self":[{"href":"https:\/\/regions-snetap-fsu.fr\/pdl\/wp-json\/wp\/v2\/posts\/3834","targetHints":{"allow":["GET"]}}],"collection":[{"href":"https:\/\/regions-snetap-fsu.fr\/pdl\/wp-json\/wp\/v2\/posts"}],"about":[{"href":"https:\/\/regions-snetap-fsu.fr\/pdl\/wp-json\/wp\/v2\/types\/post"}],"author":[{"embeddable":true,"href":"https:\/\/regions-snetap-fsu.fr\/pdl\/wp-json\/wp\/v2\/users\/2"}],"replies":[{"embeddable":true,"href":"https:\/\/regions-snetap-fsu.fr\/pdl\/wp-json\/wp\/v2\/comments?post=3834"}],"version-history":[{"count":1,"href":"https:\/\/regions-snetap-fsu.fr\/pdl\/wp-json\/wp\/v2\/posts\/3834\/revisions"}],"predecessor-version":[{"id":3835,"href":"https:\/\/regions-snetap-fsu.fr\/pdl\/wp-json\/wp\/v2\/posts\/3834\/revisions\/3835"}],"wp:featuredmedia":[{"embeddable":true,"href":"https:\/\/regions-snetap-fsu.fr\/pdl\/wp-json\/wp\/v2\/media\/3647"}],"wp:attachment":[{"href":"https:\/\/regions-snetap-fsu.fr\/pdl\/wp-json\/wp\/v2\/media?parent=3834"}],"wp:term":[{"taxonomy":"category","embeddable":true,"href":"https:\/\/regions-snetap-fsu.fr\/pdl\/wp-json\/wp\/v2\/categories?post=3834"},{"taxonomy":"post_tag","embeddable":true,"href":"https:\/\/regions-snetap-fsu.fr\/pdl\/wp-json\/wp\/v2\/tags?post=3834"},{"taxonomy":"post_folder","embeddable":true,"href":"https:\/\/regions-snetap-fsu.fr\/pdl\/wp-json\/wp\/v2\/post_folder?post=3834"}],"curies":[{"name":"wp","href":"https:\/\/api.w.org\/{rel}","templated":true}]}}