{"id":3792,"date":"2020-12-17T22:22:29","date_gmt":"2020-12-17T21:22:29","guid":{"rendered":"https:\/\/regions-snetap-fsu.fr\/pdl\/?p=3792"},"modified":"2020-12-17T22:42:31","modified_gmt":"2020-12-17T21:42:31","slug":"mobilises-les-personnels-de-lucon-conservent-le-capa-horti","status":"publish","type":"post","link":"https:\/\/regions-snetap-fsu.fr\/pdl\/2020\/12\/17\/mobilises-les-personnels-de-lucon-conservent-le-capa-horti\/","title":{"rendered":"Gr\u00e2ce  \u00e0 leur mobilisation les personnels de Lu\u00e7on conservent le CAPA HORTI au sein de leur \u00e9tablissement"},"content":{"rendered":"<p style=\"text-align: justify;\">Lors d&rsquo;un dernier \u00e9change avec l&rsquo;autorit\u00e9 acad\u00e9mique hier, les personnels du lyc\u00e9e Agricole de Lu\u00e7on P\u00e9tr\u00e9 ont eu la confirmation, suite \u00e0 leur mobilisation exemplaire le 1er d\u00e9cembre, du maintien de la fili\u00e8re CAPA horticole au sein de leur \u00e9tablissement \u00e0 la rentr\u00e9e prochaine.<\/p>\n<p style=\"text-align: justify;\">C&rsquo;est cette action collective (gr\u00e8ve suivie \u00e0 80% et nombreux \u00e9changes avec le SRFD) appuy\u00e9e par les membres du CA qui a permis de faire reconna\u00eetre la n\u00e9cessit\u00e9 de cette formation et d&rsquo;une filiere horticole de qualit\u00e9 adoss\u00e9e \u00e0 un atelier technologique financ\u00e9 par le Conseil r\u00e9gional des Pays de la Loire.<\/p>\n<p style=\"text-align: justify;\">Cette mobilisation devra se poursuivre pour p\u00e9renniser le recrutement tant en CAPA qu&rsquo;en BAC PRO horti. Les coll\u00e8gues continueront d\u00e8s la rentr\u00e9e leurs actions d&rsquo;information pour promouvoir ces formations sur le territoire.<\/p>\n","protected":false},"excerpt":{"rendered":"<p>Lors d&rsquo;un dernier \u00e9change avec l&rsquo;autorit\u00e9 acad\u00e9mique hier, les personnels du lyc\u00e9e Agricole de Lu\u00e7on P\u00e9tr\u00e9 ont eu la confirmation, suite \u00e0 leur mobilisation exemplaire le 1er d\u00e9cembre, du maintien de la fili\u00e8re CAPA horticole au sein de leur \u00e9tablissement \u00e0 la rentr\u00e9e prochaine. C&rsquo;est cette action collective (gr\u00e8ve suivie \u00e0 80% et nombreux \u00e9changes [&hellip;]<\/p>\n","protected":false},"author":2,"featured_media":3768,"comment_status":"closed","ping_status":"closed","sticky":false,"template":"","format":"standard","meta":{"ocean_post_layout":"","ocean_both_sidebars_style":"","ocean_both_sidebars_content_width":0,"ocean_both_sidebars_sidebars_width":0,"ocean_sidebar":"0","ocean_second_sidebar":"0","ocean_disable_margins":"enable","ocean_add_body_class":"","ocean_shortcode_before_top_bar":"","ocean_shortcode_after_top_bar":"","ocean_shortcode_before_header":"","ocean_shortcode_after_header":"","ocean_has_shortcode":"","ocean_shortcode_after_title":"","ocean_shortcode_before_footer_widgets":"","ocean_shortcode_after_footer_widgets":"","ocean_shortcode_before_footer_bottom":"","ocean_shortcode_after_footer_bottom":"","ocean_display_top_bar":"default","ocean_display_header":"default","ocean_header_style":"","ocean_center_header_left_menu":"0","ocean_custom_header_template":"0","ocean_custom_logo":0,"ocean_custom_retina_logo":0,"ocean_custom_logo_max_width":0,"ocean_custom_logo_tablet_max_width":0,"ocean_custom_logo_mobile_max_width":0,"ocean_custom_logo_max_height":0,"ocean_custom_logo_tablet_max_height":0,"ocean_custom_logo_mobile_max_height":0,"ocean_header_custom_menu":"0","ocean_menu_typo_font_family":"0","ocean_menu_typo_font_subset":"","ocean_menu_typo_font_size":0,"ocean_menu_typo_font_size_tablet":0,"ocean_menu_typo_font_size_mobile":0,"ocean_menu_typo_font_size_unit":"px","ocean_menu_typo_font_weight":"","ocean_menu_typo_font_weight_tablet":"","ocean_menu_typo_font_weight_mobile":"","ocean_menu_typo_transform":"","ocean_menu_typo_transform_tablet":"","ocean_menu_typo_transform_mobile":"","ocean_menu_typo_line_height":0,"ocean_menu_typo_line_height_tablet":0,"ocean_menu_typo_line_height_mobile":0,"ocean_menu_typo_line_height_unit":"","ocean_menu_typo_spacing":0,"ocean_menu_typo_spacing_tablet":0,"ocean_menu_typo_spacing_mobile":0,"ocean_menu_typo_spacing_unit":"","ocean_menu_link_color":"","ocean_menu_link_color_hover":"","ocean_menu_link_color_active":"","ocean_menu_link_background":"","ocean_menu_link_hover_background":"","ocean_menu_link_active_background":"","ocean_menu_social_links_bg":"","ocean_menu_social_hover_links_bg":"","ocean_menu_social_links_color":"","ocean_menu_social_hover_links_color":"","ocean_disable_title":"default","ocean_disable_heading":"default","ocean_post_title":"","ocean_post_subheading":"","ocean_post_title_style":"","ocean_post_title_background_color":"","ocean_post_title_background":0,"ocean_post_title_bg_image_position":"","ocean_post_title_bg_image_attachment":"","ocean_post_title_bg_image_repeat":"","ocean_post_title_bg_image_size":"","ocean_post_title_height":0,"ocean_post_title_bg_overlay":0.5,"ocean_post_title_bg_overlay_color":"","ocean_disable_breadcrumbs":"default","ocean_breadcrumbs_color":"","ocean_breadcrumbs_separator_color":"","ocean_breadcrumbs_links_color":"","ocean_breadcrumbs_links_hover_color":"","ocean_display_footer_widgets":"default","ocean_display_footer_bottom":"default","ocean_custom_footer_template":"0","ocean_post_oembed":"","ocean_post_self_hosted_media":"","ocean_post_video_embed":"","ocean_link_format":"","ocean_link_format_target":"self","ocean_quote_format":"","ocean_quote_format_link":"post","ocean_gallery_link_images":"off","ocean_gallery_id":[],"footnotes":""},"categories":[28,26],"tags":[],"post_folder":[],"class_list":["post-3792","post","type-post","status-publish","format-standard","has-post-thumbnail","hentry","category-actions-regionales","category-lucon-petre","entry","has-media"],"yoast_head":"<!-- This site is optimized with the Yoast SEO plugin v27.4 - https:\/\/yoast.com\/product\/yoast-seo-wordpress\/ -->\n<title>Gr\u00e2ce \u00e0 leur mobilisation les personnels de Lu\u00e7on conservent le CAPA HORTI au sein de leur \u00e9tablissement - PAYS DE LA LOIRE<\/title>\n<meta name=\"robots\" content=\"index, follow, max-snippet:-1, max-image-preview:large, max-video-preview:-1\" \/>\n<link rel=\"canonical\" href=\"https:\/\/regions-snetap-fsu.fr\/pdl\/2020\/12\/17\/mobilises-les-personnels-de-lucon-conservent-le-capa-horti\/\" \/>\n<meta property=\"og:locale\" content=\"fr_FR\" \/>\n<meta property=\"og:type\" content=\"article\" \/>\n<meta property=\"og:title\" content=\"Gr\u00e2ce \u00e0 leur mobilisation les personnels de Lu\u00e7on conservent le CAPA HORTI au sein de leur \u00e9tablissement - PAYS DE LA LOIRE\" \/>\n<meta property=\"og:description\" content=\"Lors d&rsquo;un dernier \u00e9change avec l&rsquo;autorit\u00e9 acad\u00e9mique hier, les personnels du lyc\u00e9e Agricole de Lu\u00e7on P\u00e9tr\u00e9 ont eu la confirmation, suite \u00e0 leur mobilisation exemplaire le 1er d\u00e9cembre, du maintien de la fili\u00e8re CAPA horticole au sein de leur \u00e9tablissement \u00e0 la rentr\u00e9e prochaine. C&rsquo;est cette action collective (gr\u00e8ve suivie \u00e0 80% et nombreux \u00e9changes [&hellip;]\" \/>\n<meta property=\"og:url\" content=\"https:\/\/regions-snetap-fsu.fr\/pdl\/2020\/12\/17\/mobilises-les-personnels-de-lucon-conservent-le-capa-horti\/\" \/>\n<meta property=\"og:site_name\" content=\"PAYS DE LA LOIRE\" \/>\n<meta property=\"article:published_time\" content=\"2020-12-17T21:22:29+00:00\" \/>\n<meta property=\"article:modified_time\" content=\"2020-12-17T21:42:31+00:00\" \/>\n<meta property=\"og:image\" content=\"https:\/\/regions-snetap-fsu.fr\/pdl\/wp-content\/uploads\/sites\/4\/2020\/12\/Screenshot_20201201-213609_Ouest-France.jpg\" \/>\n\t<meta property=\"og:image:width\" content=\"1078\" \/>\n\t<meta property=\"og:image:height\" content=\"600\" \/>\n\t<meta property=\"og:image:type\" content=\"image\/jpeg\" \/>\n<meta name=\"author\" content=\"yvigner\" \/>\n<meta name=\"twitter:card\" content=\"summary_large_image\" \/>\n<meta name=\"twitter:label1\" content=\"\u00c9crit par\" \/>\n\t<meta name=\"twitter:data1\" content=\"yvigner\" \/>\n\t<meta name=\"twitter:label2\" content=\"Dur\u00e9e de lecture estim\u00e9e\" \/>\n\t<meta name=\"twitter:data2\" content=\"1 minute\" \/>\n<script type=\"application\/ld+json\" class=\"yoast-schema-graph\">{\"@context\":\"https:\\\/\\\/schema.org\",\"@graph\":[{\"@type\":\"Article\",\"@id\":\"https:\\\/\\\/regions-snetap-fsu.fr\\\/pdl\\\/2020\\\/12\\\/17\\\/mobilises-les-personnels-de-lucon-conservent-le-capa-horti\\\/#article\",\"isPartOf\":{\"@id\":\"https:\\\/\\\/regions-snetap-fsu.fr\\\/pdl\\\/2020\\\/12\\\/17\\\/mobilises-les-personnels-de-lucon-conservent-le-capa-horti\\\/\"},\"author\":{\"name\":\"yvigner\",\"@id\":\"https:\\\/\\\/regions-snetap-fsu.fr\\\/pdl\\\/#\\\/schema\\\/person\\\/d4530af043f9e8d27bdd71c468ec93b1\"},\"headline\":\"Gr\u00e2ce \u00e0 leur mobilisation les personnels de Lu\u00e7on conservent le CAPA HORTI au sein de leur \u00e9tablissement\",\"datePublished\":\"2020-12-17T21:22:29+00:00\",\"dateModified\":\"2020-12-17T21:42:31+00:00\",\"mainEntityOfPage\":{\"@id\":\"https:\\\/\\\/regions-snetap-fsu.fr\\\/pdl\\\/2020\\\/12\\\/17\\\/mobilises-les-personnels-de-lucon-conservent-le-capa-horti\\\/\"},\"wordCount\":164,\"publisher\":{\"@id\":\"https:\\\/\\\/regions-snetap-fsu.fr\\\/pdl\\\/#organization\"},\"image\":{\"@id\":\"https:\\\/\\\/regions-snetap-fsu.fr\\\/pdl\\\/2020\\\/12\\\/17\\\/mobilises-les-personnels-de-lucon-conservent-le-capa-horti\\\/#primaryimage\"},\"thumbnailUrl\":\"https:\\\/\\\/regions-snetap-fsu.fr\\\/pdl\\\/wp-content\\\/uploads\\\/sites\\\/4\\\/2020\\\/12\\\/Screenshot_20201201-213609_Ouest-France.jpg\",\"articleSection\":[\"Actions r\u00e9gionales\",\"Lu\u00e7on P\u00e9tr\u00e9\"],\"inLanguage\":\"fr-FR\"},{\"@type\":\"WebPage\",\"@id\":\"https:\\\/\\\/regions-snetap-fsu.fr\\\/pdl\\\/2020\\\/12\\\/17\\\/mobilises-les-personnels-de-lucon-conservent-le-capa-horti\\\/\",\"url\":\"https:\\\/\\\/regions-snetap-fsu.fr\\\/pdl\\\/2020\\\/12\\\/17\\\/mobilises-les-personnels-de-lucon-conservent-le-capa-horti\\\/\",\"name\":\"Gr\u00e2ce \u00e0 leur mobilisation les personnels de Lu\u00e7on conservent le CAPA HORTI au sein de leur \u00e9tablissement - PAYS DE LA LOIRE\",\"isPartOf\":{\"@id\":\"https:\\\/\\\/regions-snetap-fsu.fr\\\/pdl\\\/#website\"},\"primaryImageOfPage\":{\"@id\":\"https:\\\/\\\/regions-snetap-fsu.fr\\\/pdl\\\/2020\\\/12\\\/17\\\/mobilises-les-personnels-de-lucon-conservent-le-capa-horti\\\/#primaryimage\"},\"image\":{\"@id\":\"https:\\\/\\\/regions-snetap-fsu.fr\\\/pdl\\\/2020\\\/12\\\/17\\\/mobilises-les-personnels-de-lucon-conservent-le-capa-horti\\\/#primaryimage\"},\"thumbnailUrl\":\"https:\\\/\\\/regions-snetap-fsu.fr\\\/pdl\\\/wp-content\\\/uploads\\\/sites\\\/4\\\/2020\\\/12\\\/Screenshot_20201201-213609_Ouest-France.jpg\",\"datePublished\":\"2020-12-17T21:22:29+00:00\",\"dateModified\":\"2020-12-17T21:42:31+00:00\",\"breadcrumb\":{\"@id\":\"https:\\\/\\\/regions-snetap-fsu.fr\\\/pdl\\\/2020\\\/12\\\/17\\\/mobilises-les-personnels-de-lucon-conservent-le-capa-horti\\\/#breadcrumb\"},\"inLanguage\":\"fr-FR\",\"potentialAction\":[{\"@type\":\"ReadAction\",\"target\":[\"https:\\\/\\\/regions-snetap-fsu.fr\\\/pdl\\\/2020\\\/12\\\/17\\\/mobilises-les-personnels-de-lucon-conservent-le-capa-horti\\\/\"]}]},{\"@type\":\"ImageObject\",\"inLanguage\":\"fr-FR\",\"@id\":\"https:\\\/\\\/regions-snetap-fsu.fr\\\/pdl\\\/2020\\\/12\\\/17\\\/mobilises-les-personnels-de-lucon-conservent-le-capa-horti\\\/#primaryimage\",\"url\":\"https:\\\/\\\/regions-snetap-fsu.fr\\\/pdl\\\/wp-content\\\/uploads\\\/sites\\\/4\\\/2020\\\/12\\\/Screenshot_20201201-213609_Ouest-France.jpg\",\"contentUrl\":\"https:\\\/\\\/regions-snetap-fsu.fr\\\/pdl\\\/wp-content\\\/uploads\\\/sites\\\/4\\\/2020\\\/12\\\/Screenshot_20201201-213609_Ouest-France.jpg\",\"width\":1078,\"height\":600,\"caption\":\"Gr\u00e8ve \u00e0 Lu\u00e7on P\u00e9tr\u00e9 d\u00e9cembre 2020\"},{\"@type\":\"BreadcrumbList\",\"@id\":\"https:\\\/\\\/regions-snetap-fsu.fr\\\/pdl\\\/2020\\\/12\\\/17\\\/mobilises-les-personnels-de-lucon-conservent-le-capa-horti\\\/#breadcrumb\",\"itemListElement\":[{\"@type\":\"ListItem\",\"position\":1,\"name\":\"Accueil\",\"item\":\"https:\\\/\\\/regions-snetap-fsu.fr\\\/pdl\\\/\"},{\"@type\":\"ListItem\",\"position\":2,\"name\":\"Gr\u00e2ce \u00e0 leur mobilisation les personnels de Lu\u00e7on conservent le CAPA HORTI au sein de leur \u00e9tablissement\"}]},{\"@type\":\"WebSite\",\"@id\":\"https:\\\/\\\/regions-snetap-fsu.fr\\\/pdl\\\/#website\",\"url\":\"https:\\\/\\\/regions-snetap-fsu.fr\\\/pdl\\\/\",\"name\":\"SNETAP-FSU PAYS DE LA LOIRE\",\"description\":\"SECTION REGIONALE\",\"publisher\":{\"@id\":\"https:\\\/\\\/regions-snetap-fsu.fr\\\/pdl\\\/#organization\"},\"potentialAction\":[{\"@type\":\"SearchAction\",\"target\":{\"@type\":\"EntryPoint\",\"urlTemplate\":\"https:\\\/\\\/regions-snetap-fsu.fr\\\/pdl\\\/?s={search_term_string}\"},\"query-input\":{\"@type\":\"PropertyValueSpecification\",\"valueRequired\":true,\"valueName\":\"search_term_string\"}}],\"inLanguage\":\"fr-FR\"},{\"@type\":\"Organization\",\"@id\":\"https:\\\/\\\/regions-snetap-fsu.fr\\\/pdl\\\/#organization\",\"name\":\"SNETAP-FSU Pays de Loire\",\"url\":\"https:\\\/\\\/regions-snetap-fsu.fr\\\/pdl\\\/\",\"logo\":{\"@type\":\"ImageObject\",\"inLanguage\":\"fr-FR\",\"@id\":\"https:\\\/\\\/regions-snetap-fsu.fr\\\/pdl\\\/#\\\/schema\\\/logo\\\/image\\\/\",\"url\":\"https:\\\/\\\/regions-snetap-fsu.fr\\\/pdl\\\/wp-content\\\/uploads\\\/sites\\\/4\\\/2020\\\/12\\\/SNETAP-Logo.jpg\",\"contentUrl\":\"https:\\\/\\\/regions-snetap-fsu.fr\\\/pdl\\\/wp-content\\\/uploads\\\/sites\\\/4\\\/2020\\\/12\\\/SNETAP-Logo.jpg\",\"width\":464,\"height\":334,\"caption\":\"SNETAP-FSU Pays de Loire\"},\"image\":{\"@id\":\"https:\\\/\\\/regions-snetap-fsu.fr\\\/pdl\\\/#\\\/schema\\\/logo\\\/image\\\/\"}},{\"@type\":\"Person\",\"@id\":\"https:\\\/\\\/regions-snetap-fsu.fr\\\/pdl\\\/#\\\/schema\\\/person\\\/d4530af043f9e8d27bdd71c468ec93b1\",\"name\":\"yvigner\",\"image\":{\"@type\":\"ImageObject\",\"inLanguage\":\"fr-FR\",\"@id\":\"https:\\\/\\\/secure.gravatar.com\\\/avatar\\\/bc72baa6f2406549aecf77a837bc4f03dbe88472c1762138f868571430a23820?s=96&d=mm&r=g\",\"url\":\"https:\\\/\\\/secure.gravatar.com\\\/avatar\\\/bc72baa6f2406549aecf77a837bc4f03dbe88472c1762138f868571430a23820?s=96&d=mm&r=g\",\"contentUrl\":\"https:\\\/\\\/secure.gravatar.com\\\/avatar\\\/bc72baa6f2406549aecf77a837bc4f03dbe88472c1762138f868571430a23820?s=96&d=mm&r=g\",\"caption\":\"yvigner\"},\"url\":\"https:\\\/\\\/regions-snetap-fsu.fr\\\/pdl\\\/author\\\/yvigner\\\/\"}]}<\/script>\n<!-- \/ Yoast SEO plugin. -->","yoast_head_json":{"title":"Gr\u00e2ce \u00e0 leur mobilisation les personnels de Lu\u00e7on conservent le CAPA HORTI au sein de leur \u00e9tablissement - PAYS DE LA LOIRE","robots":{"index":"index","follow":"follow","max-snippet":"max-snippet:-1","max-image-preview":"max-image-preview:large","max-video-preview":"max-video-preview:-1"},"canonical":"https:\/\/regions-snetap-fsu.fr\/pdl\/2020\/12\/17\/mobilises-les-personnels-de-lucon-conservent-le-capa-horti\/","og_locale":"fr_FR","og_type":"article","og_title":"Gr\u00e2ce \u00e0 leur mobilisation les personnels de Lu\u00e7on conservent le CAPA HORTI au sein de leur \u00e9tablissement - PAYS DE LA LOIRE","og_description":"Lors d&rsquo;un dernier \u00e9change avec l&rsquo;autorit\u00e9 acad\u00e9mique hier, les personnels du lyc\u00e9e Agricole de Lu\u00e7on P\u00e9tr\u00e9 ont eu la confirmation, suite \u00e0 leur mobilisation exemplaire le 1er d\u00e9cembre, du maintien de la fili\u00e8re CAPA horticole au sein de leur \u00e9tablissement \u00e0 la rentr\u00e9e prochaine. C&rsquo;est cette action collective (gr\u00e8ve suivie \u00e0 80% et nombreux \u00e9changes [&hellip;]","og_url":"https:\/\/regions-snetap-fsu.fr\/pdl\/2020\/12\/17\/mobilises-les-personnels-de-lucon-conservent-le-capa-horti\/","og_site_name":"PAYS DE LA LOIRE","article_published_time":"2020-12-17T21:22:29+00:00","article_modified_time":"2020-12-17T21:42:31+00:00","og_image":[{"width":1078,"height":600,"url":"https:\/\/regions-snetap-fsu.fr\/pdl\/wp-content\/uploads\/sites\/4\/2020\/12\/Screenshot_20201201-213609_Ouest-France.jpg","type":"image\/jpeg"}],"author":"yvigner","twitter_card":"summary_large_image","twitter_misc":{"\u00c9crit par":"yvigner","Dur\u00e9e de lecture estim\u00e9e":"1 minute"},"schema":{"@context":"https:\/\/schema.org","@graph":[{"@type":"Article","@id":"https:\/\/regions-snetap-fsu.fr\/pdl\/2020\/12\/17\/mobilises-les-personnels-de-lucon-conservent-le-capa-horti\/#article","isPartOf":{"@id":"https:\/\/regions-snetap-fsu.fr\/pdl\/2020\/12\/17\/mobilises-les-personnels-de-lucon-conservent-le-capa-horti\/"},"author":{"name":"yvigner","@id":"https:\/\/regions-snetap-fsu.fr\/pdl\/#\/schema\/person\/d4530af043f9e8d27bdd71c468ec93b1"},"headline":"Gr\u00e2ce \u00e0 leur mobilisation les personnels de Lu\u00e7on conservent le CAPA HORTI au sein de leur \u00e9tablissement","datePublished":"2020-12-17T21:22:29+00:00","dateModified":"2020-12-17T21:42:31+00:00","mainEntityOfPage":{"@id":"https:\/\/regions-snetap-fsu.fr\/pdl\/2020\/12\/17\/mobilises-les-personnels-de-lucon-conservent-le-capa-horti\/"},"wordCount":164,"publisher":{"@id":"https:\/\/regions-snetap-fsu.fr\/pdl\/#organization"},"image":{"@id":"https:\/\/regions-snetap-fsu.fr\/pdl\/2020\/12\/17\/mobilises-les-personnels-de-lucon-conservent-le-capa-horti\/#primaryimage"},"thumbnailUrl":"https:\/\/regions-snetap-fsu.fr\/pdl\/wp-content\/uploads\/sites\/4\/2020\/12\/Screenshot_20201201-213609_Ouest-France.jpg","articleSection":["Actions r\u00e9gionales","Lu\u00e7on P\u00e9tr\u00e9"],"inLanguage":"fr-FR"},{"@type":"WebPage","@id":"https:\/\/regions-snetap-fsu.fr\/pdl\/2020\/12\/17\/mobilises-les-personnels-de-lucon-conservent-le-capa-horti\/","url":"https:\/\/regions-snetap-fsu.fr\/pdl\/2020\/12\/17\/mobilises-les-personnels-de-lucon-conservent-le-capa-horti\/","name":"Gr\u00e2ce \u00e0 leur mobilisation les personnels de Lu\u00e7on conservent le CAPA HORTI au sein de leur \u00e9tablissement - PAYS DE LA LOIRE","isPartOf":{"@id":"https:\/\/regions-snetap-fsu.fr\/pdl\/#website"},"primaryImageOfPage":{"@id":"https:\/\/regions-snetap-fsu.fr\/pdl\/2020\/12\/17\/mobilises-les-personnels-de-lucon-conservent-le-capa-horti\/#primaryimage"},"image":{"@id":"https:\/\/regions-snetap-fsu.fr\/pdl\/2020\/12\/17\/mobilises-les-personnels-de-lucon-conservent-le-capa-horti\/#primaryimage"},"thumbnailUrl":"https:\/\/regions-snetap-fsu.fr\/pdl\/wp-content\/uploads\/sites\/4\/2020\/12\/Screenshot_20201201-213609_Ouest-France.jpg","datePublished":"2020-12-17T21:22:29+00:00","dateModified":"2020-12-17T21:42:31+00:00","breadcrumb":{"@id":"https:\/\/regions-snetap-fsu.fr\/pdl\/2020\/12\/17\/mobilises-les-personnels-de-lucon-conservent-le-capa-horti\/#breadcrumb"},"inLanguage":"fr-FR","potentialAction":[{"@type":"ReadAction","target":["https:\/\/regions-snetap-fsu.fr\/pdl\/2020\/12\/17\/mobilises-les-personnels-de-lucon-conservent-le-capa-horti\/"]}]},{"@type":"ImageObject","inLanguage":"fr-FR","@id":"https:\/\/regions-snetap-fsu.fr\/pdl\/2020\/12\/17\/mobilises-les-personnels-de-lucon-conservent-le-capa-horti\/#primaryimage","url":"https:\/\/regions-snetap-fsu.fr\/pdl\/wp-content\/uploads\/sites\/4\/2020\/12\/Screenshot_20201201-213609_Ouest-France.jpg","contentUrl":"https:\/\/regions-snetap-fsu.fr\/pdl\/wp-content\/uploads\/sites\/4\/2020\/12\/Screenshot_20201201-213609_Ouest-France.jpg","width":1078,"height":600,"caption":"Gr\u00e8ve \u00e0 Lu\u00e7on P\u00e9tr\u00e9 d\u00e9cembre 2020"},{"@type":"BreadcrumbList","@id":"https:\/\/regions-snetap-fsu.fr\/pdl\/2020\/12\/17\/mobilises-les-personnels-de-lucon-conservent-le-capa-horti\/#breadcrumb","itemListElement":[{"@type":"ListItem","position":1,"name":"Accueil","item":"https:\/\/regions-snetap-fsu.fr\/pdl\/"},{"@type":"ListItem","position":2,"name":"Gr\u00e2ce \u00e0 leur mobilisation les personnels de Lu\u00e7on conservent le CAPA HORTI au sein de leur \u00e9tablissement"}]},{"@type":"WebSite","@id":"https:\/\/regions-snetap-fsu.fr\/pdl\/#website","url":"https:\/\/regions-snetap-fsu.fr\/pdl\/","name":"SNETAP-FSU PAYS DE LA LOIRE","description":"SECTION REGIONALE","publisher":{"@id":"https:\/\/regions-snetap-fsu.fr\/pdl\/#organization"},"potentialAction":[{"@type":"SearchAction","target":{"@type":"EntryPoint","urlTemplate":"https:\/\/regions-snetap-fsu.fr\/pdl\/?s={search_term_string}"},"query-input":{"@type":"PropertyValueSpecification","valueRequired":true,"valueName":"search_term_string"}}],"inLanguage":"fr-FR"},{"@type":"Organization","@id":"https:\/\/regions-snetap-fsu.fr\/pdl\/#organization","name":"SNETAP-FSU Pays de Loire","url":"https:\/\/regions-snetap-fsu.fr\/pdl\/","logo":{"@type":"ImageObject","inLanguage":"fr-FR","@id":"https:\/\/regions-snetap-fsu.fr\/pdl\/#\/schema\/logo\/image\/","url":"https:\/\/regions-snetap-fsu.fr\/pdl\/wp-content\/uploads\/sites\/4\/2020\/12\/SNETAP-Logo.jpg","contentUrl":"https:\/\/regions-snetap-fsu.fr\/pdl\/wp-content\/uploads\/sites\/4\/2020\/12\/SNETAP-Logo.jpg","width":464,"height":334,"caption":"SNETAP-FSU Pays de Loire"},"image":{"@id":"https:\/\/regions-snetap-fsu.fr\/pdl\/#\/schema\/logo\/image\/"}},{"@type":"Person","@id":"https:\/\/regions-snetap-fsu.fr\/pdl\/#\/schema\/person\/d4530af043f9e8d27bdd71c468ec93b1","name":"yvigner","image":{"@type":"ImageObject","inLanguage":"fr-FR","@id":"https:\/\/secure.gravatar.com\/avatar\/bc72baa6f2406549aecf77a837bc4f03dbe88472c1762138f868571430a23820?s=96&d=mm&r=g","url":"https:\/\/secure.gravatar.com\/avatar\/bc72baa6f2406549aecf77a837bc4f03dbe88472c1762138f868571430a23820?s=96&d=mm&r=g","contentUrl":"https:\/\/secure.gravatar.com\/avatar\/bc72baa6f2406549aecf77a837bc4f03dbe88472c1762138f868571430a23820?s=96&d=mm&r=g","caption":"yvigner"},"url":"https:\/\/regions-snetap-fsu.fr\/pdl\/author\/yvigner\/"}]}},"_links":{"self":[{"href":"https:\/\/regions-snetap-fsu.fr\/pdl\/wp-json\/wp\/v2\/posts\/3792","targetHints":{"allow":["GET"]}}],"collection":[{"href":"https:\/\/regions-snetap-fsu.fr\/pdl\/wp-json\/wp\/v2\/posts"}],"about":[{"href":"https:\/\/regions-snetap-fsu.fr\/pdl\/wp-json\/wp\/v2\/types\/post"}],"author":[{"embeddable":true,"href":"https:\/\/regions-snetap-fsu.fr\/pdl\/wp-json\/wp\/v2\/users\/2"}],"replies":[{"embeddable":true,"href":"https:\/\/regions-snetap-fsu.fr\/pdl\/wp-json\/wp\/v2\/comments?post=3792"}],"version-history":[{"count":5,"href":"https:\/\/regions-snetap-fsu.fr\/pdl\/wp-json\/wp\/v2\/posts\/3792\/revisions"}],"predecessor-version":[{"id":3797,"href":"https:\/\/regions-snetap-fsu.fr\/pdl\/wp-json\/wp\/v2\/posts\/3792\/revisions\/3797"}],"wp:featuredmedia":[{"embeddable":true,"href":"https:\/\/regions-snetap-fsu.fr\/pdl\/wp-json\/wp\/v2\/media\/3768"}],"wp:attachment":[{"href":"https:\/\/regions-snetap-fsu.fr\/pdl\/wp-json\/wp\/v2\/media?parent=3792"}],"wp:term":[{"taxonomy":"category","embeddable":true,"href":"https:\/\/regions-snetap-fsu.fr\/pdl\/wp-json\/wp\/v2\/categories?post=3792"},{"taxonomy":"post_tag","embeddable":true,"href":"https:\/\/regions-snetap-fsu.fr\/pdl\/wp-json\/wp\/v2\/tags?post=3792"},{"taxonomy":"post_folder","embeddable":true,"href":"https:\/\/regions-snetap-fsu.fr\/pdl\/wp-json\/wp\/v2\/post_folder?post=3792"}],"curies":[{"name":"wp","href":"https:\/\/api.w.org\/{rel}","templated":true}]}}