{"id":3759,"date":"2020-11-29T18:38:31","date_gmt":"2020-11-29T17:38:31","guid":{"rendered":"https:\/\/regions-snetap-fsu.fr\/pdl\/?p=3759"},"modified":"2020-11-30T14:36:27","modified_gmt":"2020-11-30T13:36:27","slug":"compte-rendu-de-la-ccpr-des-pays-de-la-loire-17-11-2020","status":"publish","type":"post","link":"https:\/\/regions-snetap-fsu.fr\/pdl\/2020\/11\/29\/compte-rendu-de-la-ccpr-des-pays-de-la-loire-17-11-2020\/","title":{"rendered":"Compte rendu de la CCPR des Pays de la Loire (17\/11\/2020)"},"content":{"rendered":"<p style=\"text-align: justify;\"><span style=\"font-family: arial, helvetica, sans-serif;\">La Commission consultative paritaire r\u00e9gionale pour les agents contractuels des \u00e9tablissements agricoles publics des Pays de la Loire s&rsquo;est r\u00e9unie le 17 novembre dernier. Il a trait\u00e9 du licenciement d&rsquo;une coll\u00e8gue AESH et de questions diverses.<\/span><\/p>\n<p style=\"text-align: justify;\"><span style=\"font-family: arial, helvetica, sans-serif; font-size: 14pt;\"><b>Licenciement d&rsquo;une coll\u00e8gue AESH<\/b><\/span><\/p>\n<p style=\"text-align: justify;\"><span style=\"font-family: arial, helvetica, sans-serif;\">Les organisations syndicales regrettent tr\u00e8s vivement ce type de licenciement qui aboutit \u00e0 la perte d&rsquo;agents comp\u00e9tents d\u2019autant que de nouveaux besoins peuvent appara\u00eetre plus tard. <\/span><span style=\"font-family: arial, helvetica, sans-serif;\">Quelle tentative de reclassement au sein des \u00e9tablissements du minist\u00e8re de l\u2019agriculture ? Les documents donn\u00e9s avant la r\u00e9union ne parlent pas de ce qui a \u00e9t\u00e9 tent\u00e9 par l\u2019\u00e9tablissement. Si les services de la DRAAF ont propos\u00e9 des postes dans d&rsquo;autres d\u00e9partements, l&rsquo;agent a refus\u00e9 ceux-ci. <\/span><span style=\"font-family: arial, helvetica, sans-serif;\">Au niveau local : pas de besoins sur place.\u00a0<\/span><\/p>\n<p style=\"text-align: justify;\"><span style=\"font-family: arial, helvetica, sans-serif;\">Quid d\u2019une entente avec les services de l&rsquo;Education nationale pour un poste d\u2019AESH ? Le cas de notre coll\u00e8gue n\u2019est pas isol\u00e9 il faut absolument une entente entre la DRAAF et l\u2019acad\u00e9mie de Nantes pour un reclassement des AESH dans leurs \u00e9coles afin d\u2019\u00e9viter de perdre des agents d\u00e9j\u00e0 form\u00e9s. Si <\/span><span style=\"font-family: arial, helvetica, sans-serif;\">la DRAAF a pris contact avec le pole d\u2019inclusion, les \u00e9changes n&rsquo;ont pas abouti pour l&rsquo;instant. Elle consid\u00e8re que l<\/span><span style=\"font-family: arial, helvetica, sans-serif;\">e syst\u00e8me de reclassement est encore d\u00e9faillant car trop r\u00e9cent (li\u00e9 aux contrats 3 ans).\u00a0<\/span><\/p>\n<p style=\"text-align: justify;\"><span style=\"font-family: arial, helvetica, sans-serif;\">Pour trouver une solution pour les coll\u00e8gues AESH concern\u00e9 par l&rsquo;absence de contrat, une priorit\u00e9 doit \u00eatre donn\u00e9e sur le recrutement \u00e0 l\u2019EN. Malheureusement, leur anciennet\u00e9 dans l&rsquo;enseignement agricole ne serait pas pris en compte si ils \u00e9taient recrut\u00e9s \u00e0 l&rsquo;EN. UN SCANDALE ! L\u2019anciennet\u00e9 acquise n\u2019est de toute fa\u00e7on pas opposable pour la concurrence \u00e0 l\u2019embauche car les embauches \u00e0 l\u2019EN se feraient par CV.\u00a0<\/span><\/p>\n<p style=\"text-align: justify;\"><span style=\"font-family: arial, helvetica, sans-serif;\">Il a \u00e9galement \u00e9t\u00e9 rappel\u00e9 que la mutualisation demeure impossible avec l&rsquo;enseignement agricole priv\u00e9 du fait de types de contrat (AVS) diff\u00e9rents.\u00a0<\/span><\/p>\n<p style=\"text-align: justify;\"><span style=\"font-family: arial, helvetica, sans-serif;\">Notre coll\u00e8gue licenci\u00e9e pourra b\u00e9n\u00e9ficier d&rsquo;une prime de licenciement d\u00e9finie comme suit (<a href=\"https:\/\/www.service-public.fr\/particuliers\/vosdroits\/F515\">https:\/\/www.service-public.fr\/particuliers\/vosdroits\/F515<\/a>) \u00a0: 1\/2 mois de salaire pour chaque ann\u00e9e effectu\u00e9e dans l\u2019\u00e9tablissement + 10 % du salaire per\u00e7uu depuis janvier pour les cong\u00e9s pay\u00e9s non pris.\u00a0<\/span><span style=\"font-family: arial, helvetica, sans-serif;\">R\u00e8gle du d\u00e9cret de 1986. art 48-49.\u00a0<\/span><\/p>\n<p style=\"text-align: justify;\"><span style=\"font-family: arial, helvetica, sans-serif;\"><u><b>Votes concernant le licenciement : <\/b><\/u>6 abstentions, 2 pour<\/span><\/p>\n<p>&nbsp;<\/p>\n<p style=\"text-align: justify;\"><span style=\"font-family: arial, helvetica, sans-serif; font-size: 14pt;\"><b>Questions diverses\u00a0:<\/b><\/span><\/p>\n<p style=\"text-align: justify;\"><span style=\"font-family: arial, helvetica, sans-serif;\"><b>Demande du compte rendu de la CCPR de septembre : <\/b>notamment<b> <\/b>les r\u00e9f\u00e9rences r\u00e9glementaires concernant la question du renouvellement ou non des contrats. Un document promis mais non transmis deux mois apr\u00e8s&#8230;<\/span><\/p>\n<p style=\"text-align: justify;\"><span style=\"font-family: arial, helvetica, sans-serif;\"><b>Motion des CA pour AESH. <\/b><\/span><\/p>\n<p style=\"text-align: justify;\"><span style=\"font-family: arial, helvetica, sans-serif;\">Nous avons inform\u00e9 les membres de la CCPR et la DRAAF que le SNETAP-FSU porterait dans les CA des Pays de la Loire une revalorisation de la r\u00e9mun\u00e9ration des AESH et notamment l&rsquo;ajout de <\/span><span style=\"font-family: arial, helvetica, sans-serif;\">14pts d\u2019indice d\u00e8s l\u2019embauche. Cette d<\/span><span style=\"font-family: arial, helvetica, sans-serif;\">emande para\u00eet l\u00e9gitime \u00e0 la DRAAF car le texte pr\u00e9conise d\u2019embaucher les AESH \u00e0 un palier plus \u00e9lev\u00e9 pour valoriser leur niveau de qualification. Les chefs d\u2019\u00e9tablissement trouvent \u00e7a int\u00e9ressant mais veulent une confirmation de la DRAAF pour le faire, il faut m\u00eame selon eux une d\u00e9cision de la DGER pour ce point. Nous demanderons \u00e9galement que tous les 3 ans, une augmentation de 6 points d&rsquo;indice soit mise en place.\u00a0<\/span><\/p>\n<ul style=\"text-align: justify;\">\n<li style=\"list-style-type: none;\"><\/li>\n<\/ul>\n<p style=\"text-align: right;\" align=\"right\"><strong><span style=\"font-family: arial, helvetica, sans-serif;\">Pour les \u00e9lus, <\/span><\/strong><\/p>\n<p style=\"text-align: right;\" align=\"right\"><strong><span style=\"font-family: arial, helvetica, sans-serif;\">Baptiste Chauvin, secr\u00e9taire national du SNETAP-FSU pour les AESH et AE<\/span><\/strong><\/p>\n<p style=\"text-align: justify;\" align=\"right\">\n","protected":false},"excerpt":{"rendered":"<p>La Commission consultative paritaire r\u00e9gionale pour les agents contractuels des \u00e9tablissements agricoles publics des Pays de la Loire s&rsquo;est r\u00e9unie le 17 novembre dernier. Il a trait\u00e9 du licenciement d&rsquo;une coll\u00e8gue AESH et de questions diverses. Licenciement d&rsquo;une coll\u00e8gue AESH Les organisations syndicales regrettent tr\u00e8s vivement ce type de licenciement qui aboutit \u00e0 la perte [&hellip;]<\/p>\n","protected":false},"author":2,"featured_media":3762,"comment_status":"closed","ping_status":"closed","sticky":false,"template":"","format":"standard","meta":{"ocean_post_layout":"","ocean_both_sidebars_style":"","ocean_both_sidebars_content_width":0,"ocean_both_sidebars_sidebars_width":0,"ocean_sidebar":"0","ocean_second_sidebar":"0","ocean_disable_margins":"enable","ocean_add_body_class":"","ocean_shortcode_before_top_bar":"","ocean_shortcode_after_top_bar":"","ocean_shortcode_before_header":"","ocean_shortcode_after_header":"","ocean_has_shortcode":"","ocean_shortcode_after_title":"","ocean_shortcode_before_footer_widgets":"","ocean_shortcode_after_footer_widgets":"","ocean_shortcode_before_footer_bottom":"","ocean_shortcode_after_footer_bottom":"","ocean_display_top_bar":"default","ocean_display_header":"default","ocean_header_style":"","ocean_center_header_left_menu":"0","ocean_custom_header_template":"0","ocean_custom_logo":0,"ocean_custom_retina_logo":0,"ocean_custom_logo_max_width":0,"ocean_custom_logo_tablet_max_width":0,"ocean_custom_logo_mobile_max_width":0,"ocean_custom_logo_max_height":0,"ocean_custom_logo_tablet_max_height":0,"ocean_custom_logo_mobile_max_height":0,"ocean_header_custom_menu":"0","ocean_menu_typo_font_family":"0","ocean_menu_typo_font_subset":"","ocean_menu_typo_font_size":0,"ocean_menu_typo_font_size_tablet":0,"ocean_menu_typo_font_size_mobile":0,"ocean_menu_typo_font_size_unit":"px","ocean_menu_typo_font_weight":"","ocean_menu_typo_font_weight_tablet":"","ocean_menu_typo_font_weight_mobile":"","ocean_menu_typo_transform":"","ocean_menu_typo_transform_tablet":"","ocean_menu_typo_transform_mobile":"","ocean_menu_typo_line_height":0,"ocean_menu_typo_line_height_tablet":0,"ocean_menu_typo_line_height_mobile":0,"ocean_menu_typo_line_height_unit":"","ocean_menu_typo_spacing":0,"ocean_menu_typo_spacing_tablet":0,"ocean_menu_typo_spacing_mobile":0,"ocean_menu_typo_spacing_unit":"","ocean_menu_link_color":"","ocean_menu_link_color_hover":"","ocean_menu_link_color_active":"","ocean_menu_link_background":"","ocean_menu_link_hover_background":"","ocean_menu_link_active_background":"","ocean_menu_social_links_bg":"","ocean_menu_social_hover_links_bg":"","ocean_menu_social_links_color":"","ocean_menu_social_hover_links_color":"","ocean_disable_title":"default","ocean_disable_heading":"default","ocean_post_title":"","ocean_post_subheading":"","ocean_post_title_style":"","ocean_post_title_background_color":"","ocean_post_title_background":0,"ocean_post_title_bg_image_position":"","ocean_post_title_bg_image_attachment":"","ocean_post_title_bg_image_repeat":"","ocean_post_title_bg_image_size":"","ocean_post_title_height":0,"ocean_post_title_bg_overlay":0.5,"ocean_post_title_bg_overlay_color":"","ocean_disable_breadcrumbs":"default","ocean_breadcrumbs_color":"","ocean_breadcrumbs_separator_color":"","ocean_breadcrumbs_links_color":"","ocean_breadcrumbs_links_hover_color":"","ocean_display_footer_widgets":"default","ocean_display_footer_bottom":"default","ocean_custom_footer_template":"0","ocean_post_oembed":"","ocean_post_self_hosted_media":"","ocean_post_video_embed":"","ocean_link_format":"","ocean_link_format_target":"self","ocean_quote_format":"","ocean_quote_format_link":"post","ocean_gallery_link_images":"off","ocean_gallery_id":[],"footnotes":""},"categories":[13],"tags":[],"post_folder":[],"class_list":["post-3759","post","type-post","status-publish","format-standard","has-post-thumbnail","hentry","category-ccpr","entry","has-media"],"yoast_head":"<!-- This site is optimized with the Yoast SEO plugin v27.4 - https:\/\/yoast.com\/product\/yoast-seo-wordpress\/ -->\n<title>Compte rendu de la CCPR des Pays de la Loire (17\/11\/2020) - PAYS DE LA LOIRE<\/title>\n<meta name=\"robots\" content=\"index, follow, max-snippet:-1, max-image-preview:large, max-video-preview:-1\" \/>\n<link rel=\"canonical\" href=\"https:\/\/regions-snetap-fsu.fr\/pdl\/2020\/11\/29\/compte-rendu-de-la-ccpr-des-pays-de-la-loire-17-11-2020\/\" \/>\n<meta property=\"og:locale\" content=\"fr_FR\" \/>\n<meta property=\"og:type\" content=\"article\" \/>\n<meta property=\"og:title\" content=\"Compte rendu de la CCPR des Pays de la Loire (17\/11\/2020) - PAYS DE LA LOIRE\" \/>\n<meta property=\"og:description\" content=\"La Commission consultative paritaire r\u00e9gionale pour les agents contractuels des \u00e9tablissements agricoles publics des Pays de la Loire s&rsquo;est r\u00e9unie le 17 novembre dernier. Il a trait\u00e9 du licenciement d&rsquo;une coll\u00e8gue AESH et de questions diverses. Licenciement d&rsquo;une coll\u00e8gue AESH Les organisations syndicales regrettent tr\u00e8s vivement ce type de licenciement qui aboutit \u00e0 la perte [&hellip;]\" \/>\n<meta property=\"og:url\" content=\"https:\/\/regions-snetap-fsu.fr\/pdl\/2020\/11\/29\/compte-rendu-de-la-ccpr-des-pays-de-la-loire-17-11-2020\/\" \/>\n<meta property=\"og:site_name\" content=\"PAYS DE LA LOIRE\" \/>\n<meta property=\"article:published_time\" content=\"2020-11-29T17:38:31+00:00\" \/>\n<meta property=\"article:modified_time\" content=\"2020-11-30T13:36:27+00:00\" \/>\n<meta property=\"og:image\" content=\"https:\/\/regions-snetap-fsu.fr\/pdl\/wp-content\/uploads\/sites\/4\/2020\/11\/CCPR.jpg\" \/>\n\t<meta property=\"og:image:width\" content=\"411\" \/>\n\t<meta property=\"og:image:height\" content=\"216\" \/>\n\t<meta property=\"og:image:type\" content=\"image\/jpeg\" \/>\n<meta name=\"author\" content=\"yvigner\" \/>\n<meta name=\"twitter:card\" content=\"summary_large_image\" \/>\n<meta name=\"twitter:label1\" content=\"\u00c9crit par\" \/>\n\t<meta name=\"twitter:data1\" content=\"yvigner\" \/>\n\t<meta name=\"twitter:label2\" content=\"Dur\u00e9e de lecture estim\u00e9e\" \/>\n\t<meta name=\"twitter:data2\" content=\"3 minutes\" \/>\n<script type=\"application\/ld+json\" class=\"yoast-schema-graph\">{\"@context\":\"https:\\\/\\\/schema.org\",\"@graph\":[{\"@type\":\"Article\",\"@id\":\"https:\\\/\\\/regions-snetap-fsu.fr\\\/pdl\\\/2020\\\/11\\\/29\\\/compte-rendu-de-la-ccpr-des-pays-de-la-loire-17-11-2020\\\/#article\",\"isPartOf\":{\"@id\":\"https:\\\/\\\/regions-snetap-fsu.fr\\\/pdl\\\/2020\\\/11\\\/29\\\/compte-rendu-de-la-ccpr-des-pays-de-la-loire-17-11-2020\\\/\"},\"author\":{\"name\":\"yvigner\",\"@id\":\"https:\\\/\\\/regions-snetap-fsu.fr\\\/pdl\\\/#\\\/schema\\\/person\\\/d4530af043f9e8d27bdd71c468ec93b1\"},\"headline\":\"Compte rendu de la CCPR des Pays de la Loire (17\\\/11\\\/2020)\",\"datePublished\":\"2020-11-29T17:38:31+00:00\",\"dateModified\":\"2020-11-30T13:36:27+00:00\",\"mainEntityOfPage\":{\"@id\":\"https:\\\/\\\/regions-snetap-fsu.fr\\\/pdl\\\/2020\\\/11\\\/29\\\/compte-rendu-de-la-ccpr-des-pays-de-la-loire-17-11-2020\\\/\"},\"wordCount\":591,\"publisher\":{\"@id\":\"https:\\\/\\\/regions-snetap-fsu.fr\\\/pdl\\\/#organization\"},\"image\":{\"@id\":\"https:\\\/\\\/regions-snetap-fsu.fr\\\/pdl\\\/2020\\\/11\\\/29\\\/compte-rendu-de-la-ccpr-des-pays-de-la-loire-17-11-2020\\\/#primaryimage\"},\"thumbnailUrl\":\"https:\\\/\\\/regions-snetap-fsu.fr\\\/pdl\\\/wp-content\\\/uploads\\\/sites\\\/4\\\/2020\\\/11\\\/CCPR.jpg\",\"articleSection\":[\"CCPR\"],\"inLanguage\":\"fr-FR\"},{\"@type\":\"WebPage\",\"@id\":\"https:\\\/\\\/regions-snetap-fsu.fr\\\/pdl\\\/2020\\\/11\\\/29\\\/compte-rendu-de-la-ccpr-des-pays-de-la-loire-17-11-2020\\\/\",\"url\":\"https:\\\/\\\/regions-snetap-fsu.fr\\\/pdl\\\/2020\\\/11\\\/29\\\/compte-rendu-de-la-ccpr-des-pays-de-la-loire-17-11-2020\\\/\",\"name\":\"Compte rendu de la CCPR des Pays de la Loire (17\\\/11\\\/2020) - PAYS DE LA LOIRE\",\"isPartOf\":{\"@id\":\"https:\\\/\\\/regions-snetap-fsu.fr\\\/pdl\\\/#website\"},\"primaryImageOfPage\":{\"@id\":\"https:\\\/\\\/regions-snetap-fsu.fr\\\/pdl\\\/2020\\\/11\\\/29\\\/compte-rendu-de-la-ccpr-des-pays-de-la-loire-17-11-2020\\\/#primaryimage\"},\"image\":{\"@id\":\"https:\\\/\\\/regions-snetap-fsu.fr\\\/pdl\\\/2020\\\/11\\\/29\\\/compte-rendu-de-la-ccpr-des-pays-de-la-loire-17-11-2020\\\/#primaryimage\"},\"thumbnailUrl\":\"https:\\\/\\\/regions-snetap-fsu.fr\\\/pdl\\\/wp-content\\\/uploads\\\/sites\\\/4\\\/2020\\\/11\\\/CCPR.jpg\",\"datePublished\":\"2020-11-29T17:38:31+00:00\",\"dateModified\":\"2020-11-30T13:36:27+00:00\",\"breadcrumb\":{\"@id\":\"https:\\\/\\\/regions-snetap-fsu.fr\\\/pdl\\\/2020\\\/11\\\/29\\\/compte-rendu-de-la-ccpr-des-pays-de-la-loire-17-11-2020\\\/#breadcrumb\"},\"inLanguage\":\"fr-FR\",\"potentialAction\":[{\"@type\":\"ReadAction\",\"target\":[\"https:\\\/\\\/regions-snetap-fsu.fr\\\/pdl\\\/2020\\\/11\\\/29\\\/compte-rendu-de-la-ccpr-des-pays-de-la-loire-17-11-2020\\\/\"]}]},{\"@type\":\"ImageObject\",\"inLanguage\":\"fr-FR\",\"@id\":\"https:\\\/\\\/regions-snetap-fsu.fr\\\/pdl\\\/2020\\\/11\\\/29\\\/compte-rendu-de-la-ccpr-des-pays-de-la-loire-17-11-2020\\\/#primaryimage\",\"url\":\"https:\\\/\\\/regions-snetap-fsu.fr\\\/pdl\\\/wp-content\\\/uploads\\\/sites\\\/4\\\/2020\\\/11\\\/CCPR.jpg\",\"contentUrl\":\"https:\\\/\\\/regions-snetap-fsu.fr\\\/pdl\\\/wp-content\\\/uploads\\\/sites\\\/4\\\/2020\\\/11\\\/CCPR.jpg\",\"width\":411,\"height\":216},{\"@type\":\"BreadcrumbList\",\"@id\":\"https:\\\/\\\/regions-snetap-fsu.fr\\\/pdl\\\/2020\\\/11\\\/29\\\/compte-rendu-de-la-ccpr-des-pays-de-la-loire-17-11-2020\\\/#breadcrumb\",\"itemListElement\":[{\"@type\":\"ListItem\",\"position\":1,\"name\":\"Accueil\",\"item\":\"https:\\\/\\\/regions-snetap-fsu.fr\\\/pdl\\\/\"},{\"@type\":\"ListItem\",\"position\":2,\"name\":\"Compte rendu de la CCPR des Pays de la Loire (17\\\/11\\\/2020)\"}]},{\"@type\":\"WebSite\",\"@id\":\"https:\\\/\\\/regions-snetap-fsu.fr\\\/pdl\\\/#website\",\"url\":\"https:\\\/\\\/regions-snetap-fsu.fr\\\/pdl\\\/\",\"name\":\"SNETAP-FSU PAYS DE LA LOIRE\",\"description\":\"SECTION REGIONALE\",\"publisher\":{\"@id\":\"https:\\\/\\\/regions-snetap-fsu.fr\\\/pdl\\\/#organization\"},\"potentialAction\":[{\"@type\":\"SearchAction\",\"target\":{\"@type\":\"EntryPoint\",\"urlTemplate\":\"https:\\\/\\\/regions-snetap-fsu.fr\\\/pdl\\\/?s={search_term_string}\"},\"query-input\":{\"@type\":\"PropertyValueSpecification\",\"valueRequired\":true,\"valueName\":\"search_term_string\"}}],\"inLanguage\":\"fr-FR\"},{\"@type\":\"Organization\",\"@id\":\"https:\\\/\\\/regions-snetap-fsu.fr\\\/pdl\\\/#organization\",\"name\":\"SNETAP-FSU Pays de Loire\",\"url\":\"https:\\\/\\\/regions-snetap-fsu.fr\\\/pdl\\\/\",\"logo\":{\"@type\":\"ImageObject\",\"inLanguage\":\"fr-FR\",\"@id\":\"https:\\\/\\\/regions-snetap-fsu.fr\\\/pdl\\\/#\\\/schema\\\/logo\\\/image\\\/\",\"url\":\"https:\\\/\\\/regions-snetap-fsu.fr\\\/pdl\\\/wp-content\\\/uploads\\\/sites\\\/4\\\/2020\\\/12\\\/SNETAP-Logo.jpg\",\"contentUrl\":\"https:\\\/\\\/regions-snetap-fsu.fr\\\/pdl\\\/wp-content\\\/uploads\\\/sites\\\/4\\\/2020\\\/12\\\/SNETAP-Logo.jpg\",\"width\":464,\"height\":334,\"caption\":\"SNETAP-FSU Pays de Loire\"},\"image\":{\"@id\":\"https:\\\/\\\/regions-snetap-fsu.fr\\\/pdl\\\/#\\\/schema\\\/logo\\\/image\\\/\"}},{\"@type\":\"Person\",\"@id\":\"https:\\\/\\\/regions-snetap-fsu.fr\\\/pdl\\\/#\\\/schema\\\/person\\\/d4530af043f9e8d27bdd71c468ec93b1\",\"name\":\"yvigner\",\"image\":{\"@type\":\"ImageObject\",\"inLanguage\":\"fr-FR\",\"@id\":\"https:\\\/\\\/secure.gravatar.com\\\/avatar\\\/bc72baa6f2406549aecf77a837bc4f03dbe88472c1762138f868571430a23820?s=96&d=mm&r=g\",\"url\":\"https:\\\/\\\/secure.gravatar.com\\\/avatar\\\/bc72baa6f2406549aecf77a837bc4f03dbe88472c1762138f868571430a23820?s=96&d=mm&r=g\",\"contentUrl\":\"https:\\\/\\\/secure.gravatar.com\\\/avatar\\\/bc72baa6f2406549aecf77a837bc4f03dbe88472c1762138f868571430a23820?s=96&d=mm&r=g\",\"caption\":\"yvigner\"},\"url\":\"https:\\\/\\\/regions-snetap-fsu.fr\\\/pdl\\\/author\\\/yvigner\\\/\"}]}<\/script>\n<!-- \/ Yoast SEO plugin. -->","yoast_head_json":{"title":"Compte rendu de la CCPR des Pays de la Loire (17\/11\/2020) - PAYS DE LA LOIRE","robots":{"index":"index","follow":"follow","max-snippet":"max-snippet:-1","max-image-preview":"max-image-preview:large","max-video-preview":"max-video-preview:-1"},"canonical":"https:\/\/regions-snetap-fsu.fr\/pdl\/2020\/11\/29\/compte-rendu-de-la-ccpr-des-pays-de-la-loire-17-11-2020\/","og_locale":"fr_FR","og_type":"article","og_title":"Compte rendu de la CCPR des Pays de la Loire (17\/11\/2020) - PAYS DE LA LOIRE","og_description":"La Commission consultative paritaire r\u00e9gionale pour les agents contractuels des \u00e9tablissements agricoles publics des Pays de la Loire s&rsquo;est r\u00e9unie le 17 novembre dernier. Il a trait\u00e9 du licenciement d&rsquo;une coll\u00e8gue AESH et de questions diverses. Licenciement d&rsquo;une coll\u00e8gue AESH Les organisations syndicales regrettent tr\u00e8s vivement ce type de licenciement qui aboutit \u00e0 la perte [&hellip;]","og_url":"https:\/\/regions-snetap-fsu.fr\/pdl\/2020\/11\/29\/compte-rendu-de-la-ccpr-des-pays-de-la-loire-17-11-2020\/","og_site_name":"PAYS DE LA LOIRE","article_published_time":"2020-11-29T17:38:31+00:00","article_modified_time":"2020-11-30T13:36:27+00:00","og_image":[{"width":411,"height":216,"url":"https:\/\/regions-snetap-fsu.fr\/pdl\/wp-content\/uploads\/sites\/4\/2020\/11\/CCPR.jpg","type":"image\/jpeg"}],"author":"yvigner","twitter_card":"summary_large_image","twitter_misc":{"\u00c9crit par":"yvigner","Dur\u00e9e de lecture estim\u00e9e":"3 minutes"},"schema":{"@context":"https:\/\/schema.org","@graph":[{"@type":"Article","@id":"https:\/\/regions-snetap-fsu.fr\/pdl\/2020\/11\/29\/compte-rendu-de-la-ccpr-des-pays-de-la-loire-17-11-2020\/#article","isPartOf":{"@id":"https:\/\/regions-snetap-fsu.fr\/pdl\/2020\/11\/29\/compte-rendu-de-la-ccpr-des-pays-de-la-loire-17-11-2020\/"},"author":{"name":"yvigner","@id":"https:\/\/regions-snetap-fsu.fr\/pdl\/#\/schema\/person\/d4530af043f9e8d27bdd71c468ec93b1"},"headline":"Compte rendu de la CCPR des Pays de la Loire (17\/11\/2020)","datePublished":"2020-11-29T17:38:31+00:00","dateModified":"2020-11-30T13:36:27+00:00","mainEntityOfPage":{"@id":"https:\/\/regions-snetap-fsu.fr\/pdl\/2020\/11\/29\/compte-rendu-de-la-ccpr-des-pays-de-la-loire-17-11-2020\/"},"wordCount":591,"publisher":{"@id":"https:\/\/regions-snetap-fsu.fr\/pdl\/#organization"},"image":{"@id":"https:\/\/regions-snetap-fsu.fr\/pdl\/2020\/11\/29\/compte-rendu-de-la-ccpr-des-pays-de-la-loire-17-11-2020\/#primaryimage"},"thumbnailUrl":"https:\/\/regions-snetap-fsu.fr\/pdl\/wp-content\/uploads\/sites\/4\/2020\/11\/CCPR.jpg","articleSection":["CCPR"],"inLanguage":"fr-FR"},{"@type":"WebPage","@id":"https:\/\/regions-snetap-fsu.fr\/pdl\/2020\/11\/29\/compte-rendu-de-la-ccpr-des-pays-de-la-loire-17-11-2020\/","url":"https:\/\/regions-snetap-fsu.fr\/pdl\/2020\/11\/29\/compte-rendu-de-la-ccpr-des-pays-de-la-loire-17-11-2020\/","name":"Compte rendu de la CCPR des Pays de la Loire (17\/11\/2020) - PAYS DE LA LOIRE","isPartOf":{"@id":"https:\/\/regions-snetap-fsu.fr\/pdl\/#website"},"primaryImageOfPage":{"@id":"https:\/\/regions-snetap-fsu.fr\/pdl\/2020\/11\/29\/compte-rendu-de-la-ccpr-des-pays-de-la-loire-17-11-2020\/#primaryimage"},"image":{"@id":"https:\/\/regions-snetap-fsu.fr\/pdl\/2020\/11\/29\/compte-rendu-de-la-ccpr-des-pays-de-la-loire-17-11-2020\/#primaryimage"},"thumbnailUrl":"https:\/\/regions-snetap-fsu.fr\/pdl\/wp-content\/uploads\/sites\/4\/2020\/11\/CCPR.jpg","datePublished":"2020-11-29T17:38:31+00:00","dateModified":"2020-11-30T13:36:27+00:00","breadcrumb":{"@id":"https:\/\/regions-snetap-fsu.fr\/pdl\/2020\/11\/29\/compte-rendu-de-la-ccpr-des-pays-de-la-loire-17-11-2020\/#breadcrumb"},"inLanguage":"fr-FR","potentialAction":[{"@type":"ReadAction","target":["https:\/\/regions-snetap-fsu.fr\/pdl\/2020\/11\/29\/compte-rendu-de-la-ccpr-des-pays-de-la-loire-17-11-2020\/"]}]},{"@type":"ImageObject","inLanguage":"fr-FR","@id":"https:\/\/regions-snetap-fsu.fr\/pdl\/2020\/11\/29\/compte-rendu-de-la-ccpr-des-pays-de-la-loire-17-11-2020\/#primaryimage","url":"https:\/\/regions-snetap-fsu.fr\/pdl\/wp-content\/uploads\/sites\/4\/2020\/11\/CCPR.jpg","contentUrl":"https:\/\/regions-snetap-fsu.fr\/pdl\/wp-content\/uploads\/sites\/4\/2020\/11\/CCPR.jpg","width":411,"height":216},{"@type":"BreadcrumbList","@id":"https:\/\/regions-snetap-fsu.fr\/pdl\/2020\/11\/29\/compte-rendu-de-la-ccpr-des-pays-de-la-loire-17-11-2020\/#breadcrumb","itemListElement":[{"@type":"ListItem","position":1,"name":"Accueil","item":"https:\/\/regions-snetap-fsu.fr\/pdl\/"},{"@type":"ListItem","position":2,"name":"Compte rendu de la CCPR des Pays de la Loire (17\/11\/2020)"}]},{"@type":"WebSite","@id":"https:\/\/regions-snetap-fsu.fr\/pdl\/#website","url":"https:\/\/regions-snetap-fsu.fr\/pdl\/","name":"SNETAP-FSU PAYS DE LA LOIRE","description":"SECTION REGIONALE","publisher":{"@id":"https:\/\/regions-snetap-fsu.fr\/pdl\/#organization"},"potentialAction":[{"@type":"SearchAction","target":{"@type":"EntryPoint","urlTemplate":"https:\/\/regions-snetap-fsu.fr\/pdl\/?s={search_term_string}"},"query-input":{"@type":"PropertyValueSpecification","valueRequired":true,"valueName":"search_term_string"}}],"inLanguage":"fr-FR"},{"@type":"Organization","@id":"https:\/\/regions-snetap-fsu.fr\/pdl\/#organization","name":"SNETAP-FSU Pays de Loire","url":"https:\/\/regions-snetap-fsu.fr\/pdl\/","logo":{"@type":"ImageObject","inLanguage":"fr-FR","@id":"https:\/\/regions-snetap-fsu.fr\/pdl\/#\/schema\/logo\/image\/","url":"https:\/\/regions-snetap-fsu.fr\/pdl\/wp-content\/uploads\/sites\/4\/2020\/12\/SNETAP-Logo.jpg","contentUrl":"https:\/\/regions-snetap-fsu.fr\/pdl\/wp-content\/uploads\/sites\/4\/2020\/12\/SNETAP-Logo.jpg","width":464,"height":334,"caption":"SNETAP-FSU Pays de Loire"},"image":{"@id":"https:\/\/regions-snetap-fsu.fr\/pdl\/#\/schema\/logo\/image\/"}},{"@type":"Person","@id":"https:\/\/regions-snetap-fsu.fr\/pdl\/#\/schema\/person\/d4530af043f9e8d27bdd71c468ec93b1","name":"yvigner","image":{"@type":"ImageObject","inLanguage":"fr-FR","@id":"https:\/\/secure.gravatar.com\/avatar\/bc72baa6f2406549aecf77a837bc4f03dbe88472c1762138f868571430a23820?s=96&d=mm&r=g","url":"https:\/\/secure.gravatar.com\/avatar\/bc72baa6f2406549aecf77a837bc4f03dbe88472c1762138f868571430a23820?s=96&d=mm&r=g","contentUrl":"https:\/\/secure.gravatar.com\/avatar\/bc72baa6f2406549aecf77a837bc4f03dbe88472c1762138f868571430a23820?s=96&d=mm&r=g","caption":"yvigner"},"url":"https:\/\/regions-snetap-fsu.fr\/pdl\/author\/yvigner\/"}]}},"_links":{"self":[{"href":"https:\/\/regions-snetap-fsu.fr\/pdl\/wp-json\/wp\/v2\/posts\/3759","targetHints":{"allow":["GET"]}}],"collection":[{"href":"https:\/\/regions-snetap-fsu.fr\/pdl\/wp-json\/wp\/v2\/posts"}],"about":[{"href":"https:\/\/regions-snetap-fsu.fr\/pdl\/wp-json\/wp\/v2\/types\/post"}],"author":[{"embeddable":true,"href":"https:\/\/regions-snetap-fsu.fr\/pdl\/wp-json\/wp\/v2\/users\/2"}],"replies":[{"embeddable":true,"href":"https:\/\/regions-snetap-fsu.fr\/pdl\/wp-json\/wp\/v2\/comments?post=3759"}],"version-history":[{"count":5,"href":"https:\/\/regions-snetap-fsu.fr\/pdl\/wp-json\/wp\/v2\/posts\/3759\/revisions"}],"predecessor-version":[{"id":3765,"href":"https:\/\/regions-snetap-fsu.fr\/pdl\/wp-json\/wp\/v2\/posts\/3759\/revisions\/3765"}],"wp:featuredmedia":[{"embeddable":true,"href":"https:\/\/regions-snetap-fsu.fr\/pdl\/wp-json\/wp\/v2\/media\/3762"}],"wp:attachment":[{"href":"https:\/\/regions-snetap-fsu.fr\/pdl\/wp-json\/wp\/v2\/media?parent=3759"}],"wp:term":[{"taxonomy":"category","embeddable":true,"href":"https:\/\/regions-snetap-fsu.fr\/pdl\/wp-json\/wp\/v2\/categories?post=3759"},{"taxonomy":"post_tag","embeddable":true,"href":"https:\/\/regions-snetap-fsu.fr\/pdl\/wp-json\/wp\/v2\/tags?post=3759"},{"taxonomy":"post_folder","embeddable":true,"href":"https:\/\/regions-snetap-fsu.fr\/pdl\/wp-json\/wp\/v2\/post_folder?post=3759"}],"curies":[{"name":"wp","href":"https:\/\/api.w.org\/{rel}","templated":true}]}}