{"id":3740,"date":"2020-11-15T16:02:58","date_gmt":"2020-11-15T15:02:58","guid":{"rendered":"https:\/\/regions-snetap-fsu.fr\/pdl\/?p=3740"},"modified":"2020-11-15T16:05:46","modified_gmt":"2020-11-15T15:05:46","slug":"le-snetap-fsu-rencontre-les-elus-du-conseil-regional","status":"publish","type":"post","link":"https:\/\/regions-snetap-fsu.fr\/pdl\/2020\/11\/15\/le-snetap-fsu-rencontre-les-elus-du-conseil-regional\/","title":{"rendered":"Le SNETAP-FSU rencontre les \u00e9lus du Conseil r\u00e9gional"},"content":{"rendered":"<p style=\"text-align: justify;\"><span style=\"font-family: arial, helvetica, sans-serif;\">Le mercredi 4 novembre des repr\u00e9sentants r\u00e9gionaux du SNETAP-FSU (J.M ROUSSEAU, T.JACOB, E.COUTELAS, E.LORY, E.LABIDOIRE, L.BRAULT, W.LEFEUVRE,V.JADEAU, Y.VIGNER) ont rencontr\u00e9 des \u00e9lus du Conseil r\u00e9gional (M.CHEREAU, Mme LEROY) et le Directeur des Lyc\u00e9es M. DE MOUCHERON.<\/span><\/p>\n<p style=\"text-align: justify;\"><span style=\"font-family: arial, helvetica, sans-serif; font-size: 12pt;\">De nombreux sujets ont \u00e9t\u00e9 abord\u00e9s lors de cet entretien de plus d&rsquo;une heure. Nous avons tout d&rsquo;abord fait <strong>un point sur la rentr\u00e9e et la situation sanitaire dans les \u00e9tablissements.<\/strong> Il s&rsquo;agissait notamment d&rsquo;\u00e9voquer la charge croissante de travail pour nos coll\u00e8gues ARL. Si les \u00e9lus nous ont pr\u00e9cis\u00e9 que 56 postes (ETP) de renfort \u00e9taient actuellement en place dans les lyc\u00e9es agricoles publics lig\u00e9riens&#8230;il s&rsquo;av\u00e8re que ces postes ne correspondent que tr\u00e8s-trop rarement \u00e0 des renforts. Ce sont la plupart du temps des agents contractuels recrut\u00e9s pour des remplacements ou des postes non pourvus.\u00a0<\/span><\/p>\n<p style=\"text-align: justify;\"><span style=\"font-family: arial, helvetica, sans-serif; font-size: 12pt;\"><strong>Le deuxi\u00e8me sujet abord\u00e9 a \u00e9t\u00e9 le PRADT<\/strong> (financement par le CR PDL des projets p\u00e9dagogiques par l&rsquo;interm\u00e9diaire du SRFD). Le Conseil r\u00e9gional nous a r\u00e9affirm\u00e9 sa volont\u00e9 et son engagement de poursuivre ce dispositif. Les dysfonctionnements intervenus ce mois d&rsquo;octobre n&rsquo;\u00e9taient pas li\u00e9s \u00e0 la collectivit\u00e9 mais \u00e0 l&rsquo;enseignement agricole.\u00a0<\/span><\/p>\n<p style=\"text-align: justify;\"><span style=\"font-family: arial, helvetica, sans-serif; font-size: 12pt;\">Un des sujets majeurs que nous souhaitions aborder \u00e9tait <strong>la question de la carte scolaire de la voie professionnelle<\/strong>. Nous avions alert\u00e9, il y a quelques semaines, les \u00e9lus sur la situation de la fili\u00e8re horticulture de Lu\u00e7on P\u00e9tr\u00e9 (<a href=\"https:\/\/regions-snetap-fsu.fr\/pdl\/2020\/10\/20\/filiere-horticole-au-lycee-de-lucon-petre-les-personnels-se-mobilisent\/\">https:\/\/regions-snetap-fsu.fr\/pdl\/2020\/10\/20\/filiere-horticole-au-lycee-de-lucon-petre-les-personnels-se-mobilisent\/<\/a>) qui est tr\u00e8s clairement mise sur la sellette par le SRFD. M.CHEREAU a rappel\u00e9 l&rsquo;appui du conseil r\u00e9gional pour ces formations et la fili\u00e8re \u00e0 P\u00e9tr\u00e9. Il nous a pr\u00e9cis\u00e9 avoir demand\u00e9 une analyse et une rencontre avec M.LOBJOIT (DRAAF) sur le sujet.\u00a0<\/span><\/p>\n<p style=\"text-align: justify;\"><span style=\"font-family: arial, helvetica, sans-serif; font-size: 12pt;\">Nous avons ensuite abord\u00e9 la <strong>question du financement des EPL<\/strong> (dotation globale de fonctionnement, transport p\u00e9dagogique et financement du r\u00f4le p\u00e9dagogiques des exploitations). Les lyc\u00e9es agricoles vont b\u00e9n\u00e9ficier d&rsquo;une augmentation moyenne de 12% de la dotation (la situation de l&rsquo;EPL de Nature est encore \u00e0 revoir). Sur ces sujets, nous avons demand\u00e9 :\u00a0 \u00e0 ce que la dotation de NTA (avec le lyc\u00e9e du Grand Blotterau) soit revu ; que la dotation transports p\u00e9dagogiques soit aussi affect\u00e9e \u00e0 Gu\u00e9rande et que celle-ci apparaisse \u00e0 part de la DGF pour tous les EPL . Nous avons enfin abord\u00e9 <strong>la question des travaux dans les EPL agricoles publics <\/strong>(39 op\u00e9rations pour 39 millions d&rsquo;euros lors de la mandature dans les lyc\u00e9es agricoles) et notamment demand\u00e9 des pr\u00e9cisions sur les travaux \u00e0 Laval, \u00e9tablissement dans lesquels une \u00e9tude de travaux est attendue avant la fin d&rsquo;ann\u00e9e 2020.<\/span><\/p>\n","protected":false},"excerpt":{"rendered":"<p>Le mercredi 4 novembre des repr\u00e9sentants r\u00e9gionaux du SNETAP-FSU (J.M ROUSSEAU, T.JACOB, E.COUTELAS, E.LORY, E.LABIDOIRE, L.BRAULT, W.LEFEUVRE,V.JADEAU, Y.VIGNER) ont rencontr\u00e9 des \u00e9lus du Conseil r\u00e9gional (M.CHEREAU, Mme LEROY) et le Directeur des Lyc\u00e9es M. DE MOUCHERON. De nombreux sujets ont \u00e9t\u00e9 abord\u00e9s lors de cet entretien de plus d&rsquo;une heure. Nous avons tout d&rsquo;abord fait [&hellip;]<\/p>\n","protected":false},"author":2,"featured_media":3741,"comment_status":"closed","ping_status":"closed","sticky":false,"template":"","format":"standard","meta":{"ocean_post_layout":"","ocean_both_sidebars_style":"","ocean_both_sidebars_content_width":0,"ocean_both_sidebars_sidebars_width":0,"ocean_sidebar":"0","ocean_second_sidebar":"0","ocean_disable_margins":"enable","ocean_add_body_class":"","ocean_shortcode_before_top_bar":"","ocean_shortcode_after_top_bar":"","ocean_shortcode_before_header":"","ocean_shortcode_after_header":"","ocean_has_shortcode":"","ocean_shortcode_after_title":"","ocean_shortcode_before_footer_widgets":"","ocean_shortcode_after_footer_widgets":"","ocean_shortcode_before_footer_bottom":"","ocean_shortcode_after_footer_bottom":"","ocean_display_top_bar":"default","ocean_display_header":"default","ocean_header_style":"","ocean_center_header_left_menu":"0","ocean_custom_header_template":"0","ocean_custom_logo":0,"ocean_custom_retina_logo":0,"ocean_custom_logo_max_width":0,"ocean_custom_logo_tablet_max_width":0,"ocean_custom_logo_mobile_max_width":0,"ocean_custom_logo_max_height":0,"ocean_custom_logo_tablet_max_height":0,"ocean_custom_logo_mobile_max_height":0,"ocean_header_custom_menu":"0","ocean_menu_typo_font_family":"0","ocean_menu_typo_font_subset":"","ocean_menu_typo_font_size":0,"ocean_menu_typo_font_size_tablet":0,"ocean_menu_typo_font_size_mobile":0,"ocean_menu_typo_font_size_unit":"px","ocean_menu_typo_font_weight":"","ocean_menu_typo_font_weight_tablet":"","ocean_menu_typo_font_weight_mobile":"","ocean_menu_typo_transform":"","ocean_menu_typo_transform_tablet":"","ocean_menu_typo_transform_mobile":"","ocean_menu_typo_line_height":0,"ocean_menu_typo_line_height_tablet":0,"ocean_menu_typo_line_height_mobile":0,"ocean_menu_typo_line_height_unit":"","ocean_menu_typo_spacing":0,"ocean_menu_typo_spacing_tablet":0,"ocean_menu_typo_spacing_mobile":0,"ocean_menu_typo_spacing_unit":"","ocean_menu_link_color":"","ocean_menu_link_color_hover":"","ocean_menu_link_color_active":"","ocean_menu_link_background":"","ocean_menu_link_hover_background":"","ocean_menu_link_active_background":"","ocean_menu_social_links_bg":"","ocean_menu_social_hover_links_bg":"","ocean_menu_social_links_color":"","ocean_menu_social_hover_links_color":"","ocean_disable_title":"default","ocean_disable_heading":"default","ocean_post_title":"","ocean_post_subheading":"","ocean_post_title_style":"","ocean_post_title_background_color":"","ocean_post_title_background":0,"ocean_post_title_bg_image_position":"","ocean_post_title_bg_image_attachment":"","ocean_post_title_bg_image_repeat":"","ocean_post_title_bg_image_size":"","ocean_post_title_height":0,"ocean_post_title_bg_overlay":0.5,"ocean_post_title_bg_overlay_color":"","ocean_disable_breadcrumbs":"default","ocean_breadcrumbs_color":"","ocean_breadcrumbs_separator_color":"","ocean_breadcrumbs_links_color":"","ocean_breadcrumbs_links_hover_color":"","ocean_display_footer_widgets":"default","ocean_display_footer_bottom":"default","ocean_custom_footer_template":"0","ocean_post_oembed":"","ocean_post_self_hosted_media":"","ocean_post_video_embed":"","ocean_link_format":"","ocean_link_format_target":"self","ocean_quote_format":"","ocean_quote_format_link":"post","ocean_gallery_link_images":"off","ocean_gallery_id":[],"footnotes":""},"categories":[28,7,26],"tags":[],"post_folder":[],"class_list":["post-3740","post","type-post","status-publish","format-standard","has-post-thumbnail","hentry","category-actions-regionales","category-conseil-regional","category-lucon-petre","entry","has-media"],"yoast_head":"<!-- This site is optimized with the Yoast SEO plugin v27.4 - https:\/\/yoast.com\/product\/yoast-seo-wordpress\/ -->\n<title>Le SNETAP-FSU rencontre les \u00e9lus du Conseil r\u00e9gional - PAYS DE LA LOIRE<\/title>\n<meta name=\"robots\" content=\"index, follow, max-snippet:-1, max-image-preview:large, max-video-preview:-1\" \/>\n<link rel=\"canonical\" href=\"https:\/\/regions-snetap-fsu.fr\/pdl\/2020\/11\/15\/le-snetap-fsu-rencontre-les-elus-du-conseil-regional\/\" \/>\n<meta property=\"og:locale\" content=\"fr_FR\" \/>\n<meta property=\"og:type\" content=\"article\" \/>\n<meta property=\"og:title\" content=\"Le SNETAP-FSU rencontre les \u00e9lus du Conseil r\u00e9gional - PAYS DE LA LOIRE\" \/>\n<meta property=\"og:description\" content=\"Le mercredi 4 novembre des repr\u00e9sentants r\u00e9gionaux du SNETAP-FSU (J.M ROUSSEAU, T.JACOB, E.COUTELAS, E.LORY, E.LABIDOIRE, L.BRAULT, W.LEFEUVRE,V.JADEAU, Y.VIGNER) ont rencontr\u00e9 des \u00e9lus du Conseil r\u00e9gional (M.CHEREAU, Mme LEROY) et le Directeur des Lyc\u00e9es M. DE MOUCHERON. De nombreux sujets ont \u00e9t\u00e9 abord\u00e9s lors de cet entretien de plus d&rsquo;une heure. Nous avons tout d&rsquo;abord fait [&hellip;]\" \/>\n<meta property=\"og:url\" content=\"https:\/\/regions-snetap-fsu.fr\/pdl\/2020\/11\/15\/le-snetap-fsu-rencontre-les-elus-du-conseil-regional\/\" \/>\n<meta property=\"og:site_name\" content=\"PAYS DE LA LOIRE\" \/>\n<meta property=\"article:published_time\" content=\"2020-11-15T15:02:58+00:00\" \/>\n<meta property=\"article:modified_time\" content=\"2020-11-15T15:05:46+00:00\" \/>\n<meta property=\"og:image\" content=\"https:\/\/regions-snetap-fsu.fr\/pdl\/wp-content\/uploads\/sites\/4\/2020\/11\/Echanges-regions.jpg\" \/>\n\t<meta property=\"og:image:width\" content=\"1588\" \/>\n\t<meta property=\"og:image:height\" content=\"703\" \/>\n\t<meta property=\"og:image:type\" content=\"image\/jpeg\" \/>\n<meta name=\"author\" content=\"yvigner\" \/>\n<meta name=\"twitter:card\" content=\"summary_large_image\" \/>\n<meta name=\"twitter:label1\" content=\"\u00c9crit par\" \/>\n\t<meta name=\"twitter:data1\" content=\"yvigner\" \/>\n\t<meta name=\"twitter:label2\" content=\"Dur\u00e9e de lecture estim\u00e9e\" \/>\n\t<meta name=\"twitter:data2\" content=\"2 minutes\" \/>\n<script type=\"application\/ld+json\" class=\"yoast-schema-graph\">{\"@context\":\"https:\\\/\\\/schema.org\",\"@graph\":[{\"@type\":\"Article\",\"@id\":\"https:\\\/\\\/regions-snetap-fsu.fr\\\/pdl\\\/2020\\\/11\\\/15\\\/le-snetap-fsu-rencontre-les-elus-du-conseil-regional\\\/#article\",\"isPartOf\":{\"@id\":\"https:\\\/\\\/regions-snetap-fsu.fr\\\/pdl\\\/2020\\\/11\\\/15\\\/le-snetap-fsu-rencontre-les-elus-du-conseil-regional\\\/\"},\"author\":{\"name\":\"yvigner\",\"@id\":\"https:\\\/\\\/regions-snetap-fsu.fr\\\/pdl\\\/#\\\/schema\\\/person\\\/d4530af043f9e8d27bdd71c468ec93b1\"},\"headline\":\"Le SNETAP-FSU rencontre les \u00e9lus du Conseil r\u00e9gional\",\"datePublished\":\"2020-11-15T15:02:58+00:00\",\"dateModified\":\"2020-11-15T15:05:46+00:00\",\"mainEntityOfPage\":{\"@id\":\"https:\\\/\\\/regions-snetap-fsu.fr\\\/pdl\\\/2020\\\/11\\\/15\\\/le-snetap-fsu-rencontre-les-elus-du-conseil-regional\\\/\"},\"wordCount\":474,\"publisher\":{\"@id\":\"https:\\\/\\\/regions-snetap-fsu.fr\\\/pdl\\\/#organization\"},\"image\":{\"@id\":\"https:\\\/\\\/regions-snetap-fsu.fr\\\/pdl\\\/2020\\\/11\\\/15\\\/le-snetap-fsu-rencontre-les-elus-du-conseil-regional\\\/#primaryimage\"},\"thumbnailUrl\":\"https:\\\/\\\/regions-snetap-fsu.fr\\\/pdl\\\/wp-content\\\/uploads\\\/sites\\\/4\\\/2020\\\/11\\\/Echanges-regions.jpg\",\"articleSection\":[\"Actions r\u00e9gionales\",\"Conseil r\u00e9gional\",\"Lu\u00e7on P\u00e9tr\u00e9\"],\"inLanguage\":\"fr-FR\"},{\"@type\":\"WebPage\",\"@id\":\"https:\\\/\\\/regions-snetap-fsu.fr\\\/pdl\\\/2020\\\/11\\\/15\\\/le-snetap-fsu-rencontre-les-elus-du-conseil-regional\\\/\",\"url\":\"https:\\\/\\\/regions-snetap-fsu.fr\\\/pdl\\\/2020\\\/11\\\/15\\\/le-snetap-fsu-rencontre-les-elus-du-conseil-regional\\\/\",\"name\":\"Le SNETAP-FSU rencontre les \u00e9lus du Conseil r\u00e9gional - PAYS DE LA LOIRE\",\"isPartOf\":{\"@id\":\"https:\\\/\\\/regions-snetap-fsu.fr\\\/pdl\\\/#website\"},\"primaryImageOfPage\":{\"@id\":\"https:\\\/\\\/regions-snetap-fsu.fr\\\/pdl\\\/2020\\\/11\\\/15\\\/le-snetap-fsu-rencontre-les-elus-du-conseil-regional\\\/#primaryimage\"},\"image\":{\"@id\":\"https:\\\/\\\/regions-snetap-fsu.fr\\\/pdl\\\/2020\\\/11\\\/15\\\/le-snetap-fsu-rencontre-les-elus-du-conseil-regional\\\/#primaryimage\"},\"thumbnailUrl\":\"https:\\\/\\\/regions-snetap-fsu.fr\\\/pdl\\\/wp-content\\\/uploads\\\/sites\\\/4\\\/2020\\\/11\\\/Echanges-regions.jpg\",\"datePublished\":\"2020-11-15T15:02:58+00:00\",\"dateModified\":\"2020-11-15T15:05:46+00:00\",\"breadcrumb\":{\"@id\":\"https:\\\/\\\/regions-snetap-fsu.fr\\\/pdl\\\/2020\\\/11\\\/15\\\/le-snetap-fsu-rencontre-les-elus-du-conseil-regional\\\/#breadcrumb\"},\"inLanguage\":\"fr-FR\",\"potentialAction\":[{\"@type\":\"ReadAction\",\"target\":[\"https:\\\/\\\/regions-snetap-fsu.fr\\\/pdl\\\/2020\\\/11\\\/15\\\/le-snetap-fsu-rencontre-les-elus-du-conseil-regional\\\/\"]}]},{\"@type\":\"ImageObject\",\"inLanguage\":\"fr-FR\",\"@id\":\"https:\\\/\\\/regions-snetap-fsu.fr\\\/pdl\\\/2020\\\/11\\\/15\\\/le-snetap-fsu-rencontre-les-elus-du-conseil-regional\\\/#primaryimage\",\"url\":\"https:\\\/\\\/regions-snetap-fsu.fr\\\/pdl\\\/wp-content\\\/uploads\\\/sites\\\/4\\\/2020\\\/11\\\/Echanges-regions.jpg\",\"contentUrl\":\"https:\\\/\\\/regions-snetap-fsu.fr\\\/pdl\\\/wp-content\\\/uploads\\\/sites\\\/4\\\/2020\\\/11\\\/Echanges-regions.jpg\",\"width\":1588,\"height\":703},{\"@type\":\"BreadcrumbList\",\"@id\":\"https:\\\/\\\/regions-snetap-fsu.fr\\\/pdl\\\/2020\\\/11\\\/15\\\/le-snetap-fsu-rencontre-les-elus-du-conseil-regional\\\/#breadcrumb\",\"itemListElement\":[{\"@type\":\"ListItem\",\"position\":1,\"name\":\"Accueil\",\"item\":\"https:\\\/\\\/regions-snetap-fsu.fr\\\/pdl\\\/\"},{\"@type\":\"ListItem\",\"position\":2,\"name\":\"Le SNETAP-FSU rencontre les \u00e9lus du Conseil r\u00e9gional\"}]},{\"@type\":\"WebSite\",\"@id\":\"https:\\\/\\\/regions-snetap-fsu.fr\\\/pdl\\\/#website\",\"url\":\"https:\\\/\\\/regions-snetap-fsu.fr\\\/pdl\\\/\",\"name\":\"SNETAP-FSU PAYS DE LA LOIRE\",\"description\":\"SECTION REGIONALE\",\"publisher\":{\"@id\":\"https:\\\/\\\/regions-snetap-fsu.fr\\\/pdl\\\/#organization\"},\"potentialAction\":[{\"@type\":\"SearchAction\",\"target\":{\"@type\":\"EntryPoint\",\"urlTemplate\":\"https:\\\/\\\/regions-snetap-fsu.fr\\\/pdl\\\/?s={search_term_string}\"},\"query-input\":{\"@type\":\"PropertyValueSpecification\",\"valueRequired\":true,\"valueName\":\"search_term_string\"}}],\"inLanguage\":\"fr-FR\"},{\"@type\":\"Organization\",\"@id\":\"https:\\\/\\\/regions-snetap-fsu.fr\\\/pdl\\\/#organization\",\"name\":\"SNETAP-FSU Pays de Loire\",\"url\":\"https:\\\/\\\/regions-snetap-fsu.fr\\\/pdl\\\/\",\"logo\":{\"@type\":\"ImageObject\",\"inLanguage\":\"fr-FR\",\"@id\":\"https:\\\/\\\/regions-snetap-fsu.fr\\\/pdl\\\/#\\\/schema\\\/logo\\\/image\\\/\",\"url\":\"https:\\\/\\\/regions-snetap-fsu.fr\\\/pdl\\\/wp-content\\\/uploads\\\/sites\\\/4\\\/2020\\\/12\\\/SNETAP-Logo.jpg\",\"contentUrl\":\"https:\\\/\\\/regions-snetap-fsu.fr\\\/pdl\\\/wp-content\\\/uploads\\\/sites\\\/4\\\/2020\\\/12\\\/SNETAP-Logo.jpg\",\"width\":464,\"height\":334,\"caption\":\"SNETAP-FSU Pays de Loire\"},\"image\":{\"@id\":\"https:\\\/\\\/regions-snetap-fsu.fr\\\/pdl\\\/#\\\/schema\\\/logo\\\/image\\\/\"}},{\"@type\":\"Person\",\"@id\":\"https:\\\/\\\/regions-snetap-fsu.fr\\\/pdl\\\/#\\\/schema\\\/person\\\/d4530af043f9e8d27bdd71c468ec93b1\",\"name\":\"yvigner\",\"image\":{\"@type\":\"ImageObject\",\"inLanguage\":\"fr-FR\",\"@id\":\"https:\\\/\\\/secure.gravatar.com\\\/avatar\\\/bc72baa6f2406549aecf77a837bc4f03dbe88472c1762138f868571430a23820?s=96&d=mm&r=g\",\"url\":\"https:\\\/\\\/secure.gravatar.com\\\/avatar\\\/bc72baa6f2406549aecf77a837bc4f03dbe88472c1762138f868571430a23820?s=96&d=mm&r=g\",\"contentUrl\":\"https:\\\/\\\/secure.gravatar.com\\\/avatar\\\/bc72baa6f2406549aecf77a837bc4f03dbe88472c1762138f868571430a23820?s=96&d=mm&r=g\",\"caption\":\"yvigner\"},\"url\":\"https:\\\/\\\/regions-snetap-fsu.fr\\\/pdl\\\/author\\\/yvigner\\\/\"}]}<\/script>\n<!-- \/ Yoast SEO plugin. -->","yoast_head_json":{"title":"Le SNETAP-FSU rencontre les \u00e9lus du Conseil r\u00e9gional - PAYS DE LA LOIRE","robots":{"index":"index","follow":"follow","max-snippet":"max-snippet:-1","max-image-preview":"max-image-preview:large","max-video-preview":"max-video-preview:-1"},"canonical":"https:\/\/regions-snetap-fsu.fr\/pdl\/2020\/11\/15\/le-snetap-fsu-rencontre-les-elus-du-conseil-regional\/","og_locale":"fr_FR","og_type":"article","og_title":"Le SNETAP-FSU rencontre les \u00e9lus du Conseil r\u00e9gional - PAYS DE LA LOIRE","og_description":"Le mercredi 4 novembre des repr\u00e9sentants r\u00e9gionaux du SNETAP-FSU (J.M ROUSSEAU, T.JACOB, E.COUTELAS, E.LORY, E.LABIDOIRE, L.BRAULT, W.LEFEUVRE,V.JADEAU, Y.VIGNER) ont rencontr\u00e9 des \u00e9lus du Conseil r\u00e9gional (M.CHEREAU, Mme LEROY) et le Directeur des Lyc\u00e9es M. DE MOUCHERON. De nombreux sujets ont \u00e9t\u00e9 abord\u00e9s lors de cet entretien de plus d&rsquo;une heure. Nous avons tout d&rsquo;abord fait [&hellip;]","og_url":"https:\/\/regions-snetap-fsu.fr\/pdl\/2020\/11\/15\/le-snetap-fsu-rencontre-les-elus-du-conseil-regional\/","og_site_name":"PAYS DE LA LOIRE","article_published_time":"2020-11-15T15:02:58+00:00","article_modified_time":"2020-11-15T15:05:46+00:00","og_image":[{"width":1588,"height":703,"url":"https:\/\/regions-snetap-fsu.fr\/pdl\/wp-content\/uploads\/sites\/4\/2020\/11\/Echanges-regions.jpg","type":"image\/jpeg"}],"author":"yvigner","twitter_card":"summary_large_image","twitter_misc":{"\u00c9crit par":"yvigner","Dur\u00e9e de lecture estim\u00e9e":"2 minutes"},"schema":{"@context":"https:\/\/schema.org","@graph":[{"@type":"Article","@id":"https:\/\/regions-snetap-fsu.fr\/pdl\/2020\/11\/15\/le-snetap-fsu-rencontre-les-elus-du-conseil-regional\/#article","isPartOf":{"@id":"https:\/\/regions-snetap-fsu.fr\/pdl\/2020\/11\/15\/le-snetap-fsu-rencontre-les-elus-du-conseil-regional\/"},"author":{"name":"yvigner","@id":"https:\/\/regions-snetap-fsu.fr\/pdl\/#\/schema\/person\/d4530af043f9e8d27bdd71c468ec93b1"},"headline":"Le SNETAP-FSU rencontre les \u00e9lus du Conseil r\u00e9gional","datePublished":"2020-11-15T15:02:58+00:00","dateModified":"2020-11-15T15:05:46+00:00","mainEntityOfPage":{"@id":"https:\/\/regions-snetap-fsu.fr\/pdl\/2020\/11\/15\/le-snetap-fsu-rencontre-les-elus-du-conseil-regional\/"},"wordCount":474,"publisher":{"@id":"https:\/\/regions-snetap-fsu.fr\/pdl\/#organization"},"image":{"@id":"https:\/\/regions-snetap-fsu.fr\/pdl\/2020\/11\/15\/le-snetap-fsu-rencontre-les-elus-du-conseil-regional\/#primaryimage"},"thumbnailUrl":"https:\/\/regions-snetap-fsu.fr\/pdl\/wp-content\/uploads\/sites\/4\/2020\/11\/Echanges-regions.jpg","articleSection":["Actions r\u00e9gionales","Conseil r\u00e9gional","Lu\u00e7on P\u00e9tr\u00e9"],"inLanguage":"fr-FR"},{"@type":"WebPage","@id":"https:\/\/regions-snetap-fsu.fr\/pdl\/2020\/11\/15\/le-snetap-fsu-rencontre-les-elus-du-conseil-regional\/","url":"https:\/\/regions-snetap-fsu.fr\/pdl\/2020\/11\/15\/le-snetap-fsu-rencontre-les-elus-du-conseil-regional\/","name":"Le SNETAP-FSU rencontre les \u00e9lus du Conseil r\u00e9gional - PAYS DE LA LOIRE","isPartOf":{"@id":"https:\/\/regions-snetap-fsu.fr\/pdl\/#website"},"primaryImageOfPage":{"@id":"https:\/\/regions-snetap-fsu.fr\/pdl\/2020\/11\/15\/le-snetap-fsu-rencontre-les-elus-du-conseil-regional\/#primaryimage"},"image":{"@id":"https:\/\/regions-snetap-fsu.fr\/pdl\/2020\/11\/15\/le-snetap-fsu-rencontre-les-elus-du-conseil-regional\/#primaryimage"},"thumbnailUrl":"https:\/\/regions-snetap-fsu.fr\/pdl\/wp-content\/uploads\/sites\/4\/2020\/11\/Echanges-regions.jpg","datePublished":"2020-11-15T15:02:58+00:00","dateModified":"2020-11-15T15:05:46+00:00","breadcrumb":{"@id":"https:\/\/regions-snetap-fsu.fr\/pdl\/2020\/11\/15\/le-snetap-fsu-rencontre-les-elus-du-conseil-regional\/#breadcrumb"},"inLanguage":"fr-FR","potentialAction":[{"@type":"ReadAction","target":["https:\/\/regions-snetap-fsu.fr\/pdl\/2020\/11\/15\/le-snetap-fsu-rencontre-les-elus-du-conseil-regional\/"]}]},{"@type":"ImageObject","inLanguage":"fr-FR","@id":"https:\/\/regions-snetap-fsu.fr\/pdl\/2020\/11\/15\/le-snetap-fsu-rencontre-les-elus-du-conseil-regional\/#primaryimage","url":"https:\/\/regions-snetap-fsu.fr\/pdl\/wp-content\/uploads\/sites\/4\/2020\/11\/Echanges-regions.jpg","contentUrl":"https:\/\/regions-snetap-fsu.fr\/pdl\/wp-content\/uploads\/sites\/4\/2020\/11\/Echanges-regions.jpg","width":1588,"height":703},{"@type":"BreadcrumbList","@id":"https:\/\/regions-snetap-fsu.fr\/pdl\/2020\/11\/15\/le-snetap-fsu-rencontre-les-elus-du-conseil-regional\/#breadcrumb","itemListElement":[{"@type":"ListItem","position":1,"name":"Accueil","item":"https:\/\/regions-snetap-fsu.fr\/pdl\/"},{"@type":"ListItem","position":2,"name":"Le SNETAP-FSU rencontre les \u00e9lus du Conseil r\u00e9gional"}]},{"@type":"WebSite","@id":"https:\/\/regions-snetap-fsu.fr\/pdl\/#website","url":"https:\/\/regions-snetap-fsu.fr\/pdl\/","name":"SNETAP-FSU PAYS DE LA LOIRE","description":"SECTION REGIONALE","publisher":{"@id":"https:\/\/regions-snetap-fsu.fr\/pdl\/#organization"},"potentialAction":[{"@type":"SearchAction","target":{"@type":"EntryPoint","urlTemplate":"https:\/\/regions-snetap-fsu.fr\/pdl\/?s={search_term_string}"},"query-input":{"@type":"PropertyValueSpecification","valueRequired":true,"valueName":"search_term_string"}}],"inLanguage":"fr-FR"},{"@type":"Organization","@id":"https:\/\/regions-snetap-fsu.fr\/pdl\/#organization","name":"SNETAP-FSU Pays de Loire","url":"https:\/\/regions-snetap-fsu.fr\/pdl\/","logo":{"@type":"ImageObject","inLanguage":"fr-FR","@id":"https:\/\/regions-snetap-fsu.fr\/pdl\/#\/schema\/logo\/image\/","url":"https:\/\/regions-snetap-fsu.fr\/pdl\/wp-content\/uploads\/sites\/4\/2020\/12\/SNETAP-Logo.jpg","contentUrl":"https:\/\/regions-snetap-fsu.fr\/pdl\/wp-content\/uploads\/sites\/4\/2020\/12\/SNETAP-Logo.jpg","width":464,"height":334,"caption":"SNETAP-FSU Pays de Loire"},"image":{"@id":"https:\/\/regions-snetap-fsu.fr\/pdl\/#\/schema\/logo\/image\/"}},{"@type":"Person","@id":"https:\/\/regions-snetap-fsu.fr\/pdl\/#\/schema\/person\/d4530af043f9e8d27bdd71c468ec93b1","name":"yvigner","image":{"@type":"ImageObject","inLanguage":"fr-FR","@id":"https:\/\/secure.gravatar.com\/avatar\/bc72baa6f2406549aecf77a837bc4f03dbe88472c1762138f868571430a23820?s=96&d=mm&r=g","url":"https:\/\/secure.gravatar.com\/avatar\/bc72baa6f2406549aecf77a837bc4f03dbe88472c1762138f868571430a23820?s=96&d=mm&r=g","contentUrl":"https:\/\/secure.gravatar.com\/avatar\/bc72baa6f2406549aecf77a837bc4f03dbe88472c1762138f868571430a23820?s=96&d=mm&r=g","caption":"yvigner"},"url":"https:\/\/regions-snetap-fsu.fr\/pdl\/author\/yvigner\/"}]}},"_links":{"self":[{"href":"https:\/\/regions-snetap-fsu.fr\/pdl\/wp-json\/wp\/v2\/posts\/3740","targetHints":{"allow":["GET"]}}],"collection":[{"href":"https:\/\/regions-snetap-fsu.fr\/pdl\/wp-json\/wp\/v2\/posts"}],"about":[{"href":"https:\/\/regions-snetap-fsu.fr\/pdl\/wp-json\/wp\/v2\/types\/post"}],"author":[{"embeddable":true,"href":"https:\/\/regions-snetap-fsu.fr\/pdl\/wp-json\/wp\/v2\/users\/2"}],"replies":[{"embeddable":true,"href":"https:\/\/regions-snetap-fsu.fr\/pdl\/wp-json\/wp\/v2\/comments?post=3740"}],"version-history":[{"count":2,"href":"https:\/\/regions-snetap-fsu.fr\/pdl\/wp-json\/wp\/v2\/posts\/3740\/revisions"}],"predecessor-version":[{"id":3743,"href":"https:\/\/regions-snetap-fsu.fr\/pdl\/wp-json\/wp\/v2\/posts\/3740\/revisions\/3743"}],"wp:featuredmedia":[{"embeddable":true,"href":"https:\/\/regions-snetap-fsu.fr\/pdl\/wp-json\/wp\/v2\/media\/3741"}],"wp:attachment":[{"href":"https:\/\/regions-snetap-fsu.fr\/pdl\/wp-json\/wp\/v2\/media?parent=3740"}],"wp:term":[{"taxonomy":"category","embeddable":true,"href":"https:\/\/regions-snetap-fsu.fr\/pdl\/wp-json\/wp\/v2\/categories?post=3740"},{"taxonomy":"post_tag","embeddable":true,"href":"https:\/\/regions-snetap-fsu.fr\/pdl\/wp-json\/wp\/v2\/tags?post=3740"},{"taxonomy":"post_folder","embeddable":true,"href":"https:\/\/regions-snetap-fsu.fr\/pdl\/wp-json\/wp\/v2\/post_folder?post=3740"}],"curies":[{"name":"wp","href":"https:\/\/api.w.org\/{rel}","templated":true}]}}