{"id":3735,"date":"2020-11-15T11:58:35","date_gmt":"2020-11-15T10:58:35","guid":{"rendered":"https:\/\/regions-snetap-fsu.fr\/pdl\/?p=3735"},"modified":"2020-11-15T11:59:46","modified_gmt":"2020-11-15T10:59:46","slug":"ctrea-un-message-clair-pour-lannee-scolaire-2020-2021-dgh-insuffisante-et-ouvertures-de-classe-dans-le-prive","status":"publish","type":"post","link":"https:\/\/regions-snetap-fsu.fr\/pdl\/2020\/11\/15\/ctrea-un-message-clair-pour-lannee-scolaire-2020-2021-dgh-insuffisante-et-ouvertures-de-classe-dans-le-prive\/","title":{"rendered":"Pays de la Loire : un message clair pour l\u2019ann\u00e9e scolaire 2020-2021&#8230;DGH insuffisante et ouvertures de classe dans le priv\u00e9&#8230;"},"content":{"rendered":"<p align=\"justify\"><span style=\"font-family: Arial, serif; font-size: 18pt;\"><b>Compte rendu du CTREA des Pays de la Loire (5 novembre 2020)<\/b><\/span><\/p>\n<p><span style=\"font-family: Arial, serif;\"><span style=\"font-size: large;\"><b>Suite des \u00e9changes du dernier CTREA&#8230;il faut avancer&#8230;<\/b><\/span><\/span><\/p>\n<p align=\"justify\"><span style=\"font-family: Arial, serif;\"><span style=\"font-size: small;\">Tout d\u2019abord pour ce qui est du<\/span><\/span><span style=\"font-family: Arial, serif;\"><span style=\"font-size: small;\"><b> LSU (livret scolaire unique) et des 3<\/b><\/span><\/span><sup><span style=\"font-family: Arial, serif;\"><span style=\"font-size: small;\"><b>e<\/b><\/span><\/span><\/sup><span style=\"font-family: Arial, serif;\"><span style=\"font-size: small;\"><b> de l\u2019enseignement agricole<\/b><\/span><\/span><span style=\"font-family: Arial, serif;\"><span style=\"font-size: small;\">, nous avons renouvel\u00e9 notre demande de mise en place d\u2019un temps d\u2019\u00e9change des PP (nous allons l\u2019organiser !!) et surtout de permettre aux coll\u00e8gues d\u2019int\u00e9grer dans le LSU des informations concernant nos \u00e9l\u00e8ves issus de leur travail en 5e et 4e. Un vrai probl\u00e8me subsiste : l\u2019absence de transmission d\u2019informations du Rectorat vers la DRAAF sur ces dossiers. Nous aborderons ce sujet lors du prochain CAEN.\u00a0<\/span><\/span><span style=\"font-family: Arial, serif;\"><span style=\"font-size: small;\"><b>Sur le sujet de la communication, <\/b><\/span><\/span><span style=\"font-family: Arial, serif;\"><span style=\"font-size: small;\">nous avons renouvel\u00e9 notre demande \u00e0 ce que la DRAAF donne un coup de projecteur sur les formations g\u00e9n\u00e9rales et technologiques qui continuent d\u2019\u00eatre m\u00e9connues. Nous avons demand\u00e9 \u00e0 ce que la DRAAF, avec le Rectorat, puisse \u00eatre pr\u00e9sente aux portes ouvertes d\u2019un \u00e9tablissement portant ces formations (dans le contexte sanitaire bien \u00e9videmment).\u00a0<\/span><\/span><span style=\"font-family: Arial, serif;\"><span style=\"font-size: small;\">Pour ce qui est du<strong> mixage des Publics<\/strong>, nous avons demand\u00e9 un moratoire en r\u00e9gion tant que le bilan des deux exp\u00e9rimentations (Montreuil-Bellay et Lu\u00e7on-P\u00e9tr\u00e9) ne sera pas r\u00e9alis\u00e9. Les directions n\u2019attendent pas ledit \u201cvade-mecum\u201d de la DRAAF pour monter des projets de mixage. Au Mans, les personnels ont obtenu, \u00e0 cette rentr\u00e9e, l\u2019ouverture d\u2019une section par apprentissage en BTSA Gestion foresti\u00e8re, tout en maintenant la classe de BTSA en formation initiale scolaire. Contrairement aux arguments expos\u00e9s sur la n\u00e9cessit\u00e9 de mixer car seul un ou deux apprentis seraient concern\u00e9s, ce n\u2019est pas moins de 9 apprentis qui constituent le groupe au CFA et la classe au lyc\u00e9e accueille 24 \u00e9tudiants. Les deux voies de formation parall\u00e8les confortent donc les effectifs et permettent de r\u00e9pondre aux attentes des jeunes et de leur famille.<\/span><\/span><\/p>\n<p><span style=\"font-family: Arial, serif;\"><span style=\"font-size: large;\"><b>Les conditions sanitaires de la rentr\u00e9e de novembre<\/b><\/span><\/span><\/p>\n<p align=\"justify\"><span style=\"font-family: Arial, serif;\"><span style=\"font-size: small;\">Nous n\u2019avons pas abord\u00e9 ce point compte tenu du fait qu\u2019un CHSCTREA extraordinaire a pr\u00e9c\u00e9d\u00e9 ce CTREA. Voici nos avis ici\u00a0:<\/span><\/span><\/p>\n<p align=\"justify\"><a href=\"https:\/\/regions-snetap-fsu.fr\/pdl\/2020\/11\/09\/avis-votes-lors-du-chsctrea-des-pays-de-la-loire-5-11-2020\/\"><span style=\"color: #000080;\"><span style=\"font-family: Arial, serif;\"><span style=\"font-size: small;\"><u>https:\/\/regions-snetap-fsu.fr\/pdl\/2020\/11\/09\/avis-votes-lors-du-chsctrea-des-pays-de-la-loire-5-11-2020\/<\/u><\/span><\/span><\/span><\/a><\/p>\n<p><span style=\"font-family: Arial, serif;\"><span style=\"font-size: large;\"><b>Hommage \u00e0 Samuel PATY : face \u00e0 l\u2019impr\u00e9paration de l\u2019administration, les personnels d\u00e9noncent le m\u00e9pris et font des propositions<\/b><\/span><\/span><\/p>\n<p align=\"justify\"><span style=\"font-family: Arial, serif;\"><span style=\"font-size: small;\">Que ce soit dans la d\u00e9claration liminaire ou dans nos interventions, nous avons d\u00e9nonc\u00e9 l\u2019impr\u00e9paration de l\u2019administration quant \u00e0 l\u2019organisation de cette journ\u00e9e hommage et de ses suites. Un des probl\u00e8mes majeurs a r\u00e9sid\u00e9 notamment dans l\u2019absence de communication directe vers les agents&#8230;et dans une organisation laiss\u00e9e une nouvelle fois au local.\u00a0<\/span><\/span><span style=\"font-family: Arial, serif;\"><span style=\"font-size: small;\">Nous avons port\u00e9 alors quelques p<\/span><\/span><span style=\"font-family: Arial, serif;\"><span style=\"font-size: small;\">ropositions\u00a0: des formations sur site sur la La\u00efcit\u00e9, r\u00e9activation des projets d\u2019\u00e9tablissement, int\u00e9gration de la charte de la la\u00efcit\u00e9 dans tous les RI et dans toutes les classes, mise en place d\u2019un observatoire sur la libert\u00e9 d\u2019enseigner. Nous avons rappel\u00e9 les cas d<\/span><\/span><span style=\"font-family: Arial, serif;\"><span style=\"font-size: small;\">\u2019entraves \u00e0 cette libert\u00e9 d\u2019enseigner et les pressions exerc\u00e9es sur les enseignants pour remettre en cause le choix des intervenants, comme l\u2019annulation d\u2019un projet PIC sur le v\u00e9ganisme \u00e0 Melle. Les jugements rendus par les tribunaux administratifs \u00e0 ce sujet sont \u00e0 rendre public.<\/span><\/span><\/p>\n<p><span style=\"font-family: Arial, serif;\"><span style=\"font-size: large;\"><b>Une session 2020 des examens exceptionnelle<\/b><\/span><\/span><\/p>\n<p align=\"justify\"><span style=\"font-family: Arial, serif;\"><span style=\"font-size: small;\">La session 2020 des examens a \u00e9t\u00e9 marqu\u00e9e bien \u00e9videmment par la crise COVID et le passage des examens par le contr\u00f4le continue. Si cela se r\u00e9v\u00e9lait \u00eatre, dans ce contexte pr\u00e9cis, une n\u00e9cessit\u00e9, nous d\u00e9non\u00e7ons\/nous opposons toujours ce mode de certification . Les taux de r\u00e9ussite aux examens se sont r\u00e9v\u00e9l\u00e9s tr\u00e8s \u00e9lev\u00e9s et la bienveillance des correcteurs a \u00e9t\u00e9 de mise). Mais avec ces dispositifs d\u2019\u00e9valuation, la<\/span><\/span><span style=\"font-family: Arial, serif;\"><span style=\"font-size: small;\"> croissance assez exceptionnelle du taux de r\u00e9ussite aux examens en MFR (de plus de 12 \u00e0 20 points selon les dipl\u00f4mes) doit nous interroger. <\/span><\/span><\/p>\n<p><span style=\"font-family: Arial, serif;\"><span style=\"font-size: large;\"><b>Bilan rentr\u00e9e scolaire : croissance des effectifs dans le Public et forte baisse dans les MFR<\/b><\/span><\/span><\/p>\n<p align=\"justify\"><span style=\"font-family: Arial, serif;\"><span style=\"font-size: small;\">A cette rentr\u00e9e, nous constatons une <\/span><\/span><span style=\"font-family: Arial, serif;\"><span style=\"font-size: small;\">tr\u00e8s l\u00e9g\u00e8re croissance des effectifs dans le Public (+25 \u00e9l\u00e8ves). Le service public scola<\/span><\/span><span style=\"font-family: Arial, serif;\"><span style=\"font-size: small;\">rise d\u00e9sormais 21% des \u00e9l\u00e8ves dans la r\u00e9gion. A l\u2019inverse, on constate, <\/span><\/span><span style=\"font-family: Arial, serif;\"><span style=\"font-size: small;\">une baisse tr\u00e8s forte en MFR (-430 \u00e9l\u00e8ves)<\/span><\/span><span style=\"font-family: Arial, serif;\"><span style=\"font-size: small;\">.\u00a0<\/span><\/span><span style=\"font-family: Arial, serif;\"><span style=\"font-size: small;\">Sur les effectifs scolaires, c\u2019est une baisse de 530 \u00e9l\u00e8ves en 2 ans&#8230;Le SRFD a pr\u00e9cis\u00e9 que cette baisse inqui\u00e9tante \u00e9tait accompagn\u00e9e d\u2019abandons importants en cours de formation ou d\u2019ann\u00e9e scolaire dans les fili\u00e8res BAC PRO. Autre sujet d\u2019importance, on constate \u00e0 cette rentr\u00e9e, <\/span><\/span><span style=\"font-family: Arial, serif;\"><span style=\"font-size: small;\">une forte croissance des effectifs apprentis (+11%) et notamment dans le priv\u00e9.\u00a0<\/span><\/span><span style=\"font-family: Arial, serif;\"><span style=\"font-size: small;\">Pour ce qui est des HSE COVID, nous avons demand\u00e9 \u00e0 ce que la situation de La Roche sur Yon qui n\u2019a pu disposer de ces heures soit \u00e9tudi\u00e9e de nouveau. Il n\u2019est pas acceptable, alors que la note de service de rentr\u00e9e le rendait obligatoire que certains \u00e9tablissements n\u2019aient aucune heure d\u2019HSE. <\/span><\/span><\/p>\n<p><span style=\"font-family: Arial, serif;\"><span style=\"font-size: large;\"><b>DGH insuffisante&#8230;quand la p\u00e9nurie fait accord entre repr\u00e9sentants des personnels et le SRFD : <\/b><\/span><\/span><span style=\"font-family: Arial, serif;\"><span style=\"font-size: small;\">en 2020, ce sont 650 h qui sont consomm\u00e9es en \u201cd\u00e9passement\u201d par rapport \u00e0 la dotation <\/span><\/span><span style=\"font-family: Arial, serif;\"><span style=\"font-size: small;\">du SRFD<\/span><\/span><span style=\"font-family: Arial, serif;\"><span style=\"font-size: small;\">. Et pour atteindre la fameuse dotation SIBLE 202<\/span><\/span><span style=\"font-family: Arial, serif;\"><span style=\"font-size: small;\">2 DOTATION de la DGER<\/span><\/span><span style=\"font-family: Arial, serif;\"><span style=\"font-size: small;\">, il manquerait encore 2760 h.\u00a0<\/span><\/span><span style=\"font-size: small;\"><span style=\"font-family: Arial, serif;\">Une victoire pour faire respecter nos droits ! Engagement du chef du SRFD : <\/span><span style=\"font-family: Arial, serif;\"><b>les fiches de service des enseignants doivent indiquer STRICTEMENT le nombre de semaines indiqu\u00e9 sur les grilles horaires des dipl\u00f4mes. Pour ce qui est des cycles, la m\u00e9thode retenue est celle de la division par 2 du nombre de semaines indiqu\u00e9.<\/b><\/span><\/span><\/p>\n<p align=\"justify\"><span style=\"font-family: Arial, serif;\"><span style=\"font-size: large;\"><b>Carte scolaire 2021\u00a0: des choix tr\u00e8s clairs et assum\u00e9s pour l\u2019enseignement priv\u00e9 ! <\/b><\/span><\/span><\/p>\n<p align=\"justify\"><span style=\"font-family: Arial, serif;\"><span style=\"font-size: small;\">Le document qui nous est pr\u00e9sent\u00e9 lors de cette s\u00e9ance du CTREA pr\u00e9sentait <\/span><\/span><span style=\"font-family: Arial, serif;\"><span style=\"font-size: small;\">17 demandes d\u2019ouverture (dont 2 dans le Public). La carte scolaire qui est pr\u00e9sent\u00e9e ne comport<\/span><\/span><span style=\"font-family: Arial, serif;\"><span style=\"font-size: small;\">e au final <\/span><\/span><span style=\"font-family: Arial, serif;\"><span style=\"font-size: small;\">aucune ouverture dans le public<\/span><\/span><span style=\"font-family: Arial, serif;\"><span style=\"font-size: small;\"> CONTRE 7 ouvertures dans le Priv\u00e9 ! Au-del\u00e0 des choix clairs pour le priv\u00e9 que nous d\u00e9non\u00e7ons, ces projets vont venir fragiliser les formations du Public. Ce sera le cas de l\u2019ouverture du CAP m\u00e9tiers de l\u2019agriculture \u00e0 Segr\u00e9 qui sera en concurrence directe avec le CAPA de Ch\u00e2teau Gontier. De la m\u00eame mani\u00e8re, a<\/span><\/span><span style=\"font-family: Arial, serif;\"><span style=\"font-size: small;\">ucune suite aux avis favorables <\/span><\/span><span style=\"font-family: Arial, serif;\"><span style=\"font-size: small;\">d\u2019ouverture des<\/span><\/span><span style=\"font-family: Arial, serif;\"><span style=\"font-size: small;\"> BAC PRO CGEA \u00e0 Jules Rieffel et BAC PRO TCV au GB n<\/span><\/span><span style=\"font-family: Arial, serif;\"><span style=\"font-size: small;\">\u2019a \u00e9t\u00e9 donn\u00e9e.<\/span><\/span><\/p>\n<p align=\"justify\"><span style=\"font-family: Arial, serif;\"><span style=\"font-size: small;\"><u><b>Les repr\u00e9sentants des personnels ont vot\u00e9 contre \u00e0 l\u2019unanimit\u00e9 cette carte scolaire. <\/b><\/u><\/span><\/span><\/p>\n<p>&nbsp;<\/p>\n","protected":false},"excerpt":{"rendered":"<p>Compte rendu du CTREA des Pays de la Loire (5 novembre 2020) Suite des \u00e9changes du dernier CTREA&#8230;il faut avancer&#8230; Tout d\u2019abord pour ce qui est du LSU (livret scolaire unique) et des 3e de l\u2019enseignement agricole, nous avons renouvel\u00e9 notre demande de mise en place d\u2019un temps d\u2019\u00e9change des PP (nous allons l\u2019organiser !!) [&hellip;]<\/p>\n","protected":false},"author":2,"featured_media":3729,"comment_status":"closed","ping_status":"closed","sticky":false,"template":"","format":"standard","meta":{"ocean_post_layout":"","ocean_both_sidebars_style":"","ocean_both_sidebars_content_width":0,"ocean_both_sidebars_sidebars_width":0,"ocean_sidebar":"0","ocean_second_sidebar":"0","ocean_disable_margins":"enable","ocean_add_body_class":"","ocean_shortcode_before_top_bar":"","ocean_shortcode_after_top_bar":"","ocean_shortcode_before_header":"","ocean_shortcode_after_header":"","ocean_has_shortcode":"","ocean_shortcode_after_title":"","ocean_shortcode_before_footer_widgets":"","ocean_shortcode_after_footer_widgets":"","ocean_shortcode_before_footer_bottom":"","ocean_shortcode_after_footer_bottom":"","ocean_display_top_bar":"default","ocean_display_header":"default","ocean_header_style":"","ocean_center_header_left_menu":"0","ocean_custom_header_template":"0","ocean_custom_logo":0,"ocean_custom_retina_logo":0,"ocean_custom_logo_max_width":0,"ocean_custom_logo_tablet_max_width":0,"ocean_custom_logo_mobile_max_width":0,"ocean_custom_logo_max_height":0,"ocean_custom_logo_tablet_max_height":0,"ocean_custom_logo_mobile_max_height":0,"ocean_header_custom_menu":"0","ocean_menu_typo_font_family":"0","ocean_menu_typo_font_subset":"","ocean_menu_typo_font_size":0,"ocean_menu_typo_font_size_tablet":0,"ocean_menu_typo_font_size_mobile":0,"ocean_menu_typo_font_size_unit":"px","ocean_menu_typo_font_weight":"","ocean_menu_typo_font_weight_tablet":"","ocean_menu_typo_font_weight_mobile":"","ocean_menu_typo_transform":"","ocean_menu_typo_transform_tablet":"","ocean_menu_typo_transform_mobile":"","ocean_menu_typo_line_height":0,"ocean_menu_typo_line_height_tablet":0,"ocean_menu_typo_line_height_mobile":0,"ocean_menu_typo_line_height_unit":"","ocean_menu_typo_spacing":0,"ocean_menu_typo_spacing_tablet":0,"ocean_menu_typo_spacing_mobile":0,"ocean_menu_typo_spacing_unit":"","ocean_menu_link_color":"","ocean_menu_link_color_hover":"","ocean_menu_link_color_active":"","ocean_menu_link_background":"","ocean_menu_link_hover_background":"","ocean_menu_link_active_background":"","ocean_menu_social_links_bg":"","ocean_menu_social_hover_links_bg":"","ocean_menu_social_links_color":"","ocean_menu_social_hover_links_color":"","ocean_disable_title":"default","ocean_disable_heading":"default","ocean_post_title":"","ocean_post_subheading":"","ocean_post_title_style":"","ocean_post_title_background_color":"","ocean_post_title_background":0,"ocean_post_title_bg_image_position":"","ocean_post_title_bg_image_attachment":"","ocean_post_title_bg_image_repeat":"","ocean_post_title_bg_image_size":"","ocean_post_title_height":0,"ocean_post_title_bg_overlay":0.5,"ocean_post_title_bg_overlay_color":"","ocean_disable_breadcrumbs":"default","ocean_breadcrumbs_color":"","ocean_breadcrumbs_separator_color":"","ocean_breadcrumbs_links_color":"","ocean_breadcrumbs_links_hover_color":"","ocean_display_footer_widgets":"default","ocean_display_footer_bottom":"default","ocean_custom_footer_template":"0","ocean_post_oembed":"","ocean_post_self_hosted_media":"","ocean_post_video_embed":"","ocean_link_format":"","ocean_link_format_target":"self","ocean_quote_format":"","ocean_quote_format_link":"post","ocean_gallery_link_images":"off","ocean_gallery_id":[],"footnotes":""},"categories":[12],"tags":[],"post_folder":[],"class_list":["post-3735","post","type-post","status-publish","format-standard","has-post-thumbnail","hentry","category-csarea","entry","has-media"],"yoast_head":"<!-- This site is optimized with the Yoast SEO plugin v27.4 - https:\/\/yoast.com\/product\/yoast-seo-wordpress\/ -->\n<title>Pays de la Loire : un message clair pour l\u2019ann\u00e9e scolaire 2020-2021...DGH insuffisante et ouvertures de classe dans le priv\u00e9... - PAYS DE LA LOIRE<\/title>\n<meta name=\"robots\" content=\"index, follow, max-snippet:-1, max-image-preview:large, max-video-preview:-1\" \/>\n<link rel=\"canonical\" href=\"https:\/\/regions-snetap-fsu.fr\/pdl\/2020\/11\/15\/ctrea-un-message-clair-pour-lannee-scolaire-2020-2021-dgh-insuffisante-et-ouvertures-de-classe-dans-le-prive\/\" \/>\n<meta property=\"og:locale\" content=\"fr_FR\" \/>\n<meta property=\"og:type\" content=\"article\" \/>\n<meta property=\"og:title\" content=\"Pays de la Loire : un message clair pour l\u2019ann\u00e9e scolaire 2020-2021...DGH insuffisante et ouvertures de classe dans le priv\u00e9... - PAYS DE LA LOIRE\" \/>\n<meta property=\"og:description\" content=\"Compte rendu du CTREA des Pays de la Loire (5 novembre 2020) Suite des \u00e9changes du dernier CTREA&#8230;il faut avancer&#8230; Tout d\u2019abord pour ce qui est du LSU (livret scolaire unique) et des 3e de l\u2019enseignement agricole, nous avons renouvel\u00e9 notre demande de mise en place d\u2019un temps d\u2019\u00e9change des PP (nous allons l\u2019organiser !!) [&hellip;]\" \/>\n<meta property=\"og:url\" content=\"https:\/\/regions-snetap-fsu.fr\/pdl\/2020\/11\/15\/ctrea-un-message-clair-pour-lannee-scolaire-2020-2021-dgh-insuffisante-et-ouvertures-de-classe-dans-le-prive\/\" \/>\n<meta property=\"og:site_name\" content=\"PAYS DE LA LOIRE\" \/>\n<meta property=\"article:published_time\" content=\"2020-11-15T10:58:35+00:00\" \/>\n<meta property=\"article:modified_time\" content=\"2020-11-15T10:59:46+00:00\" \/>\n<meta property=\"og:image\" content=\"https:\/\/regions-snetap-fsu.fr\/pdl\/wp-content\/uploads\/sites\/4\/2020\/11\/CTREA.jpg\" \/>\n\t<meta property=\"og:image:width\" content=\"960\" \/>\n\t<meta property=\"og:image:height\" content=\"515\" \/>\n\t<meta property=\"og:image:type\" content=\"image\/jpeg\" \/>\n<meta name=\"author\" content=\"yvigner\" \/>\n<meta name=\"twitter:card\" content=\"summary_large_image\" \/>\n<meta name=\"twitter:label1\" content=\"\u00c9crit par\" \/>\n\t<meta name=\"twitter:data1\" content=\"yvigner\" \/>\n\t<meta name=\"twitter:label2\" content=\"Dur\u00e9e de lecture estim\u00e9e\" \/>\n\t<meta name=\"twitter:data2\" content=\"5 minutes\" \/>\n<script type=\"application\/ld+json\" class=\"yoast-schema-graph\">{\"@context\":\"https:\\\/\\\/schema.org\",\"@graph\":[{\"@type\":\"Article\",\"@id\":\"https:\\\/\\\/regions-snetap-fsu.fr\\\/pdl\\\/2020\\\/11\\\/15\\\/ctrea-un-message-clair-pour-lannee-scolaire-2020-2021-dgh-insuffisante-et-ouvertures-de-classe-dans-le-prive\\\/#article\",\"isPartOf\":{\"@id\":\"https:\\\/\\\/regions-snetap-fsu.fr\\\/pdl\\\/2020\\\/11\\\/15\\\/ctrea-un-message-clair-pour-lannee-scolaire-2020-2021-dgh-insuffisante-et-ouvertures-de-classe-dans-le-prive\\\/\"},\"author\":{\"name\":\"yvigner\",\"@id\":\"https:\\\/\\\/regions-snetap-fsu.fr\\\/pdl\\\/#\\\/schema\\\/person\\\/d4530af043f9e8d27bdd71c468ec93b1\"},\"headline\":\"Pays de la Loire : un message clair pour l\u2019ann\u00e9e scolaire 2020-2021&#8230;DGH insuffisante et ouvertures de classe dans le priv\u00e9&#8230;\",\"datePublished\":\"2020-11-15T10:58:35+00:00\",\"dateModified\":\"2020-11-15T10:59:46+00:00\",\"mainEntityOfPage\":{\"@id\":\"https:\\\/\\\/regions-snetap-fsu.fr\\\/pdl\\\/2020\\\/11\\\/15\\\/ctrea-un-message-clair-pour-lannee-scolaire-2020-2021-dgh-insuffisante-et-ouvertures-de-classe-dans-le-prive\\\/\"},\"wordCount\":1123,\"publisher\":{\"@id\":\"https:\\\/\\\/regions-snetap-fsu.fr\\\/pdl\\\/#organization\"},\"image\":{\"@id\":\"https:\\\/\\\/regions-snetap-fsu.fr\\\/pdl\\\/2020\\\/11\\\/15\\\/ctrea-un-message-clair-pour-lannee-scolaire-2020-2021-dgh-insuffisante-et-ouvertures-de-classe-dans-le-prive\\\/#primaryimage\"},\"thumbnailUrl\":\"https:\\\/\\\/regions-snetap-fsu.fr\\\/pdl\\\/wp-content\\\/uploads\\\/sites\\\/4\\\/2020\\\/11\\\/CTREA.jpg\",\"articleSection\":[\"CSA-REA (ex CTREA)\"],\"inLanguage\":\"fr-FR\"},{\"@type\":\"WebPage\",\"@id\":\"https:\\\/\\\/regions-snetap-fsu.fr\\\/pdl\\\/2020\\\/11\\\/15\\\/ctrea-un-message-clair-pour-lannee-scolaire-2020-2021-dgh-insuffisante-et-ouvertures-de-classe-dans-le-prive\\\/\",\"url\":\"https:\\\/\\\/regions-snetap-fsu.fr\\\/pdl\\\/2020\\\/11\\\/15\\\/ctrea-un-message-clair-pour-lannee-scolaire-2020-2021-dgh-insuffisante-et-ouvertures-de-classe-dans-le-prive\\\/\",\"name\":\"Pays de la Loire : un message clair pour l\u2019ann\u00e9e scolaire 2020-2021...DGH insuffisante et ouvertures de classe dans le priv\u00e9... - PAYS DE LA LOIRE\",\"isPartOf\":{\"@id\":\"https:\\\/\\\/regions-snetap-fsu.fr\\\/pdl\\\/#website\"},\"primaryImageOfPage\":{\"@id\":\"https:\\\/\\\/regions-snetap-fsu.fr\\\/pdl\\\/2020\\\/11\\\/15\\\/ctrea-un-message-clair-pour-lannee-scolaire-2020-2021-dgh-insuffisante-et-ouvertures-de-classe-dans-le-prive\\\/#primaryimage\"},\"image\":{\"@id\":\"https:\\\/\\\/regions-snetap-fsu.fr\\\/pdl\\\/2020\\\/11\\\/15\\\/ctrea-un-message-clair-pour-lannee-scolaire-2020-2021-dgh-insuffisante-et-ouvertures-de-classe-dans-le-prive\\\/#primaryimage\"},\"thumbnailUrl\":\"https:\\\/\\\/regions-snetap-fsu.fr\\\/pdl\\\/wp-content\\\/uploads\\\/sites\\\/4\\\/2020\\\/11\\\/CTREA.jpg\",\"datePublished\":\"2020-11-15T10:58:35+00:00\",\"dateModified\":\"2020-11-15T10:59:46+00:00\",\"breadcrumb\":{\"@id\":\"https:\\\/\\\/regions-snetap-fsu.fr\\\/pdl\\\/2020\\\/11\\\/15\\\/ctrea-un-message-clair-pour-lannee-scolaire-2020-2021-dgh-insuffisante-et-ouvertures-de-classe-dans-le-prive\\\/#breadcrumb\"},\"inLanguage\":\"fr-FR\",\"potentialAction\":[{\"@type\":\"ReadAction\",\"target\":[\"https:\\\/\\\/regions-snetap-fsu.fr\\\/pdl\\\/2020\\\/11\\\/15\\\/ctrea-un-message-clair-pour-lannee-scolaire-2020-2021-dgh-insuffisante-et-ouvertures-de-classe-dans-le-prive\\\/\"]}]},{\"@type\":\"ImageObject\",\"inLanguage\":\"fr-FR\",\"@id\":\"https:\\\/\\\/regions-snetap-fsu.fr\\\/pdl\\\/2020\\\/11\\\/15\\\/ctrea-un-message-clair-pour-lannee-scolaire-2020-2021-dgh-insuffisante-et-ouvertures-de-classe-dans-le-prive\\\/#primaryimage\",\"url\":\"https:\\\/\\\/regions-snetap-fsu.fr\\\/pdl\\\/wp-content\\\/uploads\\\/sites\\\/4\\\/2020\\\/11\\\/CTREA.jpg\",\"contentUrl\":\"https:\\\/\\\/regions-snetap-fsu.fr\\\/pdl\\\/wp-content\\\/uploads\\\/sites\\\/4\\\/2020\\\/11\\\/CTREA.jpg\",\"width\":960,\"height\":515},{\"@type\":\"BreadcrumbList\",\"@id\":\"https:\\\/\\\/regions-snetap-fsu.fr\\\/pdl\\\/2020\\\/11\\\/15\\\/ctrea-un-message-clair-pour-lannee-scolaire-2020-2021-dgh-insuffisante-et-ouvertures-de-classe-dans-le-prive\\\/#breadcrumb\",\"itemListElement\":[{\"@type\":\"ListItem\",\"position\":1,\"name\":\"Accueil\",\"item\":\"https:\\\/\\\/regions-snetap-fsu.fr\\\/pdl\\\/\"},{\"@type\":\"ListItem\",\"position\":2,\"name\":\"Pays de la Loire : un message clair pour l\u2019ann\u00e9e scolaire 2020-2021&#8230;DGH insuffisante et ouvertures de classe dans le priv\u00e9&#8230;\"}]},{\"@type\":\"WebSite\",\"@id\":\"https:\\\/\\\/regions-snetap-fsu.fr\\\/pdl\\\/#website\",\"url\":\"https:\\\/\\\/regions-snetap-fsu.fr\\\/pdl\\\/\",\"name\":\"SNETAP-FSU PAYS DE LA LOIRE\",\"description\":\"SECTION REGIONALE\",\"publisher\":{\"@id\":\"https:\\\/\\\/regions-snetap-fsu.fr\\\/pdl\\\/#organization\"},\"potentialAction\":[{\"@type\":\"SearchAction\",\"target\":{\"@type\":\"EntryPoint\",\"urlTemplate\":\"https:\\\/\\\/regions-snetap-fsu.fr\\\/pdl\\\/?s={search_term_string}\"},\"query-input\":{\"@type\":\"PropertyValueSpecification\",\"valueRequired\":true,\"valueName\":\"search_term_string\"}}],\"inLanguage\":\"fr-FR\"},{\"@type\":\"Organization\",\"@id\":\"https:\\\/\\\/regions-snetap-fsu.fr\\\/pdl\\\/#organization\",\"name\":\"SNETAP-FSU Pays de Loire\",\"url\":\"https:\\\/\\\/regions-snetap-fsu.fr\\\/pdl\\\/\",\"logo\":{\"@type\":\"ImageObject\",\"inLanguage\":\"fr-FR\",\"@id\":\"https:\\\/\\\/regions-snetap-fsu.fr\\\/pdl\\\/#\\\/schema\\\/logo\\\/image\\\/\",\"url\":\"https:\\\/\\\/regions-snetap-fsu.fr\\\/pdl\\\/wp-content\\\/uploads\\\/sites\\\/4\\\/2020\\\/12\\\/SNETAP-Logo.jpg\",\"contentUrl\":\"https:\\\/\\\/regions-snetap-fsu.fr\\\/pdl\\\/wp-content\\\/uploads\\\/sites\\\/4\\\/2020\\\/12\\\/SNETAP-Logo.jpg\",\"width\":464,\"height\":334,\"caption\":\"SNETAP-FSU Pays de Loire\"},\"image\":{\"@id\":\"https:\\\/\\\/regions-snetap-fsu.fr\\\/pdl\\\/#\\\/schema\\\/logo\\\/image\\\/\"}},{\"@type\":\"Person\",\"@id\":\"https:\\\/\\\/regions-snetap-fsu.fr\\\/pdl\\\/#\\\/schema\\\/person\\\/d4530af043f9e8d27bdd71c468ec93b1\",\"name\":\"yvigner\",\"image\":{\"@type\":\"ImageObject\",\"inLanguage\":\"fr-FR\",\"@id\":\"https:\\\/\\\/secure.gravatar.com\\\/avatar\\\/bc72baa6f2406549aecf77a837bc4f03dbe88472c1762138f868571430a23820?s=96&d=mm&r=g\",\"url\":\"https:\\\/\\\/secure.gravatar.com\\\/avatar\\\/bc72baa6f2406549aecf77a837bc4f03dbe88472c1762138f868571430a23820?s=96&d=mm&r=g\",\"contentUrl\":\"https:\\\/\\\/secure.gravatar.com\\\/avatar\\\/bc72baa6f2406549aecf77a837bc4f03dbe88472c1762138f868571430a23820?s=96&d=mm&r=g\",\"caption\":\"yvigner\"},\"url\":\"https:\\\/\\\/regions-snetap-fsu.fr\\\/pdl\\\/author\\\/yvigner\\\/\"}]}<\/script>\n<!-- \/ Yoast SEO plugin. -->","yoast_head_json":{"title":"Pays de la Loire : un message clair pour l\u2019ann\u00e9e scolaire 2020-2021...DGH insuffisante et ouvertures de classe dans le priv\u00e9... - PAYS DE LA LOIRE","robots":{"index":"index","follow":"follow","max-snippet":"max-snippet:-1","max-image-preview":"max-image-preview:large","max-video-preview":"max-video-preview:-1"},"canonical":"https:\/\/regions-snetap-fsu.fr\/pdl\/2020\/11\/15\/ctrea-un-message-clair-pour-lannee-scolaire-2020-2021-dgh-insuffisante-et-ouvertures-de-classe-dans-le-prive\/","og_locale":"fr_FR","og_type":"article","og_title":"Pays de la Loire : un message clair pour l\u2019ann\u00e9e scolaire 2020-2021...DGH insuffisante et ouvertures de classe dans le priv\u00e9... - PAYS DE LA LOIRE","og_description":"Compte rendu du CTREA des Pays de la Loire (5 novembre 2020) Suite des \u00e9changes du dernier CTREA&#8230;il faut avancer&#8230; Tout d\u2019abord pour ce qui est du LSU (livret scolaire unique) et des 3e de l\u2019enseignement agricole, nous avons renouvel\u00e9 notre demande de mise en place d\u2019un temps d\u2019\u00e9change des PP (nous allons l\u2019organiser !!) [&hellip;]","og_url":"https:\/\/regions-snetap-fsu.fr\/pdl\/2020\/11\/15\/ctrea-un-message-clair-pour-lannee-scolaire-2020-2021-dgh-insuffisante-et-ouvertures-de-classe-dans-le-prive\/","og_site_name":"PAYS DE LA LOIRE","article_published_time":"2020-11-15T10:58:35+00:00","article_modified_time":"2020-11-15T10:59:46+00:00","og_image":[{"width":960,"height":515,"url":"https:\/\/regions-snetap-fsu.fr\/pdl\/wp-content\/uploads\/sites\/4\/2020\/11\/CTREA.jpg","type":"image\/jpeg"}],"author":"yvigner","twitter_card":"summary_large_image","twitter_misc":{"\u00c9crit par":"yvigner","Dur\u00e9e de lecture estim\u00e9e":"5 minutes"},"schema":{"@context":"https:\/\/schema.org","@graph":[{"@type":"Article","@id":"https:\/\/regions-snetap-fsu.fr\/pdl\/2020\/11\/15\/ctrea-un-message-clair-pour-lannee-scolaire-2020-2021-dgh-insuffisante-et-ouvertures-de-classe-dans-le-prive\/#article","isPartOf":{"@id":"https:\/\/regions-snetap-fsu.fr\/pdl\/2020\/11\/15\/ctrea-un-message-clair-pour-lannee-scolaire-2020-2021-dgh-insuffisante-et-ouvertures-de-classe-dans-le-prive\/"},"author":{"name":"yvigner","@id":"https:\/\/regions-snetap-fsu.fr\/pdl\/#\/schema\/person\/d4530af043f9e8d27bdd71c468ec93b1"},"headline":"Pays de la Loire : un message clair pour l\u2019ann\u00e9e scolaire 2020-2021&#8230;DGH insuffisante et ouvertures de classe dans le priv\u00e9&#8230;","datePublished":"2020-11-15T10:58:35+00:00","dateModified":"2020-11-15T10:59:46+00:00","mainEntityOfPage":{"@id":"https:\/\/regions-snetap-fsu.fr\/pdl\/2020\/11\/15\/ctrea-un-message-clair-pour-lannee-scolaire-2020-2021-dgh-insuffisante-et-ouvertures-de-classe-dans-le-prive\/"},"wordCount":1123,"publisher":{"@id":"https:\/\/regions-snetap-fsu.fr\/pdl\/#organization"},"image":{"@id":"https:\/\/regions-snetap-fsu.fr\/pdl\/2020\/11\/15\/ctrea-un-message-clair-pour-lannee-scolaire-2020-2021-dgh-insuffisante-et-ouvertures-de-classe-dans-le-prive\/#primaryimage"},"thumbnailUrl":"https:\/\/regions-snetap-fsu.fr\/pdl\/wp-content\/uploads\/sites\/4\/2020\/11\/CTREA.jpg","articleSection":["CSA-REA (ex CTREA)"],"inLanguage":"fr-FR"},{"@type":"WebPage","@id":"https:\/\/regions-snetap-fsu.fr\/pdl\/2020\/11\/15\/ctrea-un-message-clair-pour-lannee-scolaire-2020-2021-dgh-insuffisante-et-ouvertures-de-classe-dans-le-prive\/","url":"https:\/\/regions-snetap-fsu.fr\/pdl\/2020\/11\/15\/ctrea-un-message-clair-pour-lannee-scolaire-2020-2021-dgh-insuffisante-et-ouvertures-de-classe-dans-le-prive\/","name":"Pays de la Loire : un message clair pour l\u2019ann\u00e9e scolaire 2020-2021...DGH insuffisante et ouvertures de classe dans le priv\u00e9... - PAYS DE LA LOIRE","isPartOf":{"@id":"https:\/\/regions-snetap-fsu.fr\/pdl\/#website"},"primaryImageOfPage":{"@id":"https:\/\/regions-snetap-fsu.fr\/pdl\/2020\/11\/15\/ctrea-un-message-clair-pour-lannee-scolaire-2020-2021-dgh-insuffisante-et-ouvertures-de-classe-dans-le-prive\/#primaryimage"},"image":{"@id":"https:\/\/regions-snetap-fsu.fr\/pdl\/2020\/11\/15\/ctrea-un-message-clair-pour-lannee-scolaire-2020-2021-dgh-insuffisante-et-ouvertures-de-classe-dans-le-prive\/#primaryimage"},"thumbnailUrl":"https:\/\/regions-snetap-fsu.fr\/pdl\/wp-content\/uploads\/sites\/4\/2020\/11\/CTREA.jpg","datePublished":"2020-11-15T10:58:35+00:00","dateModified":"2020-11-15T10:59:46+00:00","breadcrumb":{"@id":"https:\/\/regions-snetap-fsu.fr\/pdl\/2020\/11\/15\/ctrea-un-message-clair-pour-lannee-scolaire-2020-2021-dgh-insuffisante-et-ouvertures-de-classe-dans-le-prive\/#breadcrumb"},"inLanguage":"fr-FR","potentialAction":[{"@type":"ReadAction","target":["https:\/\/regions-snetap-fsu.fr\/pdl\/2020\/11\/15\/ctrea-un-message-clair-pour-lannee-scolaire-2020-2021-dgh-insuffisante-et-ouvertures-de-classe-dans-le-prive\/"]}]},{"@type":"ImageObject","inLanguage":"fr-FR","@id":"https:\/\/regions-snetap-fsu.fr\/pdl\/2020\/11\/15\/ctrea-un-message-clair-pour-lannee-scolaire-2020-2021-dgh-insuffisante-et-ouvertures-de-classe-dans-le-prive\/#primaryimage","url":"https:\/\/regions-snetap-fsu.fr\/pdl\/wp-content\/uploads\/sites\/4\/2020\/11\/CTREA.jpg","contentUrl":"https:\/\/regions-snetap-fsu.fr\/pdl\/wp-content\/uploads\/sites\/4\/2020\/11\/CTREA.jpg","width":960,"height":515},{"@type":"BreadcrumbList","@id":"https:\/\/regions-snetap-fsu.fr\/pdl\/2020\/11\/15\/ctrea-un-message-clair-pour-lannee-scolaire-2020-2021-dgh-insuffisante-et-ouvertures-de-classe-dans-le-prive\/#breadcrumb","itemListElement":[{"@type":"ListItem","position":1,"name":"Accueil","item":"https:\/\/regions-snetap-fsu.fr\/pdl\/"},{"@type":"ListItem","position":2,"name":"Pays de la Loire : un message clair pour l\u2019ann\u00e9e scolaire 2020-2021&#8230;DGH insuffisante et ouvertures de classe dans le priv\u00e9&#8230;"}]},{"@type":"WebSite","@id":"https:\/\/regions-snetap-fsu.fr\/pdl\/#website","url":"https:\/\/regions-snetap-fsu.fr\/pdl\/","name":"SNETAP-FSU PAYS DE LA LOIRE","description":"SECTION REGIONALE","publisher":{"@id":"https:\/\/regions-snetap-fsu.fr\/pdl\/#organization"},"potentialAction":[{"@type":"SearchAction","target":{"@type":"EntryPoint","urlTemplate":"https:\/\/regions-snetap-fsu.fr\/pdl\/?s={search_term_string}"},"query-input":{"@type":"PropertyValueSpecification","valueRequired":true,"valueName":"search_term_string"}}],"inLanguage":"fr-FR"},{"@type":"Organization","@id":"https:\/\/regions-snetap-fsu.fr\/pdl\/#organization","name":"SNETAP-FSU Pays de Loire","url":"https:\/\/regions-snetap-fsu.fr\/pdl\/","logo":{"@type":"ImageObject","inLanguage":"fr-FR","@id":"https:\/\/regions-snetap-fsu.fr\/pdl\/#\/schema\/logo\/image\/","url":"https:\/\/regions-snetap-fsu.fr\/pdl\/wp-content\/uploads\/sites\/4\/2020\/12\/SNETAP-Logo.jpg","contentUrl":"https:\/\/regions-snetap-fsu.fr\/pdl\/wp-content\/uploads\/sites\/4\/2020\/12\/SNETAP-Logo.jpg","width":464,"height":334,"caption":"SNETAP-FSU Pays de Loire"},"image":{"@id":"https:\/\/regions-snetap-fsu.fr\/pdl\/#\/schema\/logo\/image\/"}},{"@type":"Person","@id":"https:\/\/regions-snetap-fsu.fr\/pdl\/#\/schema\/person\/d4530af043f9e8d27bdd71c468ec93b1","name":"yvigner","image":{"@type":"ImageObject","inLanguage":"fr-FR","@id":"https:\/\/secure.gravatar.com\/avatar\/bc72baa6f2406549aecf77a837bc4f03dbe88472c1762138f868571430a23820?s=96&d=mm&r=g","url":"https:\/\/secure.gravatar.com\/avatar\/bc72baa6f2406549aecf77a837bc4f03dbe88472c1762138f868571430a23820?s=96&d=mm&r=g","contentUrl":"https:\/\/secure.gravatar.com\/avatar\/bc72baa6f2406549aecf77a837bc4f03dbe88472c1762138f868571430a23820?s=96&d=mm&r=g","caption":"yvigner"},"url":"https:\/\/regions-snetap-fsu.fr\/pdl\/author\/yvigner\/"}]}},"_links":{"self":[{"href":"https:\/\/regions-snetap-fsu.fr\/pdl\/wp-json\/wp\/v2\/posts\/3735","targetHints":{"allow":["GET"]}}],"collection":[{"href":"https:\/\/regions-snetap-fsu.fr\/pdl\/wp-json\/wp\/v2\/posts"}],"about":[{"href":"https:\/\/regions-snetap-fsu.fr\/pdl\/wp-json\/wp\/v2\/types\/post"}],"author":[{"embeddable":true,"href":"https:\/\/regions-snetap-fsu.fr\/pdl\/wp-json\/wp\/v2\/users\/2"}],"replies":[{"embeddable":true,"href":"https:\/\/regions-snetap-fsu.fr\/pdl\/wp-json\/wp\/v2\/comments?post=3735"}],"version-history":[{"count":4,"href":"https:\/\/regions-snetap-fsu.fr\/pdl\/wp-json\/wp\/v2\/posts\/3735\/revisions"}],"predecessor-version":[{"id":3739,"href":"https:\/\/regions-snetap-fsu.fr\/pdl\/wp-json\/wp\/v2\/posts\/3735\/revisions\/3739"}],"wp:featuredmedia":[{"embeddable":true,"href":"https:\/\/regions-snetap-fsu.fr\/pdl\/wp-json\/wp\/v2\/media\/3729"}],"wp:attachment":[{"href":"https:\/\/regions-snetap-fsu.fr\/pdl\/wp-json\/wp\/v2\/media?parent=3735"}],"wp:term":[{"taxonomy":"category","embeddable":true,"href":"https:\/\/regions-snetap-fsu.fr\/pdl\/wp-json\/wp\/v2\/categories?post=3735"},{"taxonomy":"post_tag","embeddable":true,"href":"https:\/\/regions-snetap-fsu.fr\/pdl\/wp-json\/wp\/v2\/tags?post=3735"},{"taxonomy":"post_folder","embeddable":true,"href":"https:\/\/regions-snetap-fsu.fr\/pdl\/wp-json\/wp\/v2\/post_folder?post=3735"}],"curies":[{"name":"wp","href":"https:\/\/api.w.org\/{rel}","templated":true}]}}