{"id":3700,"date":"2020-10-20T12:13:37","date_gmt":"2020-10-20T10:13:37","guid":{"rendered":"https:\/\/regions-snetap-fsu.fr\/pdl\/?p=3700"},"modified":"2020-10-20T12:14:39","modified_gmt":"2020-10-20T10:14:39","slug":"pradt-en-pays-de-la-loire-victoire-et-clarification","status":"publish","type":"post","link":"https:\/\/regions-snetap-fsu.fr\/pdl\/2020\/10\/20\/pradt-en-pays-de-la-loire-victoire-et-clarification\/","title":{"rendered":"PRADT en Pays de la Loire&#8230;Victoire et clarification"},"content":{"rendered":"<p style=\"text-align: justify;\">Nous avions appris il y a quelques semaines par l&rsquo;interm\u00e9diaire des chefs d&rsquo;\u00e9tablissement que le dispositif de financement des projets \u00e9ducatifs des \u00e9tablissements dit PRADT ne serait pas reconduit pour l&rsquo;ann\u00e9e scolaire 2020-2021. Les informations n&rsquo;\u00e9taient pas pr\u00e9cises mais il \u00e9tait \u00e9voqu\u00e9 la fin de la convention entre le Conseil r\u00e9gional et la DRAAF des Pays de la Loire et une n\u00e9cessaire remise \u00e0 plat du dispositif (et notamment du circuit financier avec le CRIPT d\u00e9pendant du lyc\u00e9e Nantes Terre Atlantique). Les personnels se sont particuli\u00e8rement \u00e9mu de cette information \u00e0 quelques jours du d\u00e9p\u00f4t des dossiers pour cette ann\u00e9e scolaire pour un dispositif qui repr\u00e9sente 20 000\u20ac. Un courrier collectif initi\u00e9 par notre coll\u00e8gue V.JADEAU, enseignante d&rsquo;ESC et repr\u00e9sentante nationale des enseignant.e.s d&rsquo;ESC au SNETAP-FSU a \u00e9t\u00e9 envoy\u00e9 et \u00e0 la R\u00e9gion et \u00e0 la DRAAF. Il semble que ce courrier qui demandait des pr\u00e9cisions et la reprise d&rsquo;un dialogue avec les premiers int\u00e9ress\u00e9s (\u00e0 savoir les enseignants concern\u00e9s) n&rsquo;a pas \u00e9t\u00e9 \u00ab\u00a0appr\u00e9ci\u00e9\u00a0\u00bb et on nous a reproch\u00e9 de vouloir faire de l&rsquo;agitation&#8230;Pour des enseignant.e.s d&rsquo;ESC, notamment, provoquer un d\u00e9bat d&rsquo;id\u00e9es&#8230; quoi de plus normal ???<\/p>\n<p>Au final, ce courrier et ces \u00e9changes auront produit leurs effets puisque depuis quelques jours le PRADT est officiellement maintenu et que les formulaires sont de nouveau disponibles pour d\u00e9poser de nouveaux projets&#8230;AU SERVICE DES \u00c9L\u00c8VES ! Il restera \u00e0 clarifier les calendriers des conventions, le versement des subventions vers les \u00e9tablissements&#8230;<\/p>\n\n\t\t<div class=\"wppdfemb-frame-container-1\" style=\"-webkit-overflow-scrolling:auto;\">\n\t\t\t<iframe class=\"pdfembed-iframe nonfullscreen wppdf-emb-iframe-1\"\n\t\t\t\tsrc=\"https:\/\/regions-snetap-fsu.fr\/pdl\/?pdfemb-data=eyJ1cmwiOiJodHRwczpcL1wvcmVnaW9ucy1zbmV0YXAtZnN1LmZyXC9wZGxcL3dwLWNvbnRlbnRcL3VwbG9hZHNcL3NpdGVzXC80XC8yMDIwXC8xMFwvY291cnJpZXItZmluYW5jZW1lbnQtUFJBRFQtMDgxMDIwMjAucGRmIiwidGl0bGUiOiJjb3VycmllciBmaW5hbmNlbWVudCBQUkFEVCAwODEwMjAyMCIsImluZGV4IjoxLCJwZGZJRCI6MzcwMX0\"\n\t\t\t\ttitle=\"courrier financement PRADT 08102020\"\t\t\t\tdata-pdf-id=\"3701\"\n\t\t\t\tdata-pdf-index=\"1\"\n\t\t\t\tstyle=\"border:none;width:100%;max-width:100%;height:100vh;\"\n\t\t\t\tscrolling=\"yes\">\n\t\t\t<\/iframe>\n\t\t<\/div>\n\n\t\t\n","protected":false},"excerpt":{"rendered":"<p>Nous avions appris il y a quelques semaines par l&rsquo;interm\u00e9diaire des chefs d&rsquo;\u00e9tablissement que le dispositif de financement des projets \u00e9ducatifs des \u00e9tablissements dit PRADT ne serait pas reconduit pour l&rsquo;ann\u00e9e scolaire 2020-2021. Les informations n&rsquo;\u00e9taient pas pr\u00e9cises mais il \u00e9tait \u00e9voqu\u00e9 la fin de la convention entre le Conseil r\u00e9gional et la DRAAF des [&hellip;]<\/p>\n","protected":false},"author":2,"featured_media":3702,"comment_status":"closed","ping_status":"closed","sticky":false,"template":"","format":"standard","meta":{"ocean_post_layout":"","ocean_both_sidebars_style":"","ocean_both_sidebars_content_width":0,"ocean_both_sidebars_sidebars_width":0,"ocean_sidebar":"0","ocean_second_sidebar":"0","ocean_disable_margins":"enable","ocean_add_body_class":"","ocean_shortcode_before_top_bar":"","ocean_shortcode_after_top_bar":"","ocean_shortcode_before_header":"","ocean_shortcode_after_header":"","ocean_has_shortcode":"","ocean_shortcode_after_title":"","ocean_shortcode_before_footer_widgets":"","ocean_shortcode_after_footer_widgets":"","ocean_shortcode_before_footer_bottom":"","ocean_shortcode_after_footer_bottom":"","ocean_display_top_bar":"default","ocean_display_header":"default","ocean_header_style":"","ocean_center_header_left_menu":"0","ocean_custom_header_template":"0","ocean_custom_logo":0,"ocean_custom_retina_logo":0,"ocean_custom_logo_max_width":0,"ocean_custom_logo_tablet_max_width":0,"ocean_custom_logo_mobile_max_width":0,"ocean_custom_logo_max_height":0,"ocean_custom_logo_tablet_max_height":0,"ocean_custom_logo_mobile_max_height":0,"ocean_header_custom_menu":"0","ocean_menu_typo_font_family":"0","ocean_menu_typo_font_subset":"","ocean_menu_typo_font_size":0,"ocean_menu_typo_font_size_tablet":0,"ocean_menu_typo_font_size_mobile":0,"ocean_menu_typo_font_size_unit":"px","ocean_menu_typo_font_weight":"","ocean_menu_typo_font_weight_tablet":"","ocean_menu_typo_font_weight_mobile":"","ocean_menu_typo_transform":"","ocean_menu_typo_transform_tablet":"","ocean_menu_typo_transform_mobile":"","ocean_menu_typo_line_height":0,"ocean_menu_typo_line_height_tablet":0,"ocean_menu_typo_line_height_mobile":0,"ocean_menu_typo_line_height_unit":"","ocean_menu_typo_spacing":0,"ocean_menu_typo_spacing_tablet":0,"ocean_menu_typo_spacing_mobile":0,"ocean_menu_typo_spacing_unit":"","ocean_menu_link_color":"","ocean_menu_link_color_hover":"","ocean_menu_link_color_active":"","ocean_menu_link_background":"","ocean_menu_link_hover_background":"","ocean_menu_link_active_background":"","ocean_menu_social_links_bg":"","ocean_menu_social_hover_links_bg":"","ocean_menu_social_links_color":"","ocean_menu_social_hover_links_color":"","ocean_disable_title":"default","ocean_disable_heading":"default","ocean_post_title":"","ocean_post_subheading":"","ocean_post_title_style":"","ocean_post_title_background_color":"","ocean_post_title_background":0,"ocean_post_title_bg_image_position":"","ocean_post_title_bg_image_attachment":"","ocean_post_title_bg_image_repeat":"","ocean_post_title_bg_image_size":"","ocean_post_title_height":0,"ocean_post_title_bg_overlay":0.5,"ocean_post_title_bg_overlay_color":"","ocean_disable_breadcrumbs":"default","ocean_breadcrumbs_color":"","ocean_breadcrumbs_separator_color":"","ocean_breadcrumbs_links_color":"","ocean_breadcrumbs_links_hover_color":"","ocean_display_footer_widgets":"default","ocean_display_footer_bottom":"default","ocean_custom_footer_template":"0","ocean_post_oembed":"","ocean_post_self_hosted_media":"","ocean_post_video_embed":"","ocean_link_format":"","ocean_link_format_target":"self","ocean_quote_format":"","ocean_quote_format_link":"post","ocean_gallery_link_images":"off","ocean_gallery_id":[],"footnotes":""},"categories":[28,7],"tags":[],"post_folder":[],"class_list":["post-3700","post","type-post","status-publish","format-standard","has-post-thumbnail","hentry","category-actions-regionales","category-conseil-regional","entry","has-media"],"yoast_head":"<!-- This site is optimized with the Yoast SEO plugin v27.4 - https:\/\/yoast.com\/product\/yoast-seo-wordpress\/ -->\n<title>PRADT en Pays de la Loire...Victoire et clarification - PAYS DE LA LOIRE<\/title>\n<meta name=\"robots\" content=\"index, follow, max-snippet:-1, max-image-preview:large, max-video-preview:-1\" \/>\n<link rel=\"canonical\" href=\"https:\/\/regions-snetap-fsu.fr\/pdl\/2020\/10\/20\/pradt-en-pays-de-la-loire-victoire-et-clarification\/\" \/>\n<meta property=\"og:locale\" content=\"fr_FR\" \/>\n<meta property=\"og:type\" content=\"article\" \/>\n<meta property=\"og:title\" content=\"PRADT en Pays de la Loire...Victoire et clarification - PAYS DE LA LOIRE\" \/>\n<meta property=\"og:description\" content=\"Nous avions appris il y a quelques semaines par l&rsquo;interm\u00e9diaire des chefs d&rsquo;\u00e9tablissement que le dispositif de financement des projets \u00e9ducatifs des \u00e9tablissements dit PRADT ne serait pas reconduit pour l&rsquo;ann\u00e9e scolaire 2020-2021. Les informations n&rsquo;\u00e9taient pas pr\u00e9cises mais il \u00e9tait \u00e9voqu\u00e9 la fin de la convention entre le Conseil r\u00e9gional et la DRAAF des [&hellip;]\" \/>\n<meta property=\"og:url\" content=\"https:\/\/regions-snetap-fsu.fr\/pdl\/2020\/10\/20\/pradt-en-pays-de-la-loire-victoire-et-clarification\/\" \/>\n<meta property=\"og:site_name\" content=\"PAYS DE LA LOIRE\" \/>\n<meta property=\"article:published_time\" content=\"2020-10-20T10:13:37+00:00\" \/>\n<meta property=\"article:modified_time\" content=\"2020-10-20T10:14:39+00:00\" \/>\n<meta property=\"og:image\" content=\"https:\/\/regions-snetap-fsu.fr\/pdl\/wp-content\/uploads\/sites\/4\/2020\/10\/logo-artur.jpg\" \/>\n\t<meta property=\"og:image:width\" content=\"300\" \/>\n\t<meta property=\"og:image:height\" content=\"157\" \/>\n\t<meta property=\"og:image:type\" content=\"image\/jpeg\" \/>\n<meta name=\"author\" content=\"yvigner\" \/>\n<meta name=\"twitter:card\" content=\"summary_large_image\" \/>\n<meta name=\"twitter:label1\" content=\"\u00c9crit par\" \/>\n\t<meta name=\"twitter:data1\" content=\"yvigner\" \/>\n\t<meta name=\"twitter:label2\" content=\"Dur\u00e9e de lecture estim\u00e9e\" \/>\n\t<meta name=\"twitter:data2\" content=\"1 minute\" \/>\n<script type=\"application\/ld+json\" class=\"yoast-schema-graph\">{\"@context\":\"https:\\\/\\\/schema.org\",\"@graph\":[{\"@type\":\"Article\",\"@id\":\"https:\\\/\\\/regions-snetap-fsu.fr\\\/pdl\\\/2020\\\/10\\\/20\\\/pradt-en-pays-de-la-loire-victoire-et-clarification\\\/#article\",\"isPartOf\":{\"@id\":\"https:\\\/\\\/regions-snetap-fsu.fr\\\/pdl\\\/2020\\\/10\\\/20\\\/pradt-en-pays-de-la-loire-victoire-et-clarification\\\/\"},\"author\":{\"name\":\"yvigner\",\"@id\":\"https:\\\/\\\/regions-snetap-fsu.fr\\\/pdl\\\/#\\\/schema\\\/person\\\/d4530af043f9e8d27bdd71c468ec93b1\"},\"headline\":\"PRADT en Pays de la Loire&#8230;Victoire et clarification\",\"datePublished\":\"2020-10-20T10:13:37+00:00\",\"dateModified\":\"2020-10-20T10:14:39+00:00\",\"mainEntityOfPage\":{\"@id\":\"https:\\\/\\\/regions-snetap-fsu.fr\\\/pdl\\\/2020\\\/10\\\/20\\\/pradt-en-pays-de-la-loire-victoire-et-clarification\\\/\"},\"wordCount\":295,\"publisher\":{\"@id\":\"https:\\\/\\\/regions-snetap-fsu.fr\\\/pdl\\\/#organization\"},\"image\":{\"@id\":\"https:\\\/\\\/regions-snetap-fsu.fr\\\/pdl\\\/2020\\\/10\\\/20\\\/pradt-en-pays-de-la-loire-victoire-et-clarification\\\/#primaryimage\"},\"thumbnailUrl\":\"https:\\\/\\\/regions-snetap-fsu.fr\\\/pdl\\\/wp-content\\\/uploads\\\/sites\\\/4\\\/2020\\\/10\\\/logo-artur.jpg\",\"articleSection\":[\"Actions r\u00e9gionales\",\"Conseil r\u00e9gional\"],\"inLanguage\":\"fr-FR\"},{\"@type\":\"WebPage\",\"@id\":\"https:\\\/\\\/regions-snetap-fsu.fr\\\/pdl\\\/2020\\\/10\\\/20\\\/pradt-en-pays-de-la-loire-victoire-et-clarification\\\/\",\"url\":\"https:\\\/\\\/regions-snetap-fsu.fr\\\/pdl\\\/2020\\\/10\\\/20\\\/pradt-en-pays-de-la-loire-victoire-et-clarification\\\/\",\"name\":\"PRADT en Pays de la Loire...Victoire et clarification - PAYS DE LA LOIRE\",\"isPartOf\":{\"@id\":\"https:\\\/\\\/regions-snetap-fsu.fr\\\/pdl\\\/#website\"},\"primaryImageOfPage\":{\"@id\":\"https:\\\/\\\/regions-snetap-fsu.fr\\\/pdl\\\/2020\\\/10\\\/20\\\/pradt-en-pays-de-la-loire-victoire-et-clarification\\\/#primaryimage\"},\"image\":{\"@id\":\"https:\\\/\\\/regions-snetap-fsu.fr\\\/pdl\\\/2020\\\/10\\\/20\\\/pradt-en-pays-de-la-loire-victoire-et-clarification\\\/#primaryimage\"},\"thumbnailUrl\":\"https:\\\/\\\/regions-snetap-fsu.fr\\\/pdl\\\/wp-content\\\/uploads\\\/sites\\\/4\\\/2020\\\/10\\\/logo-artur.jpg\",\"datePublished\":\"2020-10-20T10:13:37+00:00\",\"dateModified\":\"2020-10-20T10:14:39+00:00\",\"breadcrumb\":{\"@id\":\"https:\\\/\\\/regions-snetap-fsu.fr\\\/pdl\\\/2020\\\/10\\\/20\\\/pradt-en-pays-de-la-loire-victoire-et-clarification\\\/#breadcrumb\"},\"inLanguage\":\"fr-FR\",\"potentialAction\":[{\"@type\":\"ReadAction\",\"target\":[\"https:\\\/\\\/regions-snetap-fsu.fr\\\/pdl\\\/2020\\\/10\\\/20\\\/pradt-en-pays-de-la-loire-victoire-et-clarification\\\/\"]}]},{\"@type\":\"ImageObject\",\"inLanguage\":\"fr-FR\",\"@id\":\"https:\\\/\\\/regions-snetap-fsu.fr\\\/pdl\\\/2020\\\/10\\\/20\\\/pradt-en-pays-de-la-loire-victoire-et-clarification\\\/#primaryimage\",\"url\":\"https:\\\/\\\/regions-snetap-fsu.fr\\\/pdl\\\/wp-content\\\/uploads\\\/sites\\\/4\\\/2020\\\/10\\\/logo-artur.jpg\",\"contentUrl\":\"https:\\\/\\\/regions-snetap-fsu.fr\\\/pdl\\\/wp-content\\\/uploads\\\/sites\\\/4\\\/2020\\\/10\\\/logo-artur.jpg\",\"width\":300,\"height\":157},{\"@type\":\"BreadcrumbList\",\"@id\":\"https:\\\/\\\/regions-snetap-fsu.fr\\\/pdl\\\/2020\\\/10\\\/20\\\/pradt-en-pays-de-la-loire-victoire-et-clarification\\\/#breadcrumb\",\"itemListElement\":[{\"@type\":\"ListItem\",\"position\":1,\"name\":\"Accueil\",\"item\":\"https:\\\/\\\/regions-snetap-fsu.fr\\\/pdl\\\/\"},{\"@type\":\"ListItem\",\"position\":2,\"name\":\"PRADT en Pays de la Loire&#8230;Victoire et clarification\"}]},{\"@type\":\"WebSite\",\"@id\":\"https:\\\/\\\/regions-snetap-fsu.fr\\\/pdl\\\/#website\",\"url\":\"https:\\\/\\\/regions-snetap-fsu.fr\\\/pdl\\\/\",\"name\":\"SNETAP-FSU PAYS DE LA LOIRE\",\"description\":\"SECTION REGIONALE\",\"publisher\":{\"@id\":\"https:\\\/\\\/regions-snetap-fsu.fr\\\/pdl\\\/#organization\"},\"potentialAction\":[{\"@type\":\"SearchAction\",\"target\":{\"@type\":\"EntryPoint\",\"urlTemplate\":\"https:\\\/\\\/regions-snetap-fsu.fr\\\/pdl\\\/?s={search_term_string}\"},\"query-input\":{\"@type\":\"PropertyValueSpecification\",\"valueRequired\":true,\"valueName\":\"search_term_string\"}}],\"inLanguage\":\"fr-FR\"},{\"@type\":\"Organization\",\"@id\":\"https:\\\/\\\/regions-snetap-fsu.fr\\\/pdl\\\/#organization\",\"name\":\"SNETAP-FSU Pays de Loire\",\"url\":\"https:\\\/\\\/regions-snetap-fsu.fr\\\/pdl\\\/\",\"logo\":{\"@type\":\"ImageObject\",\"inLanguage\":\"fr-FR\",\"@id\":\"https:\\\/\\\/regions-snetap-fsu.fr\\\/pdl\\\/#\\\/schema\\\/logo\\\/image\\\/\",\"url\":\"https:\\\/\\\/regions-snetap-fsu.fr\\\/pdl\\\/wp-content\\\/uploads\\\/sites\\\/4\\\/2020\\\/12\\\/SNETAP-Logo.jpg\",\"contentUrl\":\"https:\\\/\\\/regions-snetap-fsu.fr\\\/pdl\\\/wp-content\\\/uploads\\\/sites\\\/4\\\/2020\\\/12\\\/SNETAP-Logo.jpg\",\"width\":464,\"height\":334,\"caption\":\"SNETAP-FSU Pays de Loire\"},\"image\":{\"@id\":\"https:\\\/\\\/regions-snetap-fsu.fr\\\/pdl\\\/#\\\/schema\\\/logo\\\/image\\\/\"}},{\"@type\":\"Person\",\"@id\":\"https:\\\/\\\/regions-snetap-fsu.fr\\\/pdl\\\/#\\\/schema\\\/person\\\/d4530af043f9e8d27bdd71c468ec93b1\",\"name\":\"yvigner\",\"image\":{\"@type\":\"ImageObject\",\"inLanguage\":\"fr-FR\",\"@id\":\"https:\\\/\\\/secure.gravatar.com\\\/avatar\\\/bc72baa6f2406549aecf77a837bc4f03dbe88472c1762138f868571430a23820?s=96&d=mm&r=g\",\"url\":\"https:\\\/\\\/secure.gravatar.com\\\/avatar\\\/bc72baa6f2406549aecf77a837bc4f03dbe88472c1762138f868571430a23820?s=96&d=mm&r=g\",\"contentUrl\":\"https:\\\/\\\/secure.gravatar.com\\\/avatar\\\/bc72baa6f2406549aecf77a837bc4f03dbe88472c1762138f868571430a23820?s=96&d=mm&r=g\",\"caption\":\"yvigner\"},\"url\":\"https:\\\/\\\/regions-snetap-fsu.fr\\\/pdl\\\/author\\\/yvigner\\\/\"}]}<\/script>\n<!-- \/ Yoast SEO plugin. -->","yoast_head_json":{"title":"PRADT en Pays de la Loire...Victoire et clarification - PAYS DE LA LOIRE","robots":{"index":"index","follow":"follow","max-snippet":"max-snippet:-1","max-image-preview":"max-image-preview:large","max-video-preview":"max-video-preview:-1"},"canonical":"https:\/\/regions-snetap-fsu.fr\/pdl\/2020\/10\/20\/pradt-en-pays-de-la-loire-victoire-et-clarification\/","og_locale":"fr_FR","og_type":"article","og_title":"PRADT en Pays de la Loire...Victoire et clarification - PAYS DE LA LOIRE","og_description":"Nous avions appris il y a quelques semaines par l&rsquo;interm\u00e9diaire des chefs d&rsquo;\u00e9tablissement que le dispositif de financement des projets \u00e9ducatifs des \u00e9tablissements dit PRADT ne serait pas reconduit pour l&rsquo;ann\u00e9e scolaire 2020-2021. Les informations n&rsquo;\u00e9taient pas pr\u00e9cises mais il \u00e9tait \u00e9voqu\u00e9 la fin de la convention entre le Conseil r\u00e9gional et la DRAAF des [&hellip;]","og_url":"https:\/\/regions-snetap-fsu.fr\/pdl\/2020\/10\/20\/pradt-en-pays-de-la-loire-victoire-et-clarification\/","og_site_name":"PAYS DE LA LOIRE","article_published_time":"2020-10-20T10:13:37+00:00","article_modified_time":"2020-10-20T10:14:39+00:00","og_image":[{"width":300,"height":157,"url":"https:\/\/regions-snetap-fsu.fr\/pdl\/wp-content\/uploads\/sites\/4\/2020\/10\/logo-artur.jpg","type":"image\/jpeg"}],"author":"yvigner","twitter_card":"summary_large_image","twitter_misc":{"\u00c9crit par":"yvigner","Dur\u00e9e de lecture estim\u00e9e":"1 minute"},"schema":{"@context":"https:\/\/schema.org","@graph":[{"@type":"Article","@id":"https:\/\/regions-snetap-fsu.fr\/pdl\/2020\/10\/20\/pradt-en-pays-de-la-loire-victoire-et-clarification\/#article","isPartOf":{"@id":"https:\/\/regions-snetap-fsu.fr\/pdl\/2020\/10\/20\/pradt-en-pays-de-la-loire-victoire-et-clarification\/"},"author":{"name":"yvigner","@id":"https:\/\/regions-snetap-fsu.fr\/pdl\/#\/schema\/person\/d4530af043f9e8d27bdd71c468ec93b1"},"headline":"PRADT en Pays de la Loire&#8230;Victoire et clarification","datePublished":"2020-10-20T10:13:37+00:00","dateModified":"2020-10-20T10:14:39+00:00","mainEntityOfPage":{"@id":"https:\/\/regions-snetap-fsu.fr\/pdl\/2020\/10\/20\/pradt-en-pays-de-la-loire-victoire-et-clarification\/"},"wordCount":295,"publisher":{"@id":"https:\/\/regions-snetap-fsu.fr\/pdl\/#organization"},"image":{"@id":"https:\/\/regions-snetap-fsu.fr\/pdl\/2020\/10\/20\/pradt-en-pays-de-la-loire-victoire-et-clarification\/#primaryimage"},"thumbnailUrl":"https:\/\/regions-snetap-fsu.fr\/pdl\/wp-content\/uploads\/sites\/4\/2020\/10\/logo-artur.jpg","articleSection":["Actions r\u00e9gionales","Conseil r\u00e9gional"],"inLanguage":"fr-FR"},{"@type":"WebPage","@id":"https:\/\/regions-snetap-fsu.fr\/pdl\/2020\/10\/20\/pradt-en-pays-de-la-loire-victoire-et-clarification\/","url":"https:\/\/regions-snetap-fsu.fr\/pdl\/2020\/10\/20\/pradt-en-pays-de-la-loire-victoire-et-clarification\/","name":"PRADT en Pays de la Loire...Victoire et clarification - PAYS DE LA LOIRE","isPartOf":{"@id":"https:\/\/regions-snetap-fsu.fr\/pdl\/#website"},"primaryImageOfPage":{"@id":"https:\/\/regions-snetap-fsu.fr\/pdl\/2020\/10\/20\/pradt-en-pays-de-la-loire-victoire-et-clarification\/#primaryimage"},"image":{"@id":"https:\/\/regions-snetap-fsu.fr\/pdl\/2020\/10\/20\/pradt-en-pays-de-la-loire-victoire-et-clarification\/#primaryimage"},"thumbnailUrl":"https:\/\/regions-snetap-fsu.fr\/pdl\/wp-content\/uploads\/sites\/4\/2020\/10\/logo-artur.jpg","datePublished":"2020-10-20T10:13:37+00:00","dateModified":"2020-10-20T10:14:39+00:00","breadcrumb":{"@id":"https:\/\/regions-snetap-fsu.fr\/pdl\/2020\/10\/20\/pradt-en-pays-de-la-loire-victoire-et-clarification\/#breadcrumb"},"inLanguage":"fr-FR","potentialAction":[{"@type":"ReadAction","target":["https:\/\/regions-snetap-fsu.fr\/pdl\/2020\/10\/20\/pradt-en-pays-de-la-loire-victoire-et-clarification\/"]}]},{"@type":"ImageObject","inLanguage":"fr-FR","@id":"https:\/\/regions-snetap-fsu.fr\/pdl\/2020\/10\/20\/pradt-en-pays-de-la-loire-victoire-et-clarification\/#primaryimage","url":"https:\/\/regions-snetap-fsu.fr\/pdl\/wp-content\/uploads\/sites\/4\/2020\/10\/logo-artur.jpg","contentUrl":"https:\/\/regions-snetap-fsu.fr\/pdl\/wp-content\/uploads\/sites\/4\/2020\/10\/logo-artur.jpg","width":300,"height":157},{"@type":"BreadcrumbList","@id":"https:\/\/regions-snetap-fsu.fr\/pdl\/2020\/10\/20\/pradt-en-pays-de-la-loire-victoire-et-clarification\/#breadcrumb","itemListElement":[{"@type":"ListItem","position":1,"name":"Accueil","item":"https:\/\/regions-snetap-fsu.fr\/pdl\/"},{"@type":"ListItem","position":2,"name":"PRADT en Pays de la Loire&#8230;Victoire et clarification"}]},{"@type":"WebSite","@id":"https:\/\/regions-snetap-fsu.fr\/pdl\/#website","url":"https:\/\/regions-snetap-fsu.fr\/pdl\/","name":"SNETAP-FSU PAYS DE LA LOIRE","description":"SECTION REGIONALE","publisher":{"@id":"https:\/\/regions-snetap-fsu.fr\/pdl\/#organization"},"potentialAction":[{"@type":"SearchAction","target":{"@type":"EntryPoint","urlTemplate":"https:\/\/regions-snetap-fsu.fr\/pdl\/?s={search_term_string}"},"query-input":{"@type":"PropertyValueSpecification","valueRequired":true,"valueName":"search_term_string"}}],"inLanguage":"fr-FR"},{"@type":"Organization","@id":"https:\/\/regions-snetap-fsu.fr\/pdl\/#organization","name":"SNETAP-FSU Pays de Loire","url":"https:\/\/regions-snetap-fsu.fr\/pdl\/","logo":{"@type":"ImageObject","inLanguage":"fr-FR","@id":"https:\/\/regions-snetap-fsu.fr\/pdl\/#\/schema\/logo\/image\/","url":"https:\/\/regions-snetap-fsu.fr\/pdl\/wp-content\/uploads\/sites\/4\/2020\/12\/SNETAP-Logo.jpg","contentUrl":"https:\/\/regions-snetap-fsu.fr\/pdl\/wp-content\/uploads\/sites\/4\/2020\/12\/SNETAP-Logo.jpg","width":464,"height":334,"caption":"SNETAP-FSU Pays de Loire"},"image":{"@id":"https:\/\/regions-snetap-fsu.fr\/pdl\/#\/schema\/logo\/image\/"}},{"@type":"Person","@id":"https:\/\/regions-snetap-fsu.fr\/pdl\/#\/schema\/person\/d4530af043f9e8d27bdd71c468ec93b1","name":"yvigner","image":{"@type":"ImageObject","inLanguage":"fr-FR","@id":"https:\/\/secure.gravatar.com\/avatar\/bc72baa6f2406549aecf77a837bc4f03dbe88472c1762138f868571430a23820?s=96&d=mm&r=g","url":"https:\/\/secure.gravatar.com\/avatar\/bc72baa6f2406549aecf77a837bc4f03dbe88472c1762138f868571430a23820?s=96&d=mm&r=g","contentUrl":"https:\/\/secure.gravatar.com\/avatar\/bc72baa6f2406549aecf77a837bc4f03dbe88472c1762138f868571430a23820?s=96&d=mm&r=g","caption":"yvigner"},"url":"https:\/\/regions-snetap-fsu.fr\/pdl\/author\/yvigner\/"}]}},"_links":{"self":[{"href":"https:\/\/regions-snetap-fsu.fr\/pdl\/wp-json\/wp\/v2\/posts\/3700","targetHints":{"allow":["GET"]}}],"collection":[{"href":"https:\/\/regions-snetap-fsu.fr\/pdl\/wp-json\/wp\/v2\/posts"}],"about":[{"href":"https:\/\/regions-snetap-fsu.fr\/pdl\/wp-json\/wp\/v2\/types\/post"}],"author":[{"embeddable":true,"href":"https:\/\/regions-snetap-fsu.fr\/pdl\/wp-json\/wp\/v2\/users\/2"}],"replies":[{"embeddable":true,"href":"https:\/\/regions-snetap-fsu.fr\/pdl\/wp-json\/wp\/v2\/comments?post=3700"}],"version-history":[{"count":2,"href":"https:\/\/regions-snetap-fsu.fr\/pdl\/wp-json\/wp\/v2\/posts\/3700\/revisions"}],"predecessor-version":[{"id":3704,"href":"https:\/\/regions-snetap-fsu.fr\/pdl\/wp-json\/wp\/v2\/posts\/3700\/revisions\/3704"}],"wp:featuredmedia":[{"embeddable":true,"href":"https:\/\/regions-snetap-fsu.fr\/pdl\/wp-json\/wp\/v2\/media\/3702"}],"wp:attachment":[{"href":"https:\/\/regions-snetap-fsu.fr\/pdl\/wp-json\/wp\/v2\/media?parent=3700"}],"wp:term":[{"taxonomy":"category","embeddable":true,"href":"https:\/\/regions-snetap-fsu.fr\/pdl\/wp-json\/wp\/v2\/categories?post=3700"},{"taxonomy":"post_tag","embeddable":true,"href":"https:\/\/regions-snetap-fsu.fr\/pdl\/wp-json\/wp\/v2\/tags?post=3700"},{"taxonomy":"post_folder","embeddable":true,"href":"https:\/\/regions-snetap-fsu.fr\/pdl\/wp-json\/wp\/v2\/post_folder?post=3700"}],"curies":[{"name":"wp","href":"https:\/\/api.w.org\/{rel}","templated":true}]}}