{"id":369,"date":"2017-03-25T12:42:19","date_gmt":"2017-03-25T11:42:19","guid":{"rendered":"http:\/\/snetap-fsu.fr\/comp\/pdl\/?p=369"},"modified":"2018-12-03T23:07:52","modified_gmt":"2018-12-03T22:07:52","slug":"la-fsu-rencontre-le-conseil-regional-des-pays-de-la-loire-les-craintes-demeurentles-inquietudes-persistent","status":"publish","type":"post","link":"https:\/\/regions-snetap-fsu.fr\/pdl\/2017\/03\/25\/la-fsu-rencontre-le-conseil-regional-des-pays-de-la-loire-les-craintes-demeurentles-inquietudes-persistent\/","title":{"rendered":"La FSU rencontre le Conseil r\u00e9gional des Pays de la Loire\u00a0: les craintes demeurent\u2026les inqui\u00e9tudes persistent"},"content":{"rendered":"<h3><strong><img decoding=\"async\" class=\"alignnone wp-image-370\" src=\"https:\/\/regions-snetap-fsu.fr\/pdl\/wp-content\/uploads\/sites\/4\/2017\/03\/FSU-292x300.jpg\" alt=\"\" width=\"91\" height=\"93\" srcset=\"https:\/\/regions-snetap-fsu.fr\/pdl\/wp-content\/uploads\/sites\/4\/2017\/03\/FSU-292x300.jpg 292w, https:\/\/regions-snetap-fsu.fr\/pdl\/wp-content\/uploads\/sites\/4\/2017\/03\/FSU-100x103.jpg 100w, https:\/\/regions-snetap-fsu.fr\/pdl\/wp-content\/uploads\/sites\/4\/2017\/03\/FSU-150x154.jpg 150w, https:\/\/regions-snetap-fsu.fr\/pdl\/wp-content\/uploads\/sites\/4\/2017\/03\/FSU-200x205.jpg 200w, https:\/\/regions-snetap-fsu.fr\/pdl\/wp-content\/uploads\/sites\/4\/2017\/03\/FSU-300x308.jpg 300w, https:\/\/regions-snetap-fsu.fr\/pdl\/wp-content\/uploads\/sites\/4\/2017\/03\/FSU-450x462.jpg 450w, https:\/\/regions-snetap-fsu.fr\/pdl\/wp-content\/uploads\/sites\/4\/2017\/03\/FSU.jpg 584w\" sizes=\"(max-width: 91px) 100vw, 91px\" \/><\/strong><\/h3>\n<h3><strong>La FSU rencontre le Conseil r\u00e9gional des Pays de la Loire : les craintes demeurent\u2026les inqui\u00e9tudes persistent<\/strong><\/h3>\n<p align=\"justify\"><span style=\"font-family: Arial, sans-serif;\"><span style=\"font-size: small;\">La coordination r\u00e9gionale de la FSU a rencontr\u00e9 les services du Conseil r\u00e9gional en charge des questions \u00e9ducatives. Initialement pr\u00e9vue avec M.A.CHEREAU (Vice-Pr\u00e9sident en charge des lyc\u00e9es), la rencontre s&rsquo;est d\u00e9roul\u00e9e en pr\u00e9sence de M.De MOUCHERON (Directeur des lyc\u00e9es), M.LECOMTE (Directeur des ressources humaines).<\/span><\/span><\/p>\n<p align=\"justify\"><span style=\"font-family: Arial, sans-serif;\"><span style=\"font-size: medium;\"><b>Agents r\u00e9gionaux des lyc\u00e9es\u00a0: un discours lib\u00e9ral en vogue<\/b><\/span><\/span><\/p>\n<p align=\"justify\"><span style=\"font-family: Arial, sans-serif;\"><span style=\"font-size: small;\">La FSU a exprim\u00e9 ses craintes sur le maintien des missions, de toutes les missions, actuelles remplies par des agents r\u00e9gionaux des lyc\u00e9es (externalisation, remplacements, recrutements, carri\u00e8res\u2026).<\/span><\/span><\/p>\n<p align=\"justify\"><span style=\"font-family: Arial, sans-serif;\"><span style=\"font-size: small;\">Les r\u00e9ponses ont \u00e9t\u00e9 claires\u00a0: concernant l&rsquo;externalisation- le conseil r\u00e9gional ne s&rsquo;interdit rien et pour ce qui est des dotations des \u00e9tablissements, il n&rsquo;y aura pas de cr\u00e9ation de postes hormis celles dans les nouveaux \u00e9tablissements. Les \u00e9l\u00e9ments de r\u00e9ponses quant aux dysfonctionnements li\u00e9s au non remplacement (ou alors qu&rsquo;\u00e0 50%) des agents en arr\u00eat ont consist\u00e9 \u00e0 \u00e9voquer le co\u00fbt salarial grandissant avec PPCR ou encore avec le vieillissement des effectifs. La DRH de la r\u00e9gion entend agir sur le nombre d&rsquo;arr\u00eats de travail tr\u00e8s important. Les services consid\u00e8rent que tout a aujourd&rsquo;hui \u00e9t\u00e9 essay\u00e9 pour r\u00e9gler ces probl\u00e8mes et se tourne d\u00e9sormais vers une remise \u00e0 plat du management \u00e0 tous les niveaux.<\/span><\/span><\/p>\n<p align=\"justify\"><span style=\"font-family: Arial, sans-serif;\"><span style=\"font-size: small;\">Des salari\u00e9s vus comme des charges grandissantes, le management comme seule r\u00e9ponse&#8230;un vocabulaire connu&#8230;<\/span><\/span><\/p>\n<p align=\"justify\"><span style=\"font-family: Arial, sans-serif;\"><span style=\"font-size: medium;\"><b>Travaux et investissements dans les lyc\u00e9es\u00a0: des \u00e9tudes mais pour quels choix\u00a0?<\/b><\/span><\/span><\/p>\n<p align=\"justify\"><span style=\"font-family: Arial, sans-serif;\"><span style=\"font-size: small;\">Alors que l&rsquo;arriv\u00e9e de la nouvelle majorit\u00e9 a conduit, depuis d\u00e9cembre 2015, \u00e0 l&rsquo;arr\u00eat d&rsquo;un certain nombre de projets (de travaux ou r\u00e9novation) importants dans les \u00e9tablissements, la FSU a voulu savoir quel \u00e9tait le calendrier de reprise de la dynamique d&rsquo;investissements lourds dans les lyc\u00e9es. Il nous a \u00e9t\u00e9 r\u00e9pondu que le Conseil r\u00e9gional avait, tout d&rsquo;abord, engag\u00e9 un d\u00e9mographe afin d&rsquo;affiner, de pr\u00e9ciser les \u00e9tudes de l&rsquo;INSEE (les chiffres de lyc\u00e9ens pr\u00e9vus par l&rsquo;INSEE en 2025 sont d\u00e9j\u00e0 atteints depuis 2016\u00a0!). Les r\u00e9sultats de ces \u00e9tudes d\u00e9mographiques seront connus \u00e0 la fin de l&rsquo;ann\u00e9e 2017. A cette d\u00e9marche, s&rsquo;associe celle men\u00e9e \u00e9tablissement par \u00e9tablissement par un cabinet ext\u00e9rieur quant aux capacit\u00e9s d&rsquo;accueil des lyc\u00e9es publics lig\u00e9riens. Le r\u00e9sultat de cette nouvelle \u00e9tude sera, elle aussi, connue en d\u00e9cembre. Ce n&rsquo;est qu&rsquo;alors que sera connu le PIL (programme d&rsquo;investissements lourds) pour les 6 prochaines ann\u00e9es.<\/span><\/span><\/p>\n<p align=\"justify\"><span style=\"font-family: Arial, sans-serif;\"><span style=\"font-size: small;\">Une r\u00e9ponse \u00e9videmment insuffisante pour les \u00e9quipes qui attendent depuis des mois une r\u00e9ponse quant \u00e0 la suite des investissements.<\/span><\/span><\/p>\n<p align=\"justify\"><span style=\"font-family: Arial, sans-serif;\"><span style=\"font-size: medium;\"><b>Orientation&#8230;le SPRO\u00a0:<\/b><\/span><\/span><\/p>\n<p align=\"justify\"><span style=\"font-family: Arial, sans-serif;\"><span style=\"font-size: small;\">Aucun interlocuteur comp\u00e9tent sur le sujet n\u2019\u00e9tait pr\u00e9sent mais il a \u00e9t\u00e9 confirm\u00e9 qu\u2019il fallait revoir la charte adopt\u00e9e par l\u2019ancienne majorit\u00e9 pour aller vers encore et toujours plus de porosit\u00e9 entre les diff\u00e9rents acteurs du service public r\u00e9gional de l\u2019orientation pour lequel la r\u00e9gion est d\u00e9sormais \u00ab\u00a0t\u00eate de fil\u00a0\u00bb. La r\u00e9gion escompte inciter les diff\u00e9rents professionnels de l\u2019orientation \u00e0 tenir des permanences dans des lieux \u00ab\u00a0uniques\u00a0\u00bb ppour faciliter l\u2019accueil des publics. Cela se jouera par bassins. Les sp\u00e9cificit\u00e9s des CIO demeureront mais une meilleure relation avec les structures labellis\u00e9es devra \u00eatre recherch\u00e9e.<\/span><\/span><\/p>\n<p align=\"justify\"><span style=\"font-family: Arial, sans-serif;\"><span style=\"font-size: medium;\"><b>Relogement fonctionnement du CREPS (centre r\u00e9gional expertise performance sportive)\u00a0:<\/b><\/span><\/span><\/p>\n<p align=\"justify\"><span style=\"font-family: Arial, sans-serif;\"><span style=\"font-size: small;\">Cet \u00e9tablissement actuellement situ\u00e9 \u00e0 nantes va \u00eatre relocalis\u00e9 \u00e0 La Chapelle sur Erdre en banlieue nantaise \u00e0 \u00e9ch\u00e9ance de quatre ou cinq ans. Mais la fili\u00e8re d\u2019entretien est depuis le 01\/01\/17 confi\u00e9e en gestion \u00e0 la r\u00e9gion. Le choix a \u00e9t\u00e9 fait de faire relever les agents de la fili\u00e8re ATT g\u00e9n\u00e9rale. Les non titulaires seront titularis\u00e9s mais les emplois aid\u00e9s iront jusqu\u2019au terme de leur contrat sans plus. Pour l\u2019heure les besoins en personnels d\u2019entretien ne sont pas \u00e9valu\u00e9s sur le futur site. Un orientation se dessine toutefois consistant \u00e0 pr\u00e9voir sur certains secteurs sp\u00e9cialis\u00e9s ou \u00e0 haute technicit\u00e9 des \u00e9quipes mobiles d\u2019intervention ou des prestataires de services. L\u2019argument\u00a0? D\u00e9sormais des profils d\u2019emploi de grande technicit\u00e9 ne rel\u00e8vent plus de la cat\u00e9gorie C et l\u2019externalisation devient le recours le plus adapt\u00e9. L\u00e0 aussi le discours est r\u00f4d\u00e9, la novlangue est en marche.<\/span><\/span><\/p>\n<p align=\"right\"><span style=\"font-family: Arial, sans-serif;\"><span style=\"font-size: small;\"><b>mars 2017<\/b><\/span><\/span><\/p>\n<p align=\"right\"><span style=\"font-family: Arial, sans-serif;\"><span style=\"font-size: small;\"><b>La coordination r\u00e9gionale de la FSU<\/b><\/span><\/span><\/p>\n","protected":false},"excerpt":{"rendered":"<p>La FSU rencontre le Conseil r\u00e9gional des Pays de la Loire : les craintes demeurent\u2026les inqui\u00e9tudes persistent La coordination r\u00e9gionale de la FSU a rencontr\u00e9 les services du Conseil r\u00e9gional en charge des questions \u00e9ducatives. Initialement pr\u00e9vue avec M.A.CHEREAU (Vice-Pr\u00e9sident en charge des lyc\u00e9es), la rencontre s&rsquo;est d\u00e9roul\u00e9e en pr\u00e9sence de M.De MOUCHERON (Directeur des [&hellip;]<\/p>\n","protected":false},"author":2,"featured_media":0,"comment_status":"closed","ping_status":"closed","sticky":false,"template":"","format":"standard","meta":{"ocean_post_layout":"","ocean_both_sidebars_style":"","ocean_both_sidebars_content_width":0,"ocean_both_sidebars_sidebars_width":0,"ocean_sidebar":"","ocean_second_sidebar":"","ocean_disable_margins":"enable","ocean_add_body_class":"","ocean_shortcode_before_top_bar":"","ocean_shortcode_after_top_bar":"","ocean_shortcode_before_header":"","ocean_shortcode_after_header":"","ocean_has_shortcode":"","ocean_shortcode_after_title":"","ocean_shortcode_before_footer_widgets":"","ocean_shortcode_after_footer_widgets":"","ocean_shortcode_before_footer_bottom":"","ocean_shortcode_after_footer_bottom":"","ocean_display_top_bar":"default","ocean_display_header":"default","ocean_header_style":"","ocean_center_header_left_menu":"","ocean_custom_header_template":"","ocean_custom_logo":0,"ocean_custom_retina_logo":0,"ocean_custom_logo_max_width":0,"ocean_custom_logo_tablet_max_width":0,"ocean_custom_logo_mobile_max_width":0,"ocean_custom_logo_max_height":0,"ocean_custom_logo_tablet_max_height":0,"ocean_custom_logo_mobile_max_height":0,"ocean_header_custom_menu":"","ocean_menu_typo_font_family":"","ocean_menu_typo_font_subset":"","ocean_menu_typo_font_size":0,"ocean_menu_typo_font_size_tablet":0,"ocean_menu_typo_font_size_mobile":0,"ocean_menu_typo_font_size_unit":"px","ocean_menu_typo_font_weight":"","ocean_menu_typo_font_weight_tablet":"","ocean_menu_typo_font_weight_mobile":"","ocean_menu_typo_transform":"","ocean_menu_typo_transform_tablet":"","ocean_menu_typo_transform_mobile":"","ocean_menu_typo_line_height":0,"ocean_menu_typo_line_height_tablet":0,"ocean_menu_typo_line_height_mobile":0,"ocean_menu_typo_line_height_unit":"","ocean_menu_typo_spacing":0,"ocean_menu_typo_spacing_tablet":0,"ocean_menu_typo_spacing_mobile":0,"ocean_menu_typo_spacing_unit":"","ocean_menu_link_color":"","ocean_menu_link_color_hover":"","ocean_menu_link_color_active":"","ocean_menu_link_background":"","ocean_menu_link_hover_background":"","ocean_menu_link_active_background":"","ocean_menu_social_links_bg":"","ocean_menu_social_hover_links_bg":"","ocean_menu_social_links_color":"","ocean_menu_social_hover_links_color":"","ocean_disable_title":"default","ocean_disable_heading":"default","ocean_post_title":"","ocean_post_subheading":"","ocean_post_title_style":"","ocean_post_title_background_color":"","ocean_post_title_background":0,"ocean_post_title_bg_image_position":"","ocean_post_title_bg_image_attachment":"","ocean_post_title_bg_image_repeat":"","ocean_post_title_bg_image_size":"","ocean_post_title_height":0,"ocean_post_title_bg_overlay":0.5,"ocean_post_title_bg_overlay_color":"","ocean_disable_breadcrumbs":"default","ocean_breadcrumbs_color":"","ocean_breadcrumbs_separator_color":"","ocean_breadcrumbs_links_color":"","ocean_breadcrumbs_links_hover_color":"","ocean_display_footer_widgets":"default","ocean_display_footer_bottom":"default","ocean_custom_footer_template":"","ocean_post_oembed":"","ocean_post_self_hosted_media":"","ocean_post_video_embed":"","ocean_link_format":"","ocean_link_format_target":"self","ocean_quote_format":"","ocean_quote_format_link":"post","ocean_gallery_link_images":"on","ocean_gallery_id":[],"footnotes":""},"categories":[9,7],"tags":[],"post_folder":[],"class_list":["post-369","post","type-post","status-publish","format-standard","hentry","category-actions-et-communiques","category-conseil-regional","entry"],"yoast_head":"<!-- This site is optimized with the Yoast SEO plugin v27.4 - https:\/\/yoast.com\/product\/yoast-seo-wordpress\/ -->\n<title>La FSU rencontre le Conseil r\u00e9gional des Pays de la Loire\u00a0: les craintes demeurent\u2026les inqui\u00e9tudes persistent - PAYS DE LA LOIRE<\/title>\n<meta name=\"robots\" content=\"index, follow, max-snippet:-1, max-image-preview:large, max-video-preview:-1\" \/>\n<link rel=\"canonical\" href=\"https:\/\/regions-snetap-fsu.fr\/pdl\/2017\/03\/25\/la-fsu-rencontre-le-conseil-regional-des-pays-de-la-loire-les-craintes-demeurentles-inquietudes-persistent\/\" \/>\n<meta property=\"og:locale\" content=\"fr_FR\" \/>\n<meta property=\"og:type\" content=\"article\" \/>\n<meta property=\"og:title\" content=\"La FSU rencontre le Conseil r\u00e9gional des Pays de la Loire\u00a0: les craintes demeurent\u2026les inqui\u00e9tudes persistent - PAYS DE LA LOIRE\" \/>\n<meta property=\"og:description\" content=\"La FSU rencontre le Conseil r\u00e9gional des Pays de la Loire : les craintes demeurent\u2026les inqui\u00e9tudes persistent La coordination r\u00e9gionale de la FSU a rencontr\u00e9 les services du Conseil r\u00e9gional en charge des questions \u00e9ducatives. Initialement pr\u00e9vue avec M.A.CHEREAU (Vice-Pr\u00e9sident en charge des lyc\u00e9es), la rencontre s&rsquo;est d\u00e9roul\u00e9e en pr\u00e9sence de M.De MOUCHERON (Directeur des [&hellip;]\" \/>\n<meta property=\"og:url\" content=\"https:\/\/regions-snetap-fsu.fr\/pdl\/2017\/03\/25\/la-fsu-rencontre-le-conseil-regional-des-pays-de-la-loire-les-craintes-demeurentles-inquietudes-persistent\/\" \/>\n<meta property=\"og:site_name\" content=\"PAYS DE LA LOIRE\" \/>\n<meta property=\"article:published_time\" content=\"2017-03-25T11:42:19+00:00\" \/>\n<meta property=\"article:modified_time\" content=\"2018-12-03T22:07:52+00:00\" \/>\n<meta property=\"og:image\" content=\"https:\/\/regions-snetap-fsu.fr\/pdl\/wp-content\/uploads\/sites\/4\/2017\/03\/FSU-292x300.jpg\" \/>\n<meta name=\"author\" content=\"yvigner\" \/>\n<meta name=\"twitter:card\" content=\"summary_large_image\" \/>\n<meta name=\"twitter:label1\" content=\"\u00c9crit par\" \/>\n\t<meta name=\"twitter:data1\" content=\"yvigner\" \/>\n\t<meta name=\"twitter:label2\" content=\"Dur\u00e9e de lecture estim\u00e9e\" \/>\n\t<meta name=\"twitter:data2\" content=\"4 minutes\" \/>\n<script type=\"application\/ld+json\" class=\"yoast-schema-graph\">{\"@context\":\"https:\\\/\\\/schema.org\",\"@graph\":[{\"@type\":\"Article\",\"@id\":\"https:\\\/\\\/regions-snetap-fsu.fr\\\/pdl\\\/2017\\\/03\\\/25\\\/la-fsu-rencontre-le-conseil-regional-des-pays-de-la-loire-les-craintes-demeurentles-inquietudes-persistent\\\/#article\",\"isPartOf\":{\"@id\":\"https:\\\/\\\/regions-snetap-fsu.fr\\\/pdl\\\/2017\\\/03\\\/25\\\/la-fsu-rencontre-le-conseil-regional-des-pays-de-la-loire-les-craintes-demeurentles-inquietudes-persistent\\\/\"},\"author\":{\"name\":\"yvigner\",\"@id\":\"https:\\\/\\\/regions-snetap-fsu.fr\\\/pdl\\\/#\\\/schema\\\/person\\\/d4530af043f9e8d27bdd71c468ec93b1\"},\"headline\":\"La FSU rencontre le Conseil r\u00e9gional des Pays de la Loire\u00a0: les craintes demeurent\u2026les inqui\u00e9tudes persistent\",\"datePublished\":\"2017-03-25T11:42:19+00:00\",\"dateModified\":\"2018-12-03T22:07:52+00:00\",\"mainEntityOfPage\":{\"@id\":\"https:\\\/\\\/regions-snetap-fsu.fr\\\/pdl\\\/2017\\\/03\\\/25\\\/la-fsu-rencontre-le-conseil-regional-des-pays-de-la-loire-les-craintes-demeurentles-inquietudes-persistent\\\/\"},\"wordCount\":792,\"publisher\":{\"@id\":\"https:\\\/\\\/regions-snetap-fsu.fr\\\/pdl\\\/#organization\"},\"image\":{\"@id\":\"https:\\\/\\\/regions-snetap-fsu.fr\\\/pdl\\\/2017\\\/03\\\/25\\\/la-fsu-rencontre-le-conseil-regional-des-pays-de-la-loire-les-craintes-demeurentles-inquietudes-persistent\\\/#primaryimage\"},\"thumbnailUrl\":\"https:\\\/\\\/regions-snetap-fsu.fr\\\/pdl\\\/wp-content\\\/uploads\\\/sites\\\/4\\\/2017\\\/03\\\/FSU-292x300.jpg\",\"articleSection\":[\"Communiqu\u00e9s\",\"Conseil r\u00e9gional\"],\"inLanguage\":\"fr-FR\"},{\"@type\":\"WebPage\",\"@id\":\"https:\\\/\\\/regions-snetap-fsu.fr\\\/pdl\\\/2017\\\/03\\\/25\\\/la-fsu-rencontre-le-conseil-regional-des-pays-de-la-loire-les-craintes-demeurentles-inquietudes-persistent\\\/\",\"url\":\"https:\\\/\\\/regions-snetap-fsu.fr\\\/pdl\\\/2017\\\/03\\\/25\\\/la-fsu-rencontre-le-conseil-regional-des-pays-de-la-loire-les-craintes-demeurentles-inquietudes-persistent\\\/\",\"name\":\"La FSU rencontre le Conseil r\u00e9gional des Pays de la Loire\u00a0: les craintes demeurent\u2026les inqui\u00e9tudes persistent - PAYS DE LA LOIRE\",\"isPartOf\":{\"@id\":\"https:\\\/\\\/regions-snetap-fsu.fr\\\/pdl\\\/#website\"},\"primaryImageOfPage\":{\"@id\":\"https:\\\/\\\/regions-snetap-fsu.fr\\\/pdl\\\/2017\\\/03\\\/25\\\/la-fsu-rencontre-le-conseil-regional-des-pays-de-la-loire-les-craintes-demeurentles-inquietudes-persistent\\\/#primaryimage\"},\"image\":{\"@id\":\"https:\\\/\\\/regions-snetap-fsu.fr\\\/pdl\\\/2017\\\/03\\\/25\\\/la-fsu-rencontre-le-conseil-regional-des-pays-de-la-loire-les-craintes-demeurentles-inquietudes-persistent\\\/#primaryimage\"},\"thumbnailUrl\":\"https:\\\/\\\/regions-snetap-fsu.fr\\\/pdl\\\/wp-content\\\/uploads\\\/sites\\\/4\\\/2017\\\/03\\\/FSU-292x300.jpg\",\"datePublished\":\"2017-03-25T11:42:19+00:00\",\"dateModified\":\"2018-12-03T22:07:52+00:00\",\"breadcrumb\":{\"@id\":\"https:\\\/\\\/regions-snetap-fsu.fr\\\/pdl\\\/2017\\\/03\\\/25\\\/la-fsu-rencontre-le-conseil-regional-des-pays-de-la-loire-les-craintes-demeurentles-inquietudes-persistent\\\/#breadcrumb\"},\"inLanguage\":\"fr-FR\",\"potentialAction\":[{\"@type\":\"ReadAction\",\"target\":[\"https:\\\/\\\/regions-snetap-fsu.fr\\\/pdl\\\/2017\\\/03\\\/25\\\/la-fsu-rencontre-le-conseil-regional-des-pays-de-la-loire-les-craintes-demeurentles-inquietudes-persistent\\\/\"]}]},{\"@type\":\"ImageObject\",\"inLanguage\":\"fr-FR\",\"@id\":\"https:\\\/\\\/regions-snetap-fsu.fr\\\/pdl\\\/2017\\\/03\\\/25\\\/la-fsu-rencontre-le-conseil-regional-des-pays-de-la-loire-les-craintes-demeurentles-inquietudes-persistent\\\/#primaryimage\",\"url\":\"https:\\\/\\\/regions-snetap-fsu.fr\\\/pdl\\\/wp-content\\\/uploads\\\/sites\\\/4\\\/2017\\\/03\\\/FSU.jpg\",\"contentUrl\":\"https:\\\/\\\/regions-snetap-fsu.fr\\\/pdl\\\/wp-content\\\/uploads\\\/sites\\\/4\\\/2017\\\/03\\\/FSU.jpg\",\"width\":584,\"height\":600},{\"@type\":\"BreadcrumbList\",\"@id\":\"https:\\\/\\\/regions-snetap-fsu.fr\\\/pdl\\\/2017\\\/03\\\/25\\\/la-fsu-rencontre-le-conseil-regional-des-pays-de-la-loire-les-craintes-demeurentles-inquietudes-persistent\\\/#breadcrumb\",\"itemListElement\":[{\"@type\":\"ListItem\",\"position\":1,\"name\":\"Accueil\",\"item\":\"https:\\\/\\\/regions-snetap-fsu.fr\\\/pdl\\\/\"},{\"@type\":\"ListItem\",\"position\":2,\"name\":\"La FSU rencontre le Conseil r\u00e9gional des Pays de la Loire\u00a0: les craintes demeurent\u2026les inqui\u00e9tudes persistent\"}]},{\"@type\":\"WebSite\",\"@id\":\"https:\\\/\\\/regions-snetap-fsu.fr\\\/pdl\\\/#website\",\"url\":\"https:\\\/\\\/regions-snetap-fsu.fr\\\/pdl\\\/\",\"name\":\"SNETAP-FSU PAYS DE LA LOIRE\",\"description\":\"SECTION REGIONALE\",\"publisher\":{\"@id\":\"https:\\\/\\\/regions-snetap-fsu.fr\\\/pdl\\\/#organization\"},\"potentialAction\":[{\"@type\":\"SearchAction\",\"target\":{\"@type\":\"EntryPoint\",\"urlTemplate\":\"https:\\\/\\\/regions-snetap-fsu.fr\\\/pdl\\\/?s={search_term_string}\"},\"query-input\":{\"@type\":\"PropertyValueSpecification\",\"valueRequired\":true,\"valueName\":\"search_term_string\"}}],\"inLanguage\":\"fr-FR\"},{\"@type\":\"Organization\",\"@id\":\"https:\\\/\\\/regions-snetap-fsu.fr\\\/pdl\\\/#organization\",\"name\":\"SNETAP-FSU Pays de Loire\",\"url\":\"https:\\\/\\\/regions-snetap-fsu.fr\\\/pdl\\\/\",\"logo\":{\"@type\":\"ImageObject\",\"inLanguage\":\"fr-FR\",\"@id\":\"https:\\\/\\\/regions-snetap-fsu.fr\\\/pdl\\\/#\\\/schema\\\/logo\\\/image\\\/\",\"url\":\"https:\\\/\\\/regions-snetap-fsu.fr\\\/pdl\\\/wp-content\\\/uploads\\\/sites\\\/4\\\/2020\\\/12\\\/SNETAP-Logo.jpg\",\"contentUrl\":\"https:\\\/\\\/regions-snetap-fsu.fr\\\/pdl\\\/wp-content\\\/uploads\\\/sites\\\/4\\\/2020\\\/12\\\/SNETAP-Logo.jpg\",\"width\":464,\"height\":334,\"caption\":\"SNETAP-FSU Pays de Loire\"},\"image\":{\"@id\":\"https:\\\/\\\/regions-snetap-fsu.fr\\\/pdl\\\/#\\\/schema\\\/logo\\\/image\\\/\"}},{\"@type\":\"Person\",\"@id\":\"https:\\\/\\\/regions-snetap-fsu.fr\\\/pdl\\\/#\\\/schema\\\/person\\\/d4530af043f9e8d27bdd71c468ec93b1\",\"name\":\"yvigner\",\"image\":{\"@type\":\"ImageObject\",\"inLanguage\":\"fr-FR\",\"@id\":\"https:\\\/\\\/secure.gravatar.com\\\/avatar\\\/bc72baa6f2406549aecf77a837bc4f03dbe88472c1762138f868571430a23820?s=96&d=mm&r=g\",\"url\":\"https:\\\/\\\/secure.gravatar.com\\\/avatar\\\/bc72baa6f2406549aecf77a837bc4f03dbe88472c1762138f868571430a23820?s=96&d=mm&r=g\",\"contentUrl\":\"https:\\\/\\\/secure.gravatar.com\\\/avatar\\\/bc72baa6f2406549aecf77a837bc4f03dbe88472c1762138f868571430a23820?s=96&d=mm&r=g\",\"caption\":\"yvigner\"},\"url\":\"https:\\\/\\\/regions-snetap-fsu.fr\\\/pdl\\\/author\\\/yvigner\\\/\"}]}<\/script>\n<!-- \/ Yoast SEO plugin. -->","yoast_head_json":{"title":"La FSU rencontre le Conseil r\u00e9gional des Pays de la Loire\u00a0: les craintes demeurent\u2026les inqui\u00e9tudes persistent - PAYS DE LA LOIRE","robots":{"index":"index","follow":"follow","max-snippet":"max-snippet:-1","max-image-preview":"max-image-preview:large","max-video-preview":"max-video-preview:-1"},"canonical":"https:\/\/regions-snetap-fsu.fr\/pdl\/2017\/03\/25\/la-fsu-rencontre-le-conseil-regional-des-pays-de-la-loire-les-craintes-demeurentles-inquietudes-persistent\/","og_locale":"fr_FR","og_type":"article","og_title":"La FSU rencontre le Conseil r\u00e9gional des Pays de la Loire\u00a0: les craintes demeurent\u2026les inqui\u00e9tudes persistent - PAYS DE LA LOIRE","og_description":"La FSU rencontre le Conseil r\u00e9gional des Pays de la Loire : les craintes demeurent\u2026les inqui\u00e9tudes persistent La coordination r\u00e9gionale de la FSU a rencontr\u00e9 les services du Conseil r\u00e9gional en charge des questions \u00e9ducatives. Initialement pr\u00e9vue avec M.A.CHEREAU (Vice-Pr\u00e9sident en charge des lyc\u00e9es), la rencontre s&rsquo;est d\u00e9roul\u00e9e en pr\u00e9sence de M.De MOUCHERON (Directeur des [&hellip;]","og_url":"https:\/\/regions-snetap-fsu.fr\/pdl\/2017\/03\/25\/la-fsu-rencontre-le-conseil-regional-des-pays-de-la-loire-les-craintes-demeurentles-inquietudes-persistent\/","og_site_name":"PAYS DE LA LOIRE","article_published_time":"2017-03-25T11:42:19+00:00","article_modified_time":"2018-12-03T22:07:52+00:00","og_image":[{"url":"https:\/\/regions-snetap-fsu.fr\/pdl\/wp-content\/uploads\/sites\/4\/2017\/03\/FSU-292x300.jpg","type":"","width":"","height":""}],"author":"yvigner","twitter_card":"summary_large_image","twitter_misc":{"\u00c9crit par":"yvigner","Dur\u00e9e de lecture estim\u00e9e":"4 minutes"},"schema":{"@context":"https:\/\/schema.org","@graph":[{"@type":"Article","@id":"https:\/\/regions-snetap-fsu.fr\/pdl\/2017\/03\/25\/la-fsu-rencontre-le-conseil-regional-des-pays-de-la-loire-les-craintes-demeurentles-inquietudes-persistent\/#article","isPartOf":{"@id":"https:\/\/regions-snetap-fsu.fr\/pdl\/2017\/03\/25\/la-fsu-rencontre-le-conseil-regional-des-pays-de-la-loire-les-craintes-demeurentles-inquietudes-persistent\/"},"author":{"name":"yvigner","@id":"https:\/\/regions-snetap-fsu.fr\/pdl\/#\/schema\/person\/d4530af043f9e8d27bdd71c468ec93b1"},"headline":"La FSU rencontre le Conseil r\u00e9gional des Pays de la Loire\u00a0: les craintes demeurent\u2026les inqui\u00e9tudes persistent","datePublished":"2017-03-25T11:42:19+00:00","dateModified":"2018-12-03T22:07:52+00:00","mainEntityOfPage":{"@id":"https:\/\/regions-snetap-fsu.fr\/pdl\/2017\/03\/25\/la-fsu-rencontre-le-conseil-regional-des-pays-de-la-loire-les-craintes-demeurentles-inquietudes-persistent\/"},"wordCount":792,"publisher":{"@id":"https:\/\/regions-snetap-fsu.fr\/pdl\/#organization"},"image":{"@id":"https:\/\/regions-snetap-fsu.fr\/pdl\/2017\/03\/25\/la-fsu-rencontre-le-conseil-regional-des-pays-de-la-loire-les-craintes-demeurentles-inquietudes-persistent\/#primaryimage"},"thumbnailUrl":"https:\/\/regions-snetap-fsu.fr\/pdl\/wp-content\/uploads\/sites\/4\/2017\/03\/FSU-292x300.jpg","articleSection":["Communiqu\u00e9s","Conseil r\u00e9gional"],"inLanguage":"fr-FR"},{"@type":"WebPage","@id":"https:\/\/regions-snetap-fsu.fr\/pdl\/2017\/03\/25\/la-fsu-rencontre-le-conseil-regional-des-pays-de-la-loire-les-craintes-demeurentles-inquietudes-persistent\/","url":"https:\/\/regions-snetap-fsu.fr\/pdl\/2017\/03\/25\/la-fsu-rencontre-le-conseil-regional-des-pays-de-la-loire-les-craintes-demeurentles-inquietudes-persistent\/","name":"La FSU rencontre le Conseil r\u00e9gional des Pays de la Loire\u00a0: les craintes demeurent\u2026les inqui\u00e9tudes persistent - PAYS DE LA LOIRE","isPartOf":{"@id":"https:\/\/regions-snetap-fsu.fr\/pdl\/#website"},"primaryImageOfPage":{"@id":"https:\/\/regions-snetap-fsu.fr\/pdl\/2017\/03\/25\/la-fsu-rencontre-le-conseil-regional-des-pays-de-la-loire-les-craintes-demeurentles-inquietudes-persistent\/#primaryimage"},"image":{"@id":"https:\/\/regions-snetap-fsu.fr\/pdl\/2017\/03\/25\/la-fsu-rencontre-le-conseil-regional-des-pays-de-la-loire-les-craintes-demeurentles-inquietudes-persistent\/#primaryimage"},"thumbnailUrl":"https:\/\/regions-snetap-fsu.fr\/pdl\/wp-content\/uploads\/sites\/4\/2017\/03\/FSU-292x300.jpg","datePublished":"2017-03-25T11:42:19+00:00","dateModified":"2018-12-03T22:07:52+00:00","breadcrumb":{"@id":"https:\/\/regions-snetap-fsu.fr\/pdl\/2017\/03\/25\/la-fsu-rencontre-le-conseil-regional-des-pays-de-la-loire-les-craintes-demeurentles-inquietudes-persistent\/#breadcrumb"},"inLanguage":"fr-FR","potentialAction":[{"@type":"ReadAction","target":["https:\/\/regions-snetap-fsu.fr\/pdl\/2017\/03\/25\/la-fsu-rencontre-le-conseil-regional-des-pays-de-la-loire-les-craintes-demeurentles-inquietudes-persistent\/"]}]},{"@type":"ImageObject","inLanguage":"fr-FR","@id":"https:\/\/regions-snetap-fsu.fr\/pdl\/2017\/03\/25\/la-fsu-rencontre-le-conseil-regional-des-pays-de-la-loire-les-craintes-demeurentles-inquietudes-persistent\/#primaryimage","url":"https:\/\/regions-snetap-fsu.fr\/pdl\/wp-content\/uploads\/sites\/4\/2017\/03\/FSU.jpg","contentUrl":"https:\/\/regions-snetap-fsu.fr\/pdl\/wp-content\/uploads\/sites\/4\/2017\/03\/FSU.jpg","width":584,"height":600},{"@type":"BreadcrumbList","@id":"https:\/\/regions-snetap-fsu.fr\/pdl\/2017\/03\/25\/la-fsu-rencontre-le-conseil-regional-des-pays-de-la-loire-les-craintes-demeurentles-inquietudes-persistent\/#breadcrumb","itemListElement":[{"@type":"ListItem","position":1,"name":"Accueil","item":"https:\/\/regions-snetap-fsu.fr\/pdl\/"},{"@type":"ListItem","position":2,"name":"La FSU rencontre le Conseil r\u00e9gional des Pays de la Loire\u00a0: les craintes demeurent\u2026les inqui\u00e9tudes persistent"}]},{"@type":"WebSite","@id":"https:\/\/regions-snetap-fsu.fr\/pdl\/#website","url":"https:\/\/regions-snetap-fsu.fr\/pdl\/","name":"SNETAP-FSU PAYS DE LA LOIRE","description":"SECTION REGIONALE","publisher":{"@id":"https:\/\/regions-snetap-fsu.fr\/pdl\/#organization"},"potentialAction":[{"@type":"SearchAction","target":{"@type":"EntryPoint","urlTemplate":"https:\/\/regions-snetap-fsu.fr\/pdl\/?s={search_term_string}"},"query-input":{"@type":"PropertyValueSpecification","valueRequired":true,"valueName":"search_term_string"}}],"inLanguage":"fr-FR"},{"@type":"Organization","@id":"https:\/\/regions-snetap-fsu.fr\/pdl\/#organization","name":"SNETAP-FSU Pays de Loire","url":"https:\/\/regions-snetap-fsu.fr\/pdl\/","logo":{"@type":"ImageObject","inLanguage":"fr-FR","@id":"https:\/\/regions-snetap-fsu.fr\/pdl\/#\/schema\/logo\/image\/","url":"https:\/\/regions-snetap-fsu.fr\/pdl\/wp-content\/uploads\/sites\/4\/2020\/12\/SNETAP-Logo.jpg","contentUrl":"https:\/\/regions-snetap-fsu.fr\/pdl\/wp-content\/uploads\/sites\/4\/2020\/12\/SNETAP-Logo.jpg","width":464,"height":334,"caption":"SNETAP-FSU Pays de Loire"},"image":{"@id":"https:\/\/regions-snetap-fsu.fr\/pdl\/#\/schema\/logo\/image\/"}},{"@type":"Person","@id":"https:\/\/regions-snetap-fsu.fr\/pdl\/#\/schema\/person\/d4530af043f9e8d27bdd71c468ec93b1","name":"yvigner","image":{"@type":"ImageObject","inLanguage":"fr-FR","@id":"https:\/\/secure.gravatar.com\/avatar\/bc72baa6f2406549aecf77a837bc4f03dbe88472c1762138f868571430a23820?s=96&d=mm&r=g","url":"https:\/\/secure.gravatar.com\/avatar\/bc72baa6f2406549aecf77a837bc4f03dbe88472c1762138f868571430a23820?s=96&d=mm&r=g","contentUrl":"https:\/\/secure.gravatar.com\/avatar\/bc72baa6f2406549aecf77a837bc4f03dbe88472c1762138f868571430a23820?s=96&d=mm&r=g","caption":"yvigner"},"url":"https:\/\/regions-snetap-fsu.fr\/pdl\/author\/yvigner\/"}]}},"_links":{"self":[{"href":"https:\/\/regions-snetap-fsu.fr\/pdl\/wp-json\/wp\/v2\/posts\/369","targetHints":{"allow":["GET"]}}],"collection":[{"href":"https:\/\/regions-snetap-fsu.fr\/pdl\/wp-json\/wp\/v2\/posts"}],"about":[{"href":"https:\/\/regions-snetap-fsu.fr\/pdl\/wp-json\/wp\/v2\/types\/post"}],"author":[{"embeddable":true,"href":"https:\/\/regions-snetap-fsu.fr\/pdl\/wp-json\/wp\/v2\/users\/2"}],"replies":[{"embeddable":true,"href":"https:\/\/regions-snetap-fsu.fr\/pdl\/wp-json\/wp\/v2\/comments?post=369"}],"version-history":[{"count":2,"href":"https:\/\/regions-snetap-fsu.fr\/pdl\/wp-json\/wp\/v2\/posts\/369\/revisions"}],"predecessor-version":[{"id":3065,"href":"https:\/\/regions-snetap-fsu.fr\/pdl\/wp-json\/wp\/v2\/posts\/369\/revisions\/3065"}],"wp:attachment":[{"href":"https:\/\/regions-snetap-fsu.fr\/pdl\/wp-json\/wp\/v2\/media?parent=369"}],"wp:term":[{"taxonomy":"category","embeddable":true,"href":"https:\/\/regions-snetap-fsu.fr\/pdl\/wp-json\/wp\/v2\/categories?post=369"},{"taxonomy":"post_tag","embeddable":true,"href":"https:\/\/regions-snetap-fsu.fr\/pdl\/wp-json\/wp\/v2\/tags?post=369"},{"taxonomy":"post_folder","embeddable":true,"href":"https:\/\/regions-snetap-fsu.fr\/pdl\/wp-json\/wp\/v2\/post_folder?post=369"}],"curies":[{"name":"wp","href":"https:\/\/api.w.org\/{rel}","templated":true}]}}