{"id":3680,"date":"2020-09-24T16:08:34","date_gmt":"2020-09-24T14:08:34","guid":{"rendered":"https:\/\/regions-snetap-fsu.fr\/pdl\/?p=3680"},"modified":"2020-09-24T16:10:11","modified_gmt":"2020-09-24T14:10:11","slug":"une-gestion-de-crise-qui-continue-dinterroger","status":"publish","type":"post","link":"https:\/\/regions-snetap-fsu.fr\/pdl\/2020\/09\/24\/une-gestion-de-crise-qui-continue-dinterroger\/","title":{"rendered":"Une gestion de crise qui continue d\u2019interroger&#8230;"},"content":{"rendered":"<p class=\"western\" style=\"text-align: left;\" align=\"center\"><span style=\"font-size: 18pt;\"><span style=\"font-family: Arial, serif;\"><b>Compte rendu du CHSCTREA des Pays de la Loire <\/b><\/span><span style=\"font-family: Arial, serif;\"><b>du j<\/b><\/span><span style=\"font-family: Arial, serif;\"><b>eudi 03 septembre 2020<\/b><\/span><\/span><\/p>\n<p class=\"western\" align=\"justify\"><span style=\"font-family: Arial, serif;\">En pr\u00e9ambule, le pr\u00e9sident rappelle que cette rentr\u00e9e scolaire est in\u00e9dite. Il ajoute que les mesures sanitaires repr\u00e9sentent des contraintes pour l\u2019exercice des missions des agents et que les consignes \u00e9tant r\u00e9guli\u00e8res et nombreuses, il a fallu que les \u00e9tablissements s\u2019adaptent tou<\/span><span style=\"font-family: Arial, serif;\">te<\/span><span style=\"font-family: Arial, serif;\">s les 48 heures&#8230;Le SNETAP-FSU a d\u00e9nonc\u00e9 vivement l&rsquo;impr\u00e9paration de cette rentr\u00e9e\u00a0: protocole arriv\u00e9 apr\u00e8s la pr\u00e9-rentr\u00e9e, incertitudes anxiog\u00e8nes quant \u00e0 la position des agent.e.s en cas de suspicion ou de covid av\u00e9r\u00e9 et conditions de travail d\u00e9grad\u00e9es. <\/span><\/p>\n<p align=\"justify\"><span style=\"font-family: Arial, serif; font-size: 14pt;\"><b>Les proc\u00e8s-verbaux\u00a0: une clarification de leur communication a \u00e9t\u00e9 demand\u00e9e<\/b><\/span><\/p>\n<p align=\"justify\"><span style=\"font-family: Arial, serif;\">Le SNETAP-FSU demande que les PV de <\/span><span style=\"font-family: Arial, serif;\">l\u2019<\/span><span style=\"font-family: Arial, serif;\">instance r\u00e9gionale soient transmis au CHSCTM. Le pr\u00e9sident donne son accord. Le SNETAP-FSU demande aussi que les avis vot\u00e9s aient une r\u00e9ponse \u00e9crite en bonne et due forme de la part de l\u2019administration. Elles ne peuvent pas n\u2019\u00eatre que des r\u00e9ponses \u00e0 br\u00fble pourpoint relev\u00e9es dans un proc\u00e8s-verbal.\u00a0<\/span><span style=\"font-family: Arial, serif;\">Enfin, ces pv (cohs, chsctrea) ainsi que les avis doivent \u00eatre d\u00e9pos\u00e9s sur la plateforme du SRFD pour qu\u2019ils soient port\u00e9s \u00e0 la connaissance de tous. avis n\u00b02<\/span><\/p>\n<p align=\"justify\"><span style=\"font-family: Arial, serif; font-size: 14pt;\"><b>Situation \u00e0 Fontenay le comte<\/b><\/span><\/p>\n<p class=\"western\" align=\"justify\"><span style=\"font-family: Arial, serif;\">Un retour de l\u2019inspection a \u00e9t\u00e9 fait \u00e0 l\u2019ensemble du personnel. Il existe de nombreux dysfonctionnements et la communication entre personnels est tr\u00e8s d\u00e9licate. Il y a n\u00e9cessit\u00e9 de clarifier un certain nombre de fonctions. Pour cela, la direction a demand\u00e9 une expertise sur les dysfonctionnements et une inspection conseil a \u00e9t\u00e9 demand\u00e9e pour une chaire disciplinaire. <\/span><span style=\"font-family: Arial, serif;\">Malgr\u00e9 tout, la direction consid\u00e8re la rentr\u00e9e comme apais\u00e9e\u2026<\/span><em><strong><span style=\"font-family: Arial, serif;\">Cependant, le SNETAP-FSU consid\u00e8re qu\u2019une vigilance particuli\u00e8re sera \u00e0 porter sur la situation de cet \u00e9tablissement.<\/span><\/strong><\/em><\/p>\n<p>&nbsp;<\/p>\n<p align=\"justify\"><span style=\"font-family: Arial, serif; font-size: 14pt;\"><b>La crise sanitaire, il persiste encore beaucoup d\u2019interrogations et de situation inadmissibles\u00a0!<\/b><\/span><\/p>\n<p class=\"western\" align=\"justify\"><span style=\"font-family: Arial, serif;\">Nous avons tout d&rsquo;abord d\u00e9nonc\u00e9 la situation de l&rsquo;EPLEFPA de La Roche sur Yon dont la rentr\u00e9e s&rsquo;est faite sans coHs pr\u00e9alable alors m\u00eame que le protocole le pr\u00e9voit.Cette situation de d\u00e9ni de la r\u00e8gle est scandaleuse .\u00a0<\/span><span style=\"font-family: Arial, serif;\">A l&rsquo;inverse, certains \u00e9tablissements tels Ch\u00e2teau-Gontier, ont b\u00e9n\u00e9fici\u00e9 de l&rsquo;appui de l&rsquo;ISST de la r\u00e9gion, Hubert Renault lors de la COHS de rentr\u00e9e. On ne peut que d\u00e9plorer que cette initiative ne se soit pas g\u00e9n\u00e9ralis\u00e9e \u00e0 toute la r\u00e9gion voire \u00e0 tout territoire national.\u00a0<\/span><span style=\"font-family: Arial, serif;\">Plus, g\u00e9n\u00e9ralement, les graves manquements de l\u2019administration ont \u00e9t\u00e9 d\u00e9nonc\u00e9s notamment l&rsquo;absence d&rsquo;information sur la position administrative des agent.e.s en cas de covid ou de suspicion qui inqui\u00e8te les personnels.avis n\u00b03\u00a0<\/span><\/p>\n<p class=\"western\" align=\"justify\"><span style=\"font-family: Arial, serif;\">Nous avons d\u00e9nonc\u00e9 aussi le manque d&rsquo;information quant \u00e0 la proc\u00e9dure \u00e0 tenir en cas de covid. Le chef du SRFD a admis qu&rsquo;ils ont \u00e9t\u00e9 d\u00e9poss\u00e9d\u00e9s de cette mission par l&rsquo;ARS. Avis n\u00b04 et n\u00b05.\u00a0<\/span><span style=\"font-family: Arial, serif;\">Nous avons aussi alert\u00e9 quant \u00e0 la reprise de l&rsquo;\u00e9pid\u00e9mie qui risque de renforcer le t\u00e9l\u00e9travail. Si en mars, les personnels ont accept\u00e9 de travailler \u00e0 domicile \u00e0 distance avec \u00ab\u00a0les moyens du bords\u00a0\u00bb du fait de la soudainet\u00e9 de la crise, il ne peut pas en \u00eatre de la m\u00eame mani\u00e8re maintenant.Les agent.e.s doivent avoir du mat\u00e9riel adapt\u00e9, ergonomique et le t\u00e9l\u00e9travail ne peut \u00eatre qu&rsquo;un mode de travail sur la base du volontariat.Avis n\u00b06<\/span><\/p>\n<p class=\"western\" align=\"justify\"><a name=\"_GoBack\"><\/a> <span style=\"font-family: Arial, serif;\">Concernant le retour d\u2019exp\u00e9rience sur la p\u00e9riode du confinement et du t\u00e9l\u00e9travail, l\u2019administration a \u00e9tabli un questionnaire retex destin\u00e9 \u00e0 tous les enseignant.e.s. Force est de croire qu&rsquo;ils ne l&rsquo;ont pas tou.t.e.s re\u00e7u ! Le chef du SRFD s&rsquo;engage \u00e0 faire une relance. Il aurait \u00e9t\u00e9 judicieux que dans chaque \u00e9tablissement, une journ\u00e9e pour faire le point sur le confinement soit organis\u00e9e\u00a0: la p\u00e9riode que nous venons de vivre a \u00e9t\u00e9 lourde pour tous.<\/span><\/p>\n<p class=\"western\" align=\"justify\"><span style=\"font-family: Arial, serif;\">Nous avons demand\u00e9 que le conseil r\u00e9gional soit saisi \u00e0 propos de l\u2019augmentation de la charge de travail des agent.e.s des lyc\u00e9es li\u00e9e aux r\u00e8gles sanitaires impos\u00e9es. Ces agent.e.s souffrent de l&rsquo;augmentation du travail li\u00e9e \u00e0 la d\u00e9sinfection entre autre et il n&rsquo;y a pas de mesures prises pour les soulager notamment en augmentant le personnel. Le 14 septembre, le repr\u00e9sentant des directions des EPL doit rencontrer le conseil r\u00e9gional. <\/span><\/p>\n<p class=\"western\" align=\"justify\"><em><strong><span style=\"font-family: Arial, serif;\">Nous avons demand\u00e9 \u00e0 ce que la DRAAF, dans cette p\u00e9riode difficile, puisse \u00e9changer plus r\u00e9guli\u00e8rement avec les services de la r\u00e9gion. Ainsi, que les rapports des ISST de l\u2019enseignement agricole soient diffus\u00e9s au p\u00f4le pr\u00e9vention du CR et qu\u2019une demande formelle de travaux\/d\u2019\u00e9quipements soit transmis aux services concern\u00e9s afin d\u2019\u00e9quiper en ponts d\u2019eau (par exemple en installations modulaires) les \u00e9tablissements.<\/span><\/strong><\/em><\/p>\n<p class=\"western\" align=\"justify\"><span style=\"font-family: Arial, serif;\">Enfin, nous avons d\u00e9nonc\u00e9 les <\/span><span style=\"font-family: Arial, serif;\">conditions<\/span><span style=\"font-family: Arial, serif;\"> dans lesquelles le mouvement des personnels s&rsquo;est d\u00e9roul\u00e9 cette ann\u00e9e.Sur fond de crise sanitaire et de suppression des pr\u00e9rogatives des CAP, les personnels ont \u00e9t\u00e9 mal trait\u00e9s car laiss\u00e9s dans une attente insupportable ! Avis n\u00b07<\/span><\/p>\n<p class=\"western\" align=\"justify\"><span style=\"font-family: Arial, serif; font-size: 14pt;\"><b>Les visites d&rsquo;\u00e9tablissements, une vraie pr\u00e9rogative du CHSCTREA<\/b><\/span><\/p>\n<p class=\"western\" align=\"justify\"><span style=\"font-family: Arial, serif;\">Le 13 f\u00e9vrier 2020, des membres du CHSCTREA ont effectu\u00e9 une visite dans l&rsquo;EPL de Brette les pins.<\/span><\/p>\n<p class=\"western\" align=\"justify\"><span style=\"font-family: Arial, serif;\">Un compte rendu a \u00e9t\u00e9 r\u00e9dig\u00e9, pr\u00e9conisant un certain nombre de mesures en mati\u00e8re d&rsquo;hygi\u00e8ne, de sant\u00e9 de s\u00e9curit\u00e9 et de conditions de travail.Il a \u00e9t\u00e9 port\u00e9 \u00e0 la connaissance des agent.e.s de l&rsquo;EPL\u00a0. Il est convenu que la secr\u00e9taire du C<\/span><span style=\"font-family: Arial, serif;\">HSCTREA<\/span><span style=\"font-family: Arial, serif;\"> prenne contact avec l&rsquo;\u00e9tablissement afin de savoir si les pr\u00e9conisations ont \u00e9t\u00e9 suivies d&rsquo;effets. Enfin, nous regrettons cependant l\u2019absence d&rsquo;entretiens individuels qui aurait permis l&rsquo;expression des personnels .<\/span><\/p>\n<p class=\"western\" align=\"justify\"><span style=\"font-family: Arial, serif;\">Les membres du Chcstrea ayant fait la visite ont remarqu\u00e9 l&rsquo;existence d&rsquo;un livret RPS \/conditions de travail qu&rsquo;il serait opportun de mutualiser \u00e0 l&rsquo;ensemble des EPL de la r\u00e9gion. <\/span><span style=\"font-family: Arial, serif;\">Mise en place d\u2019un groupe de travail sur la mutualisation d\u2019un livret RPS\/Conditions de travail. <\/span><\/p>\n<p class=\"western\" align=\"justify\"><span style=\"font-family: Arial, serif;\">Des visites sont pr\u00e9vues pour cette ann\u00e9e scolaire. Elles auront pour objet entre autre, l&rsquo;impact de la crise sanitaire. <\/span><\/p>\n<p class=\"western\" align=\"justify\"><em><strong><span style=\"font-family: Arial, serif;\">Prochaines visites d\u2019\u00e9tablissements\u00a0: <\/span><span style=\"font-family: Arial, serif;\"> Fontenay le comte dans la premi\u00e8re quinzaine de d\u00e9cembre et de Laval dans le courant du mois de mars. Des questionnaires en amont d&rsquo;entretiens individuels seront r\u00e9alis\u00e9s.<\/span><\/strong><\/em><\/p>\n<p class=\"western\" align=\"justify\"><span style=\"color: #000000; font-size: 14pt;\"><span style=\"font-family: Arial, serif;\"><b>Questions diverses<\/b><\/span><\/span><\/p>\n<ul>\n<li style=\"list-style-type: none;\">\n<ul>\n<li><span style=\"font-family: Arial, serif; color: #000000;\">Concernant les Commissions locales concernant les conditions de travail (CLCT), nous avons rappel\u00e9 la d\u00e9cision du pr\u00e9sident du CHSCTREA de ne pas les mettre en \u0153uvre tant que le conseil r\u00e9gional n\u2019avait pas pr\u00e9cis\u00e9 sa d\u00e9cision si ces CLCT pouvaient s\u2019appliquer \u00e0 ses agents.<\/span><\/li>\n<\/ul>\n<\/li>\n<\/ul>\n<ul>\n<li style=\"list-style-type: none;\">\n<ul>\n<li><span style=\"font-family: Arial, serif; color: #000000;\">La cellule de veille doit \u00eatre r\u00e9activ\u00e9e. Une r\u00e9union avec le chef de p\u00f4le SRFD doit \u00eatre organis\u00e9e avant d\u00e9cembre.Un appel \u00e0 candidature doit \u00eatre lanc\u00e9 urgemment.<\/span><\/li>\n<\/ul>\n<\/li>\n<\/ul>\n<p class=\"western\" align=\"justify\">\n","protected":false},"excerpt":{"rendered":"<p>Compte rendu du CHSCTREA des Pays de la Loire du jeudi 03 septembre 2020 En pr\u00e9ambule, le pr\u00e9sident rappelle que cette rentr\u00e9e scolaire est in\u00e9dite. Il ajoute que les mesures sanitaires repr\u00e9sentent des contraintes pour l\u2019exercice des missions des agents et que les consignes \u00e9tant r\u00e9guli\u00e8res et nombreuses, il a fallu que les \u00e9tablissements s\u2019adaptent [&hellip;]<\/p>\n","protected":false},"author":2,"featured_media":3647,"comment_status":"closed","ping_status":"closed","sticky":false,"template":"","format":"standard","meta":{"ocean_post_layout":"","ocean_both_sidebars_style":"","ocean_both_sidebars_content_width":0,"ocean_both_sidebars_sidebars_width":0,"ocean_sidebar":"0","ocean_second_sidebar":"0","ocean_disable_margins":"enable","ocean_add_body_class":"","ocean_shortcode_before_top_bar":"","ocean_shortcode_after_top_bar":"","ocean_shortcode_before_header":"","ocean_shortcode_after_header":"","ocean_has_shortcode":"","ocean_shortcode_after_title":"","ocean_shortcode_before_footer_widgets":"","ocean_shortcode_after_footer_widgets":"","ocean_shortcode_before_footer_bottom":"","ocean_shortcode_after_footer_bottom":"","ocean_display_top_bar":"default","ocean_display_header":"default","ocean_header_style":"","ocean_center_header_left_menu":"0","ocean_custom_header_template":"0","ocean_custom_logo":0,"ocean_custom_retina_logo":0,"ocean_custom_logo_max_width":0,"ocean_custom_logo_tablet_max_width":0,"ocean_custom_logo_mobile_max_width":0,"ocean_custom_logo_max_height":0,"ocean_custom_logo_tablet_max_height":0,"ocean_custom_logo_mobile_max_height":0,"ocean_header_custom_menu":"0","ocean_menu_typo_font_family":"0","ocean_menu_typo_font_subset":"","ocean_menu_typo_font_size":0,"ocean_menu_typo_font_size_tablet":0,"ocean_menu_typo_font_size_mobile":0,"ocean_menu_typo_font_size_unit":"px","ocean_menu_typo_font_weight":"","ocean_menu_typo_font_weight_tablet":"","ocean_menu_typo_font_weight_mobile":"","ocean_menu_typo_transform":"","ocean_menu_typo_transform_tablet":"","ocean_menu_typo_transform_mobile":"","ocean_menu_typo_line_height":0,"ocean_menu_typo_line_height_tablet":0,"ocean_menu_typo_line_height_mobile":0,"ocean_menu_typo_line_height_unit":"","ocean_menu_typo_spacing":0,"ocean_menu_typo_spacing_tablet":0,"ocean_menu_typo_spacing_mobile":0,"ocean_menu_typo_spacing_unit":"","ocean_menu_link_color":"","ocean_menu_link_color_hover":"","ocean_menu_link_color_active":"","ocean_menu_link_background":"","ocean_menu_link_hover_background":"","ocean_menu_link_active_background":"","ocean_menu_social_links_bg":"","ocean_menu_social_hover_links_bg":"","ocean_menu_social_links_color":"","ocean_menu_social_hover_links_color":"","ocean_disable_title":"default","ocean_disable_heading":"default","ocean_post_title":"","ocean_post_subheading":"","ocean_post_title_style":"","ocean_post_title_background_color":"","ocean_post_title_background":0,"ocean_post_title_bg_image_position":"","ocean_post_title_bg_image_attachment":"","ocean_post_title_bg_image_repeat":"","ocean_post_title_bg_image_size":"","ocean_post_title_height":0,"ocean_post_title_bg_overlay":0.5,"ocean_post_title_bg_overlay_color":"","ocean_disable_breadcrumbs":"default","ocean_breadcrumbs_color":"","ocean_breadcrumbs_separator_color":"","ocean_breadcrumbs_links_color":"","ocean_breadcrumbs_links_hover_color":"","ocean_display_footer_widgets":"default","ocean_display_footer_bottom":"default","ocean_custom_footer_template":"0","ocean_post_oembed":"","ocean_post_self_hosted_media":"","ocean_post_video_embed":"","ocean_link_format":"","ocean_link_format_target":"self","ocean_quote_format":"","ocean_quote_format_link":"post","ocean_gallery_link_images":"off","ocean_gallery_id":[],"footnotes":""},"categories":[11],"tags":[],"post_folder":[],"class_list":["post-3680","post","type-post","status-publish","format-standard","has-post-thumbnail","hentry","category-chsctrea","entry","has-media"],"yoast_head":"<!-- This site is optimized with the Yoast SEO plugin v27.4 - https:\/\/yoast.com\/product\/yoast-seo-wordpress\/ -->\n<title>Une gestion de crise qui continue d\u2019interroger... - PAYS DE LA LOIRE<\/title>\n<meta name=\"robots\" content=\"index, follow, max-snippet:-1, max-image-preview:large, max-video-preview:-1\" \/>\n<link rel=\"canonical\" href=\"https:\/\/regions-snetap-fsu.fr\/pdl\/2020\/09\/24\/une-gestion-de-crise-qui-continue-dinterroger\/\" \/>\n<meta property=\"og:locale\" content=\"fr_FR\" \/>\n<meta property=\"og:type\" content=\"article\" \/>\n<meta property=\"og:title\" content=\"Une gestion de crise qui continue d\u2019interroger... - PAYS DE LA LOIRE\" \/>\n<meta property=\"og:description\" content=\"Compte rendu du CHSCTREA des Pays de la Loire du jeudi 03 septembre 2020 En pr\u00e9ambule, le pr\u00e9sident rappelle que cette rentr\u00e9e scolaire est in\u00e9dite. Il ajoute que les mesures sanitaires repr\u00e9sentent des contraintes pour l\u2019exercice des missions des agents et que les consignes \u00e9tant r\u00e9guli\u00e8res et nombreuses, il a fallu que les \u00e9tablissements s\u2019adaptent [&hellip;]\" \/>\n<meta property=\"og:url\" content=\"https:\/\/regions-snetap-fsu.fr\/pdl\/2020\/09\/24\/une-gestion-de-crise-qui-continue-dinterroger\/\" \/>\n<meta property=\"og:site_name\" content=\"PAYS DE LA LOIRE\" \/>\n<meta property=\"article:published_time\" content=\"2020-09-24T14:08:34+00:00\" \/>\n<meta property=\"article:modified_time\" content=\"2020-09-24T14:10:11+00:00\" \/>\n<meta property=\"og:image\" content=\"https:\/\/regions-snetap-fsu.fr\/pdl\/wp-content\/uploads\/sites\/4\/2020\/09\/chsct_une_responsabilite_a_double_sens.jpg\" \/>\n\t<meta property=\"og:image:width\" content=\"1600\" \/>\n\t<meta property=\"og:image:height\" content=\"550\" \/>\n\t<meta property=\"og:image:type\" content=\"image\/jpeg\" \/>\n<meta name=\"author\" content=\"yvigner\" \/>\n<meta name=\"twitter:card\" content=\"summary_large_image\" \/>\n<meta name=\"twitter:label1\" content=\"\u00c9crit par\" \/>\n\t<meta name=\"twitter:data1\" content=\"yvigner\" \/>\n\t<meta name=\"twitter:label2\" content=\"Dur\u00e9e de lecture estim\u00e9e\" \/>\n\t<meta name=\"twitter:data2\" content=\"6 minutes\" \/>\n<script type=\"application\/ld+json\" class=\"yoast-schema-graph\">{\"@context\":\"https:\\\/\\\/schema.org\",\"@graph\":[{\"@type\":\"Article\",\"@id\":\"https:\\\/\\\/regions-snetap-fsu.fr\\\/pdl\\\/2020\\\/09\\\/24\\\/une-gestion-de-crise-qui-continue-dinterroger\\\/#article\",\"isPartOf\":{\"@id\":\"https:\\\/\\\/regions-snetap-fsu.fr\\\/pdl\\\/2020\\\/09\\\/24\\\/une-gestion-de-crise-qui-continue-dinterroger\\\/\"},\"author\":{\"name\":\"yvigner\",\"@id\":\"https:\\\/\\\/regions-snetap-fsu.fr\\\/pdl\\\/#\\\/schema\\\/person\\\/d4530af043f9e8d27bdd71c468ec93b1\"},\"headline\":\"Une gestion de crise qui continue d\u2019interroger&#8230;\",\"datePublished\":\"2020-09-24T14:08:34+00:00\",\"dateModified\":\"2020-09-24T14:10:11+00:00\",\"mainEntityOfPage\":{\"@id\":\"https:\\\/\\\/regions-snetap-fsu.fr\\\/pdl\\\/2020\\\/09\\\/24\\\/une-gestion-de-crise-qui-continue-dinterroger\\\/\"},\"wordCount\":1219,\"publisher\":{\"@id\":\"https:\\\/\\\/regions-snetap-fsu.fr\\\/pdl\\\/#organization\"},\"image\":{\"@id\":\"https:\\\/\\\/regions-snetap-fsu.fr\\\/pdl\\\/2020\\\/09\\\/24\\\/une-gestion-de-crise-qui-continue-dinterroger\\\/#primaryimage\"},\"thumbnailUrl\":\"https:\\\/\\\/regions-snetap-fsu.fr\\\/pdl\\\/wp-content\\\/uploads\\\/sites\\\/4\\\/2020\\\/09\\\/chsct_une_responsabilite_a_double_sens.jpg\",\"articleSection\":[\"Formation sp\u00e9cialis\u00e9e Sant\u00e9 et S\u00e9curit\u00e9 au travail (ex-CHSCTREA)\"],\"inLanguage\":\"fr-FR\"},{\"@type\":\"WebPage\",\"@id\":\"https:\\\/\\\/regions-snetap-fsu.fr\\\/pdl\\\/2020\\\/09\\\/24\\\/une-gestion-de-crise-qui-continue-dinterroger\\\/\",\"url\":\"https:\\\/\\\/regions-snetap-fsu.fr\\\/pdl\\\/2020\\\/09\\\/24\\\/une-gestion-de-crise-qui-continue-dinterroger\\\/\",\"name\":\"Une gestion de crise qui continue d\u2019interroger... - PAYS DE LA LOIRE\",\"isPartOf\":{\"@id\":\"https:\\\/\\\/regions-snetap-fsu.fr\\\/pdl\\\/#website\"},\"primaryImageOfPage\":{\"@id\":\"https:\\\/\\\/regions-snetap-fsu.fr\\\/pdl\\\/2020\\\/09\\\/24\\\/une-gestion-de-crise-qui-continue-dinterroger\\\/#primaryimage\"},\"image\":{\"@id\":\"https:\\\/\\\/regions-snetap-fsu.fr\\\/pdl\\\/2020\\\/09\\\/24\\\/une-gestion-de-crise-qui-continue-dinterroger\\\/#primaryimage\"},\"thumbnailUrl\":\"https:\\\/\\\/regions-snetap-fsu.fr\\\/pdl\\\/wp-content\\\/uploads\\\/sites\\\/4\\\/2020\\\/09\\\/chsct_une_responsabilite_a_double_sens.jpg\",\"datePublished\":\"2020-09-24T14:08:34+00:00\",\"dateModified\":\"2020-09-24T14:10:11+00:00\",\"breadcrumb\":{\"@id\":\"https:\\\/\\\/regions-snetap-fsu.fr\\\/pdl\\\/2020\\\/09\\\/24\\\/une-gestion-de-crise-qui-continue-dinterroger\\\/#breadcrumb\"},\"inLanguage\":\"fr-FR\",\"potentialAction\":[{\"@type\":\"ReadAction\",\"target\":[\"https:\\\/\\\/regions-snetap-fsu.fr\\\/pdl\\\/2020\\\/09\\\/24\\\/une-gestion-de-crise-qui-continue-dinterroger\\\/\"]}]},{\"@type\":\"ImageObject\",\"inLanguage\":\"fr-FR\",\"@id\":\"https:\\\/\\\/regions-snetap-fsu.fr\\\/pdl\\\/2020\\\/09\\\/24\\\/une-gestion-de-crise-qui-continue-dinterroger\\\/#primaryimage\",\"url\":\"https:\\\/\\\/regions-snetap-fsu.fr\\\/pdl\\\/wp-content\\\/uploads\\\/sites\\\/4\\\/2020\\\/09\\\/chsct_une_responsabilite_a_double_sens.jpg\",\"contentUrl\":\"https:\\\/\\\/regions-snetap-fsu.fr\\\/pdl\\\/wp-content\\\/uploads\\\/sites\\\/4\\\/2020\\\/09\\\/chsct_une_responsabilite_a_double_sens.jpg\",\"width\":1600,\"height\":550},{\"@type\":\"BreadcrumbList\",\"@id\":\"https:\\\/\\\/regions-snetap-fsu.fr\\\/pdl\\\/2020\\\/09\\\/24\\\/une-gestion-de-crise-qui-continue-dinterroger\\\/#breadcrumb\",\"itemListElement\":[{\"@type\":\"ListItem\",\"position\":1,\"name\":\"Accueil\",\"item\":\"https:\\\/\\\/regions-snetap-fsu.fr\\\/pdl\\\/\"},{\"@type\":\"ListItem\",\"position\":2,\"name\":\"Une gestion de crise qui continue d\u2019interroger&#8230;\"}]},{\"@type\":\"WebSite\",\"@id\":\"https:\\\/\\\/regions-snetap-fsu.fr\\\/pdl\\\/#website\",\"url\":\"https:\\\/\\\/regions-snetap-fsu.fr\\\/pdl\\\/\",\"name\":\"SNETAP-FSU PAYS DE LA LOIRE\",\"description\":\"SECTION REGIONALE\",\"publisher\":{\"@id\":\"https:\\\/\\\/regions-snetap-fsu.fr\\\/pdl\\\/#organization\"},\"potentialAction\":[{\"@type\":\"SearchAction\",\"target\":{\"@type\":\"EntryPoint\",\"urlTemplate\":\"https:\\\/\\\/regions-snetap-fsu.fr\\\/pdl\\\/?s={search_term_string}\"},\"query-input\":{\"@type\":\"PropertyValueSpecification\",\"valueRequired\":true,\"valueName\":\"search_term_string\"}}],\"inLanguage\":\"fr-FR\"},{\"@type\":\"Organization\",\"@id\":\"https:\\\/\\\/regions-snetap-fsu.fr\\\/pdl\\\/#organization\",\"name\":\"SNETAP-FSU Pays de Loire\",\"url\":\"https:\\\/\\\/regions-snetap-fsu.fr\\\/pdl\\\/\",\"logo\":{\"@type\":\"ImageObject\",\"inLanguage\":\"fr-FR\",\"@id\":\"https:\\\/\\\/regions-snetap-fsu.fr\\\/pdl\\\/#\\\/schema\\\/logo\\\/image\\\/\",\"url\":\"https:\\\/\\\/regions-snetap-fsu.fr\\\/pdl\\\/wp-content\\\/uploads\\\/sites\\\/4\\\/2020\\\/12\\\/SNETAP-Logo.jpg\",\"contentUrl\":\"https:\\\/\\\/regions-snetap-fsu.fr\\\/pdl\\\/wp-content\\\/uploads\\\/sites\\\/4\\\/2020\\\/12\\\/SNETAP-Logo.jpg\",\"width\":464,\"height\":334,\"caption\":\"SNETAP-FSU Pays de Loire\"},\"image\":{\"@id\":\"https:\\\/\\\/regions-snetap-fsu.fr\\\/pdl\\\/#\\\/schema\\\/logo\\\/image\\\/\"}},{\"@type\":\"Person\",\"@id\":\"https:\\\/\\\/regions-snetap-fsu.fr\\\/pdl\\\/#\\\/schema\\\/person\\\/d4530af043f9e8d27bdd71c468ec93b1\",\"name\":\"yvigner\",\"image\":{\"@type\":\"ImageObject\",\"inLanguage\":\"fr-FR\",\"@id\":\"https:\\\/\\\/secure.gravatar.com\\\/avatar\\\/bc72baa6f2406549aecf77a837bc4f03dbe88472c1762138f868571430a23820?s=96&d=mm&r=g\",\"url\":\"https:\\\/\\\/secure.gravatar.com\\\/avatar\\\/bc72baa6f2406549aecf77a837bc4f03dbe88472c1762138f868571430a23820?s=96&d=mm&r=g\",\"contentUrl\":\"https:\\\/\\\/secure.gravatar.com\\\/avatar\\\/bc72baa6f2406549aecf77a837bc4f03dbe88472c1762138f868571430a23820?s=96&d=mm&r=g\",\"caption\":\"yvigner\"},\"url\":\"https:\\\/\\\/regions-snetap-fsu.fr\\\/pdl\\\/author\\\/yvigner\\\/\"}]}<\/script>\n<!-- \/ Yoast SEO plugin. -->","yoast_head_json":{"title":"Une gestion de crise qui continue d\u2019interroger... - PAYS DE LA LOIRE","robots":{"index":"index","follow":"follow","max-snippet":"max-snippet:-1","max-image-preview":"max-image-preview:large","max-video-preview":"max-video-preview:-1"},"canonical":"https:\/\/regions-snetap-fsu.fr\/pdl\/2020\/09\/24\/une-gestion-de-crise-qui-continue-dinterroger\/","og_locale":"fr_FR","og_type":"article","og_title":"Une gestion de crise qui continue d\u2019interroger... - PAYS DE LA LOIRE","og_description":"Compte rendu du CHSCTREA des Pays de la Loire du jeudi 03 septembre 2020 En pr\u00e9ambule, le pr\u00e9sident rappelle que cette rentr\u00e9e scolaire est in\u00e9dite. Il ajoute que les mesures sanitaires repr\u00e9sentent des contraintes pour l\u2019exercice des missions des agents et que les consignes \u00e9tant r\u00e9guli\u00e8res et nombreuses, il a fallu que les \u00e9tablissements s\u2019adaptent [&hellip;]","og_url":"https:\/\/regions-snetap-fsu.fr\/pdl\/2020\/09\/24\/une-gestion-de-crise-qui-continue-dinterroger\/","og_site_name":"PAYS DE LA LOIRE","article_published_time":"2020-09-24T14:08:34+00:00","article_modified_time":"2020-09-24T14:10:11+00:00","og_image":[{"width":1600,"height":550,"url":"https:\/\/regions-snetap-fsu.fr\/pdl\/wp-content\/uploads\/sites\/4\/2020\/09\/chsct_une_responsabilite_a_double_sens.jpg","type":"image\/jpeg"}],"author":"yvigner","twitter_card":"summary_large_image","twitter_misc":{"\u00c9crit par":"yvigner","Dur\u00e9e de lecture estim\u00e9e":"6 minutes"},"schema":{"@context":"https:\/\/schema.org","@graph":[{"@type":"Article","@id":"https:\/\/regions-snetap-fsu.fr\/pdl\/2020\/09\/24\/une-gestion-de-crise-qui-continue-dinterroger\/#article","isPartOf":{"@id":"https:\/\/regions-snetap-fsu.fr\/pdl\/2020\/09\/24\/une-gestion-de-crise-qui-continue-dinterroger\/"},"author":{"name":"yvigner","@id":"https:\/\/regions-snetap-fsu.fr\/pdl\/#\/schema\/person\/d4530af043f9e8d27bdd71c468ec93b1"},"headline":"Une gestion de crise qui continue d\u2019interroger&#8230;","datePublished":"2020-09-24T14:08:34+00:00","dateModified":"2020-09-24T14:10:11+00:00","mainEntityOfPage":{"@id":"https:\/\/regions-snetap-fsu.fr\/pdl\/2020\/09\/24\/une-gestion-de-crise-qui-continue-dinterroger\/"},"wordCount":1219,"publisher":{"@id":"https:\/\/regions-snetap-fsu.fr\/pdl\/#organization"},"image":{"@id":"https:\/\/regions-snetap-fsu.fr\/pdl\/2020\/09\/24\/une-gestion-de-crise-qui-continue-dinterroger\/#primaryimage"},"thumbnailUrl":"https:\/\/regions-snetap-fsu.fr\/pdl\/wp-content\/uploads\/sites\/4\/2020\/09\/chsct_une_responsabilite_a_double_sens.jpg","articleSection":["Formation sp\u00e9cialis\u00e9e Sant\u00e9 et S\u00e9curit\u00e9 au travail (ex-CHSCTREA)"],"inLanguage":"fr-FR"},{"@type":"WebPage","@id":"https:\/\/regions-snetap-fsu.fr\/pdl\/2020\/09\/24\/une-gestion-de-crise-qui-continue-dinterroger\/","url":"https:\/\/regions-snetap-fsu.fr\/pdl\/2020\/09\/24\/une-gestion-de-crise-qui-continue-dinterroger\/","name":"Une gestion de crise qui continue d\u2019interroger... - PAYS DE LA LOIRE","isPartOf":{"@id":"https:\/\/regions-snetap-fsu.fr\/pdl\/#website"},"primaryImageOfPage":{"@id":"https:\/\/regions-snetap-fsu.fr\/pdl\/2020\/09\/24\/une-gestion-de-crise-qui-continue-dinterroger\/#primaryimage"},"image":{"@id":"https:\/\/regions-snetap-fsu.fr\/pdl\/2020\/09\/24\/une-gestion-de-crise-qui-continue-dinterroger\/#primaryimage"},"thumbnailUrl":"https:\/\/regions-snetap-fsu.fr\/pdl\/wp-content\/uploads\/sites\/4\/2020\/09\/chsct_une_responsabilite_a_double_sens.jpg","datePublished":"2020-09-24T14:08:34+00:00","dateModified":"2020-09-24T14:10:11+00:00","breadcrumb":{"@id":"https:\/\/regions-snetap-fsu.fr\/pdl\/2020\/09\/24\/une-gestion-de-crise-qui-continue-dinterroger\/#breadcrumb"},"inLanguage":"fr-FR","potentialAction":[{"@type":"ReadAction","target":["https:\/\/regions-snetap-fsu.fr\/pdl\/2020\/09\/24\/une-gestion-de-crise-qui-continue-dinterroger\/"]}]},{"@type":"ImageObject","inLanguage":"fr-FR","@id":"https:\/\/regions-snetap-fsu.fr\/pdl\/2020\/09\/24\/une-gestion-de-crise-qui-continue-dinterroger\/#primaryimage","url":"https:\/\/regions-snetap-fsu.fr\/pdl\/wp-content\/uploads\/sites\/4\/2020\/09\/chsct_une_responsabilite_a_double_sens.jpg","contentUrl":"https:\/\/regions-snetap-fsu.fr\/pdl\/wp-content\/uploads\/sites\/4\/2020\/09\/chsct_une_responsabilite_a_double_sens.jpg","width":1600,"height":550},{"@type":"BreadcrumbList","@id":"https:\/\/regions-snetap-fsu.fr\/pdl\/2020\/09\/24\/une-gestion-de-crise-qui-continue-dinterroger\/#breadcrumb","itemListElement":[{"@type":"ListItem","position":1,"name":"Accueil","item":"https:\/\/regions-snetap-fsu.fr\/pdl\/"},{"@type":"ListItem","position":2,"name":"Une gestion de crise qui continue d\u2019interroger&#8230;"}]},{"@type":"WebSite","@id":"https:\/\/regions-snetap-fsu.fr\/pdl\/#website","url":"https:\/\/regions-snetap-fsu.fr\/pdl\/","name":"SNETAP-FSU PAYS DE LA LOIRE","description":"SECTION REGIONALE","publisher":{"@id":"https:\/\/regions-snetap-fsu.fr\/pdl\/#organization"},"potentialAction":[{"@type":"SearchAction","target":{"@type":"EntryPoint","urlTemplate":"https:\/\/regions-snetap-fsu.fr\/pdl\/?s={search_term_string}"},"query-input":{"@type":"PropertyValueSpecification","valueRequired":true,"valueName":"search_term_string"}}],"inLanguage":"fr-FR"},{"@type":"Organization","@id":"https:\/\/regions-snetap-fsu.fr\/pdl\/#organization","name":"SNETAP-FSU Pays de Loire","url":"https:\/\/regions-snetap-fsu.fr\/pdl\/","logo":{"@type":"ImageObject","inLanguage":"fr-FR","@id":"https:\/\/regions-snetap-fsu.fr\/pdl\/#\/schema\/logo\/image\/","url":"https:\/\/regions-snetap-fsu.fr\/pdl\/wp-content\/uploads\/sites\/4\/2020\/12\/SNETAP-Logo.jpg","contentUrl":"https:\/\/regions-snetap-fsu.fr\/pdl\/wp-content\/uploads\/sites\/4\/2020\/12\/SNETAP-Logo.jpg","width":464,"height":334,"caption":"SNETAP-FSU Pays de Loire"},"image":{"@id":"https:\/\/regions-snetap-fsu.fr\/pdl\/#\/schema\/logo\/image\/"}},{"@type":"Person","@id":"https:\/\/regions-snetap-fsu.fr\/pdl\/#\/schema\/person\/d4530af043f9e8d27bdd71c468ec93b1","name":"yvigner","image":{"@type":"ImageObject","inLanguage":"fr-FR","@id":"https:\/\/secure.gravatar.com\/avatar\/bc72baa6f2406549aecf77a837bc4f03dbe88472c1762138f868571430a23820?s=96&d=mm&r=g","url":"https:\/\/secure.gravatar.com\/avatar\/bc72baa6f2406549aecf77a837bc4f03dbe88472c1762138f868571430a23820?s=96&d=mm&r=g","contentUrl":"https:\/\/secure.gravatar.com\/avatar\/bc72baa6f2406549aecf77a837bc4f03dbe88472c1762138f868571430a23820?s=96&d=mm&r=g","caption":"yvigner"},"url":"https:\/\/regions-snetap-fsu.fr\/pdl\/author\/yvigner\/"}]}},"_links":{"self":[{"href":"https:\/\/regions-snetap-fsu.fr\/pdl\/wp-json\/wp\/v2\/posts\/3680","targetHints":{"allow":["GET"]}}],"collection":[{"href":"https:\/\/regions-snetap-fsu.fr\/pdl\/wp-json\/wp\/v2\/posts"}],"about":[{"href":"https:\/\/regions-snetap-fsu.fr\/pdl\/wp-json\/wp\/v2\/types\/post"}],"author":[{"embeddable":true,"href":"https:\/\/regions-snetap-fsu.fr\/pdl\/wp-json\/wp\/v2\/users\/2"}],"replies":[{"embeddable":true,"href":"https:\/\/regions-snetap-fsu.fr\/pdl\/wp-json\/wp\/v2\/comments?post=3680"}],"version-history":[{"count":3,"href":"https:\/\/regions-snetap-fsu.fr\/pdl\/wp-json\/wp\/v2\/posts\/3680\/revisions"}],"predecessor-version":[{"id":3683,"href":"https:\/\/regions-snetap-fsu.fr\/pdl\/wp-json\/wp\/v2\/posts\/3680\/revisions\/3683"}],"wp:featuredmedia":[{"embeddable":true,"href":"https:\/\/regions-snetap-fsu.fr\/pdl\/wp-json\/wp\/v2\/media\/3647"}],"wp:attachment":[{"href":"https:\/\/regions-snetap-fsu.fr\/pdl\/wp-json\/wp\/v2\/media?parent=3680"}],"wp:term":[{"taxonomy":"category","embeddable":true,"href":"https:\/\/regions-snetap-fsu.fr\/pdl\/wp-json\/wp\/v2\/categories?post=3680"},{"taxonomy":"post_tag","embeddable":true,"href":"https:\/\/regions-snetap-fsu.fr\/pdl\/wp-json\/wp\/v2\/tags?post=3680"},{"taxonomy":"post_folder","embeddable":true,"href":"https:\/\/regions-snetap-fsu.fr\/pdl\/wp-json\/wp\/v2\/post_folder?post=3680"}],"curies":[{"name":"wp","href":"https:\/\/api.w.org\/{rel}","templated":true}]}}