{"id":3564,"date":"2020-06-20T22:41:35","date_gmt":"2020-06-20T20:41:35","guid":{"rendered":"https:\/\/regions-snetap-fsu.fr\/pdl\/?p=3564"},"modified":"2020-06-22T00:33:40","modified_gmt":"2020-06-21T22:33:40","slug":"accompagnement-personnalise-en-stav-encore-du-mepris-pour-les-enseignant-es-le-snetap-fsu-depose-un-preavis-de-greve","status":"publish","type":"post","link":"https:\/\/regions-snetap-fsu.fr\/pdl\/2020\/06\/20\/accompagnement-personnalise-en-stav-encore-du-mepris-pour-les-enseignant-es-le-snetap-fsu-depose-un-preavis-de-greve\/","title":{"rendered":"Accompagnement Personnalis\u00e9 en STAV : encore du m\u00e9pris pour les enseignant.es ! Le SNETAP-FSU et la CGT-AGRI d\u00e9posent un pr\u00e9avis de gr\u00e8ve"},"content":{"rendered":"<p style=\"text-align: justify;\"><span style=\"font-family: arial, helvetica, sans-serif; color: #000000;\"><strong>Quand la\u00a0<a class=\"cs_glossaire\" style=\"color: #000000;\" href=\"https:\/\/www.snetap-fsu.fr\/+-DGER-+.html\" name=\"mot63_0\"><span class=\"gl_mot\">DGER<\/span><\/a>\u00a0m\u00e9prise le travail enseignant\u00a0: l\u2019AP en STAV ne serait pas un AP au sens habituel et plein du terme\u00a0!!!!!<\/strong><\/span><br \/>\n<span style=\"font-family: arial, helvetica, sans-serif; color: #000000;\">Depuis une dizaine de jours, monte le m\u00e9contentement des enseignant.es de la s\u00e9rie du baccalaur\u00e9at technologique STAV puisque semblait circuler l\u2019information que les heures de l\u2019Accompagnement Personnalis\u00e9 dans cette fili\u00e8re serait coefficient\u00e9 \u00e0 0.5. Notre organisation avait saisi la DGER en d\u00e9but de semaine\u00a0<\/span><\/p>\n<dl class=\"spip_document_7983 spip_documents spip_documents_center\">\n<dt class=\"crayon document-titre-7983 spip_doc_titre\"><span style=\"color: #000000;\"><span style=\"font-family: arial, helvetica, sans-serif;\"><strong>AP en STAV, c\u2019est enseigner ! <\/strong>Cette information circule, devient officielle comme dans la r\u00e9gion des Pays de la Loire lors d\u2019un<a class=\"cs_glossaire\" style=\"color: #000000;\" href=\"https:\/\/www.snetap-fsu.fr\/+-CTR-CTR-CTR-+.html\" name=\"mot315_1\"><span class=\"gl_mot\">\u00a0CTREA<\/span><\/a> qui s\u2019est tenu hier.\u00a0<\/span><\/span><\/dt>\n<dt class=\"crayon document-titre-7983 spip_doc_titre\"><span style=\"color: #000000;\"><span style=\"font-family: arial, helvetica, sans-serif;\"><span style=\"text-align: justify;\">La confirmation de cette pond\u00e9ration a suscit\u00e9 dans les \u00e9tablissements lig\u00e9riens beaucoup d\u2019interrogations, d\u2019incompr\u00e9hension et d\u2019\u00e9c\u0153urement chez nos coll\u00e8gues de la fili\u00e8re et au-del\u00e0 dans l\u2019ensemble des \u00e9quipes p\u00e9dagogiques des lyc\u00e9es : <\/span><strong class=\"caractencadre-spip spip\" style=\"text-align: justify;\">comment leur employeur estime-t-il le travail enseignant\u00a0? A coefficient 0.5\u00a0!<\/strong><\/span><\/span><\/dt>\n<\/dl>\n<p style=\"text-align: justify;\"><span style=\"font-family: arial, helvetica, sans-serif; color: #000000;\">Nous avons donc d\u00e9cid\u00e9 en r\u00e9gion Pays de la Loire de d\u00e9poser <span style=\"text-decoration: underline;\"><strong>un pr\u00e9avis de gr\u00e8ve que vous trouverez ici<\/strong><\/span><\/span><\/p>\n<p style=\"text-align: right;\"><strong><span style=\"font-family: arial, helvetica, sans-serif; color: #000000;\">Pour les deux organisations syndicales<\/span><\/strong><\/p>\n<p style=\"text-align: right;\"><span style=\"font-family: arial, helvetica, sans-serif; color: #000000;\">Laurence BRAULT et Yoann VIGNER (Co-secr\u00e9taires r\u00e9gionaux du SNETAP-FSU)<\/span><\/p>\n<p style=\"text-align: right;\"><span style=\"font-family: arial, helvetica, sans-serif; color: #000000;\">Thierry JACOB, secr\u00e9taire r\u00e9gional de la CGT-AGRI<\/span><\/p>\n<p>&nbsp;<\/p>\n<p><span style=\"font-family: arial, helvetica, sans-serif;\"><span style=\"color: #000000; text-align: justify;\">\n\t\t<div class=\"wppdfemb-frame-container-1\" style=\"-webkit-overflow-scrolling:auto;\">\n\t\t\t<iframe class=\"pdfembed-iframe nonfullscreen wppdf-emb-iframe-1\"\n\t\t\t\tsrc=\"https:\/\/regions-snetap-fsu.fr\/pdl\/?pdfemb-data=eyJ1cmwiOiJodHRwczpcL1wvcmVnaW9ucy1zbmV0YXAtZnN1LmZyXC9wZGxcL3dwLWNvbnRlbnRcL3VwbG9hZHNcL3NpdGVzXC80XC8yMDIwXC8wNlwvUHJcdTAwZTlhdmlzLWRlLWdyXHUwMGU4dmUtUERMLUFQLTE5MDYyMC5wZGYiLCJ0aXRsZSI6IlByXHUwMGU5YXZpcyBkZSBnclx1MDBlOHZlIFBETCBBUCAxOTA2MjAiLCJpbmRleCI6MSwicGRmSUQiOjM1Njh9\"\n\t\t\t\ttitle=\"Pr\u00e9avis de gr\u00e8ve PDL AP 190620\"\t\t\t\tdata-pdf-id=\"3568\"\n\t\t\t\tdata-pdf-index=\"1\"\n\t\t\t\tstyle=\"border:none;width:100%;max-width:100%;height:100vh;\"\n\t\t\t\tscrolling=\"yes\">\n\t\t\t<\/iframe>\n\t\t<\/div>\n\n\t\t<\/span><\/span><\/p>\n","protected":false},"excerpt":{"rendered":"<p>Quand la\u00a0DGER\u00a0m\u00e9prise le travail enseignant\u00a0: l\u2019AP en STAV ne serait pas un AP au sens habituel et plein du terme\u00a0!!!!! Depuis une dizaine de jours, monte le m\u00e9contentement des enseignant.es de la s\u00e9rie du baccalaur\u00e9at technologique STAV puisque semblait circuler l\u2019information que les heures de l\u2019Accompagnement Personnalis\u00e9 dans cette fili\u00e8re serait coefficient\u00e9 \u00e0 0.5. Notre [&hellip;]<\/p>\n","protected":false},"author":2,"featured_media":0,"comment_status":"closed","ping_status":"closed","sticky":false,"template":"","format":"standard","meta":{"ocean_post_layout":"","ocean_both_sidebars_style":"","ocean_both_sidebars_content_width":0,"ocean_both_sidebars_sidebars_width":0,"ocean_sidebar":"","ocean_second_sidebar":"","ocean_disable_margins":"enable","ocean_add_body_class":"","ocean_shortcode_before_top_bar":"","ocean_shortcode_after_top_bar":"","ocean_shortcode_before_header":"","ocean_shortcode_after_header":"","ocean_has_shortcode":"","ocean_shortcode_after_title":"","ocean_shortcode_before_footer_widgets":"","ocean_shortcode_after_footer_widgets":"","ocean_shortcode_before_footer_bottom":"","ocean_shortcode_after_footer_bottom":"","ocean_display_top_bar":"default","ocean_display_header":"default","ocean_header_style":"","ocean_center_header_left_menu":"","ocean_custom_header_template":"","ocean_custom_logo":0,"ocean_custom_retina_logo":0,"ocean_custom_logo_max_width":0,"ocean_custom_logo_tablet_max_width":0,"ocean_custom_logo_mobile_max_width":0,"ocean_custom_logo_max_height":0,"ocean_custom_logo_tablet_max_height":0,"ocean_custom_logo_mobile_max_height":0,"ocean_header_custom_menu":"","ocean_menu_typo_font_family":"","ocean_menu_typo_font_subset":"","ocean_menu_typo_font_size":0,"ocean_menu_typo_font_size_tablet":0,"ocean_menu_typo_font_size_mobile":0,"ocean_menu_typo_font_size_unit":"px","ocean_menu_typo_font_weight":"","ocean_menu_typo_font_weight_tablet":"","ocean_menu_typo_font_weight_mobile":"","ocean_menu_typo_transform":"","ocean_menu_typo_transform_tablet":"","ocean_menu_typo_transform_mobile":"","ocean_menu_typo_line_height":0,"ocean_menu_typo_line_height_tablet":0,"ocean_menu_typo_line_height_mobile":0,"ocean_menu_typo_line_height_unit":"","ocean_menu_typo_spacing":0,"ocean_menu_typo_spacing_tablet":0,"ocean_menu_typo_spacing_mobile":0,"ocean_menu_typo_spacing_unit":"","ocean_menu_link_color":"","ocean_menu_link_color_hover":"","ocean_menu_link_color_active":"","ocean_menu_link_background":"","ocean_menu_link_hover_background":"","ocean_menu_link_active_background":"","ocean_menu_social_links_bg":"","ocean_menu_social_hover_links_bg":"","ocean_menu_social_links_color":"","ocean_menu_social_hover_links_color":"","ocean_disable_title":"default","ocean_disable_heading":"default","ocean_post_title":"","ocean_post_subheading":"","ocean_post_title_style":"","ocean_post_title_background_color":"","ocean_post_title_background":0,"ocean_post_title_bg_image_position":"","ocean_post_title_bg_image_attachment":"","ocean_post_title_bg_image_repeat":"","ocean_post_title_bg_image_size":"","ocean_post_title_height":0,"ocean_post_title_bg_overlay":0.5,"ocean_post_title_bg_overlay_color":"","ocean_disable_breadcrumbs":"default","ocean_breadcrumbs_color":"","ocean_breadcrumbs_separator_color":"","ocean_breadcrumbs_links_color":"","ocean_breadcrumbs_links_hover_color":"","ocean_display_footer_widgets":"default","ocean_display_footer_bottom":"default","ocean_custom_footer_template":"","ocean_post_oembed":"","ocean_post_self_hosted_media":"","ocean_post_video_embed":"","ocean_link_format":"","ocean_link_format_target":"self","ocean_quote_format":"","ocean_quote_format_link":"post","ocean_gallery_link_images":"on","ocean_gallery_id":[],"footnotes":""},"categories":[28],"tags":[],"post_folder":[],"class_list":["post-3564","post","type-post","status-publish","format-standard","hentry","category-actions-regionales","entry"],"yoast_head":"<!-- This site is optimized with the Yoast SEO plugin v27.4 - https:\/\/yoast.com\/product\/yoast-seo-wordpress\/ -->\n<title>Accompagnement Personnalis\u00e9 en STAV : encore du m\u00e9pris pour les enseignant.es ! Le SNETAP-FSU et la CGT-AGRI d\u00e9posent un pr\u00e9avis de gr\u00e8ve - PAYS DE LA LOIRE<\/title>\n<meta name=\"robots\" content=\"index, follow, max-snippet:-1, max-image-preview:large, max-video-preview:-1\" \/>\n<link rel=\"canonical\" href=\"https:\/\/regions-snetap-fsu.fr\/pdl\/2020\/06\/20\/accompagnement-personnalise-en-stav-encore-du-mepris-pour-les-enseignant-es-le-snetap-fsu-depose-un-preavis-de-greve\/\" \/>\n<meta property=\"og:locale\" content=\"fr_FR\" \/>\n<meta property=\"og:type\" content=\"article\" \/>\n<meta property=\"og:title\" content=\"Accompagnement Personnalis\u00e9 en STAV : encore du m\u00e9pris pour les enseignant.es ! Le SNETAP-FSU et la CGT-AGRI d\u00e9posent un pr\u00e9avis de gr\u00e8ve - PAYS DE LA LOIRE\" \/>\n<meta property=\"og:description\" content=\"Quand la\u00a0DGER\u00a0m\u00e9prise le travail enseignant\u00a0: l\u2019AP en STAV ne serait pas un AP au sens habituel et plein du terme\u00a0!!!!! Depuis une dizaine de jours, monte le m\u00e9contentement des enseignant.es de la s\u00e9rie du baccalaur\u00e9at technologique STAV puisque semblait circuler l\u2019information que les heures de l\u2019Accompagnement Personnalis\u00e9 dans cette fili\u00e8re serait coefficient\u00e9 \u00e0 0.5. Notre [&hellip;]\" \/>\n<meta property=\"og:url\" content=\"https:\/\/regions-snetap-fsu.fr\/pdl\/2020\/06\/20\/accompagnement-personnalise-en-stav-encore-du-mepris-pour-les-enseignant-es-le-snetap-fsu-depose-un-preavis-de-greve\/\" \/>\n<meta property=\"og:site_name\" content=\"PAYS DE LA LOIRE\" \/>\n<meta property=\"article:published_time\" content=\"2020-06-20T20:41:35+00:00\" \/>\n<meta property=\"article:modified_time\" content=\"2020-06-21T22:33:40+00:00\" \/>\n<meta name=\"author\" content=\"yvigner\" \/>\n<meta name=\"twitter:card\" content=\"summary_large_image\" \/>\n<meta name=\"twitter:label1\" content=\"\u00c9crit par\" \/>\n\t<meta name=\"twitter:data1\" content=\"yvigner\" \/>\n\t<meta name=\"twitter:label2\" content=\"Dur\u00e9e de lecture estim\u00e9e\" \/>\n\t<meta name=\"twitter:data2\" content=\"1 minute\" \/>\n<script type=\"application\/ld+json\" class=\"yoast-schema-graph\">{\"@context\":\"https:\\\/\\\/schema.org\",\"@graph\":[{\"@type\":\"Article\",\"@id\":\"https:\\\/\\\/regions-snetap-fsu.fr\\\/pdl\\\/2020\\\/06\\\/20\\\/accompagnement-personnalise-en-stav-encore-du-mepris-pour-les-enseignant-es-le-snetap-fsu-depose-un-preavis-de-greve\\\/#article\",\"isPartOf\":{\"@id\":\"https:\\\/\\\/regions-snetap-fsu.fr\\\/pdl\\\/2020\\\/06\\\/20\\\/accompagnement-personnalise-en-stav-encore-du-mepris-pour-les-enseignant-es-le-snetap-fsu-depose-un-preavis-de-greve\\\/\"},\"author\":{\"name\":\"yvigner\",\"@id\":\"https:\\\/\\\/regions-snetap-fsu.fr\\\/pdl\\\/#\\\/schema\\\/person\\\/d4530af043f9e8d27bdd71c468ec93b1\"},\"headline\":\"Accompagnement Personnalis\u00e9 en STAV : encore du m\u00e9pris pour les enseignant.es ! Le SNETAP-FSU et la CGT-AGRI d\u00e9posent un pr\u00e9avis de gr\u00e8ve\",\"datePublished\":\"2020-06-20T20:41:35+00:00\",\"dateModified\":\"2020-06-21T22:33:40+00:00\",\"mainEntityOfPage\":{\"@id\":\"https:\\\/\\\/regions-snetap-fsu.fr\\\/pdl\\\/2020\\\/06\\\/20\\\/accompagnement-personnalise-en-stav-encore-du-mepris-pour-les-enseignant-es-le-snetap-fsu-depose-un-preavis-de-greve\\\/\"},\"wordCount\":253,\"publisher\":{\"@id\":\"https:\\\/\\\/regions-snetap-fsu.fr\\\/pdl\\\/#organization\"},\"articleSection\":[\"Actions r\u00e9gionales\"],\"inLanguage\":\"fr-FR\"},{\"@type\":\"WebPage\",\"@id\":\"https:\\\/\\\/regions-snetap-fsu.fr\\\/pdl\\\/2020\\\/06\\\/20\\\/accompagnement-personnalise-en-stav-encore-du-mepris-pour-les-enseignant-es-le-snetap-fsu-depose-un-preavis-de-greve\\\/\",\"url\":\"https:\\\/\\\/regions-snetap-fsu.fr\\\/pdl\\\/2020\\\/06\\\/20\\\/accompagnement-personnalise-en-stav-encore-du-mepris-pour-les-enseignant-es-le-snetap-fsu-depose-un-preavis-de-greve\\\/\",\"name\":\"Accompagnement Personnalis\u00e9 en STAV : encore du m\u00e9pris pour les enseignant.es ! Le SNETAP-FSU et la CGT-AGRI d\u00e9posent un pr\u00e9avis de gr\u00e8ve - PAYS DE LA LOIRE\",\"isPartOf\":{\"@id\":\"https:\\\/\\\/regions-snetap-fsu.fr\\\/pdl\\\/#website\"},\"datePublished\":\"2020-06-20T20:41:35+00:00\",\"dateModified\":\"2020-06-21T22:33:40+00:00\",\"breadcrumb\":{\"@id\":\"https:\\\/\\\/regions-snetap-fsu.fr\\\/pdl\\\/2020\\\/06\\\/20\\\/accompagnement-personnalise-en-stav-encore-du-mepris-pour-les-enseignant-es-le-snetap-fsu-depose-un-preavis-de-greve\\\/#breadcrumb\"},\"inLanguage\":\"fr-FR\",\"potentialAction\":[{\"@type\":\"ReadAction\",\"target\":[\"https:\\\/\\\/regions-snetap-fsu.fr\\\/pdl\\\/2020\\\/06\\\/20\\\/accompagnement-personnalise-en-stav-encore-du-mepris-pour-les-enseignant-es-le-snetap-fsu-depose-un-preavis-de-greve\\\/\"]}]},{\"@type\":\"BreadcrumbList\",\"@id\":\"https:\\\/\\\/regions-snetap-fsu.fr\\\/pdl\\\/2020\\\/06\\\/20\\\/accompagnement-personnalise-en-stav-encore-du-mepris-pour-les-enseignant-es-le-snetap-fsu-depose-un-preavis-de-greve\\\/#breadcrumb\",\"itemListElement\":[{\"@type\":\"ListItem\",\"position\":1,\"name\":\"Accueil\",\"item\":\"https:\\\/\\\/regions-snetap-fsu.fr\\\/pdl\\\/\"},{\"@type\":\"ListItem\",\"position\":2,\"name\":\"Accompagnement Personnalis\u00e9 en STAV : encore du m\u00e9pris pour les enseignant.es ! Le SNETAP-FSU et la CGT-AGRI d\u00e9posent un pr\u00e9avis de gr\u00e8ve\"}]},{\"@type\":\"WebSite\",\"@id\":\"https:\\\/\\\/regions-snetap-fsu.fr\\\/pdl\\\/#website\",\"url\":\"https:\\\/\\\/regions-snetap-fsu.fr\\\/pdl\\\/\",\"name\":\"SNETAP-FSU PAYS DE LA LOIRE\",\"description\":\"SECTION REGIONALE\",\"publisher\":{\"@id\":\"https:\\\/\\\/regions-snetap-fsu.fr\\\/pdl\\\/#organization\"},\"potentialAction\":[{\"@type\":\"SearchAction\",\"target\":{\"@type\":\"EntryPoint\",\"urlTemplate\":\"https:\\\/\\\/regions-snetap-fsu.fr\\\/pdl\\\/?s={search_term_string}\"},\"query-input\":{\"@type\":\"PropertyValueSpecification\",\"valueRequired\":true,\"valueName\":\"search_term_string\"}}],\"inLanguage\":\"fr-FR\"},{\"@type\":\"Organization\",\"@id\":\"https:\\\/\\\/regions-snetap-fsu.fr\\\/pdl\\\/#organization\",\"name\":\"SNETAP-FSU Pays de Loire\",\"url\":\"https:\\\/\\\/regions-snetap-fsu.fr\\\/pdl\\\/\",\"logo\":{\"@type\":\"ImageObject\",\"inLanguage\":\"fr-FR\",\"@id\":\"https:\\\/\\\/regions-snetap-fsu.fr\\\/pdl\\\/#\\\/schema\\\/logo\\\/image\\\/\",\"url\":\"https:\\\/\\\/regions-snetap-fsu.fr\\\/pdl\\\/wp-content\\\/uploads\\\/sites\\\/4\\\/2020\\\/12\\\/SNETAP-Logo.jpg\",\"contentUrl\":\"https:\\\/\\\/regions-snetap-fsu.fr\\\/pdl\\\/wp-content\\\/uploads\\\/sites\\\/4\\\/2020\\\/12\\\/SNETAP-Logo.jpg\",\"width\":464,\"height\":334,\"caption\":\"SNETAP-FSU Pays de Loire\"},\"image\":{\"@id\":\"https:\\\/\\\/regions-snetap-fsu.fr\\\/pdl\\\/#\\\/schema\\\/logo\\\/image\\\/\"}},{\"@type\":\"Person\",\"@id\":\"https:\\\/\\\/regions-snetap-fsu.fr\\\/pdl\\\/#\\\/schema\\\/person\\\/d4530af043f9e8d27bdd71c468ec93b1\",\"name\":\"yvigner\",\"image\":{\"@type\":\"ImageObject\",\"inLanguage\":\"fr-FR\",\"@id\":\"https:\\\/\\\/secure.gravatar.com\\\/avatar\\\/bc72baa6f2406549aecf77a837bc4f03dbe88472c1762138f868571430a23820?s=96&d=mm&r=g\",\"url\":\"https:\\\/\\\/secure.gravatar.com\\\/avatar\\\/bc72baa6f2406549aecf77a837bc4f03dbe88472c1762138f868571430a23820?s=96&d=mm&r=g\",\"contentUrl\":\"https:\\\/\\\/secure.gravatar.com\\\/avatar\\\/bc72baa6f2406549aecf77a837bc4f03dbe88472c1762138f868571430a23820?s=96&d=mm&r=g\",\"caption\":\"yvigner\"},\"url\":\"https:\\\/\\\/regions-snetap-fsu.fr\\\/pdl\\\/author\\\/yvigner\\\/\"}]}<\/script>\n<!-- \/ Yoast SEO plugin. -->","yoast_head_json":{"title":"Accompagnement Personnalis\u00e9 en STAV : encore du m\u00e9pris pour les enseignant.es ! Le SNETAP-FSU et la CGT-AGRI d\u00e9posent un pr\u00e9avis de gr\u00e8ve - PAYS DE LA LOIRE","robots":{"index":"index","follow":"follow","max-snippet":"max-snippet:-1","max-image-preview":"max-image-preview:large","max-video-preview":"max-video-preview:-1"},"canonical":"https:\/\/regions-snetap-fsu.fr\/pdl\/2020\/06\/20\/accompagnement-personnalise-en-stav-encore-du-mepris-pour-les-enseignant-es-le-snetap-fsu-depose-un-preavis-de-greve\/","og_locale":"fr_FR","og_type":"article","og_title":"Accompagnement Personnalis\u00e9 en STAV : encore du m\u00e9pris pour les enseignant.es ! Le SNETAP-FSU et la CGT-AGRI d\u00e9posent un pr\u00e9avis de gr\u00e8ve - PAYS DE LA LOIRE","og_description":"Quand la\u00a0DGER\u00a0m\u00e9prise le travail enseignant\u00a0: l\u2019AP en STAV ne serait pas un AP au sens habituel et plein du terme\u00a0!!!!! Depuis une dizaine de jours, monte le m\u00e9contentement des enseignant.es de la s\u00e9rie du baccalaur\u00e9at technologique STAV puisque semblait circuler l\u2019information que les heures de l\u2019Accompagnement Personnalis\u00e9 dans cette fili\u00e8re serait coefficient\u00e9 \u00e0 0.5. Notre [&hellip;]","og_url":"https:\/\/regions-snetap-fsu.fr\/pdl\/2020\/06\/20\/accompagnement-personnalise-en-stav-encore-du-mepris-pour-les-enseignant-es-le-snetap-fsu-depose-un-preavis-de-greve\/","og_site_name":"PAYS DE LA LOIRE","article_published_time":"2020-06-20T20:41:35+00:00","article_modified_time":"2020-06-21T22:33:40+00:00","author":"yvigner","twitter_card":"summary_large_image","twitter_misc":{"\u00c9crit par":"yvigner","Dur\u00e9e de lecture estim\u00e9e":"1 minute"},"schema":{"@context":"https:\/\/schema.org","@graph":[{"@type":"Article","@id":"https:\/\/regions-snetap-fsu.fr\/pdl\/2020\/06\/20\/accompagnement-personnalise-en-stav-encore-du-mepris-pour-les-enseignant-es-le-snetap-fsu-depose-un-preavis-de-greve\/#article","isPartOf":{"@id":"https:\/\/regions-snetap-fsu.fr\/pdl\/2020\/06\/20\/accompagnement-personnalise-en-stav-encore-du-mepris-pour-les-enseignant-es-le-snetap-fsu-depose-un-preavis-de-greve\/"},"author":{"name":"yvigner","@id":"https:\/\/regions-snetap-fsu.fr\/pdl\/#\/schema\/person\/d4530af043f9e8d27bdd71c468ec93b1"},"headline":"Accompagnement Personnalis\u00e9 en STAV : encore du m\u00e9pris pour les enseignant.es ! Le SNETAP-FSU et la CGT-AGRI d\u00e9posent un pr\u00e9avis de gr\u00e8ve","datePublished":"2020-06-20T20:41:35+00:00","dateModified":"2020-06-21T22:33:40+00:00","mainEntityOfPage":{"@id":"https:\/\/regions-snetap-fsu.fr\/pdl\/2020\/06\/20\/accompagnement-personnalise-en-stav-encore-du-mepris-pour-les-enseignant-es-le-snetap-fsu-depose-un-preavis-de-greve\/"},"wordCount":253,"publisher":{"@id":"https:\/\/regions-snetap-fsu.fr\/pdl\/#organization"},"articleSection":["Actions r\u00e9gionales"],"inLanguage":"fr-FR"},{"@type":"WebPage","@id":"https:\/\/regions-snetap-fsu.fr\/pdl\/2020\/06\/20\/accompagnement-personnalise-en-stav-encore-du-mepris-pour-les-enseignant-es-le-snetap-fsu-depose-un-preavis-de-greve\/","url":"https:\/\/regions-snetap-fsu.fr\/pdl\/2020\/06\/20\/accompagnement-personnalise-en-stav-encore-du-mepris-pour-les-enseignant-es-le-snetap-fsu-depose-un-preavis-de-greve\/","name":"Accompagnement Personnalis\u00e9 en STAV : encore du m\u00e9pris pour les enseignant.es ! Le SNETAP-FSU et la CGT-AGRI d\u00e9posent un pr\u00e9avis de gr\u00e8ve - PAYS DE LA LOIRE","isPartOf":{"@id":"https:\/\/regions-snetap-fsu.fr\/pdl\/#website"},"datePublished":"2020-06-20T20:41:35+00:00","dateModified":"2020-06-21T22:33:40+00:00","breadcrumb":{"@id":"https:\/\/regions-snetap-fsu.fr\/pdl\/2020\/06\/20\/accompagnement-personnalise-en-stav-encore-du-mepris-pour-les-enseignant-es-le-snetap-fsu-depose-un-preavis-de-greve\/#breadcrumb"},"inLanguage":"fr-FR","potentialAction":[{"@type":"ReadAction","target":["https:\/\/regions-snetap-fsu.fr\/pdl\/2020\/06\/20\/accompagnement-personnalise-en-stav-encore-du-mepris-pour-les-enseignant-es-le-snetap-fsu-depose-un-preavis-de-greve\/"]}]},{"@type":"BreadcrumbList","@id":"https:\/\/regions-snetap-fsu.fr\/pdl\/2020\/06\/20\/accompagnement-personnalise-en-stav-encore-du-mepris-pour-les-enseignant-es-le-snetap-fsu-depose-un-preavis-de-greve\/#breadcrumb","itemListElement":[{"@type":"ListItem","position":1,"name":"Accueil","item":"https:\/\/regions-snetap-fsu.fr\/pdl\/"},{"@type":"ListItem","position":2,"name":"Accompagnement Personnalis\u00e9 en STAV : encore du m\u00e9pris pour les enseignant.es ! Le SNETAP-FSU et la CGT-AGRI d\u00e9posent un pr\u00e9avis de gr\u00e8ve"}]},{"@type":"WebSite","@id":"https:\/\/regions-snetap-fsu.fr\/pdl\/#website","url":"https:\/\/regions-snetap-fsu.fr\/pdl\/","name":"SNETAP-FSU PAYS DE LA LOIRE","description":"SECTION REGIONALE","publisher":{"@id":"https:\/\/regions-snetap-fsu.fr\/pdl\/#organization"},"potentialAction":[{"@type":"SearchAction","target":{"@type":"EntryPoint","urlTemplate":"https:\/\/regions-snetap-fsu.fr\/pdl\/?s={search_term_string}"},"query-input":{"@type":"PropertyValueSpecification","valueRequired":true,"valueName":"search_term_string"}}],"inLanguage":"fr-FR"},{"@type":"Organization","@id":"https:\/\/regions-snetap-fsu.fr\/pdl\/#organization","name":"SNETAP-FSU Pays de Loire","url":"https:\/\/regions-snetap-fsu.fr\/pdl\/","logo":{"@type":"ImageObject","inLanguage":"fr-FR","@id":"https:\/\/regions-snetap-fsu.fr\/pdl\/#\/schema\/logo\/image\/","url":"https:\/\/regions-snetap-fsu.fr\/pdl\/wp-content\/uploads\/sites\/4\/2020\/12\/SNETAP-Logo.jpg","contentUrl":"https:\/\/regions-snetap-fsu.fr\/pdl\/wp-content\/uploads\/sites\/4\/2020\/12\/SNETAP-Logo.jpg","width":464,"height":334,"caption":"SNETAP-FSU Pays de Loire"},"image":{"@id":"https:\/\/regions-snetap-fsu.fr\/pdl\/#\/schema\/logo\/image\/"}},{"@type":"Person","@id":"https:\/\/regions-snetap-fsu.fr\/pdl\/#\/schema\/person\/d4530af043f9e8d27bdd71c468ec93b1","name":"yvigner","image":{"@type":"ImageObject","inLanguage":"fr-FR","@id":"https:\/\/secure.gravatar.com\/avatar\/bc72baa6f2406549aecf77a837bc4f03dbe88472c1762138f868571430a23820?s=96&d=mm&r=g","url":"https:\/\/secure.gravatar.com\/avatar\/bc72baa6f2406549aecf77a837bc4f03dbe88472c1762138f868571430a23820?s=96&d=mm&r=g","contentUrl":"https:\/\/secure.gravatar.com\/avatar\/bc72baa6f2406549aecf77a837bc4f03dbe88472c1762138f868571430a23820?s=96&d=mm&r=g","caption":"yvigner"},"url":"https:\/\/regions-snetap-fsu.fr\/pdl\/author\/yvigner\/"}]}},"_links":{"self":[{"href":"https:\/\/regions-snetap-fsu.fr\/pdl\/wp-json\/wp\/v2\/posts\/3564","targetHints":{"allow":["GET"]}}],"collection":[{"href":"https:\/\/regions-snetap-fsu.fr\/pdl\/wp-json\/wp\/v2\/posts"}],"about":[{"href":"https:\/\/regions-snetap-fsu.fr\/pdl\/wp-json\/wp\/v2\/types\/post"}],"author":[{"embeddable":true,"href":"https:\/\/regions-snetap-fsu.fr\/pdl\/wp-json\/wp\/v2\/users\/2"}],"replies":[{"embeddable":true,"href":"https:\/\/regions-snetap-fsu.fr\/pdl\/wp-json\/wp\/v2\/comments?post=3564"}],"version-history":[{"count":4,"href":"https:\/\/regions-snetap-fsu.fr\/pdl\/wp-json\/wp\/v2\/posts\/3564\/revisions"}],"predecessor-version":[{"id":3570,"href":"https:\/\/regions-snetap-fsu.fr\/pdl\/wp-json\/wp\/v2\/posts\/3564\/revisions\/3570"}],"wp:attachment":[{"href":"https:\/\/regions-snetap-fsu.fr\/pdl\/wp-json\/wp\/v2\/media?parent=3564"}],"wp:term":[{"taxonomy":"category","embeddable":true,"href":"https:\/\/regions-snetap-fsu.fr\/pdl\/wp-json\/wp\/v2\/categories?post=3564"},{"taxonomy":"post_tag","embeddable":true,"href":"https:\/\/regions-snetap-fsu.fr\/pdl\/wp-json\/wp\/v2\/tags?post=3564"},{"taxonomy":"post_folder","embeddable":true,"href":"https:\/\/regions-snetap-fsu.fr\/pdl\/wp-json\/wp\/v2\/post_folder?post=3564"}],"curies":[{"name":"wp","href":"https:\/\/api.w.org\/{rel}","templated":true}]}}