{"id":3540,"date":"2020-06-15T00:17:55","date_gmt":"2020-06-14T22:17:55","guid":{"rendered":"https:\/\/regions-snetap-fsu.fr\/pdl\/?p=3540"},"modified":"2020-06-15T00:18:23","modified_gmt":"2020-06-14T22:18:23","slug":"rendez-nous-nos-heures-doption-motion-presentee-au-conseil-interieur-du-lycee-agricampus-laval-le-12-juin-2020","status":"publish","type":"post","link":"https:\/\/regions-snetap-fsu.fr\/pdl\/2020\/06\/15\/rendez-nous-nos-heures-doption-motion-presentee-au-conseil-interieur-du-lycee-agricampus-laval-le-12-juin-2020\/","title":{"rendered":"Rendez nous nos heures d\u2019option\u00a0!"},"content":{"rendered":"<p><span style=\"color: #000000; font-size: 14pt; font-family: arial, helvetica, sans-serif;\"><b>Motion pr\u00e9sent\u00e9e au Conseil int\u00e9rieur du Lyc\u00e9e Agricampus Laval le 12 juin 2020<\/b><\/span><\/p>\n<p align=\"center\"><span style=\"color: #000000; font-size: 18pt; font-family: arial, helvetica, sans-serif;\"><b>Rendez nous nos heures d\u2019option\u00a0!<\/b><\/span><\/p>\n<p align=\"justify\"><span style=\"color: #000000; font-family: arial, helvetica, sans-serif;\">Au Lyc\u00e9e Agricampus de Laval, les \u00e9l\u00e8ves en formation peuvent b\u00e9n\u00e9ficier d\u2019options nombreuses et vari\u00e9es\u00a0:<\/span><\/p>\n<ul>\n<li>\n<p align=\"justify\"><span style=\"color: #000000; font-family: arial, helvetica, sans-serif;\">l\u2019option g\u00e9n\u00e9rale \u00ab\u00a0Ecologie-Agronomie-Territoire et D\u00e9veloppement Durable\u00a0\u00bb<\/span><\/p>\n<\/li>\n<li>\n<p align=\"justify\"><span style=\"color: #000000; font-family: arial, helvetica, sans-serif;\">l\u2019option technologique \u00ab\u00a0Sciences et Laboratoire\u00a0\u00bb<\/span><\/p>\n<\/li>\n<li>\n<p align=\"justify\"><span style=\"color: #000000; font-family: arial, helvetica, sans-serif;\">l\u2019option sportive Volley<\/span><\/p>\n<\/li>\n<li>\n<p align=\"justify\"><span style=\"color: #000000; font-family: arial, helvetica, sans-serif;\">l\u2019option hippologie \u00e9quitation<\/span><\/p>\n<\/li>\n<li>\n<p align=\"justify\"><span style=\"color: #000000; font-family: arial, helvetica, sans-serif;\">l\u2019option Agronomie-\u00e9conomie et territoire<\/span><\/p>\n<\/li>\n<li>\n<p align=\"justify\"><span style=\"color: #000000; font-family: arial, helvetica, sans-serif;\">l\u2019option math\u00e9matiques compl\u00e9mentaires<\/span><\/p>\n<\/li>\n<\/ul>\n<p align=\"justify\"><span style=\"color: #000000; font-family: arial, helvetica, sans-serif;\">Ces options jouent un r\u00f4le majeur pour nos \u00e9l\u00e8ves afin d\u2019approfondir des connaissances-des comp\u00e9tences, de d\u00e9couvrir de nouvelles disciplines, activit\u00e9s ou encore de poursuivre une r\u00e9flexion d\u2019orientation scolaire ou professionnelle. Elles participent \u00e9galement \u00e0 l\u2019image de l\u2019\u00e9tablissement et constituent donc un atout pour le recrutement.<\/span><\/p>\n<p align=\"justify\"><span style=\"color: #000000; font-family: arial, helvetica, sans-serif;\">Les \u00e9l\u00e8ves peuvent en outre s\u2019inscrire dans des sections sportives (football et \u00e9quitation) ou encore en section europ\u00e9enne anglais en fili\u00e8re g\u00e9n\u00e9rale ou technologique.<\/span><\/p>\n<p align=\"justify\"><span style=\"color: #000000; font-family: arial, helvetica, sans-serif;\">Cependant et ce, depuis des ann\u00e9es, les moyens pour faire fonctionner ces options sont totalement insuffisants. Si les options EATDD et SL sont bien financ\u00e9es dans la dotation globale horaire (DGH) dite \u00ab\u00a0obligatoire\u00a0\u00bb, les autres ne le sont pas. Par un r\u00e9cent courrier, l\u2019autorit\u00e9 acad\u00e9mique a pr\u00e9cis\u00e9 que les heures qui auraient d\u00fb \u00eatre d\u00e9volues aux options (2\u00a0% de la DGH obligatoire) seraient ponctionn\u00e9es pour financer la DGH obligatoire, des cours obligatoires. <\/span><\/p>\n<p align=\"justify\"><span style=\"color: #000000; font-family: arial, helvetica, sans-serif;\">Cette d\u00e9cision fragilise les \u00e9tablissements et oblige les \u00e9quipes \u00e0 trouver des solutions de \u00ab\u00a0bricolage\u00a0\u00bb pour organiser le fonctionnement des options. <\/span><\/p>\n<p align=\"justify\"><span style=\"color: #000000; font-family: arial, helvetica, sans-serif;\">Les membres du Conseil int\u00e9rieur du Lyc\u00e9e Agricampus de Laval demandent que les heures de DGH optionnelle, <u>affect\u00e9es<\/u> par le Minist\u00e8re de l\u2019Agriculture \u00e0 la r\u00e9gion Pays de la Loire soient <u>affect\u00e9es<\/u> clairement aux options organis\u00e9es dans les \u00e9tablissements. <\/span><\/p>\n<p align=\"right\"><span style=\"color: #000000; font-family: arial, helvetica, sans-serif;\"><b>Vot\u00e9e \u00e0 l\u2019unanimit\u00e9 par les \u00e9lus du Conseil int\u00e9rieur du Lyc\u00e9e Agricampus Laval<\/b><\/span><\/p>\n<p align=\"right\"><span style=\"color: #000000; font-family: arial, helvetica, sans-serif;\"><b>11 votants<\/b><\/span><\/p>\n<p style=\"text-align: left;\" align=\"right\"><span style=\"font-family: arial, helvetica, sans-serif;\"><a href=\"https:\/\/regions-snetap-fsu.fr\/pdl\/wp-content\/uploads\/sites\/4\/2020\/06\/Motion-options-LAVAL.pdf\"><span style=\"color: #0000ff;\"><strong>LE FICHIER EN PDF ICI<\/strong><\/span><\/a><\/span><\/p>\n","protected":false},"excerpt":{"rendered":"<p>Motion pr\u00e9sent\u00e9e au Conseil int\u00e9rieur du Lyc\u00e9e Agricampus Laval le 12 juin 2020 Rendez nous nos heures d\u2019option\u00a0! Au Lyc\u00e9e Agricampus de Laval, les \u00e9l\u00e8ves en formation peuvent b\u00e9n\u00e9ficier d\u2019options nombreuses et vari\u00e9es\u00a0: l\u2019option g\u00e9n\u00e9rale \u00ab\u00a0Ecologie-Agronomie-Territoire et D\u00e9veloppement Durable\u00a0\u00bb l\u2019option technologique \u00ab\u00a0Sciences et Laboratoire\u00a0\u00bb l\u2019option sportive Volley l\u2019option hippologie \u00e9quitation l\u2019option Agronomie-\u00e9conomie et territoire l\u2019option [&hellip;]<\/p>\n","protected":false},"author":2,"featured_media":0,"comment_status":"closed","ping_status":"closed","sticky":false,"template":"","format":"standard","meta":{"ocean_post_layout":"","ocean_both_sidebars_style":"","ocean_both_sidebars_content_width":0,"ocean_both_sidebars_sidebars_width":0,"ocean_sidebar":"","ocean_second_sidebar":"","ocean_disable_margins":"enable","ocean_add_body_class":"","ocean_shortcode_before_top_bar":"","ocean_shortcode_after_top_bar":"","ocean_shortcode_before_header":"","ocean_shortcode_after_header":"","ocean_has_shortcode":"","ocean_shortcode_after_title":"","ocean_shortcode_before_footer_widgets":"","ocean_shortcode_after_footer_widgets":"","ocean_shortcode_before_footer_bottom":"","ocean_shortcode_after_footer_bottom":"","ocean_display_top_bar":"default","ocean_display_header":"default","ocean_header_style":"","ocean_center_header_left_menu":"","ocean_custom_header_template":"","ocean_custom_logo":0,"ocean_custom_retina_logo":0,"ocean_custom_logo_max_width":0,"ocean_custom_logo_tablet_max_width":0,"ocean_custom_logo_mobile_max_width":0,"ocean_custom_logo_max_height":0,"ocean_custom_logo_tablet_max_height":0,"ocean_custom_logo_mobile_max_height":0,"ocean_header_custom_menu":"","ocean_menu_typo_font_family":"","ocean_menu_typo_font_subset":"","ocean_menu_typo_font_size":0,"ocean_menu_typo_font_size_tablet":0,"ocean_menu_typo_font_size_mobile":0,"ocean_menu_typo_font_size_unit":"px","ocean_menu_typo_font_weight":"","ocean_menu_typo_font_weight_tablet":"","ocean_menu_typo_font_weight_mobile":"","ocean_menu_typo_transform":"","ocean_menu_typo_transform_tablet":"","ocean_menu_typo_transform_mobile":"","ocean_menu_typo_line_height":0,"ocean_menu_typo_line_height_tablet":0,"ocean_menu_typo_line_height_mobile":0,"ocean_menu_typo_line_height_unit":"","ocean_menu_typo_spacing":0,"ocean_menu_typo_spacing_tablet":0,"ocean_menu_typo_spacing_mobile":0,"ocean_menu_typo_spacing_unit":"","ocean_menu_link_color":"","ocean_menu_link_color_hover":"","ocean_menu_link_color_active":"","ocean_menu_link_background":"","ocean_menu_link_hover_background":"","ocean_menu_link_active_background":"","ocean_menu_social_links_bg":"","ocean_menu_social_hover_links_bg":"","ocean_menu_social_links_color":"","ocean_menu_social_hover_links_color":"","ocean_disable_title":"default","ocean_disable_heading":"default","ocean_post_title":"","ocean_post_subheading":"","ocean_post_title_style":"","ocean_post_title_background_color":"","ocean_post_title_background":0,"ocean_post_title_bg_image_position":"","ocean_post_title_bg_image_attachment":"","ocean_post_title_bg_image_repeat":"","ocean_post_title_bg_image_size":"","ocean_post_title_height":0,"ocean_post_title_bg_overlay":0.5,"ocean_post_title_bg_overlay_color":"","ocean_disable_breadcrumbs":"default","ocean_breadcrumbs_color":"","ocean_breadcrumbs_separator_color":"","ocean_breadcrumbs_links_color":"","ocean_breadcrumbs_links_hover_color":"","ocean_display_footer_widgets":"default","ocean_display_footer_bottom":"default","ocean_custom_footer_template":"","ocean_post_oembed":"","ocean_post_self_hosted_media":"","ocean_post_video_embed":"","ocean_link_format":"","ocean_link_format_target":"self","ocean_quote_format":"","ocean_quote_format_link":"post","ocean_gallery_link_images":"on","ocean_gallery_id":[],"footnotes":""},"categories":[18],"tags":[],"post_folder":[],"class_list":["post-3540","post","type-post","status-publish","format-standard","hentry","category-laval","entry"],"yoast_head":"<!-- This site is optimized with the Yoast SEO plugin v27.4 - https:\/\/yoast.com\/product\/yoast-seo-wordpress\/ -->\n<title>Rendez nous nos heures d\u2019option\u00a0! - PAYS DE LA LOIRE<\/title>\n<meta name=\"robots\" content=\"index, follow, max-snippet:-1, max-image-preview:large, max-video-preview:-1\" \/>\n<link rel=\"canonical\" href=\"https:\/\/regions-snetap-fsu.fr\/pdl\/2020\/06\/15\/rendez-nous-nos-heures-doption-motion-presentee-au-conseil-interieur-du-lycee-agricampus-laval-le-12-juin-2020\/\" \/>\n<meta property=\"og:locale\" content=\"fr_FR\" \/>\n<meta property=\"og:type\" content=\"article\" \/>\n<meta property=\"og:title\" content=\"Rendez nous nos heures d\u2019option\u00a0! - PAYS DE LA LOIRE\" \/>\n<meta property=\"og:description\" content=\"Motion pr\u00e9sent\u00e9e au Conseil int\u00e9rieur du Lyc\u00e9e Agricampus Laval le 12 juin 2020 Rendez nous nos heures d\u2019option\u00a0! Au Lyc\u00e9e Agricampus de Laval, les \u00e9l\u00e8ves en formation peuvent b\u00e9n\u00e9ficier d\u2019options nombreuses et vari\u00e9es\u00a0: l\u2019option g\u00e9n\u00e9rale \u00ab\u00a0Ecologie-Agronomie-Territoire et D\u00e9veloppement Durable\u00a0\u00bb l\u2019option technologique \u00ab\u00a0Sciences et Laboratoire\u00a0\u00bb l\u2019option sportive Volley l\u2019option hippologie \u00e9quitation l\u2019option Agronomie-\u00e9conomie et territoire l\u2019option [&hellip;]\" \/>\n<meta property=\"og:url\" content=\"https:\/\/regions-snetap-fsu.fr\/pdl\/2020\/06\/15\/rendez-nous-nos-heures-doption-motion-presentee-au-conseil-interieur-du-lycee-agricampus-laval-le-12-juin-2020\/\" \/>\n<meta property=\"og:site_name\" content=\"PAYS DE LA LOIRE\" \/>\n<meta property=\"article:published_time\" content=\"2020-06-14T22:17:55+00:00\" \/>\n<meta property=\"article:modified_time\" content=\"2020-06-14T22:18:23+00:00\" \/>\n<meta name=\"author\" content=\"yvigner\" \/>\n<meta name=\"twitter:card\" content=\"summary_large_image\" \/>\n<meta name=\"twitter:label1\" content=\"\u00c9crit par\" \/>\n\t<meta name=\"twitter:data1\" content=\"yvigner\" \/>\n\t<meta name=\"twitter:label2\" content=\"Dur\u00e9e de lecture estim\u00e9e\" \/>\n\t<meta name=\"twitter:data2\" content=\"2 minutes\" \/>\n<script type=\"application\/ld+json\" class=\"yoast-schema-graph\">{\"@context\":\"https:\\\/\\\/schema.org\",\"@graph\":[{\"@type\":\"Article\",\"@id\":\"https:\\\/\\\/regions-snetap-fsu.fr\\\/pdl\\\/2020\\\/06\\\/15\\\/rendez-nous-nos-heures-doption-motion-presentee-au-conseil-interieur-du-lycee-agricampus-laval-le-12-juin-2020\\\/#article\",\"isPartOf\":{\"@id\":\"https:\\\/\\\/regions-snetap-fsu.fr\\\/pdl\\\/2020\\\/06\\\/15\\\/rendez-nous-nos-heures-doption-motion-presentee-au-conseil-interieur-du-lycee-agricampus-laval-le-12-juin-2020\\\/\"},\"author\":{\"name\":\"yvigner\",\"@id\":\"https:\\\/\\\/regions-snetap-fsu.fr\\\/pdl\\\/#\\\/schema\\\/person\\\/d4530af043f9e8d27bdd71c468ec93b1\"},\"headline\":\"Rendez nous nos heures d\u2019option\u00a0!\",\"datePublished\":\"2020-06-14T22:17:55+00:00\",\"dateModified\":\"2020-06-14T22:18:23+00:00\",\"mainEntityOfPage\":{\"@id\":\"https:\\\/\\\/regions-snetap-fsu.fr\\\/pdl\\\/2020\\\/06\\\/15\\\/rendez-nous-nos-heures-doption-motion-presentee-au-conseil-interieur-du-lycee-agricampus-laval-le-12-juin-2020\\\/\"},\"wordCount\":336,\"publisher\":{\"@id\":\"https:\\\/\\\/regions-snetap-fsu.fr\\\/pdl\\\/#organization\"},\"articleSection\":[\"Laval\"],\"inLanguage\":\"fr-FR\"},{\"@type\":\"WebPage\",\"@id\":\"https:\\\/\\\/regions-snetap-fsu.fr\\\/pdl\\\/2020\\\/06\\\/15\\\/rendez-nous-nos-heures-doption-motion-presentee-au-conseil-interieur-du-lycee-agricampus-laval-le-12-juin-2020\\\/\",\"url\":\"https:\\\/\\\/regions-snetap-fsu.fr\\\/pdl\\\/2020\\\/06\\\/15\\\/rendez-nous-nos-heures-doption-motion-presentee-au-conseil-interieur-du-lycee-agricampus-laval-le-12-juin-2020\\\/\",\"name\":\"Rendez nous nos heures d\u2019option\u00a0! - PAYS DE LA LOIRE\",\"isPartOf\":{\"@id\":\"https:\\\/\\\/regions-snetap-fsu.fr\\\/pdl\\\/#website\"},\"datePublished\":\"2020-06-14T22:17:55+00:00\",\"dateModified\":\"2020-06-14T22:18:23+00:00\",\"breadcrumb\":{\"@id\":\"https:\\\/\\\/regions-snetap-fsu.fr\\\/pdl\\\/2020\\\/06\\\/15\\\/rendez-nous-nos-heures-doption-motion-presentee-au-conseil-interieur-du-lycee-agricampus-laval-le-12-juin-2020\\\/#breadcrumb\"},\"inLanguage\":\"fr-FR\",\"potentialAction\":[{\"@type\":\"ReadAction\",\"target\":[\"https:\\\/\\\/regions-snetap-fsu.fr\\\/pdl\\\/2020\\\/06\\\/15\\\/rendez-nous-nos-heures-doption-motion-presentee-au-conseil-interieur-du-lycee-agricampus-laval-le-12-juin-2020\\\/\"]}]},{\"@type\":\"BreadcrumbList\",\"@id\":\"https:\\\/\\\/regions-snetap-fsu.fr\\\/pdl\\\/2020\\\/06\\\/15\\\/rendez-nous-nos-heures-doption-motion-presentee-au-conseil-interieur-du-lycee-agricampus-laval-le-12-juin-2020\\\/#breadcrumb\",\"itemListElement\":[{\"@type\":\"ListItem\",\"position\":1,\"name\":\"Accueil\",\"item\":\"https:\\\/\\\/regions-snetap-fsu.fr\\\/pdl\\\/\"},{\"@type\":\"ListItem\",\"position\":2,\"name\":\"Rendez nous nos heures d\u2019option\u00a0!\"}]},{\"@type\":\"WebSite\",\"@id\":\"https:\\\/\\\/regions-snetap-fsu.fr\\\/pdl\\\/#website\",\"url\":\"https:\\\/\\\/regions-snetap-fsu.fr\\\/pdl\\\/\",\"name\":\"SNETAP-FSU PAYS DE LA LOIRE\",\"description\":\"SECTION REGIONALE\",\"publisher\":{\"@id\":\"https:\\\/\\\/regions-snetap-fsu.fr\\\/pdl\\\/#organization\"},\"potentialAction\":[{\"@type\":\"SearchAction\",\"target\":{\"@type\":\"EntryPoint\",\"urlTemplate\":\"https:\\\/\\\/regions-snetap-fsu.fr\\\/pdl\\\/?s={search_term_string}\"},\"query-input\":{\"@type\":\"PropertyValueSpecification\",\"valueRequired\":true,\"valueName\":\"search_term_string\"}}],\"inLanguage\":\"fr-FR\"},{\"@type\":\"Organization\",\"@id\":\"https:\\\/\\\/regions-snetap-fsu.fr\\\/pdl\\\/#organization\",\"name\":\"SNETAP-FSU Pays de Loire\",\"url\":\"https:\\\/\\\/regions-snetap-fsu.fr\\\/pdl\\\/\",\"logo\":{\"@type\":\"ImageObject\",\"inLanguage\":\"fr-FR\",\"@id\":\"https:\\\/\\\/regions-snetap-fsu.fr\\\/pdl\\\/#\\\/schema\\\/logo\\\/image\\\/\",\"url\":\"https:\\\/\\\/regions-snetap-fsu.fr\\\/pdl\\\/wp-content\\\/uploads\\\/sites\\\/4\\\/2020\\\/12\\\/SNETAP-Logo.jpg\",\"contentUrl\":\"https:\\\/\\\/regions-snetap-fsu.fr\\\/pdl\\\/wp-content\\\/uploads\\\/sites\\\/4\\\/2020\\\/12\\\/SNETAP-Logo.jpg\",\"width\":464,\"height\":334,\"caption\":\"SNETAP-FSU Pays de Loire\"},\"image\":{\"@id\":\"https:\\\/\\\/regions-snetap-fsu.fr\\\/pdl\\\/#\\\/schema\\\/logo\\\/image\\\/\"}},{\"@type\":\"Person\",\"@id\":\"https:\\\/\\\/regions-snetap-fsu.fr\\\/pdl\\\/#\\\/schema\\\/person\\\/d4530af043f9e8d27bdd71c468ec93b1\",\"name\":\"yvigner\",\"image\":{\"@type\":\"ImageObject\",\"inLanguage\":\"fr-FR\",\"@id\":\"https:\\\/\\\/secure.gravatar.com\\\/avatar\\\/bc72baa6f2406549aecf77a837bc4f03dbe88472c1762138f868571430a23820?s=96&d=mm&r=g\",\"url\":\"https:\\\/\\\/secure.gravatar.com\\\/avatar\\\/bc72baa6f2406549aecf77a837bc4f03dbe88472c1762138f868571430a23820?s=96&d=mm&r=g\",\"contentUrl\":\"https:\\\/\\\/secure.gravatar.com\\\/avatar\\\/bc72baa6f2406549aecf77a837bc4f03dbe88472c1762138f868571430a23820?s=96&d=mm&r=g\",\"caption\":\"yvigner\"},\"url\":\"https:\\\/\\\/regions-snetap-fsu.fr\\\/pdl\\\/author\\\/yvigner\\\/\"}]}<\/script>\n<!-- \/ Yoast SEO plugin. -->","yoast_head_json":{"title":"Rendez nous nos heures d\u2019option\u00a0! - PAYS DE LA LOIRE","robots":{"index":"index","follow":"follow","max-snippet":"max-snippet:-1","max-image-preview":"max-image-preview:large","max-video-preview":"max-video-preview:-1"},"canonical":"https:\/\/regions-snetap-fsu.fr\/pdl\/2020\/06\/15\/rendez-nous-nos-heures-doption-motion-presentee-au-conseil-interieur-du-lycee-agricampus-laval-le-12-juin-2020\/","og_locale":"fr_FR","og_type":"article","og_title":"Rendez nous nos heures d\u2019option\u00a0! - PAYS DE LA LOIRE","og_description":"Motion pr\u00e9sent\u00e9e au Conseil int\u00e9rieur du Lyc\u00e9e Agricampus Laval le 12 juin 2020 Rendez nous nos heures d\u2019option\u00a0! Au Lyc\u00e9e Agricampus de Laval, les \u00e9l\u00e8ves en formation peuvent b\u00e9n\u00e9ficier d\u2019options nombreuses et vari\u00e9es\u00a0: l\u2019option g\u00e9n\u00e9rale \u00ab\u00a0Ecologie-Agronomie-Territoire et D\u00e9veloppement Durable\u00a0\u00bb l\u2019option technologique \u00ab\u00a0Sciences et Laboratoire\u00a0\u00bb l\u2019option sportive Volley l\u2019option hippologie \u00e9quitation l\u2019option Agronomie-\u00e9conomie et territoire l\u2019option [&hellip;]","og_url":"https:\/\/regions-snetap-fsu.fr\/pdl\/2020\/06\/15\/rendez-nous-nos-heures-doption-motion-presentee-au-conseil-interieur-du-lycee-agricampus-laval-le-12-juin-2020\/","og_site_name":"PAYS DE LA LOIRE","article_published_time":"2020-06-14T22:17:55+00:00","article_modified_time":"2020-06-14T22:18:23+00:00","author":"yvigner","twitter_card":"summary_large_image","twitter_misc":{"\u00c9crit par":"yvigner","Dur\u00e9e de lecture estim\u00e9e":"2 minutes"},"schema":{"@context":"https:\/\/schema.org","@graph":[{"@type":"Article","@id":"https:\/\/regions-snetap-fsu.fr\/pdl\/2020\/06\/15\/rendez-nous-nos-heures-doption-motion-presentee-au-conseil-interieur-du-lycee-agricampus-laval-le-12-juin-2020\/#article","isPartOf":{"@id":"https:\/\/regions-snetap-fsu.fr\/pdl\/2020\/06\/15\/rendez-nous-nos-heures-doption-motion-presentee-au-conseil-interieur-du-lycee-agricampus-laval-le-12-juin-2020\/"},"author":{"name":"yvigner","@id":"https:\/\/regions-snetap-fsu.fr\/pdl\/#\/schema\/person\/d4530af043f9e8d27bdd71c468ec93b1"},"headline":"Rendez nous nos heures d\u2019option\u00a0!","datePublished":"2020-06-14T22:17:55+00:00","dateModified":"2020-06-14T22:18:23+00:00","mainEntityOfPage":{"@id":"https:\/\/regions-snetap-fsu.fr\/pdl\/2020\/06\/15\/rendez-nous-nos-heures-doption-motion-presentee-au-conseil-interieur-du-lycee-agricampus-laval-le-12-juin-2020\/"},"wordCount":336,"publisher":{"@id":"https:\/\/regions-snetap-fsu.fr\/pdl\/#organization"},"articleSection":["Laval"],"inLanguage":"fr-FR"},{"@type":"WebPage","@id":"https:\/\/regions-snetap-fsu.fr\/pdl\/2020\/06\/15\/rendez-nous-nos-heures-doption-motion-presentee-au-conseil-interieur-du-lycee-agricampus-laval-le-12-juin-2020\/","url":"https:\/\/regions-snetap-fsu.fr\/pdl\/2020\/06\/15\/rendez-nous-nos-heures-doption-motion-presentee-au-conseil-interieur-du-lycee-agricampus-laval-le-12-juin-2020\/","name":"Rendez nous nos heures d\u2019option\u00a0! - PAYS DE LA LOIRE","isPartOf":{"@id":"https:\/\/regions-snetap-fsu.fr\/pdl\/#website"},"datePublished":"2020-06-14T22:17:55+00:00","dateModified":"2020-06-14T22:18:23+00:00","breadcrumb":{"@id":"https:\/\/regions-snetap-fsu.fr\/pdl\/2020\/06\/15\/rendez-nous-nos-heures-doption-motion-presentee-au-conseil-interieur-du-lycee-agricampus-laval-le-12-juin-2020\/#breadcrumb"},"inLanguage":"fr-FR","potentialAction":[{"@type":"ReadAction","target":["https:\/\/regions-snetap-fsu.fr\/pdl\/2020\/06\/15\/rendez-nous-nos-heures-doption-motion-presentee-au-conseil-interieur-du-lycee-agricampus-laval-le-12-juin-2020\/"]}]},{"@type":"BreadcrumbList","@id":"https:\/\/regions-snetap-fsu.fr\/pdl\/2020\/06\/15\/rendez-nous-nos-heures-doption-motion-presentee-au-conseil-interieur-du-lycee-agricampus-laval-le-12-juin-2020\/#breadcrumb","itemListElement":[{"@type":"ListItem","position":1,"name":"Accueil","item":"https:\/\/regions-snetap-fsu.fr\/pdl\/"},{"@type":"ListItem","position":2,"name":"Rendez nous nos heures d\u2019option\u00a0!"}]},{"@type":"WebSite","@id":"https:\/\/regions-snetap-fsu.fr\/pdl\/#website","url":"https:\/\/regions-snetap-fsu.fr\/pdl\/","name":"SNETAP-FSU PAYS DE LA LOIRE","description":"SECTION REGIONALE","publisher":{"@id":"https:\/\/regions-snetap-fsu.fr\/pdl\/#organization"},"potentialAction":[{"@type":"SearchAction","target":{"@type":"EntryPoint","urlTemplate":"https:\/\/regions-snetap-fsu.fr\/pdl\/?s={search_term_string}"},"query-input":{"@type":"PropertyValueSpecification","valueRequired":true,"valueName":"search_term_string"}}],"inLanguage":"fr-FR"},{"@type":"Organization","@id":"https:\/\/regions-snetap-fsu.fr\/pdl\/#organization","name":"SNETAP-FSU Pays de Loire","url":"https:\/\/regions-snetap-fsu.fr\/pdl\/","logo":{"@type":"ImageObject","inLanguage":"fr-FR","@id":"https:\/\/regions-snetap-fsu.fr\/pdl\/#\/schema\/logo\/image\/","url":"https:\/\/regions-snetap-fsu.fr\/pdl\/wp-content\/uploads\/sites\/4\/2020\/12\/SNETAP-Logo.jpg","contentUrl":"https:\/\/regions-snetap-fsu.fr\/pdl\/wp-content\/uploads\/sites\/4\/2020\/12\/SNETAP-Logo.jpg","width":464,"height":334,"caption":"SNETAP-FSU Pays de Loire"},"image":{"@id":"https:\/\/regions-snetap-fsu.fr\/pdl\/#\/schema\/logo\/image\/"}},{"@type":"Person","@id":"https:\/\/regions-snetap-fsu.fr\/pdl\/#\/schema\/person\/d4530af043f9e8d27bdd71c468ec93b1","name":"yvigner","image":{"@type":"ImageObject","inLanguage":"fr-FR","@id":"https:\/\/secure.gravatar.com\/avatar\/bc72baa6f2406549aecf77a837bc4f03dbe88472c1762138f868571430a23820?s=96&d=mm&r=g","url":"https:\/\/secure.gravatar.com\/avatar\/bc72baa6f2406549aecf77a837bc4f03dbe88472c1762138f868571430a23820?s=96&d=mm&r=g","contentUrl":"https:\/\/secure.gravatar.com\/avatar\/bc72baa6f2406549aecf77a837bc4f03dbe88472c1762138f868571430a23820?s=96&d=mm&r=g","caption":"yvigner"},"url":"https:\/\/regions-snetap-fsu.fr\/pdl\/author\/yvigner\/"}]}},"_links":{"self":[{"href":"https:\/\/regions-snetap-fsu.fr\/pdl\/wp-json\/wp\/v2\/posts\/3540","targetHints":{"allow":["GET"]}}],"collection":[{"href":"https:\/\/regions-snetap-fsu.fr\/pdl\/wp-json\/wp\/v2\/posts"}],"about":[{"href":"https:\/\/regions-snetap-fsu.fr\/pdl\/wp-json\/wp\/v2\/types\/post"}],"author":[{"embeddable":true,"href":"https:\/\/regions-snetap-fsu.fr\/pdl\/wp-json\/wp\/v2\/users\/2"}],"replies":[{"embeddable":true,"href":"https:\/\/regions-snetap-fsu.fr\/pdl\/wp-json\/wp\/v2\/comments?post=3540"}],"version-history":[{"count":2,"href":"https:\/\/regions-snetap-fsu.fr\/pdl\/wp-json\/wp\/v2\/posts\/3540\/revisions"}],"predecessor-version":[{"id":3543,"href":"https:\/\/regions-snetap-fsu.fr\/pdl\/wp-json\/wp\/v2\/posts\/3540\/revisions\/3543"}],"wp:attachment":[{"href":"https:\/\/regions-snetap-fsu.fr\/pdl\/wp-json\/wp\/v2\/media?parent=3540"}],"wp:term":[{"taxonomy":"category","embeddable":true,"href":"https:\/\/regions-snetap-fsu.fr\/pdl\/wp-json\/wp\/v2\/categories?post=3540"},{"taxonomy":"post_tag","embeddable":true,"href":"https:\/\/regions-snetap-fsu.fr\/pdl\/wp-json\/wp\/v2\/tags?post=3540"},{"taxonomy":"post_folder","embeddable":true,"href":"https:\/\/regions-snetap-fsu.fr\/pdl\/wp-json\/wp\/v2\/post_folder?post=3540"}],"curies":[{"name":"wp","href":"https:\/\/api.w.org\/{rel}","templated":true}]}}