{"id":3531,"date":"2020-05-28T23:15:03","date_gmt":"2020-05-28T21:15:03","guid":{"rendered":"https:\/\/regions-snetap-fsu.fr\/pdl\/?p=3531"},"modified":"2020-05-28T23:19:43","modified_gmt":"2020-05-28T21:19:43","slug":"chsctrea-des-pays-de-la-loire-les-avis-votes-par-les-representants-des-personnels","status":"publish","type":"post","link":"https:\/\/regions-snetap-fsu.fr\/pdl\/2020\/05\/28\/chsctrea-des-pays-de-la-loire-les-avis-votes-par-les-representants-des-personnels\/","title":{"rendered":"CHSCTREA des Pays de la Loire : les avis vot\u00e9s par les repr\u00e9sentants des personnels (28\/5\/2020)"},"content":{"rendered":"<p style=\"text-align: justify;\">Le CHSCTREA des Pays de la Loire s&rsquo;est tenu ce jour. Si nous avons, de nouveau, regrett\u00e9 de n&rsquo;avoir en notre possession la totalit\u00e9 des plans de reprise d&rsquo;activit\u00e9s (PRA) pour des \u00e9tablissements qui rouvrent d\u00e8s le 2 juin&#8230;nous avons pu faire un certain nombre de propositions afin de compl\u00e9ter certains PRA. Nous avons aussi, et surtout, par nos avis, rappel\u00e9 les \u00e9l\u00e9ments n\u00e9cessaires \u00e0 une reprise des \u00e9tablissements qui assure la sant\u00e9 et la s\u00e9curit\u00e9 des agents. Nous avons enfin d\u00e9nonc\u00e9 le non respect des pr\u00e9rogatives des CHSCTREA ainsi que le plan de reprise de la DGER.<\/p>\n<p><a href=\"https:\/\/regions-snetap-fsu.fr\/pdl\/wp-content\/uploads\/sites\/4\/2020\/05\/CHSCTREA-des-Pays-de-la-Loire-28-052020-2.pdf\"><strong>Les avis \u00e0 t\u00e9l\u00e9charger ici\u00a0<\/strong><\/a><\/p>\n<p><a href=\"https:\/\/regions-snetap-fsu.fr\/pdl\/wp-content\/uploads\/sites\/4\/2020\/05\/pr\u00e9conisations-chsctrea-1.pdf\"><strong>Les pr\u00e9conisations ici\u00a0<\/strong><\/a><\/p>\n\n\t\t<div class=\"wppdfemb-frame-container-1\" style=\"-webkit-overflow-scrolling:auto;\">\n\t\t\t<iframe class=\"pdfembed-iframe nonfullscreen wppdf-emb-iframe-1\"\n\t\t\t\tsrc=\"https:\/\/regions-snetap-fsu.fr\/pdl\/?pdfemb-data=eyJ1cmwiOiJodHRwczpcL1wvcmVnaW9ucy1zbmV0YXAtZnN1LmZyXC9wZGxcL3dwLWNvbnRlbnRcL3VwbG9hZHNcL3NpdGVzXC80XC8yMDIwXC8wNVwvQ0hTQ1RSRUEtZGVzLVBheXMtZGUtbGEtTG9pcmUtMjgtMDUyMDIwLTIucGRmIiwidGl0bGUiOiJDSFNDVFJFQSBkZXMgUGF5cyBkZSBsYSBMb2lyZSAyOCAwNTIwMjAgKDIpIiwiaW5kZXgiOjEsInBkZklEIjozNTMyfQ\"\n\t\t\t\ttitle=\"CHSCTREA des Pays de la Loire 28 052020 (2)\"\t\t\t\tdata-pdf-id=\"3532\"\n\t\t\t\tdata-pdf-index=\"1\"\n\t\t\t\tstyle=\"border:none;width:100%;max-width:100%;height:100vh;\"\n\t\t\t\tscrolling=\"yes\">\n\t\t\t<\/iframe>\n\t\t<\/div>\n\n\t\t\n\n\t\t<div class=\"wppdfemb-frame-container-2\" style=\"-webkit-overflow-scrolling:auto;\">\n\t\t\t<iframe class=\"pdfembed-iframe nonfullscreen wppdf-emb-iframe-2\"\n\t\t\t\tsrc=\"https:\/\/regions-snetap-fsu.fr\/pdl\/?pdfemb-data=eyJ1cmwiOiJodHRwczpcL1wvcmVnaW9ucy1zbmV0YXAtZnN1LmZyXC9wZGxcL3dwLWNvbnRlbnRcL3VwbG9hZHNcL3NpdGVzXC80XC8yMDIwXC8wNVwvcHJcdTAwZTljb25pc2F0aW9ucy1jaHNjdHJlYS0xLnBkZiIsInRpdGxlIjoicHJcdTAwZTljb25pc2F0aW9ucyBjaHNjdHJlYSAoMSkiLCJpbmRleCI6MiwicGRmSUQiOjM1MzN9\"\n\t\t\t\ttitle=\"pr\u00e9conisations chsctrea (1)\"\t\t\t\tdata-pdf-id=\"3533\"\n\t\t\t\tdata-pdf-index=\"2\"\n\t\t\t\tstyle=\"border:none;width:100%;max-width:100%;height:100vh;\"\n\t\t\t\tscrolling=\"yes\">\n\t\t\t<\/iframe>\n\t\t<\/div>\n\n\t\t\n","protected":false},"excerpt":{"rendered":"<p>Le CHSCTREA des Pays de la Loire s&rsquo;est tenu ce jour. Si nous avons, de nouveau, regrett\u00e9 de n&rsquo;avoir en notre possession la totalit\u00e9 des plans de reprise d&rsquo;activit\u00e9s (PRA) pour des \u00e9tablissements qui rouvrent d\u00e8s le 2 juin&#8230;nous avons pu faire un certain nombre de propositions afin de compl\u00e9ter certains PRA. Nous avons aussi, [&hellip;]<\/p>\n","protected":false},"author":2,"featured_media":0,"comment_status":"closed","ping_status":"closed","sticky":false,"template":"","format":"standard","meta":{"ocean_post_layout":"","ocean_both_sidebars_style":"","ocean_both_sidebars_content_width":0,"ocean_both_sidebars_sidebars_width":0,"ocean_sidebar":"","ocean_second_sidebar":"","ocean_disable_margins":"enable","ocean_add_body_class":"","ocean_shortcode_before_top_bar":"","ocean_shortcode_after_top_bar":"","ocean_shortcode_before_header":"","ocean_shortcode_after_header":"","ocean_has_shortcode":"","ocean_shortcode_after_title":"","ocean_shortcode_before_footer_widgets":"","ocean_shortcode_after_footer_widgets":"","ocean_shortcode_before_footer_bottom":"","ocean_shortcode_after_footer_bottom":"","ocean_display_top_bar":"default","ocean_display_header":"default","ocean_header_style":"","ocean_center_header_left_menu":"","ocean_custom_header_template":"","ocean_custom_logo":0,"ocean_custom_retina_logo":0,"ocean_custom_logo_max_width":0,"ocean_custom_logo_tablet_max_width":0,"ocean_custom_logo_mobile_max_width":0,"ocean_custom_logo_max_height":0,"ocean_custom_logo_tablet_max_height":0,"ocean_custom_logo_mobile_max_height":0,"ocean_header_custom_menu":"","ocean_menu_typo_font_family":"","ocean_menu_typo_font_subset":"","ocean_menu_typo_font_size":0,"ocean_menu_typo_font_size_tablet":0,"ocean_menu_typo_font_size_mobile":0,"ocean_menu_typo_font_size_unit":"px","ocean_menu_typo_font_weight":"","ocean_menu_typo_font_weight_tablet":"","ocean_menu_typo_font_weight_mobile":"","ocean_menu_typo_transform":"","ocean_menu_typo_transform_tablet":"","ocean_menu_typo_transform_mobile":"","ocean_menu_typo_line_height":0,"ocean_menu_typo_line_height_tablet":0,"ocean_menu_typo_line_height_mobile":0,"ocean_menu_typo_line_height_unit":"","ocean_menu_typo_spacing":0,"ocean_menu_typo_spacing_tablet":0,"ocean_menu_typo_spacing_mobile":0,"ocean_menu_typo_spacing_unit":"","ocean_menu_link_color":"","ocean_menu_link_color_hover":"","ocean_menu_link_color_active":"","ocean_menu_link_background":"","ocean_menu_link_hover_background":"","ocean_menu_link_active_background":"","ocean_menu_social_links_bg":"","ocean_menu_social_hover_links_bg":"","ocean_menu_social_links_color":"","ocean_menu_social_hover_links_color":"","ocean_disable_title":"default","ocean_disable_heading":"default","ocean_post_title":"","ocean_post_subheading":"","ocean_post_title_style":"","ocean_post_title_background_color":"","ocean_post_title_background":0,"ocean_post_title_bg_image_position":"","ocean_post_title_bg_image_attachment":"","ocean_post_title_bg_image_repeat":"","ocean_post_title_bg_image_size":"","ocean_post_title_height":0,"ocean_post_title_bg_overlay":0.5,"ocean_post_title_bg_overlay_color":"","ocean_disable_breadcrumbs":"default","ocean_breadcrumbs_color":"","ocean_breadcrumbs_separator_color":"","ocean_breadcrumbs_links_color":"","ocean_breadcrumbs_links_hover_color":"","ocean_display_footer_widgets":"default","ocean_display_footer_bottom":"default","ocean_custom_footer_template":"","ocean_post_oembed":"","ocean_post_self_hosted_media":"","ocean_post_video_embed":"","ocean_link_format":"","ocean_link_format_target":"self","ocean_quote_format":"","ocean_quote_format_link":"post","ocean_gallery_link_images":"on","ocean_gallery_id":[],"footnotes":""},"categories":[11],"tags":[],"post_folder":[],"class_list":["post-3531","post","type-post","status-publish","format-standard","hentry","category-chsctrea","entry"],"yoast_head":"<!-- This site is optimized with the Yoast SEO plugin v27.4 - https:\/\/yoast.com\/product\/yoast-seo-wordpress\/ -->\n<title>CHSCTREA des Pays de la Loire : les avis vot\u00e9s par les repr\u00e9sentants des personnels (28\/5\/2020) - PAYS DE LA LOIRE<\/title>\n<meta name=\"robots\" content=\"index, follow, max-snippet:-1, max-image-preview:large, max-video-preview:-1\" \/>\n<link rel=\"canonical\" href=\"https:\/\/regions-snetap-fsu.fr\/pdl\/2020\/05\/28\/chsctrea-des-pays-de-la-loire-les-avis-votes-par-les-representants-des-personnels\/\" \/>\n<meta property=\"og:locale\" content=\"fr_FR\" \/>\n<meta property=\"og:type\" content=\"article\" \/>\n<meta property=\"og:title\" content=\"CHSCTREA des Pays de la Loire : les avis vot\u00e9s par les repr\u00e9sentants des personnels (28\/5\/2020) - PAYS DE LA LOIRE\" \/>\n<meta property=\"og:description\" content=\"Le CHSCTREA des Pays de la Loire s&rsquo;est tenu ce jour. Si nous avons, de nouveau, regrett\u00e9 de n&rsquo;avoir en notre possession la totalit\u00e9 des plans de reprise d&rsquo;activit\u00e9s (PRA) pour des \u00e9tablissements qui rouvrent d\u00e8s le 2 juin&#8230;nous avons pu faire un certain nombre de propositions afin de compl\u00e9ter certains PRA. Nous avons aussi, [&hellip;]\" \/>\n<meta property=\"og:url\" content=\"https:\/\/regions-snetap-fsu.fr\/pdl\/2020\/05\/28\/chsctrea-des-pays-de-la-loire-les-avis-votes-par-les-representants-des-personnels\/\" \/>\n<meta property=\"og:site_name\" content=\"PAYS DE LA LOIRE\" \/>\n<meta property=\"article:published_time\" content=\"2020-05-28T21:15:03+00:00\" \/>\n<meta property=\"article:modified_time\" content=\"2020-05-28T21:19:43+00:00\" \/>\n<meta name=\"author\" content=\"yvigner\" \/>\n<meta name=\"twitter:card\" content=\"summary_large_image\" \/>\n<meta name=\"twitter:label1\" content=\"\u00c9crit par\" \/>\n\t<meta name=\"twitter:data1\" content=\"yvigner\" \/>\n\t<meta name=\"twitter:label2\" content=\"Dur\u00e9e de lecture estim\u00e9e\" \/>\n\t<meta name=\"twitter:data2\" content=\"1 minute\" \/>\n<script type=\"application\/ld+json\" class=\"yoast-schema-graph\">{\"@context\":\"https:\\\/\\\/schema.org\",\"@graph\":[{\"@type\":\"Article\",\"@id\":\"https:\\\/\\\/regions-snetap-fsu.fr\\\/pdl\\\/2020\\\/05\\\/28\\\/chsctrea-des-pays-de-la-loire-les-avis-votes-par-les-representants-des-personnels\\\/#article\",\"isPartOf\":{\"@id\":\"https:\\\/\\\/regions-snetap-fsu.fr\\\/pdl\\\/2020\\\/05\\\/28\\\/chsctrea-des-pays-de-la-loire-les-avis-votes-par-les-representants-des-personnels\\\/\"},\"author\":{\"name\":\"yvigner\",\"@id\":\"https:\\\/\\\/regions-snetap-fsu.fr\\\/pdl\\\/#\\\/schema\\\/person\\\/d4530af043f9e8d27bdd71c468ec93b1\"},\"headline\":\"CHSCTREA des Pays de la Loire : les avis vot\u00e9s par les repr\u00e9sentants des personnels (28\\\/5\\\/2020)\",\"datePublished\":\"2020-05-28T21:15:03+00:00\",\"dateModified\":\"2020-05-28T21:19:43+00:00\",\"mainEntityOfPage\":{\"@id\":\"https:\\\/\\\/regions-snetap-fsu.fr\\\/pdl\\\/2020\\\/05\\\/28\\\/chsctrea-des-pays-de-la-loire-les-avis-votes-par-les-representants-des-personnels\\\/\"},\"wordCount\":170,\"publisher\":{\"@id\":\"https:\\\/\\\/regions-snetap-fsu.fr\\\/pdl\\\/#organization\"},\"articleSection\":[\"Formation sp\u00e9cialis\u00e9e Sant\u00e9 et S\u00e9curit\u00e9 au travail (ex-CHSCTREA)\"],\"inLanguage\":\"fr-FR\"},{\"@type\":\"WebPage\",\"@id\":\"https:\\\/\\\/regions-snetap-fsu.fr\\\/pdl\\\/2020\\\/05\\\/28\\\/chsctrea-des-pays-de-la-loire-les-avis-votes-par-les-representants-des-personnels\\\/\",\"url\":\"https:\\\/\\\/regions-snetap-fsu.fr\\\/pdl\\\/2020\\\/05\\\/28\\\/chsctrea-des-pays-de-la-loire-les-avis-votes-par-les-representants-des-personnels\\\/\",\"name\":\"CHSCTREA des Pays de la Loire : les avis vot\u00e9s par les repr\u00e9sentants des personnels (28\\\/5\\\/2020) - PAYS DE LA LOIRE\",\"isPartOf\":{\"@id\":\"https:\\\/\\\/regions-snetap-fsu.fr\\\/pdl\\\/#website\"},\"datePublished\":\"2020-05-28T21:15:03+00:00\",\"dateModified\":\"2020-05-28T21:19:43+00:00\",\"breadcrumb\":{\"@id\":\"https:\\\/\\\/regions-snetap-fsu.fr\\\/pdl\\\/2020\\\/05\\\/28\\\/chsctrea-des-pays-de-la-loire-les-avis-votes-par-les-representants-des-personnels\\\/#breadcrumb\"},\"inLanguage\":\"fr-FR\",\"potentialAction\":[{\"@type\":\"ReadAction\",\"target\":[\"https:\\\/\\\/regions-snetap-fsu.fr\\\/pdl\\\/2020\\\/05\\\/28\\\/chsctrea-des-pays-de-la-loire-les-avis-votes-par-les-representants-des-personnels\\\/\"]}]},{\"@type\":\"BreadcrumbList\",\"@id\":\"https:\\\/\\\/regions-snetap-fsu.fr\\\/pdl\\\/2020\\\/05\\\/28\\\/chsctrea-des-pays-de-la-loire-les-avis-votes-par-les-representants-des-personnels\\\/#breadcrumb\",\"itemListElement\":[{\"@type\":\"ListItem\",\"position\":1,\"name\":\"Accueil\",\"item\":\"https:\\\/\\\/regions-snetap-fsu.fr\\\/pdl\\\/\"},{\"@type\":\"ListItem\",\"position\":2,\"name\":\"CHSCTREA des Pays de la Loire : les avis vot\u00e9s par les repr\u00e9sentants des personnels (28\\\/5\\\/2020)\"}]},{\"@type\":\"WebSite\",\"@id\":\"https:\\\/\\\/regions-snetap-fsu.fr\\\/pdl\\\/#website\",\"url\":\"https:\\\/\\\/regions-snetap-fsu.fr\\\/pdl\\\/\",\"name\":\"SNETAP-FSU PAYS DE LA LOIRE\",\"description\":\"SECTION REGIONALE\",\"publisher\":{\"@id\":\"https:\\\/\\\/regions-snetap-fsu.fr\\\/pdl\\\/#organization\"},\"potentialAction\":[{\"@type\":\"SearchAction\",\"target\":{\"@type\":\"EntryPoint\",\"urlTemplate\":\"https:\\\/\\\/regions-snetap-fsu.fr\\\/pdl\\\/?s={search_term_string}\"},\"query-input\":{\"@type\":\"PropertyValueSpecification\",\"valueRequired\":true,\"valueName\":\"search_term_string\"}}],\"inLanguage\":\"fr-FR\"},{\"@type\":\"Organization\",\"@id\":\"https:\\\/\\\/regions-snetap-fsu.fr\\\/pdl\\\/#organization\",\"name\":\"SNETAP-FSU Pays de Loire\",\"url\":\"https:\\\/\\\/regions-snetap-fsu.fr\\\/pdl\\\/\",\"logo\":{\"@type\":\"ImageObject\",\"inLanguage\":\"fr-FR\",\"@id\":\"https:\\\/\\\/regions-snetap-fsu.fr\\\/pdl\\\/#\\\/schema\\\/logo\\\/image\\\/\",\"url\":\"https:\\\/\\\/regions-snetap-fsu.fr\\\/pdl\\\/wp-content\\\/uploads\\\/sites\\\/4\\\/2020\\\/12\\\/SNETAP-Logo.jpg\",\"contentUrl\":\"https:\\\/\\\/regions-snetap-fsu.fr\\\/pdl\\\/wp-content\\\/uploads\\\/sites\\\/4\\\/2020\\\/12\\\/SNETAP-Logo.jpg\",\"width\":464,\"height\":334,\"caption\":\"SNETAP-FSU Pays de Loire\"},\"image\":{\"@id\":\"https:\\\/\\\/regions-snetap-fsu.fr\\\/pdl\\\/#\\\/schema\\\/logo\\\/image\\\/\"}},{\"@type\":\"Person\",\"@id\":\"https:\\\/\\\/regions-snetap-fsu.fr\\\/pdl\\\/#\\\/schema\\\/person\\\/d4530af043f9e8d27bdd71c468ec93b1\",\"name\":\"yvigner\",\"image\":{\"@type\":\"ImageObject\",\"inLanguage\":\"fr-FR\",\"@id\":\"https:\\\/\\\/secure.gravatar.com\\\/avatar\\\/bc72baa6f2406549aecf77a837bc4f03dbe88472c1762138f868571430a23820?s=96&d=mm&r=g\",\"url\":\"https:\\\/\\\/secure.gravatar.com\\\/avatar\\\/bc72baa6f2406549aecf77a837bc4f03dbe88472c1762138f868571430a23820?s=96&d=mm&r=g\",\"contentUrl\":\"https:\\\/\\\/secure.gravatar.com\\\/avatar\\\/bc72baa6f2406549aecf77a837bc4f03dbe88472c1762138f868571430a23820?s=96&d=mm&r=g\",\"caption\":\"yvigner\"},\"url\":\"https:\\\/\\\/regions-snetap-fsu.fr\\\/pdl\\\/author\\\/yvigner\\\/\"}]}<\/script>\n<!-- \/ Yoast SEO plugin. -->","yoast_head_json":{"title":"CHSCTREA des Pays de la Loire : les avis vot\u00e9s par les repr\u00e9sentants des personnels (28\/5\/2020) - PAYS DE LA LOIRE","robots":{"index":"index","follow":"follow","max-snippet":"max-snippet:-1","max-image-preview":"max-image-preview:large","max-video-preview":"max-video-preview:-1"},"canonical":"https:\/\/regions-snetap-fsu.fr\/pdl\/2020\/05\/28\/chsctrea-des-pays-de-la-loire-les-avis-votes-par-les-representants-des-personnels\/","og_locale":"fr_FR","og_type":"article","og_title":"CHSCTREA des Pays de la Loire : les avis vot\u00e9s par les repr\u00e9sentants des personnels (28\/5\/2020) - PAYS DE LA LOIRE","og_description":"Le CHSCTREA des Pays de la Loire s&rsquo;est tenu ce jour. Si nous avons, de nouveau, regrett\u00e9 de n&rsquo;avoir en notre possession la totalit\u00e9 des plans de reprise d&rsquo;activit\u00e9s (PRA) pour des \u00e9tablissements qui rouvrent d\u00e8s le 2 juin&#8230;nous avons pu faire un certain nombre de propositions afin de compl\u00e9ter certains PRA. Nous avons aussi, [&hellip;]","og_url":"https:\/\/regions-snetap-fsu.fr\/pdl\/2020\/05\/28\/chsctrea-des-pays-de-la-loire-les-avis-votes-par-les-representants-des-personnels\/","og_site_name":"PAYS DE LA LOIRE","article_published_time":"2020-05-28T21:15:03+00:00","article_modified_time":"2020-05-28T21:19:43+00:00","author":"yvigner","twitter_card":"summary_large_image","twitter_misc":{"\u00c9crit par":"yvigner","Dur\u00e9e de lecture estim\u00e9e":"1 minute"},"schema":{"@context":"https:\/\/schema.org","@graph":[{"@type":"Article","@id":"https:\/\/regions-snetap-fsu.fr\/pdl\/2020\/05\/28\/chsctrea-des-pays-de-la-loire-les-avis-votes-par-les-representants-des-personnels\/#article","isPartOf":{"@id":"https:\/\/regions-snetap-fsu.fr\/pdl\/2020\/05\/28\/chsctrea-des-pays-de-la-loire-les-avis-votes-par-les-representants-des-personnels\/"},"author":{"name":"yvigner","@id":"https:\/\/regions-snetap-fsu.fr\/pdl\/#\/schema\/person\/d4530af043f9e8d27bdd71c468ec93b1"},"headline":"CHSCTREA des Pays de la Loire : les avis vot\u00e9s par les repr\u00e9sentants des personnels (28\/5\/2020)","datePublished":"2020-05-28T21:15:03+00:00","dateModified":"2020-05-28T21:19:43+00:00","mainEntityOfPage":{"@id":"https:\/\/regions-snetap-fsu.fr\/pdl\/2020\/05\/28\/chsctrea-des-pays-de-la-loire-les-avis-votes-par-les-representants-des-personnels\/"},"wordCount":170,"publisher":{"@id":"https:\/\/regions-snetap-fsu.fr\/pdl\/#organization"},"articleSection":["Formation sp\u00e9cialis\u00e9e Sant\u00e9 et S\u00e9curit\u00e9 au travail (ex-CHSCTREA)"],"inLanguage":"fr-FR"},{"@type":"WebPage","@id":"https:\/\/regions-snetap-fsu.fr\/pdl\/2020\/05\/28\/chsctrea-des-pays-de-la-loire-les-avis-votes-par-les-representants-des-personnels\/","url":"https:\/\/regions-snetap-fsu.fr\/pdl\/2020\/05\/28\/chsctrea-des-pays-de-la-loire-les-avis-votes-par-les-representants-des-personnels\/","name":"CHSCTREA des Pays de la Loire : les avis vot\u00e9s par les repr\u00e9sentants des personnels (28\/5\/2020) - PAYS DE LA LOIRE","isPartOf":{"@id":"https:\/\/regions-snetap-fsu.fr\/pdl\/#website"},"datePublished":"2020-05-28T21:15:03+00:00","dateModified":"2020-05-28T21:19:43+00:00","breadcrumb":{"@id":"https:\/\/regions-snetap-fsu.fr\/pdl\/2020\/05\/28\/chsctrea-des-pays-de-la-loire-les-avis-votes-par-les-representants-des-personnels\/#breadcrumb"},"inLanguage":"fr-FR","potentialAction":[{"@type":"ReadAction","target":["https:\/\/regions-snetap-fsu.fr\/pdl\/2020\/05\/28\/chsctrea-des-pays-de-la-loire-les-avis-votes-par-les-representants-des-personnels\/"]}]},{"@type":"BreadcrumbList","@id":"https:\/\/regions-snetap-fsu.fr\/pdl\/2020\/05\/28\/chsctrea-des-pays-de-la-loire-les-avis-votes-par-les-representants-des-personnels\/#breadcrumb","itemListElement":[{"@type":"ListItem","position":1,"name":"Accueil","item":"https:\/\/regions-snetap-fsu.fr\/pdl\/"},{"@type":"ListItem","position":2,"name":"CHSCTREA des Pays de la Loire : les avis vot\u00e9s par les repr\u00e9sentants des personnels (28\/5\/2020)"}]},{"@type":"WebSite","@id":"https:\/\/regions-snetap-fsu.fr\/pdl\/#website","url":"https:\/\/regions-snetap-fsu.fr\/pdl\/","name":"SNETAP-FSU PAYS DE LA LOIRE","description":"SECTION REGIONALE","publisher":{"@id":"https:\/\/regions-snetap-fsu.fr\/pdl\/#organization"},"potentialAction":[{"@type":"SearchAction","target":{"@type":"EntryPoint","urlTemplate":"https:\/\/regions-snetap-fsu.fr\/pdl\/?s={search_term_string}"},"query-input":{"@type":"PropertyValueSpecification","valueRequired":true,"valueName":"search_term_string"}}],"inLanguage":"fr-FR"},{"@type":"Organization","@id":"https:\/\/regions-snetap-fsu.fr\/pdl\/#organization","name":"SNETAP-FSU Pays de Loire","url":"https:\/\/regions-snetap-fsu.fr\/pdl\/","logo":{"@type":"ImageObject","inLanguage":"fr-FR","@id":"https:\/\/regions-snetap-fsu.fr\/pdl\/#\/schema\/logo\/image\/","url":"https:\/\/regions-snetap-fsu.fr\/pdl\/wp-content\/uploads\/sites\/4\/2020\/12\/SNETAP-Logo.jpg","contentUrl":"https:\/\/regions-snetap-fsu.fr\/pdl\/wp-content\/uploads\/sites\/4\/2020\/12\/SNETAP-Logo.jpg","width":464,"height":334,"caption":"SNETAP-FSU Pays de Loire"},"image":{"@id":"https:\/\/regions-snetap-fsu.fr\/pdl\/#\/schema\/logo\/image\/"}},{"@type":"Person","@id":"https:\/\/regions-snetap-fsu.fr\/pdl\/#\/schema\/person\/d4530af043f9e8d27bdd71c468ec93b1","name":"yvigner","image":{"@type":"ImageObject","inLanguage":"fr-FR","@id":"https:\/\/secure.gravatar.com\/avatar\/bc72baa6f2406549aecf77a837bc4f03dbe88472c1762138f868571430a23820?s=96&d=mm&r=g","url":"https:\/\/secure.gravatar.com\/avatar\/bc72baa6f2406549aecf77a837bc4f03dbe88472c1762138f868571430a23820?s=96&d=mm&r=g","contentUrl":"https:\/\/secure.gravatar.com\/avatar\/bc72baa6f2406549aecf77a837bc4f03dbe88472c1762138f868571430a23820?s=96&d=mm&r=g","caption":"yvigner"},"url":"https:\/\/regions-snetap-fsu.fr\/pdl\/author\/yvigner\/"}]}},"_links":{"self":[{"href":"https:\/\/regions-snetap-fsu.fr\/pdl\/wp-json\/wp\/v2\/posts\/3531","targetHints":{"allow":["GET"]}}],"collection":[{"href":"https:\/\/regions-snetap-fsu.fr\/pdl\/wp-json\/wp\/v2\/posts"}],"about":[{"href":"https:\/\/regions-snetap-fsu.fr\/pdl\/wp-json\/wp\/v2\/types\/post"}],"author":[{"embeddable":true,"href":"https:\/\/regions-snetap-fsu.fr\/pdl\/wp-json\/wp\/v2\/users\/2"}],"replies":[{"embeddable":true,"href":"https:\/\/regions-snetap-fsu.fr\/pdl\/wp-json\/wp\/v2\/comments?post=3531"}],"version-history":[{"count":3,"href":"https:\/\/regions-snetap-fsu.fr\/pdl\/wp-json\/wp\/v2\/posts\/3531\/revisions"}],"predecessor-version":[{"id":3536,"href":"https:\/\/regions-snetap-fsu.fr\/pdl\/wp-json\/wp\/v2\/posts\/3531\/revisions\/3536"}],"wp:attachment":[{"href":"https:\/\/regions-snetap-fsu.fr\/pdl\/wp-json\/wp\/v2\/media?parent=3531"}],"wp:term":[{"taxonomy":"category","embeddable":true,"href":"https:\/\/regions-snetap-fsu.fr\/pdl\/wp-json\/wp\/v2\/categories?post=3531"},{"taxonomy":"post_tag","embeddable":true,"href":"https:\/\/regions-snetap-fsu.fr\/pdl\/wp-json\/wp\/v2\/tags?post=3531"},{"taxonomy":"post_folder","embeddable":true,"href":"https:\/\/regions-snetap-fsu.fr\/pdl\/wp-json\/wp\/v2\/post_folder?post=3531"}],"curies":[{"name":"wp","href":"https:\/\/api.w.org\/{rel}","templated":true}]}}