{"id":3483,"date":"2020-03-29T22:30:48","date_gmt":"2020-03-29T20:30:48","guid":{"rendered":"https:\/\/regions-snetap-fsu.fr\/pdl\/?p=3483"},"modified":"2020-03-29T22:30:48","modified_gmt":"2020-03-29T20:30:48","slug":"continuer-a-defendre-les-personnels-le-compte-rendu-du-chsctrea-du-26-3-2020","status":"publish","type":"post","link":"https:\/\/regions-snetap-fsu.fr\/pdl\/2020\/03\/29\/continuer-a-defendre-les-personnels-le-compte-rendu-du-chsctrea-du-26-3-2020\/","title":{"rendered":"Continuer \u00e0 d\u00e9fendre les personnels&#8230;le compte rendu du CHSCTREA du 26\/3\/2020"},"content":{"rendered":"<p class=\"western\" align=\"justify\"><span style=\"font-family: arial, helvetica, sans-serif;\"><span style=\"font-size: small;\">A la demande des \u00e9lus du CHSCTREA des Pays de la Loire, s\u2019est tenu jeudi 26 mars un comit\u00e9 en audioconf\u00e9rence.\u00a0<\/span><\/span><span style=\"font-family: arial, helvetica, sans-serif;\"><span style=\"font-size: small;\">Etaient pr\u00e9sents\u00a0: Y.Lobjoit, DRAAF, pr\u00e9sident du CHSCTREA , P.N\u00e9non chef du SRFD\u00a0, C.Malglaive adjoint SRFD, B.Fort assistante de service social, S.Richard, directrice d\u2019EPL, Y.Vigner, E.Labidoire, C.Breton\u00a0, E.Coulon, E.Lory, L.Brault pour l\u2019intersyndicale CGT-SUD-SNETAP-FSU .<\/span><\/span><\/p>\n<p class=\"western\" align=\"justify\"><span style=\"font-family: arial, helvetica, sans-serif;\"><span style=\"font-size: small;\">Dans un premier temps, le pr\u00e9sident tient \u00e0 rappeler que cette situation est in\u00e9dite pour tous. Les modalit\u00e9s de travail ont chang\u00e9 avec les limites que l\u2019on sait. Il s\u2019agit d\u2019une crise avec aussi des cons\u00e9quences personnelles importantes. La communication est tr\u00e8s soutenue et tous les personnels sont mobilis\u00e9s dans tous les secteurs. Le DRAAF a salu\u00e9 cette implication de tous. Un message de solidarit\u00e9 a \u00e9t\u00e9 envoy\u00e9 dans ce sens. Il a rappel\u00e9 la n\u00e9cessit\u00e9 de maintenir un dialogue social de qualit\u00e9.<\/span><\/span><\/p>\n<p class=\"western\" align=\"justify\"><span style=\"font-family: arial, helvetica, sans-serif;\"><span style=\"font-size: small;\"><b>Nous avons demand\u00e9 un point hebdomadaire (GT de crise mixte CTREA et CHSCTREA) afin notamment aussi d\u2019\u00eatre associ\u00e9s \u00e0 la pr\u00e9paration de la rentr\u00e9e (DGH, expertise emplois).<\/b><\/span><\/span><\/p>\n<p><strong><a href=\"https:\/\/regions-snetap-fsu.fr\/pdl\/wp-content\/uploads\/sites\/4\/2020\/03\/COMPTE-RENDU-DU-CHSCTREA-EXCEPTIONNEL.pdf\">T\u00e9l\u00e9charger le fichier ICI<\/a><\/strong><\/p>\n\n\t\t<div class=\"wppdfemb-frame-container-1\" style=\"-webkit-overflow-scrolling:auto;\">\n\t\t\t<iframe class=\"pdfembed-iframe nonfullscreen wppdf-emb-iframe-1\"\n\t\t\t\tsrc=\"https:\/\/regions-snetap-fsu.fr\/pdl\/?pdfemb-data=eyJ1cmwiOiJodHRwczpcL1wvcmVnaW9ucy1zbmV0YXAtZnN1LmZyXC9wZGxcL3dwLWNvbnRlbnRcL3VwbG9hZHNcL3NpdGVzXC80XC8yMDIwXC8wM1wvQ09NUFRFLVJFTkRVLURVLUNIU0NUUkVBLUVYQ0VQVElPTk5FTC5wZGYiLCJ0aXRsZSI6IkNPTVBURSBSRU5EVSBEVSBDSFNDVFJFQSBFWENFUFRJT05ORUwiLCJpbmRleCI6MSwicGRmSUQiOjM0ODR9\"\n\t\t\t\ttitle=\"COMPTE RENDU DU CHSCTREA EXCEPTIONNEL\"\t\t\t\tdata-pdf-id=\"3484\"\n\t\t\t\tdata-pdf-index=\"1\"\n\t\t\t\tstyle=\"border:none;width:100%;max-width:100%;height:100vh;\"\n\t\t\t\tscrolling=\"yes\">\n\t\t\t<\/iframe>\n\t\t<\/div>\n\n\t\t\n<p>Fiche 1 : GESTES BARRIERE DU QUOTIDIEN\u00a0 <a href=\"https:\/\/regions-snetap-fsu.fr\/pdl\/wp-content\/uploads\/sites\/4\/2020\/03\/fiche-1_covid-19_gestes_barriere_maa_v23032020.pdf\">https:\/\/regions-snetap-fsu.fr\/pdl\/wp-content\/uploads\/sites\/4\/2020\/03\/fiche-1_covid-19_gestes_barriere_maa_v23032020.pdf<\/a><\/p>\n<p>Fiche 2 : HYGI\u00c8NE DES LOCAUX ET EQUIPEMENTS\u00a0 <a href=\"https:\/\/regions-snetap-fsu.fr\/pdl\/wp-content\/uploads\/sites\/4\/2020\/03\/fiche-2_covid-19_hygiene_locaux_equipements_v23032020-1.pdf\">https:\/\/regions-snetap-fsu.fr\/pdl\/wp-content\/uploads\/sites\/4\/2020\/03\/fiche-2_covid-19_hygiene_locaux_equipements_v23032020-1.pdf<\/a><\/p>\n<p>Fiche 3\u00a0:Conduite \u00e0 tenir si une personne pr\u00e9sente sur le lieu de travail des sympt\u00f4mes \u00e9voquant ceux du COVID 19\u00a0 <a href=\"https:\/\/regions-snetap-fsu.fr\/pdl\/wp-content\/uploads\/sites\/4\/2020\/03\/fiche-3_covid-19-_suspicion_covid_au_travail_v23032020.pdf\">https:\/\/regions-snetap-fsu.fr\/pdl\/wp-content\/uploads\/sites\/4\/2020\/03\/fiche-3_covid-19-_suspicion_covid_au_travail_v23032020.pdf<\/a><\/p>\n<p>Fiche 4 : Conduite \u00e0 tenir vis-\u00e0-vis des coll\u00e8gues si un agent est confirm\u00e9 atteint par le COVID 19 <a href=\"https:\/\/regions-snetap-fsu.fr\/pdl\/wp-content\/uploads\/sites\/4\/2020\/03\/fiche-4_covid-19_cas_avere_covid_au_travail_v23032020.pdf\">https:\/\/regions-snetap-fsu.fr\/pdl\/wp-content\/uploads\/sites\/4\/2020\/03\/fiche-4_covid-19_cas_avere_covid_au_travail_v23032020.pdf\u00a0<\/a><\/p>\n<p>Fiche 5, 6 et 7 pour les exploitations agricoles des \u00e9tablissements :<\/p>\n<p><a href=\"https:\/\/regions-snetap-fsu.fr\/pdl\/wp-content\/uploads\/sites\/4\/2020\/03\/1-Fiche_gestes-barrieres.pdf\">https:\/\/regions-snetap-fsu.fr\/pdl\/wp-content\/uploads\/sites\/4\/2020\/03\/1-Fiche_gestes-barrieres.pdf<\/a><\/p>\n<p><a href=\"https:\/\/regions-snetap-fsu.fr\/pdl\/wp-content\/uploads\/sites\/4\/2020\/03\/2-Organisation-du-travail.pdf\">https:\/\/regions-snetap-fsu.fr\/pdl\/wp-content\/uploads\/sites\/4\/2020\/03\/2-Organisation-du-travail.pdf<\/a><\/p>\n<p><a href=\"https:\/\/regions-snetap-fsu.fr\/pdl\/wp-content\/uploads\/sites\/4\/2020\/03\/fiche-3_covid-19-_suspicion_covid_au_travail_v23032020.pdf\">https:\/\/regions-snetap-fsu.fr\/pdl\/wp-content\/uploads\/sites\/4\/2020\/03\/fiche-3_covid-19-_suspicion_covid_au_travail_v23032020.pdf<\/a><\/p>\n<p>&nbsp;<\/p>\n","protected":false},"excerpt":{"rendered":"<p>A la demande des \u00e9lus du CHSCTREA des Pays de la Loire, s\u2019est tenu jeudi 26 mars un comit\u00e9 en audioconf\u00e9rence.\u00a0Etaient pr\u00e9sents\u00a0: Y.Lobjoit, DRAAF, pr\u00e9sident du CHSCTREA , P.N\u00e9non chef du SRFD\u00a0, C.Malglaive adjoint SRFD, B.Fort assistante de service social, S.Richard, directrice d\u2019EPL, Y.Vigner, E.Labidoire, C.Breton\u00a0, E.Coulon, E.Lory, L.Brault pour l\u2019intersyndicale CGT-SUD-SNETAP-FSU . Dans un [&hellip;]<\/p>\n","protected":false},"author":2,"featured_media":0,"comment_status":"closed","ping_status":"closed","sticky":false,"template":"","format":"standard","meta":{"ocean_post_layout":"","ocean_both_sidebars_style":"","ocean_both_sidebars_content_width":0,"ocean_both_sidebars_sidebars_width":0,"ocean_sidebar":"","ocean_second_sidebar":"","ocean_disable_margins":"enable","ocean_add_body_class":"","ocean_shortcode_before_top_bar":"","ocean_shortcode_after_top_bar":"","ocean_shortcode_before_header":"","ocean_shortcode_after_header":"","ocean_has_shortcode":"","ocean_shortcode_after_title":"","ocean_shortcode_before_footer_widgets":"","ocean_shortcode_after_footer_widgets":"","ocean_shortcode_before_footer_bottom":"","ocean_shortcode_after_footer_bottom":"","ocean_display_top_bar":"default","ocean_display_header":"default","ocean_header_style":"","ocean_center_header_left_menu":"","ocean_custom_header_template":"","ocean_custom_logo":0,"ocean_custom_retina_logo":0,"ocean_custom_logo_max_width":0,"ocean_custom_logo_tablet_max_width":0,"ocean_custom_logo_mobile_max_width":0,"ocean_custom_logo_max_height":0,"ocean_custom_logo_tablet_max_height":0,"ocean_custom_logo_mobile_max_height":0,"ocean_header_custom_menu":"","ocean_menu_typo_font_family":"","ocean_menu_typo_font_subset":"","ocean_menu_typo_font_size":0,"ocean_menu_typo_font_size_tablet":0,"ocean_menu_typo_font_size_mobile":0,"ocean_menu_typo_font_size_unit":"px","ocean_menu_typo_font_weight":"","ocean_menu_typo_font_weight_tablet":"","ocean_menu_typo_font_weight_mobile":"","ocean_menu_typo_transform":"","ocean_menu_typo_transform_tablet":"","ocean_menu_typo_transform_mobile":"","ocean_menu_typo_line_height":0,"ocean_menu_typo_line_height_tablet":0,"ocean_menu_typo_line_height_mobile":0,"ocean_menu_typo_line_height_unit":"","ocean_menu_typo_spacing":0,"ocean_menu_typo_spacing_tablet":0,"ocean_menu_typo_spacing_mobile":0,"ocean_menu_typo_spacing_unit":"","ocean_menu_link_color":"","ocean_menu_link_color_hover":"","ocean_menu_link_color_active":"","ocean_menu_link_background":"","ocean_menu_link_hover_background":"","ocean_menu_link_active_background":"","ocean_menu_social_links_bg":"","ocean_menu_social_hover_links_bg":"","ocean_menu_social_links_color":"","ocean_menu_social_hover_links_color":"","ocean_disable_title":"default","ocean_disable_heading":"default","ocean_post_title":"","ocean_post_subheading":"","ocean_post_title_style":"","ocean_post_title_background_color":"","ocean_post_title_background":0,"ocean_post_title_bg_image_position":"","ocean_post_title_bg_image_attachment":"","ocean_post_title_bg_image_repeat":"","ocean_post_title_bg_image_size":"","ocean_post_title_height":0,"ocean_post_title_bg_overlay":0.5,"ocean_post_title_bg_overlay_color":"","ocean_disable_breadcrumbs":"default","ocean_breadcrumbs_color":"","ocean_breadcrumbs_separator_color":"","ocean_breadcrumbs_links_color":"","ocean_breadcrumbs_links_hover_color":"","ocean_display_footer_widgets":"default","ocean_display_footer_bottom":"default","ocean_custom_footer_template":"","ocean_post_oembed":"","ocean_post_self_hosted_media":"","ocean_post_video_embed":"","ocean_link_format":"","ocean_link_format_target":"self","ocean_quote_format":"","ocean_quote_format_link":"post","ocean_gallery_link_images":"on","ocean_gallery_id":[],"footnotes":""},"categories":[11],"tags":[],"post_folder":[],"class_list":["post-3483","post","type-post","status-publish","format-standard","hentry","category-chsctrea","entry"],"yoast_head":"<!-- This site is optimized with the Yoast SEO plugin v27.4 - https:\/\/yoast.com\/product\/yoast-seo-wordpress\/ -->\n<title>Continuer \u00e0 d\u00e9fendre les personnels...le compte rendu du CHSCTREA du 26\/3\/2020 - PAYS DE LA LOIRE<\/title>\n<meta name=\"robots\" content=\"index, follow, max-snippet:-1, max-image-preview:large, max-video-preview:-1\" \/>\n<link rel=\"canonical\" href=\"https:\/\/regions-snetap-fsu.fr\/pdl\/2020\/03\/29\/continuer-a-defendre-les-personnels-le-compte-rendu-du-chsctrea-du-26-3-2020\/\" \/>\n<meta property=\"og:locale\" content=\"fr_FR\" \/>\n<meta property=\"og:type\" content=\"article\" \/>\n<meta property=\"og:title\" content=\"Continuer \u00e0 d\u00e9fendre les personnels...le compte rendu du CHSCTREA du 26\/3\/2020 - PAYS DE LA LOIRE\" \/>\n<meta property=\"og:description\" content=\"A la demande des \u00e9lus du CHSCTREA des Pays de la Loire, s\u2019est tenu jeudi 26 mars un comit\u00e9 en audioconf\u00e9rence.\u00a0Etaient pr\u00e9sents\u00a0: Y.Lobjoit, DRAAF, pr\u00e9sident du CHSCTREA , P.N\u00e9non chef du SRFD\u00a0, C.Malglaive adjoint SRFD, B.Fort assistante de service social, S.Richard, directrice d\u2019EPL, Y.Vigner, E.Labidoire, C.Breton\u00a0, E.Coulon, E.Lory, L.Brault pour l\u2019intersyndicale CGT-SUD-SNETAP-FSU . Dans un [&hellip;]\" \/>\n<meta property=\"og:url\" content=\"https:\/\/regions-snetap-fsu.fr\/pdl\/2020\/03\/29\/continuer-a-defendre-les-personnels-le-compte-rendu-du-chsctrea-du-26-3-2020\/\" \/>\n<meta property=\"og:site_name\" content=\"PAYS DE LA LOIRE\" \/>\n<meta property=\"article:published_time\" content=\"2020-03-29T20:30:48+00:00\" \/>\n<meta name=\"author\" content=\"yvigner\" \/>\n<meta name=\"twitter:card\" content=\"summary_large_image\" \/>\n<meta name=\"twitter:label1\" content=\"\u00c9crit par\" \/>\n\t<meta name=\"twitter:data1\" content=\"yvigner\" \/>\n\t<meta name=\"twitter:label2\" content=\"Dur\u00e9e de lecture estim\u00e9e\" \/>\n\t<meta name=\"twitter:data2\" content=\"2 minutes\" \/>\n<script type=\"application\/ld+json\" class=\"yoast-schema-graph\">{\"@context\":\"https:\\\/\\\/schema.org\",\"@graph\":[{\"@type\":\"Article\",\"@id\":\"https:\\\/\\\/regions-snetap-fsu.fr\\\/pdl\\\/2020\\\/03\\\/29\\\/continuer-a-defendre-les-personnels-le-compte-rendu-du-chsctrea-du-26-3-2020\\\/#article\",\"isPartOf\":{\"@id\":\"https:\\\/\\\/regions-snetap-fsu.fr\\\/pdl\\\/2020\\\/03\\\/29\\\/continuer-a-defendre-les-personnels-le-compte-rendu-du-chsctrea-du-26-3-2020\\\/\"},\"author\":{\"name\":\"yvigner\",\"@id\":\"https:\\\/\\\/regions-snetap-fsu.fr\\\/pdl\\\/#\\\/schema\\\/person\\\/d4530af043f9e8d27bdd71c468ec93b1\"},\"headline\":\"Continuer \u00e0 d\u00e9fendre les personnels&#8230;le compte rendu du CHSCTREA du 26\\\/3\\\/2020\",\"datePublished\":\"2020-03-29T20:30:48+00:00\",\"mainEntityOfPage\":{\"@id\":\"https:\\\/\\\/regions-snetap-fsu.fr\\\/pdl\\\/2020\\\/03\\\/29\\\/continuer-a-defendre-les-personnels-le-compte-rendu-du-chsctrea-du-26-3-2020\\\/\"},\"wordCount\":379,\"publisher\":{\"@id\":\"https:\\\/\\\/regions-snetap-fsu.fr\\\/pdl\\\/#organization\"},\"articleSection\":[\"Formation sp\u00e9cialis\u00e9e Sant\u00e9 et S\u00e9curit\u00e9 au travail (ex-CHSCTREA)\"],\"inLanguage\":\"fr-FR\"},{\"@type\":\"WebPage\",\"@id\":\"https:\\\/\\\/regions-snetap-fsu.fr\\\/pdl\\\/2020\\\/03\\\/29\\\/continuer-a-defendre-les-personnels-le-compte-rendu-du-chsctrea-du-26-3-2020\\\/\",\"url\":\"https:\\\/\\\/regions-snetap-fsu.fr\\\/pdl\\\/2020\\\/03\\\/29\\\/continuer-a-defendre-les-personnels-le-compte-rendu-du-chsctrea-du-26-3-2020\\\/\",\"name\":\"Continuer \u00e0 d\u00e9fendre les personnels...le compte rendu du CHSCTREA du 26\\\/3\\\/2020 - PAYS DE LA LOIRE\",\"isPartOf\":{\"@id\":\"https:\\\/\\\/regions-snetap-fsu.fr\\\/pdl\\\/#website\"},\"datePublished\":\"2020-03-29T20:30:48+00:00\",\"breadcrumb\":{\"@id\":\"https:\\\/\\\/regions-snetap-fsu.fr\\\/pdl\\\/2020\\\/03\\\/29\\\/continuer-a-defendre-les-personnels-le-compte-rendu-du-chsctrea-du-26-3-2020\\\/#breadcrumb\"},\"inLanguage\":\"fr-FR\",\"potentialAction\":[{\"@type\":\"ReadAction\",\"target\":[\"https:\\\/\\\/regions-snetap-fsu.fr\\\/pdl\\\/2020\\\/03\\\/29\\\/continuer-a-defendre-les-personnels-le-compte-rendu-du-chsctrea-du-26-3-2020\\\/\"]}]},{\"@type\":\"BreadcrumbList\",\"@id\":\"https:\\\/\\\/regions-snetap-fsu.fr\\\/pdl\\\/2020\\\/03\\\/29\\\/continuer-a-defendre-les-personnels-le-compte-rendu-du-chsctrea-du-26-3-2020\\\/#breadcrumb\",\"itemListElement\":[{\"@type\":\"ListItem\",\"position\":1,\"name\":\"Accueil\",\"item\":\"https:\\\/\\\/regions-snetap-fsu.fr\\\/pdl\\\/\"},{\"@type\":\"ListItem\",\"position\":2,\"name\":\"Continuer \u00e0 d\u00e9fendre les personnels&#8230;le compte rendu du CHSCTREA du 26\\\/3\\\/2020\"}]},{\"@type\":\"WebSite\",\"@id\":\"https:\\\/\\\/regions-snetap-fsu.fr\\\/pdl\\\/#website\",\"url\":\"https:\\\/\\\/regions-snetap-fsu.fr\\\/pdl\\\/\",\"name\":\"SNETAP-FSU PAYS DE LA LOIRE\",\"description\":\"SECTION REGIONALE\",\"publisher\":{\"@id\":\"https:\\\/\\\/regions-snetap-fsu.fr\\\/pdl\\\/#organization\"},\"potentialAction\":[{\"@type\":\"SearchAction\",\"target\":{\"@type\":\"EntryPoint\",\"urlTemplate\":\"https:\\\/\\\/regions-snetap-fsu.fr\\\/pdl\\\/?s={search_term_string}\"},\"query-input\":{\"@type\":\"PropertyValueSpecification\",\"valueRequired\":true,\"valueName\":\"search_term_string\"}}],\"inLanguage\":\"fr-FR\"},{\"@type\":\"Organization\",\"@id\":\"https:\\\/\\\/regions-snetap-fsu.fr\\\/pdl\\\/#organization\",\"name\":\"SNETAP-FSU Pays de Loire\",\"url\":\"https:\\\/\\\/regions-snetap-fsu.fr\\\/pdl\\\/\",\"logo\":{\"@type\":\"ImageObject\",\"inLanguage\":\"fr-FR\",\"@id\":\"https:\\\/\\\/regions-snetap-fsu.fr\\\/pdl\\\/#\\\/schema\\\/logo\\\/image\\\/\",\"url\":\"https:\\\/\\\/regions-snetap-fsu.fr\\\/pdl\\\/wp-content\\\/uploads\\\/sites\\\/4\\\/2020\\\/12\\\/SNETAP-Logo.jpg\",\"contentUrl\":\"https:\\\/\\\/regions-snetap-fsu.fr\\\/pdl\\\/wp-content\\\/uploads\\\/sites\\\/4\\\/2020\\\/12\\\/SNETAP-Logo.jpg\",\"width\":464,\"height\":334,\"caption\":\"SNETAP-FSU Pays de Loire\"},\"image\":{\"@id\":\"https:\\\/\\\/regions-snetap-fsu.fr\\\/pdl\\\/#\\\/schema\\\/logo\\\/image\\\/\"}},{\"@type\":\"Person\",\"@id\":\"https:\\\/\\\/regions-snetap-fsu.fr\\\/pdl\\\/#\\\/schema\\\/person\\\/d4530af043f9e8d27bdd71c468ec93b1\",\"name\":\"yvigner\",\"image\":{\"@type\":\"ImageObject\",\"inLanguage\":\"fr-FR\",\"@id\":\"https:\\\/\\\/secure.gravatar.com\\\/avatar\\\/bc72baa6f2406549aecf77a837bc4f03dbe88472c1762138f868571430a23820?s=96&d=mm&r=g\",\"url\":\"https:\\\/\\\/secure.gravatar.com\\\/avatar\\\/bc72baa6f2406549aecf77a837bc4f03dbe88472c1762138f868571430a23820?s=96&d=mm&r=g\",\"contentUrl\":\"https:\\\/\\\/secure.gravatar.com\\\/avatar\\\/bc72baa6f2406549aecf77a837bc4f03dbe88472c1762138f868571430a23820?s=96&d=mm&r=g\",\"caption\":\"yvigner\"},\"url\":\"https:\\\/\\\/regions-snetap-fsu.fr\\\/pdl\\\/author\\\/yvigner\\\/\"}]}<\/script>\n<!-- \/ Yoast SEO plugin. -->","yoast_head_json":{"title":"Continuer \u00e0 d\u00e9fendre les personnels...le compte rendu du CHSCTREA du 26\/3\/2020 - PAYS DE LA LOIRE","robots":{"index":"index","follow":"follow","max-snippet":"max-snippet:-1","max-image-preview":"max-image-preview:large","max-video-preview":"max-video-preview:-1"},"canonical":"https:\/\/regions-snetap-fsu.fr\/pdl\/2020\/03\/29\/continuer-a-defendre-les-personnels-le-compte-rendu-du-chsctrea-du-26-3-2020\/","og_locale":"fr_FR","og_type":"article","og_title":"Continuer \u00e0 d\u00e9fendre les personnels...le compte rendu du CHSCTREA du 26\/3\/2020 - PAYS DE LA LOIRE","og_description":"A la demande des \u00e9lus du CHSCTREA des Pays de la Loire, s\u2019est tenu jeudi 26 mars un comit\u00e9 en audioconf\u00e9rence.\u00a0Etaient pr\u00e9sents\u00a0: Y.Lobjoit, DRAAF, pr\u00e9sident du CHSCTREA , P.N\u00e9non chef du SRFD\u00a0, C.Malglaive adjoint SRFD, B.Fort assistante de service social, S.Richard, directrice d\u2019EPL, Y.Vigner, E.Labidoire, C.Breton\u00a0, E.Coulon, E.Lory, L.Brault pour l\u2019intersyndicale CGT-SUD-SNETAP-FSU . Dans un [&hellip;]","og_url":"https:\/\/regions-snetap-fsu.fr\/pdl\/2020\/03\/29\/continuer-a-defendre-les-personnels-le-compte-rendu-du-chsctrea-du-26-3-2020\/","og_site_name":"PAYS DE LA LOIRE","article_published_time":"2020-03-29T20:30:48+00:00","author":"yvigner","twitter_card":"summary_large_image","twitter_misc":{"\u00c9crit par":"yvigner","Dur\u00e9e de lecture estim\u00e9e":"2 minutes"},"schema":{"@context":"https:\/\/schema.org","@graph":[{"@type":"Article","@id":"https:\/\/regions-snetap-fsu.fr\/pdl\/2020\/03\/29\/continuer-a-defendre-les-personnels-le-compte-rendu-du-chsctrea-du-26-3-2020\/#article","isPartOf":{"@id":"https:\/\/regions-snetap-fsu.fr\/pdl\/2020\/03\/29\/continuer-a-defendre-les-personnels-le-compte-rendu-du-chsctrea-du-26-3-2020\/"},"author":{"name":"yvigner","@id":"https:\/\/regions-snetap-fsu.fr\/pdl\/#\/schema\/person\/d4530af043f9e8d27bdd71c468ec93b1"},"headline":"Continuer \u00e0 d\u00e9fendre les personnels&#8230;le compte rendu du CHSCTREA du 26\/3\/2020","datePublished":"2020-03-29T20:30:48+00:00","mainEntityOfPage":{"@id":"https:\/\/regions-snetap-fsu.fr\/pdl\/2020\/03\/29\/continuer-a-defendre-les-personnels-le-compte-rendu-du-chsctrea-du-26-3-2020\/"},"wordCount":379,"publisher":{"@id":"https:\/\/regions-snetap-fsu.fr\/pdl\/#organization"},"articleSection":["Formation sp\u00e9cialis\u00e9e Sant\u00e9 et S\u00e9curit\u00e9 au travail (ex-CHSCTREA)"],"inLanguage":"fr-FR"},{"@type":"WebPage","@id":"https:\/\/regions-snetap-fsu.fr\/pdl\/2020\/03\/29\/continuer-a-defendre-les-personnels-le-compte-rendu-du-chsctrea-du-26-3-2020\/","url":"https:\/\/regions-snetap-fsu.fr\/pdl\/2020\/03\/29\/continuer-a-defendre-les-personnels-le-compte-rendu-du-chsctrea-du-26-3-2020\/","name":"Continuer \u00e0 d\u00e9fendre les personnels...le compte rendu du CHSCTREA du 26\/3\/2020 - PAYS DE LA LOIRE","isPartOf":{"@id":"https:\/\/regions-snetap-fsu.fr\/pdl\/#website"},"datePublished":"2020-03-29T20:30:48+00:00","breadcrumb":{"@id":"https:\/\/regions-snetap-fsu.fr\/pdl\/2020\/03\/29\/continuer-a-defendre-les-personnels-le-compte-rendu-du-chsctrea-du-26-3-2020\/#breadcrumb"},"inLanguage":"fr-FR","potentialAction":[{"@type":"ReadAction","target":["https:\/\/regions-snetap-fsu.fr\/pdl\/2020\/03\/29\/continuer-a-defendre-les-personnels-le-compte-rendu-du-chsctrea-du-26-3-2020\/"]}]},{"@type":"BreadcrumbList","@id":"https:\/\/regions-snetap-fsu.fr\/pdl\/2020\/03\/29\/continuer-a-defendre-les-personnels-le-compte-rendu-du-chsctrea-du-26-3-2020\/#breadcrumb","itemListElement":[{"@type":"ListItem","position":1,"name":"Accueil","item":"https:\/\/regions-snetap-fsu.fr\/pdl\/"},{"@type":"ListItem","position":2,"name":"Continuer \u00e0 d\u00e9fendre les personnels&#8230;le compte rendu du CHSCTREA du 26\/3\/2020"}]},{"@type":"WebSite","@id":"https:\/\/regions-snetap-fsu.fr\/pdl\/#website","url":"https:\/\/regions-snetap-fsu.fr\/pdl\/","name":"SNETAP-FSU PAYS DE LA LOIRE","description":"SECTION REGIONALE","publisher":{"@id":"https:\/\/regions-snetap-fsu.fr\/pdl\/#organization"},"potentialAction":[{"@type":"SearchAction","target":{"@type":"EntryPoint","urlTemplate":"https:\/\/regions-snetap-fsu.fr\/pdl\/?s={search_term_string}"},"query-input":{"@type":"PropertyValueSpecification","valueRequired":true,"valueName":"search_term_string"}}],"inLanguage":"fr-FR"},{"@type":"Organization","@id":"https:\/\/regions-snetap-fsu.fr\/pdl\/#organization","name":"SNETAP-FSU Pays de Loire","url":"https:\/\/regions-snetap-fsu.fr\/pdl\/","logo":{"@type":"ImageObject","inLanguage":"fr-FR","@id":"https:\/\/regions-snetap-fsu.fr\/pdl\/#\/schema\/logo\/image\/","url":"https:\/\/regions-snetap-fsu.fr\/pdl\/wp-content\/uploads\/sites\/4\/2020\/12\/SNETAP-Logo.jpg","contentUrl":"https:\/\/regions-snetap-fsu.fr\/pdl\/wp-content\/uploads\/sites\/4\/2020\/12\/SNETAP-Logo.jpg","width":464,"height":334,"caption":"SNETAP-FSU Pays de Loire"},"image":{"@id":"https:\/\/regions-snetap-fsu.fr\/pdl\/#\/schema\/logo\/image\/"}},{"@type":"Person","@id":"https:\/\/regions-snetap-fsu.fr\/pdl\/#\/schema\/person\/d4530af043f9e8d27bdd71c468ec93b1","name":"yvigner","image":{"@type":"ImageObject","inLanguage":"fr-FR","@id":"https:\/\/secure.gravatar.com\/avatar\/bc72baa6f2406549aecf77a837bc4f03dbe88472c1762138f868571430a23820?s=96&d=mm&r=g","url":"https:\/\/secure.gravatar.com\/avatar\/bc72baa6f2406549aecf77a837bc4f03dbe88472c1762138f868571430a23820?s=96&d=mm&r=g","contentUrl":"https:\/\/secure.gravatar.com\/avatar\/bc72baa6f2406549aecf77a837bc4f03dbe88472c1762138f868571430a23820?s=96&d=mm&r=g","caption":"yvigner"},"url":"https:\/\/regions-snetap-fsu.fr\/pdl\/author\/yvigner\/"}]}},"_links":{"self":[{"href":"https:\/\/regions-snetap-fsu.fr\/pdl\/wp-json\/wp\/v2\/posts\/3483","targetHints":{"allow":["GET"]}}],"collection":[{"href":"https:\/\/regions-snetap-fsu.fr\/pdl\/wp-json\/wp\/v2\/posts"}],"about":[{"href":"https:\/\/regions-snetap-fsu.fr\/pdl\/wp-json\/wp\/v2\/types\/post"}],"author":[{"embeddable":true,"href":"https:\/\/regions-snetap-fsu.fr\/pdl\/wp-json\/wp\/v2\/users\/2"}],"replies":[{"embeddable":true,"href":"https:\/\/regions-snetap-fsu.fr\/pdl\/wp-json\/wp\/v2\/comments?post=3483"}],"version-history":[{"count":1,"href":"https:\/\/regions-snetap-fsu.fr\/pdl\/wp-json\/wp\/v2\/posts\/3483\/revisions"}],"predecessor-version":[{"id":3492,"href":"https:\/\/regions-snetap-fsu.fr\/pdl\/wp-json\/wp\/v2\/posts\/3483\/revisions\/3492"}],"wp:attachment":[{"href":"https:\/\/regions-snetap-fsu.fr\/pdl\/wp-json\/wp\/v2\/media?parent=3483"}],"wp:term":[{"taxonomy":"category","embeddable":true,"href":"https:\/\/regions-snetap-fsu.fr\/pdl\/wp-json\/wp\/v2\/categories?post=3483"},{"taxonomy":"post_tag","embeddable":true,"href":"https:\/\/regions-snetap-fsu.fr\/pdl\/wp-json\/wp\/v2\/tags?post=3483"},{"taxonomy":"post_folder","embeddable":true,"href":"https:\/\/regions-snetap-fsu.fr\/pdl\/wp-json\/wp\/v2\/post_folder?post=3483"}],"curies":[{"name":"wp","href":"https:\/\/api.w.org\/{rel}","templated":true}]}}