{"id":3380,"date":"2019-12-08T00:20:11","date_gmt":"2019-12-07T23:20:11","guid":{"rendered":"https:\/\/regions-snetap-fsu.fr\/pdl\/?p=3380"},"modified":"2019-12-08T00:20:11","modified_gmt":"2019-12-07T23:20:11","slug":"pour-nos-retraites-on-continue-les-actions-de-lintersyndicale-en-mayenne","status":"publish","type":"post","link":"https:\/\/regions-snetap-fsu.fr\/pdl\/2019\/12\/08\/pour-nos-retraites-on-continue-les-actions-de-lintersyndicale-en-mayenne\/","title":{"rendered":"Pour nos retraites, ON CONTINUE. Les actions de l&rsquo;Intersyndicale en Mayenne"},"content":{"rendered":"<p>Apr\u00e8s la r\u00e9ussite de la journ\u00e9e de gr\u00e8ve et de manifestation de jeudi 5 d\u00e9cembre, vendredi s&rsquo;est tenue une AG \u00e9ducation\u00a0 : vous trouverez en PJ la motion adopt\u00e9e \u00e0 l&rsquo;unanimit\u00e9<\/p>\n<p>&#8211; par ailleurs , une AG et une intersyndicale interpro ont eu lieu \u00e9galement, elles ont pris les d\u00e9cisions suivantes :<\/p>\n<div style=\"text-align: center;\"><span style=\"font-size: large;\"><b>Gr\u00e8ve et manifestation le mardi 10\/12\u00a0<\/b><\/span><\/div>\n<div style=\"text-align: center;\"><b>\u00a0\u00e0 11h30 \u00e0 LAVAL,\u00a0<\/b><\/div>\n<div style=\"text-align: center;\"><b>avenue de Mayenne\u00a0<\/b><\/div>\n<div style=\"text-align: center;\"><b>entr\u00e9e zone des touches au\u00a0<\/b><b>garage des pommeraies<\/b><\/div>\n<div style=\"text-align: center;\">nouvelle AG secteur \u00c9ducation mardi 10\/12 \u00e0 9h30 salle FO (maison des syndicats)<\/div>\n<p>Vous trouverez aussi l&rsquo;appel intersyndical du 53 en PJ<\/p>\n<p>Nous savons qu&rsquo;il y aura nationalement un nouvel appel pour le jeudi 12\/12 ; Nous communiquerons + tard mais l&rsquo;action en Mayenne se<br \/>\nd\u00e9clinerait par une initiative autour du march\u00e9 de No\u00ebl qui ouvre \u00e0 12h ce jour l\u00e0.\u00a0 (stand intersyndical et distribution de tracts \u00e0 la population )<\/p>\n","protected":false},"excerpt":{"rendered":"<p>Apr\u00e8s la r\u00e9ussite de la journ\u00e9e de gr\u00e8ve et de manifestation de jeudi 5 d\u00e9cembre, vendredi s&rsquo;est tenue une AG \u00e9ducation\u00a0 : vous trouverez en PJ la motion adopt\u00e9e \u00e0 l&rsquo;unanimit\u00e9 &#8211; par ailleurs , une AG et une intersyndicale interpro ont eu lieu \u00e9galement, elles ont pris les d\u00e9cisions suivantes : Gr\u00e8ve et manifestation [&hellip;]<\/p>\n","protected":false},"author":2,"featured_media":0,"comment_status":"closed","ping_status":"closed","sticky":false,"template":"","format":"standard","meta":{"ocean_post_layout":"","ocean_both_sidebars_style":"","ocean_both_sidebars_content_width":0,"ocean_both_sidebars_sidebars_width":0,"ocean_sidebar":"","ocean_second_sidebar":"","ocean_disable_margins":"enable","ocean_add_body_class":"","ocean_shortcode_before_top_bar":"","ocean_shortcode_after_top_bar":"","ocean_shortcode_before_header":"","ocean_shortcode_after_header":"","ocean_has_shortcode":"","ocean_shortcode_after_title":"","ocean_shortcode_before_footer_widgets":"","ocean_shortcode_after_footer_widgets":"","ocean_shortcode_before_footer_bottom":"","ocean_shortcode_after_footer_bottom":"","ocean_display_top_bar":"default","ocean_display_header":"default","ocean_header_style":"","ocean_center_header_left_menu":"","ocean_custom_header_template":"","ocean_custom_logo":0,"ocean_custom_retina_logo":0,"ocean_custom_logo_max_width":0,"ocean_custom_logo_tablet_max_width":0,"ocean_custom_logo_mobile_max_width":0,"ocean_custom_logo_max_height":0,"ocean_custom_logo_tablet_max_height":0,"ocean_custom_logo_mobile_max_height":0,"ocean_header_custom_menu":"","ocean_menu_typo_font_family":"","ocean_menu_typo_font_subset":"","ocean_menu_typo_font_size":0,"ocean_menu_typo_font_size_tablet":0,"ocean_menu_typo_font_size_mobile":0,"ocean_menu_typo_font_size_unit":"px","ocean_menu_typo_font_weight":"","ocean_menu_typo_font_weight_tablet":"","ocean_menu_typo_font_weight_mobile":"","ocean_menu_typo_transform":"","ocean_menu_typo_transform_tablet":"","ocean_menu_typo_transform_mobile":"","ocean_menu_typo_line_height":0,"ocean_menu_typo_line_height_tablet":0,"ocean_menu_typo_line_height_mobile":0,"ocean_menu_typo_line_height_unit":"","ocean_menu_typo_spacing":0,"ocean_menu_typo_spacing_tablet":0,"ocean_menu_typo_spacing_mobile":0,"ocean_menu_typo_spacing_unit":"","ocean_menu_link_color":"","ocean_menu_link_color_hover":"","ocean_menu_link_color_active":"","ocean_menu_link_background":"","ocean_menu_link_hover_background":"","ocean_menu_link_active_background":"","ocean_menu_social_links_bg":"","ocean_menu_social_hover_links_bg":"","ocean_menu_social_links_color":"","ocean_menu_social_hover_links_color":"","ocean_disable_title":"default","ocean_disable_heading":"default","ocean_post_title":"","ocean_post_subheading":"","ocean_post_title_style":"","ocean_post_title_background_color":"","ocean_post_title_background":0,"ocean_post_title_bg_image_position":"","ocean_post_title_bg_image_attachment":"","ocean_post_title_bg_image_repeat":"","ocean_post_title_bg_image_size":"","ocean_post_title_height":0,"ocean_post_title_bg_overlay":0.5,"ocean_post_title_bg_overlay_color":"","ocean_disable_breadcrumbs":"default","ocean_breadcrumbs_color":"","ocean_breadcrumbs_separator_color":"","ocean_breadcrumbs_links_color":"","ocean_breadcrumbs_links_hover_color":"","ocean_display_footer_widgets":"default","ocean_display_footer_bottom":"default","ocean_custom_footer_template":"","ocean_post_oembed":"","ocean_post_self_hosted_media":"","ocean_post_video_embed":"","ocean_link_format":"","ocean_link_format_target":"self","ocean_quote_format":"","ocean_quote_format_link":"post","ocean_gallery_link_images":"on","ocean_gallery_id":[],"footnotes":""},"categories":[19,16,18,1],"tags":[],"post_folder":[],"class_list":["post-3380","post","type-post","status-publish","format-standard","hentry","category-chateau-gontier","category-en-direct-des-sections","category-laval","category-non-classe","entry"],"yoast_head":"<!-- This site is optimized with the Yoast SEO plugin v27.4 - https:\/\/yoast.com\/product\/yoast-seo-wordpress\/ -->\n<title>Pour nos retraites, ON CONTINUE. Les actions de l&#039;Intersyndicale en Mayenne - PAYS DE LA LOIRE<\/title>\n<meta name=\"robots\" content=\"index, follow, max-snippet:-1, max-image-preview:large, max-video-preview:-1\" \/>\n<link rel=\"canonical\" href=\"https:\/\/regions-snetap-fsu.fr\/pdl\/2019\/12\/08\/pour-nos-retraites-on-continue-les-actions-de-lintersyndicale-en-mayenne\/\" \/>\n<meta property=\"og:locale\" content=\"fr_FR\" \/>\n<meta property=\"og:type\" content=\"article\" \/>\n<meta property=\"og:title\" content=\"Pour nos retraites, ON CONTINUE. Les actions de l&#039;Intersyndicale en Mayenne - PAYS DE LA LOIRE\" \/>\n<meta property=\"og:description\" content=\"Apr\u00e8s la r\u00e9ussite de la journ\u00e9e de gr\u00e8ve et de manifestation de jeudi 5 d\u00e9cembre, vendredi s&rsquo;est tenue une AG \u00e9ducation\u00a0 : vous trouverez en PJ la motion adopt\u00e9e \u00e0 l&rsquo;unanimit\u00e9 &#8211; par ailleurs , une AG et une intersyndicale interpro ont eu lieu \u00e9galement, elles ont pris les d\u00e9cisions suivantes : Gr\u00e8ve et manifestation [&hellip;]\" \/>\n<meta property=\"og:url\" content=\"https:\/\/regions-snetap-fsu.fr\/pdl\/2019\/12\/08\/pour-nos-retraites-on-continue-les-actions-de-lintersyndicale-en-mayenne\/\" \/>\n<meta property=\"og:site_name\" content=\"PAYS DE LA LOIRE\" \/>\n<meta property=\"article:published_time\" content=\"2019-12-07T23:20:11+00:00\" \/>\n<meta name=\"author\" content=\"yvigner\" \/>\n<meta name=\"twitter:card\" content=\"summary_large_image\" \/>\n<meta name=\"twitter:label1\" content=\"\u00c9crit par\" \/>\n\t<meta name=\"twitter:data1\" content=\"yvigner\" \/>\n\t<meta name=\"twitter:label2\" content=\"Dur\u00e9e de lecture estim\u00e9e\" \/>\n\t<meta name=\"twitter:data2\" content=\"1 minute\" \/>\n<script type=\"application\/ld+json\" class=\"yoast-schema-graph\">{\"@context\":\"https:\\\/\\\/schema.org\",\"@graph\":[{\"@type\":\"Article\",\"@id\":\"https:\\\/\\\/regions-snetap-fsu.fr\\\/pdl\\\/2019\\\/12\\\/08\\\/pour-nos-retraites-on-continue-les-actions-de-lintersyndicale-en-mayenne\\\/#article\",\"isPartOf\":{\"@id\":\"https:\\\/\\\/regions-snetap-fsu.fr\\\/pdl\\\/2019\\\/12\\\/08\\\/pour-nos-retraites-on-continue-les-actions-de-lintersyndicale-en-mayenne\\\/\"},\"author\":{\"name\":\"yvigner\",\"@id\":\"https:\\\/\\\/regions-snetap-fsu.fr\\\/pdl\\\/#\\\/schema\\\/person\\\/d4530af043f9e8d27bdd71c468ec93b1\"},\"headline\":\"Pour nos retraites, ON CONTINUE. Les actions de l&rsquo;Intersyndicale en Mayenne\",\"datePublished\":\"2019-12-07T23:20:11+00:00\",\"mainEntityOfPage\":{\"@id\":\"https:\\\/\\\/regions-snetap-fsu.fr\\\/pdl\\\/2019\\\/12\\\/08\\\/pour-nos-retraites-on-continue-les-actions-de-lintersyndicale-en-mayenne\\\/\"},\"wordCount\":155,\"publisher\":{\"@id\":\"https:\\\/\\\/regions-snetap-fsu.fr\\\/pdl\\\/#organization\"},\"articleSection\":[\"Chateau Gontier\",\"En direct des sections\",\"Laval\"],\"inLanguage\":\"fr-FR\"},{\"@type\":\"WebPage\",\"@id\":\"https:\\\/\\\/regions-snetap-fsu.fr\\\/pdl\\\/2019\\\/12\\\/08\\\/pour-nos-retraites-on-continue-les-actions-de-lintersyndicale-en-mayenne\\\/\",\"url\":\"https:\\\/\\\/regions-snetap-fsu.fr\\\/pdl\\\/2019\\\/12\\\/08\\\/pour-nos-retraites-on-continue-les-actions-de-lintersyndicale-en-mayenne\\\/\",\"name\":\"Pour nos retraites, ON CONTINUE. Les actions de l'Intersyndicale en Mayenne - PAYS DE LA LOIRE\",\"isPartOf\":{\"@id\":\"https:\\\/\\\/regions-snetap-fsu.fr\\\/pdl\\\/#website\"},\"datePublished\":\"2019-12-07T23:20:11+00:00\",\"breadcrumb\":{\"@id\":\"https:\\\/\\\/regions-snetap-fsu.fr\\\/pdl\\\/2019\\\/12\\\/08\\\/pour-nos-retraites-on-continue-les-actions-de-lintersyndicale-en-mayenne\\\/#breadcrumb\"},\"inLanguage\":\"fr-FR\",\"potentialAction\":[{\"@type\":\"ReadAction\",\"target\":[\"https:\\\/\\\/regions-snetap-fsu.fr\\\/pdl\\\/2019\\\/12\\\/08\\\/pour-nos-retraites-on-continue-les-actions-de-lintersyndicale-en-mayenne\\\/\"]}]},{\"@type\":\"BreadcrumbList\",\"@id\":\"https:\\\/\\\/regions-snetap-fsu.fr\\\/pdl\\\/2019\\\/12\\\/08\\\/pour-nos-retraites-on-continue-les-actions-de-lintersyndicale-en-mayenne\\\/#breadcrumb\",\"itemListElement\":[{\"@type\":\"ListItem\",\"position\":1,\"name\":\"Accueil\",\"item\":\"https:\\\/\\\/regions-snetap-fsu.fr\\\/pdl\\\/\"},{\"@type\":\"ListItem\",\"position\":2,\"name\":\"Pour nos retraites, ON CONTINUE. Les actions de l&rsquo;Intersyndicale en Mayenne\"}]},{\"@type\":\"WebSite\",\"@id\":\"https:\\\/\\\/regions-snetap-fsu.fr\\\/pdl\\\/#website\",\"url\":\"https:\\\/\\\/regions-snetap-fsu.fr\\\/pdl\\\/\",\"name\":\"SNETAP-FSU PAYS DE LA LOIRE\",\"description\":\"SECTION REGIONALE\",\"publisher\":{\"@id\":\"https:\\\/\\\/regions-snetap-fsu.fr\\\/pdl\\\/#organization\"},\"potentialAction\":[{\"@type\":\"SearchAction\",\"target\":{\"@type\":\"EntryPoint\",\"urlTemplate\":\"https:\\\/\\\/regions-snetap-fsu.fr\\\/pdl\\\/?s={search_term_string}\"},\"query-input\":{\"@type\":\"PropertyValueSpecification\",\"valueRequired\":true,\"valueName\":\"search_term_string\"}}],\"inLanguage\":\"fr-FR\"},{\"@type\":\"Organization\",\"@id\":\"https:\\\/\\\/regions-snetap-fsu.fr\\\/pdl\\\/#organization\",\"name\":\"SNETAP-FSU Pays de Loire\",\"url\":\"https:\\\/\\\/regions-snetap-fsu.fr\\\/pdl\\\/\",\"logo\":{\"@type\":\"ImageObject\",\"inLanguage\":\"fr-FR\",\"@id\":\"https:\\\/\\\/regions-snetap-fsu.fr\\\/pdl\\\/#\\\/schema\\\/logo\\\/image\\\/\",\"url\":\"https:\\\/\\\/regions-snetap-fsu.fr\\\/pdl\\\/wp-content\\\/uploads\\\/sites\\\/4\\\/2020\\\/12\\\/SNETAP-Logo.jpg\",\"contentUrl\":\"https:\\\/\\\/regions-snetap-fsu.fr\\\/pdl\\\/wp-content\\\/uploads\\\/sites\\\/4\\\/2020\\\/12\\\/SNETAP-Logo.jpg\",\"width\":464,\"height\":334,\"caption\":\"SNETAP-FSU Pays de Loire\"},\"image\":{\"@id\":\"https:\\\/\\\/regions-snetap-fsu.fr\\\/pdl\\\/#\\\/schema\\\/logo\\\/image\\\/\"}},{\"@type\":\"Person\",\"@id\":\"https:\\\/\\\/regions-snetap-fsu.fr\\\/pdl\\\/#\\\/schema\\\/person\\\/d4530af043f9e8d27bdd71c468ec93b1\",\"name\":\"yvigner\",\"image\":{\"@type\":\"ImageObject\",\"inLanguage\":\"fr-FR\",\"@id\":\"https:\\\/\\\/secure.gravatar.com\\\/avatar\\\/bc72baa6f2406549aecf77a837bc4f03dbe88472c1762138f868571430a23820?s=96&d=mm&r=g\",\"url\":\"https:\\\/\\\/secure.gravatar.com\\\/avatar\\\/bc72baa6f2406549aecf77a837bc4f03dbe88472c1762138f868571430a23820?s=96&d=mm&r=g\",\"contentUrl\":\"https:\\\/\\\/secure.gravatar.com\\\/avatar\\\/bc72baa6f2406549aecf77a837bc4f03dbe88472c1762138f868571430a23820?s=96&d=mm&r=g\",\"caption\":\"yvigner\"},\"url\":\"https:\\\/\\\/regions-snetap-fsu.fr\\\/pdl\\\/author\\\/yvigner\\\/\"}]}<\/script>\n<!-- \/ Yoast SEO plugin. -->","yoast_head_json":{"title":"Pour nos retraites, ON CONTINUE. Les actions de l'Intersyndicale en Mayenne - PAYS DE LA LOIRE","robots":{"index":"index","follow":"follow","max-snippet":"max-snippet:-1","max-image-preview":"max-image-preview:large","max-video-preview":"max-video-preview:-1"},"canonical":"https:\/\/regions-snetap-fsu.fr\/pdl\/2019\/12\/08\/pour-nos-retraites-on-continue-les-actions-de-lintersyndicale-en-mayenne\/","og_locale":"fr_FR","og_type":"article","og_title":"Pour nos retraites, ON CONTINUE. Les actions de l'Intersyndicale en Mayenne - PAYS DE LA LOIRE","og_description":"Apr\u00e8s la r\u00e9ussite de la journ\u00e9e de gr\u00e8ve et de manifestation de jeudi 5 d\u00e9cembre, vendredi s&rsquo;est tenue une AG \u00e9ducation\u00a0 : vous trouverez en PJ la motion adopt\u00e9e \u00e0 l&rsquo;unanimit\u00e9 &#8211; par ailleurs , une AG et une intersyndicale interpro ont eu lieu \u00e9galement, elles ont pris les d\u00e9cisions suivantes : Gr\u00e8ve et manifestation [&hellip;]","og_url":"https:\/\/regions-snetap-fsu.fr\/pdl\/2019\/12\/08\/pour-nos-retraites-on-continue-les-actions-de-lintersyndicale-en-mayenne\/","og_site_name":"PAYS DE LA LOIRE","article_published_time":"2019-12-07T23:20:11+00:00","author":"yvigner","twitter_card":"summary_large_image","twitter_misc":{"\u00c9crit par":"yvigner","Dur\u00e9e de lecture estim\u00e9e":"1 minute"},"schema":{"@context":"https:\/\/schema.org","@graph":[{"@type":"Article","@id":"https:\/\/regions-snetap-fsu.fr\/pdl\/2019\/12\/08\/pour-nos-retraites-on-continue-les-actions-de-lintersyndicale-en-mayenne\/#article","isPartOf":{"@id":"https:\/\/regions-snetap-fsu.fr\/pdl\/2019\/12\/08\/pour-nos-retraites-on-continue-les-actions-de-lintersyndicale-en-mayenne\/"},"author":{"name":"yvigner","@id":"https:\/\/regions-snetap-fsu.fr\/pdl\/#\/schema\/person\/d4530af043f9e8d27bdd71c468ec93b1"},"headline":"Pour nos retraites, ON CONTINUE. Les actions de l&rsquo;Intersyndicale en Mayenne","datePublished":"2019-12-07T23:20:11+00:00","mainEntityOfPage":{"@id":"https:\/\/regions-snetap-fsu.fr\/pdl\/2019\/12\/08\/pour-nos-retraites-on-continue-les-actions-de-lintersyndicale-en-mayenne\/"},"wordCount":155,"publisher":{"@id":"https:\/\/regions-snetap-fsu.fr\/pdl\/#organization"},"articleSection":["Chateau Gontier","En direct des sections","Laval"],"inLanguage":"fr-FR"},{"@type":"WebPage","@id":"https:\/\/regions-snetap-fsu.fr\/pdl\/2019\/12\/08\/pour-nos-retraites-on-continue-les-actions-de-lintersyndicale-en-mayenne\/","url":"https:\/\/regions-snetap-fsu.fr\/pdl\/2019\/12\/08\/pour-nos-retraites-on-continue-les-actions-de-lintersyndicale-en-mayenne\/","name":"Pour nos retraites, ON CONTINUE. Les actions de l'Intersyndicale en Mayenne - PAYS DE LA LOIRE","isPartOf":{"@id":"https:\/\/regions-snetap-fsu.fr\/pdl\/#website"},"datePublished":"2019-12-07T23:20:11+00:00","breadcrumb":{"@id":"https:\/\/regions-snetap-fsu.fr\/pdl\/2019\/12\/08\/pour-nos-retraites-on-continue-les-actions-de-lintersyndicale-en-mayenne\/#breadcrumb"},"inLanguage":"fr-FR","potentialAction":[{"@type":"ReadAction","target":["https:\/\/regions-snetap-fsu.fr\/pdl\/2019\/12\/08\/pour-nos-retraites-on-continue-les-actions-de-lintersyndicale-en-mayenne\/"]}]},{"@type":"BreadcrumbList","@id":"https:\/\/regions-snetap-fsu.fr\/pdl\/2019\/12\/08\/pour-nos-retraites-on-continue-les-actions-de-lintersyndicale-en-mayenne\/#breadcrumb","itemListElement":[{"@type":"ListItem","position":1,"name":"Accueil","item":"https:\/\/regions-snetap-fsu.fr\/pdl\/"},{"@type":"ListItem","position":2,"name":"Pour nos retraites, ON CONTINUE. Les actions de l&rsquo;Intersyndicale en Mayenne"}]},{"@type":"WebSite","@id":"https:\/\/regions-snetap-fsu.fr\/pdl\/#website","url":"https:\/\/regions-snetap-fsu.fr\/pdl\/","name":"SNETAP-FSU PAYS DE LA LOIRE","description":"SECTION REGIONALE","publisher":{"@id":"https:\/\/regions-snetap-fsu.fr\/pdl\/#organization"},"potentialAction":[{"@type":"SearchAction","target":{"@type":"EntryPoint","urlTemplate":"https:\/\/regions-snetap-fsu.fr\/pdl\/?s={search_term_string}"},"query-input":{"@type":"PropertyValueSpecification","valueRequired":true,"valueName":"search_term_string"}}],"inLanguage":"fr-FR"},{"@type":"Organization","@id":"https:\/\/regions-snetap-fsu.fr\/pdl\/#organization","name":"SNETAP-FSU Pays de Loire","url":"https:\/\/regions-snetap-fsu.fr\/pdl\/","logo":{"@type":"ImageObject","inLanguage":"fr-FR","@id":"https:\/\/regions-snetap-fsu.fr\/pdl\/#\/schema\/logo\/image\/","url":"https:\/\/regions-snetap-fsu.fr\/pdl\/wp-content\/uploads\/sites\/4\/2020\/12\/SNETAP-Logo.jpg","contentUrl":"https:\/\/regions-snetap-fsu.fr\/pdl\/wp-content\/uploads\/sites\/4\/2020\/12\/SNETAP-Logo.jpg","width":464,"height":334,"caption":"SNETAP-FSU Pays de Loire"},"image":{"@id":"https:\/\/regions-snetap-fsu.fr\/pdl\/#\/schema\/logo\/image\/"}},{"@type":"Person","@id":"https:\/\/regions-snetap-fsu.fr\/pdl\/#\/schema\/person\/d4530af043f9e8d27bdd71c468ec93b1","name":"yvigner","image":{"@type":"ImageObject","inLanguage":"fr-FR","@id":"https:\/\/secure.gravatar.com\/avatar\/bc72baa6f2406549aecf77a837bc4f03dbe88472c1762138f868571430a23820?s=96&d=mm&r=g","url":"https:\/\/secure.gravatar.com\/avatar\/bc72baa6f2406549aecf77a837bc4f03dbe88472c1762138f868571430a23820?s=96&d=mm&r=g","contentUrl":"https:\/\/secure.gravatar.com\/avatar\/bc72baa6f2406549aecf77a837bc4f03dbe88472c1762138f868571430a23820?s=96&d=mm&r=g","caption":"yvigner"},"url":"https:\/\/regions-snetap-fsu.fr\/pdl\/author\/yvigner\/"}]}},"_links":{"self":[{"href":"https:\/\/regions-snetap-fsu.fr\/pdl\/wp-json\/wp\/v2\/posts\/3380","targetHints":{"allow":["GET"]}}],"collection":[{"href":"https:\/\/regions-snetap-fsu.fr\/pdl\/wp-json\/wp\/v2\/posts"}],"about":[{"href":"https:\/\/regions-snetap-fsu.fr\/pdl\/wp-json\/wp\/v2\/types\/post"}],"author":[{"embeddable":true,"href":"https:\/\/regions-snetap-fsu.fr\/pdl\/wp-json\/wp\/v2\/users\/2"}],"replies":[{"embeddable":true,"href":"https:\/\/regions-snetap-fsu.fr\/pdl\/wp-json\/wp\/v2\/comments?post=3380"}],"version-history":[{"count":1,"href":"https:\/\/regions-snetap-fsu.fr\/pdl\/wp-json\/wp\/v2\/posts\/3380\/revisions"}],"predecessor-version":[{"id":3381,"href":"https:\/\/regions-snetap-fsu.fr\/pdl\/wp-json\/wp\/v2\/posts\/3380\/revisions\/3381"}],"wp:attachment":[{"href":"https:\/\/regions-snetap-fsu.fr\/pdl\/wp-json\/wp\/v2\/media?parent=3380"}],"wp:term":[{"taxonomy":"category","embeddable":true,"href":"https:\/\/regions-snetap-fsu.fr\/pdl\/wp-json\/wp\/v2\/categories?post=3380"},{"taxonomy":"post_tag","embeddable":true,"href":"https:\/\/regions-snetap-fsu.fr\/pdl\/wp-json\/wp\/v2\/tags?post=3380"},{"taxonomy":"post_folder","embeddable":true,"href":"https:\/\/regions-snetap-fsu.fr\/pdl\/wp-json\/wp\/v2\/post_folder?post=3380"}],"curies":[{"name":"wp","href":"https:\/\/api.w.org\/{rel}","templated":true}]}}