{"id":3377,"date":"2019-11-28T19:19:13","date_gmt":"2019-11-28T18:19:13","guid":{"rendered":"https:\/\/regions-snetap-fsu.fr\/pdl\/?p=3377"},"modified":"2019-11-28T19:19:13","modified_gmt":"2019-11-28T18:19:13","slug":"dialogue-social-et-paradoxes-crea-des-pays-de-la-loire-28-11-19","status":"publish","type":"post","link":"https:\/\/regions-snetap-fsu.fr\/pdl\/2019\/11\/28\/dialogue-social-et-paradoxes-crea-des-pays-de-la-loire-28-11-19\/","title":{"rendered":"Dialogue social et paradoxes&#8230;CREA des Pays de la Loire (28\/11\/19)"},"content":{"rendered":"<p class=\"western\" align=\"center\"><span style=\"color: #231f20;\"><span style=\"font-family: Arial, sans-serif;\"><span style=\"font-size: x-large;\"><b>DECLARATION LIMINAIRE CREA DU 28 NOVEMBRE 2019 par les \u00e9lus <\/b><\/span><\/span><\/span><\/p>\n<p class=\"western\" align=\"center\"><span style=\"color: #231f20;\"><span style=\"font-family: Arial, sans-serif;\"><span style=\"font-size: x-large;\"><b>CGT AGRI-SNETAP FSU et SUD RURAL TERRITOIRES<\/b><\/span><\/span><\/span><\/p>\n<p class=\"western\" align=\"justify\"><span style=\"font-family: Arial, sans-serif; font-size: 12pt;\"><b>DIALOGUE SOCIAL et PARADOXE&#8230;Exemple 1<\/b><\/span><\/p>\n<p class=\"western\" align=\"justify\"><span style=\"font-family: Arial, sans-serif; font-size: 12pt;\">Monsieur le Directeur r\u00e9gional, nous souhaiterions commencer notre d\u00e9claration en pr\u00e9ambule de ce CREA des Pays des Loire par un soutien inconditionnel et appuy\u00e9 \u00e0 nos coll\u00e8gues et camarades des \u00e9tablissements de la r\u00e9gion Centre Val de Loire qui sont \u00e0 l\u2019heure actuelle rassembl\u00e9s devant le lyc\u00e9e agricole de TOURS FONDETTES dont ils se voient interdire l\u2019entr\u00e9e. <\/span><\/p>\n<p class=\"western\" align=\"justify\"><span style=\"font-family: Arial, sans-serif; font-size: 12pt;\">Pourtant avec des \u00e9lus du territoires, des repr\u00e9sentants de la profession, des \u00e9lus du Conseil d\u2019administration de l\u2019\u00e9tablissement ils avaient pr\u00e9vu d\u2019\u00e9voquer, dans une table ronde comme le Comit\u00e9 de d\u00e9fense et de promotion de l\u2019enseignement agricole en a organis\u00e9 tant, des th\u00e8mes qui doivent toutes et tous nous interpeller : renouvellement des g\u00e9n\u00e9rations, agro-\u00e9cologie, moyens pour l\u2019enseignement agricole&#8230;<\/span><\/p>\n<p class=\"western\" align=\"justify\"><span style=\"font-size: 12pt;\"><span style=\"color: #000000;\"><span style=\"font-family: Arial, sans-serif;\">Nous d\u00e9non\u00e7ons avec la plus grande vigueur, la<\/span><\/span><span style=\"color: #000000;\"><span style=\"font-family: Arial, sans-serif;\"> d\u00e9cision unilat\u00e9rale <\/span><span style=\"font-family: Arial, sans-serif;\">du Minist\u00e8re, <\/span><span style=\"font-family: Arial, sans-serif;\">par le DRAAF Centre,<\/span><span style=\"font-family: Arial, sans-serif;\"> d\u2019interdire \u00e0 des repr\u00e9sentants du personnel l\u2019acc\u00e8s \u00e0 un \u00e9tablissement. Cela<\/span><span style=\"font-family: Arial, sans-serif;\"> va clairement \u00e0 l\u2019encontre des libert\u00e9s syndicales et des valeurs d\u00e9mocratiques, portant <\/span><span style=\"font-family: Arial, sans-serif;\">une nouvelle fois <\/span><span style=\"font-family: Arial, sans-serif;\">atteinte au dialogue social.<\/span><\/span><\/span><\/p>\n<p class=\"western\" align=\"justify\"><span style=\"font-size: 12pt;\"><span style=\"color: #000000;\"><span style=\"font-family: Arial, sans-serif;\">Alors que le Ministre de l\u2019Agriculture, a re\u00e7u hier ET \u00e0 juste titre les agriculteurs mobilis\u00e9s <\/span><\/span><span style=\"color: #000000;\"><span style=\"font-family: Arial, sans-serif;\">C<\/span><span style=\"font-family: Arial, sans-serif;\">ontre l\u2019agribashing, <\/span><span style=\"font-family: Arial, sans-serif;\">C<\/span><span style=\"font-family: Arial, sans-serif;\">ontre <\/span><span style=\"font-family: Arial, sans-serif;\">les <\/span><span style=\"font-family: Arial, sans-serif;\">trait\u00e9s <\/span><span style=\"font-family: Arial, sans-serif;\">pr\u00f4nant<\/span><span style=\"font-family: Arial, sans-serif;\"> un libre \u00e9change incontrol\u00e9 et <\/span><span style=\"font-family: Arial, sans-serif;\">P<\/span><span style=\"font-family: Arial, sans-serif;\">our des revenus d\u00e9cents, au m\u00eame moment il interdit le d\u00e9bat, les \u00e9changes <\/span><span style=\"font-family: Arial, sans-serif;\">pour d\u2019autres syndicalistes, d\u2019autres repr\u00e9sentants. <\/span><\/span><span style=\"color: #000000;\"><span style=\"font-family: Arial, sans-serif;\">Ce durcissement de position traduirait-il la peur du ministre de l\u2019Agriculture d\u2019affronter le dialogue <\/span><span style=\"font-family: Arial, sans-serif;\">avec certains <\/span><span style=\"font-family: Arial, sans-serif;\">et <\/span><span style=\"font-family: Arial, sans-serif;\">de voir une nouvelle fois d\u00e9nonc\u00e9es <\/span><span style=\"font-family: Arial, sans-serif;\">les contradictions <\/span><span style=\"font-family: Arial, sans-serif;\">de sa propre politique<\/span><span style=\"font-family: Arial, sans-serif;\">\u00a0?<\/span><\/span><\/span><\/p>\n<p class=\"western\" align=\"justify\"><span style=\"font-family: Arial, sans-serif; font-size: 12pt;\"><b>DIALOGUE SOCIAL et PARADOXE&#8230;Exemple 2<\/b><\/span><\/p>\n<p class=\"western\" align=\"justify\"><span style=\"font-size: 12pt;\"><span style=\"color: #000000;\"><span style=\"font-family: Arial, sans-serif;\">Alors que le gouvernement n\u2019a de cesse de parler de dialogue social, il ose m\u00eame le terme de justice sociale, il n\u2019a de cesse dans les m\u00e9dias de dispenser des contre-v\u00e9rit\u00e9s sur la situation de notre syst\u00e8me de retraites. Ainsi, il veut faire passer des choix politiques, qui sont les siens, pour des v\u00e9rit\u00e9s absolues. Ces v\u00e9rit\u00e9s absolues nous serons nombreuses et nombreux , salari\u00e9s du Public comme du Priv\u00e9 \u00e0 les d\u00e9noncer dans la rue le 5 d\u00e9cembre prochain. Juste un exemple, p<\/span><\/span><span style=\"color: #000000;\"><span style=\"font-family: Arial, sans-serif;\">our l<\/span><\/span><span style=\"color: #000000;\"><span style=\"font-family: Arial, sans-serif;\">es agents de la<\/span><\/span><span style=\"color: #000000;\"><span style=\"font-family: Arial, sans-serif;\"> fonction publique, le mode de calcul pr\u00e9vu, sur l\u2019ensemble de la carri\u00e8re en int\u00e9grant les primes, serait extr\u00eamement p\u00e9nalisant pour l\u2019\u00e9crasante majorit\u00e9 des personnels de notre minist\u00e8re, dont les femmes particuli\u00e8rement.<\/span><\/span> <\/span><\/p>\n<p class=\"western\" align=\"justify\"><span style=\"font-family: Arial, sans-serif; font-size: 12pt;\"><b>DIALOGUE SOCIAL et PARADOXE&#8230;Exemple 3<\/b><\/span><\/p>\n<p class=\"western\" align=\"justify\"><span style=\"font-family: Arial, sans-serif; font-size: 12pt;\">Enfin, comment comprendre cette politique minist\u00e9rielle de l\u2019Aventure du Vivant et de ses 200 000 \u00e9l\u00e8ves dans l\u2019enseignement agricole, si non comme un simple affichage\u00a0: <\/span><\/p>\n<ul>\n<li>\n<p class=\"western\" align=\"justify\"><span style=\"font-family: Arial, sans-serif; font-size: 12pt;\">quand&#8230;les DGH continuent de baisser<\/span><\/p>\n<\/li>\n<li>\n<p class=\"western\" align=\"justify\"><span style=\"font-family: Arial, sans-serif; font-size: 12pt;\">quand les suppressions de postes se poursuivent<\/span><\/p>\n<\/li>\n<li>\n<p class=\"western\" align=\"justify\"><span style=\"font-family: Arial, sans-serif; font-size: 12pt;\">quand cette campagne de communication n\u2019a aucune traduction r\u00e9gionale, locale<\/span><\/p>\n<\/li>\n<li>\n<p class=\"western\" align=\"justify\"><span style=\"font-size: 12pt;\"><span style=\"color: #000000;\"><span style=\"font-family: Arial, sans-serif;\">q<\/span><\/span><span style=\"color: #000000;\"><span style=\"font-family: Arial, sans-serif;\">uand l\u2019\u00e9volution de la carte scolaire de l\u2019enseignement agricole public <\/span><\/span><span style=\"color: #000000;\"><span style=\"font-family: Arial, sans-serif;\">est r\u00e9duit \u00e0 sa plus simple expression.<\/span><\/span><\/span><\/p>\n<\/li>\n<\/ul>\n<p class=\"western\" align=\"justify\"><span style=\"font-family: Arial, sans-serif; font-size: 12pt;\">Nous repr\u00e9sentants des personnels de l\u2019enseignement agricole public, nous continuerons de lutter pour que ces beaux discours se traduisent concr\u00e8tement pour l\u2019am\u00e9lioration des conditions d\u2019apprentissage des \u00e9l\u00e8ves et de travail de tous les agents. <\/span><\/p>\n<p class=\"western\" align=\"right\"><span style=\"font-family: Arial, sans-serif; font-size: 12pt;\"><span style=\"color: #000000;\">NANTES, le 28\/11\/10<\/span><\/span><\/p>\n<p align=\"right\">\n","protected":false},"excerpt":{"rendered":"<p>DECLARATION LIMINAIRE CREA DU 28 NOVEMBRE 2019 par les \u00e9lus CGT AGRI-SNETAP FSU et SUD RURAL TERRITOIRES DIALOGUE SOCIAL et PARADOXE&#8230;Exemple 1 Monsieur le Directeur r\u00e9gional, nous souhaiterions commencer notre d\u00e9claration en pr\u00e9ambule de ce CREA des Pays des Loire par un soutien inconditionnel et appuy\u00e9 \u00e0 nos coll\u00e8gues et camarades des \u00e9tablissements de la [&hellip;]<\/p>\n","protected":false},"author":2,"featured_media":0,"comment_status":"closed","ping_status":"closed","sticky":false,"template":"","format":"standard","meta":{"ocean_post_layout":"","ocean_both_sidebars_style":"","ocean_both_sidebars_content_width":0,"ocean_both_sidebars_sidebars_width":0,"ocean_sidebar":"","ocean_second_sidebar":"","ocean_disable_margins":"enable","ocean_add_body_class":"","ocean_shortcode_before_top_bar":"","ocean_shortcode_after_top_bar":"","ocean_shortcode_before_header":"","ocean_shortcode_after_header":"","ocean_has_shortcode":"","ocean_shortcode_after_title":"","ocean_shortcode_before_footer_widgets":"","ocean_shortcode_after_footer_widgets":"","ocean_shortcode_before_footer_bottom":"","ocean_shortcode_after_footer_bottom":"","ocean_display_top_bar":"default","ocean_display_header":"default","ocean_header_style":"","ocean_center_header_left_menu":"","ocean_custom_header_template":"","ocean_custom_logo":0,"ocean_custom_retina_logo":0,"ocean_custom_logo_max_width":0,"ocean_custom_logo_tablet_max_width":0,"ocean_custom_logo_mobile_max_width":0,"ocean_custom_logo_max_height":0,"ocean_custom_logo_tablet_max_height":0,"ocean_custom_logo_mobile_max_height":0,"ocean_header_custom_menu":"","ocean_menu_typo_font_family":"","ocean_menu_typo_font_subset":"","ocean_menu_typo_font_size":0,"ocean_menu_typo_font_size_tablet":0,"ocean_menu_typo_font_size_mobile":0,"ocean_menu_typo_font_size_unit":"px","ocean_menu_typo_font_weight":"","ocean_menu_typo_font_weight_tablet":"","ocean_menu_typo_font_weight_mobile":"","ocean_menu_typo_transform":"","ocean_menu_typo_transform_tablet":"","ocean_menu_typo_transform_mobile":"","ocean_menu_typo_line_height":0,"ocean_menu_typo_line_height_tablet":0,"ocean_menu_typo_line_height_mobile":0,"ocean_menu_typo_line_height_unit":"","ocean_menu_typo_spacing":0,"ocean_menu_typo_spacing_tablet":0,"ocean_menu_typo_spacing_mobile":0,"ocean_menu_typo_spacing_unit":"","ocean_menu_link_color":"","ocean_menu_link_color_hover":"","ocean_menu_link_color_active":"","ocean_menu_link_background":"","ocean_menu_link_hover_background":"","ocean_menu_link_active_background":"","ocean_menu_social_links_bg":"","ocean_menu_social_hover_links_bg":"","ocean_menu_social_links_color":"","ocean_menu_social_hover_links_color":"","ocean_disable_title":"default","ocean_disable_heading":"default","ocean_post_title":"","ocean_post_subheading":"","ocean_post_title_style":"","ocean_post_title_background_color":"","ocean_post_title_background":0,"ocean_post_title_bg_image_position":"","ocean_post_title_bg_image_attachment":"","ocean_post_title_bg_image_repeat":"","ocean_post_title_bg_image_size":"","ocean_post_title_height":0,"ocean_post_title_bg_overlay":0.5,"ocean_post_title_bg_overlay_color":"","ocean_disable_breadcrumbs":"default","ocean_breadcrumbs_color":"","ocean_breadcrumbs_separator_color":"","ocean_breadcrumbs_links_color":"","ocean_breadcrumbs_links_hover_color":"","ocean_display_footer_widgets":"default","ocean_display_footer_bottom":"default","ocean_custom_footer_template":"","ocean_post_oembed":"","ocean_post_self_hosted_media":"","ocean_post_video_embed":"","ocean_link_format":"","ocean_link_format_target":"self","ocean_quote_format":"","ocean_quote_format_link":"post","ocean_gallery_link_images":"on","ocean_gallery_id":[],"footnotes":""},"categories":[31],"tags":[],"post_folder":[],"class_list":["post-3377","post","type-post","status-publish","format-standard","hentry","category-crea","entry"],"yoast_head":"<!-- This site is optimized with the Yoast SEO plugin v27.4 - https:\/\/yoast.com\/product\/yoast-seo-wordpress\/ -->\n<title>Dialogue social et paradoxes...CREA des Pays de la Loire (28\/11\/19) - PAYS DE LA LOIRE<\/title>\n<meta name=\"robots\" content=\"index, follow, max-snippet:-1, max-image-preview:large, max-video-preview:-1\" \/>\n<link rel=\"canonical\" href=\"https:\/\/regions-snetap-fsu.fr\/pdl\/2019\/11\/28\/dialogue-social-et-paradoxes-crea-des-pays-de-la-loire-28-11-19\/\" \/>\n<meta property=\"og:locale\" content=\"fr_FR\" \/>\n<meta property=\"og:type\" content=\"article\" \/>\n<meta property=\"og:title\" content=\"Dialogue social et paradoxes...CREA des Pays de la Loire (28\/11\/19) - PAYS DE LA LOIRE\" \/>\n<meta property=\"og:description\" content=\"DECLARATION LIMINAIRE CREA DU 28 NOVEMBRE 2019 par les \u00e9lus CGT AGRI-SNETAP FSU et SUD RURAL TERRITOIRES DIALOGUE SOCIAL et PARADOXE&#8230;Exemple 1 Monsieur le Directeur r\u00e9gional, nous souhaiterions commencer notre d\u00e9claration en pr\u00e9ambule de ce CREA des Pays des Loire par un soutien inconditionnel et appuy\u00e9 \u00e0 nos coll\u00e8gues et camarades des \u00e9tablissements de la [&hellip;]\" \/>\n<meta property=\"og:url\" content=\"https:\/\/regions-snetap-fsu.fr\/pdl\/2019\/11\/28\/dialogue-social-et-paradoxes-crea-des-pays-de-la-loire-28-11-19\/\" \/>\n<meta property=\"og:site_name\" content=\"PAYS DE LA LOIRE\" \/>\n<meta property=\"article:published_time\" content=\"2019-11-28T18:19:13+00:00\" \/>\n<meta name=\"author\" content=\"yvigner\" \/>\n<meta name=\"twitter:card\" content=\"summary_large_image\" \/>\n<meta name=\"twitter:label1\" content=\"\u00c9crit par\" \/>\n\t<meta name=\"twitter:data1\" content=\"yvigner\" \/>\n\t<meta name=\"twitter:label2\" content=\"Dur\u00e9e de lecture estim\u00e9e\" \/>\n\t<meta name=\"twitter:data2\" content=\"3 minutes\" \/>\n<script type=\"application\/ld+json\" class=\"yoast-schema-graph\">{\"@context\":\"https:\\\/\\\/schema.org\",\"@graph\":[{\"@type\":\"Article\",\"@id\":\"https:\\\/\\\/regions-snetap-fsu.fr\\\/pdl\\\/2019\\\/11\\\/28\\\/dialogue-social-et-paradoxes-crea-des-pays-de-la-loire-28-11-19\\\/#article\",\"isPartOf\":{\"@id\":\"https:\\\/\\\/regions-snetap-fsu.fr\\\/pdl\\\/2019\\\/11\\\/28\\\/dialogue-social-et-paradoxes-crea-des-pays-de-la-loire-28-11-19\\\/\"},\"author\":{\"name\":\"yvigner\",\"@id\":\"https:\\\/\\\/regions-snetap-fsu.fr\\\/pdl\\\/#\\\/schema\\\/person\\\/d4530af043f9e8d27bdd71c468ec93b1\"},\"headline\":\"Dialogue social et paradoxes&#8230;CREA des Pays de la Loire (28\\\/11\\\/19)\",\"datePublished\":\"2019-11-28T18:19:13+00:00\",\"mainEntityOfPage\":{\"@id\":\"https:\\\/\\\/regions-snetap-fsu.fr\\\/pdl\\\/2019\\\/11\\\/28\\\/dialogue-social-et-paradoxes-crea-des-pays-de-la-loire-28-11-19\\\/\"},\"wordCount\":578,\"publisher\":{\"@id\":\"https:\\\/\\\/regions-snetap-fsu.fr\\\/pdl\\\/#organization\"},\"articleSection\":[\"CREA\"],\"inLanguage\":\"fr-FR\"},{\"@type\":\"WebPage\",\"@id\":\"https:\\\/\\\/regions-snetap-fsu.fr\\\/pdl\\\/2019\\\/11\\\/28\\\/dialogue-social-et-paradoxes-crea-des-pays-de-la-loire-28-11-19\\\/\",\"url\":\"https:\\\/\\\/regions-snetap-fsu.fr\\\/pdl\\\/2019\\\/11\\\/28\\\/dialogue-social-et-paradoxes-crea-des-pays-de-la-loire-28-11-19\\\/\",\"name\":\"Dialogue social et paradoxes...CREA des Pays de la Loire (28\\\/11\\\/19) - PAYS DE LA LOIRE\",\"isPartOf\":{\"@id\":\"https:\\\/\\\/regions-snetap-fsu.fr\\\/pdl\\\/#website\"},\"datePublished\":\"2019-11-28T18:19:13+00:00\",\"breadcrumb\":{\"@id\":\"https:\\\/\\\/regions-snetap-fsu.fr\\\/pdl\\\/2019\\\/11\\\/28\\\/dialogue-social-et-paradoxes-crea-des-pays-de-la-loire-28-11-19\\\/#breadcrumb\"},\"inLanguage\":\"fr-FR\",\"potentialAction\":[{\"@type\":\"ReadAction\",\"target\":[\"https:\\\/\\\/regions-snetap-fsu.fr\\\/pdl\\\/2019\\\/11\\\/28\\\/dialogue-social-et-paradoxes-crea-des-pays-de-la-loire-28-11-19\\\/\"]}]},{\"@type\":\"BreadcrumbList\",\"@id\":\"https:\\\/\\\/regions-snetap-fsu.fr\\\/pdl\\\/2019\\\/11\\\/28\\\/dialogue-social-et-paradoxes-crea-des-pays-de-la-loire-28-11-19\\\/#breadcrumb\",\"itemListElement\":[{\"@type\":\"ListItem\",\"position\":1,\"name\":\"Accueil\",\"item\":\"https:\\\/\\\/regions-snetap-fsu.fr\\\/pdl\\\/\"},{\"@type\":\"ListItem\",\"position\":2,\"name\":\"Dialogue social et paradoxes&#8230;CREA des Pays de la Loire (28\\\/11\\\/19)\"}]},{\"@type\":\"WebSite\",\"@id\":\"https:\\\/\\\/regions-snetap-fsu.fr\\\/pdl\\\/#website\",\"url\":\"https:\\\/\\\/regions-snetap-fsu.fr\\\/pdl\\\/\",\"name\":\"SNETAP-FSU PAYS DE LA LOIRE\",\"description\":\"SECTION REGIONALE\",\"publisher\":{\"@id\":\"https:\\\/\\\/regions-snetap-fsu.fr\\\/pdl\\\/#organization\"},\"potentialAction\":[{\"@type\":\"SearchAction\",\"target\":{\"@type\":\"EntryPoint\",\"urlTemplate\":\"https:\\\/\\\/regions-snetap-fsu.fr\\\/pdl\\\/?s={search_term_string}\"},\"query-input\":{\"@type\":\"PropertyValueSpecification\",\"valueRequired\":true,\"valueName\":\"search_term_string\"}}],\"inLanguage\":\"fr-FR\"},{\"@type\":\"Organization\",\"@id\":\"https:\\\/\\\/regions-snetap-fsu.fr\\\/pdl\\\/#organization\",\"name\":\"SNETAP-FSU Pays de Loire\",\"url\":\"https:\\\/\\\/regions-snetap-fsu.fr\\\/pdl\\\/\",\"logo\":{\"@type\":\"ImageObject\",\"inLanguage\":\"fr-FR\",\"@id\":\"https:\\\/\\\/regions-snetap-fsu.fr\\\/pdl\\\/#\\\/schema\\\/logo\\\/image\\\/\",\"url\":\"https:\\\/\\\/regions-snetap-fsu.fr\\\/pdl\\\/wp-content\\\/uploads\\\/sites\\\/4\\\/2020\\\/12\\\/SNETAP-Logo.jpg\",\"contentUrl\":\"https:\\\/\\\/regions-snetap-fsu.fr\\\/pdl\\\/wp-content\\\/uploads\\\/sites\\\/4\\\/2020\\\/12\\\/SNETAP-Logo.jpg\",\"width\":464,\"height\":334,\"caption\":\"SNETAP-FSU Pays de Loire\"},\"image\":{\"@id\":\"https:\\\/\\\/regions-snetap-fsu.fr\\\/pdl\\\/#\\\/schema\\\/logo\\\/image\\\/\"}},{\"@type\":\"Person\",\"@id\":\"https:\\\/\\\/regions-snetap-fsu.fr\\\/pdl\\\/#\\\/schema\\\/person\\\/d4530af043f9e8d27bdd71c468ec93b1\",\"name\":\"yvigner\",\"image\":{\"@type\":\"ImageObject\",\"inLanguage\":\"fr-FR\",\"@id\":\"https:\\\/\\\/secure.gravatar.com\\\/avatar\\\/bc72baa6f2406549aecf77a837bc4f03dbe88472c1762138f868571430a23820?s=96&d=mm&r=g\",\"url\":\"https:\\\/\\\/secure.gravatar.com\\\/avatar\\\/bc72baa6f2406549aecf77a837bc4f03dbe88472c1762138f868571430a23820?s=96&d=mm&r=g\",\"contentUrl\":\"https:\\\/\\\/secure.gravatar.com\\\/avatar\\\/bc72baa6f2406549aecf77a837bc4f03dbe88472c1762138f868571430a23820?s=96&d=mm&r=g\",\"caption\":\"yvigner\"},\"url\":\"https:\\\/\\\/regions-snetap-fsu.fr\\\/pdl\\\/author\\\/yvigner\\\/\"}]}<\/script>\n<!-- \/ Yoast SEO plugin. -->","yoast_head_json":{"title":"Dialogue social et paradoxes...CREA des Pays de la Loire (28\/11\/19) - PAYS DE LA LOIRE","robots":{"index":"index","follow":"follow","max-snippet":"max-snippet:-1","max-image-preview":"max-image-preview:large","max-video-preview":"max-video-preview:-1"},"canonical":"https:\/\/regions-snetap-fsu.fr\/pdl\/2019\/11\/28\/dialogue-social-et-paradoxes-crea-des-pays-de-la-loire-28-11-19\/","og_locale":"fr_FR","og_type":"article","og_title":"Dialogue social et paradoxes...CREA des Pays de la Loire (28\/11\/19) - PAYS DE LA LOIRE","og_description":"DECLARATION LIMINAIRE CREA DU 28 NOVEMBRE 2019 par les \u00e9lus CGT AGRI-SNETAP FSU et SUD RURAL TERRITOIRES DIALOGUE SOCIAL et PARADOXE&#8230;Exemple 1 Monsieur le Directeur r\u00e9gional, nous souhaiterions commencer notre d\u00e9claration en pr\u00e9ambule de ce CREA des Pays des Loire par un soutien inconditionnel et appuy\u00e9 \u00e0 nos coll\u00e8gues et camarades des \u00e9tablissements de la [&hellip;]","og_url":"https:\/\/regions-snetap-fsu.fr\/pdl\/2019\/11\/28\/dialogue-social-et-paradoxes-crea-des-pays-de-la-loire-28-11-19\/","og_site_name":"PAYS DE LA LOIRE","article_published_time":"2019-11-28T18:19:13+00:00","author":"yvigner","twitter_card":"summary_large_image","twitter_misc":{"\u00c9crit par":"yvigner","Dur\u00e9e de lecture estim\u00e9e":"3 minutes"},"schema":{"@context":"https:\/\/schema.org","@graph":[{"@type":"Article","@id":"https:\/\/regions-snetap-fsu.fr\/pdl\/2019\/11\/28\/dialogue-social-et-paradoxes-crea-des-pays-de-la-loire-28-11-19\/#article","isPartOf":{"@id":"https:\/\/regions-snetap-fsu.fr\/pdl\/2019\/11\/28\/dialogue-social-et-paradoxes-crea-des-pays-de-la-loire-28-11-19\/"},"author":{"name":"yvigner","@id":"https:\/\/regions-snetap-fsu.fr\/pdl\/#\/schema\/person\/d4530af043f9e8d27bdd71c468ec93b1"},"headline":"Dialogue social et paradoxes&#8230;CREA des Pays de la Loire (28\/11\/19)","datePublished":"2019-11-28T18:19:13+00:00","mainEntityOfPage":{"@id":"https:\/\/regions-snetap-fsu.fr\/pdl\/2019\/11\/28\/dialogue-social-et-paradoxes-crea-des-pays-de-la-loire-28-11-19\/"},"wordCount":578,"publisher":{"@id":"https:\/\/regions-snetap-fsu.fr\/pdl\/#organization"},"articleSection":["CREA"],"inLanguage":"fr-FR"},{"@type":"WebPage","@id":"https:\/\/regions-snetap-fsu.fr\/pdl\/2019\/11\/28\/dialogue-social-et-paradoxes-crea-des-pays-de-la-loire-28-11-19\/","url":"https:\/\/regions-snetap-fsu.fr\/pdl\/2019\/11\/28\/dialogue-social-et-paradoxes-crea-des-pays-de-la-loire-28-11-19\/","name":"Dialogue social et paradoxes...CREA des Pays de la Loire (28\/11\/19) - PAYS DE LA LOIRE","isPartOf":{"@id":"https:\/\/regions-snetap-fsu.fr\/pdl\/#website"},"datePublished":"2019-11-28T18:19:13+00:00","breadcrumb":{"@id":"https:\/\/regions-snetap-fsu.fr\/pdl\/2019\/11\/28\/dialogue-social-et-paradoxes-crea-des-pays-de-la-loire-28-11-19\/#breadcrumb"},"inLanguage":"fr-FR","potentialAction":[{"@type":"ReadAction","target":["https:\/\/regions-snetap-fsu.fr\/pdl\/2019\/11\/28\/dialogue-social-et-paradoxes-crea-des-pays-de-la-loire-28-11-19\/"]}]},{"@type":"BreadcrumbList","@id":"https:\/\/regions-snetap-fsu.fr\/pdl\/2019\/11\/28\/dialogue-social-et-paradoxes-crea-des-pays-de-la-loire-28-11-19\/#breadcrumb","itemListElement":[{"@type":"ListItem","position":1,"name":"Accueil","item":"https:\/\/regions-snetap-fsu.fr\/pdl\/"},{"@type":"ListItem","position":2,"name":"Dialogue social et paradoxes&#8230;CREA des Pays de la Loire (28\/11\/19)"}]},{"@type":"WebSite","@id":"https:\/\/regions-snetap-fsu.fr\/pdl\/#website","url":"https:\/\/regions-snetap-fsu.fr\/pdl\/","name":"SNETAP-FSU PAYS DE LA LOIRE","description":"SECTION REGIONALE","publisher":{"@id":"https:\/\/regions-snetap-fsu.fr\/pdl\/#organization"},"potentialAction":[{"@type":"SearchAction","target":{"@type":"EntryPoint","urlTemplate":"https:\/\/regions-snetap-fsu.fr\/pdl\/?s={search_term_string}"},"query-input":{"@type":"PropertyValueSpecification","valueRequired":true,"valueName":"search_term_string"}}],"inLanguage":"fr-FR"},{"@type":"Organization","@id":"https:\/\/regions-snetap-fsu.fr\/pdl\/#organization","name":"SNETAP-FSU Pays de Loire","url":"https:\/\/regions-snetap-fsu.fr\/pdl\/","logo":{"@type":"ImageObject","inLanguage":"fr-FR","@id":"https:\/\/regions-snetap-fsu.fr\/pdl\/#\/schema\/logo\/image\/","url":"https:\/\/regions-snetap-fsu.fr\/pdl\/wp-content\/uploads\/sites\/4\/2020\/12\/SNETAP-Logo.jpg","contentUrl":"https:\/\/regions-snetap-fsu.fr\/pdl\/wp-content\/uploads\/sites\/4\/2020\/12\/SNETAP-Logo.jpg","width":464,"height":334,"caption":"SNETAP-FSU Pays de Loire"},"image":{"@id":"https:\/\/regions-snetap-fsu.fr\/pdl\/#\/schema\/logo\/image\/"}},{"@type":"Person","@id":"https:\/\/regions-snetap-fsu.fr\/pdl\/#\/schema\/person\/d4530af043f9e8d27bdd71c468ec93b1","name":"yvigner","image":{"@type":"ImageObject","inLanguage":"fr-FR","@id":"https:\/\/secure.gravatar.com\/avatar\/bc72baa6f2406549aecf77a837bc4f03dbe88472c1762138f868571430a23820?s=96&d=mm&r=g","url":"https:\/\/secure.gravatar.com\/avatar\/bc72baa6f2406549aecf77a837bc4f03dbe88472c1762138f868571430a23820?s=96&d=mm&r=g","contentUrl":"https:\/\/secure.gravatar.com\/avatar\/bc72baa6f2406549aecf77a837bc4f03dbe88472c1762138f868571430a23820?s=96&d=mm&r=g","caption":"yvigner"},"url":"https:\/\/regions-snetap-fsu.fr\/pdl\/author\/yvigner\/"}]}},"_links":{"self":[{"href":"https:\/\/regions-snetap-fsu.fr\/pdl\/wp-json\/wp\/v2\/posts\/3377","targetHints":{"allow":["GET"]}}],"collection":[{"href":"https:\/\/regions-snetap-fsu.fr\/pdl\/wp-json\/wp\/v2\/posts"}],"about":[{"href":"https:\/\/regions-snetap-fsu.fr\/pdl\/wp-json\/wp\/v2\/types\/post"}],"author":[{"embeddable":true,"href":"https:\/\/regions-snetap-fsu.fr\/pdl\/wp-json\/wp\/v2\/users\/2"}],"replies":[{"embeddable":true,"href":"https:\/\/regions-snetap-fsu.fr\/pdl\/wp-json\/wp\/v2\/comments?post=3377"}],"version-history":[{"count":1,"href":"https:\/\/regions-snetap-fsu.fr\/pdl\/wp-json\/wp\/v2\/posts\/3377\/revisions"}],"predecessor-version":[{"id":3378,"href":"https:\/\/regions-snetap-fsu.fr\/pdl\/wp-json\/wp\/v2\/posts\/3377\/revisions\/3378"}],"wp:attachment":[{"href":"https:\/\/regions-snetap-fsu.fr\/pdl\/wp-json\/wp\/v2\/media?parent=3377"}],"wp:term":[{"taxonomy":"category","embeddable":true,"href":"https:\/\/regions-snetap-fsu.fr\/pdl\/wp-json\/wp\/v2\/categories?post=3377"},{"taxonomy":"post_tag","embeddable":true,"href":"https:\/\/regions-snetap-fsu.fr\/pdl\/wp-json\/wp\/v2\/tags?post=3377"},{"taxonomy":"post_folder","embeddable":true,"href":"https:\/\/regions-snetap-fsu.fr\/pdl\/wp-json\/wp\/v2\/post_folder?post=3377"}],"curies":[{"name":"wp","href":"https:\/\/api.w.org\/{rel}","templated":true}]}}