{"id":3362,"date":"2019-11-11T17:59:42","date_gmt":"2019-11-11T16:59:42","guid":{"rendered":"https:\/\/regions-snetap-fsu.fr\/pdl\/?p=3362"},"modified":"2019-11-11T18:02:13","modified_gmt":"2019-11-11T17:02:13","slug":"ctrea-extraordinaire-un-ctrea-qui-a-au-moins-permis-de-soulever-les-vrais-problemes","status":"publish","type":"post","link":"https:\/\/regions-snetap-fsu.fr\/pdl\/2019\/11\/11\/ctrea-extraordinaire-un-ctrea-qui-a-au-moins-permis-de-soulever-les-vrais-problemes\/","title":{"rendered":"CTREA extraordinaire&#8230;un CTREA qui a, au moins, permis de soulever les vrais probl\u00e8mes"},"content":{"rendered":"<p class=\"western\" align=\"justify\"><span style=\"color: #000000; font-size: 12pt;\"><span style=\"font-family: Arial, sans-serif;\">Le 3 octobre dernier a eu lieu, \u00e0 la demande de la DGER et comme dans toutes les r\u00e9gions, un CTREA extraordinaire qui \u00e9tait cens\u00e9 faire le point sur les conditions de rentr\u00e9e (et l\u2019application de <\/span><span style=\"text-decoration: line-through;\"><span style=\"font-family: Arial, sans-serif;\">la r\u00e9forme<\/span><\/span><span style=\"font-family: Arial, sans-serif;\"> la suppression des seuils) et de la r\u00e9partition des 6000h de DGH suppl\u00e9mentaires obtenues nationalement suite aux mobilisations de juin-juillet dernier. Sur ce ce dernier point la discussion a \u00e9t\u00e9 rapide compte tenu de la non attribution d\u2019heures \u00e0 la r\u00e9gion des Pays de la Loire&#8230;<\/span><\/span><\/p>\n<p class=\"western\" align=\"justify\"><span style=\"font-family: Arial, sans-serif; color: #000000; font-size: 12pt;\"><b>Recruter plus d\u2019\u00e9l\u00e8ves&#8230;continuer \u00e0 faire bien notre travail&#8230;avec toujours moins de DGH\u00a0!!!<\/b><\/span><\/p>\n<p class=\"western\" align=\"justify\"><span style=\"font-family: Arial, sans-serif; color: #000000; font-size: 12pt;\">L\u2019objectif du Ministre est clair&#8230;augmenter les effectifs de l\u2019enseignement agricole (pour atteindre 200 000 \u00e9l\u00e8ves) MAIS en supprimant des postes (-35 pr\u00e9vus \u00e0 la rentr\u00e9e prochaine suite aux 25 supprim\u00e9s \u00e0 cette rentr\u00e9e) et en baissant la DGH (-2\u00a0% \u00e0 cette rentr\u00e9e). Si cette rentr\u00e9e est clairement marqu\u00e9e par cette aust\u00e9rit\u00e9 programm\u00e9e, la transcription dans les \u00e9tablissements peut \u00eatre variable (plus ou moins ressentie). Pourtant clairement, on verra ici une option\/section sportive qui n\u2019est toujours pas r\u00e9ellement financ\u00e9e (par exemple, il manque parfois 6h par semaine pour certains \u00e9tablissements!). O\u00f9 on verra ailleurs, des d\u00e9doublements qui n\u2019existent plus en physique chimie ou en ESC\u2026<\/span><\/p>\n<p class=\"western\" align=\"justify\"><span style=\"color: #000000; font-size: 12pt;\"><span style=\"font-family: Arial, sans-serif;\"><i><b>Ce qui marque aussi \u00e0 cette rentr\u00e9e, c\u2019est l\u2019opacit\u00e9, la non compr\u00e9hension-connaissance de la DGH r\u00e9elle. Vos \u00e9lus SNETAP-CGT et SUD ont ainsi demand\u00e9 \u00e0 ce que soit organis\u00e9e dans chaque \u00e9tablissement une r\u00e9union pl\u00e9ni\u00e8re de pr\u00e9sentation de la r\u00e9partition de la DGH<\/b><\/i><\/span><span style=\"font-family: Arial, sans-serif;\">. <\/span><\/span><\/p>\n<p class=\"western\" align=\"justify\"><span style=\"font-family: Arial, sans-serif; color: #000000; font-size: 12pt;\"><b>Des effectifs \u00e0 la rentr\u00e9e qui inqui\u00e8tent<\/b><\/span><\/p>\n<p class=\"western\" align=\"justify\"><span style=\"font-family: Arial, sans-serif; color: #000000; font-size: 12pt;\">A cette rentr\u00e9e, l\u2019enseignement agricole public des Pays de la Loire comptait 3536 \u00e9l\u00e8ves contre 3522 \u00e9l\u00e8ves l\u2019an pass\u00e9 (+ 0,4%), soit un taux d\u2019occupation\u00a0: 81\u00a0% (diff\u00e9rentiel places\/\u00e9l\u00e8ves pr\u00e9sents). Mais cette apparente stabilit\u00e9 masque d\u2019importantes disparit\u00e9s. On constate notamment une perte d\u2019\u00e9l\u00e8ves cons\u00e9quente en fili\u00e8re GT, en BTS et 2nd Pro. Des chiffres pr\u00e9occupants car cette baisse (environ 50 \u00e9l\u00e8ves) se fait en classe entrante. De plus, on a constat\u00e9 \u00e0 cette rentr\u00e9e une fonte importante entre la fin juin et la fin ao\u00fbt des effectifs en seconde Pro (parfois plus de 50%)\u00a0: des \u00e9l\u00e8ves inscrits&#8230;n\u2019\u00e9taient pas pr\u00e9sents \u00e0 la rentr\u00e9e. Si les causes sont multifactorielles, les incertitudes quant \u00e0 l\u2019organisation de la r\u00e9forme des voies g\u00e9n\u00e9rale et technologique, le faible nombre de sp\u00e9cialit\u00e9s dans les classes de 1\u00e8re g\u00e9n\u00e9rale de l\u2019enseignement agricole et plus g\u00e9n\u00e9ralement le manque de visibilit\u00e9 de l\u2019enseignement agricole dans un contexte d\u00e9mographique pas toujours favorable&#8230;sont bien responsables de cette baisse d\u2019effectifs. <\/span><\/p>\n<p class=\"western\" align=\"justify\"><span style=\"color: #000000; font-size: 12pt;\"><span style=\"font-family: Arial, sans-serif;\">En parall\u00e8le de ces \u00e9volutions en formation scolaire, on constate \u00e0 cette rentr\u00e9e une augmentation du nombre d\u2019apprentis<\/span><span style=\"font-family: Arial, sans-serif;\">.<\/span><\/span><\/p>\n<p class=\"western\" align=\"justify\"><span style=\"font-family: Arial, sans-serif; color: #000000; font-size: 12pt;\"><b>Une mobilisation r\u00e9gionale n\u00e9cessaire pour promouvoir l\u2019enseignement agricole public<\/b><\/span><\/p>\n<p class=\"western\" align=\"justify\"><span style=\"font-family: Arial, sans-serif; color: #000000; font-size: 12pt;\">Face \u00e0 cette situation fragile, nous avons demand\u00e9 \u00e0 la DRAAF une r\u00e9ponse politique forte. Quelle sera la d\u00e9clinaison r\u00e9gionale de la campagne l\u2019Aventure du vivant\u00a0? Quand et quelles seront les conventions sign\u00e9es avec le Conseil R\u00e9gional des Pays de la Loire pour l\u2019orientation ou avec le Rectorat\u00a0? <\/span><\/p>\n<p class=\"western\" align=\"justify\"><span style=\"font-family: Arial, sans-serif; color: #000000; font-size: 12pt;\">Si le DRAAF, M.LOBJOIT, est conscient de la n\u00e9cessit\u00e9 d\u2019une action commune et concert\u00e9e (notamment avec l\u2019EN, il a envisag\u00e9 une visite de terrain avec le recteur et une prise de contacts de ses services des DASEN et l\u2019organisation d\u2019olympiades des m\u00e9tiers agricoles avant mars 2020) ces actions ne devront pas tarder dans le temps et se r\u00e9aliser avant la fin de l\u2019ann\u00e9e civile. <\/span><\/p>\n<p class=\"western\" align=\"justify\"><span style=\"font-family: Arial, sans-serif; color: #000000; font-size: 12pt;\"><i><b>Pour appuyer ces d\u00e9marches, nous avons demand\u00e9 la mise en place (act\u00e9e) d\u2019un groupe de travail issu du CTREA concernant la communication pour la promotion de l\u2019enseignement agricole public ainsi que la r\u00e9union des professeurs principaux et directeur.trices adjoint.e.s sur la mise en place d\u2019un vadecum concernant l\u2019affectation. Il demeure indispensable que la DRAAF consacre des moyens cons\u00e9quents sur le sujet. <\/b><\/i><\/span><\/p>\n<p class=\"western\" align=\"justify\"><span style=\"font-family: Arial, sans-serif; color: #000000; font-size: 12pt;\"><b>Toujours trop peu d\u2019information sur la r\u00e9forme du baccalaur\u00e9at <\/b><\/span><\/p>\n<p class=\"western\" align=\"justify\"><span style=\"font-family: Arial, sans-serif; color: #000000; font-size: 12pt;\">Malgr\u00e9 les \u00e9changes nombreux lors de ce CTREA, de trop nombreuses incertitudes subsistent concernant la mise en \u0153uvre de la r\u00e9forme du lyc\u00e9e&#8230;Comment ouvrir la sp\u00e9cialit\u00e9 SES\u00a0? Comment et quand se d\u00e9rouleront les \u00e9preuves E3C (CCF)\u00a0? Comment se met en place la r\u00e9forme de la voie professionnelle (pour les classes de l\u2019EN qui se font en lyc\u00e9e agricole&#8230;par exemple le CAP fleuriste). Tant de questions majeures sans r\u00e9ponse pour les agents.<\/span><\/p>\n<p class=\"western\" align=\"justify\"><span style=\"color: #000000; font-size: 12pt;\"><span style=\"font-family: Arial, sans-serif;\">On pr\u00e9cisera juste aux \u00e9quipes que les services du SRFD ont rappel\u00e9 qu\u2019\u00e0 la rentr\u00e9e prochaine pour les classes de terminale g\u00e9n\u00e9rale le financement DGH comprendrait\u00a0: <\/span><span style=\"font-family: Arial, sans-serif;\">3 sp\u00e9cialit\u00e9s ainsi que l\u2019AET et les math\u00e9matiques compl\u00e9mentaires.<\/span><\/span><\/p>\n<p class=\"western\" align=\"justify\"><span style=\"font-family: Arial, sans-serif; color: #000000; font-size: 12pt;\"><b>Des dysfonctionnements majeurs \u00e0 cette rentr\u00e9e<\/b><\/span><\/p>\n<p class=\"western\" align=\"justify\"><span style=\"font-family: Arial, sans-serif; color: #000000; font-size: 12pt;\">Malheureusement comme \u00e0 chaque rentr\u00e9e, des dysfonctionnements majeurs marquent aussi cette rentr\u00e9e. Il s\u2019agit notamment du non paiement de certains agents contractuels (ACEN) malgr\u00e9 des contrats et des documents fournis en temps et en heure. Il s\u2019agir aussi des probl\u00e8mes de s\u00e9curit\u00e9 dans certaines \u00e9tablissements et des faits de violences av\u00e9r\u00e9s. Il s\u2019agit enfin&#8230;et toujours du non respect de la r\u00e9glementation concernant les contrats des AESH par certaines \u00e9quipes de Direction. <\/span><\/p>\n","protected":false},"excerpt":{"rendered":"<p>Le 3 octobre dernier a eu lieu, \u00e0 la demande de la DGER et comme dans toutes les r\u00e9gions, un CTREA extraordinaire qui \u00e9tait cens\u00e9 faire le point sur les conditions de rentr\u00e9e (et l\u2019application de la r\u00e9forme la suppression des seuils) et de la r\u00e9partition des 6000h de DGH suppl\u00e9mentaires obtenues nationalement suite aux [&hellip;]<\/p>\n","protected":false},"author":2,"featured_media":0,"comment_status":"closed","ping_status":"closed","sticky":false,"template":"","format":"standard","meta":{"ocean_post_layout":"","ocean_both_sidebars_style":"","ocean_both_sidebars_content_width":0,"ocean_both_sidebars_sidebars_width":0,"ocean_sidebar":"","ocean_second_sidebar":"","ocean_disable_margins":"enable","ocean_add_body_class":"","ocean_shortcode_before_top_bar":"","ocean_shortcode_after_top_bar":"","ocean_shortcode_before_header":"","ocean_shortcode_after_header":"","ocean_has_shortcode":"","ocean_shortcode_after_title":"","ocean_shortcode_before_footer_widgets":"","ocean_shortcode_after_footer_widgets":"","ocean_shortcode_before_footer_bottom":"","ocean_shortcode_after_footer_bottom":"","ocean_display_top_bar":"default","ocean_display_header":"default","ocean_header_style":"","ocean_center_header_left_menu":"","ocean_custom_header_template":"","ocean_custom_logo":0,"ocean_custom_retina_logo":0,"ocean_custom_logo_max_width":0,"ocean_custom_logo_tablet_max_width":0,"ocean_custom_logo_mobile_max_width":0,"ocean_custom_logo_max_height":0,"ocean_custom_logo_tablet_max_height":0,"ocean_custom_logo_mobile_max_height":0,"ocean_header_custom_menu":"","ocean_menu_typo_font_family":"","ocean_menu_typo_font_subset":"","ocean_menu_typo_font_size":0,"ocean_menu_typo_font_size_tablet":0,"ocean_menu_typo_font_size_mobile":0,"ocean_menu_typo_font_size_unit":"px","ocean_menu_typo_font_weight":"","ocean_menu_typo_font_weight_tablet":"","ocean_menu_typo_font_weight_mobile":"","ocean_menu_typo_transform":"","ocean_menu_typo_transform_tablet":"","ocean_menu_typo_transform_mobile":"","ocean_menu_typo_line_height":0,"ocean_menu_typo_line_height_tablet":0,"ocean_menu_typo_line_height_mobile":0,"ocean_menu_typo_line_height_unit":"","ocean_menu_typo_spacing":0,"ocean_menu_typo_spacing_tablet":0,"ocean_menu_typo_spacing_mobile":0,"ocean_menu_typo_spacing_unit":"","ocean_menu_link_color":"","ocean_menu_link_color_hover":"","ocean_menu_link_color_active":"","ocean_menu_link_background":"","ocean_menu_link_hover_background":"","ocean_menu_link_active_background":"","ocean_menu_social_links_bg":"","ocean_menu_social_hover_links_bg":"","ocean_menu_social_links_color":"","ocean_menu_social_hover_links_color":"","ocean_disable_title":"default","ocean_disable_heading":"default","ocean_post_title":"","ocean_post_subheading":"","ocean_post_title_style":"","ocean_post_title_background_color":"","ocean_post_title_background":0,"ocean_post_title_bg_image_position":"","ocean_post_title_bg_image_attachment":"","ocean_post_title_bg_image_repeat":"","ocean_post_title_bg_image_size":"","ocean_post_title_height":0,"ocean_post_title_bg_overlay":0.5,"ocean_post_title_bg_overlay_color":"","ocean_disable_breadcrumbs":"default","ocean_breadcrumbs_color":"","ocean_breadcrumbs_separator_color":"","ocean_breadcrumbs_links_color":"","ocean_breadcrumbs_links_hover_color":"","ocean_display_footer_widgets":"default","ocean_display_footer_bottom":"default","ocean_custom_footer_template":"","ocean_post_oembed":"","ocean_post_self_hosted_media":"","ocean_post_video_embed":"","ocean_link_format":"","ocean_link_format_target":"self","ocean_quote_format":"","ocean_quote_format_link":"post","ocean_gallery_link_images":"on","ocean_gallery_id":[],"footnotes":""},"categories":[12],"tags":[],"post_folder":[],"class_list":["post-3362","post","type-post","status-publish","format-standard","hentry","category-csarea","entry"],"yoast_head":"<!-- This site is optimized with the Yoast SEO plugin v27.4 - https:\/\/yoast.com\/product\/yoast-seo-wordpress\/ -->\n<title>CTREA extraordinaire...un CTREA qui a, au moins, permis de soulever les vrais probl\u00e8mes - PAYS DE LA LOIRE<\/title>\n<meta name=\"robots\" content=\"index, follow, max-snippet:-1, max-image-preview:large, max-video-preview:-1\" \/>\n<link rel=\"canonical\" href=\"https:\/\/regions-snetap-fsu.fr\/pdl\/2019\/11\/11\/ctrea-extraordinaire-un-ctrea-qui-a-au-moins-permis-de-soulever-les-vrais-problemes\/\" \/>\n<meta property=\"og:locale\" content=\"fr_FR\" \/>\n<meta property=\"og:type\" content=\"article\" \/>\n<meta property=\"og:title\" content=\"CTREA extraordinaire...un CTREA qui a, au moins, permis de soulever les vrais probl\u00e8mes - PAYS DE LA LOIRE\" \/>\n<meta property=\"og:description\" content=\"Le 3 octobre dernier a eu lieu, \u00e0 la demande de la DGER et comme dans toutes les r\u00e9gions, un CTREA extraordinaire qui \u00e9tait cens\u00e9 faire le point sur les conditions de rentr\u00e9e (et l\u2019application de la r\u00e9forme la suppression des seuils) et de la r\u00e9partition des 6000h de DGH suppl\u00e9mentaires obtenues nationalement suite aux [&hellip;]\" \/>\n<meta property=\"og:url\" content=\"https:\/\/regions-snetap-fsu.fr\/pdl\/2019\/11\/11\/ctrea-extraordinaire-un-ctrea-qui-a-au-moins-permis-de-soulever-les-vrais-problemes\/\" \/>\n<meta property=\"og:site_name\" content=\"PAYS DE LA LOIRE\" \/>\n<meta property=\"article:published_time\" content=\"2019-11-11T16:59:42+00:00\" \/>\n<meta property=\"article:modified_time\" content=\"2019-11-11T17:02:13+00:00\" \/>\n<meta name=\"author\" content=\"yvigner\" \/>\n<meta name=\"twitter:card\" content=\"summary_large_image\" \/>\n<meta name=\"twitter:label1\" content=\"\u00c9crit par\" \/>\n\t<meta name=\"twitter:data1\" content=\"yvigner\" \/>\n\t<meta name=\"twitter:label2\" content=\"Dur\u00e9e de lecture estim\u00e9e\" \/>\n\t<meta name=\"twitter:data2\" content=\"5 minutes\" \/>\n<script type=\"application\/ld+json\" class=\"yoast-schema-graph\">{\"@context\":\"https:\\\/\\\/schema.org\",\"@graph\":[{\"@type\":\"Article\",\"@id\":\"https:\\\/\\\/regions-snetap-fsu.fr\\\/pdl\\\/2019\\\/11\\\/11\\\/ctrea-extraordinaire-un-ctrea-qui-a-au-moins-permis-de-soulever-les-vrais-problemes\\\/#article\",\"isPartOf\":{\"@id\":\"https:\\\/\\\/regions-snetap-fsu.fr\\\/pdl\\\/2019\\\/11\\\/11\\\/ctrea-extraordinaire-un-ctrea-qui-a-au-moins-permis-de-soulever-les-vrais-problemes\\\/\"},\"author\":{\"name\":\"yvigner\",\"@id\":\"https:\\\/\\\/regions-snetap-fsu.fr\\\/pdl\\\/#\\\/schema\\\/person\\\/d4530af043f9e8d27bdd71c468ec93b1\"},\"headline\":\"CTREA extraordinaire&#8230;un CTREA qui a, au moins, permis de soulever les vrais probl\u00e8mes\",\"datePublished\":\"2019-11-11T16:59:42+00:00\",\"dateModified\":\"2019-11-11T17:02:13+00:00\",\"mainEntityOfPage\":{\"@id\":\"https:\\\/\\\/regions-snetap-fsu.fr\\\/pdl\\\/2019\\\/11\\\/11\\\/ctrea-extraordinaire-un-ctrea-qui-a-au-moins-permis-de-soulever-les-vrais-problemes\\\/\"},\"wordCount\":937,\"publisher\":{\"@id\":\"https:\\\/\\\/regions-snetap-fsu.fr\\\/pdl\\\/#organization\"},\"articleSection\":[\"CSA-REA (ex CTREA)\"],\"inLanguage\":\"fr-FR\"},{\"@type\":\"WebPage\",\"@id\":\"https:\\\/\\\/regions-snetap-fsu.fr\\\/pdl\\\/2019\\\/11\\\/11\\\/ctrea-extraordinaire-un-ctrea-qui-a-au-moins-permis-de-soulever-les-vrais-problemes\\\/\",\"url\":\"https:\\\/\\\/regions-snetap-fsu.fr\\\/pdl\\\/2019\\\/11\\\/11\\\/ctrea-extraordinaire-un-ctrea-qui-a-au-moins-permis-de-soulever-les-vrais-problemes\\\/\",\"name\":\"CTREA extraordinaire...un CTREA qui a, au moins, permis de soulever les vrais probl\u00e8mes - PAYS DE LA LOIRE\",\"isPartOf\":{\"@id\":\"https:\\\/\\\/regions-snetap-fsu.fr\\\/pdl\\\/#website\"},\"datePublished\":\"2019-11-11T16:59:42+00:00\",\"dateModified\":\"2019-11-11T17:02:13+00:00\",\"breadcrumb\":{\"@id\":\"https:\\\/\\\/regions-snetap-fsu.fr\\\/pdl\\\/2019\\\/11\\\/11\\\/ctrea-extraordinaire-un-ctrea-qui-a-au-moins-permis-de-soulever-les-vrais-problemes\\\/#breadcrumb\"},\"inLanguage\":\"fr-FR\",\"potentialAction\":[{\"@type\":\"ReadAction\",\"target\":[\"https:\\\/\\\/regions-snetap-fsu.fr\\\/pdl\\\/2019\\\/11\\\/11\\\/ctrea-extraordinaire-un-ctrea-qui-a-au-moins-permis-de-soulever-les-vrais-problemes\\\/\"]}]},{\"@type\":\"BreadcrumbList\",\"@id\":\"https:\\\/\\\/regions-snetap-fsu.fr\\\/pdl\\\/2019\\\/11\\\/11\\\/ctrea-extraordinaire-un-ctrea-qui-a-au-moins-permis-de-soulever-les-vrais-problemes\\\/#breadcrumb\",\"itemListElement\":[{\"@type\":\"ListItem\",\"position\":1,\"name\":\"Accueil\",\"item\":\"https:\\\/\\\/regions-snetap-fsu.fr\\\/pdl\\\/\"},{\"@type\":\"ListItem\",\"position\":2,\"name\":\"CTREA extraordinaire&#8230;un CTREA qui a, au moins, permis de soulever les vrais probl\u00e8mes\"}]},{\"@type\":\"WebSite\",\"@id\":\"https:\\\/\\\/regions-snetap-fsu.fr\\\/pdl\\\/#website\",\"url\":\"https:\\\/\\\/regions-snetap-fsu.fr\\\/pdl\\\/\",\"name\":\"SNETAP-FSU PAYS DE LA LOIRE\",\"description\":\"SECTION REGIONALE\",\"publisher\":{\"@id\":\"https:\\\/\\\/regions-snetap-fsu.fr\\\/pdl\\\/#organization\"},\"potentialAction\":[{\"@type\":\"SearchAction\",\"target\":{\"@type\":\"EntryPoint\",\"urlTemplate\":\"https:\\\/\\\/regions-snetap-fsu.fr\\\/pdl\\\/?s={search_term_string}\"},\"query-input\":{\"@type\":\"PropertyValueSpecification\",\"valueRequired\":true,\"valueName\":\"search_term_string\"}}],\"inLanguage\":\"fr-FR\"},{\"@type\":\"Organization\",\"@id\":\"https:\\\/\\\/regions-snetap-fsu.fr\\\/pdl\\\/#organization\",\"name\":\"SNETAP-FSU Pays de Loire\",\"url\":\"https:\\\/\\\/regions-snetap-fsu.fr\\\/pdl\\\/\",\"logo\":{\"@type\":\"ImageObject\",\"inLanguage\":\"fr-FR\",\"@id\":\"https:\\\/\\\/regions-snetap-fsu.fr\\\/pdl\\\/#\\\/schema\\\/logo\\\/image\\\/\",\"url\":\"https:\\\/\\\/regions-snetap-fsu.fr\\\/pdl\\\/wp-content\\\/uploads\\\/sites\\\/4\\\/2020\\\/12\\\/SNETAP-Logo.jpg\",\"contentUrl\":\"https:\\\/\\\/regions-snetap-fsu.fr\\\/pdl\\\/wp-content\\\/uploads\\\/sites\\\/4\\\/2020\\\/12\\\/SNETAP-Logo.jpg\",\"width\":464,\"height\":334,\"caption\":\"SNETAP-FSU Pays de Loire\"},\"image\":{\"@id\":\"https:\\\/\\\/regions-snetap-fsu.fr\\\/pdl\\\/#\\\/schema\\\/logo\\\/image\\\/\"}},{\"@type\":\"Person\",\"@id\":\"https:\\\/\\\/regions-snetap-fsu.fr\\\/pdl\\\/#\\\/schema\\\/person\\\/d4530af043f9e8d27bdd71c468ec93b1\",\"name\":\"yvigner\",\"image\":{\"@type\":\"ImageObject\",\"inLanguage\":\"fr-FR\",\"@id\":\"https:\\\/\\\/secure.gravatar.com\\\/avatar\\\/bc72baa6f2406549aecf77a837bc4f03dbe88472c1762138f868571430a23820?s=96&d=mm&r=g\",\"url\":\"https:\\\/\\\/secure.gravatar.com\\\/avatar\\\/bc72baa6f2406549aecf77a837bc4f03dbe88472c1762138f868571430a23820?s=96&d=mm&r=g\",\"contentUrl\":\"https:\\\/\\\/secure.gravatar.com\\\/avatar\\\/bc72baa6f2406549aecf77a837bc4f03dbe88472c1762138f868571430a23820?s=96&d=mm&r=g\",\"caption\":\"yvigner\"},\"url\":\"https:\\\/\\\/regions-snetap-fsu.fr\\\/pdl\\\/author\\\/yvigner\\\/\"}]}<\/script>\n<!-- \/ Yoast SEO plugin. -->","yoast_head_json":{"title":"CTREA extraordinaire...un CTREA qui a, au moins, permis de soulever les vrais probl\u00e8mes - PAYS DE LA LOIRE","robots":{"index":"index","follow":"follow","max-snippet":"max-snippet:-1","max-image-preview":"max-image-preview:large","max-video-preview":"max-video-preview:-1"},"canonical":"https:\/\/regions-snetap-fsu.fr\/pdl\/2019\/11\/11\/ctrea-extraordinaire-un-ctrea-qui-a-au-moins-permis-de-soulever-les-vrais-problemes\/","og_locale":"fr_FR","og_type":"article","og_title":"CTREA extraordinaire...un CTREA qui a, au moins, permis de soulever les vrais probl\u00e8mes - PAYS DE LA LOIRE","og_description":"Le 3 octobre dernier a eu lieu, \u00e0 la demande de la DGER et comme dans toutes les r\u00e9gions, un CTREA extraordinaire qui \u00e9tait cens\u00e9 faire le point sur les conditions de rentr\u00e9e (et l\u2019application de la r\u00e9forme la suppression des seuils) et de la r\u00e9partition des 6000h de DGH suppl\u00e9mentaires obtenues nationalement suite aux [&hellip;]","og_url":"https:\/\/regions-snetap-fsu.fr\/pdl\/2019\/11\/11\/ctrea-extraordinaire-un-ctrea-qui-a-au-moins-permis-de-soulever-les-vrais-problemes\/","og_site_name":"PAYS DE LA LOIRE","article_published_time":"2019-11-11T16:59:42+00:00","article_modified_time":"2019-11-11T17:02:13+00:00","author":"yvigner","twitter_card":"summary_large_image","twitter_misc":{"\u00c9crit par":"yvigner","Dur\u00e9e de lecture estim\u00e9e":"5 minutes"},"schema":{"@context":"https:\/\/schema.org","@graph":[{"@type":"Article","@id":"https:\/\/regions-snetap-fsu.fr\/pdl\/2019\/11\/11\/ctrea-extraordinaire-un-ctrea-qui-a-au-moins-permis-de-soulever-les-vrais-problemes\/#article","isPartOf":{"@id":"https:\/\/regions-snetap-fsu.fr\/pdl\/2019\/11\/11\/ctrea-extraordinaire-un-ctrea-qui-a-au-moins-permis-de-soulever-les-vrais-problemes\/"},"author":{"name":"yvigner","@id":"https:\/\/regions-snetap-fsu.fr\/pdl\/#\/schema\/person\/d4530af043f9e8d27bdd71c468ec93b1"},"headline":"CTREA extraordinaire&#8230;un CTREA qui a, au moins, permis de soulever les vrais probl\u00e8mes","datePublished":"2019-11-11T16:59:42+00:00","dateModified":"2019-11-11T17:02:13+00:00","mainEntityOfPage":{"@id":"https:\/\/regions-snetap-fsu.fr\/pdl\/2019\/11\/11\/ctrea-extraordinaire-un-ctrea-qui-a-au-moins-permis-de-soulever-les-vrais-problemes\/"},"wordCount":937,"publisher":{"@id":"https:\/\/regions-snetap-fsu.fr\/pdl\/#organization"},"articleSection":["CSA-REA (ex CTREA)"],"inLanguage":"fr-FR"},{"@type":"WebPage","@id":"https:\/\/regions-snetap-fsu.fr\/pdl\/2019\/11\/11\/ctrea-extraordinaire-un-ctrea-qui-a-au-moins-permis-de-soulever-les-vrais-problemes\/","url":"https:\/\/regions-snetap-fsu.fr\/pdl\/2019\/11\/11\/ctrea-extraordinaire-un-ctrea-qui-a-au-moins-permis-de-soulever-les-vrais-problemes\/","name":"CTREA extraordinaire...un CTREA qui a, au moins, permis de soulever les vrais probl\u00e8mes - PAYS DE LA LOIRE","isPartOf":{"@id":"https:\/\/regions-snetap-fsu.fr\/pdl\/#website"},"datePublished":"2019-11-11T16:59:42+00:00","dateModified":"2019-11-11T17:02:13+00:00","breadcrumb":{"@id":"https:\/\/regions-snetap-fsu.fr\/pdl\/2019\/11\/11\/ctrea-extraordinaire-un-ctrea-qui-a-au-moins-permis-de-soulever-les-vrais-problemes\/#breadcrumb"},"inLanguage":"fr-FR","potentialAction":[{"@type":"ReadAction","target":["https:\/\/regions-snetap-fsu.fr\/pdl\/2019\/11\/11\/ctrea-extraordinaire-un-ctrea-qui-a-au-moins-permis-de-soulever-les-vrais-problemes\/"]}]},{"@type":"BreadcrumbList","@id":"https:\/\/regions-snetap-fsu.fr\/pdl\/2019\/11\/11\/ctrea-extraordinaire-un-ctrea-qui-a-au-moins-permis-de-soulever-les-vrais-problemes\/#breadcrumb","itemListElement":[{"@type":"ListItem","position":1,"name":"Accueil","item":"https:\/\/regions-snetap-fsu.fr\/pdl\/"},{"@type":"ListItem","position":2,"name":"CTREA extraordinaire&#8230;un CTREA qui a, au moins, permis de soulever les vrais probl\u00e8mes"}]},{"@type":"WebSite","@id":"https:\/\/regions-snetap-fsu.fr\/pdl\/#website","url":"https:\/\/regions-snetap-fsu.fr\/pdl\/","name":"SNETAP-FSU PAYS DE LA LOIRE","description":"SECTION REGIONALE","publisher":{"@id":"https:\/\/regions-snetap-fsu.fr\/pdl\/#organization"},"potentialAction":[{"@type":"SearchAction","target":{"@type":"EntryPoint","urlTemplate":"https:\/\/regions-snetap-fsu.fr\/pdl\/?s={search_term_string}"},"query-input":{"@type":"PropertyValueSpecification","valueRequired":true,"valueName":"search_term_string"}}],"inLanguage":"fr-FR"},{"@type":"Organization","@id":"https:\/\/regions-snetap-fsu.fr\/pdl\/#organization","name":"SNETAP-FSU Pays de Loire","url":"https:\/\/regions-snetap-fsu.fr\/pdl\/","logo":{"@type":"ImageObject","inLanguage":"fr-FR","@id":"https:\/\/regions-snetap-fsu.fr\/pdl\/#\/schema\/logo\/image\/","url":"https:\/\/regions-snetap-fsu.fr\/pdl\/wp-content\/uploads\/sites\/4\/2020\/12\/SNETAP-Logo.jpg","contentUrl":"https:\/\/regions-snetap-fsu.fr\/pdl\/wp-content\/uploads\/sites\/4\/2020\/12\/SNETAP-Logo.jpg","width":464,"height":334,"caption":"SNETAP-FSU Pays de Loire"},"image":{"@id":"https:\/\/regions-snetap-fsu.fr\/pdl\/#\/schema\/logo\/image\/"}},{"@type":"Person","@id":"https:\/\/regions-snetap-fsu.fr\/pdl\/#\/schema\/person\/d4530af043f9e8d27bdd71c468ec93b1","name":"yvigner","image":{"@type":"ImageObject","inLanguage":"fr-FR","@id":"https:\/\/secure.gravatar.com\/avatar\/bc72baa6f2406549aecf77a837bc4f03dbe88472c1762138f868571430a23820?s=96&d=mm&r=g","url":"https:\/\/secure.gravatar.com\/avatar\/bc72baa6f2406549aecf77a837bc4f03dbe88472c1762138f868571430a23820?s=96&d=mm&r=g","contentUrl":"https:\/\/secure.gravatar.com\/avatar\/bc72baa6f2406549aecf77a837bc4f03dbe88472c1762138f868571430a23820?s=96&d=mm&r=g","caption":"yvigner"},"url":"https:\/\/regions-snetap-fsu.fr\/pdl\/author\/yvigner\/"}]}},"_links":{"self":[{"href":"https:\/\/regions-snetap-fsu.fr\/pdl\/wp-json\/wp\/v2\/posts\/3362","targetHints":{"allow":["GET"]}}],"collection":[{"href":"https:\/\/regions-snetap-fsu.fr\/pdl\/wp-json\/wp\/v2\/posts"}],"about":[{"href":"https:\/\/regions-snetap-fsu.fr\/pdl\/wp-json\/wp\/v2\/types\/post"}],"author":[{"embeddable":true,"href":"https:\/\/regions-snetap-fsu.fr\/pdl\/wp-json\/wp\/v2\/users\/2"}],"replies":[{"embeddable":true,"href":"https:\/\/regions-snetap-fsu.fr\/pdl\/wp-json\/wp\/v2\/comments?post=3362"}],"version-history":[{"count":3,"href":"https:\/\/regions-snetap-fsu.fr\/pdl\/wp-json\/wp\/v2\/posts\/3362\/revisions"}],"predecessor-version":[{"id":3365,"href":"https:\/\/regions-snetap-fsu.fr\/pdl\/wp-json\/wp\/v2\/posts\/3362\/revisions\/3365"}],"wp:attachment":[{"href":"https:\/\/regions-snetap-fsu.fr\/pdl\/wp-json\/wp\/v2\/media?parent=3362"}],"wp:term":[{"taxonomy":"category","embeddable":true,"href":"https:\/\/regions-snetap-fsu.fr\/pdl\/wp-json\/wp\/v2\/categories?post=3362"},{"taxonomy":"post_tag","embeddable":true,"href":"https:\/\/regions-snetap-fsu.fr\/pdl\/wp-json\/wp\/v2\/tags?post=3362"},{"taxonomy":"post_folder","embeddable":true,"href":"https:\/\/regions-snetap-fsu.fr\/pdl\/wp-json\/wp\/v2\/post_folder?post=3362"}],"curies":[{"name":"wp","href":"https:\/\/api.w.org\/{rel}","templated":true}]}}