{"id":3306,"date":"2019-09-12T07:54:20","date_gmt":"2019-09-12T05:54:20","guid":{"rendered":"https:\/\/regions-snetap-fsu.fr\/pdl\/?p=3306"},"modified":"2019-09-12T09:04:27","modified_gmt":"2019-09-12T07:04:27","slug":"premiers-elements-de-rentree-le-snetap-fsu-rencontre-les-services-de-la-draaf","status":"publish","type":"post","link":"https:\/\/regions-snetap-fsu.fr\/pdl\/2019\/09\/12\/premiers-elements-de-rentree-le-snetap-fsu-rencontre-les-services-de-la-draaf\/","title":{"rendered":"Premiers \u00e9l\u00e9ments de rentr\u00e9e&#8230;le SNETAP-FSU rencontre les services de la DRAAF"},"content":{"rendered":"<p align=\"justify\"><span style=\"font-size: 12pt;\"><span style=\"font-family: Arial, sans-serif;\">Le mercredi 11 septembre, une d\u00e9l\u00e9gation du SNETAP-FSU a \u00e9t\u00e9 re\u00e7u \u00e0 la DRAAF des Pays de la Loire \u00e0 Nantes. Etaient pr<\/span><span style=\"font-family: Arial, sans-serif;\">\u00e9sents pour l&rsquo;<\/span><span style=\"font-family: Arial, sans-serif;\">administration : F.MAREAU, B.KIRION, Y.LOBJOIT, P.NENON ; pour le <\/span><span style=\"font-family: Arial, sans-serif;\">SNETAP-FSU : sections de Nantes, Le Mans, Montreuil, La Roche sur Yon, Laval, Brette les Pins. Au programme de cet \u00e9change : contrats de travail, conditions et moyens de la rentr\u00e9e, PARCOURSUP, situation d&rsquo;\u00e9tablissement.\u00a0<\/span><\/span><\/p>\n<p align=\"justify\"><!--more--><\/p>\n<ul>\n<li>\n<p align=\"justify\"><span style=\"font-family: Arial, sans-serif; font-size: 12pt;\"><b>Contrats de travail pour agents contractuels<\/b><\/span><\/p>\n<ul>\n<li>\n<p align=\"justify\"><span style=\"font-family: Arial, sans-serif; font-size: 12pt;\">Manque 7 contrats de travail pour ACEN\/ACN. <\/span><\/p>\n<\/li>\n<li>\n<p align=\"justify\"><span style=\"font-family: Arial, sans-serif; font-size: 12pt;\">Manque de tr\u00e8s nombreux avenants pour renouvellement de contrat&#8230;pas revenus. <\/span><\/p>\n<\/li>\n<li>\n<p align=\"justify\"><span style=\"font-family: Arial, sans-serif; font-size: 12pt;\">Pas de suivi possible des attestations fin de contrat p\u00f4le emploi car la gestion est effectu\u00e9e depuis Paris.<\/span><\/p>\n<\/li>\n<li>\n<p align=\"justify\"><span style=\"font-family: Arial, sans-serif; font-size: 12pt;\">Toujours pas de solution\/avanc\u00e9e pour la CDIsation des coll\u00e8gues AESH. Les coll\u00e8gues AESH participeront \u00e0 la 1\u00e8re journ\u00e9e TUTAC. <\/span><\/p>\n<\/li>\n<\/ul>\n<\/li>\n<\/ul>\n<p align=\"justify\"><span style=\"font-family: Arial, sans-serif; font-size: 12pt;\">Il est toujours inadmissible que des agents travaillent dans les \u00e9tablissements sans contrat (tous les dossiers remont\u00e9s apr\u00e8s le 1\/8 n\u2019ont pas encore \u00e9t\u00e9 enregistr\u00e9s). Nous avons demand\u00e9 \u00e0 ce que cette situation inacceptable soit remont\u00e9e \u00e0 la DGER. Nous avons, par ailleurs d\u00e9nonc\u00e9, la signature de contrat d\u2019un an et non de 3 ans comme \u00e0 l\u2019EN pour nos coll\u00e8gues AESH. <\/span><\/p>\n<ul>\n<li>\n<p align=\"justify\"><span style=\"font-family: Arial, sans-serif; font-size: 12pt;\"><b>Rentr\u00e9e <\/b><\/span><\/p>\n<ul>\n<li>\n<p align=\"justify\"><span style=\"font-family: Arial, sans-serif; font-size: 12pt;\">Nous avons \u00e9voqu\u00e9 le manque de visibilit\u00e9 de l\u2019enseignement agricole \u00e0 cette rentr\u00e9e et l\u2019absence de communication autour de la rentr\u00e9e du DRAAF \u00e0 Lu\u00e7on. <\/span><\/p>\n<\/li>\n<li>\n<p align=\"justify\"><span style=\"font-family: Arial, sans-serif; font-size: 12pt;\">Une rencontre des 5 DASEN par DRAAF est envisag\u00e9e avant la rencontre Recteur. Visite \u00e9tablissement avec le Recteur pendant une JPO\u00a0? <\/span><\/p>\n<\/li>\n<li>\n<p align=\"justify\"><span style=\"font-family: Arial, sans-serif; font-size: 12pt;\">Nous avons insist\u00e9 sur l\u2019\u00e9volution de certains publics accueillis notamment en CAPA (mineurs isol\u00e9s, jeunes en grande difficult\u00e9 scolaire et sociale). L\u2019enseignement agricole public ne dispose pas d\u2019appui pour g\u00e9rer ces situations et les \u00e9quipes se retrouvent trop souvent seules \u00e0 g\u00e9rer ces situations. <\/span><\/p>\n<\/li>\n<\/ul>\n<\/li>\n<li>\n<p align=\"justify\"><span style=\"font-family: Arial, sans-serif; font-size: 12pt;\"><b>Moyens de la rentr\u00e9e <\/b><\/span><\/p>\n<ul>\n<li>\n<p align=\"justify\"><span style=\"font-family: Arial, sans-serif; font-size: 12pt;\">Nous avons d\u00e9nonc\u00e9 le manque de transparence dans l\u2019utilisation de la DGH r\u00e9gionale et locale ainsi que sur les sc\u00e9narios propos\u00e9s aux \u00e9tablissements concernant la DGH 2022. L&rsquo;absence de lisibilit\u00e9 sur le financement de l&rsquo;ann\u00e9e de terminale g\u00e9n\u00e9rale, le probl\u00e8me des seuils de d\u00e9doublement ont \u00e9t\u00e9 abord\u00e9s. La DRAAF nous a r\u00e9pondu que la DGH notifi\u00e9e en avril aux \u00e9tablissements n&rsquo;avait pas \u00e9t\u00e9 modifi\u00e9e. Malgr\u00e9 les nombreux sous-services qui apparaissent pour les coll\u00e8gues, le SRFD a bien pr\u00e9cis\u00e9 qu&rsquo;aucune pression n&rsquo;\u00e9tait mise sur les \u00e9tablissements pour les combler\/r\u00e9sorber \u00e0 tout prix.\u00a0<\/span><\/p>\n<\/li>\n<li>\n<p align=\"justify\"><span style=\"font-family: Arial, sans-serif; font-size: 12pt;\">Nous avons demand\u00e9 \u00e0 ce que dans chaque \u00e9tablissement une r\u00e9union pl\u00e9ni\u00e8re pr\u00e9sente l\u2019utilisation transparente de la DGH et le sc\u00e9nario \u00e0 2022. <\/span><\/p>\n<\/li>\n<li>\n<p align=\"justify\"><span style=\"font-family: Arial, sans-serif; font-size: 12pt;\">Nous avons rappel\u00e9 \u00e0 la DRAAF que l\u2019autonomie de l\u2019\u00e9tablissement s\u2019arr\u00eatait l\u00e0 ou commen\u00e7ait les \u00e9l\u00e9ments r\u00e9glementaires dont les volumes horaires des disciplines, des options facultatives dont la dur\u00e9e ne peut \u00eatre modifi\u00e9e. <\/span><\/p>\n<\/li>\n<li>\n<p align=\"justify\"><span style=\"font-family: Arial, sans-serif; font-size: 12pt;\">A cette rentr\u00e9e, le SRFD n\u2019a pas connaissance de son volume en HSA. <\/span><\/p>\n<\/li>\n<li>\n<p align=\"justify\"><span style=\"font-family: Arial, sans-serif; font-size: 12pt;\">Les crit\u00e8res d\u2019attribution des HSE \u00ab\u00a0individualisation\u00a0\u00bb seront connus lors du prochain CTREA. A noter que le LEGTA d\u2019Angers n\u2019a pas formul\u00e9 de demande cette ann\u00e9e. <\/span><\/p>\n<\/li>\n<\/ul>\n<\/li>\n<li>\n<p align=\"justify\"><span style=\"font-family: Arial, sans-serif; font-size: 12pt;\"><b>Situation d\u2019\u00e9tablissement<\/b><\/span><\/p>\n<ul>\n<li>\n<p align=\"justify\"><span style=\"font-family: Arial, sans-serif; font-size: 12pt;\">Nous avons demand\u00e9 quelles seraient les suites aux situations probl\u00e9matiques dans les \u00e9tablissements de l\u2019an pass\u00e9<\/span><\/p>\n<ul>\n<li>\n<p align=\"justify\"><span style=\"font-family: Arial, sans-serif; font-size: 12pt;\">\u00e0 Montreuil Bellay, un retour sera fait aux agents et du rapport d\u2019inspection et de la visite du CHSCTREA avant la mi octobre. <\/span><\/p>\n<\/li>\n<li>\n<p align=\"justify\"><span style=\"font-family: Arial, sans-serif; font-size: 12pt;\">\u00e0 Nantes une rencontre avec la Direction, la DRAAF et les repr\u00e9sentants du personnel aura lieu dans les prochains jours<\/span><\/p>\n<\/li>\n<li>\n<p align=\"justify\"><span style=\"font-family: Arial, sans-serif; font-size: 12pt;\">\u00e0 Fontenay le Comte, un accompagnement par les Services du SRFD continue d\u2019\u00eatre r\u00e9alis\u00e9. Des lettres de missions claires ont \u00e9t\u00e9 r\u00e9alis\u00e9es pour les agents. <\/span><\/p>\n<\/li>\n<\/ul>\n<\/li>\n<\/ul>\n<\/li>\n<li>\n<p align=\"justify\"><span style=\"font-family: Arial, sans-serif; font-size: 12pt;\"><b>Dysfonctionnements de rentr\u00e9e<\/b><\/span><\/p>\n<ul>\n<li>\n<p align=\"justify\"><span style=\"font-family: Arial, sans-serif; font-size: 12pt;\">Nous avons abord\u00e9 la pression, le stress, le travail emp\u00each\u00e9 que connaissent les agents concernant les nouvelles applications minist\u00e9rielles. Ainsi les services administratifs des \u00e9tablissements ont \u00e0 g\u00e9rer plus de 8 applications dont 6 nouvelles. Mais, cela se fait sans accompagnement. Ces applications n\u2019ont pas g\u00e9n\u00e9ralement de lien entre elles. Elles n\u2019ont \u00e9t\u00e9 que trop peu test\u00e9es sur le terrain.<\/span><\/p>\n<\/li>\n<\/ul>\n<\/li>\n<li>\n<p align=\"justify\"><span style=\"font-family: Arial, sans-serif; font-size: 12pt;\"><b>PARCOURSUP<\/b><\/span><\/p>\n<ul>\n<li>\n<p align=\"justify\"><span style=\"font-family: Arial, sans-serif; font-size: 12pt;\">Du point de vue de la DRAAF, cette session s\u2019est mieux d\u00e9roul\u00e9e pour les candidats. <\/span><\/p>\n<\/li>\n<li>\n<p align=\"justify\"><span style=\"font-family: Arial, sans-serif; font-size: 12pt;\">Pour nous, elle a g\u00e9n\u00e9r\u00e9 \u00e0 nouveau une surcharge croissante de travail pour les \u00e9quipes des \u00e9tablissements<\/span><\/p>\n<\/li>\n<li>\n<p align=\"justify\"><span style=\"font-family: Arial, sans-serif; font-size: 12pt;\">45 jeunes de l\u2019enseignement agricole ont fait appel \u00e0 la Commission acad\u00e9mique. 3 sont toujours sans solution. A l\u2019\u00e9chelle r\u00e9gionale, ce sont 734 jeunes qui ont fait appel \u00e0 cette commission (les BTS DATR, TC avec des places libres leur ont souvent \u00e9t\u00e9 propos\u00e9s). <\/span><\/p>\n<\/li>\n<\/ul>\n<\/li>\n<li>\n<p align=\"justify\"><span style=\"font-family: Arial, sans-serif; font-size: 12pt;\"><u><b>Suppression AFFELNET<\/b><\/u><\/span><\/p>\n<ul>\n<li>\n<p align=\"justify\"><span style=\"font-family: Arial, sans-serif; font-size: 12pt;\">Pour la prochaine rentr\u00e9e, l\u2019application AFFELNET sera supprim\u00e9e et remplac\u00e9e par une application du type PARCOURSUP. Ce sont donc les familles qui saisiront en ligne les demandes d\u2019affectation en seconde et seconde Pro. <\/span><\/p>\n<\/li>\n<li>\n<p align=\"justify\"><span style=\"font-family: Arial, sans-serif; font-size: 12pt;\">Se posent alors les questions\u00a0? Quelle lisibilit\u00e9 pour nos formations\u00a0? La notion de famille de m\u00e9tiers dans notre dispositif posera-t-elle soucis\u00a0? <\/span><\/p>\n<\/li>\n<\/ul>\n<\/li>\n<li>\n<p align=\"justify\"><span style=\"font-family: Arial, sans-serif; font-size: 12pt;\"><u><b>Dates des prochaines instances\u00a0: <\/b><\/u><\/span><\/p>\n<ul>\n<li>\n<p align=\"justify\"><span style=\"font-family: Arial, sans-serif; font-size: 12pt;\">CHSCTREA, le 10 octobre 2019<\/span><\/p>\n<\/li>\n<li>\n<p align=\"justify\"><span style=\"font-family: Arial, sans-serif; font-size: 12pt;\">CTREA, le 20 novembre 2019<\/span><\/p>\n<\/li>\n<li>\n<p align=\"justify\"><span style=\"font-family: Arial, sans-serif; font-size: 12pt;\">CREA le 28 novembre 2019\u00a0<\/span><\/p>\n<\/li>\n<li><span style=\"font-size: 12pt;\">La commission de suivi du protocole aura lieu dans les prochaines semaines ainsi que la CCPR.<\/span><\/li>\n<\/ul>\n<\/li>\n<\/ul>\n","protected":false},"excerpt":{"rendered":"<p>Le mercredi 11 septembre, une d\u00e9l\u00e9gation du SNETAP-FSU a \u00e9t\u00e9 re\u00e7u \u00e0 la DRAAF des Pays de la Loire \u00e0 Nantes. Etaient pr\u00e9sents pour l&rsquo;administration : F.MAREAU, B.KIRION, Y.LOBJOIT, P.NENON ; pour le SNETAP-FSU : sections de Nantes, Le Mans, Montreuil, La Roche sur Yon, Laval, Brette les Pins. Au programme de cet \u00e9change : [&hellip;]<\/p>\n","protected":false},"author":2,"featured_media":0,"comment_status":"closed","ping_status":"closed","sticky":false,"template":"","format":"standard","meta":{"ocean_post_layout":"","ocean_both_sidebars_style":"","ocean_both_sidebars_content_width":0,"ocean_both_sidebars_sidebars_width":0,"ocean_sidebar":"","ocean_second_sidebar":"","ocean_disable_margins":"enable","ocean_add_body_class":"","ocean_shortcode_before_top_bar":"","ocean_shortcode_after_top_bar":"","ocean_shortcode_before_header":"","ocean_shortcode_after_header":"","ocean_has_shortcode":"","ocean_shortcode_after_title":"","ocean_shortcode_before_footer_widgets":"","ocean_shortcode_after_footer_widgets":"","ocean_shortcode_before_footer_bottom":"","ocean_shortcode_after_footer_bottom":"","ocean_display_top_bar":"default","ocean_display_header":"default","ocean_header_style":"","ocean_center_header_left_menu":"","ocean_custom_header_template":"","ocean_custom_logo":0,"ocean_custom_retina_logo":0,"ocean_custom_logo_max_width":0,"ocean_custom_logo_tablet_max_width":0,"ocean_custom_logo_mobile_max_width":0,"ocean_custom_logo_max_height":0,"ocean_custom_logo_tablet_max_height":0,"ocean_custom_logo_mobile_max_height":0,"ocean_header_custom_menu":"","ocean_menu_typo_font_family":"","ocean_menu_typo_font_subset":"","ocean_menu_typo_font_size":0,"ocean_menu_typo_font_size_tablet":0,"ocean_menu_typo_font_size_mobile":0,"ocean_menu_typo_font_size_unit":"px","ocean_menu_typo_font_weight":"","ocean_menu_typo_font_weight_tablet":"","ocean_menu_typo_font_weight_mobile":"","ocean_menu_typo_transform":"","ocean_menu_typo_transform_tablet":"","ocean_menu_typo_transform_mobile":"","ocean_menu_typo_line_height":0,"ocean_menu_typo_line_height_tablet":0,"ocean_menu_typo_line_height_mobile":0,"ocean_menu_typo_line_height_unit":"","ocean_menu_typo_spacing":0,"ocean_menu_typo_spacing_tablet":0,"ocean_menu_typo_spacing_mobile":0,"ocean_menu_typo_spacing_unit":"","ocean_menu_link_color":"","ocean_menu_link_color_hover":"","ocean_menu_link_color_active":"","ocean_menu_link_background":"","ocean_menu_link_hover_background":"","ocean_menu_link_active_background":"","ocean_menu_social_links_bg":"","ocean_menu_social_hover_links_bg":"","ocean_menu_social_links_color":"","ocean_menu_social_hover_links_color":"","ocean_disable_title":"default","ocean_disable_heading":"default","ocean_post_title":"","ocean_post_subheading":"","ocean_post_title_style":"","ocean_post_title_background_color":"","ocean_post_title_background":0,"ocean_post_title_bg_image_position":"","ocean_post_title_bg_image_attachment":"","ocean_post_title_bg_image_repeat":"","ocean_post_title_bg_image_size":"","ocean_post_title_height":0,"ocean_post_title_bg_overlay":0.5,"ocean_post_title_bg_overlay_color":"","ocean_disable_breadcrumbs":"default","ocean_breadcrumbs_color":"","ocean_breadcrumbs_separator_color":"","ocean_breadcrumbs_links_color":"","ocean_breadcrumbs_links_hover_color":"","ocean_display_footer_widgets":"default","ocean_display_footer_bottom":"default","ocean_custom_footer_template":"","ocean_post_oembed":"","ocean_post_self_hosted_media":"","ocean_post_video_embed":"","ocean_link_format":"","ocean_link_format_target":"self","ocean_quote_format":"","ocean_quote_format_link":"post","ocean_gallery_link_images":"on","ocean_gallery_id":[],"footnotes":""},"categories":[28],"tags":[],"post_folder":[],"class_list":["post-3306","post","type-post","status-publish","format-standard","hentry","category-actions-regionales","entry"],"yoast_head":"<!-- This site is optimized with the Yoast SEO plugin v27.4 - https:\/\/yoast.com\/product\/yoast-seo-wordpress\/ -->\n<title>Premiers \u00e9l\u00e9ments de rentr\u00e9e...le SNETAP-FSU rencontre les services de la DRAAF - PAYS DE LA LOIRE<\/title>\n<meta name=\"robots\" content=\"index, follow, max-snippet:-1, max-image-preview:large, max-video-preview:-1\" \/>\n<link rel=\"canonical\" href=\"https:\/\/regions-snetap-fsu.fr\/pdl\/2019\/09\/12\/premiers-elements-de-rentree-le-snetap-fsu-rencontre-les-services-de-la-draaf\/\" \/>\n<meta property=\"og:locale\" content=\"fr_FR\" \/>\n<meta property=\"og:type\" content=\"article\" \/>\n<meta property=\"og:title\" content=\"Premiers \u00e9l\u00e9ments de rentr\u00e9e...le SNETAP-FSU rencontre les services de la DRAAF - PAYS DE LA LOIRE\" \/>\n<meta property=\"og:description\" content=\"Le mercredi 11 septembre, une d\u00e9l\u00e9gation du SNETAP-FSU a \u00e9t\u00e9 re\u00e7u \u00e0 la DRAAF des Pays de la Loire \u00e0 Nantes. Etaient pr\u00e9sents pour l&rsquo;administration : F.MAREAU, B.KIRION, Y.LOBJOIT, P.NENON ; pour le SNETAP-FSU : sections de Nantes, Le Mans, Montreuil, La Roche sur Yon, Laval, Brette les Pins. Au programme de cet \u00e9change : [&hellip;]\" \/>\n<meta property=\"og:url\" content=\"https:\/\/regions-snetap-fsu.fr\/pdl\/2019\/09\/12\/premiers-elements-de-rentree-le-snetap-fsu-rencontre-les-services-de-la-draaf\/\" \/>\n<meta property=\"og:site_name\" content=\"PAYS DE LA LOIRE\" \/>\n<meta property=\"article:published_time\" content=\"2019-09-12T05:54:20+00:00\" \/>\n<meta property=\"article:modified_time\" content=\"2019-09-12T07:04:27+00:00\" \/>\n<meta name=\"author\" content=\"yvigner\" \/>\n<meta name=\"twitter:card\" content=\"summary_large_image\" \/>\n<meta name=\"twitter:label1\" content=\"\u00c9crit par\" \/>\n\t<meta name=\"twitter:data1\" content=\"yvigner\" \/>\n\t<meta name=\"twitter:label2\" content=\"Dur\u00e9e de lecture estim\u00e9e\" \/>\n\t<meta name=\"twitter:data2\" content=\"4 minutes\" \/>\n<script type=\"application\/ld+json\" class=\"yoast-schema-graph\">{\"@context\":\"https:\\\/\\\/schema.org\",\"@graph\":[{\"@type\":\"Article\",\"@id\":\"https:\\\/\\\/regions-snetap-fsu.fr\\\/pdl\\\/2019\\\/09\\\/12\\\/premiers-elements-de-rentree-le-snetap-fsu-rencontre-les-services-de-la-draaf\\\/#article\",\"isPartOf\":{\"@id\":\"https:\\\/\\\/regions-snetap-fsu.fr\\\/pdl\\\/2019\\\/09\\\/12\\\/premiers-elements-de-rentree-le-snetap-fsu-rencontre-les-services-de-la-draaf\\\/\"},\"author\":{\"name\":\"yvigner\",\"@id\":\"https:\\\/\\\/regions-snetap-fsu.fr\\\/pdl\\\/#\\\/schema\\\/person\\\/d4530af043f9e8d27bdd71c468ec93b1\"},\"headline\":\"Premiers \u00e9l\u00e9ments de rentr\u00e9e&#8230;le SNETAP-FSU rencontre les services de la DRAAF\",\"datePublished\":\"2019-09-12T05:54:20+00:00\",\"dateModified\":\"2019-09-12T07:04:27+00:00\",\"mainEntityOfPage\":{\"@id\":\"https:\\\/\\\/regions-snetap-fsu.fr\\\/pdl\\\/2019\\\/09\\\/12\\\/premiers-elements-de-rentree-le-snetap-fsu-rencontre-les-services-de-la-draaf\\\/\"},\"wordCount\":881,\"publisher\":{\"@id\":\"https:\\\/\\\/regions-snetap-fsu.fr\\\/pdl\\\/#organization\"},\"articleSection\":[\"Actions r\u00e9gionales\"],\"inLanguage\":\"fr-FR\"},{\"@type\":\"WebPage\",\"@id\":\"https:\\\/\\\/regions-snetap-fsu.fr\\\/pdl\\\/2019\\\/09\\\/12\\\/premiers-elements-de-rentree-le-snetap-fsu-rencontre-les-services-de-la-draaf\\\/\",\"url\":\"https:\\\/\\\/regions-snetap-fsu.fr\\\/pdl\\\/2019\\\/09\\\/12\\\/premiers-elements-de-rentree-le-snetap-fsu-rencontre-les-services-de-la-draaf\\\/\",\"name\":\"Premiers \u00e9l\u00e9ments de rentr\u00e9e...le SNETAP-FSU rencontre les services de la DRAAF - PAYS DE LA LOIRE\",\"isPartOf\":{\"@id\":\"https:\\\/\\\/regions-snetap-fsu.fr\\\/pdl\\\/#website\"},\"datePublished\":\"2019-09-12T05:54:20+00:00\",\"dateModified\":\"2019-09-12T07:04:27+00:00\",\"breadcrumb\":{\"@id\":\"https:\\\/\\\/regions-snetap-fsu.fr\\\/pdl\\\/2019\\\/09\\\/12\\\/premiers-elements-de-rentree-le-snetap-fsu-rencontre-les-services-de-la-draaf\\\/#breadcrumb\"},\"inLanguage\":\"fr-FR\",\"potentialAction\":[{\"@type\":\"ReadAction\",\"target\":[\"https:\\\/\\\/regions-snetap-fsu.fr\\\/pdl\\\/2019\\\/09\\\/12\\\/premiers-elements-de-rentree-le-snetap-fsu-rencontre-les-services-de-la-draaf\\\/\"]}]},{\"@type\":\"BreadcrumbList\",\"@id\":\"https:\\\/\\\/regions-snetap-fsu.fr\\\/pdl\\\/2019\\\/09\\\/12\\\/premiers-elements-de-rentree-le-snetap-fsu-rencontre-les-services-de-la-draaf\\\/#breadcrumb\",\"itemListElement\":[{\"@type\":\"ListItem\",\"position\":1,\"name\":\"Accueil\",\"item\":\"https:\\\/\\\/regions-snetap-fsu.fr\\\/pdl\\\/\"},{\"@type\":\"ListItem\",\"position\":2,\"name\":\"Premiers \u00e9l\u00e9ments de rentr\u00e9e&#8230;le SNETAP-FSU rencontre les services de la DRAAF\"}]},{\"@type\":\"WebSite\",\"@id\":\"https:\\\/\\\/regions-snetap-fsu.fr\\\/pdl\\\/#website\",\"url\":\"https:\\\/\\\/regions-snetap-fsu.fr\\\/pdl\\\/\",\"name\":\"SNETAP-FSU PAYS DE LA LOIRE\",\"description\":\"SECTION REGIONALE\",\"publisher\":{\"@id\":\"https:\\\/\\\/regions-snetap-fsu.fr\\\/pdl\\\/#organization\"},\"potentialAction\":[{\"@type\":\"SearchAction\",\"target\":{\"@type\":\"EntryPoint\",\"urlTemplate\":\"https:\\\/\\\/regions-snetap-fsu.fr\\\/pdl\\\/?s={search_term_string}\"},\"query-input\":{\"@type\":\"PropertyValueSpecification\",\"valueRequired\":true,\"valueName\":\"search_term_string\"}}],\"inLanguage\":\"fr-FR\"},{\"@type\":\"Organization\",\"@id\":\"https:\\\/\\\/regions-snetap-fsu.fr\\\/pdl\\\/#organization\",\"name\":\"SNETAP-FSU Pays de Loire\",\"url\":\"https:\\\/\\\/regions-snetap-fsu.fr\\\/pdl\\\/\",\"logo\":{\"@type\":\"ImageObject\",\"inLanguage\":\"fr-FR\",\"@id\":\"https:\\\/\\\/regions-snetap-fsu.fr\\\/pdl\\\/#\\\/schema\\\/logo\\\/image\\\/\",\"url\":\"https:\\\/\\\/regions-snetap-fsu.fr\\\/pdl\\\/wp-content\\\/uploads\\\/sites\\\/4\\\/2020\\\/12\\\/SNETAP-Logo.jpg\",\"contentUrl\":\"https:\\\/\\\/regions-snetap-fsu.fr\\\/pdl\\\/wp-content\\\/uploads\\\/sites\\\/4\\\/2020\\\/12\\\/SNETAP-Logo.jpg\",\"width\":464,\"height\":334,\"caption\":\"SNETAP-FSU Pays de Loire\"},\"image\":{\"@id\":\"https:\\\/\\\/regions-snetap-fsu.fr\\\/pdl\\\/#\\\/schema\\\/logo\\\/image\\\/\"}},{\"@type\":\"Person\",\"@id\":\"https:\\\/\\\/regions-snetap-fsu.fr\\\/pdl\\\/#\\\/schema\\\/person\\\/d4530af043f9e8d27bdd71c468ec93b1\",\"name\":\"yvigner\",\"image\":{\"@type\":\"ImageObject\",\"inLanguage\":\"fr-FR\",\"@id\":\"https:\\\/\\\/secure.gravatar.com\\\/avatar\\\/bc72baa6f2406549aecf77a837bc4f03dbe88472c1762138f868571430a23820?s=96&d=mm&r=g\",\"url\":\"https:\\\/\\\/secure.gravatar.com\\\/avatar\\\/bc72baa6f2406549aecf77a837bc4f03dbe88472c1762138f868571430a23820?s=96&d=mm&r=g\",\"contentUrl\":\"https:\\\/\\\/secure.gravatar.com\\\/avatar\\\/bc72baa6f2406549aecf77a837bc4f03dbe88472c1762138f868571430a23820?s=96&d=mm&r=g\",\"caption\":\"yvigner\"},\"url\":\"https:\\\/\\\/regions-snetap-fsu.fr\\\/pdl\\\/author\\\/yvigner\\\/\"}]}<\/script>\n<!-- \/ Yoast SEO plugin. -->","yoast_head_json":{"title":"Premiers \u00e9l\u00e9ments de rentr\u00e9e...le SNETAP-FSU rencontre les services de la DRAAF - PAYS DE LA LOIRE","robots":{"index":"index","follow":"follow","max-snippet":"max-snippet:-1","max-image-preview":"max-image-preview:large","max-video-preview":"max-video-preview:-1"},"canonical":"https:\/\/regions-snetap-fsu.fr\/pdl\/2019\/09\/12\/premiers-elements-de-rentree-le-snetap-fsu-rencontre-les-services-de-la-draaf\/","og_locale":"fr_FR","og_type":"article","og_title":"Premiers \u00e9l\u00e9ments de rentr\u00e9e...le SNETAP-FSU rencontre les services de la DRAAF - PAYS DE LA LOIRE","og_description":"Le mercredi 11 septembre, une d\u00e9l\u00e9gation du SNETAP-FSU a \u00e9t\u00e9 re\u00e7u \u00e0 la DRAAF des Pays de la Loire \u00e0 Nantes. Etaient pr\u00e9sents pour l&rsquo;administration : F.MAREAU, B.KIRION, Y.LOBJOIT, P.NENON ; pour le SNETAP-FSU : sections de Nantes, Le Mans, Montreuil, La Roche sur Yon, Laval, Brette les Pins. Au programme de cet \u00e9change : [&hellip;]","og_url":"https:\/\/regions-snetap-fsu.fr\/pdl\/2019\/09\/12\/premiers-elements-de-rentree-le-snetap-fsu-rencontre-les-services-de-la-draaf\/","og_site_name":"PAYS DE LA LOIRE","article_published_time":"2019-09-12T05:54:20+00:00","article_modified_time":"2019-09-12T07:04:27+00:00","author":"yvigner","twitter_card":"summary_large_image","twitter_misc":{"\u00c9crit par":"yvigner","Dur\u00e9e de lecture estim\u00e9e":"4 minutes"},"schema":{"@context":"https:\/\/schema.org","@graph":[{"@type":"Article","@id":"https:\/\/regions-snetap-fsu.fr\/pdl\/2019\/09\/12\/premiers-elements-de-rentree-le-snetap-fsu-rencontre-les-services-de-la-draaf\/#article","isPartOf":{"@id":"https:\/\/regions-snetap-fsu.fr\/pdl\/2019\/09\/12\/premiers-elements-de-rentree-le-snetap-fsu-rencontre-les-services-de-la-draaf\/"},"author":{"name":"yvigner","@id":"https:\/\/regions-snetap-fsu.fr\/pdl\/#\/schema\/person\/d4530af043f9e8d27bdd71c468ec93b1"},"headline":"Premiers \u00e9l\u00e9ments de rentr\u00e9e&#8230;le SNETAP-FSU rencontre les services de la DRAAF","datePublished":"2019-09-12T05:54:20+00:00","dateModified":"2019-09-12T07:04:27+00:00","mainEntityOfPage":{"@id":"https:\/\/regions-snetap-fsu.fr\/pdl\/2019\/09\/12\/premiers-elements-de-rentree-le-snetap-fsu-rencontre-les-services-de-la-draaf\/"},"wordCount":881,"publisher":{"@id":"https:\/\/regions-snetap-fsu.fr\/pdl\/#organization"},"articleSection":["Actions r\u00e9gionales"],"inLanguage":"fr-FR"},{"@type":"WebPage","@id":"https:\/\/regions-snetap-fsu.fr\/pdl\/2019\/09\/12\/premiers-elements-de-rentree-le-snetap-fsu-rencontre-les-services-de-la-draaf\/","url":"https:\/\/regions-snetap-fsu.fr\/pdl\/2019\/09\/12\/premiers-elements-de-rentree-le-snetap-fsu-rencontre-les-services-de-la-draaf\/","name":"Premiers \u00e9l\u00e9ments de rentr\u00e9e...le SNETAP-FSU rencontre les services de la DRAAF - PAYS DE LA LOIRE","isPartOf":{"@id":"https:\/\/regions-snetap-fsu.fr\/pdl\/#website"},"datePublished":"2019-09-12T05:54:20+00:00","dateModified":"2019-09-12T07:04:27+00:00","breadcrumb":{"@id":"https:\/\/regions-snetap-fsu.fr\/pdl\/2019\/09\/12\/premiers-elements-de-rentree-le-snetap-fsu-rencontre-les-services-de-la-draaf\/#breadcrumb"},"inLanguage":"fr-FR","potentialAction":[{"@type":"ReadAction","target":["https:\/\/regions-snetap-fsu.fr\/pdl\/2019\/09\/12\/premiers-elements-de-rentree-le-snetap-fsu-rencontre-les-services-de-la-draaf\/"]}]},{"@type":"BreadcrumbList","@id":"https:\/\/regions-snetap-fsu.fr\/pdl\/2019\/09\/12\/premiers-elements-de-rentree-le-snetap-fsu-rencontre-les-services-de-la-draaf\/#breadcrumb","itemListElement":[{"@type":"ListItem","position":1,"name":"Accueil","item":"https:\/\/regions-snetap-fsu.fr\/pdl\/"},{"@type":"ListItem","position":2,"name":"Premiers \u00e9l\u00e9ments de rentr\u00e9e&#8230;le SNETAP-FSU rencontre les services de la DRAAF"}]},{"@type":"WebSite","@id":"https:\/\/regions-snetap-fsu.fr\/pdl\/#website","url":"https:\/\/regions-snetap-fsu.fr\/pdl\/","name":"SNETAP-FSU PAYS DE LA LOIRE","description":"SECTION REGIONALE","publisher":{"@id":"https:\/\/regions-snetap-fsu.fr\/pdl\/#organization"},"potentialAction":[{"@type":"SearchAction","target":{"@type":"EntryPoint","urlTemplate":"https:\/\/regions-snetap-fsu.fr\/pdl\/?s={search_term_string}"},"query-input":{"@type":"PropertyValueSpecification","valueRequired":true,"valueName":"search_term_string"}}],"inLanguage":"fr-FR"},{"@type":"Organization","@id":"https:\/\/regions-snetap-fsu.fr\/pdl\/#organization","name":"SNETAP-FSU Pays de Loire","url":"https:\/\/regions-snetap-fsu.fr\/pdl\/","logo":{"@type":"ImageObject","inLanguage":"fr-FR","@id":"https:\/\/regions-snetap-fsu.fr\/pdl\/#\/schema\/logo\/image\/","url":"https:\/\/regions-snetap-fsu.fr\/pdl\/wp-content\/uploads\/sites\/4\/2020\/12\/SNETAP-Logo.jpg","contentUrl":"https:\/\/regions-snetap-fsu.fr\/pdl\/wp-content\/uploads\/sites\/4\/2020\/12\/SNETAP-Logo.jpg","width":464,"height":334,"caption":"SNETAP-FSU Pays de Loire"},"image":{"@id":"https:\/\/regions-snetap-fsu.fr\/pdl\/#\/schema\/logo\/image\/"}},{"@type":"Person","@id":"https:\/\/regions-snetap-fsu.fr\/pdl\/#\/schema\/person\/d4530af043f9e8d27bdd71c468ec93b1","name":"yvigner","image":{"@type":"ImageObject","inLanguage":"fr-FR","@id":"https:\/\/secure.gravatar.com\/avatar\/bc72baa6f2406549aecf77a837bc4f03dbe88472c1762138f868571430a23820?s=96&d=mm&r=g","url":"https:\/\/secure.gravatar.com\/avatar\/bc72baa6f2406549aecf77a837bc4f03dbe88472c1762138f868571430a23820?s=96&d=mm&r=g","contentUrl":"https:\/\/secure.gravatar.com\/avatar\/bc72baa6f2406549aecf77a837bc4f03dbe88472c1762138f868571430a23820?s=96&d=mm&r=g","caption":"yvigner"},"url":"https:\/\/regions-snetap-fsu.fr\/pdl\/author\/yvigner\/"}]}},"_links":{"self":[{"href":"https:\/\/regions-snetap-fsu.fr\/pdl\/wp-json\/wp\/v2\/posts\/3306","targetHints":{"allow":["GET"]}}],"collection":[{"href":"https:\/\/regions-snetap-fsu.fr\/pdl\/wp-json\/wp\/v2\/posts"}],"about":[{"href":"https:\/\/regions-snetap-fsu.fr\/pdl\/wp-json\/wp\/v2\/types\/post"}],"author":[{"embeddable":true,"href":"https:\/\/regions-snetap-fsu.fr\/pdl\/wp-json\/wp\/v2\/users\/2"}],"replies":[{"embeddable":true,"href":"https:\/\/regions-snetap-fsu.fr\/pdl\/wp-json\/wp\/v2\/comments?post=3306"}],"version-history":[{"count":4,"href":"https:\/\/regions-snetap-fsu.fr\/pdl\/wp-json\/wp\/v2\/posts\/3306\/revisions"}],"predecessor-version":[{"id":3310,"href":"https:\/\/regions-snetap-fsu.fr\/pdl\/wp-json\/wp\/v2\/posts\/3306\/revisions\/3310"}],"wp:attachment":[{"href":"https:\/\/regions-snetap-fsu.fr\/pdl\/wp-json\/wp\/v2\/media?parent=3306"}],"wp:term":[{"taxonomy":"category","embeddable":true,"href":"https:\/\/regions-snetap-fsu.fr\/pdl\/wp-json\/wp\/v2\/categories?post=3306"},{"taxonomy":"post_tag","embeddable":true,"href":"https:\/\/regions-snetap-fsu.fr\/pdl\/wp-json\/wp\/v2\/tags?post=3306"},{"taxonomy":"post_folder","embeddable":true,"href":"https:\/\/regions-snetap-fsu.fr\/pdl\/wp-json\/wp\/v2\/post_folder?post=3306"}],"curies":[{"name":"wp","href":"https:\/\/api.w.org\/{rel}","templated":true}]}}