{"id":3258,"date":"2019-05-09T19:13:33","date_gmt":"2019-05-09T17:13:33","guid":{"rendered":"https:\/\/regions-snetap-fsu.fr\/pdl\/?p=3258"},"modified":"2019-05-09T19:21:40","modified_gmt":"2019-05-09T17:21:40","slug":"aesh-pour-enfin-avancer-et-preciser-le-statut-les-missions-le-temps-de-travail","status":"publish","type":"post","link":"https:\/\/regions-snetap-fsu.fr\/pdl\/2019\/05\/09\/aesh-pour-enfin-avancer-et-preciser-le-statut-les-missions-le-temps-de-travail\/","title":{"rendered":"AESH&#8230;pour enfin avancer et pr\u00e9ciser le statut, les missions, le temps de travail&#8230;de nos coll\u00e8gues"},"content":{"rendered":"<p><span style=\"text-decoration: underline;\"><span style=\"font-size: 14pt;\"><strong>Compte rendu par le SNETAP-FSU du groupe de travail AESH des Pays de la Loire du 26\/04\/2019<\/strong><\/span><\/span><\/p>\n<p style=\"text-align: justify;\">Le 26 avril dernier s&rsquo;est tenu \u00e0 Nantes un groupe de travail sur la situation, les missions de nos coll\u00e8gues AESH. Etaient pr\u00e9sents : une repr\u00e9sentante du SRFD, trois repr\u00e9sentantes des CPE, 4 repr\u00e9sentant\u00b7es AESH, une repr\u00e9sentante des secr\u00e9taires g\u00e9n\u00e9rale\u00b7aux, 3 repr\u00e9sentant\u00b7es des directions adjointes et pour le SNETAP-FSU : Baptiste Chauvin et Isabelle Couturier.<\/p>\n<p style=\"text-align: justify;\">L\u2019objectif de la r\u00e9union est d\u2019homog\u00e9n\u00e9iser les pratiques concernant les AESH en PDLL pour r\u00e9ussir au mieux les missions d\u2019insertion des \u00e9l\u00e8ves en situation de handicap.<\/p>\n<p style=\"text-align: justify;\">Les points \u00e0 l\u2019ordre du jour propos\u00e9s \u00e9taient les suivants :<\/p>\n<p style=\"padding-left: 40px; text-align: justify;\">&#8211; statut<br \/>\n&#8211; missions<br \/>\n&#8211; temps de travail<br \/>\nauxquels a \u00e9t\u00e9 rajout\u00e9, \u00e0 la demande de Baptiste Chauvin :<br \/>\n&#8211; besoins (en terme d\u2019organisation logistique, de formation, de fonctionnement en \u00e9quipe).<\/p>\n<p style=\"text-align: justify;\">L\u2019id\u00e9e est de constituer un vade-mecum qui puisse \u00e9galement servir de livret d\u2019accueil \u00e0 tout nouvel agent (AESH, directeur.trice, autre\u2026) venant travailler dans les PDL. La mise en place de ce groupe de travail (demand\u00e9 par les diff\u00e9rents acteurs pr\u00e9sents) a tard\u00e9 car une note de service est en pr\u00e9paration au niveau national et aurait d\u00fb para\u00eetre en avril. <!--more--><\/p>\n<p style=\"text-align: justify;\"><span style=\"text-decoration: underline;\"><strong>Statut<\/strong><\/span><br \/>\nle Service des affaires juridiques et le Service des ressources humaines du Minist\u00e8re n\u2019ont pas la m\u00eame lecture des textes r\u00e9glementaires existants. Ainsi, pour la CDIsation, la r\u00e9ponse du Ministre \u00e0 la question pos\u00e9e \u00e0 l\u2019Assembl\u00e9e nationale affirmant la prise en compte des services effectu\u00e9s \u00e0 l\u2019\u00c9ducation nationale pour le calcul des six ann\u00e9es n\u2019est pas valid\u00e9e car cela peut fonctionner pour l\u2019enseignement agricole public mais pas pour le priv\u00e9 o\u00f9 travaillent de nombreux coll\u00e8gues AESH. Il est important de continuer \u00e0 d\u00e9fendre cette passerelle possible entre EN et EA. Le contrat de CDIsation devrait en principe correspondre \u00e0 la hauteur de l&rsquo;existant sur le dernier CDD. Les directions, m\u00eame pour les cas o\u00f9 l\u2019employeur est le m\u00eame (EA) comme \u00e0 Lu\u00e7on n\u2019ont pas connaissance de la proc\u00e9dure pour s\u2019assurer qu\u2019il n\u2019y aura pas rupture de traitement au moment du passage \u00e0 la gestion par le national. Aussi, elles pr\u00e9f\u00e8rent continuer \u00e0 faire des contrats sur budget. Il faut en principe, en effet, mettre fin au contrat de l\u2019\u00e9tablissement. Le risque est grand que les coll\u00e8gues se retrouvent sans rien alors que, comme nous l\u2019avons rappel\u00e9 \u00e0 de nombreuses reprises au cours de la r\u00e9union, il s\u2019agit pour la majorit\u00e9 de travailleuses et travailleurs pauvres (vivant en dessous du seuil de pauvret\u00e9). Un statut AESH devrait \u00eatre cr\u00e9\u00e9 mais pour le moment le seul texte est le d\u00e9cret de 2014 (modifi\u00e9 en 2018) sur les conditions de recrutement des AESH, ce qui est bien insuffisant pour cadrer les pratiques, d\u2019o\u00f9 la n\u00e9cessit\u00e9 du groupe de travail.<br \/>\nB. Kirion du SRFD, a rappel\u00e9 que les PDLL est une r\u00e9gion\u00a0 est une r\u00e9gion \u00ab frondeuse \u00bb sur la question puisqu\u2019il a \u00e9t\u00e9 d\u00e9cid\u00e9 de ne plus recruter d\u2019AVS sous contrat CAE\/CUI mais de ne r\u00e9aliser que des contrats AESH. Elle a pr\u00e9cis\u00e9 qu\u2019il fallait d\u00e9connecter la r\u00e9flexion sur le temps de travail de la subvention allou\u00e9e. Nous avons rappel\u00e9 que les contrats AESH (ill\u00e9gaux car ne respectant pas le d\u00e9cret) \u00e9taient auparavant en PDLL appliqu\u00e9s au plus pr\u00e8s de la pr\u00e9sence des \u00e9l\u00e8ves (en enlevant les semaines de stage et les cong\u00e9s scolaires), ce qui pouvait faire de tous petits contrats.<\/p>\n<p>La mise en conformit\u00e9 de ces contrats, suite \u00e0 l\u2019action du Snetap-FSU, a entra\u00een\u00e9 des divergences d\u2019appr\u00e9ciation sur l\u2019\u00ab occupation \u00bb des semaines hors de la pr\u00e9sence des \u00e9l\u00e8ves. Nous avons soulign\u00e9 l&rsquo;obligation pour l&#8217;employeur de permettre aux coll\u00e8gues de se former au minimum 60 heures pour l&rsquo;adaptation \u00e0 l&#8217;emploi. Le probl\u00e8me, c&rsquo;est que peu de formations existent et les coll\u00e8gues se d\u00e9brouillent et cherchent par eux.elles-m\u00eames alors que ce n&rsquo;est pas dans leurs missions. Les 60 heures ont \u00e9t\u00e9 mentionn\u00e9es dans la mise \u00e0 jour du d\u00e9cret car l&rsquo;EN propose un module de cette dur\u00e9e, auquel, en principe, les coll\u00e8gues de l&rsquo;EA ont droit d&rsquo;acc\u00e9der mais le nombre de places \u00e9tant limit\u00e9es, l&rsquo;EN privil\u00e9gie ses agents. Le SRFD propose deux jours \u00e0 la rentr\u00e9e. Il a \u00e9t\u00e9 d\u00e9cid\u00e9 d&rsquo;y ajouter les deux journ\u00e9es de TUTAC concernant la d\u00e9couverte du fonctionnement de l&rsquo;enseignement agricole. L&rsquo;information sur l&rsquo;existence depuis 2 ans d&rsquo;une conf\u00e9rence m\u00e9lagri sp\u00e9cifique AESH n&rsquo;est pas<br \/>\nencore diffus\u00e9e dans l&rsquo;ensemble de la r\u00e9gion. \u00c0 faire circuler.<br \/>\nNous avons pr\u00e9cis\u00e9 que les formations pouvaient \u00eatre mixtes avec d&rsquo;autres personnels concern\u00e9s par la probl\u00e9matique de l&rsquo;inclusion (infirmi\u00e8r\u00b7es, enseignant\u00b7es, etc.). Cela rejoint la demande forte d&rsquo;accorder une place aux AESH dans la communaut\u00e9 \u00e9ducative. Il est \u00e9galement n\u00e9cessaire de faire figurer la pr\u00e9sence de l&rsquo;AESH dans l&rsquo;EDT des \u00e9l\u00e8ves et de mieux faire circuler l&rsquo;information en int\u00e9grant les coll\u00e8gues dans les listes de diffusion et en leur accordant un acc\u00e8s \u00e0 du mat\u00e9riel informatique.<\/p>\n<p style=\"text-align: justify;\"><span style=\"text-decoration: underline;\"><strong>Temps de travail<\/strong><\/span><br \/>\nIl est apparu que les pratiques en mati\u00e8re de gestion des personnels \u00e9taient tr\u00e8s diverses : le ou la sup\u00e9rieur\u00b7e hi\u00e9rarchique administratif\u00b7ive est le ou la directeur\u00b7trice adjoint\u00b7e. Mais le ou la sup\u00e9rieur\u00b7e hi\u00e9rarchique direct\u00b7e, charg\u00e9\u00b7e de l&rsquo;organisation du service est soit le ou la CPE, soit un\u00b7e enseignant\u00b7e r\u00e9f\u00e9rent\u00b7e handicap. Les CPE ont dans leur r\u00e9f\u00e9rentiel m\u00e9tier la mention de la participation au recrutement mais rien n&rsquo;indique qu&rsquo;ils ou elles soient oblig\u00e9\u00b7es de g\u00e9rer les emplois du temps des AESH. Aussi, il a \u00e9t\u00e9 d\u00e9cid\u00e9 que la gestion serait laiss\u00e9e \u00e0 l&rsquo;appr\u00e9ciation des directions qui d\u00e9cideraient qui devait s&rsquo;en charger.<br \/>\nUne discussion anim\u00e9e a eu lieu autour de la mani\u00e8re de compter les heures effectu\u00e9es par les AESH. Un consensus a \u00e9t\u00e9 obtenu concernant les trois semaines hors temps de scolarit\u00e9 : les AESH travaillent 36 semaines pay\u00e9es 39 semaines. Le volume horaire correspondant au volume hebdomadaire x les 3 semaines \u00ab non travaill\u00e9es \u00bb sert \u00e0 couvrir les heures effectu\u00e9es en plus du suivi de l&rsquo;\u00e9l\u00e8ve (r\u00e9unions, ESS, contacts, formation\u2026).<br \/>\nCe volume horaire est laiss\u00e9 \u00e0 la discr\u00e9tion de l&rsquo;agent qui peut r\u00e9aliser un comptage heure par heure (et faire valoir, le cas \u00e9ch\u00e9ant, ses droits \u00e0 heures suppl\u00e9mentaires apr\u00e8s accord de l&rsquo;autorit\u00e9 hi\u00e9rarchique). Mais il \/ elle peut ne pas r\u00e9aliser ce comptage. La tenue d&rsquo;un tableau de comptage par la personne charg\u00e9e de la gestion de l&rsquo;AESH &#8211; si elle peut sembler plus \u00e9quitable (notamment pour les coll\u00e8gues effectuant peu d&rsquo;heures) peut avoir un effet pernicieux.<br \/>\nExemples :<br \/>\nUn\u00b7e coll\u00e8gue ayant 7 heures par semaine serait susceptible de plus \u00ab facilement \u00bb rendre compte des 7&#215;3 = 21 heures \u00ab non travaill\u00e9es \u00bb et serait perdant\u00b7e dans la mesure o\u00f9 il ou elle risque de d\u00e9passer ces 21 heures. Un\u00b7e coll\u00e8gue ayant 34 heures aurait 34&#215;3 = 102 heures \u00e0 \u00ab justifier \u00bb.<br \/>\nCependant, l&rsquo;argument consistant \u00e0 indiquer que, m\u00eame si elles ne sont pas effectu\u00e9es, ces heures ne seront pas r\u00e9clam\u00e9es est insuffisant car il y a une forme de violence \u00e0 faire remarquer un tel nombre d&rsquo;heures \u00ab dues \u00bb \u00e0 des agents qui sont en grande pr\u00e9carit\u00e9. Il a \u00e9t\u00e9 convenu que le syst\u00e8me de comptage ne devait pas reposer sur des personnes (bienveillantes ou non) mais sur des r\u00e8gles qui seraient appliqu\u00e9es de la m\u00eame fa\u00e7on qu&rsquo;elles que soient les personnes qui les feraient appliquer. Nous avons insist\u00e9 sur ce caract\u00e8re particulier de la mission des AESH, qui rejoint celle des enseignant\u00b7e\u00b7s, attach\u00e9e aux \u00e9l\u00e8ves et donc \u00e0 leur pr\u00e9sence mais n\u00e9cessitant pr\u00e9paration, r\u00e9union, etc. hors de la pr\u00e9sence de ceux-ci. C&rsquo;est le fameux \u00ab travail invisible \u00bb qui n&rsquo;est pas facilement quantifiable et r\u00e9gulier et qui n\u00e9cessite une souplesse dans son usage avec des temps plus ou moins forts et une organisation personnelle diff\u00e9rente selon les agents.<br \/>\nNous avons rappel\u00e9 que la jurisprudence indiquait bien que l&rsquo;absence d&rsquo;\u00e9l\u00e8ve (pour raison de stage ou de cong\u00e9) n&rsquo;\u00e9tant pas un choix des enseignant\u00b7es, il ne peut leur \u00eatre reproch\u00e9 de ne pas justifier un service effectif. Cette disposition nous semble devoir s&rsquo;appliquer aux AESH. Concernant les semaines sur le temps de scolarit\u00e9, il y a plusieurs cas de figure : l&rsquo;\u00e9l\u00e8ve est malade (l&rsquo;AESH vient et prend les cours), l&rsquo;\u00e9l\u00e8ve est en stage, si le PPS ne pr\u00e9voit pas d&rsquo;accompagnement, l&rsquo;AESH est suppos\u00e9 \u00eatre disponible pour des t\u00e2ches d&rsquo;inclusion (secr\u00e9tariat d&rsquo;\u00e9preuve par exemple) et peut rester chez lui ou elle si aucune t\u00e2che correspondant \u00e0 ses missions n&rsquo;est \u00e0 r\u00e9aliser. Il a \u00e9t\u00e9 d\u00e9cid\u00e9 qu&rsquo;en cas d&rsquo;accompagnement lors d&rsquo;un voyage scolaire (si la pr\u00e9sence est indispensable pour que l&rsquo;\u00e9l\u00e8ve suivi\u00b7e participe), le d\u00e9compte du temps de travail correspond \u00e0 celui appliqu\u00e9 pour les AE\/CPE : heures compt\u00e9es jusqu&rsquo;\u00e0 22 h puis forfait de trois heures pour la nuit et d\u00e9compte des heures \u00e0 partir de 8 heures. Le temps a manqu\u00e9 pour lister les missions, traiter la question des besoins mat\u00e9riels des AESH et poursuivre la r\u00e9flexion sur la gestion de l&rsquo;EDT en cas de non pr\u00e9sence de l&rsquo;\u00e9l\u00e8ve. Ce sera l&rsquo;objet de la prochaine r\u00e9union.<br \/>\nL&rsquo;objectif est que les d\u00e9cisions prises puissent \u00eatre appliqu\u00e9es \u00e0 la rentr\u00e9e scolaire prochaine. Pour le mois de juin de cette ann\u00e9e, les modalit\u00e9s restent donc \u00e0 d\u00e9finir localement. Tous les cas sont pr\u00e9sents en r\u00e9gion : du suivi pointilleux \u00e0 l&rsquo;heure pr\u00e8s de pr\u00e9sence des AESH dans certains \u00e9tablissements jusqu&rsquo;\u00e0 la possibilit\u00e9 pour les AESH de rester chez elles \/ eux. Cette derni\u00e8re possibilit\u00e9 est d&rsquo;ailleurs indiqu\u00e9e en page 7 dans le guide des AESH1 du rectorat de Nantes qui a servi de r\u00e9f\u00e9rence \u00e0 la discussion.<br \/>\nLa prochaine r\u00e9union aura lieu le mardi 28 mai 2019.<\/p>\n<p>T\u00e9l\u00e9chargeable ici : <a href=\"https:\/\/www.ac-nantes.fr\/personnels-et-recrutement\/accompagnants-d-eleves-en-situation-dehandicap\/gestion-des-a-e-s-h\/la-gestion-des-a-e-s-h-903299.kjsp\">https:\/\/www.ac-nantes.fr\/personnels-et-recrutement\/accompagnants-d-eleves-en-situation-dehandicap\/gestion-des-a-e-s-h\/la-gestion-des-a-e-s-h-903299.kjsp<\/a><\/p>\n<p style=\"text-align: right;\">Pour le SNETAP-FSU<br \/>\nIsabelle Couturier<\/p>\n","protected":false},"excerpt":{"rendered":"<p>Compte rendu par le SNETAP-FSU du groupe de travail AESH des Pays de la Loire du 26\/04\/2019 Le 26 avril dernier s&rsquo;est tenu \u00e0 Nantes un groupe de travail sur la situation, les missions de nos coll\u00e8gues AESH. Etaient pr\u00e9sents : une repr\u00e9sentante du SRFD, trois repr\u00e9sentantes des CPE, 4 repr\u00e9sentant\u00b7es AESH, une repr\u00e9sentante des [&hellip;]<\/p>\n","protected":false},"author":2,"featured_media":0,"comment_status":"closed","ping_status":"closed","sticky":false,"template":"","format":"standard","meta":{"ocean_post_layout":"","ocean_both_sidebars_style":"","ocean_both_sidebars_content_width":0,"ocean_both_sidebars_sidebars_width":0,"ocean_sidebar":"","ocean_second_sidebar":"","ocean_disable_margins":"enable","ocean_add_body_class":"","ocean_shortcode_before_top_bar":"","ocean_shortcode_after_top_bar":"","ocean_shortcode_before_header":"","ocean_shortcode_after_header":"","ocean_has_shortcode":"","ocean_shortcode_after_title":"","ocean_shortcode_before_footer_widgets":"","ocean_shortcode_after_footer_widgets":"","ocean_shortcode_before_footer_bottom":"","ocean_shortcode_after_footer_bottom":"","ocean_display_top_bar":"default","ocean_display_header":"default","ocean_header_style":"","ocean_center_header_left_menu":"","ocean_custom_header_template":"","ocean_custom_logo":0,"ocean_custom_retina_logo":0,"ocean_custom_logo_max_width":0,"ocean_custom_logo_tablet_max_width":0,"ocean_custom_logo_mobile_max_width":0,"ocean_custom_logo_max_height":0,"ocean_custom_logo_tablet_max_height":0,"ocean_custom_logo_mobile_max_height":0,"ocean_header_custom_menu":"","ocean_menu_typo_font_family":"","ocean_menu_typo_font_subset":"","ocean_menu_typo_font_size":0,"ocean_menu_typo_font_size_tablet":0,"ocean_menu_typo_font_size_mobile":0,"ocean_menu_typo_font_size_unit":"px","ocean_menu_typo_font_weight":"","ocean_menu_typo_font_weight_tablet":"","ocean_menu_typo_font_weight_mobile":"","ocean_menu_typo_transform":"","ocean_menu_typo_transform_tablet":"","ocean_menu_typo_transform_mobile":"","ocean_menu_typo_line_height":0,"ocean_menu_typo_line_height_tablet":0,"ocean_menu_typo_line_height_mobile":0,"ocean_menu_typo_line_height_unit":"","ocean_menu_typo_spacing":0,"ocean_menu_typo_spacing_tablet":0,"ocean_menu_typo_spacing_mobile":0,"ocean_menu_typo_spacing_unit":"","ocean_menu_link_color":"","ocean_menu_link_color_hover":"","ocean_menu_link_color_active":"","ocean_menu_link_background":"","ocean_menu_link_hover_background":"","ocean_menu_link_active_background":"","ocean_menu_social_links_bg":"","ocean_menu_social_hover_links_bg":"","ocean_menu_social_links_color":"","ocean_menu_social_hover_links_color":"","ocean_disable_title":"default","ocean_disable_heading":"default","ocean_post_title":"","ocean_post_subheading":"","ocean_post_title_style":"","ocean_post_title_background_color":"","ocean_post_title_background":0,"ocean_post_title_bg_image_position":"","ocean_post_title_bg_image_attachment":"","ocean_post_title_bg_image_repeat":"","ocean_post_title_bg_image_size":"","ocean_post_title_height":0,"ocean_post_title_bg_overlay":0.5,"ocean_post_title_bg_overlay_color":"","ocean_disable_breadcrumbs":"default","ocean_breadcrumbs_color":"","ocean_breadcrumbs_separator_color":"","ocean_breadcrumbs_links_color":"","ocean_breadcrumbs_links_hover_color":"","ocean_display_footer_widgets":"default","ocean_display_footer_bottom":"default","ocean_custom_footer_template":"","ocean_post_oembed":"","ocean_post_self_hosted_media":"","ocean_post_video_embed":"","ocean_link_format":"","ocean_link_format_target":"self","ocean_quote_format":"","ocean_quote_format_link":"post","ocean_gallery_link_images":"on","ocean_gallery_id":[],"footnotes":""},"categories":[28,9],"tags":[],"post_folder":[],"class_list":["post-3258","post","type-post","status-publish","format-standard","hentry","category-actions-regionales","category-actions-et-communiques","entry"],"yoast_head":"<!-- This site is optimized with the Yoast SEO plugin v27.4 - https:\/\/yoast.com\/product\/yoast-seo-wordpress\/ -->\n<title>AESH...pour enfin avancer et pr\u00e9ciser le statut, les missions, le temps de travail...de nos coll\u00e8gues - PAYS DE LA LOIRE<\/title>\n<meta name=\"robots\" content=\"index, follow, max-snippet:-1, max-image-preview:large, max-video-preview:-1\" \/>\n<link rel=\"canonical\" href=\"https:\/\/regions-snetap-fsu.fr\/pdl\/2019\/05\/09\/aesh-pour-enfin-avancer-et-preciser-le-statut-les-missions-le-temps-de-travail\/\" \/>\n<meta property=\"og:locale\" content=\"fr_FR\" \/>\n<meta property=\"og:type\" content=\"article\" \/>\n<meta property=\"og:title\" content=\"AESH...pour enfin avancer et pr\u00e9ciser le statut, les missions, le temps de travail...de nos coll\u00e8gues - PAYS DE LA LOIRE\" \/>\n<meta property=\"og:description\" content=\"Compte rendu par le SNETAP-FSU du groupe de travail AESH des Pays de la Loire du 26\/04\/2019 Le 26 avril dernier s&rsquo;est tenu \u00e0 Nantes un groupe de travail sur la situation, les missions de nos coll\u00e8gues AESH. Etaient pr\u00e9sents : une repr\u00e9sentante du SRFD, trois repr\u00e9sentantes des CPE, 4 repr\u00e9sentant\u00b7es AESH, une repr\u00e9sentante des [&hellip;]\" \/>\n<meta property=\"og:url\" content=\"https:\/\/regions-snetap-fsu.fr\/pdl\/2019\/05\/09\/aesh-pour-enfin-avancer-et-preciser-le-statut-les-missions-le-temps-de-travail\/\" \/>\n<meta property=\"og:site_name\" content=\"PAYS DE LA LOIRE\" \/>\n<meta property=\"article:published_time\" content=\"2019-05-09T17:13:33+00:00\" \/>\n<meta property=\"article:modified_time\" content=\"2019-05-09T17:21:40+00:00\" \/>\n<meta name=\"author\" content=\"yvigner\" \/>\n<meta name=\"twitter:card\" content=\"summary_large_image\" \/>\n<meta name=\"twitter:label1\" content=\"\u00c9crit par\" \/>\n\t<meta name=\"twitter:data1\" content=\"yvigner\" \/>\n\t<meta name=\"twitter:label2\" content=\"Dur\u00e9e de lecture estim\u00e9e\" \/>\n\t<meta name=\"twitter:data2\" content=\"9 minutes\" \/>\n<script type=\"application\/ld+json\" class=\"yoast-schema-graph\">{\"@context\":\"https:\\\/\\\/schema.org\",\"@graph\":[{\"@type\":\"Article\",\"@id\":\"https:\\\/\\\/regions-snetap-fsu.fr\\\/pdl\\\/2019\\\/05\\\/09\\\/aesh-pour-enfin-avancer-et-preciser-le-statut-les-missions-le-temps-de-travail\\\/#article\",\"isPartOf\":{\"@id\":\"https:\\\/\\\/regions-snetap-fsu.fr\\\/pdl\\\/2019\\\/05\\\/09\\\/aesh-pour-enfin-avancer-et-preciser-le-statut-les-missions-le-temps-de-travail\\\/\"},\"author\":{\"name\":\"yvigner\",\"@id\":\"https:\\\/\\\/regions-snetap-fsu.fr\\\/pdl\\\/#\\\/schema\\\/person\\\/d4530af043f9e8d27bdd71c468ec93b1\"},\"headline\":\"AESH&#8230;pour enfin avancer et pr\u00e9ciser le statut, les missions, le temps de travail&#8230;de nos coll\u00e8gues\",\"datePublished\":\"2019-05-09T17:13:33+00:00\",\"dateModified\":\"2019-05-09T17:21:40+00:00\",\"mainEntityOfPage\":{\"@id\":\"https:\\\/\\\/regions-snetap-fsu.fr\\\/pdl\\\/2019\\\/05\\\/09\\\/aesh-pour-enfin-avancer-et-preciser-le-statut-les-missions-le-temps-de-travail\\\/\"},\"wordCount\":1826,\"publisher\":{\"@id\":\"https:\\\/\\\/regions-snetap-fsu.fr\\\/pdl\\\/#organization\"},\"articleSection\":[\"Actions r\u00e9gionales\",\"Communiqu\u00e9s\"],\"inLanguage\":\"fr-FR\"},{\"@type\":\"WebPage\",\"@id\":\"https:\\\/\\\/regions-snetap-fsu.fr\\\/pdl\\\/2019\\\/05\\\/09\\\/aesh-pour-enfin-avancer-et-preciser-le-statut-les-missions-le-temps-de-travail\\\/\",\"url\":\"https:\\\/\\\/regions-snetap-fsu.fr\\\/pdl\\\/2019\\\/05\\\/09\\\/aesh-pour-enfin-avancer-et-preciser-le-statut-les-missions-le-temps-de-travail\\\/\",\"name\":\"AESH...pour enfin avancer et pr\u00e9ciser le statut, les missions, le temps de travail...de nos coll\u00e8gues - PAYS DE LA LOIRE\",\"isPartOf\":{\"@id\":\"https:\\\/\\\/regions-snetap-fsu.fr\\\/pdl\\\/#website\"},\"datePublished\":\"2019-05-09T17:13:33+00:00\",\"dateModified\":\"2019-05-09T17:21:40+00:00\",\"breadcrumb\":{\"@id\":\"https:\\\/\\\/regions-snetap-fsu.fr\\\/pdl\\\/2019\\\/05\\\/09\\\/aesh-pour-enfin-avancer-et-preciser-le-statut-les-missions-le-temps-de-travail\\\/#breadcrumb\"},\"inLanguage\":\"fr-FR\",\"potentialAction\":[{\"@type\":\"ReadAction\",\"target\":[\"https:\\\/\\\/regions-snetap-fsu.fr\\\/pdl\\\/2019\\\/05\\\/09\\\/aesh-pour-enfin-avancer-et-preciser-le-statut-les-missions-le-temps-de-travail\\\/\"]}]},{\"@type\":\"BreadcrumbList\",\"@id\":\"https:\\\/\\\/regions-snetap-fsu.fr\\\/pdl\\\/2019\\\/05\\\/09\\\/aesh-pour-enfin-avancer-et-preciser-le-statut-les-missions-le-temps-de-travail\\\/#breadcrumb\",\"itemListElement\":[{\"@type\":\"ListItem\",\"position\":1,\"name\":\"Accueil\",\"item\":\"https:\\\/\\\/regions-snetap-fsu.fr\\\/pdl\\\/\"},{\"@type\":\"ListItem\",\"position\":2,\"name\":\"AESH&#8230;pour enfin avancer et pr\u00e9ciser le statut, les missions, le temps de travail&#8230;de nos coll\u00e8gues\"}]},{\"@type\":\"WebSite\",\"@id\":\"https:\\\/\\\/regions-snetap-fsu.fr\\\/pdl\\\/#website\",\"url\":\"https:\\\/\\\/regions-snetap-fsu.fr\\\/pdl\\\/\",\"name\":\"SNETAP-FSU PAYS DE LA LOIRE\",\"description\":\"SECTION REGIONALE\",\"publisher\":{\"@id\":\"https:\\\/\\\/regions-snetap-fsu.fr\\\/pdl\\\/#organization\"},\"potentialAction\":[{\"@type\":\"SearchAction\",\"target\":{\"@type\":\"EntryPoint\",\"urlTemplate\":\"https:\\\/\\\/regions-snetap-fsu.fr\\\/pdl\\\/?s={search_term_string}\"},\"query-input\":{\"@type\":\"PropertyValueSpecification\",\"valueRequired\":true,\"valueName\":\"search_term_string\"}}],\"inLanguage\":\"fr-FR\"},{\"@type\":\"Organization\",\"@id\":\"https:\\\/\\\/regions-snetap-fsu.fr\\\/pdl\\\/#organization\",\"name\":\"SNETAP-FSU Pays de Loire\",\"url\":\"https:\\\/\\\/regions-snetap-fsu.fr\\\/pdl\\\/\",\"logo\":{\"@type\":\"ImageObject\",\"inLanguage\":\"fr-FR\",\"@id\":\"https:\\\/\\\/regions-snetap-fsu.fr\\\/pdl\\\/#\\\/schema\\\/logo\\\/image\\\/\",\"url\":\"https:\\\/\\\/regions-snetap-fsu.fr\\\/pdl\\\/wp-content\\\/uploads\\\/sites\\\/4\\\/2020\\\/12\\\/SNETAP-Logo.jpg\",\"contentUrl\":\"https:\\\/\\\/regions-snetap-fsu.fr\\\/pdl\\\/wp-content\\\/uploads\\\/sites\\\/4\\\/2020\\\/12\\\/SNETAP-Logo.jpg\",\"width\":464,\"height\":334,\"caption\":\"SNETAP-FSU Pays de Loire\"},\"image\":{\"@id\":\"https:\\\/\\\/regions-snetap-fsu.fr\\\/pdl\\\/#\\\/schema\\\/logo\\\/image\\\/\"}},{\"@type\":\"Person\",\"@id\":\"https:\\\/\\\/regions-snetap-fsu.fr\\\/pdl\\\/#\\\/schema\\\/person\\\/d4530af043f9e8d27bdd71c468ec93b1\",\"name\":\"yvigner\",\"image\":{\"@type\":\"ImageObject\",\"inLanguage\":\"fr-FR\",\"@id\":\"https:\\\/\\\/secure.gravatar.com\\\/avatar\\\/bc72baa6f2406549aecf77a837bc4f03dbe88472c1762138f868571430a23820?s=96&d=mm&r=g\",\"url\":\"https:\\\/\\\/secure.gravatar.com\\\/avatar\\\/bc72baa6f2406549aecf77a837bc4f03dbe88472c1762138f868571430a23820?s=96&d=mm&r=g\",\"contentUrl\":\"https:\\\/\\\/secure.gravatar.com\\\/avatar\\\/bc72baa6f2406549aecf77a837bc4f03dbe88472c1762138f868571430a23820?s=96&d=mm&r=g\",\"caption\":\"yvigner\"},\"url\":\"https:\\\/\\\/regions-snetap-fsu.fr\\\/pdl\\\/author\\\/yvigner\\\/\"}]}<\/script>\n<!-- \/ Yoast SEO plugin. -->","yoast_head_json":{"title":"AESH...pour enfin avancer et pr\u00e9ciser le statut, les missions, le temps de travail...de nos coll\u00e8gues - PAYS DE LA LOIRE","robots":{"index":"index","follow":"follow","max-snippet":"max-snippet:-1","max-image-preview":"max-image-preview:large","max-video-preview":"max-video-preview:-1"},"canonical":"https:\/\/regions-snetap-fsu.fr\/pdl\/2019\/05\/09\/aesh-pour-enfin-avancer-et-preciser-le-statut-les-missions-le-temps-de-travail\/","og_locale":"fr_FR","og_type":"article","og_title":"AESH...pour enfin avancer et pr\u00e9ciser le statut, les missions, le temps de travail...de nos coll\u00e8gues - PAYS DE LA LOIRE","og_description":"Compte rendu par le SNETAP-FSU du groupe de travail AESH des Pays de la Loire du 26\/04\/2019 Le 26 avril dernier s&rsquo;est tenu \u00e0 Nantes un groupe de travail sur la situation, les missions de nos coll\u00e8gues AESH. Etaient pr\u00e9sents : une repr\u00e9sentante du SRFD, trois repr\u00e9sentantes des CPE, 4 repr\u00e9sentant\u00b7es AESH, une repr\u00e9sentante des [&hellip;]","og_url":"https:\/\/regions-snetap-fsu.fr\/pdl\/2019\/05\/09\/aesh-pour-enfin-avancer-et-preciser-le-statut-les-missions-le-temps-de-travail\/","og_site_name":"PAYS DE LA LOIRE","article_published_time":"2019-05-09T17:13:33+00:00","article_modified_time":"2019-05-09T17:21:40+00:00","author":"yvigner","twitter_card":"summary_large_image","twitter_misc":{"\u00c9crit par":"yvigner","Dur\u00e9e de lecture estim\u00e9e":"9 minutes"},"schema":{"@context":"https:\/\/schema.org","@graph":[{"@type":"Article","@id":"https:\/\/regions-snetap-fsu.fr\/pdl\/2019\/05\/09\/aesh-pour-enfin-avancer-et-preciser-le-statut-les-missions-le-temps-de-travail\/#article","isPartOf":{"@id":"https:\/\/regions-snetap-fsu.fr\/pdl\/2019\/05\/09\/aesh-pour-enfin-avancer-et-preciser-le-statut-les-missions-le-temps-de-travail\/"},"author":{"name":"yvigner","@id":"https:\/\/regions-snetap-fsu.fr\/pdl\/#\/schema\/person\/d4530af043f9e8d27bdd71c468ec93b1"},"headline":"AESH&#8230;pour enfin avancer et pr\u00e9ciser le statut, les missions, le temps de travail&#8230;de nos coll\u00e8gues","datePublished":"2019-05-09T17:13:33+00:00","dateModified":"2019-05-09T17:21:40+00:00","mainEntityOfPage":{"@id":"https:\/\/regions-snetap-fsu.fr\/pdl\/2019\/05\/09\/aesh-pour-enfin-avancer-et-preciser-le-statut-les-missions-le-temps-de-travail\/"},"wordCount":1826,"publisher":{"@id":"https:\/\/regions-snetap-fsu.fr\/pdl\/#organization"},"articleSection":["Actions r\u00e9gionales","Communiqu\u00e9s"],"inLanguage":"fr-FR"},{"@type":"WebPage","@id":"https:\/\/regions-snetap-fsu.fr\/pdl\/2019\/05\/09\/aesh-pour-enfin-avancer-et-preciser-le-statut-les-missions-le-temps-de-travail\/","url":"https:\/\/regions-snetap-fsu.fr\/pdl\/2019\/05\/09\/aesh-pour-enfin-avancer-et-preciser-le-statut-les-missions-le-temps-de-travail\/","name":"AESH...pour enfin avancer et pr\u00e9ciser le statut, les missions, le temps de travail...de nos coll\u00e8gues - PAYS DE LA LOIRE","isPartOf":{"@id":"https:\/\/regions-snetap-fsu.fr\/pdl\/#website"},"datePublished":"2019-05-09T17:13:33+00:00","dateModified":"2019-05-09T17:21:40+00:00","breadcrumb":{"@id":"https:\/\/regions-snetap-fsu.fr\/pdl\/2019\/05\/09\/aesh-pour-enfin-avancer-et-preciser-le-statut-les-missions-le-temps-de-travail\/#breadcrumb"},"inLanguage":"fr-FR","potentialAction":[{"@type":"ReadAction","target":["https:\/\/regions-snetap-fsu.fr\/pdl\/2019\/05\/09\/aesh-pour-enfin-avancer-et-preciser-le-statut-les-missions-le-temps-de-travail\/"]}]},{"@type":"BreadcrumbList","@id":"https:\/\/regions-snetap-fsu.fr\/pdl\/2019\/05\/09\/aesh-pour-enfin-avancer-et-preciser-le-statut-les-missions-le-temps-de-travail\/#breadcrumb","itemListElement":[{"@type":"ListItem","position":1,"name":"Accueil","item":"https:\/\/regions-snetap-fsu.fr\/pdl\/"},{"@type":"ListItem","position":2,"name":"AESH&#8230;pour enfin avancer et pr\u00e9ciser le statut, les missions, le temps de travail&#8230;de nos coll\u00e8gues"}]},{"@type":"WebSite","@id":"https:\/\/regions-snetap-fsu.fr\/pdl\/#website","url":"https:\/\/regions-snetap-fsu.fr\/pdl\/","name":"SNETAP-FSU PAYS DE LA LOIRE","description":"SECTION REGIONALE","publisher":{"@id":"https:\/\/regions-snetap-fsu.fr\/pdl\/#organization"},"potentialAction":[{"@type":"SearchAction","target":{"@type":"EntryPoint","urlTemplate":"https:\/\/regions-snetap-fsu.fr\/pdl\/?s={search_term_string}"},"query-input":{"@type":"PropertyValueSpecification","valueRequired":true,"valueName":"search_term_string"}}],"inLanguage":"fr-FR"},{"@type":"Organization","@id":"https:\/\/regions-snetap-fsu.fr\/pdl\/#organization","name":"SNETAP-FSU Pays de Loire","url":"https:\/\/regions-snetap-fsu.fr\/pdl\/","logo":{"@type":"ImageObject","inLanguage":"fr-FR","@id":"https:\/\/regions-snetap-fsu.fr\/pdl\/#\/schema\/logo\/image\/","url":"https:\/\/regions-snetap-fsu.fr\/pdl\/wp-content\/uploads\/sites\/4\/2020\/12\/SNETAP-Logo.jpg","contentUrl":"https:\/\/regions-snetap-fsu.fr\/pdl\/wp-content\/uploads\/sites\/4\/2020\/12\/SNETAP-Logo.jpg","width":464,"height":334,"caption":"SNETAP-FSU Pays de Loire"},"image":{"@id":"https:\/\/regions-snetap-fsu.fr\/pdl\/#\/schema\/logo\/image\/"}},{"@type":"Person","@id":"https:\/\/regions-snetap-fsu.fr\/pdl\/#\/schema\/person\/d4530af043f9e8d27bdd71c468ec93b1","name":"yvigner","image":{"@type":"ImageObject","inLanguage":"fr-FR","@id":"https:\/\/secure.gravatar.com\/avatar\/bc72baa6f2406549aecf77a837bc4f03dbe88472c1762138f868571430a23820?s=96&d=mm&r=g","url":"https:\/\/secure.gravatar.com\/avatar\/bc72baa6f2406549aecf77a837bc4f03dbe88472c1762138f868571430a23820?s=96&d=mm&r=g","contentUrl":"https:\/\/secure.gravatar.com\/avatar\/bc72baa6f2406549aecf77a837bc4f03dbe88472c1762138f868571430a23820?s=96&d=mm&r=g","caption":"yvigner"},"url":"https:\/\/regions-snetap-fsu.fr\/pdl\/author\/yvigner\/"}]}},"_links":{"self":[{"href":"https:\/\/regions-snetap-fsu.fr\/pdl\/wp-json\/wp\/v2\/posts\/3258","targetHints":{"allow":["GET"]}}],"collection":[{"href":"https:\/\/regions-snetap-fsu.fr\/pdl\/wp-json\/wp\/v2\/posts"}],"about":[{"href":"https:\/\/regions-snetap-fsu.fr\/pdl\/wp-json\/wp\/v2\/types\/post"}],"author":[{"embeddable":true,"href":"https:\/\/regions-snetap-fsu.fr\/pdl\/wp-json\/wp\/v2\/users\/2"}],"replies":[{"embeddable":true,"href":"https:\/\/regions-snetap-fsu.fr\/pdl\/wp-json\/wp\/v2\/comments?post=3258"}],"version-history":[{"count":7,"href":"https:\/\/regions-snetap-fsu.fr\/pdl\/wp-json\/wp\/v2\/posts\/3258\/revisions"}],"predecessor-version":[{"id":3323,"href":"https:\/\/regions-snetap-fsu.fr\/pdl\/wp-json\/wp\/v2\/posts\/3258\/revisions\/3323"}],"wp:attachment":[{"href":"https:\/\/regions-snetap-fsu.fr\/pdl\/wp-json\/wp\/v2\/media?parent=3258"}],"wp:term":[{"taxonomy":"category","embeddable":true,"href":"https:\/\/regions-snetap-fsu.fr\/pdl\/wp-json\/wp\/v2\/categories?post=3258"},{"taxonomy":"post_tag","embeddable":true,"href":"https:\/\/regions-snetap-fsu.fr\/pdl\/wp-json\/wp\/v2\/tags?post=3258"},{"taxonomy":"post_folder","embeddable":true,"href":"https:\/\/regions-snetap-fsu.fr\/pdl\/wp-json\/wp\/v2\/post_folder?post=3258"}],"curies":[{"name":"wp","href":"https:\/\/api.w.org\/{rel}","templated":true}]}}