{"id":3230,"date":"2019-04-03T19:12:48","date_gmt":"2019-04-03T17:12:48","guid":{"rendered":"https:\/\/regions-snetap-fsu.fr\/pdl\/?p=3230"},"modified":"2019-04-03T19:12:48","modified_gmt":"2019-04-03T17:12:48","slug":"quand-le-ministre-de-lagriculture-meprise-ses-personnels-et-les-eleves","status":"publish","type":"post","link":"https:\/\/regions-snetap-fsu.fr\/pdl\/2019\/04\/03\/quand-le-ministre-de-lagriculture-meprise-ses-personnels-et-les-eleves\/","title":{"rendered":"Quand le Ministre de l&rsquo;Agriculture m\u00e9prise ses personnels et les \u00e9l\u00e8ves"},"content":{"rendered":"<p style=\"text-align: justify;\"><span style=\"font-family: arial, helvetica, sans-serif;\">Le mardi 2 avril pr\u00e8s de 30 repr\u00e9sentants des lyc\u00e9es agricoles publics lig\u00e9riens se sont rendus \u00e0 la DRAAF des Pays de la Loire \u00e0 Nantes dans le cadre de la journ\u00e9e d&rsquo;action d\u00e9cid\u00e9e par l&rsquo;Intersyndicale nationale \u00e0 l&rsquo;occasion du CNEA (conseil national de l&rsquo;enseignement agricole). Il s&rsquo;agissait de d\u00e9noncer la baisse drastique des moyens pour la rentr\u00e9e prochaine.<\/span><\/p>\n<p style=\"text-align: justify;\"><span style=\"font-family: arial, helvetica, sans-serif;\"><strong> Ainsi, ce sera pr\u00e8s de 2% de volume horaire en moins (soit 5300 heures !) pour les lyc\u00e9es agricoles publics des Pays de la Loire. Ainsi la Direction g\u00e9n\u00e9rale de l&rsquo;enseignement agricole a d\u00e9cid\u00e9 unilat\u00e9ralement de supprimer les seuils de d\u00e9doublement p\u00e9dagogique. De fa\u00e7on tout \u00e0 fait incroyable, les cours d&rsquo;informatique, de documentation, de TP de sciences physiques-chimie et biologie-\u00e9cologie, les TP de mati\u00e8res techniques, auraient d\u00e9sormais lieu sans prendre en compte le nombre d&rsquo;\u00e9l\u00e8ves. Il n&rsquo;est pas utile de vous pr\u00e9ciser les conditions d&rsquo;apprentissage des \u00e9l\u00e8ves et de travail des personnels quand les salles de laboratoire ne comprennent que 24 places (voire 16 parfois), que les salles informatiques ne comprennent que 16 places. Inutile de pr\u00e9ciser les conditions d&rsquo;apprentissages dans les TP pratiques sans condition de seuil !!!<\/strong><\/span><\/p>\n<p style=\"text-align: justify;\"><span style=\"font-family: arial, helvetica, sans-serif;\">Alors que la tr\u00e8s grande majorit\u00e9 des personnels et de leurs repr\u00e9sentants d\u00e9noncent ces mesures.\u00a0Alors que le gouvernement a lanc\u00e9 un grand d\u00e9bat national pour \u00e9couter, prendre le pouls des citoyens, le Ministre de l&rsquo;Agriculture persiste et continue de m\u00e9priser l&rsquo;avis de ses agents.\u00a0<\/span><\/p>\n<p style=\"text-align: justify;\"><span style=\"font-family: arial, helvetica, sans-serif;\">La d\u00e9l\u00e9gation compl\u00e8te a rencontr\u00e9 ce mardi 2 avril le SRFD et le DRAAF des Pays de la Loire. Ces derniers ont bien confirm\u00e9 la baisse de la DGH, la suppression des seuils. Mais ici les r\u00e9ponses des autorit\u00e9s acad\u00e9miques sont affligeantes. Les \u00e9tablissements devront faire avec moins. Ils devront organiser eux m\u00eame les d\u00e9doublements, les options&#8230; avec moins de moyens. <strong>C&rsquo;est donc aux \u00e9quipes de Direction, aux personnels de g\u00e9rer la p\u00e9nurie ! C&rsquo;est donc faites mieux (car il faut relancer une dynamique et augmenter les effectifs dans les \u00e9tablissements !) avec moins d&rsquo;heures. <span style=\"font-size: 14pt;\">INSUPPORTABLE !<\/span><\/strong><\/span><\/p>\n<p style=\"text-align: justify;\"><span style=\"font-family: arial, helvetica, sans-serif;\">Il est annonc\u00e9 une hausse de la DGH optionnelle (+60%) \u00e0 1,6% de la DGH obligatoire. Mais dans les \u00e9tablissements on nous dit qu&rsquo;il ne sera pas possible de financer les options. Bref, <strong><span style=\"font-size: 14pt;\">une DGH INVIS<\/span><span style=\"font-size: 14pt;\">IBLE <\/span><span style=\"font-size: 14pt;\">!<\/span><\/strong><\/span><\/p>\n<p style=\"text-align: justify;\"><span style=\"font-family: arial, helvetica, sans-serif;\"><strong>MAIS en plus de cette annonce terrible se rajoute de l&rsquo;<span style=\"font-size: 14pt;\">ubuesque<\/span> ! Car cette baisse de DGH ne serait effective qu&rsquo;en 2022 !\u00a0 A quel rythme va s&rsquo;effectuer cette baisse ? dans quels \u00e9tablissements ? Quelle est alors la DGH pr\u00e9visionnelle pour septembre 2019 ? <span style=\"font-size: 14pt;\">INCOMPREHENSIBLE !<\/span><\/strong><\/span><\/p>\n<p><span style=\"font-family: arial, helvetica, sans-serif;\">Cette situation renforce le m\u00e9pris envers les personnels, fragilise nos \u00e9tablissements, Les personnels devront continuer \u00e0 se mobiliser pour refuser cette casse sans pr\u00e9c\u00e9dent de l&rsquo;enseignement agricole public.\u00a0<\/span><\/p>\n<p style=\"text-align: right;\"><span style=\"font-family: arial, helvetica, sans-serif;\">Nantes, le 2 avril 2019<\/span><\/p>\n<p>&nbsp;<\/p>\n<p><img fetchpriority=\"high\" decoding=\"async\" class=\"alignnone size-medium wp-image-3235\" src=\"https:\/\/regions-snetap-fsu.fr\/pdl\/wp-content\/uploads\/sites\/4\/2019\/04\/2019-04-02-15.05.43-e1554293100271-169x300.jpg\" alt=\"\" width=\"169\" height=\"300\" srcset=\"https:\/\/regions-snetap-fsu.fr\/pdl\/wp-content\/uploads\/sites\/4\/2019\/04\/2019-04-02-15.05.43-e1554293100271-169x300.jpg 169w, https:\/\/regions-snetap-fsu.fr\/pdl\/wp-content\/uploads\/sites\/4\/2019\/04\/2019-04-02-15.05.43-e1554293100271-768x1365.jpg 768w, https:\/\/regions-snetap-fsu.fr\/pdl\/wp-content\/uploads\/sites\/4\/2019\/04\/2019-04-02-15.05.43-e1554293100271-576x1024.jpg 576w, https:\/\/regions-snetap-fsu.fr\/pdl\/wp-content\/uploads\/sites\/4\/2019\/04\/2019-04-02-15.05.43-e1554293100271-100x178.jpg 100w, https:\/\/regions-snetap-fsu.fr\/pdl\/wp-content\/uploads\/sites\/4\/2019\/04\/2019-04-02-15.05.43-e1554293100271-150x267.jpg 150w, https:\/\/regions-snetap-fsu.fr\/pdl\/wp-content\/uploads\/sites\/4\/2019\/04\/2019-04-02-15.05.43-e1554293100271-200x356.jpg 200w, https:\/\/regions-snetap-fsu.fr\/pdl\/wp-content\/uploads\/sites\/4\/2019\/04\/2019-04-02-15.05.43-e1554293100271-300x533.jpg 300w, https:\/\/regions-snetap-fsu.fr\/pdl\/wp-content\/uploads\/sites\/4\/2019\/04\/2019-04-02-15.05.43-e1554293100271-450x800.jpg 450w, https:\/\/regions-snetap-fsu.fr\/pdl\/wp-content\/uploads\/sites\/4\/2019\/04\/2019-04-02-15.05.43-e1554293100271-600x1067.jpg 600w, https:\/\/regions-snetap-fsu.fr\/pdl\/wp-content\/uploads\/sites\/4\/2019\/04\/2019-04-02-15.05.43-e1554293100271-900x1600.jpg 900w, https:\/\/regions-snetap-fsu.fr\/pdl\/wp-content\/uploads\/sites\/4\/2019\/04\/2019-04-02-15.05.43-e1554293100271.jpg 1440w\" sizes=\"(max-width: 169px) 100vw, 169px\" \/> <img decoding=\"async\" class=\"alignnone size-medium wp-image-3234\" src=\"https:\/\/regions-snetap-fsu.fr\/pdl\/wp-content\/uploads\/sites\/4\/2019\/04\/2019-04-02-15.05.37-e1554293120495-169x300.jpg\" alt=\"\" width=\"169\" height=\"300\" srcset=\"https:\/\/regions-snetap-fsu.fr\/pdl\/wp-content\/uploads\/sites\/4\/2019\/04\/2019-04-02-15.05.37-e1554293120495-169x300.jpg 169w, https:\/\/regions-snetap-fsu.fr\/pdl\/wp-content\/uploads\/sites\/4\/2019\/04\/2019-04-02-15.05.37-e1554293120495-768x1365.jpg 768w, https:\/\/regions-snetap-fsu.fr\/pdl\/wp-content\/uploads\/sites\/4\/2019\/04\/2019-04-02-15.05.37-e1554293120495-576x1024.jpg 576w, https:\/\/regions-snetap-fsu.fr\/pdl\/wp-content\/uploads\/sites\/4\/2019\/04\/2019-04-02-15.05.37-e1554293120495-100x178.jpg 100w, https:\/\/regions-snetap-fsu.fr\/pdl\/wp-content\/uploads\/sites\/4\/2019\/04\/2019-04-02-15.05.37-e1554293120495-150x267.jpg 150w, https:\/\/regions-snetap-fsu.fr\/pdl\/wp-content\/uploads\/sites\/4\/2019\/04\/2019-04-02-15.05.37-e1554293120495-200x356.jpg 200w, https:\/\/regions-snetap-fsu.fr\/pdl\/wp-content\/uploads\/sites\/4\/2019\/04\/2019-04-02-15.05.37-e1554293120495-300x533.jpg 300w, https:\/\/regions-snetap-fsu.fr\/pdl\/wp-content\/uploads\/sites\/4\/2019\/04\/2019-04-02-15.05.37-e1554293120495-450x800.jpg 450w, https:\/\/regions-snetap-fsu.fr\/pdl\/wp-content\/uploads\/sites\/4\/2019\/04\/2019-04-02-15.05.37-e1554293120495-600x1067.jpg 600w, https:\/\/regions-snetap-fsu.fr\/pdl\/wp-content\/uploads\/sites\/4\/2019\/04\/2019-04-02-15.05.37-e1554293120495-900x1600.jpg 900w, https:\/\/regions-snetap-fsu.fr\/pdl\/wp-content\/uploads\/sites\/4\/2019\/04\/2019-04-02-15.05.37-e1554293120495.jpg 1440w\" sizes=\"(max-width: 169px) 100vw, 169px\" \/> <img decoding=\"async\" class=\"alignnone size-medium wp-image-3233\" src=\"https:\/\/regions-snetap-fsu.fr\/pdl\/wp-content\/uploads\/sites\/4\/2019\/04\/2019-04-02-15.05.29-e1554293136458-169x300.jpg\" alt=\"\" width=\"169\" height=\"300\" srcset=\"https:\/\/regions-snetap-fsu.fr\/pdl\/wp-content\/uploads\/sites\/4\/2019\/04\/2019-04-02-15.05.29-e1554293136458-169x300.jpg 169w, https:\/\/regions-snetap-fsu.fr\/pdl\/wp-content\/uploads\/sites\/4\/2019\/04\/2019-04-02-15.05.29-e1554293136458-768x1365.jpg 768w, https:\/\/regions-snetap-fsu.fr\/pdl\/wp-content\/uploads\/sites\/4\/2019\/04\/2019-04-02-15.05.29-e1554293136458-576x1024.jpg 576w, https:\/\/regions-snetap-fsu.fr\/pdl\/wp-content\/uploads\/sites\/4\/2019\/04\/2019-04-02-15.05.29-e1554293136458-100x178.jpg 100w, https:\/\/regions-snetap-fsu.fr\/pdl\/wp-content\/uploads\/sites\/4\/2019\/04\/2019-04-02-15.05.29-e1554293136458-150x267.jpg 150w, https:\/\/regions-snetap-fsu.fr\/pdl\/wp-content\/uploads\/sites\/4\/2019\/04\/2019-04-02-15.05.29-e1554293136458-200x356.jpg 200w, https:\/\/regions-snetap-fsu.fr\/pdl\/wp-content\/uploads\/sites\/4\/2019\/04\/2019-04-02-15.05.29-e1554293136458-300x533.jpg 300w, https:\/\/regions-snetap-fsu.fr\/pdl\/wp-content\/uploads\/sites\/4\/2019\/04\/2019-04-02-15.05.29-e1554293136458-450x800.jpg 450w, https:\/\/regions-snetap-fsu.fr\/pdl\/wp-content\/uploads\/sites\/4\/2019\/04\/2019-04-02-15.05.29-e1554293136458-600x1067.jpg 600w, https:\/\/regions-snetap-fsu.fr\/pdl\/wp-content\/uploads\/sites\/4\/2019\/04\/2019-04-02-15.05.29-e1554293136458-900x1600.jpg 900w, https:\/\/regions-snetap-fsu.fr\/pdl\/wp-content\/uploads\/sites\/4\/2019\/04\/2019-04-02-15.05.29-e1554293136458.jpg 1440w\" sizes=\"(max-width: 169px) 100vw, 169px\" \/> <img loading=\"lazy\" decoding=\"async\" class=\"alignnone size-medium wp-image-3231\" src=\"https:\/\/regions-snetap-fsu.fr\/pdl\/wp-content\/uploads\/sites\/4\/2019\/04\/2019-04-02-14.49.48-300x169.jpg\" alt=\"\" width=\"300\" height=\"169\" srcset=\"https:\/\/regions-snetap-fsu.fr\/pdl\/wp-content\/uploads\/sites\/4\/2019\/04\/2019-04-02-14.49.48-300x169.jpg 300w, https:\/\/regions-snetap-fsu.fr\/pdl\/wp-content\/uploads\/sites\/4\/2019\/04\/2019-04-02-14.49.48-768x432.jpg 768w, https:\/\/regions-snetap-fsu.fr\/pdl\/wp-content\/uploads\/sites\/4\/2019\/04\/2019-04-02-14.49.48-1024x576.jpg 1024w, https:\/\/regions-snetap-fsu.fr\/pdl\/wp-content\/uploads\/sites\/4\/2019\/04\/2019-04-02-14.49.48-100x56.jpg 100w, https:\/\/regions-snetap-fsu.fr\/pdl\/wp-content\/uploads\/sites\/4\/2019\/04\/2019-04-02-14.49.48-150x84.jpg 150w, https:\/\/regions-snetap-fsu.fr\/pdl\/wp-content\/uploads\/sites\/4\/2019\/04\/2019-04-02-14.49.48-200x113.jpg 200w, https:\/\/regions-snetap-fsu.fr\/pdl\/wp-content\/uploads\/sites\/4\/2019\/04\/2019-04-02-14.49.48-450x253.jpg 450w, https:\/\/regions-snetap-fsu.fr\/pdl\/wp-content\/uploads\/sites\/4\/2019\/04\/2019-04-02-14.49.48-600x338.jpg 600w, https:\/\/regions-snetap-fsu.fr\/pdl\/wp-content\/uploads\/sites\/4\/2019\/04\/2019-04-02-14.49.48-900x506.jpg 900w\" sizes=\"(max-width: 300px) 100vw, 300px\" \/><\/p>\n","protected":false},"excerpt":{"rendered":"<p>Le mardi 2 avril pr\u00e8s de 30 repr\u00e9sentants des lyc\u00e9es agricoles publics lig\u00e9riens se sont rendus \u00e0 la DRAAF des Pays de la Loire \u00e0 Nantes dans le cadre de la journ\u00e9e d&rsquo;action d\u00e9cid\u00e9e par l&rsquo;Intersyndicale nationale \u00e0 l&rsquo;occasion du CNEA (conseil national de l&rsquo;enseignement agricole). Il s&rsquo;agissait de d\u00e9noncer la baisse drastique des moyens [&hellip;]<\/p>\n","protected":false},"author":2,"featured_media":0,"comment_status":"closed","ping_status":"closed","sticky":false,"template":"","format":"standard","meta":{"ocean_post_layout":"","ocean_both_sidebars_style":"","ocean_both_sidebars_content_width":0,"ocean_both_sidebars_sidebars_width":0,"ocean_sidebar":"","ocean_second_sidebar":"","ocean_disable_margins":"enable","ocean_add_body_class":"","ocean_shortcode_before_top_bar":"","ocean_shortcode_after_top_bar":"","ocean_shortcode_before_header":"","ocean_shortcode_after_header":"","ocean_has_shortcode":"","ocean_shortcode_after_title":"","ocean_shortcode_before_footer_widgets":"","ocean_shortcode_after_footer_widgets":"","ocean_shortcode_before_footer_bottom":"","ocean_shortcode_after_footer_bottom":"","ocean_display_top_bar":"default","ocean_display_header":"default","ocean_header_style":"","ocean_center_header_left_menu":"","ocean_custom_header_template":"","ocean_custom_logo":0,"ocean_custom_retina_logo":0,"ocean_custom_logo_max_width":0,"ocean_custom_logo_tablet_max_width":0,"ocean_custom_logo_mobile_max_width":0,"ocean_custom_logo_max_height":0,"ocean_custom_logo_tablet_max_height":0,"ocean_custom_logo_mobile_max_height":0,"ocean_header_custom_menu":"","ocean_menu_typo_font_family":"","ocean_menu_typo_font_subset":"","ocean_menu_typo_font_size":0,"ocean_menu_typo_font_size_tablet":0,"ocean_menu_typo_font_size_mobile":0,"ocean_menu_typo_font_size_unit":"px","ocean_menu_typo_font_weight":"","ocean_menu_typo_font_weight_tablet":"","ocean_menu_typo_font_weight_mobile":"","ocean_menu_typo_transform":"","ocean_menu_typo_transform_tablet":"","ocean_menu_typo_transform_mobile":"","ocean_menu_typo_line_height":0,"ocean_menu_typo_line_height_tablet":0,"ocean_menu_typo_line_height_mobile":0,"ocean_menu_typo_line_height_unit":"","ocean_menu_typo_spacing":0,"ocean_menu_typo_spacing_tablet":0,"ocean_menu_typo_spacing_mobile":0,"ocean_menu_typo_spacing_unit":"","ocean_menu_link_color":"","ocean_menu_link_color_hover":"","ocean_menu_link_color_active":"","ocean_menu_link_background":"","ocean_menu_link_hover_background":"","ocean_menu_link_active_background":"","ocean_menu_social_links_bg":"","ocean_menu_social_hover_links_bg":"","ocean_menu_social_links_color":"","ocean_menu_social_hover_links_color":"","ocean_disable_title":"default","ocean_disable_heading":"default","ocean_post_title":"","ocean_post_subheading":"","ocean_post_title_style":"","ocean_post_title_background_color":"","ocean_post_title_background":0,"ocean_post_title_bg_image_position":"","ocean_post_title_bg_image_attachment":"","ocean_post_title_bg_image_repeat":"","ocean_post_title_bg_image_size":"","ocean_post_title_height":0,"ocean_post_title_bg_overlay":0.5,"ocean_post_title_bg_overlay_color":"","ocean_disable_breadcrumbs":"default","ocean_breadcrumbs_color":"","ocean_breadcrumbs_separator_color":"","ocean_breadcrumbs_links_color":"","ocean_breadcrumbs_links_hover_color":"","ocean_display_footer_widgets":"default","ocean_display_footer_bottom":"default","ocean_custom_footer_template":"","ocean_post_oembed":"","ocean_post_self_hosted_media":"","ocean_post_video_embed":"","ocean_link_format":"","ocean_link_format_target":"self","ocean_quote_format":"","ocean_quote_format_link":"post","ocean_gallery_link_images":"on","ocean_gallery_id":[],"footnotes":""},"categories":[28,9],"tags":[],"post_folder":[],"class_list":["post-3230","post","type-post","status-publish","format-standard","hentry","category-actions-regionales","category-actions-et-communiques","entry"],"yoast_head":"<!-- This site is optimized with the Yoast SEO plugin v27.4 - https:\/\/yoast.com\/product\/yoast-seo-wordpress\/ -->\n<title>Quand le Ministre de l&#039;Agriculture m\u00e9prise ses personnels et les \u00e9l\u00e8ves - PAYS DE LA LOIRE<\/title>\n<meta name=\"robots\" content=\"index, follow, max-snippet:-1, max-image-preview:large, max-video-preview:-1\" \/>\n<link rel=\"canonical\" href=\"https:\/\/regions-snetap-fsu.fr\/pdl\/2019\/04\/03\/quand-le-ministre-de-lagriculture-meprise-ses-personnels-et-les-eleves\/\" \/>\n<meta property=\"og:locale\" content=\"fr_FR\" \/>\n<meta property=\"og:type\" content=\"article\" \/>\n<meta property=\"og:title\" content=\"Quand le Ministre de l&#039;Agriculture m\u00e9prise ses personnels et les \u00e9l\u00e8ves - PAYS DE LA LOIRE\" \/>\n<meta property=\"og:description\" content=\"Le mardi 2 avril pr\u00e8s de 30 repr\u00e9sentants des lyc\u00e9es agricoles publics lig\u00e9riens se sont rendus \u00e0 la DRAAF des Pays de la Loire \u00e0 Nantes dans le cadre de la journ\u00e9e d&rsquo;action d\u00e9cid\u00e9e par l&rsquo;Intersyndicale nationale \u00e0 l&rsquo;occasion du CNEA (conseil national de l&rsquo;enseignement agricole). Il s&rsquo;agissait de d\u00e9noncer la baisse drastique des moyens [&hellip;]\" \/>\n<meta property=\"og:url\" content=\"https:\/\/regions-snetap-fsu.fr\/pdl\/2019\/04\/03\/quand-le-ministre-de-lagriculture-meprise-ses-personnels-et-les-eleves\/\" \/>\n<meta property=\"og:site_name\" content=\"PAYS DE LA LOIRE\" \/>\n<meta property=\"article:published_time\" content=\"2019-04-03T17:12:48+00:00\" \/>\n<meta property=\"og:image\" content=\"https:\/\/regions-snetap-fsu.fr\/pdl\/wp-content\/uploads\/sites\/4\/2019\/04\/2019-04-02-15.05.43-e1554293100271-169x300.jpg\" \/>\n<meta name=\"author\" content=\"yvigner\" \/>\n<meta name=\"twitter:card\" content=\"summary_large_image\" \/>\n<meta name=\"twitter:label1\" content=\"\u00c9crit par\" \/>\n\t<meta name=\"twitter:data1\" content=\"yvigner\" \/>\n\t<meta name=\"twitter:label2\" content=\"Dur\u00e9e de lecture estim\u00e9e\" \/>\n\t<meta name=\"twitter:data2\" content=\"2 minutes\" \/>\n<script type=\"application\/ld+json\" class=\"yoast-schema-graph\">{\"@context\":\"https:\\\/\\\/schema.org\",\"@graph\":[{\"@type\":\"Article\",\"@id\":\"https:\\\/\\\/regions-snetap-fsu.fr\\\/pdl\\\/2019\\\/04\\\/03\\\/quand-le-ministre-de-lagriculture-meprise-ses-personnels-et-les-eleves\\\/#article\",\"isPartOf\":{\"@id\":\"https:\\\/\\\/regions-snetap-fsu.fr\\\/pdl\\\/2019\\\/04\\\/03\\\/quand-le-ministre-de-lagriculture-meprise-ses-personnels-et-les-eleves\\\/\"},\"author\":{\"name\":\"yvigner\",\"@id\":\"https:\\\/\\\/regions-snetap-fsu.fr\\\/pdl\\\/#\\\/schema\\\/person\\\/d4530af043f9e8d27bdd71c468ec93b1\"},\"headline\":\"Quand le Ministre de l&rsquo;Agriculture m\u00e9prise ses personnels et les \u00e9l\u00e8ves\",\"datePublished\":\"2019-04-03T17:12:48+00:00\",\"mainEntityOfPage\":{\"@id\":\"https:\\\/\\\/regions-snetap-fsu.fr\\\/pdl\\\/2019\\\/04\\\/03\\\/quand-le-ministre-de-lagriculture-meprise-ses-personnels-et-les-eleves\\\/\"},\"wordCount\":496,\"publisher\":{\"@id\":\"https:\\\/\\\/regions-snetap-fsu.fr\\\/pdl\\\/#organization\"},\"image\":{\"@id\":\"https:\\\/\\\/regions-snetap-fsu.fr\\\/pdl\\\/2019\\\/04\\\/03\\\/quand-le-ministre-de-lagriculture-meprise-ses-personnels-et-les-eleves\\\/#primaryimage\"},\"thumbnailUrl\":\"https:\\\/\\\/regions-snetap-fsu.fr\\\/pdl\\\/wp-content\\\/uploads\\\/sites\\\/4\\\/2019\\\/04\\\/2019-04-02-15.05.43-e1554293100271-169x300.jpg\",\"articleSection\":[\"Actions r\u00e9gionales\",\"Communiqu\u00e9s\"],\"inLanguage\":\"fr-FR\"},{\"@type\":\"WebPage\",\"@id\":\"https:\\\/\\\/regions-snetap-fsu.fr\\\/pdl\\\/2019\\\/04\\\/03\\\/quand-le-ministre-de-lagriculture-meprise-ses-personnels-et-les-eleves\\\/\",\"url\":\"https:\\\/\\\/regions-snetap-fsu.fr\\\/pdl\\\/2019\\\/04\\\/03\\\/quand-le-ministre-de-lagriculture-meprise-ses-personnels-et-les-eleves\\\/\",\"name\":\"Quand le Ministre de l'Agriculture m\u00e9prise ses personnels et les \u00e9l\u00e8ves - PAYS DE LA LOIRE\",\"isPartOf\":{\"@id\":\"https:\\\/\\\/regions-snetap-fsu.fr\\\/pdl\\\/#website\"},\"primaryImageOfPage\":{\"@id\":\"https:\\\/\\\/regions-snetap-fsu.fr\\\/pdl\\\/2019\\\/04\\\/03\\\/quand-le-ministre-de-lagriculture-meprise-ses-personnels-et-les-eleves\\\/#primaryimage\"},\"image\":{\"@id\":\"https:\\\/\\\/regions-snetap-fsu.fr\\\/pdl\\\/2019\\\/04\\\/03\\\/quand-le-ministre-de-lagriculture-meprise-ses-personnels-et-les-eleves\\\/#primaryimage\"},\"thumbnailUrl\":\"https:\\\/\\\/regions-snetap-fsu.fr\\\/pdl\\\/wp-content\\\/uploads\\\/sites\\\/4\\\/2019\\\/04\\\/2019-04-02-15.05.43-e1554293100271-169x300.jpg\",\"datePublished\":\"2019-04-03T17:12:48+00:00\",\"breadcrumb\":{\"@id\":\"https:\\\/\\\/regions-snetap-fsu.fr\\\/pdl\\\/2019\\\/04\\\/03\\\/quand-le-ministre-de-lagriculture-meprise-ses-personnels-et-les-eleves\\\/#breadcrumb\"},\"inLanguage\":\"fr-FR\",\"potentialAction\":[{\"@type\":\"ReadAction\",\"target\":[\"https:\\\/\\\/regions-snetap-fsu.fr\\\/pdl\\\/2019\\\/04\\\/03\\\/quand-le-ministre-de-lagriculture-meprise-ses-personnels-et-les-eleves\\\/\"]}]},{\"@type\":\"ImageObject\",\"inLanguage\":\"fr-FR\",\"@id\":\"https:\\\/\\\/regions-snetap-fsu.fr\\\/pdl\\\/2019\\\/04\\\/03\\\/quand-le-ministre-de-lagriculture-meprise-ses-personnels-et-les-eleves\\\/#primaryimage\",\"url\":\"https:\\\/\\\/regions-snetap-fsu.fr\\\/pdl\\\/wp-content\\\/uploads\\\/sites\\\/4\\\/2019\\\/04\\\/2019-04-02-15.05.43-e1554293100271.jpg\",\"contentUrl\":\"https:\\\/\\\/regions-snetap-fsu.fr\\\/pdl\\\/wp-content\\\/uploads\\\/sites\\\/4\\\/2019\\\/04\\\/2019-04-02-15.05.43-e1554293100271.jpg\",\"width\":1440,\"height\":2560},{\"@type\":\"BreadcrumbList\",\"@id\":\"https:\\\/\\\/regions-snetap-fsu.fr\\\/pdl\\\/2019\\\/04\\\/03\\\/quand-le-ministre-de-lagriculture-meprise-ses-personnels-et-les-eleves\\\/#breadcrumb\",\"itemListElement\":[{\"@type\":\"ListItem\",\"position\":1,\"name\":\"Accueil\",\"item\":\"https:\\\/\\\/regions-snetap-fsu.fr\\\/pdl\\\/\"},{\"@type\":\"ListItem\",\"position\":2,\"name\":\"Quand le Ministre de l&rsquo;Agriculture m\u00e9prise ses personnels et les \u00e9l\u00e8ves\"}]},{\"@type\":\"WebSite\",\"@id\":\"https:\\\/\\\/regions-snetap-fsu.fr\\\/pdl\\\/#website\",\"url\":\"https:\\\/\\\/regions-snetap-fsu.fr\\\/pdl\\\/\",\"name\":\"SNETAP-FSU PAYS DE LA LOIRE\",\"description\":\"SECTION REGIONALE\",\"publisher\":{\"@id\":\"https:\\\/\\\/regions-snetap-fsu.fr\\\/pdl\\\/#organization\"},\"potentialAction\":[{\"@type\":\"SearchAction\",\"target\":{\"@type\":\"EntryPoint\",\"urlTemplate\":\"https:\\\/\\\/regions-snetap-fsu.fr\\\/pdl\\\/?s={search_term_string}\"},\"query-input\":{\"@type\":\"PropertyValueSpecification\",\"valueRequired\":true,\"valueName\":\"search_term_string\"}}],\"inLanguage\":\"fr-FR\"},{\"@type\":\"Organization\",\"@id\":\"https:\\\/\\\/regions-snetap-fsu.fr\\\/pdl\\\/#organization\",\"name\":\"SNETAP-FSU Pays de Loire\",\"url\":\"https:\\\/\\\/regions-snetap-fsu.fr\\\/pdl\\\/\",\"logo\":{\"@type\":\"ImageObject\",\"inLanguage\":\"fr-FR\",\"@id\":\"https:\\\/\\\/regions-snetap-fsu.fr\\\/pdl\\\/#\\\/schema\\\/logo\\\/image\\\/\",\"url\":\"https:\\\/\\\/regions-snetap-fsu.fr\\\/pdl\\\/wp-content\\\/uploads\\\/sites\\\/4\\\/2020\\\/12\\\/SNETAP-Logo.jpg\",\"contentUrl\":\"https:\\\/\\\/regions-snetap-fsu.fr\\\/pdl\\\/wp-content\\\/uploads\\\/sites\\\/4\\\/2020\\\/12\\\/SNETAP-Logo.jpg\",\"width\":464,\"height\":334,\"caption\":\"SNETAP-FSU Pays de Loire\"},\"image\":{\"@id\":\"https:\\\/\\\/regions-snetap-fsu.fr\\\/pdl\\\/#\\\/schema\\\/logo\\\/image\\\/\"}},{\"@type\":\"Person\",\"@id\":\"https:\\\/\\\/regions-snetap-fsu.fr\\\/pdl\\\/#\\\/schema\\\/person\\\/d4530af043f9e8d27bdd71c468ec93b1\",\"name\":\"yvigner\",\"image\":{\"@type\":\"ImageObject\",\"inLanguage\":\"fr-FR\",\"@id\":\"https:\\\/\\\/secure.gravatar.com\\\/avatar\\\/bc72baa6f2406549aecf77a837bc4f03dbe88472c1762138f868571430a23820?s=96&d=mm&r=g\",\"url\":\"https:\\\/\\\/secure.gravatar.com\\\/avatar\\\/bc72baa6f2406549aecf77a837bc4f03dbe88472c1762138f868571430a23820?s=96&d=mm&r=g\",\"contentUrl\":\"https:\\\/\\\/secure.gravatar.com\\\/avatar\\\/bc72baa6f2406549aecf77a837bc4f03dbe88472c1762138f868571430a23820?s=96&d=mm&r=g\",\"caption\":\"yvigner\"},\"url\":\"https:\\\/\\\/regions-snetap-fsu.fr\\\/pdl\\\/author\\\/yvigner\\\/\"}]}<\/script>\n<!-- \/ Yoast SEO plugin. -->","yoast_head_json":{"title":"Quand le Ministre de l'Agriculture m\u00e9prise ses personnels et les \u00e9l\u00e8ves - PAYS DE LA LOIRE","robots":{"index":"index","follow":"follow","max-snippet":"max-snippet:-1","max-image-preview":"max-image-preview:large","max-video-preview":"max-video-preview:-1"},"canonical":"https:\/\/regions-snetap-fsu.fr\/pdl\/2019\/04\/03\/quand-le-ministre-de-lagriculture-meprise-ses-personnels-et-les-eleves\/","og_locale":"fr_FR","og_type":"article","og_title":"Quand le Ministre de l'Agriculture m\u00e9prise ses personnels et les \u00e9l\u00e8ves - PAYS DE LA LOIRE","og_description":"Le mardi 2 avril pr\u00e8s de 30 repr\u00e9sentants des lyc\u00e9es agricoles publics lig\u00e9riens se sont rendus \u00e0 la DRAAF des Pays de la Loire \u00e0 Nantes dans le cadre de la journ\u00e9e d&rsquo;action d\u00e9cid\u00e9e par l&rsquo;Intersyndicale nationale \u00e0 l&rsquo;occasion du CNEA (conseil national de l&rsquo;enseignement agricole). Il s&rsquo;agissait de d\u00e9noncer la baisse drastique des moyens [&hellip;]","og_url":"https:\/\/regions-snetap-fsu.fr\/pdl\/2019\/04\/03\/quand-le-ministre-de-lagriculture-meprise-ses-personnels-et-les-eleves\/","og_site_name":"PAYS DE LA LOIRE","article_published_time":"2019-04-03T17:12:48+00:00","og_image":[{"url":"https:\/\/regions-snetap-fsu.fr\/pdl\/wp-content\/uploads\/sites\/4\/2019\/04\/2019-04-02-15.05.43-e1554293100271-169x300.jpg","type":"","width":"","height":""}],"author":"yvigner","twitter_card":"summary_large_image","twitter_misc":{"\u00c9crit par":"yvigner","Dur\u00e9e de lecture estim\u00e9e":"2 minutes"},"schema":{"@context":"https:\/\/schema.org","@graph":[{"@type":"Article","@id":"https:\/\/regions-snetap-fsu.fr\/pdl\/2019\/04\/03\/quand-le-ministre-de-lagriculture-meprise-ses-personnels-et-les-eleves\/#article","isPartOf":{"@id":"https:\/\/regions-snetap-fsu.fr\/pdl\/2019\/04\/03\/quand-le-ministre-de-lagriculture-meprise-ses-personnels-et-les-eleves\/"},"author":{"name":"yvigner","@id":"https:\/\/regions-snetap-fsu.fr\/pdl\/#\/schema\/person\/d4530af043f9e8d27bdd71c468ec93b1"},"headline":"Quand le Ministre de l&rsquo;Agriculture m\u00e9prise ses personnels et les \u00e9l\u00e8ves","datePublished":"2019-04-03T17:12:48+00:00","mainEntityOfPage":{"@id":"https:\/\/regions-snetap-fsu.fr\/pdl\/2019\/04\/03\/quand-le-ministre-de-lagriculture-meprise-ses-personnels-et-les-eleves\/"},"wordCount":496,"publisher":{"@id":"https:\/\/regions-snetap-fsu.fr\/pdl\/#organization"},"image":{"@id":"https:\/\/regions-snetap-fsu.fr\/pdl\/2019\/04\/03\/quand-le-ministre-de-lagriculture-meprise-ses-personnels-et-les-eleves\/#primaryimage"},"thumbnailUrl":"https:\/\/regions-snetap-fsu.fr\/pdl\/wp-content\/uploads\/sites\/4\/2019\/04\/2019-04-02-15.05.43-e1554293100271-169x300.jpg","articleSection":["Actions r\u00e9gionales","Communiqu\u00e9s"],"inLanguage":"fr-FR"},{"@type":"WebPage","@id":"https:\/\/regions-snetap-fsu.fr\/pdl\/2019\/04\/03\/quand-le-ministre-de-lagriculture-meprise-ses-personnels-et-les-eleves\/","url":"https:\/\/regions-snetap-fsu.fr\/pdl\/2019\/04\/03\/quand-le-ministre-de-lagriculture-meprise-ses-personnels-et-les-eleves\/","name":"Quand le Ministre de l'Agriculture m\u00e9prise ses personnels et les \u00e9l\u00e8ves - PAYS DE LA LOIRE","isPartOf":{"@id":"https:\/\/regions-snetap-fsu.fr\/pdl\/#website"},"primaryImageOfPage":{"@id":"https:\/\/regions-snetap-fsu.fr\/pdl\/2019\/04\/03\/quand-le-ministre-de-lagriculture-meprise-ses-personnels-et-les-eleves\/#primaryimage"},"image":{"@id":"https:\/\/regions-snetap-fsu.fr\/pdl\/2019\/04\/03\/quand-le-ministre-de-lagriculture-meprise-ses-personnels-et-les-eleves\/#primaryimage"},"thumbnailUrl":"https:\/\/regions-snetap-fsu.fr\/pdl\/wp-content\/uploads\/sites\/4\/2019\/04\/2019-04-02-15.05.43-e1554293100271-169x300.jpg","datePublished":"2019-04-03T17:12:48+00:00","breadcrumb":{"@id":"https:\/\/regions-snetap-fsu.fr\/pdl\/2019\/04\/03\/quand-le-ministre-de-lagriculture-meprise-ses-personnels-et-les-eleves\/#breadcrumb"},"inLanguage":"fr-FR","potentialAction":[{"@type":"ReadAction","target":["https:\/\/regions-snetap-fsu.fr\/pdl\/2019\/04\/03\/quand-le-ministre-de-lagriculture-meprise-ses-personnels-et-les-eleves\/"]}]},{"@type":"ImageObject","inLanguage":"fr-FR","@id":"https:\/\/regions-snetap-fsu.fr\/pdl\/2019\/04\/03\/quand-le-ministre-de-lagriculture-meprise-ses-personnels-et-les-eleves\/#primaryimage","url":"https:\/\/regions-snetap-fsu.fr\/pdl\/wp-content\/uploads\/sites\/4\/2019\/04\/2019-04-02-15.05.43-e1554293100271.jpg","contentUrl":"https:\/\/regions-snetap-fsu.fr\/pdl\/wp-content\/uploads\/sites\/4\/2019\/04\/2019-04-02-15.05.43-e1554293100271.jpg","width":1440,"height":2560},{"@type":"BreadcrumbList","@id":"https:\/\/regions-snetap-fsu.fr\/pdl\/2019\/04\/03\/quand-le-ministre-de-lagriculture-meprise-ses-personnels-et-les-eleves\/#breadcrumb","itemListElement":[{"@type":"ListItem","position":1,"name":"Accueil","item":"https:\/\/regions-snetap-fsu.fr\/pdl\/"},{"@type":"ListItem","position":2,"name":"Quand le Ministre de l&rsquo;Agriculture m\u00e9prise ses personnels et les \u00e9l\u00e8ves"}]},{"@type":"WebSite","@id":"https:\/\/regions-snetap-fsu.fr\/pdl\/#website","url":"https:\/\/regions-snetap-fsu.fr\/pdl\/","name":"SNETAP-FSU PAYS DE LA LOIRE","description":"SECTION REGIONALE","publisher":{"@id":"https:\/\/regions-snetap-fsu.fr\/pdl\/#organization"},"potentialAction":[{"@type":"SearchAction","target":{"@type":"EntryPoint","urlTemplate":"https:\/\/regions-snetap-fsu.fr\/pdl\/?s={search_term_string}"},"query-input":{"@type":"PropertyValueSpecification","valueRequired":true,"valueName":"search_term_string"}}],"inLanguage":"fr-FR"},{"@type":"Organization","@id":"https:\/\/regions-snetap-fsu.fr\/pdl\/#organization","name":"SNETAP-FSU Pays de Loire","url":"https:\/\/regions-snetap-fsu.fr\/pdl\/","logo":{"@type":"ImageObject","inLanguage":"fr-FR","@id":"https:\/\/regions-snetap-fsu.fr\/pdl\/#\/schema\/logo\/image\/","url":"https:\/\/regions-snetap-fsu.fr\/pdl\/wp-content\/uploads\/sites\/4\/2020\/12\/SNETAP-Logo.jpg","contentUrl":"https:\/\/regions-snetap-fsu.fr\/pdl\/wp-content\/uploads\/sites\/4\/2020\/12\/SNETAP-Logo.jpg","width":464,"height":334,"caption":"SNETAP-FSU Pays de Loire"},"image":{"@id":"https:\/\/regions-snetap-fsu.fr\/pdl\/#\/schema\/logo\/image\/"}},{"@type":"Person","@id":"https:\/\/regions-snetap-fsu.fr\/pdl\/#\/schema\/person\/d4530af043f9e8d27bdd71c468ec93b1","name":"yvigner","image":{"@type":"ImageObject","inLanguage":"fr-FR","@id":"https:\/\/secure.gravatar.com\/avatar\/bc72baa6f2406549aecf77a837bc4f03dbe88472c1762138f868571430a23820?s=96&d=mm&r=g","url":"https:\/\/secure.gravatar.com\/avatar\/bc72baa6f2406549aecf77a837bc4f03dbe88472c1762138f868571430a23820?s=96&d=mm&r=g","contentUrl":"https:\/\/secure.gravatar.com\/avatar\/bc72baa6f2406549aecf77a837bc4f03dbe88472c1762138f868571430a23820?s=96&d=mm&r=g","caption":"yvigner"},"url":"https:\/\/regions-snetap-fsu.fr\/pdl\/author\/yvigner\/"}]}},"_links":{"self":[{"href":"https:\/\/regions-snetap-fsu.fr\/pdl\/wp-json\/wp\/v2\/posts\/3230","targetHints":{"allow":["GET"]}}],"collection":[{"href":"https:\/\/regions-snetap-fsu.fr\/pdl\/wp-json\/wp\/v2\/posts"}],"about":[{"href":"https:\/\/regions-snetap-fsu.fr\/pdl\/wp-json\/wp\/v2\/types\/post"}],"author":[{"embeddable":true,"href":"https:\/\/regions-snetap-fsu.fr\/pdl\/wp-json\/wp\/v2\/users\/2"}],"replies":[{"embeddable":true,"href":"https:\/\/regions-snetap-fsu.fr\/pdl\/wp-json\/wp\/v2\/comments?post=3230"}],"version-history":[{"count":2,"href":"https:\/\/regions-snetap-fsu.fr\/pdl\/wp-json\/wp\/v2\/posts\/3230\/revisions"}],"predecessor-version":[{"id":3237,"href":"https:\/\/regions-snetap-fsu.fr\/pdl\/wp-json\/wp\/v2\/posts\/3230\/revisions\/3237"}],"wp:attachment":[{"href":"https:\/\/regions-snetap-fsu.fr\/pdl\/wp-json\/wp\/v2\/media?parent=3230"}],"wp:term":[{"taxonomy":"category","embeddable":true,"href":"https:\/\/regions-snetap-fsu.fr\/pdl\/wp-json\/wp\/v2\/categories?post=3230"},{"taxonomy":"post_tag","embeddable":true,"href":"https:\/\/regions-snetap-fsu.fr\/pdl\/wp-json\/wp\/v2\/tags?post=3230"},{"taxonomy":"post_folder","embeddable":true,"href":"https:\/\/regions-snetap-fsu.fr\/pdl\/wp-json\/wp\/v2\/post_folder?post=3230"}],"curies":[{"name":"wp","href":"https:\/\/api.w.org\/{rel}","templated":true}]}}