{"id":3186,"date":"2019-03-09T16:27:43","date_gmt":"2019-03-09T15:27:43","guid":{"rendered":"https:\/\/regions-snetap-fsu.fr\/pdl\/?p=3186"},"modified":"2019-03-09T16:34:34","modified_gmt":"2019-03-09T15:34:34","slug":"quand-lenseignement-agricole-prive-ne-respecte-pas-le-code-rural","status":"publish","type":"post","link":"https:\/\/regions-snetap-fsu.fr\/pdl\/2019\/03\/09\/quand-lenseignement-agricole-prive-ne-respecte-pas-le-code-rural\/","title":{"rendered":"Quand l&rsquo;enseignement agricole priv\u00e9 ne respecte pas le Code rural&#8230;"},"content":{"rendered":"<p><span style=\"font-size: 14pt; font-family: arial, helvetica, sans-serif;\"><strong>Voici ici un courrier adress\u00e9 par la section r\u00e9gionale du SNETAP-FSU au DRAAF des Pays de la Loire<\/strong><\/span><\/p>\n<p class=\"western\" align=\"right\"><span style=\"font-family: Arial, sans-serif;\"><span style=\"font-size: small;\"><span style=\"color: #000000;\"><span lang=\"fr-FR\">A Monsieur le Directeur r\u00e9gional de l&rsquo;agriculture et de la for\u00eat\u00a0<\/span><\/span><\/span><\/span><span style=\"font-family: Arial, sans-serif;\"><span style=\"font-size: small;\">des Pays de la Loire<\/span><\/span><\/p>\n<p class=\"western\" align=\"right\"><span style=\"font-family: Arial, sans-serif;\"><span style=\"font-size: small;\">Laval, le 09 mars 2019<\/span><\/span><\/p>\n<p class=\"western\" align=\"justify\"><span style=\"font-family: Arial, sans-serif;\"><span style=\"font-size: small;\"><span style=\"color: #000000;\"><span lang=\"fr-FR\">Monsieur le Directeur r\u00e9gional<\/span><\/span>, <\/span><\/span><\/p>\n<p class=\"western\" align=\"justify\"><span style=\"font-family: Arial, sans-serif;\"><span style=\"font-size: small;\">La section r\u00e9gionale du SNETAP-FSU attire votre attention en cette p\u00e9riode de l&rsquo;ann\u00e9e (au moment ou s&rsquo;ouvre la p\u00e9riode de recrutement et de portes ouvertes) sur une situation qui perdure depuis de nombreuses ann\u00e9es \u00e0 savoir la d\u00e9ferlante des messages publicitaires des \u00e9tablissements de l&rsquo;enseignement agricole priv\u00e9 et des Maisons familiales et rurales. Ainsi que ce soit sur Internet ou dans la presse locale ou r\u00e9gionale, ces \u00e9tablissements d\u00e9veloppent une communication intense. A cette occasion, certains de ces \u00e9tablissements omettent de mentionner le caract\u00e8re priv\u00e9 de leur structure. <\/span><\/span><\/p>\n<p class=\"western\" align=\"justify\"><span style=\"font-family: Arial, sans-serif;\"><span style=\"font-size: small;\"><b>Ainsi, dans le quotidien <\/b><i><b>Ouest France (\u00e9dition de la Mayenne)<\/b><\/i><b> du <\/b><b>17 janvier 2019 (pj n\u00b02) ou encore dans le <\/b><b>suppl\u00e9ment orientation <\/b><b>du m\u00eame quotidien en date du 7 mars 2019 (pj n\u00b01)<\/b><b>, les lyc\u00e9es agricoles priv\u00e9s de Rochefeuille <\/b><b>et de Briac\u00e9<\/b><b> ainsi que les MFR d<\/b><b>e Pouanc\u00e9<\/b><b>, de l&rsquo;Hippodrome (Craon), de la Pignerie (Laval), de Bournezeau (85) n&rsquo;ont pas respect\u00e9 le code rural en ne mentionnant pas leur caract\u00e8re priv\u00e9. <\/b><\/span><\/span><\/p>\n<p class=\"western\" align=\"justify\"><span style=\"font-family: Arial, sans-serif;\"><span style=\"font-size: small;\">Or, le code rural et la r\u00e9glementation sont clairs et ne manquent pas de dispositifs dissuasifs sur le sujet : en vertu de l&rsquo;article R 813-8 du Code rural et de la p\u00eache maritime : \u00abtoute information ou publicit\u00e9 diffus\u00e9e par l&rsquo;\u00e9tablissement doit clairement faire appara\u00eetre son caract\u00e8re priv\u00e9 et indiquer les formations sous contrats et les formations hors contrat. (&#8230;) En cas de manquements aux dispositions du premier alin\u00e9a ci-dessus sont applicables les sanctions relatives aux manquements graves mentionn\u00e9s \u00e0 l&rsquo;article R 813-13\u00bb.<\/span><\/span><\/p>\n<p class=\"western\" align=\"justify\"><span style=\"font-family: Arial, sans-serif;\"><span style=\"font-size: small;\">Cela fait d\u00e9sormais plus de cinq ann\u00e9es, que nous alertons vos services du non respect du code rural par ces \u00e9tablissements, nous constatons, malheureusement, que ces \u00e9tablissements continuer d\u2019ignorer la loi.<\/span><\/span><\/p>\n<p class=\"western\" align=\"justify\"><span style=\"font-family: Arial, sans-serif;\"><span style=\"font-size: small;\"><b>Par la pr\u00e9sente, nous vous demandons <span style=\"color: #000000;\"><span lang=\"fr-FR\">Monsieur le Directeur r\u00e9gional<\/span><\/span> de rappeler aux \u00e9tablissements concern\u00e9s les dispositifs du Code Rural qu&rsquo;ils se doivent de respecter. Nous souhaiterions, par ailleurs, qu\u2019une communication publique \u00e0 tous les membres du CREA soit r\u00e9alis\u00e9e \u00e0 ce sujet. <\/b><\/span><\/span><\/p>\n<p class=\"western\" align=\"justify\"><span style=\"font-family: Arial, sans-serif;\"><span style=\"font-size: small;\"><b>Nous profitons de courrier, pour attirer votre attention sur la communication du Lyc\u00e9e agricole priv\u00e9 de Briac\u00e9. En effet, cet \u00e9tablissement communique sur l\u2019existence, \u00e0 la rentr\u00e9e prochaine, d\u2019une quatri\u00e8me sp\u00e9cialit\u00e9 en fili\u00e8re g\u00e9n\u00e9rale (la sp\u00e9cialit\u00e9 \u00ab\u00a0sciences \u00e9conomiques et sociales\u00a0\u00bb). Nous sommes tr\u00e8s \u00e9tonn\u00e9s de cette communication. D\u2019abord parce qu\u2019elle ne correspond pas \u00e0 l\u2019arr\u00eat\u00e9 que vous avez pris au mois de janvier 2019. Ensuite, parce que cette sp\u00e9cialit\u00e9 a \u00e9t\u00e9 refus\u00e9e \u00e0 des \u00e9tablissements publics de notre r\u00e9gion. Comment cela est il donc possible\u00a0? <\/b><\/span><\/span><\/p>\n<p class=\"western\" align=\"justify\"><span style=\"font-family: Arial, sans-serif;\"><span style=\"font-size: small;\">Dans l&rsquo;attente de votre r\u00e9ponse, nous vous prions de croire, <span style=\"color: #000000;\"><span lang=\"fr-FR\">Monsieur le Directeur r\u00e9gional,<\/span><\/span> en notre d\u00e9vouement le plus sinc\u00e8re pour le Service Public d&rsquo;\u00e9ducation. <\/span><\/span><\/p>\n<p class=\"western\" align=\"right\"><span style=\"font-family: Arial, sans-serif;\"><span style=\"font-size: small;\">Pour la section r\u00e9gionale<\/span><\/span><\/p>\n<p class=\"western\" align=\"right\"><span style=\"font-family: Arial, sans-serif;\"><span style=\"font-size: small;\">Y.VIGNER, Co-Secr\u00e9taire r\u00e9gional<\/span><\/span><\/p>\n<p align=\"right\">\n\t\t<div class=\"wppdfemb-frame-container-1\" style=\"-webkit-overflow-scrolling:auto;\">\n\t\t\t<iframe class=\"pdfembed-iframe nonfullscreen wppdf-emb-iframe-1\"\n\t\t\t\tsrc=\"https:\/\/regions-snetap-fsu.fr\/pdl\/?pdfemb-data=eyJ1cmwiOiJodHRwczpcL1wvcmVnaW9ucy1zbmV0YXAtZnN1LmZyXC9wZGxcL3dwLWNvbnRlbnRcL3VwbG9hZHNcL3NpdGVzXC80XC8yMDE5XC8wM1wvUGoxLnBkZiIsImluZGV4IjoxLCJwZGZJRCI6MzE4N30\"\n\t\t\t\t\t\t\t\tdata-pdf-id=\"3187\"\n\t\t\t\tdata-pdf-index=\"1\"\n\t\t\t\tstyle=\"border:none;width:100%;max-width:100%;height:100vh;\"\n\t\t\t\tscrolling=\"yes\">\n\t\t\t<\/iframe>\n\t\t<\/div>\n\n\t\t \n\t\t<div class=\"wppdfemb-frame-container-2\" style=\"-webkit-overflow-scrolling:auto;\">\n\t\t\t<iframe class=\"pdfembed-iframe nonfullscreen wppdf-emb-iframe-2\"\n\t\t\t\tsrc=\"https:\/\/regions-snetap-fsu.fr\/pdl\/?pdfemb-data=eyJ1cmwiOiJodHRwczpcL1wvcmVnaW9ucy1zbmV0YXAtZnN1LmZyXC9wZGxcL3dwLWNvbnRlbnRcL3VwbG9hZHNcL3NpdGVzXC80XC8yMDE5XC8wM1wvUGoyLnBkZiIsImluZGV4IjoyLCJwZGZJRCI6MzE4OH0\"\n\t\t\t\t\t\t\t\tdata-pdf-id=\"3188\"\n\t\t\t\tdata-pdf-index=\"2\"\n\t\t\t\tstyle=\"border:none;width:100%;max-width:100%;height:100vh;\"\n\t\t\t\tscrolling=\"yes\">\n\t\t\t<\/iframe>\n\t\t<\/div>\n\n\t\t<\/p>\n","protected":false},"excerpt":{"rendered":"<p>Voici ici un courrier adress\u00e9 par la section r\u00e9gionale du SNETAP-FSU au DRAAF des Pays de la Loire A Monsieur le Directeur r\u00e9gional de l&rsquo;agriculture et de la for\u00eat\u00a0des Pays de la Loire Laval, le 09 mars 2019 Monsieur le Directeur r\u00e9gional, La section r\u00e9gionale du SNETAP-FSU attire votre attention en cette p\u00e9riode de l&rsquo;ann\u00e9e [&hellip;]<\/p>\n","protected":false},"author":2,"featured_media":0,"comment_status":"closed","ping_status":"closed","sticky":false,"template":"","format":"standard","meta":{"ocean_post_layout":"","ocean_both_sidebars_style":"","ocean_both_sidebars_content_width":0,"ocean_both_sidebars_sidebars_width":0,"ocean_sidebar":"","ocean_second_sidebar":"","ocean_disable_margins":"enable","ocean_add_body_class":"","ocean_shortcode_before_top_bar":"","ocean_shortcode_after_top_bar":"","ocean_shortcode_before_header":"","ocean_shortcode_after_header":"","ocean_has_shortcode":"","ocean_shortcode_after_title":"","ocean_shortcode_before_footer_widgets":"","ocean_shortcode_after_footer_widgets":"","ocean_shortcode_before_footer_bottom":"","ocean_shortcode_after_footer_bottom":"","ocean_display_top_bar":"default","ocean_display_header":"default","ocean_header_style":"","ocean_center_header_left_menu":"","ocean_custom_header_template":"","ocean_custom_logo":0,"ocean_custom_retina_logo":0,"ocean_custom_logo_max_width":0,"ocean_custom_logo_tablet_max_width":0,"ocean_custom_logo_mobile_max_width":0,"ocean_custom_logo_max_height":0,"ocean_custom_logo_tablet_max_height":0,"ocean_custom_logo_mobile_max_height":0,"ocean_header_custom_menu":"","ocean_menu_typo_font_family":"","ocean_menu_typo_font_subset":"","ocean_menu_typo_font_size":0,"ocean_menu_typo_font_size_tablet":0,"ocean_menu_typo_font_size_mobile":0,"ocean_menu_typo_font_size_unit":"px","ocean_menu_typo_font_weight":"","ocean_menu_typo_font_weight_tablet":"","ocean_menu_typo_font_weight_mobile":"","ocean_menu_typo_transform":"","ocean_menu_typo_transform_tablet":"","ocean_menu_typo_transform_mobile":"","ocean_menu_typo_line_height":0,"ocean_menu_typo_line_height_tablet":0,"ocean_menu_typo_line_height_mobile":0,"ocean_menu_typo_line_height_unit":"","ocean_menu_typo_spacing":0,"ocean_menu_typo_spacing_tablet":0,"ocean_menu_typo_spacing_mobile":0,"ocean_menu_typo_spacing_unit":"","ocean_menu_link_color":"","ocean_menu_link_color_hover":"","ocean_menu_link_color_active":"","ocean_menu_link_background":"","ocean_menu_link_hover_background":"","ocean_menu_link_active_background":"","ocean_menu_social_links_bg":"","ocean_menu_social_hover_links_bg":"","ocean_menu_social_links_color":"","ocean_menu_social_hover_links_color":"","ocean_disable_title":"default","ocean_disable_heading":"default","ocean_post_title":"","ocean_post_subheading":"","ocean_post_title_style":"","ocean_post_title_background_color":"","ocean_post_title_background":0,"ocean_post_title_bg_image_position":"","ocean_post_title_bg_image_attachment":"","ocean_post_title_bg_image_repeat":"","ocean_post_title_bg_image_size":"","ocean_post_title_height":0,"ocean_post_title_bg_overlay":0.5,"ocean_post_title_bg_overlay_color":"","ocean_disable_breadcrumbs":"default","ocean_breadcrumbs_color":"","ocean_breadcrumbs_separator_color":"","ocean_breadcrumbs_links_color":"","ocean_breadcrumbs_links_hover_color":"","ocean_display_footer_widgets":"default","ocean_display_footer_bottom":"default","ocean_custom_footer_template":"","ocean_post_oembed":"","ocean_post_self_hosted_media":"","ocean_post_video_embed":"","ocean_link_format":"","ocean_link_format_target":"self","ocean_quote_format":"","ocean_quote_format_link":"post","ocean_gallery_link_images":"on","ocean_gallery_id":[],"footnotes":""},"categories":[6],"tags":[],"post_folder":[],"class_list":["post-3186","post","type-post","status-publish","format-standard","hentry","category-courriers-de-la-section-regionale","entry"],"yoast_head":"<!-- This site is optimized with the Yoast SEO plugin v27.4 - https:\/\/yoast.com\/product\/yoast-seo-wordpress\/ -->\n<title>Quand l&#039;enseignement agricole priv\u00e9 ne respecte pas le Code rural... - PAYS DE LA LOIRE<\/title>\n<meta name=\"robots\" content=\"index, follow, max-snippet:-1, max-image-preview:large, max-video-preview:-1\" \/>\n<link rel=\"canonical\" href=\"https:\/\/regions-snetap-fsu.fr\/pdl\/2019\/03\/09\/quand-lenseignement-agricole-prive-ne-respecte-pas-le-code-rural\/\" \/>\n<meta property=\"og:locale\" content=\"fr_FR\" \/>\n<meta property=\"og:type\" content=\"article\" \/>\n<meta property=\"og:title\" content=\"Quand l&#039;enseignement agricole priv\u00e9 ne respecte pas le Code rural... - PAYS DE LA LOIRE\" \/>\n<meta property=\"og:description\" content=\"Voici ici un courrier adress\u00e9 par la section r\u00e9gionale du SNETAP-FSU au DRAAF des Pays de la Loire A Monsieur le Directeur r\u00e9gional de l&rsquo;agriculture et de la for\u00eat\u00a0des Pays de la Loire Laval, le 09 mars 2019 Monsieur le Directeur r\u00e9gional, La section r\u00e9gionale du SNETAP-FSU attire votre attention en cette p\u00e9riode de l&rsquo;ann\u00e9e [&hellip;]\" \/>\n<meta property=\"og:url\" content=\"https:\/\/regions-snetap-fsu.fr\/pdl\/2019\/03\/09\/quand-lenseignement-agricole-prive-ne-respecte-pas-le-code-rural\/\" \/>\n<meta property=\"og:site_name\" content=\"PAYS DE LA LOIRE\" \/>\n<meta property=\"article:published_time\" content=\"2019-03-09T15:27:43+00:00\" \/>\n<meta property=\"article:modified_time\" content=\"2019-03-09T15:34:34+00:00\" \/>\n<meta name=\"author\" content=\"yvigner\" \/>\n<meta name=\"twitter:card\" content=\"summary_large_image\" \/>\n<meta name=\"twitter:label1\" content=\"\u00c9crit par\" \/>\n\t<meta name=\"twitter:data1\" content=\"yvigner\" \/>\n\t<meta name=\"twitter:label2\" content=\"Dur\u00e9e de lecture estim\u00e9e\" \/>\n\t<meta name=\"twitter:data2\" content=\"3 minutes\" \/>\n<script type=\"application\/ld+json\" class=\"yoast-schema-graph\">{\"@context\":\"https:\\\/\\\/schema.org\",\"@graph\":[{\"@type\":\"Article\",\"@id\":\"https:\\\/\\\/regions-snetap-fsu.fr\\\/pdl\\\/2019\\\/03\\\/09\\\/quand-lenseignement-agricole-prive-ne-respecte-pas-le-code-rural\\\/#article\",\"isPartOf\":{\"@id\":\"https:\\\/\\\/regions-snetap-fsu.fr\\\/pdl\\\/2019\\\/03\\\/09\\\/quand-lenseignement-agricole-prive-ne-respecte-pas-le-code-rural\\\/\"},\"author\":{\"name\":\"yvigner\",\"@id\":\"https:\\\/\\\/regions-snetap-fsu.fr\\\/pdl\\\/#\\\/schema\\\/person\\\/d4530af043f9e8d27bdd71c468ec93b1\"},\"headline\":\"Quand l&rsquo;enseignement agricole priv\u00e9 ne respecte pas le Code rural&#8230;\",\"datePublished\":\"2019-03-09T15:27:43+00:00\",\"dateModified\":\"2019-03-09T15:34:34+00:00\",\"mainEntityOfPage\":{\"@id\":\"https:\\\/\\\/regions-snetap-fsu.fr\\\/pdl\\\/2019\\\/03\\\/09\\\/quand-lenseignement-agricole-prive-ne-respecte-pas-le-code-rural\\\/\"},\"wordCount\":566,\"publisher\":{\"@id\":\"https:\\\/\\\/regions-snetap-fsu.fr\\\/pdl\\\/#organization\"},\"articleSection\":[\"Courriers de la section r\u00e9gionale\"],\"inLanguage\":\"fr-FR\"},{\"@type\":\"WebPage\",\"@id\":\"https:\\\/\\\/regions-snetap-fsu.fr\\\/pdl\\\/2019\\\/03\\\/09\\\/quand-lenseignement-agricole-prive-ne-respecte-pas-le-code-rural\\\/\",\"url\":\"https:\\\/\\\/regions-snetap-fsu.fr\\\/pdl\\\/2019\\\/03\\\/09\\\/quand-lenseignement-agricole-prive-ne-respecte-pas-le-code-rural\\\/\",\"name\":\"Quand l'enseignement agricole priv\u00e9 ne respecte pas le Code rural... - PAYS DE LA LOIRE\",\"isPartOf\":{\"@id\":\"https:\\\/\\\/regions-snetap-fsu.fr\\\/pdl\\\/#website\"},\"datePublished\":\"2019-03-09T15:27:43+00:00\",\"dateModified\":\"2019-03-09T15:34:34+00:00\",\"breadcrumb\":{\"@id\":\"https:\\\/\\\/regions-snetap-fsu.fr\\\/pdl\\\/2019\\\/03\\\/09\\\/quand-lenseignement-agricole-prive-ne-respecte-pas-le-code-rural\\\/#breadcrumb\"},\"inLanguage\":\"fr-FR\",\"potentialAction\":[{\"@type\":\"ReadAction\",\"target\":[\"https:\\\/\\\/regions-snetap-fsu.fr\\\/pdl\\\/2019\\\/03\\\/09\\\/quand-lenseignement-agricole-prive-ne-respecte-pas-le-code-rural\\\/\"]}]},{\"@type\":\"BreadcrumbList\",\"@id\":\"https:\\\/\\\/regions-snetap-fsu.fr\\\/pdl\\\/2019\\\/03\\\/09\\\/quand-lenseignement-agricole-prive-ne-respecte-pas-le-code-rural\\\/#breadcrumb\",\"itemListElement\":[{\"@type\":\"ListItem\",\"position\":1,\"name\":\"Accueil\",\"item\":\"https:\\\/\\\/regions-snetap-fsu.fr\\\/pdl\\\/\"},{\"@type\":\"ListItem\",\"position\":2,\"name\":\"Quand l&rsquo;enseignement agricole priv\u00e9 ne respecte pas le Code rural&#8230;\"}]},{\"@type\":\"WebSite\",\"@id\":\"https:\\\/\\\/regions-snetap-fsu.fr\\\/pdl\\\/#website\",\"url\":\"https:\\\/\\\/regions-snetap-fsu.fr\\\/pdl\\\/\",\"name\":\"SNETAP-FSU PAYS DE LA LOIRE\",\"description\":\"SECTION REGIONALE\",\"publisher\":{\"@id\":\"https:\\\/\\\/regions-snetap-fsu.fr\\\/pdl\\\/#organization\"},\"potentialAction\":[{\"@type\":\"SearchAction\",\"target\":{\"@type\":\"EntryPoint\",\"urlTemplate\":\"https:\\\/\\\/regions-snetap-fsu.fr\\\/pdl\\\/?s={search_term_string}\"},\"query-input\":{\"@type\":\"PropertyValueSpecification\",\"valueRequired\":true,\"valueName\":\"search_term_string\"}}],\"inLanguage\":\"fr-FR\"},{\"@type\":\"Organization\",\"@id\":\"https:\\\/\\\/regions-snetap-fsu.fr\\\/pdl\\\/#organization\",\"name\":\"SNETAP-FSU Pays de Loire\",\"url\":\"https:\\\/\\\/regions-snetap-fsu.fr\\\/pdl\\\/\",\"logo\":{\"@type\":\"ImageObject\",\"inLanguage\":\"fr-FR\",\"@id\":\"https:\\\/\\\/regions-snetap-fsu.fr\\\/pdl\\\/#\\\/schema\\\/logo\\\/image\\\/\",\"url\":\"https:\\\/\\\/regions-snetap-fsu.fr\\\/pdl\\\/wp-content\\\/uploads\\\/sites\\\/4\\\/2020\\\/12\\\/SNETAP-Logo.jpg\",\"contentUrl\":\"https:\\\/\\\/regions-snetap-fsu.fr\\\/pdl\\\/wp-content\\\/uploads\\\/sites\\\/4\\\/2020\\\/12\\\/SNETAP-Logo.jpg\",\"width\":464,\"height\":334,\"caption\":\"SNETAP-FSU Pays de Loire\"},\"image\":{\"@id\":\"https:\\\/\\\/regions-snetap-fsu.fr\\\/pdl\\\/#\\\/schema\\\/logo\\\/image\\\/\"}},{\"@type\":\"Person\",\"@id\":\"https:\\\/\\\/regions-snetap-fsu.fr\\\/pdl\\\/#\\\/schema\\\/person\\\/d4530af043f9e8d27bdd71c468ec93b1\",\"name\":\"yvigner\",\"image\":{\"@type\":\"ImageObject\",\"inLanguage\":\"fr-FR\",\"@id\":\"https:\\\/\\\/secure.gravatar.com\\\/avatar\\\/bc72baa6f2406549aecf77a837bc4f03dbe88472c1762138f868571430a23820?s=96&d=mm&r=g\",\"url\":\"https:\\\/\\\/secure.gravatar.com\\\/avatar\\\/bc72baa6f2406549aecf77a837bc4f03dbe88472c1762138f868571430a23820?s=96&d=mm&r=g\",\"contentUrl\":\"https:\\\/\\\/secure.gravatar.com\\\/avatar\\\/bc72baa6f2406549aecf77a837bc4f03dbe88472c1762138f868571430a23820?s=96&d=mm&r=g\",\"caption\":\"yvigner\"},\"url\":\"https:\\\/\\\/regions-snetap-fsu.fr\\\/pdl\\\/author\\\/yvigner\\\/\"}]}<\/script>\n<!-- \/ Yoast SEO plugin. -->","yoast_head_json":{"title":"Quand l'enseignement agricole priv\u00e9 ne respecte pas le Code rural... - PAYS DE LA LOIRE","robots":{"index":"index","follow":"follow","max-snippet":"max-snippet:-1","max-image-preview":"max-image-preview:large","max-video-preview":"max-video-preview:-1"},"canonical":"https:\/\/regions-snetap-fsu.fr\/pdl\/2019\/03\/09\/quand-lenseignement-agricole-prive-ne-respecte-pas-le-code-rural\/","og_locale":"fr_FR","og_type":"article","og_title":"Quand l'enseignement agricole priv\u00e9 ne respecte pas le Code rural... - PAYS DE LA LOIRE","og_description":"Voici ici un courrier adress\u00e9 par la section r\u00e9gionale du SNETAP-FSU au DRAAF des Pays de la Loire A Monsieur le Directeur r\u00e9gional de l&rsquo;agriculture et de la for\u00eat\u00a0des Pays de la Loire Laval, le 09 mars 2019 Monsieur le Directeur r\u00e9gional, La section r\u00e9gionale du SNETAP-FSU attire votre attention en cette p\u00e9riode de l&rsquo;ann\u00e9e [&hellip;]","og_url":"https:\/\/regions-snetap-fsu.fr\/pdl\/2019\/03\/09\/quand-lenseignement-agricole-prive-ne-respecte-pas-le-code-rural\/","og_site_name":"PAYS DE LA LOIRE","article_published_time":"2019-03-09T15:27:43+00:00","article_modified_time":"2019-03-09T15:34:34+00:00","author":"yvigner","twitter_card":"summary_large_image","twitter_misc":{"\u00c9crit par":"yvigner","Dur\u00e9e de lecture estim\u00e9e":"3 minutes"},"schema":{"@context":"https:\/\/schema.org","@graph":[{"@type":"Article","@id":"https:\/\/regions-snetap-fsu.fr\/pdl\/2019\/03\/09\/quand-lenseignement-agricole-prive-ne-respecte-pas-le-code-rural\/#article","isPartOf":{"@id":"https:\/\/regions-snetap-fsu.fr\/pdl\/2019\/03\/09\/quand-lenseignement-agricole-prive-ne-respecte-pas-le-code-rural\/"},"author":{"name":"yvigner","@id":"https:\/\/regions-snetap-fsu.fr\/pdl\/#\/schema\/person\/d4530af043f9e8d27bdd71c468ec93b1"},"headline":"Quand l&rsquo;enseignement agricole priv\u00e9 ne respecte pas le Code rural&#8230;","datePublished":"2019-03-09T15:27:43+00:00","dateModified":"2019-03-09T15:34:34+00:00","mainEntityOfPage":{"@id":"https:\/\/regions-snetap-fsu.fr\/pdl\/2019\/03\/09\/quand-lenseignement-agricole-prive-ne-respecte-pas-le-code-rural\/"},"wordCount":566,"publisher":{"@id":"https:\/\/regions-snetap-fsu.fr\/pdl\/#organization"},"articleSection":["Courriers de la section r\u00e9gionale"],"inLanguage":"fr-FR"},{"@type":"WebPage","@id":"https:\/\/regions-snetap-fsu.fr\/pdl\/2019\/03\/09\/quand-lenseignement-agricole-prive-ne-respecte-pas-le-code-rural\/","url":"https:\/\/regions-snetap-fsu.fr\/pdl\/2019\/03\/09\/quand-lenseignement-agricole-prive-ne-respecte-pas-le-code-rural\/","name":"Quand l'enseignement agricole priv\u00e9 ne respecte pas le Code rural... - PAYS DE LA LOIRE","isPartOf":{"@id":"https:\/\/regions-snetap-fsu.fr\/pdl\/#website"},"datePublished":"2019-03-09T15:27:43+00:00","dateModified":"2019-03-09T15:34:34+00:00","breadcrumb":{"@id":"https:\/\/regions-snetap-fsu.fr\/pdl\/2019\/03\/09\/quand-lenseignement-agricole-prive-ne-respecte-pas-le-code-rural\/#breadcrumb"},"inLanguage":"fr-FR","potentialAction":[{"@type":"ReadAction","target":["https:\/\/regions-snetap-fsu.fr\/pdl\/2019\/03\/09\/quand-lenseignement-agricole-prive-ne-respecte-pas-le-code-rural\/"]}]},{"@type":"BreadcrumbList","@id":"https:\/\/regions-snetap-fsu.fr\/pdl\/2019\/03\/09\/quand-lenseignement-agricole-prive-ne-respecte-pas-le-code-rural\/#breadcrumb","itemListElement":[{"@type":"ListItem","position":1,"name":"Accueil","item":"https:\/\/regions-snetap-fsu.fr\/pdl\/"},{"@type":"ListItem","position":2,"name":"Quand l&rsquo;enseignement agricole priv\u00e9 ne respecte pas le Code rural&#8230;"}]},{"@type":"WebSite","@id":"https:\/\/regions-snetap-fsu.fr\/pdl\/#website","url":"https:\/\/regions-snetap-fsu.fr\/pdl\/","name":"SNETAP-FSU PAYS DE LA LOIRE","description":"SECTION REGIONALE","publisher":{"@id":"https:\/\/regions-snetap-fsu.fr\/pdl\/#organization"},"potentialAction":[{"@type":"SearchAction","target":{"@type":"EntryPoint","urlTemplate":"https:\/\/regions-snetap-fsu.fr\/pdl\/?s={search_term_string}"},"query-input":{"@type":"PropertyValueSpecification","valueRequired":true,"valueName":"search_term_string"}}],"inLanguage":"fr-FR"},{"@type":"Organization","@id":"https:\/\/regions-snetap-fsu.fr\/pdl\/#organization","name":"SNETAP-FSU Pays de Loire","url":"https:\/\/regions-snetap-fsu.fr\/pdl\/","logo":{"@type":"ImageObject","inLanguage":"fr-FR","@id":"https:\/\/regions-snetap-fsu.fr\/pdl\/#\/schema\/logo\/image\/","url":"https:\/\/regions-snetap-fsu.fr\/pdl\/wp-content\/uploads\/sites\/4\/2020\/12\/SNETAP-Logo.jpg","contentUrl":"https:\/\/regions-snetap-fsu.fr\/pdl\/wp-content\/uploads\/sites\/4\/2020\/12\/SNETAP-Logo.jpg","width":464,"height":334,"caption":"SNETAP-FSU Pays de Loire"},"image":{"@id":"https:\/\/regions-snetap-fsu.fr\/pdl\/#\/schema\/logo\/image\/"}},{"@type":"Person","@id":"https:\/\/regions-snetap-fsu.fr\/pdl\/#\/schema\/person\/d4530af043f9e8d27bdd71c468ec93b1","name":"yvigner","image":{"@type":"ImageObject","inLanguage":"fr-FR","@id":"https:\/\/secure.gravatar.com\/avatar\/bc72baa6f2406549aecf77a837bc4f03dbe88472c1762138f868571430a23820?s=96&d=mm&r=g","url":"https:\/\/secure.gravatar.com\/avatar\/bc72baa6f2406549aecf77a837bc4f03dbe88472c1762138f868571430a23820?s=96&d=mm&r=g","contentUrl":"https:\/\/secure.gravatar.com\/avatar\/bc72baa6f2406549aecf77a837bc4f03dbe88472c1762138f868571430a23820?s=96&d=mm&r=g","caption":"yvigner"},"url":"https:\/\/regions-snetap-fsu.fr\/pdl\/author\/yvigner\/"}]}},"_links":{"self":[{"href":"https:\/\/regions-snetap-fsu.fr\/pdl\/wp-json\/wp\/v2\/posts\/3186","targetHints":{"allow":["GET"]}}],"collection":[{"href":"https:\/\/regions-snetap-fsu.fr\/pdl\/wp-json\/wp\/v2\/posts"}],"about":[{"href":"https:\/\/regions-snetap-fsu.fr\/pdl\/wp-json\/wp\/v2\/types\/post"}],"author":[{"embeddable":true,"href":"https:\/\/regions-snetap-fsu.fr\/pdl\/wp-json\/wp\/v2\/users\/2"}],"replies":[{"embeddable":true,"href":"https:\/\/regions-snetap-fsu.fr\/pdl\/wp-json\/wp\/v2\/comments?post=3186"}],"version-history":[{"count":3,"href":"https:\/\/regions-snetap-fsu.fr\/pdl\/wp-json\/wp\/v2\/posts\/3186\/revisions"}],"predecessor-version":[{"id":3191,"href":"https:\/\/regions-snetap-fsu.fr\/pdl\/wp-json\/wp\/v2\/posts\/3186\/revisions\/3191"}],"wp:attachment":[{"href":"https:\/\/regions-snetap-fsu.fr\/pdl\/wp-json\/wp\/v2\/media?parent=3186"}],"wp:term":[{"taxonomy":"category","embeddable":true,"href":"https:\/\/regions-snetap-fsu.fr\/pdl\/wp-json\/wp\/v2\/categories?post=3186"},{"taxonomy":"post_tag","embeddable":true,"href":"https:\/\/regions-snetap-fsu.fr\/pdl\/wp-json\/wp\/v2\/tags?post=3186"},{"taxonomy":"post_folder","embeddable":true,"href":"https:\/\/regions-snetap-fsu.fr\/pdl\/wp-json\/wp\/v2\/post_folder?post=3186"}],"curies":[{"name":"wp","href":"https:\/\/api.w.org\/{rel}","templated":true}]}}