{"id":3182,"date":"2019-01-31T22:37:27","date_gmt":"2019-01-31T21:37:27","guid":{"rendered":"https:\/\/regions-snetap-fsu.fr\/pdl\/?p=3182"},"modified":"2019-01-31T22:37:27","modified_gmt":"2019-01-31T21:37:27","slug":"a-la-dger-toujours-pas-de-reponse-pour-la-rentree-2019-pour-nantes-terre-atlantique","status":"publish","type":"post","link":"https:\/\/regions-snetap-fsu.fr\/pdl\/2019\/01\/31\/a-la-dger-toujours-pas-de-reponse-pour-la-rentree-2019-pour-nantes-terre-atlantique\/","title":{"rendered":"A la DGER, toujours pas de r\u00e9ponse pour la rentr\u00e9e 2019 pour Nantes Terre Atlantique"},"content":{"rendered":"<p align=\"justify\"><span style=\"font-family: Arial, sans-serif;\">Suite \u00e0 des demandes r\u00e9p\u00e9t\u00e9es, la DGER, comme elle s&rsquo;y \u00e9tait engag\u00e9e en juin 2018, nous a re\u00e7u mercredi 30 janvier en la personne d&rsquo;Herv\u00e9 Amiot-Chanal s<span style=\"color: #000000;\"><span style=\"font-size: medium;\">ous-directeur des \u00e9tablissements, des dotations et des comp\u00e9tences.<\/span><\/span><\/span><\/p>\n<p align=\"justify\"><span style=\"font-family: Arial, sans-serif;\">Nous avions sollicit\u00e9 cette rencontre \u00e0 l&rsquo;automne 2018, suite \u00e0 l&rsquo;\u00e9volution positive du recrutement en seconde pour l&rsquo;ann\u00e9e scolaire 2018-2019 (pour m\u00e9moire une dizaine d&rsquo;\u00e9l\u00e8ves ont \u00e9t\u00e9 refus\u00e9s) et suite aux annonces de non ouverture de la fili\u00e8re Bac Pro CGEA et de la non prise en compte de l\u2019atelier technologique la F\u00e9e au Duc.<\/span><\/p>\n<p align=\"justify\"><span style=\"font-family: Arial, sans-serif;\">Nous avons dans un premier temps expos\u00e9 \u00e0 Monsieur Herv\u00e9 Amiot-Chanal, qui n&rsquo;est arriv\u00e9 qu&rsquo;\u00e0 l&rsquo;automne 2018 \u00e0 la DGER, un rapide historique de la situation tant sur l&rsquo;\u00e9volution des effectifs dans un secteur d\u00e9mographique dynamique, que sur les difficult\u00e9s particuli\u00e8res de cet \u00e9tablissement. Nous avons \u00e9galement rappel\u00e9 que cette fermeture allait \u00e0 l\u2019encontre de la strat\u00e9gie actuelle de lutte contre la baisse des effectifs.<\/span><\/p>\n<p align=\"justify\"><span style=\"font-family: Arial, sans-serif;\">Notre demande, tr\u00e8s claire a \u00e9t\u00e9 la suivante\u00a0: transformer la fermeture nette de la troisi\u00e8me seconde en<b> <\/b><b>un simple <\/b><b>gel. <\/b><b>Ce qui reviendrait \u00e0 consid\u00e9rer que si un nombre cons\u00e9quent et suffisant de jeunes demandaient \u00e0 int\u00e9grer une seconde, la 3<\/b><sup><b>e<\/b><\/sup><b> classe pour<\/b><b>rait<\/b><b> \u00eatre ouverte de nouveau, permettant ainsi un accueil de tous les jeunes.<\/b><\/span><\/p>\n<p align=\"justify\"><span style=\"font-family: Arial, sans-serif;\">M\u00eame si le climat de la rencontre a \u00e9t\u00e9 plus serein qu&rsquo;en juin dernier et ce malgr\u00e9 le contexte de boycott de la CAP des PCEA et le blocage du CNEA (en lien avec la r\u00e9forme du STAV et la volont\u00e9 de supprimer les seuils de d\u00e9doublement par la DGER), la r\u00e9ponse reste toujours la m\u00eame, \u00e0 savoir, c&rsquo;est une d\u00e9cision de la DRAAF des Pays de la Loire et le Minist\u00e8re de l&rsquo;Agriculture a un budget contraint. <\/span><\/p>\n<p align=\"justify\"><span style=\"font-family: Arial, sans-serif;\">Pour autant, les d\u00e9cisions d&rsquo;arbitrage pour la rentr\u00e9e prochaine ne sont pas encore prises et nous devons continuer \u00e0 pousser localement, r\u00e9gionalement et nationalement pour qu\u2019AUCUN \u00e9l\u00e8ve ne soit refus\u00e9 dans l\u2019enseignement agricole public. Il nous faut faire pression sur la DRAAF et la DGER pour obtenir cette nouvelle perspective. <\/span><\/p>\n<p align=\"justify\"><span style=\"font-family: Arial, sans-serif;\">La mobilisation des personnels et la communication sur nos formations doivent se poursuivre pour pouvoir esp\u00e9rer retrouver un nombre de classes suffisant \u00e0 Jules Rieffel et faire fl\u00e9chir la DGER sur ses orientations d\u00e9sastreuses.<\/span><\/p>\n<p align=\"right\"><span style=\"font-family: Arial, sans-serif;\">Yoann VIGNER co-secr\u00e9taire r\u00e9gional SNETAP-FSU des Pays de la Loire<\/span><\/p>\n<p align=\"right\"><span style=\"font-family: Arial, sans-serif;\">G\u00e9rard RICHARD co-secr\u00e9taire de la section SNETAP-FSU de Nantes Terre Atlantique<\/span><\/p>\n","protected":false},"excerpt":{"rendered":"<p>Suite \u00e0 des demandes r\u00e9p\u00e9t\u00e9es, la DGER, comme elle s&rsquo;y \u00e9tait engag\u00e9e en juin 2018, nous a re\u00e7u mercredi 30 janvier en la personne d&rsquo;Herv\u00e9 Amiot-Chanal sous-directeur des \u00e9tablissements, des dotations et des comp\u00e9tences. Nous avions sollicit\u00e9 cette rencontre \u00e0 l&rsquo;automne 2018, suite \u00e0 l&rsquo;\u00e9volution positive du recrutement en seconde pour l&rsquo;ann\u00e9e scolaire 2018-2019 (pour [&hellip;]<\/p>\n","protected":false},"author":2,"featured_media":0,"comment_status":"closed","ping_status":"closed","sticky":false,"template":"","format":"standard","meta":{"ocean_post_layout":"","ocean_both_sidebars_style":"","ocean_both_sidebars_content_width":0,"ocean_both_sidebars_sidebars_width":0,"ocean_sidebar":"","ocean_second_sidebar":"","ocean_disable_margins":"enable","ocean_add_body_class":"","ocean_shortcode_before_top_bar":"","ocean_shortcode_after_top_bar":"","ocean_shortcode_before_header":"","ocean_shortcode_after_header":"","ocean_has_shortcode":"","ocean_shortcode_after_title":"","ocean_shortcode_before_footer_widgets":"","ocean_shortcode_after_footer_widgets":"","ocean_shortcode_before_footer_bottom":"","ocean_shortcode_after_footer_bottom":"","ocean_display_top_bar":"default","ocean_display_header":"default","ocean_header_style":"","ocean_center_header_left_menu":"","ocean_custom_header_template":"","ocean_custom_logo":0,"ocean_custom_retina_logo":0,"ocean_custom_logo_max_width":0,"ocean_custom_logo_tablet_max_width":0,"ocean_custom_logo_mobile_max_width":0,"ocean_custom_logo_max_height":0,"ocean_custom_logo_tablet_max_height":0,"ocean_custom_logo_mobile_max_height":0,"ocean_header_custom_menu":"","ocean_menu_typo_font_family":"","ocean_menu_typo_font_subset":"","ocean_menu_typo_font_size":0,"ocean_menu_typo_font_size_tablet":0,"ocean_menu_typo_font_size_mobile":0,"ocean_menu_typo_font_size_unit":"px","ocean_menu_typo_font_weight":"","ocean_menu_typo_font_weight_tablet":"","ocean_menu_typo_font_weight_mobile":"","ocean_menu_typo_transform":"","ocean_menu_typo_transform_tablet":"","ocean_menu_typo_transform_mobile":"","ocean_menu_typo_line_height":0,"ocean_menu_typo_line_height_tablet":0,"ocean_menu_typo_line_height_mobile":0,"ocean_menu_typo_line_height_unit":"","ocean_menu_typo_spacing":0,"ocean_menu_typo_spacing_tablet":0,"ocean_menu_typo_spacing_mobile":0,"ocean_menu_typo_spacing_unit":"","ocean_menu_link_color":"","ocean_menu_link_color_hover":"","ocean_menu_link_color_active":"","ocean_menu_link_background":"","ocean_menu_link_hover_background":"","ocean_menu_link_active_background":"","ocean_menu_social_links_bg":"","ocean_menu_social_hover_links_bg":"","ocean_menu_social_links_color":"","ocean_menu_social_hover_links_color":"","ocean_disable_title":"default","ocean_disable_heading":"default","ocean_post_title":"","ocean_post_subheading":"","ocean_post_title_style":"","ocean_post_title_background_color":"","ocean_post_title_background":0,"ocean_post_title_bg_image_position":"","ocean_post_title_bg_image_attachment":"","ocean_post_title_bg_image_repeat":"","ocean_post_title_bg_image_size":"","ocean_post_title_height":0,"ocean_post_title_bg_overlay":0.5,"ocean_post_title_bg_overlay_color":"","ocean_disable_breadcrumbs":"default","ocean_breadcrumbs_color":"","ocean_breadcrumbs_separator_color":"","ocean_breadcrumbs_links_color":"","ocean_breadcrumbs_links_hover_color":"","ocean_display_footer_widgets":"default","ocean_display_footer_bottom":"default","ocean_custom_footer_template":"","ocean_post_oembed":"","ocean_post_self_hosted_media":"","ocean_post_video_embed":"","ocean_link_format":"","ocean_link_format_target":"self","ocean_quote_format":"","ocean_quote_format_link":"post","ocean_gallery_link_images":"on","ocean_gallery_id":[],"footnotes":""},"categories":[9,24],"tags":[],"post_folder":[],"class_list":["post-3182","post","type-post","status-publish","format-standard","hentry","category-actions-et-communiques","category-nantes-terre-atlantique","entry"],"yoast_head":"<!-- This site is optimized with the Yoast SEO plugin v27.4 - https:\/\/yoast.com\/product\/yoast-seo-wordpress\/ -->\n<title>A la DGER, toujours pas de r\u00e9ponse pour la rentr\u00e9e 2019 pour Nantes Terre Atlantique - PAYS DE LA LOIRE<\/title>\n<meta name=\"robots\" content=\"index, follow, max-snippet:-1, max-image-preview:large, max-video-preview:-1\" \/>\n<link rel=\"canonical\" href=\"https:\/\/regions-snetap-fsu.fr\/pdl\/2019\/01\/31\/a-la-dger-toujours-pas-de-reponse-pour-la-rentree-2019-pour-nantes-terre-atlantique\/\" \/>\n<meta property=\"og:locale\" content=\"fr_FR\" \/>\n<meta property=\"og:type\" content=\"article\" \/>\n<meta property=\"og:title\" content=\"A la DGER, toujours pas de r\u00e9ponse pour la rentr\u00e9e 2019 pour Nantes Terre Atlantique - PAYS DE LA LOIRE\" \/>\n<meta property=\"og:description\" content=\"Suite \u00e0 des demandes r\u00e9p\u00e9t\u00e9es, la DGER, comme elle s&rsquo;y \u00e9tait engag\u00e9e en juin 2018, nous a re\u00e7u mercredi 30 janvier en la personne d&rsquo;Herv\u00e9 Amiot-Chanal sous-directeur des \u00e9tablissements, des dotations et des comp\u00e9tences. Nous avions sollicit\u00e9 cette rencontre \u00e0 l&rsquo;automne 2018, suite \u00e0 l&rsquo;\u00e9volution positive du recrutement en seconde pour l&rsquo;ann\u00e9e scolaire 2018-2019 (pour [&hellip;]\" \/>\n<meta property=\"og:url\" content=\"https:\/\/regions-snetap-fsu.fr\/pdl\/2019\/01\/31\/a-la-dger-toujours-pas-de-reponse-pour-la-rentree-2019-pour-nantes-terre-atlantique\/\" \/>\n<meta property=\"og:site_name\" content=\"PAYS DE LA LOIRE\" \/>\n<meta property=\"article:published_time\" content=\"2019-01-31T21:37:27+00:00\" \/>\n<meta name=\"author\" content=\"yvigner\" \/>\n<meta name=\"twitter:card\" content=\"summary_large_image\" \/>\n<meta name=\"twitter:label1\" content=\"\u00c9crit par\" \/>\n\t<meta name=\"twitter:data1\" content=\"yvigner\" \/>\n\t<meta name=\"twitter:label2\" content=\"Dur\u00e9e de lecture estim\u00e9e\" \/>\n\t<meta name=\"twitter:data2\" content=\"2 minutes\" \/>\n<script type=\"application\/ld+json\" class=\"yoast-schema-graph\">{\"@context\":\"https:\\\/\\\/schema.org\",\"@graph\":[{\"@type\":\"Article\",\"@id\":\"https:\\\/\\\/regions-snetap-fsu.fr\\\/pdl\\\/2019\\\/01\\\/31\\\/a-la-dger-toujours-pas-de-reponse-pour-la-rentree-2019-pour-nantes-terre-atlantique\\\/#article\",\"isPartOf\":{\"@id\":\"https:\\\/\\\/regions-snetap-fsu.fr\\\/pdl\\\/2019\\\/01\\\/31\\\/a-la-dger-toujours-pas-de-reponse-pour-la-rentree-2019-pour-nantes-terre-atlantique\\\/\"},\"author\":{\"name\":\"yvigner\",\"@id\":\"https:\\\/\\\/regions-snetap-fsu.fr\\\/pdl\\\/#\\\/schema\\\/person\\\/d4530af043f9e8d27bdd71c468ec93b1\"},\"headline\":\"A la DGER, toujours pas de r\u00e9ponse pour la rentr\u00e9e 2019 pour Nantes Terre Atlantique\",\"datePublished\":\"2019-01-31T21:37:27+00:00\",\"mainEntityOfPage\":{\"@id\":\"https:\\\/\\\/regions-snetap-fsu.fr\\\/pdl\\\/2019\\\/01\\\/31\\\/a-la-dger-toujours-pas-de-reponse-pour-la-rentree-2019-pour-nantes-terre-atlantique\\\/\"},\"wordCount\":451,\"publisher\":{\"@id\":\"https:\\\/\\\/regions-snetap-fsu.fr\\\/pdl\\\/#organization\"},\"articleSection\":[\"Communiqu\u00e9s\",\"Nantes Terre Atlantique\"],\"inLanguage\":\"fr-FR\"},{\"@type\":\"WebPage\",\"@id\":\"https:\\\/\\\/regions-snetap-fsu.fr\\\/pdl\\\/2019\\\/01\\\/31\\\/a-la-dger-toujours-pas-de-reponse-pour-la-rentree-2019-pour-nantes-terre-atlantique\\\/\",\"url\":\"https:\\\/\\\/regions-snetap-fsu.fr\\\/pdl\\\/2019\\\/01\\\/31\\\/a-la-dger-toujours-pas-de-reponse-pour-la-rentree-2019-pour-nantes-terre-atlantique\\\/\",\"name\":\"A la DGER, toujours pas de r\u00e9ponse pour la rentr\u00e9e 2019 pour Nantes Terre Atlantique - PAYS DE LA LOIRE\",\"isPartOf\":{\"@id\":\"https:\\\/\\\/regions-snetap-fsu.fr\\\/pdl\\\/#website\"},\"datePublished\":\"2019-01-31T21:37:27+00:00\",\"breadcrumb\":{\"@id\":\"https:\\\/\\\/regions-snetap-fsu.fr\\\/pdl\\\/2019\\\/01\\\/31\\\/a-la-dger-toujours-pas-de-reponse-pour-la-rentree-2019-pour-nantes-terre-atlantique\\\/#breadcrumb\"},\"inLanguage\":\"fr-FR\",\"potentialAction\":[{\"@type\":\"ReadAction\",\"target\":[\"https:\\\/\\\/regions-snetap-fsu.fr\\\/pdl\\\/2019\\\/01\\\/31\\\/a-la-dger-toujours-pas-de-reponse-pour-la-rentree-2019-pour-nantes-terre-atlantique\\\/\"]}]},{\"@type\":\"BreadcrumbList\",\"@id\":\"https:\\\/\\\/regions-snetap-fsu.fr\\\/pdl\\\/2019\\\/01\\\/31\\\/a-la-dger-toujours-pas-de-reponse-pour-la-rentree-2019-pour-nantes-terre-atlantique\\\/#breadcrumb\",\"itemListElement\":[{\"@type\":\"ListItem\",\"position\":1,\"name\":\"Accueil\",\"item\":\"https:\\\/\\\/regions-snetap-fsu.fr\\\/pdl\\\/\"},{\"@type\":\"ListItem\",\"position\":2,\"name\":\"A la DGER, toujours pas de r\u00e9ponse pour la rentr\u00e9e 2019 pour Nantes Terre Atlantique\"}]},{\"@type\":\"WebSite\",\"@id\":\"https:\\\/\\\/regions-snetap-fsu.fr\\\/pdl\\\/#website\",\"url\":\"https:\\\/\\\/regions-snetap-fsu.fr\\\/pdl\\\/\",\"name\":\"SNETAP-FSU PAYS DE LA LOIRE\",\"description\":\"SECTION REGIONALE\",\"publisher\":{\"@id\":\"https:\\\/\\\/regions-snetap-fsu.fr\\\/pdl\\\/#organization\"},\"potentialAction\":[{\"@type\":\"SearchAction\",\"target\":{\"@type\":\"EntryPoint\",\"urlTemplate\":\"https:\\\/\\\/regions-snetap-fsu.fr\\\/pdl\\\/?s={search_term_string}\"},\"query-input\":{\"@type\":\"PropertyValueSpecification\",\"valueRequired\":true,\"valueName\":\"search_term_string\"}}],\"inLanguage\":\"fr-FR\"},{\"@type\":\"Organization\",\"@id\":\"https:\\\/\\\/regions-snetap-fsu.fr\\\/pdl\\\/#organization\",\"name\":\"SNETAP-FSU Pays de Loire\",\"url\":\"https:\\\/\\\/regions-snetap-fsu.fr\\\/pdl\\\/\",\"logo\":{\"@type\":\"ImageObject\",\"inLanguage\":\"fr-FR\",\"@id\":\"https:\\\/\\\/regions-snetap-fsu.fr\\\/pdl\\\/#\\\/schema\\\/logo\\\/image\\\/\",\"url\":\"https:\\\/\\\/regions-snetap-fsu.fr\\\/pdl\\\/wp-content\\\/uploads\\\/sites\\\/4\\\/2020\\\/12\\\/SNETAP-Logo.jpg\",\"contentUrl\":\"https:\\\/\\\/regions-snetap-fsu.fr\\\/pdl\\\/wp-content\\\/uploads\\\/sites\\\/4\\\/2020\\\/12\\\/SNETAP-Logo.jpg\",\"width\":464,\"height\":334,\"caption\":\"SNETAP-FSU Pays de Loire\"},\"image\":{\"@id\":\"https:\\\/\\\/regions-snetap-fsu.fr\\\/pdl\\\/#\\\/schema\\\/logo\\\/image\\\/\"}},{\"@type\":\"Person\",\"@id\":\"https:\\\/\\\/regions-snetap-fsu.fr\\\/pdl\\\/#\\\/schema\\\/person\\\/d4530af043f9e8d27bdd71c468ec93b1\",\"name\":\"yvigner\",\"image\":{\"@type\":\"ImageObject\",\"inLanguage\":\"fr-FR\",\"@id\":\"https:\\\/\\\/secure.gravatar.com\\\/avatar\\\/bc72baa6f2406549aecf77a837bc4f03dbe88472c1762138f868571430a23820?s=96&d=mm&r=g\",\"url\":\"https:\\\/\\\/secure.gravatar.com\\\/avatar\\\/bc72baa6f2406549aecf77a837bc4f03dbe88472c1762138f868571430a23820?s=96&d=mm&r=g\",\"contentUrl\":\"https:\\\/\\\/secure.gravatar.com\\\/avatar\\\/bc72baa6f2406549aecf77a837bc4f03dbe88472c1762138f868571430a23820?s=96&d=mm&r=g\",\"caption\":\"yvigner\"},\"url\":\"https:\\\/\\\/regions-snetap-fsu.fr\\\/pdl\\\/author\\\/yvigner\\\/\"}]}<\/script>\n<!-- \/ Yoast SEO plugin. -->","yoast_head_json":{"title":"A la DGER, toujours pas de r\u00e9ponse pour la rentr\u00e9e 2019 pour Nantes Terre Atlantique - PAYS DE LA LOIRE","robots":{"index":"index","follow":"follow","max-snippet":"max-snippet:-1","max-image-preview":"max-image-preview:large","max-video-preview":"max-video-preview:-1"},"canonical":"https:\/\/regions-snetap-fsu.fr\/pdl\/2019\/01\/31\/a-la-dger-toujours-pas-de-reponse-pour-la-rentree-2019-pour-nantes-terre-atlantique\/","og_locale":"fr_FR","og_type":"article","og_title":"A la DGER, toujours pas de r\u00e9ponse pour la rentr\u00e9e 2019 pour Nantes Terre Atlantique - PAYS DE LA LOIRE","og_description":"Suite \u00e0 des demandes r\u00e9p\u00e9t\u00e9es, la DGER, comme elle s&rsquo;y \u00e9tait engag\u00e9e en juin 2018, nous a re\u00e7u mercredi 30 janvier en la personne d&rsquo;Herv\u00e9 Amiot-Chanal sous-directeur des \u00e9tablissements, des dotations et des comp\u00e9tences. Nous avions sollicit\u00e9 cette rencontre \u00e0 l&rsquo;automne 2018, suite \u00e0 l&rsquo;\u00e9volution positive du recrutement en seconde pour l&rsquo;ann\u00e9e scolaire 2018-2019 (pour [&hellip;]","og_url":"https:\/\/regions-snetap-fsu.fr\/pdl\/2019\/01\/31\/a-la-dger-toujours-pas-de-reponse-pour-la-rentree-2019-pour-nantes-terre-atlantique\/","og_site_name":"PAYS DE LA LOIRE","article_published_time":"2019-01-31T21:37:27+00:00","author":"yvigner","twitter_card":"summary_large_image","twitter_misc":{"\u00c9crit par":"yvigner","Dur\u00e9e de lecture estim\u00e9e":"2 minutes"},"schema":{"@context":"https:\/\/schema.org","@graph":[{"@type":"Article","@id":"https:\/\/regions-snetap-fsu.fr\/pdl\/2019\/01\/31\/a-la-dger-toujours-pas-de-reponse-pour-la-rentree-2019-pour-nantes-terre-atlantique\/#article","isPartOf":{"@id":"https:\/\/regions-snetap-fsu.fr\/pdl\/2019\/01\/31\/a-la-dger-toujours-pas-de-reponse-pour-la-rentree-2019-pour-nantes-terre-atlantique\/"},"author":{"name":"yvigner","@id":"https:\/\/regions-snetap-fsu.fr\/pdl\/#\/schema\/person\/d4530af043f9e8d27bdd71c468ec93b1"},"headline":"A la DGER, toujours pas de r\u00e9ponse pour la rentr\u00e9e 2019 pour Nantes Terre Atlantique","datePublished":"2019-01-31T21:37:27+00:00","mainEntityOfPage":{"@id":"https:\/\/regions-snetap-fsu.fr\/pdl\/2019\/01\/31\/a-la-dger-toujours-pas-de-reponse-pour-la-rentree-2019-pour-nantes-terre-atlantique\/"},"wordCount":451,"publisher":{"@id":"https:\/\/regions-snetap-fsu.fr\/pdl\/#organization"},"articleSection":["Communiqu\u00e9s","Nantes Terre Atlantique"],"inLanguage":"fr-FR"},{"@type":"WebPage","@id":"https:\/\/regions-snetap-fsu.fr\/pdl\/2019\/01\/31\/a-la-dger-toujours-pas-de-reponse-pour-la-rentree-2019-pour-nantes-terre-atlantique\/","url":"https:\/\/regions-snetap-fsu.fr\/pdl\/2019\/01\/31\/a-la-dger-toujours-pas-de-reponse-pour-la-rentree-2019-pour-nantes-terre-atlantique\/","name":"A la DGER, toujours pas de r\u00e9ponse pour la rentr\u00e9e 2019 pour Nantes Terre Atlantique - PAYS DE LA LOIRE","isPartOf":{"@id":"https:\/\/regions-snetap-fsu.fr\/pdl\/#website"},"datePublished":"2019-01-31T21:37:27+00:00","breadcrumb":{"@id":"https:\/\/regions-snetap-fsu.fr\/pdl\/2019\/01\/31\/a-la-dger-toujours-pas-de-reponse-pour-la-rentree-2019-pour-nantes-terre-atlantique\/#breadcrumb"},"inLanguage":"fr-FR","potentialAction":[{"@type":"ReadAction","target":["https:\/\/regions-snetap-fsu.fr\/pdl\/2019\/01\/31\/a-la-dger-toujours-pas-de-reponse-pour-la-rentree-2019-pour-nantes-terre-atlantique\/"]}]},{"@type":"BreadcrumbList","@id":"https:\/\/regions-snetap-fsu.fr\/pdl\/2019\/01\/31\/a-la-dger-toujours-pas-de-reponse-pour-la-rentree-2019-pour-nantes-terre-atlantique\/#breadcrumb","itemListElement":[{"@type":"ListItem","position":1,"name":"Accueil","item":"https:\/\/regions-snetap-fsu.fr\/pdl\/"},{"@type":"ListItem","position":2,"name":"A la DGER, toujours pas de r\u00e9ponse pour la rentr\u00e9e 2019 pour Nantes Terre Atlantique"}]},{"@type":"WebSite","@id":"https:\/\/regions-snetap-fsu.fr\/pdl\/#website","url":"https:\/\/regions-snetap-fsu.fr\/pdl\/","name":"SNETAP-FSU PAYS DE LA LOIRE","description":"SECTION REGIONALE","publisher":{"@id":"https:\/\/regions-snetap-fsu.fr\/pdl\/#organization"},"potentialAction":[{"@type":"SearchAction","target":{"@type":"EntryPoint","urlTemplate":"https:\/\/regions-snetap-fsu.fr\/pdl\/?s={search_term_string}"},"query-input":{"@type":"PropertyValueSpecification","valueRequired":true,"valueName":"search_term_string"}}],"inLanguage":"fr-FR"},{"@type":"Organization","@id":"https:\/\/regions-snetap-fsu.fr\/pdl\/#organization","name":"SNETAP-FSU Pays de Loire","url":"https:\/\/regions-snetap-fsu.fr\/pdl\/","logo":{"@type":"ImageObject","inLanguage":"fr-FR","@id":"https:\/\/regions-snetap-fsu.fr\/pdl\/#\/schema\/logo\/image\/","url":"https:\/\/regions-snetap-fsu.fr\/pdl\/wp-content\/uploads\/sites\/4\/2020\/12\/SNETAP-Logo.jpg","contentUrl":"https:\/\/regions-snetap-fsu.fr\/pdl\/wp-content\/uploads\/sites\/4\/2020\/12\/SNETAP-Logo.jpg","width":464,"height":334,"caption":"SNETAP-FSU Pays de Loire"},"image":{"@id":"https:\/\/regions-snetap-fsu.fr\/pdl\/#\/schema\/logo\/image\/"}},{"@type":"Person","@id":"https:\/\/regions-snetap-fsu.fr\/pdl\/#\/schema\/person\/d4530af043f9e8d27bdd71c468ec93b1","name":"yvigner","image":{"@type":"ImageObject","inLanguage":"fr-FR","@id":"https:\/\/secure.gravatar.com\/avatar\/bc72baa6f2406549aecf77a837bc4f03dbe88472c1762138f868571430a23820?s=96&d=mm&r=g","url":"https:\/\/secure.gravatar.com\/avatar\/bc72baa6f2406549aecf77a837bc4f03dbe88472c1762138f868571430a23820?s=96&d=mm&r=g","contentUrl":"https:\/\/secure.gravatar.com\/avatar\/bc72baa6f2406549aecf77a837bc4f03dbe88472c1762138f868571430a23820?s=96&d=mm&r=g","caption":"yvigner"},"url":"https:\/\/regions-snetap-fsu.fr\/pdl\/author\/yvigner\/"}]}},"_links":{"self":[{"href":"https:\/\/regions-snetap-fsu.fr\/pdl\/wp-json\/wp\/v2\/posts\/3182","targetHints":{"allow":["GET"]}}],"collection":[{"href":"https:\/\/regions-snetap-fsu.fr\/pdl\/wp-json\/wp\/v2\/posts"}],"about":[{"href":"https:\/\/regions-snetap-fsu.fr\/pdl\/wp-json\/wp\/v2\/types\/post"}],"author":[{"embeddable":true,"href":"https:\/\/regions-snetap-fsu.fr\/pdl\/wp-json\/wp\/v2\/users\/2"}],"replies":[{"embeddable":true,"href":"https:\/\/regions-snetap-fsu.fr\/pdl\/wp-json\/wp\/v2\/comments?post=3182"}],"version-history":[{"count":1,"href":"https:\/\/regions-snetap-fsu.fr\/pdl\/wp-json\/wp\/v2\/posts\/3182\/revisions"}],"predecessor-version":[{"id":3183,"href":"https:\/\/regions-snetap-fsu.fr\/pdl\/wp-json\/wp\/v2\/posts\/3182\/revisions\/3183"}],"wp:attachment":[{"href":"https:\/\/regions-snetap-fsu.fr\/pdl\/wp-json\/wp\/v2\/media?parent=3182"}],"wp:term":[{"taxonomy":"category","embeddable":true,"href":"https:\/\/regions-snetap-fsu.fr\/pdl\/wp-json\/wp\/v2\/categories?post=3182"},{"taxonomy":"post_tag","embeddable":true,"href":"https:\/\/regions-snetap-fsu.fr\/pdl\/wp-json\/wp\/v2\/tags?post=3182"},{"taxonomy":"post_folder","embeddable":true,"href":"https:\/\/regions-snetap-fsu.fr\/pdl\/wp-json\/wp\/v2\/post_folder?post=3182"}],"curies":[{"name":"wp","href":"https:\/\/api.w.org\/{rel}","templated":true}]}}