{"id":3179,"date":"2019-01-27T15:58:23","date_gmt":"2019-01-27T14:58:23","guid":{"rendered":"https:\/\/regions-snetap-fsu.fr\/pdl\/?p=3179"},"modified":"2019-01-27T15:58:23","modified_gmt":"2019-01-27T14:58:23","slug":"les-personnels-de-nantes-terre-atlantique-ecrivent-au-draaf","status":"publish","type":"post","link":"https:\/\/regions-snetap-fsu.fr\/pdl\/2019\/01\/27\/les-personnels-de-nantes-terre-atlantique-ecrivent-au-draaf\/","title":{"rendered":"Les personnels de Nantes Terre Atlantique \u00e9crivent au DRAAF"},"content":{"rendered":"<p style=\"text-align: right;\">Saint-Herblain le 24 janvier 2019<\/p>\n<p style=\"text-align: justify;\">\nR\u00e9unie en assembl\u00e9e g\u00e9n\u00e9rale en ce jour de gr\u00e8ve, plus de la moiti\u00e9 des\u00a0enseignants du lyc\u00e9e Nantes Terre Atlantique veut vous adresser, Monsieur\u00a0le DRAAF, son d\u00e9sarroi face \u00e0 ces r\u00e9formes souffrant d&rsquo;impr\u00e9paration et qui\u00a0vont impacter fortement tous les partenaires du syst\u00e8me \u00e9ducatif.<\/p>\n<p style=\"text-align: justify;\">D\u00e9sarroi, car \u00e0 huit jours des Portes Ouvertes le flou et le manque\u00a0d&rsquo;informations ne vont pas nous permettre de pr\u00e9senter sereinement les\u00a0formations aux parents, aux \u00e9l\u00e8ves, \u00e9tudiants, apprentis et stagiaires.\u00a0D\u00e9sarroi, car \u00e0 deux semaines des conseils de classe du deuxi\u00e8me trimestre,\u00a0les enseignants de seconde g\u00e9n\u00e9rale et technologique sont d\u00e9munis pour\u00a0conseiller les \u00e9l\u00e8ves dans leur choix d&rsquo;orientation.\u00a0D\u00e9sarroi, car le manque de communication sur la fili\u00e8re technologique et\u00a0l&rsquo;arriv\u00e9e des sp\u00e9cialit\u00e9s dans le bac g\u00e9n\u00e9ral laissent entrevoir de s\u00e9rieuses\u00a0difficult\u00e9s de recrutement. Cela impacte fortement l&rsquo;avenir de l&rsquo;enseignement\u00a0agricole public et la p\u00e9rennit\u00e9 de la structure de Nantes Terre Atlantique.<\/p>\n<p style=\"text-align: justify;\">D\u00e9sarroi, car la consultation sur le baccalaur\u00e9at technologique STAV est une\u00a0caricature de concertation.\u00a0D\u00e9sarroi face \u00e0 l&rsquo;hypocrisie d&rsquo;une autonomie affich\u00e9e des \u00e9tablissements qui\u00a0n&rsquo;a pour seul objectif que de r\u00e9aliser des \u00e9conomies.\u00a0Localement nous attendons toujours les explications promises lors du CTREA\u00a0du 20 d\u00e9cembre 2018 sur la disparition comme priorit\u00e9 r\u00e9gionale du bac\u00a0professionnel CGEA sur le site de Saint-Herblain.\u00a0En tant que professionnels responsables nous vous demandons a minima un\u00a0report de ces r\u00e9formes.\u00a0L&rsquo;esprit de ces r\u00e9formes, ainsi que la pr\u00e9cipitation et la confusion avec\u00a0lesquelles elles sont conduites, nous laissent penser \u00e0 une m\u00e9connaissance\u00a0de notre m\u00e9tier et \u00e0 un m\u00e9pris \u00e0 l&rsquo;\u00e9gard de notre profession qui n\u00e9cessite une\u00a0anticipation et une r\u00e9flexion en amont des enseignements dispens\u00e9s.<\/p>\n<p style=\"text-align: right;\">\nMerci de transmettre notre d\u00e9sarroi \u00e0 la DGER<\/p>\n","protected":false},"excerpt":{"rendered":"<p>Saint-Herblain le 24 janvier 2019 R\u00e9unie en assembl\u00e9e g\u00e9n\u00e9rale en ce jour de gr\u00e8ve, plus de la moiti\u00e9 des\u00a0enseignants du lyc\u00e9e Nantes Terre Atlantique veut vous adresser, Monsieur\u00a0le DRAAF, son d\u00e9sarroi face \u00e0 ces r\u00e9formes souffrant d&rsquo;impr\u00e9paration et qui\u00a0vont impacter fortement tous les partenaires du syst\u00e8me \u00e9ducatif. D\u00e9sarroi, car \u00e0 huit jours des Portes Ouvertes [&hellip;]<\/p>\n","protected":false},"author":2,"featured_media":0,"comment_status":"closed","ping_status":"closed","sticky":false,"template":"","format":"standard","meta":{"ocean_post_layout":"","ocean_both_sidebars_style":"","ocean_both_sidebars_content_width":0,"ocean_both_sidebars_sidebars_width":0,"ocean_sidebar":"","ocean_second_sidebar":"","ocean_disable_margins":"enable","ocean_add_body_class":"","ocean_shortcode_before_top_bar":"","ocean_shortcode_after_top_bar":"","ocean_shortcode_before_header":"","ocean_shortcode_after_header":"","ocean_has_shortcode":"","ocean_shortcode_after_title":"","ocean_shortcode_before_footer_widgets":"","ocean_shortcode_after_footer_widgets":"","ocean_shortcode_before_footer_bottom":"","ocean_shortcode_after_footer_bottom":"","ocean_display_top_bar":"default","ocean_display_header":"default","ocean_header_style":"","ocean_center_header_left_menu":"","ocean_custom_header_template":"","ocean_custom_logo":0,"ocean_custom_retina_logo":0,"ocean_custom_logo_max_width":0,"ocean_custom_logo_tablet_max_width":0,"ocean_custom_logo_mobile_max_width":0,"ocean_custom_logo_max_height":0,"ocean_custom_logo_tablet_max_height":0,"ocean_custom_logo_mobile_max_height":0,"ocean_header_custom_menu":"","ocean_menu_typo_font_family":"","ocean_menu_typo_font_subset":"","ocean_menu_typo_font_size":0,"ocean_menu_typo_font_size_tablet":0,"ocean_menu_typo_font_size_mobile":0,"ocean_menu_typo_font_size_unit":"px","ocean_menu_typo_font_weight":"","ocean_menu_typo_font_weight_tablet":"","ocean_menu_typo_font_weight_mobile":"","ocean_menu_typo_transform":"","ocean_menu_typo_transform_tablet":"","ocean_menu_typo_transform_mobile":"","ocean_menu_typo_line_height":0,"ocean_menu_typo_line_height_tablet":0,"ocean_menu_typo_line_height_mobile":0,"ocean_menu_typo_line_height_unit":"","ocean_menu_typo_spacing":0,"ocean_menu_typo_spacing_tablet":0,"ocean_menu_typo_spacing_mobile":0,"ocean_menu_typo_spacing_unit":"","ocean_menu_link_color":"","ocean_menu_link_color_hover":"","ocean_menu_link_color_active":"","ocean_menu_link_background":"","ocean_menu_link_hover_background":"","ocean_menu_link_active_background":"","ocean_menu_social_links_bg":"","ocean_menu_social_hover_links_bg":"","ocean_menu_social_links_color":"","ocean_menu_social_hover_links_color":"","ocean_disable_title":"default","ocean_disable_heading":"default","ocean_post_title":"","ocean_post_subheading":"","ocean_post_title_style":"","ocean_post_title_background_color":"","ocean_post_title_background":0,"ocean_post_title_bg_image_position":"","ocean_post_title_bg_image_attachment":"","ocean_post_title_bg_image_repeat":"","ocean_post_title_bg_image_size":"","ocean_post_title_height":0,"ocean_post_title_bg_overlay":0.5,"ocean_post_title_bg_overlay_color":"","ocean_disable_breadcrumbs":"default","ocean_breadcrumbs_color":"","ocean_breadcrumbs_separator_color":"","ocean_breadcrumbs_links_color":"","ocean_breadcrumbs_links_hover_color":"","ocean_display_footer_widgets":"default","ocean_display_footer_bottom":"default","ocean_custom_footer_template":"","ocean_post_oembed":"","ocean_post_self_hosted_media":"","ocean_post_video_embed":"","ocean_link_format":"","ocean_link_format_target":"self","ocean_quote_format":"","ocean_quote_format_link":"post","ocean_gallery_link_images":"on","ocean_gallery_id":[],"footnotes":""},"categories":[16,24],"tags":[],"post_folder":[],"class_list":["post-3179","post","type-post","status-publish","format-standard","hentry","category-en-direct-des-sections","category-nantes-terre-atlantique","entry"],"yoast_head":"<!-- This site is optimized with the Yoast SEO plugin v27.4 - https:\/\/yoast.com\/product\/yoast-seo-wordpress\/ -->\n<title>Les personnels de Nantes Terre Atlantique \u00e9crivent au DRAAF - PAYS DE LA LOIRE<\/title>\n<meta name=\"robots\" content=\"index, follow, max-snippet:-1, max-image-preview:large, max-video-preview:-1\" \/>\n<link rel=\"canonical\" href=\"https:\/\/regions-snetap-fsu.fr\/pdl\/2019\/01\/27\/les-personnels-de-nantes-terre-atlantique-ecrivent-au-draaf\/\" \/>\n<meta property=\"og:locale\" content=\"fr_FR\" \/>\n<meta property=\"og:type\" content=\"article\" \/>\n<meta property=\"og:title\" content=\"Les personnels de Nantes Terre Atlantique \u00e9crivent au DRAAF - PAYS DE LA LOIRE\" \/>\n<meta property=\"og:description\" content=\"Saint-Herblain le 24 janvier 2019 R\u00e9unie en assembl\u00e9e g\u00e9n\u00e9rale en ce jour de gr\u00e8ve, plus de la moiti\u00e9 des\u00a0enseignants du lyc\u00e9e Nantes Terre Atlantique veut vous adresser, Monsieur\u00a0le DRAAF, son d\u00e9sarroi face \u00e0 ces r\u00e9formes souffrant d&rsquo;impr\u00e9paration et qui\u00a0vont impacter fortement tous les partenaires du syst\u00e8me \u00e9ducatif. D\u00e9sarroi, car \u00e0 huit jours des Portes Ouvertes [&hellip;]\" \/>\n<meta property=\"og:url\" content=\"https:\/\/regions-snetap-fsu.fr\/pdl\/2019\/01\/27\/les-personnels-de-nantes-terre-atlantique-ecrivent-au-draaf\/\" \/>\n<meta property=\"og:site_name\" content=\"PAYS DE LA LOIRE\" \/>\n<meta property=\"article:published_time\" content=\"2019-01-27T14:58:23+00:00\" \/>\n<meta name=\"author\" content=\"yvigner\" \/>\n<meta name=\"twitter:card\" content=\"summary_large_image\" \/>\n<meta name=\"twitter:label1\" content=\"\u00c9crit par\" \/>\n\t<meta name=\"twitter:data1\" content=\"yvigner\" \/>\n\t<meta name=\"twitter:label2\" content=\"Dur\u00e9e de lecture estim\u00e9e\" \/>\n\t<meta name=\"twitter:data2\" content=\"2 minutes\" \/>\n<script type=\"application\/ld+json\" class=\"yoast-schema-graph\">{\"@context\":\"https:\\\/\\\/schema.org\",\"@graph\":[{\"@type\":\"Article\",\"@id\":\"https:\\\/\\\/regions-snetap-fsu.fr\\\/pdl\\\/2019\\\/01\\\/27\\\/les-personnels-de-nantes-terre-atlantique-ecrivent-au-draaf\\\/#article\",\"isPartOf\":{\"@id\":\"https:\\\/\\\/regions-snetap-fsu.fr\\\/pdl\\\/2019\\\/01\\\/27\\\/les-personnels-de-nantes-terre-atlantique-ecrivent-au-draaf\\\/\"},\"author\":{\"name\":\"yvigner\",\"@id\":\"https:\\\/\\\/regions-snetap-fsu.fr\\\/pdl\\\/#\\\/schema\\\/person\\\/d4530af043f9e8d27bdd71c468ec93b1\"},\"headline\":\"Les personnels de Nantes Terre Atlantique \u00e9crivent au DRAAF\",\"datePublished\":\"2019-01-27T14:58:23+00:00\",\"mainEntityOfPage\":{\"@id\":\"https:\\\/\\\/regions-snetap-fsu.fr\\\/pdl\\\/2019\\\/01\\\/27\\\/les-personnels-de-nantes-terre-atlantique-ecrivent-au-draaf\\\/\"},\"wordCount\":339,\"publisher\":{\"@id\":\"https:\\\/\\\/regions-snetap-fsu.fr\\\/pdl\\\/#organization\"},\"articleSection\":[\"En direct des sections\",\"Nantes Terre Atlantique\"],\"inLanguage\":\"fr-FR\"},{\"@type\":\"WebPage\",\"@id\":\"https:\\\/\\\/regions-snetap-fsu.fr\\\/pdl\\\/2019\\\/01\\\/27\\\/les-personnels-de-nantes-terre-atlantique-ecrivent-au-draaf\\\/\",\"url\":\"https:\\\/\\\/regions-snetap-fsu.fr\\\/pdl\\\/2019\\\/01\\\/27\\\/les-personnels-de-nantes-terre-atlantique-ecrivent-au-draaf\\\/\",\"name\":\"Les personnels de Nantes Terre Atlantique \u00e9crivent au DRAAF - PAYS DE LA LOIRE\",\"isPartOf\":{\"@id\":\"https:\\\/\\\/regions-snetap-fsu.fr\\\/pdl\\\/#website\"},\"datePublished\":\"2019-01-27T14:58:23+00:00\",\"breadcrumb\":{\"@id\":\"https:\\\/\\\/regions-snetap-fsu.fr\\\/pdl\\\/2019\\\/01\\\/27\\\/les-personnels-de-nantes-terre-atlantique-ecrivent-au-draaf\\\/#breadcrumb\"},\"inLanguage\":\"fr-FR\",\"potentialAction\":[{\"@type\":\"ReadAction\",\"target\":[\"https:\\\/\\\/regions-snetap-fsu.fr\\\/pdl\\\/2019\\\/01\\\/27\\\/les-personnels-de-nantes-terre-atlantique-ecrivent-au-draaf\\\/\"]}]},{\"@type\":\"BreadcrumbList\",\"@id\":\"https:\\\/\\\/regions-snetap-fsu.fr\\\/pdl\\\/2019\\\/01\\\/27\\\/les-personnels-de-nantes-terre-atlantique-ecrivent-au-draaf\\\/#breadcrumb\",\"itemListElement\":[{\"@type\":\"ListItem\",\"position\":1,\"name\":\"Accueil\",\"item\":\"https:\\\/\\\/regions-snetap-fsu.fr\\\/pdl\\\/\"},{\"@type\":\"ListItem\",\"position\":2,\"name\":\"Les personnels de Nantes Terre Atlantique \u00e9crivent au DRAAF\"}]},{\"@type\":\"WebSite\",\"@id\":\"https:\\\/\\\/regions-snetap-fsu.fr\\\/pdl\\\/#website\",\"url\":\"https:\\\/\\\/regions-snetap-fsu.fr\\\/pdl\\\/\",\"name\":\"SNETAP-FSU PAYS DE LA LOIRE\",\"description\":\"SECTION REGIONALE\",\"publisher\":{\"@id\":\"https:\\\/\\\/regions-snetap-fsu.fr\\\/pdl\\\/#organization\"},\"potentialAction\":[{\"@type\":\"SearchAction\",\"target\":{\"@type\":\"EntryPoint\",\"urlTemplate\":\"https:\\\/\\\/regions-snetap-fsu.fr\\\/pdl\\\/?s={search_term_string}\"},\"query-input\":{\"@type\":\"PropertyValueSpecification\",\"valueRequired\":true,\"valueName\":\"search_term_string\"}}],\"inLanguage\":\"fr-FR\"},{\"@type\":\"Organization\",\"@id\":\"https:\\\/\\\/regions-snetap-fsu.fr\\\/pdl\\\/#organization\",\"name\":\"SNETAP-FSU Pays de Loire\",\"url\":\"https:\\\/\\\/regions-snetap-fsu.fr\\\/pdl\\\/\",\"logo\":{\"@type\":\"ImageObject\",\"inLanguage\":\"fr-FR\",\"@id\":\"https:\\\/\\\/regions-snetap-fsu.fr\\\/pdl\\\/#\\\/schema\\\/logo\\\/image\\\/\",\"url\":\"https:\\\/\\\/regions-snetap-fsu.fr\\\/pdl\\\/wp-content\\\/uploads\\\/sites\\\/4\\\/2020\\\/12\\\/SNETAP-Logo.jpg\",\"contentUrl\":\"https:\\\/\\\/regions-snetap-fsu.fr\\\/pdl\\\/wp-content\\\/uploads\\\/sites\\\/4\\\/2020\\\/12\\\/SNETAP-Logo.jpg\",\"width\":464,\"height\":334,\"caption\":\"SNETAP-FSU Pays de Loire\"},\"image\":{\"@id\":\"https:\\\/\\\/regions-snetap-fsu.fr\\\/pdl\\\/#\\\/schema\\\/logo\\\/image\\\/\"}},{\"@type\":\"Person\",\"@id\":\"https:\\\/\\\/regions-snetap-fsu.fr\\\/pdl\\\/#\\\/schema\\\/person\\\/d4530af043f9e8d27bdd71c468ec93b1\",\"name\":\"yvigner\",\"image\":{\"@type\":\"ImageObject\",\"inLanguage\":\"fr-FR\",\"@id\":\"https:\\\/\\\/secure.gravatar.com\\\/avatar\\\/bc72baa6f2406549aecf77a837bc4f03dbe88472c1762138f868571430a23820?s=96&d=mm&r=g\",\"url\":\"https:\\\/\\\/secure.gravatar.com\\\/avatar\\\/bc72baa6f2406549aecf77a837bc4f03dbe88472c1762138f868571430a23820?s=96&d=mm&r=g\",\"contentUrl\":\"https:\\\/\\\/secure.gravatar.com\\\/avatar\\\/bc72baa6f2406549aecf77a837bc4f03dbe88472c1762138f868571430a23820?s=96&d=mm&r=g\",\"caption\":\"yvigner\"},\"url\":\"https:\\\/\\\/regions-snetap-fsu.fr\\\/pdl\\\/author\\\/yvigner\\\/\"}]}<\/script>\n<!-- \/ Yoast SEO plugin. -->","yoast_head_json":{"title":"Les personnels de Nantes Terre Atlantique \u00e9crivent au DRAAF - PAYS DE LA LOIRE","robots":{"index":"index","follow":"follow","max-snippet":"max-snippet:-1","max-image-preview":"max-image-preview:large","max-video-preview":"max-video-preview:-1"},"canonical":"https:\/\/regions-snetap-fsu.fr\/pdl\/2019\/01\/27\/les-personnels-de-nantes-terre-atlantique-ecrivent-au-draaf\/","og_locale":"fr_FR","og_type":"article","og_title":"Les personnels de Nantes Terre Atlantique \u00e9crivent au DRAAF - PAYS DE LA LOIRE","og_description":"Saint-Herblain le 24 janvier 2019 R\u00e9unie en assembl\u00e9e g\u00e9n\u00e9rale en ce jour de gr\u00e8ve, plus de la moiti\u00e9 des\u00a0enseignants du lyc\u00e9e Nantes Terre Atlantique veut vous adresser, Monsieur\u00a0le DRAAF, son d\u00e9sarroi face \u00e0 ces r\u00e9formes souffrant d&rsquo;impr\u00e9paration et qui\u00a0vont impacter fortement tous les partenaires du syst\u00e8me \u00e9ducatif. D\u00e9sarroi, car \u00e0 huit jours des Portes Ouvertes [&hellip;]","og_url":"https:\/\/regions-snetap-fsu.fr\/pdl\/2019\/01\/27\/les-personnels-de-nantes-terre-atlantique-ecrivent-au-draaf\/","og_site_name":"PAYS DE LA LOIRE","article_published_time":"2019-01-27T14:58:23+00:00","author":"yvigner","twitter_card":"summary_large_image","twitter_misc":{"\u00c9crit par":"yvigner","Dur\u00e9e de lecture estim\u00e9e":"2 minutes"},"schema":{"@context":"https:\/\/schema.org","@graph":[{"@type":"Article","@id":"https:\/\/regions-snetap-fsu.fr\/pdl\/2019\/01\/27\/les-personnels-de-nantes-terre-atlantique-ecrivent-au-draaf\/#article","isPartOf":{"@id":"https:\/\/regions-snetap-fsu.fr\/pdl\/2019\/01\/27\/les-personnels-de-nantes-terre-atlantique-ecrivent-au-draaf\/"},"author":{"name":"yvigner","@id":"https:\/\/regions-snetap-fsu.fr\/pdl\/#\/schema\/person\/d4530af043f9e8d27bdd71c468ec93b1"},"headline":"Les personnels de Nantes Terre Atlantique \u00e9crivent au DRAAF","datePublished":"2019-01-27T14:58:23+00:00","mainEntityOfPage":{"@id":"https:\/\/regions-snetap-fsu.fr\/pdl\/2019\/01\/27\/les-personnels-de-nantes-terre-atlantique-ecrivent-au-draaf\/"},"wordCount":339,"publisher":{"@id":"https:\/\/regions-snetap-fsu.fr\/pdl\/#organization"},"articleSection":["En direct des sections","Nantes Terre Atlantique"],"inLanguage":"fr-FR"},{"@type":"WebPage","@id":"https:\/\/regions-snetap-fsu.fr\/pdl\/2019\/01\/27\/les-personnels-de-nantes-terre-atlantique-ecrivent-au-draaf\/","url":"https:\/\/regions-snetap-fsu.fr\/pdl\/2019\/01\/27\/les-personnels-de-nantes-terre-atlantique-ecrivent-au-draaf\/","name":"Les personnels de Nantes Terre Atlantique \u00e9crivent au DRAAF - PAYS DE LA LOIRE","isPartOf":{"@id":"https:\/\/regions-snetap-fsu.fr\/pdl\/#website"},"datePublished":"2019-01-27T14:58:23+00:00","breadcrumb":{"@id":"https:\/\/regions-snetap-fsu.fr\/pdl\/2019\/01\/27\/les-personnels-de-nantes-terre-atlantique-ecrivent-au-draaf\/#breadcrumb"},"inLanguage":"fr-FR","potentialAction":[{"@type":"ReadAction","target":["https:\/\/regions-snetap-fsu.fr\/pdl\/2019\/01\/27\/les-personnels-de-nantes-terre-atlantique-ecrivent-au-draaf\/"]}]},{"@type":"BreadcrumbList","@id":"https:\/\/regions-snetap-fsu.fr\/pdl\/2019\/01\/27\/les-personnels-de-nantes-terre-atlantique-ecrivent-au-draaf\/#breadcrumb","itemListElement":[{"@type":"ListItem","position":1,"name":"Accueil","item":"https:\/\/regions-snetap-fsu.fr\/pdl\/"},{"@type":"ListItem","position":2,"name":"Les personnels de Nantes Terre Atlantique \u00e9crivent au DRAAF"}]},{"@type":"WebSite","@id":"https:\/\/regions-snetap-fsu.fr\/pdl\/#website","url":"https:\/\/regions-snetap-fsu.fr\/pdl\/","name":"SNETAP-FSU PAYS DE LA LOIRE","description":"SECTION REGIONALE","publisher":{"@id":"https:\/\/regions-snetap-fsu.fr\/pdl\/#organization"},"potentialAction":[{"@type":"SearchAction","target":{"@type":"EntryPoint","urlTemplate":"https:\/\/regions-snetap-fsu.fr\/pdl\/?s={search_term_string}"},"query-input":{"@type":"PropertyValueSpecification","valueRequired":true,"valueName":"search_term_string"}}],"inLanguage":"fr-FR"},{"@type":"Organization","@id":"https:\/\/regions-snetap-fsu.fr\/pdl\/#organization","name":"SNETAP-FSU Pays de Loire","url":"https:\/\/regions-snetap-fsu.fr\/pdl\/","logo":{"@type":"ImageObject","inLanguage":"fr-FR","@id":"https:\/\/regions-snetap-fsu.fr\/pdl\/#\/schema\/logo\/image\/","url":"https:\/\/regions-snetap-fsu.fr\/pdl\/wp-content\/uploads\/sites\/4\/2020\/12\/SNETAP-Logo.jpg","contentUrl":"https:\/\/regions-snetap-fsu.fr\/pdl\/wp-content\/uploads\/sites\/4\/2020\/12\/SNETAP-Logo.jpg","width":464,"height":334,"caption":"SNETAP-FSU Pays de Loire"},"image":{"@id":"https:\/\/regions-snetap-fsu.fr\/pdl\/#\/schema\/logo\/image\/"}},{"@type":"Person","@id":"https:\/\/regions-snetap-fsu.fr\/pdl\/#\/schema\/person\/d4530af043f9e8d27bdd71c468ec93b1","name":"yvigner","image":{"@type":"ImageObject","inLanguage":"fr-FR","@id":"https:\/\/secure.gravatar.com\/avatar\/bc72baa6f2406549aecf77a837bc4f03dbe88472c1762138f868571430a23820?s=96&d=mm&r=g","url":"https:\/\/secure.gravatar.com\/avatar\/bc72baa6f2406549aecf77a837bc4f03dbe88472c1762138f868571430a23820?s=96&d=mm&r=g","contentUrl":"https:\/\/secure.gravatar.com\/avatar\/bc72baa6f2406549aecf77a837bc4f03dbe88472c1762138f868571430a23820?s=96&d=mm&r=g","caption":"yvigner"},"url":"https:\/\/regions-snetap-fsu.fr\/pdl\/author\/yvigner\/"}]}},"_links":{"self":[{"href":"https:\/\/regions-snetap-fsu.fr\/pdl\/wp-json\/wp\/v2\/posts\/3179","targetHints":{"allow":["GET"]}}],"collection":[{"href":"https:\/\/regions-snetap-fsu.fr\/pdl\/wp-json\/wp\/v2\/posts"}],"about":[{"href":"https:\/\/regions-snetap-fsu.fr\/pdl\/wp-json\/wp\/v2\/types\/post"}],"author":[{"embeddable":true,"href":"https:\/\/regions-snetap-fsu.fr\/pdl\/wp-json\/wp\/v2\/users\/2"}],"replies":[{"embeddable":true,"href":"https:\/\/regions-snetap-fsu.fr\/pdl\/wp-json\/wp\/v2\/comments?post=3179"}],"version-history":[{"count":1,"href":"https:\/\/regions-snetap-fsu.fr\/pdl\/wp-json\/wp\/v2\/posts\/3179\/revisions"}],"predecessor-version":[{"id":3180,"href":"https:\/\/regions-snetap-fsu.fr\/pdl\/wp-json\/wp\/v2\/posts\/3179\/revisions\/3180"}],"wp:attachment":[{"href":"https:\/\/regions-snetap-fsu.fr\/pdl\/wp-json\/wp\/v2\/media?parent=3179"}],"wp:term":[{"taxonomy":"category","embeddable":true,"href":"https:\/\/regions-snetap-fsu.fr\/pdl\/wp-json\/wp\/v2\/categories?post=3179"},{"taxonomy":"post_tag","embeddable":true,"href":"https:\/\/regions-snetap-fsu.fr\/pdl\/wp-json\/wp\/v2\/tags?post=3179"},{"taxonomy":"post_folder","embeddable":true,"href":"https:\/\/regions-snetap-fsu.fr\/pdl\/wp-json\/wp\/v2\/post_folder?post=3179"}],"curies":[{"name":"wp","href":"https:\/\/api.w.org\/{rel}","templated":true}]}}