{"id":3171,"date":"2019-01-23T23:37:34","date_gmt":"2019-01-23T22:37:34","guid":{"rendered":"https:\/\/regions-snetap-fsu.fr\/pdl\/?p=3171"},"modified":"2019-01-23T23:37:34","modified_gmt":"2019-01-23T22:37:34","slug":"direction-unique-dans-les-epl-du-maine-et-loire-le-snetap-fsu-demande-la-fin-du-dispositif","status":"publish","type":"post","link":"https:\/\/regions-snetap-fsu.fr\/pdl\/2019\/01\/23\/direction-unique-dans-les-epl-du-maine-et-loire-le-snetap-fsu-demande-la-fin-du-dispositif\/","title":{"rendered":"Direction unique dans les EPL du Maine et Loire : le SNETAP-FSU demande la fin du dispositif"},"content":{"rendered":"<p class=\"western\" align=\"right\"><span style=\"font-family: Arial, sans-serif;\">Nantes, le 26 janvier 2019<\/span><\/p>\n<p class=\"western\" align=\"right\">\n<span style=\"font-family: Arial, sans-serif;\">A Monsieur le Directeur G\u00e9n\u00e9ral, <\/span><\/p>\n<p class=\"western\" align=\"right\"><span style=\"font-family: Arial, sans-serif;\">DGER, 1 ter Avenue de Lowendal<\/span><\/p>\n<p class=\"western\" align=\"right\"><span style=\"font-family: Arial, sans-serif;\">75 PARIS<\/span><\/p>\n<p class=\"western\" align=\"justify\">\n<span style=\"font-family: Arial, sans-serif;\">Objet\u00a0: direction unique dans les \u00e9tablissements agricoles publics du Maine et Loire<\/span><\/p>\n<p class=\"western\" align=\"justify\"><span style=\"font-family: Arial, sans-serif;\">Monsieur, <\/span><\/p>\n<p class=\"western\" align=\"justify\"><span style=\"font-family: Arial, sans-serif;\">Il y a quelques ann\u00e9es, le Minist\u00e8re de l\u2019Agriculture avait mis en place dans trois d\u00e9partements de notre r\u00e9gion un dispositif de direction unique pour les EPLEFPA. Ainsi, en Mayenne, en Sarthe et dans le Maine et Loire, les deux EPL d\u00e9partementaux tout en gardant leur compl\u00e8te autonomie \u00e9taient dirig\u00e9s par la m\u00eame personne. Pour \u00eatre plus pr\u00e9cis, le Directeur du plus important \u00e9tablissement est devenu Directeur du second. <\/span><\/p>\n<p class=\"western\" align=\"justify\"><span style=\"font-family: Arial, sans-serif;\">Nous n\u2019avons jamais r\u00e9ellement su s\u2019il s\u2019agissait d\u2019un dispositif exp\u00e9rimental ou s\u2019il r\u00e9sultait d\u2019une quelconque directive minist\u00e9rielle&#8230;il ne d\u00e9coulait en tous les cas pas de la demande des personnels. <\/span><\/p>\n<p class=\"western\" align=\"justify\"><span style=\"font-family: Arial, sans-serif;\">Bien s\u00fbr, il existe des compl\u00e9mentarit\u00e9s, des coop\u00e9rations n\u00e9cessaires entre \u00e9tablissements publics d\u2019un m\u00eame d\u00e9partement. Des actions communes, de communication, p\u00e9dagogiques, d\u2019appui sur de nombreux sujets existent depuis longtemps. Ils existent par ailleurs dans de nombreux territoires fran\u00e7ais sans qu\u2019une direction unique ne soit en place, sans qu\u2019elle soit n\u00e9cessaire. <\/span><\/p>\n<p class=\"western\" align=\"justify\"><span style=\"font-family: Arial, sans-serif;\">Nous souhaitons, par le pr\u00e9sent courrier, porter \u00e0 votre connaissance notre analyse et notre demande quant \u00e0 la fin de ce dispositif dans le d\u00e9partement du Maine et Loire (EPL d\u2019Angers-Le Fresne et EPL de Montreuil Bellay), comme cela a d\u00e9j\u00e0 \u00e9t\u00e9 le cas en Mayenne. Ce dispositif ne se r\u00e9v\u00e9lant pas op\u00e9rant, \u00e0 notre sens.<\/span><!--more--><\/p>\n<p class=\"western\" align=\"justify\"><span style=\"font-family: Arial, sans-serif;\">A notre avis, diriger deux \u00e9tablissements pour une seule et m\u00eame personne aboutit \u00e0 des dysfonctionnements li\u00e9s, non pas \u00e0 la personne, mais \u00e0 son impossibilit\u00e9 \u00e0 \u00eatre \u00e0 deux endroits en m\u00eame temps et aux fonctions m\u00eames d\u2019un directeur d\u2019EPL. En effet, m\u00eame s\u2019il est appuy\u00e9 par un proviseur-adjoint sur le deuxi\u00e8me site, sa pr\u00e9sence se r\u00e9v\u00e8le n\u00e9cessaire pour de nombreux actes, d\u00e9cisions. Son absence, de fait, peut compliquer le fonctionnement du dit site voire de l\u2019autre. <\/span><\/p>\n<p class=\"western\" align=\"justify\"><span style=\"font-family: Arial, sans-serif;\">De plus, la complexit\u00e9 de tout EPL compos\u00e9 de plusieurs centres constitutifs rend, par nature m\u00eame, la t\u00e2che complexe. Ainsi en est il pour l\u2019EPL de Montreuil-Bellay, compos\u00e9 de 4 centres dont un CFA d\u00e9partemental \u00e0 3 sites Pisani, Le Fresne et Agrocampus, 4 centres \u00e0 administrer, animer, coordonner. Cela rev\u00eat de nombreuses t\u00e2ches \u00e0 ex\u00e9cuter qui n\u00e9cessitent temps et \u00e9nergie. Un temps qui fait souvent d\u00e9faut lorsque l\u2019on a la charge de deux EPL. Par exemple, il a \u00e9t\u00e9 impossible au Directeur actuel, dont une des missions est notamment le pilotage et l\u2019animation du projet d\u2019\u00e9tablissement de finaliser et coordonner la mise en commun des 4 projets de centres pour aboutir \u00e0 celui de l\u2019EPL de Montreuil Bellay. <\/span><\/p>\n<p class=\"western\" align=\"justify\"><span style=\"font-family: Arial, sans-serif;\">A notre sens, les missions-fonctions de directeur n\u00e9cessitent une pr\u00e9sence sur sites de 5 jours sur 5\u2026 A ce jour, le Directeur de l\u2019EPL d\u2019Angers Le Fresne et de Montreuil Bellay n\u2019est \u00e0 Montreuil Bellay que le lundi pour la r\u00e9union de direction. Il ne revient que tr\u00e8s exceptionnellement pour des r\u00e9unions pour lesquelles sa pr\u00e9sence est n\u00e9cessaire selon les textes (diff\u00e9rents conseils des centres). Il est \u00e9galement parfois pr\u00e9sent \u00e0 l\u2019occasion des r\u00e9unions de d\u00e9but d\u2019ann\u00e9e et de fin d\u2019ann\u00e9e.<\/span><\/p>\n<p class=\"western\" align=\"justify\"><span style=\"font-family: Arial, sans-serif;\">\u00c9tant moins pr\u00e9sent sur le deuxi\u00e8me EPL (ici Montreuil Bellay), il est moins connu, moins identifi\u00e9 par les partenaires, les \u00e9lus du territoire( commune, communaut\u00e9 d\u2019agglom\u00e9ration&#8230;), ou encore par les professionnels de nos fili\u00e8res de formation ( Vigne et vin, Am\u00e9nagement sur l\u2019est du d\u00e9partement, Services) que pourrait l\u2019\u00eatre un Directeur pr\u00e9sent sur site.<\/span><\/p>\n<p class=\"western\" align=\"justify\"><span style=\"font-family: Arial, sans-serif;\">Au quotidien, pour le fonctionnement administratif d\u2019un EPL, la moindre pr\u00e9sence d\u2019un Directeur peut rendre complexe le respect des d\u00e9lais et impacter les services qui doivent prendre en compte cette plus faible disponibilit\u00e9. <\/span><\/p>\n<p class=\"western\" align=\"justify\"><span style=\"font-family: Arial, sans-serif;\">Enfin, diriger deux \u00e9tablissements peut impliquer un arbitrage entre les deux EPL. Cela peut g\u00e9n\u00e9rer des tensions, des difficult\u00e9s pour un chef d\u2019\u00e9tablissement qui est alors dans l\u2019obligation de trancher une situation tr\u00e8s complexe \u00e9tant le Directeur d\u2019un EPL&#8230;puis d\u2019un autre. Le risque pourrait \u00eatre de favoriser un EPL par rapport \u00e0 un autre. <\/span><\/p>\n<p class=\"western\" align=\"justify\"><span style=\"font-family: Arial, sans-serif;\">Pour conclure, Monsieur le Directeur G\u00e9n\u00e9ral, nous consid\u00e9rons que tant pour la personne, dont la charge de travail est consid\u00e9rable (sans parler des temps de trajets qui constituent une dimension majeure) que pour les EPL concern\u00e9s, le dispositif de direction unique d\u00e9partementale est une mauvaise solution \u00e0 une vraie question de compl\u00e9mentarit\u00e9, coop\u00e9ration entre les \u00e9tablissements publics. <\/span><\/p>\n<p class=\"western\" align=\"justify\"><span style=\"font-family: Arial, sans-serif;\">Par la pr\u00e9sente, nous vous demandons de mettre un terme \u00e0 cette organisation dans le d\u00e9partement du Maine et Loire. <\/span><\/p>\n<p class=\"western\" align=\"justify\"><span style=\"font-family: Arial, sans-serif;\">Dans l\u2019attente de votre r\u00e9ponse et restant \u00e0 votre disposition pour toute pr\u00e9cision, nous vous prions de croire, Monsieur le Directeur G\u00e9n\u00e9ral, en notre d\u00e9vouement le plus sinc\u00e8re pour l\u2019enseignement agricole public. <\/span><\/p>\n<p class=\"western\" align=\"right\"><span style=\"font-family: Arial, sans-serif;\"><b>Pour le SNETAP-FSU, <\/b><\/span><\/p>\n<p class=\"western\" align=\"right\"><span style=\"font-family: Arial, sans-serif;\"><span style=\"font-size: small;\">Virginie JADEAU, secr\u00e9taire de section EPL Montreuil Bellay<\/span><\/span><\/p>\n<p class=\"western\" align=\"right\"><span style=\"font-family: Arial, sans-serif;\"><span style=\"font-size: small;\">Jean-Marc CARPENTIER, secr\u00e9taire de section EPL Angers-Le Fresne<\/span><\/span><\/p>\n<p class=\"western\" align=\"right\"><span style=\"font-family: Arial, sans-serif;\"><span style=\"font-size: small;\">Yoann VIGNER, Co-secr\u00e9taire r\u00e9gional des Pays de la Loire<\/span><\/span><\/p>\n","protected":false},"excerpt":{"rendered":"<p>Nantes, le 26 janvier 2019 A Monsieur le Directeur G\u00e9n\u00e9ral, DGER, 1 ter Avenue de Lowendal 75 PARIS Objet\u00a0: direction unique dans les \u00e9tablissements agricoles publics du Maine et Loire Monsieur, Il y a quelques ann\u00e9es, le Minist\u00e8re de l\u2019Agriculture avait mis en place dans trois d\u00e9partements de notre r\u00e9gion un dispositif de direction unique [&hellip;]<\/p>\n","protected":false},"author":2,"featured_media":0,"comment_status":"closed","ping_status":"closed","sticky":false,"template":"","format":"standard","meta":{"ocean_post_layout":"","ocean_both_sidebars_style":"","ocean_both_sidebars_content_width":0,"ocean_both_sidebars_sidebars_width":0,"ocean_sidebar":"","ocean_second_sidebar":"","ocean_disable_margins":"enable","ocean_add_body_class":"","ocean_shortcode_before_top_bar":"","ocean_shortcode_after_top_bar":"","ocean_shortcode_before_header":"","ocean_shortcode_after_header":"","ocean_has_shortcode":"","ocean_shortcode_after_title":"","ocean_shortcode_before_footer_widgets":"","ocean_shortcode_after_footer_widgets":"","ocean_shortcode_before_footer_bottom":"","ocean_shortcode_after_footer_bottom":"","ocean_display_top_bar":"default","ocean_display_header":"default","ocean_header_style":"","ocean_center_header_left_menu":"","ocean_custom_header_template":"","ocean_custom_logo":0,"ocean_custom_retina_logo":0,"ocean_custom_logo_max_width":0,"ocean_custom_logo_tablet_max_width":0,"ocean_custom_logo_mobile_max_width":0,"ocean_custom_logo_max_height":0,"ocean_custom_logo_tablet_max_height":0,"ocean_custom_logo_mobile_max_height":0,"ocean_header_custom_menu":"","ocean_menu_typo_font_family":"","ocean_menu_typo_font_subset":"","ocean_menu_typo_font_size":0,"ocean_menu_typo_font_size_tablet":0,"ocean_menu_typo_font_size_mobile":0,"ocean_menu_typo_font_size_unit":"px","ocean_menu_typo_font_weight":"","ocean_menu_typo_font_weight_tablet":"","ocean_menu_typo_font_weight_mobile":"","ocean_menu_typo_transform":"","ocean_menu_typo_transform_tablet":"","ocean_menu_typo_transform_mobile":"","ocean_menu_typo_line_height":0,"ocean_menu_typo_line_height_tablet":0,"ocean_menu_typo_line_height_mobile":0,"ocean_menu_typo_line_height_unit":"","ocean_menu_typo_spacing":0,"ocean_menu_typo_spacing_tablet":0,"ocean_menu_typo_spacing_mobile":0,"ocean_menu_typo_spacing_unit":"","ocean_menu_link_color":"","ocean_menu_link_color_hover":"","ocean_menu_link_color_active":"","ocean_menu_link_background":"","ocean_menu_link_hover_background":"","ocean_menu_link_active_background":"","ocean_menu_social_links_bg":"","ocean_menu_social_hover_links_bg":"","ocean_menu_social_links_color":"","ocean_menu_social_hover_links_color":"","ocean_disable_title":"default","ocean_disable_heading":"default","ocean_post_title":"","ocean_post_subheading":"","ocean_post_title_style":"","ocean_post_title_background_color":"","ocean_post_title_background":0,"ocean_post_title_bg_image_position":"","ocean_post_title_bg_image_attachment":"","ocean_post_title_bg_image_repeat":"","ocean_post_title_bg_image_size":"","ocean_post_title_height":0,"ocean_post_title_bg_overlay":0.5,"ocean_post_title_bg_overlay_color":"","ocean_disable_breadcrumbs":"default","ocean_breadcrumbs_color":"","ocean_breadcrumbs_separator_color":"","ocean_breadcrumbs_links_color":"","ocean_breadcrumbs_links_hover_color":"","ocean_display_footer_widgets":"default","ocean_display_footer_bottom":"default","ocean_custom_footer_template":"","ocean_post_oembed":"","ocean_post_self_hosted_media":"","ocean_post_video_embed":"","ocean_link_format":"","ocean_link_format_target":"self","ocean_quote_format":"","ocean_quote_format_link":"post","ocean_gallery_link_images":"on","ocean_gallery_id":[],"footnotes":""},"categories":[21,6,23],"tags":[],"post_folder":[],"class_list":["post-3171","post","type-post","status-publish","format-standard","hentry","category-angers","category-courriers-de-la-section-regionale","category-montreuil-bellay","entry"],"yoast_head":"<!-- This site is optimized with the Yoast SEO plugin v27.4 - https:\/\/yoast.com\/product\/yoast-seo-wordpress\/ -->\n<title>Direction unique dans les EPL du Maine et Loire : le SNETAP-FSU demande la fin du dispositif - PAYS DE LA LOIRE<\/title>\n<meta name=\"robots\" content=\"index, follow, max-snippet:-1, max-image-preview:large, max-video-preview:-1\" \/>\n<link rel=\"canonical\" href=\"https:\/\/regions-snetap-fsu.fr\/pdl\/2019\/01\/23\/direction-unique-dans-les-epl-du-maine-et-loire-le-snetap-fsu-demande-la-fin-du-dispositif\/\" \/>\n<meta property=\"og:locale\" content=\"fr_FR\" \/>\n<meta property=\"og:type\" content=\"article\" \/>\n<meta property=\"og:title\" content=\"Direction unique dans les EPL du Maine et Loire : le SNETAP-FSU demande la fin du dispositif - PAYS DE LA LOIRE\" \/>\n<meta property=\"og:description\" content=\"Nantes, le 26 janvier 2019 A Monsieur le Directeur G\u00e9n\u00e9ral, DGER, 1 ter Avenue de Lowendal 75 PARIS Objet\u00a0: direction unique dans les \u00e9tablissements agricoles publics du Maine et Loire Monsieur, Il y a quelques ann\u00e9es, le Minist\u00e8re de l\u2019Agriculture avait mis en place dans trois d\u00e9partements de notre r\u00e9gion un dispositif de direction unique [&hellip;]\" \/>\n<meta property=\"og:url\" content=\"https:\/\/regions-snetap-fsu.fr\/pdl\/2019\/01\/23\/direction-unique-dans-les-epl-du-maine-et-loire-le-snetap-fsu-demande-la-fin-du-dispositif\/\" \/>\n<meta property=\"og:site_name\" content=\"PAYS DE LA LOIRE\" \/>\n<meta property=\"article:published_time\" content=\"2019-01-23T22:37:34+00:00\" \/>\n<meta name=\"author\" content=\"yvigner\" \/>\n<meta name=\"twitter:card\" content=\"summary_large_image\" \/>\n<meta name=\"twitter:label1\" content=\"\u00c9crit par\" \/>\n\t<meta name=\"twitter:data1\" content=\"yvigner\" \/>\n\t<meta name=\"twitter:label2\" content=\"Dur\u00e9e de lecture estim\u00e9e\" \/>\n\t<meta name=\"twitter:data2\" content=\"4 minutes\" \/>\n<script type=\"application\/ld+json\" class=\"yoast-schema-graph\">{\"@context\":\"https:\\\/\\\/schema.org\",\"@graph\":[{\"@type\":\"Article\",\"@id\":\"https:\\\/\\\/regions-snetap-fsu.fr\\\/pdl\\\/2019\\\/01\\\/23\\\/direction-unique-dans-les-epl-du-maine-et-loire-le-snetap-fsu-demande-la-fin-du-dispositif\\\/#article\",\"isPartOf\":{\"@id\":\"https:\\\/\\\/regions-snetap-fsu.fr\\\/pdl\\\/2019\\\/01\\\/23\\\/direction-unique-dans-les-epl-du-maine-et-loire-le-snetap-fsu-demande-la-fin-du-dispositif\\\/\"},\"author\":{\"name\":\"yvigner\",\"@id\":\"https:\\\/\\\/regions-snetap-fsu.fr\\\/pdl\\\/#\\\/schema\\\/person\\\/d4530af043f9e8d27bdd71c468ec93b1\"},\"headline\":\"Direction unique dans les EPL du Maine et Loire : le SNETAP-FSU demande la fin du dispositif\",\"datePublished\":\"2019-01-23T22:37:34+00:00\",\"mainEntityOfPage\":{\"@id\":\"https:\\\/\\\/regions-snetap-fsu.fr\\\/pdl\\\/2019\\\/01\\\/23\\\/direction-unique-dans-les-epl-du-maine-et-loire-le-snetap-fsu-demande-la-fin-du-dispositif\\\/\"},\"wordCount\":915,\"publisher\":{\"@id\":\"https:\\\/\\\/regions-snetap-fsu.fr\\\/pdl\\\/#organization\"},\"articleSection\":[\"Angers\",\"Courriers de la section r\u00e9gionale\",\"Montreuil Bellay\"],\"inLanguage\":\"fr-FR\"},{\"@type\":\"WebPage\",\"@id\":\"https:\\\/\\\/regions-snetap-fsu.fr\\\/pdl\\\/2019\\\/01\\\/23\\\/direction-unique-dans-les-epl-du-maine-et-loire-le-snetap-fsu-demande-la-fin-du-dispositif\\\/\",\"url\":\"https:\\\/\\\/regions-snetap-fsu.fr\\\/pdl\\\/2019\\\/01\\\/23\\\/direction-unique-dans-les-epl-du-maine-et-loire-le-snetap-fsu-demande-la-fin-du-dispositif\\\/\",\"name\":\"Direction unique dans les EPL du Maine et Loire : le SNETAP-FSU demande la fin du dispositif - PAYS DE LA LOIRE\",\"isPartOf\":{\"@id\":\"https:\\\/\\\/regions-snetap-fsu.fr\\\/pdl\\\/#website\"},\"datePublished\":\"2019-01-23T22:37:34+00:00\",\"breadcrumb\":{\"@id\":\"https:\\\/\\\/regions-snetap-fsu.fr\\\/pdl\\\/2019\\\/01\\\/23\\\/direction-unique-dans-les-epl-du-maine-et-loire-le-snetap-fsu-demande-la-fin-du-dispositif\\\/#breadcrumb\"},\"inLanguage\":\"fr-FR\",\"potentialAction\":[{\"@type\":\"ReadAction\",\"target\":[\"https:\\\/\\\/regions-snetap-fsu.fr\\\/pdl\\\/2019\\\/01\\\/23\\\/direction-unique-dans-les-epl-du-maine-et-loire-le-snetap-fsu-demande-la-fin-du-dispositif\\\/\"]}]},{\"@type\":\"BreadcrumbList\",\"@id\":\"https:\\\/\\\/regions-snetap-fsu.fr\\\/pdl\\\/2019\\\/01\\\/23\\\/direction-unique-dans-les-epl-du-maine-et-loire-le-snetap-fsu-demande-la-fin-du-dispositif\\\/#breadcrumb\",\"itemListElement\":[{\"@type\":\"ListItem\",\"position\":1,\"name\":\"Accueil\",\"item\":\"https:\\\/\\\/regions-snetap-fsu.fr\\\/pdl\\\/\"},{\"@type\":\"ListItem\",\"position\":2,\"name\":\"Direction unique dans les EPL du Maine et Loire : le SNETAP-FSU demande la fin du dispositif\"}]},{\"@type\":\"WebSite\",\"@id\":\"https:\\\/\\\/regions-snetap-fsu.fr\\\/pdl\\\/#website\",\"url\":\"https:\\\/\\\/regions-snetap-fsu.fr\\\/pdl\\\/\",\"name\":\"SNETAP-FSU PAYS DE LA LOIRE\",\"description\":\"SECTION REGIONALE\",\"publisher\":{\"@id\":\"https:\\\/\\\/regions-snetap-fsu.fr\\\/pdl\\\/#organization\"},\"potentialAction\":[{\"@type\":\"SearchAction\",\"target\":{\"@type\":\"EntryPoint\",\"urlTemplate\":\"https:\\\/\\\/regions-snetap-fsu.fr\\\/pdl\\\/?s={search_term_string}\"},\"query-input\":{\"@type\":\"PropertyValueSpecification\",\"valueRequired\":true,\"valueName\":\"search_term_string\"}}],\"inLanguage\":\"fr-FR\"},{\"@type\":\"Organization\",\"@id\":\"https:\\\/\\\/regions-snetap-fsu.fr\\\/pdl\\\/#organization\",\"name\":\"SNETAP-FSU Pays de Loire\",\"url\":\"https:\\\/\\\/regions-snetap-fsu.fr\\\/pdl\\\/\",\"logo\":{\"@type\":\"ImageObject\",\"inLanguage\":\"fr-FR\",\"@id\":\"https:\\\/\\\/regions-snetap-fsu.fr\\\/pdl\\\/#\\\/schema\\\/logo\\\/image\\\/\",\"url\":\"https:\\\/\\\/regions-snetap-fsu.fr\\\/pdl\\\/wp-content\\\/uploads\\\/sites\\\/4\\\/2020\\\/12\\\/SNETAP-Logo.jpg\",\"contentUrl\":\"https:\\\/\\\/regions-snetap-fsu.fr\\\/pdl\\\/wp-content\\\/uploads\\\/sites\\\/4\\\/2020\\\/12\\\/SNETAP-Logo.jpg\",\"width\":464,\"height\":334,\"caption\":\"SNETAP-FSU Pays de Loire\"},\"image\":{\"@id\":\"https:\\\/\\\/regions-snetap-fsu.fr\\\/pdl\\\/#\\\/schema\\\/logo\\\/image\\\/\"}},{\"@type\":\"Person\",\"@id\":\"https:\\\/\\\/regions-snetap-fsu.fr\\\/pdl\\\/#\\\/schema\\\/person\\\/d4530af043f9e8d27bdd71c468ec93b1\",\"name\":\"yvigner\",\"image\":{\"@type\":\"ImageObject\",\"inLanguage\":\"fr-FR\",\"@id\":\"https:\\\/\\\/secure.gravatar.com\\\/avatar\\\/bc72baa6f2406549aecf77a837bc4f03dbe88472c1762138f868571430a23820?s=96&d=mm&r=g\",\"url\":\"https:\\\/\\\/secure.gravatar.com\\\/avatar\\\/bc72baa6f2406549aecf77a837bc4f03dbe88472c1762138f868571430a23820?s=96&d=mm&r=g\",\"contentUrl\":\"https:\\\/\\\/secure.gravatar.com\\\/avatar\\\/bc72baa6f2406549aecf77a837bc4f03dbe88472c1762138f868571430a23820?s=96&d=mm&r=g\",\"caption\":\"yvigner\"},\"url\":\"https:\\\/\\\/regions-snetap-fsu.fr\\\/pdl\\\/author\\\/yvigner\\\/\"}]}<\/script>\n<!-- \/ Yoast SEO plugin. -->","yoast_head_json":{"title":"Direction unique dans les EPL du Maine et Loire : le SNETAP-FSU demande la fin du dispositif - PAYS DE LA LOIRE","robots":{"index":"index","follow":"follow","max-snippet":"max-snippet:-1","max-image-preview":"max-image-preview:large","max-video-preview":"max-video-preview:-1"},"canonical":"https:\/\/regions-snetap-fsu.fr\/pdl\/2019\/01\/23\/direction-unique-dans-les-epl-du-maine-et-loire-le-snetap-fsu-demande-la-fin-du-dispositif\/","og_locale":"fr_FR","og_type":"article","og_title":"Direction unique dans les EPL du Maine et Loire : le SNETAP-FSU demande la fin du dispositif - PAYS DE LA LOIRE","og_description":"Nantes, le 26 janvier 2019 A Monsieur le Directeur G\u00e9n\u00e9ral, DGER, 1 ter Avenue de Lowendal 75 PARIS Objet\u00a0: direction unique dans les \u00e9tablissements agricoles publics du Maine et Loire Monsieur, Il y a quelques ann\u00e9es, le Minist\u00e8re de l\u2019Agriculture avait mis en place dans trois d\u00e9partements de notre r\u00e9gion un dispositif de direction unique [&hellip;]","og_url":"https:\/\/regions-snetap-fsu.fr\/pdl\/2019\/01\/23\/direction-unique-dans-les-epl-du-maine-et-loire-le-snetap-fsu-demande-la-fin-du-dispositif\/","og_site_name":"PAYS DE LA LOIRE","article_published_time":"2019-01-23T22:37:34+00:00","author":"yvigner","twitter_card":"summary_large_image","twitter_misc":{"\u00c9crit par":"yvigner","Dur\u00e9e de lecture estim\u00e9e":"4 minutes"},"schema":{"@context":"https:\/\/schema.org","@graph":[{"@type":"Article","@id":"https:\/\/regions-snetap-fsu.fr\/pdl\/2019\/01\/23\/direction-unique-dans-les-epl-du-maine-et-loire-le-snetap-fsu-demande-la-fin-du-dispositif\/#article","isPartOf":{"@id":"https:\/\/regions-snetap-fsu.fr\/pdl\/2019\/01\/23\/direction-unique-dans-les-epl-du-maine-et-loire-le-snetap-fsu-demande-la-fin-du-dispositif\/"},"author":{"name":"yvigner","@id":"https:\/\/regions-snetap-fsu.fr\/pdl\/#\/schema\/person\/d4530af043f9e8d27bdd71c468ec93b1"},"headline":"Direction unique dans les EPL du Maine et Loire : le SNETAP-FSU demande la fin du dispositif","datePublished":"2019-01-23T22:37:34+00:00","mainEntityOfPage":{"@id":"https:\/\/regions-snetap-fsu.fr\/pdl\/2019\/01\/23\/direction-unique-dans-les-epl-du-maine-et-loire-le-snetap-fsu-demande-la-fin-du-dispositif\/"},"wordCount":915,"publisher":{"@id":"https:\/\/regions-snetap-fsu.fr\/pdl\/#organization"},"articleSection":["Angers","Courriers de la section r\u00e9gionale","Montreuil Bellay"],"inLanguage":"fr-FR"},{"@type":"WebPage","@id":"https:\/\/regions-snetap-fsu.fr\/pdl\/2019\/01\/23\/direction-unique-dans-les-epl-du-maine-et-loire-le-snetap-fsu-demande-la-fin-du-dispositif\/","url":"https:\/\/regions-snetap-fsu.fr\/pdl\/2019\/01\/23\/direction-unique-dans-les-epl-du-maine-et-loire-le-snetap-fsu-demande-la-fin-du-dispositif\/","name":"Direction unique dans les EPL du Maine et Loire : le SNETAP-FSU demande la fin du dispositif - PAYS DE LA LOIRE","isPartOf":{"@id":"https:\/\/regions-snetap-fsu.fr\/pdl\/#website"},"datePublished":"2019-01-23T22:37:34+00:00","breadcrumb":{"@id":"https:\/\/regions-snetap-fsu.fr\/pdl\/2019\/01\/23\/direction-unique-dans-les-epl-du-maine-et-loire-le-snetap-fsu-demande-la-fin-du-dispositif\/#breadcrumb"},"inLanguage":"fr-FR","potentialAction":[{"@type":"ReadAction","target":["https:\/\/regions-snetap-fsu.fr\/pdl\/2019\/01\/23\/direction-unique-dans-les-epl-du-maine-et-loire-le-snetap-fsu-demande-la-fin-du-dispositif\/"]}]},{"@type":"BreadcrumbList","@id":"https:\/\/regions-snetap-fsu.fr\/pdl\/2019\/01\/23\/direction-unique-dans-les-epl-du-maine-et-loire-le-snetap-fsu-demande-la-fin-du-dispositif\/#breadcrumb","itemListElement":[{"@type":"ListItem","position":1,"name":"Accueil","item":"https:\/\/regions-snetap-fsu.fr\/pdl\/"},{"@type":"ListItem","position":2,"name":"Direction unique dans les EPL du Maine et Loire : le SNETAP-FSU demande la fin du dispositif"}]},{"@type":"WebSite","@id":"https:\/\/regions-snetap-fsu.fr\/pdl\/#website","url":"https:\/\/regions-snetap-fsu.fr\/pdl\/","name":"SNETAP-FSU PAYS DE LA LOIRE","description":"SECTION REGIONALE","publisher":{"@id":"https:\/\/regions-snetap-fsu.fr\/pdl\/#organization"},"potentialAction":[{"@type":"SearchAction","target":{"@type":"EntryPoint","urlTemplate":"https:\/\/regions-snetap-fsu.fr\/pdl\/?s={search_term_string}"},"query-input":{"@type":"PropertyValueSpecification","valueRequired":true,"valueName":"search_term_string"}}],"inLanguage":"fr-FR"},{"@type":"Organization","@id":"https:\/\/regions-snetap-fsu.fr\/pdl\/#organization","name":"SNETAP-FSU Pays de Loire","url":"https:\/\/regions-snetap-fsu.fr\/pdl\/","logo":{"@type":"ImageObject","inLanguage":"fr-FR","@id":"https:\/\/regions-snetap-fsu.fr\/pdl\/#\/schema\/logo\/image\/","url":"https:\/\/regions-snetap-fsu.fr\/pdl\/wp-content\/uploads\/sites\/4\/2020\/12\/SNETAP-Logo.jpg","contentUrl":"https:\/\/regions-snetap-fsu.fr\/pdl\/wp-content\/uploads\/sites\/4\/2020\/12\/SNETAP-Logo.jpg","width":464,"height":334,"caption":"SNETAP-FSU Pays de Loire"},"image":{"@id":"https:\/\/regions-snetap-fsu.fr\/pdl\/#\/schema\/logo\/image\/"}},{"@type":"Person","@id":"https:\/\/regions-snetap-fsu.fr\/pdl\/#\/schema\/person\/d4530af043f9e8d27bdd71c468ec93b1","name":"yvigner","image":{"@type":"ImageObject","inLanguage":"fr-FR","@id":"https:\/\/secure.gravatar.com\/avatar\/bc72baa6f2406549aecf77a837bc4f03dbe88472c1762138f868571430a23820?s=96&d=mm&r=g","url":"https:\/\/secure.gravatar.com\/avatar\/bc72baa6f2406549aecf77a837bc4f03dbe88472c1762138f868571430a23820?s=96&d=mm&r=g","contentUrl":"https:\/\/secure.gravatar.com\/avatar\/bc72baa6f2406549aecf77a837bc4f03dbe88472c1762138f868571430a23820?s=96&d=mm&r=g","caption":"yvigner"},"url":"https:\/\/regions-snetap-fsu.fr\/pdl\/author\/yvigner\/"}]}},"_links":{"self":[{"href":"https:\/\/regions-snetap-fsu.fr\/pdl\/wp-json\/wp\/v2\/posts\/3171","targetHints":{"allow":["GET"]}}],"collection":[{"href":"https:\/\/regions-snetap-fsu.fr\/pdl\/wp-json\/wp\/v2\/posts"}],"about":[{"href":"https:\/\/regions-snetap-fsu.fr\/pdl\/wp-json\/wp\/v2\/types\/post"}],"author":[{"embeddable":true,"href":"https:\/\/regions-snetap-fsu.fr\/pdl\/wp-json\/wp\/v2\/users\/2"}],"replies":[{"embeddable":true,"href":"https:\/\/regions-snetap-fsu.fr\/pdl\/wp-json\/wp\/v2\/comments?post=3171"}],"version-history":[{"count":1,"href":"https:\/\/regions-snetap-fsu.fr\/pdl\/wp-json\/wp\/v2\/posts\/3171\/revisions"}],"predecessor-version":[{"id":3172,"href":"https:\/\/regions-snetap-fsu.fr\/pdl\/wp-json\/wp\/v2\/posts\/3171\/revisions\/3172"}],"wp:attachment":[{"href":"https:\/\/regions-snetap-fsu.fr\/pdl\/wp-json\/wp\/v2\/media?parent=3171"}],"wp:term":[{"taxonomy":"category","embeddable":true,"href":"https:\/\/regions-snetap-fsu.fr\/pdl\/wp-json\/wp\/v2\/categories?post=3171"},{"taxonomy":"post_tag","embeddable":true,"href":"https:\/\/regions-snetap-fsu.fr\/pdl\/wp-json\/wp\/v2\/tags?post=3171"},{"taxonomy":"post_folder","embeddable":true,"href":"https:\/\/regions-snetap-fsu.fr\/pdl\/wp-json\/wp\/v2\/post_folder?post=3171"}],"curies":[{"name":"wp","href":"https:\/\/api.w.org\/{rel}","templated":true}]}}