{"id":3164,"date":"2019-01-16T18:06:23","date_gmt":"2019-01-16T17:06:23","guid":{"rendered":"https:\/\/regions-snetap-fsu.fr\/pdl\/?p=3164"},"modified":"2019-01-16T18:08:14","modified_gmt":"2019-01-16T17:08:14","slug":"lintersyndicale-fsu-cgt-sud-de-lenseignement-agricole-rencontre-le-conseil-regional-des-pays-de-la-loire","status":"publish","type":"post","link":"https:\/\/regions-snetap-fsu.fr\/pdl\/2019\/01\/16\/lintersyndicale-fsu-cgt-sud-de-lenseignement-agricole-rencontre-le-conseil-regional-des-pays-de-la-loire\/","title":{"rendered":"L&rsquo;Intersyndicale FSU-CGT-SUD de l&rsquo;enseignement agricole rencontre le Conseil r\u00e9gional des Pays de la Loire"},"content":{"rendered":"<p style=\"text-align: justify;\"><img fetchpriority=\"high\" decoding=\"async\" class=\"alignnone size-medium wp-image-3165\" src=\"https:\/\/regions-snetap-fsu.fr\/pdl\/wp-content\/uploads\/sites\/4\/2019\/01\/2019-01-07-18.25.19-300x169.jpg\" alt=\"\" width=\"300\" height=\"169\" srcset=\"https:\/\/regions-snetap-fsu.fr\/pdl\/wp-content\/uploads\/sites\/4\/2019\/01\/2019-01-07-18.25.19-300x169.jpg 300w, https:\/\/regions-snetap-fsu.fr\/pdl\/wp-content\/uploads\/sites\/4\/2019\/01\/2019-01-07-18.25.19-768x432.jpg 768w, https:\/\/regions-snetap-fsu.fr\/pdl\/wp-content\/uploads\/sites\/4\/2019\/01\/2019-01-07-18.25.19-1024x576.jpg 1024w, https:\/\/regions-snetap-fsu.fr\/pdl\/wp-content\/uploads\/sites\/4\/2019\/01\/2019-01-07-18.25.19-100x56.jpg 100w, https:\/\/regions-snetap-fsu.fr\/pdl\/wp-content\/uploads\/sites\/4\/2019\/01\/2019-01-07-18.25.19-150x84.jpg 150w, https:\/\/regions-snetap-fsu.fr\/pdl\/wp-content\/uploads\/sites\/4\/2019\/01\/2019-01-07-18.25.19-200x113.jpg 200w, https:\/\/regions-snetap-fsu.fr\/pdl\/wp-content\/uploads\/sites\/4\/2019\/01\/2019-01-07-18.25.19-450x253.jpg 450w, https:\/\/regions-snetap-fsu.fr\/pdl\/wp-content\/uploads\/sites\/4\/2019\/01\/2019-01-07-18.25.19-600x338.jpg 600w, https:\/\/regions-snetap-fsu.fr\/pdl\/wp-content\/uploads\/sites\/4\/2019\/01\/2019-01-07-18.25.19-900x506.jpg 900w\" sizes=\"(max-width: 300px) 100vw, 300px\" \/><\/p>\n<p style=\"text-align: justify;\"><span style=\"font-family: arial, helvetica, sans-serif;\">Une d\u00e9l\u00e9gation SNETAP-FSU, CGT-AGRI et SUD RURAL TERRITOIRES a rencontr\u00e9 le lundi 7 janvier 2019, M.A.CHEREAU, Vice-Pr\u00e9sident du Conseil r\u00e9gional des Pays de la Loire en charge des lyc\u00e9es, ainsi que M.T.DEMOUCHERON, directeur des lyc\u00e9es.<\/span><\/p>\n<p style=\"text-align: justify;\"><span style=\"font-family: arial, helvetica, sans-serif;\">L&rsquo;\u00e9change a commenc\u00e9 par la probl\u00e9matique du Dialogue social et notamment des difficult\u00e9s du dialogue avec la collectivit\u00e9 locale (probl\u00e8me de fonctionnement du CREFOP, difficult\u00e9 pour rencontrer les \u00e9lus depuis mars 2018, aucune r\u00e9ponse de la pr\u00e9sidence&#8230;).\u00a0<\/span><\/p>\n<p style=\"text-align: justify;\"><span style=\"font-family: arial, helvetica, sans-serif;\">Nous avons, ensuite, soulev\u00e9 le probl\u00e8me de l&rsquo;accessibilit\u00e9 des \u00e9tablissements agricoles par les transports collectifs. Il s&rsquo;agit notamment du LPA du Haut Anjou pour lequel une ligne de transport depuis Angers a \u00e9t\u00e9 supprim\u00e9e.<\/span><\/p>\n<p style=\"text-align: justify;\"><span style=\"font-family: arial, helvetica, sans-serif;\"><span style=\"text-decoration: underline;\"><strong>DACF (dotation globale de fonctionnement qui est vers\u00e9e par le Conseil r\u00e9gional), quelle est la politique du Conseil r\u00e9gional.\u00a0<\/strong><\/span>Lors des \u00e9changes, A.CHEREAU nous a pr\u00e9cis\u00e9 sa politique : volont\u00e9 d&rsquo;une DACF la plus transparente possible ; maintien d&rsquo;une DACF constante dans les lyc\u00e9es agricoles au contraire des lyc\u00e9es de\u00a0 l&rsquo;EN ; projet de refonte de la dotation avec de nouvelles cl\u00e9s de r\u00e9partition pour 2021. Nous avons rappel\u00e9 notre disponibilit\u00e9 pour \u00e9changer sur tous ces sujets afin qu&rsquo;ils ne soient pas monopolis\u00e9s par les \u00e9quipes de Direction et gestionnaires.<\/span><\/p>\n<p style=\"text-align: justify;\"><span style=\"font-family: arial, helvetica, sans-serif;\"><span style=\"text-decoration: underline;\"><strong>Des travaux indispensables<\/strong><\/span>. Nous sommes revenus sur la n\u00e9cessit\u00e9 URGENTE de faire des travaux dans nombre de lyc\u00e9es agricoles (Grand Blottereau, Laval&#8230;). Des travaux d\u00e9sormais devenus vitaux pour le fonctionnement, le recrutement des lyc\u00e9es. A.CHEREAU s&rsquo;est engag\u00e9 \u00e0 nous transmettre la SIL (strat\u00e9gie d&rsquo;investissements lourds) pour l&rsquo;ann\u00e9e 2019&#8230;mais il n&rsquo;a pas laiss\u00e9 planer beaucoup de doutes&#8230;les lyc\u00e9es agricoles ne seront pas concern\u00e9s par d&rsquo;importantes op\u00e9rations. Nous regrettons tr\u00e8s vivement cette situation qui peut, parfois, nous laisser penser \u00e0 une mise \u00e0 l&rsquo;\u00e9cart de nos \u00e9tablissements.\u00a0<\/span><\/p>\n<p><span style=\"font-family: arial, helvetica, sans-serif;\"><span style=\"text-decoration: underline;\"><strong>Quel est vraiment le r\u00f4le, la volont\u00e9 du Conseil r\u00e9gio<span style=\"font-family: arial, helvetica, sans-serif;\">nal concernant la carte scolaire ?<\/span><\/strong><\/span> Alors que la carte scolaire (de la voie professionnelle) est de la comp\u00e9tence du CR PDL, nous avons rappel\u00e9 notre opposition, d\u00e9ception face au manque d&rsquo;ambition, de perspective que celle-ci comporte. En effet, le conseil r\u00e9gional a d\u00e9cid\u00e9 : <\/span><\/p>\n<ul>\n<li><span style=\"font-family: arial, helvetica, sans-serif;\">de ne pas soutenir les demandes d&rsquo;ouverture de certains \u00e9tablissements publics,<\/span><\/li>\n<li><span style=\"font-family: arial, helvetica, sans-serif;\">de ne pas soutenir avec les personnels en face de l&rsquo;Etat les d\u00e9cisions d&rsquo;ouverture de classe pourtant d\u00e9j\u00e0 vot\u00e9es,\u00a0<\/span><\/li>\n<li><span style=\"font-family: arial, helvetica, sans-serif;\">d&rsquo;ouvrir un nombre cons\u00e9quent de classes dans l&rsquo;enseignement agricole priv\u00e9 et notamment des formations par apprentissage.<\/span><\/li>\n<\/ul>\n<p style=\"text-align: justify;\"><span style=\"font-family: arial, helvetica, sans-serif;\"><span style=\"text-decoration: underline;\"><strong>Sectorisation, une \u00e9volution port\u00e9e par la collectivit\u00e9 locale<\/strong><\/span>. Le Conseil r\u00e9gional nous a rappel\u00e9 \u00eatre tr\u00e8s porteur du d\u00e9veloppement du principe d&rsquo;int\u00e9gration des lyc\u00e9es agricoles dans la sectorisation. L&rsquo;id\u00e9e, par exemple, est que certains lyc\u00e9es agricoles situ\u00e9s en p\u00e9riph\u00e9rie des grandes agglom\u00e9rations (et qui disposent souvent de nombreuses places disponibles) deviennent lyc\u00e9e de secteur. C&rsquo;est le cas du lyc\u00e9e de Nantes Terre Atlantique. Un tel exemple, a d\u00e9j\u00e0 \u00e9t\u00e9 mis en place au lyc\u00e9e agricole de Rennes. Nous nous sommes engag\u00e9s \u00e0 pr\u00e9senter un bilan de la proc\u00e9dure.\u00a0<\/span><\/p>\n<p style=\"text-align: justify;\"><strong><span style=\"font-family: arial, helvetica, sans-serif;\">Nous allons dans les prochaines semaines, relancer le Conseil r\u00e9gional des Pays de la Loire (au niveau de la vice-pr\u00e9sidence et dans les conseils d&rsquo;administration) sur tous ces sujets afin que la situation de l&rsquo;enseignement agricole public soit pr\u00e9serv\u00e9e et renforc\u00e9e.\u00a0<\/span><\/strong><\/p>\n","protected":false},"excerpt":{"rendered":"<p>Une d\u00e9l\u00e9gation SNETAP-FSU, CGT-AGRI et SUD RURAL TERRITOIRES a rencontr\u00e9 le lundi 7 janvier 2019, M.A.CHEREAU, Vice-Pr\u00e9sident du Conseil r\u00e9gional des Pays de la Loire en charge des lyc\u00e9es, ainsi que M.T.DEMOUCHERON, directeur des lyc\u00e9es. L&rsquo;\u00e9change a commenc\u00e9 par la probl\u00e9matique du Dialogue social et notamment des difficult\u00e9s du dialogue avec la collectivit\u00e9 locale (probl\u00e8me [&hellip;]<\/p>\n","protected":false},"author":2,"featured_media":0,"comment_status":"closed","ping_status":"closed","sticky":false,"template":"","format":"standard","meta":{"ocean_post_layout":"","ocean_both_sidebars_style":"","ocean_both_sidebars_content_width":0,"ocean_both_sidebars_sidebars_width":0,"ocean_sidebar":"","ocean_second_sidebar":"","ocean_disable_margins":"enable","ocean_add_body_class":"","ocean_shortcode_before_top_bar":"","ocean_shortcode_after_top_bar":"","ocean_shortcode_before_header":"","ocean_shortcode_after_header":"","ocean_has_shortcode":"","ocean_shortcode_after_title":"","ocean_shortcode_before_footer_widgets":"","ocean_shortcode_after_footer_widgets":"","ocean_shortcode_before_footer_bottom":"","ocean_shortcode_after_footer_bottom":"","ocean_display_top_bar":"default","ocean_display_header":"default","ocean_header_style":"","ocean_center_header_left_menu":"","ocean_custom_header_template":"","ocean_custom_logo":0,"ocean_custom_retina_logo":0,"ocean_custom_logo_max_width":0,"ocean_custom_logo_tablet_max_width":0,"ocean_custom_logo_mobile_max_width":0,"ocean_custom_logo_max_height":0,"ocean_custom_logo_tablet_max_height":0,"ocean_custom_logo_mobile_max_height":0,"ocean_header_custom_menu":"","ocean_menu_typo_font_family":"","ocean_menu_typo_font_subset":"","ocean_menu_typo_font_size":0,"ocean_menu_typo_font_size_tablet":0,"ocean_menu_typo_font_size_mobile":0,"ocean_menu_typo_font_size_unit":"px","ocean_menu_typo_font_weight":"","ocean_menu_typo_font_weight_tablet":"","ocean_menu_typo_font_weight_mobile":"","ocean_menu_typo_transform":"","ocean_menu_typo_transform_tablet":"","ocean_menu_typo_transform_mobile":"","ocean_menu_typo_line_height":0,"ocean_menu_typo_line_height_tablet":0,"ocean_menu_typo_line_height_mobile":0,"ocean_menu_typo_line_height_unit":"","ocean_menu_typo_spacing":0,"ocean_menu_typo_spacing_tablet":0,"ocean_menu_typo_spacing_mobile":0,"ocean_menu_typo_spacing_unit":"","ocean_menu_link_color":"","ocean_menu_link_color_hover":"","ocean_menu_link_color_active":"","ocean_menu_link_background":"","ocean_menu_link_hover_background":"","ocean_menu_link_active_background":"","ocean_menu_social_links_bg":"","ocean_menu_social_hover_links_bg":"","ocean_menu_social_links_color":"","ocean_menu_social_hover_links_color":"","ocean_disable_title":"default","ocean_disable_heading":"default","ocean_post_title":"","ocean_post_subheading":"","ocean_post_title_style":"","ocean_post_title_background_color":"","ocean_post_title_background":0,"ocean_post_title_bg_image_position":"","ocean_post_title_bg_image_attachment":"","ocean_post_title_bg_image_repeat":"","ocean_post_title_bg_image_size":"","ocean_post_title_height":0,"ocean_post_title_bg_overlay":0.5,"ocean_post_title_bg_overlay_color":"","ocean_disable_breadcrumbs":"default","ocean_breadcrumbs_color":"","ocean_breadcrumbs_separator_color":"","ocean_breadcrumbs_links_color":"","ocean_breadcrumbs_links_hover_color":"","ocean_display_footer_widgets":"default","ocean_display_footer_bottom":"default","ocean_custom_footer_template":"","ocean_post_oembed":"","ocean_post_self_hosted_media":"","ocean_post_video_embed":"","ocean_link_format":"","ocean_link_format_target":"self","ocean_quote_format":"","ocean_quote_format_link":"post","ocean_gallery_link_images":"on","ocean_gallery_id":[],"footnotes":""},"categories":[28,7],"tags":[],"post_folder":[],"class_list":["post-3164","post","type-post","status-publish","format-standard","hentry","category-actions-regionales","category-conseil-regional","entry"],"yoast_head":"<!-- This site is optimized with the Yoast SEO plugin v27.4 - https:\/\/yoast.com\/product\/yoast-seo-wordpress\/ -->\n<title>L&#039;Intersyndicale FSU-CGT-SUD de l&#039;enseignement agricole rencontre le Conseil r\u00e9gional des Pays de la Loire - PAYS DE LA LOIRE<\/title>\n<meta name=\"robots\" content=\"index, follow, max-snippet:-1, max-image-preview:large, max-video-preview:-1\" \/>\n<link rel=\"canonical\" href=\"https:\/\/regions-snetap-fsu.fr\/pdl\/2019\/01\/16\/lintersyndicale-fsu-cgt-sud-de-lenseignement-agricole-rencontre-le-conseil-regional-des-pays-de-la-loire\/\" \/>\n<meta property=\"og:locale\" content=\"fr_FR\" \/>\n<meta property=\"og:type\" content=\"article\" \/>\n<meta property=\"og:title\" content=\"L&#039;Intersyndicale FSU-CGT-SUD de l&#039;enseignement agricole rencontre le Conseil r\u00e9gional des Pays de la Loire - PAYS DE LA LOIRE\" \/>\n<meta property=\"og:description\" content=\"Une d\u00e9l\u00e9gation SNETAP-FSU, CGT-AGRI et SUD RURAL TERRITOIRES a rencontr\u00e9 le lundi 7 janvier 2019, M.A.CHEREAU, Vice-Pr\u00e9sident du Conseil r\u00e9gional des Pays de la Loire en charge des lyc\u00e9es, ainsi que M.T.DEMOUCHERON, directeur des lyc\u00e9es. L&rsquo;\u00e9change a commenc\u00e9 par la probl\u00e9matique du Dialogue social et notamment des difficult\u00e9s du dialogue avec la collectivit\u00e9 locale (probl\u00e8me [&hellip;]\" \/>\n<meta property=\"og:url\" content=\"https:\/\/regions-snetap-fsu.fr\/pdl\/2019\/01\/16\/lintersyndicale-fsu-cgt-sud-de-lenseignement-agricole-rencontre-le-conseil-regional-des-pays-de-la-loire\/\" \/>\n<meta property=\"og:site_name\" content=\"PAYS DE LA LOIRE\" \/>\n<meta property=\"article:published_time\" content=\"2019-01-16T17:06:23+00:00\" \/>\n<meta property=\"article:modified_time\" content=\"2019-01-16T17:08:14+00:00\" \/>\n<meta property=\"og:image\" content=\"https:\/\/regions-snetap-fsu.fr\/pdl\/wp-content\/uploads\/sites\/4\/2019\/01\/2019-01-07-18.25.19-300x169.jpg\" \/>\n<meta name=\"author\" content=\"yvigner\" \/>\n<meta name=\"twitter:card\" content=\"summary_large_image\" \/>\n<meta name=\"twitter:label1\" content=\"\u00c9crit par\" \/>\n\t<meta name=\"twitter:data1\" content=\"yvigner\" \/>\n\t<meta name=\"twitter:label2\" content=\"Dur\u00e9e de lecture estim\u00e9e\" \/>\n\t<meta name=\"twitter:data2\" content=\"3 minutes\" \/>\n<script type=\"application\/ld+json\" class=\"yoast-schema-graph\">{\"@context\":\"https:\\\/\\\/schema.org\",\"@graph\":[{\"@type\":\"Article\",\"@id\":\"https:\\\/\\\/regions-snetap-fsu.fr\\\/pdl\\\/2019\\\/01\\\/16\\\/lintersyndicale-fsu-cgt-sud-de-lenseignement-agricole-rencontre-le-conseil-regional-des-pays-de-la-loire\\\/#article\",\"isPartOf\":{\"@id\":\"https:\\\/\\\/regions-snetap-fsu.fr\\\/pdl\\\/2019\\\/01\\\/16\\\/lintersyndicale-fsu-cgt-sud-de-lenseignement-agricole-rencontre-le-conseil-regional-des-pays-de-la-loire\\\/\"},\"author\":{\"name\":\"yvigner\",\"@id\":\"https:\\\/\\\/regions-snetap-fsu.fr\\\/pdl\\\/#\\\/schema\\\/person\\\/d4530af043f9e8d27bdd71c468ec93b1\"},\"headline\":\"L&rsquo;Intersyndicale FSU-CGT-SUD de l&rsquo;enseignement agricole rencontre le Conseil r\u00e9gional des Pays de la Loire\",\"datePublished\":\"2019-01-16T17:06:23+00:00\",\"dateModified\":\"2019-01-16T17:08:14+00:00\",\"mainEntityOfPage\":{\"@id\":\"https:\\\/\\\/regions-snetap-fsu.fr\\\/pdl\\\/2019\\\/01\\\/16\\\/lintersyndicale-fsu-cgt-sud-de-lenseignement-agricole-rencontre-le-conseil-regional-des-pays-de-la-loire\\\/\"},\"wordCount\":611,\"publisher\":{\"@id\":\"https:\\\/\\\/regions-snetap-fsu.fr\\\/pdl\\\/#organization\"},\"image\":{\"@id\":\"https:\\\/\\\/regions-snetap-fsu.fr\\\/pdl\\\/2019\\\/01\\\/16\\\/lintersyndicale-fsu-cgt-sud-de-lenseignement-agricole-rencontre-le-conseil-regional-des-pays-de-la-loire\\\/#primaryimage\"},\"thumbnailUrl\":\"https:\\\/\\\/regions-snetap-fsu.fr\\\/pdl\\\/wp-content\\\/uploads\\\/sites\\\/4\\\/2019\\\/01\\\/2019-01-07-18.25.19-300x169.jpg\",\"articleSection\":[\"Actions r\u00e9gionales\",\"Conseil r\u00e9gional\"],\"inLanguage\":\"fr-FR\"},{\"@type\":\"WebPage\",\"@id\":\"https:\\\/\\\/regions-snetap-fsu.fr\\\/pdl\\\/2019\\\/01\\\/16\\\/lintersyndicale-fsu-cgt-sud-de-lenseignement-agricole-rencontre-le-conseil-regional-des-pays-de-la-loire\\\/\",\"url\":\"https:\\\/\\\/regions-snetap-fsu.fr\\\/pdl\\\/2019\\\/01\\\/16\\\/lintersyndicale-fsu-cgt-sud-de-lenseignement-agricole-rencontre-le-conseil-regional-des-pays-de-la-loire\\\/\",\"name\":\"L'Intersyndicale FSU-CGT-SUD de l'enseignement agricole rencontre le Conseil r\u00e9gional des Pays de la Loire - PAYS DE LA LOIRE\",\"isPartOf\":{\"@id\":\"https:\\\/\\\/regions-snetap-fsu.fr\\\/pdl\\\/#website\"},\"primaryImageOfPage\":{\"@id\":\"https:\\\/\\\/regions-snetap-fsu.fr\\\/pdl\\\/2019\\\/01\\\/16\\\/lintersyndicale-fsu-cgt-sud-de-lenseignement-agricole-rencontre-le-conseil-regional-des-pays-de-la-loire\\\/#primaryimage\"},\"image\":{\"@id\":\"https:\\\/\\\/regions-snetap-fsu.fr\\\/pdl\\\/2019\\\/01\\\/16\\\/lintersyndicale-fsu-cgt-sud-de-lenseignement-agricole-rencontre-le-conseil-regional-des-pays-de-la-loire\\\/#primaryimage\"},\"thumbnailUrl\":\"https:\\\/\\\/regions-snetap-fsu.fr\\\/pdl\\\/wp-content\\\/uploads\\\/sites\\\/4\\\/2019\\\/01\\\/2019-01-07-18.25.19-300x169.jpg\",\"datePublished\":\"2019-01-16T17:06:23+00:00\",\"dateModified\":\"2019-01-16T17:08:14+00:00\",\"breadcrumb\":{\"@id\":\"https:\\\/\\\/regions-snetap-fsu.fr\\\/pdl\\\/2019\\\/01\\\/16\\\/lintersyndicale-fsu-cgt-sud-de-lenseignement-agricole-rencontre-le-conseil-regional-des-pays-de-la-loire\\\/#breadcrumb\"},\"inLanguage\":\"fr-FR\",\"potentialAction\":[{\"@type\":\"ReadAction\",\"target\":[\"https:\\\/\\\/regions-snetap-fsu.fr\\\/pdl\\\/2019\\\/01\\\/16\\\/lintersyndicale-fsu-cgt-sud-de-lenseignement-agricole-rencontre-le-conseil-regional-des-pays-de-la-loire\\\/\"]}]},{\"@type\":\"ImageObject\",\"inLanguage\":\"fr-FR\",\"@id\":\"https:\\\/\\\/regions-snetap-fsu.fr\\\/pdl\\\/2019\\\/01\\\/16\\\/lintersyndicale-fsu-cgt-sud-de-lenseignement-agricole-rencontre-le-conseil-regional-des-pays-de-la-loire\\\/#primaryimage\",\"url\":\"https:\\\/\\\/regions-snetap-fsu.fr\\\/pdl\\\/wp-content\\\/uploads\\\/sites\\\/4\\\/2019\\\/01\\\/2019-01-07-18.25.19.jpg\",\"contentUrl\":\"https:\\\/\\\/regions-snetap-fsu.fr\\\/pdl\\\/wp-content\\\/uploads\\\/sites\\\/4\\\/2019\\\/01\\\/2019-01-07-18.25.19.jpg\",\"width\":2560,\"height\":1440},{\"@type\":\"BreadcrumbList\",\"@id\":\"https:\\\/\\\/regions-snetap-fsu.fr\\\/pdl\\\/2019\\\/01\\\/16\\\/lintersyndicale-fsu-cgt-sud-de-lenseignement-agricole-rencontre-le-conseil-regional-des-pays-de-la-loire\\\/#breadcrumb\",\"itemListElement\":[{\"@type\":\"ListItem\",\"position\":1,\"name\":\"Accueil\",\"item\":\"https:\\\/\\\/regions-snetap-fsu.fr\\\/pdl\\\/\"},{\"@type\":\"ListItem\",\"position\":2,\"name\":\"L&rsquo;Intersyndicale FSU-CGT-SUD de l&rsquo;enseignement agricole rencontre le Conseil r\u00e9gional des Pays de la Loire\"}]},{\"@type\":\"WebSite\",\"@id\":\"https:\\\/\\\/regions-snetap-fsu.fr\\\/pdl\\\/#website\",\"url\":\"https:\\\/\\\/regions-snetap-fsu.fr\\\/pdl\\\/\",\"name\":\"SNETAP-FSU PAYS DE LA LOIRE\",\"description\":\"SECTION REGIONALE\",\"publisher\":{\"@id\":\"https:\\\/\\\/regions-snetap-fsu.fr\\\/pdl\\\/#organization\"},\"potentialAction\":[{\"@type\":\"SearchAction\",\"target\":{\"@type\":\"EntryPoint\",\"urlTemplate\":\"https:\\\/\\\/regions-snetap-fsu.fr\\\/pdl\\\/?s={search_term_string}\"},\"query-input\":{\"@type\":\"PropertyValueSpecification\",\"valueRequired\":true,\"valueName\":\"search_term_string\"}}],\"inLanguage\":\"fr-FR\"},{\"@type\":\"Organization\",\"@id\":\"https:\\\/\\\/regions-snetap-fsu.fr\\\/pdl\\\/#organization\",\"name\":\"SNETAP-FSU Pays de Loire\",\"url\":\"https:\\\/\\\/regions-snetap-fsu.fr\\\/pdl\\\/\",\"logo\":{\"@type\":\"ImageObject\",\"inLanguage\":\"fr-FR\",\"@id\":\"https:\\\/\\\/regions-snetap-fsu.fr\\\/pdl\\\/#\\\/schema\\\/logo\\\/image\\\/\",\"url\":\"https:\\\/\\\/regions-snetap-fsu.fr\\\/pdl\\\/wp-content\\\/uploads\\\/sites\\\/4\\\/2020\\\/12\\\/SNETAP-Logo.jpg\",\"contentUrl\":\"https:\\\/\\\/regions-snetap-fsu.fr\\\/pdl\\\/wp-content\\\/uploads\\\/sites\\\/4\\\/2020\\\/12\\\/SNETAP-Logo.jpg\",\"width\":464,\"height\":334,\"caption\":\"SNETAP-FSU Pays de Loire\"},\"image\":{\"@id\":\"https:\\\/\\\/regions-snetap-fsu.fr\\\/pdl\\\/#\\\/schema\\\/logo\\\/image\\\/\"}},{\"@type\":\"Person\",\"@id\":\"https:\\\/\\\/regions-snetap-fsu.fr\\\/pdl\\\/#\\\/schema\\\/person\\\/d4530af043f9e8d27bdd71c468ec93b1\",\"name\":\"yvigner\",\"image\":{\"@type\":\"ImageObject\",\"inLanguage\":\"fr-FR\",\"@id\":\"https:\\\/\\\/secure.gravatar.com\\\/avatar\\\/bc72baa6f2406549aecf77a837bc4f03dbe88472c1762138f868571430a23820?s=96&d=mm&r=g\",\"url\":\"https:\\\/\\\/secure.gravatar.com\\\/avatar\\\/bc72baa6f2406549aecf77a837bc4f03dbe88472c1762138f868571430a23820?s=96&d=mm&r=g\",\"contentUrl\":\"https:\\\/\\\/secure.gravatar.com\\\/avatar\\\/bc72baa6f2406549aecf77a837bc4f03dbe88472c1762138f868571430a23820?s=96&d=mm&r=g\",\"caption\":\"yvigner\"},\"url\":\"https:\\\/\\\/regions-snetap-fsu.fr\\\/pdl\\\/author\\\/yvigner\\\/\"}]}<\/script>\n<!-- \/ Yoast SEO plugin. -->","yoast_head_json":{"title":"L'Intersyndicale FSU-CGT-SUD de l'enseignement agricole rencontre le Conseil r\u00e9gional des Pays de la Loire - PAYS DE LA LOIRE","robots":{"index":"index","follow":"follow","max-snippet":"max-snippet:-1","max-image-preview":"max-image-preview:large","max-video-preview":"max-video-preview:-1"},"canonical":"https:\/\/regions-snetap-fsu.fr\/pdl\/2019\/01\/16\/lintersyndicale-fsu-cgt-sud-de-lenseignement-agricole-rencontre-le-conseil-regional-des-pays-de-la-loire\/","og_locale":"fr_FR","og_type":"article","og_title":"L'Intersyndicale FSU-CGT-SUD de l'enseignement agricole rencontre le Conseil r\u00e9gional des Pays de la Loire - PAYS DE LA LOIRE","og_description":"Une d\u00e9l\u00e9gation SNETAP-FSU, CGT-AGRI et SUD RURAL TERRITOIRES a rencontr\u00e9 le lundi 7 janvier 2019, M.A.CHEREAU, Vice-Pr\u00e9sident du Conseil r\u00e9gional des Pays de la Loire en charge des lyc\u00e9es, ainsi que M.T.DEMOUCHERON, directeur des lyc\u00e9es. L&rsquo;\u00e9change a commenc\u00e9 par la probl\u00e9matique du Dialogue social et notamment des difficult\u00e9s du dialogue avec la collectivit\u00e9 locale (probl\u00e8me [&hellip;]","og_url":"https:\/\/regions-snetap-fsu.fr\/pdl\/2019\/01\/16\/lintersyndicale-fsu-cgt-sud-de-lenseignement-agricole-rencontre-le-conseil-regional-des-pays-de-la-loire\/","og_site_name":"PAYS DE LA LOIRE","article_published_time":"2019-01-16T17:06:23+00:00","article_modified_time":"2019-01-16T17:08:14+00:00","og_image":[{"url":"https:\/\/regions-snetap-fsu.fr\/pdl\/wp-content\/uploads\/sites\/4\/2019\/01\/2019-01-07-18.25.19-300x169.jpg","type":"","width":"","height":""}],"author":"yvigner","twitter_card":"summary_large_image","twitter_misc":{"\u00c9crit par":"yvigner","Dur\u00e9e de lecture estim\u00e9e":"3 minutes"},"schema":{"@context":"https:\/\/schema.org","@graph":[{"@type":"Article","@id":"https:\/\/regions-snetap-fsu.fr\/pdl\/2019\/01\/16\/lintersyndicale-fsu-cgt-sud-de-lenseignement-agricole-rencontre-le-conseil-regional-des-pays-de-la-loire\/#article","isPartOf":{"@id":"https:\/\/regions-snetap-fsu.fr\/pdl\/2019\/01\/16\/lintersyndicale-fsu-cgt-sud-de-lenseignement-agricole-rencontre-le-conseil-regional-des-pays-de-la-loire\/"},"author":{"name":"yvigner","@id":"https:\/\/regions-snetap-fsu.fr\/pdl\/#\/schema\/person\/d4530af043f9e8d27bdd71c468ec93b1"},"headline":"L&rsquo;Intersyndicale FSU-CGT-SUD de l&rsquo;enseignement agricole rencontre le Conseil r\u00e9gional des Pays de la Loire","datePublished":"2019-01-16T17:06:23+00:00","dateModified":"2019-01-16T17:08:14+00:00","mainEntityOfPage":{"@id":"https:\/\/regions-snetap-fsu.fr\/pdl\/2019\/01\/16\/lintersyndicale-fsu-cgt-sud-de-lenseignement-agricole-rencontre-le-conseil-regional-des-pays-de-la-loire\/"},"wordCount":611,"publisher":{"@id":"https:\/\/regions-snetap-fsu.fr\/pdl\/#organization"},"image":{"@id":"https:\/\/regions-snetap-fsu.fr\/pdl\/2019\/01\/16\/lintersyndicale-fsu-cgt-sud-de-lenseignement-agricole-rencontre-le-conseil-regional-des-pays-de-la-loire\/#primaryimage"},"thumbnailUrl":"https:\/\/regions-snetap-fsu.fr\/pdl\/wp-content\/uploads\/sites\/4\/2019\/01\/2019-01-07-18.25.19-300x169.jpg","articleSection":["Actions r\u00e9gionales","Conseil r\u00e9gional"],"inLanguage":"fr-FR"},{"@type":"WebPage","@id":"https:\/\/regions-snetap-fsu.fr\/pdl\/2019\/01\/16\/lintersyndicale-fsu-cgt-sud-de-lenseignement-agricole-rencontre-le-conseil-regional-des-pays-de-la-loire\/","url":"https:\/\/regions-snetap-fsu.fr\/pdl\/2019\/01\/16\/lintersyndicale-fsu-cgt-sud-de-lenseignement-agricole-rencontre-le-conseil-regional-des-pays-de-la-loire\/","name":"L'Intersyndicale FSU-CGT-SUD de l'enseignement agricole rencontre le Conseil r\u00e9gional des Pays de la Loire - PAYS DE LA LOIRE","isPartOf":{"@id":"https:\/\/regions-snetap-fsu.fr\/pdl\/#website"},"primaryImageOfPage":{"@id":"https:\/\/regions-snetap-fsu.fr\/pdl\/2019\/01\/16\/lintersyndicale-fsu-cgt-sud-de-lenseignement-agricole-rencontre-le-conseil-regional-des-pays-de-la-loire\/#primaryimage"},"image":{"@id":"https:\/\/regions-snetap-fsu.fr\/pdl\/2019\/01\/16\/lintersyndicale-fsu-cgt-sud-de-lenseignement-agricole-rencontre-le-conseil-regional-des-pays-de-la-loire\/#primaryimage"},"thumbnailUrl":"https:\/\/regions-snetap-fsu.fr\/pdl\/wp-content\/uploads\/sites\/4\/2019\/01\/2019-01-07-18.25.19-300x169.jpg","datePublished":"2019-01-16T17:06:23+00:00","dateModified":"2019-01-16T17:08:14+00:00","breadcrumb":{"@id":"https:\/\/regions-snetap-fsu.fr\/pdl\/2019\/01\/16\/lintersyndicale-fsu-cgt-sud-de-lenseignement-agricole-rencontre-le-conseil-regional-des-pays-de-la-loire\/#breadcrumb"},"inLanguage":"fr-FR","potentialAction":[{"@type":"ReadAction","target":["https:\/\/regions-snetap-fsu.fr\/pdl\/2019\/01\/16\/lintersyndicale-fsu-cgt-sud-de-lenseignement-agricole-rencontre-le-conseil-regional-des-pays-de-la-loire\/"]}]},{"@type":"ImageObject","inLanguage":"fr-FR","@id":"https:\/\/regions-snetap-fsu.fr\/pdl\/2019\/01\/16\/lintersyndicale-fsu-cgt-sud-de-lenseignement-agricole-rencontre-le-conseil-regional-des-pays-de-la-loire\/#primaryimage","url":"https:\/\/regions-snetap-fsu.fr\/pdl\/wp-content\/uploads\/sites\/4\/2019\/01\/2019-01-07-18.25.19.jpg","contentUrl":"https:\/\/regions-snetap-fsu.fr\/pdl\/wp-content\/uploads\/sites\/4\/2019\/01\/2019-01-07-18.25.19.jpg","width":2560,"height":1440},{"@type":"BreadcrumbList","@id":"https:\/\/regions-snetap-fsu.fr\/pdl\/2019\/01\/16\/lintersyndicale-fsu-cgt-sud-de-lenseignement-agricole-rencontre-le-conseil-regional-des-pays-de-la-loire\/#breadcrumb","itemListElement":[{"@type":"ListItem","position":1,"name":"Accueil","item":"https:\/\/regions-snetap-fsu.fr\/pdl\/"},{"@type":"ListItem","position":2,"name":"L&rsquo;Intersyndicale FSU-CGT-SUD de l&rsquo;enseignement agricole rencontre le Conseil r\u00e9gional des Pays de la Loire"}]},{"@type":"WebSite","@id":"https:\/\/regions-snetap-fsu.fr\/pdl\/#website","url":"https:\/\/regions-snetap-fsu.fr\/pdl\/","name":"SNETAP-FSU PAYS DE LA LOIRE","description":"SECTION REGIONALE","publisher":{"@id":"https:\/\/regions-snetap-fsu.fr\/pdl\/#organization"},"potentialAction":[{"@type":"SearchAction","target":{"@type":"EntryPoint","urlTemplate":"https:\/\/regions-snetap-fsu.fr\/pdl\/?s={search_term_string}"},"query-input":{"@type":"PropertyValueSpecification","valueRequired":true,"valueName":"search_term_string"}}],"inLanguage":"fr-FR"},{"@type":"Organization","@id":"https:\/\/regions-snetap-fsu.fr\/pdl\/#organization","name":"SNETAP-FSU Pays de Loire","url":"https:\/\/regions-snetap-fsu.fr\/pdl\/","logo":{"@type":"ImageObject","inLanguage":"fr-FR","@id":"https:\/\/regions-snetap-fsu.fr\/pdl\/#\/schema\/logo\/image\/","url":"https:\/\/regions-snetap-fsu.fr\/pdl\/wp-content\/uploads\/sites\/4\/2020\/12\/SNETAP-Logo.jpg","contentUrl":"https:\/\/regions-snetap-fsu.fr\/pdl\/wp-content\/uploads\/sites\/4\/2020\/12\/SNETAP-Logo.jpg","width":464,"height":334,"caption":"SNETAP-FSU Pays de Loire"},"image":{"@id":"https:\/\/regions-snetap-fsu.fr\/pdl\/#\/schema\/logo\/image\/"}},{"@type":"Person","@id":"https:\/\/regions-snetap-fsu.fr\/pdl\/#\/schema\/person\/d4530af043f9e8d27bdd71c468ec93b1","name":"yvigner","image":{"@type":"ImageObject","inLanguage":"fr-FR","@id":"https:\/\/secure.gravatar.com\/avatar\/bc72baa6f2406549aecf77a837bc4f03dbe88472c1762138f868571430a23820?s=96&d=mm&r=g","url":"https:\/\/secure.gravatar.com\/avatar\/bc72baa6f2406549aecf77a837bc4f03dbe88472c1762138f868571430a23820?s=96&d=mm&r=g","contentUrl":"https:\/\/secure.gravatar.com\/avatar\/bc72baa6f2406549aecf77a837bc4f03dbe88472c1762138f868571430a23820?s=96&d=mm&r=g","caption":"yvigner"},"url":"https:\/\/regions-snetap-fsu.fr\/pdl\/author\/yvigner\/"}]}},"_links":{"self":[{"href":"https:\/\/regions-snetap-fsu.fr\/pdl\/wp-json\/wp\/v2\/posts\/3164","targetHints":{"allow":["GET"]}}],"collection":[{"href":"https:\/\/regions-snetap-fsu.fr\/pdl\/wp-json\/wp\/v2\/posts"}],"about":[{"href":"https:\/\/regions-snetap-fsu.fr\/pdl\/wp-json\/wp\/v2\/types\/post"}],"author":[{"embeddable":true,"href":"https:\/\/regions-snetap-fsu.fr\/pdl\/wp-json\/wp\/v2\/users\/2"}],"replies":[{"embeddable":true,"href":"https:\/\/regions-snetap-fsu.fr\/pdl\/wp-json\/wp\/v2\/comments?post=3164"}],"version-history":[{"count":4,"href":"https:\/\/regions-snetap-fsu.fr\/pdl\/wp-json\/wp\/v2\/posts\/3164\/revisions"}],"predecessor-version":[{"id":3169,"href":"https:\/\/regions-snetap-fsu.fr\/pdl\/wp-json\/wp\/v2\/posts\/3164\/revisions\/3169"}],"wp:attachment":[{"href":"https:\/\/regions-snetap-fsu.fr\/pdl\/wp-json\/wp\/v2\/media?parent=3164"}],"wp:term":[{"taxonomy":"category","embeddable":true,"href":"https:\/\/regions-snetap-fsu.fr\/pdl\/wp-json\/wp\/v2\/categories?post=3164"},{"taxonomy":"post_tag","embeddable":true,"href":"https:\/\/regions-snetap-fsu.fr\/pdl\/wp-json\/wp\/v2\/tags?post=3164"},{"taxonomy":"post_folder","embeddable":true,"href":"https:\/\/regions-snetap-fsu.fr\/pdl\/wp-json\/wp\/v2\/post_folder?post=3164"}],"curies":[{"name":"wp","href":"https:\/\/api.w.org\/{rel}","templated":true}]}}