{"id":3153,"date":"2018-12-27T22:31:16","date_gmt":"2018-12-27T21:31:16","guid":{"rendered":"https:\/\/regions-snetap-fsu.fr\/pdl\/?p=3153"},"modified":"2019-01-05T22:48:59","modified_gmt":"2019-01-05T21:48:59","slug":"ctrea-20-decembre-2018-un-enseignement-agricole-qui-navigue-dans-le-brouillard-des-reformes-et-des-economies-budgetaires","status":"publish","type":"post","link":"https:\/\/regions-snetap-fsu.fr\/pdl\/2018\/12\/27\/ctrea-20-decembre-2018-un-enseignement-agricole-qui-navigue-dans-le-brouillard-des-reformes-et-des-economies-budgetaires\/","title":{"rendered":"CTREA 20 d\u00e9cembre 2018\u00a0: un enseignement agricole qui navigue dans le brouillard des r\u00e9formes et des \u00e9conomies budg\u00e9taires"},"content":{"rendered":"<p class=\"western\" align=\"justify\"><span style=\"font-family: Arial, sans-serif;\"><span style=\"font-size: x-large;\"><b>Trop de questions sans r\u00e9ponses&#8230;<\/b><\/span><\/span><\/p>\n<p class=\"western\" align=\"justify\"><span style=\"font-family: Arial, sans-serif;\">A la demande des \u00e9lus CGT-AGRI et SNETAP-FSU, s\u2019est tenu, le 20 d\u00e9cembre dernier, un comit\u00e9 technique r\u00e9gional \u00ab\u00a0exceptionnel\u00a0\u00bb au sujet des cartes scolaire et de sp\u00e9cialit\u00e9s pour la rentr\u00e9e 2019.\u00a0<\/span><\/p>\n<p class=\"western\" align=\"justify\"><span style=\"font-family: Arial, sans-serif;\"><b>Le travail militant et l\u2019union syndicale soutenus par les agents de l\u2019enseignement agricole public\u00a0: victoire de la liste FSU-CGT-SUD<\/b><\/span><\/p>\n<p class=\"western\" align=\"justify\"><span style=\"font-family: Arial, sans-serif;\">Nous avons commenc\u00e9 par remercier les 575 coll\u00e8gues qui ont vot\u00e9 pour notre liste commune SUD-CGT-FSU. Nous pouvons consid\u00e9rer que notre l\u00e9gitimit\u00e9 est clairement affirm\u00e9e tant du point de vue des valeurs\/dossiers que nous d\u00e9fendons depuis des ann\u00e9es en r\u00e9gion que des formes d\u2019action retenues. L\u2019administration devra, dans un dialogue social renouvel\u00e9, prendre en compte cette l\u00e9gitimit\u00e9 qui fait que, d\u00e9sormais, seule notre liste a des \u00e9lus en r\u00e9gion. Nous avons \u00e9galement d\u00e9nonc\u00e9 les nombreux dysfonctionnements dans l&rsquo;organisation de ce scrutin rappelant que le Minist\u00e8re, tant \u00e0 l\u2019\u00e9chelle nationale qu\u2019\u00e0 l\u2019\u00e9chelle r\u00e9gionale, n\u2019a, une fois de plus, pas pris la mesure du travail \u00e0 r\u00e9aliser pour organiser une \u00e9lection professionnelle dans de bonnes conditions. <\/span><\/p>\n<p class=\"western\" align=\"justify\"><span style=\"font-family: Arial, sans-serif;\"><b>Des demandes\/questions rest\u00e9es encore sans r\u00e9ponse<\/b><\/span><\/p>\n<p class=\"western\" align=\"justify\"><span style=\"font-family: Arial, sans-serif;\">Comme lors du dernier CTREA, lors du CREA nous avons, \u00e0 nouveau, demand\u00e9 que soit organis\u00e9e une r\u00e9union avec le Conseil R\u00e9gional des Pays de la Loire au sujet des travaux dans les lyc\u00e9es agricoles publics. Le SRFD en a accept\u00e9 le principe et veillera \u00e0 transmettre notre demande. Nous avons \u00e9galement redemand\u00e9 que nous soient transmis le tableau bilan des effectifs, seuils par classe des \u00e9tablissements. Comment comprendre la situation actuelle et r\u00e9fl\u00e9chir \u00e0 la rentr\u00e9e prochaine sans ces statistiques\u00a0?<\/span><\/p>\n<p class=\"western\" align=\"justify\"><span style=\"font-family: Arial, sans-serif;\"><b>Quelles actions pour relancer l\u2019attractivit\u00e9 de l\u2019enseignement agricole public\u00a0? <\/b><\/span><\/p>\n<p class=\"western\" align=\"justify\"><span style=\"font-family: Arial, sans-serif;\">Face aux r\u00e9formes, aux questionnements des familles, \u00e0 l\u2019oubli de l\u2019Education nationale quand ce n\u2019est pas de l\u2019ONISEP, le SRFD, laiss\u00e9 bien seul par la DGER, pr\u00e9voit un communiqu\u00e9 de presse pour pr\u00e9senter la r\u00e9forme de la voie g\u00e9n\u00e9rale dans l\u2019enseignement agricole dans les quotidiens r\u00e9gionaux et sur la presse professionnelle en janvier-f\u00e9vrier 2019.<\/span><\/p>\n<p class=\"western\" align=\"justify\"><span style=\"font-family: Arial, sans-serif;\"><b>Carte scolaire&#8230;Que construire sans conna\u00eetre sa DGH\u00a0?<\/b><\/span><\/p>\n<p class=\"western\" align=\"justify\"><span style=\"font-family: Arial, sans-serif;\">Un premier \u00e9change (forc\u00e9ment trop court) mais int\u00e9ressant a eu lieu lors de ce CTREA concernant les demandes d\u2019\u00e9volution de la carte de formation&#8230;enfin ! Ainsi, nous avons \u00e9t\u00e9 inform\u00e9s des \u00e9changes existants (3 r\u00e9unions d\u00e9j\u00e0 !) entre le conseil r\u00e9gional, la DASEN et la DRAAF sur le sujet des secondes dans le d\u00e9partement de Loire Atlantique (et l\u2019\u00e9ventualit\u00e9 de faire de Jules RIEFFEL, un lyc\u00e9e de secteur). Nous avons \u00e9galement appris que le 3<sup>e<\/sup> support (agroalimentaire) en 1\u00e8re STAV serait possible au LEGTA de Laval \u00e0 la rentr\u00e9e 2019.<\/span><\/p>\n<p class=\"western\" align=\"justify\"><span style=\"font-family: Arial, sans-serif;\">Pourtant, la carte scolaire restera indigente. Ne connaissant pas sa DGH (mais forc\u00e9ment contrainte et d\u00e9j\u00e0 en d\u00e9passement&#8230;), le SRFD n\u2019a fait qu\u2019\u00e9mettre des priorit\u00e9s pour la rentr\u00e9e (CAPA SAPVER \u00e0 Brette, 2nd PRO CEC \u00e0 Laval, TCVPJ au Grand Blottereau et 2nd PRO CEC \u00e0 Nantes). Face aux nombreux projets des lyc\u00e9es, le SRFD n&rsquo;a fait que retenir de simples priorit\u00e9s et donc aucune ouverture nette. Cette proposition a obtenu contre elle<span style=\"text-decoration: underline;\"><strong> un votre n\u00e9gatif \u00e0 l\u2019unanimit\u00e9<\/strong><\/span> obligeant le SRFD \u00e0 reconvoquer un nouveau CTREA dans les 15 prochains jours.<\/span><\/p>\n<p class=\"western\" align=\"justify\"><span style=\"font-family: Arial, sans-serif;\"><b>Un enseignement agricole priv\u00e9 qui s\u2019en sort toujours.<\/b><\/span><\/p>\n<p class=\"western\" align=\"justify\"><span style=\"font-family: Arial, sans-serif;\">Gr\u00e2ce \u00e0 ses tours de passe-passe habituels, l\u2019enseignement agricole priv\u00e9 lig\u00e9rien (d\u00e9j\u00e0 tr\u00e8s tr\u00e8s bien servis par les ouvertures en apprentissage) conna\u00eetra encore une \u00e9volution positive en terme de carte scolaire \u00e0 la rentr\u00e9e prochaine : ouverture classe de 4<sup>e<\/sup> \u00e0 Ch\u00e2teaubriant et 2 classes de BAC PRO dans des MFR de Vend\u00e9e.<\/span><\/p>\n<p class=\"western\" align=\"justify\"><span style=\"font-family: Arial, sans-serif;\"><b>Carte des sp\u00e9cialit\u00e9s et des options&#8230;avancer malgr\u00e9 les incertitudes<\/b><\/span><\/p>\n<p class=\"western\" align=\"justify\"><span style=\"font-family: Arial, sans-serif;\">En r\u00e9gion Pays de la Loire, le dialogue a globalement eu lieu dans tous les \u00e9tablissements et la volont\u00e9 collective est de proposer un maximum de choix (permis par des moyens contraints\u2026) en terme de sp\u00e9cialit\u00e9s en 1\u00e8re&#8230;Mais aurons-nous le moyen de financer toutes ces sp\u00e9cialit\u00e9s\u00a0? Certains \u00e9tablissements sollicitent m\u00eame de l\u2019administration une 4<sup>e<\/sup> sp\u00e9cialit\u00e9 en 1\u00e8re (SES \u00e0 Laval et SNI au Mans). Cependant, les lyc\u00e9es agricoles feront figure de parents pauvres avec leurs 3-4 sp\u00e9cialit\u00e9s contre 7-11 \u00e0 l\u2019Education nationale. <\/span><\/p>\n<p class=\"western\" align=\"justify\"><span style=\"font-family: Arial, sans-serif;\">Pour ce qui est des options facultatives. Nous regrettons que la carte r\u00e9gionale (et surtout son financement) ne sera connue qu\u2019en avril 2019. Pourtant, c\u2019est bien, notamment, autour des options (EATDD, hippologie-\u00e9quitation\u2026) que se fera le choix des classes de seconde GT. Si le SRFD envisage une reconduction (\u00e0 l\u2019identique) des options facultatives (cot\u00e9 financement surtout) cela veut dire qu\u2019\u00e0 nouveau ce sont les budgets des \u00e9tablissements, les DGH des lyc\u00e9es qui en subiront les cons\u00e9quences. Le SRFD nous a inform\u00e9 que l\u2019inspection de l\u2019enseignement agricole publierait une note de service en janvier concernant les sections sportives qui ne permettront d\u00e9sormais plus qu\u2019une bi-qualification. Les sections europ\u00e9ennes seront financ\u00e9es dans le 1\u00a0% de la DGH r\u00e9gionale consacr\u00e9 aux options.<\/span><\/p>\n<p class=\"western\" align=\"justify\"><span style=\"font-family: Arial, sans-serif;\">Mais comment organiser cette rentr\u00e9e quand les \u00e9l\u00e9ments de la r\u00e9forme n\u2019ont pas encore \u00e9t\u00e9 int\u00e9gr\u00e9s dans les outils (CIBLE) de calcul de la DGH\u00a0?<\/span><\/p>\n<p class=\"western\" align=\"justify\"><span style=\"font-family: Arial, sans-serif;\">De plus, il demeure de tr\u00e8s nombreuses questions sur les modalit\u00e9s de recrutement des lyc\u00e9es agricoles en 2nd GT. Comment se fera le recrutement\u00a0? Uniquement par les options\u00a0? <\/span><\/p>\n<p class=\"western\" align=\"justify\"><span style=\"font-family: Arial, sans-serif;\"><b>Tant de questions sans r\u00e9ponses qui n\u00e9cessiteront une mobilisation, un vigilance d\u00e8s la rentr\u00e9e de janvier afin de continuer de d\u00e9noncer cette r\u00e9forme lib\u00e9rale, destructrice et anxiog\u00e8ne que ce soit pour les coll\u00e8gues, les \u00e9l\u00e8ves et leurs parents.<\/b><\/span><\/p>\n","protected":false},"excerpt":{"rendered":"<p>Trop de questions sans r\u00e9ponses&#8230; A la demande des \u00e9lus CGT-AGRI et SNETAP-FSU, s\u2019est tenu, le 20 d\u00e9cembre dernier, un comit\u00e9 technique r\u00e9gional \u00ab\u00a0exceptionnel\u00a0\u00bb au sujet des cartes scolaire et de sp\u00e9cialit\u00e9s pour la rentr\u00e9e 2019.\u00a0 Le travail militant et l\u2019union syndicale soutenus par les agents de l\u2019enseignement agricole public\u00a0: victoire de la liste FSU-CGT-SUD [&hellip;]<\/p>\n","protected":false},"author":2,"featured_media":0,"comment_status":"closed","ping_status":"closed","sticky":false,"template":"","format":"standard","meta":{"ocean_post_layout":"","ocean_both_sidebars_style":"","ocean_both_sidebars_content_width":0,"ocean_both_sidebars_sidebars_width":0,"ocean_sidebar":"","ocean_second_sidebar":"","ocean_disable_margins":"enable","ocean_add_body_class":"","ocean_shortcode_before_top_bar":"","ocean_shortcode_after_top_bar":"","ocean_shortcode_before_header":"","ocean_shortcode_after_header":"","ocean_has_shortcode":"","ocean_shortcode_after_title":"","ocean_shortcode_before_footer_widgets":"","ocean_shortcode_after_footer_widgets":"","ocean_shortcode_before_footer_bottom":"","ocean_shortcode_after_footer_bottom":"","ocean_display_top_bar":"default","ocean_display_header":"default","ocean_header_style":"","ocean_center_header_left_menu":"","ocean_custom_header_template":"","ocean_custom_logo":0,"ocean_custom_retina_logo":0,"ocean_custom_logo_max_width":0,"ocean_custom_logo_tablet_max_width":0,"ocean_custom_logo_mobile_max_width":0,"ocean_custom_logo_max_height":0,"ocean_custom_logo_tablet_max_height":0,"ocean_custom_logo_mobile_max_height":0,"ocean_header_custom_menu":"","ocean_menu_typo_font_family":"","ocean_menu_typo_font_subset":"","ocean_menu_typo_font_size":0,"ocean_menu_typo_font_size_tablet":0,"ocean_menu_typo_font_size_mobile":0,"ocean_menu_typo_font_size_unit":"px","ocean_menu_typo_font_weight":"","ocean_menu_typo_font_weight_tablet":"","ocean_menu_typo_font_weight_mobile":"","ocean_menu_typo_transform":"","ocean_menu_typo_transform_tablet":"","ocean_menu_typo_transform_mobile":"","ocean_menu_typo_line_height":0,"ocean_menu_typo_line_height_tablet":0,"ocean_menu_typo_line_height_mobile":0,"ocean_menu_typo_line_height_unit":"","ocean_menu_typo_spacing":0,"ocean_menu_typo_spacing_tablet":0,"ocean_menu_typo_spacing_mobile":0,"ocean_menu_typo_spacing_unit":"","ocean_menu_link_color":"","ocean_menu_link_color_hover":"","ocean_menu_link_color_active":"","ocean_menu_link_background":"","ocean_menu_link_hover_background":"","ocean_menu_link_active_background":"","ocean_menu_social_links_bg":"","ocean_menu_social_hover_links_bg":"","ocean_menu_social_links_color":"","ocean_menu_social_hover_links_color":"","ocean_disable_title":"default","ocean_disable_heading":"default","ocean_post_title":"","ocean_post_subheading":"","ocean_post_title_style":"","ocean_post_title_background_color":"","ocean_post_title_background":0,"ocean_post_title_bg_image_position":"","ocean_post_title_bg_image_attachment":"","ocean_post_title_bg_image_repeat":"","ocean_post_title_bg_image_size":"","ocean_post_title_height":0,"ocean_post_title_bg_overlay":0.5,"ocean_post_title_bg_overlay_color":"","ocean_disable_breadcrumbs":"default","ocean_breadcrumbs_color":"","ocean_breadcrumbs_separator_color":"","ocean_breadcrumbs_links_color":"","ocean_breadcrumbs_links_hover_color":"","ocean_display_footer_widgets":"default","ocean_display_footer_bottom":"default","ocean_custom_footer_template":"","ocean_post_oembed":"","ocean_post_self_hosted_media":"","ocean_post_video_embed":"","ocean_link_format":"","ocean_link_format_target":"self","ocean_quote_format":"","ocean_quote_format_link":"post","ocean_gallery_link_images":"on","ocean_gallery_id":[],"footnotes":""},"categories":[12],"tags":[],"post_folder":[],"class_list":["post-3153","post","type-post","status-publish","format-standard","hentry","category-csarea","entry"],"yoast_head":"<!-- This site is optimized with the Yoast SEO plugin v27.4 - https:\/\/yoast.com\/product\/yoast-seo-wordpress\/ -->\n<title>CTREA 20 d\u00e9cembre 2018\u00a0: un enseignement agricole qui navigue dans le brouillard des r\u00e9formes et des \u00e9conomies budg\u00e9taires - PAYS DE LA LOIRE<\/title>\n<meta name=\"robots\" content=\"index, follow, max-snippet:-1, max-image-preview:large, max-video-preview:-1\" \/>\n<link rel=\"canonical\" href=\"https:\/\/regions-snetap-fsu.fr\/pdl\/2018\/12\/27\/ctrea-20-decembre-2018-un-enseignement-agricole-qui-navigue-dans-le-brouillard-des-reformes-et-des-economies-budgetaires\/\" \/>\n<meta property=\"og:locale\" content=\"fr_FR\" \/>\n<meta property=\"og:type\" content=\"article\" \/>\n<meta property=\"og:title\" content=\"CTREA 20 d\u00e9cembre 2018\u00a0: un enseignement agricole qui navigue dans le brouillard des r\u00e9formes et des \u00e9conomies budg\u00e9taires - PAYS DE LA LOIRE\" \/>\n<meta property=\"og:description\" content=\"Trop de questions sans r\u00e9ponses&#8230; A la demande des \u00e9lus CGT-AGRI et SNETAP-FSU, s\u2019est tenu, le 20 d\u00e9cembre dernier, un comit\u00e9 technique r\u00e9gional \u00ab\u00a0exceptionnel\u00a0\u00bb au sujet des cartes scolaire et de sp\u00e9cialit\u00e9s pour la rentr\u00e9e 2019.\u00a0 Le travail militant et l\u2019union syndicale soutenus par les agents de l\u2019enseignement agricole public\u00a0: victoire de la liste FSU-CGT-SUD [&hellip;]\" \/>\n<meta property=\"og:url\" content=\"https:\/\/regions-snetap-fsu.fr\/pdl\/2018\/12\/27\/ctrea-20-decembre-2018-un-enseignement-agricole-qui-navigue-dans-le-brouillard-des-reformes-et-des-economies-budgetaires\/\" \/>\n<meta property=\"og:site_name\" content=\"PAYS DE LA LOIRE\" \/>\n<meta property=\"article:published_time\" content=\"2018-12-27T21:31:16+00:00\" \/>\n<meta property=\"article:modified_time\" content=\"2019-01-05T21:48:59+00:00\" \/>\n<meta name=\"author\" content=\"yvigner\" \/>\n<meta name=\"twitter:card\" content=\"summary_large_image\" \/>\n<meta name=\"twitter:label1\" content=\"\u00c9crit par\" \/>\n\t<meta name=\"twitter:data1\" content=\"yvigner\" \/>\n\t<meta name=\"twitter:label2\" content=\"Dur\u00e9e de lecture estim\u00e9e\" \/>\n\t<meta name=\"twitter:data2\" content=\"5 minutes\" \/>\n<script type=\"application\/ld+json\" class=\"yoast-schema-graph\">{\"@context\":\"https:\\\/\\\/schema.org\",\"@graph\":[{\"@type\":\"Article\",\"@id\":\"https:\\\/\\\/regions-snetap-fsu.fr\\\/pdl\\\/2018\\\/12\\\/27\\\/ctrea-20-decembre-2018-un-enseignement-agricole-qui-navigue-dans-le-brouillard-des-reformes-et-des-economies-budgetaires\\\/#article\",\"isPartOf\":{\"@id\":\"https:\\\/\\\/regions-snetap-fsu.fr\\\/pdl\\\/2018\\\/12\\\/27\\\/ctrea-20-decembre-2018-un-enseignement-agricole-qui-navigue-dans-le-brouillard-des-reformes-et-des-economies-budgetaires\\\/\"},\"author\":{\"name\":\"yvigner\",\"@id\":\"https:\\\/\\\/regions-snetap-fsu.fr\\\/pdl\\\/#\\\/schema\\\/person\\\/d4530af043f9e8d27bdd71c468ec93b1\"},\"headline\":\"CTREA 20 d\u00e9cembre 2018\u00a0: un enseignement agricole qui navigue dans le brouillard des r\u00e9formes et des \u00e9conomies budg\u00e9taires\",\"datePublished\":\"2018-12-27T21:31:16+00:00\",\"dateModified\":\"2019-01-05T21:48:59+00:00\",\"mainEntityOfPage\":{\"@id\":\"https:\\\/\\\/regions-snetap-fsu.fr\\\/pdl\\\/2018\\\/12\\\/27\\\/ctrea-20-decembre-2018-un-enseignement-agricole-qui-navigue-dans-le-brouillard-des-reformes-et-des-economies-budgetaires\\\/\"},\"wordCount\":998,\"publisher\":{\"@id\":\"https:\\\/\\\/regions-snetap-fsu.fr\\\/pdl\\\/#organization\"},\"articleSection\":[\"CSA-REA (ex CTREA)\"],\"inLanguage\":\"fr-FR\"},{\"@type\":\"WebPage\",\"@id\":\"https:\\\/\\\/regions-snetap-fsu.fr\\\/pdl\\\/2018\\\/12\\\/27\\\/ctrea-20-decembre-2018-un-enseignement-agricole-qui-navigue-dans-le-brouillard-des-reformes-et-des-economies-budgetaires\\\/\",\"url\":\"https:\\\/\\\/regions-snetap-fsu.fr\\\/pdl\\\/2018\\\/12\\\/27\\\/ctrea-20-decembre-2018-un-enseignement-agricole-qui-navigue-dans-le-brouillard-des-reformes-et-des-economies-budgetaires\\\/\",\"name\":\"CTREA 20 d\u00e9cembre 2018\u00a0: un enseignement agricole qui navigue dans le brouillard des r\u00e9formes et des \u00e9conomies budg\u00e9taires - PAYS DE LA LOIRE\",\"isPartOf\":{\"@id\":\"https:\\\/\\\/regions-snetap-fsu.fr\\\/pdl\\\/#website\"},\"datePublished\":\"2018-12-27T21:31:16+00:00\",\"dateModified\":\"2019-01-05T21:48:59+00:00\",\"breadcrumb\":{\"@id\":\"https:\\\/\\\/regions-snetap-fsu.fr\\\/pdl\\\/2018\\\/12\\\/27\\\/ctrea-20-decembre-2018-un-enseignement-agricole-qui-navigue-dans-le-brouillard-des-reformes-et-des-economies-budgetaires\\\/#breadcrumb\"},\"inLanguage\":\"fr-FR\",\"potentialAction\":[{\"@type\":\"ReadAction\",\"target\":[\"https:\\\/\\\/regions-snetap-fsu.fr\\\/pdl\\\/2018\\\/12\\\/27\\\/ctrea-20-decembre-2018-un-enseignement-agricole-qui-navigue-dans-le-brouillard-des-reformes-et-des-economies-budgetaires\\\/\"]}]},{\"@type\":\"BreadcrumbList\",\"@id\":\"https:\\\/\\\/regions-snetap-fsu.fr\\\/pdl\\\/2018\\\/12\\\/27\\\/ctrea-20-decembre-2018-un-enseignement-agricole-qui-navigue-dans-le-brouillard-des-reformes-et-des-economies-budgetaires\\\/#breadcrumb\",\"itemListElement\":[{\"@type\":\"ListItem\",\"position\":1,\"name\":\"Accueil\",\"item\":\"https:\\\/\\\/regions-snetap-fsu.fr\\\/pdl\\\/\"},{\"@type\":\"ListItem\",\"position\":2,\"name\":\"CTREA 20 d\u00e9cembre 2018\u00a0: un enseignement agricole qui navigue dans le brouillard des r\u00e9formes et des \u00e9conomies budg\u00e9taires\"}]},{\"@type\":\"WebSite\",\"@id\":\"https:\\\/\\\/regions-snetap-fsu.fr\\\/pdl\\\/#website\",\"url\":\"https:\\\/\\\/regions-snetap-fsu.fr\\\/pdl\\\/\",\"name\":\"SNETAP-FSU PAYS DE LA LOIRE\",\"description\":\"SECTION REGIONALE\",\"publisher\":{\"@id\":\"https:\\\/\\\/regions-snetap-fsu.fr\\\/pdl\\\/#organization\"},\"potentialAction\":[{\"@type\":\"SearchAction\",\"target\":{\"@type\":\"EntryPoint\",\"urlTemplate\":\"https:\\\/\\\/regions-snetap-fsu.fr\\\/pdl\\\/?s={search_term_string}\"},\"query-input\":{\"@type\":\"PropertyValueSpecification\",\"valueRequired\":true,\"valueName\":\"search_term_string\"}}],\"inLanguage\":\"fr-FR\"},{\"@type\":\"Organization\",\"@id\":\"https:\\\/\\\/regions-snetap-fsu.fr\\\/pdl\\\/#organization\",\"name\":\"SNETAP-FSU Pays de Loire\",\"url\":\"https:\\\/\\\/regions-snetap-fsu.fr\\\/pdl\\\/\",\"logo\":{\"@type\":\"ImageObject\",\"inLanguage\":\"fr-FR\",\"@id\":\"https:\\\/\\\/regions-snetap-fsu.fr\\\/pdl\\\/#\\\/schema\\\/logo\\\/image\\\/\",\"url\":\"https:\\\/\\\/regions-snetap-fsu.fr\\\/pdl\\\/wp-content\\\/uploads\\\/sites\\\/4\\\/2020\\\/12\\\/SNETAP-Logo.jpg\",\"contentUrl\":\"https:\\\/\\\/regions-snetap-fsu.fr\\\/pdl\\\/wp-content\\\/uploads\\\/sites\\\/4\\\/2020\\\/12\\\/SNETAP-Logo.jpg\",\"width\":464,\"height\":334,\"caption\":\"SNETAP-FSU Pays de Loire\"},\"image\":{\"@id\":\"https:\\\/\\\/regions-snetap-fsu.fr\\\/pdl\\\/#\\\/schema\\\/logo\\\/image\\\/\"}},{\"@type\":\"Person\",\"@id\":\"https:\\\/\\\/regions-snetap-fsu.fr\\\/pdl\\\/#\\\/schema\\\/person\\\/d4530af043f9e8d27bdd71c468ec93b1\",\"name\":\"yvigner\",\"image\":{\"@type\":\"ImageObject\",\"inLanguage\":\"fr-FR\",\"@id\":\"https:\\\/\\\/secure.gravatar.com\\\/avatar\\\/bc72baa6f2406549aecf77a837bc4f03dbe88472c1762138f868571430a23820?s=96&d=mm&r=g\",\"url\":\"https:\\\/\\\/secure.gravatar.com\\\/avatar\\\/bc72baa6f2406549aecf77a837bc4f03dbe88472c1762138f868571430a23820?s=96&d=mm&r=g\",\"contentUrl\":\"https:\\\/\\\/secure.gravatar.com\\\/avatar\\\/bc72baa6f2406549aecf77a837bc4f03dbe88472c1762138f868571430a23820?s=96&d=mm&r=g\",\"caption\":\"yvigner\"},\"url\":\"https:\\\/\\\/regions-snetap-fsu.fr\\\/pdl\\\/author\\\/yvigner\\\/\"}]}<\/script>\n<!-- \/ Yoast SEO plugin. -->","yoast_head_json":{"title":"CTREA 20 d\u00e9cembre 2018\u00a0: un enseignement agricole qui navigue dans le brouillard des r\u00e9formes et des \u00e9conomies budg\u00e9taires - PAYS DE LA LOIRE","robots":{"index":"index","follow":"follow","max-snippet":"max-snippet:-1","max-image-preview":"max-image-preview:large","max-video-preview":"max-video-preview:-1"},"canonical":"https:\/\/regions-snetap-fsu.fr\/pdl\/2018\/12\/27\/ctrea-20-decembre-2018-un-enseignement-agricole-qui-navigue-dans-le-brouillard-des-reformes-et-des-economies-budgetaires\/","og_locale":"fr_FR","og_type":"article","og_title":"CTREA 20 d\u00e9cembre 2018\u00a0: un enseignement agricole qui navigue dans le brouillard des r\u00e9formes et des \u00e9conomies budg\u00e9taires - PAYS DE LA LOIRE","og_description":"Trop de questions sans r\u00e9ponses&#8230; A la demande des \u00e9lus CGT-AGRI et SNETAP-FSU, s\u2019est tenu, le 20 d\u00e9cembre dernier, un comit\u00e9 technique r\u00e9gional \u00ab\u00a0exceptionnel\u00a0\u00bb au sujet des cartes scolaire et de sp\u00e9cialit\u00e9s pour la rentr\u00e9e 2019.\u00a0 Le travail militant et l\u2019union syndicale soutenus par les agents de l\u2019enseignement agricole public\u00a0: victoire de la liste FSU-CGT-SUD [&hellip;]","og_url":"https:\/\/regions-snetap-fsu.fr\/pdl\/2018\/12\/27\/ctrea-20-decembre-2018-un-enseignement-agricole-qui-navigue-dans-le-brouillard-des-reformes-et-des-economies-budgetaires\/","og_site_name":"PAYS DE LA LOIRE","article_published_time":"2018-12-27T21:31:16+00:00","article_modified_time":"2019-01-05T21:48:59+00:00","author":"yvigner","twitter_card":"summary_large_image","twitter_misc":{"\u00c9crit par":"yvigner","Dur\u00e9e de lecture estim\u00e9e":"5 minutes"},"schema":{"@context":"https:\/\/schema.org","@graph":[{"@type":"Article","@id":"https:\/\/regions-snetap-fsu.fr\/pdl\/2018\/12\/27\/ctrea-20-decembre-2018-un-enseignement-agricole-qui-navigue-dans-le-brouillard-des-reformes-et-des-economies-budgetaires\/#article","isPartOf":{"@id":"https:\/\/regions-snetap-fsu.fr\/pdl\/2018\/12\/27\/ctrea-20-decembre-2018-un-enseignement-agricole-qui-navigue-dans-le-brouillard-des-reformes-et-des-economies-budgetaires\/"},"author":{"name":"yvigner","@id":"https:\/\/regions-snetap-fsu.fr\/pdl\/#\/schema\/person\/d4530af043f9e8d27bdd71c468ec93b1"},"headline":"CTREA 20 d\u00e9cembre 2018\u00a0: un enseignement agricole qui navigue dans le brouillard des r\u00e9formes et des \u00e9conomies budg\u00e9taires","datePublished":"2018-12-27T21:31:16+00:00","dateModified":"2019-01-05T21:48:59+00:00","mainEntityOfPage":{"@id":"https:\/\/regions-snetap-fsu.fr\/pdl\/2018\/12\/27\/ctrea-20-decembre-2018-un-enseignement-agricole-qui-navigue-dans-le-brouillard-des-reformes-et-des-economies-budgetaires\/"},"wordCount":998,"publisher":{"@id":"https:\/\/regions-snetap-fsu.fr\/pdl\/#organization"},"articleSection":["CSA-REA (ex CTREA)"],"inLanguage":"fr-FR"},{"@type":"WebPage","@id":"https:\/\/regions-snetap-fsu.fr\/pdl\/2018\/12\/27\/ctrea-20-decembre-2018-un-enseignement-agricole-qui-navigue-dans-le-brouillard-des-reformes-et-des-economies-budgetaires\/","url":"https:\/\/regions-snetap-fsu.fr\/pdl\/2018\/12\/27\/ctrea-20-decembre-2018-un-enseignement-agricole-qui-navigue-dans-le-brouillard-des-reformes-et-des-economies-budgetaires\/","name":"CTREA 20 d\u00e9cembre 2018\u00a0: un enseignement agricole qui navigue dans le brouillard des r\u00e9formes et des \u00e9conomies budg\u00e9taires - PAYS DE LA LOIRE","isPartOf":{"@id":"https:\/\/regions-snetap-fsu.fr\/pdl\/#website"},"datePublished":"2018-12-27T21:31:16+00:00","dateModified":"2019-01-05T21:48:59+00:00","breadcrumb":{"@id":"https:\/\/regions-snetap-fsu.fr\/pdl\/2018\/12\/27\/ctrea-20-decembre-2018-un-enseignement-agricole-qui-navigue-dans-le-brouillard-des-reformes-et-des-economies-budgetaires\/#breadcrumb"},"inLanguage":"fr-FR","potentialAction":[{"@type":"ReadAction","target":["https:\/\/regions-snetap-fsu.fr\/pdl\/2018\/12\/27\/ctrea-20-decembre-2018-un-enseignement-agricole-qui-navigue-dans-le-brouillard-des-reformes-et-des-economies-budgetaires\/"]}]},{"@type":"BreadcrumbList","@id":"https:\/\/regions-snetap-fsu.fr\/pdl\/2018\/12\/27\/ctrea-20-decembre-2018-un-enseignement-agricole-qui-navigue-dans-le-brouillard-des-reformes-et-des-economies-budgetaires\/#breadcrumb","itemListElement":[{"@type":"ListItem","position":1,"name":"Accueil","item":"https:\/\/regions-snetap-fsu.fr\/pdl\/"},{"@type":"ListItem","position":2,"name":"CTREA 20 d\u00e9cembre 2018\u00a0: un enseignement agricole qui navigue dans le brouillard des r\u00e9formes et des \u00e9conomies budg\u00e9taires"}]},{"@type":"WebSite","@id":"https:\/\/regions-snetap-fsu.fr\/pdl\/#website","url":"https:\/\/regions-snetap-fsu.fr\/pdl\/","name":"SNETAP-FSU PAYS DE LA LOIRE","description":"SECTION REGIONALE","publisher":{"@id":"https:\/\/regions-snetap-fsu.fr\/pdl\/#organization"},"potentialAction":[{"@type":"SearchAction","target":{"@type":"EntryPoint","urlTemplate":"https:\/\/regions-snetap-fsu.fr\/pdl\/?s={search_term_string}"},"query-input":{"@type":"PropertyValueSpecification","valueRequired":true,"valueName":"search_term_string"}}],"inLanguage":"fr-FR"},{"@type":"Organization","@id":"https:\/\/regions-snetap-fsu.fr\/pdl\/#organization","name":"SNETAP-FSU Pays de Loire","url":"https:\/\/regions-snetap-fsu.fr\/pdl\/","logo":{"@type":"ImageObject","inLanguage":"fr-FR","@id":"https:\/\/regions-snetap-fsu.fr\/pdl\/#\/schema\/logo\/image\/","url":"https:\/\/regions-snetap-fsu.fr\/pdl\/wp-content\/uploads\/sites\/4\/2020\/12\/SNETAP-Logo.jpg","contentUrl":"https:\/\/regions-snetap-fsu.fr\/pdl\/wp-content\/uploads\/sites\/4\/2020\/12\/SNETAP-Logo.jpg","width":464,"height":334,"caption":"SNETAP-FSU Pays de Loire"},"image":{"@id":"https:\/\/regions-snetap-fsu.fr\/pdl\/#\/schema\/logo\/image\/"}},{"@type":"Person","@id":"https:\/\/regions-snetap-fsu.fr\/pdl\/#\/schema\/person\/d4530af043f9e8d27bdd71c468ec93b1","name":"yvigner","image":{"@type":"ImageObject","inLanguage":"fr-FR","@id":"https:\/\/secure.gravatar.com\/avatar\/bc72baa6f2406549aecf77a837bc4f03dbe88472c1762138f868571430a23820?s=96&d=mm&r=g","url":"https:\/\/secure.gravatar.com\/avatar\/bc72baa6f2406549aecf77a837bc4f03dbe88472c1762138f868571430a23820?s=96&d=mm&r=g","contentUrl":"https:\/\/secure.gravatar.com\/avatar\/bc72baa6f2406549aecf77a837bc4f03dbe88472c1762138f868571430a23820?s=96&d=mm&r=g","caption":"yvigner"},"url":"https:\/\/regions-snetap-fsu.fr\/pdl\/author\/yvigner\/"}]}},"_links":{"self":[{"href":"https:\/\/regions-snetap-fsu.fr\/pdl\/wp-json\/wp\/v2\/posts\/3153","targetHints":{"allow":["GET"]}}],"collection":[{"href":"https:\/\/regions-snetap-fsu.fr\/pdl\/wp-json\/wp\/v2\/posts"}],"about":[{"href":"https:\/\/regions-snetap-fsu.fr\/pdl\/wp-json\/wp\/v2\/types\/post"}],"author":[{"embeddable":true,"href":"https:\/\/regions-snetap-fsu.fr\/pdl\/wp-json\/wp\/v2\/users\/2"}],"replies":[{"embeddable":true,"href":"https:\/\/regions-snetap-fsu.fr\/pdl\/wp-json\/wp\/v2\/comments?post=3153"}],"version-history":[{"count":4,"href":"https:\/\/regions-snetap-fsu.fr\/pdl\/wp-json\/wp\/v2\/posts\/3153\/revisions"}],"predecessor-version":[{"id":3157,"href":"https:\/\/regions-snetap-fsu.fr\/pdl\/wp-json\/wp\/v2\/posts\/3153\/revisions\/3157"}],"wp:attachment":[{"href":"https:\/\/regions-snetap-fsu.fr\/pdl\/wp-json\/wp\/v2\/media?parent=3153"}],"wp:term":[{"taxonomy":"category","embeddable":true,"href":"https:\/\/regions-snetap-fsu.fr\/pdl\/wp-json\/wp\/v2\/categories?post=3153"},{"taxonomy":"post_tag","embeddable":true,"href":"https:\/\/regions-snetap-fsu.fr\/pdl\/wp-json\/wp\/v2\/tags?post=3153"},{"taxonomy":"post_folder","embeddable":true,"href":"https:\/\/regions-snetap-fsu.fr\/pdl\/wp-json\/wp\/v2\/post_folder?post=3153"}],"curies":[{"name":"wp","href":"https:\/\/api.w.org\/{rel}","templated":true}]}}