{"id":3141,"date":"2018-12-12T20:42:30","date_gmt":"2018-12-12T19:42:30","guid":{"rendered":"https:\/\/regions-snetap-fsu.fr\/pdl\/?p=3141"},"modified":"2018-12-12T20:42:30","modified_gmt":"2018-12-12T19:42:30","slug":"urgence-sociale-et-educative-continuons-collectivement-a-exiger-de-vraies-reponses","status":"publish","type":"post","link":"https:\/\/regions-snetap-fsu.fr\/pdl\/2018\/12\/12\/urgence-sociale-et-educative-continuons-collectivement-a-exiger-de-vraies-reponses\/","title":{"rendered":"URGENCE SOCIALE ET EDUCATIVE Continuons collectivement \u00e0 exiger de vraies r\u00e9ponses\u00a0"},"content":{"rendered":"<p align=\"justify\"><span style=\"font-family: Arial, sans-serif;\">Pour le SNETAP, comme pour la FSU, les annonces du Pr\u00e9sident de la R\u00e9publique, cens\u00e9es r\u00e9pondre \u00e0 la crise sociale profonde que conna\u00eet le pays, <b>ne sont pas \u00e0 la hauteur des attentes des fran\u00e7ais mobilis\u00e9s contre les in\u00e9galit\u00e9s sociales et territoriales<\/b> depuis bient\u00f4t un mois.<\/span><\/p>\n<p align=\"justify\"><span style=\"font-family: Arial, sans-serif;\"><b>Ces annonces bafouent la Fonction Publique<\/b> et ses agent.es, en annon\u00e7ant une r\u00e9forme de l&rsquo;Etat et du service public dans le seul objectif \u00e9vident de la seule r\u00e9duction de la d\u00e9pense publique.<\/span><\/p>\n<p align=\"justify\"><span style=\"font-family: Arial, sans-serif;\"><span style=\"font-size: medium;\"><b>Elles m\u00e9prisent la jeunesse<\/b> pourtant mobilis\u00e9e contre les r\u00e9formes \u00e9ducatives qui hypoth\u00e8quent leur avenir. <b>Le SNETAP-FSU d\u00e9nonce les violences polici\u00e8res \u00e0 l&rsquo;encontre des lyc\u00e9en.nes et \u00e9tudiant.es<\/b> et exige le respect de leur droit d\u2019expression et de manifestation.<\/span><\/span><\/p>\n<p align=\"justify\"><span style=\"font-family: Arial, sans-serif;\"><span style=\"font-size: medium;\">Enfin <\/span><span style=\"font-size: medium;\"><b>elles ignorent les questions environnementales et l&rsquo;urgence climatique<\/b><\/span><span style=\"font-size: medium;\"> alors que c&rsquo;est au travers de ce prisme que doivent \u00eatre repens\u00e9e les nouvelles alternatives socio-\u00e9con<\/span>omiques.<\/span><\/p>\n<p align=\"justify\"><span style=\"font-family: Arial, sans-serif;\"><br \/>\n<span style=\"color: #ff0000;\"><b>C&rsquo;est pourquoi le SNETAP, avec la FSU, appelle les personnels de l\u2019Enseignement Agricole Public \u00e0 construire des initiatives d&rsquo;action et participer \u00e0 toutes celles qui s&rsquo;organisent de mani\u00e8re unitaire large dans le cadre de la <\/b><\/span><span style=\"color: #ff0000;\"><u><b>journ\u00e9e d&rsquo;action du 14 d\u00e9cembre<\/b><\/u><\/span><span style=\"color: #ff0000;\"><b> (gr\u00e8ve, rassemblements, manifestations, AG avec les personnels\u2026).<\/b><\/span><\/span><\/p>\n<p align=\"justify\"><span style=\"font-family: Arial, sans-serif;\">C&rsquo;est en ce sens que le SNETAP-FSU pour le Minist\u00e8re de l&rsquo;Agriculture, et le SNUTER-FSU pour la Fonction Publique Territoriale, ont d\u00e9pos\u00e9 un pr\u00e9avis de gr\u00e8ve jusqu&rsquo;aux vacances de fin d&rsquo;ann\u00e9e, afin de permettre de couvrir les personnels qui d\u00e9cideront de s&rsquo;engager dans les diff\u00e9rentes initiatives locales engag\u00e9es comme \u00e0 venir.<\/span><\/p>\n<p align=\"justify\"><span style=\"font-family: Arial, sans-serif;\"><br \/>\n<b>Le SNETAP-FSU invite par ailleurs ses sections locales \u00e0 r\u00e9unir des Assembl\u00e9es G\u00e9n\u00e9rales, de fa\u00e7on unitaire partout o\u00f9 sera possible, et \u00e0 s&rsquo;investir dans les collectifs locaux en cours de constitution, en lien avec les mouvements lyc\u00e9ens. <\/b><\/span><\/p>\n<p align=\"right\"><span style=\"font-family: Arial, sans-serif;\">Paris, le 12 d\u00e9cembre 2018<\/span><\/p>\n<p align=\"right\"><span style=\"font-family: Arial, sans-serif;\">Le Bureau National du SNETAP-FSU<\/span><\/p>\n","protected":false},"excerpt":{"rendered":"<p>Pour le SNETAP, comme pour la FSU, les annonces du Pr\u00e9sident de la R\u00e9publique, cens\u00e9es r\u00e9pondre \u00e0 la crise sociale profonde que conna\u00eet le pays, ne sont pas \u00e0 la hauteur des attentes des fran\u00e7ais mobilis\u00e9s contre les in\u00e9galit\u00e9s sociales et territoriales depuis bient\u00f4t un mois. Ces annonces bafouent la Fonction Publique et ses agent.es, [&hellip;]<\/p>\n","protected":false},"author":2,"featured_media":0,"comment_status":"closed","ping_status":"closed","sticky":false,"template":"","format":"standard","meta":{"ocean_post_layout":"","ocean_both_sidebars_style":"","ocean_both_sidebars_content_width":0,"ocean_both_sidebars_sidebars_width":0,"ocean_sidebar":"","ocean_second_sidebar":"","ocean_disable_margins":"enable","ocean_add_body_class":"","ocean_shortcode_before_top_bar":"","ocean_shortcode_after_top_bar":"","ocean_shortcode_before_header":"","ocean_shortcode_after_header":"","ocean_has_shortcode":"","ocean_shortcode_after_title":"","ocean_shortcode_before_footer_widgets":"","ocean_shortcode_after_footer_widgets":"","ocean_shortcode_before_footer_bottom":"","ocean_shortcode_after_footer_bottom":"","ocean_display_top_bar":"default","ocean_display_header":"default","ocean_header_style":"","ocean_center_header_left_menu":"","ocean_custom_header_template":"","ocean_custom_logo":0,"ocean_custom_retina_logo":0,"ocean_custom_logo_max_width":0,"ocean_custom_logo_tablet_max_width":0,"ocean_custom_logo_mobile_max_width":0,"ocean_custom_logo_max_height":0,"ocean_custom_logo_tablet_max_height":0,"ocean_custom_logo_mobile_max_height":0,"ocean_header_custom_menu":"","ocean_menu_typo_font_family":"","ocean_menu_typo_font_subset":"","ocean_menu_typo_font_size":0,"ocean_menu_typo_font_size_tablet":0,"ocean_menu_typo_font_size_mobile":0,"ocean_menu_typo_font_size_unit":"px","ocean_menu_typo_font_weight":"","ocean_menu_typo_font_weight_tablet":"","ocean_menu_typo_font_weight_mobile":"","ocean_menu_typo_transform":"","ocean_menu_typo_transform_tablet":"","ocean_menu_typo_transform_mobile":"","ocean_menu_typo_line_height":0,"ocean_menu_typo_line_height_tablet":0,"ocean_menu_typo_line_height_mobile":0,"ocean_menu_typo_line_height_unit":"","ocean_menu_typo_spacing":0,"ocean_menu_typo_spacing_tablet":0,"ocean_menu_typo_spacing_mobile":0,"ocean_menu_typo_spacing_unit":"","ocean_menu_link_color":"","ocean_menu_link_color_hover":"","ocean_menu_link_color_active":"","ocean_menu_link_background":"","ocean_menu_link_hover_background":"","ocean_menu_link_active_background":"","ocean_menu_social_links_bg":"","ocean_menu_social_hover_links_bg":"","ocean_menu_social_links_color":"","ocean_menu_social_hover_links_color":"","ocean_disable_title":"default","ocean_disable_heading":"default","ocean_post_title":"","ocean_post_subheading":"","ocean_post_title_style":"","ocean_post_title_background_color":"","ocean_post_title_background":0,"ocean_post_title_bg_image_position":"","ocean_post_title_bg_image_attachment":"","ocean_post_title_bg_image_repeat":"","ocean_post_title_bg_image_size":"","ocean_post_title_height":0,"ocean_post_title_bg_overlay":0.5,"ocean_post_title_bg_overlay_color":"","ocean_disable_breadcrumbs":"default","ocean_breadcrumbs_color":"","ocean_breadcrumbs_separator_color":"","ocean_breadcrumbs_links_color":"","ocean_breadcrumbs_links_hover_color":"","ocean_display_footer_widgets":"default","ocean_display_footer_bottom":"default","ocean_custom_footer_template":"","ocean_post_oembed":"","ocean_post_self_hosted_media":"","ocean_post_video_embed":"","ocean_link_format":"","ocean_link_format_target":"self","ocean_quote_format":"","ocean_quote_format_link":"post","ocean_gallery_link_images":"on","ocean_gallery_id":[],"footnotes":""},"categories":[28],"tags":[],"post_folder":[],"class_list":["post-3141","post","type-post","status-publish","format-standard","hentry","category-actions-regionales","entry"],"yoast_head":"<!-- This site is optimized with the Yoast SEO plugin v27.4 - https:\/\/yoast.com\/product\/yoast-seo-wordpress\/ -->\n<title>URGENCE SOCIALE ET EDUCATIVE Continuons collectivement \u00e0 exiger de vraies r\u00e9ponses\u00a0 - PAYS DE LA LOIRE<\/title>\n<meta name=\"robots\" content=\"index, follow, max-snippet:-1, max-image-preview:large, max-video-preview:-1\" \/>\n<link rel=\"canonical\" href=\"https:\/\/regions-snetap-fsu.fr\/pdl\/2018\/12\/12\/urgence-sociale-et-educative-continuons-collectivement-a-exiger-de-vraies-reponses\/\" \/>\n<meta property=\"og:locale\" content=\"fr_FR\" \/>\n<meta property=\"og:type\" content=\"article\" \/>\n<meta property=\"og:title\" content=\"URGENCE SOCIALE ET EDUCATIVE Continuons collectivement \u00e0 exiger de vraies r\u00e9ponses\u00a0 - PAYS DE LA LOIRE\" \/>\n<meta property=\"og:description\" content=\"Pour le SNETAP, comme pour la FSU, les annonces du Pr\u00e9sident de la R\u00e9publique, cens\u00e9es r\u00e9pondre \u00e0 la crise sociale profonde que conna\u00eet le pays, ne sont pas \u00e0 la hauteur des attentes des fran\u00e7ais mobilis\u00e9s contre les in\u00e9galit\u00e9s sociales et territoriales depuis bient\u00f4t un mois. Ces annonces bafouent la Fonction Publique et ses agent.es, [&hellip;]\" \/>\n<meta property=\"og:url\" content=\"https:\/\/regions-snetap-fsu.fr\/pdl\/2018\/12\/12\/urgence-sociale-et-educative-continuons-collectivement-a-exiger-de-vraies-reponses\/\" \/>\n<meta property=\"og:site_name\" content=\"PAYS DE LA LOIRE\" \/>\n<meta property=\"article:published_time\" content=\"2018-12-12T19:42:30+00:00\" \/>\n<meta name=\"author\" content=\"yvigner\" \/>\n<meta name=\"twitter:card\" content=\"summary_large_image\" \/>\n<meta name=\"twitter:label1\" content=\"\u00c9crit par\" \/>\n\t<meta name=\"twitter:data1\" content=\"yvigner\" \/>\n\t<meta name=\"twitter:label2\" content=\"Dur\u00e9e de lecture estim\u00e9e\" \/>\n\t<meta name=\"twitter:data2\" content=\"2 minutes\" \/>\n<script type=\"application\/ld+json\" class=\"yoast-schema-graph\">{\"@context\":\"https:\\\/\\\/schema.org\",\"@graph\":[{\"@type\":\"Article\",\"@id\":\"https:\\\/\\\/regions-snetap-fsu.fr\\\/pdl\\\/2018\\\/12\\\/12\\\/urgence-sociale-et-educative-continuons-collectivement-a-exiger-de-vraies-reponses\\\/#article\",\"isPartOf\":{\"@id\":\"https:\\\/\\\/regions-snetap-fsu.fr\\\/pdl\\\/2018\\\/12\\\/12\\\/urgence-sociale-et-educative-continuons-collectivement-a-exiger-de-vraies-reponses\\\/\"},\"author\":{\"name\":\"yvigner\",\"@id\":\"https:\\\/\\\/regions-snetap-fsu.fr\\\/pdl\\\/#\\\/schema\\\/person\\\/d4530af043f9e8d27bdd71c468ec93b1\"},\"headline\":\"URGENCE SOCIALE ET EDUCATIVE Continuons collectivement \u00e0 exiger de vraies r\u00e9ponses\u00a0\",\"datePublished\":\"2018-12-12T19:42:30+00:00\",\"mainEntityOfPage\":{\"@id\":\"https:\\\/\\\/regions-snetap-fsu.fr\\\/pdl\\\/2018\\\/12\\\/12\\\/urgence-sociale-et-educative-continuons-collectivement-a-exiger-de-vraies-reponses\\\/\"},\"wordCount\":346,\"publisher\":{\"@id\":\"https:\\\/\\\/regions-snetap-fsu.fr\\\/pdl\\\/#organization\"},\"articleSection\":[\"Actions r\u00e9gionales\"],\"inLanguage\":\"fr-FR\"},{\"@type\":\"WebPage\",\"@id\":\"https:\\\/\\\/regions-snetap-fsu.fr\\\/pdl\\\/2018\\\/12\\\/12\\\/urgence-sociale-et-educative-continuons-collectivement-a-exiger-de-vraies-reponses\\\/\",\"url\":\"https:\\\/\\\/regions-snetap-fsu.fr\\\/pdl\\\/2018\\\/12\\\/12\\\/urgence-sociale-et-educative-continuons-collectivement-a-exiger-de-vraies-reponses\\\/\",\"name\":\"URGENCE SOCIALE ET EDUCATIVE Continuons collectivement \u00e0 exiger de vraies r\u00e9ponses\u00a0 - PAYS DE LA LOIRE\",\"isPartOf\":{\"@id\":\"https:\\\/\\\/regions-snetap-fsu.fr\\\/pdl\\\/#website\"},\"datePublished\":\"2018-12-12T19:42:30+00:00\",\"breadcrumb\":{\"@id\":\"https:\\\/\\\/regions-snetap-fsu.fr\\\/pdl\\\/2018\\\/12\\\/12\\\/urgence-sociale-et-educative-continuons-collectivement-a-exiger-de-vraies-reponses\\\/#breadcrumb\"},\"inLanguage\":\"fr-FR\",\"potentialAction\":[{\"@type\":\"ReadAction\",\"target\":[\"https:\\\/\\\/regions-snetap-fsu.fr\\\/pdl\\\/2018\\\/12\\\/12\\\/urgence-sociale-et-educative-continuons-collectivement-a-exiger-de-vraies-reponses\\\/\"]}]},{\"@type\":\"BreadcrumbList\",\"@id\":\"https:\\\/\\\/regions-snetap-fsu.fr\\\/pdl\\\/2018\\\/12\\\/12\\\/urgence-sociale-et-educative-continuons-collectivement-a-exiger-de-vraies-reponses\\\/#breadcrumb\",\"itemListElement\":[{\"@type\":\"ListItem\",\"position\":1,\"name\":\"Accueil\",\"item\":\"https:\\\/\\\/regions-snetap-fsu.fr\\\/pdl\\\/\"},{\"@type\":\"ListItem\",\"position\":2,\"name\":\"URGENCE SOCIALE ET EDUCATIVE Continuons collectivement \u00e0 exiger de vraies r\u00e9ponses\u00a0\"}]},{\"@type\":\"WebSite\",\"@id\":\"https:\\\/\\\/regions-snetap-fsu.fr\\\/pdl\\\/#website\",\"url\":\"https:\\\/\\\/regions-snetap-fsu.fr\\\/pdl\\\/\",\"name\":\"SNETAP-FSU PAYS DE LA LOIRE\",\"description\":\"SECTION REGIONALE\",\"publisher\":{\"@id\":\"https:\\\/\\\/regions-snetap-fsu.fr\\\/pdl\\\/#organization\"},\"potentialAction\":[{\"@type\":\"SearchAction\",\"target\":{\"@type\":\"EntryPoint\",\"urlTemplate\":\"https:\\\/\\\/regions-snetap-fsu.fr\\\/pdl\\\/?s={search_term_string}\"},\"query-input\":{\"@type\":\"PropertyValueSpecification\",\"valueRequired\":true,\"valueName\":\"search_term_string\"}}],\"inLanguage\":\"fr-FR\"},{\"@type\":\"Organization\",\"@id\":\"https:\\\/\\\/regions-snetap-fsu.fr\\\/pdl\\\/#organization\",\"name\":\"SNETAP-FSU Pays de Loire\",\"url\":\"https:\\\/\\\/regions-snetap-fsu.fr\\\/pdl\\\/\",\"logo\":{\"@type\":\"ImageObject\",\"inLanguage\":\"fr-FR\",\"@id\":\"https:\\\/\\\/regions-snetap-fsu.fr\\\/pdl\\\/#\\\/schema\\\/logo\\\/image\\\/\",\"url\":\"https:\\\/\\\/regions-snetap-fsu.fr\\\/pdl\\\/wp-content\\\/uploads\\\/sites\\\/4\\\/2020\\\/12\\\/SNETAP-Logo.jpg\",\"contentUrl\":\"https:\\\/\\\/regions-snetap-fsu.fr\\\/pdl\\\/wp-content\\\/uploads\\\/sites\\\/4\\\/2020\\\/12\\\/SNETAP-Logo.jpg\",\"width\":464,\"height\":334,\"caption\":\"SNETAP-FSU Pays de Loire\"},\"image\":{\"@id\":\"https:\\\/\\\/regions-snetap-fsu.fr\\\/pdl\\\/#\\\/schema\\\/logo\\\/image\\\/\"}},{\"@type\":\"Person\",\"@id\":\"https:\\\/\\\/regions-snetap-fsu.fr\\\/pdl\\\/#\\\/schema\\\/person\\\/d4530af043f9e8d27bdd71c468ec93b1\",\"name\":\"yvigner\",\"image\":{\"@type\":\"ImageObject\",\"inLanguage\":\"fr-FR\",\"@id\":\"https:\\\/\\\/secure.gravatar.com\\\/avatar\\\/bc72baa6f2406549aecf77a837bc4f03dbe88472c1762138f868571430a23820?s=96&d=mm&r=g\",\"url\":\"https:\\\/\\\/secure.gravatar.com\\\/avatar\\\/bc72baa6f2406549aecf77a837bc4f03dbe88472c1762138f868571430a23820?s=96&d=mm&r=g\",\"contentUrl\":\"https:\\\/\\\/secure.gravatar.com\\\/avatar\\\/bc72baa6f2406549aecf77a837bc4f03dbe88472c1762138f868571430a23820?s=96&d=mm&r=g\",\"caption\":\"yvigner\"},\"url\":\"https:\\\/\\\/regions-snetap-fsu.fr\\\/pdl\\\/author\\\/yvigner\\\/\"}]}<\/script>\n<!-- \/ Yoast SEO plugin. -->","yoast_head_json":{"title":"URGENCE SOCIALE ET EDUCATIVE Continuons collectivement \u00e0 exiger de vraies r\u00e9ponses\u00a0 - PAYS DE LA LOIRE","robots":{"index":"index","follow":"follow","max-snippet":"max-snippet:-1","max-image-preview":"max-image-preview:large","max-video-preview":"max-video-preview:-1"},"canonical":"https:\/\/regions-snetap-fsu.fr\/pdl\/2018\/12\/12\/urgence-sociale-et-educative-continuons-collectivement-a-exiger-de-vraies-reponses\/","og_locale":"fr_FR","og_type":"article","og_title":"URGENCE SOCIALE ET EDUCATIVE Continuons collectivement \u00e0 exiger de vraies r\u00e9ponses\u00a0 - PAYS DE LA LOIRE","og_description":"Pour le SNETAP, comme pour la FSU, les annonces du Pr\u00e9sident de la R\u00e9publique, cens\u00e9es r\u00e9pondre \u00e0 la crise sociale profonde que conna\u00eet le pays, ne sont pas \u00e0 la hauteur des attentes des fran\u00e7ais mobilis\u00e9s contre les in\u00e9galit\u00e9s sociales et territoriales depuis bient\u00f4t un mois. Ces annonces bafouent la Fonction Publique et ses agent.es, [&hellip;]","og_url":"https:\/\/regions-snetap-fsu.fr\/pdl\/2018\/12\/12\/urgence-sociale-et-educative-continuons-collectivement-a-exiger-de-vraies-reponses\/","og_site_name":"PAYS DE LA LOIRE","article_published_time":"2018-12-12T19:42:30+00:00","author":"yvigner","twitter_card":"summary_large_image","twitter_misc":{"\u00c9crit par":"yvigner","Dur\u00e9e de lecture estim\u00e9e":"2 minutes"},"schema":{"@context":"https:\/\/schema.org","@graph":[{"@type":"Article","@id":"https:\/\/regions-snetap-fsu.fr\/pdl\/2018\/12\/12\/urgence-sociale-et-educative-continuons-collectivement-a-exiger-de-vraies-reponses\/#article","isPartOf":{"@id":"https:\/\/regions-snetap-fsu.fr\/pdl\/2018\/12\/12\/urgence-sociale-et-educative-continuons-collectivement-a-exiger-de-vraies-reponses\/"},"author":{"name":"yvigner","@id":"https:\/\/regions-snetap-fsu.fr\/pdl\/#\/schema\/person\/d4530af043f9e8d27bdd71c468ec93b1"},"headline":"URGENCE SOCIALE ET EDUCATIVE Continuons collectivement \u00e0 exiger de vraies r\u00e9ponses\u00a0","datePublished":"2018-12-12T19:42:30+00:00","mainEntityOfPage":{"@id":"https:\/\/regions-snetap-fsu.fr\/pdl\/2018\/12\/12\/urgence-sociale-et-educative-continuons-collectivement-a-exiger-de-vraies-reponses\/"},"wordCount":346,"publisher":{"@id":"https:\/\/regions-snetap-fsu.fr\/pdl\/#organization"},"articleSection":["Actions r\u00e9gionales"],"inLanguage":"fr-FR"},{"@type":"WebPage","@id":"https:\/\/regions-snetap-fsu.fr\/pdl\/2018\/12\/12\/urgence-sociale-et-educative-continuons-collectivement-a-exiger-de-vraies-reponses\/","url":"https:\/\/regions-snetap-fsu.fr\/pdl\/2018\/12\/12\/urgence-sociale-et-educative-continuons-collectivement-a-exiger-de-vraies-reponses\/","name":"URGENCE SOCIALE ET EDUCATIVE Continuons collectivement \u00e0 exiger de vraies r\u00e9ponses\u00a0 - PAYS DE LA LOIRE","isPartOf":{"@id":"https:\/\/regions-snetap-fsu.fr\/pdl\/#website"},"datePublished":"2018-12-12T19:42:30+00:00","breadcrumb":{"@id":"https:\/\/regions-snetap-fsu.fr\/pdl\/2018\/12\/12\/urgence-sociale-et-educative-continuons-collectivement-a-exiger-de-vraies-reponses\/#breadcrumb"},"inLanguage":"fr-FR","potentialAction":[{"@type":"ReadAction","target":["https:\/\/regions-snetap-fsu.fr\/pdl\/2018\/12\/12\/urgence-sociale-et-educative-continuons-collectivement-a-exiger-de-vraies-reponses\/"]}]},{"@type":"BreadcrumbList","@id":"https:\/\/regions-snetap-fsu.fr\/pdl\/2018\/12\/12\/urgence-sociale-et-educative-continuons-collectivement-a-exiger-de-vraies-reponses\/#breadcrumb","itemListElement":[{"@type":"ListItem","position":1,"name":"Accueil","item":"https:\/\/regions-snetap-fsu.fr\/pdl\/"},{"@type":"ListItem","position":2,"name":"URGENCE SOCIALE ET EDUCATIVE Continuons collectivement \u00e0 exiger de vraies r\u00e9ponses\u00a0"}]},{"@type":"WebSite","@id":"https:\/\/regions-snetap-fsu.fr\/pdl\/#website","url":"https:\/\/regions-snetap-fsu.fr\/pdl\/","name":"SNETAP-FSU PAYS DE LA LOIRE","description":"SECTION REGIONALE","publisher":{"@id":"https:\/\/regions-snetap-fsu.fr\/pdl\/#organization"},"potentialAction":[{"@type":"SearchAction","target":{"@type":"EntryPoint","urlTemplate":"https:\/\/regions-snetap-fsu.fr\/pdl\/?s={search_term_string}"},"query-input":{"@type":"PropertyValueSpecification","valueRequired":true,"valueName":"search_term_string"}}],"inLanguage":"fr-FR"},{"@type":"Organization","@id":"https:\/\/regions-snetap-fsu.fr\/pdl\/#organization","name":"SNETAP-FSU Pays de Loire","url":"https:\/\/regions-snetap-fsu.fr\/pdl\/","logo":{"@type":"ImageObject","inLanguage":"fr-FR","@id":"https:\/\/regions-snetap-fsu.fr\/pdl\/#\/schema\/logo\/image\/","url":"https:\/\/regions-snetap-fsu.fr\/pdl\/wp-content\/uploads\/sites\/4\/2020\/12\/SNETAP-Logo.jpg","contentUrl":"https:\/\/regions-snetap-fsu.fr\/pdl\/wp-content\/uploads\/sites\/4\/2020\/12\/SNETAP-Logo.jpg","width":464,"height":334,"caption":"SNETAP-FSU Pays de Loire"},"image":{"@id":"https:\/\/regions-snetap-fsu.fr\/pdl\/#\/schema\/logo\/image\/"}},{"@type":"Person","@id":"https:\/\/regions-snetap-fsu.fr\/pdl\/#\/schema\/person\/d4530af043f9e8d27bdd71c468ec93b1","name":"yvigner","image":{"@type":"ImageObject","inLanguage":"fr-FR","@id":"https:\/\/secure.gravatar.com\/avatar\/bc72baa6f2406549aecf77a837bc4f03dbe88472c1762138f868571430a23820?s=96&d=mm&r=g","url":"https:\/\/secure.gravatar.com\/avatar\/bc72baa6f2406549aecf77a837bc4f03dbe88472c1762138f868571430a23820?s=96&d=mm&r=g","contentUrl":"https:\/\/secure.gravatar.com\/avatar\/bc72baa6f2406549aecf77a837bc4f03dbe88472c1762138f868571430a23820?s=96&d=mm&r=g","caption":"yvigner"},"url":"https:\/\/regions-snetap-fsu.fr\/pdl\/author\/yvigner\/"}]}},"_links":{"self":[{"href":"https:\/\/regions-snetap-fsu.fr\/pdl\/wp-json\/wp\/v2\/posts\/3141","targetHints":{"allow":["GET"]}}],"collection":[{"href":"https:\/\/regions-snetap-fsu.fr\/pdl\/wp-json\/wp\/v2\/posts"}],"about":[{"href":"https:\/\/regions-snetap-fsu.fr\/pdl\/wp-json\/wp\/v2\/types\/post"}],"author":[{"embeddable":true,"href":"https:\/\/regions-snetap-fsu.fr\/pdl\/wp-json\/wp\/v2\/users\/2"}],"replies":[{"embeddable":true,"href":"https:\/\/regions-snetap-fsu.fr\/pdl\/wp-json\/wp\/v2\/comments?post=3141"}],"version-history":[{"count":1,"href":"https:\/\/regions-snetap-fsu.fr\/pdl\/wp-json\/wp\/v2\/posts\/3141\/revisions"}],"predecessor-version":[{"id":3142,"href":"https:\/\/regions-snetap-fsu.fr\/pdl\/wp-json\/wp\/v2\/posts\/3141\/revisions\/3142"}],"wp:attachment":[{"href":"https:\/\/regions-snetap-fsu.fr\/pdl\/wp-json\/wp\/v2\/media?parent=3141"}],"wp:term":[{"taxonomy":"category","embeddable":true,"href":"https:\/\/regions-snetap-fsu.fr\/pdl\/wp-json\/wp\/v2\/categories?post=3141"},{"taxonomy":"post_tag","embeddable":true,"href":"https:\/\/regions-snetap-fsu.fr\/pdl\/wp-json\/wp\/v2\/tags?post=3141"},{"taxonomy":"post_folder","embeddable":true,"href":"https:\/\/regions-snetap-fsu.fr\/pdl\/wp-json\/wp\/v2\/post_folder?post=3141"}],"curies":[{"name":"wp","href":"https:\/\/api.w.org\/{rel}","templated":true}]}}