{"id":3109,"date":"2018-12-07T16:54:23","date_gmt":"2018-12-07T15:54:23","guid":{"rendered":"https:\/\/regions-snetap-fsu.fr\/pdl\/?p=3109"},"modified":"2020-11-10T00:11:53","modified_gmt":"2020-11-09T23:11:53","slug":"non-respect-des-grilles-horaires-au-legta-bel-air","status":"publish","type":"post","link":"https:\/\/regions-snetap-fsu.fr\/pdl\/2018\/12\/07\/non-respect-des-grilles-horaires-au-legta-bel-air\/","title":{"rendered":"Non respect des grilles horaires au LEGTA Bel Air ! Cela doit cesser !"},"content":{"rendered":"\r\n<p>Voici le texte que la section r\u00e9gionale du SNETAP-FSU et la section locale de Fontenay le Comte viennent d&rsquo;envoyer \u00e0 la DGER.\u00a0<\/p>\r\n\r\n\r\n\r\n<p>&nbsp;<\/p>\r\n\r\n\r\n\r\n<p>&nbsp;<\/p>\r\n\r\n\r\n\r\n<p style=\"text-align: right;\">A Monsieur le Directeur G\u00e9n\u00e9ral<\/p>\r\n\r\n\r\n\r\n<p style=\"text-align: right;\">A Fontenay le Comte, le 6 d\u00e9cembre 2018<\/p>\r\n\r\n\r\n\r\n<p>Monsieur le Directeur G\u00e9n\u00e9ral,<\/p>\r\n\r\n\r\n\r\n<p style=\"text-align: justify;\">Suite \u00e0 la r\u00e9ponse de Monsieur le Chef du SRFD des Pays de la Loire, en date du 24 novembre 2018 \u00e0 un courrier de notre part du 27 septembre (courriers en pi\u00e8ces jointes), nous nous permettons de porter \u00e0 votre connaissance la situation suivante qui concerne les conditions d&rsquo;enseignement en classe de 1\u00e8re STAV du lyc\u00e9e agricole de Fontenay le Comte.<\/p>\r\n\r\n\r\n\r\n<p style=\"text-align: justify;\">Ainsi depuis la rentr\u00e9e, nous accueillons dans cette classe plus de 16 \u00e9l\u00e8ves (18 en l\u2019occurrence). Cependant, pour les enseignements d&rsquo;informatique du module M4, il nous est impossible de d\u00e9doubler la classe et ainsi de r\u00e9aliser des travaux pratiques de qualit\u00e9 dans l&rsquo;\u00e9tablissement. La Directrice adjointe de l&rsquo;\u00e9tablissement a, en effet, refus\u00e9 d&rsquo;inscrire sur la fiche de service de l\u2019enseignant concern\u00e9 (M.MATHIEU) le d\u00e9doublement r\u00e9glementaire.<\/p>\r\n\r\n\r\n\r\n<p style=\"text-align: justify;\">Pourtant l&rsquo;Arr\u00eat\u00e9 du 26 f\u00e9vrier 2013 fixant les grilles horaires de la s\u00e9rie STAV \u00ab\u00a0<strong>sciences et technologies de l&rsquo;agronomie et du vivant : agronomie,alimentation, environnement, territoires<\/strong>\u00ab\u00a0du baccalaur\u00e9at technologique pr\u00e9par\u00e9 dans les lyc\u00e9es d&rsquo;enseignement g\u00e9n\u00e9ral et technologique agricole\u00a0(JO du 7 mars 2013) pr\u00e9voit bien un seuil de d\u00e9doublement \u00e0 partir de 16 \u00e9l\u00e8ves pour les cours d\u2019informatique (pour l\u2019EIL SMR, il s\u2019agit de l\u2019annexe D qui constitue la grille horaire).Et selon son article 5, c\u2019est vous, Monsieur le Directeur G\u00e9n\u00e9ral,qui \u00eates charg\u00e9 de l&rsquo;ex\u00e9cution du pr\u00e9sent arr\u00eat\u00e9.<\/p>\r\n\r\n\r\n\r\n<p style=\"text-align: justify;\">Comment une administration r\u00e9gionale, locale peut-elle ne pas respecter des textes r\u00e9glementaires\u00a0?<\/p>\r\n\r\n\r\n\r\n<p style=\"text-align: justify;\">Par ce courrier, nous sollicitons de la part des services de la DGER, un arbitrage et\/ou une attribution de moyens de DGH suppl\u00e9mentaires afin de pouvoir r\u00e9aliser le d\u00e9doublement n\u00e9cessaire. Il est important que les conditions d&rsquo;apprentissage et d&rsquo;enseignement pour les \u00e9l\u00e8ves de la fili\u00e8re STAV soient conformes aux arr\u00eat\u00e9s.<\/p>\r\n\r\n\r\n\r\n<p style=\"text-align: justify;\">Dans l&rsquo;attente de votre r\u00e9ponse, que nous esp\u00e9rons positive, veuillez croire Monsieur le Directeur G\u00e9n\u00e9ral, en notre d\u00e9vouement le plus sinc\u00e8re pour l&rsquo;enseignement agricole public.<\/p>\r\n\r\n\r\n\r\n<p style=\"text-align: justify;\">Copie \u00e0\u00a0:Monsieur le Directeur de l\u2019Enseignement Technique , Monsieur le Directeur R\u00e9gional, Monsieur le Chef du SRFD Mme KIRION-SRFD, Mme RICHARD-Directrice de l&rsquo;EPL.<\/p>\r\n\r\n\r\n\r\n<p>&nbsp;<\/p>\r\n\r\n\r\n\r\n<p>&nbsp;<\/p>\r\n","protected":false},"excerpt":{"rendered":"<p>Voici le texte que la section r\u00e9gionale du SNETAP-FSU et la section locale de Fontenay le Comte viennent d&rsquo;envoyer \u00e0 la DGER.\u00a0 &nbsp; &nbsp; A Monsieur le Directeur G\u00e9n\u00e9ral A Fontenay le Comte, le 6 d\u00e9cembre 2018 Monsieur le Directeur G\u00e9n\u00e9ral, Suite \u00e0 la r\u00e9ponse de Monsieur le Chef du SRFD des Pays de la [&hellip;]<\/p>\n","protected":false},"author":2,"featured_media":0,"comment_status":"closed","ping_status":"closed","sticky":false,"template":"","format":"standard","meta":{"ocean_post_layout":"","ocean_both_sidebars_style":"","ocean_both_sidebars_content_width":0,"ocean_both_sidebars_sidebars_width":0,"ocean_sidebar":"0","ocean_second_sidebar":"0","ocean_disable_margins":"enable","ocean_add_body_class":"","ocean_shortcode_before_top_bar":"","ocean_shortcode_after_top_bar":"","ocean_shortcode_before_header":"","ocean_shortcode_after_header":"","ocean_has_shortcode":"","ocean_shortcode_after_title":"","ocean_shortcode_before_footer_widgets":"","ocean_shortcode_after_footer_widgets":"","ocean_shortcode_before_footer_bottom":"","ocean_shortcode_after_footer_bottom":"","ocean_display_top_bar":"default","ocean_display_header":"default","ocean_header_style":"","ocean_center_header_left_menu":"0","ocean_custom_header_template":"0","ocean_custom_logo":0,"ocean_custom_retina_logo":0,"ocean_custom_logo_max_width":0,"ocean_custom_logo_tablet_max_width":0,"ocean_custom_logo_mobile_max_width":0,"ocean_custom_logo_max_height":0,"ocean_custom_logo_tablet_max_height":0,"ocean_custom_logo_mobile_max_height":0,"ocean_header_custom_menu":"0","ocean_menu_typo_font_family":"0","ocean_menu_typo_font_subset":"","ocean_menu_typo_font_size":0,"ocean_menu_typo_font_size_tablet":0,"ocean_menu_typo_font_size_mobile":0,"ocean_menu_typo_font_size_unit":"px","ocean_menu_typo_font_weight":"","ocean_menu_typo_font_weight_tablet":"","ocean_menu_typo_font_weight_mobile":"","ocean_menu_typo_transform":"","ocean_menu_typo_transform_tablet":"","ocean_menu_typo_transform_mobile":"","ocean_menu_typo_line_height":0,"ocean_menu_typo_line_height_tablet":0,"ocean_menu_typo_line_height_mobile":0,"ocean_menu_typo_line_height_unit":"","ocean_menu_typo_spacing":0,"ocean_menu_typo_spacing_tablet":0,"ocean_menu_typo_spacing_mobile":0,"ocean_menu_typo_spacing_unit":"","ocean_menu_link_color":"","ocean_menu_link_color_hover":"","ocean_menu_link_color_active":"","ocean_menu_link_background":"","ocean_menu_link_hover_background":"","ocean_menu_link_active_background":"","ocean_menu_social_links_bg":"","ocean_menu_social_hover_links_bg":"","ocean_menu_social_links_color":"","ocean_menu_social_hover_links_color":"","ocean_disable_title":"default","ocean_disable_heading":"default","ocean_post_title":"","ocean_post_subheading":"","ocean_post_title_style":"","ocean_post_title_background_color":"","ocean_post_title_background":0,"ocean_post_title_bg_image_position":"","ocean_post_title_bg_image_attachment":"","ocean_post_title_bg_image_repeat":"","ocean_post_title_bg_image_size":"","ocean_post_title_height":0,"ocean_post_title_bg_overlay":0.5,"ocean_post_title_bg_overlay_color":"","ocean_disable_breadcrumbs":"default","ocean_breadcrumbs_color":"","ocean_breadcrumbs_separator_color":"","ocean_breadcrumbs_links_color":"","ocean_breadcrumbs_links_hover_color":"","ocean_display_footer_widgets":"default","ocean_display_footer_bottom":"default","ocean_custom_footer_template":"0","ocean_post_oembed":"","ocean_post_self_hosted_media":"","ocean_post_video_embed":"","ocean_link_format":"","ocean_link_format_target":"self","ocean_quote_format":"","ocean_quote_format_link":"post","ocean_gallery_link_images":"off","ocean_gallery_id":[],"footnotes":""},"categories":[6,17],"tags":[],"post_folder":[],"class_list":["post-3109","post","type-post","status-publish","format-standard","hentry","category-courriers-de-la-section-regionale","category-fontenay-le-comte","entry"],"yoast_head":"<!-- This site is optimized with the Yoast SEO plugin v27.4 - https:\/\/yoast.com\/product\/yoast-seo-wordpress\/ -->\n<title>Non respect des grilles horaires au LEGTA Bel Air ! Cela doit cesser ! - PAYS DE LA LOIRE<\/title>\n<meta name=\"robots\" content=\"index, follow, max-snippet:-1, max-image-preview:large, max-video-preview:-1\" \/>\n<link rel=\"canonical\" href=\"https:\/\/regions-snetap-fsu.fr\/pdl\/2018\/12\/07\/non-respect-des-grilles-horaires-au-legta-bel-air\/\" \/>\n<meta property=\"og:locale\" content=\"fr_FR\" \/>\n<meta property=\"og:type\" content=\"article\" \/>\n<meta property=\"og:title\" content=\"Non respect des grilles horaires au LEGTA Bel Air ! Cela doit cesser ! - PAYS DE LA LOIRE\" \/>\n<meta property=\"og:description\" content=\"Voici le texte que la section r\u00e9gionale du SNETAP-FSU et la section locale de Fontenay le Comte viennent d&rsquo;envoyer \u00e0 la DGER.\u00a0 &nbsp; &nbsp; A Monsieur le Directeur G\u00e9n\u00e9ral A Fontenay le Comte, le 6 d\u00e9cembre 2018 Monsieur le Directeur G\u00e9n\u00e9ral, Suite \u00e0 la r\u00e9ponse de Monsieur le Chef du SRFD des Pays de la [&hellip;]\" \/>\n<meta property=\"og:url\" content=\"https:\/\/regions-snetap-fsu.fr\/pdl\/2018\/12\/07\/non-respect-des-grilles-horaires-au-legta-bel-air\/\" \/>\n<meta property=\"og:site_name\" content=\"PAYS DE LA LOIRE\" \/>\n<meta property=\"article:published_time\" content=\"2018-12-07T15:54:23+00:00\" \/>\n<meta property=\"article:modified_time\" content=\"2020-11-09T23:11:53+00:00\" \/>\n<meta name=\"author\" content=\"yvigner\" \/>\n<meta name=\"twitter:card\" content=\"summary_large_image\" \/>\n<meta name=\"twitter:label1\" content=\"\u00c9crit par\" \/>\n\t<meta name=\"twitter:data1\" content=\"yvigner\" \/>\n\t<meta name=\"twitter:label2\" content=\"Dur\u00e9e de lecture estim\u00e9e\" \/>\n\t<meta name=\"twitter:data2\" content=\"2 minutes\" \/>\n<script type=\"application\/ld+json\" class=\"yoast-schema-graph\">{\"@context\":\"https:\\\/\\\/schema.org\",\"@graph\":[{\"@type\":\"Article\",\"@id\":\"https:\\\/\\\/regions-snetap-fsu.fr\\\/pdl\\\/2018\\\/12\\\/07\\\/non-respect-des-grilles-horaires-au-legta-bel-air\\\/#article\",\"isPartOf\":{\"@id\":\"https:\\\/\\\/regions-snetap-fsu.fr\\\/pdl\\\/2018\\\/12\\\/07\\\/non-respect-des-grilles-horaires-au-legta-bel-air\\\/\"},\"author\":{\"name\":\"yvigner\",\"@id\":\"https:\\\/\\\/regions-snetap-fsu.fr\\\/pdl\\\/#\\\/schema\\\/person\\\/d4530af043f9e8d27bdd71c468ec93b1\"},\"headline\":\"Non respect des grilles horaires au LEGTA Bel Air ! Cela doit cesser !\",\"datePublished\":\"2018-12-07T15:54:23+00:00\",\"dateModified\":\"2020-11-09T23:11:53+00:00\",\"mainEntityOfPage\":{\"@id\":\"https:\\\/\\\/regions-snetap-fsu.fr\\\/pdl\\\/2018\\\/12\\\/07\\\/non-respect-des-grilles-horaires-au-legta-bel-air\\\/\"},\"wordCount\":436,\"publisher\":{\"@id\":\"https:\\\/\\\/regions-snetap-fsu.fr\\\/pdl\\\/#organization\"},\"articleSection\":[\"Courriers de la section r\u00e9gionale\",\"Fontenay le Comte\"],\"inLanguage\":\"fr-FR\"},{\"@type\":\"WebPage\",\"@id\":\"https:\\\/\\\/regions-snetap-fsu.fr\\\/pdl\\\/2018\\\/12\\\/07\\\/non-respect-des-grilles-horaires-au-legta-bel-air\\\/\",\"url\":\"https:\\\/\\\/regions-snetap-fsu.fr\\\/pdl\\\/2018\\\/12\\\/07\\\/non-respect-des-grilles-horaires-au-legta-bel-air\\\/\",\"name\":\"Non respect des grilles horaires au LEGTA Bel Air ! Cela doit cesser ! - PAYS DE LA LOIRE\",\"isPartOf\":{\"@id\":\"https:\\\/\\\/regions-snetap-fsu.fr\\\/pdl\\\/#website\"},\"datePublished\":\"2018-12-07T15:54:23+00:00\",\"dateModified\":\"2020-11-09T23:11:53+00:00\",\"breadcrumb\":{\"@id\":\"https:\\\/\\\/regions-snetap-fsu.fr\\\/pdl\\\/2018\\\/12\\\/07\\\/non-respect-des-grilles-horaires-au-legta-bel-air\\\/#breadcrumb\"},\"inLanguage\":\"fr-FR\",\"potentialAction\":[{\"@type\":\"ReadAction\",\"target\":[\"https:\\\/\\\/regions-snetap-fsu.fr\\\/pdl\\\/2018\\\/12\\\/07\\\/non-respect-des-grilles-horaires-au-legta-bel-air\\\/\"]}]},{\"@type\":\"BreadcrumbList\",\"@id\":\"https:\\\/\\\/regions-snetap-fsu.fr\\\/pdl\\\/2018\\\/12\\\/07\\\/non-respect-des-grilles-horaires-au-legta-bel-air\\\/#breadcrumb\",\"itemListElement\":[{\"@type\":\"ListItem\",\"position\":1,\"name\":\"Accueil\",\"item\":\"https:\\\/\\\/regions-snetap-fsu.fr\\\/pdl\\\/\"},{\"@type\":\"ListItem\",\"position\":2,\"name\":\"Non respect des grilles horaires au LEGTA Bel Air ! Cela doit cesser !\"}]},{\"@type\":\"WebSite\",\"@id\":\"https:\\\/\\\/regions-snetap-fsu.fr\\\/pdl\\\/#website\",\"url\":\"https:\\\/\\\/regions-snetap-fsu.fr\\\/pdl\\\/\",\"name\":\"SNETAP-FSU PAYS DE LA LOIRE\",\"description\":\"SECTION REGIONALE\",\"publisher\":{\"@id\":\"https:\\\/\\\/regions-snetap-fsu.fr\\\/pdl\\\/#organization\"},\"potentialAction\":[{\"@type\":\"SearchAction\",\"target\":{\"@type\":\"EntryPoint\",\"urlTemplate\":\"https:\\\/\\\/regions-snetap-fsu.fr\\\/pdl\\\/?s={search_term_string}\"},\"query-input\":{\"@type\":\"PropertyValueSpecification\",\"valueRequired\":true,\"valueName\":\"search_term_string\"}}],\"inLanguage\":\"fr-FR\"},{\"@type\":\"Organization\",\"@id\":\"https:\\\/\\\/regions-snetap-fsu.fr\\\/pdl\\\/#organization\",\"name\":\"SNETAP-FSU Pays de Loire\",\"url\":\"https:\\\/\\\/regions-snetap-fsu.fr\\\/pdl\\\/\",\"logo\":{\"@type\":\"ImageObject\",\"inLanguage\":\"fr-FR\",\"@id\":\"https:\\\/\\\/regions-snetap-fsu.fr\\\/pdl\\\/#\\\/schema\\\/logo\\\/image\\\/\",\"url\":\"https:\\\/\\\/regions-snetap-fsu.fr\\\/pdl\\\/wp-content\\\/uploads\\\/sites\\\/4\\\/2020\\\/12\\\/SNETAP-Logo.jpg\",\"contentUrl\":\"https:\\\/\\\/regions-snetap-fsu.fr\\\/pdl\\\/wp-content\\\/uploads\\\/sites\\\/4\\\/2020\\\/12\\\/SNETAP-Logo.jpg\",\"width\":464,\"height\":334,\"caption\":\"SNETAP-FSU Pays de Loire\"},\"image\":{\"@id\":\"https:\\\/\\\/regions-snetap-fsu.fr\\\/pdl\\\/#\\\/schema\\\/logo\\\/image\\\/\"}},{\"@type\":\"Person\",\"@id\":\"https:\\\/\\\/regions-snetap-fsu.fr\\\/pdl\\\/#\\\/schema\\\/person\\\/d4530af043f9e8d27bdd71c468ec93b1\",\"name\":\"yvigner\",\"image\":{\"@type\":\"ImageObject\",\"inLanguage\":\"fr-FR\",\"@id\":\"https:\\\/\\\/secure.gravatar.com\\\/avatar\\\/bc72baa6f2406549aecf77a837bc4f03dbe88472c1762138f868571430a23820?s=96&d=mm&r=g\",\"url\":\"https:\\\/\\\/secure.gravatar.com\\\/avatar\\\/bc72baa6f2406549aecf77a837bc4f03dbe88472c1762138f868571430a23820?s=96&d=mm&r=g\",\"contentUrl\":\"https:\\\/\\\/secure.gravatar.com\\\/avatar\\\/bc72baa6f2406549aecf77a837bc4f03dbe88472c1762138f868571430a23820?s=96&d=mm&r=g\",\"caption\":\"yvigner\"},\"url\":\"https:\\\/\\\/regions-snetap-fsu.fr\\\/pdl\\\/author\\\/yvigner\\\/\"}]}<\/script>\n<!-- \/ Yoast SEO plugin. -->","yoast_head_json":{"title":"Non respect des grilles horaires au LEGTA Bel Air ! Cela doit cesser ! - PAYS DE LA LOIRE","robots":{"index":"index","follow":"follow","max-snippet":"max-snippet:-1","max-image-preview":"max-image-preview:large","max-video-preview":"max-video-preview:-1"},"canonical":"https:\/\/regions-snetap-fsu.fr\/pdl\/2018\/12\/07\/non-respect-des-grilles-horaires-au-legta-bel-air\/","og_locale":"fr_FR","og_type":"article","og_title":"Non respect des grilles horaires au LEGTA Bel Air ! Cela doit cesser ! - PAYS DE LA LOIRE","og_description":"Voici le texte que la section r\u00e9gionale du SNETAP-FSU et la section locale de Fontenay le Comte viennent d&rsquo;envoyer \u00e0 la DGER.\u00a0 &nbsp; &nbsp; A Monsieur le Directeur G\u00e9n\u00e9ral A Fontenay le Comte, le 6 d\u00e9cembre 2018 Monsieur le Directeur G\u00e9n\u00e9ral, Suite \u00e0 la r\u00e9ponse de Monsieur le Chef du SRFD des Pays de la [&hellip;]","og_url":"https:\/\/regions-snetap-fsu.fr\/pdl\/2018\/12\/07\/non-respect-des-grilles-horaires-au-legta-bel-air\/","og_site_name":"PAYS DE LA LOIRE","article_published_time":"2018-12-07T15:54:23+00:00","article_modified_time":"2020-11-09T23:11:53+00:00","author":"yvigner","twitter_card":"summary_large_image","twitter_misc":{"\u00c9crit par":"yvigner","Dur\u00e9e de lecture estim\u00e9e":"2 minutes"},"schema":{"@context":"https:\/\/schema.org","@graph":[{"@type":"Article","@id":"https:\/\/regions-snetap-fsu.fr\/pdl\/2018\/12\/07\/non-respect-des-grilles-horaires-au-legta-bel-air\/#article","isPartOf":{"@id":"https:\/\/regions-snetap-fsu.fr\/pdl\/2018\/12\/07\/non-respect-des-grilles-horaires-au-legta-bel-air\/"},"author":{"name":"yvigner","@id":"https:\/\/regions-snetap-fsu.fr\/pdl\/#\/schema\/person\/d4530af043f9e8d27bdd71c468ec93b1"},"headline":"Non respect des grilles horaires au LEGTA Bel Air ! Cela doit cesser !","datePublished":"2018-12-07T15:54:23+00:00","dateModified":"2020-11-09T23:11:53+00:00","mainEntityOfPage":{"@id":"https:\/\/regions-snetap-fsu.fr\/pdl\/2018\/12\/07\/non-respect-des-grilles-horaires-au-legta-bel-air\/"},"wordCount":436,"publisher":{"@id":"https:\/\/regions-snetap-fsu.fr\/pdl\/#organization"},"articleSection":["Courriers de la section r\u00e9gionale","Fontenay le Comte"],"inLanguage":"fr-FR"},{"@type":"WebPage","@id":"https:\/\/regions-snetap-fsu.fr\/pdl\/2018\/12\/07\/non-respect-des-grilles-horaires-au-legta-bel-air\/","url":"https:\/\/regions-snetap-fsu.fr\/pdl\/2018\/12\/07\/non-respect-des-grilles-horaires-au-legta-bel-air\/","name":"Non respect des grilles horaires au LEGTA Bel Air ! Cela doit cesser ! - PAYS DE LA LOIRE","isPartOf":{"@id":"https:\/\/regions-snetap-fsu.fr\/pdl\/#website"},"datePublished":"2018-12-07T15:54:23+00:00","dateModified":"2020-11-09T23:11:53+00:00","breadcrumb":{"@id":"https:\/\/regions-snetap-fsu.fr\/pdl\/2018\/12\/07\/non-respect-des-grilles-horaires-au-legta-bel-air\/#breadcrumb"},"inLanguage":"fr-FR","potentialAction":[{"@type":"ReadAction","target":["https:\/\/regions-snetap-fsu.fr\/pdl\/2018\/12\/07\/non-respect-des-grilles-horaires-au-legta-bel-air\/"]}]},{"@type":"BreadcrumbList","@id":"https:\/\/regions-snetap-fsu.fr\/pdl\/2018\/12\/07\/non-respect-des-grilles-horaires-au-legta-bel-air\/#breadcrumb","itemListElement":[{"@type":"ListItem","position":1,"name":"Accueil","item":"https:\/\/regions-snetap-fsu.fr\/pdl\/"},{"@type":"ListItem","position":2,"name":"Non respect des grilles horaires au LEGTA Bel Air ! Cela doit cesser !"}]},{"@type":"WebSite","@id":"https:\/\/regions-snetap-fsu.fr\/pdl\/#website","url":"https:\/\/regions-snetap-fsu.fr\/pdl\/","name":"SNETAP-FSU PAYS DE LA LOIRE","description":"SECTION REGIONALE","publisher":{"@id":"https:\/\/regions-snetap-fsu.fr\/pdl\/#organization"},"potentialAction":[{"@type":"SearchAction","target":{"@type":"EntryPoint","urlTemplate":"https:\/\/regions-snetap-fsu.fr\/pdl\/?s={search_term_string}"},"query-input":{"@type":"PropertyValueSpecification","valueRequired":true,"valueName":"search_term_string"}}],"inLanguage":"fr-FR"},{"@type":"Organization","@id":"https:\/\/regions-snetap-fsu.fr\/pdl\/#organization","name":"SNETAP-FSU Pays de Loire","url":"https:\/\/regions-snetap-fsu.fr\/pdl\/","logo":{"@type":"ImageObject","inLanguage":"fr-FR","@id":"https:\/\/regions-snetap-fsu.fr\/pdl\/#\/schema\/logo\/image\/","url":"https:\/\/regions-snetap-fsu.fr\/pdl\/wp-content\/uploads\/sites\/4\/2020\/12\/SNETAP-Logo.jpg","contentUrl":"https:\/\/regions-snetap-fsu.fr\/pdl\/wp-content\/uploads\/sites\/4\/2020\/12\/SNETAP-Logo.jpg","width":464,"height":334,"caption":"SNETAP-FSU Pays de Loire"},"image":{"@id":"https:\/\/regions-snetap-fsu.fr\/pdl\/#\/schema\/logo\/image\/"}},{"@type":"Person","@id":"https:\/\/regions-snetap-fsu.fr\/pdl\/#\/schema\/person\/d4530af043f9e8d27bdd71c468ec93b1","name":"yvigner","image":{"@type":"ImageObject","inLanguage":"fr-FR","@id":"https:\/\/secure.gravatar.com\/avatar\/bc72baa6f2406549aecf77a837bc4f03dbe88472c1762138f868571430a23820?s=96&d=mm&r=g","url":"https:\/\/secure.gravatar.com\/avatar\/bc72baa6f2406549aecf77a837bc4f03dbe88472c1762138f868571430a23820?s=96&d=mm&r=g","contentUrl":"https:\/\/secure.gravatar.com\/avatar\/bc72baa6f2406549aecf77a837bc4f03dbe88472c1762138f868571430a23820?s=96&d=mm&r=g","caption":"yvigner"},"url":"https:\/\/regions-snetap-fsu.fr\/pdl\/author\/yvigner\/"}]}},"_links":{"self":[{"href":"https:\/\/regions-snetap-fsu.fr\/pdl\/wp-json\/wp\/v2\/posts\/3109","targetHints":{"allow":["GET"]}}],"collection":[{"href":"https:\/\/regions-snetap-fsu.fr\/pdl\/wp-json\/wp\/v2\/posts"}],"about":[{"href":"https:\/\/regions-snetap-fsu.fr\/pdl\/wp-json\/wp\/v2\/types\/post"}],"author":[{"embeddable":true,"href":"https:\/\/regions-snetap-fsu.fr\/pdl\/wp-json\/wp\/v2\/users\/2"}],"replies":[{"embeddable":true,"href":"https:\/\/regions-snetap-fsu.fr\/pdl\/wp-json\/wp\/v2\/comments?post=3109"}],"version-history":[{"count":8,"href":"https:\/\/regions-snetap-fsu.fr\/pdl\/wp-json\/wp\/v2\/posts\/3109\/revisions"}],"predecessor-version":[{"id":3132,"href":"https:\/\/regions-snetap-fsu.fr\/pdl\/wp-json\/wp\/v2\/posts\/3109\/revisions\/3132"}],"wp:attachment":[{"href":"https:\/\/regions-snetap-fsu.fr\/pdl\/wp-json\/wp\/v2\/media?parent=3109"}],"wp:term":[{"taxonomy":"category","embeddable":true,"href":"https:\/\/regions-snetap-fsu.fr\/pdl\/wp-json\/wp\/v2\/categories?post=3109"},{"taxonomy":"post_tag","embeddable":true,"href":"https:\/\/regions-snetap-fsu.fr\/pdl\/wp-json\/wp\/v2\/tags?post=3109"},{"taxonomy":"post_folder","embeddable":true,"href":"https:\/\/regions-snetap-fsu.fr\/pdl\/wp-json\/wp\/v2\/post_folder?post=3109"}],"curies":[{"name":"wp","href":"https:\/\/api.w.org\/{rel}","templated":true}]}}