{"id":3093,"date":"2018-12-05T16:20:13","date_gmt":"2018-12-05T15:20:13","guid":{"rendered":"https:\/\/regions-snetap-fsu.fr\/pdl\/?p=3093"},"modified":"2018-12-05T16:21:27","modified_gmt":"2018-12-05T15:21:27","slug":"150-personnels-mobilises-pour-defendre-lenseignement-agricole-public-a-lepl-dangers","status":"publish","type":"post","link":"https:\/\/regions-snetap-fsu.fr\/pdl\/2018\/12\/05\/150-personnels-mobilises-pour-defendre-lenseignement-agricole-public-a-lepl-dangers\/","title":{"rendered":"150 personnels mobilis\u00e9s pour d\u00e9fendre l&rsquo;enseignement agricole public \u00e0 l&rsquo;EPL d&rsquo;Angers !"},"content":{"rendered":"<div style=\"text-align: justify;\" align=\"left\"><span style=\"color: #000000; font-family: arial, helvetica, sans-serif;\">Plus de 150 personnes s&rsquo;\u00e9taient mobilis\u00e9es, ce vendredi 30 novembre pour accueillir les membres du Conseil d&rsquo;administration de l&rsquo;EPL Angers-Le Fresne (49).<\/span><\/div>\n<div style=\"text-align: justify;\" align=\"left\"><span style=\"font-family: arial, helvetica, sans-serif;\"><span style=\"color: #000000;\">Les formateurs, les personnels administratifs, des cuisines, de l&rsquo; entretien, de l&rsquo; exploitation, des enseignants, des stagiaires de la formation continue \u00e9taient unis pour cette action.\u00a0<\/span><span style=\"color: #000000;\">Une haie d&rsquo; honneur et un grand vacarme ont accueilli Monsieur Laiz\u00e9, pr\u00e9sident du CA (chambre d&rsquo;agriculture) et Madame Maussion, repr\u00e9sentante de la r\u00e9gion des Pays de la Loire.\u00a0<\/span><span style=\"color: #000000;\">Un<\/span><\/span><span style=\"font-family: arial, helvetica, sans-serif;\"><span style=\"color: #000000;\">e sem<\/span><\/span><span style=\"color: #000000; font-family: arial, helvetica, sans-serif;\">aine avant nous apprenions l&rsquo;ampleur des d\u00e9ficits : 400000 \u20ac pour le CFPPA d&rsquo;Angers, 80000\u20ac pour le CFPPA Segr\u00e9 et 90000 \u20ac pour l&rsquo; exploitation de l&rsquo;EPL.<\/span><\/div>\n<div style=\"text-align: justify;\" align=\"left\"><span style=\"color: #000000; font-family: arial, helvetica, sans-serif;\">Une des raisons majeures de cette situation tr\u00e8s pr\u00e9occupante r\u00e9side dans le nouveau mode de financement de la formation professionnelle par le Conseil r\u00e9gional. Ce sont aussi les choix de carte scolaire faits par le m\u00eame Conseil. Ainsi, Mme Maussion nous a appris les raisons du refus du BTSA AP\u00a0 : \u00ab\u00a0ne pas faire concurrence \u00e0 l&rsquo;Ecole Sup\u00e9rieure d&rsquo;Agriculture d&rsquo;Angers (priv\u00e9)\u00a0\u00bb.\u00a0<\/span><strong><span style=\"color: #000000; font-family: arial, helvetica, sans-serif;\">Cela montre bien l&rsquo;\u00e9tat d&rsquo; esprit du Conseil r\u00e9gional : organiser la concurrence d\u00e9loyale afin d&rsquo;en finir avec l&rsquo;EAP.<\/span><\/strong><\/div>\n<div align=\"left\"><\/div>\n<div align=\"left\"><\/div>\n<div align=\"left\"><img fetchpriority=\"high\" decoding=\"async\" class=\"alignnone size-medium wp-image-3099\" src=\"https:\/\/regions-snetap-fsu.fr\/pdl\/wp-content\/uploads\/sites\/4\/2018\/12\/20181130_090430-300x169.jpg\" alt=\"\" width=\"300\" height=\"169\" srcset=\"https:\/\/regions-snetap-fsu.fr\/pdl\/wp-content\/uploads\/sites\/4\/2018\/12\/20181130_090430-300x169.jpg 300w, https:\/\/regions-snetap-fsu.fr\/pdl\/wp-content\/uploads\/sites\/4\/2018\/12\/20181130_090430-768x432.jpg 768w, https:\/\/regions-snetap-fsu.fr\/pdl\/wp-content\/uploads\/sites\/4\/2018\/12\/20181130_090430-1024x576.jpg 1024w, https:\/\/regions-snetap-fsu.fr\/pdl\/wp-content\/uploads\/sites\/4\/2018\/12\/20181130_090430-100x56.jpg 100w, https:\/\/regions-snetap-fsu.fr\/pdl\/wp-content\/uploads\/sites\/4\/2018\/12\/20181130_090430-150x84.jpg 150w, https:\/\/regions-snetap-fsu.fr\/pdl\/wp-content\/uploads\/sites\/4\/2018\/12\/20181130_090430-200x113.jpg 200w, https:\/\/regions-snetap-fsu.fr\/pdl\/wp-content\/uploads\/sites\/4\/2018\/12\/20181130_090430-450x253.jpg 450w, https:\/\/regions-snetap-fsu.fr\/pdl\/wp-content\/uploads\/sites\/4\/2018\/12\/20181130_090430-600x338.jpg 600w, https:\/\/regions-snetap-fsu.fr\/pdl\/wp-content\/uploads\/sites\/4\/2018\/12\/20181130_090430-900x506.jpg 900w\" sizes=\"(max-width: 300px) 100vw, 300px\" \/> <img decoding=\"async\" class=\"alignnone size-medium wp-image-3096\" src=\"https:\/\/regions-snetap-fsu.fr\/pdl\/wp-content\/uploads\/sites\/4\/2018\/12\/20181130_093825-300x169.jpg\" alt=\"\" width=\"300\" height=\"169\" srcset=\"https:\/\/regions-snetap-fsu.fr\/pdl\/wp-content\/uploads\/sites\/4\/2018\/12\/20181130_093825-300x169.jpg 300w, https:\/\/regions-snetap-fsu.fr\/pdl\/wp-content\/uploads\/sites\/4\/2018\/12\/20181130_093825-768x432.jpg 768w, https:\/\/regions-snetap-fsu.fr\/pdl\/wp-content\/uploads\/sites\/4\/2018\/12\/20181130_093825-1024x576.jpg 1024w, https:\/\/regions-snetap-fsu.fr\/pdl\/wp-content\/uploads\/sites\/4\/2018\/12\/20181130_093825-100x56.jpg 100w, https:\/\/regions-snetap-fsu.fr\/pdl\/wp-content\/uploads\/sites\/4\/2018\/12\/20181130_093825-150x84.jpg 150w, https:\/\/regions-snetap-fsu.fr\/pdl\/wp-content\/uploads\/sites\/4\/2018\/12\/20181130_093825-200x113.jpg 200w, https:\/\/regions-snetap-fsu.fr\/pdl\/wp-content\/uploads\/sites\/4\/2018\/12\/20181130_093825-450x253.jpg 450w, https:\/\/regions-snetap-fsu.fr\/pdl\/wp-content\/uploads\/sites\/4\/2018\/12\/20181130_093825-600x338.jpg 600w, https:\/\/regions-snetap-fsu.fr\/pdl\/wp-content\/uploads\/sites\/4\/2018\/12\/20181130_093825-900x506.jpg 900w\" sizes=\"(max-width: 300px) 100vw, 300px\" \/><\/div>\n<div style=\"text-align: justify;\" align=\"left\"><span style=\"color: #000000; font-family: arial, helvetica, sans-serif;\">Face \u00e0 cette situation, un CA extraordinaire aura lieu le 30\/01\/19 pour nous pr\u00e9senter les diff\u00e9rents constats, analyses et d\u00e9cisions prises pour r\u00e9gler ces probl\u00e8mes.<\/span><\/div>\n<div style=\"text-align: justify;\" align=\"left\"><span style=\"color: #000000; font-family: arial, helvetica, sans-serif;\">Les repr\u00e9sentants des personnels (SUD RURAL et SNETAP FSU) avons d\u00e9pos\u00e9 une motion (adopt\u00e9e) pour que les repr\u00e9sentants des personnels concern\u00e9s soient associ\u00e9s aux r\u00e9flexions. Les directions se r\u00e9servant les d\u00e9cisions finales.<\/span><\/div>\n<div style=\"text-align: justify;\" align=\"left\"><span style=\"color: #000000; font-family: arial, helvetica, sans-serif;\">Lors de ce Conseil d&rsquo;Administration, de nombreuses autres motions ont \u00e9t\u00e9 discut\u00e9es et\u00a0<\/span><span style=\"color: #000000; font-family: arial, helvetica, sans-serif;\">vot\u00e9es :\u00a0<\/span><\/div>\n<ul>\n<li style=\"text-align: justify;\"><span style=\"color: #000000; font-family: arial, helvetica, sans-serif;\">Motion pour que l&rsquo;Etat prenne en charge un poste occup\u00e9 par un CDD pay\u00e9 par Segr\u00e9, <\/span><\/li>\n<li style=\"text-align: justify;\"><span style=\"color: #000000; font-family: arial, helvetica, sans-serif;\">motion pour que le contrat de travail d&rsquo;une coll\u00e8gue soit requalifi\u00e9 en CDI comme le pr\u00e9voit le Protocole, <\/span><\/li>\n<li style=\"text-align: justify;\"><span style=\"color: #000000; font-family: arial, helvetica, sans-serif;\">motion pour que la r\u00e9gion nous finance de nouveau des formations Continue (BTS AP, TGE et licence pro) et nous les accorde aussi en apprentissage<\/span><\/li>\n<li style=\"text-align: justify;\"><span style=\"color: #000000; font-family: arial, helvetica, sans-serif;\"> et enfin que la r\u00e9gion prenne en charge les d\u00e9ficits pour apurer la situation et pr\u00e9parer \u00ab\u00a0l&rsquo; entr\u00e9e sur le march\u00e9\u00a0\u00bb de nos \u00e9tablissements.<\/span><\/li>\n<\/ul>\n<div style=\"text-align: justify;\" align=\"left\"><span style=\"color: #000000; font-family: arial, helvetica, sans-serif;\">Bien entendu notre combat pour les ASEH a port\u00e9 ses fruits et nos avons vot\u00e9 la prime qu&rsquo; ils recevrons prochainement.<\/span><\/div>\n<div style=\"text-align: justify;\" align=\"left\"><\/div>\n<div align=\"left\"><\/div>\n<div style=\"text-align: right;\" align=\"left\"><strong><span style=\"font-family: arial, helvetica, sans-serif; color: #000000;\">Jean Marc CARPENTIER, Secr\u00e9taire section SNETAP-FSU de l&rsquo;EPL Angers le Fresne<\/span><\/strong><\/div>\n<div align=\"left\"><\/div>\n<div align=\"left\"><\/div>\n<div align=\"left\"><span style=\"font-family: arial, helvetica, sans-serif;\">Le texte lu au CA :\u00a0<a href=\"https:\/\/regions-snetap-fsu.fr\/pdl\/wp-content\/uploads\/sites\/4\/2018\/12\/Communiqu\u00e9-de-presse-4.odt\">https:\/\/regions-snetap-fsu.fr\/pdl\/wp-content\/uploads\/sites\/4\/2018\/12\/Communiqu\u00e9-de-presse-4.odt<\/a><\/span><\/div>\n<div align=\"left\"><\/div>\n<div align=\"left\"><span style=\"font-family: arial, helvetica, sans-serif;\">Dans la presse locale :\u00a0<a href=\"https:\/\/www.ouest-france.fr\/pays-de-la-loire\/angers-49000\/aux-portes-d-angers-lycee-agricole-cherche-400-000-eu-6109151\">https:\/\/www.ouest-france.fr\/pays-de-la-loire\/angers-49000\/aux-portes-d-angers-lycee-agricole-cherche-400-000-eu-6109151<\/a><\/span><\/div>\n","protected":false},"excerpt":{"rendered":"<p>Plus de 150 personnes s&rsquo;\u00e9taient mobilis\u00e9es, ce vendredi 30 novembre pour accueillir les membres du Conseil d&rsquo;administration de l&rsquo;EPL Angers-Le Fresne (49). Les formateurs, les personnels administratifs, des cuisines, de l&rsquo; entretien, de l&rsquo; exploitation, des enseignants, des stagiaires de la formation continue \u00e9taient unis pour cette action.\u00a0Une haie d&rsquo; honneur et un grand vacarme [&hellip;]<\/p>\n","protected":false},"author":2,"featured_media":0,"comment_status":"closed","ping_status":"closed","sticky":false,"template":"","format":"standard","meta":{"ocean_post_layout":"","ocean_both_sidebars_style":"","ocean_both_sidebars_content_width":0,"ocean_both_sidebars_sidebars_width":0,"ocean_sidebar":"","ocean_second_sidebar":"","ocean_disable_margins":"enable","ocean_add_body_class":"","ocean_shortcode_before_top_bar":"","ocean_shortcode_after_top_bar":"","ocean_shortcode_before_header":"","ocean_shortcode_after_header":"","ocean_has_shortcode":"","ocean_shortcode_after_title":"","ocean_shortcode_before_footer_widgets":"","ocean_shortcode_after_footer_widgets":"","ocean_shortcode_before_footer_bottom":"","ocean_shortcode_after_footer_bottom":"","ocean_display_top_bar":"default","ocean_display_header":"default","ocean_header_style":"","ocean_center_header_left_menu":"","ocean_custom_header_template":"","ocean_custom_logo":0,"ocean_custom_retina_logo":0,"ocean_custom_logo_max_width":0,"ocean_custom_logo_tablet_max_width":0,"ocean_custom_logo_mobile_max_width":0,"ocean_custom_logo_max_height":0,"ocean_custom_logo_tablet_max_height":0,"ocean_custom_logo_mobile_max_height":0,"ocean_header_custom_menu":"","ocean_menu_typo_font_family":"","ocean_menu_typo_font_subset":"","ocean_menu_typo_font_size":0,"ocean_menu_typo_font_size_tablet":0,"ocean_menu_typo_font_size_mobile":0,"ocean_menu_typo_font_size_unit":"px","ocean_menu_typo_font_weight":"","ocean_menu_typo_font_weight_tablet":"","ocean_menu_typo_font_weight_mobile":"","ocean_menu_typo_transform":"","ocean_menu_typo_transform_tablet":"","ocean_menu_typo_transform_mobile":"","ocean_menu_typo_line_height":0,"ocean_menu_typo_line_height_tablet":0,"ocean_menu_typo_line_height_mobile":0,"ocean_menu_typo_line_height_unit":"","ocean_menu_typo_spacing":0,"ocean_menu_typo_spacing_tablet":0,"ocean_menu_typo_spacing_mobile":0,"ocean_menu_typo_spacing_unit":"","ocean_menu_link_color":"","ocean_menu_link_color_hover":"","ocean_menu_link_color_active":"","ocean_menu_link_background":"","ocean_menu_link_hover_background":"","ocean_menu_link_active_background":"","ocean_menu_social_links_bg":"","ocean_menu_social_hover_links_bg":"","ocean_menu_social_links_color":"","ocean_menu_social_hover_links_color":"","ocean_disable_title":"default","ocean_disable_heading":"default","ocean_post_title":"","ocean_post_subheading":"","ocean_post_title_style":"","ocean_post_title_background_color":"","ocean_post_title_background":0,"ocean_post_title_bg_image_position":"","ocean_post_title_bg_image_attachment":"","ocean_post_title_bg_image_repeat":"","ocean_post_title_bg_image_size":"","ocean_post_title_height":0,"ocean_post_title_bg_overlay":0.5,"ocean_post_title_bg_overlay_color":"","ocean_disable_breadcrumbs":"default","ocean_breadcrumbs_color":"","ocean_breadcrumbs_separator_color":"","ocean_breadcrumbs_links_color":"","ocean_breadcrumbs_links_hover_color":"","ocean_display_footer_widgets":"default","ocean_display_footer_bottom":"default","ocean_custom_footer_template":"","ocean_post_oembed":"","ocean_post_self_hosted_media":"","ocean_post_video_embed":"","ocean_link_format":"","ocean_link_format_target":"self","ocean_quote_format":"","ocean_quote_format_link":"post","ocean_gallery_link_images":"on","ocean_gallery_id":[],"footnotes":""},"categories":[21],"tags":[],"post_folder":[],"class_list":["post-3093","post","type-post","status-publish","format-standard","hentry","category-angers","entry"],"yoast_head":"<!-- This site is optimized with the Yoast SEO plugin v27.4 - https:\/\/yoast.com\/product\/yoast-seo-wordpress\/ -->\n<title>150 personnels mobilis\u00e9s pour d\u00e9fendre l&#039;enseignement agricole public \u00e0 l&#039;EPL d&#039;Angers ! - PAYS DE LA LOIRE<\/title>\n<meta name=\"robots\" content=\"index, follow, max-snippet:-1, max-image-preview:large, max-video-preview:-1\" \/>\n<link rel=\"canonical\" href=\"https:\/\/regions-snetap-fsu.fr\/pdl\/2018\/12\/05\/150-personnels-mobilises-pour-defendre-lenseignement-agricole-public-a-lepl-dangers\/\" \/>\n<meta property=\"og:locale\" content=\"fr_FR\" \/>\n<meta property=\"og:type\" content=\"article\" \/>\n<meta property=\"og:title\" content=\"150 personnels mobilis\u00e9s pour d\u00e9fendre l&#039;enseignement agricole public \u00e0 l&#039;EPL d&#039;Angers ! - PAYS DE LA LOIRE\" \/>\n<meta property=\"og:description\" content=\"Plus de 150 personnes s&rsquo;\u00e9taient mobilis\u00e9es, ce vendredi 30 novembre pour accueillir les membres du Conseil d&rsquo;administration de l&rsquo;EPL Angers-Le Fresne (49). Les formateurs, les personnels administratifs, des cuisines, de l&rsquo; entretien, de l&rsquo; exploitation, des enseignants, des stagiaires de la formation continue \u00e9taient unis pour cette action.\u00a0Une haie d&rsquo; honneur et un grand vacarme [&hellip;]\" \/>\n<meta property=\"og:url\" content=\"https:\/\/regions-snetap-fsu.fr\/pdl\/2018\/12\/05\/150-personnels-mobilises-pour-defendre-lenseignement-agricole-public-a-lepl-dangers\/\" \/>\n<meta property=\"og:site_name\" content=\"PAYS DE LA LOIRE\" \/>\n<meta property=\"article:published_time\" content=\"2018-12-05T15:20:13+00:00\" \/>\n<meta property=\"article:modified_time\" content=\"2018-12-05T15:21:27+00:00\" \/>\n<meta property=\"og:image\" content=\"https:\/\/regions-snetap-fsu.fr\/pdl\/wp-content\/uploads\/sites\/4\/2018\/12\/20181130_090430-300x169.jpg\" \/>\n<meta name=\"author\" content=\"yvigner\" \/>\n<meta name=\"twitter:card\" content=\"summary_large_image\" \/>\n<meta name=\"twitter:label1\" content=\"\u00c9crit par\" \/>\n\t<meta name=\"twitter:data1\" content=\"yvigner\" \/>\n\t<meta name=\"twitter:label2\" content=\"Dur\u00e9e de lecture estim\u00e9e\" \/>\n\t<meta name=\"twitter:data2\" content=\"2 minutes\" \/>\n<script type=\"application\/ld+json\" class=\"yoast-schema-graph\">{\"@context\":\"https:\\\/\\\/schema.org\",\"@graph\":[{\"@type\":\"Article\",\"@id\":\"https:\\\/\\\/regions-snetap-fsu.fr\\\/pdl\\\/2018\\\/12\\\/05\\\/150-personnels-mobilises-pour-defendre-lenseignement-agricole-public-a-lepl-dangers\\\/#article\",\"isPartOf\":{\"@id\":\"https:\\\/\\\/regions-snetap-fsu.fr\\\/pdl\\\/2018\\\/12\\\/05\\\/150-personnels-mobilises-pour-defendre-lenseignement-agricole-public-a-lepl-dangers\\\/\"},\"author\":{\"name\":\"yvigner\",\"@id\":\"https:\\\/\\\/regions-snetap-fsu.fr\\\/pdl\\\/#\\\/schema\\\/person\\\/d4530af043f9e8d27bdd71c468ec93b1\"},\"headline\":\"150 personnels mobilis\u00e9s pour d\u00e9fendre l&rsquo;enseignement agricole public \u00e0 l&rsquo;EPL d&rsquo;Angers !\",\"datePublished\":\"2018-12-05T15:20:13+00:00\",\"dateModified\":\"2018-12-05T15:21:27+00:00\",\"mainEntityOfPage\":{\"@id\":\"https:\\\/\\\/regions-snetap-fsu.fr\\\/pdl\\\/2018\\\/12\\\/05\\\/150-personnels-mobilises-pour-defendre-lenseignement-agricole-public-a-lepl-dangers\\\/\"},\"wordCount\":455,\"publisher\":{\"@id\":\"https:\\\/\\\/regions-snetap-fsu.fr\\\/pdl\\\/#organization\"},\"image\":{\"@id\":\"https:\\\/\\\/regions-snetap-fsu.fr\\\/pdl\\\/2018\\\/12\\\/05\\\/150-personnels-mobilises-pour-defendre-lenseignement-agricole-public-a-lepl-dangers\\\/#primaryimage\"},\"thumbnailUrl\":\"https:\\\/\\\/regions-snetap-fsu.fr\\\/pdl\\\/wp-content\\\/uploads\\\/sites\\\/4\\\/2018\\\/12\\\/20181130_090430-300x169.jpg\",\"articleSection\":[\"Angers\"],\"inLanguage\":\"fr-FR\"},{\"@type\":\"WebPage\",\"@id\":\"https:\\\/\\\/regions-snetap-fsu.fr\\\/pdl\\\/2018\\\/12\\\/05\\\/150-personnels-mobilises-pour-defendre-lenseignement-agricole-public-a-lepl-dangers\\\/\",\"url\":\"https:\\\/\\\/regions-snetap-fsu.fr\\\/pdl\\\/2018\\\/12\\\/05\\\/150-personnels-mobilises-pour-defendre-lenseignement-agricole-public-a-lepl-dangers\\\/\",\"name\":\"150 personnels mobilis\u00e9s pour d\u00e9fendre l'enseignement agricole public \u00e0 l'EPL d'Angers ! - PAYS DE LA LOIRE\",\"isPartOf\":{\"@id\":\"https:\\\/\\\/regions-snetap-fsu.fr\\\/pdl\\\/#website\"},\"primaryImageOfPage\":{\"@id\":\"https:\\\/\\\/regions-snetap-fsu.fr\\\/pdl\\\/2018\\\/12\\\/05\\\/150-personnels-mobilises-pour-defendre-lenseignement-agricole-public-a-lepl-dangers\\\/#primaryimage\"},\"image\":{\"@id\":\"https:\\\/\\\/regions-snetap-fsu.fr\\\/pdl\\\/2018\\\/12\\\/05\\\/150-personnels-mobilises-pour-defendre-lenseignement-agricole-public-a-lepl-dangers\\\/#primaryimage\"},\"thumbnailUrl\":\"https:\\\/\\\/regions-snetap-fsu.fr\\\/pdl\\\/wp-content\\\/uploads\\\/sites\\\/4\\\/2018\\\/12\\\/20181130_090430-300x169.jpg\",\"datePublished\":\"2018-12-05T15:20:13+00:00\",\"dateModified\":\"2018-12-05T15:21:27+00:00\",\"breadcrumb\":{\"@id\":\"https:\\\/\\\/regions-snetap-fsu.fr\\\/pdl\\\/2018\\\/12\\\/05\\\/150-personnels-mobilises-pour-defendre-lenseignement-agricole-public-a-lepl-dangers\\\/#breadcrumb\"},\"inLanguage\":\"fr-FR\",\"potentialAction\":[{\"@type\":\"ReadAction\",\"target\":[\"https:\\\/\\\/regions-snetap-fsu.fr\\\/pdl\\\/2018\\\/12\\\/05\\\/150-personnels-mobilises-pour-defendre-lenseignement-agricole-public-a-lepl-dangers\\\/\"]}]},{\"@type\":\"ImageObject\",\"inLanguage\":\"fr-FR\",\"@id\":\"https:\\\/\\\/regions-snetap-fsu.fr\\\/pdl\\\/2018\\\/12\\\/05\\\/150-personnels-mobilises-pour-defendre-lenseignement-agricole-public-a-lepl-dangers\\\/#primaryimage\",\"url\":\"https:\\\/\\\/regions-snetap-fsu.fr\\\/pdl\\\/wp-content\\\/uploads\\\/sites\\\/4\\\/2018\\\/12\\\/20181130_090430.jpg\",\"contentUrl\":\"https:\\\/\\\/regions-snetap-fsu.fr\\\/pdl\\\/wp-content\\\/uploads\\\/sites\\\/4\\\/2018\\\/12\\\/20181130_090430.jpg\",\"width\":3264,\"height\":1836},{\"@type\":\"BreadcrumbList\",\"@id\":\"https:\\\/\\\/regions-snetap-fsu.fr\\\/pdl\\\/2018\\\/12\\\/05\\\/150-personnels-mobilises-pour-defendre-lenseignement-agricole-public-a-lepl-dangers\\\/#breadcrumb\",\"itemListElement\":[{\"@type\":\"ListItem\",\"position\":1,\"name\":\"Accueil\",\"item\":\"https:\\\/\\\/regions-snetap-fsu.fr\\\/pdl\\\/\"},{\"@type\":\"ListItem\",\"position\":2,\"name\":\"150 personnels mobilis\u00e9s pour d\u00e9fendre l&rsquo;enseignement agricole public \u00e0 l&rsquo;EPL d&rsquo;Angers !\"}]},{\"@type\":\"WebSite\",\"@id\":\"https:\\\/\\\/regions-snetap-fsu.fr\\\/pdl\\\/#website\",\"url\":\"https:\\\/\\\/regions-snetap-fsu.fr\\\/pdl\\\/\",\"name\":\"SNETAP-FSU PAYS DE LA LOIRE\",\"description\":\"SECTION REGIONALE\",\"publisher\":{\"@id\":\"https:\\\/\\\/regions-snetap-fsu.fr\\\/pdl\\\/#organization\"},\"potentialAction\":[{\"@type\":\"SearchAction\",\"target\":{\"@type\":\"EntryPoint\",\"urlTemplate\":\"https:\\\/\\\/regions-snetap-fsu.fr\\\/pdl\\\/?s={search_term_string}\"},\"query-input\":{\"@type\":\"PropertyValueSpecification\",\"valueRequired\":true,\"valueName\":\"search_term_string\"}}],\"inLanguage\":\"fr-FR\"},{\"@type\":\"Organization\",\"@id\":\"https:\\\/\\\/regions-snetap-fsu.fr\\\/pdl\\\/#organization\",\"name\":\"SNETAP-FSU Pays de Loire\",\"url\":\"https:\\\/\\\/regions-snetap-fsu.fr\\\/pdl\\\/\",\"logo\":{\"@type\":\"ImageObject\",\"inLanguage\":\"fr-FR\",\"@id\":\"https:\\\/\\\/regions-snetap-fsu.fr\\\/pdl\\\/#\\\/schema\\\/logo\\\/image\\\/\",\"url\":\"https:\\\/\\\/regions-snetap-fsu.fr\\\/pdl\\\/wp-content\\\/uploads\\\/sites\\\/4\\\/2020\\\/12\\\/SNETAP-Logo.jpg\",\"contentUrl\":\"https:\\\/\\\/regions-snetap-fsu.fr\\\/pdl\\\/wp-content\\\/uploads\\\/sites\\\/4\\\/2020\\\/12\\\/SNETAP-Logo.jpg\",\"width\":464,\"height\":334,\"caption\":\"SNETAP-FSU Pays de Loire\"},\"image\":{\"@id\":\"https:\\\/\\\/regions-snetap-fsu.fr\\\/pdl\\\/#\\\/schema\\\/logo\\\/image\\\/\"}},{\"@type\":\"Person\",\"@id\":\"https:\\\/\\\/regions-snetap-fsu.fr\\\/pdl\\\/#\\\/schema\\\/person\\\/d4530af043f9e8d27bdd71c468ec93b1\",\"name\":\"yvigner\",\"image\":{\"@type\":\"ImageObject\",\"inLanguage\":\"fr-FR\",\"@id\":\"https:\\\/\\\/secure.gravatar.com\\\/avatar\\\/bc72baa6f2406549aecf77a837bc4f03dbe88472c1762138f868571430a23820?s=96&d=mm&r=g\",\"url\":\"https:\\\/\\\/secure.gravatar.com\\\/avatar\\\/bc72baa6f2406549aecf77a837bc4f03dbe88472c1762138f868571430a23820?s=96&d=mm&r=g\",\"contentUrl\":\"https:\\\/\\\/secure.gravatar.com\\\/avatar\\\/bc72baa6f2406549aecf77a837bc4f03dbe88472c1762138f868571430a23820?s=96&d=mm&r=g\",\"caption\":\"yvigner\"},\"url\":\"https:\\\/\\\/regions-snetap-fsu.fr\\\/pdl\\\/author\\\/yvigner\\\/\"}]}<\/script>\n<!-- \/ Yoast SEO plugin. -->","yoast_head_json":{"title":"150 personnels mobilis\u00e9s pour d\u00e9fendre l'enseignement agricole public \u00e0 l'EPL d'Angers ! - PAYS DE LA LOIRE","robots":{"index":"index","follow":"follow","max-snippet":"max-snippet:-1","max-image-preview":"max-image-preview:large","max-video-preview":"max-video-preview:-1"},"canonical":"https:\/\/regions-snetap-fsu.fr\/pdl\/2018\/12\/05\/150-personnels-mobilises-pour-defendre-lenseignement-agricole-public-a-lepl-dangers\/","og_locale":"fr_FR","og_type":"article","og_title":"150 personnels mobilis\u00e9s pour d\u00e9fendre l'enseignement agricole public \u00e0 l'EPL d'Angers ! - PAYS DE LA LOIRE","og_description":"Plus de 150 personnes s&rsquo;\u00e9taient mobilis\u00e9es, ce vendredi 30 novembre pour accueillir les membres du Conseil d&rsquo;administration de l&rsquo;EPL Angers-Le Fresne (49). Les formateurs, les personnels administratifs, des cuisines, de l&rsquo; entretien, de l&rsquo; exploitation, des enseignants, des stagiaires de la formation continue \u00e9taient unis pour cette action.\u00a0Une haie d&rsquo; honneur et un grand vacarme [&hellip;]","og_url":"https:\/\/regions-snetap-fsu.fr\/pdl\/2018\/12\/05\/150-personnels-mobilises-pour-defendre-lenseignement-agricole-public-a-lepl-dangers\/","og_site_name":"PAYS DE LA LOIRE","article_published_time":"2018-12-05T15:20:13+00:00","article_modified_time":"2018-12-05T15:21:27+00:00","og_image":[{"url":"https:\/\/regions-snetap-fsu.fr\/pdl\/wp-content\/uploads\/sites\/4\/2018\/12\/20181130_090430-300x169.jpg","type":"","width":"","height":""}],"author":"yvigner","twitter_card":"summary_large_image","twitter_misc":{"\u00c9crit par":"yvigner","Dur\u00e9e de lecture estim\u00e9e":"2 minutes"},"schema":{"@context":"https:\/\/schema.org","@graph":[{"@type":"Article","@id":"https:\/\/regions-snetap-fsu.fr\/pdl\/2018\/12\/05\/150-personnels-mobilises-pour-defendre-lenseignement-agricole-public-a-lepl-dangers\/#article","isPartOf":{"@id":"https:\/\/regions-snetap-fsu.fr\/pdl\/2018\/12\/05\/150-personnels-mobilises-pour-defendre-lenseignement-agricole-public-a-lepl-dangers\/"},"author":{"name":"yvigner","@id":"https:\/\/regions-snetap-fsu.fr\/pdl\/#\/schema\/person\/d4530af043f9e8d27bdd71c468ec93b1"},"headline":"150 personnels mobilis\u00e9s pour d\u00e9fendre l&rsquo;enseignement agricole public \u00e0 l&rsquo;EPL d&rsquo;Angers !","datePublished":"2018-12-05T15:20:13+00:00","dateModified":"2018-12-05T15:21:27+00:00","mainEntityOfPage":{"@id":"https:\/\/regions-snetap-fsu.fr\/pdl\/2018\/12\/05\/150-personnels-mobilises-pour-defendre-lenseignement-agricole-public-a-lepl-dangers\/"},"wordCount":455,"publisher":{"@id":"https:\/\/regions-snetap-fsu.fr\/pdl\/#organization"},"image":{"@id":"https:\/\/regions-snetap-fsu.fr\/pdl\/2018\/12\/05\/150-personnels-mobilises-pour-defendre-lenseignement-agricole-public-a-lepl-dangers\/#primaryimage"},"thumbnailUrl":"https:\/\/regions-snetap-fsu.fr\/pdl\/wp-content\/uploads\/sites\/4\/2018\/12\/20181130_090430-300x169.jpg","articleSection":["Angers"],"inLanguage":"fr-FR"},{"@type":"WebPage","@id":"https:\/\/regions-snetap-fsu.fr\/pdl\/2018\/12\/05\/150-personnels-mobilises-pour-defendre-lenseignement-agricole-public-a-lepl-dangers\/","url":"https:\/\/regions-snetap-fsu.fr\/pdl\/2018\/12\/05\/150-personnels-mobilises-pour-defendre-lenseignement-agricole-public-a-lepl-dangers\/","name":"150 personnels mobilis\u00e9s pour d\u00e9fendre l'enseignement agricole public \u00e0 l'EPL d'Angers ! - PAYS DE LA LOIRE","isPartOf":{"@id":"https:\/\/regions-snetap-fsu.fr\/pdl\/#website"},"primaryImageOfPage":{"@id":"https:\/\/regions-snetap-fsu.fr\/pdl\/2018\/12\/05\/150-personnels-mobilises-pour-defendre-lenseignement-agricole-public-a-lepl-dangers\/#primaryimage"},"image":{"@id":"https:\/\/regions-snetap-fsu.fr\/pdl\/2018\/12\/05\/150-personnels-mobilises-pour-defendre-lenseignement-agricole-public-a-lepl-dangers\/#primaryimage"},"thumbnailUrl":"https:\/\/regions-snetap-fsu.fr\/pdl\/wp-content\/uploads\/sites\/4\/2018\/12\/20181130_090430-300x169.jpg","datePublished":"2018-12-05T15:20:13+00:00","dateModified":"2018-12-05T15:21:27+00:00","breadcrumb":{"@id":"https:\/\/regions-snetap-fsu.fr\/pdl\/2018\/12\/05\/150-personnels-mobilises-pour-defendre-lenseignement-agricole-public-a-lepl-dangers\/#breadcrumb"},"inLanguage":"fr-FR","potentialAction":[{"@type":"ReadAction","target":["https:\/\/regions-snetap-fsu.fr\/pdl\/2018\/12\/05\/150-personnels-mobilises-pour-defendre-lenseignement-agricole-public-a-lepl-dangers\/"]}]},{"@type":"ImageObject","inLanguage":"fr-FR","@id":"https:\/\/regions-snetap-fsu.fr\/pdl\/2018\/12\/05\/150-personnels-mobilises-pour-defendre-lenseignement-agricole-public-a-lepl-dangers\/#primaryimage","url":"https:\/\/regions-snetap-fsu.fr\/pdl\/wp-content\/uploads\/sites\/4\/2018\/12\/20181130_090430.jpg","contentUrl":"https:\/\/regions-snetap-fsu.fr\/pdl\/wp-content\/uploads\/sites\/4\/2018\/12\/20181130_090430.jpg","width":3264,"height":1836},{"@type":"BreadcrumbList","@id":"https:\/\/regions-snetap-fsu.fr\/pdl\/2018\/12\/05\/150-personnels-mobilises-pour-defendre-lenseignement-agricole-public-a-lepl-dangers\/#breadcrumb","itemListElement":[{"@type":"ListItem","position":1,"name":"Accueil","item":"https:\/\/regions-snetap-fsu.fr\/pdl\/"},{"@type":"ListItem","position":2,"name":"150 personnels mobilis\u00e9s pour d\u00e9fendre l&rsquo;enseignement agricole public \u00e0 l&rsquo;EPL d&rsquo;Angers !"}]},{"@type":"WebSite","@id":"https:\/\/regions-snetap-fsu.fr\/pdl\/#website","url":"https:\/\/regions-snetap-fsu.fr\/pdl\/","name":"SNETAP-FSU PAYS DE LA LOIRE","description":"SECTION REGIONALE","publisher":{"@id":"https:\/\/regions-snetap-fsu.fr\/pdl\/#organization"},"potentialAction":[{"@type":"SearchAction","target":{"@type":"EntryPoint","urlTemplate":"https:\/\/regions-snetap-fsu.fr\/pdl\/?s={search_term_string}"},"query-input":{"@type":"PropertyValueSpecification","valueRequired":true,"valueName":"search_term_string"}}],"inLanguage":"fr-FR"},{"@type":"Organization","@id":"https:\/\/regions-snetap-fsu.fr\/pdl\/#organization","name":"SNETAP-FSU Pays de Loire","url":"https:\/\/regions-snetap-fsu.fr\/pdl\/","logo":{"@type":"ImageObject","inLanguage":"fr-FR","@id":"https:\/\/regions-snetap-fsu.fr\/pdl\/#\/schema\/logo\/image\/","url":"https:\/\/regions-snetap-fsu.fr\/pdl\/wp-content\/uploads\/sites\/4\/2020\/12\/SNETAP-Logo.jpg","contentUrl":"https:\/\/regions-snetap-fsu.fr\/pdl\/wp-content\/uploads\/sites\/4\/2020\/12\/SNETAP-Logo.jpg","width":464,"height":334,"caption":"SNETAP-FSU Pays de Loire"},"image":{"@id":"https:\/\/regions-snetap-fsu.fr\/pdl\/#\/schema\/logo\/image\/"}},{"@type":"Person","@id":"https:\/\/regions-snetap-fsu.fr\/pdl\/#\/schema\/person\/d4530af043f9e8d27bdd71c468ec93b1","name":"yvigner","image":{"@type":"ImageObject","inLanguage":"fr-FR","@id":"https:\/\/secure.gravatar.com\/avatar\/bc72baa6f2406549aecf77a837bc4f03dbe88472c1762138f868571430a23820?s=96&d=mm&r=g","url":"https:\/\/secure.gravatar.com\/avatar\/bc72baa6f2406549aecf77a837bc4f03dbe88472c1762138f868571430a23820?s=96&d=mm&r=g","contentUrl":"https:\/\/secure.gravatar.com\/avatar\/bc72baa6f2406549aecf77a837bc4f03dbe88472c1762138f868571430a23820?s=96&d=mm&r=g","caption":"yvigner"},"url":"https:\/\/regions-snetap-fsu.fr\/pdl\/author\/yvigner\/"}]}},"_links":{"self":[{"href":"https:\/\/regions-snetap-fsu.fr\/pdl\/wp-json\/wp\/v2\/posts\/3093","targetHints":{"allow":["GET"]}}],"collection":[{"href":"https:\/\/regions-snetap-fsu.fr\/pdl\/wp-json\/wp\/v2\/posts"}],"about":[{"href":"https:\/\/regions-snetap-fsu.fr\/pdl\/wp-json\/wp\/v2\/types\/post"}],"author":[{"embeddable":true,"href":"https:\/\/regions-snetap-fsu.fr\/pdl\/wp-json\/wp\/v2\/users\/2"}],"replies":[{"embeddable":true,"href":"https:\/\/regions-snetap-fsu.fr\/pdl\/wp-json\/wp\/v2\/comments?post=3093"}],"version-history":[{"count":3,"href":"https:\/\/regions-snetap-fsu.fr\/pdl\/wp-json\/wp\/v2\/posts\/3093\/revisions"}],"predecessor-version":[{"id":3104,"href":"https:\/\/regions-snetap-fsu.fr\/pdl\/wp-json\/wp\/v2\/posts\/3093\/revisions\/3104"}],"wp:attachment":[{"href":"https:\/\/regions-snetap-fsu.fr\/pdl\/wp-json\/wp\/v2\/media?parent=3093"}],"wp:term":[{"taxonomy":"category","embeddable":true,"href":"https:\/\/regions-snetap-fsu.fr\/pdl\/wp-json\/wp\/v2\/categories?post=3093"},{"taxonomy":"post_tag","embeddable":true,"href":"https:\/\/regions-snetap-fsu.fr\/pdl\/wp-json\/wp\/v2\/tags?post=3093"},{"taxonomy":"post_folder","embeddable":true,"href":"https:\/\/regions-snetap-fsu.fr\/pdl\/wp-json\/wp\/v2\/post_folder?post=3093"}],"curies":[{"name":"wp","href":"https:\/\/api.w.org\/{rel}","templated":true}]}}