{"id":3086,"date":"2018-12-04T16:46:36","date_gmt":"2018-12-04T15:46:36","guid":{"rendered":"https:\/\/regions-snetap-fsu.fr\/pdl\/?p=3086"},"modified":"2018-12-04T16:53:50","modified_gmt":"2018-12-04T15:53:50","slug":"a-votre-mepris-nous-repondons-par-le-silence-pour-linstant","status":"publish","type":"post","link":"https:\/\/regions-snetap-fsu.fr\/pdl\/2018\/12\/04\/a-votre-mepris-nous-repondons-par-le-silence-pour-linstant\/","title":{"rendered":"A votre m\u00e9pris, nous repondrons par le silence&#8230;pour l&rsquo;instant"},"content":{"rendered":"<h3 style=\"text-align: justify;\">D\u00e9claration liminaire des \u00e9lus CGT SNETAP FSU au CA de l&rsquo;EPL Nantes Terre Atlantique du 4\/12<\/h3>\n<p style=\"text-align: justify;\">Madame la Pr\u00e9sidente<br \/>\nMesdames et messieurs les administrateurs et membres du Conseil d&rsquo;Administration de Nantes Terre Atlantique.<br \/>\nVoici un an presque jour pour jour, en s\u00e9ance du Conseil d&rsquo;administration, nous votions une motion quasi \u00e0 l&rsquo;unanimit\u00e9 pour demander une vraie analyse politique de la carte scolaire du bassin Nantais.<br \/>\nForce est de constater que malgr\u00e9 les appuis r\u00e9p\u00e9t\u00e9s des d\u00e9put\u00e9s concern\u00e9s, de la mairie de Saint-Herblain, de Madame la Pr\u00e9sidente de ce Conseil, des parents d&rsquo;\u00e9l\u00e8ves, des \u00e9l\u00e8ves et de la profession agricole, cette motion n&rsquo;a pas \u00e9t\u00e9 entendue.<br \/>\nPire, nous nous retrouvons aujourd&rsquo;hui r\u00e9unis pour faire le constat que le centralisme d\u00e9cisionnaire froid, nie toujours plus les territoires, leurs \u00e9volutions et l&rsquo;investissement fort de l&rsquo;ensemble de la communaut\u00e9 \u00e9ducative de cet \u00e9tablissement et de ses partenaires.<br \/>\nEn effet, contrairement aux engagements r\u00e9p\u00e9t\u00e9s du minist\u00e8re de l&rsquo;Agriculture de d\u00e9velopper l&rsquo;enseignement agricole public et de s&rsquo;engager vers un nouveau mod\u00e8le soci\u00e9tal d&rsquo;alimentation, nous venons d&rsquo;apprendre dans les instances r\u00e9gionales et par un avis tr\u00e8s laconique de la DGER que tous nos projets et demandes ont \u00e9t\u00e9 refus\u00e9s. Ceci confirme malheureusement bien que pour ces gens \u00ab hors sol \u00bb, d\u00e9velopper l&rsquo;Enseignement Agricole Public, c&rsquo;est supprimer des postes et ne pas tenir<br \/>\ncompte du travail fourni par l&rsquo;ensemble de la communaut\u00e9 de travail.<br \/>\nLa situation sur Nantes Terre Atlantique se r\u00e9sume ainsi tristement :<br \/>\n&#8211; Pas possibilit\u00e9 d&rsquo;accueillir tous les \u00e9l\u00e8ves qui le souhaitent dans une troisi\u00e8me seconde \u00e0 la rentr\u00e9e 2019 n\u00e9cessaire \u00e0 l&rsquo;\u00e9quilibre de ce lyc\u00e9e.<br \/>\n&#8211; Renoncement \u00e0 ouvrir une fili\u00e8re de formation \u00e0 des installations agricoles renouvel\u00e9es, avec l&rsquo;abandon de l&rsquo;ouverture du Bac Pro CGEA.<br \/>\n&#8211; La fin de non recevoir sur l&rsquo;acceptation d&rsquo;un sixi\u00e8me centre avec l&rsquo;atelier de la F\u00e9e au Duc qui s&rsquo;est pourtant inscrit comme incontournable, dans le nouveau paysage alimentaire de la r\u00e9gion nantaise.<br \/>\nDans un contexte national de r\u00e9formes qui se succ\u00e8dent \u00e0 marche forc\u00e9e, sans consultation aucune des organisations syndicales repr\u00e9sentatives, ces trois d\u00e9cisions prennent un contour tr\u00e8s inqui\u00e9tant et anxiog\u00e8ne pour l&rsquo;ensemble de la communaut\u00e9 \u00e9ducative. Elles interrogent donc tr\u00e8s fortement sur la volont\u00e9 et la capacit\u00e9 de notre gouvernement \u00e0 \u00e9couter et entendre. Elles posent donc r\u00e9ellement la question de la d\u00e9mocratie, alors que la situation de l&rsquo;Enseignement Agricole Public n\u00e9cessiterait une concertation constructive pour son avenir et celui de nos apprenant.e.s dont les familles ont fait le choix du service public d&rsquo;enseignement.<br \/>\nC&rsquo;est pourquoi aujourd&rsquo;hui apr\u00e8s avoir d\u00e9pos\u00e9 une nouvelle motion demandant express\u00e9ment une entrevue \u00e0 la DGER, demande d\u00e9j\u00e0 faite depuis 15 jours et sans r\u00e9ponse \u00e0 ce jour, (encore un bel exemple de m\u00e9pris), nous avons d\u00e9cid\u00e9 de si\u00e9ger \u00e0 ce Conseil d&rsquo;Administration mais sans intervenir. Nous voulons par cet acte manifester notre incompr\u00e9hension, notre indignation et notre m\u00e9contentement contre le m\u00e9pris affich\u00e9 par ce gouvernement pour la repr\u00e9sentation des personnels et donc la n\u00e9gation compl\u00e8te du \u00ab dialogue social \u00bb au niveau national.<\/p>\n<p style=\"text-align: justify;\">Les \u00e9lus CGT SNETAP FSU au CA de Nantes Terre Atlantique.<\/p>\n","protected":false},"excerpt":{"rendered":"<p>D\u00e9claration liminaire des \u00e9lus CGT SNETAP FSU au CA de l&rsquo;EPL Nantes Terre Atlantique du 4\/12 Madame la Pr\u00e9sidente Mesdames et messieurs les administrateurs et membres du Conseil d&rsquo;Administration de Nantes Terre Atlantique. Voici un an presque jour pour jour, en s\u00e9ance du Conseil d&rsquo;administration, nous votions une motion quasi \u00e0 l&rsquo;unanimit\u00e9 pour demander une [&hellip;]<\/p>\n","protected":false},"author":2,"featured_media":0,"comment_status":"closed","ping_status":"closed","sticky":false,"template":"","format":"standard","meta":{"ocean_post_layout":"","ocean_both_sidebars_style":"","ocean_both_sidebars_content_width":0,"ocean_both_sidebars_sidebars_width":0,"ocean_sidebar":"","ocean_second_sidebar":"","ocean_disable_margins":"enable","ocean_add_body_class":"","ocean_shortcode_before_top_bar":"","ocean_shortcode_after_top_bar":"","ocean_shortcode_before_header":"","ocean_shortcode_after_header":"","ocean_has_shortcode":"","ocean_shortcode_after_title":"","ocean_shortcode_before_footer_widgets":"","ocean_shortcode_after_footer_widgets":"","ocean_shortcode_before_footer_bottom":"","ocean_shortcode_after_footer_bottom":"","ocean_display_top_bar":"default","ocean_display_header":"default","ocean_header_style":"","ocean_center_header_left_menu":"","ocean_custom_header_template":"","ocean_custom_logo":0,"ocean_custom_retina_logo":0,"ocean_custom_logo_max_width":0,"ocean_custom_logo_tablet_max_width":0,"ocean_custom_logo_mobile_max_width":0,"ocean_custom_logo_max_height":0,"ocean_custom_logo_tablet_max_height":0,"ocean_custom_logo_mobile_max_height":0,"ocean_header_custom_menu":"","ocean_menu_typo_font_family":"","ocean_menu_typo_font_subset":"","ocean_menu_typo_font_size":0,"ocean_menu_typo_font_size_tablet":0,"ocean_menu_typo_font_size_mobile":0,"ocean_menu_typo_font_size_unit":"px","ocean_menu_typo_font_weight":"","ocean_menu_typo_font_weight_tablet":"","ocean_menu_typo_font_weight_mobile":"","ocean_menu_typo_transform":"","ocean_menu_typo_transform_tablet":"","ocean_menu_typo_transform_mobile":"","ocean_menu_typo_line_height":0,"ocean_menu_typo_line_height_tablet":0,"ocean_menu_typo_line_height_mobile":0,"ocean_menu_typo_line_height_unit":"","ocean_menu_typo_spacing":0,"ocean_menu_typo_spacing_tablet":0,"ocean_menu_typo_spacing_mobile":0,"ocean_menu_typo_spacing_unit":"","ocean_menu_link_color":"","ocean_menu_link_color_hover":"","ocean_menu_link_color_active":"","ocean_menu_link_background":"","ocean_menu_link_hover_background":"","ocean_menu_link_active_background":"","ocean_menu_social_links_bg":"","ocean_menu_social_hover_links_bg":"","ocean_menu_social_links_color":"","ocean_menu_social_hover_links_color":"","ocean_disable_title":"default","ocean_disable_heading":"default","ocean_post_title":"","ocean_post_subheading":"","ocean_post_title_style":"","ocean_post_title_background_color":"","ocean_post_title_background":0,"ocean_post_title_bg_image_position":"","ocean_post_title_bg_image_attachment":"","ocean_post_title_bg_image_repeat":"","ocean_post_title_bg_image_size":"","ocean_post_title_height":0,"ocean_post_title_bg_overlay":0.5,"ocean_post_title_bg_overlay_color":"","ocean_disable_breadcrumbs":"default","ocean_breadcrumbs_color":"","ocean_breadcrumbs_separator_color":"","ocean_breadcrumbs_links_color":"","ocean_breadcrumbs_links_hover_color":"","ocean_display_footer_widgets":"default","ocean_display_footer_bottom":"default","ocean_custom_footer_template":"","ocean_post_oembed":"","ocean_post_self_hosted_media":"","ocean_post_video_embed":"","ocean_link_format":"","ocean_link_format_target":"self","ocean_quote_format":"","ocean_quote_format_link":"post","ocean_gallery_link_images":"on","ocean_gallery_id":[],"footnotes":""},"categories":[24],"tags":[],"post_folder":[],"class_list":["post-3086","post","type-post","status-publish","format-standard","hentry","category-nantes-terre-atlantique","entry"],"yoast_head":"<!-- This site is optimized with the Yoast SEO plugin v27.4 - https:\/\/yoast.com\/product\/yoast-seo-wordpress\/ -->\n<title>A votre m\u00e9pris, nous repondrons par le silence...pour l&#039;instant - PAYS DE LA LOIRE<\/title>\n<meta name=\"robots\" content=\"index, follow, max-snippet:-1, max-image-preview:large, max-video-preview:-1\" \/>\n<link rel=\"canonical\" href=\"https:\/\/regions-snetap-fsu.fr\/pdl\/2018\/12\/04\/a-votre-mepris-nous-repondons-par-le-silence-pour-linstant\/\" \/>\n<meta property=\"og:locale\" content=\"fr_FR\" \/>\n<meta property=\"og:type\" content=\"article\" \/>\n<meta property=\"og:title\" content=\"A votre m\u00e9pris, nous repondrons par le silence...pour l&#039;instant - PAYS DE LA LOIRE\" \/>\n<meta property=\"og:description\" content=\"D\u00e9claration liminaire des \u00e9lus CGT SNETAP FSU au CA de l&rsquo;EPL Nantes Terre Atlantique du 4\/12 Madame la Pr\u00e9sidente Mesdames et messieurs les administrateurs et membres du Conseil d&rsquo;Administration de Nantes Terre Atlantique. Voici un an presque jour pour jour, en s\u00e9ance du Conseil d&rsquo;administration, nous votions une motion quasi \u00e0 l&rsquo;unanimit\u00e9 pour demander une [&hellip;]\" \/>\n<meta property=\"og:url\" content=\"https:\/\/regions-snetap-fsu.fr\/pdl\/2018\/12\/04\/a-votre-mepris-nous-repondons-par-le-silence-pour-linstant\/\" \/>\n<meta property=\"og:site_name\" content=\"PAYS DE LA LOIRE\" \/>\n<meta property=\"article:published_time\" content=\"2018-12-04T15:46:36+00:00\" \/>\n<meta property=\"article:modified_time\" content=\"2018-12-04T15:53:50+00:00\" \/>\n<meta name=\"author\" content=\"yvigner\" \/>\n<meta name=\"twitter:card\" content=\"summary_large_image\" \/>\n<meta name=\"twitter:label1\" content=\"\u00c9crit par\" \/>\n\t<meta name=\"twitter:data1\" content=\"yvigner\" \/>\n\t<meta name=\"twitter:label2\" content=\"Dur\u00e9e de lecture estim\u00e9e\" \/>\n\t<meta name=\"twitter:data2\" content=\"3 minutes\" \/>\n<script type=\"application\/ld+json\" class=\"yoast-schema-graph\">{\"@context\":\"https:\\\/\\\/schema.org\",\"@graph\":[{\"@type\":\"Article\",\"@id\":\"https:\\\/\\\/regions-snetap-fsu.fr\\\/pdl\\\/2018\\\/12\\\/04\\\/a-votre-mepris-nous-repondons-par-le-silence-pour-linstant\\\/#article\",\"isPartOf\":{\"@id\":\"https:\\\/\\\/regions-snetap-fsu.fr\\\/pdl\\\/2018\\\/12\\\/04\\\/a-votre-mepris-nous-repondons-par-le-silence-pour-linstant\\\/\"},\"author\":{\"name\":\"yvigner\",\"@id\":\"https:\\\/\\\/regions-snetap-fsu.fr\\\/pdl\\\/#\\\/schema\\\/person\\\/d4530af043f9e8d27bdd71c468ec93b1\"},\"headline\":\"A votre m\u00e9pris, nous repondrons par le silence&#8230;pour l&rsquo;instant\",\"datePublished\":\"2018-12-04T15:46:36+00:00\",\"dateModified\":\"2018-12-04T15:53:50+00:00\",\"mainEntityOfPage\":{\"@id\":\"https:\\\/\\\/regions-snetap-fsu.fr\\\/pdl\\\/2018\\\/12\\\/04\\\/a-votre-mepris-nous-repondons-par-le-silence-pour-linstant\\\/\"},\"wordCount\":593,\"publisher\":{\"@id\":\"https:\\\/\\\/regions-snetap-fsu.fr\\\/pdl\\\/#organization\"},\"articleSection\":[\"Nantes Terre Atlantique\"],\"inLanguage\":\"fr-FR\"},{\"@type\":\"WebPage\",\"@id\":\"https:\\\/\\\/regions-snetap-fsu.fr\\\/pdl\\\/2018\\\/12\\\/04\\\/a-votre-mepris-nous-repondons-par-le-silence-pour-linstant\\\/\",\"url\":\"https:\\\/\\\/regions-snetap-fsu.fr\\\/pdl\\\/2018\\\/12\\\/04\\\/a-votre-mepris-nous-repondons-par-le-silence-pour-linstant\\\/\",\"name\":\"A votre m\u00e9pris, nous repondrons par le silence...pour l'instant - PAYS DE LA LOIRE\",\"isPartOf\":{\"@id\":\"https:\\\/\\\/regions-snetap-fsu.fr\\\/pdl\\\/#website\"},\"datePublished\":\"2018-12-04T15:46:36+00:00\",\"dateModified\":\"2018-12-04T15:53:50+00:00\",\"breadcrumb\":{\"@id\":\"https:\\\/\\\/regions-snetap-fsu.fr\\\/pdl\\\/2018\\\/12\\\/04\\\/a-votre-mepris-nous-repondons-par-le-silence-pour-linstant\\\/#breadcrumb\"},\"inLanguage\":\"fr-FR\",\"potentialAction\":[{\"@type\":\"ReadAction\",\"target\":[\"https:\\\/\\\/regions-snetap-fsu.fr\\\/pdl\\\/2018\\\/12\\\/04\\\/a-votre-mepris-nous-repondons-par-le-silence-pour-linstant\\\/\"]}]},{\"@type\":\"BreadcrumbList\",\"@id\":\"https:\\\/\\\/regions-snetap-fsu.fr\\\/pdl\\\/2018\\\/12\\\/04\\\/a-votre-mepris-nous-repondons-par-le-silence-pour-linstant\\\/#breadcrumb\",\"itemListElement\":[{\"@type\":\"ListItem\",\"position\":1,\"name\":\"Accueil\",\"item\":\"https:\\\/\\\/regions-snetap-fsu.fr\\\/pdl\\\/\"},{\"@type\":\"ListItem\",\"position\":2,\"name\":\"A votre m\u00e9pris, nous repondrons par le silence&#8230;pour l&rsquo;instant\"}]},{\"@type\":\"WebSite\",\"@id\":\"https:\\\/\\\/regions-snetap-fsu.fr\\\/pdl\\\/#website\",\"url\":\"https:\\\/\\\/regions-snetap-fsu.fr\\\/pdl\\\/\",\"name\":\"SNETAP-FSU PAYS DE LA LOIRE\",\"description\":\"SECTION REGIONALE\",\"publisher\":{\"@id\":\"https:\\\/\\\/regions-snetap-fsu.fr\\\/pdl\\\/#organization\"},\"potentialAction\":[{\"@type\":\"SearchAction\",\"target\":{\"@type\":\"EntryPoint\",\"urlTemplate\":\"https:\\\/\\\/regions-snetap-fsu.fr\\\/pdl\\\/?s={search_term_string}\"},\"query-input\":{\"@type\":\"PropertyValueSpecification\",\"valueRequired\":true,\"valueName\":\"search_term_string\"}}],\"inLanguage\":\"fr-FR\"},{\"@type\":\"Organization\",\"@id\":\"https:\\\/\\\/regions-snetap-fsu.fr\\\/pdl\\\/#organization\",\"name\":\"SNETAP-FSU Pays de Loire\",\"url\":\"https:\\\/\\\/regions-snetap-fsu.fr\\\/pdl\\\/\",\"logo\":{\"@type\":\"ImageObject\",\"inLanguage\":\"fr-FR\",\"@id\":\"https:\\\/\\\/regions-snetap-fsu.fr\\\/pdl\\\/#\\\/schema\\\/logo\\\/image\\\/\",\"url\":\"https:\\\/\\\/regions-snetap-fsu.fr\\\/pdl\\\/wp-content\\\/uploads\\\/sites\\\/4\\\/2020\\\/12\\\/SNETAP-Logo.jpg\",\"contentUrl\":\"https:\\\/\\\/regions-snetap-fsu.fr\\\/pdl\\\/wp-content\\\/uploads\\\/sites\\\/4\\\/2020\\\/12\\\/SNETAP-Logo.jpg\",\"width\":464,\"height\":334,\"caption\":\"SNETAP-FSU Pays de Loire\"},\"image\":{\"@id\":\"https:\\\/\\\/regions-snetap-fsu.fr\\\/pdl\\\/#\\\/schema\\\/logo\\\/image\\\/\"}},{\"@type\":\"Person\",\"@id\":\"https:\\\/\\\/regions-snetap-fsu.fr\\\/pdl\\\/#\\\/schema\\\/person\\\/d4530af043f9e8d27bdd71c468ec93b1\",\"name\":\"yvigner\",\"image\":{\"@type\":\"ImageObject\",\"inLanguage\":\"fr-FR\",\"@id\":\"https:\\\/\\\/secure.gravatar.com\\\/avatar\\\/bc72baa6f2406549aecf77a837bc4f03dbe88472c1762138f868571430a23820?s=96&d=mm&r=g\",\"url\":\"https:\\\/\\\/secure.gravatar.com\\\/avatar\\\/bc72baa6f2406549aecf77a837bc4f03dbe88472c1762138f868571430a23820?s=96&d=mm&r=g\",\"contentUrl\":\"https:\\\/\\\/secure.gravatar.com\\\/avatar\\\/bc72baa6f2406549aecf77a837bc4f03dbe88472c1762138f868571430a23820?s=96&d=mm&r=g\",\"caption\":\"yvigner\"},\"url\":\"https:\\\/\\\/regions-snetap-fsu.fr\\\/pdl\\\/author\\\/yvigner\\\/\"}]}<\/script>\n<!-- \/ Yoast SEO plugin. -->","yoast_head_json":{"title":"A votre m\u00e9pris, nous repondrons par le silence...pour l'instant - PAYS DE LA LOIRE","robots":{"index":"index","follow":"follow","max-snippet":"max-snippet:-1","max-image-preview":"max-image-preview:large","max-video-preview":"max-video-preview:-1"},"canonical":"https:\/\/regions-snetap-fsu.fr\/pdl\/2018\/12\/04\/a-votre-mepris-nous-repondons-par-le-silence-pour-linstant\/","og_locale":"fr_FR","og_type":"article","og_title":"A votre m\u00e9pris, nous repondrons par le silence...pour l'instant - PAYS DE LA LOIRE","og_description":"D\u00e9claration liminaire des \u00e9lus CGT SNETAP FSU au CA de l&rsquo;EPL Nantes Terre Atlantique du 4\/12 Madame la Pr\u00e9sidente Mesdames et messieurs les administrateurs et membres du Conseil d&rsquo;Administration de Nantes Terre Atlantique. Voici un an presque jour pour jour, en s\u00e9ance du Conseil d&rsquo;administration, nous votions une motion quasi \u00e0 l&rsquo;unanimit\u00e9 pour demander une [&hellip;]","og_url":"https:\/\/regions-snetap-fsu.fr\/pdl\/2018\/12\/04\/a-votre-mepris-nous-repondons-par-le-silence-pour-linstant\/","og_site_name":"PAYS DE LA LOIRE","article_published_time":"2018-12-04T15:46:36+00:00","article_modified_time":"2018-12-04T15:53:50+00:00","author":"yvigner","twitter_card":"summary_large_image","twitter_misc":{"\u00c9crit par":"yvigner","Dur\u00e9e de lecture estim\u00e9e":"3 minutes"},"schema":{"@context":"https:\/\/schema.org","@graph":[{"@type":"Article","@id":"https:\/\/regions-snetap-fsu.fr\/pdl\/2018\/12\/04\/a-votre-mepris-nous-repondons-par-le-silence-pour-linstant\/#article","isPartOf":{"@id":"https:\/\/regions-snetap-fsu.fr\/pdl\/2018\/12\/04\/a-votre-mepris-nous-repondons-par-le-silence-pour-linstant\/"},"author":{"name":"yvigner","@id":"https:\/\/regions-snetap-fsu.fr\/pdl\/#\/schema\/person\/d4530af043f9e8d27bdd71c468ec93b1"},"headline":"A votre m\u00e9pris, nous repondrons par le silence&#8230;pour l&rsquo;instant","datePublished":"2018-12-04T15:46:36+00:00","dateModified":"2018-12-04T15:53:50+00:00","mainEntityOfPage":{"@id":"https:\/\/regions-snetap-fsu.fr\/pdl\/2018\/12\/04\/a-votre-mepris-nous-repondons-par-le-silence-pour-linstant\/"},"wordCount":593,"publisher":{"@id":"https:\/\/regions-snetap-fsu.fr\/pdl\/#organization"},"articleSection":["Nantes Terre Atlantique"],"inLanguage":"fr-FR"},{"@type":"WebPage","@id":"https:\/\/regions-snetap-fsu.fr\/pdl\/2018\/12\/04\/a-votre-mepris-nous-repondons-par-le-silence-pour-linstant\/","url":"https:\/\/regions-snetap-fsu.fr\/pdl\/2018\/12\/04\/a-votre-mepris-nous-repondons-par-le-silence-pour-linstant\/","name":"A votre m\u00e9pris, nous repondrons par le silence...pour l'instant - PAYS DE LA LOIRE","isPartOf":{"@id":"https:\/\/regions-snetap-fsu.fr\/pdl\/#website"},"datePublished":"2018-12-04T15:46:36+00:00","dateModified":"2018-12-04T15:53:50+00:00","breadcrumb":{"@id":"https:\/\/regions-snetap-fsu.fr\/pdl\/2018\/12\/04\/a-votre-mepris-nous-repondons-par-le-silence-pour-linstant\/#breadcrumb"},"inLanguage":"fr-FR","potentialAction":[{"@type":"ReadAction","target":["https:\/\/regions-snetap-fsu.fr\/pdl\/2018\/12\/04\/a-votre-mepris-nous-repondons-par-le-silence-pour-linstant\/"]}]},{"@type":"BreadcrumbList","@id":"https:\/\/regions-snetap-fsu.fr\/pdl\/2018\/12\/04\/a-votre-mepris-nous-repondons-par-le-silence-pour-linstant\/#breadcrumb","itemListElement":[{"@type":"ListItem","position":1,"name":"Accueil","item":"https:\/\/regions-snetap-fsu.fr\/pdl\/"},{"@type":"ListItem","position":2,"name":"A votre m\u00e9pris, nous repondrons par le silence&#8230;pour l&rsquo;instant"}]},{"@type":"WebSite","@id":"https:\/\/regions-snetap-fsu.fr\/pdl\/#website","url":"https:\/\/regions-snetap-fsu.fr\/pdl\/","name":"SNETAP-FSU PAYS DE LA LOIRE","description":"SECTION REGIONALE","publisher":{"@id":"https:\/\/regions-snetap-fsu.fr\/pdl\/#organization"},"potentialAction":[{"@type":"SearchAction","target":{"@type":"EntryPoint","urlTemplate":"https:\/\/regions-snetap-fsu.fr\/pdl\/?s={search_term_string}"},"query-input":{"@type":"PropertyValueSpecification","valueRequired":true,"valueName":"search_term_string"}}],"inLanguage":"fr-FR"},{"@type":"Organization","@id":"https:\/\/regions-snetap-fsu.fr\/pdl\/#organization","name":"SNETAP-FSU Pays de Loire","url":"https:\/\/regions-snetap-fsu.fr\/pdl\/","logo":{"@type":"ImageObject","inLanguage":"fr-FR","@id":"https:\/\/regions-snetap-fsu.fr\/pdl\/#\/schema\/logo\/image\/","url":"https:\/\/regions-snetap-fsu.fr\/pdl\/wp-content\/uploads\/sites\/4\/2020\/12\/SNETAP-Logo.jpg","contentUrl":"https:\/\/regions-snetap-fsu.fr\/pdl\/wp-content\/uploads\/sites\/4\/2020\/12\/SNETAP-Logo.jpg","width":464,"height":334,"caption":"SNETAP-FSU Pays de Loire"},"image":{"@id":"https:\/\/regions-snetap-fsu.fr\/pdl\/#\/schema\/logo\/image\/"}},{"@type":"Person","@id":"https:\/\/regions-snetap-fsu.fr\/pdl\/#\/schema\/person\/d4530af043f9e8d27bdd71c468ec93b1","name":"yvigner","image":{"@type":"ImageObject","inLanguage":"fr-FR","@id":"https:\/\/secure.gravatar.com\/avatar\/bc72baa6f2406549aecf77a837bc4f03dbe88472c1762138f868571430a23820?s=96&d=mm&r=g","url":"https:\/\/secure.gravatar.com\/avatar\/bc72baa6f2406549aecf77a837bc4f03dbe88472c1762138f868571430a23820?s=96&d=mm&r=g","contentUrl":"https:\/\/secure.gravatar.com\/avatar\/bc72baa6f2406549aecf77a837bc4f03dbe88472c1762138f868571430a23820?s=96&d=mm&r=g","caption":"yvigner"},"url":"https:\/\/regions-snetap-fsu.fr\/pdl\/author\/yvigner\/"}]}},"_links":{"self":[{"href":"https:\/\/regions-snetap-fsu.fr\/pdl\/wp-json\/wp\/v2\/posts\/3086","targetHints":{"allow":["GET"]}}],"collection":[{"href":"https:\/\/regions-snetap-fsu.fr\/pdl\/wp-json\/wp\/v2\/posts"}],"about":[{"href":"https:\/\/regions-snetap-fsu.fr\/pdl\/wp-json\/wp\/v2\/types\/post"}],"author":[{"embeddable":true,"href":"https:\/\/regions-snetap-fsu.fr\/pdl\/wp-json\/wp\/v2\/users\/2"}],"replies":[{"embeddable":true,"href":"https:\/\/regions-snetap-fsu.fr\/pdl\/wp-json\/wp\/v2\/comments?post=3086"}],"version-history":[{"count":6,"href":"https:\/\/regions-snetap-fsu.fr\/pdl\/wp-json\/wp\/v2\/posts\/3086\/revisions"}],"predecessor-version":[{"id":3092,"href":"https:\/\/regions-snetap-fsu.fr\/pdl\/wp-json\/wp\/v2\/posts\/3086\/revisions\/3092"}],"wp:attachment":[{"href":"https:\/\/regions-snetap-fsu.fr\/pdl\/wp-json\/wp\/v2\/media?parent=3086"}],"wp:term":[{"taxonomy":"category","embeddable":true,"href":"https:\/\/regions-snetap-fsu.fr\/pdl\/wp-json\/wp\/v2\/categories?post=3086"},{"taxonomy":"post_tag","embeddable":true,"href":"https:\/\/regions-snetap-fsu.fr\/pdl\/wp-json\/wp\/v2\/tags?post=3086"},{"taxonomy":"post_folder","embeddable":true,"href":"https:\/\/regions-snetap-fsu.fr\/pdl\/wp-json\/wp\/v2\/post_folder?post=3086"}],"curies":[{"name":"wp","href":"https:\/\/api.w.org\/{rel}","templated":true}]}}