{"id":3073,"date":"2018-01-10T23:28:13","date_gmt":"2018-01-10T22:28:13","guid":{"rendered":"https:\/\/regions-snetap-fsu.fr\/pdl\/?p=3073"},"modified":"2018-12-03T23:33:52","modified_gmt":"2018-12-03T22:33:52","slug":"la-territoriale-bulletin-de-la-fsu-au-conseil-regional-des-pays-de-la-loire","status":"publish","type":"post","link":"https:\/\/regions-snetap-fsu.fr\/pdl\/2018\/01\/10\/la-territoriale-bulletin-de-la-fsu-au-conseil-regional-des-pays-de-la-loire\/","title":{"rendered":"La TERRITORIALE Bulletin de la FSU au Conseil r\u00e9gional des Pays de la Loire"},"content":{"rendered":"<h3>Editorial :\u00a0Agents Territoriaux R\u00e9gionaux\u00a0des Lyc\u00e9es : 2018 on doit faire\u00a0mieux !<\/h3>\n<p style=\"text-align: justify;\">Actuellement non repr\u00e9sent\u00e9e dans\u00a0les instances du Conseil R\u00e9gional, la FSU\u00a0territoriale n\u2019en est pas moins pr\u00e9sente\u00a0dans les \u00e9tablissements et attentive au\u00a0sort des\u00a0 2400 agents territoriaux des\u00a0lyc\u00e9es dans notre r\u00e9gion, comme de celui\u00a0de toutes et tous les coll\u00e8gues sous\u00a0statuts pr\u00e9caires.\u00a0Certains sujets qui vous concernent\u00a0rel\u00e8vent bien \u00e9videmment de l \u2018\u00e9chelon\u00a0national. Il en est ainsi par exemple du\u00a0scandaleux r\u00e9tablissement du jour de\u00a0carence, de la volont\u00e9 de supprimer\u00a0encore 120 000 postes dans la Fonction\u00a0Publique (dont 70 000 dans la Fonction\u00a0Publique Territoriale ), du gel du point\u00a0d\u2019indice, du report d\u2019un an du calendrier\u00a0PPCR ou encore de\u00a0 l\u2019augmentation de la\u00a0CSG\u2026. La FSU et ses syndicats\u00a0interviennent sans rel\u00e2che pour s\u2019opposer\u00a0aux discours et mesures anti\u00a0fonctionnaires mais aussi pour faire des\u00a0propositions qui mettent en avant le\u00a0Service Public et ses Agents plut\u00f4t que de\u00a0les d\u00e9nigrer syst\u00e9matiquement !\u00a0D\u2019autres sujets sont trait\u00e9s au niveau\u00a0r\u00e9gional et m\u00eame local. A titre d\u2019exemple,\u00a0vous trouverez dans cette publication les\u00a0interventions de la FSU Territoriale des\u00a0Pays de la Loire sur les emplois dans les\u00a0EPL ou sur le soutien apport\u00e9 aux\u00a0coll\u00e8gues en contrats aid\u00e9s dans les\u00a0lyc\u00e9es agricoles publics.\u00a0En ce d\u00e9but d&rsquo;ann\u00e9e, la FSU Territoriale des\u00a0Pays de la Loire vous adresse ses v\u0153ux\u00a0 d\u2019un\u00a0meilleur avenir professionnel pour 2018 !\u00a0Que cela passe par une vraie reconnaissance\u00a0de votre travail et par des conditions de\u00a0travail et de r\u00e9mun\u00e9ration dignes de votre\u00a0implication individuelle et collective au\u00a0service des publics qui sont les v\u00f4tres !<\/p>\n<p style=\"text-align: right;\">G.PIGOIS,\u00a0Coordinateur Acad\u00e9mique de la FSU\u00a0des Pays de la Loire<\/p>\n<p><a href=\"https:\/\/regions-snetap-fsu.fr\/pdl\/wp-content\/uploads\/sites\/4\/2018\/05\/Bulletin-SNETAP-PDL-juin-2018.pdf\"><strong>Le bulletin \u00e0 t\u00e9l\u00e9charger ici<\/strong><\/a><\/p>\n\n\t\t<div class=\"wppdfemb-frame-container-1\" style=\"-webkit-overflow-scrolling:auto;\">\n\t\t\t<iframe class=\"pdfembed-iframe nonfullscreen wppdf-emb-iframe-1\"\n\t\t\t\tsrc=\"https:\/\/regions-snetap-fsu.fr\/pdl\/?pdfemb-data=eyJ1cmwiOiJodHRwczpcL1wvcmVnaW9ucy1zbmV0YXAtZnN1LmZyXC9wZGxcL3dwLWNvbnRlbnRcL3VwbG9hZHNcL3NpdGVzXC80XC8yMDE4XC8wNVwvQnVsbGV0aW4tU05FVEFQLVBETC1qdWluLTIwMTgucGRmIiwidGl0bGUiOiJCdWxsZXRpbiBTTkVUQVAgUERMIGp1aW4gMjAxOCIsImluZGV4IjoxLCJwZGZJRCI6MTg2MH0\"\n\t\t\t\ttitle=\"Bulletin SNETAP PDL juin 2018\"\t\t\t\tdata-pdf-id=\"1860\"\n\t\t\t\tdata-pdf-index=\"1\"\n\t\t\t\tstyle=\"border:none;width:100%;max-width:100%;height:100vh;\"\n\t\t\t\tscrolling=\"yes\">\n\t\t\t<\/iframe>\n\t\t<\/div>\n\n\t\t\n<p>&nbsp;<\/p>\n","protected":false},"excerpt":{"rendered":"<p>Editorial :\u00a0Agents Territoriaux R\u00e9gionaux\u00a0des Lyc\u00e9es : 2018 on doit faire\u00a0mieux ! Actuellement non repr\u00e9sent\u00e9e dans\u00a0les instances du Conseil R\u00e9gional, la FSU\u00a0territoriale n\u2019en est pas moins pr\u00e9sente\u00a0dans les \u00e9tablissements et attentive au\u00a0sort des\u00a0 2400 agents territoriaux des\u00a0lyc\u00e9es dans notre r\u00e9gion, comme de celui\u00a0de toutes et tous les coll\u00e8gues sous\u00a0statuts pr\u00e9caires.\u00a0Certains sujets qui vous concernent\u00a0rel\u00e8vent bien \u00e9videmment [&hellip;]<\/p>\n","protected":false},"author":2,"featured_media":0,"comment_status":"closed","ping_status":"closed","sticky":false,"template":"","format":"standard","meta":{"ocean_post_layout":"","ocean_both_sidebars_style":"","ocean_both_sidebars_content_width":0,"ocean_both_sidebars_sidebars_width":0,"ocean_sidebar":"","ocean_second_sidebar":"","ocean_disable_margins":"enable","ocean_add_body_class":"","ocean_shortcode_before_top_bar":"","ocean_shortcode_after_top_bar":"","ocean_shortcode_before_header":"","ocean_shortcode_after_header":"","ocean_has_shortcode":"","ocean_shortcode_after_title":"","ocean_shortcode_before_footer_widgets":"","ocean_shortcode_after_footer_widgets":"","ocean_shortcode_before_footer_bottom":"","ocean_shortcode_after_footer_bottom":"","ocean_display_top_bar":"default","ocean_display_header":"default","ocean_header_style":"","ocean_center_header_left_menu":"","ocean_custom_header_template":"","ocean_custom_logo":0,"ocean_custom_retina_logo":0,"ocean_custom_logo_max_width":0,"ocean_custom_logo_tablet_max_width":0,"ocean_custom_logo_mobile_max_width":0,"ocean_custom_logo_max_height":0,"ocean_custom_logo_tablet_max_height":0,"ocean_custom_logo_mobile_max_height":0,"ocean_header_custom_menu":"","ocean_menu_typo_font_family":"","ocean_menu_typo_font_subset":"","ocean_menu_typo_font_size":0,"ocean_menu_typo_font_size_tablet":0,"ocean_menu_typo_font_size_mobile":0,"ocean_menu_typo_font_size_unit":"px","ocean_menu_typo_font_weight":"","ocean_menu_typo_font_weight_tablet":"","ocean_menu_typo_font_weight_mobile":"","ocean_menu_typo_transform":"","ocean_menu_typo_transform_tablet":"","ocean_menu_typo_transform_mobile":"","ocean_menu_typo_line_height":0,"ocean_menu_typo_line_height_tablet":0,"ocean_menu_typo_line_height_mobile":0,"ocean_menu_typo_line_height_unit":"","ocean_menu_typo_spacing":0,"ocean_menu_typo_spacing_tablet":0,"ocean_menu_typo_spacing_mobile":0,"ocean_menu_typo_spacing_unit":"","ocean_menu_link_color":"","ocean_menu_link_color_hover":"","ocean_menu_link_color_active":"","ocean_menu_link_background":"","ocean_menu_link_hover_background":"","ocean_menu_link_active_background":"","ocean_menu_social_links_bg":"","ocean_menu_social_hover_links_bg":"","ocean_menu_social_links_color":"","ocean_menu_social_hover_links_color":"","ocean_disable_title":"default","ocean_disable_heading":"default","ocean_post_title":"","ocean_post_subheading":"","ocean_post_title_style":"","ocean_post_title_background_color":"","ocean_post_title_background":0,"ocean_post_title_bg_image_position":"","ocean_post_title_bg_image_attachment":"","ocean_post_title_bg_image_repeat":"","ocean_post_title_bg_image_size":"","ocean_post_title_height":0,"ocean_post_title_bg_overlay":0.5,"ocean_post_title_bg_overlay_color":"","ocean_disable_breadcrumbs":"default","ocean_breadcrumbs_color":"","ocean_breadcrumbs_separator_color":"","ocean_breadcrumbs_links_color":"","ocean_breadcrumbs_links_hover_color":"","ocean_display_footer_widgets":"default","ocean_display_footer_bottom":"default","ocean_custom_footer_template":"","ocean_post_oembed":"","ocean_post_self_hosted_media":"","ocean_post_video_embed":"","ocean_link_format":"","ocean_link_format_target":"self","ocean_quote_format":"","ocean_quote_format_link":"post","ocean_gallery_link_images":"on","ocean_gallery_id":[],"footnotes":""},"categories":[7],"tags":[],"post_folder":[],"class_list":["post-3073","post","type-post","status-publish","format-standard","hentry","category-conseil-regional","entry"],"yoast_head":"<!-- This site is optimized with the Yoast SEO plugin v27.4 - https:\/\/yoast.com\/product\/yoast-seo-wordpress\/ -->\n<title>La TERRITORIALE Bulletin de la FSU au Conseil r\u00e9gional des Pays de la Loire - PAYS DE LA LOIRE<\/title>\n<meta name=\"robots\" content=\"index, follow, max-snippet:-1, max-image-preview:large, max-video-preview:-1\" \/>\n<link rel=\"canonical\" href=\"https:\/\/regions-snetap-fsu.fr\/pdl\/2018\/01\/10\/la-territoriale-bulletin-de-la-fsu-au-conseil-regional-des-pays-de-la-loire\/\" \/>\n<meta property=\"og:locale\" content=\"fr_FR\" \/>\n<meta property=\"og:type\" content=\"article\" \/>\n<meta property=\"og:title\" content=\"La TERRITORIALE Bulletin de la FSU au Conseil r\u00e9gional des Pays de la Loire - PAYS DE LA LOIRE\" \/>\n<meta property=\"og:description\" content=\"Editorial :\u00a0Agents Territoriaux R\u00e9gionaux\u00a0des Lyc\u00e9es : 2018 on doit faire\u00a0mieux ! Actuellement non repr\u00e9sent\u00e9e dans\u00a0les instances du Conseil R\u00e9gional, la FSU\u00a0territoriale n\u2019en est pas moins pr\u00e9sente\u00a0dans les \u00e9tablissements et attentive au\u00a0sort des\u00a0 2400 agents territoriaux des\u00a0lyc\u00e9es dans notre r\u00e9gion, comme de celui\u00a0de toutes et tous les coll\u00e8gues sous\u00a0statuts pr\u00e9caires.\u00a0Certains sujets qui vous concernent\u00a0rel\u00e8vent bien \u00e9videmment [&hellip;]\" \/>\n<meta property=\"og:url\" content=\"https:\/\/regions-snetap-fsu.fr\/pdl\/2018\/01\/10\/la-territoriale-bulletin-de-la-fsu-au-conseil-regional-des-pays-de-la-loire\/\" \/>\n<meta property=\"og:site_name\" content=\"PAYS DE LA LOIRE\" \/>\n<meta property=\"article:published_time\" content=\"2018-01-10T22:28:13+00:00\" \/>\n<meta property=\"article:modified_time\" content=\"2018-12-03T22:33:52+00:00\" \/>\n<meta name=\"author\" content=\"yvigner\" \/>\n<meta name=\"twitter:card\" content=\"summary_large_image\" \/>\n<meta name=\"twitter:label1\" content=\"\u00c9crit par\" \/>\n\t<meta name=\"twitter:data1\" content=\"yvigner\" \/>\n\t<meta name=\"twitter:label2\" content=\"Dur\u00e9e de lecture estim\u00e9e\" \/>\n\t<meta name=\"twitter:data2\" content=\"2 minutes\" \/>\n<script type=\"application\/ld+json\" class=\"yoast-schema-graph\">{\"@context\":\"https:\\\/\\\/schema.org\",\"@graph\":[{\"@type\":\"Article\",\"@id\":\"https:\\\/\\\/regions-snetap-fsu.fr\\\/pdl\\\/2018\\\/01\\\/10\\\/la-territoriale-bulletin-de-la-fsu-au-conseil-regional-des-pays-de-la-loire\\\/#article\",\"isPartOf\":{\"@id\":\"https:\\\/\\\/regions-snetap-fsu.fr\\\/pdl\\\/2018\\\/01\\\/10\\\/la-territoriale-bulletin-de-la-fsu-au-conseil-regional-des-pays-de-la-loire\\\/\"},\"author\":{\"name\":\"yvigner\",\"@id\":\"https:\\\/\\\/regions-snetap-fsu.fr\\\/pdl\\\/#\\\/schema\\\/person\\\/d4530af043f9e8d27bdd71c468ec93b1\"},\"headline\":\"La TERRITORIALE Bulletin de la FSU au Conseil r\u00e9gional des Pays de la Loire\",\"datePublished\":\"2018-01-10T22:28:13+00:00\",\"dateModified\":\"2018-12-03T22:33:52+00:00\",\"mainEntityOfPage\":{\"@id\":\"https:\\\/\\\/regions-snetap-fsu.fr\\\/pdl\\\/2018\\\/01\\\/10\\\/la-territoriale-bulletin-de-la-fsu-au-conseil-regional-des-pays-de-la-loire\\\/\"},\"wordCount\":346,\"publisher\":{\"@id\":\"https:\\\/\\\/regions-snetap-fsu.fr\\\/pdl\\\/#organization\"},\"articleSection\":[\"Conseil r\u00e9gional\"],\"inLanguage\":\"fr-FR\"},{\"@type\":\"WebPage\",\"@id\":\"https:\\\/\\\/regions-snetap-fsu.fr\\\/pdl\\\/2018\\\/01\\\/10\\\/la-territoriale-bulletin-de-la-fsu-au-conseil-regional-des-pays-de-la-loire\\\/\",\"url\":\"https:\\\/\\\/regions-snetap-fsu.fr\\\/pdl\\\/2018\\\/01\\\/10\\\/la-territoriale-bulletin-de-la-fsu-au-conseil-regional-des-pays-de-la-loire\\\/\",\"name\":\"La TERRITORIALE Bulletin de la FSU au Conseil r\u00e9gional des Pays de la Loire - PAYS DE LA LOIRE\",\"isPartOf\":{\"@id\":\"https:\\\/\\\/regions-snetap-fsu.fr\\\/pdl\\\/#website\"},\"datePublished\":\"2018-01-10T22:28:13+00:00\",\"dateModified\":\"2018-12-03T22:33:52+00:00\",\"breadcrumb\":{\"@id\":\"https:\\\/\\\/regions-snetap-fsu.fr\\\/pdl\\\/2018\\\/01\\\/10\\\/la-territoriale-bulletin-de-la-fsu-au-conseil-regional-des-pays-de-la-loire\\\/#breadcrumb\"},\"inLanguage\":\"fr-FR\",\"potentialAction\":[{\"@type\":\"ReadAction\",\"target\":[\"https:\\\/\\\/regions-snetap-fsu.fr\\\/pdl\\\/2018\\\/01\\\/10\\\/la-territoriale-bulletin-de-la-fsu-au-conseil-regional-des-pays-de-la-loire\\\/\"]}]},{\"@type\":\"BreadcrumbList\",\"@id\":\"https:\\\/\\\/regions-snetap-fsu.fr\\\/pdl\\\/2018\\\/01\\\/10\\\/la-territoriale-bulletin-de-la-fsu-au-conseil-regional-des-pays-de-la-loire\\\/#breadcrumb\",\"itemListElement\":[{\"@type\":\"ListItem\",\"position\":1,\"name\":\"Accueil\",\"item\":\"https:\\\/\\\/regions-snetap-fsu.fr\\\/pdl\\\/\"},{\"@type\":\"ListItem\",\"position\":2,\"name\":\"La TERRITORIALE Bulletin de la FSU au Conseil r\u00e9gional des Pays de la Loire\"}]},{\"@type\":\"WebSite\",\"@id\":\"https:\\\/\\\/regions-snetap-fsu.fr\\\/pdl\\\/#website\",\"url\":\"https:\\\/\\\/regions-snetap-fsu.fr\\\/pdl\\\/\",\"name\":\"SNETAP-FSU PAYS DE LA LOIRE\",\"description\":\"SECTION REGIONALE\",\"publisher\":{\"@id\":\"https:\\\/\\\/regions-snetap-fsu.fr\\\/pdl\\\/#organization\"},\"potentialAction\":[{\"@type\":\"SearchAction\",\"target\":{\"@type\":\"EntryPoint\",\"urlTemplate\":\"https:\\\/\\\/regions-snetap-fsu.fr\\\/pdl\\\/?s={search_term_string}\"},\"query-input\":{\"@type\":\"PropertyValueSpecification\",\"valueRequired\":true,\"valueName\":\"search_term_string\"}}],\"inLanguage\":\"fr-FR\"},{\"@type\":\"Organization\",\"@id\":\"https:\\\/\\\/regions-snetap-fsu.fr\\\/pdl\\\/#organization\",\"name\":\"SNETAP-FSU Pays de Loire\",\"url\":\"https:\\\/\\\/regions-snetap-fsu.fr\\\/pdl\\\/\",\"logo\":{\"@type\":\"ImageObject\",\"inLanguage\":\"fr-FR\",\"@id\":\"https:\\\/\\\/regions-snetap-fsu.fr\\\/pdl\\\/#\\\/schema\\\/logo\\\/image\\\/\",\"url\":\"https:\\\/\\\/regions-snetap-fsu.fr\\\/pdl\\\/wp-content\\\/uploads\\\/sites\\\/4\\\/2020\\\/12\\\/SNETAP-Logo.jpg\",\"contentUrl\":\"https:\\\/\\\/regions-snetap-fsu.fr\\\/pdl\\\/wp-content\\\/uploads\\\/sites\\\/4\\\/2020\\\/12\\\/SNETAP-Logo.jpg\",\"width\":464,\"height\":334,\"caption\":\"SNETAP-FSU Pays de Loire\"},\"image\":{\"@id\":\"https:\\\/\\\/regions-snetap-fsu.fr\\\/pdl\\\/#\\\/schema\\\/logo\\\/image\\\/\"}},{\"@type\":\"Person\",\"@id\":\"https:\\\/\\\/regions-snetap-fsu.fr\\\/pdl\\\/#\\\/schema\\\/person\\\/d4530af043f9e8d27bdd71c468ec93b1\",\"name\":\"yvigner\",\"image\":{\"@type\":\"ImageObject\",\"inLanguage\":\"fr-FR\",\"@id\":\"https:\\\/\\\/secure.gravatar.com\\\/avatar\\\/bc72baa6f2406549aecf77a837bc4f03dbe88472c1762138f868571430a23820?s=96&d=mm&r=g\",\"url\":\"https:\\\/\\\/secure.gravatar.com\\\/avatar\\\/bc72baa6f2406549aecf77a837bc4f03dbe88472c1762138f868571430a23820?s=96&d=mm&r=g\",\"contentUrl\":\"https:\\\/\\\/secure.gravatar.com\\\/avatar\\\/bc72baa6f2406549aecf77a837bc4f03dbe88472c1762138f868571430a23820?s=96&d=mm&r=g\",\"caption\":\"yvigner\"},\"url\":\"https:\\\/\\\/regions-snetap-fsu.fr\\\/pdl\\\/author\\\/yvigner\\\/\"}]}<\/script>\n<!-- \/ Yoast SEO plugin. -->","yoast_head_json":{"title":"La TERRITORIALE Bulletin de la FSU au Conseil r\u00e9gional des Pays de la Loire - PAYS DE LA LOIRE","robots":{"index":"index","follow":"follow","max-snippet":"max-snippet:-1","max-image-preview":"max-image-preview:large","max-video-preview":"max-video-preview:-1"},"canonical":"https:\/\/regions-snetap-fsu.fr\/pdl\/2018\/01\/10\/la-territoriale-bulletin-de-la-fsu-au-conseil-regional-des-pays-de-la-loire\/","og_locale":"fr_FR","og_type":"article","og_title":"La TERRITORIALE Bulletin de la FSU au Conseil r\u00e9gional des Pays de la Loire - PAYS DE LA LOIRE","og_description":"Editorial :\u00a0Agents Territoriaux R\u00e9gionaux\u00a0des Lyc\u00e9es : 2018 on doit faire\u00a0mieux ! Actuellement non repr\u00e9sent\u00e9e dans\u00a0les instances du Conseil R\u00e9gional, la FSU\u00a0territoriale n\u2019en est pas moins pr\u00e9sente\u00a0dans les \u00e9tablissements et attentive au\u00a0sort des\u00a0 2400 agents territoriaux des\u00a0lyc\u00e9es dans notre r\u00e9gion, comme de celui\u00a0de toutes et tous les coll\u00e8gues sous\u00a0statuts pr\u00e9caires.\u00a0Certains sujets qui vous concernent\u00a0rel\u00e8vent bien \u00e9videmment [&hellip;]","og_url":"https:\/\/regions-snetap-fsu.fr\/pdl\/2018\/01\/10\/la-territoriale-bulletin-de-la-fsu-au-conseil-regional-des-pays-de-la-loire\/","og_site_name":"PAYS DE LA LOIRE","article_published_time":"2018-01-10T22:28:13+00:00","article_modified_time":"2018-12-03T22:33:52+00:00","author":"yvigner","twitter_card":"summary_large_image","twitter_misc":{"\u00c9crit par":"yvigner","Dur\u00e9e de lecture estim\u00e9e":"2 minutes"},"schema":{"@context":"https:\/\/schema.org","@graph":[{"@type":"Article","@id":"https:\/\/regions-snetap-fsu.fr\/pdl\/2018\/01\/10\/la-territoriale-bulletin-de-la-fsu-au-conseil-regional-des-pays-de-la-loire\/#article","isPartOf":{"@id":"https:\/\/regions-snetap-fsu.fr\/pdl\/2018\/01\/10\/la-territoriale-bulletin-de-la-fsu-au-conseil-regional-des-pays-de-la-loire\/"},"author":{"name":"yvigner","@id":"https:\/\/regions-snetap-fsu.fr\/pdl\/#\/schema\/person\/d4530af043f9e8d27bdd71c468ec93b1"},"headline":"La TERRITORIALE Bulletin de la FSU au Conseil r\u00e9gional des Pays de la Loire","datePublished":"2018-01-10T22:28:13+00:00","dateModified":"2018-12-03T22:33:52+00:00","mainEntityOfPage":{"@id":"https:\/\/regions-snetap-fsu.fr\/pdl\/2018\/01\/10\/la-territoriale-bulletin-de-la-fsu-au-conseil-regional-des-pays-de-la-loire\/"},"wordCount":346,"publisher":{"@id":"https:\/\/regions-snetap-fsu.fr\/pdl\/#organization"},"articleSection":["Conseil r\u00e9gional"],"inLanguage":"fr-FR"},{"@type":"WebPage","@id":"https:\/\/regions-snetap-fsu.fr\/pdl\/2018\/01\/10\/la-territoriale-bulletin-de-la-fsu-au-conseil-regional-des-pays-de-la-loire\/","url":"https:\/\/regions-snetap-fsu.fr\/pdl\/2018\/01\/10\/la-territoriale-bulletin-de-la-fsu-au-conseil-regional-des-pays-de-la-loire\/","name":"La TERRITORIALE Bulletin de la FSU au Conseil r\u00e9gional des Pays de la Loire - PAYS DE LA LOIRE","isPartOf":{"@id":"https:\/\/regions-snetap-fsu.fr\/pdl\/#website"},"datePublished":"2018-01-10T22:28:13+00:00","dateModified":"2018-12-03T22:33:52+00:00","breadcrumb":{"@id":"https:\/\/regions-snetap-fsu.fr\/pdl\/2018\/01\/10\/la-territoriale-bulletin-de-la-fsu-au-conseil-regional-des-pays-de-la-loire\/#breadcrumb"},"inLanguage":"fr-FR","potentialAction":[{"@type":"ReadAction","target":["https:\/\/regions-snetap-fsu.fr\/pdl\/2018\/01\/10\/la-territoriale-bulletin-de-la-fsu-au-conseil-regional-des-pays-de-la-loire\/"]}]},{"@type":"BreadcrumbList","@id":"https:\/\/regions-snetap-fsu.fr\/pdl\/2018\/01\/10\/la-territoriale-bulletin-de-la-fsu-au-conseil-regional-des-pays-de-la-loire\/#breadcrumb","itemListElement":[{"@type":"ListItem","position":1,"name":"Accueil","item":"https:\/\/regions-snetap-fsu.fr\/pdl\/"},{"@type":"ListItem","position":2,"name":"La TERRITORIALE Bulletin de la FSU au Conseil r\u00e9gional des Pays de la Loire"}]},{"@type":"WebSite","@id":"https:\/\/regions-snetap-fsu.fr\/pdl\/#website","url":"https:\/\/regions-snetap-fsu.fr\/pdl\/","name":"SNETAP-FSU PAYS DE LA LOIRE","description":"SECTION REGIONALE","publisher":{"@id":"https:\/\/regions-snetap-fsu.fr\/pdl\/#organization"},"potentialAction":[{"@type":"SearchAction","target":{"@type":"EntryPoint","urlTemplate":"https:\/\/regions-snetap-fsu.fr\/pdl\/?s={search_term_string}"},"query-input":{"@type":"PropertyValueSpecification","valueRequired":true,"valueName":"search_term_string"}}],"inLanguage":"fr-FR"},{"@type":"Organization","@id":"https:\/\/regions-snetap-fsu.fr\/pdl\/#organization","name":"SNETAP-FSU Pays de Loire","url":"https:\/\/regions-snetap-fsu.fr\/pdl\/","logo":{"@type":"ImageObject","inLanguage":"fr-FR","@id":"https:\/\/regions-snetap-fsu.fr\/pdl\/#\/schema\/logo\/image\/","url":"https:\/\/regions-snetap-fsu.fr\/pdl\/wp-content\/uploads\/sites\/4\/2020\/12\/SNETAP-Logo.jpg","contentUrl":"https:\/\/regions-snetap-fsu.fr\/pdl\/wp-content\/uploads\/sites\/4\/2020\/12\/SNETAP-Logo.jpg","width":464,"height":334,"caption":"SNETAP-FSU Pays de Loire"},"image":{"@id":"https:\/\/regions-snetap-fsu.fr\/pdl\/#\/schema\/logo\/image\/"}},{"@type":"Person","@id":"https:\/\/regions-snetap-fsu.fr\/pdl\/#\/schema\/person\/d4530af043f9e8d27bdd71c468ec93b1","name":"yvigner","image":{"@type":"ImageObject","inLanguage":"fr-FR","@id":"https:\/\/secure.gravatar.com\/avatar\/bc72baa6f2406549aecf77a837bc4f03dbe88472c1762138f868571430a23820?s=96&d=mm&r=g","url":"https:\/\/secure.gravatar.com\/avatar\/bc72baa6f2406549aecf77a837bc4f03dbe88472c1762138f868571430a23820?s=96&d=mm&r=g","contentUrl":"https:\/\/secure.gravatar.com\/avatar\/bc72baa6f2406549aecf77a837bc4f03dbe88472c1762138f868571430a23820?s=96&d=mm&r=g","caption":"yvigner"},"url":"https:\/\/regions-snetap-fsu.fr\/pdl\/author\/yvigner\/"}]}},"_links":{"self":[{"href":"https:\/\/regions-snetap-fsu.fr\/pdl\/wp-json\/wp\/v2\/posts\/3073","targetHints":{"allow":["GET"]}}],"collection":[{"href":"https:\/\/regions-snetap-fsu.fr\/pdl\/wp-json\/wp\/v2\/posts"}],"about":[{"href":"https:\/\/regions-snetap-fsu.fr\/pdl\/wp-json\/wp\/v2\/types\/post"}],"author":[{"embeddable":true,"href":"https:\/\/regions-snetap-fsu.fr\/pdl\/wp-json\/wp\/v2\/users\/2"}],"replies":[{"embeddable":true,"href":"https:\/\/regions-snetap-fsu.fr\/pdl\/wp-json\/wp\/v2\/comments?post=3073"}],"version-history":[{"count":1,"href":"https:\/\/regions-snetap-fsu.fr\/pdl\/wp-json\/wp\/v2\/posts\/3073\/revisions"}],"predecessor-version":[{"id":3074,"href":"https:\/\/regions-snetap-fsu.fr\/pdl\/wp-json\/wp\/v2\/posts\/3073\/revisions\/3074"}],"wp:attachment":[{"href":"https:\/\/regions-snetap-fsu.fr\/pdl\/wp-json\/wp\/v2\/media?parent=3073"}],"wp:term":[{"taxonomy":"category","embeddable":true,"href":"https:\/\/regions-snetap-fsu.fr\/pdl\/wp-json\/wp\/v2\/categories?post=3073"},{"taxonomy":"post_tag","embeddable":true,"href":"https:\/\/regions-snetap-fsu.fr\/pdl\/wp-json\/wp\/v2\/tags?post=3073"},{"taxonomy":"post_folder","embeddable":true,"href":"https:\/\/regions-snetap-fsu.fr\/pdl\/wp-json\/wp\/v2\/post_folder?post=3073"}],"curies":[{"name":"wp","href":"https:\/\/api.w.org\/{rel}","templated":true}]}}