{"id":3071,"date":"2017-11-22T23:23:42","date_gmt":"2017-11-22T22:23:42","guid":{"rendered":"https:\/\/regions-snetap-fsu.fr\/pdl\/?p=3071"},"modified":"2018-12-03T23:25:31","modified_gmt":"2018-12-03T22:25:31","slug":"carte-des-formations-professionnelles-initiales-vote-majoritaire-contre-au-caen","status":"publish","type":"post","link":"https:\/\/regions-snetap-fsu.fr\/pdl\/2017\/11\/22\/carte-des-formations-professionnelles-initiales-vote-majoritaire-contre-au-caen\/","title":{"rendered":"Carte des formations professionnelles initiales : Vote majoritaire CONTRE au\u00a0CAEN"},"content":{"rendered":"<p style=\"text-align: justify;\">Le projet d&rsquo;\u00e9volution de la carte des formations professionnelles initiales \u00e9tait pr\u00e9sent\u00e9 conjointement par le Conseil R\u00e9gional et le Rectorat au Conseil Acad\u00e9mique de l\u2019\u00c9ducation Nationale mardi 21 novembre. Les \u00e9lu.es de la FSU dans cette instance qui r\u00e9unit des repr\u00e9sentants des collectivit\u00e9s, des personnels et des usagers, ont exprim\u00e9 leur d\u00e9saccord sur de nombreux points de cette carte des formations :<\/p>\n<ul style=\"text-align: justify;\">\n<li>La m\u00e9thode d&rsquo;\u00e9laboration ne laisse\u00a0<b>aucune place \u00e0 la concertation avec les repr\u00e9sentant.es des personnels.<\/b>\u00a0Tout est boucl\u00e9 entre la R\u00e9gion, le Rectorat et les branches professionnelles en amont des instances o\u00f9 les repr\u00e9sentant.es des personnels ont tout juste le loisir d&rsquo;\u00e9mettre des commentaires.<\/li>\n<li><b>80% des ouvertures pr\u00e9vues le sont dans l&rsquo;enseignement priv\u00e9<\/b>\u00a0catholique et patronal.<\/li>\n<li>L&rsquo;\u00e9volution de la carte des formations\u00a0<b>privil\u00e9gie de fa\u00e7on outranci\u00e8re l&rsquo;apprentissage au d\u00e9triment des formations sous statut scolaire<\/b>. Les rares propositions d&rsquo;ouvertures de place en lyc\u00e9e professionnel ne sont que des transformations de capacit\u00e9s d&rsquo;accueil de scolaires en places pour des apprentis dans des classes mix\u00e9es. Ce mixage des publics est, le plus souvent, \u00ab\u00a0impos\u00e9\u00a0\u00bb aux \u00e9quipes p\u00e9dagogiques par un chantage \u00e0 la fermeture et donc aux postes.<\/li>\n<\/ul>\n<p><span style=\"font-size: 12pt;\"><b>La FSU, avec les organisations syndicales CGT, SUD, UNSA et FO, a donc vot\u00e9 contre (16 voix) ce projet de carte des formations qui n&rsquo;a obtenu que 8 voix.\u00a0<\/b><b>Les repr\u00e9sentant.es de ces organisations ont quitt\u00e9 la s\u00e9ance apr\u00e8s ce vote pour manifester leur opposition, tant sur la forme que sur le fond.<\/b><\/span><\/p>\n","protected":false},"excerpt":{"rendered":"<p>Le projet d&rsquo;\u00e9volution de la carte des formations professionnelles initiales \u00e9tait pr\u00e9sent\u00e9 conjointement par le Conseil R\u00e9gional et le Rectorat au Conseil Acad\u00e9mique de l\u2019\u00c9ducation Nationale mardi 21 novembre. Les \u00e9lu.es de la FSU dans cette instance qui r\u00e9unit des repr\u00e9sentants des collectivit\u00e9s, des personnels et des usagers, ont exprim\u00e9 leur d\u00e9saccord sur de nombreux [&hellip;]<\/p>\n","protected":false},"author":2,"featured_media":0,"comment_status":"closed","ping_status":"closed","sticky":false,"template":"","format":"standard","meta":{"ocean_post_layout":"","ocean_both_sidebars_style":"","ocean_both_sidebars_content_width":0,"ocean_both_sidebars_sidebars_width":0,"ocean_sidebar":"","ocean_second_sidebar":"","ocean_disable_margins":"enable","ocean_add_body_class":"","ocean_shortcode_before_top_bar":"","ocean_shortcode_after_top_bar":"","ocean_shortcode_before_header":"","ocean_shortcode_after_header":"","ocean_has_shortcode":"","ocean_shortcode_after_title":"","ocean_shortcode_before_footer_widgets":"","ocean_shortcode_after_footer_widgets":"","ocean_shortcode_before_footer_bottom":"","ocean_shortcode_after_footer_bottom":"","ocean_display_top_bar":"default","ocean_display_header":"default","ocean_header_style":"","ocean_center_header_left_menu":"","ocean_custom_header_template":"","ocean_custom_logo":0,"ocean_custom_retina_logo":0,"ocean_custom_logo_max_width":0,"ocean_custom_logo_tablet_max_width":0,"ocean_custom_logo_mobile_max_width":0,"ocean_custom_logo_max_height":0,"ocean_custom_logo_tablet_max_height":0,"ocean_custom_logo_mobile_max_height":0,"ocean_header_custom_menu":"","ocean_menu_typo_font_family":"","ocean_menu_typo_font_subset":"","ocean_menu_typo_font_size":0,"ocean_menu_typo_font_size_tablet":0,"ocean_menu_typo_font_size_mobile":0,"ocean_menu_typo_font_size_unit":"px","ocean_menu_typo_font_weight":"","ocean_menu_typo_font_weight_tablet":"","ocean_menu_typo_font_weight_mobile":"","ocean_menu_typo_transform":"","ocean_menu_typo_transform_tablet":"","ocean_menu_typo_transform_mobile":"","ocean_menu_typo_line_height":0,"ocean_menu_typo_line_height_tablet":0,"ocean_menu_typo_line_height_mobile":0,"ocean_menu_typo_line_height_unit":"","ocean_menu_typo_spacing":0,"ocean_menu_typo_spacing_tablet":0,"ocean_menu_typo_spacing_mobile":0,"ocean_menu_typo_spacing_unit":"","ocean_menu_link_color":"","ocean_menu_link_color_hover":"","ocean_menu_link_color_active":"","ocean_menu_link_background":"","ocean_menu_link_hover_background":"","ocean_menu_link_active_background":"","ocean_menu_social_links_bg":"","ocean_menu_social_hover_links_bg":"","ocean_menu_social_links_color":"","ocean_menu_social_hover_links_color":"","ocean_disable_title":"default","ocean_disable_heading":"default","ocean_post_title":"","ocean_post_subheading":"","ocean_post_title_style":"","ocean_post_title_background_color":"","ocean_post_title_background":0,"ocean_post_title_bg_image_position":"","ocean_post_title_bg_image_attachment":"","ocean_post_title_bg_image_repeat":"","ocean_post_title_bg_image_size":"","ocean_post_title_height":0,"ocean_post_title_bg_overlay":0.5,"ocean_post_title_bg_overlay_color":"","ocean_disable_breadcrumbs":"default","ocean_breadcrumbs_color":"","ocean_breadcrumbs_separator_color":"","ocean_breadcrumbs_links_color":"","ocean_breadcrumbs_links_hover_color":"","ocean_display_footer_widgets":"default","ocean_display_footer_bottom":"default","ocean_custom_footer_template":"","ocean_post_oembed":"","ocean_post_self_hosted_media":"","ocean_post_video_embed":"","ocean_link_format":"","ocean_link_format_target":"self","ocean_quote_format":"","ocean_quote_format_link":"post","ocean_gallery_link_images":"on","ocean_gallery_id":[],"footnotes":""},"categories":[32],"tags":[],"post_folder":[],"class_list":["post-3071","post","type-post","status-publish","format-standard","hentry","category-caen","entry"],"yoast_head":"<!-- This site is optimized with the Yoast SEO plugin v27.4 - https:\/\/yoast.com\/product\/yoast-seo-wordpress\/ -->\n<title>Carte des formations professionnelles initiales : Vote majoritaire CONTRE au\u00a0CAEN - PAYS DE LA LOIRE<\/title>\n<meta name=\"robots\" content=\"index, follow, max-snippet:-1, max-image-preview:large, max-video-preview:-1\" \/>\n<link rel=\"canonical\" href=\"https:\/\/regions-snetap-fsu.fr\/pdl\/2017\/11\/22\/carte-des-formations-professionnelles-initiales-vote-majoritaire-contre-au-caen\/\" \/>\n<meta property=\"og:locale\" content=\"fr_FR\" \/>\n<meta property=\"og:type\" content=\"article\" \/>\n<meta property=\"og:title\" content=\"Carte des formations professionnelles initiales : Vote majoritaire CONTRE au\u00a0CAEN - PAYS DE LA LOIRE\" \/>\n<meta property=\"og:description\" content=\"Le projet d&rsquo;\u00e9volution de la carte des formations professionnelles initiales \u00e9tait pr\u00e9sent\u00e9 conjointement par le Conseil R\u00e9gional et le Rectorat au Conseil Acad\u00e9mique de l\u2019\u00c9ducation Nationale mardi 21 novembre. Les \u00e9lu.es de la FSU dans cette instance qui r\u00e9unit des repr\u00e9sentants des collectivit\u00e9s, des personnels et des usagers, ont exprim\u00e9 leur d\u00e9saccord sur de nombreux [&hellip;]\" \/>\n<meta property=\"og:url\" content=\"https:\/\/regions-snetap-fsu.fr\/pdl\/2017\/11\/22\/carte-des-formations-professionnelles-initiales-vote-majoritaire-contre-au-caen\/\" \/>\n<meta property=\"og:site_name\" content=\"PAYS DE LA LOIRE\" \/>\n<meta property=\"article:published_time\" content=\"2017-11-22T22:23:42+00:00\" \/>\n<meta property=\"article:modified_time\" content=\"2018-12-03T22:25:31+00:00\" \/>\n<meta name=\"author\" content=\"yvigner\" \/>\n<meta name=\"twitter:card\" content=\"summary_large_image\" \/>\n<meta name=\"twitter:label1\" content=\"\u00c9crit par\" \/>\n\t<meta name=\"twitter:data1\" content=\"yvigner\" \/>\n\t<meta name=\"twitter:label2\" content=\"Dur\u00e9e de lecture estim\u00e9e\" \/>\n\t<meta name=\"twitter:data2\" content=\"1 minute\" \/>\n<script type=\"application\/ld+json\" class=\"yoast-schema-graph\">{\"@context\":\"https:\\\/\\\/schema.org\",\"@graph\":[{\"@type\":\"Article\",\"@id\":\"https:\\\/\\\/regions-snetap-fsu.fr\\\/pdl\\\/2017\\\/11\\\/22\\\/carte-des-formations-professionnelles-initiales-vote-majoritaire-contre-au-caen\\\/#article\",\"isPartOf\":{\"@id\":\"https:\\\/\\\/regions-snetap-fsu.fr\\\/pdl\\\/2017\\\/11\\\/22\\\/carte-des-formations-professionnelles-initiales-vote-majoritaire-contre-au-caen\\\/\"},\"author\":{\"name\":\"yvigner\",\"@id\":\"https:\\\/\\\/regions-snetap-fsu.fr\\\/pdl\\\/#\\\/schema\\\/person\\\/d4530af043f9e8d27bdd71c468ec93b1\"},\"headline\":\"Carte des formations professionnelles initiales : Vote majoritaire CONTRE au\u00a0CAEN\",\"datePublished\":\"2017-11-22T22:23:42+00:00\",\"dateModified\":\"2018-12-03T22:25:31+00:00\",\"mainEntityOfPage\":{\"@id\":\"https:\\\/\\\/regions-snetap-fsu.fr\\\/pdl\\\/2017\\\/11\\\/22\\\/carte-des-formations-professionnelles-initiales-vote-majoritaire-contre-au-caen\\\/\"},\"wordCount\":279,\"publisher\":{\"@id\":\"https:\\\/\\\/regions-snetap-fsu.fr\\\/pdl\\\/#organization\"},\"articleSection\":[\"CAEN\"],\"inLanguage\":\"fr-FR\"},{\"@type\":\"WebPage\",\"@id\":\"https:\\\/\\\/regions-snetap-fsu.fr\\\/pdl\\\/2017\\\/11\\\/22\\\/carte-des-formations-professionnelles-initiales-vote-majoritaire-contre-au-caen\\\/\",\"url\":\"https:\\\/\\\/regions-snetap-fsu.fr\\\/pdl\\\/2017\\\/11\\\/22\\\/carte-des-formations-professionnelles-initiales-vote-majoritaire-contre-au-caen\\\/\",\"name\":\"Carte des formations professionnelles initiales : Vote majoritaire CONTRE au\u00a0CAEN - PAYS DE LA LOIRE\",\"isPartOf\":{\"@id\":\"https:\\\/\\\/regions-snetap-fsu.fr\\\/pdl\\\/#website\"},\"datePublished\":\"2017-11-22T22:23:42+00:00\",\"dateModified\":\"2018-12-03T22:25:31+00:00\",\"breadcrumb\":{\"@id\":\"https:\\\/\\\/regions-snetap-fsu.fr\\\/pdl\\\/2017\\\/11\\\/22\\\/carte-des-formations-professionnelles-initiales-vote-majoritaire-contre-au-caen\\\/#breadcrumb\"},\"inLanguage\":\"fr-FR\",\"potentialAction\":[{\"@type\":\"ReadAction\",\"target\":[\"https:\\\/\\\/regions-snetap-fsu.fr\\\/pdl\\\/2017\\\/11\\\/22\\\/carte-des-formations-professionnelles-initiales-vote-majoritaire-contre-au-caen\\\/\"]}]},{\"@type\":\"BreadcrumbList\",\"@id\":\"https:\\\/\\\/regions-snetap-fsu.fr\\\/pdl\\\/2017\\\/11\\\/22\\\/carte-des-formations-professionnelles-initiales-vote-majoritaire-contre-au-caen\\\/#breadcrumb\",\"itemListElement\":[{\"@type\":\"ListItem\",\"position\":1,\"name\":\"Accueil\",\"item\":\"https:\\\/\\\/regions-snetap-fsu.fr\\\/pdl\\\/\"},{\"@type\":\"ListItem\",\"position\":2,\"name\":\"Carte des formations professionnelles initiales : Vote majoritaire CONTRE au\u00a0CAEN\"}]},{\"@type\":\"WebSite\",\"@id\":\"https:\\\/\\\/regions-snetap-fsu.fr\\\/pdl\\\/#website\",\"url\":\"https:\\\/\\\/regions-snetap-fsu.fr\\\/pdl\\\/\",\"name\":\"SNETAP-FSU PAYS DE LA LOIRE\",\"description\":\"SECTION REGIONALE\",\"publisher\":{\"@id\":\"https:\\\/\\\/regions-snetap-fsu.fr\\\/pdl\\\/#organization\"},\"potentialAction\":[{\"@type\":\"SearchAction\",\"target\":{\"@type\":\"EntryPoint\",\"urlTemplate\":\"https:\\\/\\\/regions-snetap-fsu.fr\\\/pdl\\\/?s={search_term_string}\"},\"query-input\":{\"@type\":\"PropertyValueSpecification\",\"valueRequired\":true,\"valueName\":\"search_term_string\"}}],\"inLanguage\":\"fr-FR\"},{\"@type\":\"Organization\",\"@id\":\"https:\\\/\\\/regions-snetap-fsu.fr\\\/pdl\\\/#organization\",\"name\":\"SNETAP-FSU Pays de Loire\",\"url\":\"https:\\\/\\\/regions-snetap-fsu.fr\\\/pdl\\\/\",\"logo\":{\"@type\":\"ImageObject\",\"inLanguage\":\"fr-FR\",\"@id\":\"https:\\\/\\\/regions-snetap-fsu.fr\\\/pdl\\\/#\\\/schema\\\/logo\\\/image\\\/\",\"url\":\"https:\\\/\\\/regions-snetap-fsu.fr\\\/pdl\\\/wp-content\\\/uploads\\\/sites\\\/4\\\/2020\\\/12\\\/SNETAP-Logo.jpg\",\"contentUrl\":\"https:\\\/\\\/regions-snetap-fsu.fr\\\/pdl\\\/wp-content\\\/uploads\\\/sites\\\/4\\\/2020\\\/12\\\/SNETAP-Logo.jpg\",\"width\":464,\"height\":334,\"caption\":\"SNETAP-FSU Pays de Loire\"},\"image\":{\"@id\":\"https:\\\/\\\/regions-snetap-fsu.fr\\\/pdl\\\/#\\\/schema\\\/logo\\\/image\\\/\"}},{\"@type\":\"Person\",\"@id\":\"https:\\\/\\\/regions-snetap-fsu.fr\\\/pdl\\\/#\\\/schema\\\/person\\\/d4530af043f9e8d27bdd71c468ec93b1\",\"name\":\"yvigner\",\"image\":{\"@type\":\"ImageObject\",\"inLanguage\":\"fr-FR\",\"@id\":\"https:\\\/\\\/secure.gravatar.com\\\/avatar\\\/bc72baa6f2406549aecf77a837bc4f03dbe88472c1762138f868571430a23820?s=96&d=mm&r=g\",\"url\":\"https:\\\/\\\/secure.gravatar.com\\\/avatar\\\/bc72baa6f2406549aecf77a837bc4f03dbe88472c1762138f868571430a23820?s=96&d=mm&r=g\",\"contentUrl\":\"https:\\\/\\\/secure.gravatar.com\\\/avatar\\\/bc72baa6f2406549aecf77a837bc4f03dbe88472c1762138f868571430a23820?s=96&d=mm&r=g\",\"caption\":\"yvigner\"},\"url\":\"https:\\\/\\\/regions-snetap-fsu.fr\\\/pdl\\\/author\\\/yvigner\\\/\"}]}<\/script>\n<!-- \/ Yoast SEO plugin. -->","yoast_head_json":{"title":"Carte des formations professionnelles initiales : Vote majoritaire CONTRE au\u00a0CAEN - PAYS DE LA LOIRE","robots":{"index":"index","follow":"follow","max-snippet":"max-snippet:-1","max-image-preview":"max-image-preview:large","max-video-preview":"max-video-preview:-1"},"canonical":"https:\/\/regions-snetap-fsu.fr\/pdl\/2017\/11\/22\/carte-des-formations-professionnelles-initiales-vote-majoritaire-contre-au-caen\/","og_locale":"fr_FR","og_type":"article","og_title":"Carte des formations professionnelles initiales : Vote majoritaire CONTRE au\u00a0CAEN - PAYS DE LA LOIRE","og_description":"Le projet d&rsquo;\u00e9volution de la carte des formations professionnelles initiales \u00e9tait pr\u00e9sent\u00e9 conjointement par le Conseil R\u00e9gional et le Rectorat au Conseil Acad\u00e9mique de l\u2019\u00c9ducation Nationale mardi 21 novembre. Les \u00e9lu.es de la FSU dans cette instance qui r\u00e9unit des repr\u00e9sentants des collectivit\u00e9s, des personnels et des usagers, ont exprim\u00e9 leur d\u00e9saccord sur de nombreux [&hellip;]","og_url":"https:\/\/regions-snetap-fsu.fr\/pdl\/2017\/11\/22\/carte-des-formations-professionnelles-initiales-vote-majoritaire-contre-au-caen\/","og_site_name":"PAYS DE LA LOIRE","article_published_time":"2017-11-22T22:23:42+00:00","article_modified_time":"2018-12-03T22:25:31+00:00","author":"yvigner","twitter_card":"summary_large_image","twitter_misc":{"\u00c9crit par":"yvigner","Dur\u00e9e de lecture estim\u00e9e":"1 minute"},"schema":{"@context":"https:\/\/schema.org","@graph":[{"@type":"Article","@id":"https:\/\/regions-snetap-fsu.fr\/pdl\/2017\/11\/22\/carte-des-formations-professionnelles-initiales-vote-majoritaire-contre-au-caen\/#article","isPartOf":{"@id":"https:\/\/regions-snetap-fsu.fr\/pdl\/2017\/11\/22\/carte-des-formations-professionnelles-initiales-vote-majoritaire-contre-au-caen\/"},"author":{"name":"yvigner","@id":"https:\/\/regions-snetap-fsu.fr\/pdl\/#\/schema\/person\/d4530af043f9e8d27bdd71c468ec93b1"},"headline":"Carte des formations professionnelles initiales : Vote majoritaire CONTRE au\u00a0CAEN","datePublished":"2017-11-22T22:23:42+00:00","dateModified":"2018-12-03T22:25:31+00:00","mainEntityOfPage":{"@id":"https:\/\/regions-snetap-fsu.fr\/pdl\/2017\/11\/22\/carte-des-formations-professionnelles-initiales-vote-majoritaire-contre-au-caen\/"},"wordCount":279,"publisher":{"@id":"https:\/\/regions-snetap-fsu.fr\/pdl\/#organization"},"articleSection":["CAEN"],"inLanguage":"fr-FR"},{"@type":"WebPage","@id":"https:\/\/regions-snetap-fsu.fr\/pdl\/2017\/11\/22\/carte-des-formations-professionnelles-initiales-vote-majoritaire-contre-au-caen\/","url":"https:\/\/regions-snetap-fsu.fr\/pdl\/2017\/11\/22\/carte-des-formations-professionnelles-initiales-vote-majoritaire-contre-au-caen\/","name":"Carte des formations professionnelles initiales : Vote majoritaire CONTRE au\u00a0CAEN - PAYS DE LA LOIRE","isPartOf":{"@id":"https:\/\/regions-snetap-fsu.fr\/pdl\/#website"},"datePublished":"2017-11-22T22:23:42+00:00","dateModified":"2018-12-03T22:25:31+00:00","breadcrumb":{"@id":"https:\/\/regions-snetap-fsu.fr\/pdl\/2017\/11\/22\/carte-des-formations-professionnelles-initiales-vote-majoritaire-contre-au-caen\/#breadcrumb"},"inLanguage":"fr-FR","potentialAction":[{"@type":"ReadAction","target":["https:\/\/regions-snetap-fsu.fr\/pdl\/2017\/11\/22\/carte-des-formations-professionnelles-initiales-vote-majoritaire-contre-au-caen\/"]}]},{"@type":"BreadcrumbList","@id":"https:\/\/regions-snetap-fsu.fr\/pdl\/2017\/11\/22\/carte-des-formations-professionnelles-initiales-vote-majoritaire-contre-au-caen\/#breadcrumb","itemListElement":[{"@type":"ListItem","position":1,"name":"Accueil","item":"https:\/\/regions-snetap-fsu.fr\/pdl\/"},{"@type":"ListItem","position":2,"name":"Carte des formations professionnelles initiales : Vote majoritaire CONTRE au\u00a0CAEN"}]},{"@type":"WebSite","@id":"https:\/\/regions-snetap-fsu.fr\/pdl\/#website","url":"https:\/\/regions-snetap-fsu.fr\/pdl\/","name":"SNETAP-FSU PAYS DE LA LOIRE","description":"SECTION REGIONALE","publisher":{"@id":"https:\/\/regions-snetap-fsu.fr\/pdl\/#organization"},"potentialAction":[{"@type":"SearchAction","target":{"@type":"EntryPoint","urlTemplate":"https:\/\/regions-snetap-fsu.fr\/pdl\/?s={search_term_string}"},"query-input":{"@type":"PropertyValueSpecification","valueRequired":true,"valueName":"search_term_string"}}],"inLanguage":"fr-FR"},{"@type":"Organization","@id":"https:\/\/regions-snetap-fsu.fr\/pdl\/#organization","name":"SNETAP-FSU Pays de Loire","url":"https:\/\/regions-snetap-fsu.fr\/pdl\/","logo":{"@type":"ImageObject","inLanguage":"fr-FR","@id":"https:\/\/regions-snetap-fsu.fr\/pdl\/#\/schema\/logo\/image\/","url":"https:\/\/regions-snetap-fsu.fr\/pdl\/wp-content\/uploads\/sites\/4\/2020\/12\/SNETAP-Logo.jpg","contentUrl":"https:\/\/regions-snetap-fsu.fr\/pdl\/wp-content\/uploads\/sites\/4\/2020\/12\/SNETAP-Logo.jpg","width":464,"height":334,"caption":"SNETAP-FSU Pays de Loire"},"image":{"@id":"https:\/\/regions-snetap-fsu.fr\/pdl\/#\/schema\/logo\/image\/"}},{"@type":"Person","@id":"https:\/\/regions-snetap-fsu.fr\/pdl\/#\/schema\/person\/d4530af043f9e8d27bdd71c468ec93b1","name":"yvigner","image":{"@type":"ImageObject","inLanguage":"fr-FR","@id":"https:\/\/secure.gravatar.com\/avatar\/bc72baa6f2406549aecf77a837bc4f03dbe88472c1762138f868571430a23820?s=96&d=mm&r=g","url":"https:\/\/secure.gravatar.com\/avatar\/bc72baa6f2406549aecf77a837bc4f03dbe88472c1762138f868571430a23820?s=96&d=mm&r=g","contentUrl":"https:\/\/secure.gravatar.com\/avatar\/bc72baa6f2406549aecf77a837bc4f03dbe88472c1762138f868571430a23820?s=96&d=mm&r=g","caption":"yvigner"},"url":"https:\/\/regions-snetap-fsu.fr\/pdl\/author\/yvigner\/"}]}},"_links":{"self":[{"href":"https:\/\/regions-snetap-fsu.fr\/pdl\/wp-json\/wp\/v2\/posts\/3071","targetHints":{"allow":["GET"]}}],"collection":[{"href":"https:\/\/regions-snetap-fsu.fr\/pdl\/wp-json\/wp\/v2\/posts"}],"about":[{"href":"https:\/\/regions-snetap-fsu.fr\/pdl\/wp-json\/wp\/v2\/types\/post"}],"author":[{"embeddable":true,"href":"https:\/\/regions-snetap-fsu.fr\/pdl\/wp-json\/wp\/v2\/users\/2"}],"replies":[{"embeddable":true,"href":"https:\/\/regions-snetap-fsu.fr\/pdl\/wp-json\/wp\/v2\/comments?post=3071"}],"version-history":[{"count":1,"href":"https:\/\/regions-snetap-fsu.fr\/pdl\/wp-json\/wp\/v2\/posts\/3071\/revisions"}],"predecessor-version":[{"id":3072,"href":"https:\/\/regions-snetap-fsu.fr\/pdl\/wp-json\/wp\/v2\/posts\/3071\/revisions\/3072"}],"wp:attachment":[{"href":"https:\/\/regions-snetap-fsu.fr\/pdl\/wp-json\/wp\/v2\/media?parent=3071"}],"wp:term":[{"taxonomy":"category","embeddable":true,"href":"https:\/\/regions-snetap-fsu.fr\/pdl\/wp-json\/wp\/v2\/categories?post=3071"},{"taxonomy":"post_tag","embeddable":true,"href":"https:\/\/regions-snetap-fsu.fr\/pdl\/wp-json\/wp\/v2\/tags?post=3071"},{"taxonomy":"post_folder","embeddable":true,"href":"https:\/\/regions-snetap-fsu.fr\/pdl\/wp-json\/wp\/v2\/post_folder?post=3071"}],"curies":[{"name":"wp","href":"https:\/\/api.w.org\/{rel}","templated":true}]}}