{"id":3048,"date":"2018-12-03T21:44:05","date_gmt":"2018-12-03T20:44:05","guid":{"rendered":"https:\/\/regions-snetap-fsu.fr\/pdl\/?p=3048"},"modified":"2018-12-03T21:45:52","modified_gmt":"2018-12-03T20:45:52","slug":"enfin-les-collegues-aesh-vont-recevoir-leurs-dus","status":"publish","type":"post","link":"https:\/\/regions-snetap-fsu.fr\/pdl\/2018\/12\/03\/enfin-les-collegues-aesh-vont-recevoir-leurs-dus\/","title":{"rendered":"Enfin\u2026 les coll\u00e8gues AESH vont recevoir leurs dus\u00a0!"},"content":{"rendered":"<p style=\"text-align: justify;\"><span style=\"font-family: arial, helvetica, sans-serif;\">Au printemps dernier, \u00e0 PISANI comme dans tant d\u2019autres lyc\u00e9es agricoles, le probl\u00e8me des contrats ill\u00e9gaux de nos coll\u00e8gues AESH s\u2019est pos\u00e9\u2026<\/span><\/p>\n<p style=\"text-align: justify;\"><span style=\"font-family: arial, helvetica, sans-serif;\">Des contrats \u00e0 35 ou 36 ou 33 semaines alors que la loi impose des contrats \u00e0 39 semaines\u00a0!\u00a0A Montreuil-Bellay, nous avons soulev\u00e9 la question au Conseil Int\u00e9rieur de juin\u2026 La direction nous a propos\u00e9 de d\u00e9poser une motion au Conseil d\u2019Administration\u2026<\/span><span style=\"font-family: arial, helvetica, sans-serif;\">Nous avons propos\u00e9 une d\u00e9lib\u00e9ration demandant la mise en conformit\u00e9 des contrats de nos 4 coll\u00e8gues\u2026 Lors de ce CA la direction n\u2019a pas voulu pr\u00e9senter au vote notre d\u00e9lib\u00e9ration argumentant que celle-ci ne passerait pas au contr\u00f4le de l\u00e9galit\u00e9, ceci \u00e9tant appuy\u00e9 par le repr\u00e9sentant du SRFD\u00a0! <span style=\"text-decoration: underline;\"><strong>MAIS C\u2019\u00c9TAIT FAUX ! ILS AVAIENT TORT !<\/strong><\/span><\/span><\/p>\n<p style=\"text-align: justify;\"><span style=\"font-family: arial, helvetica, sans-serif;\">Cet automne, forts des victoires de nos coll\u00e8gues de Laval et du Mans sur ce m\u00eame mod\u00e8le de d\u00e9lib\u00e9ration, nous sommes revenus \u00e0 la charge\u00a0!\u00a0EN CI, la direction s\u2019est crisp\u00e9e, toujours contre le fait de r\u00e9parer une injustice dont elle \u00e9tait responsable. Elle parlait toujours de motion, sachant pertinemment que cela n\u2019enclenchait pas de r\u00e9paration financi\u00e8re.\u00a0Nous n\u2019avons pas l\u00e2ch\u00e9\u2026 Comme pr\u00e9vu par la section r\u00e9gionale, nous nous pr\u00e9parions \u00e0 proposer une d\u00e9lib\u00e9ration de prime exceptionnelle pour nos 4 coll\u00e8gues.<\/span><\/p>\n<p style=\"text-align: justify;\"><span style=\"font-family: arial, helvetica, sans-serif;\">Suite aux interventions de la section r\u00e9gionale aupr\u00e8s du SRFD, la prime a \u00e9t\u00e9 \u2018\u2019impos\u00e9e\u2019\u2019 aux directeurs. MAIS uniquement pour les coll\u00e8gues encore en poste cette ann\u00e9e dans nos lyc\u00e9es. A Montreuil-B<\/span><span style=\"font-family: arial, helvetica, sans-serif;\">ellay, cela voulait dire 2 coll\u00e8gues sur 4\u2026Tant pis pour les 2 autres. Ce n\u2019\u00e9tait pas un manque de m\u00e9rite, juste un manque de chance\u00a0!<\/span><\/p>\n<p style=\"text-align: justify;\"><span style=\"font-family: arial, helvetica, sans-serif;\">Jeudi dernier (le 29 novembre 2018), \u00e0 l&rsquo;occasion du Conseil d&rsquo;administration, les personnels n\u2019ont pas pli\u00e9\u2026 En d\u00e9couvrant la d\u00e9lib\u00e9ration sur les tables du CA, nous avons demand\u00e9 de modifier le texte apr\u00e8s une interruption de s\u00e9ance de 10 minutes\u2026\u00a0Ces 10 minutes ont permis \u00e0 la direction de r\u00e9fl\u00e9chir\u2026 de revenir sur ces propositions\u2026 d\u2019accepter la modification\u00a0!<\/span><\/p>\n<p style=\"text-align: justify;\"><span style=\"font-family: arial, helvetica, sans-serif;\"><strong>Nos 4 coll\u00e8gues vont pouvoir toucher l\u2019argent qui leur \u00e9tait d\u00fb\u00a0! (2 ici posent pour la photos)<\/strong><\/span><\/p>\n<p><img fetchpriority=\"high\" decoding=\"async\" class=\"alignnone wp-image-3049\" src=\"https:\/\/regions-snetap-fsu.fr\/pdl\/wp-content\/uploads\/sites\/4\/2018\/12\/Resized_20181203_132215-300x169.jpg\" alt=\"\" width=\"364\" height=\"205\" srcset=\"https:\/\/regions-snetap-fsu.fr\/pdl\/wp-content\/uploads\/sites\/4\/2018\/12\/Resized_20181203_132215-300x169.jpg 300w, https:\/\/regions-snetap-fsu.fr\/pdl\/wp-content\/uploads\/sites\/4\/2018\/12\/Resized_20181203_132215-768x432.jpg 768w, https:\/\/regions-snetap-fsu.fr\/pdl\/wp-content\/uploads\/sites\/4\/2018\/12\/Resized_20181203_132215-1024x576.jpg 1024w, https:\/\/regions-snetap-fsu.fr\/pdl\/wp-content\/uploads\/sites\/4\/2018\/12\/Resized_20181203_132215-100x56.jpg 100w, https:\/\/regions-snetap-fsu.fr\/pdl\/wp-content\/uploads\/sites\/4\/2018\/12\/Resized_20181203_132215-150x84.jpg 150w, https:\/\/regions-snetap-fsu.fr\/pdl\/wp-content\/uploads\/sites\/4\/2018\/12\/Resized_20181203_132215-200x113.jpg 200w, https:\/\/regions-snetap-fsu.fr\/pdl\/wp-content\/uploads\/sites\/4\/2018\/12\/Resized_20181203_132215-450x253.jpg 450w, https:\/\/regions-snetap-fsu.fr\/pdl\/wp-content\/uploads\/sites\/4\/2018\/12\/Resized_20181203_132215-600x338.jpg 600w, https:\/\/regions-snetap-fsu.fr\/pdl\/wp-content\/uploads\/sites\/4\/2018\/12\/Resized_20181203_132215-900x506.jpg 900w, https:\/\/regions-snetap-fsu.fr\/pdl\/wp-content\/uploads\/sites\/4\/2018\/12\/Resized_20181203_132215.jpg 1440w\" sizes=\"(max-width: 364px) 100vw, 364px\" \/><\/p>\n<p style=\"text-align: justify;\"><span style=\"font-family: arial, helvetica, sans-serif;\"><strong>Notre pugnacit\u00e9 a port\u00e9 ses fruits.\u00a0<\/strong><\/span><strong style=\"font-family: arial, helvetica, sans-serif; text-align: justify;\">Notre combat a pay\u00e9\u00a0!<\/strong><\/p>\n<p style=\"text-align: justify;\"><span style=\"font-family: arial, helvetica, sans-serif;\"><span style=\"text-decoration: underline;\"><strong>Derni\u00e8re minute<\/strong> <\/span>: nos coll\u00e8gues AESH du LEGTA du Fresne \u00e0 Angers ont \u00e9galement vu leur situation r\u00e9gularis\u00e9e gr\u00e2ce \u00e0 l&rsquo;action de la section locale et notamment celle de notre \u00e9lu cat\u00e9goriel national pour les AESH Baptiste CHAUVIN qui \u00e9tait lui aussi concern\u00e9. Une belle victoire aussi pour les coll\u00e8gues d&rsquo;Angers ! Ce fut aussi le cas dans les deux lyc\u00e9es sarthois dans lesquels la Direction refusait d&rsquo;ex\u00e9cuter des d\u00e9lib\u00e9rations pourtant vot\u00e9es r\u00e9guli\u00e8rement en juin.\u00a0<\/span><\/p>\n<p><img decoding=\"async\" class=\"alignnone size-medium wp-image-3051\" src=\"https:\/\/regions-snetap-fsu.fr\/pdl\/wp-content\/uploads\/sites\/4\/2018\/12\/IMG_20181130_1450111-300x225.jpg\" alt=\"\" width=\"300\" height=\"225\" srcset=\"https:\/\/regions-snetap-fsu.fr\/pdl\/wp-content\/uploads\/sites\/4\/2018\/12\/IMG_20181130_1450111-300x225.jpg 300w, https:\/\/regions-snetap-fsu.fr\/pdl\/wp-content\/uploads\/sites\/4\/2018\/12\/IMG_20181130_1450111-768x575.jpg 768w, https:\/\/regions-snetap-fsu.fr\/pdl\/wp-content\/uploads\/sites\/4\/2018\/12\/IMG_20181130_1450111-1024x767.jpg 1024w, https:\/\/regions-snetap-fsu.fr\/pdl\/wp-content\/uploads\/sites\/4\/2018\/12\/IMG_20181130_1450111-100x75.jpg 100w, https:\/\/regions-snetap-fsu.fr\/pdl\/wp-content\/uploads\/sites\/4\/2018\/12\/IMG_20181130_1450111-150x112.jpg 150w, https:\/\/regions-snetap-fsu.fr\/pdl\/wp-content\/uploads\/sites\/4\/2018\/12\/IMG_20181130_1450111-200x150.jpg 200w, https:\/\/regions-snetap-fsu.fr\/pdl\/wp-content\/uploads\/sites\/4\/2018\/12\/IMG_20181130_1450111-450x337.jpg 450w, https:\/\/regions-snetap-fsu.fr\/pdl\/wp-content\/uploads\/sites\/4\/2018\/12\/IMG_20181130_1450111-600x450.jpg 600w, https:\/\/regions-snetap-fsu.fr\/pdl\/wp-content\/uploads\/sites\/4\/2018\/12\/IMG_20181130_1450111-900x674.jpg 900w, https:\/\/regions-snetap-fsu.fr\/pdl\/wp-content\/uploads\/sites\/4\/2018\/12\/IMG_20181130_1450111.jpg 1775w\" sizes=\"(max-width: 300px) 100vw, 300px\" \/><\/p>\n<p align=\"right\"><span style=\"font-family: arial, helvetica, sans-serif;\">Virginie Jadeau,\u00a0<\/span><span style=\"font-family: arial, helvetica, sans-serif;\">Secr\u00e9taire section Edgard Pisani Montreuil-Bellay (49<\/span>)<\/p>\n","protected":false},"excerpt":{"rendered":"<p>Au printemps dernier, \u00e0 PISANI comme dans tant d\u2019autres lyc\u00e9es agricoles, le probl\u00e8me des contrats ill\u00e9gaux de nos coll\u00e8gues AESH s\u2019est pos\u00e9\u2026 Des contrats \u00e0 35 ou 36 ou 33 semaines alors que la loi impose des contrats \u00e0 39 semaines\u00a0!\u00a0A Montreuil-Bellay, nous avons soulev\u00e9 la question au Conseil Int\u00e9rieur de juin\u2026 La direction nous [&hellip;]<\/p>\n","protected":false},"author":2,"featured_media":0,"comment_status":"closed","ping_status":"closed","sticky":false,"template":"","format":"standard","meta":{"ocean_post_layout":"","ocean_both_sidebars_style":"","ocean_both_sidebars_content_width":0,"ocean_both_sidebars_sidebars_width":0,"ocean_sidebar":"","ocean_second_sidebar":"","ocean_disable_margins":"enable","ocean_add_body_class":"","ocean_shortcode_before_top_bar":"","ocean_shortcode_after_top_bar":"","ocean_shortcode_before_header":"","ocean_shortcode_after_header":"","ocean_has_shortcode":"","ocean_shortcode_after_title":"","ocean_shortcode_before_footer_widgets":"","ocean_shortcode_after_footer_widgets":"","ocean_shortcode_before_footer_bottom":"","ocean_shortcode_after_footer_bottom":"","ocean_display_top_bar":"default","ocean_display_header":"default","ocean_header_style":"","ocean_center_header_left_menu":"","ocean_custom_header_template":"","ocean_custom_logo":0,"ocean_custom_retina_logo":0,"ocean_custom_logo_max_width":0,"ocean_custom_logo_tablet_max_width":0,"ocean_custom_logo_mobile_max_width":0,"ocean_custom_logo_max_height":0,"ocean_custom_logo_tablet_max_height":0,"ocean_custom_logo_mobile_max_height":0,"ocean_header_custom_menu":"","ocean_menu_typo_font_family":"","ocean_menu_typo_font_subset":"","ocean_menu_typo_font_size":0,"ocean_menu_typo_font_size_tablet":0,"ocean_menu_typo_font_size_mobile":0,"ocean_menu_typo_font_size_unit":"px","ocean_menu_typo_font_weight":"","ocean_menu_typo_font_weight_tablet":"","ocean_menu_typo_font_weight_mobile":"","ocean_menu_typo_transform":"","ocean_menu_typo_transform_tablet":"","ocean_menu_typo_transform_mobile":"","ocean_menu_typo_line_height":0,"ocean_menu_typo_line_height_tablet":0,"ocean_menu_typo_line_height_mobile":0,"ocean_menu_typo_line_height_unit":"","ocean_menu_typo_spacing":0,"ocean_menu_typo_spacing_tablet":0,"ocean_menu_typo_spacing_mobile":0,"ocean_menu_typo_spacing_unit":"","ocean_menu_link_color":"","ocean_menu_link_color_hover":"","ocean_menu_link_color_active":"","ocean_menu_link_background":"","ocean_menu_link_hover_background":"","ocean_menu_link_active_background":"","ocean_menu_social_links_bg":"","ocean_menu_social_hover_links_bg":"","ocean_menu_social_links_color":"","ocean_menu_social_hover_links_color":"","ocean_disable_title":"default","ocean_disable_heading":"default","ocean_post_title":"","ocean_post_subheading":"","ocean_post_title_style":"","ocean_post_title_background_color":"","ocean_post_title_background":0,"ocean_post_title_bg_image_position":"","ocean_post_title_bg_image_attachment":"","ocean_post_title_bg_image_repeat":"","ocean_post_title_bg_image_size":"","ocean_post_title_height":0,"ocean_post_title_bg_overlay":0.5,"ocean_post_title_bg_overlay_color":"","ocean_disable_breadcrumbs":"default","ocean_breadcrumbs_color":"","ocean_breadcrumbs_separator_color":"","ocean_breadcrumbs_links_color":"","ocean_breadcrumbs_links_hover_color":"","ocean_display_footer_widgets":"default","ocean_display_footer_bottom":"default","ocean_custom_footer_template":"","ocean_post_oembed":"","ocean_post_self_hosted_media":"","ocean_post_video_embed":"","ocean_link_format":"","ocean_link_format_target":"self","ocean_quote_format":"","ocean_quote_format_link":"post","ocean_gallery_link_images":"on","ocean_gallery_id":[],"footnotes":""},"categories":[28,21,23],"tags":[],"post_folder":[],"class_list":["post-3048","post","type-post","status-publish","format-standard","hentry","category-actions-regionales","category-angers","category-montreuil-bellay","entry"],"yoast_head":"<!-- This site is optimized with the Yoast SEO plugin v27.4 - https:\/\/yoast.com\/product\/yoast-seo-wordpress\/ -->\n<title>Enfin\u2026 les coll\u00e8gues AESH vont recevoir leurs dus\u00a0! - PAYS DE LA LOIRE<\/title>\n<meta name=\"robots\" content=\"index, follow, max-snippet:-1, max-image-preview:large, max-video-preview:-1\" \/>\n<link rel=\"canonical\" href=\"https:\/\/regions-snetap-fsu.fr\/pdl\/2018\/12\/03\/enfin-les-collegues-aesh-vont-recevoir-leurs-dus\/\" \/>\n<meta property=\"og:locale\" content=\"fr_FR\" \/>\n<meta property=\"og:type\" content=\"article\" \/>\n<meta property=\"og:title\" content=\"Enfin\u2026 les coll\u00e8gues AESH vont recevoir leurs dus\u00a0! - PAYS DE LA LOIRE\" \/>\n<meta property=\"og:description\" content=\"Au printemps dernier, \u00e0 PISANI comme dans tant d\u2019autres lyc\u00e9es agricoles, le probl\u00e8me des contrats ill\u00e9gaux de nos coll\u00e8gues AESH s\u2019est pos\u00e9\u2026 Des contrats \u00e0 35 ou 36 ou 33 semaines alors que la loi impose des contrats \u00e0 39 semaines\u00a0!\u00a0A Montreuil-Bellay, nous avons soulev\u00e9 la question au Conseil Int\u00e9rieur de juin\u2026 La direction nous [&hellip;]\" \/>\n<meta property=\"og:url\" content=\"https:\/\/regions-snetap-fsu.fr\/pdl\/2018\/12\/03\/enfin-les-collegues-aesh-vont-recevoir-leurs-dus\/\" \/>\n<meta property=\"og:site_name\" content=\"PAYS DE LA LOIRE\" \/>\n<meta property=\"article:published_time\" content=\"2018-12-03T20:44:05+00:00\" \/>\n<meta property=\"article:modified_time\" content=\"2018-12-03T20:45:52+00:00\" \/>\n<meta property=\"og:image\" content=\"https:\/\/regions-snetap-fsu.fr\/pdl\/wp-content\/uploads\/sites\/4\/2018\/12\/Resized_20181203_132215-300x169.jpg\" \/>\n<meta name=\"author\" content=\"yvigner\" \/>\n<meta name=\"twitter:card\" content=\"summary_large_image\" \/>\n<meta name=\"twitter:label1\" content=\"\u00c9crit par\" \/>\n\t<meta name=\"twitter:data1\" content=\"yvigner\" \/>\n\t<meta name=\"twitter:label2\" content=\"Dur\u00e9e de lecture estim\u00e9e\" \/>\n\t<meta name=\"twitter:data2\" content=\"2 minutes\" \/>\n<script type=\"application\/ld+json\" class=\"yoast-schema-graph\">{\"@context\":\"https:\\\/\\\/schema.org\",\"@graph\":[{\"@type\":\"Article\",\"@id\":\"https:\\\/\\\/regions-snetap-fsu.fr\\\/pdl\\\/2018\\\/12\\\/03\\\/enfin-les-collegues-aesh-vont-recevoir-leurs-dus\\\/#article\",\"isPartOf\":{\"@id\":\"https:\\\/\\\/regions-snetap-fsu.fr\\\/pdl\\\/2018\\\/12\\\/03\\\/enfin-les-collegues-aesh-vont-recevoir-leurs-dus\\\/\"},\"author\":{\"name\":\"yvigner\",\"@id\":\"https:\\\/\\\/regions-snetap-fsu.fr\\\/pdl\\\/#\\\/schema\\\/person\\\/d4530af043f9e8d27bdd71c468ec93b1\"},\"headline\":\"Enfin\u2026 les coll\u00e8gues AESH vont recevoir leurs dus\u00a0!\",\"datePublished\":\"2018-12-03T20:44:05+00:00\",\"dateModified\":\"2018-12-03T20:45:52+00:00\",\"mainEntityOfPage\":{\"@id\":\"https:\\\/\\\/regions-snetap-fsu.fr\\\/pdl\\\/2018\\\/12\\\/03\\\/enfin-les-collegues-aesh-vont-recevoir-leurs-dus\\\/\"},\"wordCount\":487,\"publisher\":{\"@id\":\"https:\\\/\\\/regions-snetap-fsu.fr\\\/pdl\\\/#organization\"},\"image\":{\"@id\":\"https:\\\/\\\/regions-snetap-fsu.fr\\\/pdl\\\/2018\\\/12\\\/03\\\/enfin-les-collegues-aesh-vont-recevoir-leurs-dus\\\/#primaryimage\"},\"thumbnailUrl\":\"https:\\\/\\\/regions-snetap-fsu.fr\\\/pdl\\\/wp-content\\\/uploads\\\/sites\\\/4\\\/2018\\\/12\\\/Resized_20181203_132215-300x169.jpg\",\"articleSection\":[\"Actions r\u00e9gionales\",\"Angers\",\"Montreuil Bellay\"],\"inLanguage\":\"fr-FR\"},{\"@type\":\"WebPage\",\"@id\":\"https:\\\/\\\/regions-snetap-fsu.fr\\\/pdl\\\/2018\\\/12\\\/03\\\/enfin-les-collegues-aesh-vont-recevoir-leurs-dus\\\/\",\"url\":\"https:\\\/\\\/regions-snetap-fsu.fr\\\/pdl\\\/2018\\\/12\\\/03\\\/enfin-les-collegues-aesh-vont-recevoir-leurs-dus\\\/\",\"name\":\"Enfin\u2026 les coll\u00e8gues AESH vont recevoir leurs dus\u00a0! - PAYS DE LA LOIRE\",\"isPartOf\":{\"@id\":\"https:\\\/\\\/regions-snetap-fsu.fr\\\/pdl\\\/#website\"},\"primaryImageOfPage\":{\"@id\":\"https:\\\/\\\/regions-snetap-fsu.fr\\\/pdl\\\/2018\\\/12\\\/03\\\/enfin-les-collegues-aesh-vont-recevoir-leurs-dus\\\/#primaryimage\"},\"image\":{\"@id\":\"https:\\\/\\\/regions-snetap-fsu.fr\\\/pdl\\\/2018\\\/12\\\/03\\\/enfin-les-collegues-aesh-vont-recevoir-leurs-dus\\\/#primaryimage\"},\"thumbnailUrl\":\"https:\\\/\\\/regions-snetap-fsu.fr\\\/pdl\\\/wp-content\\\/uploads\\\/sites\\\/4\\\/2018\\\/12\\\/Resized_20181203_132215-300x169.jpg\",\"datePublished\":\"2018-12-03T20:44:05+00:00\",\"dateModified\":\"2018-12-03T20:45:52+00:00\",\"breadcrumb\":{\"@id\":\"https:\\\/\\\/regions-snetap-fsu.fr\\\/pdl\\\/2018\\\/12\\\/03\\\/enfin-les-collegues-aesh-vont-recevoir-leurs-dus\\\/#breadcrumb\"},\"inLanguage\":\"fr-FR\",\"potentialAction\":[{\"@type\":\"ReadAction\",\"target\":[\"https:\\\/\\\/regions-snetap-fsu.fr\\\/pdl\\\/2018\\\/12\\\/03\\\/enfin-les-collegues-aesh-vont-recevoir-leurs-dus\\\/\"]}]},{\"@type\":\"ImageObject\",\"inLanguage\":\"fr-FR\",\"@id\":\"https:\\\/\\\/regions-snetap-fsu.fr\\\/pdl\\\/2018\\\/12\\\/03\\\/enfin-les-collegues-aesh-vont-recevoir-leurs-dus\\\/#primaryimage\",\"url\":\"https:\\\/\\\/regions-snetap-fsu.fr\\\/pdl\\\/wp-content\\\/uploads\\\/sites\\\/4\\\/2018\\\/12\\\/Resized_20181203_132215.jpg\",\"contentUrl\":\"https:\\\/\\\/regions-snetap-fsu.fr\\\/pdl\\\/wp-content\\\/uploads\\\/sites\\\/4\\\/2018\\\/12\\\/Resized_20181203_132215.jpg\",\"width\":1440,\"height\":810},{\"@type\":\"BreadcrumbList\",\"@id\":\"https:\\\/\\\/regions-snetap-fsu.fr\\\/pdl\\\/2018\\\/12\\\/03\\\/enfin-les-collegues-aesh-vont-recevoir-leurs-dus\\\/#breadcrumb\",\"itemListElement\":[{\"@type\":\"ListItem\",\"position\":1,\"name\":\"Accueil\",\"item\":\"https:\\\/\\\/regions-snetap-fsu.fr\\\/pdl\\\/\"},{\"@type\":\"ListItem\",\"position\":2,\"name\":\"Enfin\u2026 les coll\u00e8gues AESH vont recevoir leurs dus\u00a0!\"}]},{\"@type\":\"WebSite\",\"@id\":\"https:\\\/\\\/regions-snetap-fsu.fr\\\/pdl\\\/#website\",\"url\":\"https:\\\/\\\/regions-snetap-fsu.fr\\\/pdl\\\/\",\"name\":\"SNETAP-FSU PAYS DE LA LOIRE\",\"description\":\"SECTION REGIONALE\",\"publisher\":{\"@id\":\"https:\\\/\\\/regions-snetap-fsu.fr\\\/pdl\\\/#organization\"},\"potentialAction\":[{\"@type\":\"SearchAction\",\"target\":{\"@type\":\"EntryPoint\",\"urlTemplate\":\"https:\\\/\\\/regions-snetap-fsu.fr\\\/pdl\\\/?s={search_term_string}\"},\"query-input\":{\"@type\":\"PropertyValueSpecification\",\"valueRequired\":true,\"valueName\":\"search_term_string\"}}],\"inLanguage\":\"fr-FR\"},{\"@type\":\"Organization\",\"@id\":\"https:\\\/\\\/regions-snetap-fsu.fr\\\/pdl\\\/#organization\",\"name\":\"SNETAP-FSU Pays de Loire\",\"url\":\"https:\\\/\\\/regions-snetap-fsu.fr\\\/pdl\\\/\",\"logo\":{\"@type\":\"ImageObject\",\"inLanguage\":\"fr-FR\",\"@id\":\"https:\\\/\\\/regions-snetap-fsu.fr\\\/pdl\\\/#\\\/schema\\\/logo\\\/image\\\/\",\"url\":\"https:\\\/\\\/regions-snetap-fsu.fr\\\/pdl\\\/wp-content\\\/uploads\\\/sites\\\/4\\\/2020\\\/12\\\/SNETAP-Logo.jpg\",\"contentUrl\":\"https:\\\/\\\/regions-snetap-fsu.fr\\\/pdl\\\/wp-content\\\/uploads\\\/sites\\\/4\\\/2020\\\/12\\\/SNETAP-Logo.jpg\",\"width\":464,\"height\":334,\"caption\":\"SNETAP-FSU Pays de Loire\"},\"image\":{\"@id\":\"https:\\\/\\\/regions-snetap-fsu.fr\\\/pdl\\\/#\\\/schema\\\/logo\\\/image\\\/\"}},{\"@type\":\"Person\",\"@id\":\"https:\\\/\\\/regions-snetap-fsu.fr\\\/pdl\\\/#\\\/schema\\\/person\\\/d4530af043f9e8d27bdd71c468ec93b1\",\"name\":\"yvigner\",\"image\":{\"@type\":\"ImageObject\",\"inLanguage\":\"fr-FR\",\"@id\":\"https:\\\/\\\/secure.gravatar.com\\\/avatar\\\/bc72baa6f2406549aecf77a837bc4f03dbe88472c1762138f868571430a23820?s=96&d=mm&r=g\",\"url\":\"https:\\\/\\\/secure.gravatar.com\\\/avatar\\\/bc72baa6f2406549aecf77a837bc4f03dbe88472c1762138f868571430a23820?s=96&d=mm&r=g\",\"contentUrl\":\"https:\\\/\\\/secure.gravatar.com\\\/avatar\\\/bc72baa6f2406549aecf77a837bc4f03dbe88472c1762138f868571430a23820?s=96&d=mm&r=g\",\"caption\":\"yvigner\"},\"url\":\"https:\\\/\\\/regions-snetap-fsu.fr\\\/pdl\\\/author\\\/yvigner\\\/\"}]}<\/script>\n<!-- \/ Yoast SEO plugin. -->","yoast_head_json":{"title":"Enfin\u2026 les coll\u00e8gues AESH vont recevoir leurs dus\u00a0! - PAYS DE LA LOIRE","robots":{"index":"index","follow":"follow","max-snippet":"max-snippet:-1","max-image-preview":"max-image-preview:large","max-video-preview":"max-video-preview:-1"},"canonical":"https:\/\/regions-snetap-fsu.fr\/pdl\/2018\/12\/03\/enfin-les-collegues-aesh-vont-recevoir-leurs-dus\/","og_locale":"fr_FR","og_type":"article","og_title":"Enfin\u2026 les coll\u00e8gues AESH vont recevoir leurs dus\u00a0! - PAYS DE LA LOIRE","og_description":"Au printemps dernier, \u00e0 PISANI comme dans tant d\u2019autres lyc\u00e9es agricoles, le probl\u00e8me des contrats ill\u00e9gaux de nos coll\u00e8gues AESH s\u2019est pos\u00e9\u2026 Des contrats \u00e0 35 ou 36 ou 33 semaines alors que la loi impose des contrats \u00e0 39 semaines\u00a0!\u00a0A Montreuil-Bellay, nous avons soulev\u00e9 la question au Conseil Int\u00e9rieur de juin\u2026 La direction nous [&hellip;]","og_url":"https:\/\/regions-snetap-fsu.fr\/pdl\/2018\/12\/03\/enfin-les-collegues-aesh-vont-recevoir-leurs-dus\/","og_site_name":"PAYS DE LA LOIRE","article_published_time":"2018-12-03T20:44:05+00:00","article_modified_time":"2018-12-03T20:45:52+00:00","og_image":[{"url":"https:\/\/regions-snetap-fsu.fr\/pdl\/wp-content\/uploads\/sites\/4\/2018\/12\/Resized_20181203_132215-300x169.jpg","type":"","width":"","height":""}],"author":"yvigner","twitter_card":"summary_large_image","twitter_misc":{"\u00c9crit par":"yvigner","Dur\u00e9e de lecture estim\u00e9e":"2 minutes"},"schema":{"@context":"https:\/\/schema.org","@graph":[{"@type":"Article","@id":"https:\/\/regions-snetap-fsu.fr\/pdl\/2018\/12\/03\/enfin-les-collegues-aesh-vont-recevoir-leurs-dus\/#article","isPartOf":{"@id":"https:\/\/regions-snetap-fsu.fr\/pdl\/2018\/12\/03\/enfin-les-collegues-aesh-vont-recevoir-leurs-dus\/"},"author":{"name":"yvigner","@id":"https:\/\/regions-snetap-fsu.fr\/pdl\/#\/schema\/person\/d4530af043f9e8d27bdd71c468ec93b1"},"headline":"Enfin\u2026 les coll\u00e8gues AESH vont recevoir leurs dus\u00a0!","datePublished":"2018-12-03T20:44:05+00:00","dateModified":"2018-12-03T20:45:52+00:00","mainEntityOfPage":{"@id":"https:\/\/regions-snetap-fsu.fr\/pdl\/2018\/12\/03\/enfin-les-collegues-aesh-vont-recevoir-leurs-dus\/"},"wordCount":487,"publisher":{"@id":"https:\/\/regions-snetap-fsu.fr\/pdl\/#organization"},"image":{"@id":"https:\/\/regions-snetap-fsu.fr\/pdl\/2018\/12\/03\/enfin-les-collegues-aesh-vont-recevoir-leurs-dus\/#primaryimage"},"thumbnailUrl":"https:\/\/regions-snetap-fsu.fr\/pdl\/wp-content\/uploads\/sites\/4\/2018\/12\/Resized_20181203_132215-300x169.jpg","articleSection":["Actions r\u00e9gionales","Angers","Montreuil Bellay"],"inLanguage":"fr-FR"},{"@type":"WebPage","@id":"https:\/\/regions-snetap-fsu.fr\/pdl\/2018\/12\/03\/enfin-les-collegues-aesh-vont-recevoir-leurs-dus\/","url":"https:\/\/regions-snetap-fsu.fr\/pdl\/2018\/12\/03\/enfin-les-collegues-aesh-vont-recevoir-leurs-dus\/","name":"Enfin\u2026 les coll\u00e8gues AESH vont recevoir leurs dus\u00a0! - PAYS DE LA LOIRE","isPartOf":{"@id":"https:\/\/regions-snetap-fsu.fr\/pdl\/#website"},"primaryImageOfPage":{"@id":"https:\/\/regions-snetap-fsu.fr\/pdl\/2018\/12\/03\/enfin-les-collegues-aesh-vont-recevoir-leurs-dus\/#primaryimage"},"image":{"@id":"https:\/\/regions-snetap-fsu.fr\/pdl\/2018\/12\/03\/enfin-les-collegues-aesh-vont-recevoir-leurs-dus\/#primaryimage"},"thumbnailUrl":"https:\/\/regions-snetap-fsu.fr\/pdl\/wp-content\/uploads\/sites\/4\/2018\/12\/Resized_20181203_132215-300x169.jpg","datePublished":"2018-12-03T20:44:05+00:00","dateModified":"2018-12-03T20:45:52+00:00","breadcrumb":{"@id":"https:\/\/regions-snetap-fsu.fr\/pdl\/2018\/12\/03\/enfin-les-collegues-aesh-vont-recevoir-leurs-dus\/#breadcrumb"},"inLanguage":"fr-FR","potentialAction":[{"@type":"ReadAction","target":["https:\/\/regions-snetap-fsu.fr\/pdl\/2018\/12\/03\/enfin-les-collegues-aesh-vont-recevoir-leurs-dus\/"]}]},{"@type":"ImageObject","inLanguage":"fr-FR","@id":"https:\/\/regions-snetap-fsu.fr\/pdl\/2018\/12\/03\/enfin-les-collegues-aesh-vont-recevoir-leurs-dus\/#primaryimage","url":"https:\/\/regions-snetap-fsu.fr\/pdl\/wp-content\/uploads\/sites\/4\/2018\/12\/Resized_20181203_132215.jpg","contentUrl":"https:\/\/regions-snetap-fsu.fr\/pdl\/wp-content\/uploads\/sites\/4\/2018\/12\/Resized_20181203_132215.jpg","width":1440,"height":810},{"@type":"BreadcrumbList","@id":"https:\/\/regions-snetap-fsu.fr\/pdl\/2018\/12\/03\/enfin-les-collegues-aesh-vont-recevoir-leurs-dus\/#breadcrumb","itemListElement":[{"@type":"ListItem","position":1,"name":"Accueil","item":"https:\/\/regions-snetap-fsu.fr\/pdl\/"},{"@type":"ListItem","position":2,"name":"Enfin\u2026 les coll\u00e8gues AESH vont recevoir leurs dus\u00a0!"}]},{"@type":"WebSite","@id":"https:\/\/regions-snetap-fsu.fr\/pdl\/#website","url":"https:\/\/regions-snetap-fsu.fr\/pdl\/","name":"SNETAP-FSU PAYS DE LA LOIRE","description":"SECTION REGIONALE","publisher":{"@id":"https:\/\/regions-snetap-fsu.fr\/pdl\/#organization"},"potentialAction":[{"@type":"SearchAction","target":{"@type":"EntryPoint","urlTemplate":"https:\/\/regions-snetap-fsu.fr\/pdl\/?s={search_term_string}"},"query-input":{"@type":"PropertyValueSpecification","valueRequired":true,"valueName":"search_term_string"}}],"inLanguage":"fr-FR"},{"@type":"Organization","@id":"https:\/\/regions-snetap-fsu.fr\/pdl\/#organization","name":"SNETAP-FSU Pays de Loire","url":"https:\/\/regions-snetap-fsu.fr\/pdl\/","logo":{"@type":"ImageObject","inLanguage":"fr-FR","@id":"https:\/\/regions-snetap-fsu.fr\/pdl\/#\/schema\/logo\/image\/","url":"https:\/\/regions-snetap-fsu.fr\/pdl\/wp-content\/uploads\/sites\/4\/2020\/12\/SNETAP-Logo.jpg","contentUrl":"https:\/\/regions-snetap-fsu.fr\/pdl\/wp-content\/uploads\/sites\/4\/2020\/12\/SNETAP-Logo.jpg","width":464,"height":334,"caption":"SNETAP-FSU Pays de Loire"},"image":{"@id":"https:\/\/regions-snetap-fsu.fr\/pdl\/#\/schema\/logo\/image\/"}},{"@type":"Person","@id":"https:\/\/regions-snetap-fsu.fr\/pdl\/#\/schema\/person\/d4530af043f9e8d27bdd71c468ec93b1","name":"yvigner","image":{"@type":"ImageObject","inLanguage":"fr-FR","@id":"https:\/\/secure.gravatar.com\/avatar\/bc72baa6f2406549aecf77a837bc4f03dbe88472c1762138f868571430a23820?s=96&d=mm&r=g","url":"https:\/\/secure.gravatar.com\/avatar\/bc72baa6f2406549aecf77a837bc4f03dbe88472c1762138f868571430a23820?s=96&d=mm&r=g","contentUrl":"https:\/\/secure.gravatar.com\/avatar\/bc72baa6f2406549aecf77a837bc4f03dbe88472c1762138f868571430a23820?s=96&d=mm&r=g","caption":"yvigner"},"url":"https:\/\/regions-snetap-fsu.fr\/pdl\/author\/yvigner\/"}]}},"_links":{"self":[{"href":"https:\/\/regions-snetap-fsu.fr\/pdl\/wp-json\/wp\/v2\/posts\/3048","targetHints":{"allow":["GET"]}}],"collection":[{"href":"https:\/\/regions-snetap-fsu.fr\/pdl\/wp-json\/wp\/v2\/posts"}],"about":[{"href":"https:\/\/regions-snetap-fsu.fr\/pdl\/wp-json\/wp\/v2\/types\/post"}],"author":[{"embeddable":true,"href":"https:\/\/regions-snetap-fsu.fr\/pdl\/wp-json\/wp\/v2\/users\/2"}],"replies":[{"embeddable":true,"href":"https:\/\/regions-snetap-fsu.fr\/pdl\/wp-json\/wp\/v2\/comments?post=3048"}],"version-history":[{"count":3,"href":"https:\/\/regions-snetap-fsu.fr\/pdl\/wp-json\/wp\/v2\/posts\/3048\/revisions"}],"predecessor-version":[{"id":3054,"href":"https:\/\/regions-snetap-fsu.fr\/pdl\/wp-json\/wp\/v2\/posts\/3048\/revisions\/3054"}],"wp:attachment":[{"href":"https:\/\/regions-snetap-fsu.fr\/pdl\/wp-json\/wp\/v2\/media?parent=3048"}],"wp:term":[{"taxonomy":"category","embeddable":true,"href":"https:\/\/regions-snetap-fsu.fr\/pdl\/wp-json\/wp\/v2\/categories?post=3048"},{"taxonomy":"post_tag","embeddable":true,"href":"https:\/\/regions-snetap-fsu.fr\/pdl\/wp-json\/wp\/v2\/tags?post=3048"},{"taxonomy":"post_folder","embeddable":true,"href":"https:\/\/regions-snetap-fsu.fr\/pdl\/wp-json\/wp\/v2\/post_folder?post=3048"}],"curies":[{"name":"wp","href":"https:\/\/api.w.org\/{rel}","templated":true}]}}