{"id":3037,"date":"2018-11-22T19:34:58","date_gmt":"2018-11-22T18:34:58","guid":{"rendered":"https:\/\/regions-snetap-fsu.fr\/pdl\/?p=3037"},"modified":"2018-11-22T19:37:42","modified_gmt":"2018-11-22T18:37:42","slug":"crefop-des-pays-de-la-loire-quel-mepris-pour-les-personnels-les-etablissements-scolaire","status":"publish","type":"post","link":"https:\/\/regions-snetap-fsu.fr\/pdl\/2018\/11\/22\/crefop-des-pays-de-la-loire-quel-mepris-pour-les-personnels-les-etablissements-scolaire\/","title":{"rendered":"Projet d\u2019\u00e9volution de l\u2019offre de formation professionnelle initiale pour la rentr\u00e9e 2019 : Non\u00a0au m\u00e9pris !"},"content":{"rendered":"<p><span style=\"text-decoration: underline;\"><strong>Communiqu\u00e9 de la coordination acad\u00e9mique de la FSU des Pays de la Loire<\/strong><\/span><\/p>\n<p style=\"text-align: justify;\">Le projet d\u2019\u00e9volution de l\u2019offre de formation professionnelle initiale pour la rentr\u00e9e 2019 \u00e9tait un\u00a0point inscrit \u00e0 l\u2019ordre du jour du dernier CREFOP (Comit\u00e9 R\u00e9gional pour l\u2019Emploi, la Formation et\u00a0l\u2019Orientation Professionnelle) pl\u00e9nier du 14\/11\/2018. Ce dossier ayant fait l\u2019objet d\u2019une premi\u00e8re\u00a0information lors de la commission FOPIA (Formation Professionnelle Initiale et Alternance) du\u00a013\/09\/2018.<br \/>\nComme il se doit, au regard de ses comp\u00e9tences, l\u2019avis formel du CREFOP aurait du \u00eatre recueilli\u00a0par un vote en s\u00e9ance qui a \u00e9t\u00e9 rendu impossible par l\u2019absence de documents supports pourtant\u00a0indispensables : Liste pr\u00e9cise des propositions d\u2019ouvertures et de fermetures (avec explication et\u00a0conditions) pour la rentr\u00e9e 2019.<br \/>\nDans la proc\u00e9dure relative au dossier d\u2019\u00e9volution des formations professionnelles, la FSU a toujours\u00a0accept\u00e9 de participer \u00e0 la concertation, parfois de mani\u00e8re critique en essayant par exemple de faire\u00a0\u00e9voluer le calendrier mais aussi en faisant conna\u00eetre ses positions par une contribution que nous\u00a0adressons chaque ann\u00e9e aux services comp\u00e9tents et aux \u00e9lu-es.<br \/>\nNous attendons en retour que les r\u00e8gles soient respect\u00e9es et nous ne pouvons donc accepter que le\u00a0CREFOP du 14\/11\/2018 ait \u00e9t\u00e9 mis devant l\u2019impossibilit\u00e9 de se prononcer sur le projet d\u2019\u00e9volution\u00a0de l\u2019offre des formations professionnelles. Nous n\u2019acceptons pas davantage et ne donnerons pas\u00a0suite \u00e0 la proposition du Conseil R\u00e9gional de fournir un avis par voie \u00e9lectronique pour le 23\/11.<\/p>\n<p style=\"text-align: justify;\">La\u00a0FSU consid\u00e8re en effet que les \u00e9changes et les d\u00e9bats entre les diff\u00e9rentes composantes du\u00a0CREFOP, sur quelque sujet que ce soit, sont indispensables pour garantir la concertation inscrite au\u00a0r\u00e8glement int\u00e9rieur du comit\u00e9.\u00a0Au-del\u00e0 des critiques d\u2019ordre g\u00e9n\u00e9ral qu\u2019elle a port\u00e9e en s\u00e9ance, notamment sur le soutien\u00a0privil\u00e9gi\u00e9 aux ouvertures en apprentissage contre la voie scolaire, La FSU regrette vivement que le\u00a0travail des \u00e9quipes p\u00e9dagogiques et des directions d\u2019\u00e9tablissement d\u00e9j\u00e0 bien trop difficile dans le\u00a0contexte g\u00e9n\u00e9ral, soit de surcro\u00eet aussi mal d\u00e9fendu et au final aussi peu consid\u00e9r\u00e9 par trop de\u00a0membres du CREFOP.<\/p>\n<p style=\"text-align: right;\"><strong>G\u00e9rard Pigois pour la FSU Pays de la Loire<\/strong><br \/>\n<strong>Contact : 06 87 20 12 19<\/strong><\/p>\n","protected":false},"excerpt":{"rendered":"<p>Communiqu\u00e9 de la coordination acad\u00e9mique de la FSU des Pays de la Loire Le projet d\u2019\u00e9volution de l\u2019offre de formation professionnelle initiale pour la rentr\u00e9e 2019 \u00e9tait un\u00a0point inscrit \u00e0 l\u2019ordre du jour du dernier CREFOP (Comit\u00e9 R\u00e9gional pour l\u2019Emploi, la Formation et\u00a0l\u2019Orientation Professionnelle) pl\u00e9nier du 14\/11\/2018. Ce dossier ayant fait l\u2019objet d\u2019une premi\u00e8re\u00a0information lors [&hellip;]<\/p>\n","protected":false},"author":2,"featured_media":0,"comment_status":"closed","ping_status":"closed","sticky":false,"template":"","format":"standard","meta":{"ocean_post_layout":"","ocean_both_sidebars_style":"","ocean_both_sidebars_content_width":0,"ocean_both_sidebars_sidebars_width":0,"ocean_sidebar":"","ocean_second_sidebar":"","ocean_disable_margins":"enable","ocean_add_body_class":"","ocean_shortcode_before_top_bar":"","ocean_shortcode_after_top_bar":"","ocean_shortcode_before_header":"","ocean_shortcode_after_header":"","ocean_has_shortcode":"","ocean_shortcode_after_title":"","ocean_shortcode_before_footer_widgets":"","ocean_shortcode_after_footer_widgets":"","ocean_shortcode_before_footer_bottom":"","ocean_shortcode_after_footer_bottom":"","ocean_display_top_bar":"default","ocean_display_header":"default","ocean_header_style":"","ocean_center_header_left_menu":"","ocean_custom_header_template":"","ocean_custom_logo":0,"ocean_custom_retina_logo":0,"ocean_custom_logo_max_width":0,"ocean_custom_logo_tablet_max_width":0,"ocean_custom_logo_mobile_max_width":0,"ocean_custom_logo_max_height":0,"ocean_custom_logo_tablet_max_height":0,"ocean_custom_logo_mobile_max_height":0,"ocean_header_custom_menu":"","ocean_menu_typo_font_family":"","ocean_menu_typo_font_subset":"","ocean_menu_typo_font_size":0,"ocean_menu_typo_font_size_tablet":0,"ocean_menu_typo_font_size_mobile":0,"ocean_menu_typo_font_size_unit":"px","ocean_menu_typo_font_weight":"","ocean_menu_typo_font_weight_tablet":"","ocean_menu_typo_font_weight_mobile":"","ocean_menu_typo_transform":"","ocean_menu_typo_transform_tablet":"","ocean_menu_typo_transform_mobile":"","ocean_menu_typo_line_height":0,"ocean_menu_typo_line_height_tablet":0,"ocean_menu_typo_line_height_mobile":0,"ocean_menu_typo_line_height_unit":"","ocean_menu_typo_spacing":0,"ocean_menu_typo_spacing_tablet":0,"ocean_menu_typo_spacing_mobile":0,"ocean_menu_typo_spacing_unit":"","ocean_menu_link_color":"","ocean_menu_link_color_hover":"","ocean_menu_link_color_active":"","ocean_menu_link_background":"","ocean_menu_link_hover_background":"","ocean_menu_link_active_background":"","ocean_menu_social_links_bg":"","ocean_menu_social_hover_links_bg":"","ocean_menu_social_links_color":"","ocean_menu_social_hover_links_color":"","ocean_disable_title":"default","ocean_disable_heading":"default","ocean_post_title":"","ocean_post_subheading":"","ocean_post_title_style":"","ocean_post_title_background_color":"","ocean_post_title_background":0,"ocean_post_title_bg_image_position":"","ocean_post_title_bg_image_attachment":"","ocean_post_title_bg_image_repeat":"","ocean_post_title_bg_image_size":"","ocean_post_title_height":0,"ocean_post_title_bg_overlay":0.5,"ocean_post_title_bg_overlay_color":"","ocean_disable_breadcrumbs":"default","ocean_breadcrumbs_color":"","ocean_breadcrumbs_separator_color":"","ocean_breadcrumbs_links_color":"","ocean_breadcrumbs_links_hover_color":"","ocean_display_footer_widgets":"default","ocean_display_footer_bottom":"default","ocean_custom_footer_template":"","ocean_post_oembed":"","ocean_post_self_hosted_media":"","ocean_post_video_embed":"","ocean_link_format":"","ocean_link_format_target":"self","ocean_quote_format":"","ocean_quote_format_link":"post","ocean_gallery_link_images":"on","ocean_gallery_id":[],"footnotes":""},"categories":[28,7],"tags":[],"post_folder":[],"class_list":["post-3037","post","type-post","status-publish","format-standard","hentry","category-actions-regionales","category-conseil-regional","entry"],"yoast_head":"<!-- This site is optimized with the Yoast SEO plugin v27.4 - https:\/\/yoast.com\/product\/yoast-seo-wordpress\/ -->\n<title>Projet d\u2019\u00e9volution de l\u2019offre de formation professionnelle initiale pour la rentr\u00e9e 2019 : Non\u00a0au m\u00e9pris ! - PAYS DE LA LOIRE<\/title>\n<meta name=\"robots\" content=\"index, follow, max-snippet:-1, max-image-preview:large, max-video-preview:-1\" \/>\n<link rel=\"canonical\" href=\"https:\/\/regions-snetap-fsu.fr\/pdl\/2018\/11\/22\/crefop-des-pays-de-la-loire-quel-mepris-pour-les-personnels-les-etablissements-scolaire\/\" \/>\n<meta property=\"og:locale\" content=\"fr_FR\" \/>\n<meta property=\"og:type\" content=\"article\" \/>\n<meta property=\"og:title\" content=\"Projet d\u2019\u00e9volution de l\u2019offre de formation professionnelle initiale pour la rentr\u00e9e 2019 : Non\u00a0au m\u00e9pris ! - PAYS DE LA LOIRE\" \/>\n<meta property=\"og:description\" content=\"Communiqu\u00e9 de la coordination acad\u00e9mique de la FSU des Pays de la Loire Le projet d\u2019\u00e9volution de l\u2019offre de formation professionnelle initiale pour la rentr\u00e9e 2019 \u00e9tait un\u00a0point inscrit \u00e0 l\u2019ordre du jour du dernier CREFOP (Comit\u00e9 R\u00e9gional pour l\u2019Emploi, la Formation et\u00a0l\u2019Orientation Professionnelle) pl\u00e9nier du 14\/11\/2018. Ce dossier ayant fait l\u2019objet d\u2019une premi\u00e8re\u00a0information lors [&hellip;]\" \/>\n<meta property=\"og:url\" content=\"https:\/\/regions-snetap-fsu.fr\/pdl\/2018\/11\/22\/crefop-des-pays-de-la-loire-quel-mepris-pour-les-personnels-les-etablissements-scolaire\/\" \/>\n<meta property=\"og:site_name\" content=\"PAYS DE LA LOIRE\" \/>\n<meta property=\"article:published_time\" content=\"2018-11-22T18:34:58+00:00\" \/>\n<meta property=\"article:modified_time\" content=\"2018-11-22T18:37:42+00:00\" \/>\n<meta name=\"author\" content=\"yvigner\" \/>\n<meta name=\"twitter:card\" content=\"summary_large_image\" \/>\n<meta name=\"twitter:label1\" content=\"\u00c9crit par\" \/>\n\t<meta name=\"twitter:data1\" content=\"yvigner\" \/>\n\t<meta name=\"twitter:label2\" content=\"Dur\u00e9e de lecture estim\u00e9e\" \/>\n\t<meta name=\"twitter:data2\" content=\"2 minutes\" \/>\n<script type=\"application\/ld+json\" class=\"yoast-schema-graph\">{\"@context\":\"https:\\\/\\\/schema.org\",\"@graph\":[{\"@type\":\"Article\",\"@id\":\"https:\\\/\\\/regions-snetap-fsu.fr\\\/pdl\\\/2018\\\/11\\\/22\\\/crefop-des-pays-de-la-loire-quel-mepris-pour-les-personnels-les-etablissements-scolaire\\\/#article\",\"isPartOf\":{\"@id\":\"https:\\\/\\\/regions-snetap-fsu.fr\\\/pdl\\\/2018\\\/11\\\/22\\\/crefop-des-pays-de-la-loire-quel-mepris-pour-les-personnels-les-etablissements-scolaire\\\/\"},\"author\":{\"name\":\"yvigner\",\"@id\":\"https:\\\/\\\/regions-snetap-fsu.fr\\\/pdl\\\/#\\\/schema\\\/person\\\/d4530af043f9e8d27bdd71c468ec93b1\"},\"headline\":\"Projet d\u2019\u00e9volution de l\u2019offre de formation professionnelle initiale pour la rentr\u00e9e 2019 : Non\u00a0au m\u00e9pris !\",\"datePublished\":\"2018-11-22T18:34:58+00:00\",\"dateModified\":\"2018-11-22T18:37:42+00:00\",\"mainEntityOfPage\":{\"@id\":\"https:\\\/\\\/regions-snetap-fsu.fr\\\/pdl\\\/2018\\\/11\\\/22\\\/crefop-des-pays-de-la-loire-quel-mepris-pour-les-personnels-les-etablissements-scolaire\\\/\"},\"wordCount\":405,\"publisher\":{\"@id\":\"https:\\\/\\\/regions-snetap-fsu.fr\\\/pdl\\\/#organization\"},\"articleSection\":[\"Actions r\u00e9gionales\",\"Conseil r\u00e9gional\"],\"inLanguage\":\"fr-FR\"},{\"@type\":\"WebPage\",\"@id\":\"https:\\\/\\\/regions-snetap-fsu.fr\\\/pdl\\\/2018\\\/11\\\/22\\\/crefop-des-pays-de-la-loire-quel-mepris-pour-les-personnels-les-etablissements-scolaire\\\/\",\"url\":\"https:\\\/\\\/regions-snetap-fsu.fr\\\/pdl\\\/2018\\\/11\\\/22\\\/crefop-des-pays-de-la-loire-quel-mepris-pour-les-personnels-les-etablissements-scolaire\\\/\",\"name\":\"Projet d\u2019\u00e9volution de l\u2019offre de formation professionnelle initiale pour la rentr\u00e9e 2019 : Non\u00a0au m\u00e9pris ! - PAYS DE LA LOIRE\",\"isPartOf\":{\"@id\":\"https:\\\/\\\/regions-snetap-fsu.fr\\\/pdl\\\/#website\"},\"datePublished\":\"2018-11-22T18:34:58+00:00\",\"dateModified\":\"2018-11-22T18:37:42+00:00\",\"breadcrumb\":{\"@id\":\"https:\\\/\\\/regions-snetap-fsu.fr\\\/pdl\\\/2018\\\/11\\\/22\\\/crefop-des-pays-de-la-loire-quel-mepris-pour-les-personnels-les-etablissements-scolaire\\\/#breadcrumb\"},\"inLanguage\":\"fr-FR\",\"potentialAction\":[{\"@type\":\"ReadAction\",\"target\":[\"https:\\\/\\\/regions-snetap-fsu.fr\\\/pdl\\\/2018\\\/11\\\/22\\\/crefop-des-pays-de-la-loire-quel-mepris-pour-les-personnels-les-etablissements-scolaire\\\/\"]}]},{\"@type\":\"BreadcrumbList\",\"@id\":\"https:\\\/\\\/regions-snetap-fsu.fr\\\/pdl\\\/2018\\\/11\\\/22\\\/crefop-des-pays-de-la-loire-quel-mepris-pour-les-personnels-les-etablissements-scolaire\\\/#breadcrumb\",\"itemListElement\":[{\"@type\":\"ListItem\",\"position\":1,\"name\":\"Accueil\",\"item\":\"https:\\\/\\\/regions-snetap-fsu.fr\\\/pdl\\\/\"},{\"@type\":\"ListItem\",\"position\":2,\"name\":\"Projet d\u2019\u00e9volution de l\u2019offre de formation professionnelle initiale pour la rentr\u00e9e 2019 : Non\u00a0au m\u00e9pris !\"}]},{\"@type\":\"WebSite\",\"@id\":\"https:\\\/\\\/regions-snetap-fsu.fr\\\/pdl\\\/#website\",\"url\":\"https:\\\/\\\/regions-snetap-fsu.fr\\\/pdl\\\/\",\"name\":\"SNETAP-FSU PAYS DE LA LOIRE\",\"description\":\"SECTION REGIONALE\",\"publisher\":{\"@id\":\"https:\\\/\\\/regions-snetap-fsu.fr\\\/pdl\\\/#organization\"},\"potentialAction\":[{\"@type\":\"SearchAction\",\"target\":{\"@type\":\"EntryPoint\",\"urlTemplate\":\"https:\\\/\\\/regions-snetap-fsu.fr\\\/pdl\\\/?s={search_term_string}\"},\"query-input\":{\"@type\":\"PropertyValueSpecification\",\"valueRequired\":true,\"valueName\":\"search_term_string\"}}],\"inLanguage\":\"fr-FR\"},{\"@type\":\"Organization\",\"@id\":\"https:\\\/\\\/regions-snetap-fsu.fr\\\/pdl\\\/#organization\",\"name\":\"SNETAP-FSU Pays de Loire\",\"url\":\"https:\\\/\\\/regions-snetap-fsu.fr\\\/pdl\\\/\",\"logo\":{\"@type\":\"ImageObject\",\"inLanguage\":\"fr-FR\",\"@id\":\"https:\\\/\\\/regions-snetap-fsu.fr\\\/pdl\\\/#\\\/schema\\\/logo\\\/image\\\/\",\"url\":\"https:\\\/\\\/regions-snetap-fsu.fr\\\/pdl\\\/wp-content\\\/uploads\\\/sites\\\/4\\\/2020\\\/12\\\/SNETAP-Logo.jpg\",\"contentUrl\":\"https:\\\/\\\/regions-snetap-fsu.fr\\\/pdl\\\/wp-content\\\/uploads\\\/sites\\\/4\\\/2020\\\/12\\\/SNETAP-Logo.jpg\",\"width\":464,\"height\":334,\"caption\":\"SNETAP-FSU Pays de Loire\"},\"image\":{\"@id\":\"https:\\\/\\\/regions-snetap-fsu.fr\\\/pdl\\\/#\\\/schema\\\/logo\\\/image\\\/\"}},{\"@type\":\"Person\",\"@id\":\"https:\\\/\\\/regions-snetap-fsu.fr\\\/pdl\\\/#\\\/schema\\\/person\\\/d4530af043f9e8d27bdd71c468ec93b1\",\"name\":\"yvigner\",\"image\":{\"@type\":\"ImageObject\",\"inLanguage\":\"fr-FR\",\"@id\":\"https:\\\/\\\/secure.gravatar.com\\\/avatar\\\/bc72baa6f2406549aecf77a837bc4f03dbe88472c1762138f868571430a23820?s=96&d=mm&r=g\",\"url\":\"https:\\\/\\\/secure.gravatar.com\\\/avatar\\\/bc72baa6f2406549aecf77a837bc4f03dbe88472c1762138f868571430a23820?s=96&d=mm&r=g\",\"contentUrl\":\"https:\\\/\\\/secure.gravatar.com\\\/avatar\\\/bc72baa6f2406549aecf77a837bc4f03dbe88472c1762138f868571430a23820?s=96&d=mm&r=g\",\"caption\":\"yvigner\"},\"url\":\"https:\\\/\\\/regions-snetap-fsu.fr\\\/pdl\\\/author\\\/yvigner\\\/\"}]}<\/script>\n<!-- \/ Yoast SEO plugin. -->","yoast_head_json":{"title":"Projet d\u2019\u00e9volution de l\u2019offre de formation professionnelle initiale pour la rentr\u00e9e 2019 : Non\u00a0au m\u00e9pris ! - PAYS DE LA LOIRE","robots":{"index":"index","follow":"follow","max-snippet":"max-snippet:-1","max-image-preview":"max-image-preview:large","max-video-preview":"max-video-preview:-1"},"canonical":"https:\/\/regions-snetap-fsu.fr\/pdl\/2018\/11\/22\/crefop-des-pays-de-la-loire-quel-mepris-pour-les-personnels-les-etablissements-scolaire\/","og_locale":"fr_FR","og_type":"article","og_title":"Projet d\u2019\u00e9volution de l\u2019offre de formation professionnelle initiale pour la rentr\u00e9e 2019 : Non\u00a0au m\u00e9pris ! - PAYS DE LA LOIRE","og_description":"Communiqu\u00e9 de la coordination acad\u00e9mique de la FSU des Pays de la Loire Le projet d\u2019\u00e9volution de l\u2019offre de formation professionnelle initiale pour la rentr\u00e9e 2019 \u00e9tait un\u00a0point inscrit \u00e0 l\u2019ordre du jour du dernier CREFOP (Comit\u00e9 R\u00e9gional pour l\u2019Emploi, la Formation et\u00a0l\u2019Orientation Professionnelle) pl\u00e9nier du 14\/11\/2018. Ce dossier ayant fait l\u2019objet d\u2019une premi\u00e8re\u00a0information lors [&hellip;]","og_url":"https:\/\/regions-snetap-fsu.fr\/pdl\/2018\/11\/22\/crefop-des-pays-de-la-loire-quel-mepris-pour-les-personnels-les-etablissements-scolaire\/","og_site_name":"PAYS DE LA LOIRE","article_published_time":"2018-11-22T18:34:58+00:00","article_modified_time":"2018-11-22T18:37:42+00:00","author":"yvigner","twitter_card":"summary_large_image","twitter_misc":{"\u00c9crit par":"yvigner","Dur\u00e9e de lecture estim\u00e9e":"2 minutes"},"schema":{"@context":"https:\/\/schema.org","@graph":[{"@type":"Article","@id":"https:\/\/regions-snetap-fsu.fr\/pdl\/2018\/11\/22\/crefop-des-pays-de-la-loire-quel-mepris-pour-les-personnels-les-etablissements-scolaire\/#article","isPartOf":{"@id":"https:\/\/regions-snetap-fsu.fr\/pdl\/2018\/11\/22\/crefop-des-pays-de-la-loire-quel-mepris-pour-les-personnels-les-etablissements-scolaire\/"},"author":{"name":"yvigner","@id":"https:\/\/regions-snetap-fsu.fr\/pdl\/#\/schema\/person\/d4530af043f9e8d27bdd71c468ec93b1"},"headline":"Projet d\u2019\u00e9volution de l\u2019offre de formation professionnelle initiale pour la rentr\u00e9e 2019 : Non\u00a0au m\u00e9pris !","datePublished":"2018-11-22T18:34:58+00:00","dateModified":"2018-11-22T18:37:42+00:00","mainEntityOfPage":{"@id":"https:\/\/regions-snetap-fsu.fr\/pdl\/2018\/11\/22\/crefop-des-pays-de-la-loire-quel-mepris-pour-les-personnels-les-etablissements-scolaire\/"},"wordCount":405,"publisher":{"@id":"https:\/\/regions-snetap-fsu.fr\/pdl\/#organization"},"articleSection":["Actions r\u00e9gionales","Conseil r\u00e9gional"],"inLanguage":"fr-FR"},{"@type":"WebPage","@id":"https:\/\/regions-snetap-fsu.fr\/pdl\/2018\/11\/22\/crefop-des-pays-de-la-loire-quel-mepris-pour-les-personnels-les-etablissements-scolaire\/","url":"https:\/\/regions-snetap-fsu.fr\/pdl\/2018\/11\/22\/crefop-des-pays-de-la-loire-quel-mepris-pour-les-personnels-les-etablissements-scolaire\/","name":"Projet d\u2019\u00e9volution de l\u2019offre de formation professionnelle initiale pour la rentr\u00e9e 2019 : Non\u00a0au m\u00e9pris ! - PAYS DE LA LOIRE","isPartOf":{"@id":"https:\/\/regions-snetap-fsu.fr\/pdl\/#website"},"datePublished":"2018-11-22T18:34:58+00:00","dateModified":"2018-11-22T18:37:42+00:00","breadcrumb":{"@id":"https:\/\/regions-snetap-fsu.fr\/pdl\/2018\/11\/22\/crefop-des-pays-de-la-loire-quel-mepris-pour-les-personnels-les-etablissements-scolaire\/#breadcrumb"},"inLanguage":"fr-FR","potentialAction":[{"@type":"ReadAction","target":["https:\/\/regions-snetap-fsu.fr\/pdl\/2018\/11\/22\/crefop-des-pays-de-la-loire-quel-mepris-pour-les-personnels-les-etablissements-scolaire\/"]}]},{"@type":"BreadcrumbList","@id":"https:\/\/regions-snetap-fsu.fr\/pdl\/2018\/11\/22\/crefop-des-pays-de-la-loire-quel-mepris-pour-les-personnels-les-etablissements-scolaire\/#breadcrumb","itemListElement":[{"@type":"ListItem","position":1,"name":"Accueil","item":"https:\/\/regions-snetap-fsu.fr\/pdl\/"},{"@type":"ListItem","position":2,"name":"Projet d\u2019\u00e9volution de l\u2019offre de formation professionnelle initiale pour la rentr\u00e9e 2019 : Non\u00a0au m\u00e9pris !"}]},{"@type":"WebSite","@id":"https:\/\/regions-snetap-fsu.fr\/pdl\/#website","url":"https:\/\/regions-snetap-fsu.fr\/pdl\/","name":"SNETAP-FSU PAYS DE LA LOIRE","description":"SECTION REGIONALE","publisher":{"@id":"https:\/\/regions-snetap-fsu.fr\/pdl\/#organization"},"potentialAction":[{"@type":"SearchAction","target":{"@type":"EntryPoint","urlTemplate":"https:\/\/regions-snetap-fsu.fr\/pdl\/?s={search_term_string}"},"query-input":{"@type":"PropertyValueSpecification","valueRequired":true,"valueName":"search_term_string"}}],"inLanguage":"fr-FR"},{"@type":"Organization","@id":"https:\/\/regions-snetap-fsu.fr\/pdl\/#organization","name":"SNETAP-FSU Pays de Loire","url":"https:\/\/regions-snetap-fsu.fr\/pdl\/","logo":{"@type":"ImageObject","inLanguage":"fr-FR","@id":"https:\/\/regions-snetap-fsu.fr\/pdl\/#\/schema\/logo\/image\/","url":"https:\/\/regions-snetap-fsu.fr\/pdl\/wp-content\/uploads\/sites\/4\/2020\/12\/SNETAP-Logo.jpg","contentUrl":"https:\/\/regions-snetap-fsu.fr\/pdl\/wp-content\/uploads\/sites\/4\/2020\/12\/SNETAP-Logo.jpg","width":464,"height":334,"caption":"SNETAP-FSU Pays de Loire"},"image":{"@id":"https:\/\/regions-snetap-fsu.fr\/pdl\/#\/schema\/logo\/image\/"}},{"@type":"Person","@id":"https:\/\/regions-snetap-fsu.fr\/pdl\/#\/schema\/person\/d4530af043f9e8d27bdd71c468ec93b1","name":"yvigner","image":{"@type":"ImageObject","inLanguage":"fr-FR","@id":"https:\/\/secure.gravatar.com\/avatar\/bc72baa6f2406549aecf77a837bc4f03dbe88472c1762138f868571430a23820?s=96&d=mm&r=g","url":"https:\/\/secure.gravatar.com\/avatar\/bc72baa6f2406549aecf77a837bc4f03dbe88472c1762138f868571430a23820?s=96&d=mm&r=g","contentUrl":"https:\/\/secure.gravatar.com\/avatar\/bc72baa6f2406549aecf77a837bc4f03dbe88472c1762138f868571430a23820?s=96&d=mm&r=g","caption":"yvigner"},"url":"https:\/\/regions-snetap-fsu.fr\/pdl\/author\/yvigner\/"}]}},"_links":{"self":[{"href":"https:\/\/regions-snetap-fsu.fr\/pdl\/wp-json\/wp\/v2\/posts\/3037","targetHints":{"allow":["GET"]}}],"collection":[{"href":"https:\/\/regions-snetap-fsu.fr\/pdl\/wp-json\/wp\/v2\/posts"}],"about":[{"href":"https:\/\/regions-snetap-fsu.fr\/pdl\/wp-json\/wp\/v2\/types\/post"}],"author":[{"embeddable":true,"href":"https:\/\/regions-snetap-fsu.fr\/pdl\/wp-json\/wp\/v2\/users\/2"}],"replies":[{"embeddable":true,"href":"https:\/\/regions-snetap-fsu.fr\/pdl\/wp-json\/wp\/v2\/comments?post=3037"}],"version-history":[{"count":3,"href":"https:\/\/regions-snetap-fsu.fr\/pdl\/wp-json\/wp\/v2\/posts\/3037\/revisions"}],"predecessor-version":[{"id":3040,"href":"https:\/\/regions-snetap-fsu.fr\/pdl\/wp-json\/wp\/v2\/posts\/3037\/revisions\/3040"}],"wp:attachment":[{"href":"https:\/\/regions-snetap-fsu.fr\/pdl\/wp-json\/wp\/v2\/media?parent=3037"}],"wp:term":[{"taxonomy":"category","embeddable":true,"href":"https:\/\/regions-snetap-fsu.fr\/pdl\/wp-json\/wp\/v2\/categories?post=3037"},{"taxonomy":"post_tag","embeddable":true,"href":"https:\/\/regions-snetap-fsu.fr\/pdl\/wp-json\/wp\/v2\/tags?post=3037"},{"taxonomy":"post_folder","embeddable":true,"href":"https:\/\/regions-snetap-fsu.fr\/pdl\/wp-json\/wp\/v2\/post_folder?post=3037"}],"curies":[{"name":"wp","href":"https:\/\/api.w.org\/{rel}","templated":true}]}}