{"id":2912,"date":"2018-09-27T22:00:12","date_gmt":"2018-09-27T20:00:12","guid":{"rendered":"https:\/\/regions-snetap-fsu.fr\/pdl\/?p=2912"},"modified":"2018-09-27T22:01:35","modified_gmt":"2018-09-27T20:01:35","slug":"les-dedoublements-reglementaires-doivent-etre-respectes","status":"publish","type":"post","link":"https:\/\/regions-snetap-fsu.fr\/pdl\/2018\/09\/27\/les-dedoublements-reglementaires-doivent-etre-respectes\/","title":{"rendered":"Les d\u00e9doublements r\u00e9glementaires doivent \u00eatre respect\u00e9s !"},"content":{"rendered":"<h4 style=\"text-align: justify\">Courrier de la section locale au SRFD au sujet des d\u00e9doublements en informatique en 1\u00e8re STAV au lyc\u00e9e Bel Air de Fontenay le Comte.<\/h4>\n<p class=\"western\" align=\"right\"><span style=\"font-family: Arial, sans-serif\"><span style=\"font-size: medium\">A Fontenay le Comte, le 27 septembre 2018<\/span><\/span><\/p>\n<p class=\"western\" align=\"right\"><span style=\"font-family: Arial, sans-serif\"><span style=\"font-size: medium\">A Monsieur le Chef du SRFD<\/span><\/span><\/p>\n<p class=\"western\" align=\"justify\"><span style=\"font-family: Arial, sans-serif\"><span style=\"font-size: medium\">Monsieur le Chef du SRFD, <\/span><\/span><\/p>\n<p class=\"western\" align=\"justify\"><span style=\"font-family: Arial, sans-serif\"><span style=\"font-size: medium\">Par la pr\u00e9sente, nous vous alertons quant aux conditions d&rsquo;enseignement en classe de 1\u00e8re STAV du lyc\u00e9e agricole de Fontenay le Comte. Ainsi depuis la rentr\u00e9e, nous accueillons dans cette classe plus de 16 \u00e9l\u00e8ves (18 en l\u2019occurrence). Cependant, pour les enseignements d&rsquo;informatique du module M4, il nous est impossible de d\u00e9doubler la classe et ainsi de r\u00e9aliser des travaux pratiques de qualit\u00e9 dans l&rsquo;\u00e9tablissement. La Directrice adjointe de l&rsquo;\u00e9tablissement a, en effet, refus\u00e9 d&rsquo;inscrire sur la fiche de service de l\u2019enseignant concern\u00e9 (M.MATHIEU) le d\u00e9doublement r\u00e9glementaire. <\/span><\/span><!--more--><\/p>\n<p class=\"western\" align=\"justify\"><span style=\"font-family: Arial, sans-serif\"><span style=\"font-size: medium\">Pourtant l&rsquo;<\/span><\/span><span style=\"font-family: Arial, sans-serif\"><span style=\"font-size: medium\">Arr\u00eat\u00e9 du 26 f\u00e9vrier 2013 fixant les grilles horaires de la s\u00e9rie <\/span><\/span><span style=\"font-family: Arial, sans-serif\"><span style=\"font-size: medium\">STAV<\/span><\/span><span style=\"font-family: Arial, sans-serif\"><span style=\"font-size: medium\"> \u00ab\u00a0<\/span><\/span><strong><span style=\"font-family: Arial, sans-serif\"><span style=\"font-size: medium\">sciences et technologies de l&rsquo;agronomie et du vivant : agronomie, alimentation, environnement, territoires<\/span><\/span><\/strong><span style=\"font-family: Arial, sans-serif\"><span style=\"font-size: medium\">\u00a0\u00bb du baccalaur\u00e9at technologique pr\u00e9par\u00e9 dans les lyc\u00e9es d&rsquo;enseignement g\u00e9n\u00e9ral et technologique agricole\u00a0(JO du 7 mars 2013) <\/span><\/span><span style=\"font-family: Arial, sans-serif\"><span style=\"font-size: medium\">pr\u00e9voit bien un seuil de d\u00e9doublement \u00e0 <\/span><\/span><span style=\"font-family: Arial, sans-serif\"><span style=\"font-size: medium\">partir de<\/span><\/span> <span style=\"font-family: Arial, sans-serif\"><span style=\"font-size: medium\">16<\/span><\/span><span style=\"font-family: Arial, sans-serif\"><span style=\"font-size: medium\"> \u00e9l\u00e8ves. <\/span><\/span><\/p>\n<p class=\"western\" align=\"justify\"><span style=\"font-family: Arial, sans-serif\"><span style=\"font-size: medium\">De plus, pour la pr\u00e9paration de l&rsquo;examen, il est indispensable de pouvoir faire pratiquer les \u00e9l\u00e8ves dans cette discipline parce que un CCF y \u00eatre consacr\u00e9. <\/span><\/span><\/p>\n<p class=\"western\" align=\"justify\"><span style=\"font-family: Arial, sans-serif\"><span style=\"font-size: medium\">Comment permettre une approche concr\u00e8te, comment donner le go\u00fbt de l&rsquo;informatique, comment leur donner une large culture num\u00e9rique sans ce d\u00e9doublement\u00a0? <\/span><\/span><\/p>\n<p class=\"western\" align=\"justify\"><span style=\"font-family: Arial, sans-serif\"><span style=\"font-size: medium\">Comment favoriser la co-construction des savoirs et savoir-faire ainsi que l&rsquo;acquisition de l&rsquo;autonomie des \u00e9l\u00e8ves, indispensables \u00e0 la poursuite d&rsquo;\u00e9tudes sans ce d\u00e9doublement\u00a0? <\/span><\/span><\/p>\n<p class=\"western\" align=\"justify\"><span style=\"font-family: Arial, sans-serif\"><span style=\"font-size: medium\">Comment une administration r\u00e9gionale, locale peut-elle ne pas respecter des textes r\u00e9glementaires\u00a0?<\/span><\/span><\/p>\n<p class=\"western\" align=\"justify\"><span style=\"font-family: Arial, sans-serif\"><span style=\"font-size: medium\">Par ce courrier, nous sollicitons de la part des services du SRFD, un arbitrage et\/ou une attribution de moyens de DGH suppl\u00e9mentaires afin de pouvoir r\u00e9aliser le d\u00e9doublement n\u00e9cessaire. Il est important que les conditions d&rsquo;apprentissage et d&rsquo;enseignement pour nos \u00e9l\u00e8ves de la fili\u00e8re STAV soient conformes aux arr\u00eat\u00e9s, notes de service mais aussi \u00e0 la configuration des locaux de l&rsquo;\u00e9tablissement. <\/span><\/span><\/p>\n<p class=\"western\" align=\"justify\"><span style=\"font-family: Arial, sans-serif\"><span style=\"font-size: medium\">Dans l&rsquo;attente de votre r\u00e9ponse, que nous esp\u00e9rons positive, veuillez agr\u00e9er Monsieur le Chef du SRFD, en notre d\u00e9vouement le plus sinc\u00e8re pour l&rsquo;enseignement agricole public. <\/span><\/span><\/p>\n<p class=\"western\" style=\"text-align: right\"><strong><span style=\"font-family: Arial, sans-serif;font-size: medium\">M.BENOIST, secr\u00e9taire de la section locale<\/span><\/strong><\/p>\n\n\t\t<div class=\"wppdfemb-frame-container-1\" style=\"-webkit-overflow-scrolling:auto;\">\n\t\t\t<iframe class=\"pdfembed-iframe nonfullscreen wppdf-emb-iframe-1\"\n\t\t\t\tsrc=\"https:\/\/regions-snetap-fsu.fr\/pdl\/?pdfemb-data=eyJ1cmwiOiJodHRwczpcL1wvcmVnaW9ucy1zbmV0YXAtZnN1LmZyXC9wZGxcL3dwLWNvbnRlbnRcL3VwbG9hZHNcL3NpdGVzXC80XC8yMDE4XC8wOVwvQ291cnJpZXItZFx1MDBlOWRvdWJsZW1lbnQtU1RBVi1pbmZvLUZvbnRlbmF5LnBkZiIsInRpdGxlIjoiQ291cnJpZXIgZFx1MDBlOWRvdWJsZW1lbnQgU1RBViBpbmZvIEZvbnRlbmF5IiwiaW5kZXgiOjEsInBkZklEIjoyOTEzfQ\"\n\t\t\t\ttitle=\"Courrier d\u00e9doublement STAV info Fontenay\"\t\t\t\tdata-pdf-id=\"2913\"\n\t\t\t\tdata-pdf-index=\"1\"\n\t\t\t\tstyle=\"border:none;width:100%;max-width:100%;height:100vh;\"\n\t\t\t\tscrolling=\"yes\">\n\t\t\t<\/iframe>\n\t\t<\/div>\n\n\t\t\n","protected":false},"excerpt":{"rendered":"<p>Courrier de la section locale au SRFD au sujet des d\u00e9doublements en informatique en 1\u00e8re STAV au lyc\u00e9e Bel Air de Fontenay le Comte. A Fontenay le Comte, le 27 septembre 2018 A Monsieur le Chef du SRFD Monsieur le Chef du SRFD, Par la pr\u00e9sente, nous vous alertons quant aux conditions d&rsquo;enseignement en classe [&hellip;]<\/p>\n","protected":false},"author":2,"featured_media":0,"comment_status":"closed","ping_status":"closed","sticky":false,"template":"","format":"standard","meta":{"ocean_post_layout":"","ocean_both_sidebars_style":"","ocean_both_sidebars_content_width":0,"ocean_both_sidebars_sidebars_width":0,"ocean_sidebar":"","ocean_second_sidebar":"","ocean_disable_margins":"enable","ocean_add_body_class":"","ocean_shortcode_before_top_bar":"","ocean_shortcode_after_top_bar":"","ocean_shortcode_before_header":"","ocean_shortcode_after_header":"","ocean_has_shortcode":"","ocean_shortcode_after_title":"","ocean_shortcode_before_footer_widgets":"","ocean_shortcode_after_footer_widgets":"","ocean_shortcode_before_footer_bottom":"","ocean_shortcode_after_footer_bottom":"","ocean_display_top_bar":"default","ocean_display_header":"default","ocean_header_style":"","ocean_center_header_left_menu":"","ocean_custom_header_template":"","ocean_custom_logo":0,"ocean_custom_retina_logo":0,"ocean_custom_logo_max_width":0,"ocean_custom_logo_tablet_max_width":0,"ocean_custom_logo_mobile_max_width":0,"ocean_custom_logo_max_height":0,"ocean_custom_logo_tablet_max_height":0,"ocean_custom_logo_mobile_max_height":0,"ocean_header_custom_menu":"","ocean_menu_typo_font_family":"","ocean_menu_typo_font_subset":"","ocean_menu_typo_font_size":0,"ocean_menu_typo_font_size_tablet":0,"ocean_menu_typo_font_size_mobile":0,"ocean_menu_typo_font_size_unit":"px","ocean_menu_typo_font_weight":"","ocean_menu_typo_font_weight_tablet":"","ocean_menu_typo_font_weight_mobile":"","ocean_menu_typo_transform":"","ocean_menu_typo_transform_tablet":"","ocean_menu_typo_transform_mobile":"","ocean_menu_typo_line_height":0,"ocean_menu_typo_line_height_tablet":0,"ocean_menu_typo_line_height_mobile":0,"ocean_menu_typo_line_height_unit":"","ocean_menu_typo_spacing":0,"ocean_menu_typo_spacing_tablet":0,"ocean_menu_typo_spacing_mobile":0,"ocean_menu_typo_spacing_unit":"","ocean_menu_link_color":"","ocean_menu_link_color_hover":"","ocean_menu_link_color_active":"","ocean_menu_link_background":"","ocean_menu_link_hover_background":"","ocean_menu_link_active_background":"","ocean_menu_social_links_bg":"","ocean_menu_social_hover_links_bg":"","ocean_menu_social_links_color":"","ocean_menu_social_hover_links_color":"","ocean_disable_title":"default","ocean_disable_heading":"default","ocean_post_title":"","ocean_post_subheading":"","ocean_post_title_style":"","ocean_post_title_background_color":"","ocean_post_title_background":0,"ocean_post_title_bg_image_position":"","ocean_post_title_bg_image_attachment":"","ocean_post_title_bg_image_repeat":"","ocean_post_title_bg_image_size":"","ocean_post_title_height":0,"ocean_post_title_bg_overlay":0.5,"ocean_post_title_bg_overlay_color":"","ocean_disable_breadcrumbs":"default","ocean_breadcrumbs_color":"","ocean_breadcrumbs_separator_color":"","ocean_breadcrumbs_links_color":"","ocean_breadcrumbs_links_hover_color":"","ocean_display_footer_widgets":"default","ocean_display_footer_bottom":"default","ocean_custom_footer_template":"","ocean_post_oembed":"","ocean_post_self_hosted_media":"","ocean_post_video_embed":"","ocean_link_format":"","ocean_link_format_target":"self","ocean_quote_format":"","ocean_quote_format_link":"post","ocean_gallery_link_images":"on","ocean_gallery_id":[],"footnotes":""},"categories":[28,6,17],"tags":[],"post_folder":[],"class_list":["post-2912","post","type-post","status-publish","format-standard","hentry","category-actions-regionales","category-courriers-de-la-section-regionale","category-fontenay-le-comte","entry"],"yoast_head":"<!-- This site is optimized with the Yoast SEO plugin v27.4 - https:\/\/yoast.com\/product\/yoast-seo-wordpress\/ -->\n<title>Les d\u00e9doublements r\u00e9glementaires doivent \u00eatre respect\u00e9s ! - PAYS DE LA LOIRE<\/title>\n<meta name=\"robots\" content=\"index, follow, max-snippet:-1, max-image-preview:large, max-video-preview:-1\" \/>\n<link rel=\"canonical\" href=\"https:\/\/regions-snetap-fsu.fr\/pdl\/2018\/09\/27\/les-dedoublements-reglementaires-doivent-etre-respectes\/\" \/>\n<meta property=\"og:locale\" content=\"fr_FR\" \/>\n<meta property=\"og:type\" content=\"article\" \/>\n<meta property=\"og:title\" content=\"Les d\u00e9doublements r\u00e9glementaires doivent \u00eatre respect\u00e9s ! - PAYS DE LA LOIRE\" \/>\n<meta property=\"og:description\" content=\"Courrier de la section locale au SRFD au sujet des d\u00e9doublements en informatique en 1\u00e8re STAV au lyc\u00e9e Bel Air de Fontenay le Comte. A Fontenay le Comte, le 27 septembre 2018 A Monsieur le Chef du SRFD Monsieur le Chef du SRFD, Par la pr\u00e9sente, nous vous alertons quant aux conditions d&rsquo;enseignement en classe [&hellip;]\" \/>\n<meta property=\"og:url\" content=\"https:\/\/regions-snetap-fsu.fr\/pdl\/2018\/09\/27\/les-dedoublements-reglementaires-doivent-etre-respectes\/\" \/>\n<meta property=\"og:site_name\" content=\"PAYS DE LA LOIRE\" \/>\n<meta property=\"article:published_time\" content=\"2018-09-27T20:00:12+00:00\" \/>\n<meta property=\"article:modified_time\" content=\"2018-09-27T20:01:35+00:00\" \/>\n<meta name=\"author\" content=\"yvigner\" \/>\n<meta name=\"twitter:card\" content=\"summary_large_image\" \/>\n<meta name=\"twitter:label1\" content=\"\u00c9crit par\" \/>\n\t<meta name=\"twitter:data1\" content=\"yvigner\" \/>\n\t<meta name=\"twitter:label2\" content=\"Dur\u00e9e de lecture estim\u00e9e\" \/>\n\t<meta name=\"twitter:data2\" content=\"2 minutes\" \/>\n<script type=\"application\/ld+json\" class=\"yoast-schema-graph\">{\"@context\":\"https:\\\/\\\/schema.org\",\"@graph\":[{\"@type\":\"Article\",\"@id\":\"https:\\\/\\\/regions-snetap-fsu.fr\\\/pdl\\\/2018\\\/09\\\/27\\\/les-dedoublements-reglementaires-doivent-etre-respectes\\\/#article\",\"isPartOf\":{\"@id\":\"https:\\\/\\\/regions-snetap-fsu.fr\\\/pdl\\\/2018\\\/09\\\/27\\\/les-dedoublements-reglementaires-doivent-etre-respectes\\\/\"},\"author\":{\"name\":\"yvigner\",\"@id\":\"https:\\\/\\\/regions-snetap-fsu.fr\\\/pdl\\\/#\\\/schema\\\/person\\\/d4530af043f9e8d27bdd71c468ec93b1\"},\"headline\":\"Les d\u00e9doublements r\u00e9glementaires doivent \u00eatre respect\u00e9s !\",\"datePublished\":\"2018-09-27T20:00:12+00:00\",\"dateModified\":\"2018-09-27T20:01:35+00:00\",\"mainEntityOfPage\":{\"@id\":\"https:\\\/\\\/regions-snetap-fsu.fr\\\/pdl\\\/2018\\\/09\\\/27\\\/les-dedoublements-reglementaires-doivent-etre-respectes\\\/\"},\"wordCount\":443,\"publisher\":{\"@id\":\"https:\\\/\\\/regions-snetap-fsu.fr\\\/pdl\\\/#organization\"},\"articleSection\":[\"Actions r\u00e9gionales\",\"Courriers de la section r\u00e9gionale\",\"Fontenay le Comte\"],\"inLanguage\":\"fr-FR\"},{\"@type\":\"WebPage\",\"@id\":\"https:\\\/\\\/regions-snetap-fsu.fr\\\/pdl\\\/2018\\\/09\\\/27\\\/les-dedoublements-reglementaires-doivent-etre-respectes\\\/\",\"url\":\"https:\\\/\\\/regions-snetap-fsu.fr\\\/pdl\\\/2018\\\/09\\\/27\\\/les-dedoublements-reglementaires-doivent-etre-respectes\\\/\",\"name\":\"Les d\u00e9doublements r\u00e9glementaires doivent \u00eatre respect\u00e9s ! - PAYS DE LA LOIRE\",\"isPartOf\":{\"@id\":\"https:\\\/\\\/regions-snetap-fsu.fr\\\/pdl\\\/#website\"},\"datePublished\":\"2018-09-27T20:00:12+00:00\",\"dateModified\":\"2018-09-27T20:01:35+00:00\",\"breadcrumb\":{\"@id\":\"https:\\\/\\\/regions-snetap-fsu.fr\\\/pdl\\\/2018\\\/09\\\/27\\\/les-dedoublements-reglementaires-doivent-etre-respectes\\\/#breadcrumb\"},\"inLanguage\":\"fr-FR\",\"potentialAction\":[{\"@type\":\"ReadAction\",\"target\":[\"https:\\\/\\\/regions-snetap-fsu.fr\\\/pdl\\\/2018\\\/09\\\/27\\\/les-dedoublements-reglementaires-doivent-etre-respectes\\\/\"]}]},{\"@type\":\"BreadcrumbList\",\"@id\":\"https:\\\/\\\/regions-snetap-fsu.fr\\\/pdl\\\/2018\\\/09\\\/27\\\/les-dedoublements-reglementaires-doivent-etre-respectes\\\/#breadcrumb\",\"itemListElement\":[{\"@type\":\"ListItem\",\"position\":1,\"name\":\"Accueil\",\"item\":\"https:\\\/\\\/regions-snetap-fsu.fr\\\/pdl\\\/\"},{\"@type\":\"ListItem\",\"position\":2,\"name\":\"Les d\u00e9doublements r\u00e9glementaires doivent \u00eatre respect\u00e9s !\"}]},{\"@type\":\"WebSite\",\"@id\":\"https:\\\/\\\/regions-snetap-fsu.fr\\\/pdl\\\/#website\",\"url\":\"https:\\\/\\\/regions-snetap-fsu.fr\\\/pdl\\\/\",\"name\":\"SNETAP-FSU PAYS DE LA LOIRE\",\"description\":\"SECTION REGIONALE\",\"publisher\":{\"@id\":\"https:\\\/\\\/regions-snetap-fsu.fr\\\/pdl\\\/#organization\"},\"potentialAction\":[{\"@type\":\"SearchAction\",\"target\":{\"@type\":\"EntryPoint\",\"urlTemplate\":\"https:\\\/\\\/regions-snetap-fsu.fr\\\/pdl\\\/?s={search_term_string}\"},\"query-input\":{\"@type\":\"PropertyValueSpecification\",\"valueRequired\":true,\"valueName\":\"search_term_string\"}}],\"inLanguage\":\"fr-FR\"},{\"@type\":\"Organization\",\"@id\":\"https:\\\/\\\/regions-snetap-fsu.fr\\\/pdl\\\/#organization\",\"name\":\"SNETAP-FSU Pays de Loire\",\"url\":\"https:\\\/\\\/regions-snetap-fsu.fr\\\/pdl\\\/\",\"logo\":{\"@type\":\"ImageObject\",\"inLanguage\":\"fr-FR\",\"@id\":\"https:\\\/\\\/regions-snetap-fsu.fr\\\/pdl\\\/#\\\/schema\\\/logo\\\/image\\\/\",\"url\":\"https:\\\/\\\/regions-snetap-fsu.fr\\\/pdl\\\/wp-content\\\/uploads\\\/sites\\\/4\\\/2020\\\/12\\\/SNETAP-Logo.jpg\",\"contentUrl\":\"https:\\\/\\\/regions-snetap-fsu.fr\\\/pdl\\\/wp-content\\\/uploads\\\/sites\\\/4\\\/2020\\\/12\\\/SNETAP-Logo.jpg\",\"width\":464,\"height\":334,\"caption\":\"SNETAP-FSU Pays de Loire\"},\"image\":{\"@id\":\"https:\\\/\\\/regions-snetap-fsu.fr\\\/pdl\\\/#\\\/schema\\\/logo\\\/image\\\/\"}},{\"@type\":\"Person\",\"@id\":\"https:\\\/\\\/regions-snetap-fsu.fr\\\/pdl\\\/#\\\/schema\\\/person\\\/d4530af043f9e8d27bdd71c468ec93b1\",\"name\":\"yvigner\",\"image\":{\"@type\":\"ImageObject\",\"inLanguage\":\"fr-FR\",\"@id\":\"https:\\\/\\\/secure.gravatar.com\\\/avatar\\\/bc72baa6f2406549aecf77a837bc4f03dbe88472c1762138f868571430a23820?s=96&d=mm&r=g\",\"url\":\"https:\\\/\\\/secure.gravatar.com\\\/avatar\\\/bc72baa6f2406549aecf77a837bc4f03dbe88472c1762138f868571430a23820?s=96&d=mm&r=g\",\"contentUrl\":\"https:\\\/\\\/secure.gravatar.com\\\/avatar\\\/bc72baa6f2406549aecf77a837bc4f03dbe88472c1762138f868571430a23820?s=96&d=mm&r=g\",\"caption\":\"yvigner\"},\"url\":\"https:\\\/\\\/regions-snetap-fsu.fr\\\/pdl\\\/author\\\/yvigner\\\/\"}]}<\/script>\n<!-- \/ Yoast SEO plugin. -->","yoast_head_json":{"title":"Les d\u00e9doublements r\u00e9glementaires doivent \u00eatre respect\u00e9s ! - PAYS DE LA LOIRE","robots":{"index":"index","follow":"follow","max-snippet":"max-snippet:-1","max-image-preview":"max-image-preview:large","max-video-preview":"max-video-preview:-1"},"canonical":"https:\/\/regions-snetap-fsu.fr\/pdl\/2018\/09\/27\/les-dedoublements-reglementaires-doivent-etre-respectes\/","og_locale":"fr_FR","og_type":"article","og_title":"Les d\u00e9doublements r\u00e9glementaires doivent \u00eatre respect\u00e9s ! - PAYS DE LA LOIRE","og_description":"Courrier de la section locale au SRFD au sujet des d\u00e9doublements en informatique en 1\u00e8re STAV au lyc\u00e9e Bel Air de Fontenay le Comte. A Fontenay le Comte, le 27 septembre 2018 A Monsieur le Chef du SRFD Monsieur le Chef du SRFD, Par la pr\u00e9sente, nous vous alertons quant aux conditions d&rsquo;enseignement en classe [&hellip;]","og_url":"https:\/\/regions-snetap-fsu.fr\/pdl\/2018\/09\/27\/les-dedoublements-reglementaires-doivent-etre-respectes\/","og_site_name":"PAYS DE LA LOIRE","article_published_time":"2018-09-27T20:00:12+00:00","article_modified_time":"2018-09-27T20:01:35+00:00","author":"yvigner","twitter_card":"summary_large_image","twitter_misc":{"\u00c9crit par":"yvigner","Dur\u00e9e de lecture estim\u00e9e":"2 minutes"},"schema":{"@context":"https:\/\/schema.org","@graph":[{"@type":"Article","@id":"https:\/\/regions-snetap-fsu.fr\/pdl\/2018\/09\/27\/les-dedoublements-reglementaires-doivent-etre-respectes\/#article","isPartOf":{"@id":"https:\/\/regions-snetap-fsu.fr\/pdl\/2018\/09\/27\/les-dedoublements-reglementaires-doivent-etre-respectes\/"},"author":{"name":"yvigner","@id":"https:\/\/regions-snetap-fsu.fr\/pdl\/#\/schema\/person\/d4530af043f9e8d27bdd71c468ec93b1"},"headline":"Les d\u00e9doublements r\u00e9glementaires doivent \u00eatre respect\u00e9s !","datePublished":"2018-09-27T20:00:12+00:00","dateModified":"2018-09-27T20:01:35+00:00","mainEntityOfPage":{"@id":"https:\/\/regions-snetap-fsu.fr\/pdl\/2018\/09\/27\/les-dedoublements-reglementaires-doivent-etre-respectes\/"},"wordCount":443,"publisher":{"@id":"https:\/\/regions-snetap-fsu.fr\/pdl\/#organization"},"articleSection":["Actions r\u00e9gionales","Courriers de la section r\u00e9gionale","Fontenay le Comte"],"inLanguage":"fr-FR"},{"@type":"WebPage","@id":"https:\/\/regions-snetap-fsu.fr\/pdl\/2018\/09\/27\/les-dedoublements-reglementaires-doivent-etre-respectes\/","url":"https:\/\/regions-snetap-fsu.fr\/pdl\/2018\/09\/27\/les-dedoublements-reglementaires-doivent-etre-respectes\/","name":"Les d\u00e9doublements r\u00e9glementaires doivent \u00eatre respect\u00e9s ! - PAYS DE LA LOIRE","isPartOf":{"@id":"https:\/\/regions-snetap-fsu.fr\/pdl\/#website"},"datePublished":"2018-09-27T20:00:12+00:00","dateModified":"2018-09-27T20:01:35+00:00","breadcrumb":{"@id":"https:\/\/regions-snetap-fsu.fr\/pdl\/2018\/09\/27\/les-dedoublements-reglementaires-doivent-etre-respectes\/#breadcrumb"},"inLanguage":"fr-FR","potentialAction":[{"@type":"ReadAction","target":["https:\/\/regions-snetap-fsu.fr\/pdl\/2018\/09\/27\/les-dedoublements-reglementaires-doivent-etre-respectes\/"]}]},{"@type":"BreadcrumbList","@id":"https:\/\/regions-snetap-fsu.fr\/pdl\/2018\/09\/27\/les-dedoublements-reglementaires-doivent-etre-respectes\/#breadcrumb","itemListElement":[{"@type":"ListItem","position":1,"name":"Accueil","item":"https:\/\/regions-snetap-fsu.fr\/pdl\/"},{"@type":"ListItem","position":2,"name":"Les d\u00e9doublements r\u00e9glementaires doivent \u00eatre respect\u00e9s !"}]},{"@type":"WebSite","@id":"https:\/\/regions-snetap-fsu.fr\/pdl\/#website","url":"https:\/\/regions-snetap-fsu.fr\/pdl\/","name":"SNETAP-FSU PAYS DE LA LOIRE","description":"SECTION REGIONALE","publisher":{"@id":"https:\/\/regions-snetap-fsu.fr\/pdl\/#organization"},"potentialAction":[{"@type":"SearchAction","target":{"@type":"EntryPoint","urlTemplate":"https:\/\/regions-snetap-fsu.fr\/pdl\/?s={search_term_string}"},"query-input":{"@type":"PropertyValueSpecification","valueRequired":true,"valueName":"search_term_string"}}],"inLanguage":"fr-FR"},{"@type":"Organization","@id":"https:\/\/regions-snetap-fsu.fr\/pdl\/#organization","name":"SNETAP-FSU Pays de Loire","url":"https:\/\/regions-snetap-fsu.fr\/pdl\/","logo":{"@type":"ImageObject","inLanguage":"fr-FR","@id":"https:\/\/regions-snetap-fsu.fr\/pdl\/#\/schema\/logo\/image\/","url":"https:\/\/regions-snetap-fsu.fr\/pdl\/wp-content\/uploads\/sites\/4\/2020\/12\/SNETAP-Logo.jpg","contentUrl":"https:\/\/regions-snetap-fsu.fr\/pdl\/wp-content\/uploads\/sites\/4\/2020\/12\/SNETAP-Logo.jpg","width":464,"height":334,"caption":"SNETAP-FSU Pays de Loire"},"image":{"@id":"https:\/\/regions-snetap-fsu.fr\/pdl\/#\/schema\/logo\/image\/"}},{"@type":"Person","@id":"https:\/\/regions-snetap-fsu.fr\/pdl\/#\/schema\/person\/d4530af043f9e8d27bdd71c468ec93b1","name":"yvigner","image":{"@type":"ImageObject","inLanguage":"fr-FR","@id":"https:\/\/secure.gravatar.com\/avatar\/bc72baa6f2406549aecf77a837bc4f03dbe88472c1762138f868571430a23820?s=96&d=mm&r=g","url":"https:\/\/secure.gravatar.com\/avatar\/bc72baa6f2406549aecf77a837bc4f03dbe88472c1762138f868571430a23820?s=96&d=mm&r=g","contentUrl":"https:\/\/secure.gravatar.com\/avatar\/bc72baa6f2406549aecf77a837bc4f03dbe88472c1762138f868571430a23820?s=96&d=mm&r=g","caption":"yvigner"},"url":"https:\/\/regions-snetap-fsu.fr\/pdl\/author\/yvigner\/"}]}},"_links":{"self":[{"href":"https:\/\/regions-snetap-fsu.fr\/pdl\/wp-json\/wp\/v2\/posts\/2912","targetHints":{"allow":["GET"]}}],"collection":[{"href":"https:\/\/regions-snetap-fsu.fr\/pdl\/wp-json\/wp\/v2\/posts"}],"about":[{"href":"https:\/\/regions-snetap-fsu.fr\/pdl\/wp-json\/wp\/v2\/types\/post"}],"author":[{"embeddable":true,"href":"https:\/\/regions-snetap-fsu.fr\/pdl\/wp-json\/wp\/v2\/users\/2"}],"replies":[{"embeddable":true,"href":"https:\/\/regions-snetap-fsu.fr\/pdl\/wp-json\/wp\/v2\/comments?post=2912"}],"version-history":[{"count":3,"href":"https:\/\/regions-snetap-fsu.fr\/pdl\/wp-json\/wp\/v2\/posts\/2912\/revisions"}],"predecessor-version":[{"id":2916,"href":"https:\/\/regions-snetap-fsu.fr\/pdl\/wp-json\/wp\/v2\/posts\/2912\/revisions\/2916"}],"wp:attachment":[{"href":"https:\/\/regions-snetap-fsu.fr\/pdl\/wp-json\/wp\/v2\/media?parent=2912"}],"wp:term":[{"taxonomy":"category","embeddable":true,"href":"https:\/\/regions-snetap-fsu.fr\/pdl\/wp-json\/wp\/v2\/categories?post=2912"},{"taxonomy":"post_tag","embeddable":true,"href":"https:\/\/regions-snetap-fsu.fr\/pdl\/wp-json\/wp\/v2\/tags?post=2912"},{"taxonomy":"post_folder","embeddable":true,"href":"https:\/\/regions-snetap-fsu.fr\/pdl\/wp-json\/wp\/v2\/post_folder?post=2912"}],"curies":[{"name":"wp","href":"https:\/\/api.w.org\/{rel}","templated":true}]}}