{"id":2910,"date":"2018-09-24T14:55:34","date_gmt":"2018-09-24T12:55:34","guid":{"rendered":"https:\/\/regions-snetap-fsu.fr\/pdl\/?p=2910"},"modified":"2018-09-26T14:57:09","modified_gmt":"2018-09-26T12:57:09","slug":"entre-morosite-et-deregulation","status":"publish","type":"post","link":"https:\/\/regions-snetap-fsu.fr\/pdl\/2018\/09\/24\/entre-morosite-et-deregulation\/","title":{"rendered":"Entre morosit\u00e9 et d\u00e9r\u00e9gulation&#8230;"},"content":{"rendered":"<p align=\"justify\"><span style=\"font-family: Arial, sans-serif\"><span style=\"font-size: large\"><b><span style=\"font-size: x-large\">Compte rendu de la r<\/span><span style=\"font-size: x-large\">encontre <\/span><span style=\"font-size: x-large\">de rentr\u00e9e DRAAF\/SRFD avec l&rsquo;Intersyndicale FSU-CGT-SUD (20\/9\/18)<\/span><\/b><\/span><\/span><\/p>\n<p align=\"justify\"><span style=\"font-family: Arial, sans-serif\">Pour commencer, nous avons d\u00e9nonc\u00e9 le fait que des agents (administratifs, enseignants\u2026) d\u00e9j\u00e0 en poste, pour certains depuis plusieurs semaines, sont toujours sans contrat. CELA EST INACCEPTABLE\u00a0!<\/span><\/p>\n<p align=\"justify\"><span style=\"font-family: Arial, sans-serif\">A cette rentr\u00e9e, il manque toujours des enseignants (3-4 postes) dans les \u00e9tablissements.<\/span><\/p>\n<p align=\"justify\"><span style=\"font-family: Arial, sans-serif\">Gr\u00e2ce \u00e0 notre mobilisation collective en r\u00e9gion l&rsquo;an pass\u00e9 nous avions obtenu que le contrat des AESH soient revus et \u00e9tablis sur 39 semaines. Mais \u00e0 cette rentr\u00e9e, leurs missions ne sont pas clairement \u00e9tablies et certains directeurs veulent \u00e9tendre leurs missions \u00e0 des actions administratives, de vie scolaire&#8230; Nous avons demand\u00e9 que le SRFD rappelle la r\u00e8gle et fournisse une liste des t\u00e2ches aux \u00e9tablissements. <\/span><\/p>\n<p align=\"justify\"><span style=\"font-family: Arial, sans-serif\">Nous avons \u00e9galement rappel\u00e9 que les d\u00e9lib\u00e9rations vot\u00e9es en juin-juillet dernier concernant la r\u00e9gularisation de la situation 2017-2018, en lien avec la r\u00e9glementation, des contrats des coll\u00e8gues AESH doivent \u00eatre ex\u00e9cut\u00e9es. <\/span><\/p>\n<p align=\"justify\"><span style=\"font-family: Arial, sans-serif\">Pour ce qui est du dispositif d&rsquo;individualisation, le SRFD a pr\u00e9cis\u00e9 que 80\u00a0% des demandes des HSE ont \u00e9t\u00e9 satisfaites. L&rsquo;arbitrage par \u00e9tablissement a \u00e9t\u00e9 transmis la semaine derni\u00e8re. <\/span><\/p>\n<p align=\"justify\"><span style=\"font-family: Arial, sans-serif\">Un point effectifs n&rsquo;a pu \u00eatre r\u00e9alis\u00e9 lors de cette rencontre car tous les chiffres des \u00e9tablissements n&rsquo;\u00e9taient stabilis\u00e9s mais un recul des effectifs en fili\u00e8re g\u00e9n\u00e9rale appara\u00eet clairement. <\/span><\/p>\n<p align=\"justify\"><span style=\"font-family: Arial, sans-serif\">Pour ce qui est du dossier \u00ab\u00a02<sup>e<\/sup> professeur principal\u00a0\u00bb, \u00e0 notre demande, le SRFD a rappel\u00e9 que le paiement pour l&rsquo;ann\u00e9e 2017-2018 interviendra en d\u00e9cembre 2018 et que le dispositif est \u00e9videmment reconduit pour cette ann\u00e9e scolaire. <\/span><\/p>\n<p align=\"justify\"><span style=\"font-family: Arial, sans-serif\">Pour ce qui est de la DGH, le \u00abtrou\u00a0\u00bb de 3000 a \u00e9t\u00e9 miraculeusement r\u00e9sorb\u00e9&#8230;la suppression de la classe \u00e0 Nantes, les arrangements locaux qui induisent un non respect des r\u00e9f\u00e9rentiels, ont permis cette op\u00e9ration. TOUT AUSSI INACCEPTABLE\u00a0!<\/span><\/p>\n<p align=\"justify\"><span style=\"font-family: Arial, sans-serif\"><b>NOTRE MOBILISATION DOIT SE POURSUIVRE ET PRENDRE FORME NOTAMMENT LE 9 OCTOBRE DANS LA RUE CONTRE TOUTES LES POLITIQUES DE REGRESSION SOCIALE ET LES ATTAQUES CONTRE LES SERVICES PUBLICS. <\/b><\/span><\/p>\n","protected":false},"excerpt":{"rendered":"<p>Compte rendu de la rencontre de rentr\u00e9e DRAAF\/SRFD avec l&rsquo;Intersyndicale FSU-CGT-SUD (20\/9\/18) Pour commencer, nous avons d\u00e9nonc\u00e9 le fait que des agents (administratifs, enseignants\u2026) d\u00e9j\u00e0 en poste, pour certains depuis plusieurs semaines, sont toujours sans contrat. CELA EST INACCEPTABLE\u00a0! A cette rentr\u00e9e, il manque toujours des enseignants (3-4 postes) dans les \u00e9tablissements. Gr\u00e2ce \u00e0 notre [&hellip;]<\/p>\n","protected":false},"author":2,"featured_media":0,"comment_status":"closed","ping_status":"closed","sticky":false,"template":"","format":"standard","meta":{"ocean_post_layout":"","ocean_both_sidebars_style":"","ocean_both_sidebars_content_width":0,"ocean_both_sidebars_sidebars_width":0,"ocean_sidebar":"","ocean_second_sidebar":"","ocean_disable_margins":"enable","ocean_add_body_class":"","ocean_shortcode_before_top_bar":"","ocean_shortcode_after_top_bar":"","ocean_shortcode_before_header":"","ocean_shortcode_after_header":"","ocean_has_shortcode":"","ocean_shortcode_after_title":"","ocean_shortcode_before_footer_widgets":"","ocean_shortcode_after_footer_widgets":"","ocean_shortcode_before_footer_bottom":"","ocean_shortcode_after_footer_bottom":"","ocean_display_top_bar":"default","ocean_display_header":"default","ocean_header_style":"","ocean_center_header_left_menu":"","ocean_custom_header_template":"","ocean_custom_logo":0,"ocean_custom_retina_logo":0,"ocean_custom_logo_max_width":0,"ocean_custom_logo_tablet_max_width":0,"ocean_custom_logo_mobile_max_width":0,"ocean_custom_logo_max_height":0,"ocean_custom_logo_tablet_max_height":0,"ocean_custom_logo_mobile_max_height":0,"ocean_header_custom_menu":"","ocean_menu_typo_font_family":"","ocean_menu_typo_font_subset":"","ocean_menu_typo_font_size":0,"ocean_menu_typo_font_size_tablet":0,"ocean_menu_typo_font_size_mobile":0,"ocean_menu_typo_font_size_unit":"px","ocean_menu_typo_font_weight":"","ocean_menu_typo_font_weight_tablet":"","ocean_menu_typo_font_weight_mobile":"","ocean_menu_typo_transform":"","ocean_menu_typo_transform_tablet":"","ocean_menu_typo_transform_mobile":"","ocean_menu_typo_line_height":0,"ocean_menu_typo_line_height_tablet":0,"ocean_menu_typo_line_height_mobile":0,"ocean_menu_typo_line_height_unit":"","ocean_menu_typo_spacing":0,"ocean_menu_typo_spacing_tablet":0,"ocean_menu_typo_spacing_mobile":0,"ocean_menu_typo_spacing_unit":"","ocean_menu_link_color":"","ocean_menu_link_color_hover":"","ocean_menu_link_color_active":"","ocean_menu_link_background":"","ocean_menu_link_hover_background":"","ocean_menu_link_active_background":"","ocean_menu_social_links_bg":"","ocean_menu_social_hover_links_bg":"","ocean_menu_social_links_color":"","ocean_menu_social_hover_links_color":"","ocean_disable_title":"default","ocean_disable_heading":"default","ocean_post_title":"","ocean_post_subheading":"","ocean_post_title_style":"","ocean_post_title_background_color":"","ocean_post_title_background":0,"ocean_post_title_bg_image_position":"","ocean_post_title_bg_image_attachment":"","ocean_post_title_bg_image_repeat":"","ocean_post_title_bg_image_size":"","ocean_post_title_height":0,"ocean_post_title_bg_overlay":0.5,"ocean_post_title_bg_overlay_color":"","ocean_disable_breadcrumbs":"default","ocean_breadcrumbs_color":"","ocean_breadcrumbs_separator_color":"","ocean_breadcrumbs_links_color":"","ocean_breadcrumbs_links_hover_color":"","ocean_display_footer_widgets":"default","ocean_display_footer_bottom":"default","ocean_custom_footer_template":"","ocean_post_oembed":"","ocean_post_self_hosted_media":"","ocean_post_video_embed":"","ocean_link_format":"","ocean_link_format_target":"self","ocean_quote_format":"","ocean_quote_format_link":"post","ocean_gallery_link_images":"on","ocean_gallery_id":[],"footnotes":""},"categories":[28,9],"tags":[],"post_folder":[],"class_list":["post-2910","post","type-post","status-publish","format-standard","hentry","category-actions-regionales","category-actions-et-communiques","entry"],"yoast_head":"<!-- This site is optimized with the Yoast SEO plugin v27.4 - https:\/\/yoast.com\/product\/yoast-seo-wordpress\/ -->\n<title>Entre morosit\u00e9 et d\u00e9r\u00e9gulation... - PAYS DE LA LOIRE<\/title>\n<meta name=\"robots\" content=\"index, follow, max-snippet:-1, max-image-preview:large, max-video-preview:-1\" \/>\n<link rel=\"canonical\" href=\"https:\/\/regions-snetap-fsu.fr\/pdl\/2018\/09\/24\/entre-morosite-et-deregulation\/\" \/>\n<meta property=\"og:locale\" content=\"fr_FR\" \/>\n<meta property=\"og:type\" content=\"article\" \/>\n<meta property=\"og:title\" content=\"Entre morosit\u00e9 et d\u00e9r\u00e9gulation... - PAYS DE LA LOIRE\" \/>\n<meta property=\"og:description\" content=\"Compte rendu de la rencontre de rentr\u00e9e DRAAF\/SRFD avec l&rsquo;Intersyndicale FSU-CGT-SUD (20\/9\/18) Pour commencer, nous avons d\u00e9nonc\u00e9 le fait que des agents (administratifs, enseignants\u2026) d\u00e9j\u00e0 en poste, pour certains depuis plusieurs semaines, sont toujours sans contrat. CELA EST INACCEPTABLE\u00a0! A cette rentr\u00e9e, il manque toujours des enseignants (3-4 postes) dans les \u00e9tablissements. Gr\u00e2ce \u00e0 notre [&hellip;]\" \/>\n<meta property=\"og:url\" content=\"https:\/\/regions-snetap-fsu.fr\/pdl\/2018\/09\/24\/entre-morosite-et-deregulation\/\" \/>\n<meta property=\"og:site_name\" content=\"PAYS DE LA LOIRE\" \/>\n<meta property=\"article:published_time\" content=\"2018-09-24T12:55:34+00:00\" \/>\n<meta property=\"article:modified_time\" content=\"2018-09-26T12:57:09+00:00\" \/>\n<meta name=\"author\" content=\"yvigner\" \/>\n<meta name=\"twitter:card\" content=\"summary_large_image\" \/>\n<meta name=\"twitter:label1\" content=\"\u00c9crit par\" \/>\n\t<meta name=\"twitter:data1\" content=\"yvigner\" \/>\n\t<meta name=\"twitter:label2\" content=\"Dur\u00e9e de lecture estim\u00e9e\" \/>\n\t<meta name=\"twitter:data2\" content=\"2 minutes\" \/>\n<script type=\"application\/ld+json\" class=\"yoast-schema-graph\">{\"@context\":\"https:\\\/\\\/schema.org\",\"@graph\":[{\"@type\":\"Article\",\"@id\":\"https:\\\/\\\/regions-snetap-fsu.fr\\\/pdl\\\/2018\\\/09\\\/24\\\/entre-morosite-et-deregulation\\\/#article\",\"isPartOf\":{\"@id\":\"https:\\\/\\\/regions-snetap-fsu.fr\\\/pdl\\\/2018\\\/09\\\/24\\\/entre-morosite-et-deregulation\\\/\"},\"author\":{\"name\":\"yvigner\",\"@id\":\"https:\\\/\\\/regions-snetap-fsu.fr\\\/pdl\\\/#\\\/schema\\\/person\\\/d4530af043f9e8d27bdd71c468ec93b1\"},\"headline\":\"Entre morosit\u00e9 et d\u00e9r\u00e9gulation&#8230;\",\"datePublished\":\"2018-09-24T12:55:34+00:00\",\"dateModified\":\"2018-09-26T12:57:09+00:00\",\"mainEntityOfPage\":{\"@id\":\"https:\\\/\\\/regions-snetap-fsu.fr\\\/pdl\\\/2018\\\/09\\\/24\\\/entre-morosite-et-deregulation\\\/\"},\"wordCount\":348,\"publisher\":{\"@id\":\"https:\\\/\\\/regions-snetap-fsu.fr\\\/pdl\\\/#organization\"},\"articleSection\":[\"Actions r\u00e9gionales\",\"Communiqu\u00e9s\"],\"inLanguage\":\"fr-FR\"},{\"@type\":\"WebPage\",\"@id\":\"https:\\\/\\\/regions-snetap-fsu.fr\\\/pdl\\\/2018\\\/09\\\/24\\\/entre-morosite-et-deregulation\\\/\",\"url\":\"https:\\\/\\\/regions-snetap-fsu.fr\\\/pdl\\\/2018\\\/09\\\/24\\\/entre-morosite-et-deregulation\\\/\",\"name\":\"Entre morosit\u00e9 et d\u00e9r\u00e9gulation... - PAYS DE LA LOIRE\",\"isPartOf\":{\"@id\":\"https:\\\/\\\/regions-snetap-fsu.fr\\\/pdl\\\/#website\"},\"datePublished\":\"2018-09-24T12:55:34+00:00\",\"dateModified\":\"2018-09-26T12:57:09+00:00\",\"breadcrumb\":{\"@id\":\"https:\\\/\\\/regions-snetap-fsu.fr\\\/pdl\\\/2018\\\/09\\\/24\\\/entre-morosite-et-deregulation\\\/#breadcrumb\"},\"inLanguage\":\"fr-FR\",\"potentialAction\":[{\"@type\":\"ReadAction\",\"target\":[\"https:\\\/\\\/regions-snetap-fsu.fr\\\/pdl\\\/2018\\\/09\\\/24\\\/entre-morosite-et-deregulation\\\/\"]}]},{\"@type\":\"BreadcrumbList\",\"@id\":\"https:\\\/\\\/regions-snetap-fsu.fr\\\/pdl\\\/2018\\\/09\\\/24\\\/entre-morosite-et-deregulation\\\/#breadcrumb\",\"itemListElement\":[{\"@type\":\"ListItem\",\"position\":1,\"name\":\"Accueil\",\"item\":\"https:\\\/\\\/regions-snetap-fsu.fr\\\/pdl\\\/\"},{\"@type\":\"ListItem\",\"position\":2,\"name\":\"Entre morosit\u00e9 et d\u00e9r\u00e9gulation&#8230;\"}]},{\"@type\":\"WebSite\",\"@id\":\"https:\\\/\\\/regions-snetap-fsu.fr\\\/pdl\\\/#website\",\"url\":\"https:\\\/\\\/regions-snetap-fsu.fr\\\/pdl\\\/\",\"name\":\"SNETAP-FSU PAYS DE LA LOIRE\",\"description\":\"SECTION REGIONALE\",\"publisher\":{\"@id\":\"https:\\\/\\\/regions-snetap-fsu.fr\\\/pdl\\\/#organization\"},\"potentialAction\":[{\"@type\":\"SearchAction\",\"target\":{\"@type\":\"EntryPoint\",\"urlTemplate\":\"https:\\\/\\\/regions-snetap-fsu.fr\\\/pdl\\\/?s={search_term_string}\"},\"query-input\":{\"@type\":\"PropertyValueSpecification\",\"valueRequired\":true,\"valueName\":\"search_term_string\"}}],\"inLanguage\":\"fr-FR\"},{\"@type\":\"Organization\",\"@id\":\"https:\\\/\\\/regions-snetap-fsu.fr\\\/pdl\\\/#organization\",\"name\":\"SNETAP-FSU Pays de Loire\",\"url\":\"https:\\\/\\\/regions-snetap-fsu.fr\\\/pdl\\\/\",\"logo\":{\"@type\":\"ImageObject\",\"inLanguage\":\"fr-FR\",\"@id\":\"https:\\\/\\\/regions-snetap-fsu.fr\\\/pdl\\\/#\\\/schema\\\/logo\\\/image\\\/\",\"url\":\"https:\\\/\\\/regions-snetap-fsu.fr\\\/pdl\\\/wp-content\\\/uploads\\\/sites\\\/4\\\/2020\\\/12\\\/SNETAP-Logo.jpg\",\"contentUrl\":\"https:\\\/\\\/regions-snetap-fsu.fr\\\/pdl\\\/wp-content\\\/uploads\\\/sites\\\/4\\\/2020\\\/12\\\/SNETAP-Logo.jpg\",\"width\":464,\"height\":334,\"caption\":\"SNETAP-FSU Pays de Loire\"},\"image\":{\"@id\":\"https:\\\/\\\/regions-snetap-fsu.fr\\\/pdl\\\/#\\\/schema\\\/logo\\\/image\\\/\"}},{\"@type\":\"Person\",\"@id\":\"https:\\\/\\\/regions-snetap-fsu.fr\\\/pdl\\\/#\\\/schema\\\/person\\\/d4530af043f9e8d27bdd71c468ec93b1\",\"name\":\"yvigner\",\"image\":{\"@type\":\"ImageObject\",\"inLanguage\":\"fr-FR\",\"@id\":\"https:\\\/\\\/secure.gravatar.com\\\/avatar\\\/bc72baa6f2406549aecf77a837bc4f03dbe88472c1762138f868571430a23820?s=96&d=mm&r=g\",\"url\":\"https:\\\/\\\/secure.gravatar.com\\\/avatar\\\/bc72baa6f2406549aecf77a837bc4f03dbe88472c1762138f868571430a23820?s=96&d=mm&r=g\",\"contentUrl\":\"https:\\\/\\\/secure.gravatar.com\\\/avatar\\\/bc72baa6f2406549aecf77a837bc4f03dbe88472c1762138f868571430a23820?s=96&d=mm&r=g\",\"caption\":\"yvigner\"},\"url\":\"https:\\\/\\\/regions-snetap-fsu.fr\\\/pdl\\\/author\\\/yvigner\\\/\"}]}<\/script>\n<!-- \/ Yoast SEO plugin. -->","yoast_head_json":{"title":"Entre morosit\u00e9 et d\u00e9r\u00e9gulation... - PAYS DE LA LOIRE","robots":{"index":"index","follow":"follow","max-snippet":"max-snippet:-1","max-image-preview":"max-image-preview:large","max-video-preview":"max-video-preview:-1"},"canonical":"https:\/\/regions-snetap-fsu.fr\/pdl\/2018\/09\/24\/entre-morosite-et-deregulation\/","og_locale":"fr_FR","og_type":"article","og_title":"Entre morosit\u00e9 et d\u00e9r\u00e9gulation... - PAYS DE LA LOIRE","og_description":"Compte rendu de la rencontre de rentr\u00e9e DRAAF\/SRFD avec l&rsquo;Intersyndicale FSU-CGT-SUD (20\/9\/18) Pour commencer, nous avons d\u00e9nonc\u00e9 le fait que des agents (administratifs, enseignants\u2026) d\u00e9j\u00e0 en poste, pour certains depuis plusieurs semaines, sont toujours sans contrat. CELA EST INACCEPTABLE\u00a0! A cette rentr\u00e9e, il manque toujours des enseignants (3-4 postes) dans les \u00e9tablissements. Gr\u00e2ce \u00e0 notre [&hellip;]","og_url":"https:\/\/regions-snetap-fsu.fr\/pdl\/2018\/09\/24\/entre-morosite-et-deregulation\/","og_site_name":"PAYS DE LA LOIRE","article_published_time":"2018-09-24T12:55:34+00:00","article_modified_time":"2018-09-26T12:57:09+00:00","author":"yvigner","twitter_card":"summary_large_image","twitter_misc":{"\u00c9crit par":"yvigner","Dur\u00e9e de lecture estim\u00e9e":"2 minutes"},"schema":{"@context":"https:\/\/schema.org","@graph":[{"@type":"Article","@id":"https:\/\/regions-snetap-fsu.fr\/pdl\/2018\/09\/24\/entre-morosite-et-deregulation\/#article","isPartOf":{"@id":"https:\/\/regions-snetap-fsu.fr\/pdl\/2018\/09\/24\/entre-morosite-et-deregulation\/"},"author":{"name":"yvigner","@id":"https:\/\/regions-snetap-fsu.fr\/pdl\/#\/schema\/person\/d4530af043f9e8d27bdd71c468ec93b1"},"headline":"Entre morosit\u00e9 et d\u00e9r\u00e9gulation&#8230;","datePublished":"2018-09-24T12:55:34+00:00","dateModified":"2018-09-26T12:57:09+00:00","mainEntityOfPage":{"@id":"https:\/\/regions-snetap-fsu.fr\/pdl\/2018\/09\/24\/entre-morosite-et-deregulation\/"},"wordCount":348,"publisher":{"@id":"https:\/\/regions-snetap-fsu.fr\/pdl\/#organization"},"articleSection":["Actions r\u00e9gionales","Communiqu\u00e9s"],"inLanguage":"fr-FR"},{"@type":"WebPage","@id":"https:\/\/regions-snetap-fsu.fr\/pdl\/2018\/09\/24\/entre-morosite-et-deregulation\/","url":"https:\/\/regions-snetap-fsu.fr\/pdl\/2018\/09\/24\/entre-morosite-et-deregulation\/","name":"Entre morosit\u00e9 et d\u00e9r\u00e9gulation... - PAYS DE LA LOIRE","isPartOf":{"@id":"https:\/\/regions-snetap-fsu.fr\/pdl\/#website"},"datePublished":"2018-09-24T12:55:34+00:00","dateModified":"2018-09-26T12:57:09+00:00","breadcrumb":{"@id":"https:\/\/regions-snetap-fsu.fr\/pdl\/2018\/09\/24\/entre-morosite-et-deregulation\/#breadcrumb"},"inLanguage":"fr-FR","potentialAction":[{"@type":"ReadAction","target":["https:\/\/regions-snetap-fsu.fr\/pdl\/2018\/09\/24\/entre-morosite-et-deregulation\/"]}]},{"@type":"BreadcrumbList","@id":"https:\/\/regions-snetap-fsu.fr\/pdl\/2018\/09\/24\/entre-morosite-et-deregulation\/#breadcrumb","itemListElement":[{"@type":"ListItem","position":1,"name":"Accueil","item":"https:\/\/regions-snetap-fsu.fr\/pdl\/"},{"@type":"ListItem","position":2,"name":"Entre morosit\u00e9 et d\u00e9r\u00e9gulation&#8230;"}]},{"@type":"WebSite","@id":"https:\/\/regions-snetap-fsu.fr\/pdl\/#website","url":"https:\/\/regions-snetap-fsu.fr\/pdl\/","name":"SNETAP-FSU PAYS DE LA LOIRE","description":"SECTION REGIONALE","publisher":{"@id":"https:\/\/regions-snetap-fsu.fr\/pdl\/#organization"},"potentialAction":[{"@type":"SearchAction","target":{"@type":"EntryPoint","urlTemplate":"https:\/\/regions-snetap-fsu.fr\/pdl\/?s={search_term_string}"},"query-input":{"@type":"PropertyValueSpecification","valueRequired":true,"valueName":"search_term_string"}}],"inLanguage":"fr-FR"},{"@type":"Organization","@id":"https:\/\/regions-snetap-fsu.fr\/pdl\/#organization","name":"SNETAP-FSU Pays de Loire","url":"https:\/\/regions-snetap-fsu.fr\/pdl\/","logo":{"@type":"ImageObject","inLanguage":"fr-FR","@id":"https:\/\/regions-snetap-fsu.fr\/pdl\/#\/schema\/logo\/image\/","url":"https:\/\/regions-snetap-fsu.fr\/pdl\/wp-content\/uploads\/sites\/4\/2020\/12\/SNETAP-Logo.jpg","contentUrl":"https:\/\/regions-snetap-fsu.fr\/pdl\/wp-content\/uploads\/sites\/4\/2020\/12\/SNETAP-Logo.jpg","width":464,"height":334,"caption":"SNETAP-FSU Pays de Loire"},"image":{"@id":"https:\/\/regions-snetap-fsu.fr\/pdl\/#\/schema\/logo\/image\/"}},{"@type":"Person","@id":"https:\/\/regions-snetap-fsu.fr\/pdl\/#\/schema\/person\/d4530af043f9e8d27bdd71c468ec93b1","name":"yvigner","image":{"@type":"ImageObject","inLanguage":"fr-FR","@id":"https:\/\/secure.gravatar.com\/avatar\/bc72baa6f2406549aecf77a837bc4f03dbe88472c1762138f868571430a23820?s=96&d=mm&r=g","url":"https:\/\/secure.gravatar.com\/avatar\/bc72baa6f2406549aecf77a837bc4f03dbe88472c1762138f868571430a23820?s=96&d=mm&r=g","contentUrl":"https:\/\/secure.gravatar.com\/avatar\/bc72baa6f2406549aecf77a837bc4f03dbe88472c1762138f868571430a23820?s=96&d=mm&r=g","caption":"yvigner"},"url":"https:\/\/regions-snetap-fsu.fr\/pdl\/author\/yvigner\/"}]}},"_links":{"self":[{"href":"https:\/\/regions-snetap-fsu.fr\/pdl\/wp-json\/wp\/v2\/posts\/2910","targetHints":{"allow":["GET"]}}],"collection":[{"href":"https:\/\/regions-snetap-fsu.fr\/pdl\/wp-json\/wp\/v2\/posts"}],"about":[{"href":"https:\/\/regions-snetap-fsu.fr\/pdl\/wp-json\/wp\/v2\/types\/post"}],"author":[{"embeddable":true,"href":"https:\/\/regions-snetap-fsu.fr\/pdl\/wp-json\/wp\/v2\/users\/2"}],"replies":[{"embeddable":true,"href":"https:\/\/regions-snetap-fsu.fr\/pdl\/wp-json\/wp\/v2\/comments?post=2910"}],"version-history":[{"count":1,"href":"https:\/\/regions-snetap-fsu.fr\/pdl\/wp-json\/wp\/v2\/posts\/2910\/revisions"}],"predecessor-version":[{"id":2911,"href":"https:\/\/regions-snetap-fsu.fr\/pdl\/wp-json\/wp\/v2\/posts\/2910\/revisions\/2911"}],"wp:attachment":[{"href":"https:\/\/regions-snetap-fsu.fr\/pdl\/wp-json\/wp\/v2\/media?parent=2910"}],"wp:term":[{"taxonomy":"category","embeddable":true,"href":"https:\/\/regions-snetap-fsu.fr\/pdl\/wp-json\/wp\/v2\/categories?post=2910"},{"taxonomy":"post_tag","embeddable":true,"href":"https:\/\/regions-snetap-fsu.fr\/pdl\/wp-json\/wp\/v2\/tags?post=2910"},{"taxonomy":"post_folder","embeddable":true,"href":"https:\/\/regions-snetap-fsu.fr\/pdl\/wp-json\/wp\/v2\/post_folder?post=2910"}],"curies":[{"name":"wp","href":"https:\/\/api.w.org\/{rel}","templated":true}]}}