{"id":2899,"date":"2018-09-21T01:38:21","date_gmt":"2018-09-20T23:38:21","guid":{"rendered":"https:\/\/regions-snetap-fsu.fr\/pdl\/?p=2899"},"modified":"2018-10-13T23:43:06","modified_gmt":"2018-10-13T21:43:06","slug":"campagne-electorale-en-pays-de-la-loire-les-dates","status":"publish","type":"post","link":"https:\/\/regions-snetap-fsu.fr\/pdl\/2018\/09\/21\/campagne-electorale-en-pays-de-la-loire-les-dates\/","title":{"rendered":"CAMPAGNE ELECTORALE EN PAYS DE LA LOIRE&#8230;LES DATES"},"content":{"rendered":"<table style=\"border-collapse: collapse;width: 80.7114%;height: 156px\" border=\"1\">\n<tbody>\n<tr style=\"height: 36px\">\n<td style=\"width: 11.623%;text-align: center;height: 36px\"><span style=\"font-size: 18pt\"><strong>Dates<\/strong><\/span><\/td>\n<td style=\"width: 68.9889%;text-align: center;height: 36px\"><span style=\"font-size: 18pt\"><strong>D\u00e9partements<\/strong><\/span><\/td>\n<\/tr>\n<tr style=\"height: 24px\">\n<td style=\"width: 11.623%;text-align: center;height: 24px\">20\/09\/2018<\/td>\n<td style=\"width: 68.9889%;text-align: center;height: 24px\"><strong>Sarthe :<\/strong> Le Mans 11h<\/td>\n<\/tr>\n<tr style=\"height: 24px\">\n<td style=\"width: 11.623%;text-align: center;height: 24px\">4\/10\/2018<\/td>\n<td style=\"width: 68.9889%;text-align: center;height: 24px\"><strong>Vend\u00e9e :<\/strong> Lu\u00e7on 11h-12h, Fontenay 14h, La Roche sur Yon 16h30<\/td>\n<\/tr>\n<tr style=\"height: 24px\">\n<td style=\"width: 11.623%;text-align: center;height: 24px\">11\/10\/2018<\/td>\n<td style=\"width: 68.9889%;text-align: center;height: 24px\"><strong>Loire Atlantique<\/strong> : Nantes 11h, Gu\u00e9rande 17h<\/td>\n<\/tr>\n<tr style=\"height: 24px\">\n<td style=\"width: 11.623%;text-align: center;height: 24px\">16\/10\/2018<\/td>\n<td style=\"width: 68.9889%;text-align: center;height: 24px\"><strong>Mayenne :<\/strong> Chateau Gontier 11h, Laval 13h<\/td>\n<\/tr>\n<tr style=\"height: 24px\">\n<td style=\"width: 11.623%;text-align: center;height: 24px\">18\/10\/2018<\/td>\n<td style=\"width: 68.9889%;text-align: center;height: 24px\"><strong>Maine et Loire :<\/strong> Angers 11h, Montreuil 13h<\/td>\n<\/tr>\n<tr>\n<td style=\"width: 11.623%;text-align: center\">6 ou 13\/11\/2018<\/td>\n<td style=\"width: 68.9889%;text-align: center\"><strong>Sarthe :<\/strong> Brette les Pins 13h<\/td>\n<\/tr>\n<\/tbody>\n<\/table>\n<p style=\"text-align: justify\"><img decoding=\"async\" class=\"alignnone size-medium wp-image-2887\" src=\"https:\/\/regions-snetap-fsu.fr\/pdl\/wp-content\/uploads\/sites\/4\/2018\/09\/elections-2018-12-06-300x106.jpg\" alt=\"\" width=\"300\" height=\"106\" srcset=\"https:\/\/regions-snetap-fsu.fr\/pdl\/wp-content\/uploads\/sites\/4\/2018\/09\/elections-2018-12-06-300x106.jpg 300w, https:\/\/regions-snetap-fsu.fr\/pdl\/wp-content\/uploads\/sites\/4\/2018\/09\/elections-2018-12-06-100x35.jpg 100w, https:\/\/regions-snetap-fsu.fr\/pdl\/wp-content\/uploads\/sites\/4\/2018\/09\/elections-2018-12-06-150x53.jpg 150w, https:\/\/regions-snetap-fsu.fr\/pdl\/wp-content\/uploads\/sites\/4\/2018\/09\/elections-2018-12-06-200x70.jpg 200w, https:\/\/regions-snetap-fsu.fr\/pdl\/wp-content\/uploads\/sites\/4\/2018\/09\/elections-2018-12-06.jpg 315w\" sizes=\"(max-width: 300px) 100vw, 300px\" \/><\/p>\n<p style=\"text-align: justify\">Pour chaque \u00e9tablissement, tous les personnels sont cordialement invit\u00e9s \u00e0 venir \u00e9changer avec vos \u00e9lus sortants et les candidats au CTREA et \u00e0 la CCPR. Les organisations syndicales d\u00e9posent une heure mensuelle d&rsquo;information syndicale ouverte \u00e0 tous. Y participer constitue un droit. Cette heure n&rsquo;est pas ensuite \u00e0 r\u00e9cup\u00e9rer.<\/p>\n","protected":false},"excerpt":{"rendered":"<p>Dates D\u00e9partements 20\/09\/2018 Sarthe : Le Mans 11h 4\/10\/2018 Vend\u00e9e : Lu\u00e7on 11h-12h, Fontenay 14h, La Roche sur Yon 16h30 11\/10\/2018 Loire Atlantique : Nantes 11h, Gu\u00e9rande 17h 16\/10\/2018 Mayenne : Chateau Gontier 11h, Laval 13h 18\/10\/2018 Maine et Loire : Angers 11h, Montreuil 13h 6 ou 13\/11\/2018 Sarthe : Brette les Pins 13h Pour [&hellip;]<\/p>\n","protected":false},"author":2,"featured_media":0,"comment_status":"closed","ping_status":"closed","sticky":false,"template":"","format":"standard","meta":{"ocean_post_layout":"","ocean_both_sidebars_style":"","ocean_both_sidebars_content_width":0,"ocean_both_sidebars_sidebars_width":0,"ocean_sidebar":"","ocean_second_sidebar":"","ocean_disable_margins":"enable","ocean_add_body_class":"","ocean_shortcode_before_top_bar":"","ocean_shortcode_after_top_bar":"","ocean_shortcode_before_header":"","ocean_shortcode_after_header":"","ocean_has_shortcode":"","ocean_shortcode_after_title":"","ocean_shortcode_before_footer_widgets":"","ocean_shortcode_after_footer_widgets":"","ocean_shortcode_before_footer_bottom":"","ocean_shortcode_after_footer_bottom":"","ocean_display_top_bar":"default","ocean_display_header":"default","ocean_header_style":"","ocean_center_header_left_menu":"","ocean_custom_header_template":"","ocean_custom_logo":0,"ocean_custom_retina_logo":0,"ocean_custom_logo_max_width":0,"ocean_custom_logo_tablet_max_width":0,"ocean_custom_logo_mobile_max_width":0,"ocean_custom_logo_max_height":0,"ocean_custom_logo_tablet_max_height":0,"ocean_custom_logo_mobile_max_height":0,"ocean_header_custom_menu":"","ocean_menu_typo_font_family":"","ocean_menu_typo_font_subset":"","ocean_menu_typo_font_size":0,"ocean_menu_typo_font_size_tablet":0,"ocean_menu_typo_font_size_mobile":0,"ocean_menu_typo_font_size_unit":"px","ocean_menu_typo_font_weight":"","ocean_menu_typo_font_weight_tablet":"","ocean_menu_typo_font_weight_mobile":"","ocean_menu_typo_transform":"","ocean_menu_typo_transform_tablet":"","ocean_menu_typo_transform_mobile":"","ocean_menu_typo_line_height":0,"ocean_menu_typo_line_height_tablet":0,"ocean_menu_typo_line_height_mobile":0,"ocean_menu_typo_line_height_unit":"","ocean_menu_typo_spacing":0,"ocean_menu_typo_spacing_tablet":0,"ocean_menu_typo_spacing_mobile":0,"ocean_menu_typo_spacing_unit":"","ocean_menu_link_color":"","ocean_menu_link_color_hover":"","ocean_menu_link_color_active":"","ocean_menu_link_background":"","ocean_menu_link_hover_background":"","ocean_menu_link_active_background":"","ocean_menu_social_links_bg":"","ocean_menu_social_hover_links_bg":"","ocean_menu_social_links_color":"","ocean_menu_social_hover_links_color":"","ocean_disable_title":"default","ocean_disable_heading":"default","ocean_post_title":"","ocean_post_subheading":"","ocean_post_title_style":"","ocean_post_title_background_color":"","ocean_post_title_background":0,"ocean_post_title_bg_image_position":"","ocean_post_title_bg_image_attachment":"","ocean_post_title_bg_image_repeat":"","ocean_post_title_bg_image_size":"","ocean_post_title_height":0,"ocean_post_title_bg_overlay":0.5,"ocean_post_title_bg_overlay_color":"","ocean_disable_breadcrumbs":"default","ocean_breadcrumbs_color":"","ocean_breadcrumbs_separator_color":"","ocean_breadcrumbs_links_color":"","ocean_breadcrumbs_links_hover_color":"","ocean_display_footer_widgets":"default","ocean_display_footer_bottom":"default","ocean_custom_footer_template":"","ocean_post_oembed":"","ocean_post_self_hosted_media":"","ocean_post_video_embed":"","ocean_link_format":"","ocean_link_format_target":"self","ocean_quote_format":"","ocean_quote_format_link":"post","ocean_gallery_link_images":"on","ocean_gallery_id":[],"footnotes":""},"categories":[28,21,22,19,30,16,17,25,27,18,20,26,23,24],"tags":[],"post_folder":[],"class_list":["post-2899","post","type-post","status-publish","format-standard","hentry","category-actions-regionales","category-angers","category-brette-les-pins","category-chateau-gontier","category-elections","category-en-direct-des-sections","category-fontenay-le-comte","category-guerande","category-la-roche-sur-yon","category-laval","category-le-mans","category-lucon-petre","category-montreuil-bellay","category-nantes-terre-atlantique","entry"],"yoast_head":"<!-- This site is optimized with the Yoast SEO plugin v27.4 - https:\/\/yoast.com\/product\/yoast-seo-wordpress\/ -->\n<title>CAMPAGNE ELECTORALE EN PAYS DE LA LOIRE...LES DATES - PAYS DE LA LOIRE<\/title>\n<meta name=\"robots\" content=\"index, follow, max-snippet:-1, max-image-preview:large, max-video-preview:-1\" \/>\n<link rel=\"canonical\" href=\"https:\/\/regions-snetap-fsu.fr\/pdl\/2018\/09\/21\/campagne-electorale-en-pays-de-la-loire-les-dates\/\" \/>\n<meta property=\"og:locale\" content=\"fr_FR\" \/>\n<meta property=\"og:type\" content=\"article\" \/>\n<meta property=\"og:title\" content=\"CAMPAGNE ELECTORALE EN PAYS DE LA LOIRE...LES DATES - PAYS DE LA LOIRE\" \/>\n<meta property=\"og:description\" content=\"Dates D\u00e9partements 20\/09\/2018 Sarthe : Le Mans 11h 4\/10\/2018 Vend\u00e9e : Lu\u00e7on 11h-12h, Fontenay 14h, La Roche sur Yon 16h30 11\/10\/2018 Loire Atlantique : Nantes 11h, Gu\u00e9rande 17h 16\/10\/2018 Mayenne : Chateau Gontier 11h, Laval 13h 18\/10\/2018 Maine et Loire : Angers 11h, Montreuil 13h 6 ou 13\/11\/2018 Sarthe : Brette les Pins 13h Pour [&hellip;]\" \/>\n<meta property=\"og:url\" content=\"https:\/\/regions-snetap-fsu.fr\/pdl\/2018\/09\/21\/campagne-electorale-en-pays-de-la-loire-les-dates\/\" \/>\n<meta property=\"og:site_name\" content=\"PAYS DE LA LOIRE\" \/>\n<meta property=\"article:published_time\" content=\"2018-09-20T23:38:21+00:00\" \/>\n<meta property=\"article:modified_time\" content=\"2018-10-13T21:43:06+00:00\" \/>\n<meta property=\"og:image\" content=\"https:\/\/regions-snetap-fsu.fr\/pdl\/wp-content\/uploads\/sites\/4\/2018\/09\/elections-2018-12-06-300x106.jpg\" \/>\n<meta name=\"author\" content=\"yvigner\" \/>\n<meta name=\"twitter:card\" content=\"summary_large_image\" \/>\n<meta name=\"twitter:label1\" content=\"\u00c9crit par\" \/>\n\t<meta name=\"twitter:data1\" content=\"yvigner\" \/>\n<script type=\"application\/ld+json\" class=\"yoast-schema-graph\">{\"@context\":\"https:\\\/\\\/schema.org\",\"@graph\":[{\"@type\":\"Article\",\"@id\":\"https:\\\/\\\/regions-snetap-fsu.fr\\\/pdl\\\/2018\\\/09\\\/21\\\/campagne-electorale-en-pays-de-la-loire-les-dates\\\/#article\",\"isPartOf\":{\"@id\":\"https:\\\/\\\/regions-snetap-fsu.fr\\\/pdl\\\/2018\\\/09\\\/21\\\/campagne-electorale-en-pays-de-la-loire-les-dates\\\/\"},\"author\":{\"name\":\"yvigner\",\"@id\":\"https:\\\/\\\/regions-snetap-fsu.fr\\\/pdl\\\/#\\\/schema\\\/person\\\/d4530af043f9e8d27bdd71c468ec93b1\"},\"headline\":\"CAMPAGNE ELECTORALE EN PAYS DE LA LOIRE&#8230;LES DATES\",\"datePublished\":\"2018-09-20T23:38:21+00:00\",\"dateModified\":\"2018-10-13T21:43:06+00:00\",\"mainEntityOfPage\":{\"@id\":\"https:\\\/\\\/regions-snetap-fsu.fr\\\/pdl\\\/2018\\\/09\\\/21\\\/campagne-electorale-en-pays-de-la-loire-les-dates\\\/\"},\"wordCount\":106,\"publisher\":{\"@id\":\"https:\\\/\\\/regions-snetap-fsu.fr\\\/pdl\\\/#organization\"},\"image\":{\"@id\":\"https:\\\/\\\/regions-snetap-fsu.fr\\\/pdl\\\/2018\\\/09\\\/21\\\/campagne-electorale-en-pays-de-la-loire-les-dates\\\/#primaryimage\"},\"thumbnailUrl\":\"https:\\\/\\\/regions-snetap-fsu.fr\\\/pdl\\\/wp-content\\\/uploads\\\/sites\\\/4\\\/2018\\\/09\\\/elections-2018-12-06-300x106.jpg\",\"articleSection\":[\"Actions r\u00e9gionales\",\"Angers\",\"Brette les Pins\",\"Chateau Gontier\",\"Elections\",\"En direct des sections\",\"Fontenay le Comte\",\"Gu\u00e9rande\",\"La Roche sur Yon\",\"Laval\",\"Le Mans\",\"Lu\u00e7on P\u00e9tr\u00e9\",\"Montreuil Bellay\",\"Nantes Terre Atlantique\"],\"inLanguage\":\"fr-FR\"},{\"@type\":\"WebPage\",\"@id\":\"https:\\\/\\\/regions-snetap-fsu.fr\\\/pdl\\\/2018\\\/09\\\/21\\\/campagne-electorale-en-pays-de-la-loire-les-dates\\\/\",\"url\":\"https:\\\/\\\/regions-snetap-fsu.fr\\\/pdl\\\/2018\\\/09\\\/21\\\/campagne-electorale-en-pays-de-la-loire-les-dates\\\/\",\"name\":\"CAMPAGNE ELECTORALE EN PAYS DE LA LOIRE...LES DATES - PAYS DE LA LOIRE\",\"isPartOf\":{\"@id\":\"https:\\\/\\\/regions-snetap-fsu.fr\\\/pdl\\\/#website\"},\"primaryImageOfPage\":{\"@id\":\"https:\\\/\\\/regions-snetap-fsu.fr\\\/pdl\\\/2018\\\/09\\\/21\\\/campagne-electorale-en-pays-de-la-loire-les-dates\\\/#primaryimage\"},\"image\":{\"@id\":\"https:\\\/\\\/regions-snetap-fsu.fr\\\/pdl\\\/2018\\\/09\\\/21\\\/campagne-electorale-en-pays-de-la-loire-les-dates\\\/#primaryimage\"},\"thumbnailUrl\":\"https:\\\/\\\/regions-snetap-fsu.fr\\\/pdl\\\/wp-content\\\/uploads\\\/sites\\\/4\\\/2018\\\/09\\\/elections-2018-12-06-300x106.jpg\",\"datePublished\":\"2018-09-20T23:38:21+00:00\",\"dateModified\":\"2018-10-13T21:43:06+00:00\",\"breadcrumb\":{\"@id\":\"https:\\\/\\\/regions-snetap-fsu.fr\\\/pdl\\\/2018\\\/09\\\/21\\\/campagne-electorale-en-pays-de-la-loire-les-dates\\\/#breadcrumb\"},\"inLanguage\":\"fr-FR\",\"potentialAction\":[{\"@type\":\"ReadAction\",\"target\":[\"https:\\\/\\\/regions-snetap-fsu.fr\\\/pdl\\\/2018\\\/09\\\/21\\\/campagne-electorale-en-pays-de-la-loire-les-dates\\\/\"]}]},{\"@type\":\"ImageObject\",\"inLanguage\":\"fr-FR\",\"@id\":\"https:\\\/\\\/regions-snetap-fsu.fr\\\/pdl\\\/2018\\\/09\\\/21\\\/campagne-electorale-en-pays-de-la-loire-les-dates\\\/#primaryimage\",\"url\":\"https:\\\/\\\/regions-snetap-fsu.fr\\\/pdl\\\/wp-content\\\/uploads\\\/sites\\\/4\\\/2018\\\/09\\\/elections-2018-12-06.jpg\",\"contentUrl\":\"https:\\\/\\\/regions-snetap-fsu.fr\\\/pdl\\\/wp-content\\\/uploads\\\/sites\\\/4\\\/2018\\\/09\\\/elections-2018-12-06.jpg\",\"width\":315,\"height\":111},{\"@type\":\"BreadcrumbList\",\"@id\":\"https:\\\/\\\/regions-snetap-fsu.fr\\\/pdl\\\/2018\\\/09\\\/21\\\/campagne-electorale-en-pays-de-la-loire-les-dates\\\/#breadcrumb\",\"itemListElement\":[{\"@type\":\"ListItem\",\"position\":1,\"name\":\"Accueil\",\"item\":\"https:\\\/\\\/regions-snetap-fsu.fr\\\/pdl\\\/\"},{\"@type\":\"ListItem\",\"position\":2,\"name\":\"CAMPAGNE ELECTORALE EN PAYS DE LA LOIRE&#8230;LES DATES\"}]},{\"@type\":\"WebSite\",\"@id\":\"https:\\\/\\\/regions-snetap-fsu.fr\\\/pdl\\\/#website\",\"url\":\"https:\\\/\\\/regions-snetap-fsu.fr\\\/pdl\\\/\",\"name\":\"SNETAP-FSU PAYS DE LA LOIRE\",\"description\":\"SECTION REGIONALE\",\"publisher\":{\"@id\":\"https:\\\/\\\/regions-snetap-fsu.fr\\\/pdl\\\/#organization\"},\"potentialAction\":[{\"@type\":\"SearchAction\",\"target\":{\"@type\":\"EntryPoint\",\"urlTemplate\":\"https:\\\/\\\/regions-snetap-fsu.fr\\\/pdl\\\/?s={search_term_string}\"},\"query-input\":{\"@type\":\"PropertyValueSpecification\",\"valueRequired\":true,\"valueName\":\"search_term_string\"}}],\"inLanguage\":\"fr-FR\"},{\"@type\":\"Organization\",\"@id\":\"https:\\\/\\\/regions-snetap-fsu.fr\\\/pdl\\\/#organization\",\"name\":\"SNETAP-FSU Pays de Loire\",\"url\":\"https:\\\/\\\/regions-snetap-fsu.fr\\\/pdl\\\/\",\"logo\":{\"@type\":\"ImageObject\",\"inLanguage\":\"fr-FR\",\"@id\":\"https:\\\/\\\/regions-snetap-fsu.fr\\\/pdl\\\/#\\\/schema\\\/logo\\\/image\\\/\",\"url\":\"https:\\\/\\\/regions-snetap-fsu.fr\\\/pdl\\\/wp-content\\\/uploads\\\/sites\\\/4\\\/2020\\\/12\\\/SNETAP-Logo.jpg\",\"contentUrl\":\"https:\\\/\\\/regions-snetap-fsu.fr\\\/pdl\\\/wp-content\\\/uploads\\\/sites\\\/4\\\/2020\\\/12\\\/SNETAP-Logo.jpg\",\"width\":464,\"height\":334,\"caption\":\"SNETAP-FSU Pays de Loire\"},\"image\":{\"@id\":\"https:\\\/\\\/regions-snetap-fsu.fr\\\/pdl\\\/#\\\/schema\\\/logo\\\/image\\\/\"}},{\"@type\":\"Person\",\"@id\":\"https:\\\/\\\/regions-snetap-fsu.fr\\\/pdl\\\/#\\\/schema\\\/person\\\/d4530af043f9e8d27bdd71c468ec93b1\",\"name\":\"yvigner\",\"image\":{\"@type\":\"ImageObject\",\"inLanguage\":\"fr-FR\",\"@id\":\"https:\\\/\\\/secure.gravatar.com\\\/avatar\\\/bc72baa6f2406549aecf77a837bc4f03dbe88472c1762138f868571430a23820?s=96&d=mm&r=g\",\"url\":\"https:\\\/\\\/secure.gravatar.com\\\/avatar\\\/bc72baa6f2406549aecf77a837bc4f03dbe88472c1762138f868571430a23820?s=96&d=mm&r=g\",\"contentUrl\":\"https:\\\/\\\/secure.gravatar.com\\\/avatar\\\/bc72baa6f2406549aecf77a837bc4f03dbe88472c1762138f868571430a23820?s=96&d=mm&r=g\",\"caption\":\"yvigner\"},\"url\":\"https:\\\/\\\/regions-snetap-fsu.fr\\\/pdl\\\/author\\\/yvigner\\\/\"}]}<\/script>\n<!-- \/ Yoast SEO plugin. -->","yoast_head_json":{"title":"CAMPAGNE ELECTORALE EN PAYS DE LA LOIRE...LES DATES - PAYS DE LA LOIRE","robots":{"index":"index","follow":"follow","max-snippet":"max-snippet:-1","max-image-preview":"max-image-preview:large","max-video-preview":"max-video-preview:-1"},"canonical":"https:\/\/regions-snetap-fsu.fr\/pdl\/2018\/09\/21\/campagne-electorale-en-pays-de-la-loire-les-dates\/","og_locale":"fr_FR","og_type":"article","og_title":"CAMPAGNE ELECTORALE EN PAYS DE LA LOIRE...LES DATES - PAYS DE LA LOIRE","og_description":"Dates D\u00e9partements 20\/09\/2018 Sarthe : Le Mans 11h 4\/10\/2018 Vend\u00e9e : Lu\u00e7on 11h-12h, Fontenay 14h, La Roche sur Yon 16h30 11\/10\/2018 Loire Atlantique : Nantes 11h, Gu\u00e9rande 17h 16\/10\/2018 Mayenne : Chateau Gontier 11h, Laval 13h 18\/10\/2018 Maine et Loire : Angers 11h, Montreuil 13h 6 ou 13\/11\/2018 Sarthe : Brette les Pins 13h Pour [&hellip;]","og_url":"https:\/\/regions-snetap-fsu.fr\/pdl\/2018\/09\/21\/campagne-electorale-en-pays-de-la-loire-les-dates\/","og_site_name":"PAYS DE LA LOIRE","article_published_time":"2018-09-20T23:38:21+00:00","article_modified_time":"2018-10-13T21:43:06+00:00","og_image":[{"url":"https:\/\/regions-snetap-fsu.fr\/pdl\/wp-content\/uploads\/sites\/4\/2018\/09\/elections-2018-12-06-300x106.jpg","type":"","width":"","height":""}],"author":"yvigner","twitter_card":"summary_large_image","twitter_misc":{"\u00c9crit par":"yvigner"},"schema":{"@context":"https:\/\/schema.org","@graph":[{"@type":"Article","@id":"https:\/\/regions-snetap-fsu.fr\/pdl\/2018\/09\/21\/campagne-electorale-en-pays-de-la-loire-les-dates\/#article","isPartOf":{"@id":"https:\/\/regions-snetap-fsu.fr\/pdl\/2018\/09\/21\/campagne-electorale-en-pays-de-la-loire-les-dates\/"},"author":{"name":"yvigner","@id":"https:\/\/regions-snetap-fsu.fr\/pdl\/#\/schema\/person\/d4530af043f9e8d27bdd71c468ec93b1"},"headline":"CAMPAGNE ELECTORALE EN PAYS DE LA LOIRE&#8230;LES DATES","datePublished":"2018-09-20T23:38:21+00:00","dateModified":"2018-10-13T21:43:06+00:00","mainEntityOfPage":{"@id":"https:\/\/regions-snetap-fsu.fr\/pdl\/2018\/09\/21\/campagne-electorale-en-pays-de-la-loire-les-dates\/"},"wordCount":106,"publisher":{"@id":"https:\/\/regions-snetap-fsu.fr\/pdl\/#organization"},"image":{"@id":"https:\/\/regions-snetap-fsu.fr\/pdl\/2018\/09\/21\/campagne-electorale-en-pays-de-la-loire-les-dates\/#primaryimage"},"thumbnailUrl":"https:\/\/regions-snetap-fsu.fr\/pdl\/wp-content\/uploads\/sites\/4\/2018\/09\/elections-2018-12-06-300x106.jpg","articleSection":["Actions r\u00e9gionales","Angers","Brette les Pins","Chateau Gontier","Elections","En direct des sections","Fontenay le Comte","Gu\u00e9rande","La Roche sur Yon","Laval","Le Mans","Lu\u00e7on P\u00e9tr\u00e9","Montreuil Bellay","Nantes Terre Atlantique"],"inLanguage":"fr-FR"},{"@type":"WebPage","@id":"https:\/\/regions-snetap-fsu.fr\/pdl\/2018\/09\/21\/campagne-electorale-en-pays-de-la-loire-les-dates\/","url":"https:\/\/regions-snetap-fsu.fr\/pdl\/2018\/09\/21\/campagne-electorale-en-pays-de-la-loire-les-dates\/","name":"CAMPAGNE ELECTORALE EN PAYS DE LA LOIRE...LES DATES - PAYS DE LA LOIRE","isPartOf":{"@id":"https:\/\/regions-snetap-fsu.fr\/pdl\/#website"},"primaryImageOfPage":{"@id":"https:\/\/regions-snetap-fsu.fr\/pdl\/2018\/09\/21\/campagne-electorale-en-pays-de-la-loire-les-dates\/#primaryimage"},"image":{"@id":"https:\/\/regions-snetap-fsu.fr\/pdl\/2018\/09\/21\/campagne-electorale-en-pays-de-la-loire-les-dates\/#primaryimage"},"thumbnailUrl":"https:\/\/regions-snetap-fsu.fr\/pdl\/wp-content\/uploads\/sites\/4\/2018\/09\/elections-2018-12-06-300x106.jpg","datePublished":"2018-09-20T23:38:21+00:00","dateModified":"2018-10-13T21:43:06+00:00","breadcrumb":{"@id":"https:\/\/regions-snetap-fsu.fr\/pdl\/2018\/09\/21\/campagne-electorale-en-pays-de-la-loire-les-dates\/#breadcrumb"},"inLanguage":"fr-FR","potentialAction":[{"@type":"ReadAction","target":["https:\/\/regions-snetap-fsu.fr\/pdl\/2018\/09\/21\/campagne-electorale-en-pays-de-la-loire-les-dates\/"]}]},{"@type":"ImageObject","inLanguage":"fr-FR","@id":"https:\/\/regions-snetap-fsu.fr\/pdl\/2018\/09\/21\/campagne-electorale-en-pays-de-la-loire-les-dates\/#primaryimage","url":"https:\/\/regions-snetap-fsu.fr\/pdl\/wp-content\/uploads\/sites\/4\/2018\/09\/elections-2018-12-06.jpg","contentUrl":"https:\/\/regions-snetap-fsu.fr\/pdl\/wp-content\/uploads\/sites\/4\/2018\/09\/elections-2018-12-06.jpg","width":315,"height":111},{"@type":"BreadcrumbList","@id":"https:\/\/regions-snetap-fsu.fr\/pdl\/2018\/09\/21\/campagne-electorale-en-pays-de-la-loire-les-dates\/#breadcrumb","itemListElement":[{"@type":"ListItem","position":1,"name":"Accueil","item":"https:\/\/regions-snetap-fsu.fr\/pdl\/"},{"@type":"ListItem","position":2,"name":"CAMPAGNE ELECTORALE EN PAYS DE LA LOIRE&#8230;LES DATES"}]},{"@type":"WebSite","@id":"https:\/\/regions-snetap-fsu.fr\/pdl\/#website","url":"https:\/\/regions-snetap-fsu.fr\/pdl\/","name":"SNETAP-FSU PAYS DE LA LOIRE","description":"SECTION REGIONALE","publisher":{"@id":"https:\/\/regions-snetap-fsu.fr\/pdl\/#organization"},"potentialAction":[{"@type":"SearchAction","target":{"@type":"EntryPoint","urlTemplate":"https:\/\/regions-snetap-fsu.fr\/pdl\/?s={search_term_string}"},"query-input":{"@type":"PropertyValueSpecification","valueRequired":true,"valueName":"search_term_string"}}],"inLanguage":"fr-FR"},{"@type":"Organization","@id":"https:\/\/regions-snetap-fsu.fr\/pdl\/#organization","name":"SNETAP-FSU Pays de Loire","url":"https:\/\/regions-snetap-fsu.fr\/pdl\/","logo":{"@type":"ImageObject","inLanguage":"fr-FR","@id":"https:\/\/regions-snetap-fsu.fr\/pdl\/#\/schema\/logo\/image\/","url":"https:\/\/regions-snetap-fsu.fr\/pdl\/wp-content\/uploads\/sites\/4\/2020\/12\/SNETAP-Logo.jpg","contentUrl":"https:\/\/regions-snetap-fsu.fr\/pdl\/wp-content\/uploads\/sites\/4\/2020\/12\/SNETAP-Logo.jpg","width":464,"height":334,"caption":"SNETAP-FSU Pays de Loire"},"image":{"@id":"https:\/\/regions-snetap-fsu.fr\/pdl\/#\/schema\/logo\/image\/"}},{"@type":"Person","@id":"https:\/\/regions-snetap-fsu.fr\/pdl\/#\/schema\/person\/d4530af043f9e8d27bdd71c468ec93b1","name":"yvigner","image":{"@type":"ImageObject","inLanguage":"fr-FR","@id":"https:\/\/secure.gravatar.com\/avatar\/bc72baa6f2406549aecf77a837bc4f03dbe88472c1762138f868571430a23820?s=96&d=mm&r=g","url":"https:\/\/secure.gravatar.com\/avatar\/bc72baa6f2406549aecf77a837bc4f03dbe88472c1762138f868571430a23820?s=96&d=mm&r=g","contentUrl":"https:\/\/secure.gravatar.com\/avatar\/bc72baa6f2406549aecf77a837bc4f03dbe88472c1762138f868571430a23820?s=96&d=mm&r=g","caption":"yvigner"},"url":"https:\/\/regions-snetap-fsu.fr\/pdl\/author\/yvigner\/"}]}},"_links":{"self":[{"href":"https:\/\/regions-snetap-fsu.fr\/pdl\/wp-json\/wp\/v2\/posts\/2899","targetHints":{"allow":["GET"]}}],"collection":[{"href":"https:\/\/regions-snetap-fsu.fr\/pdl\/wp-json\/wp\/v2\/posts"}],"about":[{"href":"https:\/\/regions-snetap-fsu.fr\/pdl\/wp-json\/wp\/v2\/types\/post"}],"author":[{"embeddable":true,"href":"https:\/\/regions-snetap-fsu.fr\/pdl\/wp-json\/wp\/v2\/users\/2"}],"replies":[{"embeddable":true,"href":"https:\/\/regions-snetap-fsu.fr\/pdl\/wp-json\/wp\/v2\/comments?post=2899"}],"version-history":[{"count":7,"href":"https:\/\/regions-snetap-fsu.fr\/pdl\/wp-json\/wp\/v2\/posts\/2899\/revisions"}],"predecessor-version":[{"id":2909,"href":"https:\/\/regions-snetap-fsu.fr\/pdl\/wp-json\/wp\/v2\/posts\/2899\/revisions\/2909"}],"wp:attachment":[{"href":"https:\/\/regions-snetap-fsu.fr\/pdl\/wp-json\/wp\/v2\/media?parent=2899"}],"wp:term":[{"taxonomy":"category","embeddable":true,"href":"https:\/\/regions-snetap-fsu.fr\/pdl\/wp-json\/wp\/v2\/categories?post=2899"},{"taxonomy":"post_tag","embeddable":true,"href":"https:\/\/regions-snetap-fsu.fr\/pdl\/wp-json\/wp\/v2\/tags?post=2899"},{"taxonomy":"post_folder","embeddable":true,"href":"https:\/\/regions-snetap-fsu.fr\/pdl\/wp-json\/wp\/v2\/post_folder?post=2899"}],"curies":[{"name":"wp","href":"https:\/\/api.w.org\/{rel}","templated":true}]}}