{"id":2889,"date":"2018-09-21T01:19:22","date_gmt":"2018-09-20T23:19:22","guid":{"rendered":"https:\/\/regions-snetap-fsu.fr\/pdl\/?p=2889"},"modified":"2018-10-13T23:43:06","modified_gmt":"2018-10-13T21:43:06","slug":"au-mans-lintersyndicale-snetap-cgt-sud-lance-sa-campagne-electorale-en-pays-de-la-loire","status":"publish","type":"post","link":"https:\/\/regions-snetap-fsu.fr\/pdl\/2018\/09\/21\/au-mans-lintersyndicale-snetap-cgt-sud-lance-sa-campagne-electorale-en-pays-de-la-loire\/","title":{"rendered":"Au Mans, l&rsquo;Intersyndicale SNETAP-FSU \/ CGT\/ SUD lance sa campagne \u00e9lectorale en Pays de la Loire !"},"content":{"rendered":"<p><img fetchpriority=\"high\" decoding=\"async\" class=\"alignnone wp-image-2890\" src=\"https:\/\/regions-snetap-fsu.fr\/pdl\/wp-content\/uploads\/sites\/4\/2018\/09\/2018-09-20-11.20.18-300x169.jpg\" alt=\"\" width=\"366\" height=\"206\" srcset=\"https:\/\/regions-snetap-fsu.fr\/pdl\/wp-content\/uploads\/sites\/4\/2018\/09\/2018-09-20-11.20.18-300x169.jpg 300w, https:\/\/regions-snetap-fsu.fr\/pdl\/wp-content\/uploads\/sites\/4\/2018\/09\/2018-09-20-11.20.18-768x432.jpg 768w, https:\/\/regions-snetap-fsu.fr\/pdl\/wp-content\/uploads\/sites\/4\/2018\/09\/2018-09-20-11.20.18-1024x576.jpg 1024w, https:\/\/regions-snetap-fsu.fr\/pdl\/wp-content\/uploads\/sites\/4\/2018\/09\/2018-09-20-11.20.18-100x56.jpg 100w, https:\/\/regions-snetap-fsu.fr\/pdl\/wp-content\/uploads\/sites\/4\/2018\/09\/2018-09-20-11.20.18-150x84.jpg 150w, https:\/\/regions-snetap-fsu.fr\/pdl\/wp-content\/uploads\/sites\/4\/2018\/09\/2018-09-20-11.20.18-200x113.jpg 200w, https:\/\/regions-snetap-fsu.fr\/pdl\/wp-content\/uploads\/sites\/4\/2018\/09\/2018-09-20-11.20.18-450x253.jpg 450w, https:\/\/regions-snetap-fsu.fr\/pdl\/wp-content\/uploads\/sites\/4\/2018\/09\/2018-09-20-11.20.18-600x338.jpg 600w, https:\/\/regions-snetap-fsu.fr\/pdl\/wp-content\/uploads\/sites\/4\/2018\/09\/2018-09-20-11.20.18-900x506.jpg 900w\" sizes=\"(max-width: 366px) 100vw, 366px\" \/> <img decoding=\"async\" class=\"alignnone wp-image-2892 \" src=\"https:\/\/regions-snetap-fsu.fr\/pdl\/wp-content\/uploads\/sites\/4\/2018\/09\/2018-09-20-10.46.45-e1537484940706-300x169.jpg\" alt=\"\" width=\"373\" height=\"210\" srcset=\"https:\/\/regions-snetap-fsu.fr\/pdl\/wp-content\/uploads\/sites\/4\/2018\/09\/2018-09-20-10.46.45-e1537484940706-300x169.jpg 300w, https:\/\/regions-snetap-fsu.fr\/pdl\/wp-content\/uploads\/sites\/4\/2018\/09\/2018-09-20-10.46.45-e1537484940706-768x432.jpg 768w, https:\/\/regions-snetap-fsu.fr\/pdl\/wp-content\/uploads\/sites\/4\/2018\/09\/2018-09-20-10.46.45-e1537484940706-1024x576.jpg 1024w, https:\/\/regions-snetap-fsu.fr\/pdl\/wp-content\/uploads\/sites\/4\/2018\/09\/2018-09-20-10.46.45-e1537484940706-100x56.jpg 100w, https:\/\/regions-snetap-fsu.fr\/pdl\/wp-content\/uploads\/sites\/4\/2018\/09\/2018-09-20-10.46.45-e1537484940706-150x84.jpg 150w, https:\/\/regions-snetap-fsu.fr\/pdl\/wp-content\/uploads\/sites\/4\/2018\/09\/2018-09-20-10.46.45-e1537484940706-200x113.jpg 200w, https:\/\/regions-snetap-fsu.fr\/pdl\/wp-content\/uploads\/sites\/4\/2018\/09\/2018-09-20-10.46.45-e1537484940706-450x253.jpg 450w, https:\/\/regions-snetap-fsu.fr\/pdl\/wp-content\/uploads\/sites\/4\/2018\/09\/2018-09-20-10.46.45-e1537484940706-600x338.jpg 600w, https:\/\/regions-snetap-fsu.fr\/pdl\/wp-content\/uploads\/sites\/4\/2018\/09\/2018-09-20-10.46.45-e1537484940706-900x506.jpg 900w\" sizes=\"(max-width: 373px) 100vw, 373px\" \/><img decoding=\"async\" class=\"alignnone wp-image-2891\" src=\"https:\/\/regions-snetap-fsu.fr\/pdl\/wp-content\/uploads\/sites\/4\/2018\/09\/2018-09-20-11.20.08-300x169.jpg\" alt=\"\" width=\"371\" height=\"209\" srcset=\"https:\/\/regions-snetap-fsu.fr\/pdl\/wp-content\/uploads\/sites\/4\/2018\/09\/2018-09-20-11.20.08-300x169.jpg 300w, https:\/\/regions-snetap-fsu.fr\/pdl\/wp-content\/uploads\/sites\/4\/2018\/09\/2018-09-20-11.20.08-768x432.jpg 768w, https:\/\/regions-snetap-fsu.fr\/pdl\/wp-content\/uploads\/sites\/4\/2018\/09\/2018-09-20-11.20.08-1024x576.jpg 1024w, https:\/\/regions-snetap-fsu.fr\/pdl\/wp-content\/uploads\/sites\/4\/2018\/09\/2018-09-20-11.20.08-100x56.jpg 100w, https:\/\/regions-snetap-fsu.fr\/pdl\/wp-content\/uploads\/sites\/4\/2018\/09\/2018-09-20-11.20.08-150x84.jpg 150w, https:\/\/regions-snetap-fsu.fr\/pdl\/wp-content\/uploads\/sites\/4\/2018\/09\/2018-09-20-11.20.08-200x113.jpg 200w, https:\/\/regions-snetap-fsu.fr\/pdl\/wp-content\/uploads\/sites\/4\/2018\/09\/2018-09-20-11.20.08-450x253.jpg 450w, https:\/\/regions-snetap-fsu.fr\/pdl\/wp-content\/uploads\/sites\/4\/2018\/09\/2018-09-20-11.20.08-600x338.jpg 600w, https:\/\/regions-snetap-fsu.fr\/pdl\/wp-content\/uploads\/sites\/4\/2018\/09\/2018-09-20-11.20.08-900x506.jpg 900w\" sizes=\"(max-width: 371px) 100vw, 371px\" \/><\/p>\n<p style=\"text-align: justify\">Aujourd&rsquo;hui, c&rsquo;\u00e9tait le lancement de la campagne r\u00e9gionale pour la liste d&rsquo;union SNETAP-FSU \/ CGT \/ SUD pour les \u00e9lections professionnelles dans l&rsquo;enseignement agricole public des Pays de la Loire au LEGTA du Mans (72). Des candidats au CTREA (comit\u00e9 technique r\u00e9gional de l&rsquo;enseignement agricole) ont \u00e9chang\u00e9 avec une petite dizaine d&rsquo;agents de l&rsquo;\u00e9tablissement. Apr\u00e8s un bilan de l&rsquo;actuelle mandature (<strong><a href=\"https:\/\/regions-snetap-fsu.fr\/pdl\/wp-content\/uploads\/sites\/4\/2018\/09\/Bulletin-PDL-sept-2018-1.pdf\">pr\u00e9sent\u00e9 ici<\/a><\/strong>) les discussions ont surtout port\u00e9 sur les conditions de travail, le paiement du 2e professeur principal dans le cadre de \u00ab\u00a0Parcoursup\u00a0\u00bb et sur le statut des AESH.\u00a0 Les questions \u00e9taient nombreuses et les agents pr\u00e9sents ont reconnu la n\u00e9cessit\u00e9 d&rsquo;une mobilisation collective pour d\u00e9fendre notre outil de travail. Le 6 d\u00e9cembre, il faudra clairement faire le bon choix et voter pour la liste d&rsquo;union SNETAP-FSU \/ CGT \/ SUD.<\/p>\n","protected":false},"excerpt":{"rendered":"<p>Aujourd&rsquo;hui, c&rsquo;\u00e9tait le lancement de la campagne r\u00e9gionale pour la liste d&rsquo;union SNETAP-FSU \/ CGT \/ SUD pour les \u00e9lections professionnelles dans l&rsquo;enseignement agricole public des Pays de la Loire au LEGTA du Mans (72). Des candidats au CTREA (comit\u00e9 technique r\u00e9gional de l&rsquo;enseignement agricole) ont \u00e9chang\u00e9 avec une petite dizaine d&rsquo;agents de l&rsquo;\u00e9tablissement. Apr\u00e8s [&hellip;]<\/p>\n","protected":false},"author":2,"featured_media":0,"comment_status":"closed","ping_status":"closed","sticky":false,"template":"","format":"standard","meta":{"ocean_post_layout":"","ocean_both_sidebars_style":"","ocean_both_sidebars_content_width":0,"ocean_both_sidebars_sidebars_width":0,"ocean_sidebar":"","ocean_second_sidebar":"","ocean_disable_margins":"enable","ocean_add_body_class":"","ocean_shortcode_before_top_bar":"","ocean_shortcode_after_top_bar":"","ocean_shortcode_before_header":"","ocean_shortcode_after_header":"","ocean_has_shortcode":"","ocean_shortcode_after_title":"","ocean_shortcode_before_footer_widgets":"","ocean_shortcode_after_footer_widgets":"","ocean_shortcode_before_footer_bottom":"","ocean_shortcode_after_footer_bottom":"","ocean_display_top_bar":"default","ocean_display_header":"default","ocean_header_style":"","ocean_center_header_left_menu":"","ocean_custom_header_template":"","ocean_custom_logo":0,"ocean_custom_retina_logo":0,"ocean_custom_logo_max_width":0,"ocean_custom_logo_tablet_max_width":0,"ocean_custom_logo_mobile_max_width":0,"ocean_custom_logo_max_height":0,"ocean_custom_logo_tablet_max_height":0,"ocean_custom_logo_mobile_max_height":0,"ocean_header_custom_menu":"","ocean_menu_typo_font_family":"","ocean_menu_typo_font_subset":"","ocean_menu_typo_font_size":0,"ocean_menu_typo_font_size_tablet":0,"ocean_menu_typo_font_size_mobile":0,"ocean_menu_typo_font_size_unit":"px","ocean_menu_typo_font_weight":"","ocean_menu_typo_font_weight_tablet":"","ocean_menu_typo_font_weight_mobile":"","ocean_menu_typo_transform":"","ocean_menu_typo_transform_tablet":"","ocean_menu_typo_transform_mobile":"","ocean_menu_typo_line_height":0,"ocean_menu_typo_line_height_tablet":0,"ocean_menu_typo_line_height_mobile":0,"ocean_menu_typo_line_height_unit":"","ocean_menu_typo_spacing":0,"ocean_menu_typo_spacing_tablet":0,"ocean_menu_typo_spacing_mobile":0,"ocean_menu_typo_spacing_unit":"","ocean_menu_link_color":"","ocean_menu_link_color_hover":"","ocean_menu_link_color_active":"","ocean_menu_link_background":"","ocean_menu_link_hover_background":"","ocean_menu_link_active_background":"","ocean_menu_social_links_bg":"","ocean_menu_social_hover_links_bg":"","ocean_menu_social_links_color":"","ocean_menu_social_hover_links_color":"","ocean_disable_title":"default","ocean_disable_heading":"default","ocean_post_title":"","ocean_post_subheading":"","ocean_post_title_style":"","ocean_post_title_background_color":"","ocean_post_title_background":0,"ocean_post_title_bg_image_position":"","ocean_post_title_bg_image_attachment":"","ocean_post_title_bg_image_repeat":"","ocean_post_title_bg_image_size":"","ocean_post_title_height":0,"ocean_post_title_bg_overlay":0.5,"ocean_post_title_bg_overlay_color":"","ocean_disable_breadcrumbs":"default","ocean_breadcrumbs_color":"","ocean_breadcrumbs_separator_color":"","ocean_breadcrumbs_links_color":"","ocean_breadcrumbs_links_hover_color":"","ocean_display_footer_widgets":"default","ocean_display_footer_bottom":"default","ocean_custom_footer_template":"","ocean_post_oembed":"","ocean_post_self_hosted_media":"","ocean_post_video_embed":"","ocean_link_format":"","ocean_link_format_target":"self","ocean_quote_format":"","ocean_quote_format_link":"post","ocean_gallery_link_images":"on","ocean_gallery_id":[],"footnotes":""},"categories":[28,30,20],"tags":[],"post_folder":[],"class_list":["post-2889","post","type-post","status-publish","format-standard","hentry","category-actions-regionales","category-elections","category-le-mans","entry"],"yoast_head":"<!-- This site is optimized with the Yoast SEO plugin v27.4 - https:\/\/yoast.com\/product\/yoast-seo-wordpress\/ -->\n<title>Au Mans, l&#039;Intersyndicale SNETAP-FSU \/ CGT\/ SUD lance sa campagne \u00e9lectorale en Pays de la Loire ! - PAYS DE LA LOIRE<\/title>\n<meta name=\"robots\" content=\"index, follow, max-snippet:-1, max-image-preview:large, max-video-preview:-1\" \/>\n<link rel=\"canonical\" href=\"https:\/\/regions-snetap-fsu.fr\/pdl\/2018\/09\/21\/au-mans-lintersyndicale-snetap-cgt-sud-lance-sa-campagne-electorale-en-pays-de-la-loire\/\" \/>\n<meta property=\"og:locale\" content=\"fr_FR\" \/>\n<meta property=\"og:type\" content=\"article\" \/>\n<meta property=\"og:title\" content=\"Au Mans, l&#039;Intersyndicale SNETAP-FSU \/ CGT\/ SUD lance sa campagne \u00e9lectorale en Pays de la Loire ! - PAYS DE LA LOIRE\" \/>\n<meta property=\"og:description\" content=\"Aujourd&rsquo;hui, c&rsquo;\u00e9tait le lancement de la campagne r\u00e9gionale pour la liste d&rsquo;union SNETAP-FSU \/ CGT \/ SUD pour les \u00e9lections professionnelles dans l&rsquo;enseignement agricole public des Pays de la Loire au LEGTA du Mans (72). Des candidats au CTREA (comit\u00e9 technique r\u00e9gional de l&rsquo;enseignement agricole) ont \u00e9chang\u00e9 avec une petite dizaine d&rsquo;agents de l&rsquo;\u00e9tablissement. Apr\u00e8s [&hellip;]\" \/>\n<meta property=\"og:url\" content=\"https:\/\/regions-snetap-fsu.fr\/pdl\/2018\/09\/21\/au-mans-lintersyndicale-snetap-cgt-sud-lance-sa-campagne-electorale-en-pays-de-la-loire\/\" \/>\n<meta property=\"og:site_name\" content=\"PAYS DE LA LOIRE\" \/>\n<meta property=\"article:published_time\" content=\"2018-09-20T23:19:22+00:00\" \/>\n<meta property=\"article:modified_time\" content=\"2018-10-13T21:43:06+00:00\" \/>\n<meta property=\"og:image\" content=\"https:\/\/regions-snetap-fsu.fr\/pdl\/wp-content\/uploads\/sites\/4\/2018\/09\/2018-09-20-11.20.18-300x169.jpg\" \/>\n<meta name=\"author\" content=\"yvigner\" \/>\n<meta name=\"twitter:card\" content=\"summary_large_image\" \/>\n<meta name=\"twitter:label1\" content=\"\u00c9crit par\" \/>\n\t<meta name=\"twitter:data1\" content=\"yvigner\" \/>\n\t<meta name=\"twitter:label2\" content=\"Dur\u00e9e de lecture estim\u00e9e\" \/>\n\t<meta name=\"twitter:data2\" content=\"1 minute\" \/>\n<script type=\"application\/ld+json\" class=\"yoast-schema-graph\">{\"@context\":\"https:\\\/\\\/schema.org\",\"@graph\":[{\"@type\":\"Article\",\"@id\":\"https:\\\/\\\/regions-snetap-fsu.fr\\\/pdl\\\/2018\\\/09\\\/21\\\/au-mans-lintersyndicale-snetap-cgt-sud-lance-sa-campagne-electorale-en-pays-de-la-loire\\\/#article\",\"isPartOf\":{\"@id\":\"https:\\\/\\\/regions-snetap-fsu.fr\\\/pdl\\\/2018\\\/09\\\/21\\\/au-mans-lintersyndicale-snetap-cgt-sud-lance-sa-campagne-electorale-en-pays-de-la-loire\\\/\"},\"author\":{\"name\":\"yvigner\",\"@id\":\"https:\\\/\\\/regions-snetap-fsu.fr\\\/pdl\\\/#\\\/schema\\\/person\\\/d4530af043f9e8d27bdd71c468ec93b1\"},\"headline\":\"Au Mans, l&rsquo;Intersyndicale SNETAP-FSU \\\/ CGT\\\/ SUD lance sa campagne \u00e9lectorale en Pays de la Loire !\",\"datePublished\":\"2018-09-20T23:19:22+00:00\",\"dateModified\":\"2018-10-13T21:43:06+00:00\",\"mainEntityOfPage\":{\"@id\":\"https:\\\/\\\/regions-snetap-fsu.fr\\\/pdl\\\/2018\\\/09\\\/21\\\/au-mans-lintersyndicale-snetap-cgt-sud-lance-sa-campagne-electorale-en-pays-de-la-loire\\\/\"},\"wordCount\":159,\"publisher\":{\"@id\":\"https:\\\/\\\/regions-snetap-fsu.fr\\\/pdl\\\/#organization\"},\"image\":{\"@id\":\"https:\\\/\\\/regions-snetap-fsu.fr\\\/pdl\\\/2018\\\/09\\\/21\\\/au-mans-lintersyndicale-snetap-cgt-sud-lance-sa-campagne-electorale-en-pays-de-la-loire\\\/#primaryimage\"},\"thumbnailUrl\":\"https:\\\/\\\/regions-snetap-fsu.fr\\\/pdl\\\/wp-content\\\/uploads\\\/sites\\\/4\\\/2018\\\/09\\\/2018-09-20-11.20.18-300x169.jpg\",\"articleSection\":[\"Actions r\u00e9gionales\",\"Elections\",\"Le Mans\"],\"inLanguage\":\"fr-FR\"},{\"@type\":\"WebPage\",\"@id\":\"https:\\\/\\\/regions-snetap-fsu.fr\\\/pdl\\\/2018\\\/09\\\/21\\\/au-mans-lintersyndicale-snetap-cgt-sud-lance-sa-campagne-electorale-en-pays-de-la-loire\\\/\",\"url\":\"https:\\\/\\\/regions-snetap-fsu.fr\\\/pdl\\\/2018\\\/09\\\/21\\\/au-mans-lintersyndicale-snetap-cgt-sud-lance-sa-campagne-electorale-en-pays-de-la-loire\\\/\",\"name\":\"Au Mans, l'Intersyndicale SNETAP-FSU \\\/ CGT\\\/ SUD lance sa campagne \u00e9lectorale en Pays de la Loire ! - PAYS DE LA LOIRE\",\"isPartOf\":{\"@id\":\"https:\\\/\\\/regions-snetap-fsu.fr\\\/pdl\\\/#website\"},\"primaryImageOfPage\":{\"@id\":\"https:\\\/\\\/regions-snetap-fsu.fr\\\/pdl\\\/2018\\\/09\\\/21\\\/au-mans-lintersyndicale-snetap-cgt-sud-lance-sa-campagne-electorale-en-pays-de-la-loire\\\/#primaryimage\"},\"image\":{\"@id\":\"https:\\\/\\\/regions-snetap-fsu.fr\\\/pdl\\\/2018\\\/09\\\/21\\\/au-mans-lintersyndicale-snetap-cgt-sud-lance-sa-campagne-electorale-en-pays-de-la-loire\\\/#primaryimage\"},\"thumbnailUrl\":\"https:\\\/\\\/regions-snetap-fsu.fr\\\/pdl\\\/wp-content\\\/uploads\\\/sites\\\/4\\\/2018\\\/09\\\/2018-09-20-11.20.18-300x169.jpg\",\"datePublished\":\"2018-09-20T23:19:22+00:00\",\"dateModified\":\"2018-10-13T21:43:06+00:00\",\"breadcrumb\":{\"@id\":\"https:\\\/\\\/regions-snetap-fsu.fr\\\/pdl\\\/2018\\\/09\\\/21\\\/au-mans-lintersyndicale-snetap-cgt-sud-lance-sa-campagne-electorale-en-pays-de-la-loire\\\/#breadcrumb\"},\"inLanguage\":\"fr-FR\",\"potentialAction\":[{\"@type\":\"ReadAction\",\"target\":[\"https:\\\/\\\/regions-snetap-fsu.fr\\\/pdl\\\/2018\\\/09\\\/21\\\/au-mans-lintersyndicale-snetap-cgt-sud-lance-sa-campagne-electorale-en-pays-de-la-loire\\\/\"]}]},{\"@type\":\"ImageObject\",\"inLanguage\":\"fr-FR\",\"@id\":\"https:\\\/\\\/regions-snetap-fsu.fr\\\/pdl\\\/2018\\\/09\\\/21\\\/au-mans-lintersyndicale-snetap-cgt-sud-lance-sa-campagne-electorale-en-pays-de-la-loire\\\/#primaryimage\",\"url\":\"https:\\\/\\\/regions-snetap-fsu.fr\\\/pdl\\\/wp-content\\\/uploads\\\/sites\\\/4\\\/2018\\\/09\\\/2018-09-20-11.20.18.jpg\",\"contentUrl\":\"https:\\\/\\\/regions-snetap-fsu.fr\\\/pdl\\\/wp-content\\\/uploads\\\/sites\\\/4\\\/2018\\\/09\\\/2018-09-20-11.20.18.jpg\",\"width\":2560,\"height\":1440},{\"@type\":\"BreadcrumbList\",\"@id\":\"https:\\\/\\\/regions-snetap-fsu.fr\\\/pdl\\\/2018\\\/09\\\/21\\\/au-mans-lintersyndicale-snetap-cgt-sud-lance-sa-campagne-electorale-en-pays-de-la-loire\\\/#breadcrumb\",\"itemListElement\":[{\"@type\":\"ListItem\",\"position\":1,\"name\":\"Accueil\",\"item\":\"https:\\\/\\\/regions-snetap-fsu.fr\\\/pdl\\\/\"},{\"@type\":\"ListItem\",\"position\":2,\"name\":\"Au Mans, l&rsquo;Intersyndicale SNETAP-FSU \\\/ CGT\\\/ SUD lance sa campagne \u00e9lectorale en Pays de la Loire !\"}]},{\"@type\":\"WebSite\",\"@id\":\"https:\\\/\\\/regions-snetap-fsu.fr\\\/pdl\\\/#website\",\"url\":\"https:\\\/\\\/regions-snetap-fsu.fr\\\/pdl\\\/\",\"name\":\"SNETAP-FSU PAYS DE LA LOIRE\",\"description\":\"SECTION REGIONALE\",\"publisher\":{\"@id\":\"https:\\\/\\\/regions-snetap-fsu.fr\\\/pdl\\\/#organization\"},\"potentialAction\":[{\"@type\":\"SearchAction\",\"target\":{\"@type\":\"EntryPoint\",\"urlTemplate\":\"https:\\\/\\\/regions-snetap-fsu.fr\\\/pdl\\\/?s={search_term_string}\"},\"query-input\":{\"@type\":\"PropertyValueSpecification\",\"valueRequired\":true,\"valueName\":\"search_term_string\"}}],\"inLanguage\":\"fr-FR\"},{\"@type\":\"Organization\",\"@id\":\"https:\\\/\\\/regions-snetap-fsu.fr\\\/pdl\\\/#organization\",\"name\":\"SNETAP-FSU Pays de Loire\",\"url\":\"https:\\\/\\\/regions-snetap-fsu.fr\\\/pdl\\\/\",\"logo\":{\"@type\":\"ImageObject\",\"inLanguage\":\"fr-FR\",\"@id\":\"https:\\\/\\\/regions-snetap-fsu.fr\\\/pdl\\\/#\\\/schema\\\/logo\\\/image\\\/\",\"url\":\"https:\\\/\\\/regions-snetap-fsu.fr\\\/pdl\\\/wp-content\\\/uploads\\\/sites\\\/4\\\/2020\\\/12\\\/SNETAP-Logo.jpg\",\"contentUrl\":\"https:\\\/\\\/regions-snetap-fsu.fr\\\/pdl\\\/wp-content\\\/uploads\\\/sites\\\/4\\\/2020\\\/12\\\/SNETAP-Logo.jpg\",\"width\":464,\"height\":334,\"caption\":\"SNETAP-FSU Pays de Loire\"},\"image\":{\"@id\":\"https:\\\/\\\/regions-snetap-fsu.fr\\\/pdl\\\/#\\\/schema\\\/logo\\\/image\\\/\"}},{\"@type\":\"Person\",\"@id\":\"https:\\\/\\\/regions-snetap-fsu.fr\\\/pdl\\\/#\\\/schema\\\/person\\\/d4530af043f9e8d27bdd71c468ec93b1\",\"name\":\"yvigner\",\"image\":{\"@type\":\"ImageObject\",\"inLanguage\":\"fr-FR\",\"@id\":\"https:\\\/\\\/secure.gravatar.com\\\/avatar\\\/bc72baa6f2406549aecf77a837bc4f03dbe88472c1762138f868571430a23820?s=96&d=mm&r=g\",\"url\":\"https:\\\/\\\/secure.gravatar.com\\\/avatar\\\/bc72baa6f2406549aecf77a837bc4f03dbe88472c1762138f868571430a23820?s=96&d=mm&r=g\",\"contentUrl\":\"https:\\\/\\\/secure.gravatar.com\\\/avatar\\\/bc72baa6f2406549aecf77a837bc4f03dbe88472c1762138f868571430a23820?s=96&d=mm&r=g\",\"caption\":\"yvigner\"},\"url\":\"https:\\\/\\\/regions-snetap-fsu.fr\\\/pdl\\\/author\\\/yvigner\\\/\"}]}<\/script>\n<!-- \/ Yoast SEO plugin. -->","yoast_head_json":{"title":"Au Mans, l'Intersyndicale SNETAP-FSU \/ CGT\/ SUD lance sa campagne \u00e9lectorale en Pays de la Loire ! - PAYS DE LA LOIRE","robots":{"index":"index","follow":"follow","max-snippet":"max-snippet:-1","max-image-preview":"max-image-preview:large","max-video-preview":"max-video-preview:-1"},"canonical":"https:\/\/regions-snetap-fsu.fr\/pdl\/2018\/09\/21\/au-mans-lintersyndicale-snetap-cgt-sud-lance-sa-campagne-electorale-en-pays-de-la-loire\/","og_locale":"fr_FR","og_type":"article","og_title":"Au Mans, l'Intersyndicale SNETAP-FSU \/ CGT\/ SUD lance sa campagne \u00e9lectorale en Pays de la Loire ! - PAYS DE LA LOIRE","og_description":"Aujourd&rsquo;hui, c&rsquo;\u00e9tait le lancement de la campagne r\u00e9gionale pour la liste d&rsquo;union SNETAP-FSU \/ CGT \/ SUD pour les \u00e9lections professionnelles dans l&rsquo;enseignement agricole public des Pays de la Loire au LEGTA du Mans (72). Des candidats au CTREA (comit\u00e9 technique r\u00e9gional de l&rsquo;enseignement agricole) ont \u00e9chang\u00e9 avec une petite dizaine d&rsquo;agents de l&rsquo;\u00e9tablissement. Apr\u00e8s [&hellip;]","og_url":"https:\/\/regions-snetap-fsu.fr\/pdl\/2018\/09\/21\/au-mans-lintersyndicale-snetap-cgt-sud-lance-sa-campagne-electorale-en-pays-de-la-loire\/","og_site_name":"PAYS DE LA LOIRE","article_published_time":"2018-09-20T23:19:22+00:00","article_modified_time":"2018-10-13T21:43:06+00:00","og_image":[{"url":"https:\/\/regions-snetap-fsu.fr\/pdl\/wp-content\/uploads\/sites\/4\/2018\/09\/2018-09-20-11.20.18-300x169.jpg","type":"","width":"","height":""}],"author":"yvigner","twitter_card":"summary_large_image","twitter_misc":{"\u00c9crit par":"yvigner","Dur\u00e9e de lecture estim\u00e9e":"1 minute"},"schema":{"@context":"https:\/\/schema.org","@graph":[{"@type":"Article","@id":"https:\/\/regions-snetap-fsu.fr\/pdl\/2018\/09\/21\/au-mans-lintersyndicale-snetap-cgt-sud-lance-sa-campagne-electorale-en-pays-de-la-loire\/#article","isPartOf":{"@id":"https:\/\/regions-snetap-fsu.fr\/pdl\/2018\/09\/21\/au-mans-lintersyndicale-snetap-cgt-sud-lance-sa-campagne-electorale-en-pays-de-la-loire\/"},"author":{"name":"yvigner","@id":"https:\/\/regions-snetap-fsu.fr\/pdl\/#\/schema\/person\/d4530af043f9e8d27bdd71c468ec93b1"},"headline":"Au Mans, l&rsquo;Intersyndicale SNETAP-FSU \/ CGT\/ SUD lance sa campagne \u00e9lectorale en Pays de la Loire !","datePublished":"2018-09-20T23:19:22+00:00","dateModified":"2018-10-13T21:43:06+00:00","mainEntityOfPage":{"@id":"https:\/\/regions-snetap-fsu.fr\/pdl\/2018\/09\/21\/au-mans-lintersyndicale-snetap-cgt-sud-lance-sa-campagne-electorale-en-pays-de-la-loire\/"},"wordCount":159,"publisher":{"@id":"https:\/\/regions-snetap-fsu.fr\/pdl\/#organization"},"image":{"@id":"https:\/\/regions-snetap-fsu.fr\/pdl\/2018\/09\/21\/au-mans-lintersyndicale-snetap-cgt-sud-lance-sa-campagne-electorale-en-pays-de-la-loire\/#primaryimage"},"thumbnailUrl":"https:\/\/regions-snetap-fsu.fr\/pdl\/wp-content\/uploads\/sites\/4\/2018\/09\/2018-09-20-11.20.18-300x169.jpg","articleSection":["Actions r\u00e9gionales","Elections","Le Mans"],"inLanguage":"fr-FR"},{"@type":"WebPage","@id":"https:\/\/regions-snetap-fsu.fr\/pdl\/2018\/09\/21\/au-mans-lintersyndicale-snetap-cgt-sud-lance-sa-campagne-electorale-en-pays-de-la-loire\/","url":"https:\/\/regions-snetap-fsu.fr\/pdl\/2018\/09\/21\/au-mans-lintersyndicale-snetap-cgt-sud-lance-sa-campagne-electorale-en-pays-de-la-loire\/","name":"Au Mans, l'Intersyndicale SNETAP-FSU \/ CGT\/ SUD lance sa campagne \u00e9lectorale en Pays de la Loire ! - PAYS DE LA LOIRE","isPartOf":{"@id":"https:\/\/regions-snetap-fsu.fr\/pdl\/#website"},"primaryImageOfPage":{"@id":"https:\/\/regions-snetap-fsu.fr\/pdl\/2018\/09\/21\/au-mans-lintersyndicale-snetap-cgt-sud-lance-sa-campagne-electorale-en-pays-de-la-loire\/#primaryimage"},"image":{"@id":"https:\/\/regions-snetap-fsu.fr\/pdl\/2018\/09\/21\/au-mans-lintersyndicale-snetap-cgt-sud-lance-sa-campagne-electorale-en-pays-de-la-loire\/#primaryimage"},"thumbnailUrl":"https:\/\/regions-snetap-fsu.fr\/pdl\/wp-content\/uploads\/sites\/4\/2018\/09\/2018-09-20-11.20.18-300x169.jpg","datePublished":"2018-09-20T23:19:22+00:00","dateModified":"2018-10-13T21:43:06+00:00","breadcrumb":{"@id":"https:\/\/regions-snetap-fsu.fr\/pdl\/2018\/09\/21\/au-mans-lintersyndicale-snetap-cgt-sud-lance-sa-campagne-electorale-en-pays-de-la-loire\/#breadcrumb"},"inLanguage":"fr-FR","potentialAction":[{"@type":"ReadAction","target":["https:\/\/regions-snetap-fsu.fr\/pdl\/2018\/09\/21\/au-mans-lintersyndicale-snetap-cgt-sud-lance-sa-campagne-electorale-en-pays-de-la-loire\/"]}]},{"@type":"ImageObject","inLanguage":"fr-FR","@id":"https:\/\/regions-snetap-fsu.fr\/pdl\/2018\/09\/21\/au-mans-lintersyndicale-snetap-cgt-sud-lance-sa-campagne-electorale-en-pays-de-la-loire\/#primaryimage","url":"https:\/\/regions-snetap-fsu.fr\/pdl\/wp-content\/uploads\/sites\/4\/2018\/09\/2018-09-20-11.20.18.jpg","contentUrl":"https:\/\/regions-snetap-fsu.fr\/pdl\/wp-content\/uploads\/sites\/4\/2018\/09\/2018-09-20-11.20.18.jpg","width":2560,"height":1440},{"@type":"BreadcrumbList","@id":"https:\/\/regions-snetap-fsu.fr\/pdl\/2018\/09\/21\/au-mans-lintersyndicale-snetap-cgt-sud-lance-sa-campagne-electorale-en-pays-de-la-loire\/#breadcrumb","itemListElement":[{"@type":"ListItem","position":1,"name":"Accueil","item":"https:\/\/regions-snetap-fsu.fr\/pdl\/"},{"@type":"ListItem","position":2,"name":"Au Mans, l&rsquo;Intersyndicale SNETAP-FSU \/ CGT\/ SUD lance sa campagne \u00e9lectorale en Pays de la Loire !"}]},{"@type":"WebSite","@id":"https:\/\/regions-snetap-fsu.fr\/pdl\/#website","url":"https:\/\/regions-snetap-fsu.fr\/pdl\/","name":"SNETAP-FSU PAYS DE LA LOIRE","description":"SECTION REGIONALE","publisher":{"@id":"https:\/\/regions-snetap-fsu.fr\/pdl\/#organization"},"potentialAction":[{"@type":"SearchAction","target":{"@type":"EntryPoint","urlTemplate":"https:\/\/regions-snetap-fsu.fr\/pdl\/?s={search_term_string}"},"query-input":{"@type":"PropertyValueSpecification","valueRequired":true,"valueName":"search_term_string"}}],"inLanguage":"fr-FR"},{"@type":"Organization","@id":"https:\/\/regions-snetap-fsu.fr\/pdl\/#organization","name":"SNETAP-FSU Pays de Loire","url":"https:\/\/regions-snetap-fsu.fr\/pdl\/","logo":{"@type":"ImageObject","inLanguage":"fr-FR","@id":"https:\/\/regions-snetap-fsu.fr\/pdl\/#\/schema\/logo\/image\/","url":"https:\/\/regions-snetap-fsu.fr\/pdl\/wp-content\/uploads\/sites\/4\/2020\/12\/SNETAP-Logo.jpg","contentUrl":"https:\/\/regions-snetap-fsu.fr\/pdl\/wp-content\/uploads\/sites\/4\/2020\/12\/SNETAP-Logo.jpg","width":464,"height":334,"caption":"SNETAP-FSU Pays de Loire"},"image":{"@id":"https:\/\/regions-snetap-fsu.fr\/pdl\/#\/schema\/logo\/image\/"}},{"@type":"Person","@id":"https:\/\/regions-snetap-fsu.fr\/pdl\/#\/schema\/person\/d4530af043f9e8d27bdd71c468ec93b1","name":"yvigner","image":{"@type":"ImageObject","inLanguage":"fr-FR","@id":"https:\/\/secure.gravatar.com\/avatar\/bc72baa6f2406549aecf77a837bc4f03dbe88472c1762138f868571430a23820?s=96&d=mm&r=g","url":"https:\/\/secure.gravatar.com\/avatar\/bc72baa6f2406549aecf77a837bc4f03dbe88472c1762138f868571430a23820?s=96&d=mm&r=g","contentUrl":"https:\/\/secure.gravatar.com\/avatar\/bc72baa6f2406549aecf77a837bc4f03dbe88472c1762138f868571430a23820?s=96&d=mm&r=g","caption":"yvigner"},"url":"https:\/\/regions-snetap-fsu.fr\/pdl\/author\/yvigner\/"}]}},"_links":{"self":[{"href":"https:\/\/regions-snetap-fsu.fr\/pdl\/wp-json\/wp\/v2\/posts\/2889","targetHints":{"allow":["GET"]}}],"collection":[{"href":"https:\/\/regions-snetap-fsu.fr\/pdl\/wp-json\/wp\/v2\/posts"}],"about":[{"href":"https:\/\/regions-snetap-fsu.fr\/pdl\/wp-json\/wp\/v2\/types\/post"}],"author":[{"embeddable":true,"href":"https:\/\/regions-snetap-fsu.fr\/pdl\/wp-json\/wp\/v2\/users\/2"}],"replies":[{"embeddable":true,"href":"https:\/\/regions-snetap-fsu.fr\/pdl\/wp-json\/wp\/v2\/comments?post=2889"}],"version-history":[{"count":5,"href":"https:\/\/regions-snetap-fsu.fr\/pdl\/wp-json\/wp\/v2\/posts\/2889\/revisions"}],"predecessor-version":[{"id":2904,"href":"https:\/\/regions-snetap-fsu.fr\/pdl\/wp-json\/wp\/v2\/posts\/2889\/revisions\/2904"}],"wp:attachment":[{"href":"https:\/\/regions-snetap-fsu.fr\/pdl\/wp-json\/wp\/v2\/media?parent=2889"}],"wp:term":[{"taxonomy":"category","embeddable":true,"href":"https:\/\/regions-snetap-fsu.fr\/pdl\/wp-json\/wp\/v2\/categories?post=2889"},{"taxonomy":"post_tag","embeddable":true,"href":"https:\/\/regions-snetap-fsu.fr\/pdl\/wp-json\/wp\/v2\/tags?post=2889"},{"taxonomy":"post_folder","embeddable":true,"href":"https:\/\/regions-snetap-fsu.fr\/pdl\/wp-json\/wp\/v2\/post_folder?post=2889"}],"curies":[{"name":"wp","href":"https:\/\/api.w.org\/{rel}","templated":true}]}}