{"id":2799,"date":"2018-09-13T00:49:31","date_gmt":"2018-09-12T22:49:31","guid":{"rendered":"https:\/\/regions-snetap-fsu.fr\/pdl\/?p=2799"},"modified":"2018-10-13T23:43:06","modified_gmt":"2018-10-13T21:43:06","slug":"le-bilan-de-vos-elus-bulletin-lenseignement-agricole-des-pays-de-la-loire-n30","status":"publish","type":"post","link":"https:\/\/regions-snetap-fsu.fr\/pdl\/2018\/09\/13\/le-bilan-de-vos-elus-bulletin-lenseignement-agricole-des-pays-de-la-loire-n30\/","title":{"rendered":"Le bilan de vos \u00e9lus. Bulletin L&rsquo;Enseignement Agricole des Pays de la Loire n\u00b030 (septembre 2018)"},"content":{"rendered":"<p>&nbsp;<\/p>\n<p><img fetchpriority=\"high\" decoding=\"async\" class=\"alignnone wp-image-2807\" src=\"https:\/\/regions-snetap-fsu.fr\/pdl\/wp-content\/uploads\/sites\/4\/2018\/09\/1-300x61.png\" alt=\"\" width=\"526\" height=\"107\" srcset=\"https:\/\/regions-snetap-fsu.fr\/pdl\/wp-content\/uploads\/sites\/4\/2018\/09\/1-300x61.png 300w, https:\/\/regions-snetap-fsu.fr\/pdl\/wp-content\/uploads\/sites\/4\/2018\/09\/1-768x157.png 768w, https:\/\/regions-snetap-fsu.fr\/pdl\/wp-content\/uploads\/sites\/4\/2018\/09\/1-1024x210.png 1024w, https:\/\/regions-snetap-fsu.fr\/pdl\/wp-content\/uploads\/sites\/4\/2018\/09\/1-100x20.png 100w, https:\/\/regions-snetap-fsu.fr\/pdl\/wp-content\/uploads\/sites\/4\/2018\/09\/1-150x31.png 150w, https:\/\/regions-snetap-fsu.fr\/pdl\/wp-content\/uploads\/sites\/4\/2018\/09\/1-200x41.png 200w, https:\/\/regions-snetap-fsu.fr\/pdl\/wp-content\/uploads\/sites\/4\/2018\/09\/1-450x92.png 450w, https:\/\/regions-snetap-fsu.fr\/pdl\/wp-content\/uploads\/sites\/4\/2018\/09\/1-600x123.png 600w, https:\/\/regions-snetap-fsu.fr\/pdl\/wp-content\/uploads\/sites\/4\/2018\/09\/1-900x184.png 900w\" sizes=\"(max-width: 526px) 100vw, 526px\" \/><\/p>\n<p class=\"western\"><span style=\"font-family: Arial, sans-serif;\"><span style=\"font-size: large;\"><u><b>\u00c9ditorial <\/b><\/u><\/span><\/span><\/p>\n<h2 align=\"center\"><span style=\"font-family: Arial, sans-serif;\"><span style=\"font-size: large;\"><b>Se rassembler pour mobiliser<\/b><\/span><\/span><\/h2>\n<p class=\"western\" style=\"text-align: justify;\" align=\"justify\"><span style=\"font-family: Arial, sans-serif;\"><span style=\"font-size: small;\">Les \u00e9lections \u00e0 venir, dans les trois versants de la Fonction Publique le 6 D\u00e9cembre, sont l&rsquo;affaire de tous et vont contribuer, entre autres, \u00e0 la repr\u00e9sentativit\u00e9 de nos organisations syndicales.\u00a0<\/span><\/span><span style=\"font-family: Arial, sans-serif;\"><span style=\"font-size: small;\">Ces derni\u00e8res ann\u00e9es, nos organisations ont \u00e9t\u00e9 le(s) moteur(s) de nombreuses mobilisations interprofessionnelles et de luttes pour gagner en progr\u00e8s social dans les divers secteurs de la vie professionnelle. <b>Vous trouverez dans ce bulletin quelques \u00e9l\u00e9ments de bilan de l\u2019activit\u00e9 des \u00e9lus des listes SNETAP-CGT AGRI <\/b><b>dans la r\u00e9gion Pays de la Loire.\u00a0<\/b><\/span><\/span><!--more--><span style=\"font-family: Arial, sans-serif;\"><span style=\"font-size: small;\">Nous avons une certitude depuis des ann\u00e9es\u00a0: l&rsquo;\u00e9miettement syndical nuit \u00e0 la pertinence et la coh\u00e9rence de l&rsquo;outil syndical, renforce l&rsquo;administration qui se joue de la division syndicale et la conforte dans ses prises de d\u00e9cisions contre le monde salari\u00e9.\u00a0<\/span><\/span><span style=\"font-family: Arial, sans-serif;\"><span style=\"font-size: small;\">Dans la r\u00e9gion des Pays de la Loire, dans la continuit\u00e9 du travail effectu\u00e9 dans les diff\u00e9rentes instances lors du mandat qui s&rsquo;ach\u00e8ve, nous avons fait le choix de se pr\u00e9senter ensemble, CGT Agri, SNETAP-FSU et SUD rural-Territoires, d&rsquo;\u00eatre sur une logique de liste intersyndicale pour encore plus peser dans nos \u00e9tablissements et dans les instances r\u00e9gionales, pour construire et faire aboutir nos revendications, d\u00e9fendre les int\u00e9r\u00eats tant collectifs qu&rsquo;individuels des coll\u00e8gues, de la communaut\u00e9 de travail.\u00a0<\/span><\/span><span style=\"font-family: Arial, sans-serif;\"><span style=\"font-size: small;\">Nous sommes forts d&rsquo;un potentiel militant qui continuera \u00e0 se mettre en ordre de marche pour porter nos id\u00e9es de rassemblement d&rsquo;un mouvement syndical de luttes et de transformation sociale.\u00a0<\/span><\/span><\/p>\n<p class=\"western\" style=\"text-align: justify;\" align=\"justify\"><span style=\"font-family: Arial, sans-serif;\"><span style=\"font-size: small;\">Nous nous devons, pour demain d&rsquo;\u00eatre ensemble, autour des valeurs collectives de progr\u00e8s social et de solidarit\u00e9. <\/span><\/span><\/p>\n<p class=\"western\" align=\"right\"><span style=\"font-family: Arial, sans-serif;\"><span style=\"font-size: small;\"><b>T.JACOB,\u00a0<\/b><\/span><\/span><span style=\"font-family: Arial, sans-serif;\"><span style=\"font-size: small;\"><b>Secr\u00e9taire r\u00e9gional CGT-AGR<\/b><\/span><\/span><\/p>\n<p align=\"right\">\n\t\t<div class=\"wppdfemb-frame-container-1\" style=\"-webkit-overflow-scrolling:auto;\">\n\t\t\t<iframe class=\"pdfembed-iframe nonfullscreen wppdf-emb-iframe-1\"\n\t\t\t\tsrc=\"https:\/\/regions-snetap-fsu.fr\/pdl\/?pdfemb-data=eyJ1cmwiOiJodHRwczpcL1wvcmVnaW9ucy1zbmV0YXAtZnN1LmZyXC9wZGxcL3dwLWNvbnRlbnRcL3VwbG9hZHNcL3NpdGVzXC80XC8yMDE4XC8wOVwvQnVsbGV0aW4tUERMLXNlcHQtMjAxOC0xLnBkZiIsInRpdGxlIjoiQnVsbGV0aW4gUERMIHNlcHQgMjAxOCIsImluZGV4IjoxLCJwZGZJRCI6MjgwM30\"\n\t\t\t\ttitle=\"Bulletin PDL sept 2018\"\t\t\t\tdata-pdf-id=\"2803\"\n\t\t\t\tdata-pdf-index=\"1\"\n\t\t\t\tstyle=\"border:none;width:100%;max-width:100%;height:100vh;\"\n\t\t\t\tscrolling=\"yes\">\n\t\t\t<\/iframe>\n\t\t<\/div>\n\n\t\t<\/p>\n","protected":false},"excerpt":{"rendered":"<p>&nbsp; \u00c9ditorial Se rassembler pour mobiliser Les \u00e9lections \u00e0 venir, dans les trois versants de la Fonction Publique le 6 D\u00e9cembre, sont l&rsquo;affaire de tous et vont contribuer, entre autres, \u00e0 la repr\u00e9sentativit\u00e9 de nos organisations syndicales.\u00a0Ces derni\u00e8res ann\u00e9es, nos organisations ont \u00e9t\u00e9 le(s) moteur(s) de nombreuses mobilisations interprofessionnelles et de luttes pour gagner en [&hellip;]<\/p>\n","protected":false},"author":2,"featured_media":0,"comment_status":"closed","ping_status":"closed","sticky":false,"template":"","format":"standard","meta":{"ocean_post_layout":"","ocean_both_sidebars_style":"","ocean_both_sidebars_content_width":0,"ocean_both_sidebars_sidebars_width":0,"ocean_sidebar":"","ocean_second_sidebar":"","ocean_disable_margins":"enable","ocean_add_body_class":"","ocean_shortcode_before_top_bar":"","ocean_shortcode_after_top_bar":"","ocean_shortcode_before_header":"","ocean_shortcode_after_header":"","ocean_has_shortcode":"","ocean_shortcode_after_title":"","ocean_shortcode_before_footer_widgets":"","ocean_shortcode_after_footer_widgets":"","ocean_shortcode_before_footer_bottom":"","ocean_shortcode_after_footer_bottom":"","ocean_display_top_bar":"default","ocean_display_header":"default","ocean_header_style":"","ocean_center_header_left_menu":"","ocean_custom_header_template":"","ocean_custom_logo":0,"ocean_custom_retina_logo":0,"ocean_custom_logo_max_width":0,"ocean_custom_logo_tablet_max_width":0,"ocean_custom_logo_mobile_max_width":0,"ocean_custom_logo_max_height":0,"ocean_custom_logo_tablet_max_height":0,"ocean_custom_logo_mobile_max_height":0,"ocean_header_custom_menu":"","ocean_menu_typo_font_family":"","ocean_menu_typo_font_subset":"","ocean_menu_typo_font_size":0,"ocean_menu_typo_font_size_tablet":0,"ocean_menu_typo_font_size_mobile":0,"ocean_menu_typo_font_size_unit":"px","ocean_menu_typo_font_weight":"","ocean_menu_typo_font_weight_tablet":"","ocean_menu_typo_font_weight_mobile":"","ocean_menu_typo_transform":"","ocean_menu_typo_transform_tablet":"","ocean_menu_typo_transform_mobile":"","ocean_menu_typo_line_height":0,"ocean_menu_typo_line_height_tablet":0,"ocean_menu_typo_line_height_mobile":0,"ocean_menu_typo_line_height_unit":"","ocean_menu_typo_spacing":0,"ocean_menu_typo_spacing_tablet":0,"ocean_menu_typo_spacing_mobile":0,"ocean_menu_typo_spacing_unit":"","ocean_menu_link_color":"","ocean_menu_link_color_hover":"","ocean_menu_link_color_active":"","ocean_menu_link_background":"","ocean_menu_link_hover_background":"","ocean_menu_link_active_background":"","ocean_menu_social_links_bg":"","ocean_menu_social_hover_links_bg":"","ocean_menu_social_links_color":"","ocean_menu_social_hover_links_color":"","ocean_disable_title":"default","ocean_disable_heading":"default","ocean_post_title":"","ocean_post_subheading":"","ocean_post_title_style":"","ocean_post_title_background_color":"","ocean_post_title_background":0,"ocean_post_title_bg_image_position":"","ocean_post_title_bg_image_attachment":"","ocean_post_title_bg_image_repeat":"","ocean_post_title_bg_image_size":"","ocean_post_title_height":0,"ocean_post_title_bg_overlay":0.5,"ocean_post_title_bg_overlay_color":"","ocean_disable_breadcrumbs":"default","ocean_breadcrumbs_color":"","ocean_breadcrumbs_separator_color":"","ocean_breadcrumbs_links_color":"","ocean_breadcrumbs_links_hover_color":"","ocean_display_footer_widgets":"default","ocean_display_footer_bottom":"default","ocean_custom_footer_template":"","ocean_post_oembed":"","ocean_post_self_hosted_media":"","ocean_post_video_embed":"","ocean_link_format":"","ocean_link_format_target":"self","ocean_quote_format":"","ocean_quote_format_link":"post","ocean_gallery_link_images":"on","ocean_gallery_id":[],"footnotes":""},"categories":[5,30],"tags":[],"post_folder":[],"class_list":["post-2799","post","type-post","status-publish","format-standard","hentry","category-bulletin-regional","category-elections","entry"],"yoast_head":"<!-- This site is optimized with the Yoast SEO plugin v27.4 - https:\/\/yoast.com\/product\/yoast-seo-wordpress\/ -->\n<title>Le bilan de vos \u00e9lus. Bulletin L&#039;Enseignement Agricole des Pays de la Loire n\u00b030 (septembre 2018) - PAYS DE LA LOIRE<\/title>\n<meta name=\"robots\" content=\"index, follow, max-snippet:-1, max-image-preview:large, max-video-preview:-1\" \/>\n<link rel=\"canonical\" href=\"https:\/\/regions-snetap-fsu.fr\/pdl\/2018\/09\/13\/le-bilan-de-vos-elus-bulletin-lenseignement-agricole-des-pays-de-la-loire-n30\/\" \/>\n<meta property=\"og:locale\" content=\"fr_FR\" \/>\n<meta property=\"og:type\" content=\"article\" \/>\n<meta property=\"og:title\" content=\"Le bilan de vos \u00e9lus. Bulletin L&#039;Enseignement Agricole des Pays de la Loire n\u00b030 (septembre 2018) - PAYS DE LA LOIRE\" \/>\n<meta property=\"og:description\" content=\"&nbsp; \u00c9ditorial Se rassembler pour mobiliser Les \u00e9lections \u00e0 venir, dans les trois versants de la Fonction Publique le 6 D\u00e9cembre, sont l&rsquo;affaire de tous et vont contribuer, entre autres, \u00e0 la repr\u00e9sentativit\u00e9 de nos organisations syndicales.\u00a0Ces derni\u00e8res ann\u00e9es, nos organisations ont \u00e9t\u00e9 le(s) moteur(s) de nombreuses mobilisations interprofessionnelles et de luttes pour gagner en [&hellip;]\" \/>\n<meta property=\"og:url\" content=\"https:\/\/regions-snetap-fsu.fr\/pdl\/2018\/09\/13\/le-bilan-de-vos-elus-bulletin-lenseignement-agricole-des-pays-de-la-loire-n30\/\" \/>\n<meta property=\"og:site_name\" content=\"PAYS DE LA LOIRE\" \/>\n<meta property=\"article:published_time\" content=\"2018-09-12T22:49:31+00:00\" \/>\n<meta property=\"article:modified_time\" content=\"2018-10-13T21:43:06+00:00\" \/>\n<meta property=\"og:image\" content=\"https:\/\/regions-snetap-fsu.fr\/pdl\/wp-content\/uploads\/sites\/4\/2018\/09\/1-300x61.png\" \/>\n<meta name=\"author\" content=\"yvigner\" \/>\n<meta name=\"twitter:card\" content=\"summary_large_image\" \/>\n<meta name=\"twitter:label1\" content=\"\u00c9crit par\" \/>\n\t<meta name=\"twitter:data1\" content=\"yvigner\" \/>\n\t<meta name=\"twitter:label2\" content=\"Dur\u00e9e de lecture estim\u00e9e\" \/>\n\t<meta name=\"twitter:data2\" content=\"1 minute\" \/>\n<script type=\"application\/ld+json\" class=\"yoast-schema-graph\">{\"@context\":\"https:\\\/\\\/schema.org\",\"@graph\":[{\"@type\":\"Article\",\"@id\":\"https:\\\/\\\/regions-snetap-fsu.fr\\\/pdl\\\/2018\\\/09\\\/13\\\/le-bilan-de-vos-elus-bulletin-lenseignement-agricole-des-pays-de-la-loire-n30\\\/#article\",\"isPartOf\":{\"@id\":\"https:\\\/\\\/regions-snetap-fsu.fr\\\/pdl\\\/2018\\\/09\\\/13\\\/le-bilan-de-vos-elus-bulletin-lenseignement-agricole-des-pays-de-la-loire-n30\\\/\"},\"author\":{\"name\":\"yvigner\",\"@id\":\"https:\\\/\\\/regions-snetap-fsu.fr\\\/pdl\\\/#\\\/schema\\\/person\\\/d4530af043f9e8d27bdd71c468ec93b1\"},\"headline\":\"Le bilan de vos \u00e9lus. Bulletin L&rsquo;Enseignement Agricole des Pays de la Loire n\u00b030 (septembre 2018)\",\"datePublished\":\"2018-09-12T22:49:31+00:00\",\"dateModified\":\"2018-10-13T21:43:06+00:00\",\"mainEntityOfPage\":{\"@id\":\"https:\\\/\\\/regions-snetap-fsu.fr\\\/pdl\\\/2018\\\/09\\\/13\\\/le-bilan-de-vos-elus-bulletin-lenseignement-agricole-des-pays-de-la-loire-n30\\\/\"},\"wordCount\":322,\"publisher\":{\"@id\":\"https:\\\/\\\/regions-snetap-fsu.fr\\\/pdl\\\/#organization\"},\"image\":{\"@id\":\"https:\\\/\\\/regions-snetap-fsu.fr\\\/pdl\\\/2018\\\/09\\\/13\\\/le-bilan-de-vos-elus-bulletin-lenseignement-agricole-des-pays-de-la-loire-n30\\\/#primaryimage\"},\"thumbnailUrl\":\"https:\\\/\\\/regions-snetap-fsu.fr\\\/pdl\\\/wp-content\\\/uploads\\\/sites\\\/4\\\/2018\\\/09\\\/1-300x61.png\",\"articleSection\":[\"Bulletin r\u00e9gional\",\"Elections\"],\"inLanguage\":\"fr-FR\"},{\"@type\":\"WebPage\",\"@id\":\"https:\\\/\\\/regions-snetap-fsu.fr\\\/pdl\\\/2018\\\/09\\\/13\\\/le-bilan-de-vos-elus-bulletin-lenseignement-agricole-des-pays-de-la-loire-n30\\\/\",\"url\":\"https:\\\/\\\/regions-snetap-fsu.fr\\\/pdl\\\/2018\\\/09\\\/13\\\/le-bilan-de-vos-elus-bulletin-lenseignement-agricole-des-pays-de-la-loire-n30\\\/\",\"name\":\"Le bilan de vos \u00e9lus. Bulletin L'Enseignement Agricole des Pays de la Loire n\u00b030 (septembre 2018) - PAYS DE LA LOIRE\",\"isPartOf\":{\"@id\":\"https:\\\/\\\/regions-snetap-fsu.fr\\\/pdl\\\/#website\"},\"primaryImageOfPage\":{\"@id\":\"https:\\\/\\\/regions-snetap-fsu.fr\\\/pdl\\\/2018\\\/09\\\/13\\\/le-bilan-de-vos-elus-bulletin-lenseignement-agricole-des-pays-de-la-loire-n30\\\/#primaryimage\"},\"image\":{\"@id\":\"https:\\\/\\\/regions-snetap-fsu.fr\\\/pdl\\\/2018\\\/09\\\/13\\\/le-bilan-de-vos-elus-bulletin-lenseignement-agricole-des-pays-de-la-loire-n30\\\/#primaryimage\"},\"thumbnailUrl\":\"https:\\\/\\\/regions-snetap-fsu.fr\\\/pdl\\\/wp-content\\\/uploads\\\/sites\\\/4\\\/2018\\\/09\\\/1-300x61.png\",\"datePublished\":\"2018-09-12T22:49:31+00:00\",\"dateModified\":\"2018-10-13T21:43:06+00:00\",\"breadcrumb\":{\"@id\":\"https:\\\/\\\/regions-snetap-fsu.fr\\\/pdl\\\/2018\\\/09\\\/13\\\/le-bilan-de-vos-elus-bulletin-lenseignement-agricole-des-pays-de-la-loire-n30\\\/#breadcrumb\"},\"inLanguage\":\"fr-FR\",\"potentialAction\":[{\"@type\":\"ReadAction\",\"target\":[\"https:\\\/\\\/regions-snetap-fsu.fr\\\/pdl\\\/2018\\\/09\\\/13\\\/le-bilan-de-vos-elus-bulletin-lenseignement-agricole-des-pays-de-la-loire-n30\\\/\"]}]},{\"@type\":\"ImageObject\",\"inLanguage\":\"fr-FR\",\"@id\":\"https:\\\/\\\/regions-snetap-fsu.fr\\\/pdl\\\/2018\\\/09\\\/13\\\/le-bilan-de-vos-elus-bulletin-lenseignement-agricole-des-pays-de-la-loire-n30\\\/#primaryimage\",\"url\":\"https:\\\/\\\/regions-snetap-fsu.fr\\\/pdl\\\/wp-content\\\/uploads\\\/sites\\\/4\\\/2018\\\/09\\\/1.png\",\"contentUrl\":\"https:\\\/\\\/regions-snetap-fsu.fr\\\/pdl\\\/wp-content\\\/uploads\\\/sites\\\/4\\\/2018\\\/09\\\/1.png\",\"width\":4926,\"height\":1008},{\"@type\":\"BreadcrumbList\",\"@id\":\"https:\\\/\\\/regions-snetap-fsu.fr\\\/pdl\\\/2018\\\/09\\\/13\\\/le-bilan-de-vos-elus-bulletin-lenseignement-agricole-des-pays-de-la-loire-n30\\\/#breadcrumb\",\"itemListElement\":[{\"@type\":\"ListItem\",\"position\":1,\"name\":\"Accueil\",\"item\":\"https:\\\/\\\/regions-snetap-fsu.fr\\\/pdl\\\/\"},{\"@type\":\"ListItem\",\"position\":2,\"name\":\"Le bilan de vos \u00e9lus. Bulletin L&rsquo;Enseignement Agricole des Pays de la Loire n\u00b030 (septembre 2018)\"}]},{\"@type\":\"WebSite\",\"@id\":\"https:\\\/\\\/regions-snetap-fsu.fr\\\/pdl\\\/#website\",\"url\":\"https:\\\/\\\/regions-snetap-fsu.fr\\\/pdl\\\/\",\"name\":\"SNETAP-FSU PAYS DE LA LOIRE\",\"description\":\"SECTION REGIONALE\",\"publisher\":{\"@id\":\"https:\\\/\\\/regions-snetap-fsu.fr\\\/pdl\\\/#organization\"},\"potentialAction\":[{\"@type\":\"SearchAction\",\"target\":{\"@type\":\"EntryPoint\",\"urlTemplate\":\"https:\\\/\\\/regions-snetap-fsu.fr\\\/pdl\\\/?s={search_term_string}\"},\"query-input\":{\"@type\":\"PropertyValueSpecification\",\"valueRequired\":true,\"valueName\":\"search_term_string\"}}],\"inLanguage\":\"fr-FR\"},{\"@type\":\"Organization\",\"@id\":\"https:\\\/\\\/regions-snetap-fsu.fr\\\/pdl\\\/#organization\",\"name\":\"SNETAP-FSU Pays de Loire\",\"url\":\"https:\\\/\\\/regions-snetap-fsu.fr\\\/pdl\\\/\",\"logo\":{\"@type\":\"ImageObject\",\"inLanguage\":\"fr-FR\",\"@id\":\"https:\\\/\\\/regions-snetap-fsu.fr\\\/pdl\\\/#\\\/schema\\\/logo\\\/image\\\/\",\"url\":\"https:\\\/\\\/regions-snetap-fsu.fr\\\/pdl\\\/wp-content\\\/uploads\\\/sites\\\/4\\\/2020\\\/12\\\/SNETAP-Logo.jpg\",\"contentUrl\":\"https:\\\/\\\/regions-snetap-fsu.fr\\\/pdl\\\/wp-content\\\/uploads\\\/sites\\\/4\\\/2020\\\/12\\\/SNETAP-Logo.jpg\",\"width\":464,\"height\":334,\"caption\":\"SNETAP-FSU Pays de Loire\"},\"image\":{\"@id\":\"https:\\\/\\\/regions-snetap-fsu.fr\\\/pdl\\\/#\\\/schema\\\/logo\\\/image\\\/\"}},{\"@type\":\"Person\",\"@id\":\"https:\\\/\\\/regions-snetap-fsu.fr\\\/pdl\\\/#\\\/schema\\\/person\\\/d4530af043f9e8d27bdd71c468ec93b1\",\"name\":\"yvigner\",\"image\":{\"@type\":\"ImageObject\",\"inLanguage\":\"fr-FR\",\"@id\":\"https:\\\/\\\/secure.gravatar.com\\\/avatar\\\/bc72baa6f2406549aecf77a837bc4f03dbe88472c1762138f868571430a23820?s=96&d=mm&r=g\",\"url\":\"https:\\\/\\\/secure.gravatar.com\\\/avatar\\\/bc72baa6f2406549aecf77a837bc4f03dbe88472c1762138f868571430a23820?s=96&d=mm&r=g\",\"contentUrl\":\"https:\\\/\\\/secure.gravatar.com\\\/avatar\\\/bc72baa6f2406549aecf77a837bc4f03dbe88472c1762138f868571430a23820?s=96&d=mm&r=g\",\"caption\":\"yvigner\"},\"url\":\"https:\\\/\\\/regions-snetap-fsu.fr\\\/pdl\\\/author\\\/yvigner\\\/\"}]}<\/script>\n<!-- \/ Yoast SEO plugin. -->","yoast_head_json":{"title":"Le bilan de vos \u00e9lus. Bulletin L'Enseignement Agricole des Pays de la Loire n\u00b030 (septembre 2018) - PAYS DE LA LOIRE","robots":{"index":"index","follow":"follow","max-snippet":"max-snippet:-1","max-image-preview":"max-image-preview:large","max-video-preview":"max-video-preview:-1"},"canonical":"https:\/\/regions-snetap-fsu.fr\/pdl\/2018\/09\/13\/le-bilan-de-vos-elus-bulletin-lenseignement-agricole-des-pays-de-la-loire-n30\/","og_locale":"fr_FR","og_type":"article","og_title":"Le bilan de vos \u00e9lus. Bulletin L'Enseignement Agricole des Pays de la Loire n\u00b030 (septembre 2018) - PAYS DE LA LOIRE","og_description":"&nbsp; \u00c9ditorial Se rassembler pour mobiliser Les \u00e9lections \u00e0 venir, dans les trois versants de la Fonction Publique le 6 D\u00e9cembre, sont l&rsquo;affaire de tous et vont contribuer, entre autres, \u00e0 la repr\u00e9sentativit\u00e9 de nos organisations syndicales.\u00a0Ces derni\u00e8res ann\u00e9es, nos organisations ont \u00e9t\u00e9 le(s) moteur(s) de nombreuses mobilisations interprofessionnelles et de luttes pour gagner en [&hellip;]","og_url":"https:\/\/regions-snetap-fsu.fr\/pdl\/2018\/09\/13\/le-bilan-de-vos-elus-bulletin-lenseignement-agricole-des-pays-de-la-loire-n30\/","og_site_name":"PAYS DE LA LOIRE","article_published_time":"2018-09-12T22:49:31+00:00","article_modified_time":"2018-10-13T21:43:06+00:00","og_image":[{"url":"https:\/\/regions-snetap-fsu.fr\/pdl\/wp-content\/uploads\/sites\/4\/2018\/09\/1-300x61.png","type":"","width":"","height":""}],"author":"yvigner","twitter_card":"summary_large_image","twitter_misc":{"\u00c9crit par":"yvigner","Dur\u00e9e de lecture estim\u00e9e":"1 minute"},"schema":{"@context":"https:\/\/schema.org","@graph":[{"@type":"Article","@id":"https:\/\/regions-snetap-fsu.fr\/pdl\/2018\/09\/13\/le-bilan-de-vos-elus-bulletin-lenseignement-agricole-des-pays-de-la-loire-n30\/#article","isPartOf":{"@id":"https:\/\/regions-snetap-fsu.fr\/pdl\/2018\/09\/13\/le-bilan-de-vos-elus-bulletin-lenseignement-agricole-des-pays-de-la-loire-n30\/"},"author":{"name":"yvigner","@id":"https:\/\/regions-snetap-fsu.fr\/pdl\/#\/schema\/person\/d4530af043f9e8d27bdd71c468ec93b1"},"headline":"Le bilan de vos \u00e9lus. Bulletin L&rsquo;Enseignement Agricole des Pays de la Loire n\u00b030 (septembre 2018)","datePublished":"2018-09-12T22:49:31+00:00","dateModified":"2018-10-13T21:43:06+00:00","mainEntityOfPage":{"@id":"https:\/\/regions-snetap-fsu.fr\/pdl\/2018\/09\/13\/le-bilan-de-vos-elus-bulletin-lenseignement-agricole-des-pays-de-la-loire-n30\/"},"wordCount":322,"publisher":{"@id":"https:\/\/regions-snetap-fsu.fr\/pdl\/#organization"},"image":{"@id":"https:\/\/regions-snetap-fsu.fr\/pdl\/2018\/09\/13\/le-bilan-de-vos-elus-bulletin-lenseignement-agricole-des-pays-de-la-loire-n30\/#primaryimage"},"thumbnailUrl":"https:\/\/regions-snetap-fsu.fr\/pdl\/wp-content\/uploads\/sites\/4\/2018\/09\/1-300x61.png","articleSection":["Bulletin r\u00e9gional","Elections"],"inLanguage":"fr-FR"},{"@type":"WebPage","@id":"https:\/\/regions-snetap-fsu.fr\/pdl\/2018\/09\/13\/le-bilan-de-vos-elus-bulletin-lenseignement-agricole-des-pays-de-la-loire-n30\/","url":"https:\/\/regions-snetap-fsu.fr\/pdl\/2018\/09\/13\/le-bilan-de-vos-elus-bulletin-lenseignement-agricole-des-pays-de-la-loire-n30\/","name":"Le bilan de vos \u00e9lus. Bulletin L'Enseignement Agricole des Pays de la Loire n\u00b030 (septembre 2018) - PAYS DE LA LOIRE","isPartOf":{"@id":"https:\/\/regions-snetap-fsu.fr\/pdl\/#website"},"primaryImageOfPage":{"@id":"https:\/\/regions-snetap-fsu.fr\/pdl\/2018\/09\/13\/le-bilan-de-vos-elus-bulletin-lenseignement-agricole-des-pays-de-la-loire-n30\/#primaryimage"},"image":{"@id":"https:\/\/regions-snetap-fsu.fr\/pdl\/2018\/09\/13\/le-bilan-de-vos-elus-bulletin-lenseignement-agricole-des-pays-de-la-loire-n30\/#primaryimage"},"thumbnailUrl":"https:\/\/regions-snetap-fsu.fr\/pdl\/wp-content\/uploads\/sites\/4\/2018\/09\/1-300x61.png","datePublished":"2018-09-12T22:49:31+00:00","dateModified":"2018-10-13T21:43:06+00:00","breadcrumb":{"@id":"https:\/\/regions-snetap-fsu.fr\/pdl\/2018\/09\/13\/le-bilan-de-vos-elus-bulletin-lenseignement-agricole-des-pays-de-la-loire-n30\/#breadcrumb"},"inLanguage":"fr-FR","potentialAction":[{"@type":"ReadAction","target":["https:\/\/regions-snetap-fsu.fr\/pdl\/2018\/09\/13\/le-bilan-de-vos-elus-bulletin-lenseignement-agricole-des-pays-de-la-loire-n30\/"]}]},{"@type":"ImageObject","inLanguage":"fr-FR","@id":"https:\/\/regions-snetap-fsu.fr\/pdl\/2018\/09\/13\/le-bilan-de-vos-elus-bulletin-lenseignement-agricole-des-pays-de-la-loire-n30\/#primaryimage","url":"https:\/\/regions-snetap-fsu.fr\/pdl\/wp-content\/uploads\/sites\/4\/2018\/09\/1.png","contentUrl":"https:\/\/regions-snetap-fsu.fr\/pdl\/wp-content\/uploads\/sites\/4\/2018\/09\/1.png","width":4926,"height":1008},{"@type":"BreadcrumbList","@id":"https:\/\/regions-snetap-fsu.fr\/pdl\/2018\/09\/13\/le-bilan-de-vos-elus-bulletin-lenseignement-agricole-des-pays-de-la-loire-n30\/#breadcrumb","itemListElement":[{"@type":"ListItem","position":1,"name":"Accueil","item":"https:\/\/regions-snetap-fsu.fr\/pdl\/"},{"@type":"ListItem","position":2,"name":"Le bilan de vos \u00e9lus. Bulletin L&rsquo;Enseignement Agricole des Pays de la Loire n\u00b030 (septembre 2018)"}]},{"@type":"WebSite","@id":"https:\/\/regions-snetap-fsu.fr\/pdl\/#website","url":"https:\/\/regions-snetap-fsu.fr\/pdl\/","name":"SNETAP-FSU PAYS DE LA LOIRE","description":"SECTION REGIONALE","publisher":{"@id":"https:\/\/regions-snetap-fsu.fr\/pdl\/#organization"},"potentialAction":[{"@type":"SearchAction","target":{"@type":"EntryPoint","urlTemplate":"https:\/\/regions-snetap-fsu.fr\/pdl\/?s={search_term_string}"},"query-input":{"@type":"PropertyValueSpecification","valueRequired":true,"valueName":"search_term_string"}}],"inLanguage":"fr-FR"},{"@type":"Organization","@id":"https:\/\/regions-snetap-fsu.fr\/pdl\/#organization","name":"SNETAP-FSU Pays de Loire","url":"https:\/\/regions-snetap-fsu.fr\/pdl\/","logo":{"@type":"ImageObject","inLanguage":"fr-FR","@id":"https:\/\/regions-snetap-fsu.fr\/pdl\/#\/schema\/logo\/image\/","url":"https:\/\/regions-snetap-fsu.fr\/pdl\/wp-content\/uploads\/sites\/4\/2020\/12\/SNETAP-Logo.jpg","contentUrl":"https:\/\/regions-snetap-fsu.fr\/pdl\/wp-content\/uploads\/sites\/4\/2020\/12\/SNETAP-Logo.jpg","width":464,"height":334,"caption":"SNETAP-FSU Pays de Loire"},"image":{"@id":"https:\/\/regions-snetap-fsu.fr\/pdl\/#\/schema\/logo\/image\/"}},{"@type":"Person","@id":"https:\/\/regions-snetap-fsu.fr\/pdl\/#\/schema\/person\/d4530af043f9e8d27bdd71c468ec93b1","name":"yvigner","image":{"@type":"ImageObject","inLanguage":"fr-FR","@id":"https:\/\/secure.gravatar.com\/avatar\/bc72baa6f2406549aecf77a837bc4f03dbe88472c1762138f868571430a23820?s=96&d=mm&r=g","url":"https:\/\/secure.gravatar.com\/avatar\/bc72baa6f2406549aecf77a837bc4f03dbe88472c1762138f868571430a23820?s=96&d=mm&r=g","contentUrl":"https:\/\/secure.gravatar.com\/avatar\/bc72baa6f2406549aecf77a837bc4f03dbe88472c1762138f868571430a23820?s=96&d=mm&r=g","caption":"yvigner"},"url":"https:\/\/regions-snetap-fsu.fr\/pdl\/author\/yvigner\/"}]}},"_links":{"self":[{"href":"https:\/\/regions-snetap-fsu.fr\/pdl\/wp-json\/wp\/v2\/posts\/2799","targetHints":{"allow":["GET"]}}],"collection":[{"href":"https:\/\/regions-snetap-fsu.fr\/pdl\/wp-json\/wp\/v2\/posts"}],"about":[{"href":"https:\/\/regions-snetap-fsu.fr\/pdl\/wp-json\/wp\/v2\/types\/post"}],"author":[{"embeddable":true,"href":"https:\/\/regions-snetap-fsu.fr\/pdl\/wp-json\/wp\/v2\/users\/2"}],"replies":[{"embeddable":true,"href":"https:\/\/regions-snetap-fsu.fr\/pdl\/wp-json\/wp\/v2\/comments?post=2799"}],"version-history":[{"count":6,"href":"https:\/\/regions-snetap-fsu.fr\/pdl\/wp-json\/wp\/v2\/posts\/2799\/revisions"}],"predecessor-version":[{"id":2861,"href":"https:\/\/regions-snetap-fsu.fr\/pdl\/wp-json\/wp\/v2\/posts\/2799\/revisions\/2861"}],"wp:attachment":[{"href":"https:\/\/regions-snetap-fsu.fr\/pdl\/wp-json\/wp\/v2\/media?parent=2799"}],"wp:term":[{"taxonomy":"category","embeddable":true,"href":"https:\/\/regions-snetap-fsu.fr\/pdl\/wp-json\/wp\/v2\/categories?post=2799"},{"taxonomy":"post_tag","embeddable":true,"href":"https:\/\/regions-snetap-fsu.fr\/pdl\/wp-json\/wp\/v2\/tags?post=2799"},{"taxonomy":"post_folder","embeddable":true,"href":"https:\/\/regions-snetap-fsu.fr\/pdl\/wp-json\/wp\/v2\/post_folder?post=2799"}],"curies":[{"name":"wp","href":"https:\/\/api.w.org\/{rel}","templated":true}]}}