{"id":2662,"date":"2018-09-06T11:40:50","date_gmt":"2018-09-06T09:40:50","guid":{"rendered":"https:\/\/regions-snetap-fsu.fr\/pdl\/?p=2662"},"modified":"2018-09-19T21:49:29","modified_gmt":"2018-09-19T19:49:29","slug":"rentree-dans-les-lycees-agricoles-ligeriens-les-personnels-interpellent-le-draaf","status":"publish","type":"post","link":"https:\/\/regions-snetap-fsu.fr\/pdl\/2018\/09\/06\/rentree-dans-les-lycees-agricoles-ligeriens-les-personnels-interpellent-le-draaf\/","title":{"rendered":"Rentr\u00e9e dans les lyc\u00e9es agricoles lig\u00e9riens, les personnels interpellent le DRAAF"},"content":{"rendered":"<p style=\"text-align: left\">Une trentaine de coll\u00e8gues de tous les d\u00e9partements de la r\u00e9gion \u00e9taient pr\u00e9sents hier 5 septembre 2018 au LEGTA du Fresne \u00e0 l&rsquo;occasion de la rentr\u00e9e du DRAAF des Pays de la Loire. R\u00e9unis \u00e0 l&rsquo;initiative de la CGT-AGRI, de Sud Rural-territoires et du SNETAP-FSU, les personnels ont accueilli M.L<img fetchpriority=\"high\" decoding=\"async\" class=\"size-medium wp-image-2665 alignleft\" src=\"https:\/\/regions-snetap-fsu.fr\/pdl\/wp-content\/uploads\/sites\/4\/2018\/09\/2018-09-05-11.09.19-min-300x225.jpg\" alt=\"\" width=\"300\" height=\"225\" srcset=\"https:\/\/regions-snetap-fsu.fr\/pdl\/wp-content\/uploads\/sites\/4\/2018\/09\/2018-09-05-11.09.19-min-300x225.jpg 300w, https:\/\/regions-snetap-fsu.fr\/pdl\/wp-content\/uploads\/sites\/4\/2018\/09\/2018-09-05-11.09.19-min-768x576.jpg 768w, https:\/\/regions-snetap-fsu.fr\/pdl\/wp-content\/uploads\/sites\/4\/2018\/09\/2018-09-05-11.09.19-min-1024x768.jpg 1024w, https:\/\/regions-snetap-fsu.fr\/pdl\/wp-content\/uploads\/sites\/4\/2018\/09\/2018-09-05-11.09.19-min-100x75.jpg 100w, https:\/\/regions-snetap-fsu.fr\/pdl\/wp-content\/uploads\/sites\/4\/2018\/09\/2018-09-05-11.09.19-min-150x113.jpg 150w, https:\/\/regions-snetap-fsu.fr\/pdl\/wp-content\/uploads\/sites\/4\/2018\/09\/2018-09-05-11.09.19-min-200x150.jpg 200w, https:\/\/regions-snetap-fsu.fr\/pdl\/wp-content\/uploads\/sites\/4\/2018\/09\/2018-09-05-11.09.19-min-450x338.jpg 450w, https:\/\/regions-snetap-fsu.fr\/pdl\/wp-content\/uploads\/sites\/4\/2018\/09\/2018-09-05-11.09.19-min-600x450.jpg 600w, https:\/\/regions-snetap-fsu.fr\/pdl\/wp-content\/uploads\/sites\/4\/2018\/09\/2018-09-05-11.09.19-min-900x675.jpg 900w\" sizes=\"(max-width: 300px) 100vw, 300px\" \/>OBJOIT, DRAAF\u00a0avec banderoles et drapeaux mais surtout avec des arguments et des situations pr\u00e9cises concernant cette rent\u00e9e 2018. Celle-ci est marqu\u00e9e notamment par une DGH (dotation globale horaire) insuffisante (il manque 3000h de cours) qui impacte tous les \u00e9tablissements et se traduit forc\u00e9ment par des cours, des d\u00e9doublements pourtant r\u00e9glementaires non r\u00e9alis\u00e9s. Elle se traduit aussi par des \u00e9l\u00e8ves refus\u00e9s dans certains \u00e9tablissements, faute de places. C&rsquo;est le cas notamment au lyc\u00e9e agricole de Nantes suite \u00e0 la fermeture d&rsquo;une classe de seconde g\u00e9n\u00e9rale et technologique. Elle se traduit enfin et toujours par des probl\u00e9matiques de recrutement de personnels AESH (accompagnant des \u00e9l\u00e8ves en situation de handicap) dans les \u00e9tablissements.<\/p>\n<p><img decoding=\"async\" class=\"size-medium wp-image-2664 alignright\" src=\"https:\/\/regions-snetap-fsu.fr\/pdl\/wp-content\/uploads\/sites\/4\/2018\/09\/IMAG6526-min-300x225.jpg\" alt=\"\" width=\"300\" height=\"225\" srcset=\"https:\/\/regions-snetap-fsu.fr\/pdl\/wp-content\/uploads\/sites\/4\/2018\/09\/IMAG6526-min-300x225.jpg 300w, https:\/\/regions-snetap-fsu.fr\/pdl\/wp-content\/uploads\/sites\/4\/2018\/09\/IMAG6526-min-768x576.jpg 768w, https:\/\/regions-snetap-fsu.fr\/pdl\/wp-content\/uploads\/sites\/4\/2018\/09\/IMAG6526-min-1024x768.jpg 1024w, https:\/\/regions-snetap-fsu.fr\/pdl\/wp-content\/uploads\/sites\/4\/2018\/09\/IMAG6526-min-100x75.jpg 100w, https:\/\/regions-snetap-fsu.fr\/pdl\/wp-content\/uploads\/sites\/4\/2018\/09\/IMAG6526-min-150x113.jpg 150w, https:\/\/regions-snetap-fsu.fr\/pdl\/wp-content\/uploads\/sites\/4\/2018\/09\/IMAG6526-min-200x150.jpg 200w, https:\/\/regions-snetap-fsu.fr\/pdl\/wp-content\/uploads\/sites\/4\/2018\/09\/IMAG6526-min-450x338.jpg 450w, https:\/\/regions-snetap-fsu.fr\/pdl\/wp-content\/uploads\/sites\/4\/2018\/09\/IMAG6526-min-600x450.jpg 600w, https:\/\/regions-snetap-fsu.fr\/pdl\/wp-content\/uploads\/sites\/4\/2018\/09\/IMAG6526-min-900x675.jpg 900w\" sizes=\"(max-width: 300px) 100vw, 300px\" \/><\/p>\n<p>Les personnels ont profit\u00e9 d&rsquo;un \u00e9change avec leur autorit\u00e9 acad\u00e9mique pour d\u00e9noncer \u00e9galement les r\u00e9formes gouvernementales (lyc\u00e9e, baccalaur\u00e9at, apprentissage) qui menacent et fragilisent d\u00e8s \u00e0 pr\u00e9sent un enseignement agricole public qui tr\u00e8s clairement n&rsquo;est pas soutenu par son Ministre St\u00e9phane TRAVERT.<\/p>\n<p>Dans les prochains jours,\u00a0ils\u00a0d\u00e9cideront des suites \u00e0 donner\u00a0\u00e0 ce mouvement.\u00a0<img decoding=\"async\" class=\"alignnone size-medium wp-image-2668\" src=\"https:\/\/regions-snetap-fsu.fr\/pdl\/wp-content\/uploads\/sites\/4\/2018\/09\/IMAG6521-min-300x225.jpg\" alt=\"\" width=\"300\" height=\"225\" srcset=\"https:\/\/regions-snetap-fsu.fr\/pdl\/wp-content\/uploads\/sites\/4\/2018\/09\/IMAG6521-min-300x225.jpg 300w, https:\/\/regions-snetap-fsu.fr\/pdl\/wp-content\/uploads\/sites\/4\/2018\/09\/IMAG6521-min-768x576.jpg 768w, https:\/\/regions-snetap-fsu.fr\/pdl\/wp-content\/uploads\/sites\/4\/2018\/09\/IMAG6521-min-1024x768.jpg 1024w, https:\/\/regions-snetap-fsu.fr\/pdl\/wp-content\/uploads\/sites\/4\/2018\/09\/IMAG6521-min-100x75.jpg 100w, https:\/\/regions-snetap-fsu.fr\/pdl\/wp-content\/uploads\/sites\/4\/2018\/09\/IMAG6521-min-150x113.jpg 150w, https:\/\/regions-snetap-fsu.fr\/pdl\/wp-content\/uploads\/sites\/4\/2018\/09\/IMAG6521-min-200x150.jpg 200w, https:\/\/regions-snetap-fsu.fr\/pdl\/wp-content\/uploads\/sites\/4\/2018\/09\/IMAG6521-min-450x338.jpg 450w, https:\/\/regions-snetap-fsu.fr\/pdl\/wp-content\/uploads\/sites\/4\/2018\/09\/IMAG6521-min-600x450.jpg 600w, https:\/\/regions-snetap-fsu.fr\/pdl\/wp-content\/uploads\/sites\/4\/2018\/09\/IMAG6521-min-900x675.jpg 900w\" sizes=\"(max-width: 300px) 100vw, 300px\" \/><\/p>\n","protected":false},"excerpt":{"rendered":"<p>Une trentaine de coll\u00e8gues de tous les d\u00e9partements de la r\u00e9gion \u00e9taient pr\u00e9sents hier 5 septembre 2018 au LEGTA du Fresne \u00e0 l&rsquo;occasion de la rentr\u00e9e du DRAAF des Pays de la Loire. R\u00e9unis \u00e0 l&rsquo;initiative de la CGT-AGRI, de Sud Rural-territoires et du SNETAP-FSU, les personnels ont accueilli M.LOBJOIT, DRAAF\u00a0avec banderoles et drapeaux mais [&hellip;]<\/p>\n","protected":false},"author":2,"featured_media":0,"comment_status":"closed","ping_status":"closed","sticky":false,"template":"","format":"standard","meta":{"ocean_post_layout":"","ocean_both_sidebars_style":"","ocean_both_sidebars_content_width":0,"ocean_both_sidebars_sidebars_width":0,"ocean_sidebar":"","ocean_second_sidebar":"","ocean_disable_margins":"enable","ocean_add_body_class":"","ocean_shortcode_before_top_bar":"","ocean_shortcode_after_top_bar":"","ocean_shortcode_before_header":"","ocean_shortcode_after_header":"","ocean_has_shortcode":"","ocean_shortcode_after_title":"","ocean_shortcode_before_footer_widgets":"","ocean_shortcode_after_footer_widgets":"","ocean_shortcode_before_footer_bottom":"","ocean_shortcode_after_footer_bottom":"","ocean_display_top_bar":"default","ocean_display_header":"default","ocean_header_style":"","ocean_center_header_left_menu":"","ocean_custom_header_template":"","ocean_custom_logo":0,"ocean_custom_retina_logo":0,"ocean_custom_logo_max_width":0,"ocean_custom_logo_tablet_max_width":0,"ocean_custom_logo_mobile_max_width":0,"ocean_custom_logo_max_height":0,"ocean_custom_logo_tablet_max_height":0,"ocean_custom_logo_mobile_max_height":0,"ocean_header_custom_menu":"","ocean_menu_typo_font_family":"","ocean_menu_typo_font_subset":"","ocean_menu_typo_font_size":0,"ocean_menu_typo_font_size_tablet":0,"ocean_menu_typo_font_size_mobile":0,"ocean_menu_typo_font_size_unit":"px","ocean_menu_typo_font_weight":"","ocean_menu_typo_font_weight_tablet":"","ocean_menu_typo_font_weight_mobile":"","ocean_menu_typo_transform":"","ocean_menu_typo_transform_tablet":"","ocean_menu_typo_transform_mobile":"","ocean_menu_typo_line_height":0,"ocean_menu_typo_line_height_tablet":0,"ocean_menu_typo_line_height_mobile":0,"ocean_menu_typo_line_height_unit":"","ocean_menu_typo_spacing":0,"ocean_menu_typo_spacing_tablet":0,"ocean_menu_typo_spacing_mobile":0,"ocean_menu_typo_spacing_unit":"","ocean_menu_link_color":"","ocean_menu_link_color_hover":"","ocean_menu_link_color_active":"","ocean_menu_link_background":"","ocean_menu_link_hover_background":"","ocean_menu_link_active_background":"","ocean_menu_social_links_bg":"","ocean_menu_social_hover_links_bg":"","ocean_menu_social_links_color":"","ocean_menu_social_hover_links_color":"","ocean_disable_title":"default","ocean_disable_heading":"default","ocean_post_title":"","ocean_post_subheading":"","ocean_post_title_style":"","ocean_post_title_background_color":"","ocean_post_title_background":0,"ocean_post_title_bg_image_position":"","ocean_post_title_bg_image_attachment":"","ocean_post_title_bg_image_repeat":"","ocean_post_title_bg_image_size":"","ocean_post_title_height":0,"ocean_post_title_bg_overlay":0.5,"ocean_post_title_bg_overlay_color":"","ocean_disable_breadcrumbs":"default","ocean_breadcrumbs_color":"","ocean_breadcrumbs_separator_color":"","ocean_breadcrumbs_links_color":"","ocean_breadcrumbs_links_hover_color":"","ocean_display_footer_widgets":"default","ocean_display_footer_bottom":"default","ocean_custom_footer_template":"","ocean_post_oembed":"","ocean_post_self_hosted_media":"","ocean_post_video_embed":"","ocean_link_format":"","ocean_link_format_target":"self","ocean_quote_format":"","ocean_quote_format_link":"post","ocean_gallery_link_images":"on","ocean_gallery_id":[],"footnotes":""},"categories":[21,9],"tags":[],"post_folder":[],"class_list":["post-2662","post","type-post","status-publish","format-standard","hentry","category-angers","category-actions-et-communiques","entry"],"yoast_head":"<!-- This site is optimized with the Yoast SEO plugin v27.4 - https:\/\/yoast.com\/product\/yoast-seo-wordpress\/ -->\n<title>Rentr\u00e9e dans les lyc\u00e9es agricoles lig\u00e9riens, les personnels interpellent le DRAAF - PAYS DE LA LOIRE<\/title>\n<meta name=\"robots\" content=\"index, follow, max-snippet:-1, max-image-preview:large, max-video-preview:-1\" \/>\n<link rel=\"canonical\" href=\"https:\/\/regions-snetap-fsu.fr\/pdl\/2018\/09\/06\/rentree-dans-les-lycees-agricoles-ligeriens-les-personnels-interpellent-le-draaf\/\" \/>\n<meta property=\"og:locale\" content=\"fr_FR\" \/>\n<meta property=\"og:type\" content=\"article\" \/>\n<meta property=\"og:title\" content=\"Rentr\u00e9e dans les lyc\u00e9es agricoles lig\u00e9riens, les personnels interpellent le DRAAF - PAYS DE LA LOIRE\" \/>\n<meta property=\"og:description\" content=\"Une trentaine de coll\u00e8gues de tous les d\u00e9partements de la r\u00e9gion \u00e9taient pr\u00e9sents hier 5 septembre 2018 au LEGTA du Fresne \u00e0 l&rsquo;occasion de la rentr\u00e9e du DRAAF des Pays de la Loire. R\u00e9unis \u00e0 l&rsquo;initiative de la CGT-AGRI, de Sud Rural-territoires et du SNETAP-FSU, les personnels ont accueilli M.LOBJOIT, DRAAF\u00a0avec banderoles et drapeaux mais [&hellip;]\" \/>\n<meta property=\"og:url\" content=\"https:\/\/regions-snetap-fsu.fr\/pdl\/2018\/09\/06\/rentree-dans-les-lycees-agricoles-ligeriens-les-personnels-interpellent-le-draaf\/\" \/>\n<meta property=\"og:site_name\" content=\"PAYS DE LA LOIRE\" \/>\n<meta property=\"article:published_time\" content=\"2018-09-06T09:40:50+00:00\" \/>\n<meta property=\"article:modified_time\" content=\"2018-09-19T19:49:29+00:00\" \/>\n<meta property=\"og:image\" content=\"https:\/\/regions-snetap-fsu.fr\/pdl\/wp-content\/uploads\/sites\/4\/2018\/09\/2018-09-05-11.09.19-min-300x225.jpg\" \/>\n<meta name=\"author\" content=\"yvigner\" \/>\n<meta name=\"twitter:card\" content=\"summary_large_image\" \/>\n<meta name=\"twitter:label1\" content=\"\u00c9crit par\" \/>\n\t<meta name=\"twitter:data1\" content=\"yvigner\" \/>\n\t<meta name=\"twitter:label2\" content=\"Dur\u00e9e de lecture estim\u00e9e\" \/>\n\t<meta name=\"twitter:data2\" content=\"1 minute\" \/>\n<script type=\"application\/ld+json\" class=\"yoast-schema-graph\">{\"@context\":\"https:\\\/\\\/schema.org\",\"@graph\":[{\"@type\":\"Article\",\"@id\":\"https:\\\/\\\/regions-snetap-fsu.fr\\\/pdl\\\/2018\\\/09\\\/06\\\/rentree-dans-les-lycees-agricoles-ligeriens-les-personnels-interpellent-le-draaf\\\/#article\",\"isPartOf\":{\"@id\":\"https:\\\/\\\/regions-snetap-fsu.fr\\\/pdl\\\/2018\\\/09\\\/06\\\/rentree-dans-les-lycees-agricoles-ligeriens-les-personnels-interpellent-le-draaf\\\/\"},\"author\":{\"name\":\"yvigner\",\"@id\":\"https:\\\/\\\/regions-snetap-fsu.fr\\\/pdl\\\/#\\\/schema\\\/person\\\/d4530af043f9e8d27bdd71c468ec93b1\"},\"headline\":\"Rentr\u00e9e dans les lyc\u00e9es agricoles lig\u00e9riens, les personnels interpellent le DRAAF\",\"datePublished\":\"2018-09-06T09:40:50+00:00\",\"dateModified\":\"2018-09-19T19:49:29+00:00\",\"mainEntityOfPage\":{\"@id\":\"https:\\\/\\\/regions-snetap-fsu.fr\\\/pdl\\\/2018\\\/09\\\/06\\\/rentree-dans-les-lycees-agricoles-ligeriens-les-personnels-interpellent-le-draaf\\\/\"},\"wordCount\":257,\"publisher\":{\"@id\":\"https:\\\/\\\/regions-snetap-fsu.fr\\\/pdl\\\/#organization\"},\"image\":{\"@id\":\"https:\\\/\\\/regions-snetap-fsu.fr\\\/pdl\\\/2018\\\/09\\\/06\\\/rentree-dans-les-lycees-agricoles-ligeriens-les-personnels-interpellent-le-draaf\\\/#primaryimage\"},\"thumbnailUrl\":\"https:\\\/\\\/regions-snetap-fsu.fr\\\/pdl\\\/wp-content\\\/uploads\\\/sites\\\/4\\\/2018\\\/09\\\/2018-09-05-11.09.19-min-300x225.jpg\",\"articleSection\":[\"Angers\",\"Communiqu\u00e9s\"],\"inLanguage\":\"fr-FR\"},{\"@type\":\"WebPage\",\"@id\":\"https:\\\/\\\/regions-snetap-fsu.fr\\\/pdl\\\/2018\\\/09\\\/06\\\/rentree-dans-les-lycees-agricoles-ligeriens-les-personnels-interpellent-le-draaf\\\/\",\"url\":\"https:\\\/\\\/regions-snetap-fsu.fr\\\/pdl\\\/2018\\\/09\\\/06\\\/rentree-dans-les-lycees-agricoles-ligeriens-les-personnels-interpellent-le-draaf\\\/\",\"name\":\"Rentr\u00e9e dans les lyc\u00e9es agricoles lig\u00e9riens, les personnels interpellent le DRAAF - PAYS DE LA LOIRE\",\"isPartOf\":{\"@id\":\"https:\\\/\\\/regions-snetap-fsu.fr\\\/pdl\\\/#website\"},\"primaryImageOfPage\":{\"@id\":\"https:\\\/\\\/regions-snetap-fsu.fr\\\/pdl\\\/2018\\\/09\\\/06\\\/rentree-dans-les-lycees-agricoles-ligeriens-les-personnels-interpellent-le-draaf\\\/#primaryimage\"},\"image\":{\"@id\":\"https:\\\/\\\/regions-snetap-fsu.fr\\\/pdl\\\/2018\\\/09\\\/06\\\/rentree-dans-les-lycees-agricoles-ligeriens-les-personnels-interpellent-le-draaf\\\/#primaryimage\"},\"thumbnailUrl\":\"https:\\\/\\\/regions-snetap-fsu.fr\\\/pdl\\\/wp-content\\\/uploads\\\/sites\\\/4\\\/2018\\\/09\\\/2018-09-05-11.09.19-min-300x225.jpg\",\"datePublished\":\"2018-09-06T09:40:50+00:00\",\"dateModified\":\"2018-09-19T19:49:29+00:00\",\"breadcrumb\":{\"@id\":\"https:\\\/\\\/regions-snetap-fsu.fr\\\/pdl\\\/2018\\\/09\\\/06\\\/rentree-dans-les-lycees-agricoles-ligeriens-les-personnels-interpellent-le-draaf\\\/#breadcrumb\"},\"inLanguage\":\"fr-FR\",\"potentialAction\":[{\"@type\":\"ReadAction\",\"target\":[\"https:\\\/\\\/regions-snetap-fsu.fr\\\/pdl\\\/2018\\\/09\\\/06\\\/rentree-dans-les-lycees-agricoles-ligeriens-les-personnels-interpellent-le-draaf\\\/\"]}]},{\"@type\":\"ImageObject\",\"inLanguage\":\"fr-FR\",\"@id\":\"https:\\\/\\\/regions-snetap-fsu.fr\\\/pdl\\\/2018\\\/09\\\/06\\\/rentree-dans-les-lycees-agricoles-ligeriens-les-personnels-interpellent-le-draaf\\\/#primaryimage\",\"url\":\"https:\\\/\\\/regions-snetap-fsu.fr\\\/pdl\\\/wp-content\\\/uploads\\\/sites\\\/4\\\/2018\\\/09\\\/2018-09-05-11.09.19-min.jpg\",\"contentUrl\":\"https:\\\/\\\/regions-snetap-fsu.fr\\\/pdl\\\/wp-content\\\/uploads\\\/sites\\\/4\\\/2018\\\/09\\\/2018-09-05-11.09.19-min.jpg\",\"width\":4032,\"height\":3024},{\"@type\":\"BreadcrumbList\",\"@id\":\"https:\\\/\\\/regions-snetap-fsu.fr\\\/pdl\\\/2018\\\/09\\\/06\\\/rentree-dans-les-lycees-agricoles-ligeriens-les-personnels-interpellent-le-draaf\\\/#breadcrumb\",\"itemListElement\":[{\"@type\":\"ListItem\",\"position\":1,\"name\":\"Accueil\",\"item\":\"https:\\\/\\\/regions-snetap-fsu.fr\\\/pdl\\\/\"},{\"@type\":\"ListItem\",\"position\":2,\"name\":\"Rentr\u00e9e dans les lyc\u00e9es agricoles lig\u00e9riens, les personnels interpellent le DRAAF\"}]},{\"@type\":\"WebSite\",\"@id\":\"https:\\\/\\\/regions-snetap-fsu.fr\\\/pdl\\\/#website\",\"url\":\"https:\\\/\\\/regions-snetap-fsu.fr\\\/pdl\\\/\",\"name\":\"SNETAP-FSU PAYS DE LA LOIRE\",\"description\":\"SECTION REGIONALE\",\"publisher\":{\"@id\":\"https:\\\/\\\/regions-snetap-fsu.fr\\\/pdl\\\/#organization\"},\"potentialAction\":[{\"@type\":\"SearchAction\",\"target\":{\"@type\":\"EntryPoint\",\"urlTemplate\":\"https:\\\/\\\/regions-snetap-fsu.fr\\\/pdl\\\/?s={search_term_string}\"},\"query-input\":{\"@type\":\"PropertyValueSpecification\",\"valueRequired\":true,\"valueName\":\"search_term_string\"}}],\"inLanguage\":\"fr-FR\"},{\"@type\":\"Organization\",\"@id\":\"https:\\\/\\\/regions-snetap-fsu.fr\\\/pdl\\\/#organization\",\"name\":\"SNETAP-FSU Pays de Loire\",\"url\":\"https:\\\/\\\/regions-snetap-fsu.fr\\\/pdl\\\/\",\"logo\":{\"@type\":\"ImageObject\",\"inLanguage\":\"fr-FR\",\"@id\":\"https:\\\/\\\/regions-snetap-fsu.fr\\\/pdl\\\/#\\\/schema\\\/logo\\\/image\\\/\",\"url\":\"https:\\\/\\\/regions-snetap-fsu.fr\\\/pdl\\\/wp-content\\\/uploads\\\/sites\\\/4\\\/2020\\\/12\\\/SNETAP-Logo.jpg\",\"contentUrl\":\"https:\\\/\\\/regions-snetap-fsu.fr\\\/pdl\\\/wp-content\\\/uploads\\\/sites\\\/4\\\/2020\\\/12\\\/SNETAP-Logo.jpg\",\"width\":464,\"height\":334,\"caption\":\"SNETAP-FSU Pays de Loire\"},\"image\":{\"@id\":\"https:\\\/\\\/regions-snetap-fsu.fr\\\/pdl\\\/#\\\/schema\\\/logo\\\/image\\\/\"}},{\"@type\":\"Person\",\"@id\":\"https:\\\/\\\/regions-snetap-fsu.fr\\\/pdl\\\/#\\\/schema\\\/person\\\/d4530af043f9e8d27bdd71c468ec93b1\",\"name\":\"yvigner\",\"image\":{\"@type\":\"ImageObject\",\"inLanguage\":\"fr-FR\",\"@id\":\"https:\\\/\\\/secure.gravatar.com\\\/avatar\\\/bc72baa6f2406549aecf77a837bc4f03dbe88472c1762138f868571430a23820?s=96&d=mm&r=g\",\"url\":\"https:\\\/\\\/secure.gravatar.com\\\/avatar\\\/bc72baa6f2406549aecf77a837bc4f03dbe88472c1762138f868571430a23820?s=96&d=mm&r=g\",\"contentUrl\":\"https:\\\/\\\/secure.gravatar.com\\\/avatar\\\/bc72baa6f2406549aecf77a837bc4f03dbe88472c1762138f868571430a23820?s=96&d=mm&r=g\",\"caption\":\"yvigner\"},\"url\":\"https:\\\/\\\/regions-snetap-fsu.fr\\\/pdl\\\/author\\\/yvigner\\\/\"}]}<\/script>\n<!-- \/ Yoast SEO plugin. -->","yoast_head_json":{"title":"Rentr\u00e9e dans les lyc\u00e9es agricoles lig\u00e9riens, les personnels interpellent le DRAAF - PAYS DE LA LOIRE","robots":{"index":"index","follow":"follow","max-snippet":"max-snippet:-1","max-image-preview":"max-image-preview:large","max-video-preview":"max-video-preview:-1"},"canonical":"https:\/\/regions-snetap-fsu.fr\/pdl\/2018\/09\/06\/rentree-dans-les-lycees-agricoles-ligeriens-les-personnels-interpellent-le-draaf\/","og_locale":"fr_FR","og_type":"article","og_title":"Rentr\u00e9e dans les lyc\u00e9es agricoles lig\u00e9riens, les personnels interpellent le DRAAF - PAYS DE LA LOIRE","og_description":"Une trentaine de coll\u00e8gues de tous les d\u00e9partements de la r\u00e9gion \u00e9taient pr\u00e9sents hier 5 septembre 2018 au LEGTA du Fresne \u00e0 l&rsquo;occasion de la rentr\u00e9e du DRAAF des Pays de la Loire. R\u00e9unis \u00e0 l&rsquo;initiative de la CGT-AGRI, de Sud Rural-territoires et du SNETAP-FSU, les personnels ont accueilli M.LOBJOIT, DRAAF\u00a0avec banderoles et drapeaux mais [&hellip;]","og_url":"https:\/\/regions-snetap-fsu.fr\/pdl\/2018\/09\/06\/rentree-dans-les-lycees-agricoles-ligeriens-les-personnels-interpellent-le-draaf\/","og_site_name":"PAYS DE LA LOIRE","article_published_time":"2018-09-06T09:40:50+00:00","article_modified_time":"2018-09-19T19:49:29+00:00","og_image":[{"url":"https:\/\/regions-snetap-fsu.fr\/pdl\/wp-content\/uploads\/sites\/4\/2018\/09\/2018-09-05-11.09.19-min-300x225.jpg","type":"","width":"","height":""}],"author":"yvigner","twitter_card":"summary_large_image","twitter_misc":{"\u00c9crit par":"yvigner","Dur\u00e9e de lecture estim\u00e9e":"1 minute"},"schema":{"@context":"https:\/\/schema.org","@graph":[{"@type":"Article","@id":"https:\/\/regions-snetap-fsu.fr\/pdl\/2018\/09\/06\/rentree-dans-les-lycees-agricoles-ligeriens-les-personnels-interpellent-le-draaf\/#article","isPartOf":{"@id":"https:\/\/regions-snetap-fsu.fr\/pdl\/2018\/09\/06\/rentree-dans-les-lycees-agricoles-ligeriens-les-personnels-interpellent-le-draaf\/"},"author":{"name":"yvigner","@id":"https:\/\/regions-snetap-fsu.fr\/pdl\/#\/schema\/person\/d4530af043f9e8d27bdd71c468ec93b1"},"headline":"Rentr\u00e9e dans les lyc\u00e9es agricoles lig\u00e9riens, les personnels interpellent le DRAAF","datePublished":"2018-09-06T09:40:50+00:00","dateModified":"2018-09-19T19:49:29+00:00","mainEntityOfPage":{"@id":"https:\/\/regions-snetap-fsu.fr\/pdl\/2018\/09\/06\/rentree-dans-les-lycees-agricoles-ligeriens-les-personnels-interpellent-le-draaf\/"},"wordCount":257,"publisher":{"@id":"https:\/\/regions-snetap-fsu.fr\/pdl\/#organization"},"image":{"@id":"https:\/\/regions-snetap-fsu.fr\/pdl\/2018\/09\/06\/rentree-dans-les-lycees-agricoles-ligeriens-les-personnels-interpellent-le-draaf\/#primaryimage"},"thumbnailUrl":"https:\/\/regions-snetap-fsu.fr\/pdl\/wp-content\/uploads\/sites\/4\/2018\/09\/2018-09-05-11.09.19-min-300x225.jpg","articleSection":["Angers","Communiqu\u00e9s"],"inLanguage":"fr-FR"},{"@type":"WebPage","@id":"https:\/\/regions-snetap-fsu.fr\/pdl\/2018\/09\/06\/rentree-dans-les-lycees-agricoles-ligeriens-les-personnels-interpellent-le-draaf\/","url":"https:\/\/regions-snetap-fsu.fr\/pdl\/2018\/09\/06\/rentree-dans-les-lycees-agricoles-ligeriens-les-personnels-interpellent-le-draaf\/","name":"Rentr\u00e9e dans les lyc\u00e9es agricoles lig\u00e9riens, les personnels interpellent le DRAAF - PAYS DE LA LOIRE","isPartOf":{"@id":"https:\/\/regions-snetap-fsu.fr\/pdl\/#website"},"primaryImageOfPage":{"@id":"https:\/\/regions-snetap-fsu.fr\/pdl\/2018\/09\/06\/rentree-dans-les-lycees-agricoles-ligeriens-les-personnels-interpellent-le-draaf\/#primaryimage"},"image":{"@id":"https:\/\/regions-snetap-fsu.fr\/pdl\/2018\/09\/06\/rentree-dans-les-lycees-agricoles-ligeriens-les-personnels-interpellent-le-draaf\/#primaryimage"},"thumbnailUrl":"https:\/\/regions-snetap-fsu.fr\/pdl\/wp-content\/uploads\/sites\/4\/2018\/09\/2018-09-05-11.09.19-min-300x225.jpg","datePublished":"2018-09-06T09:40:50+00:00","dateModified":"2018-09-19T19:49:29+00:00","breadcrumb":{"@id":"https:\/\/regions-snetap-fsu.fr\/pdl\/2018\/09\/06\/rentree-dans-les-lycees-agricoles-ligeriens-les-personnels-interpellent-le-draaf\/#breadcrumb"},"inLanguage":"fr-FR","potentialAction":[{"@type":"ReadAction","target":["https:\/\/regions-snetap-fsu.fr\/pdl\/2018\/09\/06\/rentree-dans-les-lycees-agricoles-ligeriens-les-personnels-interpellent-le-draaf\/"]}]},{"@type":"ImageObject","inLanguage":"fr-FR","@id":"https:\/\/regions-snetap-fsu.fr\/pdl\/2018\/09\/06\/rentree-dans-les-lycees-agricoles-ligeriens-les-personnels-interpellent-le-draaf\/#primaryimage","url":"https:\/\/regions-snetap-fsu.fr\/pdl\/wp-content\/uploads\/sites\/4\/2018\/09\/2018-09-05-11.09.19-min.jpg","contentUrl":"https:\/\/regions-snetap-fsu.fr\/pdl\/wp-content\/uploads\/sites\/4\/2018\/09\/2018-09-05-11.09.19-min.jpg","width":4032,"height":3024},{"@type":"BreadcrumbList","@id":"https:\/\/regions-snetap-fsu.fr\/pdl\/2018\/09\/06\/rentree-dans-les-lycees-agricoles-ligeriens-les-personnels-interpellent-le-draaf\/#breadcrumb","itemListElement":[{"@type":"ListItem","position":1,"name":"Accueil","item":"https:\/\/regions-snetap-fsu.fr\/pdl\/"},{"@type":"ListItem","position":2,"name":"Rentr\u00e9e dans les lyc\u00e9es agricoles lig\u00e9riens, les personnels interpellent le DRAAF"}]},{"@type":"WebSite","@id":"https:\/\/regions-snetap-fsu.fr\/pdl\/#website","url":"https:\/\/regions-snetap-fsu.fr\/pdl\/","name":"SNETAP-FSU PAYS DE LA LOIRE","description":"SECTION REGIONALE","publisher":{"@id":"https:\/\/regions-snetap-fsu.fr\/pdl\/#organization"},"potentialAction":[{"@type":"SearchAction","target":{"@type":"EntryPoint","urlTemplate":"https:\/\/regions-snetap-fsu.fr\/pdl\/?s={search_term_string}"},"query-input":{"@type":"PropertyValueSpecification","valueRequired":true,"valueName":"search_term_string"}}],"inLanguage":"fr-FR"},{"@type":"Organization","@id":"https:\/\/regions-snetap-fsu.fr\/pdl\/#organization","name":"SNETAP-FSU Pays de Loire","url":"https:\/\/regions-snetap-fsu.fr\/pdl\/","logo":{"@type":"ImageObject","inLanguage":"fr-FR","@id":"https:\/\/regions-snetap-fsu.fr\/pdl\/#\/schema\/logo\/image\/","url":"https:\/\/regions-snetap-fsu.fr\/pdl\/wp-content\/uploads\/sites\/4\/2020\/12\/SNETAP-Logo.jpg","contentUrl":"https:\/\/regions-snetap-fsu.fr\/pdl\/wp-content\/uploads\/sites\/4\/2020\/12\/SNETAP-Logo.jpg","width":464,"height":334,"caption":"SNETAP-FSU Pays de Loire"},"image":{"@id":"https:\/\/regions-snetap-fsu.fr\/pdl\/#\/schema\/logo\/image\/"}},{"@type":"Person","@id":"https:\/\/regions-snetap-fsu.fr\/pdl\/#\/schema\/person\/d4530af043f9e8d27bdd71c468ec93b1","name":"yvigner","image":{"@type":"ImageObject","inLanguage":"fr-FR","@id":"https:\/\/secure.gravatar.com\/avatar\/bc72baa6f2406549aecf77a837bc4f03dbe88472c1762138f868571430a23820?s=96&d=mm&r=g","url":"https:\/\/secure.gravatar.com\/avatar\/bc72baa6f2406549aecf77a837bc4f03dbe88472c1762138f868571430a23820?s=96&d=mm&r=g","contentUrl":"https:\/\/secure.gravatar.com\/avatar\/bc72baa6f2406549aecf77a837bc4f03dbe88472c1762138f868571430a23820?s=96&d=mm&r=g","caption":"yvigner"},"url":"https:\/\/regions-snetap-fsu.fr\/pdl\/author\/yvigner\/"}]}},"_links":{"self":[{"href":"https:\/\/regions-snetap-fsu.fr\/pdl\/wp-json\/wp\/v2\/posts\/2662","targetHints":{"allow":["GET"]}}],"collection":[{"href":"https:\/\/regions-snetap-fsu.fr\/pdl\/wp-json\/wp\/v2\/posts"}],"about":[{"href":"https:\/\/regions-snetap-fsu.fr\/pdl\/wp-json\/wp\/v2\/types\/post"}],"author":[{"embeddable":true,"href":"https:\/\/regions-snetap-fsu.fr\/pdl\/wp-json\/wp\/v2\/users\/2"}],"replies":[{"embeddable":true,"href":"https:\/\/regions-snetap-fsu.fr\/pdl\/wp-json\/wp\/v2\/comments?post=2662"}],"version-history":[{"count":2,"href":"https:\/\/regions-snetap-fsu.fr\/pdl\/wp-json\/wp\/v2\/posts\/2662\/revisions"}],"predecessor-version":[{"id":2681,"href":"https:\/\/regions-snetap-fsu.fr\/pdl\/wp-json\/wp\/v2\/posts\/2662\/revisions\/2681"}],"wp:attachment":[{"href":"https:\/\/regions-snetap-fsu.fr\/pdl\/wp-json\/wp\/v2\/media?parent=2662"}],"wp:term":[{"taxonomy":"category","embeddable":true,"href":"https:\/\/regions-snetap-fsu.fr\/pdl\/wp-json\/wp\/v2\/categories?post=2662"},{"taxonomy":"post_tag","embeddable":true,"href":"https:\/\/regions-snetap-fsu.fr\/pdl\/wp-json\/wp\/v2\/tags?post=2662"},{"taxonomy":"post_folder","embeddable":true,"href":"https:\/\/regions-snetap-fsu.fr\/pdl\/wp-json\/wp\/v2\/post_folder?post=2662"}],"curies":[{"name":"wp","href":"https:\/\/api.w.org\/{rel}","templated":true}]}}