{"id":2636,"date":"2018-09-04T23:53:14","date_gmt":"2018-09-04T21:53:14","guid":{"rendered":"https:\/\/regions-snetap-fsu.fr\/pdl\/?p=2636"},"modified":"2018-09-19T21:50:02","modified_gmt":"2018-09-19T19:50:02","slug":"communique-des-personnels-de-nantes-terre-atlantique-de-multiples-inquietudes-mais-une-absence-de-resignation","status":"publish","type":"post","link":"https:\/\/regions-snetap-fsu.fr\/pdl\/2018\/09\/04\/communique-des-personnels-de-nantes-terre-atlantique-de-multiples-inquietudes-mais-une-absence-de-resignation\/","title":{"rendered":"De multiples inqui\u00e9tudes MAIS une absence de r\u00e9signation"},"content":{"rendered":"<h3><strong>Communiqu\u00e9 des personnels de Nantes Terre Atlantique\u00a0<\/strong><\/h3>\n<p>Saint-Herblain le mardi 4 septembre 2018<\/p>\n<p>Les personnels du Lyc\u00e9e Agricole de Nantes Terre Atlantique se sont retrouv\u00e9s vendredi dernier 31 ao\u00fbt, jour de la pr\u00e9-rentr\u00e9e pour \u00e9changer et s&rsquo;informer sur la situation locale et nationale dans l&rsquo;Enseignement Agricole Public.<\/p>\n<p>La cinquantaine de personnes pr\u00e9sentes a pu exprimer fortement ses inqui\u00e9tudes et les menaces qui p\u00e8sent sur cet enseignement.\u00a0La loi \u00ab\u00a0libert\u00e9 de choisir son avenir professionnel\u00a0\u00bb vot\u00e9e dans l&rsquo;\u00e9t\u00e9 va bouleverser les \u00e9quilibres d\u00e9j\u00e0 fragiles de nos CFAs et CFPPAs en instaurant un march\u00e9 concurrentiel sans r\u00e9elle r\u00e9gulation.<\/p>\n<p>La r\u00e9forme du baccalaur\u00e9at risque d&rsquo;affaiblir fortement nos lyc\u00e9es qui ne pr\u00e9senteront que tr\u00e8s peu de sp\u00e9cialit\u00e9s au regard des sept minimales que pourront afficher les lyc\u00e9es de l\u2019\u00c9ducation Nationale.<\/p>\n<p>La pr\u00e9paration du budget 2019 reste une autre source d&rsquo;inqui\u00e9tude. La situation locale du Lyc\u00e9e Jules Rieffel avec la fermeture de la 3\u00e8me classe de seconde d\u00e9montre bien que seule la logique comptable est retenue par ce gouvernement contrairement \u00e0 ce qu&rsquo;a pu dire M. Travert lors de son message de rentr\u00e9e pour l&rsquo;enseignement agricole public.<\/p>\n<p>Les personnes pr\u00e9sentes \u00e0 cette r\u00e9union ont r\u00e9affirm\u00e9 tr\u00e8s fortement qu&rsquo;elles n&rsquo;acceptaient pas la d\u00e9cision de fermer cette classe, fermeture d\u00e9cid\u00e9e malgr\u00e9 le soutien fort des parents, \u00e9l\u00e8ves et responsables politiques locaux (R\u00e9gion, d\u00e9put\u00e9s et municipalit\u00e9s).\u00a0Pour rappel, douze familles n&rsquo;ont pas pu voir leurs v\u0153ux exhauss\u00e9s et ont du trouver une autre solution en d\u00e9but d&rsquo;\u00e9t\u00e9.<\/p>\n<p>La rencontre du 20 juin \u00e0 la DGER ainsi que le courrier dans l&rsquo;\u00e9t\u00e9 de Monsieur Travert aux d\u00e9put\u00e9s Mme Brunet et M. De Rugy, d\u00e9montrent une nouvelle fois le complet d\u00e9calage entre la volont\u00e9 et les besoins locaux et la politique centralisatrice du gouvernement.<\/p>\n<p>Le report sans date de l&rsquo;ouverture de la fili\u00e8re Bac pro CGEA est aussi un signe n\u00e9gatif envoy\u00e9 \u00e0 la profession agricole et au lyc\u00e9e alors que les besoins de renouvellement d&rsquo;id\u00e9es et de main d\u2019\u0153uvre dans ce domaine sont tr\u00e8s importants.\u00a0Nous demandons d\u00e8s aujourd&rsquo;hui une nouvelle rencontre aupr\u00e8s de la DGER, comme elle nous l&rsquo;avait sugg\u00e9r\u00e9 en juin dernier pour r\u00e9-ouvrir cette classe de seconde g\u00e9n\u00e9rale et technologique au vu des demandes des familles en juin dernier.<\/p>\n<p align=\"right\"><strong>Pour les personnels<\/strong><\/p>\n<p align=\"right\"><strong>Jeanne-Marie Rousseau et\u00a0<\/strong><strong>G\u00e9rard Richard<\/strong><\/p>\n","protected":false},"excerpt":{"rendered":"<p>Communiqu\u00e9 des personnels de Nantes Terre Atlantique\u00a0 Saint-Herblain le mardi 4 septembre 2018 Les personnels du Lyc\u00e9e Agricole de Nantes Terre Atlantique se sont retrouv\u00e9s vendredi dernier 31 ao\u00fbt, jour de la pr\u00e9-rentr\u00e9e pour \u00e9changer et s&rsquo;informer sur la situation locale et nationale dans l&rsquo;Enseignement Agricole Public. La cinquantaine de personnes pr\u00e9sentes a pu exprimer [&hellip;]<\/p>\n","protected":false},"author":2,"featured_media":0,"comment_status":"closed","ping_status":"closed","sticky":false,"template":"","format":"standard","meta":{"ocean_post_layout":"","ocean_both_sidebars_style":"","ocean_both_sidebars_content_width":0,"ocean_both_sidebars_sidebars_width":0,"ocean_sidebar":"","ocean_second_sidebar":"","ocean_disable_margins":"enable","ocean_add_body_class":"","ocean_shortcode_before_top_bar":"","ocean_shortcode_after_top_bar":"","ocean_shortcode_before_header":"","ocean_shortcode_after_header":"","ocean_has_shortcode":"","ocean_shortcode_after_title":"","ocean_shortcode_before_footer_widgets":"","ocean_shortcode_after_footer_widgets":"","ocean_shortcode_before_footer_bottom":"","ocean_shortcode_after_footer_bottom":"","ocean_display_top_bar":"default","ocean_display_header":"default","ocean_header_style":"","ocean_center_header_left_menu":"","ocean_custom_header_template":"","ocean_custom_logo":0,"ocean_custom_retina_logo":0,"ocean_custom_logo_max_width":0,"ocean_custom_logo_tablet_max_width":0,"ocean_custom_logo_mobile_max_width":0,"ocean_custom_logo_max_height":0,"ocean_custom_logo_tablet_max_height":0,"ocean_custom_logo_mobile_max_height":0,"ocean_header_custom_menu":"","ocean_menu_typo_font_family":"","ocean_menu_typo_font_subset":"","ocean_menu_typo_font_size":0,"ocean_menu_typo_font_size_tablet":0,"ocean_menu_typo_font_size_mobile":0,"ocean_menu_typo_font_size_unit":"px","ocean_menu_typo_font_weight":"","ocean_menu_typo_font_weight_tablet":"","ocean_menu_typo_font_weight_mobile":"","ocean_menu_typo_transform":"","ocean_menu_typo_transform_tablet":"","ocean_menu_typo_transform_mobile":"","ocean_menu_typo_line_height":0,"ocean_menu_typo_line_height_tablet":0,"ocean_menu_typo_line_height_mobile":0,"ocean_menu_typo_line_height_unit":"","ocean_menu_typo_spacing":0,"ocean_menu_typo_spacing_tablet":0,"ocean_menu_typo_spacing_mobile":0,"ocean_menu_typo_spacing_unit":"","ocean_menu_link_color":"","ocean_menu_link_color_hover":"","ocean_menu_link_color_active":"","ocean_menu_link_background":"","ocean_menu_link_hover_background":"","ocean_menu_link_active_background":"","ocean_menu_social_links_bg":"","ocean_menu_social_hover_links_bg":"","ocean_menu_social_links_color":"","ocean_menu_social_hover_links_color":"","ocean_disable_title":"default","ocean_disable_heading":"default","ocean_post_title":"","ocean_post_subheading":"","ocean_post_title_style":"","ocean_post_title_background_color":"","ocean_post_title_background":0,"ocean_post_title_bg_image_position":"","ocean_post_title_bg_image_attachment":"","ocean_post_title_bg_image_repeat":"","ocean_post_title_bg_image_size":"","ocean_post_title_height":0,"ocean_post_title_bg_overlay":0.5,"ocean_post_title_bg_overlay_color":"","ocean_disable_breadcrumbs":"default","ocean_breadcrumbs_color":"","ocean_breadcrumbs_separator_color":"","ocean_breadcrumbs_links_color":"","ocean_breadcrumbs_links_hover_color":"","ocean_display_footer_widgets":"default","ocean_display_footer_bottom":"default","ocean_custom_footer_template":"","ocean_post_oembed":"","ocean_post_self_hosted_media":"","ocean_post_video_embed":"","ocean_link_format":"","ocean_link_format_target":"self","ocean_quote_format":"","ocean_quote_format_link":"post","ocean_gallery_link_images":"on","ocean_gallery_id":[],"footnotes":""},"categories":[9,24],"tags":[],"post_folder":[],"class_list":["post-2636","post","type-post","status-publish","format-standard","hentry","category-actions-et-communiques","category-nantes-terre-atlantique","entry"],"yoast_head":"<!-- This site is optimized with the Yoast SEO plugin v27.4 - https:\/\/yoast.com\/product\/yoast-seo-wordpress\/ -->\n<title>De multiples inqui\u00e9tudes MAIS une absence de r\u00e9signation - PAYS DE LA LOIRE<\/title>\n<meta name=\"robots\" content=\"index, follow, max-snippet:-1, max-image-preview:large, max-video-preview:-1\" \/>\n<link rel=\"canonical\" href=\"https:\/\/regions-snetap-fsu.fr\/pdl\/2018\/09\/04\/communique-des-personnels-de-nantes-terre-atlantique-de-multiples-inquietudes-mais-une-absence-de-resignation\/\" \/>\n<meta property=\"og:locale\" content=\"fr_FR\" \/>\n<meta property=\"og:type\" content=\"article\" \/>\n<meta property=\"og:title\" content=\"De multiples inqui\u00e9tudes MAIS une absence de r\u00e9signation - PAYS DE LA LOIRE\" \/>\n<meta property=\"og:description\" content=\"Communiqu\u00e9 des personnels de Nantes Terre Atlantique\u00a0 Saint-Herblain le mardi 4 septembre 2018 Les personnels du Lyc\u00e9e Agricole de Nantes Terre Atlantique se sont retrouv\u00e9s vendredi dernier 31 ao\u00fbt, jour de la pr\u00e9-rentr\u00e9e pour \u00e9changer et s&rsquo;informer sur la situation locale et nationale dans l&rsquo;Enseignement Agricole Public. La cinquantaine de personnes pr\u00e9sentes a pu exprimer [&hellip;]\" \/>\n<meta property=\"og:url\" content=\"https:\/\/regions-snetap-fsu.fr\/pdl\/2018\/09\/04\/communique-des-personnels-de-nantes-terre-atlantique-de-multiples-inquietudes-mais-une-absence-de-resignation\/\" \/>\n<meta property=\"og:site_name\" content=\"PAYS DE LA LOIRE\" \/>\n<meta property=\"article:published_time\" content=\"2018-09-04T21:53:14+00:00\" \/>\n<meta property=\"article:modified_time\" content=\"2018-09-19T19:50:02+00:00\" \/>\n<meta name=\"author\" content=\"yvigner\" \/>\n<meta name=\"twitter:card\" content=\"summary_large_image\" \/>\n<meta name=\"twitter:label1\" content=\"\u00c9crit par\" \/>\n\t<meta name=\"twitter:data1\" content=\"yvigner\" \/>\n\t<meta name=\"twitter:label2\" content=\"Dur\u00e9e de lecture estim\u00e9e\" \/>\n\t<meta name=\"twitter:data2\" content=\"2 minutes\" \/>\n<script type=\"application\/ld+json\" class=\"yoast-schema-graph\">{\"@context\":\"https:\\\/\\\/schema.org\",\"@graph\":[{\"@type\":\"Article\",\"@id\":\"https:\\\/\\\/regions-snetap-fsu.fr\\\/pdl\\\/2018\\\/09\\\/04\\\/communique-des-personnels-de-nantes-terre-atlantique-de-multiples-inquietudes-mais-une-absence-de-resignation\\\/#article\",\"isPartOf\":{\"@id\":\"https:\\\/\\\/regions-snetap-fsu.fr\\\/pdl\\\/2018\\\/09\\\/04\\\/communique-des-personnels-de-nantes-terre-atlantique-de-multiples-inquietudes-mais-une-absence-de-resignation\\\/\"},\"author\":{\"name\":\"yvigner\",\"@id\":\"https:\\\/\\\/regions-snetap-fsu.fr\\\/pdl\\\/#\\\/schema\\\/person\\\/d4530af043f9e8d27bdd71c468ec93b1\"},\"headline\":\"De multiples inqui\u00e9tudes MAIS une absence de r\u00e9signation\",\"datePublished\":\"2018-09-04T21:53:14+00:00\",\"dateModified\":\"2018-09-19T19:50:02+00:00\",\"mainEntityOfPage\":{\"@id\":\"https:\\\/\\\/regions-snetap-fsu.fr\\\/pdl\\\/2018\\\/09\\\/04\\\/communique-des-personnels-de-nantes-terre-atlantique-de-multiples-inquietudes-mais-une-absence-de-resignation\\\/\"},\"wordCount\":446,\"publisher\":{\"@id\":\"https:\\\/\\\/regions-snetap-fsu.fr\\\/pdl\\\/#organization\"},\"articleSection\":[\"Communiqu\u00e9s\",\"Nantes Terre Atlantique\"],\"inLanguage\":\"fr-FR\"},{\"@type\":\"WebPage\",\"@id\":\"https:\\\/\\\/regions-snetap-fsu.fr\\\/pdl\\\/2018\\\/09\\\/04\\\/communique-des-personnels-de-nantes-terre-atlantique-de-multiples-inquietudes-mais-une-absence-de-resignation\\\/\",\"url\":\"https:\\\/\\\/regions-snetap-fsu.fr\\\/pdl\\\/2018\\\/09\\\/04\\\/communique-des-personnels-de-nantes-terre-atlantique-de-multiples-inquietudes-mais-une-absence-de-resignation\\\/\",\"name\":\"De multiples inqui\u00e9tudes MAIS une absence de r\u00e9signation - PAYS DE LA LOIRE\",\"isPartOf\":{\"@id\":\"https:\\\/\\\/regions-snetap-fsu.fr\\\/pdl\\\/#website\"},\"datePublished\":\"2018-09-04T21:53:14+00:00\",\"dateModified\":\"2018-09-19T19:50:02+00:00\",\"breadcrumb\":{\"@id\":\"https:\\\/\\\/regions-snetap-fsu.fr\\\/pdl\\\/2018\\\/09\\\/04\\\/communique-des-personnels-de-nantes-terre-atlantique-de-multiples-inquietudes-mais-une-absence-de-resignation\\\/#breadcrumb\"},\"inLanguage\":\"fr-FR\",\"potentialAction\":[{\"@type\":\"ReadAction\",\"target\":[\"https:\\\/\\\/regions-snetap-fsu.fr\\\/pdl\\\/2018\\\/09\\\/04\\\/communique-des-personnels-de-nantes-terre-atlantique-de-multiples-inquietudes-mais-une-absence-de-resignation\\\/\"]}]},{\"@type\":\"BreadcrumbList\",\"@id\":\"https:\\\/\\\/regions-snetap-fsu.fr\\\/pdl\\\/2018\\\/09\\\/04\\\/communique-des-personnels-de-nantes-terre-atlantique-de-multiples-inquietudes-mais-une-absence-de-resignation\\\/#breadcrumb\",\"itemListElement\":[{\"@type\":\"ListItem\",\"position\":1,\"name\":\"Accueil\",\"item\":\"https:\\\/\\\/regions-snetap-fsu.fr\\\/pdl\\\/\"},{\"@type\":\"ListItem\",\"position\":2,\"name\":\"De multiples inqui\u00e9tudes MAIS une absence de r\u00e9signation\"}]},{\"@type\":\"WebSite\",\"@id\":\"https:\\\/\\\/regions-snetap-fsu.fr\\\/pdl\\\/#website\",\"url\":\"https:\\\/\\\/regions-snetap-fsu.fr\\\/pdl\\\/\",\"name\":\"SNETAP-FSU PAYS DE LA LOIRE\",\"description\":\"SECTION REGIONALE\",\"publisher\":{\"@id\":\"https:\\\/\\\/regions-snetap-fsu.fr\\\/pdl\\\/#organization\"},\"potentialAction\":[{\"@type\":\"SearchAction\",\"target\":{\"@type\":\"EntryPoint\",\"urlTemplate\":\"https:\\\/\\\/regions-snetap-fsu.fr\\\/pdl\\\/?s={search_term_string}\"},\"query-input\":{\"@type\":\"PropertyValueSpecification\",\"valueRequired\":true,\"valueName\":\"search_term_string\"}}],\"inLanguage\":\"fr-FR\"},{\"@type\":\"Organization\",\"@id\":\"https:\\\/\\\/regions-snetap-fsu.fr\\\/pdl\\\/#organization\",\"name\":\"SNETAP-FSU Pays de Loire\",\"url\":\"https:\\\/\\\/regions-snetap-fsu.fr\\\/pdl\\\/\",\"logo\":{\"@type\":\"ImageObject\",\"inLanguage\":\"fr-FR\",\"@id\":\"https:\\\/\\\/regions-snetap-fsu.fr\\\/pdl\\\/#\\\/schema\\\/logo\\\/image\\\/\",\"url\":\"https:\\\/\\\/regions-snetap-fsu.fr\\\/pdl\\\/wp-content\\\/uploads\\\/sites\\\/4\\\/2020\\\/12\\\/SNETAP-Logo.jpg\",\"contentUrl\":\"https:\\\/\\\/regions-snetap-fsu.fr\\\/pdl\\\/wp-content\\\/uploads\\\/sites\\\/4\\\/2020\\\/12\\\/SNETAP-Logo.jpg\",\"width\":464,\"height\":334,\"caption\":\"SNETAP-FSU Pays de Loire\"},\"image\":{\"@id\":\"https:\\\/\\\/regions-snetap-fsu.fr\\\/pdl\\\/#\\\/schema\\\/logo\\\/image\\\/\"}},{\"@type\":\"Person\",\"@id\":\"https:\\\/\\\/regions-snetap-fsu.fr\\\/pdl\\\/#\\\/schema\\\/person\\\/d4530af043f9e8d27bdd71c468ec93b1\",\"name\":\"yvigner\",\"image\":{\"@type\":\"ImageObject\",\"inLanguage\":\"fr-FR\",\"@id\":\"https:\\\/\\\/secure.gravatar.com\\\/avatar\\\/bc72baa6f2406549aecf77a837bc4f03dbe88472c1762138f868571430a23820?s=96&d=mm&r=g\",\"url\":\"https:\\\/\\\/secure.gravatar.com\\\/avatar\\\/bc72baa6f2406549aecf77a837bc4f03dbe88472c1762138f868571430a23820?s=96&d=mm&r=g\",\"contentUrl\":\"https:\\\/\\\/secure.gravatar.com\\\/avatar\\\/bc72baa6f2406549aecf77a837bc4f03dbe88472c1762138f868571430a23820?s=96&d=mm&r=g\",\"caption\":\"yvigner\"},\"url\":\"https:\\\/\\\/regions-snetap-fsu.fr\\\/pdl\\\/author\\\/yvigner\\\/\"}]}<\/script>\n<!-- \/ Yoast SEO plugin. -->","yoast_head_json":{"title":"De multiples inqui\u00e9tudes MAIS une absence de r\u00e9signation - PAYS DE LA LOIRE","robots":{"index":"index","follow":"follow","max-snippet":"max-snippet:-1","max-image-preview":"max-image-preview:large","max-video-preview":"max-video-preview:-1"},"canonical":"https:\/\/regions-snetap-fsu.fr\/pdl\/2018\/09\/04\/communique-des-personnels-de-nantes-terre-atlantique-de-multiples-inquietudes-mais-une-absence-de-resignation\/","og_locale":"fr_FR","og_type":"article","og_title":"De multiples inqui\u00e9tudes MAIS une absence de r\u00e9signation - PAYS DE LA LOIRE","og_description":"Communiqu\u00e9 des personnels de Nantes Terre Atlantique\u00a0 Saint-Herblain le mardi 4 septembre 2018 Les personnels du Lyc\u00e9e Agricole de Nantes Terre Atlantique se sont retrouv\u00e9s vendredi dernier 31 ao\u00fbt, jour de la pr\u00e9-rentr\u00e9e pour \u00e9changer et s&rsquo;informer sur la situation locale et nationale dans l&rsquo;Enseignement Agricole Public. La cinquantaine de personnes pr\u00e9sentes a pu exprimer [&hellip;]","og_url":"https:\/\/regions-snetap-fsu.fr\/pdl\/2018\/09\/04\/communique-des-personnels-de-nantes-terre-atlantique-de-multiples-inquietudes-mais-une-absence-de-resignation\/","og_site_name":"PAYS DE LA LOIRE","article_published_time":"2018-09-04T21:53:14+00:00","article_modified_time":"2018-09-19T19:50:02+00:00","author":"yvigner","twitter_card":"summary_large_image","twitter_misc":{"\u00c9crit par":"yvigner","Dur\u00e9e de lecture estim\u00e9e":"2 minutes"},"schema":{"@context":"https:\/\/schema.org","@graph":[{"@type":"Article","@id":"https:\/\/regions-snetap-fsu.fr\/pdl\/2018\/09\/04\/communique-des-personnels-de-nantes-terre-atlantique-de-multiples-inquietudes-mais-une-absence-de-resignation\/#article","isPartOf":{"@id":"https:\/\/regions-snetap-fsu.fr\/pdl\/2018\/09\/04\/communique-des-personnels-de-nantes-terre-atlantique-de-multiples-inquietudes-mais-une-absence-de-resignation\/"},"author":{"name":"yvigner","@id":"https:\/\/regions-snetap-fsu.fr\/pdl\/#\/schema\/person\/d4530af043f9e8d27bdd71c468ec93b1"},"headline":"De multiples inqui\u00e9tudes MAIS une absence de r\u00e9signation","datePublished":"2018-09-04T21:53:14+00:00","dateModified":"2018-09-19T19:50:02+00:00","mainEntityOfPage":{"@id":"https:\/\/regions-snetap-fsu.fr\/pdl\/2018\/09\/04\/communique-des-personnels-de-nantes-terre-atlantique-de-multiples-inquietudes-mais-une-absence-de-resignation\/"},"wordCount":446,"publisher":{"@id":"https:\/\/regions-snetap-fsu.fr\/pdl\/#organization"},"articleSection":["Communiqu\u00e9s","Nantes Terre Atlantique"],"inLanguage":"fr-FR"},{"@type":"WebPage","@id":"https:\/\/regions-snetap-fsu.fr\/pdl\/2018\/09\/04\/communique-des-personnels-de-nantes-terre-atlantique-de-multiples-inquietudes-mais-une-absence-de-resignation\/","url":"https:\/\/regions-snetap-fsu.fr\/pdl\/2018\/09\/04\/communique-des-personnels-de-nantes-terre-atlantique-de-multiples-inquietudes-mais-une-absence-de-resignation\/","name":"De multiples inqui\u00e9tudes MAIS une absence de r\u00e9signation - PAYS DE LA LOIRE","isPartOf":{"@id":"https:\/\/regions-snetap-fsu.fr\/pdl\/#website"},"datePublished":"2018-09-04T21:53:14+00:00","dateModified":"2018-09-19T19:50:02+00:00","breadcrumb":{"@id":"https:\/\/regions-snetap-fsu.fr\/pdl\/2018\/09\/04\/communique-des-personnels-de-nantes-terre-atlantique-de-multiples-inquietudes-mais-une-absence-de-resignation\/#breadcrumb"},"inLanguage":"fr-FR","potentialAction":[{"@type":"ReadAction","target":["https:\/\/regions-snetap-fsu.fr\/pdl\/2018\/09\/04\/communique-des-personnels-de-nantes-terre-atlantique-de-multiples-inquietudes-mais-une-absence-de-resignation\/"]}]},{"@type":"BreadcrumbList","@id":"https:\/\/regions-snetap-fsu.fr\/pdl\/2018\/09\/04\/communique-des-personnels-de-nantes-terre-atlantique-de-multiples-inquietudes-mais-une-absence-de-resignation\/#breadcrumb","itemListElement":[{"@type":"ListItem","position":1,"name":"Accueil","item":"https:\/\/regions-snetap-fsu.fr\/pdl\/"},{"@type":"ListItem","position":2,"name":"De multiples inqui\u00e9tudes MAIS une absence de r\u00e9signation"}]},{"@type":"WebSite","@id":"https:\/\/regions-snetap-fsu.fr\/pdl\/#website","url":"https:\/\/regions-snetap-fsu.fr\/pdl\/","name":"SNETAP-FSU PAYS DE LA LOIRE","description":"SECTION REGIONALE","publisher":{"@id":"https:\/\/regions-snetap-fsu.fr\/pdl\/#organization"},"potentialAction":[{"@type":"SearchAction","target":{"@type":"EntryPoint","urlTemplate":"https:\/\/regions-snetap-fsu.fr\/pdl\/?s={search_term_string}"},"query-input":{"@type":"PropertyValueSpecification","valueRequired":true,"valueName":"search_term_string"}}],"inLanguage":"fr-FR"},{"@type":"Organization","@id":"https:\/\/regions-snetap-fsu.fr\/pdl\/#organization","name":"SNETAP-FSU Pays de Loire","url":"https:\/\/regions-snetap-fsu.fr\/pdl\/","logo":{"@type":"ImageObject","inLanguage":"fr-FR","@id":"https:\/\/regions-snetap-fsu.fr\/pdl\/#\/schema\/logo\/image\/","url":"https:\/\/regions-snetap-fsu.fr\/pdl\/wp-content\/uploads\/sites\/4\/2020\/12\/SNETAP-Logo.jpg","contentUrl":"https:\/\/regions-snetap-fsu.fr\/pdl\/wp-content\/uploads\/sites\/4\/2020\/12\/SNETAP-Logo.jpg","width":464,"height":334,"caption":"SNETAP-FSU Pays de Loire"},"image":{"@id":"https:\/\/regions-snetap-fsu.fr\/pdl\/#\/schema\/logo\/image\/"}},{"@type":"Person","@id":"https:\/\/regions-snetap-fsu.fr\/pdl\/#\/schema\/person\/d4530af043f9e8d27bdd71c468ec93b1","name":"yvigner","image":{"@type":"ImageObject","inLanguage":"fr-FR","@id":"https:\/\/secure.gravatar.com\/avatar\/bc72baa6f2406549aecf77a837bc4f03dbe88472c1762138f868571430a23820?s=96&d=mm&r=g","url":"https:\/\/secure.gravatar.com\/avatar\/bc72baa6f2406549aecf77a837bc4f03dbe88472c1762138f868571430a23820?s=96&d=mm&r=g","contentUrl":"https:\/\/secure.gravatar.com\/avatar\/bc72baa6f2406549aecf77a837bc4f03dbe88472c1762138f868571430a23820?s=96&d=mm&r=g","caption":"yvigner"},"url":"https:\/\/regions-snetap-fsu.fr\/pdl\/author\/yvigner\/"}]}},"_links":{"self":[{"href":"https:\/\/regions-snetap-fsu.fr\/pdl\/wp-json\/wp\/v2\/posts\/2636","targetHints":{"allow":["GET"]}}],"collection":[{"href":"https:\/\/regions-snetap-fsu.fr\/pdl\/wp-json\/wp\/v2\/posts"}],"about":[{"href":"https:\/\/regions-snetap-fsu.fr\/pdl\/wp-json\/wp\/v2\/types\/post"}],"author":[{"embeddable":true,"href":"https:\/\/regions-snetap-fsu.fr\/pdl\/wp-json\/wp\/v2\/users\/2"}],"replies":[{"embeddable":true,"href":"https:\/\/regions-snetap-fsu.fr\/pdl\/wp-json\/wp\/v2\/comments?post=2636"}],"version-history":[{"count":4,"href":"https:\/\/regions-snetap-fsu.fr\/pdl\/wp-json\/wp\/v2\/posts\/2636\/revisions"}],"predecessor-version":[{"id":2640,"href":"https:\/\/regions-snetap-fsu.fr\/pdl\/wp-json\/wp\/v2\/posts\/2636\/revisions\/2640"}],"wp:attachment":[{"href":"https:\/\/regions-snetap-fsu.fr\/pdl\/wp-json\/wp\/v2\/media?parent=2636"}],"wp:term":[{"taxonomy":"category","embeddable":true,"href":"https:\/\/regions-snetap-fsu.fr\/pdl\/wp-json\/wp\/v2\/categories?post=2636"},{"taxonomy":"post_tag","embeddable":true,"href":"https:\/\/regions-snetap-fsu.fr\/pdl\/wp-json\/wp\/v2\/tags?post=2636"},{"taxonomy":"post_folder","embeddable":true,"href":"https:\/\/regions-snetap-fsu.fr\/pdl\/wp-json\/wp\/v2\/post_folder?post=2636"}],"curies":[{"name":"wp","href":"https:\/\/api.w.org\/{rel}","templated":true}]}}