{"id":250,"date":"2017-01-04T01:31:57","date_gmt":"2017-01-04T00:31:57","guid":{"rendered":"http:\/\/snetap-fsu.fr\/comp\/pdl\/?p=250"},"modified":"2018-09-19T21:58:42","modified_gmt":"2018-09-19T19:58:42","slug":"pisani-on-continue-la-lutte","status":"publish","type":"post","link":"https:\/\/regions-snetap-fsu.fr\/pdl\/2017\/01\/04\/pisani-on-continue-la-lutte\/","title":{"rendered":"PISANI, on continue la lutte !"},"content":{"rendered":"<h2 style=\"text-align: justify\">PISANI, on continue la lutte !<\/h2>\n<p style=\"text-align: justify\">A tous les coll\u00e8gues, voici une proposition d&rsquo;action pour soutenir les coll\u00e8gues du LPA de Montreuil Bellay qui continue la lutte pour sauver \u00e0 la rentr\u00e9e de 2017 un poste d&rsquo;ESC (sur 2 dans le lyc\u00e9e). <strong>ILS SERONT EN GR\u00c9VE LE JEUDI 5 JANVIER 2017 !<\/strong><\/p>\n<ol>\n<li style=\"text-align: justify\"><strong>Continuez \u00e0 signer la p\u00e9tition en ligne<\/strong> si vous ne l&rsquo;avez pas encore fait :\u00a0http:\/\/www.snetap-fsu.fr\/PISANI-reviens-ils-sont-devenus.html<\/li>\n<li style=\"text-align: justify\"><strong>Copiez\/collez ce texte et envoyez le par\u00a0mail \u00a0le 5 janvier (jour de la gr\u00e8ve)\u00a0\u00e0\u00a0destination<\/strong> de Valerie lepage (proviseur), Frank Blach\u00e8re (Driecteur)\u00a0Philippe Nenon (SRFD), Mme Lebon (DRAAF des Pays de la Loire) philippe\u00a0vin\u00e7on (DGER)<\/li>\n<\/ol>\n<p>valerie.lepage@educagri.fr \u00a0; frank.blachere@educagri.fr \u00a0; philippe.nenon@educagri.fr \u00a0 ; claudine.lebon@agriculture.gouv.fr \u00a0; philippe.vincon@agriculture.gouv.fr<\/p>\n<p style=\"text-align: justify\"><em>Madame, Monsieur,\u00a0<\/em><br \/>\n<em>Nous constatons, \u00e0 la lecture de la note de service sur le mouvement des\u00a0titulaires pour la rentr\u00e9e 2017, \u00a0la suppression d\u2019un poste\u00a0 pour la\u00a0chaire ESC .\u00a0La dotation serait en effet ,\u00a0 ramen\u00e9e \u00e0 1 ETP pour la rentr\u00e9e scolaire\u00a0prochaine puisque le deuxi\u00e8me poste n\u2019appara\u00eet pas vacant suite au\u00a0<\/em><em>d\u00e9part du titulaire en place \u00e0 la retraite.\u00a0D\u00e9j\u00e0, l\u2019an dernier , cette suppression avait \u00e9t\u00e9 un temps envisag\u00e9\u00a0pour finalement maintenir la dotation \u00e0 2ETP . Nous ne comprenons pas\u00a0cette d\u00e9cision puisque les conditions et les besoins en heures d\u2019ESC\u00a0n\u2019ont pas chang\u00e9 depuis l\u2019an dernier, ni sur Montreuil-Bellay, ni sur\u00a0Angers.\u00a0C&rsquo;est \u00e0 la rentr\u00e9e 2015 que ce poste a \u00e9t\u00e9 en sa totalit\u00e9 affect\u00e9 \u00e0 \u00a0Montreuil-Bellay afin de tenir compte d&rsquo;une situation personnelle\u00a0particuli\u00e8re. Il nous semble naturel qu&rsquo;avec le d\u00e9part de l&rsquo;agent, ce\u00a0poste retrouve sa configuration initiale, c&rsquo;est \u00e0 dire \u00e0 70% sur\u00a0Montreuil-Bellay et 30% sur Angers, surtout que les heures effectu\u00e9es par\u00a0les 5 ETP en ESC sur ces 2 EPL justifient de mani\u00e8re comptable,\u00a0l&rsquo;existence de ces 5 postes.\u00a0\u00a0 Nous souhaitons donc le r\u00e9tablissement de ce deuxi\u00e8me ETP entier\u00a0d\u2019ESC sur le lyc\u00e9e de Montreuil-Bellay avec un compl\u00e9ment de service\u00a0au\u00a0 LEGTA d\u2019Angers.<\/em><\/p>\n<p>&nbsp;<br \/>\n&nbsp;<br \/>\nQue notre lutte soit b\u00e9n\u00e9fique!<\/p>\n","protected":false},"excerpt":{"rendered":"<p>PISANI, on continue la lutte ! A tous les coll\u00e8gues, voici une proposition d&rsquo;action pour soutenir les coll\u00e8gues du LPA de Montreuil Bellay qui continue la lutte pour sauver \u00e0 la rentr\u00e9e de 2017 un poste d&rsquo;ESC (sur 2 dans le lyc\u00e9e). ILS SERONT EN GR\u00c9VE LE JEUDI 5 JANVIER 2017 ! Continuez \u00e0 signer [&hellip;]<\/p>\n","protected":false},"author":2,"featured_media":0,"comment_status":"closed","ping_status":"closed","sticky":false,"template":"","format":"standard","meta":{"ocean_post_layout":"","ocean_both_sidebars_style":"","ocean_both_sidebars_content_width":0,"ocean_both_sidebars_sidebars_width":0,"ocean_sidebar":"","ocean_second_sidebar":"","ocean_disable_margins":"enable","ocean_add_body_class":"","ocean_shortcode_before_top_bar":"","ocean_shortcode_after_top_bar":"","ocean_shortcode_before_header":"","ocean_shortcode_after_header":"","ocean_has_shortcode":"","ocean_shortcode_after_title":"","ocean_shortcode_before_footer_widgets":"","ocean_shortcode_after_footer_widgets":"","ocean_shortcode_before_footer_bottom":"","ocean_shortcode_after_footer_bottom":"","ocean_display_top_bar":"default","ocean_display_header":"default","ocean_header_style":"","ocean_center_header_left_menu":"","ocean_custom_header_template":"","ocean_custom_logo":0,"ocean_custom_retina_logo":0,"ocean_custom_logo_max_width":0,"ocean_custom_logo_tablet_max_width":0,"ocean_custom_logo_mobile_max_width":0,"ocean_custom_logo_max_height":0,"ocean_custom_logo_tablet_max_height":0,"ocean_custom_logo_mobile_max_height":0,"ocean_header_custom_menu":"","ocean_menu_typo_font_family":"","ocean_menu_typo_font_subset":"","ocean_menu_typo_font_size":0,"ocean_menu_typo_font_size_tablet":0,"ocean_menu_typo_font_size_mobile":0,"ocean_menu_typo_font_size_unit":"px","ocean_menu_typo_font_weight":"","ocean_menu_typo_font_weight_tablet":"","ocean_menu_typo_font_weight_mobile":"","ocean_menu_typo_transform":"","ocean_menu_typo_transform_tablet":"","ocean_menu_typo_transform_mobile":"","ocean_menu_typo_line_height":0,"ocean_menu_typo_line_height_tablet":0,"ocean_menu_typo_line_height_mobile":0,"ocean_menu_typo_line_height_unit":"","ocean_menu_typo_spacing":0,"ocean_menu_typo_spacing_tablet":0,"ocean_menu_typo_spacing_mobile":0,"ocean_menu_typo_spacing_unit":"","ocean_menu_link_color":"","ocean_menu_link_color_hover":"","ocean_menu_link_color_active":"","ocean_menu_link_background":"","ocean_menu_link_hover_background":"","ocean_menu_link_active_background":"","ocean_menu_social_links_bg":"","ocean_menu_social_hover_links_bg":"","ocean_menu_social_links_color":"","ocean_menu_social_hover_links_color":"","ocean_disable_title":"default","ocean_disable_heading":"default","ocean_post_title":"","ocean_post_subheading":"","ocean_post_title_style":"","ocean_post_title_background_color":"","ocean_post_title_background":0,"ocean_post_title_bg_image_position":"","ocean_post_title_bg_image_attachment":"","ocean_post_title_bg_image_repeat":"","ocean_post_title_bg_image_size":"","ocean_post_title_height":0,"ocean_post_title_bg_overlay":0.5,"ocean_post_title_bg_overlay_color":"","ocean_disable_breadcrumbs":"default","ocean_breadcrumbs_color":"","ocean_breadcrumbs_separator_color":"","ocean_breadcrumbs_links_color":"","ocean_breadcrumbs_links_hover_color":"","ocean_display_footer_widgets":"default","ocean_display_footer_bottom":"default","ocean_custom_footer_template":"","ocean_post_oembed":"","ocean_post_self_hosted_media":"","ocean_post_video_embed":"","ocean_link_format":"","ocean_link_format_target":"self","ocean_quote_format":"","ocean_quote_format_link":"post","ocean_gallery_link_images":"on","ocean_gallery_id":[],"footnotes":""},"categories":[9,23],"tags":[],"post_folder":[],"class_list":["post-250","post","type-post","status-publish","format-standard","hentry","category-actions-et-communiques","category-montreuil-bellay","entry"],"yoast_head":"<!-- This site is optimized with the Yoast SEO plugin v27.4 - https:\/\/yoast.com\/product\/yoast-seo-wordpress\/ -->\n<title>PISANI, on continue la lutte ! - PAYS DE LA LOIRE<\/title>\n<meta name=\"robots\" content=\"index, follow, max-snippet:-1, max-image-preview:large, max-video-preview:-1\" \/>\n<link rel=\"canonical\" href=\"https:\/\/regions-snetap-fsu.fr\/pdl\/2017\/01\/04\/pisani-on-continue-la-lutte\/\" \/>\n<meta property=\"og:locale\" content=\"fr_FR\" \/>\n<meta property=\"og:type\" content=\"article\" \/>\n<meta property=\"og:title\" content=\"PISANI, on continue la lutte ! - PAYS DE LA LOIRE\" \/>\n<meta property=\"og:description\" content=\"PISANI, on continue la lutte ! A tous les coll\u00e8gues, voici une proposition d&rsquo;action pour soutenir les coll\u00e8gues du LPA de Montreuil Bellay qui continue la lutte pour sauver \u00e0 la rentr\u00e9e de 2017 un poste d&rsquo;ESC (sur 2 dans le lyc\u00e9e). ILS SERONT EN GR\u00c9VE LE JEUDI 5 JANVIER 2017 ! Continuez \u00e0 signer [&hellip;]\" \/>\n<meta property=\"og:url\" content=\"https:\/\/regions-snetap-fsu.fr\/pdl\/2017\/01\/04\/pisani-on-continue-la-lutte\/\" \/>\n<meta property=\"og:site_name\" content=\"PAYS DE LA LOIRE\" \/>\n<meta property=\"article:published_time\" content=\"2017-01-04T00:31:57+00:00\" \/>\n<meta property=\"article:modified_time\" content=\"2018-09-19T19:58:42+00:00\" \/>\n<meta name=\"author\" content=\"yvigner\" \/>\n<meta name=\"twitter:card\" content=\"summary_large_image\" \/>\n<meta name=\"twitter:label1\" content=\"\u00c9crit par\" \/>\n\t<meta name=\"twitter:data1\" content=\"yvigner\" \/>\n\t<meta name=\"twitter:label2\" content=\"Dur\u00e9e de lecture estim\u00e9e\" \/>\n\t<meta name=\"twitter:data2\" content=\"2 minutes\" \/>\n<script type=\"application\/ld+json\" class=\"yoast-schema-graph\">{\"@context\":\"https:\\\/\\\/schema.org\",\"@graph\":[{\"@type\":\"Article\",\"@id\":\"https:\\\/\\\/regions-snetap-fsu.fr\\\/pdl\\\/2017\\\/01\\\/04\\\/pisani-on-continue-la-lutte\\\/#article\",\"isPartOf\":{\"@id\":\"https:\\\/\\\/regions-snetap-fsu.fr\\\/pdl\\\/2017\\\/01\\\/04\\\/pisani-on-continue-la-lutte\\\/\"},\"author\":{\"name\":\"yvigner\",\"@id\":\"https:\\\/\\\/regions-snetap-fsu.fr\\\/pdl\\\/#\\\/schema\\\/person\\\/d4530af043f9e8d27bdd71c468ec93b1\"},\"headline\":\"PISANI, on continue la lutte !\",\"datePublished\":\"2017-01-04T00:31:57+00:00\",\"dateModified\":\"2018-09-19T19:58:42+00:00\",\"mainEntityOfPage\":{\"@id\":\"https:\\\/\\\/regions-snetap-fsu.fr\\\/pdl\\\/2017\\\/01\\\/04\\\/pisani-on-continue-la-lutte\\\/\"},\"wordCount\":366,\"publisher\":{\"@id\":\"https:\\\/\\\/regions-snetap-fsu.fr\\\/pdl\\\/#organization\"},\"articleSection\":[\"Communiqu\u00e9s\",\"Montreuil Bellay\"],\"inLanguage\":\"fr-FR\"},{\"@type\":\"WebPage\",\"@id\":\"https:\\\/\\\/regions-snetap-fsu.fr\\\/pdl\\\/2017\\\/01\\\/04\\\/pisani-on-continue-la-lutte\\\/\",\"url\":\"https:\\\/\\\/regions-snetap-fsu.fr\\\/pdl\\\/2017\\\/01\\\/04\\\/pisani-on-continue-la-lutte\\\/\",\"name\":\"PISANI, on continue la lutte ! - PAYS DE LA LOIRE\",\"isPartOf\":{\"@id\":\"https:\\\/\\\/regions-snetap-fsu.fr\\\/pdl\\\/#website\"},\"datePublished\":\"2017-01-04T00:31:57+00:00\",\"dateModified\":\"2018-09-19T19:58:42+00:00\",\"breadcrumb\":{\"@id\":\"https:\\\/\\\/regions-snetap-fsu.fr\\\/pdl\\\/2017\\\/01\\\/04\\\/pisani-on-continue-la-lutte\\\/#breadcrumb\"},\"inLanguage\":\"fr-FR\",\"potentialAction\":[{\"@type\":\"ReadAction\",\"target\":[\"https:\\\/\\\/regions-snetap-fsu.fr\\\/pdl\\\/2017\\\/01\\\/04\\\/pisani-on-continue-la-lutte\\\/\"]}]},{\"@type\":\"BreadcrumbList\",\"@id\":\"https:\\\/\\\/regions-snetap-fsu.fr\\\/pdl\\\/2017\\\/01\\\/04\\\/pisani-on-continue-la-lutte\\\/#breadcrumb\",\"itemListElement\":[{\"@type\":\"ListItem\",\"position\":1,\"name\":\"Accueil\",\"item\":\"https:\\\/\\\/regions-snetap-fsu.fr\\\/pdl\\\/\"},{\"@type\":\"ListItem\",\"position\":2,\"name\":\"PISANI, on continue la lutte !\"}]},{\"@type\":\"WebSite\",\"@id\":\"https:\\\/\\\/regions-snetap-fsu.fr\\\/pdl\\\/#website\",\"url\":\"https:\\\/\\\/regions-snetap-fsu.fr\\\/pdl\\\/\",\"name\":\"SNETAP-FSU PAYS DE LA LOIRE\",\"description\":\"SECTION REGIONALE\",\"publisher\":{\"@id\":\"https:\\\/\\\/regions-snetap-fsu.fr\\\/pdl\\\/#organization\"},\"potentialAction\":[{\"@type\":\"SearchAction\",\"target\":{\"@type\":\"EntryPoint\",\"urlTemplate\":\"https:\\\/\\\/regions-snetap-fsu.fr\\\/pdl\\\/?s={search_term_string}\"},\"query-input\":{\"@type\":\"PropertyValueSpecification\",\"valueRequired\":true,\"valueName\":\"search_term_string\"}}],\"inLanguage\":\"fr-FR\"},{\"@type\":\"Organization\",\"@id\":\"https:\\\/\\\/regions-snetap-fsu.fr\\\/pdl\\\/#organization\",\"name\":\"SNETAP-FSU Pays de Loire\",\"url\":\"https:\\\/\\\/regions-snetap-fsu.fr\\\/pdl\\\/\",\"logo\":{\"@type\":\"ImageObject\",\"inLanguage\":\"fr-FR\",\"@id\":\"https:\\\/\\\/regions-snetap-fsu.fr\\\/pdl\\\/#\\\/schema\\\/logo\\\/image\\\/\",\"url\":\"https:\\\/\\\/regions-snetap-fsu.fr\\\/pdl\\\/wp-content\\\/uploads\\\/sites\\\/4\\\/2020\\\/12\\\/SNETAP-Logo.jpg\",\"contentUrl\":\"https:\\\/\\\/regions-snetap-fsu.fr\\\/pdl\\\/wp-content\\\/uploads\\\/sites\\\/4\\\/2020\\\/12\\\/SNETAP-Logo.jpg\",\"width\":464,\"height\":334,\"caption\":\"SNETAP-FSU Pays de Loire\"},\"image\":{\"@id\":\"https:\\\/\\\/regions-snetap-fsu.fr\\\/pdl\\\/#\\\/schema\\\/logo\\\/image\\\/\"}},{\"@type\":\"Person\",\"@id\":\"https:\\\/\\\/regions-snetap-fsu.fr\\\/pdl\\\/#\\\/schema\\\/person\\\/d4530af043f9e8d27bdd71c468ec93b1\",\"name\":\"yvigner\",\"image\":{\"@type\":\"ImageObject\",\"inLanguage\":\"fr-FR\",\"@id\":\"https:\\\/\\\/secure.gravatar.com\\\/avatar\\\/bc72baa6f2406549aecf77a837bc4f03dbe88472c1762138f868571430a23820?s=96&d=mm&r=g\",\"url\":\"https:\\\/\\\/secure.gravatar.com\\\/avatar\\\/bc72baa6f2406549aecf77a837bc4f03dbe88472c1762138f868571430a23820?s=96&d=mm&r=g\",\"contentUrl\":\"https:\\\/\\\/secure.gravatar.com\\\/avatar\\\/bc72baa6f2406549aecf77a837bc4f03dbe88472c1762138f868571430a23820?s=96&d=mm&r=g\",\"caption\":\"yvigner\"},\"url\":\"https:\\\/\\\/regions-snetap-fsu.fr\\\/pdl\\\/author\\\/yvigner\\\/\"}]}<\/script>\n<!-- \/ Yoast SEO plugin. -->","yoast_head_json":{"title":"PISANI, on continue la lutte ! - PAYS DE LA LOIRE","robots":{"index":"index","follow":"follow","max-snippet":"max-snippet:-1","max-image-preview":"max-image-preview:large","max-video-preview":"max-video-preview:-1"},"canonical":"https:\/\/regions-snetap-fsu.fr\/pdl\/2017\/01\/04\/pisani-on-continue-la-lutte\/","og_locale":"fr_FR","og_type":"article","og_title":"PISANI, on continue la lutte ! - PAYS DE LA LOIRE","og_description":"PISANI, on continue la lutte ! A tous les coll\u00e8gues, voici une proposition d&rsquo;action pour soutenir les coll\u00e8gues du LPA de Montreuil Bellay qui continue la lutte pour sauver \u00e0 la rentr\u00e9e de 2017 un poste d&rsquo;ESC (sur 2 dans le lyc\u00e9e). ILS SERONT EN GR\u00c9VE LE JEUDI 5 JANVIER 2017 ! Continuez \u00e0 signer [&hellip;]","og_url":"https:\/\/regions-snetap-fsu.fr\/pdl\/2017\/01\/04\/pisani-on-continue-la-lutte\/","og_site_name":"PAYS DE LA LOIRE","article_published_time":"2017-01-04T00:31:57+00:00","article_modified_time":"2018-09-19T19:58:42+00:00","author":"yvigner","twitter_card":"summary_large_image","twitter_misc":{"\u00c9crit par":"yvigner","Dur\u00e9e de lecture estim\u00e9e":"2 minutes"},"schema":{"@context":"https:\/\/schema.org","@graph":[{"@type":"Article","@id":"https:\/\/regions-snetap-fsu.fr\/pdl\/2017\/01\/04\/pisani-on-continue-la-lutte\/#article","isPartOf":{"@id":"https:\/\/regions-snetap-fsu.fr\/pdl\/2017\/01\/04\/pisani-on-continue-la-lutte\/"},"author":{"name":"yvigner","@id":"https:\/\/regions-snetap-fsu.fr\/pdl\/#\/schema\/person\/d4530af043f9e8d27bdd71c468ec93b1"},"headline":"PISANI, on continue la lutte !","datePublished":"2017-01-04T00:31:57+00:00","dateModified":"2018-09-19T19:58:42+00:00","mainEntityOfPage":{"@id":"https:\/\/regions-snetap-fsu.fr\/pdl\/2017\/01\/04\/pisani-on-continue-la-lutte\/"},"wordCount":366,"publisher":{"@id":"https:\/\/regions-snetap-fsu.fr\/pdl\/#organization"},"articleSection":["Communiqu\u00e9s","Montreuil Bellay"],"inLanguage":"fr-FR"},{"@type":"WebPage","@id":"https:\/\/regions-snetap-fsu.fr\/pdl\/2017\/01\/04\/pisani-on-continue-la-lutte\/","url":"https:\/\/regions-snetap-fsu.fr\/pdl\/2017\/01\/04\/pisani-on-continue-la-lutte\/","name":"PISANI, on continue la lutte ! - PAYS DE LA LOIRE","isPartOf":{"@id":"https:\/\/regions-snetap-fsu.fr\/pdl\/#website"},"datePublished":"2017-01-04T00:31:57+00:00","dateModified":"2018-09-19T19:58:42+00:00","breadcrumb":{"@id":"https:\/\/regions-snetap-fsu.fr\/pdl\/2017\/01\/04\/pisani-on-continue-la-lutte\/#breadcrumb"},"inLanguage":"fr-FR","potentialAction":[{"@type":"ReadAction","target":["https:\/\/regions-snetap-fsu.fr\/pdl\/2017\/01\/04\/pisani-on-continue-la-lutte\/"]}]},{"@type":"BreadcrumbList","@id":"https:\/\/regions-snetap-fsu.fr\/pdl\/2017\/01\/04\/pisani-on-continue-la-lutte\/#breadcrumb","itemListElement":[{"@type":"ListItem","position":1,"name":"Accueil","item":"https:\/\/regions-snetap-fsu.fr\/pdl\/"},{"@type":"ListItem","position":2,"name":"PISANI, on continue la lutte !"}]},{"@type":"WebSite","@id":"https:\/\/regions-snetap-fsu.fr\/pdl\/#website","url":"https:\/\/regions-snetap-fsu.fr\/pdl\/","name":"SNETAP-FSU PAYS DE LA LOIRE","description":"SECTION REGIONALE","publisher":{"@id":"https:\/\/regions-snetap-fsu.fr\/pdl\/#organization"},"potentialAction":[{"@type":"SearchAction","target":{"@type":"EntryPoint","urlTemplate":"https:\/\/regions-snetap-fsu.fr\/pdl\/?s={search_term_string}"},"query-input":{"@type":"PropertyValueSpecification","valueRequired":true,"valueName":"search_term_string"}}],"inLanguage":"fr-FR"},{"@type":"Organization","@id":"https:\/\/regions-snetap-fsu.fr\/pdl\/#organization","name":"SNETAP-FSU Pays de Loire","url":"https:\/\/regions-snetap-fsu.fr\/pdl\/","logo":{"@type":"ImageObject","inLanguage":"fr-FR","@id":"https:\/\/regions-snetap-fsu.fr\/pdl\/#\/schema\/logo\/image\/","url":"https:\/\/regions-snetap-fsu.fr\/pdl\/wp-content\/uploads\/sites\/4\/2020\/12\/SNETAP-Logo.jpg","contentUrl":"https:\/\/regions-snetap-fsu.fr\/pdl\/wp-content\/uploads\/sites\/4\/2020\/12\/SNETAP-Logo.jpg","width":464,"height":334,"caption":"SNETAP-FSU Pays de Loire"},"image":{"@id":"https:\/\/regions-snetap-fsu.fr\/pdl\/#\/schema\/logo\/image\/"}},{"@type":"Person","@id":"https:\/\/regions-snetap-fsu.fr\/pdl\/#\/schema\/person\/d4530af043f9e8d27bdd71c468ec93b1","name":"yvigner","image":{"@type":"ImageObject","inLanguage":"fr-FR","@id":"https:\/\/secure.gravatar.com\/avatar\/bc72baa6f2406549aecf77a837bc4f03dbe88472c1762138f868571430a23820?s=96&d=mm&r=g","url":"https:\/\/secure.gravatar.com\/avatar\/bc72baa6f2406549aecf77a837bc4f03dbe88472c1762138f868571430a23820?s=96&d=mm&r=g","contentUrl":"https:\/\/secure.gravatar.com\/avatar\/bc72baa6f2406549aecf77a837bc4f03dbe88472c1762138f868571430a23820?s=96&d=mm&r=g","caption":"yvigner"},"url":"https:\/\/regions-snetap-fsu.fr\/pdl\/author\/yvigner\/"}]}},"_links":{"self":[{"href":"https:\/\/regions-snetap-fsu.fr\/pdl\/wp-json\/wp\/v2\/posts\/250","targetHints":{"allow":["GET"]}}],"collection":[{"href":"https:\/\/regions-snetap-fsu.fr\/pdl\/wp-json\/wp\/v2\/posts"}],"about":[{"href":"https:\/\/regions-snetap-fsu.fr\/pdl\/wp-json\/wp\/v2\/types\/post"}],"author":[{"embeddable":true,"href":"https:\/\/regions-snetap-fsu.fr\/pdl\/wp-json\/wp\/v2\/users\/2"}],"replies":[{"embeddable":true,"href":"https:\/\/regions-snetap-fsu.fr\/pdl\/wp-json\/wp\/v2\/comments?post=250"}],"version-history":[{"count":1,"href":"https:\/\/regions-snetap-fsu.fr\/pdl\/wp-json\/wp\/v2\/posts\/250\/revisions"}],"predecessor-version":[{"id":2766,"href":"https:\/\/regions-snetap-fsu.fr\/pdl\/wp-json\/wp\/v2\/posts\/250\/revisions\/2766"}],"wp:attachment":[{"href":"https:\/\/regions-snetap-fsu.fr\/pdl\/wp-json\/wp\/v2\/media?parent=250"}],"wp:term":[{"taxonomy":"category","embeddable":true,"href":"https:\/\/regions-snetap-fsu.fr\/pdl\/wp-json\/wp\/v2\/categories?post=250"},{"taxonomy":"post_tag","embeddable":true,"href":"https:\/\/regions-snetap-fsu.fr\/pdl\/wp-json\/wp\/v2\/tags?post=250"},{"taxonomy":"post_folder","embeddable":true,"href":"https:\/\/regions-snetap-fsu.fr\/pdl\/wp-json\/wp\/v2\/post_folder?post=250"}],"curies":[{"name":"wp","href":"https:\/\/api.w.org\/{rel}","templated":true}]}}