{"id":2350,"date":"2018-08-26T01:07:00","date_gmt":"2018-08-25T23:07:00","guid":{"rendered":"http:\/\/snetap-fsu.fr\/comp\/pdl\/?p=2350"},"modified":"2018-09-19T21:55:56","modified_gmt":"2018-09-19T19:55:56","slug":"pays-de-la-loire-preavis-de-greve-rentree-2018","status":"publish","type":"post","link":"https:\/\/regions-snetap-fsu.fr\/pdl\/2018\/08\/26\/pays-de-la-loire-preavis-de-greve-rentree-2018\/","title":{"rendered":"Pays de la Loire &#8211; Pr\u00e9avis de gr\u00e8ve rentr\u00e9e 2018."},"content":{"rendered":"<div class=\"cartouche clearfix\" style=\"text-align: justify\"><span style=\"font-family: arial, helvetica, sans-serif;color: #000000\">Monsieur le Directeur R\u00e9gional de l\u2019Agriculture,<\/span><\/div>\n<div class=\"crayon article-chapo-5361 chapo surlignable\" style=\"text-align: justify\"><span style=\"font-family: arial, helvetica, sans-serif;color: #000000\">Par la pr\u00e9sente, le SNETAP-<a class=\"cs_glossaire\" style=\"color: #000000\" href=\"https:\/\/www.snetap-fsu.fr\/+-FSU-+.html\" name=\"mot96_0\"><span class=\"gl_mot\">FSU<\/span><\/a>\u00a0et la\u00a0<a class=\"cs_glossaire\" style=\"color: #000000\" href=\"https:\/\/www.snetap-fsu.fr\/+-CGT-+.html\" name=\"mot157_1\"><span class=\"gl_mot\">CGT<\/span><\/a>\u00a0Agri des Pays de la Loire d\u00e9posent un\u00a0<strong class=\"caractencadre-spip spip\">pr\u00e9avis de gr\u00e8ve pour les 2 premi\u00e8res semaines de la rentr\u00e9e scolaire 2018-2019<\/strong>, soit du lundi 3 septembre au vendredi 14 septembre 2018. Ce choix responsable mais d\u00e9termin\u00e9 vise \u00e0 laisser \u00e0 la n\u00e9gociation toutes ses chances d\u2019aboutir.<\/span><\/div>\n<div class=\"crayon article-texte-5361 texte surlignable clearfix\">\n<div class=\"spip spip-block-right\" style=\"text-align: justify\"><span style=\"font-family: arial, helvetica, sans-serif;color: #000000\">A Monsieur Y.LOBJOIT<\/span><br class=\"autobr\" \/><span style=\"font-family: arial, helvetica, sans-serif;color: #000000\"><a class=\"cs_glossaire\" style=\"color: #000000\" href=\"https:\/\/www.snetap-fsu.fr\/+-DRAAF-+.html\" name=\"mot66_0\"><span class=\"gl_mot\">DRAAF<\/span><\/a>\u00a0des Pays de la Loire.<\/span><\/div>\n<p style=\"text-align: justify\"><span style=\"font-family: arial, helvetica, sans-serif;color: #000000\">Objet\u00a0: Pr\u00e9avis de gr\u00e8ve rentr\u00e9e 2018.<\/span><\/p>\n<div class=\"spip spip-block-right\" style=\"text-align: justify\"><span style=\"font-family: arial, helvetica, sans-serif;color: #000000\">Laval, 10 juillet 2018.<\/span><\/div>\n<p style=\"text-align: justify\"><span style=\"font-family: arial, helvetica, sans-serif;color: #000000\"><strong>En d\u00e9pit d\u2019une forte mobilisation des personnels en cette fin d\u2019ann\u00e9e scolaire (boycott de nombreux conseils d\u2019administration, mouvement massif de refus de r\u00e9pondre aux convocations d\u2019examen et blocages d\u2019une douzaine de centres de corrections sur l\u2019ensemble du territoire national), force est de constater l\u2019absence de r\u00e9ponses de nature \u00e0 conforter nos \u00e9tablissements de la part de Monsieur le Ministre de l\u2019Agriculture.<\/strong><\/span><\/p>\n<p style=\"text-align: justify\"><span style=\"font-family: arial, helvetica, sans-serif;color: #000000\">Par suite, les personnels de notre r\u00e9gion demeurent particuli\u00e8rement inquiets quant au devenir\u00a0:<\/span><\/p>\n<ul class=\"spip\" style=\"text-align: justify\">\n<li><span style=\"font-family: arial, helvetica, sans-serif;color: #000000\">\u00a0du budget consacr\u00e9 \u00e0 l\u2019Enseignement Agricole Public \u00e0 l\u2019aune de conditions de rentr\u00e9e 2018 tendues et des perspectives 2019 plus qu\u2019incertaines\u00a0;<\/span><\/li>\n<li><span style=\"font-family: arial, helvetica, sans-serif;color: #000000\">\u00a0des fili\u00e8res g\u00e9n\u00e9rales et technologiques de nos lyc\u00e9es, dont le recrutement en l\u2019\u00e9tat de la r\u00e9forme du bac risque d\u2019\u00eatre significativement affaibli\u00a0;<\/span><\/li>\n<li><span style=\"font-family: arial, helvetica, sans-serif;color: #000000\">\u00a0du financement et donc de l\u2019offre de nos\u00a0<a class=\"cs_glossaire\" style=\"color: #000000\" href=\"https:\/\/www.snetap-fsu.fr\/+-CFA-+.html\" name=\"mot38_1\"><span class=\"gl_mot\">CFA<\/span><\/a>\u00a0publics, notamment de nos classes et sections \u00e0 12 apprentis et moins\u00a0;<\/span><\/li>\n<li><span style=\"font-family: arial, helvetica, sans-serif;color: #000000\">\u00a0de nos lyc\u00e9es professionnels et antennes rurales, \u00e0 l\u2019image du LPAH de Moissac en Occitanie dont l\u2019existence m\u00eame demeure pos\u00e9e&#8230;<\/span><\/li>\n<\/ul>\n<p style=\"text-align: justify\"><span style=\"font-family: arial, helvetica, sans-serif;color: #000000\"><strong>Cette situation particuli\u00e8rement anxiog\u00e8ne pour nos \u00e9tablissements, leurs personnels comme leurs usagers ne saurait perdurer davantage.<\/strong>\u00a0Nous exigeons des garanties et des perspectives d\u2019avenir \u00e0 la mesure des enjeux de soci\u00e9t\u00e9 auxquels l\u2019Enseignement Agricole Public doit demeurer en mesure de r\u00e9pondre. Les personnels de la r\u00e9gion des Pays de la Loire, en leur qualit\u00e9 d\u2019agents publics, sont d\u00e9termin\u00e9s \u00e0 ne pas renoncer \u00e0 leurs missions\u00a0!\u00a0<strong>Aussi,<br class=\"autobr\" \/>sans r\u00e9ponse satisfaisante de la part de Monsieur le Ministre, ce sera la gr\u00e8ve.\u00a0<br class=\"autobr\" \/>Les personnels des \u00e9tablissement de la r\u00e9gion des Pays de la Loire arr\u00eateront alors les modalit\u00e9s de cette gr\u00e8ve. C\u2019est l\u2019objet de ce pr\u00e9avis qui couvre la premi\u00e8re quinzaine du mois de septembre.<\/strong><\/span><\/p>\n<div class=\"spip spip-block-right\" style=\"text-align: right\"><span style=\"font-family: arial, helvetica, sans-serif;color: #000000\">Pour le SNETAP-<a class=\"cs_glossaire\" style=\"color: #000000\" href=\"https:\/\/www.snetap-fsu.fr\/+-FSU-+.html\" name=\"mot96_2\"><span class=\"gl_mot\">FSU<\/span><\/a>\u00a0et la\u00a0<a class=\"cs_glossaire\" style=\"color: #000000\" href=\"https:\/\/www.snetap-fsu.fr\/+-CGT-+.html\" name=\"mot157_3\"><span class=\"gl_mot\">CGT<\/span><\/a>\u00a0Agri des Pays de la Loire.<\/span><br class=\"autobr\" \/><span style=\"font-family: arial, helvetica, sans-serif;color: #000000\">T. JACOB et Y. VIGNER<\/span><\/div>\n<\/div>\n","protected":false},"excerpt":{"rendered":"<p>Monsieur le Directeur R\u00e9gional de l\u2019Agriculture, Par la pr\u00e9sente, le SNETAP-FSU\u00a0et la\u00a0CGT\u00a0Agri des Pays de la Loire d\u00e9posent un\u00a0pr\u00e9avis de gr\u00e8ve pour les 2 premi\u00e8res semaines de la rentr\u00e9e scolaire 2018-2019, soit du lundi 3 septembre au vendredi 14 septembre 2018. Ce choix responsable mais d\u00e9termin\u00e9 vise \u00e0 laisser \u00e0 la n\u00e9gociation toutes ses chances [&hellip;]<\/p>\n","protected":false},"author":2,"featured_media":0,"comment_status":"closed","ping_status":"closed","sticky":false,"template":"","format":"standard","meta":{"ocean_post_layout":"","ocean_both_sidebars_style":"","ocean_both_sidebars_content_width":0,"ocean_both_sidebars_sidebars_width":0,"ocean_sidebar":"","ocean_second_sidebar":"","ocean_disable_margins":"enable","ocean_add_body_class":"","ocean_shortcode_before_top_bar":"","ocean_shortcode_after_top_bar":"","ocean_shortcode_before_header":"","ocean_shortcode_after_header":"","ocean_has_shortcode":"","ocean_shortcode_after_title":"","ocean_shortcode_before_footer_widgets":"","ocean_shortcode_after_footer_widgets":"","ocean_shortcode_before_footer_bottom":"","ocean_shortcode_after_footer_bottom":"","ocean_display_top_bar":"default","ocean_display_header":"default","ocean_header_style":"","ocean_center_header_left_menu":"","ocean_custom_header_template":"","ocean_custom_logo":0,"ocean_custom_retina_logo":0,"ocean_custom_logo_max_width":0,"ocean_custom_logo_tablet_max_width":0,"ocean_custom_logo_mobile_max_width":0,"ocean_custom_logo_max_height":0,"ocean_custom_logo_tablet_max_height":0,"ocean_custom_logo_mobile_max_height":0,"ocean_header_custom_menu":"","ocean_menu_typo_font_family":"","ocean_menu_typo_font_subset":"","ocean_menu_typo_font_size":0,"ocean_menu_typo_font_size_tablet":0,"ocean_menu_typo_font_size_mobile":0,"ocean_menu_typo_font_size_unit":"px","ocean_menu_typo_font_weight":"","ocean_menu_typo_font_weight_tablet":"","ocean_menu_typo_font_weight_mobile":"","ocean_menu_typo_transform":"","ocean_menu_typo_transform_tablet":"","ocean_menu_typo_transform_mobile":"","ocean_menu_typo_line_height":0,"ocean_menu_typo_line_height_tablet":0,"ocean_menu_typo_line_height_mobile":0,"ocean_menu_typo_line_height_unit":"","ocean_menu_typo_spacing":0,"ocean_menu_typo_spacing_tablet":0,"ocean_menu_typo_spacing_mobile":0,"ocean_menu_typo_spacing_unit":"","ocean_menu_link_color":"","ocean_menu_link_color_hover":"","ocean_menu_link_color_active":"","ocean_menu_link_background":"","ocean_menu_link_hover_background":"","ocean_menu_link_active_background":"","ocean_menu_social_links_bg":"","ocean_menu_social_hover_links_bg":"","ocean_menu_social_links_color":"","ocean_menu_social_hover_links_color":"","ocean_disable_title":"default","ocean_disable_heading":"default","ocean_post_title":"","ocean_post_subheading":"","ocean_post_title_style":"","ocean_post_title_background_color":"","ocean_post_title_background":0,"ocean_post_title_bg_image_position":"","ocean_post_title_bg_image_attachment":"","ocean_post_title_bg_image_repeat":"","ocean_post_title_bg_image_size":"","ocean_post_title_height":0,"ocean_post_title_bg_overlay":0.5,"ocean_post_title_bg_overlay_color":"","ocean_disable_breadcrumbs":"default","ocean_breadcrumbs_color":"","ocean_breadcrumbs_separator_color":"","ocean_breadcrumbs_links_color":"","ocean_breadcrumbs_links_hover_color":"","ocean_display_footer_widgets":"default","ocean_display_footer_bottom":"default","ocean_custom_footer_template":"","ocean_post_oembed":"","ocean_post_self_hosted_media":"","ocean_post_video_embed":"","ocean_link_format":"","ocean_link_format_target":"self","ocean_quote_format":"","ocean_quote_format_link":"post","ocean_gallery_link_images":"on","ocean_gallery_id":[],"footnotes":""},"categories":[21,22,19,9,17,25,27,18,20,26,23,24],"tags":[],"post_folder":[],"class_list":["post-2350","post","type-post","status-publish","format-standard","hentry","category-angers","category-brette-les-pins","category-chateau-gontier","category-actions-et-communiques","category-fontenay-le-comte","category-guerande","category-la-roche-sur-yon","category-laval","category-le-mans","category-lucon-petre","category-montreuil-bellay","category-nantes-terre-atlantique","entry"],"yoast_head":"<!-- This site is optimized with the Yoast SEO plugin v27.4 - https:\/\/yoast.com\/product\/yoast-seo-wordpress\/ -->\n<title>Pays de la Loire - Pr\u00e9avis de gr\u00e8ve rentr\u00e9e 2018. - PAYS DE LA LOIRE<\/title>\n<meta name=\"robots\" content=\"index, follow, max-snippet:-1, max-image-preview:large, max-video-preview:-1\" \/>\n<link rel=\"canonical\" href=\"https:\/\/regions-snetap-fsu.fr\/pdl\/2018\/08\/26\/pays-de-la-loire-preavis-de-greve-rentree-2018\/\" \/>\n<meta property=\"og:locale\" content=\"fr_FR\" \/>\n<meta property=\"og:type\" content=\"article\" \/>\n<meta property=\"og:title\" content=\"Pays de la Loire - Pr\u00e9avis de gr\u00e8ve rentr\u00e9e 2018. - PAYS DE LA LOIRE\" \/>\n<meta property=\"og:description\" content=\"Monsieur le Directeur R\u00e9gional de l\u2019Agriculture, Par la pr\u00e9sente, le SNETAP-FSU\u00a0et la\u00a0CGT\u00a0Agri des Pays de la Loire d\u00e9posent un\u00a0pr\u00e9avis de gr\u00e8ve pour les 2 premi\u00e8res semaines de la rentr\u00e9e scolaire 2018-2019, soit du lundi 3 septembre au vendredi 14 septembre 2018. Ce choix responsable mais d\u00e9termin\u00e9 vise \u00e0 laisser \u00e0 la n\u00e9gociation toutes ses chances [&hellip;]\" \/>\n<meta property=\"og:url\" content=\"https:\/\/regions-snetap-fsu.fr\/pdl\/2018\/08\/26\/pays-de-la-loire-preavis-de-greve-rentree-2018\/\" \/>\n<meta property=\"og:site_name\" content=\"PAYS DE LA LOIRE\" \/>\n<meta property=\"article:published_time\" content=\"2018-08-25T23:07:00+00:00\" \/>\n<meta property=\"article:modified_time\" content=\"2018-09-19T19:55:56+00:00\" \/>\n<meta name=\"author\" content=\"yvigner\" \/>\n<meta name=\"twitter:card\" content=\"summary_large_image\" \/>\n<meta name=\"twitter:label1\" content=\"\u00c9crit par\" \/>\n\t<meta name=\"twitter:data1\" content=\"yvigner\" \/>\n\t<meta name=\"twitter:label2\" content=\"Dur\u00e9e de lecture estim\u00e9e\" \/>\n\t<meta name=\"twitter:data2\" content=\"2 minutes\" \/>\n<script type=\"application\/ld+json\" class=\"yoast-schema-graph\">{\"@context\":\"https:\\\/\\\/schema.org\",\"@graph\":[{\"@type\":\"Article\",\"@id\":\"https:\\\/\\\/regions-snetap-fsu.fr\\\/pdl\\\/2018\\\/08\\\/26\\\/pays-de-la-loire-preavis-de-greve-rentree-2018\\\/#article\",\"isPartOf\":{\"@id\":\"https:\\\/\\\/regions-snetap-fsu.fr\\\/pdl\\\/2018\\\/08\\\/26\\\/pays-de-la-loire-preavis-de-greve-rentree-2018\\\/\"},\"author\":{\"name\":\"yvigner\",\"@id\":\"https:\\\/\\\/regions-snetap-fsu.fr\\\/pdl\\\/#\\\/schema\\\/person\\\/d4530af043f9e8d27bdd71c468ec93b1\"},\"headline\":\"Pays de la Loire &#8211; Pr\u00e9avis de gr\u00e8ve rentr\u00e9e 2018.\",\"datePublished\":\"2018-08-25T23:07:00+00:00\",\"dateModified\":\"2018-09-19T19:55:56+00:00\",\"mainEntityOfPage\":{\"@id\":\"https:\\\/\\\/regions-snetap-fsu.fr\\\/pdl\\\/2018\\\/08\\\/26\\\/pays-de-la-loire-preavis-de-greve-rentree-2018\\\/\"},\"wordCount\":427,\"publisher\":{\"@id\":\"https:\\\/\\\/regions-snetap-fsu.fr\\\/pdl\\\/#organization\"},\"articleSection\":[\"Angers\",\"Brette les Pins\",\"Chateau Gontier\",\"Communiqu\u00e9s\",\"Fontenay le Comte\",\"Gu\u00e9rande\",\"La Roche sur Yon\",\"Laval\",\"Le Mans\",\"Lu\u00e7on P\u00e9tr\u00e9\",\"Montreuil Bellay\",\"Nantes Terre Atlantique\"],\"inLanguage\":\"fr-FR\"},{\"@type\":\"WebPage\",\"@id\":\"https:\\\/\\\/regions-snetap-fsu.fr\\\/pdl\\\/2018\\\/08\\\/26\\\/pays-de-la-loire-preavis-de-greve-rentree-2018\\\/\",\"url\":\"https:\\\/\\\/regions-snetap-fsu.fr\\\/pdl\\\/2018\\\/08\\\/26\\\/pays-de-la-loire-preavis-de-greve-rentree-2018\\\/\",\"name\":\"Pays de la Loire - Pr\u00e9avis de gr\u00e8ve rentr\u00e9e 2018. - PAYS DE LA LOIRE\",\"isPartOf\":{\"@id\":\"https:\\\/\\\/regions-snetap-fsu.fr\\\/pdl\\\/#website\"},\"datePublished\":\"2018-08-25T23:07:00+00:00\",\"dateModified\":\"2018-09-19T19:55:56+00:00\",\"breadcrumb\":{\"@id\":\"https:\\\/\\\/regions-snetap-fsu.fr\\\/pdl\\\/2018\\\/08\\\/26\\\/pays-de-la-loire-preavis-de-greve-rentree-2018\\\/#breadcrumb\"},\"inLanguage\":\"fr-FR\",\"potentialAction\":[{\"@type\":\"ReadAction\",\"target\":[\"https:\\\/\\\/regions-snetap-fsu.fr\\\/pdl\\\/2018\\\/08\\\/26\\\/pays-de-la-loire-preavis-de-greve-rentree-2018\\\/\"]}]},{\"@type\":\"BreadcrumbList\",\"@id\":\"https:\\\/\\\/regions-snetap-fsu.fr\\\/pdl\\\/2018\\\/08\\\/26\\\/pays-de-la-loire-preavis-de-greve-rentree-2018\\\/#breadcrumb\",\"itemListElement\":[{\"@type\":\"ListItem\",\"position\":1,\"name\":\"Accueil\",\"item\":\"https:\\\/\\\/regions-snetap-fsu.fr\\\/pdl\\\/\"},{\"@type\":\"ListItem\",\"position\":2,\"name\":\"Pays de la Loire &#8211; Pr\u00e9avis de gr\u00e8ve rentr\u00e9e 2018.\"}]},{\"@type\":\"WebSite\",\"@id\":\"https:\\\/\\\/regions-snetap-fsu.fr\\\/pdl\\\/#website\",\"url\":\"https:\\\/\\\/regions-snetap-fsu.fr\\\/pdl\\\/\",\"name\":\"SNETAP-FSU PAYS DE LA LOIRE\",\"description\":\"SECTION REGIONALE\",\"publisher\":{\"@id\":\"https:\\\/\\\/regions-snetap-fsu.fr\\\/pdl\\\/#organization\"},\"potentialAction\":[{\"@type\":\"SearchAction\",\"target\":{\"@type\":\"EntryPoint\",\"urlTemplate\":\"https:\\\/\\\/regions-snetap-fsu.fr\\\/pdl\\\/?s={search_term_string}\"},\"query-input\":{\"@type\":\"PropertyValueSpecification\",\"valueRequired\":true,\"valueName\":\"search_term_string\"}}],\"inLanguage\":\"fr-FR\"},{\"@type\":\"Organization\",\"@id\":\"https:\\\/\\\/regions-snetap-fsu.fr\\\/pdl\\\/#organization\",\"name\":\"SNETAP-FSU Pays de Loire\",\"url\":\"https:\\\/\\\/regions-snetap-fsu.fr\\\/pdl\\\/\",\"logo\":{\"@type\":\"ImageObject\",\"inLanguage\":\"fr-FR\",\"@id\":\"https:\\\/\\\/regions-snetap-fsu.fr\\\/pdl\\\/#\\\/schema\\\/logo\\\/image\\\/\",\"url\":\"https:\\\/\\\/regions-snetap-fsu.fr\\\/pdl\\\/wp-content\\\/uploads\\\/sites\\\/4\\\/2020\\\/12\\\/SNETAP-Logo.jpg\",\"contentUrl\":\"https:\\\/\\\/regions-snetap-fsu.fr\\\/pdl\\\/wp-content\\\/uploads\\\/sites\\\/4\\\/2020\\\/12\\\/SNETAP-Logo.jpg\",\"width\":464,\"height\":334,\"caption\":\"SNETAP-FSU Pays de Loire\"},\"image\":{\"@id\":\"https:\\\/\\\/regions-snetap-fsu.fr\\\/pdl\\\/#\\\/schema\\\/logo\\\/image\\\/\"}},{\"@type\":\"Person\",\"@id\":\"https:\\\/\\\/regions-snetap-fsu.fr\\\/pdl\\\/#\\\/schema\\\/person\\\/d4530af043f9e8d27bdd71c468ec93b1\",\"name\":\"yvigner\",\"image\":{\"@type\":\"ImageObject\",\"inLanguage\":\"fr-FR\",\"@id\":\"https:\\\/\\\/secure.gravatar.com\\\/avatar\\\/bc72baa6f2406549aecf77a837bc4f03dbe88472c1762138f868571430a23820?s=96&d=mm&r=g\",\"url\":\"https:\\\/\\\/secure.gravatar.com\\\/avatar\\\/bc72baa6f2406549aecf77a837bc4f03dbe88472c1762138f868571430a23820?s=96&d=mm&r=g\",\"contentUrl\":\"https:\\\/\\\/secure.gravatar.com\\\/avatar\\\/bc72baa6f2406549aecf77a837bc4f03dbe88472c1762138f868571430a23820?s=96&d=mm&r=g\",\"caption\":\"yvigner\"},\"url\":\"https:\\\/\\\/regions-snetap-fsu.fr\\\/pdl\\\/author\\\/yvigner\\\/\"}]}<\/script>\n<!-- \/ Yoast SEO plugin. -->","yoast_head_json":{"title":"Pays de la Loire - Pr\u00e9avis de gr\u00e8ve rentr\u00e9e 2018. - PAYS DE LA LOIRE","robots":{"index":"index","follow":"follow","max-snippet":"max-snippet:-1","max-image-preview":"max-image-preview:large","max-video-preview":"max-video-preview:-1"},"canonical":"https:\/\/regions-snetap-fsu.fr\/pdl\/2018\/08\/26\/pays-de-la-loire-preavis-de-greve-rentree-2018\/","og_locale":"fr_FR","og_type":"article","og_title":"Pays de la Loire - Pr\u00e9avis de gr\u00e8ve rentr\u00e9e 2018. - PAYS DE LA LOIRE","og_description":"Monsieur le Directeur R\u00e9gional de l\u2019Agriculture, Par la pr\u00e9sente, le SNETAP-FSU\u00a0et la\u00a0CGT\u00a0Agri des Pays de la Loire d\u00e9posent un\u00a0pr\u00e9avis de gr\u00e8ve pour les 2 premi\u00e8res semaines de la rentr\u00e9e scolaire 2018-2019, soit du lundi 3 septembre au vendredi 14 septembre 2018. Ce choix responsable mais d\u00e9termin\u00e9 vise \u00e0 laisser \u00e0 la n\u00e9gociation toutes ses chances [&hellip;]","og_url":"https:\/\/regions-snetap-fsu.fr\/pdl\/2018\/08\/26\/pays-de-la-loire-preavis-de-greve-rentree-2018\/","og_site_name":"PAYS DE LA LOIRE","article_published_time":"2018-08-25T23:07:00+00:00","article_modified_time":"2018-09-19T19:55:56+00:00","author":"yvigner","twitter_card":"summary_large_image","twitter_misc":{"\u00c9crit par":"yvigner","Dur\u00e9e de lecture estim\u00e9e":"2 minutes"},"schema":{"@context":"https:\/\/schema.org","@graph":[{"@type":"Article","@id":"https:\/\/regions-snetap-fsu.fr\/pdl\/2018\/08\/26\/pays-de-la-loire-preavis-de-greve-rentree-2018\/#article","isPartOf":{"@id":"https:\/\/regions-snetap-fsu.fr\/pdl\/2018\/08\/26\/pays-de-la-loire-preavis-de-greve-rentree-2018\/"},"author":{"name":"yvigner","@id":"https:\/\/regions-snetap-fsu.fr\/pdl\/#\/schema\/person\/d4530af043f9e8d27bdd71c468ec93b1"},"headline":"Pays de la Loire &#8211; Pr\u00e9avis de gr\u00e8ve rentr\u00e9e 2018.","datePublished":"2018-08-25T23:07:00+00:00","dateModified":"2018-09-19T19:55:56+00:00","mainEntityOfPage":{"@id":"https:\/\/regions-snetap-fsu.fr\/pdl\/2018\/08\/26\/pays-de-la-loire-preavis-de-greve-rentree-2018\/"},"wordCount":427,"publisher":{"@id":"https:\/\/regions-snetap-fsu.fr\/pdl\/#organization"},"articleSection":["Angers","Brette les Pins","Chateau Gontier","Communiqu\u00e9s","Fontenay le Comte","Gu\u00e9rande","La Roche sur Yon","Laval","Le Mans","Lu\u00e7on P\u00e9tr\u00e9","Montreuil Bellay","Nantes Terre Atlantique"],"inLanguage":"fr-FR"},{"@type":"WebPage","@id":"https:\/\/regions-snetap-fsu.fr\/pdl\/2018\/08\/26\/pays-de-la-loire-preavis-de-greve-rentree-2018\/","url":"https:\/\/regions-snetap-fsu.fr\/pdl\/2018\/08\/26\/pays-de-la-loire-preavis-de-greve-rentree-2018\/","name":"Pays de la Loire - Pr\u00e9avis de gr\u00e8ve rentr\u00e9e 2018. - PAYS DE LA LOIRE","isPartOf":{"@id":"https:\/\/regions-snetap-fsu.fr\/pdl\/#website"},"datePublished":"2018-08-25T23:07:00+00:00","dateModified":"2018-09-19T19:55:56+00:00","breadcrumb":{"@id":"https:\/\/regions-snetap-fsu.fr\/pdl\/2018\/08\/26\/pays-de-la-loire-preavis-de-greve-rentree-2018\/#breadcrumb"},"inLanguage":"fr-FR","potentialAction":[{"@type":"ReadAction","target":["https:\/\/regions-snetap-fsu.fr\/pdl\/2018\/08\/26\/pays-de-la-loire-preavis-de-greve-rentree-2018\/"]}]},{"@type":"BreadcrumbList","@id":"https:\/\/regions-snetap-fsu.fr\/pdl\/2018\/08\/26\/pays-de-la-loire-preavis-de-greve-rentree-2018\/#breadcrumb","itemListElement":[{"@type":"ListItem","position":1,"name":"Accueil","item":"https:\/\/regions-snetap-fsu.fr\/pdl\/"},{"@type":"ListItem","position":2,"name":"Pays de la Loire &#8211; Pr\u00e9avis de gr\u00e8ve rentr\u00e9e 2018."}]},{"@type":"WebSite","@id":"https:\/\/regions-snetap-fsu.fr\/pdl\/#website","url":"https:\/\/regions-snetap-fsu.fr\/pdl\/","name":"SNETAP-FSU PAYS DE LA LOIRE","description":"SECTION REGIONALE","publisher":{"@id":"https:\/\/regions-snetap-fsu.fr\/pdl\/#organization"},"potentialAction":[{"@type":"SearchAction","target":{"@type":"EntryPoint","urlTemplate":"https:\/\/regions-snetap-fsu.fr\/pdl\/?s={search_term_string}"},"query-input":{"@type":"PropertyValueSpecification","valueRequired":true,"valueName":"search_term_string"}}],"inLanguage":"fr-FR"},{"@type":"Organization","@id":"https:\/\/regions-snetap-fsu.fr\/pdl\/#organization","name":"SNETAP-FSU Pays de Loire","url":"https:\/\/regions-snetap-fsu.fr\/pdl\/","logo":{"@type":"ImageObject","inLanguage":"fr-FR","@id":"https:\/\/regions-snetap-fsu.fr\/pdl\/#\/schema\/logo\/image\/","url":"https:\/\/regions-snetap-fsu.fr\/pdl\/wp-content\/uploads\/sites\/4\/2020\/12\/SNETAP-Logo.jpg","contentUrl":"https:\/\/regions-snetap-fsu.fr\/pdl\/wp-content\/uploads\/sites\/4\/2020\/12\/SNETAP-Logo.jpg","width":464,"height":334,"caption":"SNETAP-FSU Pays de Loire"},"image":{"@id":"https:\/\/regions-snetap-fsu.fr\/pdl\/#\/schema\/logo\/image\/"}},{"@type":"Person","@id":"https:\/\/regions-snetap-fsu.fr\/pdl\/#\/schema\/person\/d4530af043f9e8d27bdd71c468ec93b1","name":"yvigner","image":{"@type":"ImageObject","inLanguage":"fr-FR","@id":"https:\/\/secure.gravatar.com\/avatar\/bc72baa6f2406549aecf77a837bc4f03dbe88472c1762138f868571430a23820?s=96&d=mm&r=g","url":"https:\/\/secure.gravatar.com\/avatar\/bc72baa6f2406549aecf77a837bc4f03dbe88472c1762138f868571430a23820?s=96&d=mm&r=g","contentUrl":"https:\/\/secure.gravatar.com\/avatar\/bc72baa6f2406549aecf77a837bc4f03dbe88472c1762138f868571430a23820?s=96&d=mm&r=g","caption":"yvigner"},"url":"https:\/\/regions-snetap-fsu.fr\/pdl\/author\/yvigner\/"}]}},"_links":{"self":[{"href":"https:\/\/regions-snetap-fsu.fr\/pdl\/wp-json\/wp\/v2\/posts\/2350","targetHints":{"allow":["GET"]}}],"collection":[{"href":"https:\/\/regions-snetap-fsu.fr\/pdl\/wp-json\/wp\/v2\/posts"}],"about":[{"href":"https:\/\/regions-snetap-fsu.fr\/pdl\/wp-json\/wp\/v2\/types\/post"}],"author":[{"embeddable":true,"href":"https:\/\/regions-snetap-fsu.fr\/pdl\/wp-json\/wp\/v2\/users\/2"}],"replies":[{"embeddable":true,"href":"https:\/\/regions-snetap-fsu.fr\/pdl\/wp-json\/wp\/v2\/comments?post=2350"}],"version-history":[{"count":2,"href":"https:\/\/regions-snetap-fsu.fr\/pdl\/wp-json\/wp\/v2\/posts\/2350\/revisions"}],"predecessor-version":[{"id":2719,"href":"https:\/\/regions-snetap-fsu.fr\/pdl\/wp-json\/wp\/v2\/posts\/2350\/revisions\/2719"}],"wp:attachment":[{"href":"https:\/\/regions-snetap-fsu.fr\/pdl\/wp-json\/wp\/v2\/media?parent=2350"}],"wp:term":[{"taxonomy":"category","embeddable":true,"href":"https:\/\/regions-snetap-fsu.fr\/pdl\/wp-json\/wp\/v2\/categories?post=2350"},{"taxonomy":"post_tag","embeddable":true,"href":"https:\/\/regions-snetap-fsu.fr\/pdl\/wp-json\/wp\/v2\/tags?post=2350"},{"taxonomy":"post_folder","embeddable":true,"href":"https:\/\/regions-snetap-fsu.fr\/pdl\/wp-json\/wp\/v2\/post_folder?post=2350"}],"curies":[{"name":"wp","href":"https:\/\/api.w.org\/{rel}","templated":true}]}}